{"id":2006,"date":"2018-10-19T15:12:21","date_gmt":"2018-10-19T12:12:21","guid":{"rendered":"https:\/\/www.julesverne.com.tr\/\/blog\/bir-kis-masali-kars-seyahat-rehberi\/"},"modified":"2020-09-21T17:36:08","modified_gmt":"2020-09-21T14:36:08","slug":"bir-kis-masali-kars-seyahat-rehberi","status":"publish","type":"post","link":"https:\/\/julesverne.com.tr\/en\/travel-blog\/bir-kis-masali-kars-seyahat-rehberi\/","title":{"rendered":"Bir K\u0131\u015f Masal\u0131: Kars Seyahat Rehberi"},"content":{"rendered":"<p><p style=\"text-align: center;\"><img loading=\"lazy\" decoding=\"async\" class=\"alignnone size-full wp-image-4277\" src=\"https:\/\/www.julesverne.com.tr\/\/wp-content\/uploads\/2020\/09\/ani-1.jpg\" width=\"1000\" height=\"667\" alt=\"\" srcset=\"https:\/\/julesverne.com.tr\/wp-content\/uploads\/2020\/09\/ani-1.jpg 1000w, https:\/\/julesverne.com.tr\/wp-content\/uploads\/2020\/09\/ani-1-500x334.jpg 500w, https:\/\/julesverne.com.tr\/wp-content\/uploads\/2020\/09\/ani-1-768x512.jpg 768w\" sizes=\"(max-width: 1000px) 100vw, 1000px\" \/><\/p>\n<p>Binlerce y\u0131la uzanan sava\u015flar\u0131n, zul&uuml;mlerin, k&uuml;lt&uuml;rel dokunu\u015flar\u0131n, geleneklerin ya\u015fand\u0131\u011f\u0131 bu topraklarda gezerken &#8220;hangi roman kahraman\u0131y\u0131m?&#8221; diye d&uuml;\u015f&uuml;n&uuml;yor insan.&nbsp; Karlarla kapl\u0131 bembeyaz d&uuml;zl&uuml;kleri, beyaza b&uuml;r&uuml;nm&uuml;\u015f &ccedil;at\u0131lar\u0131 seyrederken Kars&rsquo;\u0131n hik&acirc;yesini Kars&rsquo;tan dinlemek istiyorsunuz. Kars ile ilgili bug&uuml;n bile bahsedilen ne varsa tam 5.000 y\u0131l &ouml;nce ba\u015fl\u0131yor. Do\u011fu ve Bat\u0131 aras\u0131ndaki ge&ccedil;i\u015fi temsil eden ve &ldquo;kap\u0131&rdquo; anlam\u0131na gelen Kars ismi Urartular, Sel&ccedil;uklular, Ermeniler ve Osmanl\u0131lar D&ouml;nemi&rsquo;nde hi&ccedil; de\u011fi\u015fmemi\u015f.<\/p>\n<p style=\"text-align: center;\"><img loading=\"lazy\" decoding=\"async\" class=\"alignnone size-full wp-image-4278\" src=\"https:\/\/www.julesverne.com.tr\/\/wp-content\/uploads\/2020\/09\/kars_nehir.jpg\" width=\"1200\" height=\"800\" alt=\"\" srcset=\"https:\/\/julesverne.com.tr\/wp-content\/uploads\/2020\/09\/kars_nehir.jpg 1200w, https:\/\/julesverne.com.tr\/wp-content\/uploads\/2020\/09\/kars_nehir-500x333.jpg 500w, https:\/\/julesverne.com.tr\/wp-content\/uploads\/2020\/09\/kars_nehir-768x512.jpg 768w\" sizes=\"(max-width: 1200px) 100vw, 1200px\" \/><\/p>\n<p>Osmanl\u0131, Ermeni ve Rus mimarilerini bir arada bulabilece\u011finiz ender \u015fehirlerden biri olan Kars&#8217;\u0131 bu kadar &ouml;zel k\u0131lan da zaten farkl\u0131 k&uuml;lt&uuml;rlere ev sahipli\u011fi yap\u0131p, bu &ccedil;ok renklili\u011fi koruyabilmi\u015f olmas\u0131. Zenginlik kelimesi bu \u015fehirde kar\u015f\u0131n\u0131za mimari olarak, ho\u015fg&ouml;r&uuml; olarak, k&uuml;lt&uuml;rel olarak, lezzet olarak kar\u015f\u0131n\u0131za &ccedil;\u0131k\u0131yor. Kars&#8217;\u0131n as\u0131l zenginli\u011fi ge&ccedil;mi\u015finde sakl\u0131.&nbsp;<\/p>\n<p><strong>Mutlaka G&ouml;r&uuml;n!<\/strong><\/p>\n<p style=\"text-align: center;\"><strong><img loading=\"lazy\" decoding=\"async\" class=\"alignnone size-full wp-image-4279\" src=\"https:\/\/www.julesverne.com.tr\/\/wp-content\/uploads\/2020\/09\/kars.jpg\" width=\"1000\" height=\"867\" alt=\"\" srcset=\"https:\/\/julesverne.com.tr\/wp-content\/uploads\/2020\/09\/kars.jpg 1000w, https:\/\/julesverne.com.tr\/wp-content\/uploads\/2020\/09\/kars-500x434.jpg 500w, https:\/\/julesverne.com.tr\/wp-content\/uploads\/2020\/09\/kars-768x666.jpg 768w\" sizes=\"(max-width: 1000px) 100vw, 1000px\" \/><\/strong><\/p>\n<ul>\n<li>\u015eehre karakterini veren Kars Kalesi ve &ccedil;evresindeki yap\u0131lar\u0131 g&ouml;rmelisiniz. 12. y&uuml;zy\u0131lda&nbsp; in\u015fa edilen Kars Kalesi, 18. y&uuml;zy\u0131lda Kars &Ccedil;ay\u0131&rsquo;n\u0131n &uuml;zerine yap\u0131lm\u0131\u015f &uuml;&ccedil; kemerli bir k&ouml;pr&uuml; olan Ta\u015f k&ouml;pr&uuml;, Aleksander Nevsky Katedrali (Fethiye Cami),&nbsp; Do\u011funun Ayasofya&rsquo;s\u0131 olarak adland\u0131r\u0131lan Oniki Havariler Kilisesi (K&uuml;mbet Camii), Ebu-l Hasan Harak&acirc;ni T&uuml;rbesi, g&uuml;n&uuml;m&uuml;zde G&uuml;zel Sanatlar Galerisi olarak kullan\u0131lan Gazi Ahmet Muhtar Pa\u015fa Kona\u011f\u0131, Eski Vali Kona\u011f\u0131 (Cenubi-Garbi Kafkas H&uuml;k&uuml;meti meclis binas\u0131) g&ouml;rece\u011finiz yerler aras\u0131nda.<\/li>\n<li>Tarihi Ta\u015f K&ouml;pr&uuml;&#8217;n&uuml;n g&uuml;zelli\u011fi kadar civar\u0131nda s\u0131ralanan hamamlar da bir o kadar etkileyici. Muradiye Hamam\u0131, Top&ccedil;uo\u011flu Hamam\u0131, Mazlumo\u011fl\u0131u Hamam\u0131 bu g&uuml;zel hamamlardan.<\/li>\n<li>Kars ve t&uuml;m &ccedil;evresi hakk\u0131nda fikir sahibi olmak i&ccedil;in Kars Arkeoloji M&uuml;zesi&#8217;ni ziyaret edin.<\/li>\n<\/ul>\n<p style=\"text-align: center;\"><img loading=\"lazy\" decoding=\"async\" class=\"alignnone size-full wp-image-4280\" src=\"https:\/\/www.julesverne.com.tr\/\/wp-content\/uploads\/2020\/09\/ani_kars.jpg\" width=\"1000\" height=\"647\" alt=\"\" srcset=\"https:\/\/julesverne.com.tr\/wp-content\/uploads\/2020\/09\/ani_kars.jpg 1000w, https:\/\/julesverne.com.tr\/wp-content\/uploads\/2020\/09\/ani_kars-500x324.jpg 500w, https:\/\/julesverne.com.tr\/wp-content\/uploads\/2020\/09\/ani_kars-768x497.jpg 768w\" sizes=\"(max-width: 1000px) 100vw, 1000px\" \/><\/p>\n<ul>\n<li>\u015eehir merkezine 48 km uzakl\u0131kta yer alan Ani Harabeleri&#8217;ni g&ouml;r&uuml;n. 10. Y&uuml;zy\u0131ldan itibaren Ermeni h&uuml;k&uuml;mdarlar\u0131n ba\u015fkenti Ani Harabeleri, 2016 y\u0131l\u0131nda UNESCO D&uuml;nya K&uuml;lt&uuml;r Miras\u0131 listesine eklendi. D\u0131\u015f Surlar, Aslanl\u0131 Kap\u0131, B&uuml;y&uuml;k Katedral ( Fethiye Camii ), Bakireler Manast\u0131r\u0131, Sel&ccedil;uklu Saray\u0131, Ebu-\u0131 Menucehr Camii, Havariler Kilisesi, Ke&ccedil;hel Aziz Kilisesi, Aziz Krikor \u015eapeli, Aziz Prkich Kilisesi g&ouml;rece\u011finiz mimari ve tarihi yap\u0131lardan.<\/li>\n<\/ul>\n<p style=\"text-align: center;\"><img loading=\"lazy\" decoding=\"async\" class=\"alignnone size-full wp-image-4281\" src=\"https:\/\/www.julesverne.com.tr\/\/wp-content\/uploads\/2020\/09\/cildir_golu.jpg\" width=\"1200\" height=\"783\" alt=\"\" srcset=\"https:\/\/julesverne.com.tr\/wp-content\/uploads\/2020\/09\/cildir_golu.jpg 1200w, https:\/\/julesverne.com.tr\/wp-content\/uploads\/2020\/09\/cildir_golu-500x326.jpg 500w, https:\/\/julesverne.com.tr\/wp-content\/uploads\/2020\/09\/cildir_golu-768x501.jpg 768w\" sizes=\"(max-width: 1200px) 100vw, 1200px\" \/><\/p>\n<ul>\n<li>Bir do\u011fa harikas\u0131 olan ve 2.000 metre rak\u0131ml\u0131 &Ccedil;\u0131ld\u0131r G&ouml;l&uuml;&rsquo;n&uuml; g&ouml;r&uuml;n. G&ouml;l y&uuml;zeyi yeterli buz kal\u0131nl\u0131\u011f\u0131na eri\u015fmi\u015f ise &ccedil;evresini atl\u0131 k\u0131zaklarla gezip keyifli bir deneyim ya\u015fayabilir, buzlar\u0131 k\u0131rarak bal\u0131k tutan bal\u0131k&ccedil;\u0131lar\u0131 izleyebilirsiniz.<\/li>\n<li>Rak\u0131m olarak olduk&ccedil;a y&uuml;ksekte yer alan ve ula\u015f\u0131m\u0131n zor oldu\u011fu Bo\u011fatepe K&ouml;y&uuml;&rsquo;n&uuml; ziyaret edin. Burada yer alan Peynir M&uuml;zesi hem hik&acirc;yesi hem de k&ouml;yde ya\u015fayan kad\u0131nlara sa\u011flad\u0131\u011f\u0131 istihdamla g&ouml;r&uuml;lmeye de\u011fer.<\/li>\n<\/ul>\n<p><strong>Mutlaka Tad\u0131n!<\/strong><\/p>\n<p style=\"text-align: center;\"><strong><img loading=\"lazy\" decoding=\"async\" class=\"alignnone size-full wp-image-4282\" src=\"https:\/\/www.julesverne.com.tr\/\/wp-content\/uploads\/2020\/09\/kars_lezzet.jpg\" width=\"792\" height=\"302\" alt=\"\" srcset=\"https:\/\/julesverne.com.tr\/wp-content\/uploads\/2020\/09\/kars_lezzet.jpg 792w, https:\/\/julesverne.com.tr\/wp-content\/uploads\/2020\/09\/kars_lezzet-500x191.jpg 500w, https:\/\/julesverne.com.tr\/wp-content\/uploads\/2020\/09\/kars_lezzet-768x293.jpg 768w\" sizes=\"(max-width: 792px) 100vw, 792px\" \/><\/strong><\/p>\n<ul>\n<li>Evelik a\u015f\u0131: Kars&#8217;ta yeti\u015fen evelik otundan yap\u0131lan Evelik A\u015f\u0131 ye\u015fil mercimek, so\u011fan, patates, biber, et suyu, sal&ccedil;a gibi malzemelerle birlikte haz\u0131rlan\u0131yor.<\/li>\n<li>Is\u0131rgan otlu &ccedil;orba: Kars mutfa\u011f\u0131n\u0131n vazge&ccedil;ilmez otlar\u0131ndan biri \u0131s\u0131rgan otu. Arpac\u0131k so\u011fan, sebze suyu, krema ile birlikte pi\u015firiliyor.<\/li>\n<li>Bulgur pilav\u0131 &uuml;st&uuml;nde Kaz eti: Bahar aylar\u0131nda yaylalarda otlarla beslenen kazlar, k\u0131\u015f aylar\u0131nda kesiliyor. Tand\u0131rda pi\u015firilen kaz eti, kaz\u0131n sald\u0131\u011f\u0131 su ve ya\u011fda pi\u015firilen bulgur pilav\u0131n\u0131n &uuml;zerine didiklenmi\u015f \u015fekilde servis ediliyor.&nbsp;<\/li>\n<li>Hangel: Sade mant\u0131 da diyebiliriz. Yaprak \u015feklinde haz\u0131rlanan hamur par&ccedil;alar\u0131 suda kaynat\u0131ld\u0131ktan sonra sar\u0131msakl\u0131 yo\u011furt ve ya\u011fl\u0131 sos ile sunuluyor.<\/li>\n<li>Piti: Koyun eti, nohut ve lava\u015f ile haz\u0131rlanan Piti i&ccedil;in &ouml;nce koyun eti, nohut ve sebzeler g&uuml;ve&ccedil;te pi\u015firiliyor. Lava\u015flar ise ayr\u0131 bir tabakta seriliyor ve g&uuml;ve&ccedil;teki yemek &uuml;zerine konuyor. Yeme\u011fin sar\u0131 rengini veren sar\u0131k&ouml;k ise bu b&ouml;lgeye &ouml;zg&uuml; tatlardan.<\/li>\n<\/ul>\n<p><strong>Mutlaka Al\u0131n!<\/strong><\/p>\n<p style=\"text-align: center;\"><strong><img loading=\"lazy\" decoding=\"async\" class=\"alignnone size-full wp-image-4283\" src=\"https:\/\/www.julesverne.com.tr\/\/wp-content\/uploads\/2020\/09\/kars_alin.jpg\" width=\"788\" height=\"357\" alt=\"\" srcset=\"https:\/\/julesverne.com.tr\/wp-content\/uploads\/2020\/09\/kars_alin.jpg 788w, https:\/\/julesverne.com.tr\/wp-content\/uploads\/2020\/09\/kars_alin-500x227.jpg 500w, https:\/\/julesverne.com.tr\/wp-content\/uploads\/2020\/09\/kars_alin-768x348.jpg 768w\" sizes=\"(max-width: 788px) 100vw, 788px\" \/><\/strong><\/p>\n<ul>\n<li>Bo\u011fatepe&#8217;den Kars ka\u015far\u0131 ve Kars gravyeri al\u0131n. &Ouml;zellikle farkl\u0131 a\u015famalardan ge&ccedil;ilerek \u015firden mayas\u0131 ile yap\u0131lan bu &ouml;zel gravyer d&uuml;nyada belli ba\u015fl\u0131 yerlerde &uuml;retiliyor. Bu &uuml;retim merkezlerinden biri de Kars. Kars ka\u015far\u0131 ise 2 sene dinlendirildi\u011finde eski ka\u015far olarak sat\u0131l\u0131yor.<\/li>\n<li>Ka\u015far peyniri &uuml;retiminde hayli zengin olan Kars&rsquo;ta bu peynirin farkl\u0131 &ccedil;e\u015fitleri yap\u0131lmaya ba\u015flanm\u0131\u015f. Farkl\u0131 tatlar denemek isterseniz kimyonlu ka\u015far ve kekikli ka\u015far da alabilirsiniz.<\/li>\n<li>Kafkas ar\u0131lar\u0131n\u0131n Kars ilinin kendine &ouml;zg&uuml; bitkilerinin &ccedil;i&ccedil;eklerinden &uuml;retti\u011fi karakovan (petek) bal\u0131ndan almal\u0131s\u0131n\u0131z.<\/li>\n<li>Kars&#8217;\u0131n yerli bu\u011fdaylar\u0131ndan en eski bu\u011fday t&uuml;r&uuml; olan, Kav\u0131lca bu\u011fday\u0131ndan &uuml;retilen Kav\u0131lca bulguru olduk&ccedil;a me\u015fhur. D&uuml;kk&acirc;nlarda ve marketlerde bulabilirsiniz.<\/li>\n<li>Geleneksel lezzetlere merak\u0131n\u0131z varsa Kars&rsquo;\u0131n cevizli sucu\u011fundan almay\u0131 ihmal etmeyin.<\/li>\n<\/ul>\n<h3 style=\"text-align: center;\"><a href=\"http:\/\/gezi.julesverne.com.tr\/geziler\/yurt-ici-ozel-gezilerimiz\/yeni-yila-kars-ta-merhaba\" target=\"_blank\" rel=\"noopener noreferrer\"><strong>Yeni Y\u0131l\u0131 Kars&#8217;ta&nbsp;Kar\u015f\u0131lamaya Ne Dersiniz?<\/strong><\/a><\/h3>\n<p style=\"text-align: center;\"><strong><img loading=\"lazy\" decoding=\"async\" class=\"alignnone size-full wp-image-4284\" src=\"https:\/\/www.julesverne.com.tr\/\/wp-content\/uploads\/2020\/09\/cildir_shutterstock_1121515448-1.jpg\" width=\"1000\" height=\"709\" alt=\"\" srcset=\"https:\/\/julesverne.com.tr\/wp-content\/uploads\/2020\/09\/cildir_shutterstock_1121515448-1.jpg 1000w, https:\/\/julesverne.com.tr\/wp-content\/uploads\/2020\/09\/cildir_shutterstock_1121515448-1-500x355.jpg 500w, https:\/\/julesverne.com.tr\/wp-content\/uploads\/2020\/09\/cildir_shutterstock_1121515448-1-768x545.jpg 768w\" sizes=\"(max-width: 1000px) 100vw, 1000px\" \/><\/strong><\/p>\n<h4 style=\"text-align: left;\"><a href=\"https:\/\/www.julesverne.com.tr\/bizden-haberler\/bir-kis-masali-kars-seyahat-rehberi\" target=\"_blank\" rel=\"noopener noreferrer\"><strong>Detayl\u0131 Bilgi ve Rezervasyon i&ccedil;in t\u0131klay\u0131n!<\/p>\n<p><\/strong><\/a><\/h4>\n<p style=\"text-align: center;\"><strong>Yeni Y\u0131la Kars&#8217;ta Merhaba gezi program\u0131 ve rezervasyon i&ccedil;in:<\/strong><br \/><a href=\"mailto:travel@julesverne.com.tr\" target=\"_blank\" rel=\"noopener noreferrer\"><strong>travel@julesverne.com.tr<\/strong><\/a><br \/><strong>0212 266 6363 &#8211; 132<\/strong><\/p><\/p>\n","protected":false},"excerpt":{"rendered":"<p>Binlerce y\u0131la uzanan sava\u015flar\u0131n, zul&uuml;mlerin, k&uuml;lt&uuml;rel dokunu\u015flar\u0131n, geleneklerin ya\u015fand\u0131\u011f\u0131 bu topraklarda gezerken &#8220;hangi roman kahraman\u0131y\u0131m?&#8221; diye d&uuml;\u015f&uuml;n&uuml;yor insan.&nbsp; Karlarla kapl\u0131 bembeyaz d&uuml;zl&uuml;kleri, beyaza b&uuml;r&uuml;nm&uuml;\u015f &ccedil;at\u0131lar\u0131 seyrederken Kars&rsquo;\u0131n hik&acirc;yesini Kars&rsquo;tan dinlemek istiyorsunuz.&nbsp;<\/p>\n","protected":false},"author":1,"featured_media":2007,"comment_status":"closed","ping_status":"closed","sticky":false,"template":"","format":"standard","meta":{"inline_featured_image":false,"footnotes":""},"categories":[1],"tags":[],"acf":[],"yoast_head":"<!-- This site is optimized with the Yoast SEO plugin v22.3 - https:\/\/yoast.com\/wordpress\/plugins\/seo\/ -->\n<title>Bir K\u0131\u015f Masal\u0131: Kars Seyahat Rehberi - JULES VERNE BUSINESS MICE TRAVEL<\/title>\n<meta name=\"robots\" content=\"index, follow, max-snippet:-1, max-image-preview:large, max-video-preview:-1\" \/>\n<link rel=\"canonical\" href=\"https:\/\/julesverne.com.tr\/travel-blog\/bir-kis-masali-kars-seyahat-rehberi\/\" \/>\n<meta property=\"og:locale\" content=\"en_US\" \/>\n<meta property=\"og:type\" content=\"article\" \/>\n<meta property=\"og:title\" content=\"Bir K\u0131\u015f Masal\u0131: Kars Seyahat Rehberi - JULES VERNE BUSINESS MICE TRAVEL\" \/>\n<meta property=\"og:description\" content=\"Binlerce y\u0131la uzanan sava\u015flar\u0131n, zul&uuml;mlerin, k&uuml;lt&uuml;rel dokunu\u015flar\u0131n, geleneklerin ya\u015fand\u0131\u011f\u0131 bu topraklarda gezerken &quot;hangi roman kahraman\u0131y\u0131m?&quot; diye d&uuml;\u015f&uuml;n&uuml;yor insan.&nbsp; Karlarla kapl\u0131 bembeyaz d&uuml;zl&uuml;kleri, beyaza b&uuml;r&uuml;nm&uuml;\u015f &ccedil;at\u0131lar\u0131 seyrederken Kars&rsquo;\u0131n hik&acirc;yesini Kars&rsquo;tan dinlemek istiyorsunuz.&nbsp;\" \/>\n<meta property=\"og:url\" content=\"https:\/\/julesverne.com.tr\/travel-blog\/bir-kis-masali-kars-seyahat-rehberi\/\" \/>\n<meta property=\"og:site_name\" content=\"JULES VERNE BUSINESS MICE TRAVEL\" \/>\n<meta property=\"article:publisher\" content=\"https:\/\/www.facebook.com\/JulesVerneBusinessMiceTravel\/\" \/>\n<meta property=\"article:published_time\" content=\"2018-10-19T12:12:21+00:00\" \/>\n<meta property=\"article:modified_time\" content=\"2020-09-21T14:36:08+00:00\" \/>\n<meta property=\"og:image\" content=\"https:\/\/julesverne.com.tr\/wp-content\/uploads\/2020\/09\/cildir_shutterstock_1121515448.jpg\" \/>\n\t<meta property=\"og:image:width\" content=\"1000\" \/>\n\t<meta property=\"og:image:height\" content=\"709\" \/>\n\t<meta property=\"og:image:type\" content=\"image\/jpeg\" \/>\n<meta name=\"author\" content=\"fikirman\" \/>\n<meta name=\"twitter:card\" content=\"summary_large_image\" \/>\n<meta name=\"twitter:creator\" content=\"@JV_BusinessMice\" \/>\n<meta name=\"twitter:site\" content=\"@JV_BusinessMice\" \/>\n<meta name=\"twitter:label1\" content=\"Written by\" \/>\n\t<meta name=\"twitter:data1\" content=\"fikirman\" \/>\n\t<meta name=\"twitter:label2\" content=\"Est. reading time\" \/>\n\t<meta name=\"twitter:data2\" content=\"5 minutes\" \/>\n<script type=\"application\/ld+json\" class=\"yoast-schema-graph\">{\"@context\":\"https:\/\/schema.org\",\"@graph\":[{\"@type\":\"Article\",\"@id\":\"https:\/\/julesverne.com.tr\/travel-blog\/bir-kis-masali-kars-seyahat-rehberi\/#article\",\"isPartOf\":{\"@id\":\"https:\/\/julesverne.com.tr\/travel-blog\/bir-kis-masali-kars-seyahat-rehberi\/\"},\"author\":{\"name\":\"fikirman\",\"@id\":\"https:\/\/julesverne.com.tr\/#\/schema\/person\/f4eb0514ae455538644c31b99a466fdb\"},\"headline\":\"Bir K\u0131\u015f Masal\u0131: Kars Seyahat Rehberi\",\"datePublished\":\"2018-10-19T12:12:21+00:00\",\"dateModified\":\"2020-09-21T14:36:08+00:00\",\"mainEntityOfPage\":{\"@id\":\"https:\/\/julesverne.com.tr\/travel-blog\/bir-kis-masali-kars-seyahat-rehberi\/\"},\"wordCount\":1015,\"publisher\":{\"@id\":\"https:\/\/julesverne.com.tr\/#organization\"},\"image\":{\"@id\":\"https:\/\/julesverne.com.tr\/travel-blog\/bir-kis-masali-kars-seyahat-rehberi\/#primaryimage\"},\"thumbnailUrl\":\"https:\/\/julesverne.com.tr\/wp-content\/uploads\/2020\/09\/cildir_shutterstock_1121515448.jpg\",\"articleSection\":[\"Blog\"],\"inLanguage\":\"en-US\"},{\"@type\":\"WebPage\",\"@id\":\"https:\/\/julesverne.com.tr\/travel-blog\/bir-kis-masali-kars-seyahat-rehberi\/\",\"url\":\"https:\/\/julesverne.com.tr\/travel-blog\/bir-kis-masali-kars-seyahat-rehberi\/\",\"name\":\"Bir K\u0131\u015f Masal\u0131: Kars Seyahat Rehberi - JULES VERNE BUSINESS MICE TRAVEL\",\"isPartOf\":{\"@id\":\"https:\/\/julesverne.com.tr\/#website\"},\"primaryImageOfPage\":{\"@id\":\"https:\/\/julesverne.com.tr\/travel-blog\/bir-kis-masali-kars-seyahat-rehberi\/#primaryimage\"},\"image\":{\"@id\":\"https:\/\/julesverne.com.tr\/travel-blog\/bir-kis-masali-kars-seyahat-rehberi\/#primaryimage\"},\"thumbnailUrl\":\"https:\/\/julesverne.com.tr\/wp-content\/uploads\/2020\/09\/cildir_shutterstock_1121515448.jpg\",\"datePublished\":\"2018-10-19T12:12:21+00:00\",\"dateModified\":\"2020-09-21T14:36:08+00:00\",\"breadcrumb\":{\"@id\":\"https:\/\/julesverne.com.tr\/travel-blog\/bir-kis-masali-kars-seyahat-rehberi\/#breadcrumb\"},\"inLanguage\":\"en-US\",\"potentialAction\":[{\"@type\":\"ReadAction\",\"target\":[\"https:\/\/julesverne.com.tr\/travel-blog\/bir-kis-masali-kars-seyahat-rehberi\/\"]}]},{\"@type\":\"ImageObject\",\"inLanguage\":\"en-US\",\"@id\":\"https:\/\/julesverne.com.tr\/travel-blog\/bir-kis-masali-kars-seyahat-rehberi\/#primaryimage\",\"url\":\"https:\/\/julesverne.com.tr\/wp-content\/uploads\/2020\/09\/cildir_shutterstock_1121515448.jpg\",\"contentUrl\":\"https:\/\/julesverne.com.tr\/wp-content\/uploads\/2020\/09\/cildir_shutterstock_1121515448.jpg\",\"width\":1000,\"height\":709},{\"@type\":\"BreadcrumbList\",\"@id\":\"https:\/\/julesverne.com.tr\/travel-blog\/bir-kis-masali-kars-seyahat-rehberi\/#breadcrumb\",\"itemListElement\":[{\"@type\":\"ListItem\",\"position\":1,\"name\":\"Anasayfa\",\"item\":\"https:\/\/julesverne.com.tr\/\"},{\"@type\":\"ListItem\",\"position\":2,\"name\":\"Bir K\u0131\u015f Masal\u0131: Kars Seyahat Rehberi\"}]},{\"@type\":\"WebSite\",\"@id\":\"https:\/\/julesverne.com.tr\/#website\",\"url\":\"https:\/\/julesverne.com.tr\/\",\"name\":\"JULES VERNE BUSINESS MICE TRAVEL\",\"description\":\"\",\"publisher\":{\"@id\":\"https:\/\/julesverne.com.tr\/#organization\"},\"potentialAction\":[{\"@type\":\"SearchAction\",\"target\":{\"@type\":\"EntryPoint\",\"urlTemplate\":\"https:\/\/julesverne.com.tr\/?s={search_term_string}\"},\"query-input\":\"required name=search_term_string\"}],\"inLanguage\":\"en-US\"},{\"@type\":\"Organization\",\"@id\":\"https:\/\/julesverne.com.tr\/#organization\",\"name\":\"JULES VERNE BUSINESS MICE TRAVEL\",\"url\":\"https:\/\/julesverne.com.tr\/\",\"logo\":{\"@type\":\"ImageObject\",\"inLanguage\":\"en-US\",\"@id\":\"https:\/\/julesverne.com.tr\/#\/schema\/logo\/image\/\",\"url\":\"https:\/\/julesverne.com.tr\/wp-content\/uploads\/2020\/09\/jv-bmt-logo.png\",\"contentUrl\":\"https:\/\/julesverne.com.tr\/wp-content\/uploads\/2020\/09\/jv-bmt-logo.png\",\"width\":110,\"height\":81,\"caption\":\"JULES VERNE BUSINESS MICE TRAVEL\"},\"image\":{\"@id\":\"https:\/\/julesverne.com.tr\/#\/schema\/logo\/image\/\"},\"sameAs\":[\"https:\/\/www.facebook.com\/JulesVerneBusinessMiceTravel\/\",\"https:\/\/twitter.com\/JV_BusinessMice\",\"https:\/\/www.instagram.com\/julesvernebusinessmicetravel\/\",\"https:\/\/www.linkedin.com\/company\/julesvernebusinessmicetravel\/\",\"https:\/\/www.youtube.com\/channel\/UCAwdsmbZ6tFhu1tea6pkpiw\"]},{\"@type\":\"Person\",\"@id\":\"https:\/\/julesverne.com.tr\/#\/schema\/person\/f4eb0514ae455538644c31b99a466fdb\",\"name\":\"fikirman\",\"sameAs\":[\"http:\/\/advermedya.net\/julesverne\"],\"url\":\"https:\/\/julesverne.com.tr\/en\/author\/fikirman\/\"}]}<\/script>\n<!-- \/ Yoast SEO plugin. -->","yoast_head_json":{"title":"Bir K\u0131\u015f Masal\u0131: Kars Seyahat Rehberi - JULES VERNE BUSINESS MICE TRAVEL","robots":{"index":"index","follow":"follow","max-snippet":"max-snippet:-1","max-image-preview":"max-image-preview:large","max-video-preview":"max-video-preview:-1"},"canonical":"https:\/\/julesverne.com.tr\/travel-blog\/bir-kis-masali-kars-seyahat-rehberi\/","og_locale":"en_US","og_type":"article","og_title":"Bir K\u0131\u015f Masal\u0131: Kars Seyahat Rehberi - JULES VERNE BUSINESS MICE TRAVEL","og_description":"Binlerce y\u0131la uzanan sava\u015flar\u0131n, zul&uuml;mlerin, k&uuml;lt&uuml;rel dokunu\u015flar\u0131n, geleneklerin ya\u015fand\u0131\u011f\u0131 bu topraklarda gezerken \"hangi roman kahraman\u0131y\u0131m?\" diye d&uuml;\u015f&uuml;n&uuml;yor insan.&nbsp; Karlarla kapl\u0131 bembeyaz d&uuml;zl&uuml;kleri, beyaza b&uuml;r&uuml;nm&uuml;\u015f &ccedil;at\u0131lar\u0131 seyrederken Kars&rsquo;\u0131n hik&acirc;yesini Kars&rsquo;tan dinlemek istiyorsunuz.&nbsp;","og_url":"https:\/\/julesverne.com.tr\/travel-blog\/bir-kis-masali-kars-seyahat-rehberi\/","og_site_name":"JULES VERNE BUSINESS MICE TRAVEL","article_publisher":"https:\/\/www.facebook.com\/JulesVerneBusinessMiceTravel\/","article_published_time":"2018-10-19T12:12:21+00:00","article_modified_time":"2020-09-21T14:36:08+00:00","og_image":[{"width":1000,"height":709,"url":"https:\/\/julesverne.com.tr\/wp-content\/uploads\/2020\/09\/cildir_shutterstock_1121515448.jpg","type":"image\/jpeg"}],"author":"fikirman","twitter_card":"summary_large_image","twitter_creator":"@JV_BusinessMice","twitter_site":"@JV_BusinessMice","twitter_misc":{"Written by":"fikirman","Est. reading time":"5 minutes"},"schema":{"@context":"https:\/\/schema.org","@graph":[{"@type":"Article","@id":"https:\/\/julesverne.com.tr\/travel-blog\/bir-kis-masali-kars-seyahat-rehberi\/#article","isPartOf":{"@id":"https:\/\/julesverne.com.tr\/travel-blog\/bir-kis-masali-kars-seyahat-rehberi\/"},"author":{"name":"fikirman","@id":"https:\/\/julesverne.com.tr\/#\/schema\/person\/f4eb0514ae455538644c31b99a466fdb"},"headline":"Bir K\u0131\u015f Masal\u0131: Kars Seyahat Rehberi","datePublished":"2018-10-19T12:12:21+00:00","dateModified":"2020-09-21T14:36:08+00:00","mainEntityOfPage":{"@id":"https:\/\/julesverne.com.tr\/travel-blog\/bir-kis-masali-kars-seyahat-rehberi\/"},"wordCount":1015,"publisher":{"@id":"https:\/\/julesverne.com.tr\/#organization"},"image":{"@id":"https:\/\/julesverne.com.tr\/travel-blog\/bir-kis-masali-kars-seyahat-rehberi\/#primaryimage"},"thumbnailUrl":"https:\/\/julesverne.com.tr\/wp-content\/uploads\/2020\/09\/cildir_shutterstock_1121515448.jpg","articleSection":["Blog"],"inLanguage":"en-US"},{"@type":"WebPage","@id":"https:\/\/julesverne.com.tr\/travel-blog\/bir-kis-masali-kars-seyahat-rehberi\/","url":"https:\/\/julesverne.com.tr\/travel-blog\/bir-kis-masali-kars-seyahat-rehberi\/","name":"Bir K\u0131\u015f Masal\u0131: Kars Seyahat Rehberi - JULES VERNE BUSINESS MICE TRAVEL","isPartOf":{"@id":"https:\/\/julesverne.com.tr\/#website"},"primaryImageOfPage":{"@id":"https:\/\/julesverne.com.tr\/travel-blog\/bir-kis-masali-kars-seyahat-rehberi\/#primaryimage"},"image":{"@id":"https:\/\/julesverne.com.tr\/travel-blog\/bir-kis-masali-kars-seyahat-rehberi\/#primaryimage"},"thumbnailUrl":"https:\/\/julesverne.com.tr\/wp-content\/uploads\/2020\/09\/cildir_shutterstock_1121515448.jpg","datePublished":"2018-10-19T12:12:21+00:00","dateModified":"2020-09-21T14:36:08+00:00","breadcrumb":{"@id":"https:\/\/julesverne.com.tr\/travel-blog\/bir-kis-masali-kars-seyahat-rehberi\/#breadcrumb"},"inLanguage":"en-US","potentialAction":[{"@type":"ReadAction","target":["https:\/\/julesverne.com.tr\/travel-blog\/bir-kis-masali-kars-seyahat-rehberi\/"]}]},{"@type":"ImageObject","inLanguage":"en-US","@id":"https:\/\/julesverne.com.tr\/travel-blog\/bir-kis-masali-kars-seyahat-rehberi\/#primaryimage","url":"https:\/\/julesverne.com.tr\/wp-content\/uploads\/2020\/09\/cildir_shutterstock_1121515448.jpg","contentUrl":"https:\/\/julesverne.com.tr\/wp-content\/uploads\/2020\/09\/cildir_shutterstock_1121515448.jpg","width":1000,"height":709},{"@type":"BreadcrumbList","@id":"https:\/\/julesverne.com.tr\/travel-blog\/bir-kis-masali-kars-seyahat-rehberi\/#breadcrumb","itemListElement":[{"@type":"ListItem","position":1,"name":"Anasayfa","item":"https:\/\/julesverne.com.tr\/"},{"@type":"ListItem","position":2,"name":"Bir K\u0131\u015f Masal\u0131: Kars Seyahat Rehberi"}]},{"@type":"WebSite","@id":"https:\/\/julesverne.com.tr\/#website","url":"https:\/\/julesverne.com.tr\/","name":"JULES VERNE BUSINESS MICE TRAVEL","description":"","publisher":{"@id":"https:\/\/julesverne.com.tr\/#organization"},"potentialAction":[{"@type":"SearchAction","target":{"@type":"EntryPoint","urlTemplate":"https:\/\/julesverne.com.tr\/?s={search_term_string}"},"query-input":"required name=search_term_string"}],"inLanguage":"en-US"},{"@type":"Organization","@id":"https:\/\/julesverne.com.tr\/#organization","name":"JULES VERNE BUSINESS MICE TRAVEL","url":"https:\/\/julesverne.com.tr\/","logo":{"@type":"ImageObject","inLanguage":"en-US","@id":"https:\/\/julesverne.com.tr\/#\/schema\/logo\/image\/","url":"https:\/\/julesverne.com.tr\/wp-content\/uploads\/2020\/09\/jv-bmt-logo.png","contentUrl":"https:\/\/julesverne.com.tr\/wp-content\/uploads\/2020\/09\/jv-bmt-logo.png","width":110,"height":81,"caption":"JULES VERNE BUSINESS MICE TRAVEL"},"image":{"@id":"https:\/\/julesverne.com.tr\/#\/schema\/logo\/image\/"},"sameAs":["https:\/\/www.facebook.com\/JulesVerneBusinessMiceTravel\/","https:\/\/twitter.com\/JV_BusinessMice","https:\/\/www.instagram.com\/julesvernebusinessmicetravel\/","https:\/\/www.linkedin.com\/company\/julesvernebusinessmicetravel\/","https:\/\/www.youtube.com\/channel\/UCAwdsmbZ6tFhu1tea6pkpiw"]},{"@type":"Person","@id":"https:\/\/julesverne.com.tr\/#\/schema\/person\/f4eb0514ae455538644c31b99a466fdb","name":"fikirman","sameAs":["http:\/\/advermedya.net\/julesverne"],"url":"https:\/\/julesverne.com.tr\/en\/author\/fikirman\/"}]}},"_links":{"self":[{"href":"https:\/\/julesverne.com.tr\/en\/wp-json\/wp\/v2\/posts\/2006"}],"collection":[{"href":"https:\/\/julesverne.com.tr\/en\/wp-json\/wp\/v2\/posts"}],"about":[{"href":"https:\/\/julesverne.com.tr\/en\/wp-json\/wp\/v2\/types\/post"}],"author":[{"embeddable":true,"href":"https:\/\/julesverne.com.tr\/en\/wp-json\/wp\/v2\/users\/1"}],"replies":[{"embeddable":true,"href":"https:\/\/julesverne.com.tr\/en\/wp-json\/wp\/v2\/comments?post=2006"}],"version-history":[{"count":0,"href":"https:\/\/julesverne.com.tr\/en\/wp-json\/wp\/v2\/posts\/2006\/revisions"}],"wp:featuredmedia":[{"embeddable":true,"href":"https:\/\/julesverne.com.tr\/en\/wp-json\/wp\/v2\/media\/2007"}],"wp:attachment":[{"href":"https:\/\/julesverne.com.tr\/en\/wp-json\/wp\/v2\/media?parent=2006"}],"wp:term":[{"taxonomy":"category","embeddable":true,"href":"https:\/\/julesverne.com.tr\/en\/wp-json\/wp\/v2\/categories?post=2006"},{"taxonomy":"post_tag","embeddable":true,"href":"https:\/\/julesverne.com.tr\/en\/wp-json\/wp\/v2\/tags?post=2006"}],"curies":[{"name":"wp","href":"https:\/\/api.w.org\/{rel}","templated":true}]}}