{"id":2002,"date":"2018-10-18T12:01:04","date_gmt":"2018-10-18T09:01:04","guid":{"rendered":"https:\/\/www.julesverne.com.tr\/\/blog\/sular-altindaki-masal-sehir-halfeti\/"},"modified":"2020-09-21T17:36:09","modified_gmt":"2020-09-21T14:36:09","slug":"sular-altindaki-masal-sehir-halfeti","status":"publish","type":"post","link":"https:\/\/julesverne.com.tr\/en\/travel-blog\/sular-altindaki-masal-sehir-halfeti\/","title":{"rendered":"Sular Alt\u0131ndaki Masal \u015eehir: Halfeti"},"content":{"rendered":"<p><p style=\"text-align: center;\"><img loading=\"lazy\" decoding=\"async\" class=\"alignnone size-full wp-image-4290\" src=\"https:\/\/www.julesverne.com.tr\/\/wp-content\/uploads\/2020\/09\/shutterstock_1078847237-1.jpg\" width=\"1000\" height=\"667\" alt=\"\" srcset=\"https:\/\/julesverne.com.tr\/wp-content\/uploads\/2020\/09\/shutterstock_1078847237-1.jpg 1000w, https:\/\/julesverne.com.tr\/wp-content\/uploads\/2020\/09\/shutterstock_1078847237-1-500x334.jpg 500w, https:\/\/julesverne.com.tr\/wp-content\/uploads\/2020\/09\/shutterstock_1078847237-1-768x512.jpg 768w\" sizes=\"(max-width: 1000px) 100vw, 1000px\" \/><\/p>\n<p>Suyun g&uuml;c&uuml;ne ve zaman\u0131n h\u0131z\u0131na direnen bir masal \u015fehri Halfeti&hellip; \u015eanl\u0131urfa ve Gaziantep aras\u0131nda, bir yandan etkileyici ve k&ouml;kl&uuml; bir yandan h&uuml;z&uuml;nl&uuml; bir hik&acirc;yenin ba\u015fkahraman\u0131 Halfeti&rsquo;nin ilk izleri Romal\u0131lar d&ouml;neminde at\u0131l\u0131yor. F\u0131rat Nehri&rsquo;nin do\u011fu yakas\u0131nda, &lsquo;Ekamia&rsquo; ad\u0131yla kurulan g&uuml;n&uuml;m&uuml;z&uuml;n Halfeti \u015fehrinde binlerce y\u0131ld\u0131r ya\u015fam devam ediyor.&nbsp;<\/p>\n<p>Yavuz Sultan Selim h&uuml;k&uuml;mdarl\u0131\u011f\u0131nda Osmanl\u0131 topraklar\u0131na kat\u0131lan Halfeti&rsquo;de bir k&uuml;lt&uuml;r mozai\u011fi yat\u0131yor. Pencerelerinden s&uuml;tunlar\u0131na, bah&ccedil;elerinden duvarlar\u0131na kadar fark yaratan, b&uuml;y&uuml;leyici bir mimari sakl\u0131 sular\u0131n alt\u0131nda.<\/p>\n<p style=\"text-align: center;\"><img loading=\"lazy\" decoding=\"async\" class=\"alignnone size-full wp-image-4291\" src=\"https:\/\/www.julesverne.com.tr\/\/wp-content\/uploads\/2020\/09\/13829827745_2395db7816_k.jpg\" width=\"1000\" height=\"666\" alt=\"\" srcset=\"https:\/\/julesverne.com.tr\/wp-content\/uploads\/2020\/09\/13829827745_2395db7816_k.jpg 1000w, https:\/\/julesverne.com.tr\/wp-content\/uploads\/2020\/09\/13829827745_2395db7816_k-500x333.jpg 500w, https:\/\/julesverne.com.tr\/wp-content\/uploads\/2020\/09\/13829827745_2395db7816_k-768x511.jpg 768w\" sizes=\"(max-width: 1000px) 100vw, 1000px\" \/><\/p>\n<p>Roma, Sel&ccedil;uklu ve Osmanl\u0131 izlerini ta\u015f\u0131yan \u015fehir 1996 y\u0131l\u0131nda ad\u0131n\u0131 y&uuml;ksek sesle duyurdu. Birecik Baraj in\u015faat\u0131 projesi ile sular alt\u0131nda kalaca\u011f\u0131 bilgisi ile tan\u0131nan ve 2000 y\u0131l\u0131nda b&uuml;y&uuml;k bir b&ouml;l&uuml;m&uuml; baraj sular\u0131 alt\u0131nda kalan efsaneler \u015fehrinin karada kalan b&ouml;l&uuml;mlerini ancak tekne yolculu\u011fu gezmek m&uuml;mk&uuml;n.<\/p>\n<p>Bir zamanlar her meyvenin yeti\u015fti\u011fi bereketli topraklar\u0131yla an\u0131lan Halfeti&rsquo;de dola\u015f\u0131rken her yap\u0131n\u0131n bir efsanesi oldu\u011funu hayranl\u0131kla dinleyebilir insan.<\/p>\n<p>En yayg\u0131n efsane ise Nergis &ccedil;i&ccedil;e\u011fi efsanesi&hellip; Bir zamanlar Rum Kale Beyi&rsquo;nin Nergis ad\u0131nda bir o\u011flu varm\u0131\u015f. Rum Kalesi&rsquo;ndeki sekiz metrelik kuyuda kendini s&uuml;rekli kendini seyreden Nergis, her kendi yans\u0131mas\u0131na bak\u0131\u015f\u0131nda g&ouml;r&uuml;nt&uuml;s&uuml;n&uuml; daha &ccedil;ok be\u011fenir olmu\u015f. G&uuml;nlerden bir g&uuml;n yine kendini seyretmek i&ccedil;in suya e\u011fildi\u011finde F\u0131rat&rsquo;\u0131n so\u011fuk sular\u0131nda kaybolmu\u015f. Nergis&rsquo;in tam kayboldu\u011fu noktada ise kimselerin o g&uuml;ne kadar g&ouml;rmedi\u011fi g&uuml;zellikte bir &ccedil;i&ccedil;ek a&ccedil;m\u0131\u015f&hellip; Ad\u0131 da nergis olmu\u015f.&nbsp;<\/p>\n<p><strong>Karag&uuml;l&uuml;n Hikayesi<\/strong><\/p>\n<p style=\"text-align: center;\"><strong><img loading=\"lazy\" decoding=\"async\" class=\"alignnone size-full wp-image-4292\" src=\"https:\/\/www.julesverne.com.tr\/\/wp-content\/uploads\/2020\/09\/shutterstock_1079428061.jpg\" width=\"1000\" height=\"657\" alt=\"\" srcset=\"https:\/\/julesverne.com.tr\/wp-content\/uploads\/2020\/09\/shutterstock_1079428061.jpg 1000w, https:\/\/julesverne.com.tr\/wp-content\/uploads\/2020\/09\/shutterstock_1079428061-500x329.jpg 500w, https:\/\/julesverne.com.tr\/wp-content\/uploads\/2020\/09\/shutterstock_1079428061-768x505.jpg 768w\" sizes=\"(max-width: 1000px) 100vw, 1000px\" \/><\/strong><\/p>\n<p>Nergis &ccedil;i&ccedil;e\u011fi efsanesi kadar g&uuml;&ccedil;l&uuml;, bug&uuml;n ad\u0131n\u0131 d&uuml;nyaya duyuran bir ba\u015fka &ccedil;i&ccedil;ek efsanesi ise &ldquo;karag&uuml;l&rdquo;.&nbsp;<\/p>\n<p>Sadece Halfeti&rsquo;de yeti\u015fen &ldquo;karag&uuml;l&rdquo;&nbsp; \u015feytan\u0131n g&uuml;l&uuml; olarak tarihte bahsediliyor. \u015eeytan\u0131n g&uuml;l&uuml; oldu\u011fu i&ccedil;in hi&ccedil; kimsenin dokunmaya cesaret edemedi\u011fi bu g&uuml;l, bir g&uuml;n bir k\u0131za madalyon \u015feklinde g&ouml;r&uuml;nm&uuml;\u015f. Madalyonu ger&ccedil;ek sahibine g&ouml;t&uuml;rmek i&ccedil;in g&uuml;le dokunmu\u015f. \u015eeytan\u0131n g&uuml;l&uuml;ne dokunan k\u0131z, halk taraf\u0131ndan cad\u0131 olarak ilan edilmi\u015f ve &ccedil;arm\u0131ha girilmi\u015f. \u015eeytan\u0131n bile kurtaramad\u0131\u011f\u0131 k\u0131z g&uuml;l u\u011fruna can\u0131ndan olmu\u015f. Herkes i&ccedil;in a\u015fk\u0131 simgeleyen k\u0131rm\u0131z\u0131 g&uuml;l d&uuml;nyan\u0131n her k&ouml;\u015fesinde yeti\u015febilece\u011fini s&ouml;yleyen \u015feytan, hayat\u0131n\u0131 kaybeden k\u0131z\u0131n an\u0131s\u0131na &ldquo;kar g&uuml;l&rdquo; &uuml;n sadece bu topraklarda yeti\u015fece\u011fini, k\u0131z\u0131n masumiyeti ar\u0131ndan ac\u0131 bir iz olarak kalaca\u011f\u0131n\u0131 belirtmi\u015f.<\/p>\n<p>Karag&uuml;l efsanesi ne kadar do\u011frudur bilinmez ama bu g&uuml;l &ccedil;e\u015fidinin sadece Halfeti&rsquo;de yeti\u015fti\u011fi bir ger&ccedil;ek. B&ouml;lgenin mikro klima iklimi sayesinde sadece bu topraklarda hayat bulan karag&uuml;l, genelde a&ccedil;\u0131ld\u0131ktan sonra koyu k\u0131rm\u0131z\u0131 renk al\u0131rken bu topraklarda yeti\u015fen t&uuml;r&uuml; ise hem gonca halindeyken hem de a&ccedil;\u0131ld\u0131ktan sonra siyah rengini koruyor.&nbsp;<\/p>\n<h3 style=\"text-align: center;\"><a href=\"http:\/\/gezi.julesverne.com.tr\/geziler\/yurt-ici-ozel-gezilerimiz\/lezzet-ve-kultur-sehri-gaziantep-ten-sakli-kent-halfeti-ye-yolculuk\" target=\"_blank\" rel=\"noopener noreferrer\"><strong>Gaziantep-Halfeti Gezi Program\u0131 ve Rezervasyon i&ccedil;in T\u0131klay\u0131n!<\/strong><\/a><\/h3>\n<p style=\"text-align: center;\"><img loading=\"lazy\" decoding=\"async\" class=\"alignnone size-full wp-image-4293\" src=\"https:\/\/www.julesverne.com.tr\/\/wp-content\/uploads\/2020\/09\/Antep_1.png\" width=\"1080\" height=\"1080\" alt=\"\" srcset=\"https:\/\/julesverne.com.tr\/wp-content\/uploads\/2020\/09\/Antep_1.png 1080w, https:\/\/julesverne.com.tr\/wp-content\/uploads\/2020\/09\/Antep_1-500x500.png 500w, https:\/\/julesverne.com.tr\/wp-content\/uploads\/2020\/09\/Antep_1-768x768.png 768w\" sizes=\"(max-width: 1080px) 100vw, 1080px\" \/><\/p>\n<p style=\"text-align: center;\"><strong>&Ouml;zel&nbsp;gezi programlar\u0131m\u0131z&nbsp;ve rezervasyon i&ccedil;in:<\/strong><br \/><a href=\"mailto:travel@julesverne.com.tr\" target=\"_blank\" rel=\"noopener noreferrer\"><strong>travel@julesverne.com.tr<\/strong><\/a><br \/><strong>0212 266 6363 &#8211; 137<\/strong><\/p><\/p>\n","protected":false},"excerpt":{"rendered":"<p>Suyun g&uuml;c&uuml;ne ve zaman\u0131n h\u0131z\u0131na direnen bir masal \u015fehri Halfeti&hellip; \u015eanl\u0131urfa ve Gaziantep aras\u0131nda, bir yandan etkileyici ve k&ouml;kl&uuml; bir yandan h&uuml;z&uuml;nl&uuml; bir hik&acirc;yenin ba\u015fkahraman\u0131 Halfeti&rsquo;nin ilk izleri Romal\u0131lar d&ouml;neminde at\u0131l\u0131yor. F\u0131rat Nehri&rsquo;nin do\u011fu yakas\u0131nda, &lsquo;Ekamia&rsquo; ad\u0131yla kurulan g&uuml;n&uuml;m&uuml;z&uuml;n Halfeti \u015fehrinde binlerce y\u0131ld\u0131r ya\u015fam devam ediyor.&nbsp;<\/p>\n","protected":false},"author":1,"featured_media":2003,"comment_status":"closed","ping_status":"closed","sticky":false,"template":"","format":"standard","meta":{"inline_featured_image":false,"footnotes":""},"categories":[1],"tags":[],"acf":[],"yoast_head":"<!-- This site is optimized with the Yoast SEO plugin v22.3 - https:\/\/yoast.com\/wordpress\/plugins\/seo\/ -->\n<title>Sular Alt\u0131ndaki Masal \u015eehir: Halfeti - JULES VERNE BUSINESS MICE TRAVEL<\/title>\n<meta name=\"robots\" content=\"index, follow, max-snippet:-1, max-image-preview:large, max-video-preview:-1\" \/>\n<link rel=\"canonical\" href=\"https:\/\/julesverne.com.tr\/travel-blog\/sular-altindaki-masal-sehir-halfeti\/\" \/>\n<meta property=\"og:locale\" content=\"en_US\" \/>\n<meta property=\"og:type\" content=\"article\" \/>\n<meta property=\"og:title\" content=\"Sular Alt\u0131ndaki Masal \u015eehir: Halfeti - JULES VERNE BUSINESS MICE TRAVEL\" \/>\n<meta property=\"og:description\" content=\"Suyun g&uuml;c&uuml;ne ve zaman\u0131n h\u0131z\u0131na direnen bir masal \u015fehri Halfeti&hellip; \u015eanl\u0131urfa ve Gaziantep aras\u0131nda, bir yandan etkileyici ve k&ouml;kl&uuml; bir yandan h&uuml;z&uuml;nl&uuml; bir hik&acirc;yenin ba\u015fkahraman\u0131 Halfeti&rsquo;nin ilk izleri Romal\u0131lar d&ouml;neminde at\u0131l\u0131yor. F\u0131rat Nehri&rsquo;nin do\u011fu yakas\u0131nda, &lsquo;Ekamia&rsquo; ad\u0131yla kurulan g&uuml;n&uuml;m&uuml;z&uuml;n Halfeti \u015fehrinde binlerce y\u0131ld\u0131r ya\u015fam devam ediyor.&nbsp;\" \/>\n<meta property=\"og:url\" content=\"https:\/\/julesverne.com.tr\/travel-blog\/sular-altindaki-masal-sehir-halfeti\/\" \/>\n<meta property=\"og:site_name\" content=\"JULES VERNE BUSINESS MICE TRAVEL\" \/>\n<meta property=\"article:publisher\" content=\"https:\/\/www.facebook.com\/JulesVerneBusinessMiceTravel\/\" \/>\n<meta property=\"article:published_time\" content=\"2018-10-18T09:01:04+00:00\" \/>\n<meta property=\"article:modified_time\" content=\"2020-09-21T14:36:09+00:00\" \/>\n<meta property=\"og:image\" content=\"https:\/\/julesverne.com.tr\/wp-content\/uploads\/2020\/09\/shutterstock_1078847237.jpg\" \/>\n\t<meta property=\"og:image:width\" content=\"1000\" \/>\n\t<meta property=\"og:image:height\" content=\"667\" \/>\n\t<meta property=\"og:image:type\" content=\"image\/jpeg\" \/>\n<meta name=\"author\" content=\"fikirman\" \/>\n<meta name=\"twitter:card\" content=\"summary_large_image\" \/>\n<meta name=\"twitter:creator\" content=\"@JV_BusinessMice\" \/>\n<meta name=\"twitter:site\" content=\"@JV_BusinessMice\" \/>\n<meta name=\"twitter:label1\" content=\"Written by\" \/>\n\t<meta name=\"twitter:data1\" content=\"fikirman\" \/>\n\t<meta name=\"twitter:label2\" content=\"Est. reading time\" \/>\n\t<meta name=\"twitter:data2\" content=\"4 minutes\" \/>\n<script type=\"application\/ld+json\" class=\"yoast-schema-graph\">{\"@context\":\"https:\/\/schema.org\",\"@graph\":[{\"@type\":\"Article\",\"@id\":\"https:\/\/julesverne.com.tr\/travel-blog\/sular-altindaki-masal-sehir-halfeti\/#article\",\"isPartOf\":{\"@id\":\"https:\/\/julesverne.com.tr\/travel-blog\/sular-altindaki-masal-sehir-halfeti\/\"},\"author\":{\"name\":\"fikirman\",\"@id\":\"https:\/\/julesverne.com.tr\/#\/schema\/person\/f4eb0514ae455538644c31b99a466fdb\"},\"headline\":\"Sular Alt\u0131ndaki Masal \u015eehir: Halfeti\",\"datePublished\":\"2018-10-18T09:01:04+00:00\",\"dateModified\":\"2020-09-21T14:36:09+00:00\",\"mainEntityOfPage\":{\"@id\":\"https:\/\/julesverne.com.tr\/travel-blog\/sular-altindaki-masal-sehir-halfeti\/\"},\"wordCount\":706,\"publisher\":{\"@id\":\"https:\/\/julesverne.com.tr\/#organization\"},\"image\":{\"@id\":\"https:\/\/julesverne.com.tr\/travel-blog\/sular-altindaki-masal-sehir-halfeti\/#primaryimage\"},\"thumbnailUrl\":\"https:\/\/julesverne.com.tr\/wp-content\/uploads\/2020\/09\/shutterstock_1078847237.jpg\",\"articleSection\":[\"Blog\"],\"inLanguage\":\"en-US\"},{\"@type\":\"WebPage\",\"@id\":\"https:\/\/julesverne.com.tr\/travel-blog\/sular-altindaki-masal-sehir-halfeti\/\",\"url\":\"https:\/\/julesverne.com.tr\/travel-blog\/sular-altindaki-masal-sehir-halfeti\/\",\"name\":\"Sular Alt\u0131ndaki Masal \u015eehir: Halfeti - JULES VERNE BUSINESS MICE TRAVEL\",\"isPartOf\":{\"@id\":\"https:\/\/julesverne.com.tr\/#website\"},\"primaryImageOfPage\":{\"@id\":\"https:\/\/julesverne.com.tr\/travel-blog\/sular-altindaki-masal-sehir-halfeti\/#primaryimage\"},\"image\":{\"@id\":\"https:\/\/julesverne.com.tr\/travel-blog\/sular-altindaki-masal-sehir-halfeti\/#primaryimage\"},\"thumbnailUrl\":\"https:\/\/julesverne.com.tr\/wp-content\/uploads\/2020\/09\/shutterstock_1078847237.jpg\",\"datePublished\":\"2018-10-18T09:01:04+00:00\",\"dateModified\":\"2020-09-21T14:36:09+00:00\",\"breadcrumb\":{\"@id\":\"https:\/\/julesverne.com.tr\/travel-blog\/sular-altindaki-masal-sehir-halfeti\/#breadcrumb\"},\"inLanguage\":\"en-US\",\"potentialAction\":[{\"@type\":\"ReadAction\",\"target\":[\"https:\/\/julesverne.com.tr\/travel-blog\/sular-altindaki-masal-sehir-halfeti\/\"]}]},{\"@type\":\"ImageObject\",\"inLanguage\":\"en-US\",\"@id\":\"https:\/\/julesverne.com.tr\/travel-blog\/sular-altindaki-masal-sehir-halfeti\/#primaryimage\",\"url\":\"https:\/\/julesverne.com.tr\/wp-content\/uploads\/2020\/09\/shutterstock_1078847237.jpg\",\"contentUrl\":\"https:\/\/julesverne.com.tr\/wp-content\/uploads\/2020\/09\/shutterstock_1078847237.jpg\",\"width\":1000,\"height\":667},{\"@type\":\"BreadcrumbList\",\"@id\":\"https:\/\/julesverne.com.tr\/travel-blog\/sular-altindaki-masal-sehir-halfeti\/#breadcrumb\",\"itemListElement\":[{\"@type\":\"ListItem\",\"position\":1,\"name\":\"Anasayfa\",\"item\":\"https:\/\/julesverne.com.tr\/\"},{\"@type\":\"ListItem\",\"position\":2,\"name\":\"Sular Alt\u0131ndaki Masal \u015eehir: Halfeti\"}]},{\"@type\":\"WebSite\",\"@id\":\"https:\/\/julesverne.com.tr\/#website\",\"url\":\"https:\/\/julesverne.com.tr\/\",\"name\":\"JULES VERNE BUSINESS MICE TRAVEL\",\"description\":\"\",\"publisher\":{\"@id\":\"https:\/\/julesverne.com.tr\/#organization\"},\"potentialAction\":[{\"@type\":\"SearchAction\",\"target\":{\"@type\":\"EntryPoint\",\"urlTemplate\":\"https:\/\/julesverne.com.tr\/?s={search_term_string}\"},\"query-input\":\"required name=search_term_string\"}],\"inLanguage\":\"en-US\"},{\"@type\":\"Organization\",\"@id\":\"https:\/\/julesverne.com.tr\/#organization\",\"name\":\"JULES VERNE BUSINESS MICE TRAVEL\",\"url\":\"https:\/\/julesverne.com.tr\/\",\"logo\":{\"@type\":\"ImageObject\",\"inLanguage\":\"en-US\",\"@id\":\"https:\/\/julesverne.com.tr\/#\/schema\/logo\/image\/\",\"url\":\"https:\/\/julesverne.com.tr\/wp-content\/uploads\/2020\/09\/jv-bmt-logo.png\",\"contentUrl\":\"https:\/\/julesverne.com.tr\/wp-content\/uploads\/2020\/09\/jv-bmt-logo.png\",\"width\":110,\"height\":81,\"caption\":\"JULES VERNE BUSINESS MICE TRAVEL\"},\"image\":{\"@id\":\"https:\/\/julesverne.com.tr\/#\/schema\/logo\/image\/\"},\"sameAs\":[\"https:\/\/www.facebook.com\/JulesVerneBusinessMiceTravel\/\",\"https:\/\/twitter.com\/JV_BusinessMice\",\"https:\/\/www.instagram.com\/julesvernebusinessmicetravel\/\",\"https:\/\/www.linkedin.com\/company\/julesvernebusinessmicetravel\/\",\"https:\/\/www.youtube.com\/channel\/UCAwdsmbZ6tFhu1tea6pkpiw\"]},{\"@type\":\"Person\",\"@id\":\"https:\/\/julesverne.com.tr\/#\/schema\/person\/f4eb0514ae455538644c31b99a466fdb\",\"name\":\"fikirman\",\"sameAs\":[\"http:\/\/advermedya.net\/julesverne\"],\"url\":\"https:\/\/julesverne.com.tr\/en\/author\/fikirman\/\"}]}<\/script>\n<!-- \/ Yoast SEO plugin. -->","yoast_head_json":{"title":"Sular Alt\u0131ndaki Masal \u015eehir: Halfeti - JULES VERNE BUSINESS MICE TRAVEL","robots":{"index":"index","follow":"follow","max-snippet":"max-snippet:-1","max-image-preview":"max-image-preview:large","max-video-preview":"max-video-preview:-1"},"canonical":"https:\/\/julesverne.com.tr\/travel-blog\/sular-altindaki-masal-sehir-halfeti\/","og_locale":"en_US","og_type":"article","og_title":"Sular Alt\u0131ndaki Masal \u015eehir: Halfeti - JULES VERNE BUSINESS MICE TRAVEL","og_description":"Suyun g&uuml;c&uuml;ne ve zaman\u0131n h\u0131z\u0131na direnen bir masal \u015fehri Halfeti&hellip; \u015eanl\u0131urfa ve Gaziantep aras\u0131nda, bir yandan etkileyici ve k&ouml;kl&uuml; bir yandan h&uuml;z&uuml;nl&uuml; bir hik&acirc;yenin ba\u015fkahraman\u0131 Halfeti&rsquo;nin ilk izleri Romal\u0131lar d&ouml;neminde at\u0131l\u0131yor. F\u0131rat Nehri&rsquo;nin do\u011fu yakas\u0131nda, &lsquo;Ekamia&rsquo; ad\u0131yla kurulan g&uuml;n&uuml;m&uuml;z&uuml;n Halfeti \u015fehrinde binlerce y\u0131ld\u0131r ya\u015fam devam ediyor.&nbsp;","og_url":"https:\/\/julesverne.com.tr\/travel-blog\/sular-altindaki-masal-sehir-halfeti\/","og_site_name":"JULES VERNE BUSINESS MICE TRAVEL","article_publisher":"https:\/\/www.facebook.com\/JulesVerneBusinessMiceTravel\/","article_published_time":"2018-10-18T09:01:04+00:00","article_modified_time":"2020-09-21T14:36:09+00:00","og_image":[{"width":1000,"height":667,"url":"https:\/\/julesverne.com.tr\/wp-content\/uploads\/2020\/09\/shutterstock_1078847237.jpg","type":"image\/jpeg"}],"author":"fikirman","twitter_card":"summary_large_image","twitter_creator":"@JV_BusinessMice","twitter_site":"@JV_BusinessMice","twitter_misc":{"Written by":"fikirman","Est. reading time":"4 minutes"},"schema":{"@context":"https:\/\/schema.org","@graph":[{"@type":"Article","@id":"https:\/\/julesverne.com.tr\/travel-blog\/sular-altindaki-masal-sehir-halfeti\/#article","isPartOf":{"@id":"https:\/\/julesverne.com.tr\/travel-blog\/sular-altindaki-masal-sehir-halfeti\/"},"author":{"name":"fikirman","@id":"https:\/\/julesverne.com.tr\/#\/schema\/person\/f4eb0514ae455538644c31b99a466fdb"},"headline":"Sular Alt\u0131ndaki Masal \u015eehir: Halfeti","datePublished":"2018-10-18T09:01:04+00:00","dateModified":"2020-09-21T14:36:09+00:00","mainEntityOfPage":{"@id":"https:\/\/julesverne.com.tr\/travel-blog\/sular-altindaki-masal-sehir-halfeti\/"},"wordCount":706,"publisher":{"@id":"https:\/\/julesverne.com.tr\/#organization"},"image":{"@id":"https:\/\/julesverne.com.tr\/travel-blog\/sular-altindaki-masal-sehir-halfeti\/#primaryimage"},"thumbnailUrl":"https:\/\/julesverne.com.tr\/wp-content\/uploads\/2020\/09\/shutterstock_1078847237.jpg","articleSection":["Blog"],"inLanguage":"en-US"},{"@type":"WebPage","@id":"https:\/\/julesverne.com.tr\/travel-blog\/sular-altindaki-masal-sehir-halfeti\/","url":"https:\/\/julesverne.com.tr\/travel-blog\/sular-altindaki-masal-sehir-halfeti\/","name":"Sular Alt\u0131ndaki Masal \u015eehir: Halfeti - JULES VERNE BUSINESS MICE TRAVEL","isPartOf":{"@id":"https:\/\/julesverne.com.tr\/#website"},"primaryImageOfPage":{"@id":"https:\/\/julesverne.com.tr\/travel-blog\/sular-altindaki-masal-sehir-halfeti\/#primaryimage"},"image":{"@id":"https:\/\/julesverne.com.tr\/travel-blog\/sular-altindaki-masal-sehir-halfeti\/#primaryimage"},"thumbnailUrl":"https:\/\/julesverne.com.tr\/wp-content\/uploads\/2020\/09\/shutterstock_1078847237.jpg","datePublished":"2018-10-18T09:01:04+00:00","dateModified":"2020-09-21T14:36:09+00:00","breadcrumb":{"@id":"https:\/\/julesverne.com.tr\/travel-blog\/sular-altindaki-masal-sehir-halfeti\/#breadcrumb"},"inLanguage":"en-US","potentialAction":[{"@type":"ReadAction","target":["https:\/\/julesverne.com.tr\/travel-blog\/sular-altindaki-masal-sehir-halfeti\/"]}]},{"@type":"ImageObject","inLanguage":"en-US","@id":"https:\/\/julesverne.com.tr\/travel-blog\/sular-altindaki-masal-sehir-halfeti\/#primaryimage","url":"https:\/\/julesverne.com.tr\/wp-content\/uploads\/2020\/09\/shutterstock_1078847237.jpg","contentUrl":"https:\/\/julesverne.com.tr\/wp-content\/uploads\/2020\/09\/shutterstock_1078847237.jpg","width":1000,"height":667},{"@type":"BreadcrumbList","@id":"https:\/\/julesverne.com.tr\/travel-blog\/sular-altindaki-masal-sehir-halfeti\/#breadcrumb","itemListElement":[{"@type":"ListItem","position":1,"name":"Anasayfa","item":"https:\/\/julesverne.com.tr\/"},{"@type":"ListItem","position":2,"name":"Sular Alt\u0131ndaki Masal \u015eehir: Halfeti"}]},{"@type":"WebSite","@id":"https:\/\/julesverne.com.tr\/#website","url":"https:\/\/julesverne.com.tr\/","name":"JULES VERNE BUSINESS MICE TRAVEL","description":"","publisher":{"@id":"https:\/\/julesverne.com.tr\/#organization"},"potentialAction":[{"@type":"SearchAction","target":{"@type":"EntryPoint","urlTemplate":"https:\/\/julesverne.com.tr\/?s={search_term_string}"},"query-input":"required name=search_term_string"}],"inLanguage":"en-US"},{"@type":"Organization","@id":"https:\/\/julesverne.com.tr\/#organization","name":"JULES VERNE BUSINESS MICE TRAVEL","url":"https:\/\/julesverne.com.tr\/","logo":{"@type":"ImageObject","inLanguage":"en-US","@id":"https:\/\/julesverne.com.tr\/#\/schema\/logo\/image\/","url":"https:\/\/julesverne.com.tr\/wp-content\/uploads\/2020\/09\/jv-bmt-logo.png","contentUrl":"https:\/\/julesverne.com.tr\/wp-content\/uploads\/2020\/09\/jv-bmt-logo.png","width":110,"height":81,"caption":"JULES VERNE BUSINESS MICE TRAVEL"},"image":{"@id":"https:\/\/julesverne.com.tr\/#\/schema\/logo\/image\/"},"sameAs":["https:\/\/www.facebook.com\/JulesVerneBusinessMiceTravel\/","https:\/\/twitter.com\/JV_BusinessMice","https:\/\/www.instagram.com\/julesvernebusinessmicetravel\/","https:\/\/www.linkedin.com\/company\/julesvernebusinessmicetravel\/","https:\/\/www.youtube.com\/channel\/UCAwdsmbZ6tFhu1tea6pkpiw"]},{"@type":"Person","@id":"https:\/\/julesverne.com.tr\/#\/schema\/person\/f4eb0514ae455538644c31b99a466fdb","name":"fikirman","sameAs":["http:\/\/advermedya.net\/julesverne"],"url":"https:\/\/julesverne.com.tr\/en\/author\/fikirman\/"}]}},"_links":{"self":[{"href":"https:\/\/julesverne.com.tr\/en\/wp-json\/wp\/v2\/posts\/2002"}],"collection":[{"href":"https:\/\/julesverne.com.tr\/en\/wp-json\/wp\/v2\/posts"}],"about":[{"href":"https:\/\/julesverne.com.tr\/en\/wp-json\/wp\/v2\/types\/post"}],"author":[{"embeddable":true,"href":"https:\/\/julesverne.com.tr\/en\/wp-json\/wp\/v2\/users\/1"}],"replies":[{"embeddable":true,"href":"https:\/\/julesverne.com.tr\/en\/wp-json\/wp\/v2\/comments?post=2002"}],"version-history":[{"count":0,"href":"https:\/\/julesverne.com.tr\/en\/wp-json\/wp\/v2\/posts\/2002\/revisions"}],"wp:featuredmedia":[{"embeddable":true,"href":"https:\/\/julesverne.com.tr\/en\/wp-json\/wp\/v2\/media\/2003"}],"wp:attachment":[{"href":"https:\/\/julesverne.com.tr\/en\/wp-json\/wp\/v2\/media?parent=2002"}],"wp:term":[{"taxonomy":"category","embeddable":true,"href":"https:\/\/julesverne.com.tr\/en\/wp-json\/wp\/v2\/categories?post=2002"},{"taxonomy":"post_tag","embeddable":true,"href":"https:\/\/julesverne.com.tr\/en\/wp-json\/wp\/v2\/tags?post=2002"}],"curies":[{"name":"wp","href":"https:\/\/api.w.org\/{rel}","templated":true}]}}