{"id":1996,"date":"2018-10-10T11:03:05","date_gmt":"2018-10-10T08:03:05","guid":{"rendered":"https:\/\/www.julesverne.com.tr\/\/blog\/29-ekim-yurtici-seyahat-onerileri\/"},"modified":"2020-09-21T17:36:09","modified_gmt":"2020-09-21T14:36:09","slug":"29-ekim-yurtici-seyahat-onerileri","status":"publish","type":"post","link":"https:\/\/julesverne.com.tr\/en\/travel-blog\/29-ekim-yurtici-seyahat-onerileri\/","title":{"rendered":"29 Ekim Yurti\u00e7i Seyahat \u00d6nerileri"},"content":{"rendered":"<p><p class=\"MsoNormal\" style=\"text-align: center;\"><span style=\"mso-ansi-language: TR;\"><img loading=\"lazy\" decoding=\"async\" class=\"alignnone size-full wp-image-4316\" src=\"https:\/\/www.julesverne.com.tr\/\/wp-content\/uploads\/2020\/09\/sirince-3.jpg\" width=\"1000\" height=\"696\" alt=\"\u015firince k&ouml;y&uuml;\" srcset=\"https:\/\/julesverne.com.tr\/wp-content\/uploads\/2020\/09\/sirince-3.jpg 1000w, https:\/\/julesverne.com.tr\/wp-content\/uploads\/2020\/09\/sirince-3-500x348.jpg 500w, https:\/\/julesverne.com.tr\/wp-content\/uploads\/2020\/09\/sirince-3-768x535.jpg 768w\" sizes=\"(max-width: 1000px) 100vw, 1000px\" \/><\/span><\/p>\n<p class=\"MsoNormal\"><span style=\"mso-ansi-language: TR;\">29 Ekim Cumhuriyet Bayram\u0131&rsquo;n\u0131n bu y\u0131l Pazartesi g&uuml;n&uuml;ne denk gelmesiyle uzun hafta sonu tatili i&ccedil;in planlar yap\u0131lmaya ba\u015fland\u0131 bile. Bu &ouml;zel ve kutlu g&uuml;n&uuml; doyas\u0131ya kutlarken bu topraklar\u0131n farkl\u0131 hik&acirc;yelerini &ouml;\u011frenmek ve T&uuml;rkiye&rsquo;nin en g&uuml;zel rotalar\u0131n\u0131 ke\u015ffetmek ister misiniz?<strong> Ankara, Burgazada, Ayval\u0131k-Cunda, Gaziantep-Halfeti, &Ccedil;anakkale, \u0130zmir-\u015eirince, Mardin<\/strong> rotalar\u0131 ile T&uuml;rkiye&rsquo;yi ke\u015ffediyoruz. Do\u011fusundan Bat\u0131s\u0131na 29 Ekim&rsquo;de seyahat plan\u0131 yapabilece\u011finiz keyifli seyahat &ouml;nerilerimiz:<\/span><\/p>\n<p class=\"MsoNormal\"><span style=\"mso-ansi-language: TR;\"><strong>Ankara<\/strong><\/span><\/p>\n<p class=\"MsoNormal\" style=\"text-align: center;\"><span style=\"mso-ansi-language: TR;\"><strong><img loading=\"lazy\" decoding=\"async\" class=\"alignnone size-full wp-image-4317\" src=\"https:\/\/www.julesverne.com.tr\/\/wp-content\/uploads\/2020\/09\/anitkabir-1.jpg\" width=\"1000\" height=\"697\" alt=\"an\u0131tkabir\" srcset=\"https:\/\/julesverne.com.tr\/wp-content\/uploads\/2020\/09\/anitkabir-1.jpg 1000w, https:\/\/julesverne.com.tr\/wp-content\/uploads\/2020\/09\/anitkabir-1-500x349.jpg 500w, https:\/\/julesverne.com.tr\/wp-content\/uploads\/2020\/09\/anitkabir-1-768x535.jpg 768w\" sizes=\"(max-width: 1000px) 100vw, 1000px\" \/><\/strong><\/span><\/p>\n<p class=\"MsoNormal\"><span style=\"mso-ansi-language: TR;\">29 Ekim&rsquo;de ziyaret edilecek en anlaml\u0131 &ouml;neri elbette Ankara&hellip; Bug&uuml;nk&uuml; varl\u0131\u011f\u0131m\u0131za \u015f&uuml;kran duydu\u011fumuz b&uuml;y&uuml;k lider Mustafa Kemal Atat&uuml;rk huzurunda An\u0131tkabir ziyareti ile Ankara gezinize ba\u015flay\u0131p, daha sonra bu k&uuml;lt&uuml;r \u015fehrini bir bir ke\u015ffetmeye ba\u015flayabilirsiniz. Ankara&rsquo;da gezilecek yerler listesi sand\u0131\u011f\u0131n\u0131zdan da uzun&hellip;<\/span><\/p>\n<p class=\"MsoNormal\" style=\"text-align: center;\"><span style=\"mso-ansi-language: TR;\"><img loading=\"lazy\" decoding=\"async\" class=\"alignnone size-full wp-image-4318\" src=\"https:\/\/www.julesverne.com.tr\/\/wp-content\/uploads\/2020\/09\/ankara-1.jpg\" width=\"1000\" height=\"667\" alt=\"ankara\" srcset=\"https:\/\/julesverne.com.tr\/wp-content\/uploads\/2020\/09\/ankara-1.jpg 1000w, https:\/\/julesverne.com.tr\/wp-content\/uploads\/2020\/09\/ankara-1-500x334.jpg 500w, https:\/\/julesverne.com.tr\/wp-content\/uploads\/2020\/09\/ankara-1-768x512.jpg 768w\" sizes=\"(max-width: 1000px) 100vw, 1000px\" \/><\/span><\/p>\n<p class=\"MsoNormal\"><span style=\"mso-ansi-language: TR;\">&ldquo;Avrupa&rsquo;n\u0131n En \u0130yi M&uuml;zesi unvan\u0131n\u0131 alan <em><strong>Anadolu Medeniyetleri M&uuml;zesi<\/strong><\/em>&#8216;ne uzun bir zaman ay\u0131rman\u0131z\u0131 &ouml;neririz. M&uuml;ze koleksiyonu kronolojik bir s\u0131rayla Paleolitik &Ccedil;a\u011f&rsquo;dan g&uuml;n&uuml;m&uuml;ze kadar uzanan arkeolojik eserlere ev sahipli\u011fi yap\u0131yor. Naz\u0131m Hikmet, Cevat \u015eakir, Y\u0131lmaz G&uuml;ney, B&uuml;lent Ecevit&#8217;e kadar T&uuml;rkiye tarihinde &ouml;nemli de\u011fere sahip isimlerin hapis yatt\u0131\u011f\u0131; Deniz Gezmi\u015f, Yusuf Aslan, H&uuml;seyin \u0130nan ve Erdal Eren&rsquo;in idam edildi\u011fi <em><strong>Ulucanlar Cezaevi M&uuml;zesi<\/strong><\/em> &uuml;lke tarihiyle ilgili olaylara tan\u0131kl\u0131k etmek i&ccedil;in mutlaka ziyaret edilmeli. \u0130brahim &Ccedil;all\u0131, Nuri \u0130yem, Osman Hamdi Bey ba\u015fta olmak &uuml;zere T&uuml;rk sanat\u0131n\u0131n &ouml;nemli isimlerinin eserlerine yer veren Ankara <strong><em>Devlet Resim ve Heykel M&uuml;zesi<\/em>&#8216;<\/strong>ni g&ouml;rebilirsiniz. Hemen yan\u0131nda yer alan <em><strong>Etnografya M&uuml;zesi<\/strong><\/em>&#8216;nde ise Sel&ccedil;uklu D&ouml;nemi&#8217;nden g&uuml;n&uuml;m&uuml;ze uzanan T&uuml;rk sanat\u0131 eserlerini g&ouml;rmek m&uuml;mk&uuml;n. Anadolu eserlerine yer veren <em><strong>Erimtan M&uuml;zesi<\/strong><\/em>, &ccedil;a\u011fda\u015f sanat m&uuml;zesi <em><strong>M&uuml;ze Evliyagil<\/strong><\/em>, modern sanatlar merkezi <em><strong>CerModern<\/strong><\/em>&#8216;e de zaman ay\u0131rman\u0131z\u0131 tavsiye ediyoruz.<\/span><\/p>\n<p class=\"MsoNormal\"><span style=\"mso-ansi-language: TR;\"><strong>&Ccedil;anakkale<\/strong><\/span><\/p>\n<p class=\"MsoNormal\" style=\"text-align: center;\"><span style=\"mso-ansi-language: TR;\"><strong><img loading=\"lazy\" decoding=\"async\" class=\"alignnone size-full wp-image-4319\" src=\"https:\/\/www.julesverne.com.tr\/\/wp-content\/uploads\/2020\/09\/canakkale-2-1.jpg\" width=\"1000\" height=\"665\" alt=\"&ccedil;anakkale troya\" srcset=\"https:\/\/julesverne.com.tr\/wp-content\/uploads\/2020\/09\/canakkale-2-1.jpg 1000w, https:\/\/julesverne.com.tr\/wp-content\/uploads\/2020\/09\/canakkale-2-1-500x333.jpg 500w, https:\/\/julesverne.com.tr\/wp-content\/uploads\/2020\/09\/canakkale-2-1-768x511.jpg 768w\" sizes=\"(max-width: 1000px) 100vw, 1000px\" \/><\/strong><\/span><\/p>\n<p class=\"MsoNormal\"><span style=\"mso-ansi-language: TR;\">D&uuml;nyan\u0131n en &ouml;nemli iki sava\u015f\u0131n\u0131n ya\u015fand\u0131\u011f\u0131, bir milletin kaderini de\u011fi\u015ftiren kadim topraklar\u0131n adresi Gelibolu Yar\u0131madas\u0131&#8230; Binlerce y\u0131ll\u0131k tarihi boyunca hakk\u0131nda onlarca destan yaz\u0131lan bu topraklar g&uuml;n geldi\u011finde kendi destan\u0131m\u0131z olmu\u015f. Troya ve I.D&uuml;nya Sava\u015f\u0131&#8217;n\u0131n merkezi olan topraklara bu kez her iki destan\u0131 an\u0131msamaya gidebilirsiniz. &Ouml;ncelikle ger&ccedil;ek bir kurtulu\u015f hikayesi olan I.D&uuml;nya Sava\u015f\u0131&#8217;nda kahramanl\u0131klara, m&uuml;cadelelere tan\u0131kl\u0131k eden <strong>Gelibolu Yar\u0131madas\u0131 Tarihi Milli Park\u0131<\/strong>&#8216;n\u0131 ziyaret edebilirsiniz. <em><strong>Kilitbahir Kalesi, Seyit Onba\u015f\u0131 An\u0131t\u0131 ve Mecidiye Tabyalar\u0131, 57. Alay \u015eehitli\u011fi, &Ccedil;anakkale \u015eehitler Abidesi, Conkbay\u0131r\u0131, Atat&uuml;rk An\u0131t\u0131 <\/strong><\/em>g&ouml;r&uuml;lmeli.<\/span><\/p>\n<p class=\"MsoNormal\" style=\"text-align: center;\"><span style=\"mso-ansi-language: TR;\"><img loading=\"lazy\" decoding=\"async\" class=\"alignnone size-full wp-image-4320\" src=\"https:\/\/www.julesverne.com.tr\/\/wp-content\/uploads\/2020\/09\/canakkale-1.jpg\" width=\"1000\" height=\"666\" alt=\"&ccedil;anakkale\" srcset=\"https:\/\/julesverne.com.tr\/wp-content\/uploads\/2020\/09\/canakkale-1.jpg 1000w, https:\/\/julesverne.com.tr\/wp-content\/uploads\/2020\/09\/canakkale-1-500x333.jpg 500w, https:\/\/julesverne.com.tr\/wp-content\/uploads\/2020\/09\/canakkale-1-768x511.jpg 768w\" sizes=\"(max-width: 1000px) 100vw, 1000px\" \/><\/span><\/p>\n<p class=\"MsoNormal\"><span style=\"mso-ansi-language: TR;\">&Ccedil;anakkale&#8217;nin bu y\u0131lki &ouml;nemi &ouml;nceki y\u0131llara g&ouml;re daha b&uuml;y&uuml;k. Troya Antik Kenti&#8217;nin UNESCO D&uuml;nya K&uuml;lt&uuml;r Miras\u0131 Listesine al\u0131nmas\u0131n\u0131n yirminci y\u0131l\u0131 sebebiyle <strong>2018 Troya Y\u0131l\u0131<\/strong> etkinlikleri b&uuml;y&uuml;k &ouml;neme sahip. Bu y\u0131l 6.s\u0131 d&uuml;zenlenen <strong>&Ccedil;anakkale Bienali<\/strong> de ilham\u0131n\u0131 Troya&#8217;dan al\u0131yor.&Ccedil;anakkale kent merkezi ve Troya b&ouml;lgesinde farkl\u0131 mek&acirc;nlarda 6 hafta s&uuml;resince gezilebilecek &Ccedil;anakkale Bienali 37 uluslararas\u0131 sanat&ccedil;\u0131n\u0131n eserlerini &ldquo;Ge&ccedil;mi\u015ften &Ouml;nce &ndash; Gelecekten Sonra&rdquo; ba\u015fl\u0131\u011f\u0131 alt\u0131nda bir araya getiriyor. Troya&#8217;y\u0131 yeniden canland\u0131ran ve Opet deste\u011fiyle yenilenen <strong><em>Tevfikiye Arkeo K&ouml;y&uuml;, Troya M&uuml;zesi<\/em><\/strong>, sanat merkezi <em><strong>MAHAL, Korfmann K&uuml;t&uuml;phanesi<\/strong> <\/em>bienalin ana mek&acirc;nlar\u0131 aras\u0131nda. 6. &Ccedil;anakkale Bienali 11 Kas\u0131m&#8217;a kadar devam ediyor. <\/span><\/p>\n<p class=\"MsoNormal\"><span style=\"mso-ansi-language: TR;\"><strong>Burgazada<\/strong><\/span><\/p>\n<p class=\"MsoNormal\" style=\"text-align: center;\"><span style=\"mso-ansi-language: TR;\"><strong><img loading=\"lazy\" decoding=\"async\" class=\"alignnone size-full wp-image-4321\" src=\"https:\/\/www.julesverne.com.tr\/\/wp-content\/uploads\/2020\/09\/burgazada_manzara-1.jpg\" width=\"1000\" height=\"641\" alt=\"burgazada\" srcset=\"https:\/\/julesverne.com.tr\/wp-content\/uploads\/2020\/09\/burgazada_manzara-1.jpg 1000w, https:\/\/julesverne.com.tr\/wp-content\/uploads\/2020\/09\/burgazada_manzara-1-500x321.jpg 500w, https:\/\/julesverne.com.tr\/wp-content\/uploads\/2020\/09\/burgazada_manzara-1-768x492.jpg 768w\" sizes=\"(max-width: 1000px) 100vw, 1000px\" \/><\/strong><\/span><\/p>\n<p class=\"MsoNormal\"><span style=\"mso-ansi-language: TR;\">Prens Adalar\u0131&rsquo;n\u0131n en zarif, en ye\u015fili bol, sokaklar\u0131nda dola\u015fmas\u0131 en keyifli adas\u0131 Burgazada&hellip; \u0130stanbul&rsquo;dan fazla uzakla\u015fmadan, \u015fehrin t&uuml;m kaosunu arkan\u0131zda b\u0131rak\u0131p ada havas\u0131 almak istiyorsan\u0131z hangi vapura binmeniz gerekti\u011fini biliyorsunuz! Osmanl\u0131 fethi &ouml;ncesinde Yunanca kale, bur&ccedil; anlam\u0131n\u0131 ta\u015f\u0131yan Pyrgos ismiyle an\u0131lan Burgazada &ccedil;am kokular\u0131 e\u015fli\u011finde bir huzur krall\u0131\u011f\u0131na davet ediyor. Adalar i&ccedil;erisinde daha az yerle\u015fim olmas\u0131 sayesinde daha sakin olan Burgazada gezi rehberi&hellip;<\/span><\/p>\n<p class=\"MsoNormal\" style=\"text-align: center;\"><span style=\"mso-ansi-language: TR;\"><img loading=\"lazy\" decoding=\"async\" class=\"alignnone size-full wp-image-4322\" src=\"https:\/\/www.julesverne.com.tr\/\/wp-content\/uploads\/2020\/09\/burgazada-1.jpg\" width=\"1000\" height=\"667\" alt=\"burgazada\" srcset=\"https:\/\/julesverne.com.tr\/wp-content\/uploads\/2020\/09\/burgazada-1.jpg 1000w, https:\/\/julesverne.com.tr\/wp-content\/uploads\/2020\/09\/burgazada-1-500x334.jpg 500w, https:\/\/julesverne.com.tr\/wp-content\/uploads\/2020\/09\/burgazada-1-768x512.jpg 768w\" sizes=\"(max-width: 1000px) 100vw, 1000px\" \/><\/span><\/p>\n<p class=\"MsoNormal\"><span style=\"mso-ansi-language: TR;\">Burgazada&rsquo;da hi&ccedil;bir \u015fey yapmak istemiyorsan\u0131z sadece &ccedil;am ormanlar\u0131 aras\u0131nda dola\u015f\u0131p, ah\u015fap k&ouml;\u015fklerle dolu sokaklar\u0131nda gezebilirsiniz. \u0130lk olarak 9. y&uuml;zy\u0131lda in\u015fa edilen ve 19.y&uuml;zy\u0131lda restore edilerek son g&ouml;r&uuml;n&uuml;m&uuml;ne kavu\u015fan<em><strong> Aya Yani Kilisesi<\/strong> <\/em>adan\u0131n sembol&uuml;. 1917 Bol\u015fevik Devrimi&rsquo;nden ka&ccedil;an Beyaz Ruslara kap\u0131lar\u0131n\u0131 a&ccedil;an Rum Ortodoks <em><strong>Aya Yorgi Garipi Kilisesi<\/strong><\/em>, ince i\u015f&ccedil;ili\u011fiyle <em><strong>Metamorfoz Manast\u0131r\u0131<\/strong><\/em>, her y\u0131l 6 A\u011fustos g&uuml;n&uuml; kutlanan Metamorfoz Yortusu kutlamas\u0131na ev sahipli\u011fi oluyor. T&uuml;rk &ccedil;a\u011fda\u015f hik&acirc;yecili\u011fine b&uuml;y&uuml;k izler b\u0131rakan T&uuml;rk edebiyat\u0131n\u0131n g&uuml;&ccedil;l&uuml; ismi <em><strong>Sait Faik Abas\u0131yan\u0131k<\/strong><\/em>&#8216;\u0131n hayat\u0131n\u0131 ge&ccedil;irdi\u011fi Burgazada&#8217;daki evi bug&uuml;n m&uuml;ze olarak hizmet veriyor. Yazar\u0131n hayat\u0131na ve eserlerine ait t&uuml;m detaylar\u0131 burada g&ouml;rebilirsiniz. \u0130stanbul&rsquo;a uzaktan bakmak,manzara e\u015fli\u011finde g&uuml;zel bir y&uuml;r&uuml;y&uuml;\u015f yapmak istiyorsan\u0131z <em><strong>Gezinti Yolu Caddesi<\/strong><\/em>&rsquo;ni takip edin.<\/span><\/p>\n<p class=\"MsoNormal\"><span style=\"mso-ansi-language: TR;\"><strong>Ayval\u0131k &ndash;Cunda<\/strong><\/span><\/p>\n<p class=\"MsoNormal\" style=\"text-align: center;\"><span style=\"mso-ansi-language: TR;\"><strong><img loading=\"lazy\" decoding=\"async\" class=\"alignnone size-full wp-image-4323\" src=\"https:\/\/www.julesverne.com.tr\/\/wp-content\/uploads\/2020\/09\/cunda-4.jpg\" width=\"1000\" height=\"611\" alt=\"cunda\" srcset=\"https:\/\/julesverne.com.tr\/wp-content\/uploads\/2020\/09\/cunda-4.jpg 1000w, https:\/\/julesverne.com.tr\/wp-content\/uploads\/2020\/09\/cunda-4-500x306.jpg 500w, https:\/\/julesverne.com.tr\/wp-content\/uploads\/2020\/09\/cunda-4-768x469.jpg 768w\" sizes=\"(max-width: 1000px) 100vw, 1000px\" \/><\/strong><\/span><\/p>\n<p class=\"MsoNormal\"><span style=\"mso-ansi-language: TR;\">T&uuml;rk ve Rum k&uuml;lt&uuml;rlerinin bu kadar g&uuml;zel harmanland\u0131\u011f\u0131 Ayval\u0131k-Cunda, m&uuml;badele d&ouml;neminin h&uuml;z&uuml;nl&uuml; hik&acirc;yeleri kadar gelece\u011fe \u0131\u015f\u0131k olan karde\u015flik an\u0131lar\u0131yla hala biricik hala en &ouml;zel&#8230; &Ccedil;am ormanlar\u0131n\u0131n, zeytin a\u011fa&ccedil;lar\u0131n\u0131n g&ouml;lgesinde, Arnavut kald\u0131r\u0131ml\u0131 dar sokaklar\u0131ndaki Rum evlerinin g&uuml;zelli\u011finde g&uuml;nden g&uuml;ne daha ya\u015fan\u0131l\u0131r, daha g&uuml;zel bir hal alan Ayval\u0131k ve Cunda Adas\u0131 sonbahar\u0131n son g&uuml;nlerinde sonsuz bir huzur ve mutluluk veriyor. Ayval\u0131k rehberi ve Cunda&rsquo;da gezilecek yerler listemizle 29 Ekim&rsquo;i doya doya ya\u015fay\u0131n. 18. ve 20. y&uuml;zy\u0131llar\u0131 aras\u0131nda g&uuml;&ccedil;l&uuml; bir liman ve k&uuml;lt&uuml;r kenti olan Ayval\u0131k&#8217;ta Ayval\u0131k adalar\u0131 ve Midilli manzaralar\u0131n\u0131 seyretmek i&ccedil;in <em><strong>\u015eeytan Sofras\u0131,<\/strong><\/em> ta\u015f <em><strong>Rum evleri<\/strong><\/em>, 1873 y\u0131l\u0131nda in\u015fa edilen zarif i\u015f&ccedil;ili\u011fiyle g&ouml;z dolduran <em><strong>Taksiyarhis Kilisesi<\/strong><\/em> mutlaka g&ouml;r&uuml;lmeli.<\/span><\/p>\n<p class=\"MsoNormal\" style=\"text-align: center;\"><span style=\"mso-ansi-language: TR;\"><img loading=\"lazy\" decoding=\"async\" class=\"alignnone size-full wp-image-4324\" src=\"https:\/\/www.julesverne.com.tr\/\/wp-content\/uploads\/2020\/09\/cunda_2.jpg\" width=\"1000\" height=\"662\" alt=\"cunda adas\u0131\" srcset=\"https:\/\/julesverne.com.tr\/wp-content\/uploads\/2020\/09\/cunda_2.jpg 1000w, https:\/\/julesverne.com.tr\/wp-content\/uploads\/2020\/09\/cunda_2-500x331.jpg 500w, https:\/\/julesverne.com.tr\/wp-content\/uploads\/2020\/09\/cunda_2-768x508.jpg 768w\" sizes=\"(max-width: 1000px) 100vw, 1000px\" \/><\/span><\/p>\n<p class=\"MsoNormal\"><span style=\"mso-ansi-language: TR;\">Bir yan\u0131 bohem ve karizmatik, bir yan\u0131 bakir ve huzurlu Cunda Adas\u0131 ise &ouml;zellikle Ko&ccedil; Ailesi&#8217;nin adan\u0131n k&uuml;lt&uuml;rel de\u011ferlerini ya\u015fatma &ccedil;abas\u0131, Sabanc\u0131 ve Boyner ailelerinin katt\u0131klar\u0131 ve adaya destekleri ba\u015fka bir &ccedil;ehreye kavu\u015ftu. Cunda&#8217;da ne yap\u0131l\u0131r diyorsan\u0131z:<br \/> Dalyan bo\u011faz\u0131nda, zeytinliklerle &ccedil;evrili olan ve bug&uuml;n Komili Ailesi&#8217;ne ait <em><strong>Leka Panaya Manast\u0131r\u0131<\/strong><\/em>, terk edilmi\u015f en eski <em><strong>Pateri&ccedil;a k&ouml;yleri, Ay I\u015f\u0131\u011f\u0131 Manast\u0131r\u0131<\/strong><\/em>, S<em><strong>evim ve Necdet Kent Kitapl\u0131\u011f\u0131 ve Agios Yannis Kilisesi<\/strong><\/em>&#8216;nin yer ald\u0131\u011f\u0131 <em><strong>&Acirc;\u015f\u0131klar Tepesi,<\/strong> <strong>Rahmi Ko&ccedil; M&uuml;zesi Taksiyarhis Kilisesi, Agia Tr\u0456y\u0430d\u0430 K\u0456l\u0456ses\u0456<\/strong><\/em>, G&uuml;vercin Adas\u0131&rsquo;nda bulunan ve sadece deniz yoluyla ula\u015f\u0131labilen <em><strong>K\u0131zlar Manast\u0131r\u0131<\/strong><\/em> g&ouml;r&uuml;lebilir. Cumartesi g&uuml;nleri kurulan<em><strong> Cunda Pazar\u0131<\/strong><\/em>&#8216;nda mutlaka tezg&acirc;hlar aras\u0131nda dola\u015fmay\u0131, <em><strong>Ta\u015f Kahve<\/strong><\/em>&#8216;de manzara e\u015fli\u011finde kahvenizi i&ccedil;meyi ve dar sokaklar\u0131ndaki tasar\u0131m d&uuml;kk&acirc;nlar\u0131n\u0131 ke\u015ffetmeyi unutmay\u0131n.<\/span><\/p>\n<p class=\"MsoNormal\"><span lang=\"EN-US\" style=\"color: black;\"><strong>Gaziantep<\/strong><\/span><\/p>\n<p class=\"MsoNormal\" style=\"text-align: center;\"><span lang=\"EN-US\" style=\"color: black;\"><strong><img loading=\"lazy\" decoding=\"async\" class=\"alignnone size-full wp-image-4325\" src=\"https:\/\/www.julesverne.com.tr\/\/wp-content\/uploads\/2020\/09\/zeugma.jpg\" width=\"1000\" height=\"700\" alt=\"gaziantep zeugma m&uuml;zesi\" srcset=\"https:\/\/julesverne.com.tr\/wp-content\/uploads\/2020\/09\/zeugma.jpg 1000w, https:\/\/julesverne.com.tr\/wp-content\/uploads\/2020\/09\/zeugma-500x350.jpg 500w, https:\/\/julesverne.com.tr\/wp-content\/uploads\/2020\/09\/zeugma-768x538.jpg 768w\" sizes=\"(max-width: 1000px) 100vw, 1000px\" \/><\/strong><\/span><\/p>\n<p class=\"MsoNormal\"><span style=\"mso-ansi-language: TR;\">7500 y\u0131ll\u0131k tarihiile Gaziantep ticaret ve k&uuml;lt&uuml;r yolu olarak onlarca medeniyetin kalk\u0131nmas\u0131na tan\u0131kl\u0131k etmi\u015f. Hitit, Pers, Bizans, Arap, Bizans gibi g&uuml;&ccedil;l&uuml; medeniyetlerin ya\u015fad\u0131\u011f\u0131 Gaziantep&#8217;te binlerce y\u0131ll\u0131k farkl\u0131 k&uuml;lt&uuml;rlerin izlerini bug&uuml;n de g&ouml;rebilirsiniz. Gaziantep&#8217;de gezilecek, g&ouml;r&uuml;lecek yerler ger&ccedil;ekten &ccedil;ok fazla.UNESCO taraf\u0131ndan &#8216;Yarat\u0131c\u0131 \u015eehirler A\u011f\u0131&#8217; listesindeki gurme \u015fehir Gaziantep&#8217;te lezzete de tarihe de sanata da doyaca\u011f\u0131n\u0131za emin olabilirsiniz.<\/span><\/p>\n<p class=\"MsoNormal\" style=\"text-align: center;\"><span style=\"mso-ansi-language: TR;\"><img loading=\"lazy\" decoding=\"async\" class=\"alignnone size-full wp-image-4326\" src=\"https:\/\/www.julesverne.com.tr\/\/wp-content\/uploads\/2020\/09\/halfeti-1.jpg\" width=\"1000\" height=\"634\" alt=\"halfeti\" srcset=\"https:\/\/julesverne.com.tr\/wp-content\/uploads\/2020\/09\/halfeti-1.jpg 1000w, https:\/\/julesverne.com.tr\/wp-content\/uploads\/2020\/09\/halfeti-1-500x317.jpg 500w, https:\/\/julesverne.com.tr\/wp-content\/uploads\/2020\/09\/halfeti-1-768x487.jpg 768w\" sizes=\"(max-width: 1000px) 100vw, 1000px\" \/><\/span><\/p>\n<p class=\"MsoNormal\"><span style=\"mso-ansi-language: TR;\">F\u0131rat Nehri k\u0131y\u0131lar\u0131nda kurulmu\u015f Zeugma antik kentimim Birecik Baraj\u0131 ile sular alt\u0131nda kalmadan hemen &ouml;nce kurtar\u0131lan etkileyici kal\u0131nt\u0131lar\u0131n\u0131n sergilendi\u011fi <em><strong>Zeugma M&uuml;zesi<\/strong><\/em> ba\u015fl\u0131 ba\u015f\u0131na bir sanat mabedi.Gaziantep&#8217;in en eski yerle\u015fim yerleri olan kale &ccedil;evresindeki mimari ve k&uuml;lt&uuml;rel yap\u0131lar\u0131n renovasyonu ile g&uuml;n y&uuml;z&uuml;ne &ccedil;\u0131kan<em><strong> K&uuml;lt&uuml;r Yolu<\/strong><\/em> ger&ccedil;ek bir k&uuml;lt&uuml;r yolculu\u011fu sunuyor. Ve elbette, Birecik Baraj\u0131 ile b&uuml;y&uuml;k b&ouml;l&uuml;m&uuml; sular alt\u0131nda kalan, Hristiyanl\u0131k dininin yay\u0131lmas\u0131na vesile olan <em><strong>Halfeti<\/strong> <\/em>ve <em><strong>Rumkale<\/strong> <\/em>hayranl\u0131k uyand\u0131r\u0131yor. Gaziantep&#8217;ten bahsederken u\u011framan\u0131z gereken yeme i&ccedil;me mek&acirc;nlar\u0131ndan bahsetmeden olmaz. <em><strong>Metanet Esnaf Lokantas\u0131, Bayaz Han, Halil Usta, &Uuml;&ccedil;ler Kebap, Evirge&ccedil; Mant\u0131&#8217;da&nbsp;<\/strong><\/em>yemekleri yedikten sonra<em><strong> Zekeriya Usta<\/strong><\/em>&#8216;da katmer, <em><strong>Ko&ccedil;ak<\/strong><\/em>&#8216;ta baklava yemek \u015fart.<\/span><\/p>\n<p class=\"MsoNormal\"><span lang=\"EN-US\" style=\"color: black;\"><strong>\u0130zmir-Efes Antik Kenti-\u015eirince<\/strong><\/span><\/p>\n<p class=\"MsoNormal\" style=\"text-align: center;\"><span lang=\"EN-US\" style=\"color: black;\"><strong><img loading=\"lazy\" decoding=\"async\" class=\"alignnone size-full wp-image-4327\" src=\"https:\/\/www.julesverne.com.tr\/\/wp-content\/uploads\/2020\/09\/izmir.jpg\" width=\"1000\" height=\"667\" alt=\"izmir\" srcset=\"https:\/\/julesverne.com.tr\/wp-content\/uploads\/2020\/09\/izmir.jpg 1000w, https:\/\/julesverne.com.tr\/wp-content\/uploads\/2020\/09\/izmir-500x334.jpg 500w, https:\/\/julesverne.com.tr\/wp-content\/uploads\/2020\/09\/izmir-768x512.jpg 768w\" sizes=\"(max-width: 1000px) 100vw, 1000px\" \/><\/strong><\/span><\/p>\n<p class=\"MsoNormal\"><span style=\"color: black; mso-ansi-language: TR;\">\u0130zmir&rsquo;de ne var? sorusundan ziyade sorulmas\u0131 gereken esas soru &ldquo;siz \u0130zmir&rsquo;de ne ya\u015famak istiyorsunuz?&rdquo;. Tarih, k&uuml;lt&uuml;r, e\u011flence, sanat, gurme&#8230; Mutlu insanlar\u0131n \u015fehri \u0130zmir&#8217;de <em><strong>Saat Kulesi, U\u015fakizade K&ouml;\u015fk&uuml;, Tarihi Asans&ouml;r, Atat&uuml;rk M&uuml;zesi, Agora Antik Kenti<\/strong><\/em> ile birlikte <strong>Kemeralt\u0131<\/strong>&#8216;n\u0131n tarihi hanlar\u0131yla \u0130zmir ke\u015ffine ba\u015flayabilirsiniz. <em>M&uuml;sevit Han\u0131, Selvili Han, Piyaleo\u011flu Han\u0131, K\u0131zlara\u011fas\u0131 Han\u0131, Abac\u0131o\u011flu Han\u0131<\/em> listenizde olmal\u0131. \u0130zmir&#8217;in sanat k&ouml;\u015felerinden <em><strong>Arkas Sanat Merkezi<\/strong><\/em>&rsquo;ni de ziyaret etmeyi ihmal etmeyin.<\/span><\/p>\n<p class=\"MsoNormal\" style=\"text-align: center;\"><span style=\"color: black; mso-ansi-language: TR;\"><img loading=\"lazy\" decoding=\"async\" class=\"alignnone size-full wp-image-4328\" src=\"https:\/\/www.julesverne.com.tr\/\/wp-content\/uploads\/2020\/09\/key_museum-1.jpg\" width=\"1000\" height=\"667\" alt=\"key museum\" srcset=\"https:\/\/julesverne.com.tr\/wp-content\/uploads\/2020\/09\/key_museum-1.jpg 1000w, https:\/\/julesverne.com.tr\/wp-content\/uploads\/2020\/09\/key_museum-1-500x334.jpg 500w, https:\/\/julesverne.com.tr\/wp-content\/uploads\/2020\/09\/key_museum-1-768x512.jpg 768w\" sizes=\"(max-width: 1000px) 100vw, 1000px\" \/><\/span><\/p>\n<p class=\"MsoNormal\"><span style=\"color: black; mso-ansi-language: TR;\">\u0130zmir&rsquo;e kadar gelmi\u015fken rotan\u0131z\u0131 uzat\u0131p <em><strong>Efes Antik Kenti<\/strong> <\/em>ve <em><strong>\u015eirince<\/strong><\/em>&rsquo;yi de g&ouml;rmenizi &ouml;neriyoruz. Hatta yolunuzun &uuml;zerinde, Torbal\u0131&rsquo;da yer alan <em><strong>Key Museum<\/strong><\/em>&rsquo;a birka&ccedil; saatinizi ay\u0131r\u0131n. Murat ve Selim &Ouml;zg&ouml;rkey&rsquo;in araba koleksiyonundan olu\u015fan m&uuml;zede 130&rsquo;un &uuml;zerinde araba, motosiklet ve araba modelleri bulunuyor. <\/span><\/p>\n<p class=\"MsoNormal\" style=\"text-align: center;\"><span style=\"color: black; mso-ansi-language: TR;\"><img loading=\"lazy\" decoding=\"async\" class=\"alignnone size-full wp-image-4329\" src=\"https:\/\/www.julesverne.com.tr\/\/wp-content\/uploads\/2020\/09\/efes.jpg\" width=\"1000\" height=\"708\" alt=\"efes antik kenti\" srcset=\"https:\/\/julesverne.com.tr\/wp-content\/uploads\/2020\/09\/efes.jpg 1000w, https:\/\/julesverne.com.tr\/wp-content\/uploads\/2020\/09\/efes-500x354.jpg 500w, https:\/\/julesverne.com.tr\/wp-content\/uploads\/2020\/09\/efes-768x544.jpg 768w\" sizes=\"(max-width: 1000px) 100vw, 1000px\" \/><\/span><\/p>\n<p class=\"MsoNormal\"><span style=\"color: black; mso-ansi-language: TR;\">M.&Ouml; 5000 y\u0131l\u0131na uzanan hik&acirc;yesiyle T&uuml;rkiye&#8217;nin en etkileyici antik kentlerinden biri olan Efes Antik Kenti, UNESCO D&uuml;nya K&uuml;lt&uuml;r Miras\u0131 listesinde yer al\u0131yor. Yakla\u015f\u0131k 9 bin y\u0131l s&uuml;ren kesintisiz bir ya\u015fam s&uuml;r&uuml;len antik kent g&uuml;n&uuml;m&uuml;ze kadar gelen en iyi korunmu\u015f sitelerden biri. Antik kentten sonra eski Rum evlerinin s\u0131cakl\u0131\u011f\u0131n\u0131 ta\u015f\u0131yan, Nesin Matematik K&ouml;y&uuml; ile fark yaratan \u015eirince K&ouml;y&uuml;&rsquo;nde mola verebilirsiniz. Sevimli sokaklar\u0131nda dola\u015f\u0131p, &ouml;nceden rezervasyonla Ni\u015fanyan Evleri&rsquo;nde g&uuml;zel bir yemek yemeyi de unutmay\u0131n.<\/span><\/p>\n<p class=\"MsoNormal\"><span lang=\"EN-US\" style=\"color: black;\"><strong>Mardin<\/strong><\/span><\/p>\n<p class=\"MsoNormal\" style=\"text-align: center;\"><span lang=\"EN-US\" style=\"color: black;\"><strong><img loading=\"lazy\" decoding=\"async\" class=\"alignnone size-full wp-image-4330\" src=\"https:\/\/www.julesverne.com.tr\/\/wp-content\/uploads\/2020\/09\/mardin-1.jpg\" width=\"1000\" height=\"667\" alt=\"mardin\" srcset=\"https:\/\/julesverne.com.tr\/wp-content\/uploads\/2020\/09\/mardin-1.jpg 1000w, https:\/\/julesverne.com.tr\/wp-content\/uploads\/2020\/09\/mardin-1-500x334.jpg 500w, https:\/\/julesverne.com.tr\/wp-content\/uploads\/2020\/09\/mardin-1-768x512.jpg 768w\" sizes=\"(max-width: 1000px) 100vw, 1000px\" \/><\/strong><\/span><\/p>\n<p class=\"MsoNormal\"><span style=\"color: black; mso-ansi-language: TR;\">Sokaklar\u0131nda gezerken Do\u011fu&rsquo;nun &uuml;nl&uuml; 1001 Gece Masallar\u0131&rsquo;n\u0131 ya\u015fatan bir \u015fehir d&uuml;\u015f&uuml;n&uuml;n! G&uuml;nd&uuml;zleri g&uuml;ne\u015fin sar\u0131 s\u0131cak tonlar\u0131 ile &ccedil;&ouml;l&uuml;n esrarengizli\u011fini &ccedil;a\u011fr\u0131\u015ft\u0131ran; geceleri ise bamba\u015fka bir siluete b&uuml;r&uuml;n&uuml;p alt\u0131n bir gerdanl\u0131\u011fa benzeyen&#8230; G&uuml;neydo\u011fu Anadolu&rsquo;nun masallar kenti Mardin&rsquo;in karakteristik sokaklar\u0131nda gezerken zamandan kopacak; Mezopotamya&rsquo;n\u0131n insan\u0131n ruhuna i\u015fleyen cazibesini asla unutamayacaks\u0131n\u0131z.<\/span><\/p>\n<p class=\"MsoNormal\" style=\"text-align: center;\"><span style=\"color: black; mso-ansi-language: TR;\"><img loading=\"lazy\" decoding=\"async\" class=\"alignnone size-full wp-image-4331\" src=\"https:\/\/www.julesverne.com.tr\/\/wp-content\/uploads\/2020\/09\/mardin-2.jpg\" width=\"1000\" height=\"667\" alt=\"mardin\" srcset=\"https:\/\/julesverne.com.tr\/wp-content\/uploads\/2020\/09\/mardin-2.jpg 1000w, https:\/\/julesverne.com.tr\/wp-content\/uploads\/2020\/09\/mardin-2-500x334.jpg 500w, https:\/\/julesverne.com.tr\/wp-content\/uploads\/2020\/09\/mardin-2-768x512.jpg 768w\" sizes=\"(max-width: 1000px) 100vw, 1000px\" \/><\/span><\/p>\n<p class=\"MsoNormal\"><span style=\"color: black; mso-ansi-language: TR;\">Mezapotamya&#8217;n\u0131n inci gibi i\u015flenen b&uuml;y&uuml;l&uuml; \u015fehri Mardin&#8230; Sokaklar\u0131nda dola\u015f\u0131rken kendinizi 1001 Gece Masallar\u0131nda ya\u015f\u0131yormu\u015f gibi hissedece\u011finiz Mardin&#8217;de g&uuml;nd&uuml;zleri g&uuml;ne\u015fin sar\u0131 s\u0131cak tonlar\u0131 &ccedil;&ouml;l&uuml; &ccedil;a\u011fr\u0131\u015ft\u0131r\u0131rken geceleri Mezapotamya Ovas\u0131&#8217;n\u0131n \u0131\u015f\u0131klar\u0131yla \u0131\u015f\u0131ld\u0131yor. Farkl\u0131 dinlerin, k&uuml;lt&uuml;rlerin y&uuml;zy\u0131llarca birlikte ya\u015fad\u0131\u011f\u0131 Mardin&#8217;de ad\u0131m att\u0131\u011f\u0131n\u0131z her k&ouml;\u015fede ruha dokunan bir hik&acirc;ye ile tan\u0131\u015facaks\u0131n\u0131z. Mardin&#8217;i anlayabilmek i&ccedil;in <em><strong>Deyrulzafaran Manast\u0131r\u0131&#8217;n\u0131, K\u0131rklar Kilisesi&#8217;ni, Cumhuriyet Meydan\u0131&#8217;n\u0131, Mardin &ccedil;ar\u015f\u0131lar\u0131n\u0131, Ulucami&#8217;yi, Deyrulumur (Mor Gabriel) Manast\u0131r\u0131<\/strong><\/em>&#8216;n\u0131 dola\u015f\u0131n. <em><strong>S&uuml;ryani ve Ezidi k&ouml;ylerini<\/strong> <\/em>ziyaret edin.<\/p>\n<p><\/span><\/p>\n<p style=\"text-align: center;\"><strong>Size &ouml;zel seyahat tasar\u0131m\u0131 ve rezervasyon i&ccedil;in:<\/strong><br \/><a href=\"mailto:travel@julesverne.com.tr\" target=\"_blank\" rel=\"noopener noreferrer\"><strong>travel@julesverne.com.tr<\/strong><\/a><br \/><strong>0212 266 6363 &#8211; 137<\/strong><\/p><\/p>\n","protected":false},"excerpt":{"rendered":"<p><span style=\"font-size: 11.0pt; line-height: 107%; font-family: 'Calibri',sans-serif; mso-ascii-theme-font: minor-latin; mso-fareast-font-family: Calibri; mso-fareast-theme-font: minor-latin; mso-hansi-theme-font: minor-latin; mso-bidi-font-family: 'Times New Roman'; mso-bidi-theme-font: minor-bidi; mso-ansi-language: TR; mso-fareast-language: EN-US; mso-bidi-language: AR-SA;\">29 Ekim Cumhuriyet Bayram\u0131&rsquo;n\u0131n bu y\u0131l Pazartesi g&uuml;n&uuml;ne denk gelmesiyle uzun hafta sonu tatili i&ccedil;in planlar yap\u0131lmaya ba\u015fland\u0131 bile.&nbsp;<\/span><span style=\"font-family: Calibri, sans-serif; font-size: 11pt;\">Ankara, Burgazada, Ayval\u0131k-Cunda, Gaziantep-Halfeti, &Ccedil;anakkale, \u0130zmir-\u015eirince, Mardin rotalar\u0131 ile T&uuml;rkiye&rsquo;yi ke\u015ffediyoruz.&nbsp;<\/span><\/p>\n","protected":false},"author":1,"featured_media":1997,"comment_status":"closed","ping_status":"closed","sticky":false,"template":"","format":"standard","meta":{"inline_featured_image":false,"footnotes":""},"categories":[1],"tags":[],"acf":[],"yoast_head":"<!-- This site is optimized with the Yoast SEO plugin v22.3 - https:\/\/yoast.com\/wordpress\/plugins\/seo\/ -->\n<title>29 Ekim Yurti\u00e7i Seyahat \u00d6nerileri - JULES VERNE BUSINESS MICE TRAVEL<\/title>\n<meta name=\"robots\" content=\"index, follow, max-snippet:-1, max-image-preview:large, max-video-preview:-1\" \/>\n<link rel=\"canonical\" href=\"https:\/\/julesverne.com.tr\/travel-blog\/29-ekim-yurtici-seyahat-onerileri\/\" \/>\n<meta property=\"og:locale\" content=\"en_US\" \/>\n<meta property=\"og:type\" content=\"article\" \/>\n<meta property=\"og:title\" content=\"29 Ekim Yurti\u00e7i Seyahat \u00d6nerileri - JULES VERNE BUSINESS MICE TRAVEL\" \/>\n<meta property=\"og:description\" content=\"29 Ekim Cumhuriyet Bayram\u0131&rsquo;n\u0131n bu y\u0131l Pazartesi g&uuml;n&uuml;ne denk gelmesiyle uzun hafta sonu tatili i&ccedil;in planlar yap\u0131lmaya ba\u015fland\u0131 bile.&nbsp;Ankara, Burgazada, Ayval\u0131k-Cunda, Gaziantep-Halfeti, &Ccedil;anakkale, \u0130zmir-\u015eirince, Mardin rotalar\u0131 ile T&uuml;rkiye&rsquo;yi ke\u015ffediyoruz.&nbsp;\" \/>\n<meta property=\"og:url\" content=\"https:\/\/julesverne.com.tr\/travel-blog\/29-ekim-yurtici-seyahat-onerileri\/\" \/>\n<meta property=\"og:site_name\" content=\"JULES VERNE BUSINESS MICE TRAVEL\" \/>\n<meta property=\"article:publisher\" content=\"https:\/\/www.facebook.com\/JulesVerneBusinessMiceTravel\/\" \/>\n<meta property=\"article:published_time\" content=\"2018-10-10T08:03:05+00:00\" \/>\n<meta property=\"article:modified_time\" content=\"2020-09-21T14:36:09+00:00\" \/>\n<meta property=\"og:image\" content=\"https:\/\/julesverne.com.tr\/wp-content\/uploads\/2020\/09\/yurtici.jpg\" \/>\n\t<meta property=\"og:image:width\" content=\"1000\" \/>\n\t<meta property=\"og:image:height\" content=\"651\" \/>\n\t<meta property=\"og:image:type\" content=\"image\/jpeg\" \/>\n<meta name=\"author\" content=\"fikirman\" \/>\n<meta name=\"twitter:card\" content=\"summary_large_image\" \/>\n<meta name=\"twitter:creator\" content=\"@JV_BusinessMice\" \/>\n<meta name=\"twitter:site\" content=\"@JV_BusinessMice\" \/>\n<meta name=\"twitter:label1\" content=\"Written by\" \/>\n\t<meta name=\"twitter:data1\" content=\"fikirman\" \/>\n\t<meta name=\"twitter:label2\" content=\"Est. reading time\" \/>\n\t<meta name=\"twitter:data2\" content=\"11 minutes\" \/>\n<script type=\"application\/ld+json\" class=\"yoast-schema-graph\">{\"@context\":\"https:\/\/schema.org\",\"@graph\":[{\"@type\":\"Article\",\"@id\":\"https:\/\/julesverne.com.tr\/travel-blog\/29-ekim-yurtici-seyahat-onerileri\/#article\",\"isPartOf\":{\"@id\":\"https:\/\/julesverne.com.tr\/travel-blog\/29-ekim-yurtici-seyahat-onerileri\/\"},\"author\":{\"name\":\"fikirman\",\"@id\":\"https:\/\/julesverne.com.tr\/#\/schema\/person\/f4eb0514ae455538644c31b99a466fdb\"},\"headline\":\"29 Ekim Yurti\u00e7i Seyahat \u00d6nerileri\",\"datePublished\":\"2018-10-10T08:03:05+00:00\",\"dateModified\":\"2020-09-21T14:36:09+00:00\",\"mainEntityOfPage\":{\"@id\":\"https:\/\/julesverne.com.tr\/travel-blog\/29-ekim-yurtici-seyahat-onerileri\/\"},\"wordCount\":2363,\"publisher\":{\"@id\":\"https:\/\/julesverne.com.tr\/#organization\"},\"image\":{\"@id\":\"https:\/\/julesverne.com.tr\/travel-blog\/29-ekim-yurtici-seyahat-onerileri\/#primaryimage\"},\"thumbnailUrl\":\"https:\/\/julesverne.com.tr\/wp-content\/uploads\/2020\/09\/yurtici.jpg\",\"articleSection\":[\"Blog\"],\"inLanguage\":\"en-US\"},{\"@type\":\"WebPage\",\"@id\":\"https:\/\/julesverne.com.tr\/travel-blog\/29-ekim-yurtici-seyahat-onerileri\/\",\"url\":\"https:\/\/julesverne.com.tr\/travel-blog\/29-ekim-yurtici-seyahat-onerileri\/\",\"name\":\"29 Ekim Yurti\u00e7i Seyahat \u00d6nerileri - JULES VERNE BUSINESS MICE TRAVEL\",\"isPartOf\":{\"@id\":\"https:\/\/julesverne.com.tr\/#website\"},\"primaryImageOfPage\":{\"@id\":\"https:\/\/julesverne.com.tr\/travel-blog\/29-ekim-yurtici-seyahat-onerileri\/#primaryimage\"},\"image\":{\"@id\":\"https:\/\/julesverne.com.tr\/travel-blog\/29-ekim-yurtici-seyahat-onerileri\/#primaryimage\"},\"thumbnailUrl\":\"https:\/\/julesverne.com.tr\/wp-content\/uploads\/2020\/09\/yurtici.jpg\",\"datePublished\":\"2018-10-10T08:03:05+00:00\",\"dateModified\":\"2020-09-21T14:36:09+00:00\",\"breadcrumb\":{\"@id\":\"https:\/\/julesverne.com.tr\/travel-blog\/29-ekim-yurtici-seyahat-onerileri\/#breadcrumb\"},\"inLanguage\":\"en-US\",\"potentialAction\":[{\"@type\":\"ReadAction\",\"target\":[\"https:\/\/julesverne.com.tr\/travel-blog\/29-ekim-yurtici-seyahat-onerileri\/\"]}]},{\"@type\":\"ImageObject\",\"inLanguage\":\"en-US\",\"@id\":\"https:\/\/julesverne.com.tr\/travel-blog\/29-ekim-yurtici-seyahat-onerileri\/#primaryimage\",\"url\":\"https:\/\/julesverne.com.tr\/wp-content\/uploads\/2020\/09\/yurtici.jpg\",\"contentUrl\":\"https:\/\/julesverne.com.tr\/wp-content\/uploads\/2020\/09\/yurtici.jpg\",\"width\":1000,\"height\":651},{\"@type\":\"BreadcrumbList\",\"@id\":\"https:\/\/julesverne.com.tr\/travel-blog\/29-ekim-yurtici-seyahat-onerileri\/#breadcrumb\",\"itemListElement\":[{\"@type\":\"ListItem\",\"position\":1,\"name\":\"Anasayfa\",\"item\":\"https:\/\/julesverne.com.tr\/\"},{\"@type\":\"ListItem\",\"position\":2,\"name\":\"29 Ekim Yurti\u00e7i Seyahat \u00d6nerileri\"}]},{\"@type\":\"WebSite\",\"@id\":\"https:\/\/julesverne.com.tr\/#website\",\"url\":\"https:\/\/julesverne.com.tr\/\",\"name\":\"JULES VERNE BUSINESS MICE TRAVEL\",\"description\":\"\",\"publisher\":{\"@id\":\"https:\/\/julesverne.com.tr\/#organization\"},\"potentialAction\":[{\"@type\":\"SearchAction\",\"target\":{\"@type\":\"EntryPoint\",\"urlTemplate\":\"https:\/\/julesverne.com.tr\/?s={search_term_string}\"},\"query-input\":\"required name=search_term_string\"}],\"inLanguage\":\"en-US\"},{\"@type\":\"Organization\",\"@id\":\"https:\/\/julesverne.com.tr\/#organization\",\"name\":\"JULES VERNE BUSINESS MICE TRAVEL\",\"url\":\"https:\/\/julesverne.com.tr\/\",\"logo\":{\"@type\":\"ImageObject\",\"inLanguage\":\"en-US\",\"@id\":\"https:\/\/julesverne.com.tr\/#\/schema\/logo\/image\/\",\"url\":\"https:\/\/julesverne.com.tr\/wp-content\/uploads\/2020\/09\/jv-bmt-logo.png\",\"contentUrl\":\"https:\/\/julesverne.com.tr\/wp-content\/uploads\/2020\/09\/jv-bmt-logo.png\",\"width\":110,\"height\":81,\"caption\":\"JULES VERNE BUSINESS MICE TRAVEL\"},\"image\":{\"@id\":\"https:\/\/julesverne.com.tr\/#\/schema\/logo\/image\/\"},\"sameAs\":[\"https:\/\/www.facebook.com\/JulesVerneBusinessMiceTravel\/\",\"https:\/\/twitter.com\/JV_BusinessMice\",\"https:\/\/www.instagram.com\/julesvernebusinessmicetravel\/\",\"https:\/\/www.linkedin.com\/company\/julesvernebusinessmicetravel\/\",\"https:\/\/www.youtube.com\/channel\/UCAwdsmbZ6tFhu1tea6pkpiw\"]},{\"@type\":\"Person\",\"@id\":\"https:\/\/julesverne.com.tr\/#\/schema\/person\/f4eb0514ae455538644c31b99a466fdb\",\"name\":\"fikirman\",\"sameAs\":[\"http:\/\/advermedya.net\/julesverne\"],\"url\":\"https:\/\/julesverne.com.tr\/en\/author\/fikirman\/\"}]}<\/script>\n<!-- \/ Yoast SEO plugin. -->","yoast_head_json":{"title":"29 Ekim Yurti\u00e7i Seyahat \u00d6nerileri - JULES VERNE BUSINESS MICE TRAVEL","robots":{"index":"index","follow":"follow","max-snippet":"max-snippet:-1","max-image-preview":"max-image-preview:large","max-video-preview":"max-video-preview:-1"},"canonical":"https:\/\/julesverne.com.tr\/travel-blog\/29-ekim-yurtici-seyahat-onerileri\/","og_locale":"en_US","og_type":"article","og_title":"29 Ekim Yurti\u00e7i Seyahat \u00d6nerileri - JULES VERNE BUSINESS MICE TRAVEL","og_description":"29 Ekim Cumhuriyet Bayram\u0131&rsquo;n\u0131n bu y\u0131l Pazartesi g&uuml;n&uuml;ne denk gelmesiyle uzun hafta sonu tatili i&ccedil;in planlar yap\u0131lmaya ba\u015fland\u0131 bile.&nbsp;Ankara, Burgazada, Ayval\u0131k-Cunda, Gaziantep-Halfeti, &Ccedil;anakkale, \u0130zmir-\u015eirince, Mardin rotalar\u0131 ile T&uuml;rkiye&rsquo;yi ke\u015ffediyoruz.&nbsp;","og_url":"https:\/\/julesverne.com.tr\/travel-blog\/29-ekim-yurtici-seyahat-onerileri\/","og_site_name":"JULES VERNE BUSINESS MICE TRAVEL","article_publisher":"https:\/\/www.facebook.com\/JulesVerneBusinessMiceTravel\/","article_published_time":"2018-10-10T08:03:05+00:00","article_modified_time":"2020-09-21T14:36:09+00:00","og_image":[{"width":1000,"height":651,"url":"https:\/\/julesverne.com.tr\/wp-content\/uploads\/2020\/09\/yurtici.jpg","type":"image\/jpeg"}],"author":"fikirman","twitter_card":"summary_large_image","twitter_creator":"@JV_BusinessMice","twitter_site":"@JV_BusinessMice","twitter_misc":{"Written by":"fikirman","Est. reading time":"11 minutes"},"schema":{"@context":"https:\/\/schema.org","@graph":[{"@type":"Article","@id":"https:\/\/julesverne.com.tr\/travel-blog\/29-ekim-yurtici-seyahat-onerileri\/#article","isPartOf":{"@id":"https:\/\/julesverne.com.tr\/travel-blog\/29-ekim-yurtici-seyahat-onerileri\/"},"author":{"name":"fikirman","@id":"https:\/\/julesverne.com.tr\/#\/schema\/person\/f4eb0514ae455538644c31b99a466fdb"},"headline":"29 Ekim Yurti\u00e7i Seyahat \u00d6nerileri","datePublished":"2018-10-10T08:03:05+00:00","dateModified":"2020-09-21T14:36:09+00:00","mainEntityOfPage":{"@id":"https:\/\/julesverne.com.tr\/travel-blog\/29-ekim-yurtici-seyahat-onerileri\/"},"wordCount":2363,"publisher":{"@id":"https:\/\/julesverne.com.tr\/#organization"},"image":{"@id":"https:\/\/julesverne.com.tr\/travel-blog\/29-ekim-yurtici-seyahat-onerileri\/#primaryimage"},"thumbnailUrl":"https:\/\/julesverne.com.tr\/wp-content\/uploads\/2020\/09\/yurtici.jpg","articleSection":["Blog"],"inLanguage":"en-US"},{"@type":"WebPage","@id":"https:\/\/julesverne.com.tr\/travel-blog\/29-ekim-yurtici-seyahat-onerileri\/","url":"https:\/\/julesverne.com.tr\/travel-blog\/29-ekim-yurtici-seyahat-onerileri\/","name":"29 Ekim Yurti\u00e7i Seyahat \u00d6nerileri - JULES VERNE BUSINESS MICE TRAVEL","isPartOf":{"@id":"https:\/\/julesverne.com.tr\/#website"},"primaryImageOfPage":{"@id":"https:\/\/julesverne.com.tr\/travel-blog\/29-ekim-yurtici-seyahat-onerileri\/#primaryimage"},"image":{"@id":"https:\/\/julesverne.com.tr\/travel-blog\/29-ekim-yurtici-seyahat-onerileri\/#primaryimage"},"thumbnailUrl":"https:\/\/julesverne.com.tr\/wp-content\/uploads\/2020\/09\/yurtici.jpg","datePublished":"2018-10-10T08:03:05+00:00","dateModified":"2020-09-21T14:36:09+00:00","breadcrumb":{"@id":"https:\/\/julesverne.com.tr\/travel-blog\/29-ekim-yurtici-seyahat-onerileri\/#breadcrumb"},"inLanguage":"en-US","potentialAction":[{"@type":"ReadAction","target":["https:\/\/julesverne.com.tr\/travel-blog\/29-ekim-yurtici-seyahat-onerileri\/"]}]},{"@type":"ImageObject","inLanguage":"en-US","@id":"https:\/\/julesverne.com.tr\/travel-blog\/29-ekim-yurtici-seyahat-onerileri\/#primaryimage","url":"https:\/\/julesverne.com.tr\/wp-content\/uploads\/2020\/09\/yurtici.jpg","contentUrl":"https:\/\/julesverne.com.tr\/wp-content\/uploads\/2020\/09\/yurtici.jpg","width":1000,"height":651},{"@type":"BreadcrumbList","@id":"https:\/\/julesverne.com.tr\/travel-blog\/29-ekim-yurtici-seyahat-onerileri\/#breadcrumb","itemListElement":[{"@type":"ListItem","position":1,"name":"Anasayfa","item":"https:\/\/julesverne.com.tr\/"},{"@type":"ListItem","position":2,"name":"29 Ekim Yurti\u00e7i Seyahat \u00d6nerileri"}]},{"@type":"WebSite","@id":"https:\/\/julesverne.com.tr\/#website","url":"https:\/\/julesverne.com.tr\/","name":"JULES VERNE BUSINESS MICE TRAVEL","description":"","publisher":{"@id":"https:\/\/julesverne.com.tr\/#organization"},"potentialAction":[{"@type":"SearchAction","target":{"@type":"EntryPoint","urlTemplate":"https:\/\/julesverne.com.tr\/?s={search_term_string}"},"query-input":"required name=search_term_string"}],"inLanguage":"en-US"},{"@type":"Organization","@id":"https:\/\/julesverne.com.tr\/#organization","name":"JULES VERNE BUSINESS MICE TRAVEL","url":"https:\/\/julesverne.com.tr\/","logo":{"@type":"ImageObject","inLanguage":"en-US","@id":"https:\/\/julesverne.com.tr\/#\/schema\/logo\/image\/","url":"https:\/\/julesverne.com.tr\/wp-content\/uploads\/2020\/09\/jv-bmt-logo.png","contentUrl":"https:\/\/julesverne.com.tr\/wp-content\/uploads\/2020\/09\/jv-bmt-logo.png","width":110,"height":81,"caption":"JULES VERNE BUSINESS MICE TRAVEL"},"image":{"@id":"https:\/\/julesverne.com.tr\/#\/schema\/logo\/image\/"},"sameAs":["https:\/\/www.facebook.com\/JulesVerneBusinessMiceTravel\/","https:\/\/twitter.com\/JV_BusinessMice","https:\/\/www.instagram.com\/julesvernebusinessmicetravel\/","https:\/\/www.linkedin.com\/company\/julesvernebusinessmicetravel\/","https:\/\/www.youtube.com\/channel\/UCAwdsmbZ6tFhu1tea6pkpiw"]},{"@type":"Person","@id":"https:\/\/julesverne.com.tr\/#\/schema\/person\/f4eb0514ae455538644c31b99a466fdb","name":"fikirman","sameAs":["http:\/\/advermedya.net\/julesverne"],"url":"https:\/\/julesverne.com.tr\/en\/author\/fikirman\/"}]}},"_links":{"self":[{"href":"https:\/\/julesverne.com.tr\/en\/wp-json\/wp\/v2\/posts\/1996"}],"collection":[{"href":"https:\/\/julesverne.com.tr\/en\/wp-json\/wp\/v2\/posts"}],"about":[{"href":"https:\/\/julesverne.com.tr\/en\/wp-json\/wp\/v2\/types\/post"}],"author":[{"embeddable":true,"href":"https:\/\/julesverne.com.tr\/en\/wp-json\/wp\/v2\/users\/1"}],"replies":[{"embeddable":true,"href":"https:\/\/julesverne.com.tr\/en\/wp-json\/wp\/v2\/comments?post=1996"}],"version-history":[{"count":0,"href":"https:\/\/julesverne.com.tr\/en\/wp-json\/wp\/v2\/posts\/1996\/revisions"}],"wp:featuredmedia":[{"embeddable":true,"href":"https:\/\/julesverne.com.tr\/en\/wp-json\/wp\/v2\/media\/1997"}],"wp:attachment":[{"href":"https:\/\/julesverne.com.tr\/en\/wp-json\/wp\/v2\/media?parent=1996"}],"wp:term":[{"taxonomy":"category","embeddable":true,"href":"https:\/\/julesverne.com.tr\/en\/wp-json\/wp\/v2\/categories?post=1996"},{"taxonomy":"post_tag","embeddable":true,"href":"https:\/\/julesverne.com.tr\/en\/wp-json\/wp\/v2\/tags?post=1996"}],"curies":[{"name":"wp","href":"https:\/\/api.w.org\/{rel}","templated":true}]}}