{"id":1988,"date":"2018-09-25T16:43:22","date_gmt":"2018-09-25T13:43:22","guid":{"rendered":"https:\/\/www.julesverne.com.tr\/\/blog\/avrupanin-gozde-spa-sehirlerinde-yenilenin\/"},"modified":"2021-03-04T15:17:25","modified_gmt":"2021-03-04T12:17:25","slug":"avrupanin-gozde-spa-sehirlerinde-yenilenin","status":"publish","type":"post","link":"https:\/\/julesverne.com.tr\/en\/travel-blog\/avrupanin-gozde-spa-sehirlerinde-yenilenin\/","title":{"rendered":"Avrupa\u2019n\u0131n G\u00f6zde SPA \u015eehirleri\u2019nde Yenilenin!"},"content":{"rendered":"<p><p style=\"text-align: center;\">&nbsp;<img loading=\"lazy\" decoding=\"async\" class=\"alignnone size-full wp-image-4365\" src=\"https:\/\/www.julesverne.com.tr\/\/wp-content\/uploads\/2020\/09\/spa_gorsel-1.jpg\" width=\"1000\" height=\"667\" alt=\"\" srcset=\"https:\/\/julesverne.com.tr\/wp-content\/uploads\/2020\/09\/spa_gorsel-1.jpg 1000w, https:\/\/julesverne.com.tr\/wp-content\/uploads\/2020\/09\/spa_gorsel-1-500x334.jpg 500w, https:\/\/julesverne.com.tr\/wp-content\/uploads\/2020\/09\/spa_gorsel-1-768x512.jpg 768w\" sizes=\"(max-width: 1000px) 100vw, 1000px\" \/><\/p>\n<p>Yaz tatilinin sonlanmas\u0131 ve s\u0131cakl\u0131klar\u0131n d&uuml;\u015fmesiyle birlikte kendimizi yenilemek ve dinlenmenin zaman\u0131 geldi diye d&uuml;\u015f&uuml;n&uuml;yoruz. Hem k\u0131\u015f mevsimine bedenen ve zihnen g&uuml;&ccedil;lenmi\u015f bir \u015fekilde merhaba demek hem de bu f\u0131rsat\u0131 de\u011ferlendirip Avrupa&rsquo;n\u0131n en g&uuml;zel SPA kasabalar\u0131n\u0131 ke\u015ffetmek istedik.&nbsp;<\/p>\n<p style=\"text-align: center;\"><img loading=\"lazy\" decoding=\"async\" class=\"alignnone size-full wp-image-4366\" src=\"https:\/\/www.julesverne.com.tr\/\/wp-content\/uploads\/2020\/09\/spa_town.jpg\" width=\"1000\" height=\"667\" alt=\"\" srcset=\"https:\/\/julesverne.com.tr\/wp-content\/uploads\/2020\/09\/spa_town.jpg 1000w, https:\/\/julesverne.com.tr\/wp-content\/uploads\/2020\/09\/spa_town-500x334.jpg 500w, https:\/\/julesverne.com.tr\/wp-content\/uploads\/2020\/09\/spa_town-768x512.jpg 768w\" sizes=\"(max-width: 1000px) 100vw, 1000px\" \/><\/p>\n<p>Sadece do\u011fan\u0131n ve suyun g&uuml;c&uuml;nden faydalanmakla kalmay\u0131p l&uuml;ks konaklamalar, birinci s\u0131n\u0131f yemek sunumlar\u0131 ve etkinliklerle kendinizi \u015f\u0131martman\u0131n tam zaman\u0131! Almanya&rsquo;dan Fransa&rsquo;ya; \u0130ngiltere&rsquo;den Portekiz&rsquo;e en cazip SPA \u015fehirleri&hellip;<\/p>\n<p><strong>Karlovy Vary, &Ccedil;ek Cumhuriyeti<\/strong><\/p>\n<p style=\"text-align: center;\"><img loading=\"lazy\" decoding=\"async\" class=\"alignnone size-full wp-image-4367\" src=\"https:\/\/www.julesverne.com.tr\/\/wp-content\/uploads\/2020\/09\/Karlovy_Vary.jpg\" width=\"1000\" height=\"667\" alt=\"\" srcset=\"https:\/\/julesverne.com.tr\/wp-content\/uploads\/2020\/09\/Karlovy_Vary.jpg 1000w, https:\/\/julesverne.com.tr\/wp-content\/uploads\/2020\/09\/Karlovy_Vary-500x334.jpg 500w, https:\/\/julesverne.com.tr\/wp-content\/uploads\/2020\/09\/Karlovy_Vary-768x512.jpg 768w\" sizes=\"(max-width: 1000px) 100vw, 1000px\" \/><\/p>\n<p>En g&uuml;zel SPA kasabalar\u0131na d&uuml;nyan\u0131n en &uuml;nl&uuml;s&uuml; Karlovy Vary ile ba\u015flayal\u0131m. Prag&#8217;a 1,5 saat uzakl\u0131ktaki \u015fehrin \u015fifal\u0131 sular\u0131 14. y&uuml;zy\u0131lda Kral 4. Karl taraf\u0131ndan avlan\u0131rken ke\u015ffedilmi\u015f. D&uuml;nya tarihine iz b\u0131rakan &uuml;nl&uuml;ler taraf\u0131ndan s\u0131k&ccedil;a ziyaret edilen \u015fehrin ismi ise &#8220;Kral\u0131n Banyosu&#8221; anlam\u0131na geliyor. Karl Marx, Sigmund Freud, Beethoven, Tolstoy ve Mustafa Kemal Atat&uuml;rk tarih boyunca bu \u015fehri ziyaret eden isimlerden. Tarihi ve Art Nouveau binalar\u0131, l&uuml;ks kapl\u0131ca otelleriyle &#8220;birka&ccedil; g&uuml;nl&uuml;k inziva i&ccedil;in ideal.&#8221;<\/p>\n<p>Cam sanat\u0131na adanan <em><strong>MOSER M&uuml;zesi<\/strong><\/em>, \u015fehir manzaras\u0131n\u0131 ayaklar alt\u0131na seren <em><strong>Hotel Thermal<\/strong><\/em>&rsquo;in &ccedil;at\u0131 havuzu, &Ccedil;ek Cumhuriyeti&rsquo;nin &ouml;zel i&ccedil;kisi Becherovka&rsquo;ya adanan <em><strong>Becherovka M&uuml;zesi<\/strong><\/em>&rsquo;ni g&ouml;r&uuml;lecekler listenize ekleyin.<\/p>\n<p><strong>Montecatini Terme, \u0130talya<\/strong><\/p>\n<p style=\"text-align: center;\"><img loading=\"lazy\" decoding=\"async\" class=\"alignnone size-full wp-image-4368\" src=\"https:\/\/www.julesverne.com.tr\/\/wp-content\/uploads\/2020\/09\/Montecatini_Terme.jpg\" width=\"1000\" height=\"664\" alt=\"\" srcset=\"https:\/\/julesverne.com.tr\/wp-content\/uploads\/2020\/09\/Montecatini_Terme.jpg 1000w, https:\/\/julesverne.com.tr\/wp-content\/uploads\/2020\/09\/Montecatini_Terme-500x332.jpg 500w, https:\/\/julesverne.com.tr\/wp-content\/uploads\/2020\/09\/Montecatini_Terme-768x510.jpg 768w\" sizes=\"(max-width: 1000px) 100vw, 1000px\" \/><\/p>\n<p>\u0130talya&#8217;n\u0131n sayg\u0131n ve en zengin ailelerinden biri olan, Floransa \u015fehrini Floransa yapan Medici Ailesi&#8217;nin bir ba\u015fka zenginli\u011fi Montecatini Terme kasabas\u0131. Floransa&#8217;ya 1 saat uzakl\u0131ktaki Montecatini Terme size tam da \u0130talyanlar\u0131n soylu ailelerinin ya\u015fad\u0131\u011f\u0131 hayat\u0131 ya\u015fatmakta iddial\u0131. Montecatini Terme&#8217;nin 20. y&uuml;zy\u0131l\u0131 ba\u015flar\u0131ndaki alt\u0131n &ccedil;a\u011f\u0131n\u0131 ka&ccedil;\u0131rm\u0131\u015f olsan\u0131z da bug&uuml;n de kasaba ihti\u015fam\u0131n\u0131 korumaya devam ediyor. L&uuml;ks kapl\u0131ca otelleri, \u015f\u0131k ma\u011fazalar\u0131 ve sokaklar\u0131yla sadece bir SPA merkezi olman\u0131n &ccedil;ok &ouml;tesinde. D&ouml;nemin ihti\u015fam\u0131n\u0131 ya\u015fatan mimari detaylarla kapl\u0131 kapl\u0131calarda &ccedil;amur banyolar\u0131ndan, balneo terapi ve hidroponik uygulamalara kadar bir&ccedil;ok tedaviyi deneyebilirsiniz.<\/p>\n<p>F&uuml;nik&uuml;ler ile ula\u015faca\u011f\u0131n\u0131z, kasaban\u0131n tepesinde yer alan <em><strong>Montecatini Alto<\/strong><\/em> semti, \u015fehrin en &ccedil;ekici Art Nouveau yap\u0131s\u0131 olan <em><strong>Terme Tettuccio<\/strong><\/em> binas\u0131, haval\u0131 kafe ve ma\u011fazalarla &ccedil;evrili <em><strong>Piazza del Popolo<\/strong><\/em> mutlaka g&ouml;r&uuml;lmeli.<\/p>\n<p><strong>Bath, \u0130ngiltere<\/strong><\/p>\n<p style=\"text-align: center;\"><img loading=\"lazy\" decoding=\"async\" class=\"alignnone size-full wp-image-4369\" src=\"https:\/\/www.julesverne.com.tr\/\/wp-content\/uploads\/2020\/09\/bath-1.jpg\" width=\"1000\" height=\"668\" alt=\"\" srcset=\"https:\/\/julesverne.com.tr\/wp-content\/uploads\/2020\/09\/bath-1.jpg 1000w, https:\/\/julesverne.com.tr\/wp-content\/uploads\/2020\/09\/bath-1-500x334.jpg 500w, https:\/\/julesverne.com.tr\/wp-content\/uploads\/2020\/09\/bath-1-768x513.jpg 768w\" sizes=\"(max-width: 1000px) 100vw, 1000px\" \/><\/p>\n<p>2000 y\u0131ldan uzun bir s&uuml;re &ouml;nce, Bath&#8217;in do\u011fal s\u0131cak sular\u0131ndan ilk faydalanan Keltler ve Romal\u0131lardan &ouml;\u011frenecek &ccedil;ok \u015fey var! Sadece s\u0131cak sular\u0131yla &uuml;nl&uuml; olmamas\u0131 ve k&uuml;lt&uuml;rel, mimari de\u011ferleriyle \u0130ngiltere&rsquo;nin en g&uuml;zel \u015fehirlerinden biri olmas\u0131 da bu \u015fehri &ouml;zel k\u0131l\u0131yor. Bath&#8217;in s\u0131ra d\u0131\u015f\u0131 mimari hazineleri, UNESCO D&uuml;nya Miras\u0131 listesine al\u0131narak ta&ccedil;land\u0131r\u0131l\u0131rken \u015fehir, d&uuml;nyan\u0131n en iyi korunan Roma hamamlar\u0131ndan birine de ev sahipli\u011fi yap\u0131yor. Sadece tarihi yap\u0131lar\u0131yla de\u011fil ayn\u0131 zamanda \u0130ngiliz edebiyat\u0131 i&ccedil;in de &ouml;nemli bir yer olan Bath \u0130ngiliz yazar Jane Austen&#8217;\u0131n ilham kayna\u011f\u0131 olmu\u015f.<\/p>\n<p style=\"text-align: center;\"><img loading=\"lazy\" decoding=\"async\" class=\"alignnone size-full wp-image-4370\" src=\"https:\/\/www.julesverne.com.tr\/\/wp-content\/uploads\/2020\/09\/bath_2.jpg\" width=\"1000\" height=\"667\" alt=\"\" srcset=\"https:\/\/julesverne.com.tr\/wp-content\/uploads\/2020\/09\/bath_2.jpg 1000w, https:\/\/julesverne.com.tr\/wp-content\/uploads\/2020\/09\/bath_2-500x334.jpg 500w, https:\/\/julesverne.com.tr\/wp-content\/uploads\/2020\/09\/bath_2-768x512.jpg 768w\" sizes=\"(max-width: 1000px) 100vw, 1000px\" \/><\/p>\n<p>Teras kat\u0131nda b&uuml;y&uuml;leyici \u015fehir manzaralar\u0131 sunan havuzuyla &uuml;nl&uuml; <em><strong>Thermae Bath Spa<\/strong><\/em>, vitray pencerelerle s&uuml;sl&uuml;<em><strong> Bath Abbey<\/strong><\/em>, 19.y&uuml;zy\u0131lda in\u015fa edilen <em><strong>Beckford&rsquo;s Tower,&nbsp; Beazer Gardens<\/strong><\/em>, tarihi binalarla &ccedil;erili <strong><em>The King&rsquo;s Circus<\/em><\/strong> caddesi, sevimli butiklerle dolu <em><strong>Milsom Street<\/strong><\/em>, 17.y&uuml;zy\u0131ldan g&uuml;n&uuml;m&uuml;ze uzanan &ouml;zel bir koleksiyona sahip <em><strong>Victoria Art Gallery<\/strong><\/em>, tarihi <em><strong>Pulteney K&ouml;pr&uuml;s&uuml;<\/strong><\/em>, 57 d&ouml;n&uuml;me yay\u0131lan <em><strong>Royal Victoria Park<\/strong><\/em> \u015fehrin cazibe noktalar\u0131. Bu ihti\u015faml\u0131 \u015fehri ku\u015fbak\u0131\u015f\u0131 g&ouml;rmek isterseniz s\u0131cak hava balonu ile gezintiye &ccedil;\u0131kabilirsiniz.<\/p>\n<p><strong>Vichy, Fransa<\/strong><\/p>\n<p style=\"text-align: center;\"><img loading=\"lazy\" decoding=\"async\" class=\"alignnone size-full wp-image-4371\" src=\"https:\/\/www.julesverne.com.tr\/\/wp-content\/uploads\/2020\/09\/vichy.jpg\" width=\"1000\" height=\"667\" alt=\"\" srcset=\"https:\/\/julesverne.com.tr\/wp-content\/uploads\/2020\/09\/vichy.jpg 1000w, https:\/\/julesverne.com.tr\/wp-content\/uploads\/2020\/09\/vichy-500x334.jpg 500w, https:\/\/julesverne.com.tr\/wp-content\/uploads\/2020\/09\/vichy-768x512.jpg 768w\" sizes=\"(max-width: 1000px) 100vw, 1000px\" \/><\/p>\n<p>Auvergne b&ouml;lgesinde konumlanan nam-\u0131 de\u011fer &ldquo;spa kentlerinin krali&ccedil;esi&rdquo; Vichy&#8217;de hem siz yenilenin hem de Belle Epoque ihti\u015fam\u0131n\u0131 ya\u015fay\u0131n! 16&#8217;nc\u0131 y&uuml;zy\u0131l\u0131n sonlar\u0131ndan beri sa\u011fl\u0131k ve tedavi ama&ccedil;l\u0131 misafirlerini a\u011f\u0131rlayan kasaban\u0131n as\u0131l y&uuml;kseli\u015fi Napoleon III&#8217;&uuml;n bu kasabaya yapt\u0131\u011f\u0131 yat\u0131r\u0131mlarla oldu. Opera-Casino, parklar ve yollar bu d&ouml;nemde yapt\u0131r\u0131lm\u0131\u015f.&nbsp;<\/p>\n<p>Bug&uuml;n Art Deco, Art Nouveau binalar\u0131 ve \u015f\u0131k termal b&ouml;l&uuml;mleriyle an\u0131lan kasabada <em><strong>Vichy C&eacute;l&eacute;stins Spa Hotel<\/strong> <\/em>bizim favorimiz. Mimarisiyle<em><strong> &Eacute;glise Saint-Blaise de Vichy, Napoleon III Park, Maisons anglaises<\/strong><\/em>, 20. y&uuml;zy\u0131l ba\u015flar\u0131nda in\u015fa edilen <em><strong>Op&eacute;ra de Vichy<\/strong><\/em> ziyaret etmeniz gereken yerlerden.<\/p>\n<p><strong>Baden Baden, Almanya<\/strong><\/p>\n<p style=\"text-align: center;\"><img loading=\"lazy\" decoding=\"async\" class=\"alignnone size-full wp-image-4372\" src=\"https:\/\/www.julesverne.com.tr\/\/wp-content\/uploads\/2020\/09\/baden_baden_2.jpg\" width=\"990\" height=\"660\" alt=\"\" srcset=\"https:\/\/julesverne.com.tr\/wp-content\/uploads\/2020\/09\/baden_baden_2.jpg 990w, https:\/\/julesverne.com.tr\/wp-content\/uploads\/2020\/09\/baden_baden_2-500x333.jpg 500w, https:\/\/julesverne.com.tr\/wp-content\/uploads\/2020\/09\/baden_baden_2-768x512.jpg 768w\" sizes=\"(max-width: 990px) 100vw, 990px\" \/><\/p>\n<p>Almanya&#8217;n\u0131n SPA merkezi konumundaki Baden Baden&#8217;e gelince bu s\u0131fat\u0131 neden ald\u0131\u011f\u0131n\u0131 kolayl\u0131kla anlayabiliyorssunuz. Yemye\u015fil do\u011fas\u0131, kapl\u0131calar\u0131 ve wellness otelleriyle Krali&ccedil;e Victoria, Obama&#8217;dan jetset&#8217;e kadar iddial\u0131 isimleri uzun y\u0131llard\u0131r a\u011f\u0131rl\u0131yor. Ren Nehri ve Murg Vadisi manzaralar\u0131yla dolu \u015fehir &ouml;zellikle huzur ve sakinlik i&ccedil;erisinde yenilenmek isteyenlerin tercihi oluyor. De\u011fi\u015fen s\u0131cakl\u0131klarla 17 basamakl\u0131 bir rit&uuml;el olan termal havuzlar\u0131yla &uuml;nl&uuml; Friedrichsbad \u015fehrin en &uuml;nl&uuml; termal merkezi. 1980&#8217;li y\u0131llar\u0131n trendlerinden esinlenen cam kubbesi ve mermer s&uuml;tunlar\u0131yla ihti\u015faml\u0131 duran Caracalla SPA&#8217;y\u0131 da denemelisiniz.<\/p>\n<p style=\"text-align: center;\"><img loading=\"lazy\" decoding=\"async\" class=\"alignnone size-full wp-image-4373\" src=\"https:\/\/www.julesverne.com.tr\/\/wp-content\/uploads\/2020\/09\/baden_baden.jpg\" width=\"1000\" height=\"662\" alt=\"\" srcset=\"https:\/\/julesverne.com.tr\/wp-content\/uploads\/2020\/09\/baden_baden.jpg 1000w, https:\/\/julesverne.com.tr\/wp-content\/uploads\/2020\/09\/baden_baden-500x331.jpg 500w, https:\/\/julesverne.com.tr\/wp-content\/uploads\/2020\/09\/baden_baden-768x508.jpg 768w\" sizes=\"(max-width: 1000px) 100vw, 1000px\" \/><\/p>\n<p>Dostoyevski&rsquo;nin Kumarbaz isimli roman\u0131n\u0131n konusuna ilham olan Baden Baden&#8217;de &ccedil;a\u011fda\u015f sanat m&uuml;zesi <em><strong>Museum Frieder Burda<\/strong><\/em>, Florentine Tepesi&#8217;nde t&uuml;m \u0131\u015f\u0131lt\u0131s\u0131yla g&ouml;r&uuml;nen <em><strong>Neues Schloss<\/strong><\/em>, b&ouml;lgede bulunan kara orman ile Ren Nehri manzaralar\u0131n\u0131 sunan <em><strong>Altes Schloss<\/strong><\/em>, Baden Baden&rsquo;nin ilk kilisesi <em><strong>Stiftskirche<\/strong><\/em>, &ccedil;e\u015fmeler ve heykellerle s&uuml;sl&uuml; <em><strong>Lichtentaler Allee Park\u0131<\/strong><\/em>, y&uuml;zlerce g&uuml;l &ccedil;e\u015fidine sahip <em><strong>G&ouml;nneranlage<\/strong><\/em> \u015fehirde g&ouml;rmeniz gereken yerlerden.<\/p>\n<p><strong>Spa, Bel&ccedil;ika<\/strong><\/p>\n<p style=\"text-align: center;\"><img loading=\"lazy\" decoding=\"async\" class=\"alignnone size-full wp-image-4374\" src=\"https:\/\/www.julesverne.com.tr\/\/wp-content\/uploads\/2020\/09\/spa.jpg\" width=\"800\" height=\"600\" alt=\"\" srcset=\"https:\/\/julesverne.com.tr\/wp-content\/uploads\/2020\/09\/spa.jpg 800w, https:\/\/julesverne.com.tr\/wp-content\/uploads\/2020\/09\/spa-500x375.jpg 500w, https:\/\/julesverne.com.tr\/wp-content\/uploads\/2020\/09\/spa-768x576.jpg 768w\" sizes=\"(max-width: 800px) 100vw, 800px\" \/><\/p>\n<p>Bel&ccedil;ika&#8217;n\u0131n &uuml;nl&uuml; kapl\u0131ca kenti Spa, modern bir kapl\u0131ca kentinden bekledi\u011finiz her \u015feyi sunuyor. \u015eifal\u0131 sular akan &ccedil;e\u015fmelerden s\u0131cak sular\u0131n y&uuml;zeye f\u0131\u015fk\u0131rd\u0131\u011f\u0131 gayzerlere kadar kapl\u0131ca cazibesine dair her detay burada! I. Petro&#8217;nun 1717 y\u0131l\u0131nda buraya gelmesiyle Avrupal\u0131 aristokratlara ilham olmas\u0131 \u015fehrin &uuml;n&uuml;ne &uuml;n katt\u0131. K\u0131sa s&uuml;rede haval\u0131 bir bulu\u015fma noktas\u0131na d&ouml;n&uuml;\u015fen Spa&#8217;da cam kubbeli havuzlar, y&uuml;r&uuml;y&uuml;\u015f parkurlar\u0131, g&ouml;steri\u015fli oteller ve d&uuml;nyan\u0131n ilk kumarhaneleri burada in\u015fa edilmeye ba\u015fland\u0131.<\/p>\n<p>Spa \u015fehrine kadar gelmi\u015fken 25 km mesafedeki <em><strong>Li&egrave;ge<\/strong><\/em> \u015fehrini de ziyaret edebilirsiniz. K&uuml;lt&uuml;rel ve tarihi de\u011ferlerle dolu olan \u015fehri bir g&uuml;nde ke\u015ffetmek m&uuml;mk&uuml;n.<\/p>\n<p><strong>Vidago, Portekiz<\/strong><\/p>\n<p style=\"text-align: center;\"><img loading=\"lazy\" decoding=\"async\" class=\"alignnone size-full wp-image-4375\" src=\"https:\/\/www.julesverne.com.tr\/\/wp-content\/uploads\/2020\/09\/vidago.jpg\" width=\"710\" height=\"473\" alt=\"\" srcset=\"https:\/\/julesverne.com.tr\/wp-content\/uploads\/2020\/09\/vidago.jpg 710w, https:\/\/julesverne.com.tr\/wp-content\/uploads\/2020\/09\/vidago-500x333.jpg 500w\" sizes=\"(max-width: 710px) 100vw, 710px\" \/><\/p>\n<p>20.y&uuml;zy\u0131l ba\u015flar\u0131nda Portekizli kraliyet &uuml;yeleri Vidago&#8217;nun &ccedil;am ormanlar\u0131nda y&uuml;r&uuml;y&uuml;\u015f yap\u0131p, \u015fifal\u0131 sular\u0131ndan faydalanmay\u0131 &ccedil;oktan al\u0131\u015fkanl\u0131k haline getirmi\u015flerdi&#8230; Bug&uuml;n, Portekiz&#8217;in kuzey s\u0131n\u0131r\u0131n\u0131n yak\u0131n\u0131ndaki Tr&agrave;s-os-Montes&#8217;un engebeli b&ouml;lgesinde bulunan saf granitten &ccedil;ekilen karbonatl\u0131 kaynak suyu kapl\u0131ca kasabas\u0131nda hala \u015fi\u015feleniyor. Bug&uuml;n, Portekiz&#8217;in kuzey s\u0131n\u0131r\u0131n\u0131n yak\u0131n\u0131ndaki Tr&agrave;s-os-Montes&#8217;un engebeli b&ouml;lgesinde bulunan saf granitten &ccedil;ekilen karbonatl\u0131 kaynak suyu kapl\u0131ca kasabas\u0131nda hala \u015fi\u015feleniyor.<\/p>\n<p>Vidago&#8217;daki favori spa oteli ise 1910 y\u0131l\u0131nda in\u015fa edilen ve g&ouml;steri\u015fli bir saray mimarisine sahip olan <em><strong>Vidago Palace<\/strong><\/em>. &Ouml;d&uuml;ll&uuml; mimar &Aacute;lvaro Siza taraf\u0131ndan tasarlanan &ccedil;a\u011fda\u015f 21.000 metrekarelik spa&#8217;s\u0131nda Vidago&#8217;nun \u015fifal\u0131 sular\u0131yla haz\u0131rlanan uygulama e tedavilerden faydalanabilirsiniz. Hidromasajl\u0131 k&uuml;vetlerden jet du\u015flar\u0131na kadar pek &ccedil;ok farkl\u0131 tedavi se&ccedil;ene\u011fi mevcut.<\/p>\n<p><strong>H&eacute;viz, Macaristan<\/strong><\/p>\n<p style=\"text-align: center;\"><img loading=\"lazy\" decoding=\"async\" class=\"alignnone size-full wp-image-4376\" src=\"https:\/\/www.julesverne.com.tr\/\/wp-content\/uploads\/2020\/09\/heviz.jpg\" width=\"1000\" height=\"679\" alt=\"\" srcset=\"https:\/\/julesverne.com.tr\/wp-content\/uploads\/2020\/09\/heviz.jpg 1000w, https:\/\/julesverne.com.tr\/wp-content\/uploads\/2020\/09\/heviz-500x340.jpg 500w, https:\/\/julesverne.com.tr\/wp-content\/uploads\/2020\/09\/heviz-768x521.jpg 768w\" sizes=\"(max-width: 1000px) 100vw, 1000px\" \/><\/p>\n<p>Budape\u015fte&#8217;den 2 saat araba yolculu\u011fu ile ula\u015faca\u011f\u0131n\u0131z H&eacute;v&iacute;z, d&uuml;nyan\u0131n en b&uuml;y&uuml;k ikinci aktif do\u011fal termal g&ouml;l&uuml;ne sahip. &Uuml;lkenin en haval\u0131 spa \u015fehirlerinden H&eacute;viz, g&ouml;l&uuml;ndeki faydal\u0131 mineraller sayesinde d&uuml;nyan\u0131n d&ouml;rt bir yan\u0131ndan ziyaret&ccedil;i topluyor. Bir&ccedil;ok rahats\u0131zl\u0131\u011f\u0131 tedavi etti\u011fi s&ouml;ylenen H&eacute;viz G&ouml;l&uuml; &ccedil;evresindeki SPA merkezlerinde t\u0131bbi &ccedil;amur tedavileri, ya\u015fam\u0131 bahara &ccedil;eviren masaj tedavisi anlam\u0131na gelen &#8220;yumeiho&#8221; ve nil&uuml;fer &ccedil;i&ccedil;e\u011finden haz\u0131rlanan v&uuml;cut peelingleri bu \u015fehrin en g&ouml;zde tedavi ve terapi se&ccedil;eneklerinden.<\/p>\n<p><strong>BONUS: Blue Lagoon, \u0130zlanda<\/strong><\/p>\n<p><strong>The Retreat at the Blue Lagoon<\/strong><\/p>\n<p style=\"text-align: center;\"><img loading=\"lazy\" decoding=\"async\" class=\"alignnone size-full wp-image-4377\" src=\"https:\/\/www.julesverne.com.tr\/\/wp-content\/uploads\/2020\/09\/blue_lagoon-1.jpg\" width=\"1000\" height=\"600\" alt=\"\" srcset=\"https:\/\/julesverne.com.tr\/wp-content\/uploads\/2020\/09\/blue_lagoon-1.jpg 1000w, https:\/\/julesverne.com.tr\/wp-content\/uploads\/2020\/09\/blue_lagoon-1-500x300.jpg 500w, https:\/\/julesverne.com.tr\/wp-content\/uploads\/2020\/09\/blue_lagoon-1-768x461.jpg 768w\" sizes=\"(max-width: 1000px) 100vw, 1000px\" \/><\/p>\n<p>\u0130zlanda&#8217;da faydalanabilece\u011finiz bir&ccedil;ok kapl\u0131ca olsa da en organize \u015fekilde tesisle\u015fen ve yeni a&ccedil;\u0131lan &ccedil;a\u011fda\u015f oteliyle daha da ilgi &ccedil;ekici bir hal alan Blue Lagoon bizim favorimiz. Y\u0131l boyunca 37-39 derece s\u0131cakl\u0131\u011f\u0131 olan jeotermal su &ouml;zellikle Silis ve S&uuml;lf&uuml;r bak\u0131m\u0131ndan olduk&ccedil;a zengin. Nisan 2018&#8217;de a&ccedil;\u0131lan Retreat at Blue Lagoon Iceland, \u015fa\u015f\u0131rt\u0131c\u0131 bir yeralt\u0131 spa&#8217;s\u0131, termal havuzu, do\u011fayla i&ccedil; i&ccedil;e l&uuml;ks stiliyle hem yeni deneyimlere hem de bedenen yenilenmeye g&ouml;z k\u0131rp\u0131yor.<\/p>\n<p style=\"text-align: center;\"><strong>Detayl\u0131&nbsp;bilgi ve rezervasyon i&ccedil;in:<\/strong><br \/><a href=\"mailto:travel@julesverne.com.tr\" target=\"_blank\" rel=\"noopener noreferrer\"><strong>travel@julesverne.com.tr<\/strong><\/a><br \/><strong>0212 266 6363 &#8211; 118<\/strong><\/p><\/p>\n","protected":false},"excerpt":{"rendered":"<p>Sadece do\u011fan\u0131n ve suyun g&uuml;c&uuml;nden faydalanmakla kalmay\u0131p l&uuml;ks konaklamalar, birinci s\u0131n\u0131f yemek sunumlar\u0131 ve etkinliklerle kendinizi \u015f\u0131martman\u0131n tam zaman\u0131! Almanya&rsquo;dan Fransa&rsquo;ya; \u0130ngiltere&rsquo;den Portekiz&rsquo;e en cazip SPA \u015fehirleri&hellip;<\/p>\n","protected":false},"author":1,"featured_media":1989,"comment_status":"closed","ping_status":"closed","sticky":false,"template":"","format":"standard","meta":{"inline_featured_image":false,"footnotes":""},"categories":[38,1,39,41],"tags":[],"acf":[],"yoast_head":"<!-- This site is optimized with the Yoast SEO plugin v22.3 - https:\/\/yoast.com\/wordpress\/plugins\/seo\/ -->\n<title>Avrupa\u2019n\u0131n G\u00f6zde SPA \u015eehirleri\u2019nde Yenilenin! - JULES VERNE BUSINESS MICE TRAVEL<\/title>\n<meta name=\"robots\" content=\"index, follow, max-snippet:-1, max-image-preview:large, max-video-preview:-1\" \/>\n<link rel=\"canonical\" href=\"https:\/\/julesverne.com.tr\/travel-blog\/avrupanin-gozde-spa-sehirlerinde-yenilenin\/\" \/>\n<meta property=\"og:locale\" content=\"en_US\" \/>\n<meta property=\"og:type\" content=\"article\" \/>\n<meta property=\"og:title\" content=\"Avrupa\u2019n\u0131n G\u00f6zde SPA \u015eehirleri\u2019nde Yenilenin! - JULES VERNE BUSINESS MICE TRAVEL\" \/>\n<meta property=\"og:description\" content=\"Sadece do\u011fan\u0131n ve suyun g&uuml;c&uuml;nden faydalanmakla kalmay\u0131p l&uuml;ks konaklamalar, birinci s\u0131n\u0131f yemek sunumlar\u0131 ve etkinliklerle kendinizi \u015f\u0131martman\u0131n tam zaman\u0131! Almanya&rsquo;dan Fransa&rsquo;ya; \u0130ngiltere&rsquo;den Portekiz&rsquo;e en cazip SPA \u015fehirleri&hellip;\" \/>\n<meta property=\"og:url\" content=\"https:\/\/julesverne.com.tr\/travel-blog\/avrupanin-gozde-spa-sehirlerinde-yenilenin\/\" \/>\n<meta property=\"og:site_name\" content=\"JULES VERNE BUSINESS MICE TRAVEL\" \/>\n<meta property=\"article:publisher\" content=\"https:\/\/www.facebook.com\/JulesVerneBusinessMiceTravel\/\" \/>\n<meta property=\"article:published_time\" content=\"2018-09-25T13:43:22+00:00\" \/>\n<meta property=\"article:modified_time\" content=\"2021-03-04T12:17:25+00:00\" \/>\n<meta property=\"og:image\" content=\"https:\/\/julesverne.com.tr\/wp-content\/uploads\/2020\/09\/spa_gorsel.jpg\" \/>\n\t<meta property=\"og:image:width\" content=\"1000\" \/>\n\t<meta property=\"og:image:height\" content=\"667\" \/>\n\t<meta property=\"og:image:type\" content=\"image\/jpeg\" \/>\n<meta name=\"author\" content=\"fikirman\" \/>\n<meta name=\"twitter:card\" content=\"summary_large_image\" \/>\n<meta name=\"twitter:creator\" content=\"@JV_BusinessMice\" \/>\n<meta name=\"twitter:site\" content=\"@JV_BusinessMice\" \/>\n<meta name=\"twitter:label1\" content=\"Written by\" \/>\n\t<meta name=\"twitter:data1\" content=\"fikirman\" \/>\n\t<meta name=\"twitter:label2\" content=\"Est. reading time\" \/>\n\t<meta name=\"twitter:data2\" content=\"8 minutes\" \/>\n<script type=\"application\/ld+json\" class=\"yoast-schema-graph\">{\"@context\":\"https:\/\/schema.org\",\"@graph\":[{\"@type\":\"Article\",\"@id\":\"https:\/\/julesverne.com.tr\/travel-blog\/avrupanin-gozde-spa-sehirlerinde-yenilenin\/#article\",\"isPartOf\":{\"@id\":\"https:\/\/julesverne.com.tr\/travel-blog\/avrupanin-gozde-spa-sehirlerinde-yenilenin\/\"},\"author\":{\"name\":\"fikirman\",\"@id\":\"https:\/\/julesverne.com.tr\/#\/schema\/person\/f4eb0514ae455538644c31b99a466fdb\"},\"headline\":\"Avrupa\u2019n\u0131n G\u00f6zde SPA \u015eehirleri\u2019nde Yenilenin!\",\"datePublished\":\"2018-09-25T13:43:22+00:00\",\"dateModified\":\"2021-03-04T12:17:25+00:00\",\"mainEntityOfPage\":{\"@id\":\"https:\/\/julesverne.com.tr\/travel-blog\/avrupanin-gozde-spa-sehirlerinde-yenilenin\/\"},\"wordCount\":1642,\"publisher\":{\"@id\":\"https:\/\/julesverne.com.tr\/#organization\"},\"image\":{\"@id\":\"https:\/\/julesverne.com.tr\/travel-blog\/avrupanin-gozde-spa-sehirlerinde-yenilenin\/#primaryimage\"},\"thumbnailUrl\":\"https:\/\/julesverne.com.tr\/wp-content\/uploads\/2020\/09\/spa_gorsel.jpg\",\"articleSection\":[\"\u0130lham Veren Destinasyonlar\",\"Blog\",\"Nereye Gitsek?\",\"Seyahat Trendleri\"],\"inLanguage\":\"en-US\"},{\"@type\":\"WebPage\",\"@id\":\"https:\/\/julesverne.com.tr\/travel-blog\/avrupanin-gozde-spa-sehirlerinde-yenilenin\/\",\"url\":\"https:\/\/julesverne.com.tr\/travel-blog\/avrupanin-gozde-spa-sehirlerinde-yenilenin\/\",\"name\":\"Avrupa\u2019n\u0131n G\u00f6zde SPA \u015eehirleri\u2019nde Yenilenin! - JULES VERNE BUSINESS MICE TRAVEL\",\"isPartOf\":{\"@id\":\"https:\/\/julesverne.com.tr\/#website\"},\"primaryImageOfPage\":{\"@id\":\"https:\/\/julesverne.com.tr\/travel-blog\/avrupanin-gozde-spa-sehirlerinde-yenilenin\/#primaryimage\"},\"image\":{\"@id\":\"https:\/\/julesverne.com.tr\/travel-blog\/avrupanin-gozde-spa-sehirlerinde-yenilenin\/#primaryimage\"},\"thumbnailUrl\":\"https:\/\/julesverne.com.tr\/wp-content\/uploads\/2020\/09\/spa_gorsel.jpg\",\"datePublished\":\"2018-09-25T13:43:22+00:00\",\"dateModified\":\"2021-03-04T12:17:25+00:00\",\"breadcrumb\":{\"@id\":\"https:\/\/julesverne.com.tr\/travel-blog\/avrupanin-gozde-spa-sehirlerinde-yenilenin\/#breadcrumb\"},\"inLanguage\":\"en-US\",\"potentialAction\":[{\"@type\":\"ReadAction\",\"target\":[\"https:\/\/julesverne.com.tr\/travel-blog\/avrupanin-gozde-spa-sehirlerinde-yenilenin\/\"]}]},{\"@type\":\"ImageObject\",\"inLanguage\":\"en-US\",\"@id\":\"https:\/\/julesverne.com.tr\/travel-blog\/avrupanin-gozde-spa-sehirlerinde-yenilenin\/#primaryimage\",\"url\":\"https:\/\/julesverne.com.tr\/wp-content\/uploads\/2020\/09\/spa_gorsel.jpg\",\"contentUrl\":\"https:\/\/julesverne.com.tr\/wp-content\/uploads\/2020\/09\/spa_gorsel.jpg\",\"width\":1000,\"height\":667},{\"@type\":\"BreadcrumbList\",\"@id\":\"https:\/\/julesverne.com.tr\/travel-blog\/avrupanin-gozde-spa-sehirlerinde-yenilenin\/#breadcrumb\",\"itemListElement\":[{\"@type\":\"ListItem\",\"position\":1,\"name\":\"Anasayfa\",\"item\":\"https:\/\/julesverne.com.tr\/\"},{\"@type\":\"ListItem\",\"position\":2,\"name\":\"Avrupa\u2019n\u0131n G\u00f6zde SPA \u015eehirleri\u2019nde Yenilenin!\"}]},{\"@type\":\"WebSite\",\"@id\":\"https:\/\/julesverne.com.tr\/#website\",\"url\":\"https:\/\/julesverne.com.tr\/\",\"name\":\"JULES VERNE BUSINESS MICE TRAVEL\",\"description\":\"\",\"publisher\":{\"@id\":\"https:\/\/julesverne.com.tr\/#organization\"},\"potentialAction\":[{\"@type\":\"SearchAction\",\"target\":{\"@type\":\"EntryPoint\",\"urlTemplate\":\"https:\/\/julesverne.com.tr\/?s={search_term_string}\"},\"query-input\":\"required name=search_term_string\"}],\"inLanguage\":\"en-US\"},{\"@type\":\"Organization\",\"@id\":\"https:\/\/julesverne.com.tr\/#organization\",\"name\":\"JULES VERNE BUSINESS MICE TRAVEL\",\"url\":\"https:\/\/julesverne.com.tr\/\",\"logo\":{\"@type\":\"ImageObject\",\"inLanguage\":\"en-US\",\"@id\":\"https:\/\/julesverne.com.tr\/#\/schema\/logo\/image\/\",\"url\":\"https:\/\/julesverne.com.tr\/wp-content\/uploads\/2020\/09\/jv-bmt-logo.png\",\"contentUrl\":\"https:\/\/julesverne.com.tr\/wp-content\/uploads\/2020\/09\/jv-bmt-logo.png\",\"width\":110,\"height\":81,\"caption\":\"JULES VERNE BUSINESS MICE TRAVEL\"},\"image\":{\"@id\":\"https:\/\/julesverne.com.tr\/#\/schema\/logo\/image\/\"},\"sameAs\":[\"https:\/\/www.facebook.com\/JulesVerneBusinessMiceTravel\/\",\"https:\/\/twitter.com\/JV_BusinessMice\",\"https:\/\/www.instagram.com\/julesvernebusinessmicetravel\/\",\"https:\/\/www.linkedin.com\/company\/julesvernebusinessmicetravel\/\",\"https:\/\/www.youtube.com\/channel\/UCAwdsmbZ6tFhu1tea6pkpiw\"]},{\"@type\":\"Person\",\"@id\":\"https:\/\/julesverne.com.tr\/#\/schema\/person\/f4eb0514ae455538644c31b99a466fdb\",\"name\":\"fikirman\",\"sameAs\":[\"http:\/\/advermedya.net\/julesverne\"],\"url\":\"https:\/\/julesverne.com.tr\/en\/author\/fikirman\/\"}]}<\/script>\n<!-- \/ Yoast SEO plugin. -->","yoast_head_json":{"title":"Avrupa\u2019n\u0131n G\u00f6zde SPA \u015eehirleri\u2019nde Yenilenin! - JULES VERNE BUSINESS MICE TRAVEL","robots":{"index":"index","follow":"follow","max-snippet":"max-snippet:-1","max-image-preview":"max-image-preview:large","max-video-preview":"max-video-preview:-1"},"canonical":"https:\/\/julesverne.com.tr\/travel-blog\/avrupanin-gozde-spa-sehirlerinde-yenilenin\/","og_locale":"en_US","og_type":"article","og_title":"Avrupa\u2019n\u0131n G\u00f6zde SPA \u015eehirleri\u2019nde Yenilenin! - JULES VERNE BUSINESS MICE TRAVEL","og_description":"Sadece do\u011fan\u0131n ve suyun g&uuml;c&uuml;nden faydalanmakla kalmay\u0131p l&uuml;ks konaklamalar, birinci s\u0131n\u0131f yemek sunumlar\u0131 ve etkinliklerle kendinizi \u015f\u0131martman\u0131n tam zaman\u0131! Almanya&rsquo;dan Fransa&rsquo;ya; \u0130ngiltere&rsquo;den Portekiz&rsquo;e en cazip SPA \u015fehirleri&hellip;","og_url":"https:\/\/julesverne.com.tr\/travel-blog\/avrupanin-gozde-spa-sehirlerinde-yenilenin\/","og_site_name":"JULES VERNE BUSINESS MICE TRAVEL","article_publisher":"https:\/\/www.facebook.com\/JulesVerneBusinessMiceTravel\/","article_published_time":"2018-09-25T13:43:22+00:00","article_modified_time":"2021-03-04T12:17:25+00:00","og_image":[{"width":1000,"height":667,"url":"https:\/\/julesverne.com.tr\/wp-content\/uploads\/2020\/09\/spa_gorsel.jpg","type":"image\/jpeg"}],"author":"fikirman","twitter_card":"summary_large_image","twitter_creator":"@JV_BusinessMice","twitter_site":"@JV_BusinessMice","twitter_misc":{"Written by":"fikirman","Est. reading time":"8 minutes"},"schema":{"@context":"https:\/\/schema.org","@graph":[{"@type":"Article","@id":"https:\/\/julesverne.com.tr\/travel-blog\/avrupanin-gozde-spa-sehirlerinde-yenilenin\/#article","isPartOf":{"@id":"https:\/\/julesverne.com.tr\/travel-blog\/avrupanin-gozde-spa-sehirlerinde-yenilenin\/"},"author":{"name":"fikirman","@id":"https:\/\/julesverne.com.tr\/#\/schema\/person\/f4eb0514ae455538644c31b99a466fdb"},"headline":"Avrupa\u2019n\u0131n G\u00f6zde SPA \u015eehirleri\u2019nde Yenilenin!","datePublished":"2018-09-25T13:43:22+00:00","dateModified":"2021-03-04T12:17:25+00:00","mainEntityOfPage":{"@id":"https:\/\/julesverne.com.tr\/travel-blog\/avrupanin-gozde-spa-sehirlerinde-yenilenin\/"},"wordCount":1642,"publisher":{"@id":"https:\/\/julesverne.com.tr\/#organization"},"image":{"@id":"https:\/\/julesverne.com.tr\/travel-blog\/avrupanin-gozde-spa-sehirlerinde-yenilenin\/#primaryimage"},"thumbnailUrl":"https:\/\/julesverne.com.tr\/wp-content\/uploads\/2020\/09\/spa_gorsel.jpg","articleSection":["\u0130lham Veren Destinasyonlar","Blog","Nereye Gitsek?","Seyahat Trendleri"],"inLanguage":"en-US"},{"@type":"WebPage","@id":"https:\/\/julesverne.com.tr\/travel-blog\/avrupanin-gozde-spa-sehirlerinde-yenilenin\/","url":"https:\/\/julesverne.com.tr\/travel-blog\/avrupanin-gozde-spa-sehirlerinde-yenilenin\/","name":"Avrupa\u2019n\u0131n G\u00f6zde SPA \u015eehirleri\u2019nde Yenilenin! - JULES VERNE BUSINESS MICE TRAVEL","isPartOf":{"@id":"https:\/\/julesverne.com.tr\/#website"},"primaryImageOfPage":{"@id":"https:\/\/julesverne.com.tr\/travel-blog\/avrupanin-gozde-spa-sehirlerinde-yenilenin\/#primaryimage"},"image":{"@id":"https:\/\/julesverne.com.tr\/travel-blog\/avrupanin-gozde-spa-sehirlerinde-yenilenin\/#primaryimage"},"thumbnailUrl":"https:\/\/julesverne.com.tr\/wp-content\/uploads\/2020\/09\/spa_gorsel.jpg","datePublished":"2018-09-25T13:43:22+00:00","dateModified":"2021-03-04T12:17:25+00:00","breadcrumb":{"@id":"https:\/\/julesverne.com.tr\/travel-blog\/avrupanin-gozde-spa-sehirlerinde-yenilenin\/#breadcrumb"},"inLanguage":"en-US","potentialAction":[{"@type":"ReadAction","target":["https:\/\/julesverne.com.tr\/travel-blog\/avrupanin-gozde-spa-sehirlerinde-yenilenin\/"]}]},{"@type":"ImageObject","inLanguage":"en-US","@id":"https:\/\/julesverne.com.tr\/travel-blog\/avrupanin-gozde-spa-sehirlerinde-yenilenin\/#primaryimage","url":"https:\/\/julesverne.com.tr\/wp-content\/uploads\/2020\/09\/spa_gorsel.jpg","contentUrl":"https:\/\/julesverne.com.tr\/wp-content\/uploads\/2020\/09\/spa_gorsel.jpg","width":1000,"height":667},{"@type":"BreadcrumbList","@id":"https:\/\/julesverne.com.tr\/travel-blog\/avrupanin-gozde-spa-sehirlerinde-yenilenin\/#breadcrumb","itemListElement":[{"@type":"ListItem","position":1,"name":"Anasayfa","item":"https:\/\/julesverne.com.tr\/"},{"@type":"ListItem","position":2,"name":"Avrupa\u2019n\u0131n G\u00f6zde SPA \u015eehirleri\u2019nde Yenilenin!"}]},{"@type":"WebSite","@id":"https:\/\/julesverne.com.tr\/#website","url":"https:\/\/julesverne.com.tr\/","name":"JULES VERNE BUSINESS MICE TRAVEL","description":"","publisher":{"@id":"https:\/\/julesverne.com.tr\/#organization"},"potentialAction":[{"@type":"SearchAction","target":{"@type":"EntryPoint","urlTemplate":"https:\/\/julesverne.com.tr\/?s={search_term_string}"},"query-input":"required name=search_term_string"}],"inLanguage":"en-US"},{"@type":"Organization","@id":"https:\/\/julesverne.com.tr\/#organization","name":"JULES VERNE BUSINESS MICE TRAVEL","url":"https:\/\/julesverne.com.tr\/","logo":{"@type":"ImageObject","inLanguage":"en-US","@id":"https:\/\/julesverne.com.tr\/#\/schema\/logo\/image\/","url":"https:\/\/julesverne.com.tr\/wp-content\/uploads\/2020\/09\/jv-bmt-logo.png","contentUrl":"https:\/\/julesverne.com.tr\/wp-content\/uploads\/2020\/09\/jv-bmt-logo.png","width":110,"height":81,"caption":"JULES VERNE BUSINESS MICE TRAVEL"},"image":{"@id":"https:\/\/julesverne.com.tr\/#\/schema\/logo\/image\/"},"sameAs":["https:\/\/www.facebook.com\/JulesVerneBusinessMiceTravel\/","https:\/\/twitter.com\/JV_BusinessMice","https:\/\/www.instagram.com\/julesvernebusinessmicetravel\/","https:\/\/www.linkedin.com\/company\/julesvernebusinessmicetravel\/","https:\/\/www.youtube.com\/channel\/UCAwdsmbZ6tFhu1tea6pkpiw"]},{"@type":"Person","@id":"https:\/\/julesverne.com.tr\/#\/schema\/person\/f4eb0514ae455538644c31b99a466fdb","name":"fikirman","sameAs":["http:\/\/advermedya.net\/julesverne"],"url":"https:\/\/julesverne.com.tr\/en\/author\/fikirman\/"}]}},"_links":{"self":[{"href":"https:\/\/julesverne.com.tr\/en\/wp-json\/wp\/v2\/posts\/1988"}],"collection":[{"href":"https:\/\/julesverne.com.tr\/en\/wp-json\/wp\/v2\/posts"}],"about":[{"href":"https:\/\/julesverne.com.tr\/en\/wp-json\/wp\/v2\/types\/post"}],"author":[{"embeddable":true,"href":"https:\/\/julesverne.com.tr\/en\/wp-json\/wp\/v2\/users\/1"}],"replies":[{"embeddable":true,"href":"https:\/\/julesverne.com.tr\/en\/wp-json\/wp\/v2\/comments?post=1988"}],"version-history":[{"count":0,"href":"https:\/\/julesverne.com.tr\/en\/wp-json\/wp\/v2\/posts\/1988\/revisions"}],"wp:featuredmedia":[{"embeddable":true,"href":"https:\/\/julesverne.com.tr\/en\/wp-json\/wp\/v2\/media\/1989"}],"wp:attachment":[{"href":"https:\/\/julesverne.com.tr\/en\/wp-json\/wp\/v2\/media?parent=1988"}],"wp:term":[{"taxonomy":"category","embeddable":true,"href":"https:\/\/julesverne.com.tr\/en\/wp-json\/wp\/v2\/categories?post=1988"},{"taxonomy":"post_tag","embeddable":true,"href":"https:\/\/julesverne.com.tr\/en\/wp-json\/wp\/v2\/tags?post=1988"}],"curies":[{"name":"wp","href":"https:\/\/api.w.org\/{rel}","templated":true}]}}