{"id":1983,"date":"2018-09-13T12:31:00","date_gmt":"2018-09-13T09:31:00","guid":{"rendered":"https:\/\/www.julesverne.com.tr\/\/blog\/nukhet-everi-ile-urfa-gobeklitepe-gezi-programi\/"},"modified":"2020-09-21T17:36:10","modified_gmt":"2020-09-21T14:36:10","slug":"nukhet-everi-ile-urfa-gobeklitepe-gezi-programi","status":"publish","type":"post","link":"https:\/\/julesverne.com.tr\/en\/travel-blog\/nukhet-everi-ile-urfa-gobeklitepe-gezi-programi\/","title":{"rendered":"N\u00fckhet Everi ile Urfa &#8211; G\u00f6beklitepe Gezi Program\u0131"},"content":{"rendered":"<p><h4 style=\"text-align: center;\"><strong>URFA &#8211; G&Ouml;BEKL\u0130TEPE &ndash; HARRAN<\/strong><\/h4>\n<h4 style=\"text-align: center;\"><strong>12-14 Ekim 2018<\/strong><\/h4>\n<p style=\"text-align: center;\"><strong><img loading=\"lazy\" decoding=\"async\" class=\"alignnone size-full wp-image-4414\" src=\"https:\/\/www.julesverne.com.tr\/\/wp-content\/uploads\/2020\/09\/balikligol_jv-2.jpg\" width=\"1000\" height=\"582\" alt=\"\" srcset=\"https:\/\/julesverne.com.tr\/wp-content\/uploads\/2020\/09\/balikligol_jv-2.jpg 1000w, https:\/\/julesverne.com.tr\/wp-content\/uploads\/2020\/09\/balikligol_jv-2-500x291.jpg 500w, https:\/\/julesverne.com.tr\/wp-content\/uploads\/2020\/09\/balikligol_jv-2-768x447.jpg 768w\" sizes=\"(max-width: 1000px) 100vw, 1000px\" \/><\/strong><\/p>\n<h4 style=\"text-align: left;\"><strong>&nbsp;1. G&uuml;n 12 Ekim Cuma| \u0130stanbul &#8211; Urfa<\/strong><\/h4>\n<ul>\n<li>AnadoluJet TK7316 seferi ile 12:30&rsquo;da hareket. Yakla\u015f\u0131k 1 saat 45 dakika s&uuml;ren u&ccedil;u\u015f sonras\u0131 14:15 Urfa Havaliman\u0131&rsquo;na var\u0131\u015f.<\/li>\n<li>Havaliman\u0131nda &ouml;zel ara&ccedil; ile bulu\u015fma sonras\u0131 konaklama yap\u0131lacak otele gidi\u015f.<\/li>\n<li>Yakla\u015f\u0131k 40 dakika s&uuml;ren yolculuk sonras\u0131 otele var\u0131\u015f, check-in i\u015flemleri.<\/li>\n<li>Otele yerle\u015fmenin ard\u0131ndan Bal\u0131kl\u0131g&ouml;l ziyareti i&ccedil;in hareket.<\/li>\n<li>Hazreti \u0130brahim&#8217;in ate\u015fe at\u0131ld\u0131\u011f\u0131nda olu\u015ftu\u011funa inan\u0131lan <strong>Halil-&uuml;l Rahman G&ouml;l&uuml;<\/strong> ve <strong>Ayn Zeliha G&ouml;l&uuml;<\/strong> ziyareti.<\/li>\n<li>Hazreti \u0130brahim&#8217;in do\u011fdu\u011fu rivayet edilen <strong>ma\u011fara<\/strong>y\u0131 da ziyaret ettikten sonra <strong>Urfa &ccedil;ar\u015f\u0131lar\u0131nda<\/strong> gezi.<\/li>\n<li>Gezi sonras\u0131 otele d&ouml;n&uuml;\u015f.<\/li>\n<li>Otelde ak\u015fam yeme\u011fi.<\/li>\n<\/ul>\n<p style=\"text-align: center;\"><img loading=\"lazy\" decoding=\"async\" class=\"alignnone size-full wp-image-4415\" src=\"https:\/\/www.julesverne.com.tr\/\/wp-content\/uploads\/2020\/09\/shutterstock_1067053289.jpg\" width=\"1000\" height=\"667\" alt=\"\" srcset=\"https:\/\/julesverne.com.tr\/wp-content\/uploads\/2020\/09\/shutterstock_1067053289.jpg 1000w, https:\/\/julesverne.com.tr\/wp-content\/uploads\/2020\/09\/shutterstock_1067053289-500x334.jpg 500w, https:\/\/julesverne.com.tr\/wp-content\/uploads\/2020\/09\/shutterstock_1067053289-768x512.jpg 768w\" sizes=\"(max-width: 1000px) 100vw, 1000px\" \/><\/p>\n<h4><strong>2. G&uuml;n 13 Ekim Cumartesi | Urfa<\/strong><\/h4>\n<ul>\n<li>Kahvalt\u0131 sonras\u0131 <strong>\u015fehir gezisi<\/strong> i&ccedil;in hareket.<\/li>\n<li>34.000 m2&rsquo;lik alana yay\u0131lan <strong>\u015eanl\u0131urfa Arkeoloji M&uuml;zesi, Arkeopark<\/strong> ve <strong>Edessa Mozaik M&uuml;zesi<\/strong> &rsquo;ndan olu\u015fan ve T&uuml;rkiye&rsquo;nin en b&uuml;y&uuml;k m&uuml;zesi olan <strong>Haleplibah&ccedil;e M&uuml;ze Kompleksi<\/strong> detayl\u0131 gezisi.<\/li>\n<li><strong>&Ouml;\u011fle Yeme\u011fi.<\/strong><\/li>\n<li><strong>Urfa &ccedil;ar\u015f\u0131lar\u0131nda<\/strong> gezmek i&ccedil;in serbest zaman.<\/li>\n<li>Ak\u015fam&uuml;st&uuml; G&ouml;beklitepe kaz\u0131lar\u0131 s\u0131ras\u0131nda <strong>Prof. Dr. Klaus Schmidt<\/strong> ve ekibi taraf\u0131ndan <strong>kaz\u0131 evi<\/strong> olarak kullan\u0131lan evine ziyaret. Tipik bir Urfa Evi olan eski kaz\u0131 evinde arkeoloji d&uuml;nyas\u0131n\u0131n hayranl\u0131\u011f\u0131n\u0131 &uuml;zerinde toplayan <strong>G&ouml;beklitepe<\/strong>&rsquo;nin detaylar\u0131n\u0131 ve bilinmeyenlerini dinleyecek ve evin avlusunda &ccedil;ay e\u015fli\u011finde merak etti\u011finiz detaylar konu\u015fulacak.<\/li>\n<li>Bir Urfa gelene\u011fi olan <strong>S\u0131ra Gecesi<\/strong>&#8216;ne kat\u0131l\u0131m ve <strong>ak\u015fam yeme\u011fi otelinizde<\/strong>.<\/li>\n<\/ul>\n<p style=\"text-align: center;\"><img loading=\"lazy\" decoding=\"async\" class=\"alignnone size-full wp-image-4416\" src=\"https:\/\/www.julesverne.com.tr\/\/wp-content\/uploads\/2020\/09\/gobeklitepe_jv.jpg\" width=\"1000\" height=\"666\" alt=\"\" srcset=\"https:\/\/julesverne.com.tr\/wp-content\/uploads\/2020\/09\/gobeklitepe_jv.jpg 1000w, https:\/\/julesverne.com.tr\/wp-content\/uploads\/2020\/09\/gobeklitepe_jv-500x333.jpg 500w, https:\/\/julesverne.com.tr\/wp-content\/uploads\/2020\/09\/gobeklitepe_jv-768x511.jpg 768w\" sizes=\"(max-width: 1000px) 100vw, 1000px\" \/><\/p>\n<h4><strong>3. G&uuml;n 14 Ekim Pazar | Urfa &ndash; G&ouml;beklitepe &ndash; Harran &ndash; \u0130stanbul<\/strong><\/h4>\n<ul>\n<li>Otelde kahvalt\u0131 ve &ccedil;\u0131k\u0131\u015f i\u015flemleri sonras\u0131 Urfa&rsquo;ya 20 kilometre uzakl\u0131ktaki G&ouml;beklitepe&rsquo;ye hareket.<\/li>\n<li>Arkeologlar taraf\u0131ndan d&uuml;nyan\u0131n bilinen ilk tap\u0131na\u011f\u0131 oldu\u011fu ileri s&uuml;r&uuml;len b&ouml;lge, 12 bin y\u0131ll\u0131k bir tarihe tan\u0131kl\u0131k ediyor. G&ouml;beklitepe&rsquo;de, \u015eanl\u0131urfa Arkeoloji M&uuml;zesi ve Kaz\u0131 Evi&rsquo;nde g&ouml;r&uuml;lenler \u0131\u015f\u0131\u011f\u0131nda detayl\u0131 bir gezi.<\/li>\n<li>G&ouml;beklitepe ziyareti sonras\u0131 yakla\u015f\u0131k 1 saat s&uuml;recek yolculuk ile Harran&rsquo;a gidi\u015f.<\/li>\n<li>Harran&#8217;da d&uuml;nyaca &uuml;nl&uuml; Harran evlerinde, otantik bir ortamda &ouml;\u011fle yeme\u011fi.<\/li>\n<li>&Ouml;\u011fle yeme\u011fi sonras\u0131 Emevi Halifesi Mervan D&ouml;nemi&#8217;nde yap\u0131lm\u0131\u015f olan Harran Ulu Cami ve Harran H&ouml;y&uuml;k&#8217;te d&uuml;nyan\u0131n ilk &Uuml;niversitesi olarak bilinen Harran Okulu, bu h&ouml;y&uuml;kte yap\u0131lan kaz\u0131larda &ccedil;\u0131kan katmanlar, yollar\u0131n kesi\u015fti\u011fi bir noktada in\u015fa edilmi\u015f olan Harran&#8217;\u0131n surlar\u0131, Halep Kap\u0131s\u0131 ve \u0130&ccedil; Kale g&ouml;r&uuml;lecek yerler aras\u0131nda.<\/li>\n<li>Yakla\u015f\u0131k 1 saat s&uuml;recek yolculuk ile Urfa&rsquo;ya d&ouml;n&uuml;\u015f.<\/li>\n<li>Ak\u015fam yeme\u011fi.<\/li>\n<li>Ak\u015fam yeme\u011finin ard\u0131ndan \u015eanl\u0131urfa Havaliman\u0131&rsquo;na gidi\u015f. T&uuml;rk Hava Yollar\u0131&rsquo;n\u0131n TK2249 sefer say\u0131l\u0131 u&ccedil;u\u015fu 22:25&rsquo;te hareket. Yakla\u015f\u0131k 2 saat 5 dakika s&uuml;recek yolculuk ile 00:30 \u0130stanbul &lsquo;a var\u0131\u015f.<\/li>\n<li><\/li>\n<\/ul>\n<h4><strong>&Uuml;cret Bilgisi&nbsp;<\/strong><\/h4>\n<ul>\n<li>\n<h4>\u0130ki Ki\u015filik Oda&rsquo;da Ki\u015fi Ba\u015f\u0131:<strong> 2.150 TL&nbsp;<\/strong><\/h4>\n<\/li>\n<li>\n<h4>Single konaklama fark\u0131:&nbsp; <strong>200 TL<\/p>\n<p><\/strong><\/h4>\n<\/li>\n<\/ul>\n<p><strong>U&ccedil;u\u015f&nbsp;Bilgisi<\/strong><\/p>\n<ul>\n<li>12 Ekim Cuma TK7316&nbsp;<span style=\"font-family: -apple-system, BlinkMacSystemFont, 'Segoe UI', Roboto, 'Helvetica Neue', Arial, sans-serif, 'Apple Color Emoji', 'Segoe UI Emoji', 'Segoe UI Symbol'; font-size: 16px;\">Sabiha G&ouml;k&ccedil;en Havaliman\u0131<\/span>&nbsp;&#8211; \u015eanl\u0131urfa GAP Havaliman\u0131 <strong>Kalk\u0131\u015f<\/strong>&nbsp;12:30&nbsp;&nbsp;<strong>Var\u0131\u015f<\/strong>&nbsp;14:15<\/li>\n<li>14 Ekim Pazar TK2249 \u015eanl\u0131urfa GAP Havaliman\u0131 &#8211; \u0130stanbul Atat&uuml;rk Havaliman\u0131 <strong>Kalk\u0131\u015f<\/strong> 22:25&nbsp; <strong>Var\u0131\u015f<\/strong> 00:30 (15 Ekim Pazartesi)\n<\/li>\n<\/ul>\n<p><strong>&Uuml;crete Dahil Olan Hizmetler<\/strong><\/p>\n<ul>\n<li>AnadaoluJet ile \u0130stanbul&nbsp; &#8211;&nbsp; Urfa u&ccedil;ak bileti<\/li>\n<li>T&uuml;rk Hava Yollar\u0131 ile Urfa&nbsp; &#8211;&nbsp; \u0130stanbul u&ccedil;ak bileti<\/li>\n<li>Manici Urfa Hotel&rsquo;de 2 gece,&nbsp; kahvalt\u0131 dahil konaklama&nbsp;<\/li>\n<li>Programda belirtilen t&uuml;m transferler<\/li>\n<li>2 &ouml;\u011fle yeme\u011fi<\/li>\n<li>3 ak\u015fam yeme\u011fi<\/li>\n<li>S\u0131ra gecesi&nbsp;&nbsp;<\/li>\n<li>N&uuml;khet Everi Rehberli\u011fi<\/li>\n<li>M&uuml;ze ve &ouml;ren yeri giri\u015f &uuml;cretleri<\/li>\n<li>Seyahat sigortas\u0131<\/li>\n<\/ul>\n<p><strong>&Uuml;crete Dahil Olmayan Hizmetler<\/strong><\/p>\n<ul>\n<li>&Ouml;\u011fle ve ak\u015fam yemeklerinde al\u0131nacak i&ccedil;ecekler<\/li>\n<li>\u015eahsi harcamalar&nbsp;<\/li>\n<\/ul>\n<p><strong>&Ouml;nemli Bilgiler<\/strong><\/p>\n<ul>\n<li>Gezimiz, minimum&nbsp;20 ki\u015fi kat\u0131l\u0131m\u0131 ile gerekle\u015fecektir.<\/li>\n<\/ul>\n<p style=\"text-align: center;\"><strong><br \/>Detayl\u0131 program bilgisi ve rezervasyon i&ccedil;in:<\/strong><br \/><a href=\"mailto:travel@julesverne.com.tr\" target=\"_blank\" rel=\"noopener noreferrer\"><strong>travel@julesverne.com.tr<\/strong><\/a><br \/><strong>0212 266 6363 &#8211; 137<\/strong><\/p><\/p>\n","protected":false},"excerpt":{"rendered":"<p>Efsaneye g&ouml;re Nuh Tufan\u0131&rsquo;ndan sonra Nemrut&rsquo;a karaya &ccedil;\u0131kan ve da\u011f\u0131n bir di\u011fer ad\u0131 olan, &lsquo;Sulak yerde bulunan&rsquo; anlam\u0131na gelen Hewya o\u011flu Urhai&rsquo;den gelen Urfa&hellip; 11.000 y\u0131ll\u0131k tarihinde bug&uuml;n bile ke\u015ffetmeye devam etti\u011fimiz b&uuml;y&uuml;leyici \u015fehir&hellip; Farkl\u0131 inan&ccedil;lar\u0131n, efsanelerin, &ccedil;ok renklili\u011fin ve &ccedil;ok seslili\u011fin \u015fehrini bu topraklar\u0131 en iyi bilenlerle gezmek bir ayr\u0131cal\u0131k! Anadolu ve Ortado\u011fu &uuml;zerine &ccedil;al\u0131\u015fmalar\u0131yla bilinen yazar ve rehber <strong>N&uuml;khet Everi ile masals\u0131 bir Urfa Yolculu\u011fu<\/strong>&rsquo;na &ccedil;\u0131k\u0131yoruz.<\/p>\n","protected":false},"author":1,"featured_media":1982,"comment_status":"closed","ping_status":"closed","sticky":false,"template":"","format":"standard","meta":{"inline_featured_image":false,"footnotes":""},"categories":[1],"tags":[],"acf":[],"yoast_head":"<!-- This site is optimized with the Yoast SEO plugin v22.3 - https:\/\/yoast.com\/wordpress\/plugins\/seo\/ -->\n<title>N\u00fckhet Everi ile Urfa - G\u00f6beklitepe Gezi Program\u0131 - JULES VERNE BUSINESS MICE TRAVEL<\/title>\n<meta name=\"robots\" content=\"index, follow, max-snippet:-1, max-image-preview:large, max-video-preview:-1\" \/>\n<link rel=\"canonical\" href=\"https:\/\/julesverne.com.tr\/travel-blog\/nukhet-everi-ile-urfa-gobeklitepe-gezi-programi\/\" \/>\n<meta property=\"og:locale\" content=\"en_US\" \/>\n<meta property=\"og:type\" content=\"article\" \/>\n<meta property=\"og:title\" content=\"N\u00fckhet Everi ile Urfa - G\u00f6beklitepe Gezi Program\u0131 - JULES VERNE BUSINESS MICE TRAVEL\" \/>\n<meta property=\"og:description\" content=\"Efsaneye g&ouml;re Nuh Tufan\u0131&rsquo;ndan sonra Nemrut&rsquo;a karaya &ccedil;\u0131kan ve da\u011f\u0131n bir di\u011fer ad\u0131 olan, &lsquo;Sulak yerde bulunan&rsquo; anlam\u0131na gelen Hewya o\u011flu Urhai&rsquo;den gelen Urfa&hellip; 11.000 y\u0131ll\u0131k tarihinde bug&uuml;n bile ke\u015ffetmeye devam etti\u011fimiz b&uuml;y&uuml;leyici \u015fehir&hellip; Farkl\u0131 inan&ccedil;lar\u0131n, efsanelerin, &ccedil;ok renklili\u011fin ve &ccedil;ok seslili\u011fin \u015fehrini bu topraklar\u0131 en iyi bilenlerle gezmek bir ayr\u0131cal\u0131k! Anadolu ve Ortado\u011fu &uuml;zerine &ccedil;al\u0131\u015fmalar\u0131yla bilinen yazar ve rehber N&uuml;khet Everi ile masals\u0131 bir Urfa Yolculu\u011fu&rsquo;na &ccedil;\u0131k\u0131yoruz.\" \/>\n<meta property=\"og:url\" content=\"https:\/\/julesverne.com.tr\/travel-blog\/nukhet-everi-ile-urfa-gobeklitepe-gezi-programi\/\" \/>\n<meta property=\"og:site_name\" content=\"JULES VERNE BUSINESS MICE TRAVEL\" \/>\n<meta property=\"article:publisher\" content=\"https:\/\/www.facebook.com\/JulesVerneBusinessMiceTravel\/\" \/>\n<meta property=\"article:published_time\" content=\"2018-09-13T09:31:00+00:00\" \/>\n<meta property=\"article:modified_time\" content=\"2020-09-21T14:36:10+00:00\" \/>\n<meta property=\"og:image\" content=\"https:\/\/julesverne.com.tr\/wp-content\/uploads\/2020\/09\/balikligol_jv.jpg\" \/>\n\t<meta property=\"og:image:width\" content=\"1000\" \/>\n\t<meta property=\"og:image:height\" content=\"582\" \/>\n\t<meta property=\"og:image:type\" content=\"image\/jpeg\" \/>\n<meta name=\"author\" content=\"fikirman\" \/>\n<meta name=\"twitter:card\" content=\"summary_large_image\" \/>\n<meta name=\"twitter:creator\" content=\"@JV_BusinessMice\" \/>\n<meta name=\"twitter:site\" content=\"@JV_BusinessMice\" \/>\n<meta name=\"twitter:label1\" content=\"Written by\" \/>\n\t<meta name=\"twitter:data1\" content=\"fikirman\" \/>\n\t<meta name=\"twitter:label2\" content=\"Est. reading time\" \/>\n\t<meta name=\"twitter:data2\" content=\"4 minutes\" \/>\n<script type=\"application\/ld+json\" class=\"yoast-schema-graph\">{\"@context\":\"https:\/\/schema.org\",\"@graph\":[{\"@type\":\"Article\",\"@id\":\"https:\/\/julesverne.com.tr\/travel-blog\/nukhet-everi-ile-urfa-gobeklitepe-gezi-programi\/#article\",\"isPartOf\":{\"@id\":\"https:\/\/julesverne.com.tr\/travel-blog\/nukhet-everi-ile-urfa-gobeklitepe-gezi-programi\/\"},\"author\":{\"name\":\"fikirman\",\"@id\":\"https:\/\/julesverne.com.tr\/#\/schema\/person\/f4eb0514ae455538644c31b99a466fdb\"},\"headline\":\"N\u00fckhet Everi ile Urfa &#8211; G\u00f6beklitepe Gezi Program\u0131\",\"datePublished\":\"2018-09-13T09:31:00+00:00\",\"dateModified\":\"2020-09-21T14:36:10+00:00\",\"mainEntityOfPage\":{\"@id\":\"https:\/\/julesverne.com.tr\/travel-blog\/nukhet-everi-ile-urfa-gobeklitepe-gezi-programi\/\"},\"wordCount\":773,\"publisher\":{\"@id\":\"https:\/\/julesverne.com.tr\/#organization\"},\"image\":{\"@id\":\"https:\/\/julesverne.com.tr\/travel-blog\/nukhet-everi-ile-urfa-gobeklitepe-gezi-programi\/#primaryimage\"},\"thumbnailUrl\":\"https:\/\/julesverne.com.tr\/wp-content\/uploads\/2020\/09\/balikligol_jv.jpg\",\"articleSection\":[\"Blog\"],\"inLanguage\":\"en-US\"},{\"@type\":\"WebPage\",\"@id\":\"https:\/\/julesverne.com.tr\/travel-blog\/nukhet-everi-ile-urfa-gobeklitepe-gezi-programi\/\",\"url\":\"https:\/\/julesverne.com.tr\/travel-blog\/nukhet-everi-ile-urfa-gobeklitepe-gezi-programi\/\",\"name\":\"N\u00fckhet Everi ile Urfa - G\u00f6beklitepe Gezi Program\u0131 - JULES VERNE BUSINESS MICE TRAVEL\",\"isPartOf\":{\"@id\":\"https:\/\/julesverne.com.tr\/#website\"},\"primaryImageOfPage\":{\"@id\":\"https:\/\/julesverne.com.tr\/travel-blog\/nukhet-everi-ile-urfa-gobeklitepe-gezi-programi\/#primaryimage\"},\"image\":{\"@id\":\"https:\/\/julesverne.com.tr\/travel-blog\/nukhet-everi-ile-urfa-gobeklitepe-gezi-programi\/#primaryimage\"},\"thumbnailUrl\":\"https:\/\/julesverne.com.tr\/wp-content\/uploads\/2020\/09\/balikligol_jv.jpg\",\"datePublished\":\"2018-09-13T09:31:00+00:00\",\"dateModified\":\"2020-09-21T14:36:10+00:00\",\"breadcrumb\":{\"@id\":\"https:\/\/julesverne.com.tr\/travel-blog\/nukhet-everi-ile-urfa-gobeklitepe-gezi-programi\/#breadcrumb\"},\"inLanguage\":\"en-US\",\"potentialAction\":[{\"@type\":\"ReadAction\",\"target\":[\"https:\/\/julesverne.com.tr\/travel-blog\/nukhet-everi-ile-urfa-gobeklitepe-gezi-programi\/\"]}]},{\"@type\":\"ImageObject\",\"inLanguage\":\"en-US\",\"@id\":\"https:\/\/julesverne.com.tr\/travel-blog\/nukhet-everi-ile-urfa-gobeklitepe-gezi-programi\/#primaryimage\",\"url\":\"https:\/\/julesverne.com.tr\/wp-content\/uploads\/2020\/09\/balikligol_jv.jpg\",\"contentUrl\":\"https:\/\/julesverne.com.tr\/wp-content\/uploads\/2020\/09\/balikligol_jv.jpg\",\"width\":1000,\"height\":582},{\"@type\":\"BreadcrumbList\",\"@id\":\"https:\/\/julesverne.com.tr\/travel-blog\/nukhet-everi-ile-urfa-gobeklitepe-gezi-programi\/#breadcrumb\",\"itemListElement\":[{\"@type\":\"ListItem\",\"position\":1,\"name\":\"Anasayfa\",\"item\":\"https:\/\/julesverne.com.tr\/\"},{\"@type\":\"ListItem\",\"position\":2,\"name\":\"N\u00fckhet Everi ile Urfa &#8211; G\u00f6beklitepe Gezi Program\u0131\"}]},{\"@type\":\"WebSite\",\"@id\":\"https:\/\/julesverne.com.tr\/#website\",\"url\":\"https:\/\/julesverne.com.tr\/\",\"name\":\"JULES VERNE BUSINESS MICE TRAVEL\",\"description\":\"\",\"publisher\":{\"@id\":\"https:\/\/julesverne.com.tr\/#organization\"},\"potentialAction\":[{\"@type\":\"SearchAction\",\"target\":{\"@type\":\"EntryPoint\",\"urlTemplate\":\"https:\/\/julesverne.com.tr\/?s={search_term_string}\"},\"query-input\":\"required name=search_term_string\"}],\"inLanguage\":\"en-US\"},{\"@type\":\"Organization\",\"@id\":\"https:\/\/julesverne.com.tr\/#organization\",\"name\":\"JULES VERNE BUSINESS MICE TRAVEL\",\"url\":\"https:\/\/julesverne.com.tr\/\",\"logo\":{\"@type\":\"ImageObject\",\"inLanguage\":\"en-US\",\"@id\":\"https:\/\/julesverne.com.tr\/#\/schema\/logo\/image\/\",\"url\":\"https:\/\/julesverne.com.tr\/wp-content\/uploads\/2020\/09\/jv-bmt-logo.png\",\"contentUrl\":\"https:\/\/julesverne.com.tr\/wp-content\/uploads\/2020\/09\/jv-bmt-logo.png\",\"width\":110,\"height\":81,\"caption\":\"JULES VERNE BUSINESS MICE TRAVEL\"},\"image\":{\"@id\":\"https:\/\/julesverne.com.tr\/#\/schema\/logo\/image\/\"},\"sameAs\":[\"https:\/\/www.facebook.com\/JulesVerneBusinessMiceTravel\/\",\"https:\/\/twitter.com\/JV_BusinessMice\",\"https:\/\/www.instagram.com\/julesvernebusinessmicetravel\/\",\"https:\/\/www.linkedin.com\/company\/julesvernebusinessmicetravel\/\",\"https:\/\/www.youtube.com\/channel\/UCAwdsmbZ6tFhu1tea6pkpiw\"]},{\"@type\":\"Person\",\"@id\":\"https:\/\/julesverne.com.tr\/#\/schema\/person\/f4eb0514ae455538644c31b99a466fdb\",\"name\":\"fikirman\",\"sameAs\":[\"http:\/\/advermedya.net\/julesverne\"],\"url\":\"https:\/\/julesverne.com.tr\/en\/author\/fikirman\/\"}]}<\/script>\n<!-- \/ Yoast SEO plugin. -->","yoast_head_json":{"title":"N\u00fckhet Everi ile Urfa - G\u00f6beklitepe Gezi Program\u0131 - JULES VERNE BUSINESS MICE TRAVEL","robots":{"index":"index","follow":"follow","max-snippet":"max-snippet:-1","max-image-preview":"max-image-preview:large","max-video-preview":"max-video-preview:-1"},"canonical":"https:\/\/julesverne.com.tr\/travel-blog\/nukhet-everi-ile-urfa-gobeklitepe-gezi-programi\/","og_locale":"en_US","og_type":"article","og_title":"N\u00fckhet Everi ile Urfa - G\u00f6beklitepe Gezi Program\u0131 - JULES VERNE BUSINESS MICE TRAVEL","og_description":"Efsaneye g&ouml;re Nuh Tufan\u0131&rsquo;ndan sonra Nemrut&rsquo;a karaya &ccedil;\u0131kan ve da\u011f\u0131n bir di\u011fer ad\u0131 olan, &lsquo;Sulak yerde bulunan&rsquo; anlam\u0131na gelen Hewya o\u011flu Urhai&rsquo;den gelen Urfa&hellip; 11.000 y\u0131ll\u0131k tarihinde bug&uuml;n bile ke\u015ffetmeye devam etti\u011fimiz b&uuml;y&uuml;leyici \u015fehir&hellip; Farkl\u0131 inan&ccedil;lar\u0131n, efsanelerin, &ccedil;ok renklili\u011fin ve &ccedil;ok seslili\u011fin \u015fehrini bu topraklar\u0131 en iyi bilenlerle gezmek bir ayr\u0131cal\u0131k! Anadolu ve Ortado\u011fu &uuml;zerine &ccedil;al\u0131\u015fmalar\u0131yla bilinen yazar ve rehber N&uuml;khet Everi ile masals\u0131 bir Urfa Yolculu\u011fu&rsquo;na &ccedil;\u0131k\u0131yoruz.","og_url":"https:\/\/julesverne.com.tr\/travel-blog\/nukhet-everi-ile-urfa-gobeklitepe-gezi-programi\/","og_site_name":"JULES VERNE BUSINESS MICE TRAVEL","article_publisher":"https:\/\/www.facebook.com\/JulesVerneBusinessMiceTravel\/","article_published_time":"2018-09-13T09:31:00+00:00","article_modified_time":"2020-09-21T14:36:10+00:00","og_image":[{"width":1000,"height":582,"url":"https:\/\/julesverne.com.tr\/wp-content\/uploads\/2020\/09\/balikligol_jv.jpg","type":"image\/jpeg"}],"author":"fikirman","twitter_card":"summary_large_image","twitter_creator":"@JV_BusinessMice","twitter_site":"@JV_BusinessMice","twitter_misc":{"Written by":"fikirman","Est. reading time":"4 minutes"},"schema":{"@context":"https:\/\/schema.org","@graph":[{"@type":"Article","@id":"https:\/\/julesverne.com.tr\/travel-blog\/nukhet-everi-ile-urfa-gobeklitepe-gezi-programi\/#article","isPartOf":{"@id":"https:\/\/julesverne.com.tr\/travel-blog\/nukhet-everi-ile-urfa-gobeklitepe-gezi-programi\/"},"author":{"name":"fikirman","@id":"https:\/\/julesverne.com.tr\/#\/schema\/person\/f4eb0514ae455538644c31b99a466fdb"},"headline":"N\u00fckhet Everi ile Urfa &#8211; G\u00f6beklitepe Gezi Program\u0131","datePublished":"2018-09-13T09:31:00+00:00","dateModified":"2020-09-21T14:36:10+00:00","mainEntityOfPage":{"@id":"https:\/\/julesverne.com.tr\/travel-blog\/nukhet-everi-ile-urfa-gobeklitepe-gezi-programi\/"},"wordCount":773,"publisher":{"@id":"https:\/\/julesverne.com.tr\/#organization"},"image":{"@id":"https:\/\/julesverne.com.tr\/travel-blog\/nukhet-everi-ile-urfa-gobeklitepe-gezi-programi\/#primaryimage"},"thumbnailUrl":"https:\/\/julesverne.com.tr\/wp-content\/uploads\/2020\/09\/balikligol_jv.jpg","articleSection":["Blog"],"inLanguage":"en-US"},{"@type":"WebPage","@id":"https:\/\/julesverne.com.tr\/travel-blog\/nukhet-everi-ile-urfa-gobeklitepe-gezi-programi\/","url":"https:\/\/julesverne.com.tr\/travel-blog\/nukhet-everi-ile-urfa-gobeklitepe-gezi-programi\/","name":"N\u00fckhet Everi ile Urfa - G\u00f6beklitepe Gezi Program\u0131 - JULES VERNE BUSINESS MICE TRAVEL","isPartOf":{"@id":"https:\/\/julesverne.com.tr\/#website"},"primaryImageOfPage":{"@id":"https:\/\/julesverne.com.tr\/travel-blog\/nukhet-everi-ile-urfa-gobeklitepe-gezi-programi\/#primaryimage"},"image":{"@id":"https:\/\/julesverne.com.tr\/travel-blog\/nukhet-everi-ile-urfa-gobeklitepe-gezi-programi\/#primaryimage"},"thumbnailUrl":"https:\/\/julesverne.com.tr\/wp-content\/uploads\/2020\/09\/balikligol_jv.jpg","datePublished":"2018-09-13T09:31:00+00:00","dateModified":"2020-09-21T14:36:10+00:00","breadcrumb":{"@id":"https:\/\/julesverne.com.tr\/travel-blog\/nukhet-everi-ile-urfa-gobeklitepe-gezi-programi\/#breadcrumb"},"inLanguage":"en-US","potentialAction":[{"@type":"ReadAction","target":["https:\/\/julesverne.com.tr\/travel-blog\/nukhet-everi-ile-urfa-gobeklitepe-gezi-programi\/"]}]},{"@type":"ImageObject","inLanguage":"en-US","@id":"https:\/\/julesverne.com.tr\/travel-blog\/nukhet-everi-ile-urfa-gobeklitepe-gezi-programi\/#primaryimage","url":"https:\/\/julesverne.com.tr\/wp-content\/uploads\/2020\/09\/balikligol_jv.jpg","contentUrl":"https:\/\/julesverne.com.tr\/wp-content\/uploads\/2020\/09\/balikligol_jv.jpg","width":1000,"height":582},{"@type":"BreadcrumbList","@id":"https:\/\/julesverne.com.tr\/travel-blog\/nukhet-everi-ile-urfa-gobeklitepe-gezi-programi\/#breadcrumb","itemListElement":[{"@type":"ListItem","position":1,"name":"Anasayfa","item":"https:\/\/julesverne.com.tr\/"},{"@type":"ListItem","position":2,"name":"N\u00fckhet Everi ile Urfa &#8211; G\u00f6beklitepe Gezi Program\u0131"}]},{"@type":"WebSite","@id":"https:\/\/julesverne.com.tr\/#website","url":"https:\/\/julesverne.com.tr\/","name":"JULES VERNE BUSINESS MICE TRAVEL","description":"","publisher":{"@id":"https:\/\/julesverne.com.tr\/#organization"},"potentialAction":[{"@type":"SearchAction","target":{"@type":"EntryPoint","urlTemplate":"https:\/\/julesverne.com.tr\/?s={search_term_string}"},"query-input":"required name=search_term_string"}],"inLanguage":"en-US"},{"@type":"Organization","@id":"https:\/\/julesverne.com.tr\/#organization","name":"JULES VERNE BUSINESS MICE TRAVEL","url":"https:\/\/julesverne.com.tr\/","logo":{"@type":"ImageObject","inLanguage":"en-US","@id":"https:\/\/julesverne.com.tr\/#\/schema\/logo\/image\/","url":"https:\/\/julesverne.com.tr\/wp-content\/uploads\/2020\/09\/jv-bmt-logo.png","contentUrl":"https:\/\/julesverne.com.tr\/wp-content\/uploads\/2020\/09\/jv-bmt-logo.png","width":110,"height":81,"caption":"JULES VERNE BUSINESS MICE TRAVEL"},"image":{"@id":"https:\/\/julesverne.com.tr\/#\/schema\/logo\/image\/"},"sameAs":["https:\/\/www.facebook.com\/JulesVerneBusinessMiceTravel\/","https:\/\/twitter.com\/JV_BusinessMice","https:\/\/www.instagram.com\/julesvernebusinessmicetravel\/","https:\/\/www.linkedin.com\/company\/julesvernebusinessmicetravel\/","https:\/\/www.youtube.com\/channel\/UCAwdsmbZ6tFhu1tea6pkpiw"]},{"@type":"Person","@id":"https:\/\/julesverne.com.tr\/#\/schema\/person\/f4eb0514ae455538644c31b99a466fdb","name":"fikirman","sameAs":["http:\/\/advermedya.net\/julesverne"],"url":"https:\/\/julesverne.com.tr\/en\/author\/fikirman\/"}]}},"_links":{"self":[{"href":"https:\/\/julesverne.com.tr\/en\/wp-json\/wp\/v2\/posts\/1983"}],"collection":[{"href":"https:\/\/julesverne.com.tr\/en\/wp-json\/wp\/v2\/posts"}],"about":[{"href":"https:\/\/julesverne.com.tr\/en\/wp-json\/wp\/v2\/types\/post"}],"author":[{"embeddable":true,"href":"https:\/\/julesverne.com.tr\/en\/wp-json\/wp\/v2\/users\/1"}],"replies":[{"embeddable":true,"href":"https:\/\/julesverne.com.tr\/en\/wp-json\/wp\/v2\/comments?post=1983"}],"version-history":[{"count":0,"href":"https:\/\/julesverne.com.tr\/en\/wp-json\/wp\/v2\/posts\/1983\/revisions"}],"wp:featuredmedia":[{"embeddable":true,"href":"https:\/\/julesverne.com.tr\/en\/wp-json\/wp\/v2\/media\/1982"}],"wp:attachment":[{"href":"https:\/\/julesverne.com.tr\/en\/wp-json\/wp\/v2\/media?parent=1983"}],"wp:term":[{"taxonomy":"category","embeddable":true,"href":"https:\/\/julesverne.com.tr\/en\/wp-json\/wp\/v2\/categories?post=1983"},{"taxonomy":"post_tag","embeddable":true,"href":"https:\/\/julesverne.com.tr\/en\/wp-json\/wp\/v2\/tags?post=1983"}],"curies":[{"name":"wp","href":"https:\/\/api.w.org\/{rel}","templated":true}]}}