{"id":1981,"date":"2018-09-13T12:27:03","date_gmt":"2018-09-13T09:27:03","guid":{"rendered":"https:\/\/www.julesverne.com.tr\/\/blog\/guneydogu-anadolunun-gizemlerini-kesfe-cikiyoruz\/"},"modified":"2020-09-21T17:36:10","modified_gmt":"2020-09-21T14:36:10","slug":"guneydogu-anadolunun-gizemlerini-kesfe-cikiyoruz","status":"publish","type":"post","link":"https:\/\/julesverne.com.tr\/en\/travel-blog\/guneydogu-anadolunun-gizemlerini-kesfe-cikiyoruz\/","title":{"rendered":"G\u00fcneydo\u011fu Anadolu&#8217;nun Gizemlerini Ke\u015ffe \u00c7\u0131k\u0131yoruz!"},"content":{"rendered":"<p><h3 style=\"text-align: center;\"><strong>12-14 Ekim 2018<\/strong><\/h3>\n<h3 style=\"text-align: center;\">URFA &#8211; G&Ouml;BEKL\u0130TEPE &#8211; HARRAN<\/h3>\n<h3 style=\"text-align: center;\"><strong>&Ccedil;ift Ki\u015filik Oda&#8217;da Ki\u015fi Ba\u015f\u0131&nbsp;2.150 TL<\/strong><\/h3>\n<p style=\"text-align: center;\"><strong><img loading=\"lazy\" decoding=\"async\" class=\"alignnone size-full wp-image-4418\" src=\"https:\/\/www.julesverne.com.tr\/\/wp-content\/uploads\/2020\/09\/balikligol_jv-3.jpg\" width=\"1000\" height=\"582\" alt=\"\" srcset=\"https:\/\/julesverne.com.tr\/wp-content\/uploads\/2020\/09\/balikligol_jv-3.jpg 1000w, https:\/\/julesverne.com.tr\/wp-content\/uploads\/2020\/09\/balikligol_jv-3-500x291.jpg 500w, https:\/\/julesverne.com.tr\/wp-content\/uploads\/2020\/09\/balikligol_jv-3-768x447.jpg 768w\" sizes=\"(max-width: 1000px) 100vw, 1000px\" \/><\/strong><\/p>\n<p>Efsaneye g&ouml;re Nuh Tufan\u0131&rsquo;ndan sonra Nemrut&rsquo;a karaya &ccedil;\u0131kan ve da\u011f\u0131n bir di\u011fer ad\u0131 olan, &lsquo;Sulak yerde bulunan&rsquo; anlam\u0131na gelen Hewya o\u011flu Urhai&rsquo;den gelen Urfa&hellip; 11.000 y\u0131ll\u0131k tarihinde bug&uuml;n bile ke\u015ffetmeye devam etti\u011fimiz b&uuml;y&uuml;leyici \u015fehir&hellip; Farkl\u0131 inan&ccedil;lar\u0131n, efsanelerin, &ccedil;ok renklili\u011fin ve &ccedil;ok seslili\u011fin \u015fehrini bu topraklar\u0131 en iyi bilenlerle gezmek bir ayr\u0131cal\u0131k! Anadolu ve Ortado\u011fu &uuml;zerine &ccedil;al\u0131\u015fmalar\u0131yla bilinen yazar ve rehber<strong> N&uuml;khet Everi ile masals\u0131 bir Urfa Yolculu\u011fu<\/strong>&rsquo;na &ccedil;\u0131k\u0131yoruz.<\/p>\n<p style=\"text-align: center;\"><img loading=\"lazy\" decoding=\"async\" class=\"alignnone size-full wp-image-4419\" src=\"https:\/\/www.julesverne.com.tr\/\/wp-content\/uploads\/2020\/09\/gobeklitepe_jv-1.jpg\" width=\"1000\" height=\"666\" alt=\"\" srcset=\"https:\/\/julesverne.com.tr\/wp-content\/uploads\/2020\/09\/gobeklitepe_jv-1.jpg 1000w, https:\/\/julesverne.com.tr\/wp-content\/uploads\/2020\/09\/gobeklitepe_jv-1-500x333.jpg 500w, https:\/\/julesverne.com.tr\/wp-content\/uploads\/2020\/09\/gobeklitepe_jv-1-768x511.jpg 768w\" sizes=\"(max-width: 1000px) 100vw, 1000px\" \/><\/p>\n<p>UNESCO taraf\u0131ndan D&uuml;nya K&uuml;lt&uuml;rel Miras Listesi&#8217;nde yer alarak varl\u0131\u011f\u0131n\u0131n etkisini t&uuml;m d&uuml;nyaya duyuran <strong>G&ouml;beklitepe<\/strong>&#8230; D&uuml;nyan\u0131n orijinal h&acirc;liyle g&uuml;n&uuml;m&uuml;ze kalm\u0131\u015f en eski tap\u0131na\u011f\u0131 olan G&ouml;beklitepe, <strong>Alman Arkeolog Klaus Schmidt<\/strong>&rsquo;in liderli\u011finde y\u0131llarca s&uuml;rd&uuml;r&uuml;len &ccedil;al\u0131\u015fmalar sonucu g&uuml;n y&uuml;z&uuml;ne &ccedil;\u0131karak bilinen d&uuml;nya tarihini de\u011fi\u015ftirdi. Her kaz\u0131da yeni kabartmalar, heykeller ortaya &ccedil;\u0131kt\u0131\u011f\u0131 bir sanat hazinesinden bahsediyoruz ayn\u0131 zamanda. Bizden &ouml;nce ya\u015fanan tarihin en b&uuml;y&uuml;k izlerini olu\u015fturan G&ouml;beklitepe kadar Peygamberler \u015fehri Urfa&#8217;n\u0131n her k&ouml;\u015fesinde ba\u015fka derin anlamlar bulaca\u011f\u0131n\u0131za \u015f&uuml;phe yok. ; Klaus Schmidt&rsquo;in &ccedil;al\u0131\u015fmalar boyunca ya\u015fad\u0131\u011f\u0131 evi <strong>Klaus Schmidt An\u0131evi, Bal\u0131kl\u0131g&ouml;l, Urfa Kalesi, Edessa Nekropol&uuml;,&nbsp;<\/strong>Harran Ovas\u0131&#8217;n\u0131n merkezinde yer alan ve kurulu\u015fu M.&Ouml; 5000 y\u0131l\u0131na uzanan tarihin &ouml;nemli k&uuml;lt&uuml;r ve din merkezi <strong>Harran,&nbsp;<\/strong><em>\u015eanl\u0131urfa Arkeoloji M&uuml;zesi, Arkeopark ve Edessa Mozaik M&uuml;zesi<\/em>&rsquo;ndan olu\u015fan ve T&uuml;rkiye&rsquo;nin en b&uuml;y&uuml;k m&uuml;ze kompleksi <strong>Haleplibah&ccedil;e<\/strong>&nbsp;bamba\u015fka hik&acirc;yeler anlatacak bizlere&hellip;<\/p>\n<h3><a href=\"..\/..\/bizden-haberler\/nukhet-everi-ile-urfa-gobeklitepe-gezi-programi\" target=\"_blank\" rel=\"noopener noreferrer\"><strong>Detayl\u0131 program bilgisi i&ccedil;in t\u0131klay\u0131n!<\/strong><\/a><\/h3>\n<p style=\"text-align: center;\"><strong><img loading=\"lazy\" decoding=\"async\" class=\"alignnone size-full wp-image-4420\" src=\"https:\/\/www.julesverne.com.tr\/\/wp-content\/uploads\/2020\/09\/shutterstock_1067053289-1.jpg\" width=\"1000\" height=\"667\" alt=\"\" srcset=\"https:\/\/julesverne.com.tr\/wp-content\/uploads\/2020\/09\/shutterstock_1067053289-1.jpg 1000w, https:\/\/julesverne.com.tr\/wp-content\/uploads\/2020\/09\/shutterstock_1067053289-1-500x334.jpg 500w, https:\/\/julesverne.com.tr\/wp-content\/uploads\/2020\/09\/shutterstock_1067053289-1-768x512.jpg 768w\" sizes=\"(max-width: 1000px) 100vw, 1000px\" \/><\/strong><\/p>\n<p><strong>&Uuml;cret Bilgisi<\/strong><\/p>\n<ul>\n<li>\u0130ki Ki\u015filik Oda&rsquo;da Ki\u015fi Ba\u015f\u0131: <strong>2.150 TL<\/strong><\/li>\n<li>Single Konaklama Fark\u0131:&nbsp; <strong>200 TL<\/strong><\/li>\n<\/ul>\n<p><strong>&Uuml;crete Dahil Olan Hizmetler<\/strong><\/p>\n<ul>\n<li>AnadaoluJet ile \u0130stanbul&nbsp; &#8211;&nbsp; Urfa u&ccedil;ak bileti<\/li>\n<li>T&uuml;rk Hava Yollar\u0131 ile Urfa&nbsp; &#8211;&nbsp; \u0130stanbul u&ccedil;ak bileti<\/li>\n<li>Manici Urfa Otel&#8217;inde kahvalt\u0131 dahil, 2 gece konaklama<\/li>\n<li>Programda belirtilen t&uuml;m transferler<\/li>\n<li>2 &ouml;\u011fle yeme\u011fi<\/li>\n<li>3 ak\u015fam yeme\u011fi<\/li>\n<li>S\u0131ra gecesi<\/li>\n<li>N&uuml;khet Everi Rehberli\u011fi<\/li>\n<li>M&uuml;ze ve &ouml;ren yeri giri\u015f &uuml;cretleri<\/li>\n<li>Seyahat sigortas\u0131<\/li>\n<\/ul>\n<p><strong>U&ccedil;u\u015f &Ouml;nerisi<\/strong><\/p>\n<ul>\n<li>TK7316 Sabiha G&ouml;k&ccedil;en Havaliman\u0131 &#8211; \u015eanl\u0131urfa GAP Havaliman\u0131 <strong>Kalk\u0131\u015f<\/strong>&nbsp;12:30&nbsp;&nbsp;<strong>Var\u0131\u015f<\/strong>&nbsp;14:15<\/li>\n<li>TK2249 \u015eanl\u0131urfa GAP Havaliman\u0131 &#8211; \u0130stanbul Atat&uuml;rk Havaliman\u0131 <strong>Kalk\u0131\u015f<\/strong> 22:25 <strong>Var\u0131\u015f<\/strong> 00:30 (15 Ekim Pazartesi)<\/li>\n<\/ul>\n<p><strong>N&uuml;khet Everi<\/strong><\/p>\n<p><strong><img loading=\"lazy\" decoding=\"async\" class=\"alignnone size-full wp-image-4421\" src=\"https:\/\/www.julesverne.com.tr\/\/wp-content\/uploads\/2020\/09\/nukhet_everi.jpg\" width=\"760\" height=\"506\" alt=\"\" srcset=\"https:\/\/julesverne.com.tr\/wp-content\/uploads\/2020\/09\/nukhet_everi.jpg 760w, https:\/\/julesverne.com.tr\/wp-content\/uploads\/2020\/09\/nukhet_everi-500x333.jpg 500w\" sizes=\"(max-width: 760px) 100vw, 760px\" \/><\/strong><\/p>\n<p>\u0130stanbul do\u011fumlu N&uuml;khet Everi Avusturya Lisesi&#8217;nden mezun olduktan sonra Viyana &Uuml;niversitesi&#8217;nde Arkeoloji ve Tiyatro e\u011fitimleri ald\u0131. E\u011fitimi sonras\u0131 1.5 y\u0131l K&uuml;ba&#8217;da ya\u015fad\u0131ktan sonra &uuml;lkesine d&ouml;nen Everi, \u0130stanbul B&uuml;y&uuml;k\u015fehir Belediyesi \u015eehir Tiyatrolar\u0131&rsquo;n\u0131n Orhan Alkaya taraf\u0131ndan &ccedil;\u0131kart\u0131lan &ldquo;Tiyatro Dergisi&rdquo; i&ccedil;in terc&uuml;meler ve s&ouml;yle\u015filer yapt\u0131. Uzun y\u0131llard\u0131r rehberlik yapan Everi, Mardin ve Ortado\u011fu &uuml;zerine &ccedil;al\u0131\u015fmalar\u0131yla tan\u0131n\u0131yor. Radyo programlar\u0131nda T&uuml;rkiye \u015fehirlerini tan\u0131tt\u0131, foto\u011fraf sergileri a&ccedil;t\u0131. K&uuml;lt&uuml;rel Miras\u0131 Koruma Derne\u011fi&rsquo;nin (KMKD) kurucu &uuml;yelerinden olup, T&uuml;rkiye&rsquo;deki S&uuml;ryani K&uuml;lt&uuml;r Miras\u0131 &uuml;zerine &ccedil;al\u0131\u015fmalar ve ara\u015ft\u0131rmalar yap\u0131yor. Almanca, \u0130ngilizce, \u0130spanyolca, Latince, Eski Yunanca, Bizans Grek&ccedil;esi, Yunanca ve Ermenice dillerinin yan\u0131 s\u0131ra Mezopotamya b&ouml;lgesindeki ara\u015ft\u0131rmalar\u0131 i&ccedil;in Mardin Artuklu &Uuml;niversitesi&rsquo;nde S&uuml;ryanice ve Arap&ccedil;a &ouml;\u011frendi. 2014&rsquo;te E Yay\u0131nlar\u0131&rsquo;ndan &ldquo;Saray\u0131n Dehlizlerinde&rdquo; adl\u0131 roman\u0131 yay\u0131nlanan N&uuml;khet Everi Milliyet Gazetesi Cumartesi Eki&rsquo;nde &ldquo;S\u0131rt &Ccedil;antam&rdquo; adl\u0131 k&ouml;\u015fesinde seyahat yaz\u0131lar\u0131 yazmaya devam ediyor.<\/p>\n<p style=\"text-align: center;\"><strong>Detayl\u0131 program bilgisi ve rezervasyon i&ccedil;in:<\/strong><br \/><a href=\"mailto:travel@julesverne.com.tr\" target=\"_blank\" rel=\"noopener noreferrer\"><strong>travel@julesverne.com.tr<\/strong><\/a><br \/><strong>0212 266 6363 &#8211; 137<\/strong><\/p><\/p>\n","protected":false},"excerpt":{"rendered":"<p>11.000 y\u0131ll\u0131k tarihinde bug&uuml;n bile ke\u015ffetmeye devam etti\u011fimiz b&uuml;y&uuml;leyici \u015fehir&hellip; Farkl\u0131 inan&ccedil;lar\u0131n, efsanelerin, &ccedil;ok renklili\u011fin ve &ccedil;ok seslili\u011fin \u015fehrini bu topraklar\u0131 en iyi bilenlerle gezmek bir ayr\u0131cal\u0131k! 12-14 Ekim tarihlerinde Anadolu ve Ortado\u011fu &uuml;zerine &ccedil;al\u0131\u015fmalar\u0131yla bilinen yazar ve rehber N&uuml;khet Everi ile masals\u0131 bir Urfa Yolculu\u011fu&rsquo;na &ccedil;\u0131k\u0131yoruz.<\/p>\n","protected":false},"author":1,"featured_media":1982,"comment_status":"closed","ping_status":"closed","sticky":false,"template":"","format":"standard","meta":{"inline_featured_image":false,"footnotes":""},"categories":[1],"tags":[],"acf":[],"yoast_head":"<!-- This site is optimized with the Yoast SEO plugin v22.3 - https:\/\/yoast.com\/wordpress\/plugins\/seo\/ -->\n<title>G\u00fcneydo\u011fu Anadolu&#039;nun Gizemlerini Ke\u015ffe \u00c7\u0131k\u0131yoruz! - JULES VERNE BUSINESS MICE TRAVEL<\/title>\n<meta name=\"robots\" content=\"index, follow, max-snippet:-1, max-image-preview:large, max-video-preview:-1\" \/>\n<link rel=\"canonical\" href=\"https:\/\/julesverne.com.tr\/travel-blog\/guneydogu-anadolunun-gizemlerini-kesfe-cikiyoruz\/\" \/>\n<meta property=\"og:locale\" content=\"en_US\" \/>\n<meta property=\"og:type\" content=\"article\" \/>\n<meta property=\"og:title\" content=\"G\u00fcneydo\u011fu Anadolu&#039;nun Gizemlerini Ke\u015ffe \u00c7\u0131k\u0131yoruz! - JULES VERNE BUSINESS MICE TRAVEL\" \/>\n<meta property=\"og:description\" content=\"11.000 y\u0131ll\u0131k tarihinde bug&uuml;n bile ke\u015ffetmeye devam etti\u011fimiz b&uuml;y&uuml;leyici \u015fehir&hellip; Farkl\u0131 inan&ccedil;lar\u0131n, efsanelerin, &ccedil;ok renklili\u011fin ve &ccedil;ok seslili\u011fin \u015fehrini bu topraklar\u0131 en iyi bilenlerle gezmek bir ayr\u0131cal\u0131k! 12-14 Ekim tarihlerinde Anadolu ve Ortado\u011fu &uuml;zerine &ccedil;al\u0131\u015fmalar\u0131yla bilinen yazar ve rehber N&uuml;khet Everi ile masals\u0131 bir Urfa Yolculu\u011fu&rsquo;na &ccedil;\u0131k\u0131yoruz.\" \/>\n<meta property=\"og:url\" content=\"https:\/\/julesverne.com.tr\/travel-blog\/guneydogu-anadolunun-gizemlerini-kesfe-cikiyoruz\/\" \/>\n<meta property=\"og:site_name\" content=\"JULES VERNE BUSINESS MICE TRAVEL\" \/>\n<meta property=\"article:publisher\" content=\"https:\/\/www.facebook.com\/JulesVerneBusinessMiceTravel\/\" \/>\n<meta property=\"article:published_time\" content=\"2018-09-13T09:27:03+00:00\" \/>\n<meta property=\"article:modified_time\" content=\"2020-09-21T14:36:10+00:00\" \/>\n<meta property=\"og:image\" content=\"https:\/\/julesverne.com.tr\/wp-content\/uploads\/2020\/09\/balikligol_jv.jpg\" \/>\n\t<meta property=\"og:image:width\" content=\"1000\" \/>\n\t<meta property=\"og:image:height\" content=\"582\" \/>\n\t<meta property=\"og:image:type\" content=\"image\/jpeg\" \/>\n<meta name=\"author\" content=\"fikirman\" \/>\n<meta name=\"twitter:card\" content=\"summary_large_image\" \/>\n<meta name=\"twitter:creator\" content=\"@JV_BusinessMice\" \/>\n<meta name=\"twitter:site\" content=\"@JV_BusinessMice\" \/>\n<meta name=\"twitter:label1\" content=\"Written by\" \/>\n\t<meta name=\"twitter:data1\" content=\"fikirman\" \/>\n\t<meta name=\"twitter:label2\" content=\"Est. reading time\" \/>\n\t<meta name=\"twitter:data2\" content=\"4 minutes\" \/>\n<script type=\"application\/ld+json\" class=\"yoast-schema-graph\">{\"@context\":\"https:\/\/schema.org\",\"@graph\":[{\"@type\":\"Article\",\"@id\":\"https:\/\/julesverne.com.tr\/travel-blog\/guneydogu-anadolunun-gizemlerini-kesfe-cikiyoruz\/#article\",\"isPartOf\":{\"@id\":\"https:\/\/julesverne.com.tr\/travel-blog\/guneydogu-anadolunun-gizemlerini-kesfe-cikiyoruz\/\"},\"author\":{\"name\":\"fikirman\",\"@id\":\"https:\/\/julesverne.com.tr\/#\/schema\/person\/f4eb0514ae455538644c31b99a466fdb\"},\"headline\":\"G\u00fcneydo\u011fu Anadolu&#8217;nun Gizemlerini Ke\u015ffe \u00c7\u0131k\u0131yoruz!\",\"datePublished\":\"2018-09-13T09:27:03+00:00\",\"dateModified\":\"2020-09-21T14:36:10+00:00\",\"mainEntityOfPage\":{\"@id\":\"https:\/\/julesverne.com.tr\/travel-blog\/guneydogu-anadolunun-gizemlerini-kesfe-cikiyoruz\/\"},\"wordCount\":779,\"publisher\":{\"@id\":\"https:\/\/julesverne.com.tr\/#organization\"},\"image\":{\"@id\":\"https:\/\/julesverne.com.tr\/travel-blog\/guneydogu-anadolunun-gizemlerini-kesfe-cikiyoruz\/#primaryimage\"},\"thumbnailUrl\":\"https:\/\/julesverne.com.tr\/wp-content\/uploads\/2020\/09\/balikligol_jv.jpg\",\"articleSection\":[\"Blog\"],\"inLanguage\":\"en-US\"},{\"@type\":\"WebPage\",\"@id\":\"https:\/\/julesverne.com.tr\/travel-blog\/guneydogu-anadolunun-gizemlerini-kesfe-cikiyoruz\/\",\"url\":\"https:\/\/julesverne.com.tr\/travel-blog\/guneydogu-anadolunun-gizemlerini-kesfe-cikiyoruz\/\",\"name\":\"G\u00fcneydo\u011fu Anadolu'nun Gizemlerini Ke\u015ffe \u00c7\u0131k\u0131yoruz! - JULES VERNE BUSINESS MICE TRAVEL\",\"isPartOf\":{\"@id\":\"https:\/\/julesverne.com.tr\/#website\"},\"primaryImageOfPage\":{\"@id\":\"https:\/\/julesverne.com.tr\/travel-blog\/guneydogu-anadolunun-gizemlerini-kesfe-cikiyoruz\/#primaryimage\"},\"image\":{\"@id\":\"https:\/\/julesverne.com.tr\/travel-blog\/guneydogu-anadolunun-gizemlerini-kesfe-cikiyoruz\/#primaryimage\"},\"thumbnailUrl\":\"https:\/\/julesverne.com.tr\/wp-content\/uploads\/2020\/09\/balikligol_jv.jpg\",\"datePublished\":\"2018-09-13T09:27:03+00:00\",\"dateModified\":\"2020-09-21T14:36:10+00:00\",\"breadcrumb\":{\"@id\":\"https:\/\/julesverne.com.tr\/travel-blog\/guneydogu-anadolunun-gizemlerini-kesfe-cikiyoruz\/#breadcrumb\"},\"inLanguage\":\"en-US\",\"potentialAction\":[{\"@type\":\"ReadAction\",\"target\":[\"https:\/\/julesverne.com.tr\/travel-blog\/guneydogu-anadolunun-gizemlerini-kesfe-cikiyoruz\/\"]}]},{\"@type\":\"ImageObject\",\"inLanguage\":\"en-US\",\"@id\":\"https:\/\/julesverne.com.tr\/travel-blog\/guneydogu-anadolunun-gizemlerini-kesfe-cikiyoruz\/#primaryimage\",\"url\":\"https:\/\/julesverne.com.tr\/wp-content\/uploads\/2020\/09\/balikligol_jv.jpg\",\"contentUrl\":\"https:\/\/julesverne.com.tr\/wp-content\/uploads\/2020\/09\/balikligol_jv.jpg\",\"width\":1000,\"height\":582},{\"@type\":\"BreadcrumbList\",\"@id\":\"https:\/\/julesverne.com.tr\/travel-blog\/guneydogu-anadolunun-gizemlerini-kesfe-cikiyoruz\/#breadcrumb\",\"itemListElement\":[{\"@type\":\"ListItem\",\"position\":1,\"name\":\"Anasayfa\",\"item\":\"https:\/\/julesverne.com.tr\/\"},{\"@type\":\"ListItem\",\"position\":2,\"name\":\"G\u00fcneydo\u011fu Anadolu&#8217;nun Gizemlerini Ke\u015ffe \u00c7\u0131k\u0131yoruz!\"}]},{\"@type\":\"WebSite\",\"@id\":\"https:\/\/julesverne.com.tr\/#website\",\"url\":\"https:\/\/julesverne.com.tr\/\",\"name\":\"JULES VERNE BUSINESS MICE TRAVEL\",\"description\":\"\",\"publisher\":{\"@id\":\"https:\/\/julesverne.com.tr\/#organization\"},\"potentialAction\":[{\"@type\":\"SearchAction\",\"target\":{\"@type\":\"EntryPoint\",\"urlTemplate\":\"https:\/\/julesverne.com.tr\/?s={search_term_string}\"},\"query-input\":\"required name=search_term_string\"}],\"inLanguage\":\"en-US\"},{\"@type\":\"Organization\",\"@id\":\"https:\/\/julesverne.com.tr\/#organization\",\"name\":\"JULES VERNE BUSINESS MICE TRAVEL\",\"url\":\"https:\/\/julesverne.com.tr\/\",\"logo\":{\"@type\":\"ImageObject\",\"inLanguage\":\"en-US\",\"@id\":\"https:\/\/julesverne.com.tr\/#\/schema\/logo\/image\/\",\"url\":\"https:\/\/julesverne.com.tr\/wp-content\/uploads\/2020\/09\/jv-bmt-logo.png\",\"contentUrl\":\"https:\/\/julesverne.com.tr\/wp-content\/uploads\/2020\/09\/jv-bmt-logo.png\",\"width\":110,\"height\":81,\"caption\":\"JULES VERNE BUSINESS MICE TRAVEL\"},\"image\":{\"@id\":\"https:\/\/julesverne.com.tr\/#\/schema\/logo\/image\/\"},\"sameAs\":[\"https:\/\/www.facebook.com\/JulesVerneBusinessMiceTravel\/\",\"https:\/\/twitter.com\/JV_BusinessMice\",\"https:\/\/www.instagram.com\/julesvernebusinessmicetravel\/\",\"https:\/\/www.linkedin.com\/company\/julesvernebusinessmicetravel\/\",\"https:\/\/www.youtube.com\/channel\/UCAwdsmbZ6tFhu1tea6pkpiw\"]},{\"@type\":\"Person\",\"@id\":\"https:\/\/julesverne.com.tr\/#\/schema\/person\/f4eb0514ae455538644c31b99a466fdb\",\"name\":\"fikirman\",\"sameAs\":[\"http:\/\/advermedya.net\/julesverne\"],\"url\":\"https:\/\/julesverne.com.tr\/en\/author\/fikirman\/\"}]}<\/script>\n<!-- \/ Yoast SEO plugin. -->","yoast_head_json":{"title":"G\u00fcneydo\u011fu Anadolu'nun Gizemlerini Ke\u015ffe \u00c7\u0131k\u0131yoruz! - JULES VERNE BUSINESS MICE TRAVEL","robots":{"index":"index","follow":"follow","max-snippet":"max-snippet:-1","max-image-preview":"max-image-preview:large","max-video-preview":"max-video-preview:-1"},"canonical":"https:\/\/julesverne.com.tr\/travel-blog\/guneydogu-anadolunun-gizemlerini-kesfe-cikiyoruz\/","og_locale":"en_US","og_type":"article","og_title":"G\u00fcneydo\u011fu Anadolu'nun Gizemlerini Ke\u015ffe \u00c7\u0131k\u0131yoruz! - JULES VERNE BUSINESS MICE TRAVEL","og_description":"11.000 y\u0131ll\u0131k tarihinde bug&uuml;n bile ke\u015ffetmeye devam etti\u011fimiz b&uuml;y&uuml;leyici \u015fehir&hellip; Farkl\u0131 inan&ccedil;lar\u0131n, efsanelerin, &ccedil;ok renklili\u011fin ve &ccedil;ok seslili\u011fin \u015fehrini bu topraklar\u0131 en iyi bilenlerle gezmek bir ayr\u0131cal\u0131k! 12-14 Ekim tarihlerinde Anadolu ve Ortado\u011fu &uuml;zerine &ccedil;al\u0131\u015fmalar\u0131yla bilinen yazar ve rehber N&uuml;khet Everi ile masals\u0131 bir Urfa Yolculu\u011fu&rsquo;na &ccedil;\u0131k\u0131yoruz.","og_url":"https:\/\/julesverne.com.tr\/travel-blog\/guneydogu-anadolunun-gizemlerini-kesfe-cikiyoruz\/","og_site_name":"JULES VERNE BUSINESS MICE TRAVEL","article_publisher":"https:\/\/www.facebook.com\/JulesVerneBusinessMiceTravel\/","article_published_time":"2018-09-13T09:27:03+00:00","article_modified_time":"2020-09-21T14:36:10+00:00","og_image":[{"width":1000,"height":582,"url":"https:\/\/julesverne.com.tr\/wp-content\/uploads\/2020\/09\/balikligol_jv.jpg","type":"image\/jpeg"}],"author":"fikirman","twitter_card":"summary_large_image","twitter_creator":"@JV_BusinessMice","twitter_site":"@JV_BusinessMice","twitter_misc":{"Written by":"fikirman","Est. reading time":"4 minutes"},"schema":{"@context":"https:\/\/schema.org","@graph":[{"@type":"Article","@id":"https:\/\/julesverne.com.tr\/travel-blog\/guneydogu-anadolunun-gizemlerini-kesfe-cikiyoruz\/#article","isPartOf":{"@id":"https:\/\/julesverne.com.tr\/travel-blog\/guneydogu-anadolunun-gizemlerini-kesfe-cikiyoruz\/"},"author":{"name":"fikirman","@id":"https:\/\/julesverne.com.tr\/#\/schema\/person\/f4eb0514ae455538644c31b99a466fdb"},"headline":"G\u00fcneydo\u011fu Anadolu&#8217;nun Gizemlerini Ke\u015ffe \u00c7\u0131k\u0131yoruz!","datePublished":"2018-09-13T09:27:03+00:00","dateModified":"2020-09-21T14:36:10+00:00","mainEntityOfPage":{"@id":"https:\/\/julesverne.com.tr\/travel-blog\/guneydogu-anadolunun-gizemlerini-kesfe-cikiyoruz\/"},"wordCount":779,"publisher":{"@id":"https:\/\/julesverne.com.tr\/#organization"},"image":{"@id":"https:\/\/julesverne.com.tr\/travel-blog\/guneydogu-anadolunun-gizemlerini-kesfe-cikiyoruz\/#primaryimage"},"thumbnailUrl":"https:\/\/julesverne.com.tr\/wp-content\/uploads\/2020\/09\/balikligol_jv.jpg","articleSection":["Blog"],"inLanguage":"en-US"},{"@type":"WebPage","@id":"https:\/\/julesverne.com.tr\/travel-blog\/guneydogu-anadolunun-gizemlerini-kesfe-cikiyoruz\/","url":"https:\/\/julesverne.com.tr\/travel-blog\/guneydogu-anadolunun-gizemlerini-kesfe-cikiyoruz\/","name":"G\u00fcneydo\u011fu Anadolu'nun Gizemlerini Ke\u015ffe \u00c7\u0131k\u0131yoruz! - JULES VERNE BUSINESS MICE TRAVEL","isPartOf":{"@id":"https:\/\/julesverne.com.tr\/#website"},"primaryImageOfPage":{"@id":"https:\/\/julesverne.com.tr\/travel-blog\/guneydogu-anadolunun-gizemlerini-kesfe-cikiyoruz\/#primaryimage"},"image":{"@id":"https:\/\/julesverne.com.tr\/travel-blog\/guneydogu-anadolunun-gizemlerini-kesfe-cikiyoruz\/#primaryimage"},"thumbnailUrl":"https:\/\/julesverne.com.tr\/wp-content\/uploads\/2020\/09\/balikligol_jv.jpg","datePublished":"2018-09-13T09:27:03+00:00","dateModified":"2020-09-21T14:36:10+00:00","breadcrumb":{"@id":"https:\/\/julesverne.com.tr\/travel-blog\/guneydogu-anadolunun-gizemlerini-kesfe-cikiyoruz\/#breadcrumb"},"inLanguage":"en-US","potentialAction":[{"@type":"ReadAction","target":["https:\/\/julesverne.com.tr\/travel-blog\/guneydogu-anadolunun-gizemlerini-kesfe-cikiyoruz\/"]}]},{"@type":"ImageObject","inLanguage":"en-US","@id":"https:\/\/julesverne.com.tr\/travel-blog\/guneydogu-anadolunun-gizemlerini-kesfe-cikiyoruz\/#primaryimage","url":"https:\/\/julesverne.com.tr\/wp-content\/uploads\/2020\/09\/balikligol_jv.jpg","contentUrl":"https:\/\/julesverne.com.tr\/wp-content\/uploads\/2020\/09\/balikligol_jv.jpg","width":1000,"height":582},{"@type":"BreadcrumbList","@id":"https:\/\/julesverne.com.tr\/travel-blog\/guneydogu-anadolunun-gizemlerini-kesfe-cikiyoruz\/#breadcrumb","itemListElement":[{"@type":"ListItem","position":1,"name":"Anasayfa","item":"https:\/\/julesverne.com.tr\/"},{"@type":"ListItem","position":2,"name":"G\u00fcneydo\u011fu Anadolu&#8217;nun Gizemlerini Ke\u015ffe \u00c7\u0131k\u0131yoruz!"}]},{"@type":"WebSite","@id":"https:\/\/julesverne.com.tr\/#website","url":"https:\/\/julesverne.com.tr\/","name":"JULES VERNE BUSINESS MICE TRAVEL","description":"","publisher":{"@id":"https:\/\/julesverne.com.tr\/#organization"},"potentialAction":[{"@type":"SearchAction","target":{"@type":"EntryPoint","urlTemplate":"https:\/\/julesverne.com.tr\/?s={search_term_string}"},"query-input":"required name=search_term_string"}],"inLanguage":"en-US"},{"@type":"Organization","@id":"https:\/\/julesverne.com.tr\/#organization","name":"JULES VERNE BUSINESS MICE TRAVEL","url":"https:\/\/julesverne.com.tr\/","logo":{"@type":"ImageObject","inLanguage":"en-US","@id":"https:\/\/julesverne.com.tr\/#\/schema\/logo\/image\/","url":"https:\/\/julesverne.com.tr\/wp-content\/uploads\/2020\/09\/jv-bmt-logo.png","contentUrl":"https:\/\/julesverne.com.tr\/wp-content\/uploads\/2020\/09\/jv-bmt-logo.png","width":110,"height":81,"caption":"JULES VERNE BUSINESS MICE TRAVEL"},"image":{"@id":"https:\/\/julesverne.com.tr\/#\/schema\/logo\/image\/"},"sameAs":["https:\/\/www.facebook.com\/JulesVerneBusinessMiceTravel\/","https:\/\/twitter.com\/JV_BusinessMice","https:\/\/www.instagram.com\/julesvernebusinessmicetravel\/","https:\/\/www.linkedin.com\/company\/julesvernebusinessmicetravel\/","https:\/\/www.youtube.com\/channel\/UCAwdsmbZ6tFhu1tea6pkpiw"]},{"@type":"Person","@id":"https:\/\/julesverne.com.tr\/#\/schema\/person\/f4eb0514ae455538644c31b99a466fdb","name":"fikirman","sameAs":["http:\/\/advermedya.net\/julesverne"],"url":"https:\/\/julesverne.com.tr\/en\/author\/fikirman\/"}]}},"_links":{"self":[{"href":"https:\/\/julesverne.com.tr\/en\/wp-json\/wp\/v2\/posts\/1981"}],"collection":[{"href":"https:\/\/julesverne.com.tr\/en\/wp-json\/wp\/v2\/posts"}],"about":[{"href":"https:\/\/julesverne.com.tr\/en\/wp-json\/wp\/v2\/types\/post"}],"author":[{"embeddable":true,"href":"https:\/\/julesverne.com.tr\/en\/wp-json\/wp\/v2\/users\/1"}],"replies":[{"embeddable":true,"href":"https:\/\/julesverne.com.tr\/en\/wp-json\/wp\/v2\/comments?post=1981"}],"version-history":[{"count":0,"href":"https:\/\/julesverne.com.tr\/en\/wp-json\/wp\/v2\/posts\/1981\/revisions"}],"wp:featuredmedia":[{"embeddable":true,"href":"https:\/\/julesverne.com.tr\/en\/wp-json\/wp\/v2\/media\/1982"}],"wp:attachment":[{"href":"https:\/\/julesverne.com.tr\/en\/wp-json\/wp\/v2\/media?parent=1981"}],"wp:term":[{"taxonomy":"category","embeddable":true,"href":"https:\/\/julesverne.com.tr\/en\/wp-json\/wp\/v2\/categories?post=1981"},{"taxonomy":"post_tag","embeddable":true,"href":"https:\/\/julesverne.com.tr\/en\/wp-json\/wp\/v2\/tags?post=1981"}],"curies":[{"name":"wp","href":"https:\/\/api.w.org\/{rel}","templated":true}]}}