{"id":1977,"date":"2018-09-04T14:40:26","date_gmt":"2018-09-04T11:40:26","guid":{"rendered":"https:\/\/www.julesverne.com.tr\/\/blog\/turkiyenin-toskanasinda-bag-bozumu-zamani-gezi-programi\/"},"modified":"2021-03-04T15:18:03","modified_gmt":"2021-03-04T12:18:03","slug":"turkiyenin-toskanasinda-bag-bozumu-zamani-gezi-programi","status":"publish","type":"post","link":"https:\/\/julesverne.com.tr\/en\/travel-blog\/turkiyenin-toskanasinda-bag-bozumu-zamani-gezi-programi\/","title":{"rendered":"T\u00fcrkiye\u2019nin Toskanas\u0131\u2019nda Ba\u011f Bozumu Zaman\u0131 Gezi Program\u0131"},"content":{"rendered":"<p><p class=\"MsoNormal\" style=\"text-align: center;\"><span style=\"mso-ansi-language: TR;\"><img loading=\"lazy\" decoding=\"async\" class=\"alignnone size-full wp-image-4435\" src=\"https:\/\/www.julesverne.com.tr\/\/wp-content\/uploads\/2020\/09\/caeli-1.jpg\" width=\"1280\" height=\"854\" alt=\"\" srcset=\"https:\/\/julesverne.com.tr\/wp-content\/uploads\/2020\/09\/caeli-1.jpg 1280w, https:\/\/julesverne.com.tr\/wp-content\/uploads\/2020\/09\/caeli-1-500x334.jpg 500w, https:\/\/julesverne.com.tr\/wp-content\/uploads\/2020\/09\/caeli-1-768x512.jpg 768w\" sizes=\"(max-width: 1280px) 100vw, 1280px\" \/><\/span><\/p>\n<p class=\"MsoNormal\" style=\"tab-stops: 7.1pt;\"><span style=\"mso-ansi-language: TR;\">15 Eyl&uuml;l &#8211; 6 Ekim tarihleri aras\u0131nda hafta sonu, 1 gece konaklamal\u0131 Ba\u011f Bozumu gezilerimiz ile hem do\u011faya hem de kendinize zaman ay\u0131rman\u0131n tam s\u0131ras\u0131! Ba\u011f Bozumu g&uuml;nleri ile ba\u011flar aras\u0131nda dola\u015fman\u0131n, &uuml;z&uuml;mleri toplaman\u0131n, tad\u0131mlara kat\u0131lman\u0131n keyfini ya\u015fayacaks\u0131n\u0131z. <\/span><\/p>\n<p><strong>1. G&uuml;n Cumartesi | \u0130stanbul &ndash; Eceabat &#8211; Gelibolu Yar\u0131madas\u0131 Milli Park\u0131<\/strong><\/p>\n<ul>\n<li>Saat 08:00&rsquo;da Hyatt Centric Hotel, Levent (Eski Edition Hotel) &ouml;n&uuml;nde &ouml;zel ara&ccedil; ile bulu\u015fma ve Eceabat&rsquo;a hareket.&nbsp;<\/li>\n<li>Yakla\u015f\u0131k 4 saat 30 dakika ( 311 km )&nbsp; s&uuml;recek yolculuk sonras\u0131 Hotel Caeli&rsquo;ye var\u0131\u015f.&nbsp;<\/li>\n<li>Odalara yerle\u015fme ve k\u0131sa bir dinlenme sonras\u0131 &ouml;\u011fle yeme\u011fi i&ccedil;in hareket.&nbsp;<\/li>\n<li>Otele 15 dakika uzakl\u0131ktaki Suvla Shop&rsquo;ta, Eceabat b&ouml;lgesine ait y&ouml;resel &uuml;r&uuml;nlerle haz\u0131rlanan&nbsp;&ouml;\u011fle yeme\u011fi.<\/li>\n<li>Yemek sonras\u0131 yakla\u015f\u0131k 20 dakika mesafedeki Gelibolu Yar\u0131madas\u0131 Milli Park\u0131&rsquo;na var\u0131\u015f.<\/li>\n<li>Milli Park gezisinde<strong> Kilitbahirta\u015f Yaylas\u0131, Sedd&uuml;lbahir Sava\u015f Alan\u0131, Maeste Koyu, Tekke K&ouml;y&uuml;, Ertu\u011frul Koyu, \u0130kizler Koyu, Hisarl\u0131k Tepe, Al&ccedil;\u0131 Tepe, Z\u0131\u011f\u0131ndere, Kereviz Dere, Ar\u0131burnu, Anafartalar Sava\u015f Alanlar\u0131nda Kaba Tepe, Kanl\u0131 \u015eist, Conkbay\u0131r\u0131, Suvla ovas\u0131, Kakma Da\u011f\u0131ayr\u0131ca T&uuml;rk \u015eehitlik ve An\u0131tlar\u0131, Yabanc\u0131 Mezarl\u0131k ve An\u0131tlar, sava\u015f kal\u0131nt\u0131lar\u0131<\/strong> (Tabyalar-silahlar, siperler, bat\u0131klar) <strong>Arkeolojik ve Tarihi Sitler<\/strong> ziyaretleri.<\/li>\n<li>Gezi sonras\u0131 otele d&ouml;n&uuml;\u015f.<\/li>\n<li>19.30 &ndash; 23.00 saatleri aras\u0131nda \u015eefin &Ouml;zel Ba\u011f Bozumu Men&uuml;s&uuml; ile ak\u015fam yeme\u011fi otelde.<\/li>\n<\/ul>\n<p style=\"text-align: center;\"><img loading=\"lazy\" decoding=\"async\" class=\"alignnone size-full wp-image-4436\" src=\"https:\/\/www.julesverne.com.tr\/\/wp-content\/uploads\/2020\/09\/gelibolu.jpg\" width=\"1280\" height=\"721\" alt=\"\" srcset=\"https:\/\/julesverne.com.tr\/wp-content\/uploads\/2020\/09\/gelibolu.jpg 1280w, https:\/\/julesverne.com.tr\/wp-content\/uploads\/2020\/09\/gelibolu-500x282.jpg 500w, https:\/\/julesverne.com.tr\/wp-content\/uploads\/2020\/09\/gelibolu-768x433.jpg 768w, https:\/\/julesverne.com.tr\/wp-content\/uploads\/2020\/09\/gelibolu-400x225.jpg 400w\" sizes=\"(max-width: 1280px) 100vw, 1280px\" \/><\/p>\n<p><strong>2. G&uuml;n Pazar | Eceabat &#8211; \u0130stanbul<\/strong><\/p>\n<ul>\n<li>08.45&rsquo;de mini kahvalt\u0131 sonras\u0131 Ba\u011f Bozumu i&ccedil;in hareket.&nbsp;<\/li>\n<li>09.00&rsquo;da otelden &ccedil;\u0131k\u0131\u015f, &uuml;z&uuml;m ba\u011flar\u0131n\u0131n ke\u015ffi ve uzman anlat\u0131m\u0131 e\u015fli\u011finde 170 hektar b&uuml;y&uuml;kl&uuml;\u011f&uuml;ndeki ba\u011f bozumu alan\u0131na gidi\u015f.<\/li>\n<li>10.00&rsquo;da &Ouml;zel ekipmanlar ve uzman e\u015fli\u011finde yakla\u015f\u0131k 1 saat s&uuml;recek ba\u011f bozumu deneyimi.&nbsp;<\/li>\n<li>11.00&rsquo;da otele d&ouml;n&uuml;\u015f.<\/li>\n<li>11.00 &ndash; 13.00 saatleri aras\u0131nda g&ouml;let, ba\u011f ve orman manzaras\u0131 e\u015fli\u011finde, \u015fefin y&ouml;resel ve mevsimsel &uuml;r&uuml;nlerinden haz\u0131rlad\u0131\u011f\u0131&nbsp;brunch.&nbsp;<\/li>\n<li>13.30 &ndash; 14.30 saatleri aras\u0131nda uzman e\u015fli\u011finde 12.500 m2 alana kurulu T&uuml;rkiye&rsquo;nin en modern \u015faraphanesi olan Porta Caeli \u015faraphane gezisi.<\/li>\n<li>14.30 &ndash; 15.30 saatleri aras\u0131nda uzman e\u015fli\u011finde Porta Caeli &uuml;r&uuml;nlerinin tad\u0131m\u0131 ve anlat\u0131m\u0131.<\/li>\n<li>17.00&rsquo;da otelden ayr\u0131l\u0131\u015f.&nbsp;<\/li>\n<\/ul>\n<p style=\"text-align: center;\"><img loading=\"lazy\" decoding=\"async\" class=\"alignnone size-full wp-image-4437\" src=\"https:\/\/www.julesverne.com.tr\/\/wp-content\/uploads\/2020\/09\/21A3113.jpg\" width=\"860\" height=\"573\" alt=\"\" srcset=\"https:\/\/julesverne.com.tr\/wp-content\/uploads\/2020\/09\/21A3113.jpg 860w, https:\/\/julesverne.com.tr\/wp-content\/uploads\/2020\/09\/21A3113-500x333.jpg 500w, https:\/\/julesverne.com.tr\/wp-content\/uploads\/2020\/09\/21A3113-768x512.jpg 768w\" sizes=\"(max-width: 860px) 100vw, 860px\" \/><\/p>\n<p><strong>&Uuml;cret Bilgisi<\/strong><\/p>\n<ul>\n<li>\u0130ki Ki\u015filik Oda&rsquo;da Ki\u015fi Ba\u015f\u0131:&nbsp; <strong>1.700 TL<\/strong><\/li>\n<li>Single Konaklama Fark\u0131: <strong>900 TL<\/strong><\/li>\n<\/ul>\n<p><strong>&Uuml;crete Dahil Olan Hizmetler<\/strong><\/p>\n<ul>\n<li>Hotel Caeli&rsquo;de 1 gece, kahvalt\u0131 dahil konaklama&nbsp;<\/li>\n<li>Programda belirtilen t&uuml;m transferler<\/li>\n<li>\u015eefin y&ouml;resel ve mevsimsel &uuml;r&uuml;nlerinden olu\u015fan&nbsp;1 brunch<\/li>\n<li>Eceabat b&ouml;lgesine ait y&ouml;resel &uuml;r&uuml;nlerle haz\u0131rlanan 1 &ouml;\u011fle yeme\u011fi<\/li>\n<li>\u015eefin &Ouml;zel Ba\u011f Bozumu Men&uuml;s&uuml; ile 1 ak\u015fam yeme\u011fi<\/li>\n<li>Rehberlik Hizmeti&nbsp;<\/li>\n<li>M&uuml;ze ve &ouml;ren yeri giri\u015f &uuml;cretleri<\/li>\n<li>Seyahat sigortas\u0131<\/li>\n<\/ul>\n<p><strong>&Uuml;crete Dahil Olmayan Hizmetler<\/strong><\/p>\n<ul>\n<li>&Ouml;\u011fle ve ak\u015fam yemeklerindeki i&ccedil;ecekler&nbsp;<\/li>\n<li>\u015eahsi harcamalar<\/li>\n<\/ul>\n<p><strong>&Ouml;nemli Bilgiler<\/strong><\/p>\n<ul>\n<li>Gezi, minimum 10 ki\u015finin kat\u0131l\u0131m\u0131yla ger&ccedil;ekle\u015fecektir.\n<\/li>\n<\/ul>\n<p style=\"text-align: center;\"><strong>Detayl\u0131 Program Bilgisi ve Rezervasyon i&ccedil;in:<\/strong><br \/><a href=\"mailto:travel@julesverne.com.tr%20\" target=\"_blank\" rel=\"noopener noreferrer\"><strong>travel@julesverne.com.tr <\/strong><\/a><br \/><strong>0212 266 6363 &#8211; 137<\/strong><\/p>\n<p>&nbsp;<\/p><\/p>\n","protected":false},"excerpt":{"rendered":"<p>T&uuml;rkiye&rsquo;nin Toskanas\u0131&rsquo;nda Ba\u011f Bozumu Zaman\u0131 Gezi Program\u0131&#8230;<\/p>\n","protected":false},"author":1,"featured_media":1978,"comment_status":"closed","ping_status":"closed","sticky":false,"template":"","format":"standard","meta":{"inline_featured_image":false,"footnotes":""},"categories":[1,40,39],"tags":[],"acf":[],"yoast_head":"<!-- This site is optimized with the Yoast SEO plugin v22.3 - https:\/\/yoast.com\/wordpress\/plugins\/seo\/ -->\n<title>T\u00fcrkiye\u2019nin Toskanas\u0131\u2019nda Ba\u011f Bozumu Zaman\u0131 Gezi Program\u0131 - JULES VERNE BUSINESS MICE TRAVEL<\/title>\n<meta name=\"robots\" content=\"index, follow, max-snippet:-1, max-image-preview:large, max-video-preview:-1\" \/>\n<link rel=\"canonical\" href=\"https:\/\/julesverne.com.tr\/travel-blog\/turkiyenin-toskanasinda-bag-bozumu-zamani-gezi-programi\/\" \/>\n<meta property=\"og:locale\" content=\"en_US\" \/>\n<meta property=\"og:type\" content=\"article\" \/>\n<meta property=\"og:title\" content=\"T\u00fcrkiye\u2019nin Toskanas\u0131\u2019nda Ba\u011f Bozumu Zaman\u0131 Gezi Program\u0131 - JULES VERNE BUSINESS MICE TRAVEL\" \/>\n<meta property=\"og:description\" content=\"T&uuml;rkiye&rsquo;nin Toskanas\u0131&rsquo;nda Ba\u011f Bozumu Zaman\u0131 Gezi Program\u0131...\" \/>\n<meta property=\"og:url\" content=\"https:\/\/julesverne.com.tr\/travel-blog\/turkiyenin-toskanasinda-bag-bozumu-zamani-gezi-programi\/\" \/>\n<meta property=\"og:site_name\" content=\"JULES VERNE BUSINESS MICE TRAVEL\" \/>\n<meta property=\"article:publisher\" content=\"https:\/\/www.facebook.com\/JulesVerneBusinessMiceTravel\/\" \/>\n<meta property=\"article:published_time\" content=\"2018-09-04T11:40:26+00:00\" \/>\n<meta property=\"article:modified_time\" content=\"2021-03-04T12:18:03+00:00\" \/>\n<meta property=\"og:image\" content=\"https:\/\/julesverne.com.tr\/wp-content\/uploads\/2020\/09\/40r.jpg\" \/>\n\t<meta property=\"og:image:width\" content=\"860\" \/>\n\t<meta property=\"og:image:height\" content=\"573\" \/>\n\t<meta property=\"og:image:type\" content=\"image\/jpeg\" \/>\n<meta name=\"author\" content=\"fikirman\" \/>\n<meta name=\"twitter:card\" content=\"summary_large_image\" \/>\n<meta name=\"twitter:creator\" content=\"@JV_BusinessMice\" \/>\n<meta name=\"twitter:site\" content=\"@JV_BusinessMice\" \/>\n<meta name=\"twitter:label1\" content=\"Written by\" \/>\n\t<meta name=\"twitter:data1\" content=\"fikirman\" \/>\n\t<meta name=\"twitter:label2\" content=\"Est. reading time\" \/>\n\t<meta name=\"twitter:data2\" content=\"3 minutes\" \/>\n<script type=\"application\/ld+json\" class=\"yoast-schema-graph\">{\"@context\":\"https:\/\/schema.org\",\"@graph\":[{\"@type\":\"Article\",\"@id\":\"https:\/\/julesverne.com.tr\/travel-blog\/turkiyenin-toskanasinda-bag-bozumu-zamani-gezi-programi\/#article\",\"isPartOf\":{\"@id\":\"https:\/\/julesverne.com.tr\/travel-blog\/turkiyenin-toskanasinda-bag-bozumu-zamani-gezi-programi\/\"},\"author\":{\"name\":\"fikirman\",\"@id\":\"https:\/\/julesverne.com.tr\/#\/schema\/person\/f4eb0514ae455538644c31b99a466fdb\"},\"headline\":\"T\u00fcrkiye\u2019nin Toskanas\u0131\u2019nda Ba\u011f Bozumu Zaman\u0131 Gezi Program\u0131\",\"datePublished\":\"2018-09-04T11:40:26+00:00\",\"dateModified\":\"2021-03-04T12:18:03+00:00\",\"mainEntityOfPage\":{\"@id\":\"https:\/\/julesverne.com.tr\/travel-blog\/turkiyenin-toskanasinda-bag-bozumu-zamani-gezi-programi\/\"},\"wordCount\":591,\"publisher\":{\"@id\":\"https:\/\/julesverne.com.tr\/#organization\"},\"image\":{\"@id\":\"https:\/\/julesverne.com.tr\/travel-blog\/turkiyenin-toskanasinda-bag-bozumu-zamani-gezi-programi\/#primaryimage\"},\"thumbnailUrl\":\"https:\/\/julesverne.com.tr\/wp-content\/uploads\/2020\/09\/40r.jpg\",\"articleSection\":[\"Blog\",\"Nerede Kalsak?\",\"Nereye Gitsek?\"],\"inLanguage\":\"en-US\"},{\"@type\":\"WebPage\",\"@id\":\"https:\/\/julesverne.com.tr\/travel-blog\/turkiyenin-toskanasinda-bag-bozumu-zamani-gezi-programi\/\",\"url\":\"https:\/\/julesverne.com.tr\/travel-blog\/turkiyenin-toskanasinda-bag-bozumu-zamani-gezi-programi\/\",\"name\":\"T\u00fcrkiye\u2019nin Toskanas\u0131\u2019nda Ba\u011f Bozumu Zaman\u0131 Gezi Program\u0131 - JULES VERNE BUSINESS MICE TRAVEL\",\"isPartOf\":{\"@id\":\"https:\/\/julesverne.com.tr\/#website\"},\"primaryImageOfPage\":{\"@id\":\"https:\/\/julesverne.com.tr\/travel-blog\/turkiyenin-toskanasinda-bag-bozumu-zamani-gezi-programi\/#primaryimage\"},\"image\":{\"@id\":\"https:\/\/julesverne.com.tr\/travel-blog\/turkiyenin-toskanasinda-bag-bozumu-zamani-gezi-programi\/#primaryimage\"},\"thumbnailUrl\":\"https:\/\/julesverne.com.tr\/wp-content\/uploads\/2020\/09\/40r.jpg\",\"datePublished\":\"2018-09-04T11:40:26+00:00\",\"dateModified\":\"2021-03-04T12:18:03+00:00\",\"breadcrumb\":{\"@id\":\"https:\/\/julesverne.com.tr\/travel-blog\/turkiyenin-toskanasinda-bag-bozumu-zamani-gezi-programi\/#breadcrumb\"},\"inLanguage\":\"en-US\",\"potentialAction\":[{\"@type\":\"ReadAction\",\"target\":[\"https:\/\/julesverne.com.tr\/travel-blog\/turkiyenin-toskanasinda-bag-bozumu-zamani-gezi-programi\/\"]}]},{\"@type\":\"ImageObject\",\"inLanguage\":\"en-US\",\"@id\":\"https:\/\/julesverne.com.tr\/travel-blog\/turkiyenin-toskanasinda-bag-bozumu-zamani-gezi-programi\/#primaryimage\",\"url\":\"https:\/\/julesverne.com.tr\/wp-content\/uploads\/2020\/09\/40r.jpg\",\"contentUrl\":\"https:\/\/julesverne.com.tr\/wp-content\/uploads\/2020\/09\/40r.jpg\",\"width\":860,\"height\":573},{\"@type\":\"BreadcrumbList\",\"@id\":\"https:\/\/julesverne.com.tr\/travel-blog\/turkiyenin-toskanasinda-bag-bozumu-zamani-gezi-programi\/#breadcrumb\",\"itemListElement\":[{\"@type\":\"ListItem\",\"position\":1,\"name\":\"Anasayfa\",\"item\":\"https:\/\/julesverne.com.tr\/\"},{\"@type\":\"ListItem\",\"position\":2,\"name\":\"T\u00fcrkiye\u2019nin Toskanas\u0131\u2019nda Ba\u011f Bozumu Zaman\u0131 Gezi Program\u0131\"}]},{\"@type\":\"WebSite\",\"@id\":\"https:\/\/julesverne.com.tr\/#website\",\"url\":\"https:\/\/julesverne.com.tr\/\",\"name\":\"JULES VERNE BUSINESS MICE TRAVEL\",\"description\":\"\",\"publisher\":{\"@id\":\"https:\/\/julesverne.com.tr\/#organization\"},\"potentialAction\":[{\"@type\":\"SearchAction\",\"target\":{\"@type\":\"EntryPoint\",\"urlTemplate\":\"https:\/\/julesverne.com.tr\/?s={search_term_string}\"},\"query-input\":\"required name=search_term_string\"}],\"inLanguage\":\"en-US\"},{\"@type\":\"Organization\",\"@id\":\"https:\/\/julesverne.com.tr\/#organization\",\"name\":\"JULES VERNE BUSINESS MICE TRAVEL\",\"url\":\"https:\/\/julesverne.com.tr\/\",\"logo\":{\"@type\":\"ImageObject\",\"inLanguage\":\"en-US\",\"@id\":\"https:\/\/julesverne.com.tr\/#\/schema\/logo\/image\/\",\"url\":\"https:\/\/julesverne.com.tr\/wp-content\/uploads\/2020\/09\/jv-bmt-logo.png\",\"contentUrl\":\"https:\/\/julesverne.com.tr\/wp-content\/uploads\/2020\/09\/jv-bmt-logo.png\",\"width\":110,\"height\":81,\"caption\":\"JULES VERNE BUSINESS MICE TRAVEL\"},\"image\":{\"@id\":\"https:\/\/julesverne.com.tr\/#\/schema\/logo\/image\/\"},\"sameAs\":[\"https:\/\/www.facebook.com\/JulesVerneBusinessMiceTravel\/\",\"https:\/\/twitter.com\/JV_BusinessMice\",\"https:\/\/www.instagram.com\/julesvernebusinessmicetravel\/\",\"https:\/\/www.linkedin.com\/company\/julesvernebusinessmicetravel\/\",\"https:\/\/www.youtube.com\/channel\/UCAwdsmbZ6tFhu1tea6pkpiw\"]},{\"@type\":\"Person\",\"@id\":\"https:\/\/julesverne.com.tr\/#\/schema\/person\/f4eb0514ae455538644c31b99a466fdb\",\"name\":\"fikirman\",\"sameAs\":[\"http:\/\/advermedya.net\/julesverne\"],\"url\":\"https:\/\/julesverne.com.tr\/en\/author\/fikirman\/\"}]}<\/script>\n<!-- \/ Yoast SEO plugin. -->","yoast_head_json":{"title":"T\u00fcrkiye\u2019nin Toskanas\u0131\u2019nda Ba\u011f Bozumu Zaman\u0131 Gezi Program\u0131 - JULES VERNE BUSINESS MICE TRAVEL","robots":{"index":"index","follow":"follow","max-snippet":"max-snippet:-1","max-image-preview":"max-image-preview:large","max-video-preview":"max-video-preview:-1"},"canonical":"https:\/\/julesverne.com.tr\/travel-blog\/turkiyenin-toskanasinda-bag-bozumu-zamani-gezi-programi\/","og_locale":"en_US","og_type":"article","og_title":"T\u00fcrkiye\u2019nin Toskanas\u0131\u2019nda Ba\u011f Bozumu Zaman\u0131 Gezi Program\u0131 - JULES VERNE BUSINESS MICE TRAVEL","og_description":"T&uuml;rkiye&rsquo;nin Toskanas\u0131&rsquo;nda Ba\u011f Bozumu Zaman\u0131 Gezi Program\u0131...","og_url":"https:\/\/julesverne.com.tr\/travel-blog\/turkiyenin-toskanasinda-bag-bozumu-zamani-gezi-programi\/","og_site_name":"JULES VERNE BUSINESS MICE TRAVEL","article_publisher":"https:\/\/www.facebook.com\/JulesVerneBusinessMiceTravel\/","article_published_time":"2018-09-04T11:40:26+00:00","article_modified_time":"2021-03-04T12:18:03+00:00","og_image":[{"width":860,"height":573,"url":"https:\/\/julesverne.com.tr\/wp-content\/uploads\/2020\/09\/40r.jpg","type":"image\/jpeg"}],"author":"fikirman","twitter_card":"summary_large_image","twitter_creator":"@JV_BusinessMice","twitter_site":"@JV_BusinessMice","twitter_misc":{"Written by":"fikirman","Est. reading time":"3 minutes"},"schema":{"@context":"https:\/\/schema.org","@graph":[{"@type":"Article","@id":"https:\/\/julesverne.com.tr\/travel-blog\/turkiyenin-toskanasinda-bag-bozumu-zamani-gezi-programi\/#article","isPartOf":{"@id":"https:\/\/julesverne.com.tr\/travel-blog\/turkiyenin-toskanasinda-bag-bozumu-zamani-gezi-programi\/"},"author":{"name":"fikirman","@id":"https:\/\/julesverne.com.tr\/#\/schema\/person\/f4eb0514ae455538644c31b99a466fdb"},"headline":"T\u00fcrkiye\u2019nin Toskanas\u0131\u2019nda Ba\u011f Bozumu Zaman\u0131 Gezi Program\u0131","datePublished":"2018-09-04T11:40:26+00:00","dateModified":"2021-03-04T12:18:03+00:00","mainEntityOfPage":{"@id":"https:\/\/julesverne.com.tr\/travel-blog\/turkiyenin-toskanasinda-bag-bozumu-zamani-gezi-programi\/"},"wordCount":591,"publisher":{"@id":"https:\/\/julesverne.com.tr\/#organization"},"image":{"@id":"https:\/\/julesverne.com.tr\/travel-blog\/turkiyenin-toskanasinda-bag-bozumu-zamani-gezi-programi\/#primaryimage"},"thumbnailUrl":"https:\/\/julesverne.com.tr\/wp-content\/uploads\/2020\/09\/40r.jpg","articleSection":["Blog","Nerede Kalsak?","Nereye Gitsek?"],"inLanguage":"en-US"},{"@type":"WebPage","@id":"https:\/\/julesverne.com.tr\/travel-blog\/turkiyenin-toskanasinda-bag-bozumu-zamani-gezi-programi\/","url":"https:\/\/julesverne.com.tr\/travel-blog\/turkiyenin-toskanasinda-bag-bozumu-zamani-gezi-programi\/","name":"T\u00fcrkiye\u2019nin Toskanas\u0131\u2019nda Ba\u011f Bozumu Zaman\u0131 Gezi Program\u0131 - JULES VERNE BUSINESS MICE TRAVEL","isPartOf":{"@id":"https:\/\/julesverne.com.tr\/#website"},"primaryImageOfPage":{"@id":"https:\/\/julesverne.com.tr\/travel-blog\/turkiyenin-toskanasinda-bag-bozumu-zamani-gezi-programi\/#primaryimage"},"image":{"@id":"https:\/\/julesverne.com.tr\/travel-blog\/turkiyenin-toskanasinda-bag-bozumu-zamani-gezi-programi\/#primaryimage"},"thumbnailUrl":"https:\/\/julesverne.com.tr\/wp-content\/uploads\/2020\/09\/40r.jpg","datePublished":"2018-09-04T11:40:26+00:00","dateModified":"2021-03-04T12:18:03+00:00","breadcrumb":{"@id":"https:\/\/julesverne.com.tr\/travel-blog\/turkiyenin-toskanasinda-bag-bozumu-zamani-gezi-programi\/#breadcrumb"},"inLanguage":"en-US","potentialAction":[{"@type":"ReadAction","target":["https:\/\/julesverne.com.tr\/travel-blog\/turkiyenin-toskanasinda-bag-bozumu-zamani-gezi-programi\/"]}]},{"@type":"ImageObject","inLanguage":"en-US","@id":"https:\/\/julesverne.com.tr\/travel-blog\/turkiyenin-toskanasinda-bag-bozumu-zamani-gezi-programi\/#primaryimage","url":"https:\/\/julesverne.com.tr\/wp-content\/uploads\/2020\/09\/40r.jpg","contentUrl":"https:\/\/julesverne.com.tr\/wp-content\/uploads\/2020\/09\/40r.jpg","width":860,"height":573},{"@type":"BreadcrumbList","@id":"https:\/\/julesverne.com.tr\/travel-blog\/turkiyenin-toskanasinda-bag-bozumu-zamani-gezi-programi\/#breadcrumb","itemListElement":[{"@type":"ListItem","position":1,"name":"Anasayfa","item":"https:\/\/julesverne.com.tr\/"},{"@type":"ListItem","position":2,"name":"T\u00fcrkiye\u2019nin Toskanas\u0131\u2019nda Ba\u011f Bozumu Zaman\u0131 Gezi Program\u0131"}]},{"@type":"WebSite","@id":"https:\/\/julesverne.com.tr\/#website","url":"https:\/\/julesverne.com.tr\/","name":"JULES VERNE BUSINESS MICE TRAVEL","description":"","publisher":{"@id":"https:\/\/julesverne.com.tr\/#organization"},"potentialAction":[{"@type":"SearchAction","target":{"@type":"EntryPoint","urlTemplate":"https:\/\/julesverne.com.tr\/?s={search_term_string}"},"query-input":"required name=search_term_string"}],"inLanguage":"en-US"},{"@type":"Organization","@id":"https:\/\/julesverne.com.tr\/#organization","name":"JULES VERNE BUSINESS MICE TRAVEL","url":"https:\/\/julesverne.com.tr\/","logo":{"@type":"ImageObject","inLanguage":"en-US","@id":"https:\/\/julesverne.com.tr\/#\/schema\/logo\/image\/","url":"https:\/\/julesverne.com.tr\/wp-content\/uploads\/2020\/09\/jv-bmt-logo.png","contentUrl":"https:\/\/julesverne.com.tr\/wp-content\/uploads\/2020\/09\/jv-bmt-logo.png","width":110,"height":81,"caption":"JULES VERNE BUSINESS MICE TRAVEL"},"image":{"@id":"https:\/\/julesverne.com.tr\/#\/schema\/logo\/image\/"},"sameAs":["https:\/\/www.facebook.com\/JulesVerneBusinessMiceTravel\/","https:\/\/twitter.com\/JV_BusinessMice","https:\/\/www.instagram.com\/julesvernebusinessmicetravel\/","https:\/\/www.linkedin.com\/company\/julesvernebusinessmicetravel\/","https:\/\/www.youtube.com\/channel\/UCAwdsmbZ6tFhu1tea6pkpiw"]},{"@type":"Person","@id":"https:\/\/julesverne.com.tr\/#\/schema\/person\/f4eb0514ae455538644c31b99a466fdb","name":"fikirman","sameAs":["http:\/\/advermedya.net\/julesverne"],"url":"https:\/\/julesverne.com.tr\/en\/author\/fikirman\/"}]}},"_links":{"self":[{"href":"https:\/\/julesverne.com.tr\/en\/wp-json\/wp\/v2\/posts\/1977"}],"collection":[{"href":"https:\/\/julesverne.com.tr\/en\/wp-json\/wp\/v2\/posts"}],"about":[{"href":"https:\/\/julesverne.com.tr\/en\/wp-json\/wp\/v2\/types\/post"}],"author":[{"embeddable":true,"href":"https:\/\/julesverne.com.tr\/en\/wp-json\/wp\/v2\/users\/1"}],"replies":[{"embeddable":true,"href":"https:\/\/julesverne.com.tr\/en\/wp-json\/wp\/v2\/comments?post=1977"}],"version-history":[{"count":0,"href":"https:\/\/julesverne.com.tr\/en\/wp-json\/wp\/v2\/posts\/1977\/revisions"}],"wp:featuredmedia":[{"embeddable":true,"href":"https:\/\/julesverne.com.tr\/en\/wp-json\/wp\/v2\/media\/1978"}],"wp:attachment":[{"href":"https:\/\/julesverne.com.tr\/en\/wp-json\/wp\/v2\/media?parent=1977"}],"wp:term":[{"taxonomy":"category","embeddable":true,"href":"https:\/\/julesverne.com.tr\/en\/wp-json\/wp\/v2\/categories?post=1977"},{"taxonomy":"post_tag","embeddable":true,"href":"https:\/\/julesverne.com.tr\/en\/wp-json\/wp\/v2\/tags?post=1977"}],"curies":[{"name":"wp","href":"https:\/\/api.w.org\/{rel}","templated":true}]}}