{"id":1973,"date":"2024-04-02T10:44:13","date_gmt":"2024-04-02T07:44:13","guid":{"rendered":"https:\/\/www.julesverne.com.tr\/\/blog\/bayram-onerisi-yakin-istanbul-rotalari\/"},"modified":"2024-04-02T10:45:14","modified_gmt":"2024-04-02T07:45:14","slug":"bayram-onerisi-yakin-istanbul-rotalari","status":"publish","type":"post","link":"https:\/\/julesverne.com.tr\/en\/travel-blog\/bayram-onerisi-yakin-istanbul-rotalari\/","title":{"rendered":"Son Dakika Bayram Tatili \u00d6nerileri: Yak\u0131n \u0130stanbul Rotalar\u0131"},"content":{"rendered":"<p><\/p>\n<p class=\"MsoNormal\" style=\"text-align: center;\"><img loading=\"lazy\" decoding=\"async\" class=\"alignnone wp-image-8857 size-full\" src=\"https:\/\/julesverne.com.tr\/wp-content\/uploads\/2021\/06\/tarakli-sakarya_shutterstock_1546407848.jpg\" alt=\"\" width=\"1200\" height=\"800\" srcset=\"https:\/\/julesverne.com.tr\/wp-content\/uploads\/2021\/06\/tarakli-sakarya_shutterstock_1546407848.jpg 1200w, https:\/\/julesverne.com.tr\/wp-content\/uploads\/2021\/06\/tarakli-sakarya_shutterstock_1546407848-500x333.jpg 500w, https:\/\/julesverne.com.tr\/wp-content\/uploads\/2021\/06\/tarakli-sakarya_shutterstock_1546407848-768x512.jpg 768w\" sizes=\"(max-width: 1200px) 100vw, 1200px\" \/><\/p>\n<p class=\"MsoNormal\">9 g\u00fcnl\u00fck bir bayram tatili var \u00f6n\u00fcm\u00fczde. Bu bayram\u0131 \u0130stanbul\u2019da ge\u00e7irecekler i\u00e7in \u015fehre yak\u0131n rotalar \u00e7\u0131kararak \u201ck\u0131sa\u201d bir tatil ruhu ya\u015fatmak istedik. \u015eehirden \u00e7ok uzakla\u015fmadan gidebilece\u011finiz do\u011fa, tarih ve huzur dolu rotalar ile kendinize zaman ay\u0131r\u0131n.<\/p>\n<p class=\"MsoNormal\"><strong>Heybeliada<\/strong>&#8216;dan <strong>Garip\u00e7e<\/strong>&#8216;ye, <strong>\u0130\u011fneada<\/strong>&#8216;dan <strong>G\u00f6lc\u00fck<\/strong>&#8216;e, <strong>K\u0131y\u0131k\u00f6y<\/strong>\u2019den <strong>Kerpe<\/strong>\u2019ye, Bursa&#8217;n\u0131n g\u00f6r\u00fclmeye de\u011fer k\u00f6yleri <strong>G\u00f6lyaz\u0131 &#8211; Cumal\u0131k\u0131z\u0131k &#8211; Tirilye<\/strong>&#8216;den sakin \u015fehirler <strong>G\u00f6yn\u00fck \u2013 Tarakl\u0131 \u2013 Mudurnu<\/strong>&#8216;ya,\u00a0 <strong>Tekirda\u011f Ba\u011f Rotas\u0131<\/strong>&#8216;ndan <strong>Sapanca<\/strong>\u2019ya, <strong>A\u011fva<\/strong>&#8216;dan <strong>Ak\u00e7akoca<\/strong>&#8216;ya do\u011fayla i\u00e7 i\u00e7e olup, \u00f6zg\u00fcnl\u00fc\u011f\u00fcn\u00fc kaybetmeyen kasaba ve b\u00f6lgelerin tad\u0131n\u0131 \u00e7\u0131karaca\u011f\u0131n\u0131z \u00f6nerilerimiz:<\/p>\n<h2>Heybeliada<\/h2>\n<p><img loading=\"lazy\" decoding=\"async\" class=\"alignnone wp-image-3574\" src=\"https:\/\/julesverne.com.tr\/wp-content\/uploads\/2020\/09\/heybeliada-500x335.jpg\" alt=\"\" width=\"1200\" height=\"803\" srcset=\"https:\/\/julesverne.com.tr\/wp-content\/uploads\/2020\/09\/heybeliada-500x335.jpg 500w, https:\/\/julesverne.com.tr\/wp-content\/uploads\/2020\/09\/heybeliada-768x514.jpg 768w, https:\/\/julesverne.com.tr\/wp-content\/uploads\/2020\/09\/heybeliada.jpg 1000w\" sizes=\"(max-width: 1200px) 100vw, 1200px\" \/><\/p>\n<p>\u0130stanbul\u2019un yan\u0131 ba\u015f\u0131 ama \u0130stanbul\u2019dan bir o kadar uzak\u2026 Heybeliada\u2019dan \u0130stanbul manzaras\u0131na bakarken bunlar\u0131 d\u00fc\u015f\u00fcneceksiniz. Prens Adalar\u0131\u2019n\u0131n en ye\u015fil adas\u0131 Heybeliada, \u00f6zledi\u011fimiz \u0130stanbul nostaljisini ya\u015famak, do\u011fada kendini unutmak, \u00f6zg\u00fcnl\u00fc\u011f\u00fcnde zaman\u0131 durdurmak i\u00e7in en keyifli rotalardan\u2026 Aya Nikola Kilisesi, \u0130smet \u0130n\u00f6n\u00fc Evi, \u00dcmit Tepesi ve Aya Triada Kilisesi (Rum Lisesi), Krimnos Kilisesi, Heybeliada Camisi ile aday\u0131 ba\u015ftan a\u015fa\u011f\u0131 gezebilirsiniz.<\/p>\n<h2>Garip\u00e7e<\/h2>\n<p><img loading=\"lazy\" decoding=\"async\" class=\"alignnone wp-image-3551\" src=\"https:\/\/julesverne.com.tr\/wp-content\/uploads\/2020\/09\/garipce-500x333.jpg\" alt=\"garip\u00e7e\" width=\"1200\" height=\"800\" srcset=\"https:\/\/julesverne.com.tr\/wp-content\/uploads\/2020\/09\/garipce-500x333.jpg 500w, https:\/\/julesverne.com.tr\/wp-content\/uploads\/2020\/09\/garipce-768x512.jpg 768w, https:\/\/julesverne.com.tr\/wp-content\/uploads\/2020\/09\/garipce.jpg 999w\" sizes=\"(max-width: 1200px) 100vw, 1200px\" \/><\/p>\n<p>Rumelikava\u011f\u0131 ile Rumelifeneri\u2019nin aras\u0131nda k\u00fc\u00e7\u00fck bir k\u00f6y olan Garip\u00e7e, \u00f6zellikle lezzetli bal\u0131k yemek ve hafta sonu brunch yapmak isteyenlerin en \u00e7ok tercih etti\u011fi yerlerden biri. Minik bir k\u00f6y meydan\u0131, kalesi ve bal\u0131k\u00e7\u0131 sandallar\u0131yla size \u015fehirden uzak, huzurlu birka\u00e7 saatin garantisini veriyor buras\u0131. Hac\u0131osman Metro dura\u011f\u0131ndan kalkan \u0130ETT\u2019lerle dahi ula\u015fabilece\u011finiz yak\u0131nl\u0131ktaki bu sevimli k\u00f6yde, teknelerle plaja ula\u015fabilir ve denize girebilirsiniz.<\/p>\n<h2><strong>\u0130\u011fneada<\/strong><\/h2>\n<p><img loading=\"lazy\" decoding=\"async\" class=\"alignnone wp-image-4448\" src=\"https:\/\/julesverne.com.tr\/wp-content\/uploads\/2020\/09\/igneada-3-500x375.jpg\" alt=\"igneada\" width=\"1200\" height=\"900\" srcset=\"https:\/\/julesverne.com.tr\/wp-content\/uploads\/2020\/09\/igneada-3-500x375.jpg 500w, https:\/\/julesverne.com.tr\/wp-content\/uploads\/2020\/09\/igneada-3-768x576.jpg 768w, https:\/\/julesverne.com.tr\/wp-content\/uploads\/2020\/09\/igneada-3.jpg 1024w\" sizes=\"(max-width: 1200px) 100vw, 1200px\" \/><\/p>\n<p>\u0130\u011fneada\u2019daki muhte\u015fem longoz ormanlar\u0131n\u0131n nam\u0131n\u0131 duyup hala gitmediyseniz, k\u0131sa bir mola i\u00e7in \u015fimdi tam zaman\u0131! Marmara B\u00f6lgesi\u2019nin Balkanlar ve Karadeniz ile kesi\u015fti\u011fi o muhte\u015fem co\u011frafyan\u0131n incisi olan \u0130\u011fneada, Karadeniz k\u0131y\u0131s\u0131nda ye\u015fille mavinin adeta dans etti\u011fi; bol oksijenli bir kasaba. Milli Park i\u00e7erisinde yer alan birbirinden g\u00fczel 5 lag\u00fcn\u00fc, orman yollar\u0131 ve sahiliyle do\u011fan\u0131n en g\u00fczel ve saf halini ya\u015fat\u0131yor. <strong>UNESCO Do\u011fa Miras\u0131<\/strong> kapsam\u0131nda korunan muhte\u015fem longoz ormanlar\u0131nda uzun bir do\u011fa y\u00fcr\u00fcy\u00fc\u015f\u00fc yapabilir, Erikli ve Mert g\u00f6llerini gezebilir, \u0130\u011fneada KiteSurf okulundan kiralayaca\u011f\u0131n\u0131z kano ile Mert G\u00f6l\u00fc\u2019n\u00fc ke\u015ffedebilirsiniz. Ayr\u0131ca, Bulgaristan s\u0131n\u0131r\u0131nda yer alan Rezova kasabas\u0131na da vakit ay\u0131rabilirsiniz.<\/p>\n<h2><strong>K\u0131y\u0131k\u00f6y\u00a0<\/strong><\/h2>\n<p><img loading=\"lazy\" decoding=\"async\" class=\"alignnone wp-image-7930\" src=\"https:\/\/julesverne.com.tr\/wp-content\/uploads\/2021\/03\/kiyikoykirklareli-500x335.jpg\" alt=\"\" width=\"1200\" height=\"803\" srcset=\"https:\/\/julesverne.com.tr\/wp-content\/uploads\/2021\/03\/kiyikoykirklareli-500x335.jpg 500w, https:\/\/julesverne.com.tr\/wp-content\/uploads\/2021\/03\/kiyikoykirklareli-768x514.jpg 768w, https:\/\/julesverne.com.tr\/wp-content\/uploads\/2021\/03\/kiyikoykirklareli.jpg 1000w\" sizes=\"(max-width: 1200px) 100vw, 1200px\" \/><\/p>\n<p>K\u0131rklareli\u2019nin \u015firin bal\u0131k\u00e7\u0131 kasabas\u0131 K\u0131y\u0131k\u00f6y, Karadeniz\u2019in t\u00fcm ye\u015fil bereketinden kendine pay \u00e7\u0131karan bir huzur noktas\u0131. Kasabaya yakla\u015f\u0131rken sizi i\u00e7ine \u00e7eken orman manzaralar\u0131 ve deniz manzaras\u0131 ile \u201ciyi ki geldim\u201d diyece\u011finiz bir adres. \u0130stanbul\u2019a \u0130\u011fneada\u2019dan daha yak\u0131n olan K\u0131y\u0131k\u00f6y, K\u0131rklareli\u2019nin Vize il\u00e7esine ba\u011fl\u0131, tarihi ilk\u00e7a\u011fa de\u011fin uzanan sevimli bir bal\u0131k\u00e7\u0131 beldesi. \u0130lk ad\u0131 Salmydessos olan kasaban\u0131n ad\u0131n\u0131n anlam\u0131 baz\u0131 kaynaklara g\u00f6re \u201ckutsal, kutlu, iyi, g\u00fczel\u201d olarak ge\u00e7iyor. D\u00fcnyan\u0131n en eski ta\u015f oyma manast\u0131rlar\u0131ndan Aya Nikola Manast\u0131r\u0131\u2019n\u0131n da bulundu\u011fu K\u0131y\u0131k\u00f6y, kayal\u0131klar \u00fczerindeki konumuyla en g\u00fczel Karadeniz manzaralar\u0131yla sizi \u015fa\u015f\u0131rt\u0131yor. Deniz keyfi yapabilir ya da uzun y\u00fcr\u00fcy\u00fc\u015fleri tercih edebilirsiniz. B\u00f6lgede konaklamak i\u00e7in butik otel, pansiyon ve kamp kurma se\u00e7enekleri mevcut. Ayr\u0131ca etleri ve manda yo\u011furdu da denenmesi gereken lezzetlerinden.<\/p>\n<h2><strong>Sakin \u015eehirler Rotas\u0131: G\u00f6yn\u00fck \u2013 Tarakl\u0131 \u2013 Mudurnu<\/strong><\/h2>\n<p><img loading=\"lazy\" decoding=\"async\" class=\"alignnone wp-image-9004\" src=\"https:\/\/julesverne.com.tr\/wp-content\/uploads\/2021\/06\/goynuk_shutterstock_1550964053-500x334.jpg\" alt=\"\" width=\"1200\" height=\"800\" srcset=\"https:\/\/julesverne.com.tr\/wp-content\/uploads\/2021\/06\/goynuk_shutterstock_1550964053-500x334.jpg 500w, https:\/\/julesverne.com.tr\/wp-content\/uploads\/2021\/06\/goynuk_shutterstock_1550964053-768x512.jpg 768w, https:\/\/julesverne.com.tr\/wp-content\/uploads\/2021\/06\/goynuk_shutterstock_1550964053.jpg 1000w\" sizes=\"(max-width: 1200px) 100vw, 1200px\" \/><\/p>\n<p>T\u00fcrkiye\u2019nin \u00f6nemli 3 Cittaslow \u015fehri <strong>G\u00f6yn\u00fck<\/strong>,<strong> Tarakl\u0131<\/strong> ve <strong>Mudurnu<\/strong> ile zaman\u0131 yava\u015flat\u0131p, hayattan keyif almaya ne dersiniz? S\u00fcrd\u00fcr\u00fclebilir kalk\u0131nmay\u0131 destekleyen; kentlerin ge\u00e7mi\u015ften gelen tarihi, k\u00fclt\u00fcrel ve do\u011fal de\u011ferlerine sahip \u00e7\u0131karak orijinalli\u011fini koruyan cittaslow felsefesi ile Bolu ve Sakarya\u2019n\u0131n bu \u00f6zel 3 il\u00e7esi kesinlikle g\u00f6r\u00fclmeye de\u011fer! 14. y\u00fczy\u0131lda Osmanl\u0131 topraklar\u0131na kat\u0131lan\u00a0<strong>G\u00f6yn\u00fck<\/strong>, Bat\u0131 Karadeniz\u2019in yemye\u015fil do\u011fas\u0131 ve Osmanl\u0131 mimarisiyle dikkat \u00e7ekiyor. \u00a0Frigler, Lidya, Pers, Roma, Bizans ve Sel\u00e7uk imparatorluklar\u0131ndan sonra Osmanl\u0131 topraklar\u0131na kat\u0131lan\u00a0<strong>Mudurnu<\/strong>\u00a0ise Osmanl\u0131 d\u00f6neminden kalan konaklar\u0131, camileri ve 17 km mesafedeki Abant G\u00f6l\u00fc ile g\u00f6r\u00fclmeye de\u011fer.<\/p>\n<p><img loading=\"lazy\" decoding=\"async\" class=\"alignnone wp-image-4446\" src=\"https:\/\/julesverne.com.tr\/wp-content\/uploads\/2020\/09\/tarakli-500x334.jpg\" alt=\"tarakl\u0131\" width=\"1200\" height=\"802\" srcset=\"https:\/\/julesverne.com.tr\/wp-content\/uploads\/2020\/09\/tarakli-500x334.jpg 500w, https:\/\/julesverne.com.tr\/wp-content\/uploads\/2020\/09\/tarakli-768x513.jpg 768w, https:\/\/julesverne.com.tr\/wp-content\/uploads\/2020\/09\/tarakli.jpg 893w\" sizes=\"(max-width: 1200px) 100vw, 1200px\" \/><\/p>\n<p>\u0130stanbul\u2019dan sadece 2 saat uzakl\u0131kta, 19. yy\u2019dan kalma Osmanl\u0131 evleri ile tarih kokan bir yer Tarakl\u0131\u2026 Marmara\u2019da olmas\u0131na ra\u011fmen Karadeniz ikliminin hissedildi\u011fi\u00a0<strong>Tarakl\u0131<\/strong> il\u00e7esinin tarihi ise Helenistik d\u00f6neme dayan\u0131yor. Antik d\u00f6nemin izleri ve Osmanl\u0131 D\u00f6nemi de\u011ferleri ile ilgi g\u00f6r\u00fcyor.\u00a0 Tarakl\u0131\u2019da baz\u0131 evler restore edilip, butik otele d\u00f6n\u00fc\u015ft\u00fcr\u00fclm\u00fc\u015f. Osmanl\u0131 mimarisi ta\u015f\u0131yan bu evlerde konaklamak olduk\u00e7a ilgin\u00e7 bir deneyim olabilir. Tarihi hanlar, hamamlar, camiiler, sanat soka\u011f\u0131 gibi klasik bir Osmanl\u0131 \u015fehri olan Tarakl\u0131\u2019da nefis g\u00f6zleme yapan minik d\u00fckkanlar\u0131 da g\u00f6zden ka\u00e7\u0131rmay\u0131n!<\/p>\n<h2><strong>Bursa K\u00f6yleri: G\u00f6lyaz\u0131 &#8211; Cumal\u0131k\u0131z\u0131k &#8211; Tirilye &#8211; Zeyniler K\u00f6y\u00fc<\/strong><\/h2>\n<p><img loading=\"lazy\" decoding=\"async\" class=\"alignnone wp-image-9799\" src=\"https:\/\/julesverne.com.tr\/wp-content\/uploads\/2021\/07\/golyazi_bursa_shutterstock_364775312-500x308.jpg\" alt=\"\" width=\"1200\" height=\"738\" srcset=\"https:\/\/julesverne.com.tr\/wp-content\/uploads\/2021\/07\/golyazi_bursa_shutterstock_364775312-500x308.jpg 500w, https:\/\/julesverne.com.tr\/wp-content\/uploads\/2021\/07\/golyazi_bursa_shutterstock_364775312-768x472.jpg 768w, https:\/\/julesverne.com.tr\/wp-content\/uploads\/2021\/07\/golyazi_bursa_shutterstock_364775312.jpg 1000w\" sizes=\"(max-width: 1200px) 100vw, 1200px\" \/><\/p>\n<p>\u0130stanbul\u2019dan dilerseniz h\u0131zl\u0131 feribotla, dilerseniz Osmangazi K\u00f6pr\u00fcs\u00fc \u00fczerinden giderek Bursa\u2019n\u0131n k\u00f6ylerine k\u0131sa zamanda ula\u015fabilirsiniz.<\/p>\n<p>Bursa\u2019n\u0131n arka bah\u00e7esi\u00a0<strong>G\u00f6lyaz\u0131<\/strong>, Ulubatl\u0131 G\u00f6l\u00fc \u00fczerindeki tarih kokan k\u00f6y\u2026 Tarihte bilinen ilk ismi Apolyont olan G\u00f6lyaz\u0131\u2019n\u0131n mitolojideki kar\u015f\u0131l\u0131\u011f\u0131 I\u015f\u0131k Tanr\u0131s\u0131\u2019n\u0131n \u015eehri. Roma ve Bizans d\u00f6nemlerinde k\u0131ymetli bir yerle\u015fim yeri olan G\u00f6lyaz\u0131\u2019da Cumhuriyet \u00f6ncesi n\u00fcfusun bir \u00e7o\u011funlu\u011fu Rumlardan olu\u015fuyordu. M\u00fcbadele d\u00f6neminde Selanikli T\u00fcrklerin yerle\u015fti\u011fi k\u00f6yde ge\u00e7mi\u015f ile bug\u00fcn aras\u0131ndaki tarih, k\u00fclt\u00fcr dolu birikimleri g\u00f6rmek, hissetmek m\u00fcmk\u00fcn.<\/p>\n<p><img loading=\"lazy\" decoding=\"async\" class=\"alignnone wp-image-3009\" src=\"https:\/\/julesverne.com.tr\/wp-content\/uploads\/2020\/09\/cumalikizik-500x333.jpg\" alt=\"\" width=\"1200\" height=\"800\" srcset=\"https:\/\/julesverne.com.tr\/wp-content\/uploads\/2020\/09\/cumalikizik-500x333.jpg 500w, https:\/\/julesverne.com.tr\/wp-content\/uploads\/2020\/09\/cumalikizik-768x512.jpg 768w, https:\/\/julesverne.com.tr\/wp-content\/uploads\/2020\/09\/cumalikizik.jpg 999w\" sizes=\"(max-width: 1200px) 100vw, 1200px\" \/><\/p>\n<p>Uluda\u011f\u2019\u0131n eteklerinde yer alan\u00a0<strong>Cumal\u0131k\u0131z\u0131k<\/strong>, Osmanl\u0131 d\u00f6nemi mimarisi ile UNESCO D\u00fcnya Miras\u0131 Listesi\u2019nde yer al\u0131yor. D\u00fcnyan\u0131n en dar soka\u011f\u0131 olarak bilinen \u201dCin Aral\u0131\u011f\u0131\u201d soka\u011f\u0131n\u0131n da yer ald\u0131\u011f\u0131 Cumal\u0131k\u0131z\u0131k \u00f6zellikle g\u00fcn\u00fcm\u00fcze en iyi \u015fekilde korunarak gelmi\u015f Osmanl\u0131 mimarisi, rengarenk boyanan evleri ve ta\u015f yollar\u0131 ile harika bir nostalji ya\u015fat\u0131yor.<\/p>\n<p><img loading=\"lazy\" decoding=\"async\" class=\"alignnone wp-image-9742\" src=\"https:\/\/julesverne.com.tr\/wp-content\/uploads\/2018\/08\/tirilye_haber_shutterstock_1642739596-500x334.jpg\" alt=\"\" width=\"1200\" height=\"800\" srcset=\"https:\/\/julesverne.com.tr\/wp-content\/uploads\/2018\/08\/tirilye_haber_shutterstock_1642739596-500x334.jpg 500w, https:\/\/julesverne.com.tr\/wp-content\/uploads\/2018\/08\/tirilye_haber_shutterstock_1642739596-768x512.jpg 768w, https:\/\/julesverne.com.tr\/wp-content\/uploads\/2018\/08\/tirilye_haber_shutterstock_1642739596.jpg 1000w\" sizes=\"(max-width: 1200px) 100vw, 1200px\" \/><\/p>\n<p>Yo\u011fun ilgiye ra\u011fmen kendi ya\u015fam kodlar\u0131yla hayat\u0131na devam eden\u00a0<strong>Tirilye<\/strong> belki de bu do\u011fall\u0131\u011f\u0131 y\u00fczden gitmekten s\u0131k\u0131lmad\u0131\u011f\u0131m\u0131z duraklardan biri. Tarih boyunca farkl\u0131 medeniyetlerin y\u00f6netimi alt\u0131na giren k\u00f6yde t\u00fcm k\u00fclt\u00fcrlerin izleri g\u00fcn\u00fcm\u00fcze kadar gelmi\u015f. Uzun y\u0131llar ana ge\u00e7im kayna\u011f\u0131 zeytincilik olan k\u00f6y\u00fcn ad\u0131 1963 y\u0131l\u0131nda \u201cZetinba\u011f\u0131\u201d olarak de\u011fi\u015ftirilmi\u015f ancak 2011 y\u0131l\u0131ndan itibaren yeniden Tirilye ismiyle an\u0131lmaya ba\u015flanm\u0131\u015f. Eski bir Rum k\u00f6y\u00fc olan Tirilye, Ala\u00e7at\u0131\u2019n\u0131n hen\u00fcz bu a\u015f\u0131r\u0131 turistikle\u015fmemi\u015f halini and\u0131r\u0131yor. Renove edilmemi\u015f, \u00f6z\u00fcn\u00fc koruyan Rum evleri; \u015firin lokantalar\u0131 ve hediye d\u00fckkanlar\u0131 ile Tirilye \u0130stanbul\u2019a 1 saatlik bir feribot + 20 dakikal\u0131k karayolu mesafesinde.<\/p>\n<p>Re\u015fat Nuri G\u00fcntekin\u2019in \u00c7al\u0131ku\u015fu Roman\u2019\u0131n\u0131 yazmaya ba\u015flad\u0131\u011f\u0131\u00a0<strong>Zeyniler K\u00f6y\u00fc<\/strong>\u00a0ise Uluda\u011f\u2019\u0131n eteklerinde yer al\u0131yor. Yemye\u015fil manzaralar asl\u0131nda sakl\u0131 bir cenneti and\u0131ran Zeyniler K\u00f6y\u00fc\u2019nden \u015fehir manzaras\u0131n\u0131 seyredebilirsiniz.<\/p>\n<h2><strong>Sapanca Rotas\u0131<\/strong><\/h2>\n<p><img loading=\"lazy\" decoding=\"async\" class=\"alignnone wp-image-6833\" src=\"https:\/\/julesverne.com.tr\/wp-content\/uploads\/2021\/02\/sapancaturkey-500x333.jpg\" alt=\"\" width=\"1200\" height=\"800\" srcset=\"https:\/\/julesverne.com.tr\/wp-content\/uploads\/2021\/02\/sapancaturkey-500x333.jpg 500w, https:\/\/julesverne.com.tr\/wp-content\/uploads\/2021\/02\/sapancaturkey-768x512.jpg 768w, https:\/\/julesverne.com.tr\/wp-content\/uploads\/2021\/02\/sapancaturkey.jpg 999w\" sizes=\"(max-width: 1200px) 100vw, 1200px\" \/><\/p>\n<p>Tarih boyunca farkl\u0131 egemenlikler alt\u0131na giren, Osmanl\u0131 D\u00f6nemi\u2019nin \u00f6nemli yerlerden biri olan Sapanca g\u00fcn\u00fcm\u00fczde de \u0130stanbul, Ankara, Kocaeli ve Bursa\u2019ya yak\u0131nl\u0131\u011f\u0131 ile her zaman pop\u00fcler \u015fehirden ka\u00e7\u0131\u015f rotalar\u0131 aras\u0131nda.\u00a0 Zengin bitki \u00e7e\u015fitlili\u011fi ile tan\u0131nan Sapanca\u2019da 16.y\u00fczy\u0131da in\u015fa edilen R\u00fcstempa\u015fa Camii, Mimar Sinan imzal\u0131 Vecihi Kap\u0131s\u0131, H\u00fck\u00fcmet Kona\u011f\u0131&#8217;nda sergilenen Bizans devri lahitleri, 19.y\u00fczy\u0131lda in\u015fa edilen Hasan Fehmi Pa\u015fa Camii&#8217;yi g\u00f6rd\u00fckten sonra do\u011fayla i\u00e7 i\u00e7e olmak i\u00e7in Sapanca G\u00f6l\u00fc&#8217;ne gidebilirsiniz. G\u00f6l kenar\u0131nda havan\u0131n durumuna g\u00f6re g\u00fczel bir y\u00fcr\u00fcy\u00fc\u015f yapabilirsiniz.<\/p>\n<p><img loading=\"lazy\" decoding=\"async\" class=\"alignnone wp-image-4454\" src=\"https:\/\/julesverne.com.tr\/wp-content\/uploads\/2020\/09\/sapanca-500x333.jpg\" alt=\"sapanca\" width=\"1200\" height=\"800\" srcset=\"https:\/\/julesverne.com.tr\/wp-content\/uploads\/2020\/09\/sapanca-500x333.jpg 500w, https:\/\/julesverne.com.tr\/wp-content\/uploads\/2020\/09\/sapanca-768x512.jpg 768w, https:\/\/julesverne.com.tr\/wp-content\/uploads\/2020\/09\/sapanca.jpg 1280w\" sizes=\"(max-width: 1200px) 100vw, 1200px\" \/><\/p>\n<p>Sapanca&#8217;ya 25 km uzakl\u0131ktaki <strong>Ma\u015fukiye<\/strong> ise yemye\u015fil do\u011fas\u0131yla \u00fcnl\u00fc. Sapanca&#8217;ya gelmi\u015fken burada zaman ge\u00e7irmelisiniz. Sapanca\u2019da konaklamak i\u00e7in g\u00f6l \u00e7evresindeki otellerden birini tercih etmenizi ve bu g\u00fczel manzaran\u0131n keyfini s\u00fcrmenizi \u00f6neririz.<\/p>\n<h2><strong>Tekirda\u011f Ba\u011f Rotas\u0131<\/strong><\/h2>\n<p><img loading=\"lazy\" decoding=\"async\" class=\"alignnone wp-image-1758\" src=\"https:\/\/julesverne.com.tr\/wp-content\/uploads\/2020\/09\/barbare-vineyards-tekirda__-500x278.png\" alt=\"\" width=\"1200\" height=\"668\" srcset=\"https:\/\/julesverne.com.tr\/wp-content\/uploads\/2020\/09\/barbare-vineyards-tekirda__-500x278.png 500w, https:\/\/julesverne.com.tr\/wp-content\/uploads\/2020\/09\/barbare-vineyards-tekirda__-768x428.png 768w, https:\/\/julesverne.com.tr\/wp-content\/uploads\/2020\/09\/barbare-vineyards-tekirda__.png 864w\" sizes=\"(max-width: 1200px) 100vw, 1200px\" \/><\/p>\n<p><strong>\u0130stanbul \u2013 \u00c7anakkale \u2013 Ke\u015fan<\/strong> \u00fc\u00e7geni aras\u0131nda uzanan <strong>Tekirda\u011f Ba\u011f Rotas\u0131<\/strong> bir zamanlar s\u0131n\u0131rlar \u00f6tesinde arad\u0131\u011f\u0131m\u0131z \u015farap tad\u0131m k\u00fclt\u00fcr\u00fc ve \u015farap ba\u011f gezilerinin en g\u00fczellerini \u00fclkemizde ya\u015fat\u0131yor. Verimli topraklar\u0131, r\u00fczg\u00e2r\u0131, y\u00fcz y\u0131llard\u0131r devam eden gelenekleri ile yeniden hayat bulan butik \u015farap\u00e7\u0131l\u0131k art\u0131k Tekirda\u011f\u2019\u0131n belirleyici \u00f6zelli\u011fi oldu. <strong>Trakya Ba\u011f Rotas\u0131<\/strong>\u2019n\u0131n sadece bir b\u00f6l\u00fcm\u00fcn\u00fc olu\u015fturan Tekirda\u011f Ba\u011f Gezisi\u2019nde Barbare Ba\u011flar\u0131, Umurbey Ba\u011flar\u0131, Barel Ba\u011flar\u0131, Chateau Nuzun gezilecek \u015farap evlerinden.<\/p>\n<p><strong>NOT:<\/strong>\u00a0Ba\u011flara gitmeden \u00f6nce mutlaka tad\u0131m randevusu alman\u0131z\u0131 \u00f6neririz.<\/p>\n<p><img loading=\"lazy\" decoding=\"async\" class=\"alignnone wp-image-9801\" src=\"https:\/\/julesverne.com.tr\/wp-content\/uploads\/2021\/07\/porta-caeli-500x254.jpg\" alt=\"\" width=\"1200\" height=\"610\" srcset=\"https:\/\/julesverne.com.tr\/wp-content\/uploads\/2021\/07\/porta-caeli-500x254.jpg 500w, https:\/\/julesverne.com.tr\/wp-content\/uploads\/2021\/07\/porta-caeli-768x390.jpg 768w, https:\/\/julesverne.com.tr\/wp-content\/uploads\/2021\/07\/porta-caeli.jpg 1218w\" sizes=\"(max-width: 1200px) 100vw, 1200px\" \/><\/p>\n<p>Do\u011fayla ba\u015f ba\u015fa ge\u00e7irmek gibi bir hayaliniz varsa, Trakya\u2019n\u0131n ba\u011f rotalar\u0131 ve do\u011fall\u0131\u011f\u0131yla son y\u0131llarda \u00f6n plana \u00e7\u0131kan <strong>Eceabat<\/strong>\u2019\u0131 se\u00e7ebilirsiniz. Suvla ba\u011flar\u0131n\u0131 ziyaret edip, keyifli yemek yiyebilece\u011finiz, Caeli ba\u011flar\u0131nda tad\u0131m yapabilece\u011finiz, civar k\u00f6ylerin \u00f6zg\u00fcnl\u00fc\u011f\u00fcn\u00fc ke\u015ffedebilirsiniz. G\u00fcn\u00fcbirlik araba yolculuklar\u0131yla Melen Ba\u011flar\u0131n\u0131, Chateau Kalpak Ba\u011flar\u0131\u2019n\u0131, G\u00fclor Ba\u011flar\u0131\u2019n\u0131 ziyaret edebilir, ba\u011flar aras\u0131nda gezinti yapabilir ve bu b\u00f6lgenin yerli \u015faraplar\u0131n\u0131 tadabilirsiniz.<\/p>\n<h2>\u015eark\u00f6y<\/h2>\n<p><img loading=\"lazy\" decoding=\"async\" class=\"alignnone wp-image-3573\" src=\"https:\/\/julesverne.com.tr\/wp-content\/uploads\/2020\/09\/sarkoy-500x281.jpg\" alt=\"\" width=\"1200\" height=\"675\" srcset=\"https:\/\/julesverne.com.tr\/wp-content\/uploads\/2020\/09\/sarkoy-500x281.jpg 500w, https:\/\/julesverne.com.tr\/wp-content\/uploads\/2020\/09\/sarkoy-768x432.jpg 768w, https:\/\/julesverne.com.tr\/wp-content\/uploads\/2020\/09\/sarkoy-400x225.jpg 400w, https:\/\/julesverne.com.tr\/wp-content\/uploads\/2020\/09\/sarkoy.jpg 880w\" sizes=\"(max-width: 1200px) 100vw, 1200px\" \/><\/p>\n<p>Ye\u015fili, sakinli\u011fi, yava\u015fl\u0131\u011f\u0131 ile \u015eark\u00f6y, 24 saatin yetmedi\u011fi h\u0131zl\u0131 \u015fehir hayat\u0131na bir kurtar\u0131c\u0131 gibi. Marmara Denizi\u2019ne k\u0131y\u0131s\u0131 olan bu s\u0131cakkanl\u0131 Tekirda\u011f il\u00e7esi, Marmara\u2019n\u0131n 3 mavi bayrakl\u0131 plaj\u0131ndan birine de ev sahipli\u011fi yap\u0131yor. \u015eark\u00f6y tarihi, kurtulu\u015f m\u00fccadelesi ve de\u011ferleriyle ilgili daha detayl\u0131 bilgi alabilece\u011finiz Kent M\u00fczesi\u2019ni gezdikten sonra sadece manzaras\u0131 i\u00e7in bile gitmeye de\u011fer g\u00f6rd\u00fc\u011f\u00fcm\u00fcz <strong>U\u00e7makdere<\/strong>\u2019ye gidebilirsiniz. Yama\u00e7 para\u015f\u00fct\u00fcn\u00fcn en \u00fcnl\u00fc adresi U\u00e7makdere harika manzaralar sunuyor. Son olarak, \u015farap tad\u0131m\u0131na ilginiz varsa <strong>Chateau Kalpak<\/strong>\u2019\u0131 ziyaret edip, tad\u0131m ve ba\u011f gezisi yapman\u0131z m\u00fcmk\u00fcn.<\/p>\n<h2><strong>Kerpe<\/strong><\/h2>\n<p><img loading=\"lazy\" decoding=\"async\" class=\"alignnone wp-image-3570\" src=\"https:\/\/julesverne.com.tr\/wp-content\/uploads\/2020\/09\/kerpe-500x334.jpg\" alt=\"\" width=\"1200\" height=\"800\" srcset=\"https:\/\/julesverne.com.tr\/wp-content\/uploads\/2020\/09\/kerpe-500x334.jpg 500w, https:\/\/julesverne.com.tr\/wp-content\/uploads\/2020\/09\/kerpe-768x512.jpg 768w, https:\/\/julesverne.com.tr\/wp-content\/uploads\/2020\/09\/kerpe.jpg 1000w\" sizes=\"(max-width: 1200px) 100vw, 1200px\" \/><\/p>\n<p>Kand\u0131ra\u2019n\u0131n Karadeniz k\u0131y\u0131s\u0131nda kurulmu\u015f, y\u00fczy\u0131llar boyunca Karadeniz\u2019in \u00f6nemli noktalar\u0131ndan biri olan Kerpe k\u00fc\u00e7\u00fck bir k\u0131y\u0131 kasabas\u0131. \u0130stanbul&#8217;un yorgun havas\u0131na kar\u015f\u0131l\u0131k Kerpe&#8217;nin temiz havas\u0131 ve do\u011fas\u0131na teslim olun&#8230; Kerpe \u00f6zellikle son 20 y\u0131lda \u0130stanbullular\u0131n en sevdi\u011fi yak\u0131n destinasyonu haline geldi. Roma, Bizans ve Ceneviz d\u00f6nemlerinde gemilerin mola yeri olan Kerpe bug\u00fcn dev kayalar\u0131, korunan do\u011fas\u0131, plajlar\u0131, yaban hayat\u0131 ve ormanlar\u0131yla y\u00fcr\u00fcy\u00fc\u015f\u00e7\u00fclerin, bisiklet\u00e7ilerin ve do\u011faseverlerin s\u0131\u011f\u0131na\u011f\u0131.\u00a0Karadeniz&#8217;in bu huzurlu liman\u0131 \u015fehre sadece 2 saat uzakl\u0131kta.<\/p>\n<h2>Ak\u00e7akoca<\/h2>\n<p><img loading=\"lazy\" decoding=\"async\" class=\"alignnone wp-image-3572\" src=\"https:\/\/julesverne.com.tr\/wp-content\/uploads\/2020\/09\/akcakoca-500x333.png\" alt=\"\" width=\"1200\" height=\"799\" srcset=\"https:\/\/julesverne.com.tr\/wp-content\/uploads\/2020\/09\/akcakoca-500x333.png 500w, https:\/\/julesverne.com.tr\/wp-content\/uploads\/2020\/09\/akcakoca-768x511.png 768w, https:\/\/julesverne.com.tr\/wp-content\/uploads\/2020\/09\/akcakoca.png 1000w\" sizes=\"(max-width: 1200px) 100vw, 1200px\" \/><\/p>\n<p>Tarihi M.\u00d6. 1200 y\u0131l\u0131na dayanan ve 14. y\u00fczy\u0131lda Osmanl\u0131 topraklar\u0131na kat\u0131lan Ak\u00e7akoca, Bat\u0131 Karadeniz k\u0131y\u0131lar\u0131nda do\u011fal g\u00fczellikleri ve sakinli\u011fiyle k\u0131sa bir \u015fehir molas\u0131 almak isteyenlere can simidi oluyor. \u00d6zenle korunan camileri, Ak\u00e7akoca\u2019n\u0131n en eski mahallesi Yukar\u0131 Mahallesi\u2019nde korunan 160 tarivi evi ile merkezi ke\u015ffedin. Heybetli dalgalar\u0131n olu\u015fturuldu\u011fu Soyat Yal\u0131yar Kayal\u0131klar\u0131, Tahirli \u015eelalesi, Kurug\u00f6l Kanyonu, Akta\u015f \u015eelalesi, Fak\u0131ll\u0131 Ma\u011faras\u0131 ise do\u011fa tutkunlar\u0131na hitap ediyor. Akevler Plaj\u0131, Akkaya Plaj\u0131, Ayazl\u0131 Plaj\u0131 gibi plajlar ise deniz keyfi yapmak isteyenlerin tercihi!<\/p>\n<h2>G\u00f6lc\u00fck, Bolu<\/h2>\n<p><img loading=\"lazy\" decoding=\"async\" class=\"alignnone wp-image-3577\" src=\"https:\/\/julesverne.com.tr\/wp-content\/uploads\/2020\/09\/golcuk-1-500x310.jpg\" alt=\"\" width=\"1200\" height=\"744\" srcset=\"https:\/\/julesverne.com.tr\/wp-content\/uploads\/2020\/09\/golcuk-1-500x310.jpg 500w, https:\/\/julesverne.com.tr\/wp-content\/uploads\/2020\/09\/golcuk-1-768x476.jpg 768w, https:\/\/julesverne.com.tr\/wp-content\/uploads\/2020\/09\/golcuk-1.jpg 1000w\" sizes=\"(max-width: 1200px) 100vw, 1200px\" \/><\/p>\n<p>Alada\u011flar eteklerinde kurulan Bolu tam bir g\u00f6ller y\u00f6resi. Yakla\u015f\u0131k 200 g\u00f6l\u00fc s\u0131n\u0131rlar\u0131nda bar\u0131nd\u0131ran Bolu do\u011fa ve yayla turizmi i\u00e7in b\u00fcy\u00fck \u00f6nem ta\u015f\u0131yor. Temiz hava, do\u011fa y\u00fcr\u00fcy\u00fc\u015f\u00fc ve ye\u015filin her tonuna doymak isteyen bir seyahat severseniz rotan\u0131z\u0131 bolu\u2019ya \u00e7evirmelisiniz. Kartpostallar\u0131 aratmayan ve foto\u011fraflardan daha g\u00fczel olan G\u00f6lc\u00fck Tabiat Park\u0131 da Bolu\u2019nun incilerinden.<\/p>\n<h2><strong>Yedig\u00f6ller, Bolu<\/strong><\/h2>\n<p><img loading=\"lazy\" decoding=\"async\" class=\"alignnone wp-image-2381\" src=\"https:\/\/julesverne.com.tr\/wp-content\/uploads\/2020\/09\/yedigollerbolu-500x333.jpg\" alt=\"Yedig\u00f6ller\" width=\"1200\" height=\"799\" srcset=\"https:\/\/julesverne.com.tr\/wp-content\/uploads\/2020\/09\/yedigollerbolu-500x333.jpg 500w, https:\/\/julesverne.com.tr\/wp-content\/uploads\/2020\/09\/yedigollerbolu-768x511.jpg 768w, https:\/\/julesverne.com.tr\/wp-content\/uploads\/2020\/09\/yedigollerbolu.jpg 999w\" sizes=\"(max-width: 1200px) 100vw, 1200px\" \/><\/p>\n<p>Bolu\u2019nun kuzeyinde cennetten bir k\u00f6\u015fe Yedig\u00f6ller.\u00a0 Birbirinden g\u00fczel 7 g\u00f6l\u00fc ve oksijen dolu do\u011fas\u0131yla Yedig\u00f6ller g\u00f6rsel bir \u015f\u00f6len sunacak size. Bungalov tipi da\u011f evleri, gruplara \u00f6zel kiralanabilen g\u00f6l evleri, pansiyonlar ve tatil k\u00f6yleri imkanlar\u0131yla da g\u00f6zde bir ka\u00e7\u0131\u015f noktas\u0131.<\/p>\n<h2 class=\"MsoNormal\">\u015eile<\/h2>\n<p class=\"MsoNormal\" style=\"text-align: center;\"><img loading=\"lazy\" decoding=\"async\" class=\"alignnone wp-image-4450\" src=\"https:\/\/www.julesverne.com.tr\/\/wp-content\/uploads\/2020\/09\/sile.jpg\" alt=\"sile\" width=\"1200\" height=\"858\" srcset=\"https:\/\/julesverne.com.tr\/wp-content\/uploads\/2020\/09\/sile.jpg 733w, https:\/\/julesverne.com.tr\/wp-content\/uploads\/2020\/09\/sile-500x357.jpg 500w\" sizes=\"(max-width: 1200px) 100vw, 1200px\" \/><\/p>\n<p class=\"MsoNormal\">\u0130stanbul\u2019un art\u0131k pek gizli kalmayan do\u011fa rotas\u0131 \u015eile, \u201ccennet\u201d benzetmesini hak eden do\u011fas\u0131 ve dinginli\u011fiyle \u015fehirden uzakla\u015fmak isteyenleri mutlu ediyor. Karadeniz\u2019e k\u0131y\u0131s\u0131 olan \u015eile\u2019nin merkezinden uzakla\u015fmak ve ger\u00e7ekten do\u011fayla i\u00e7 i\u00e7e olmak isterseniz Hac\u0131l\u0131 K\u00f6y\u00fc&#8217;ne gitmenizi \u00f6neririz. G\u00fcr\u00fcl g\u00fcr\u00fcl akan \u015felaleleri ve dereleriyle bir anda \u015fehir hayat\u0131ndan soyutland\u0131\u011f\u0131n\u0131z k\u00f6y turistik rotalar\u0131n d\u0131\u015f\u0131nda oldu\u011fu i\u00e7in restoran veya market yok. Buraya birka\u00e7 saatlik bir trekking i\u00e7in de gelebilirsiniz.<\/p>\n<h2>A\u011fva<\/h2>\n<p><img loading=\"lazy\" decoding=\"async\" class=\"alignnone wp-image-3575\" src=\"https:\/\/julesverne.com.tr\/wp-content\/uploads\/2020\/09\/agva-1-500x375.jpg\" alt=\"\" width=\"1200\" height=\"900\" srcset=\"https:\/\/julesverne.com.tr\/wp-content\/uploads\/2020\/09\/agva-1-500x375.jpg 500w, https:\/\/julesverne.com.tr\/wp-content\/uploads\/2020\/09\/agva-1-768x576.jpg 768w, https:\/\/julesverne.com.tr\/wp-content\/uploads\/2020\/09\/agva-1.jpg 1001w\" sizes=\"(max-width: 1200px) 100vw, 1200px\" \/><\/p>\n<p>G\u00f6ksu Nehri\u2019nin Karadeniz\u2019le bulu\u015ftu\u011fu A\u011fva ad\u0131n\u0131 Latince\u2019den al\u0131yor. \u0130ki dere aras\u0131na kurulmu\u015f k\u00f6y anlam\u0131na gelen A\u011fva\u2019da sakin, g\u00f6zlerden uzak ve do\u011fayla ba\u015f ba\u015fa kalaca\u011f\u0131n\u0131z se\u00e7enekler var. Beyaz kumlar\u0131, berrak denizi ve bakir do\u011fas\u0131 ile Kilimli Koyu, kayalarla \u00e7evrili Kad\u0131rga Koyu, ad\u0131na yak\u0131\u015fan bir konumda g\u00f6zler uzakta olan Sakl\u0131 G\u00f6l, Hac\u0131l\u0131 K\u00f6y\u00fc ve Kurudere \u015eelalesi, tarihi izleri ta\u015f\u0131yan Kalemk\u00f6y ile A\u011fva\u2019y\u0131 ke\u015ffedin.<\/p>\n<p>&nbsp;<\/p>\n<p style=\"text-align: center;\"><strong>Size \u00f6zel seyahat program\u0131 i\u00e7in:<\/strong><br \/>\n<a href=\"mailto:travel@julesverne.com.tr\" target=\"_blank\" rel=\"noopener\"><strong>travel@julesverne.com.tr<\/strong><\/a><\/p>\n<p><\/p>","protected":false},"excerpt":{"rendered":"<p>9 g&uuml;nl&uuml;k bir bayram var &ouml;n&uuml;m&uuml;zde. Bu bayram\u0131 \u0130stanbul&rsquo;da ge&ccedil;irecekler i&ccedil;in \u015fehre yak\u0131n rotalar &ccedil;\u0131kararak &ldquo;k\u0131sa&rdquo; bir tatil ruhu ya\u015fatmak istedik. K\u0131y\u0131k&ouml;y&rsquo;den Kerpe&rsquo;ye; Sapanca&rsquo;dan Eceabat&rsquo;a do\u011fan\u0131n, &ouml;zg&uuml;nl&uuml;\u011f&uuml;n&uuml; kaybetmeyen kasaba ve b&ouml;lgelerin tad\u0131n\u0131 &ccedil;\u0131karaca\u011f\u0131n\u0131z &ouml;nerilerimiz:<\/p>\n","protected":false},"author":1,"featured_media":15122,"comment_status":"closed","ping_status":"closed","sticky":false,"template":"","format":"standard","meta":{"inline_featured_image":false,"footnotes":""},"categories":[38,1,39],"tags":[73,158],"acf":[],"yoast_head":"<!-- This site is optimized with the Yoast SEO plugin v22.3 - https:\/\/yoast.com\/wordpress\/plugins\/seo\/ -->\n<title>Son Dakika Bayram Tatili \u00d6nerileri: Yak\u0131n \u0130stanbul Rotalar\u0131 - JULES VERNE BUSINESS MICE TRAVEL<\/title>\n<meta name=\"description\" content=\"Bayram\u0131 \u0130stanbul\u2019da ge\u00e7irecekler i\u00e7in \u015fehre yak\u0131n rotalar \u00e7\u0131kararak \u201ck\u0131sa\u201d bir tatil ruhu ya\u015fatmak istedik. \u015eehirden \u00e7ok uzakla\u015fmadan gidebilece\u011finiz do\u011fa, tarih ve huzur dolu rotalar ile kendinize zaman ay\u0131r\u0131n. Heybeliada&#039;dan Garip\u00e7e&#039;ye, \u0130\u011fneada&#039;dan G\u00f6lc\u00fck&#039;e, K\u0131y\u0131k\u00f6y\u2019den Kerpe\u2019ye, Bursa&#039;n\u0131n g\u00f6r\u00fclmeye de\u011fer k\u00f6yleri G\u00f6lyaz\u0131 - Cumal\u0131k\u0131z\u0131k - Tirilye&#039;den sakin \u015fehirler G\u00f6yn\u00fck \u2013 Tarakl\u0131 \u2013 Mudurnu&#039;ya,\u00a0 Tekirda\u011f Ba\u011f Rotas\u0131&#039;ndan Sapanca\u2019ya, A\u011fva&#039;dan Ak\u00e7akoca&#039;ya do\u011fayla i\u00e7 i\u00e7e olup, \u00f6zg\u00fcnl\u00fc\u011f\u00fcn\u00fc kaybetmeyen kasaba ve b\u00f6lgelerin tad\u0131n\u0131 \u00e7\u0131karaca\u011f\u0131n\u0131z \u00f6nerilerimiz:\" \/>\n<meta name=\"robots\" content=\"index, follow, max-snippet:-1, max-image-preview:large, max-video-preview:-1\" \/>\n<link rel=\"canonical\" href=\"https:\/\/julesverne.com.tr\/travel-blog\/bayram-onerisi-yakin-istanbul-rotalari\/\" \/>\n<meta property=\"og:locale\" content=\"en_US\" \/>\n<meta property=\"og:type\" content=\"article\" \/>\n<meta property=\"og:title\" content=\"Son Dakika Bayram Tatili \u00d6nerileri: Yak\u0131n \u0130stanbul Rotalar\u0131 - JULES VERNE BUSINESS MICE TRAVEL\" \/>\n<meta property=\"og:description\" content=\"Bayram\u0131 \u0130stanbul\u2019da ge\u00e7irecekler i\u00e7in \u015fehre yak\u0131n rotalar \u00e7\u0131kararak \u201ck\u0131sa\u201d bir tatil ruhu ya\u015fatmak istedik. \u015eehirden \u00e7ok uzakla\u015fmadan gidebilece\u011finiz do\u011fa, tarih ve huzur dolu rotalar ile kendinize zaman ay\u0131r\u0131n. Heybeliada&#039;dan Garip\u00e7e&#039;ye, \u0130\u011fneada&#039;dan G\u00f6lc\u00fck&#039;e, K\u0131y\u0131k\u00f6y\u2019den Kerpe\u2019ye, Bursa&#039;n\u0131n g\u00f6r\u00fclmeye de\u011fer k\u00f6yleri G\u00f6lyaz\u0131 - Cumal\u0131k\u0131z\u0131k - Tirilye&#039;den sakin \u015fehirler G\u00f6yn\u00fck \u2013 Tarakl\u0131 \u2013 Mudurnu&#039;ya,\u00a0 Tekirda\u011f Ba\u011f Rotas\u0131&#039;ndan Sapanca\u2019ya, A\u011fva&#039;dan Ak\u00e7akoca&#039;ya do\u011fayla i\u00e7 i\u00e7e olup, \u00f6zg\u00fcnl\u00fc\u011f\u00fcn\u00fc kaybetmeyen kasaba ve b\u00f6lgelerin tad\u0131n\u0131 \u00e7\u0131karaca\u011f\u0131n\u0131z \u00f6nerilerimiz:\" \/>\n<meta property=\"og:url\" content=\"https:\/\/julesverne.com.tr\/travel-blog\/bayram-onerisi-yakin-istanbul-rotalari\/\" \/>\n<meta property=\"og:site_name\" content=\"JULES VERNE BUSINESS MICE TRAVEL\" \/>\n<meta property=\"article:publisher\" content=\"https:\/\/www.facebook.com\/JulesVerneBusinessMiceTravel\/\" \/>\n<meta property=\"article:published_time\" content=\"2024-04-02T07:44:13+00:00\" \/>\n<meta property=\"article:modified_time\" content=\"2024-04-02T07:45:14+00:00\" \/>\n<meta property=\"og:image\" content=\"https:\/\/julesverne.com.tr\/wp-content\/uploads\/2022\/07\/sapanca.jpg\" \/>\n\t<meta property=\"og:image:width\" content=\"999\" \/>\n\t<meta property=\"og:image:height\" content=\"666\" \/>\n\t<meta property=\"og:image:type\" content=\"image\/jpeg\" \/>\n<meta name=\"author\" content=\"fikirman\" \/>\n<meta name=\"twitter:card\" content=\"summary_large_image\" \/>\n<meta name=\"twitter:creator\" content=\"@JV_BusinessMice\" \/>\n<meta name=\"twitter:site\" content=\"@JV_BusinessMice\" \/>\n<meta name=\"twitter:label1\" content=\"Written by\" \/>\n\t<meta name=\"twitter:data1\" content=\"fikirman\" \/>\n\t<meta name=\"twitter:label2\" content=\"Est. reading time\" \/>\n\t<meta name=\"twitter:data2\" content=\"28 minutes\" \/>\n<script type=\"application\/ld+json\" class=\"yoast-schema-graph\">{\"@context\":\"https:\/\/schema.org\",\"@graph\":[{\"@type\":\"Article\",\"@id\":\"https:\/\/julesverne.com.tr\/travel-blog\/bayram-onerisi-yakin-istanbul-rotalari\/#article\",\"isPartOf\":{\"@id\":\"https:\/\/julesverne.com.tr\/travel-blog\/bayram-onerisi-yakin-istanbul-rotalari\/\"},\"author\":{\"name\":\"fikirman\",\"@id\":\"https:\/\/julesverne.com.tr\/#\/schema\/person\/f4eb0514ae455538644c31b99a466fdb\"},\"headline\":\"Son Dakika Bayram Tatili \u00d6nerileri: Yak\u0131n \u0130stanbul Rotalar\u0131\",\"datePublished\":\"2024-04-02T07:44:13+00:00\",\"dateModified\":\"2024-04-02T07:45:14+00:00\",\"mainEntityOfPage\":{\"@id\":\"https:\/\/julesverne.com.tr\/travel-blog\/bayram-onerisi-yakin-istanbul-rotalari\/\"},\"wordCount\":4480,\"publisher\":{\"@id\":\"https:\/\/julesverne.com.tr\/#organization\"},\"image\":{\"@id\":\"https:\/\/julesverne.com.tr\/travel-blog\/bayram-onerisi-yakin-istanbul-rotalari\/#primaryimage\"},\"thumbnailUrl\":\"https:\/\/julesverne.com.tr\/wp-content\/uploads\/2022\/07\/sapanca.jpg\",\"keywords\":[\"Nereye Gitsek\",\"Yak\u0131n \u0130stanbul Rotalar\u0131\"],\"articleSection\":[\"\u0130lham Veren Destinasyonlar\",\"Blog\",\"Nereye Gitsek?\"],\"inLanguage\":\"en-US\"},{\"@type\":\"WebPage\",\"@id\":\"https:\/\/julesverne.com.tr\/travel-blog\/bayram-onerisi-yakin-istanbul-rotalari\/\",\"url\":\"https:\/\/julesverne.com.tr\/travel-blog\/bayram-onerisi-yakin-istanbul-rotalari\/\",\"name\":\"Son Dakika Bayram Tatili \u00d6nerileri: Yak\u0131n \u0130stanbul Rotalar\u0131 - JULES VERNE BUSINESS MICE TRAVEL\",\"isPartOf\":{\"@id\":\"https:\/\/julesverne.com.tr\/#website\"},\"primaryImageOfPage\":{\"@id\":\"https:\/\/julesverne.com.tr\/travel-blog\/bayram-onerisi-yakin-istanbul-rotalari\/#primaryimage\"},\"image\":{\"@id\":\"https:\/\/julesverne.com.tr\/travel-blog\/bayram-onerisi-yakin-istanbul-rotalari\/#primaryimage\"},\"thumbnailUrl\":\"https:\/\/julesverne.com.tr\/wp-content\/uploads\/2022\/07\/sapanca.jpg\",\"datePublished\":\"2024-04-02T07:44:13+00:00\",\"dateModified\":\"2024-04-02T07:45:14+00:00\",\"description\":\"Bayram\u0131 \u0130stanbul\u2019da ge\u00e7irecekler i\u00e7in \u015fehre yak\u0131n rotalar \u00e7\u0131kararak \u201ck\u0131sa\u201d bir tatil ruhu ya\u015fatmak istedik. \u015eehirden \u00e7ok uzakla\u015fmadan gidebilece\u011finiz do\u011fa, tarih ve huzur dolu rotalar ile kendinize zaman ay\u0131r\u0131n. Heybeliada'dan Garip\u00e7e'ye, \u0130\u011fneada'dan G\u00f6lc\u00fck'e, K\u0131y\u0131k\u00f6y\u2019den Kerpe\u2019ye, Bursa'n\u0131n g\u00f6r\u00fclmeye de\u011fer k\u00f6yleri G\u00f6lyaz\u0131 - Cumal\u0131k\u0131z\u0131k - Tirilye'den sakin \u015fehirler G\u00f6yn\u00fck \u2013 Tarakl\u0131 \u2013 Mudurnu'ya,\u00a0 Tekirda\u011f Ba\u011f Rotas\u0131'ndan Sapanca\u2019ya, A\u011fva'dan Ak\u00e7akoca'ya do\u011fayla i\u00e7 i\u00e7e olup, \u00f6zg\u00fcnl\u00fc\u011f\u00fcn\u00fc kaybetmeyen kasaba ve b\u00f6lgelerin tad\u0131n\u0131 \u00e7\u0131karaca\u011f\u0131n\u0131z \u00f6nerilerimiz:\",\"breadcrumb\":{\"@id\":\"https:\/\/julesverne.com.tr\/travel-blog\/bayram-onerisi-yakin-istanbul-rotalari\/#breadcrumb\"},\"inLanguage\":\"en-US\",\"potentialAction\":[{\"@type\":\"ReadAction\",\"target\":[\"https:\/\/julesverne.com.tr\/travel-blog\/bayram-onerisi-yakin-istanbul-rotalari\/\"]}]},{\"@type\":\"ImageObject\",\"inLanguage\":\"en-US\",\"@id\":\"https:\/\/julesverne.com.tr\/travel-blog\/bayram-onerisi-yakin-istanbul-rotalari\/#primaryimage\",\"url\":\"https:\/\/julesverne.com.tr\/wp-content\/uploads\/2022\/07\/sapanca.jpg\",\"contentUrl\":\"https:\/\/julesverne.com.tr\/wp-content\/uploads\/2022\/07\/sapanca.jpg\",\"width\":999,\"height\":666},{\"@type\":\"BreadcrumbList\",\"@id\":\"https:\/\/julesverne.com.tr\/travel-blog\/bayram-onerisi-yakin-istanbul-rotalari\/#breadcrumb\",\"itemListElement\":[{\"@type\":\"ListItem\",\"position\":1,\"name\":\"Anasayfa\",\"item\":\"https:\/\/julesverne.com.tr\/\"},{\"@type\":\"ListItem\",\"position\":2,\"name\":\"Son Dakika Bayram Tatili \u00d6nerileri: Yak\u0131n \u0130stanbul Rotalar\u0131\"}]},{\"@type\":\"WebSite\",\"@id\":\"https:\/\/julesverne.com.tr\/#website\",\"url\":\"https:\/\/julesverne.com.tr\/\",\"name\":\"JULES VERNE BUSINESS MICE TRAVEL\",\"description\":\"\",\"publisher\":{\"@id\":\"https:\/\/julesverne.com.tr\/#organization\"},\"potentialAction\":[{\"@type\":\"SearchAction\",\"target\":{\"@type\":\"EntryPoint\",\"urlTemplate\":\"https:\/\/julesverne.com.tr\/?s={search_term_string}\"},\"query-input\":\"required name=search_term_string\"}],\"inLanguage\":\"en-US\"},{\"@type\":\"Organization\",\"@id\":\"https:\/\/julesverne.com.tr\/#organization\",\"name\":\"JULES VERNE BUSINESS MICE TRAVEL\",\"url\":\"https:\/\/julesverne.com.tr\/\",\"logo\":{\"@type\":\"ImageObject\",\"inLanguage\":\"en-US\",\"@id\":\"https:\/\/julesverne.com.tr\/#\/schema\/logo\/image\/\",\"url\":\"https:\/\/julesverne.com.tr\/wp-content\/uploads\/2020\/09\/jv-bmt-logo.png\",\"contentUrl\":\"https:\/\/julesverne.com.tr\/wp-content\/uploads\/2020\/09\/jv-bmt-logo.png\",\"width\":110,\"height\":81,\"caption\":\"JULES VERNE BUSINESS MICE TRAVEL\"},\"image\":{\"@id\":\"https:\/\/julesverne.com.tr\/#\/schema\/logo\/image\/\"},\"sameAs\":[\"https:\/\/www.facebook.com\/JulesVerneBusinessMiceTravel\/\",\"https:\/\/twitter.com\/JV_BusinessMice\",\"https:\/\/www.instagram.com\/julesvernebusinessmicetravel\/\",\"https:\/\/www.linkedin.com\/company\/julesvernebusinessmicetravel\/\",\"https:\/\/www.youtube.com\/channel\/UCAwdsmbZ6tFhu1tea6pkpiw\"]},{\"@type\":\"Person\",\"@id\":\"https:\/\/julesverne.com.tr\/#\/schema\/person\/f4eb0514ae455538644c31b99a466fdb\",\"name\":\"fikirman\",\"sameAs\":[\"http:\/\/advermedya.net\/julesverne\"],\"url\":\"https:\/\/julesverne.com.tr\/en\/author\/fikirman\/\"}]}<\/script>\n<!-- \/ Yoast SEO plugin. -->","yoast_head_json":{"title":"Son Dakika Bayram Tatili \u00d6nerileri: Yak\u0131n \u0130stanbul Rotalar\u0131 - JULES VERNE BUSINESS MICE TRAVEL","description":"Bayram\u0131 \u0130stanbul\u2019da ge\u00e7irecekler i\u00e7in \u015fehre yak\u0131n rotalar \u00e7\u0131kararak \u201ck\u0131sa\u201d bir tatil ruhu ya\u015fatmak istedik. \u015eehirden \u00e7ok uzakla\u015fmadan gidebilece\u011finiz do\u011fa, tarih ve huzur dolu rotalar ile kendinize zaman ay\u0131r\u0131n. Heybeliada'dan Garip\u00e7e'ye, \u0130\u011fneada'dan G\u00f6lc\u00fck'e, K\u0131y\u0131k\u00f6y\u2019den Kerpe\u2019ye, Bursa'n\u0131n g\u00f6r\u00fclmeye de\u011fer k\u00f6yleri G\u00f6lyaz\u0131 - Cumal\u0131k\u0131z\u0131k - Tirilye'den sakin \u015fehirler G\u00f6yn\u00fck \u2013 Tarakl\u0131 \u2013 Mudurnu'ya,\u00a0 Tekirda\u011f Ba\u011f Rotas\u0131'ndan Sapanca\u2019ya, A\u011fva'dan Ak\u00e7akoca'ya do\u011fayla i\u00e7 i\u00e7e olup, \u00f6zg\u00fcnl\u00fc\u011f\u00fcn\u00fc kaybetmeyen kasaba ve b\u00f6lgelerin tad\u0131n\u0131 \u00e7\u0131karaca\u011f\u0131n\u0131z \u00f6nerilerimiz:","robots":{"index":"index","follow":"follow","max-snippet":"max-snippet:-1","max-image-preview":"max-image-preview:large","max-video-preview":"max-video-preview:-1"},"canonical":"https:\/\/julesverne.com.tr\/travel-blog\/bayram-onerisi-yakin-istanbul-rotalari\/","og_locale":"en_US","og_type":"article","og_title":"Son Dakika Bayram Tatili \u00d6nerileri: Yak\u0131n \u0130stanbul Rotalar\u0131 - JULES VERNE BUSINESS MICE TRAVEL","og_description":"Bayram\u0131 \u0130stanbul\u2019da ge\u00e7irecekler i\u00e7in \u015fehre yak\u0131n rotalar \u00e7\u0131kararak \u201ck\u0131sa\u201d bir tatil ruhu ya\u015fatmak istedik. \u015eehirden \u00e7ok uzakla\u015fmadan gidebilece\u011finiz do\u011fa, tarih ve huzur dolu rotalar ile kendinize zaman ay\u0131r\u0131n. Heybeliada'dan Garip\u00e7e'ye, \u0130\u011fneada'dan G\u00f6lc\u00fck'e, K\u0131y\u0131k\u00f6y\u2019den Kerpe\u2019ye, Bursa'n\u0131n g\u00f6r\u00fclmeye de\u011fer k\u00f6yleri G\u00f6lyaz\u0131 - Cumal\u0131k\u0131z\u0131k - Tirilye'den sakin \u015fehirler G\u00f6yn\u00fck \u2013 Tarakl\u0131 \u2013 Mudurnu'ya,\u00a0 Tekirda\u011f Ba\u011f Rotas\u0131'ndan Sapanca\u2019ya, A\u011fva'dan Ak\u00e7akoca'ya do\u011fayla i\u00e7 i\u00e7e olup, \u00f6zg\u00fcnl\u00fc\u011f\u00fcn\u00fc kaybetmeyen kasaba ve b\u00f6lgelerin tad\u0131n\u0131 \u00e7\u0131karaca\u011f\u0131n\u0131z \u00f6nerilerimiz:","og_url":"https:\/\/julesverne.com.tr\/travel-blog\/bayram-onerisi-yakin-istanbul-rotalari\/","og_site_name":"JULES VERNE BUSINESS MICE TRAVEL","article_publisher":"https:\/\/www.facebook.com\/JulesVerneBusinessMiceTravel\/","article_published_time":"2024-04-02T07:44:13+00:00","article_modified_time":"2024-04-02T07:45:14+00:00","og_image":[{"width":999,"height":666,"url":"https:\/\/julesverne.com.tr\/wp-content\/uploads\/2022\/07\/sapanca.jpg","type":"image\/jpeg"}],"author":"fikirman","twitter_card":"summary_large_image","twitter_creator":"@JV_BusinessMice","twitter_site":"@JV_BusinessMice","twitter_misc":{"Written by":"fikirman","Est. reading time":"28 minutes"},"schema":{"@context":"https:\/\/schema.org","@graph":[{"@type":"Article","@id":"https:\/\/julesverne.com.tr\/travel-blog\/bayram-onerisi-yakin-istanbul-rotalari\/#article","isPartOf":{"@id":"https:\/\/julesverne.com.tr\/travel-blog\/bayram-onerisi-yakin-istanbul-rotalari\/"},"author":{"name":"fikirman","@id":"https:\/\/julesverne.com.tr\/#\/schema\/person\/f4eb0514ae455538644c31b99a466fdb"},"headline":"Son Dakika Bayram Tatili \u00d6nerileri: Yak\u0131n \u0130stanbul Rotalar\u0131","datePublished":"2024-04-02T07:44:13+00:00","dateModified":"2024-04-02T07:45:14+00:00","mainEntityOfPage":{"@id":"https:\/\/julesverne.com.tr\/travel-blog\/bayram-onerisi-yakin-istanbul-rotalari\/"},"wordCount":4480,"publisher":{"@id":"https:\/\/julesverne.com.tr\/#organization"},"image":{"@id":"https:\/\/julesverne.com.tr\/travel-blog\/bayram-onerisi-yakin-istanbul-rotalari\/#primaryimage"},"thumbnailUrl":"https:\/\/julesverne.com.tr\/wp-content\/uploads\/2022\/07\/sapanca.jpg","keywords":["Nereye Gitsek","Yak\u0131n \u0130stanbul Rotalar\u0131"],"articleSection":["\u0130lham Veren Destinasyonlar","Blog","Nereye Gitsek?"],"inLanguage":"en-US"},{"@type":"WebPage","@id":"https:\/\/julesverne.com.tr\/travel-blog\/bayram-onerisi-yakin-istanbul-rotalari\/","url":"https:\/\/julesverne.com.tr\/travel-blog\/bayram-onerisi-yakin-istanbul-rotalari\/","name":"Son Dakika Bayram Tatili \u00d6nerileri: Yak\u0131n \u0130stanbul Rotalar\u0131 - JULES VERNE BUSINESS MICE TRAVEL","isPartOf":{"@id":"https:\/\/julesverne.com.tr\/#website"},"primaryImageOfPage":{"@id":"https:\/\/julesverne.com.tr\/travel-blog\/bayram-onerisi-yakin-istanbul-rotalari\/#primaryimage"},"image":{"@id":"https:\/\/julesverne.com.tr\/travel-blog\/bayram-onerisi-yakin-istanbul-rotalari\/#primaryimage"},"thumbnailUrl":"https:\/\/julesverne.com.tr\/wp-content\/uploads\/2022\/07\/sapanca.jpg","datePublished":"2024-04-02T07:44:13+00:00","dateModified":"2024-04-02T07:45:14+00:00","description":"Bayram\u0131 \u0130stanbul\u2019da ge\u00e7irecekler i\u00e7in \u015fehre yak\u0131n rotalar \u00e7\u0131kararak \u201ck\u0131sa\u201d bir tatil ruhu ya\u015fatmak istedik. \u015eehirden \u00e7ok uzakla\u015fmadan gidebilece\u011finiz do\u011fa, tarih ve huzur dolu rotalar ile kendinize zaman ay\u0131r\u0131n. Heybeliada'dan Garip\u00e7e'ye, \u0130\u011fneada'dan G\u00f6lc\u00fck'e, K\u0131y\u0131k\u00f6y\u2019den Kerpe\u2019ye, Bursa'n\u0131n g\u00f6r\u00fclmeye de\u011fer k\u00f6yleri G\u00f6lyaz\u0131 - Cumal\u0131k\u0131z\u0131k - Tirilye'den sakin \u015fehirler G\u00f6yn\u00fck \u2013 Tarakl\u0131 \u2013 Mudurnu'ya,\u00a0 Tekirda\u011f Ba\u011f Rotas\u0131'ndan Sapanca\u2019ya, A\u011fva'dan Ak\u00e7akoca'ya do\u011fayla i\u00e7 i\u00e7e olup, \u00f6zg\u00fcnl\u00fc\u011f\u00fcn\u00fc kaybetmeyen kasaba ve b\u00f6lgelerin tad\u0131n\u0131 \u00e7\u0131karaca\u011f\u0131n\u0131z \u00f6nerilerimiz:","breadcrumb":{"@id":"https:\/\/julesverne.com.tr\/travel-blog\/bayram-onerisi-yakin-istanbul-rotalari\/#breadcrumb"},"inLanguage":"en-US","potentialAction":[{"@type":"ReadAction","target":["https:\/\/julesverne.com.tr\/travel-blog\/bayram-onerisi-yakin-istanbul-rotalari\/"]}]},{"@type":"ImageObject","inLanguage":"en-US","@id":"https:\/\/julesverne.com.tr\/travel-blog\/bayram-onerisi-yakin-istanbul-rotalari\/#primaryimage","url":"https:\/\/julesverne.com.tr\/wp-content\/uploads\/2022\/07\/sapanca.jpg","contentUrl":"https:\/\/julesverne.com.tr\/wp-content\/uploads\/2022\/07\/sapanca.jpg","width":999,"height":666},{"@type":"BreadcrumbList","@id":"https:\/\/julesverne.com.tr\/travel-blog\/bayram-onerisi-yakin-istanbul-rotalari\/#breadcrumb","itemListElement":[{"@type":"ListItem","position":1,"name":"Anasayfa","item":"https:\/\/julesverne.com.tr\/"},{"@type":"ListItem","position":2,"name":"Son Dakika Bayram Tatili \u00d6nerileri: Yak\u0131n \u0130stanbul Rotalar\u0131"}]},{"@type":"WebSite","@id":"https:\/\/julesverne.com.tr\/#website","url":"https:\/\/julesverne.com.tr\/","name":"JULES VERNE BUSINESS MICE TRAVEL","description":"","publisher":{"@id":"https:\/\/julesverne.com.tr\/#organization"},"potentialAction":[{"@type":"SearchAction","target":{"@type":"EntryPoint","urlTemplate":"https:\/\/julesverne.com.tr\/?s={search_term_string}"},"query-input":"required name=search_term_string"}],"inLanguage":"en-US"},{"@type":"Organization","@id":"https:\/\/julesverne.com.tr\/#organization","name":"JULES VERNE BUSINESS MICE TRAVEL","url":"https:\/\/julesverne.com.tr\/","logo":{"@type":"ImageObject","inLanguage":"en-US","@id":"https:\/\/julesverne.com.tr\/#\/schema\/logo\/image\/","url":"https:\/\/julesverne.com.tr\/wp-content\/uploads\/2020\/09\/jv-bmt-logo.png","contentUrl":"https:\/\/julesverne.com.tr\/wp-content\/uploads\/2020\/09\/jv-bmt-logo.png","width":110,"height":81,"caption":"JULES VERNE BUSINESS MICE TRAVEL"},"image":{"@id":"https:\/\/julesverne.com.tr\/#\/schema\/logo\/image\/"},"sameAs":["https:\/\/www.facebook.com\/JulesVerneBusinessMiceTravel\/","https:\/\/twitter.com\/JV_BusinessMice","https:\/\/www.instagram.com\/julesvernebusinessmicetravel\/","https:\/\/www.linkedin.com\/company\/julesvernebusinessmicetravel\/","https:\/\/www.youtube.com\/channel\/UCAwdsmbZ6tFhu1tea6pkpiw"]},{"@type":"Person","@id":"https:\/\/julesverne.com.tr\/#\/schema\/person\/f4eb0514ae455538644c31b99a466fdb","name":"fikirman","sameAs":["http:\/\/advermedya.net\/julesverne"],"url":"https:\/\/julesverne.com.tr\/en\/author\/fikirman\/"}]}},"_links":{"self":[{"href":"https:\/\/julesverne.com.tr\/en\/wp-json\/wp\/v2\/posts\/1973"}],"collection":[{"href":"https:\/\/julesverne.com.tr\/en\/wp-json\/wp\/v2\/posts"}],"about":[{"href":"https:\/\/julesverne.com.tr\/en\/wp-json\/wp\/v2\/types\/post"}],"author":[{"embeddable":true,"href":"https:\/\/julesverne.com.tr\/en\/wp-json\/wp\/v2\/users\/1"}],"replies":[{"embeddable":true,"href":"https:\/\/julesverne.com.tr\/en\/wp-json\/wp\/v2\/comments?post=1973"}],"version-history":[{"count":5,"href":"https:\/\/julesverne.com.tr\/en\/wp-json\/wp\/v2\/posts\/1973\/revisions"}],"predecessor-version":[{"id":15124,"href":"https:\/\/julesverne.com.tr\/en\/wp-json\/wp\/v2\/posts\/1973\/revisions\/15124"}],"wp:featuredmedia":[{"embeddable":true,"href":"https:\/\/julesverne.com.tr\/en\/wp-json\/wp\/v2\/media\/15122"}],"wp:attachment":[{"href":"https:\/\/julesverne.com.tr\/en\/wp-json\/wp\/v2\/media?parent=1973"}],"wp:term":[{"taxonomy":"category","embeddable":true,"href":"https:\/\/julesverne.com.tr\/en\/wp-json\/wp\/v2\/categories?post=1973"},{"taxonomy":"post_tag","embeddable":true,"href":"https:\/\/julesverne.com.tr\/en\/wp-json\/wp\/v2\/tags?post=1973"}],"curies":[{"name":"wp","href":"https:\/\/api.w.org\/{rel}","templated":true}]}}