{"id":1965,"date":"2018-08-08T11:27:20","date_gmt":"2018-08-08T08:27:20","guid":{"rendered":"https:\/\/www.julesverne.com.tr\/\/blog\/bir-dogu-efsanesi-nukhet-everi-ile-van-gezisi\/"},"modified":"2020-09-21T17:36:12","modified_gmt":"2020-09-21T14:36:12","slug":"bir-dogu-efsanesi-nukhet-everi-ile-van-gezisi","status":"publish","type":"post","link":"https:\/\/julesverne.com.tr\/en\/travel-blog\/bir-dogu-efsanesi-nukhet-everi-ile-van-gezisi\/","title":{"rendered":"Bir Do\u011fu Efsanesi: N\u00fckhet Everi ile Van Gezisi"},"content":{"rendered":"<p><h3 style=\"text-align: center;\"><strong>30 A\u011fustos &#8211; 2 Eyl&uuml;l<\/p>\n<p><\/strong><\/h3>\n<h4 style=\"text-align: center;\"><strong><em>Do\u011fubayaz\u0131t &#8211; Van &#8211; &Ccedil;avu\u015ftepe &#8211; Ho\u015fap Kalesi &#8211; Nemrut Krater G&ouml;l&uuml; &#8211; Ahlat &#8211; Tatvan<\/em><\/p>\n<p><\/strong><\/h4>\n<h4 style=\"text-align: center;\"><strong>&Ccedil;ift Ki\u015filik Oda&rsquo;da Ki\u015fi Ba\u015f\u0131 1.715 TL<\/strong><\/h4>\n<p style=\"text-align: center;\"><img loading=\"lazy\" decoding=\"async\" class=\"alignnone size-full wp-image-4476\" src=\"https:\/\/www.julesverne.com.tr\/\/wp-content\/uploads\/2020\/09\/van_mavi_high-2.jpg\" width=\"1000\" height=\"575\" alt=\"\" srcset=\"https:\/\/julesverne.com.tr\/wp-content\/uploads\/2020\/09\/van_mavi_high-2.jpg 1000w, https:\/\/julesverne.com.tr\/wp-content\/uploads\/2020\/09\/van_mavi_high-2-500x288.jpg 500w, https:\/\/julesverne.com.tr\/wp-content\/uploads\/2020\/09\/van_mavi_high-2-768x442.jpg 768w\" sizes=\"(max-width: 1000px) 100vw, 1000px\" \/><\/p>\n<p style=\"text-align: left;\">Binlerce y\u0131ll\u0131k tarih yolculu\u011funda onlarca devletin var olu\u015funa ve yerini daha g&uuml;&ccedil;l&uuml; olana b\u0131rak\u0131\u015f\u0131na \u015fahit olan, g&uuml;ne\u015fin topra\u011fa verdi\u011fi bereketle ve do\u011fas\u0131yla&nbsp;Do\u011fu Anadolu adeta kazd\u0131k&ccedil;a i&ccedil;erisinden alt\u0131n de\u011ferinde hik&acirc;yeler sunan bir hazine bizim i&ccedil;in&#8230;&nbsp;<\/p>\n<p style=\"text-align: center;\"><img loading=\"lazy\" decoding=\"async\" class=\"alignnone size-full wp-image-4477\" src=\"https:\/\/www.julesverne.com.tr\/\/wp-content\/uploads\/2020\/09\/van_akdamar_high-1-1.jpg\" width=\"1000\" height=\"666\" alt=\"\" srcset=\"https:\/\/julesverne.com.tr\/wp-content\/uploads\/2020\/09\/van_akdamar_high-1-1.jpg 1000w, https:\/\/julesverne.com.tr\/wp-content\/uploads\/2020\/09\/van_akdamar_high-1-1-500x333.jpg 500w, https:\/\/julesverne.com.tr\/wp-content\/uploads\/2020\/09\/van_akdamar_high-1-1-768x511.jpg 768w\" sizes=\"(max-width: 1000px) 100vw, 1000px\" \/><\/p>\n<p><strong>30 A\u011fustos &#8211; 2 Eyl&uuml;l<\/strong> tarihlerinde &ccedil;\u0131kaca\u011f\u0131m\u0131z Do\u011fu Anadolu rotam\u0131zda Anadolu ve Ortado\u011fu &uuml;zerine &ccedil;al\u0131\u015fmalar\u0131yla bilinen yazar ve rehber <strong>N&uuml;khet Everi<\/strong> &ouml;nderli\u011finde bir masala konuk oluyoruz. <em><strong>&#8220;Do\u011fubayaz\u0131t-Van-&Ccedil;avu\u015ftepe -Ho\u015fap Kalesi-Nemrut Krater G&ouml;l&uuml;-Ahlat-Tatvan&#8221;<\/strong><\/em> rotas\u0131 ile Do\u011fu&#8217;nun asl\u0131nda ne kadar g&ouml;rkemli oldu\u011funu birlikte ke\u015ffedelim istiyoruz.&nbsp;<\/p>\n<p style=\"text-align: center;\"><img loading=\"lazy\" decoding=\"async\" class=\"alignnone size-full wp-image-4478\" src=\"https:\/\/www.julesverne.com.tr\/\/wp-content\/uploads\/2020\/09\/ishakpasa-1.jpg\" width=\"1000\" height=\"610\" alt=\"\" srcset=\"https:\/\/julesverne.com.tr\/wp-content\/uploads\/2020\/09\/ishakpasa-1.jpg 1000w, https:\/\/julesverne.com.tr\/wp-content\/uploads\/2020\/09\/ishakpasa-1-500x305.jpg 500w, https:\/\/julesverne.com.tr\/wp-content\/uploads\/2020\/09\/ishakpasa-1-768x468.jpg 768w\" sizes=\"(max-width: 1000px) 100vw, 1000px\" \/><\/p>\n<p><strong>&#8220;Do\u011fu&#8217;nun Paris&#8217;i<\/strong>&#8221; unvan\u0131n\u0131 hak edecek kadar zengin tarih&icirc; ve k&uuml;lt&uuml;rel zenginliklerinin yan\u0131s\u0131ra do\u011fal g&uuml;zellikleriyle de dikkat &ccedil;eken <strong>Van<\/strong>; g&ouml;l&uuml;, kalesi, kiliseleri, camileri, yaz\u0131tlar\u0131yla adeta bir a&ccedil;\u0131k hava m&uuml;zesi gibi &#8230;&nbsp; Manzaras\u0131ndan gurme lezzetlerine, adas\u0131ndan \u015felalesine, efsanesinden rivayetlerine kadar bir gezginin ilgisini &ccedil;ekecek &ccedil;ok \u015fey var Van&rsquo;da.<\/p>\n<p style=\"text-align: center;\"><img loading=\"lazy\" decoding=\"async\" class=\"alignnone size-full wp-image-4479\" src=\"https:\/\/www.julesverne.com.tr\/\/wp-content\/uploads\/2020\/09\/hosap.jpg\" width=\"1000\" height=\"665\" alt=\"\" srcset=\"https:\/\/julesverne.com.tr\/wp-content\/uploads\/2020\/09\/hosap.jpg 1000w, https:\/\/julesverne.com.tr\/wp-content\/uploads\/2020\/09\/hosap-500x333.jpg 500w, https:\/\/julesverne.com.tr\/wp-content\/uploads\/2020\/09\/hosap-768x511.jpg 768w\" sizes=\"(max-width: 1000px) 100vw, 1000px\" \/><\/p>\n<p style=\"text-align: left;\">Efsaneler \u015fehri Van&#8217;la yetinmeyip, s\u0131n\u0131rlar\u0131 a\u015f\u0131p, s&ouml;nm&uuml;\u015f bir volkan olan Nemrut Da\u011f\u0131&rsquo;n\u0131n zirvesinde yer alan <strong>&ldquo;B&uuml;y&uuml;k \u0130skender&rsquo;in Cenneti&rdquo;<\/strong> ad\u0131yla da bilinen <strong>Nemrut Krater G&ouml;l&uuml;<\/strong>&rsquo;ne,&nbsp; lacivertten turkuaza, mavinin her tonunu g&ouml;rebildi\u011fimiz <strong>Van G&ouml;l&uuml;<\/strong>&#8216;n&uuml;n incisi <strong>Akdamar Adas\u0131<\/strong>&#8216;na gidiyoruz!<\/p>\n<p style=\"text-align: center;\"><img loading=\"lazy\" decoding=\"async\" class=\"alignnone size-full wp-image-4480\" src=\"https:\/\/www.julesverne.com.tr\/\/wp-content\/uploads\/2020\/09\/ishak_pasa-2.jpg\" width=\"1000\" height=\"653\" alt=\"ishakpa\u015fa_saray\u0131\" srcset=\"https:\/\/julesverne.com.tr\/wp-content\/uploads\/2020\/09\/ishak_pasa-2.jpg 1000w, https:\/\/julesverne.com.tr\/wp-content\/uploads\/2020\/09\/ishak_pasa-2-500x327.jpg 500w, https:\/\/julesverne.com.tr\/wp-content\/uploads\/2020\/09\/ishak_pasa-2-768x502.jpg 768w\" sizes=\"(max-width: 1000px) 100vw, 1000px\" \/><\/p>\n<p>A\u011fr\u0131 Da\u011f\u0131&rsquo;n\u0131n eteklerinde kurulan, muhte\u015fem <strong>\u0130shakpa\u015fa Saray\u0131<\/strong> ve renkli pasajlar\u0131yla <strong>Do\u011fubeyaz\u0131t<\/strong>, <strong>Muradiye \u015eelalesi<\/strong>, Van&#8217;\u0131n simgelerinden biri olan Van Kedilerinin neslini korumak i&ccedil;in kurulmu\u015f Van Kedi Evi, her ilme\u011finde bir al\u0131n teri, her deseninde bir hik&acirc;ye olan Van&#8217;\u0131n d&uuml;nyaca &uuml;nl&uuml; kilimlerinin dokundu\u011fu At&ouml;lye ziyareti, <strong>Van Kalesi&#8217;<\/strong>nden b&uuml;y&uuml;leyici g&uuml;nbat\u0131m\u0131n\u0131 izlemek, Do\u011fu Beylerinin \u015fatosu <strong>Ho\u015fap Kalesi<\/strong>; T&uuml;rkiye&rsquo;nin en b&uuml;y&uuml;k krater g&ouml;l&uuml; olan <strong>Nemrut Da\u011f\u0131 Krater G&ouml;l&uuml;<\/strong>; Anadolu&#8217;daki ilk b&uuml;y&uuml;k T&uuml;rk \u015fehri <strong>Ahlat<\/strong>; 3 as\u0131r boyunca egemenliklerini s&uuml;rd&uuml;ren Urartular&#8217;\u0131n kenti <strong>Tatvan<\/strong> bu efsanevi yolculu\u011fun en keyifli duraklar\u0131ndan olacak.<\/p>\n<p><img loading=\"lazy\" decoding=\"async\" class=\"alignnone size-full wp-image-4481\" src=\"https:\/\/www.julesverne.com.tr\/\/wp-content\/uploads\/2020\/09\/van-1.jpg\" width=\"1200\" height=\"627\" alt=\"van g&ouml;l&uuml;\" srcset=\"https:\/\/julesverne.com.tr\/wp-content\/uploads\/2020\/09\/van-1.jpg 1200w, https:\/\/julesverne.com.tr\/wp-content\/uploads\/2020\/09\/van-1-500x261.jpg 500w, https:\/\/julesverne.com.tr\/wp-content\/uploads\/2020\/09\/van-1-768x401.jpg 768w\" sizes=\"(max-width: 1200px) 100vw, 1200px\" \/><\/p>\n<h4><strong>30 A\u011fustos-2 Eyl&uuml;l tarihlerinde, 3 gece 4 g&uuml;n s&uuml;recek N&uuml;khet Everi ile Van Gezisi i&ccedil;in yola &ccedil;\u0131k\u0131yoruz&#8230;<\/strong><\/h4>\n<h3><a href=\"..\/..\/bizden-haberler\/30-agustos-2-eylul-van-gezi-programi\" target=\"_blank\" rel=\"noopener noreferrer\"><strong>Detayl\u0131 Program Bilgisi i&ccedil;in T\u0131klay\u0131n!<\/strong><\/a><\/h3>\n<p><strong><img loading=\"lazy\" decoding=\"async\" class=\"alignnone size-full wp-image-4482\" src=\"https:\/\/www.julesverne.com.tr\/\/wp-content\/uploads\/2020\/09\/ulu_kumbet.jpg\" width=\"1024\" height=\"731\" alt=\"ulu_kumbet\" srcset=\"https:\/\/julesverne.com.tr\/wp-content\/uploads\/2020\/09\/ulu_kumbet.jpg 1024w, https:\/\/julesverne.com.tr\/wp-content\/uploads\/2020\/09\/ulu_kumbet-500x357.jpg 500w, https:\/\/julesverne.com.tr\/wp-content\/uploads\/2020\/09\/ulu_kumbet-768x548.jpg 768w\" sizes=\"(max-width: 1024px) 100vw, 1024px\" \/><\/strong><\/p>\n<p style=\"text-align: left;\"><strong>N&uuml;khet Everi Kimdir?<\/strong><\/p>\n<p style=\"text-align: center;\"><strong><img loading=\"lazy\" decoding=\"async\" class=\"alignnone size-full wp-image-4483\" src=\"https:\/\/www.julesverne.com.tr\/\/wp-content\/uploads\/2020\/09\/nukhet.jpg\" width=\"760\" height=\"506\" alt=\"\" srcset=\"https:\/\/julesverne.com.tr\/wp-content\/uploads\/2020\/09\/nukhet.jpg 760w, https:\/\/julesverne.com.tr\/wp-content\/uploads\/2020\/09\/nukhet-500x333.jpg 500w\" sizes=\"(max-width: 760px) 100vw, 760px\" \/><\/strong><\/p>\n<p style=\"text-align: left;\">\u0130stanbul do\u011fumlu N&uuml;khet Everi Avusturya Lisesi&#8217;nden mezun olduktan sonra Viyana &Uuml;niversitesi&#8217;nde Arkeoloji ve Tiyatro e\u011fitimleri ald\u0131. E\u011fitimi sonras\u0131 1.5 y\u0131l K&uuml;ba&#8217;da ya\u015fad\u0131ktan sonra &uuml;lkesine d&ouml;nen Everi, \u0130stanbul B&uuml;y&uuml;k\u015fehir Belediyesi \u015eehir Tiyatrolar\u0131&rsquo;n\u0131n Orhan Alkaya taraf\u0131ndan &ccedil;\u0131kart\u0131lan &ldquo;Tiyatro Dergisi&rdquo; i&ccedil;in terc&uuml;meler ve s&ouml;yle\u015filer yapt\u0131. Uzun y\u0131llard\u0131r rehberlik yapan Everi, Mardin ve Ortado\u011fu &uuml;zerine &ccedil;al\u0131\u015fmalar\u0131yla tan\u0131n\u0131yor. Radyo programlar\u0131nda T&uuml;rkiye \u015fehirlerini tan\u0131tt\u0131, foto\u011fraf sergileri a&ccedil;t\u0131. K&uuml;lt&uuml;rel Miras\u0131 Koruma Derne\u011fi&rsquo;nin (KMKD) kurucu &uuml;yelerinden olup, T&uuml;rkiye&rsquo;deki S&uuml;ryani K&uuml;lt&uuml;r Miras\u0131 &uuml;zerine &ccedil;al\u0131\u015fmalar ve ara\u015ft\u0131rmalar yap\u0131yor. Almanca, \u0130ngilizce, \u0130spanyolca, Latince, Eski Yunanca, Bizans Grek&ccedil;esi, Yunanca ve Ermenice dillerinin yan\u0131 s\u0131ra Mezopotamya b&ouml;lgesindeki ara\u015ft\u0131rmalar\u0131 i&ccedil;in Mardin Artuklu &Uuml;niversitesi&rsquo;nde S&uuml;ryanice ve Arap&ccedil;a &ouml;\u011frendi. 2014&rsquo;te E Yay\u0131nlar\u0131&rsquo;ndan &ldquo;Saray\u0131n Dehlizlerinde&rdquo; adl\u0131 roman\u0131 yay\u0131nlanan N&uuml;khet Everi Milliyet Gazetesi Cumartesi Eki&rsquo;nde &ldquo;S\u0131rt &Ccedil;antam&rdquo; adl\u0131 k&ouml;\u015fesinde seyahat yaz\u0131lar\u0131 yazmaya devam ediyor.<br \/>&nbsp;<\/p>\n<p style=\"text-align: center;\"><strong>Detayl\u0131 program bilgisi ve rezervasyon i&ccedil;in:<br \/><\/strong><strong><a href=\"mailto:travel@julesverne.com.tr\" target=\"_blank\" rel=\"noopener noreferrer\">travel@julesverne.com.tr<br \/><\/a><\/strong><strong>0212 266 6363 &#8211; 137<\/strong><\/p><\/p>\n","protected":false},"excerpt":{"rendered":"<p>30 A\u011fustos &#8211; 2 Eyl&uuml;l&nbsp;tarihlerinde &ccedil;\u0131kaca\u011f\u0131m\u0131z Do\u011fu Anadolu rotam\u0131zda Anadolu ve Ortado\u011fu &uuml;zerine &ccedil;al\u0131\u015fmalar\u0131yla bilinen yazar ve rehber&nbsp;N&uuml;khet Everi&nbsp;&ouml;nderli\u011finde bir masala konuk oluyoruz.&nbsp;<em>&#8220;Do\u011fubayaz\u0131t-Van-&Ccedil;avu\u015ftepe -Ho\u015fap Kalesi-Nemrut Krater G&ouml;l&uuml;-Ahlat-Tatvan&#8221;<\/em>&nbsp;rotas\u0131 ile Do\u011fu&#8217;nun asl\u0131nda ne kadar g&ouml;rkemli oldu\u011funu birlikte ke\u015ffedelim istiyoruz.&nbsp;<\/p>\n","protected":false},"author":1,"featured_media":1966,"comment_status":"closed","ping_status":"closed","sticky":false,"template":"","format":"standard","meta":{"inline_featured_image":false,"footnotes":""},"categories":[1],"tags":[],"acf":[],"yoast_head":"<!-- This site is optimized with the Yoast SEO plugin v22.3 - https:\/\/yoast.com\/wordpress\/plugins\/seo\/ -->\n<title>Bir Do\u011fu Efsanesi: N\u00fckhet Everi ile Van Gezisi - JULES VERNE BUSINESS MICE TRAVEL<\/title>\n<meta name=\"robots\" content=\"index, follow, max-snippet:-1, max-image-preview:large, max-video-preview:-1\" \/>\n<link rel=\"canonical\" href=\"https:\/\/julesverne.com.tr\/travel-blog\/bir-dogu-efsanesi-nukhet-everi-ile-van-gezisi\/\" \/>\n<meta property=\"og:locale\" content=\"en_US\" \/>\n<meta property=\"og:type\" content=\"article\" \/>\n<meta property=\"og:title\" content=\"Bir Do\u011fu Efsanesi: N\u00fckhet Everi ile Van Gezisi - JULES VERNE BUSINESS MICE TRAVEL\" \/>\n<meta property=\"og:description\" content=\"30 A\u011fustos - 2 Eyl&uuml;l&nbsp;tarihlerinde &ccedil;\u0131kaca\u011f\u0131m\u0131z Do\u011fu Anadolu rotam\u0131zda Anadolu ve Ortado\u011fu &uuml;zerine &ccedil;al\u0131\u015fmalar\u0131yla bilinen yazar ve rehber&nbsp;N&uuml;khet Everi&nbsp;&ouml;nderli\u011finde bir masala konuk oluyoruz.&nbsp;&quot;Do\u011fubayaz\u0131t-Van-&Ccedil;avu\u015ftepe -Ho\u015fap Kalesi-Nemrut Krater G&ouml;l&uuml;-Ahlat-Tatvan&quot;&nbsp;rotas\u0131 ile Do\u011fu&#039;nun asl\u0131nda ne kadar g&ouml;rkemli oldu\u011funu birlikte ke\u015ffedelim istiyoruz.&nbsp;\" \/>\n<meta property=\"og:url\" content=\"https:\/\/julesverne.com.tr\/travel-blog\/bir-dogu-efsanesi-nukhet-everi-ile-van-gezisi\/\" \/>\n<meta property=\"og:site_name\" content=\"JULES VERNE BUSINESS MICE TRAVEL\" \/>\n<meta property=\"article:publisher\" content=\"https:\/\/www.facebook.com\/JulesVerneBusinessMiceTravel\/\" \/>\n<meta property=\"article:published_time\" content=\"2018-08-08T08:27:20+00:00\" \/>\n<meta property=\"article:modified_time\" content=\"2020-09-21T14:36:12+00:00\" \/>\n<meta property=\"og:image\" content=\"https:\/\/julesverne.com.tr\/wp-content\/uploads\/2020\/09\/van_akdamar_high-1.jpg\" \/>\n\t<meta property=\"og:image:width\" content=\"1000\" \/>\n\t<meta property=\"og:image:height\" content=\"666\" \/>\n\t<meta property=\"og:image:type\" content=\"image\/jpeg\" \/>\n<meta name=\"author\" content=\"fikirman\" \/>\n<meta name=\"twitter:card\" content=\"summary_large_image\" \/>\n<meta name=\"twitter:creator\" content=\"@JV_BusinessMice\" \/>\n<meta name=\"twitter:site\" content=\"@JV_BusinessMice\" \/>\n<meta name=\"twitter:label1\" content=\"Written by\" \/>\n\t<meta name=\"twitter:data1\" content=\"fikirman\" \/>\n\t<meta name=\"twitter:label2\" content=\"Est. reading time\" \/>\n\t<meta name=\"twitter:data2\" content=\"4 minutes\" \/>\n<script type=\"application\/ld+json\" class=\"yoast-schema-graph\">{\"@context\":\"https:\/\/schema.org\",\"@graph\":[{\"@type\":\"Article\",\"@id\":\"https:\/\/julesverne.com.tr\/travel-blog\/bir-dogu-efsanesi-nukhet-everi-ile-van-gezisi\/#article\",\"isPartOf\":{\"@id\":\"https:\/\/julesverne.com.tr\/travel-blog\/bir-dogu-efsanesi-nukhet-everi-ile-van-gezisi\/\"},\"author\":{\"name\":\"fikirman\",\"@id\":\"https:\/\/julesverne.com.tr\/#\/schema\/person\/f4eb0514ae455538644c31b99a466fdb\"},\"headline\":\"Bir Do\u011fu Efsanesi: N\u00fckhet Everi ile Van Gezisi\",\"datePublished\":\"2018-08-08T08:27:20+00:00\",\"dateModified\":\"2020-09-21T14:36:12+00:00\",\"mainEntityOfPage\":{\"@id\":\"https:\/\/julesverne.com.tr\/travel-blog\/bir-dogu-efsanesi-nukhet-everi-ile-van-gezisi\/\"},\"wordCount\":770,\"publisher\":{\"@id\":\"https:\/\/julesverne.com.tr\/#organization\"},\"image\":{\"@id\":\"https:\/\/julesverne.com.tr\/travel-blog\/bir-dogu-efsanesi-nukhet-everi-ile-van-gezisi\/#primaryimage\"},\"thumbnailUrl\":\"https:\/\/julesverne.com.tr\/wp-content\/uploads\/2020\/09\/van_akdamar_high-1.jpg\",\"articleSection\":[\"Blog\"],\"inLanguage\":\"en-US\"},{\"@type\":\"WebPage\",\"@id\":\"https:\/\/julesverne.com.tr\/travel-blog\/bir-dogu-efsanesi-nukhet-everi-ile-van-gezisi\/\",\"url\":\"https:\/\/julesverne.com.tr\/travel-blog\/bir-dogu-efsanesi-nukhet-everi-ile-van-gezisi\/\",\"name\":\"Bir Do\u011fu Efsanesi: N\u00fckhet Everi ile Van Gezisi - JULES VERNE BUSINESS MICE TRAVEL\",\"isPartOf\":{\"@id\":\"https:\/\/julesverne.com.tr\/#website\"},\"primaryImageOfPage\":{\"@id\":\"https:\/\/julesverne.com.tr\/travel-blog\/bir-dogu-efsanesi-nukhet-everi-ile-van-gezisi\/#primaryimage\"},\"image\":{\"@id\":\"https:\/\/julesverne.com.tr\/travel-blog\/bir-dogu-efsanesi-nukhet-everi-ile-van-gezisi\/#primaryimage\"},\"thumbnailUrl\":\"https:\/\/julesverne.com.tr\/wp-content\/uploads\/2020\/09\/van_akdamar_high-1.jpg\",\"datePublished\":\"2018-08-08T08:27:20+00:00\",\"dateModified\":\"2020-09-21T14:36:12+00:00\",\"breadcrumb\":{\"@id\":\"https:\/\/julesverne.com.tr\/travel-blog\/bir-dogu-efsanesi-nukhet-everi-ile-van-gezisi\/#breadcrumb\"},\"inLanguage\":\"en-US\",\"potentialAction\":[{\"@type\":\"ReadAction\",\"target\":[\"https:\/\/julesverne.com.tr\/travel-blog\/bir-dogu-efsanesi-nukhet-everi-ile-van-gezisi\/\"]}]},{\"@type\":\"ImageObject\",\"inLanguage\":\"en-US\",\"@id\":\"https:\/\/julesverne.com.tr\/travel-blog\/bir-dogu-efsanesi-nukhet-everi-ile-van-gezisi\/#primaryimage\",\"url\":\"https:\/\/julesverne.com.tr\/wp-content\/uploads\/2020\/09\/van_akdamar_high-1.jpg\",\"contentUrl\":\"https:\/\/julesverne.com.tr\/wp-content\/uploads\/2020\/09\/van_akdamar_high-1.jpg\",\"width\":1000,\"height\":666},{\"@type\":\"BreadcrumbList\",\"@id\":\"https:\/\/julesverne.com.tr\/travel-blog\/bir-dogu-efsanesi-nukhet-everi-ile-van-gezisi\/#breadcrumb\",\"itemListElement\":[{\"@type\":\"ListItem\",\"position\":1,\"name\":\"Anasayfa\",\"item\":\"https:\/\/julesverne.com.tr\/\"},{\"@type\":\"ListItem\",\"position\":2,\"name\":\"Bir Do\u011fu Efsanesi: N\u00fckhet Everi ile Van Gezisi\"}]},{\"@type\":\"WebSite\",\"@id\":\"https:\/\/julesverne.com.tr\/#website\",\"url\":\"https:\/\/julesverne.com.tr\/\",\"name\":\"JULES VERNE BUSINESS MICE TRAVEL\",\"description\":\"\",\"publisher\":{\"@id\":\"https:\/\/julesverne.com.tr\/#organization\"},\"potentialAction\":[{\"@type\":\"SearchAction\",\"target\":{\"@type\":\"EntryPoint\",\"urlTemplate\":\"https:\/\/julesverne.com.tr\/?s={search_term_string}\"},\"query-input\":\"required name=search_term_string\"}],\"inLanguage\":\"en-US\"},{\"@type\":\"Organization\",\"@id\":\"https:\/\/julesverne.com.tr\/#organization\",\"name\":\"JULES VERNE BUSINESS MICE TRAVEL\",\"url\":\"https:\/\/julesverne.com.tr\/\",\"logo\":{\"@type\":\"ImageObject\",\"inLanguage\":\"en-US\",\"@id\":\"https:\/\/julesverne.com.tr\/#\/schema\/logo\/image\/\",\"url\":\"https:\/\/julesverne.com.tr\/wp-content\/uploads\/2020\/09\/jv-bmt-logo.png\",\"contentUrl\":\"https:\/\/julesverne.com.tr\/wp-content\/uploads\/2020\/09\/jv-bmt-logo.png\",\"width\":110,\"height\":81,\"caption\":\"JULES VERNE BUSINESS MICE TRAVEL\"},\"image\":{\"@id\":\"https:\/\/julesverne.com.tr\/#\/schema\/logo\/image\/\"},\"sameAs\":[\"https:\/\/www.facebook.com\/JulesVerneBusinessMiceTravel\/\",\"https:\/\/twitter.com\/JV_BusinessMice\",\"https:\/\/www.instagram.com\/julesvernebusinessmicetravel\/\",\"https:\/\/www.linkedin.com\/company\/julesvernebusinessmicetravel\/\",\"https:\/\/www.youtube.com\/channel\/UCAwdsmbZ6tFhu1tea6pkpiw\"]},{\"@type\":\"Person\",\"@id\":\"https:\/\/julesverne.com.tr\/#\/schema\/person\/f4eb0514ae455538644c31b99a466fdb\",\"name\":\"fikirman\",\"sameAs\":[\"http:\/\/advermedya.net\/julesverne\"],\"url\":\"https:\/\/julesverne.com.tr\/en\/author\/fikirman\/\"}]}<\/script>\n<!-- \/ Yoast SEO plugin. -->","yoast_head_json":{"title":"Bir Do\u011fu Efsanesi: N\u00fckhet Everi ile Van Gezisi - JULES VERNE BUSINESS MICE TRAVEL","robots":{"index":"index","follow":"follow","max-snippet":"max-snippet:-1","max-image-preview":"max-image-preview:large","max-video-preview":"max-video-preview:-1"},"canonical":"https:\/\/julesverne.com.tr\/travel-blog\/bir-dogu-efsanesi-nukhet-everi-ile-van-gezisi\/","og_locale":"en_US","og_type":"article","og_title":"Bir Do\u011fu Efsanesi: N\u00fckhet Everi ile Van Gezisi - JULES VERNE BUSINESS MICE TRAVEL","og_description":"30 A\u011fustos - 2 Eyl&uuml;l&nbsp;tarihlerinde &ccedil;\u0131kaca\u011f\u0131m\u0131z Do\u011fu Anadolu rotam\u0131zda Anadolu ve Ortado\u011fu &uuml;zerine &ccedil;al\u0131\u015fmalar\u0131yla bilinen yazar ve rehber&nbsp;N&uuml;khet Everi&nbsp;&ouml;nderli\u011finde bir masala konuk oluyoruz.&nbsp;\"Do\u011fubayaz\u0131t-Van-&Ccedil;avu\u015ftepe -Ho\u015fap Kalesi-Nemrut Krater G&ouml;l&uuml;-Ahlat-Tatvan\"&nbsp;rotas\u0131 ile Do\u011fu'nun asl\u0131nda ne kadar g&ouml;rkemli oldu\u011funu birlikte ke\u015ffedelim istiyoruz.&nbsp;","og_url":"https:\/\/julesverne.com.tr\/travel-blog\/bir-dogu-efsanesi-nukhet-everi-ile-van-gezisi\/","og_site_name":"JULES VERNE BUSINESS MICE TRAVEL","article_publisher":"https:\/\/www.facebook.com\/JulesVerneBusinessMiceTravel\/","article_published_time":"2018-08-08T08:27:20+00:00","article_modified_time":"2020-09-21T14:36:12+00:00","og_image":[{"width":1000,"height":666,"url":"https:\/\/julesverne.com.tr\/wp-content\/uploads\/2020\/09\/van_akdamar_high-1.jpg","type":"image\/jpeg"}],"author":"fikirman","twitter_card":"summary_large_image","twitter_creator":"@JV_BusinessMice","twitter_site":"@JV_BusinessMice","twitter_misc":{"Written by":"fikirman","Est. reading time":"4 minutes"},"schema":{"@context":"https:\/\/schema.org","@graph":[{"@type":"Article","@id":"https:\/\/julesverne.com.tr\/travel-blog\/bir-dogu-efsanesi-nukhet-everi-ile-van-gezisi\/#article","isPartOf":{"@id":"https:\/\/julesverne.com.tr\/travel-blog\/bir-dogu-efsanesi-nukhet-everi-ile-van-gezisi\/"},"author":{"name":"fikirman","@id":"https:\/\/julesverne.com.tr\/#\/schema\/person\/f4eb0514ae455538644c31b99a466fdb"},"headline":"Bir Do\u011fu Efsanesi: N\u00fckhet Everi ile Van Gezisi","datePublished":"2018-08-08T08:27:20+00:00","dateModified":"2020-09-21T14:36:12+00:00","mainEntityOfPage":{"@id":"https:\/\/julesverne.com.tr\/travel-blog\/bir-dogu-efsanesi-nukhet-everi-ile-van-gezisi\/"},"wordCount":770,"publisher":{"@id":"https:\/\/julesverne.com.tr\/#organization"},"image":{"@id":"https:\/\/julesverne.com.tr\/travel-blog\/bir-dogu-efsanesi-nukhet-everi-ile-van-gezisi\/#primaryimage"},"thumbnailUrl":"https:\/\/julesverne.com.tr\/wp-content\/uploads\/2020\/09\/van_akdamar_high-1.jpg","articleSection":["Blog"],"inLanguage":"en-US"},{"@type":"WebPage","@id":"https:\/\/julesverne.com.tr\/travel-blog\/bir-dogu-efsanesi-nukhet-everi-ile-van-gezisi\/","url":"https:\/\/julesverne.com.tr\/travel-blog\/bir-dogu-efsanesi-nukhet-everi-ile-van-gezisi\/","name":"Bir Do\u011fu Efsanesi: N\u00fckhet Everi ile Van Gezisi - JULES VERNE BUSINESS MICE TRAVEL","isPartOf":{"@id":"https:\/\/julesverne.com.tr\/#website"},"primaryImageOfPage":{"@id":"https:\/\/julesverne.com.tr\/travel-blog\/bir-dogu-efsanesi-nukhet-everi-ile-van-gezisi\/#primaryimage"},"image":{"@id":"https:\/\/julesverne.com.tr\/travel-blog\/bir-dogu-efsanesi-nukhet-everi-ile-van-gezisi\/#primaryimage"},"thumbnailUrl":"https:\/\/julesverne.com.tr\/wp-content\/uploads\/2020\/09\/van_akdamar_high-1.jpg","datePublished":"2018-08-08T08:27:20+00:00","dateModified":"2020-09-21T14:36:12+00:00","breadcrumb":{"@id":"https:\/\/julesverne.com.tr\/travel-blog\/bir-dogu-efsanesi-nukhet-everi-ile-van-gezisi\/#breadcrumb"},"inLanguage":"en-US","potentialAction":[{"@type":"ReadAction","target":["https:\/\/julesverne.com.tr\/travel-blog\/bir-dogu-efsanesi-nukhet-everi-ile-van-gezisi\/"]}]},{"@type":"ImageObject","inLanguage":"en-US","@id":"https:\/\/julesverne.com.tr\/travel-blog\/bir-dogu-efsanesi-nukhet-everi-ile-van-gezisi\/#primaryimage","url":"https:\/\/julesverne.com.tr\/wp-content\/uploads\/2020\/09\/van_akdamar_high-1.jpg","contentUrl":"https:\/\/julesverne.com.tr\/wp-content\/uploads\/2020\/09\/van_akdamar_high-1.jpg","width":1000,"height":666},{"@type":"BreadcrumbList","@id":"https:\/\/julesverne.com.tr\/travel-blog\/bir-dogu-efsanesi-nukhet-everi-ile-van-gezisi\/#breadcrumb","itemListElement":[{"@type":"ListItem","position":1,"name":"Anasayfa","item":"https:\/\/julesverne.com.tr\/"},{"@type":"ListItem","position":2,"name":"Bir Do\u011fu Efsanesi: N\u00fckhet Everi ile Van Gezisi"}]},{"@type":"WebSite","@id":"https:\/\/julesverne.com.tr\/#website","url":"https:\/\/julesverne.com.tr\/","name":"JULES VERNE BUSINESS MICE TRAVEL","description":"","publisher":{"@id":"https:\/\/julesverne.com.tr\/#organization"},"potentialAction":[{"@type":"SearchAction","target":{"@type":"EntryPoint","urlTemplate":"https:\/\/julesverne.com.tr\/?s={search_term_string}"},"query-input":"required name=search_term_string"}],"inLanguage":"en-US"},{"@type":"Organization","@id":"https:\/\/julesverne.com.tr\/#organization","name":"JULES VERNE BUSINESS MICE TRAVEL","url":"https:\/\/julesverne.com.tr\/","logo":{"@type":"ImageObject","inLanguage":"en-US","@id":"https:\/\/julesverne.com.tr\/#\/schema\/logo\/image\/","url":"https:\/\/julesverne.com.tr\/wp-content\/uploads\/2020\/09\/jv-bmt-logo.png","contentUrl":"https:\/\/julesverne.com.tr\/wp-content\/uploads\/2020\/09\/jv-bmt-logo.png","width":110,"height":81,"caption":"JULES VERNE BUSINESS MICE TRAVEL"},"image":{"@id":"https:\/\/julesverne.com.tr\/#\/schema\/logo\/image\/"},"sameAs":["https:\/\/www.facebook.com\/JulesVerneBusinessMiceTravel\/","https:\/\/twitter.com\/JV_BusinessMice","https:\/\/www.instagram.com\/julesvernebusinessmicetravel\/","https:\/\/www.linkedin.com\/company\/julesvernebusinessmicetravel\/","https:\/\/www.youtube.com\/channel\/UCAwdsmbZ6tFhu1tea6pkpiw"]},{"@type":"Person","@id":"https:\/\/julesverne.com.tr\/#\/schema\/person\/f4eb0514ae455538644c31b99a466fdb","name":"fikirman","sameAs":["http:\/\/advermedya.net\/julesverne"],"url":"https:\/\/julesverne.com.tr\/en\/author\/fikirman\/"}]}},"_links":{"self":[{"href":"https:\/\/julesverne.com.tr\/en\/wp-json\/wp\/v2\/posts\/1965"}],"collection":[{"href":"https:\/\/julesverne.com.tr\/en\/wp-json\/wp\/v2\/posts"}],"about":[{"href":"https:\/\/julesverne.com.tr\/en\/wp-json\/wp\/v2\/types\/post"}],"author":[{"embeddable":true,"href":"https:\/\/julesverne.com.tr\/en\/wp-json\/wp\/v2\/users\/1"}],"replies":[{"embeddable":true,"href":"https:\/\/julesverne.com.tr\/en\/wp-json\/wp\/v2\/comments?post=1965"}],"version-history":[{"count":0,"href":"https:\/\/julesverne.com.tr\/en\/wp-json\/wp\/v2\/posts\/1965\/revisions"}],"wp:featuredmedia":[{"embeddable":true,"href":"https:\/\/julesverne.com.tr\/en\/wp-json\/wp\/v2\/media\/1966"}],"wp:attachment":[{"href":"https:\/\/julesverne.com.tr\/en\/wp-json\/wp\/v2\/media?parent=1965"}],"wp:term":[{"taxonomy":"category","embeddable":true,"href":"https:\/\/julesverne.com.tr\/en\/wp-json\/wp\/v2\/categories?post=1965"},{"taxonomy":"post_tag","embeddable":true,"href":"https:\/\/julesverne.com.tr\/en\/wp-json\/wp\/v2\/tags?post=1965"}],"curies":[{"name":"wp","href":"https:\/\/api.w.org\/{rel}","templated":true}]}}