{"id":19634,"date":"2025-04-29T11:31:12","date_gmt":"2025-04-29T08:31:12","guid":{"rendered":"https:\/\/julesverne.com.tr\/?p=19634"},"modified":"2025-06-20T10:50:37","modified_gmt":"2025-06-20T07:50:37","slug":"harpers-bazaar-da-bu-ay-ayse-yagci-nin-kaleminden-iskocya","status":"publish","type":"post","link":"https:\/\/julesverne.com.tr\/en\/haberler\/harpers-bazaar-da-bu-ay-ayse-yagci-nin-kaleminden-iskocya\/","title":{"rendered":"(TR) Harper&#8217;s Bazaar&#8217;da Bu Ay: Ay\u015fe Ya\u011fc\u0131&#8217;n\u0131n Kaleminden Do\u011fan\u0131n E\u015fsiz Yans\u0131mas\u0131 \u0130sko\u00e7ya"},"content":{"rendered":"<p class=\"qtranxs-available-languages-message qtranxs-available-languages-message-en\">Sorry, this entry is only available in <a href=\"https:\/\/julesverne.com.tr\/tr\/wp-json\/wp\/v2\/posts\/19634\" class=\"qtranxs-available-language-link qtranxs-available-language-link-tr\" title=\"TR\">Turkish<\/a>.<\/p>","protected":false},"excerpt":{"rendered":"<p>Sorry, this entry is only available in Turkish.<\/p>\n","protected":false},"author":10,"featured_media":19687,"comment_status":"closed","ping_status":"closed","sticky":false,"template":"","format":"standard","meta":{"inline_featured_image":false,"footnotes":""},"categories":[2,5],"tags":[161,145,336,77,339,73],"acf":[],"yoast_head":"<!-- This site is optimized with the Yoast SEO plugin v22.3 - https:\/\/yoast.com\/wordpress\/plugins\/seo\/ -->\n<title><\/title>\n<meta name=\"description\" content=\"Jules Verne Business Mice Travel Kurucusu ve Genel M\u00fcd\u00fcr\u00fc Ay\u015fe Ya\u011fc\u0131 B\u00fcy\u00fckp\u0131nar, zamans\u0131z g\u00fczelli\u011fi ve tarihi miras\u0131 ile her ziyaret\u00e7isini kendine a\u015f\u0131k eden \u0130sko\u00e7ya\u2019y\u0131 Harper\u2019s Bazaar\u2019\u0131n Nisan say\u0131s\u0131 i\u00e7in kaleme ald\u0131.\" \/>\n<meta name=\"robots\" content=\"index, follow, max-snippet:-1, max-image-preview:large, max-video-preview:-1\" \/>\n<link rel=\"canonical\" href=\"https:\/\/julesverne.com.tr\/haberler\/harpers-bazaar-da-bu-ay-ayse-yagci-nin-kaleminden-iskocya\/\" \/>\n<meta property=\"og:locale\" content=\"en_US\" \/>\n<meta property=\"og:type\" content=\"article\" \/>\n<meta property=\"og:title\" content=\"[:tr]Harper&#039;s Bazaar&#039;da Bu Ay: Ay\u015fe Ya\u011fc\u0131&#039;n\u0131n Kaleminden Do\u011fan\u0131n E\u015fsiz Yans\u0131mas\u0131 \u0130sko\u00e7ya [:] - JULES VERNE BUSINESS MICE TRAVEL\" \/>\n<meta property=\"og:description\" content=\"Jules Verne Business Mice Travel Kurucusu ve Genel M\u00fcd\u00fcr\u00fc Ay\u015fe Ya\u011fc\u0131 B\u00fcy\u00fckp\u0131nar, zamans\u0131z g\u00fczelli\u011fi ve tarihi miras\u0131 ile her ziyaret\u00e7isini kendine a\u015f\u0131k eden \u0130sko\u00e7ya\u2019y\u0131 Harper\u2019s Bazaar\u2019\u0131n Nisan say\u0131s\u0131 i\u00e7in kaleme ald\u0131.\" \/>\n<meta property=\"og:url\" content=\"https:\/\/julesverne.com.tr\/haberler\/harpers-bazaar-da-bu-ay-ayse-yagci-nin-kaleminden-iskocya\/\" \/>\n<meta property=\"og:site_name\" content=\"JULES VERNE BUSINESS MICE TRAVEL\" \/>\n<meta property=\"article:publisher\" content=\"https:\/\/www.facebook.com\/JulesVerneBusinessMiceTravel\/\" \/>\n<meta property=\"article:published_time\" content=\"2025-04-29T08:31:12+00:00\" \/>\n<meta property=\"article:modified_time\" content=\"2025-06-20T07:50:37+00:00\" \/>\n<meta property=\"og:image\" content=\"https:\/\/julesverne.com.tr\/wp-content\/uploads\/2025\/04\/Cameron-House-and-Loch.jpg\" \/>\n\t<meta property=\"og:image:width\" content=\"1500\" \/>\n\t<meta property=\"og:image:height\" content=\"843\" \/>\n\t<meta property=\"og:image:type\" content=\"image\/jpeg\" \/>\n<meta name=\"author\" content=\"Ebru Alt\u0131n\" \/>\n<meta name=\"twitter:card\" content=\"summary_large_image\" \/>\n<meta name=\"twitter:creator\" content=\"@JV_BusinessMice\" \/>\n<meta name=\"twitter:site\" content=\"@JV_BusinessMice\" \/>\n<meta name=\"twitter:label1\" content=\"Written by\" \/>\n\t<meta name=\"twitter:data1\" content=\"Ebru Alt\u0131n\" \/>\n\t<meta name=\"twitter:label2\" content=\"Est. reading time\" \/>\n\t<meta name=\"twitter:data2\" content=\"2 minutes\" \/>\n<script type=\"application\/ld+json\" class=\"yoast-schema-graph\">{\"@context\":\"https:\/\/schema.org\",\"@graph\":[{\"@type\":\"Article\",\"@id\":\"https:\/\/julesverne.com.tr\/haberler\/harpers-bazaar-da-bu-ay-ayse-yagci-nin-kaleminden-iskocya\/#article\",\"isPartOf\":{\"@id\":\"https:\/\/julesverne.com.tr\/haberler\/harpers-bazaar-da-bu-ay-ayse-yagci-nin-kaleminden-iskocya\/\"},\"author\":{\"name\":\"Ebru Alt\u0131n\",\"@id\":\"https:\/\/julesverne.com.tr\/#\/schema\/person\/219931edfe2e7d9cbbcbabb8a7e4c7f4\"},\"headline\":\"(TR) Harper&#8217;s Bazaar&#8217;da Bu Ay: Ay\u015fe Ya\u011fc\u0131&#8217;n\u0131n Kaleminden Do\u011fan\u0131n E\u015fsiz Yans\u0131mas\u0131 \u0130sko\u00e7ya\",\"datePublished\":\"2025-04-29T08:31:12+00:00\",\"dateModified\":\"2025-06-20T07:50:37+00:00\",\"mainEntityOfPage\":{\"@id\":\"https:\/\/julesverne.com.tr\/haberler\/harpers-bazaar-da-bu-ay-ayse-yagci-nin-kaleminden-iskocya\/\"},\"wordCount\":182,\"publisher\":{\"@id\":\"https:\/\/julesverne.com.tr\/#organization\"},\"image\":{\"@id\":\"https:\/\/julesverne.com.tr\/haberler\/harpers-bazaar-da-bu-ay-ayse-yagci-nin-kaleminden-iskocya\/#primaryimage\"},\"thumbnailUrl\":\"https:\/\/julesverne.com.tr\/wp-content\/uploads\/2025\/04\/Cameron-House-and-Loch.jpg\",\"keywords\":[\"Ay\u015fe Ya\u011fc\u0131'dan \u0130z B\u0131rakan Rotalar\",\"News\",\"Harper's Bazaar\",\"\u0130lham Veren Destinasyonlar\",\"\u0130sko\u00e7ya\",\"Nereye Gitsek\"],\"articleSection\":[\"News\",\"Travel Haberler\"],\"inLanguage\":\"en-US\"},{\"@type\":\"WebPage\",\"@id\":\"https:\/\/julesverne.com.tr\/haberler\/harpers-bazaar-da-bu-ay-ayse-yagci-nin-kaleminden-iskocya\/\",\"url\":\"https:\/\/julesverne.com.tr\/haberler\/harpers-bazaar-da-bu-ay-ayse-yagci-nin-kaleminden-iskocya\/\",\"name\":\"[:tr]Harper's Bazaar'da Bu Ay: Ay\u015fe Ya\u011fc\u0131'n\u0131n Kaleminden Do\u011fan\u0131n E\u015fsiz Yans\u0131mas\u0131 \u0130sko\u00e7ya [:] - JULES VERNE BUSINESS MICE TRAVEL\",\"isPartOf\":{\"@id\":\"https:\/\/julesverne.com.tr\/#website\"},\"primaryImageOfPage\":{\"@id\":\"https:\/\/julesverne.com.tr\/haberler\/harpers-bazaar-da-bu-ay-ayse-yagci-nin-kaleminden-iskocya\/#primaryimage\"},\"image\":{\"@id\":\"https:\/\/julesverne.com.tr\/haberler\/harpers-bazaar-da-bu-ay-ayse-yagci-nin-kaleminden-iskocya\/#primaryimage\"},\"thumbnailUrl\":\"https:\/\/julesverne.com.tr\/wp-content\/uploads\/2025\/04\/Cameron-House-and-Loch.jpg\",\"datePublished\":\"2025-04-29T08:31:12+00:00\",\"dateModified\":\"2025-06-20T07:50:37+00:00\",\"description\":\"Jules Verne Business Mice Travel Kurucusu ve Genel M\u00fcd\u00fcr\u00fc Ay\u015fe Ya\u011fc\u0131 B\u00fcy\u00fckp\u0131nar, zamans\u0131z g\u00fczelli\u011fi ve tarihi miras\u0131 ile her ziyaret\u00e7isini kendine a\u015f\u0131k eden \u0130sko\u00e7ya\u2019y\u0131 Harper\u2019s Bazaar\u2019\u0131n Nisan say\u0131s\u0131 i\u00e7in kaleme ald\u0131.\",\"breadcrumb\":{\"@id\":\"https:\/\/julesverne.com.tr\/haberler\/harpers-bazaar-da-bu-ay-ayse-yagci-nin-kaleminden-iskocya\/#breadcrumb\"},\"inLanguage\":\"en-US\",\"potentialAction\":[{\"@type\":\"ReadAction\",\"target\":[\"https:\/\/julesverne.com.tr\/haberler\/harpers-bazaar-da-bu-ay-ayse-yagci-nin-kaleminden-iskocya\/\"]}]},{\"@type\":\"ImageObject\",\"inLanguage\":\"en-US\",\"@id\":\"https:\/\/julesverne.com.tr\/haberler\/harpers-bazaar-da-bu-ay-ayse-yagci-nin-kaleminden-iskocya\/#primaryimage\",\"url\":\"https:\/\/julesverne.com.tr\/wp-content\/uploads\/2025\/04\/Cameron-House-and-Loch.jpg\",\"contentUrl\":\"https:\/\/julesverne.com.tr\/wp-content\/uploads\/2025\/04\/Cameron-House-and-Loch.jpg\",\"width\":1500,\"height\":843,\"caption\":\"default\"},{\"@type\":\"BreadcrumbList\",\"@id\":\"https:\/\/julesverne.com.tr\/haberler\/harpers-bazaar-da-bu-ay-ayse-yagci-nin-kaleminden-iskocya\/#breadcrumb\",\"itemListElement\":[{\"@type\":\"ListItem\",\"position\":1,\"name\":\"Anasayfa\",\"item\":\"https:\/\/julesverne.com.tr\/\"},{\"@type\":\"ListItem\",\"position\":2,\"name\":\"Harper&#8217;s Bazaar&#8217;da Bu Ay: Ay\u015fe Ya\u011fc\u0131&#8217;n\u0131n Kaleminden Do\u011fan\u0131n E\u015fsiz Yans\u0131mas\u0131 \u0130sko\u00e7ya\"}]},{\"@type\":\"WebSite\",\"@id\":\"https:\/\/julesverne.com.tr\/#website\",\"url\":\"https:\/\/julesverne.com.tr\/\",\"name\":\"JULES VERNE BUSINESS MICE TRAVEL\",\"description\":\"\",\"publisher\":{\"@id\":\"https:\/\/julesverne.com.tr\/#organization\"},\"potentialAction\":[{\"@type\":\"SearchAction\",\"target\":{\"@type\":\"EntryPoint\",\"urlTemplate\":\"https:\/\/julesverne.com.tr\/?s={search_term_string}\"},\"query-input\":\"required name=search_term_string\"}],\"inLanguage\":\"en-US\"},{\"@type\":\"Organization\",\"@id\":\"https:\/\/julesverne.com.tr\/#organization\",\"name\":\"JULES VERNE BUSINESS MICE TRAVEL\",\"url\":\"https:\/\/julesverne.com.tr\/\",\"logo\":{\"@type\":\"ImageObject\",\"inLanguage\":\"en-US\",\"@id\":\"https:\/\/julesverne.com.tr\/#\/schema\/logo\/image\/\",\"url\":\"https:\/\/julesverne.com.tr\/wp-content\/uploads\/2020\/09\/jv-bmt-logo.png\",\"contentUrl\":\"https:\/\/julesverne.com.tr\/wp-content\/uploads\/2020\/09\/jv-bmt-logo.png\",\"width\":110,\"height\":81,\"caption\":\"JULES VERNE BUSINESS MICE TRAVEL\"},\"image\":{\"@id\":\"https:\/\/julesverne.com.tr\/#\/schema\/logo\/image\/\"},\"sameAs\":[\"https:\/\/www.facebook.com\/JulesVerneBusinessMiceTravel\/\",\"https:\/\/twitter.com\/JV_BusinessMice\",\"https:\/\/www.instagram.com\/julesvernebusinessmicetravel\/\",\"https:\/\/www.linkedin.com\/company\/julesvernebusinessmicetravel\/\",\"https:\/\/www.youtube.com\/channel\/UCAwdsmbZ6tFhu1tea6pkpiw\"]},{\"@type\":\"Person\",\"@id\":\"https:\/\/julesverne.com.tr\/#\/schema\/person\/219931edfe2e7d9cbbcbabb8a7e4c7f4\",\"name\":\"Ebru Alt\u0131n\",\"url\":\"https:\/\/julesverne.com.tr\/en\/author\/ebru-altin\/\"}]}<\/script>\n<!-- \/ Yoast SEO plugin. -->","yoast_head_json":{"title":"[:tr]Harper's Bazaar'da Bu Ay: Ay\u015fe Ya\u011fc\u0131'n\u0131n Kaleminden Do\u011fan\u0131n E\u015fsiz Yans\u0131mas\u0131 \u0130sko\u00e7ya [:] - JULES VERNE BUSINESS MICE TRAVEL","description":"Jules Verne Business Mice Travel Kurucusu ve Genel M\u00fcd\u00fcr\u00fc Ay\u015fe Ya\u011fc\u0131 B\u00fcy\u00fckp\u0131nar, zamans\u0131z g\u00fczelli\u011fi ve tarihi miras\u0131 ile her ziyaret\u00e7isini kendine a\u015f\u0131k eden \u0130sko\u00e7ya\u2019y\u0131 Harper\u2019s Bazaar\u2019\u0131n Nisan say\u0131s\u0131 i\u00e7in kaleme ald\u0131.","robots":{"index":"index","follow":"follow","max-snippet":"max-snippet:-1","max-image-preview":"max-image-preview:large","max-video-preview":"max-video-preview:-1"},"canonical":"https:\/\/julesverne.com.tr\/haberler\/harpers-bazaar-da-bu-ay-ayse-yagci-nin-kaleminden-iskocya\/","og_locale":"en_US","og_type":"article","og_title":"[:tr]Harper's Bazaar'da Bu Ay: Ay\u015fe Ya\u011fc\u0131'n\u0131n Kaleminden Do\u011fan\u0131n E\u015fsiz Yans\u0131mas\u0131 \u0130sko\u00e7ya [:] - JULES VERNE BUSINESS MICE TRAVEL","og_description":"Jules Verne Business Mice Travel Kurucusu ve Genel M\u00fcd\u00fcr\u00fc Ay\u015fe Ya\u011fc\u0131 B\u00fcy\u00fckp\u0131nar, zamans\u0131z g\u00fczelli\u011fi ve tarihi miras\u0131 ile her ziyaret\u00e7isini kendine a\u015f\u0131k eden \u0130sko\u00e7ya\u2019y\u0131 Harper\u2019s Bazaar\u2019\u0131n Nisan say\u0131s\u0131 i\u00e7in kaleme ald\u0131.","og_url":"https:\/\/julesverne.com.tr\/haberler\/harpers-bazaar-da-bu-ay-ayse-yagci-nin-kaleminden-iskocya\/","og_site_name":"JULES VERNE BUSINESS MICE TRAVEL","article_publisher":"https:\/\/www.facebook.com\/JulesVerneBusinessMiceTravel\/","article_published_time":"2025-04-29T08:31:12+00:00","article_modified_time":"2025-06-20T07:50:37+00:00","og_image":[{"width":1500,"height":843,"url":"https:\/\/julesverne.com.tr\/wp-content\/uploads\/2025\/04\/Cameron-House-and-Loch.jpg","type":"image\/jpeg"}],"author":"Ebru Alt\u0131n","twitter_card":"summary_large_image","twitter_creator":"@JV_BusinessMice","twitter_site":"@JV_BusinessMice","twitter_misc":{"Written by":"Ebru Alt\u0131n","Est. reading time":"2 minutes"},"schema":{"@context":"https:\/\/schema.org","@graph":[{"@type":"Article","@id":"https:\/\/julesverne.com.tr\/haberler\/harpers-bazaar-da-bu-ay-ayse-yagci-nin-kaleminden-iskocya\/#article","isPartOf":{"@id":"https:\/\/julesverne.com.tr\/haberler\/harpers-bazaar-da-bu-ay-ayse-yagci-nin-kaleminden-iskocya\/"},"author":{"name":"Ebru Alt\u0131n","@id":"https:\/\/julesverne.com.tr\/#\/schema\/person\/219931edfe2e7d9cbbcbabb8a7e4c7f4"},"headline":"(TR) Harper&#8217;s Bazaar&#8217;da Bu Ay: Ay\u015fe Ya\u011fc\u0131&#8217;n\u0131n Kaleminden Do\u011fan\u0131n E\u015fsiz Yans\u0131mas\u0131 \u0130sko\u00e7ya","datePublished":"2025-04-29T08:31:12+00:00","dateModified":"2025-06-20T07:50:37+00:00","mainEntityOfPage":{"@id":"https:\/\/julesverne.com.tr\/haberler\/harpers-bazaar-da-bu-ay-ayse-yagci-nin-kaleminden-iskocya\/"},"wordCount":182,"publisher":{"@id":"https:\/\/julesverne.com.tr\/#organization"},"image":{"@id":"https:\/\/julesverne.com.tr\/haberler\/harpers-bazaar-da-bu-ay-ayse-yagci-nin-kaleminden-iskocya\/#primaryimage"},"thumbnailUrl":"https:\/\/julesverne.com.tr\/wp-content\/uploads\/2025\/04\/Cameron-House-and-Loch.jpg","keywords":["Ay\u015fe Ya\u011fc\u0131'dan \u0130z B\u0131rakan Rotalar","News","Harper's Bazaar","\u0130lham Veren Destinasyonlar","\u0130sko\u00e7ya","Nereye Gitsek"],"articleSection":["News","Travel Haberler"],"inLanguage":"en-US"},{"@type":"WebPage","@id":"https:\/\/julesverne.com.tr\/haberler\/harpers-bazaar-da-bu-ay-ayse-yagci-nin-kaleminden-iskocya\/","url":"https:\/\/julesverne.com.tr\/haberler\/harpers-bazaar-da-bu-ay-ayse-yagci-nin-kaleminden-iskocya\/","name":"[:tr]Harper's Bazaar'da Bu Ay: Ay\u015fe Ya\u011fc\u0131'n\u0131n Kaleminden Do\u011fan\u0131n E\u015fsiz Yans\u0131mas\u0131 \u0130sko\u00e7ya [:] - JULES VERNE BUSINESS MICE TRAVEL","isPartOf":{"@id":"https:\/\/julesverne.com.tr\/#website"},"primaryImageOfPage":{"@id":"https:\/\/julesverne.com.tr\/haberler\/harpers-bazaar-da-bu-ay-ayse-yagci-nin-kaleminden-iskocya\/#primaryimage"},"image":{"@id":"https:\/\/julesverne.com.tr\/haberler\/harpers-bazaar-da-bu-ay-ayse-yagci-nin-kaleminden-iskocya\/#primaryimage"},"thumbnailUrl":"https:\/\/julesverne.com.tr\/wp-content\/uploads\/2025\/04\/Cameron-House-and-Loch.jpg","datePublished":"2025-04-29T08:31:12+00:00","dateModified":"2025-06-20T07:50:37+00:00","description":"Jules Verne Business Mice Travel Kurucusu ve Genel M\u00fcd\u00fcr\u00fc Ay\u015fe Ya\u011fc\u0131 B\u00fcy\u00fckp\u0131nar, zamans\u0131z g\u00fczelli\u011fi ve tarihi miras\u0131 ile her ziyaret\u00e7isini kendine a\u015f\u0131k eden \u0130sko\u00e7ya\u2019y\u0131 Harper\u2019s Bazaar\u2019\u0131n Nisan say\u0131s\u0131 i\u00e7in kaleme ald\u0131.","breadcrumb":{"@id":"https:\/\/julesverne.com.tr\/haberler\/harpers-bazaar-da-bu-ay-ayse-yagci-nin-kaleminden-iskocya\/#breadcrumb"},"inLanguage":"en-US","potentialAction":[{"@type":"ReadAction","target":["https:\/\/julesverne.com.tr\/haberler\/harpers-bazaar-da-bu-ay-ayse-yagci-nin-kaleminden-iskocya\/"]}]},{"@type":"ImageObject","inLanguage":"en-US","@id":"https:\/\/julesverne.com.tr\/haberler\/harpers-bazaar-da-bu-ay-ayse-yagci-nin-kaleminden-iskocya\/#primaryimage","url":"https:\/\/julesverne.com.tr\/wp-content\/uploads\/2025\/04\/Cameron-House-and-Loch.jpg","contentUrl":"https:\/\/julesverne.com.tr\/wp-content\/uploads\/2025\/04\/Cameron-House-and-Loch.jpg","width":1500,"height":843,"caption":"default"},{"@type":"BreadcrumbList","@id":"https:\/\/julesverne.com.tr\/haberler\/harpers-bazaar-da-bu-ay-ayse-yagci-nin-kaleminden-iskocya\/#breadcrumb","itemListElement":[{"@type":"ListItem","position":1,"name":"Anasayfa","item":"https:\/\/julesverne.com.tr\/"},{"@type":"ListItem","position":2,"name":"Harper&#8217;s Bazaar&#8217;da Bu Ay: Ay\u015fe Ya\u011fc\u0131&#8217;n\u0131n Kaleminden Do\u011fan\u0131n E\u015fsiz Yans\u0131mas\u0131 \u0130sko\u00e7ya"}]},{"@type":"WebSite","@id":"https:\/\/julesverne.com.tr\/#website","url":"https:\/\/julesverne.com.tr\/","name":"JULES VERNE BUSINESS MICE TRAVEL","description":"","publisher":{"@id":"https:\/\/julesverne.com.tr\/#organization"},"potentialAction":[{"@type":"SearchAction","target":{"@type":"EntryPoint","urlTemplate":"https:\/\/julesverne.com.tr\/?s={search_term_string}"},"query-input":"required name=search_term_string"}],"inLanguage":"en-US"},{"@type":"Organization","@id":"https:\/\/julesverne.com.tr\/#organization","name":"JULES VERNE BUSINESS MICE TRAVEL","url":"https:\/\/julesverne.com.tr\/","logo":{"@type":"ImageObject","inLanguage":"en-US","@id":"https:\/\/julesverne.com.tr\/#\/schema\/logo\/image\/","url":"https:\/\/julesverne.com.tr\/wp-content\/uploads\/2020\/09\/jv-bmt-logo.png","contentUrl":"https:\/\/julesverne.com.tr\/wp-content\/uploads\/2020\/09\/jv-bmt-logo.png","width":110,"height":81,"caption":"JULES VERNE BUSINESS MICE TRAVEL"},"image":{"@id":"https:\/\/julesverne.com.tr\/#\/schema\/logo\/image\/"},"sameAs":["https:\/\/www.facebook.com\/JulesVerneBusinessMiceTravel\/","https:\/\/twitter.com\/JV_BusinessMice","https:\/\/www.instagram.com\/julesvernebusinessmicetravel\/","https:\/\/www.linkedin.com\/company\/julesvernebusinessmicetravel\/","https:\/\/www.youtube.com\/channel\/UCAwdsmbZ6tFhu1tea6pkpiw"]},{"@type":"Person","@id":"https:\/\/julesverne.com.tr\/#\/schema\/person\/219931edfe2e7d9cbbcbabb8a7e4c7f4","name":"Ebru Alt\u0131n","url":"https:\/\/julesverne.com.tr\/en\/author\/ebru-altin\/"}]}},"_links":{"self":[{"href":"https:\/\/julesverne.com.tr\/en\/wp-json\/wp\/v2\/posts\/19634"}],"collection":[{"href":"https:\/\/julesverne.com.tr\/en\/wp-json\/wp\/v2\/posts"}],"about":[{"href":"https:\/\/julesverne.com.tr\/en\/wp-json\/wp\/v2\/types\/post"}],"author":[{"embeddable":true,"href":"https:\/\/julesverne.com.tr\/en\/wp-json\/wp\/v2\/users\/10"}],"replies":[{"embeddable":true,"href":"https:\/\/julesverne.com.tr\/en\/wp-json\/wp\/v2\/comments?post=19634"}],"version-history":[{"count":5,"href":"https:\/\/julesverne.com.tr\/en\/wp-json\/wp\/v2\/posts\/19634\/revisions"}],"predecessor-version":[{"id":19689,"href":"https:\/\/julesverne.com.tr\/en\/wp-json\/wp\/v2\/posts\/19634\/revisions\/19689"}],"wp:featuredmedia":[{"embeddable":true,"href":"https:\/\/julesverne.com.tr\/en\/wp-json\/wp\/v2\/media\/19687"}],"wp:attachment":[{"href":"https:\/\/julesverne.com.tr\/en\/wp-json\/wp\/v2\/media?parent=19634"}],"wp:term":[{"taxonomy":"category","embeddable":true,"href":"https:\/\/julesverne.com.tr\/en\/wp-json\/wp\/v2\/categories?post=19634"},{"taxonomy":"post_tag","embeddable":true,"href":"https:\/\/julesverne.com.tr\/en\/wp-json\/wp\/v2\/tags?post=19634"}],"curies":[{"name":"wp","href":"https:\/\/api.w.org\/{rel}","templated":true}]}}