{"id":1962,"date":"2018-08-07T16:13:23","date_gmt":"2018-08-07T13:13:23","guid":{"rendered":"https:\/\/www.julesverne.com.tr\/\/blog\/30-agustos-2-eylul-van-gezi-programi\/"},"modified":"2020-09-21T17:36:12","modified_gmt":"2020-09-21T14:36:12","slug":"30-agustos-2-eylul-van-gezi-programi","status":"publish","type":"post","link":"https:\/\/julesverne.com.tr\/en\/travel-blog\/30-agustos-2-eylul-van-gezi-programi\/","title":{"rendered":"30 A\u011fustos &#8211; 2 Eyl\u00fcl Van Gezi Program\u0131"},"content":{"rendered":"<p><h3 style=\"text-align: center;\"><img loading=\"lazy\" decoding=\"async\" class=\"alignnone size-full wp-image-4503\" src=\"https:\/\/www.julesverne.com.tr\/\/wp-content\/uploads\/2020\/09\/akdamar_adasi-1.jpg\" width=\"1000\" height=\"643\" alt=\"\" srcset=\"https:\/\/julesverne.com.tr\/wp-content\/uploads\/2020\/09\/akdamar_adasi-1.jpg 1000w, https:\/\/julesverne.com.tr\/wp-content\/uploads\/2020\/09\/akdamar_adasi-1-500x322.jpg 500w, https:\/\/julesverne.com.tr\/wp-content\/uploads\/2020\/09\/akdamar_adasi-1-768x494.jpg 768w\" sizes=\"(max-width: 1000px) 100vw, 1000px\" \/><\/h3>\n<h3><strong>&Uuml;cret Bilgisi<\/strong><\/h3>\n<ul>\n<li>\u0130ki Ki\u015filik Oda&rsquo;da Ki\u015fi Ba\u015f\u0131:&nbsp;<strong>1.715 TL&nbsp;<\/strong><\/li>\n<li>Single Konaklama Fark\u0131:&nbsp;&nbsp;<strong>250 TL&nbsp;<\/strong><\/li>\n<\/ul>\n<p><strong>1.G&uuml;n \/ I\u011eDIR &#8211; DO\u011eUBAYAZIT-VAN<\/strong><\/p>\n<p style=\"text-align: center;\"><strong><img loading=\"lazy\" decoding=\"async\" class=\"alignnone size-full wp-image-4504\" src=\"https:\/\/www.julesverne.com.tr\/\/wp-content\/uploads\/2020\/09\/ishak_pasa-3.jpg\" width=\"1000\" height=\"653\" alt=\"\" srcset=\"https:\/\/julesverne.com.tr\/wp-content\/uploads\/2020\/09\/ishak_pasa-3.jpg 1000w, https:\/\/julesverne.com.tr\/wp-content\/uploads\/2020\/09\/ishak_pasa-3-500x327.jpg 500w, https:\/\/julesverne.com.tr\/wp-content\/uploads\/2020\/09\/ishak_pasa-3-768x502.jpg 768w\" sizes=\"(max-width: 1000px) 100vw, 1000px\" \/><\/strong><\/p>\n<ul>\n<li>\u0130stanbul Atat&uuml;rk Havaliman\u0131&#8217;dan 06.10&#8217;da hareket eden u&ccedil;ak ile yakla\u015f\u0131k 2 saat 5 dakikal\u0131k u&ccedil;u\u015f sonras\u0131 08.15&rsquo;de <strong>I\u011fd\u0131r Havaliman\u0131<\/strong>&rsquo;na var\u0131\u015f.<\/li>\n<li>Ara&ccedil; ve rehber ile bulu\u015fma sonras\u0131 <strong>A\u011fr\u0131<\/strong>&#8216;ya hareket.<\/li>\n<li>G&uuml;zel manzaralar e\u015fli\u011finde yakla\u015f\u0131k 1 saat s&uuml;recek yolculuk ile A\u011fr\u0131&rsquo;n\u0131n <strong>Do\u011fubayaz\u0131t<\/strong> il&ccedil;esine var\u0131\u015f.<\/li>\n<li>Burada yap\u0131m\u0131 bir&ccedil;ok efsane ve hikayeye konu olan <strong>\u0130shak Pa\u015fa Saray\u0131<\/strong>&#8216;n\u0131 ziyareti. Osmanl\u0131 d&ouml;neminde A\u011fr\u0131&rsquo;da yap\u0131lan en b&uuml;y&uuml;k ve en &ouml;nemli mimari eser olan \u0130shak Pa\u015fa Saray\u0131, geleneksel T&uuml;rk mimari ve Sel&ccedil;uklu mimarisini yans\u0131t\u0131yor.<\/li>\n<li>Saray\u0131n kar\u015f\u0131s\u0131nda yer alan<strong> Ahmed-i&nbsp; Hani T&uuml;rbesi<\/strong>&#8216;ni de ziyareti.<\/li>\n<li>Saray ve t&uuml;rbe ziyaretlerinin ard\u0131ndan Van d&ouml;n&uuml;\u015f yolu &uuml;zerinde <strong>Muradiye \u015eelalesi<\/strong> ziyareti.<\/li>\n<li>2 saat 30 dakika s&uuml;ren yolculuk sonras\u0131 <strong>Van<\/strong>&#8216;a var\u0131\u015f.<\/li>\n<li>&nbsp;Van Kedilerinin neslinin korunmas\u0131 i&ccedil;in kurulan ve Y&uuml;z&uuml;nc&uuml; Y\u0131l &Uuml;niversitesi&rsquo;nin kamp&uuml;s&uuml;nde yer alan<strong> Van Kedi Evi<\/strong> ziyareti.<\/li>\n<li>Otelde ak\u015fam yeme\u011fi.<\/li>\n<\/ul>\n<p><em><strong>Konaklama:&nbsp; Elite World Van Hotel&nbsp;<\/strong><\/em><\/p>\n<p><strong>2.G&uuml;n \/&nbsp; VAN-&Ccedil;AVU\u015eTEPE-HO\u015eAPTEPE<\/strong>&nbsp;<\/p>\n<p style=\"text-align: center;\"><img loading=\"lazy\" decoding=\"async\" class=\"alignnone size-full wp-image-4505\" src=\"https:\/\/www.julesverne.com.tr\/\/wp-content\/uploads\/2020\/09\/hosap-1.jpg\" width=\"1000\" height=\"665\" alt=\"\" srcset=\"https:\/\/julesverne.com.tr\/wp-content\/uploads\/2020\/09\/hosap-1.jpg 1000w, https:\/\/julesverne.com.tr\/wp-content\/uploads\/2020\/09\/hosap-1-500x333.jpg 500w, https:\/\/julesverne.com.tr\/wp-content\/uploads\/2020\/09\/hosap-1-768x511.jpg 768w\" sizes=\"(max-width: 1000px) 100vw, 1000px\" \/><\/p>\n<ul>\n<li>Otelde al\u0131nacak kahvalt\u0131n\u0131n ard\u0131ndan yakla\u015f\u0131k 40 dakika s&uuml;recek bir yolculuk ile Van&#8217;a 25 km mesafedeki <strong>&Ccedil;avu\u015ftepe Kalesi<\/strong>&#8216;ne var\u0131\u015f. Kale, Urartular d&ouml;neminde Kral II. Sarduri taraf\u0131ndan M&Ouml; 764-734 y\u0131llar\u0131 aras\u0131nda yapt\u0131r\u0131lm\u0131\u015f.<\/li>\n<li>Gezi sonras\u0131 40 km mesafede yakla\u015f\u0131k 45 dakika s&uuml;recek yolculuk ile <strong>Ho\u015fap Kalesi<\/strong> ziyareti. Sarp bir yama&ccedil; &uuml;zerinde bulunan kale 1643 senesinde Mahmud&icirc; beylerinden Sar\u0131 S&uuml;leym&acirc;n taraf\u0131ndan yapt\u0131r\u0131lm\u0131\u015f. Orta&ccedil;a\u011f kalesinde <em>Yukar\u0131 Kale, A\u015fa\u011f\u0131 Kale, B&uuml;y&uuml;k Saray, Antik Tuvalet, Tah\u0131l Depolar\u0131, B&uuml;y&uuml;k Tap\u0131nak<\/em> g&ouml;r&uuml;lecek yerler aras\u0131nda.&nbsp;<\/li>\n<li>Gezilerin ard\u0131ndan Van&rsquo;a d&ouml;n&uuml;\u015f.<\/li>\n<li>Van&#8217;da&nbsp;&ouml;\u011fle yeme\u011fi.<\/li>\n<li><strong>Kilim ve Savat ( G&uuml;m&uuml;\u015f ) At&ouml;lye<\/strong> ziyaretleri. Vanl\u0131 kad\u0131nlar taraf\u0131ndan b&uuml;y&uuml;k emekle &uuml;retilen kilimler b&uuml;y&uuml;k bir &uuml;ne sahip. Kilim at&ouml;lyesinin ard\u0131ndan g&uuml;m&uuml;\u015f tak\u0131lar ve Savat i\u015fi at&ouml;lye ziyareti.<\/li>\n<li>At&ouml;lye gezilerinin ard\u0131ndan <strong>Tu\u015fpa Kalesi<\/strong> ziyareti. Tu\u015fpa ad\u0131yla uzun s&uuml;re Urartu Devleti&#8217;nin ba\u015fkentli\u011fini yapan kale, Urartu kral\u0131 I. Sarduri taraf\u0131ndan M.&Ouml;. 840-825 tarihleri aras\u0131nda kurulmu\u015f. Kaleden g&uuml;nbat\u0131m\u0131 manzaras\u0131 izleyi\u015fi.<\/li>\n<li>Kale ziyareti sonras\u0131 <strong>Van<\/strong>&#8216;a d&ouml;n&uuml;\u015f.<\/li>\n<li>Otelde ak\u015fam yeme\u011fi.<\/li>\n<\/ul>\n<p><em><strong>Konaklama:&nbsp; Elite World&nbsp; Van Hotel&nbsp;<\/strong><\/em><\/p>\n<p><strong>3.G&uuml;n \/ VAN-TATVAN-AHLAT<\/strong><\/p>\n<p style=\"text-align: center;\"><strong><img loading=\"lazy\" decoding=\"async\" class=\"alignnone size-full wp-image-4506\" src=\"https:\/\/www.julesverne.com.tr\/\/wp-content\/uploads\/2020\/09\/van_golu_1-2.jpg\" width=\"1000\" height=\"541\" alt=\"\" srcset=\"https:\/\/julesverne.com.tr\/wp-content\/uploads\/2020\/09\/van_golu_1-2.jpg 1000w, https:\/\/julesverne.com.tr\/wp-content\/uploads\/2020\/09\/van_golu_1-2-500x271.jpg 500w, https:\/\/julesverne.com.tr\/wp-content\/uploads\/2020\/09\/van_golu_1-2-768x415.jpg 768w\" sizes=\"(max-width: 1000px) 100vw, 1000px\" \/><\/strong><\/p>\n<ul>\n<li>Kahvalt\u0131n\u0131n ard\u0131ndan Van G&ouml;l&uuml; ve S&uuml;phan Da\u011f\u0131 manzaralar\u0131 e\u015fli\u011finde yakla\u015f\u0131k 1 saat 45 dakika s&uuml;recek yolculuk ile <strong>Tatvan<\/strong>&rsquo;a gidi\u015f.<\/li>\n<li>Tatvan&rsquo;da ara&ccedil; de\u011fi\u015ftirip k&uuml;&ccedil;&uuml;k minib&uuml;slere bindikten sonra <strong>Nemrut Da\u011f\u0131 Krater G&ouml;l&uuml;<\/strong> yolculu\u011fu.<\/li>\n<li>G&ouml;l ziyaretinin ar\u0131ndan <strong>Tatvan<\/strong>&rsquo;da&nbsp;&ouml;\u011fle yeme\u011fi.<\/li>\n<li>Yemek sonras\u0131 yakla\u015f\u0131k 1 saat s&uuml;recek yolculuk sonras\u0131 <strong>Ahlat<\/strong>&rsquo;a var\u0131\u015f.&nbsp;<\/li>\n<li>Ahlat&#8217;ta <strong>Sel&ccedil;uklu Mezarl\u0131\u011f\u0131, &Ccedil;ifte K&uuml;mbetler, Ulu K&uuml;mbet ve Emir Bay\u0131nd\u0131r K&uuml;mbeti<\/strong> ziyaretleri.<\/li>\n<li>Van&#8217;a d&ouml;n&uuml;\u015f.<\/li>\n<li>Otelde Ak\u015fam yeme\u011fi.<\/li>\n<\/ul>\n<p><em><strong>Konaklama:&nbsp; Elite World Van Hotel&nbsp;<\/strong><\/em><\/p>\n<p><strong>4. G&uuml;n&nbsp; \/ AHDAMAR-GEVA\u015e-VAN-\u0130STANBUL<\/strong><\/p>\n<p style=\"text-align: center;\"><strong><img loading=\"lazy\" decoding=\"async\" class=\"alignnone size-full wp-image-4507\" src=\"https:\/\/www.julesverne.com.tr\/\/wp-content\/uploads\/2020\/09\/akdamar.jpg\" width=\"500\" height=\"320\" alt=\"\" \/><\/strong><\/p>\n<ul>\n<li>Kahvalt\u0131n\u0131n ard\u0131ndan yakla\u015f\u0131k 1 saat s&uuml;recek yolculuk ile <strong>Geva\u015f<\/strong>&rsquo;a yolculuk.<\/li>\n<li>Geva\u015f&#8217;ta <strong>Halime Hatun T&uuml;rbesi<\/strong> ve <strong>Sel&ccedil;uklu Mezarl\u0131\u011f\u0131<\/strong> ziyaretleri.<\/li>\n<li>Ziyaret sonras\u0131 30 dakika s&uuml;recek tekne yolculu\u011fu ile <strong>Akdamar Adas\u0131<\/strong>&#8216;na var\u0131\u015f.<\/li>\n<li>Adan\u0131n sembol&uuml; olan <strong>Akdamar Kilisesi<\/strong>, Kutsal Ha&ccedil; ad\u0131na Vaspurakan Kral\u0131 I. Gagik taraf\u0131ndan 915-921 y\u0131llar\u0131 aras\u0131nda Ke\u015fi\u015f Manuel&#8217;e yapt\u0131r\u0131lm\u0131\u015f.&nbsp;<\/li>\n<li>Kilise ziyareti sonras\u0131 yine tekne ile <strong>Geva\u015f<\/strong>&rsquo;a d&ouml;n&uuml;\u015f.&nbsp;<\/li>\n<li>&Ouml;\u011fle yeme\u011finin&nbsp;ard\u0131ndan &ccedil;ar\u015f\u0131 gezileri i&ccedil;in serbest zaman.<\/li>\n<li>&Ccedil;ar\u015f\u0131 gezisinin ard\u0131ndan <strong>Van Havaliman\u0131<\/strong>&#8216;na gidi\u015f. T&uuml;rk Havayollar\u0131&rsquo;n\u0131n TK 2751 seferi ile saat 18:40&rsquo;da hareket edecek u&ccedil;ak ile saat 21.05&rsquo;de \u0130stanbul&rsquo;a var\u0131\u015f.<\/li>\n<\/ul>\n<h3><strong>&Uuml;crete Dahil Olan Hizmetler<\/strong><\/h3>\n<ul>\n<li>Elite World&nbsp; Van otelinde 3 gece yar\u0131m pansiyon konaklama&nbsp;<\/li>\n<li>Programda belirtilen t&uuml;m transferler&nbsp;<\/li>\n<li>4 &Ouml;\u011fle yeme\u011fi&nbsp;<\/li>\n<li>N&uuml;khet Everi dan\u0131\u015fmanl\u0131\u011f\u0131&nbsp;<\/li>\n<li>Nemrut Krater g&ouml;l&uuml;ne k&uuml;&ccedil;&uuml;k ara&ccedil; ile gidi\u015f<\/li>\n<li>Akdamar &lsquo;a tekne ile gidi\u015f.&nbsp;<\/li>\n<li>M&uuml;ze ve &ouml;ren yeri giri\u015f &uuml;cretleri<\/li>\n<li>Seyahat sigortas\u0131<\/li>\n<\/ul>\n<h3><strong>&Uuml;crete Dahil Olmayan Hizmetler<\/strong><\/h3>\n<ul>\n<li>T&uuml;rk Hava Yollar\u0131 ile \u0130stanbul&nbsp; &#8211; I\u011fd\u0131r u&ccedil;ak bileti<\/li>\n<li>T&uuml;rk Hava Yollar\u0131 ile Van &ndash;\u0130stanbul u&ccedil;ak bileti<\/li>\n<li>&Ouml;\u011fle ve ak\u015fam yemeklerindeki i&ccedil;ecekler<\/li>\n<li>\u015eahsi harcamalar&nbsp;\n<\/li>\n<\/ul>\n<p style=\"text-align: center;\"><strong>Detayl\u0131 Program Bilgisi ve Rezervasyon i&ccedil;in:<br \/><\/strong><strong><a href=\"mailto:travel@julesverne.com.tr%20\" target=\"_blank\" rel=\"noopener noreferrer\">travel@julesverne.com.tr&nbsp;<\/a><br \/><\/strong><strong>0212 266 6363 &#8211; 137<\/strong><\/p><\/p>\n","protected":false},"excerpt":{"rendered":"<p>30 A\u011fustos &#8211; 2 Eyl&uuml;l tarihlerinde N&uuml;khet Everi ile Do\u011fu Anadolu Hikayeleri&#8230;<\/p>\n","protected":false},"author":1,"featured_media":1963,"comment_status":"closed","ping_status":"closed","sticky":false,"template":"","format":"standard","meta":{"inline_featured_image":false,"footnotes":""},"categories":[1],"tags":[],"acf":[],"yoast_head":"<!-- This site is optimized with the Yoast SEO plugin v22.3 - https:\/\/yoast.com\/wordpress\/plugins\/seo\/ -->\n<title>30 A\u011fustos - 2 Eyl\u00fcl Van Gezi Program\u0131 - JULES VERNE BUSINESS MICE TRAVEL<\/title>\n<meta name=\"robots\" content=\"index, follow, max-snippet:-1, max-image-preview:large, max-video-preview:-1\" \/>\n<link rel=\"canonical\" href=\"https:\/\/julesverne.com.tr\/travel-blog\/30-agustos-2-eylul-van-gezi-programi\/\" \/>\n<meta property=\"og:locale\" content=\"en_US\" \/>\n<meta property=\"og:type\" content=\"article\" \/>\n<meta property=\"og:title\" content=\"30 A\u011fustos - 2 Eyl\u00fcl Van Gezi Program\u0131 - JULES VERNE BUSINESS MICE TRAVEL\" \/>\n<meta property=\"og:description\" content=\"30 A\u011fustos - 2 Eyl&uuml;l tarihlerinde N&uuml;khet Everi ile Do\u011fu Anadolu Hikayeleri...\" \/>\n<meta property=\"og:url\" content=\"https:\/\/julesverne.com.tr\/travel-blog\/30-agustos-2-eylul-van-gezi-programi\/\" \/>\n<meta property=\"og:site_name\" content=\"JULES VERNE BUSINESS MICE TRAVEL\" \/>\n<meta property=\"article:publisher\" content=\"https:\/\/www.facebook.com\/JulesVerneBusinessMiceTravel\/\" \/>\n<meta property=\"article:published_time\" content=\"2018-08-07T13:13:23+00:00\" \/>\n<meta property=\"article:modified_time\" content=\"2020-09-21T14:36:12+00:00\" \/>\n<meta property=\"og:image\" content=\"https:\/\/julesverne.com.tr\/wp-content\/uploads\/2020\/09\/ishak_pasa.jpg\" \/>\n\t<meta property=\"og:image:width\" content=\"1000\" \/>\n\t<meta property=\"og:image:height\" content=\"653\" \/>\n\t<meta property=\"og:image:type\" content=\"image\/jpeg\" \/>\n<meta name=\"author\" content=\"fikirman\" \/>\n<meta name=\"twitter:card\" content=\"summary_large_image\" \/>\n<meta name=\"twitter:creator\" content=\"@JV_BusinessMice\" \/>\n<meta name=\"twitter:site\" content=\"@JV_BusinessMice\" \/>\n<meta name=\"twitter:label1\" content=\"Written by\" \/>\n\t<meta name=\"twitter:data1\" content=\"fikirman\" \/>\n\t<meta name=\"twitter:label2\" content=\"Est. reading time\" \/>\n\t<meta name=\"twitter:data2\" content=\"5 minutes\" \/>\n<script type=\"application\/ld+json\" class=\"yoast-schema-graph\">{\"@context\":\"https:\/\/schema.org\",\"@graph\":[{\"@type\":\"Article\",\"@id\":\"https:\/\/julesverne.com.tr\/travel-blog\/30-agustos-2-eylul-van-gezi-programi\/#article\",\"isPartOf\":{\"@id\":\"https:\/\/julesverne.com.tr\/travel-blog\/30-agustos-2-eylul-van-gezi-programi\/\"},\"author\":{\"name\":\"fikirman\",\"@id\":\"https:\/\/julesverne.com.tr\/#\/schema\/person\/f4eb0514ae455538644c31b99a466fdb\"},\"headline\":\"30 A\u011fustos &#8211; 2 Eyl\u00fcl Van Gezi Program\u0131\",\"datePublished\":\"2018-08-07T13:13:23+00:00\",\"dateModified\":\"2020-09-21T14:36:12+00:00\",\"mainEntityOfPage\":{\"@id\":\"https:\/\/julesverne.com.tr\/travel-blog\/30-agustos-2-eylul-van-gezi-programi\/\"},\"wordCount\":927,\"publisher\":{\"@id\":\"https:\/\/julesverne.com.tr\/#organization\"},\"image\":{\"@id\":\"https:\/\/julesverne.com.tr\/travel-blog\/30-agustos-2-eylul-van-gezi-programi\/#primaryimage\"},\"thumbnailUrl\":\"https:\/\/julesverne.com.tr\/wp-content\/uploads\/2020\/09\/ishak_pasa.jpg\",\"articleSection\":[\"Blog\"],\"inLanguage\":\"en-US\"},{\"@type\":\"WebPage\",\"@id\":\"https:\/\/julesverne.com.tr\/travel-blog\/30-agustos-2-eylul-van-gezi-programi\/\",\"url\":\"https:\/\/julesverne.com.tr\/travel-blog\/30-agustos-2-eylul-van-gezi-programi\/\",\"name\":\"30 A\u011fustos - 2 Eyl\u00fcl Van Gezi Program\u0131 - JULES VERNE BUSINESS MICE TRAVEL\",\"isPartOf\":{\"@id\":\"https:\/\/julesverne.com.tr\/#website\"},\"primaryImageOfPage\":{\"@id\":\"https:\/\/julesverne.com.tr\/travel-blog\/30-agustos-2-eylul-van-gezi-programi\/#primaryimage\"},\"image\":{\"@id\":\"https:\/\/julesverne.com.tr\/travel-blog\/30-agustos-2-eylul-van-gezi-programi\/#primaryimage\"},\"thumbnailUrl\":\"https:\/\/julesverne.com.tr\/wp-content\/uploads\/2020\/09\/ishak_pasa.jpg\",\"datePublished\":\"2018-08-07T13:13:23+00:00\",\"dateModified\":\"2020-09-21T14:36:12+00:00\",\"breadcrumb\":{\"@id\":\"https:\/\/julesverne.com.tr\/travel-blog\/30-agustos-2-eylul-van-gezi-programi\/#breadcrumb\"},\"inLanguage\":\"en-US\",\"potentialAction\":[{\"@type\":\"ReadAction\",\"target\":[\"https:\/\/julesverne.com.tr\/travel-blog\/30-agustos-2-eylul-van-gezi-programi\/\"]}]},{\"@type\":\"ImageObject\",\"inLanguage\":\"en-US\",\"@id\":\"https:\/\/julesverne.com.tr\/travel-blog\/30-agustos-2-eylul-van-gezi-programi\/#primaryimage\",\"url\":\"https:\/\/julesverne.com.tr\/wp-content\/uploads\/2020\/09\/ishak_pasa.jpg\",\"contentUrl\":\"https:\/\/julesverne.com.tr\/wp-content\/uploads\/2020\/09\/ishak_pasa.jpg\",\"width\":1000,\"height\":653},{\"@type\":\"BreadcrumbList\",\"@id\":\"https:\/\/julesverne.com.tr\/travel-blog\/30-agustos-2-eylul-van-gezi-programi\/#breadcrumb\",\"itemListElement\":[{\"@type\":\"ListItem\",\"position\":1,\"name\":\"Anasayfa\",\"item\":\"https:\/\/julesverne.com.tr\/\"},{\"@type\":\"ListItem\",\"position\":2,\"name\":\"30 A\u011fustos &#8211; 2 Eyl\u00fcl Van Gezi Program\u0131\"}]},{\"@type\":\"WebSite\",\"@id\":\"https:\/\/julesverne.com.tr\/#website\",\"url\":\"https:\/\/julesverne.com.tr\/\",\"name\":\"JULES VERNE BUSINESS MICE TRAVEL\",\"description\":\"\",\"publisher\":{\"@id\":\"https:\/\/julesverne.com.tr\/#organization\"},\"potentialAction\":[{\"@type\":\"SearchAction\",\"target\":{\"@type\":\"EntryPoint\",\"urlTemplate\":\"https:\/\/julesverne.com.tr\/?s={search_term_string}\"},\"query-input\":\"required name=search_term_string\"}],\"inLanguage\":\"en-US\"},{\"@type\":\"Organization\",\"@id\":\"https:\/\/julesverne.com.tr\/#organization\",\"name\":\"JULES VERNE BUSINESS MICE TRAVEL\",\"url\":\"https:\/\/julesverne.com.tr\/\",\"logo\":{\"@type\":\"ImageObject\",\"inLanguage\":\"en-US\",\"@id\":\"https:\/\/julesverne.com.tr\/#\/schema\/logo\/image\/\",\"url\":\"https:\/\/julesverne.com.tr\/wp-content\/uploads\/2020\/09\/jv-bmt-logo.png\",\"contentUrl\":\"https:\/\/julesverne.com.tr\/wp-content\/uploads\/2020\/09\/jv-bmt-logo.png\",\"width\":110,\"height\":81,\"caption\":\"JULES VERNE BUSINESS MICE TRAVEL\"},\"image\":{\"@id\":\"https:\/\/julesverne.com.tr\/#\/schema\/logo\/image\/\"},\"sameAs\":[\"https:\/\/www.facebook.com\/JulesVerneBusinessMiceTravel\/\",\"https:\/\/twitter.com\/JV_BusinessMice\",\"https:\/\/www.instagram.com\/julesvernebusinessmicetravel\/\",\"https:\/\/www.linkedin.com\/company\/julesvernebusinessmicetravel\/\",\"https:\/\/www.youtube.com\/channel\/UCAwdsmbZ6tFhu1tea6pkpiw\"]},{\"@type\":\"Person\",\"@id\":\"https:\/\/julesverne.com.tr\/#\/schema\/person\/f4eb0514ae455538644c31b99a466fdb\",\"name\":\"fikirman\",\"sameAs\":[\"http:\/\/advermedya.net\/julesverne\"],\"url\":\"https:\/\/julesverne.com.tr\/en\/author\/fikirman\/\"}]}<\/script>\n<!-- \/ Yoast SEO plugin. -->","yoast_head_json":{"title":"30 A\u011fustos - 2 Eyl\u00fcl Van Gezi Program\u0131 - JULES VERNE BUSINESS MICE TRAVEL","robots":{"index":"index","follow":"follow","max-snippet":"max-snippet:-1","max-image-preview":"max-image-preview:large","max-video-preview":"max-video-preview:-1"},"canonical":"https:\/\/julesverne.com.tr\/travel-blog\/30-agustos-2-eylul-van-gezi-programi\/","og_locale":"en_US","og_type":"article","og_title":"30 A\u011fustos - 2 Eyl\u00fcl Van Gezi Program\u0131 - JULES VERNE BUSINESS MICE TRAVEL","og_description":"30 A\u011fustos - 2 Eyl&uuml;l tarihlerinde N&uuml;khet Everi ile Do\u011fu Anadolu Hikayeleri...","og_url":"https:\/\/julesverne.com.tr\/travel-blog\/30-agustos-2-eylul-van-gezi-programi\/","og_site_name":"JULES VERNE BUSINESS MICE TRAVEL","article_publisher":"https:\/\/www.facebook.com\/JulesVerneBusinessMiceTravel\/","article_published_time":"2018-08-07T13:13:23+00:00","article_modified_time":"2020-09-21T14:36:12+00:00","og_image":[{"width":1000,"height":653,"url":"https:\/\/julesverne.com.tr\/wp-content\/uploads\/2020\/09\/ishak_pasa.jpg","type":"image\/jpeg"}],"author":"fikirman","twitter_card":"summary_large_image","twitter_creator":"@JV_BusinessMice","twitter_site":"@JV_BusinessMice","twitter_misc":{"Written by":"fikirman","Est. reading time":"5 minutes"},"schema":{"@context":"https:\/\/schema.org","@graph":[{"@type":"Article","@id":"https:\/\/julesverne.com.tr\/travel-blog\/30-agustos-2-eylul-van-gezi-programi\/#article","isPartOf":{"@id":"https:\/\/julesverne.com.tr\/travel-blog\/30-agustos-2-eylul-van-gezi-programi\/"},"author":{"name":"fikirman","@id":"https:\/\/julesverne.com.tr\/#\/schema\/person\/f4eb0514ae455538644c31b99a466fdb"},"headline":"30 A\u011fustos &#8211; 2 Eyl\u00fcl Van Gezi Program\u0131","datePublished":"2018-08-07T13:13:23+00:00","dateModified":"2020-09-21T14:36:12+00:00","mainEntityOfPage":{"@id":"https:\/\/julesverne.com.tr\/travel-blog\/30-agustos-2-eylul-van-gezi-programi\/"},"wordCount":927,"publisher":{"@id":"https:\/\/julesverne.com.tr\/#organization"},"image":{"@id":"https:\/\/julesverne.com.tr\/travel-blog\/30-agustos-2-eylul-van-gezi-programi\/#primaryimage"},"thumbnailUrl":"https:\/\/julesverne.com.tr\/wp-content\/uploads\/2020\/09\/ishak_pasa.jpg","articleSection":["Blog"],"inLanguage":"en-US"},{"@type":"WebPage","@id":"https:\/\/julesverne.com.tr\/travel-blog\/30-agustos-2-eylul-van-gezi-programi\/","url":"https:\/\/julesverne.com.tr\/travel-blog\/30-agustos-2-eylul-van-gezi-programi\/","name":"30 A\u011fustos - 2 Eyl\u00fcl Van Gezi Program\u0131 - JULES VERNE BUSINESS MICE TRAVEL","isPartOf":{"@id":"https:\/\/julesverne.com.tr\/#website"},"primaryImageOfPage":{"@id":"https:\/\/julesverne.com.tr\/travel-blog\/30-agustos-2-eylul-van-gezi-programi\/#primaryimage"},"image":{"@id":"https:\/\/julesverne.com.tr\/travel-blog\/30-agustos-2-eylul-van-gezi-programi\/#primaryimage"},"thumbnailUrl":"https:\/\/julesverne.com.tr\/wp-content\/uploads\/2020\/09\/ishak_pasa.jpg","datePublished":"2018-08-07T13:13:23+00:00","dateModified":"2020-09-21T14:36:12+00:00","breadcrumb":{"@id":"https:\/\/julesverne.com.tr\/travel-blog\/30-agustos-2-eylul-van-gezi-programi\/#breadcrumb"},"inLanguage":"en-US","potentialAction":[{"@type":"ReadAction","target":["https:\/\/julesverne.com.tr\/travel-blog\/30-agustos-2-eylul-van-gezi-programi\/"]}]},{"@type":"ImageObject","inLanguage":"en-US","@id":"https:\/\/julesverne.com.tr\/travel-blog\/30-agustos-2-eylul-van-gezi-programi\/#primaryimage","url":"https:\/\/julesverne.com.tr\/wp-content\/uploads\/2020\/09\/ishak_pasa.jpg","contentUrl":"https:\/\/julesverne.com.tr\/wp-content\/uploads\/2020\/09\/ishak_pasa.jpg","width":1000,"height":653},{"@type":"BreadcrumbList","@id":"https:\/\/julesverne.com.tr\/travel-blog\/30-agustos-2-eylul-van-gezi-programi\/#breadcrumb","itemListElement":[{"@type":"ListItem","position":1,"name":"Anasayfa","item":"https:\/\/julesverne.com.tr\/"},{"@type":"ListItem","position":2,"name":"30 A\u011fustos &#8211; 2 Eyl\u00fcl Van Gezi Program\u0131"}]},{"@type":"WebSite","@id":"https:\/\/julesverne.com.tr\/#website","url":"https:\/\/julesverne.com.tr\/","name":"JULES VERNE BUSINESS MICE TRAVEL","description":"","publisher":{"@id":"https:\/\/julesverne.com.tr\/#organization"},"potentialAction":[{"@type":"SearchAction","target":{"@type":"EntryPoint","urlTemplate":"https:\/\/julesverne.com.tr\/?s={search_term_string}"},"query-input":"required name=search_term_string"}],"inLanguage":"en-US"},{"@type":"Organization","@id":"https:\/\/julesverne.com.tr\/#organization","name":"JULES VERNE BUSINESS MICE TRAVEL","url":"https:\/\/julesverne.com.tr\/","logo":{"@type":"ImageObject","inLanguage":"en-US","@id":"https:\/\/julesverne.com.tr\/#\/schema\/logo\/image\/","url":"https:\/\/julesverne.com.tr\/wp-content\/uploads\/2020\/09\/jv-bmt-logo.png","contentUrl":"https:\/\/julesverne.com.tr\/wp-content\/uploads\/2020\/09\/jv-bmt-logo.png","width":110,"height":81,"caption":"JULES VERNE BUSINESS MICE TRAVEL"},"image":{"@id":"https:\/\/julesverne.com.tr\/#\/schema\/logo\/image\/"},"sameAs":["https:\/\/www.facebook.com\/JulesVerneBusinessMiceTravel\/","https:\/\/twitter.com\/JV_BusinessMice","https:\/\/www.instagram.com\/julesvernebusinessmicetravel\/","https:\/\/www.linkedin.com\/company\/julesvernebusinessmicetravel\/","https:\/\/www.youtube.com\/channel\/UCAwdsmbZ6tFhu1tea6pkpiw"]},{"@type":"Person","@id":"https:\/\/julesverne.com.tr\/#\/schema\/person\/f4eb0514ae455538644c31b99a466fdb","name":"fikirman","sameAs":["http:\/\/advermedya.net\/julesverne"],"url":"https:\/\/julesverne.com.tr\/en\/author\/fikirman\/"}]}},"_links":{"self":[{"href":"https:\/\/julesverne.com.tr\/en\/wp-json\/wp\/v2\/posts\/1962"}],"collection":[{"href":"https:\/\/julesverne.com.tr\/en\/wp-json\/wp\/v2\/posts"}],"about":[{"href":"https:\/\/julesverne.com.tr\/en\/wp-json\/wp\/v2\/types\/post"}],"author":[{"embeddable":true,"href":"https:\/\/julesverne.com.tr\/en\/wp-json\/wp\/v2\/users\/1"}],"replies":[{"embeddable":true,"href":"https:\/\/julesverne.com.tr\/en\/wp-json\/wp\/v2\/comments?post=1962"}],"version-history":[{"count":0,"href":"https:\/\/julesverne.com.tr\/en\/wp-json\/wp\/v2\/posts\/1962\/revisions"}],"wp:featuredmedia":[{"embeddable":true,"href":"https:\/\/julesverne.com.tr\/en\/wp-json\/wp\/v2\/media\/1963"}],"wp:attachment":[{"href":"https:\/\/julesverne.com.tr\/en\/wp-json\/wp\/v2\/media?parent=1962"}],"wp:term":[{"taxonomy":"category","embeddable":true,"href":"https:\/\/julesverne.com.tr\/en\/wp-json\/wp\/v2\/categories?post=1962"},{"taxonomy":"post_tag","embeddable":true,"href":"https:\/\/julesverne.com.tr\/en\/wp-json\/wp\/v2\/tags?post=1962"}],"curies":[{"name":"wp","href":"https:\/\/api.w.org\/{rel}","templated":true}]}}