{"id":1954,"date":"2018-07-20T17:08:40","date_gmt":"2018-07-20T14:08:40","guid":{"rendered":"https:\/\/www.julesverne.com.tr\/\/blog\/anadoludan-davet-var-baksi-muzesi-gezi-programi\/"},"modified":"2020-09-21T17:36:14","modified_gmt":"2020-09-21T14:36:14","slug":"anadoludan-davet-var-baksi-muzesi-gezi-programi","status":"publish","type":"post","link":"https:\/\/julesverne.com.tr\/en\/travel-blog\/anadoludan-davet-var-baksi-muzesi-gezi-programi\/","title":{"rendered":"Anadolu&#8217;dan Davet Var: Baks\u0131 M\u00fczesi Gezi Program\u0131"},"content":{"rendered":"<p><h3 style=\"text-align: center;\"><strong><br \/>25&nbsp;&#8211; 27 Eyl&uuml;l 2018<\/p>\n<p><\/strong><\/h3>\n<h4 style=\"text-align: center;\"><strong>&Ccedil;ift Ki\u015filik Oda&rsquo;da Ki\u015fi Ba\u015f\u0131 1.500 TL<\/strong><\/h4>\n<p style=\"text-align: center;\">&nbsp;<strong><img loading=\"lazy\" decoding=\"async\" class=\"alignnone size-full wp-image-4532\" src=\"https:\/\/www.julesverne.com.tr\/\/wp-content\/uploads\/2020\/09\/main-baksi-hakkinda-2.jpg\" width=\"1280\" height=\"600\" alt=\"\" srcset=\"https:\/\/julesverne.com.tr\/wp-content\/uploads\/2020\/09\/main-baksi-hakkinda-2.jpg 1280w, https:\/\/julesverne.com.tr\/wp-content\/uploads\/2020\/09\/main-baksi-hakkinda-2-500x234.jpg 500w, https:\/\/julesverne.com.tr\/wp-content\/uploads\/2020\/09\/main-baksi-hakkinda-2-768x360.jpg 768w\" sizes=\"(max-width: 1280px) 100vw, 1280px\" \/><\/strong><\/p>\n<p class=\"MsoNormal\" style=\"margin-left: 18pt; text-align: left;\"><strong>1. G&uuml;n 25 Eyl&uuml;l Sal\u0131 | \u0130stanbul &ndash; Erzurum &ndash; Bayraktar K&ouml;y&uuml; (Bayburt)<\/strong><\/p>\n<ul>\n<li>Anadolu Jet&rsquo;in TK7400 sefer say\u0131l\u0131 u&ccedil;u\u015fu ile Sabiha G&ouml;k&ccedil;en Havaliman\u0131&rsquo;ndan 09.20 hareket. 1 saat 50 dakika s&uuml;recek yolculu\u011fun ard\u0131ndan 11:10&rsquo;da Erzurum Havaalan\u0131&rsquo;na var\u0131\u015f.<\/li>\n<li>Kar\u015f\u0131lama sonras\u0131 yakla\u015f\u0131k 2 saat 30 dakika s&uuml;recek yolculuk sonras\u0131 Baks\u0131 Konukevi&rsquo;ne var\u0131\u015f.<\/li>\n<li>Ak\u015fam yeme\u011fi Bayburt mutfa\u011f\u0131ndan spesiyaller ile otelde.<\/li>\n<\/ul>\n<p class=\"MsoNormal\" style=\"margin-left: 18pt; text-align: left;\"><!--[endif]--><\/p>\n<p class=\"MsoNormal\" style=\"margin-left: 18pt; text-align: left;\"><strong>2. G&uuml;n 26 Eyl&uuml;l &Ccedil;ar\u015famba | Bayraktar K&ouml;y&uuml; (Bayburt)<\/strong><\/p>\n<ul>\n<li>Sabah kahvalt\u0131s\u0131ndan sonra Baks\u0131 M&uuml;zesi gezisi. Sergi salonlar\u0131, depo m&uuml;ze, at&ouml;lyeler, konferans salonu, k&uuml;t&uuml;phane ve konuk evi ile 40 d&ouml;n&uuml;ml&uuml;k bir araziye yay\u0131lan Baks\u0131 M&uuml;zesi Bayraktar K&ouml;y&uuml;&rsquo;nde, &ccedil;a\u011fda\u015f sanat ve geleneksel el sanatlar\u0131n\u0131 ayn\u0131 &ccedil;at\u0131 alt\u0131nda topluyor. M&uuml;ze gezisi ile birlikte 2014 Avrupa Konseyi &ouml;d&uuml;ll&uuml; m&uuml;zenin tan\u0131t\u0131m filmi izlenecek.<\/li>\n<li>&Ouml;\u011fle yeme\u011fi.<\/li>\n<li>M&uuml;zede dokuma at&ouml;lyeleri gezisi ve dokuma tezgahlar\u0131 ziyareti.<\/li>\n<li>Prof.Dr H&uuml;samettin Ko&ccedil;an Hoca ile Sanat &uuml;zerine sohbet.<\/li>\n<li>Ak\u015fam yeme\u011fi Bayburt mutfa\u011f\u0131ndan spesiyaller ile otelde.<\/li>\n<\/ul>\n<p class=\"MsoNormal\" style=\"margin-left: 18pt; text-align: left;\"><!--[endif]--><\/p>\n<p class=\"MsoNormal\" style=\"margin-left: 18pt; text-align: left;\"><strong>3. G&uuml;n 27 Eyl&uuml;l&nbsp; Per\u015fembe<\/strong> |<strong> Bayraktar K&ouml;y&uuml; (Bayburt) &ndash; Bayburt &ndash; Erzurum &#8211; \u0130stanbul<\/strong><\/p>\n<ul>\n<li>Sabah kahvalt\u0131 sonras\u0131 Huykesen A\u011fac\u0131&rsquo;na y&uuml;r&uuml;y&uuml;\u015f.<\/li>\n<li>Y&uuml;r&uuml;y&uuml;\u015f sonras\u0131 otelden ayr\u0131l\u0131\u015f ve Erzurum&rsquo;a do\u011fru hareket. (Otelden check-out en ge&ccedil; 11:00&rsquo;da yap\u0131lacakt\u0131r.)<\/li>\n<li>Yakla\u015f\u0131k 2 saat 30 dakika s&uuml;recek yolculuk sonras\u0131 Erzurum&rsquo;a var\u0131\u015f.<\/li>\n<li>Erzurum&rsquo;da Me\u015fhur &Ccedil;a\u011f Kebab\u0131 e\u015fli\u011finde &ouml;\u011fle yeme\u011fi sonras\u0131 &Ccedil;ifte Minareli Medrese ve &Uuml;&ccedil; K&uuml;mbetler gezileri.<\/li>\n<li>Erzurum gezisi ard\u0131ndan \u0130stanbul u&ccedil;u\u015fu i&ccedil;in havaalan\u0131na gidi\u015f.<\/li>\n<li>TK2707 seferi say\u0131l\u0131 u&ccedil;u\u015fu ile Erzurum Havaalan\u0131&rsquo;ndan 18.35 hareket. Yakla\u015f\u0131k 2 saat 10 dakika s&uuml;recek yolculuk ile 20:45&rsquo;te Atat&uuml;rk Havaliman\u0131&rsquo;na var\u0131\u015f.<\/li>\n<\/ul>\n<p class=\"MsoNormal\" style=\"margin-left: 18pt; text-align: left;\"><strong>&Uuml;cret Bilgisi<\/strong><\/p>\n<ul>\n<li>\u0130ki Ki\u015filik Odada Ki\u015fi Ba\u015f\u0131:&nbsp; 1.500 TL<\/li>\n<li>Single konaklama fark\u0131:&nbsp;&nbsp; 100 TL<\/li>\n<\/ul>\n<p class=\"MsoNormal\" style=\"margin-left: 18pt; text-align: left;\"><strong>U&ccedil;u\u015f &Ouml;nerisi<\/strong><\/p>\n<ul>\n<li>TK7400 \u0130stanbul Sabiha G&ouml;k&ccedil;en Havaliman\u0131 &#8211; Erzurum Havaalan\u0131 <strong>Kalk\u0131\u015f<\/strong> 09:20 <strong>Var\u0131\u015f<\/strong> 11:10<\/li>\n<li>TK2707 Erzurum Havaalan\u0131 &#8211; \u0130stanbul Atat&uuml;rk Havaliman\u0131 <strong>Kalk\u0131\u015f<\/strong> 18:35 <strong>Var\u0131\u015f<\/strong> 20:40<\/li>\n<\/ul>\n<p class=\"MsoNormal\" style=\"margin-left: 18pt; text-align: left;\"><strong>&Uuml;crete Dahil Olan Hizmetler<\/strong><\/p>\n<ul>\n<li>Baks\u0131 Konuk evinde 2 gece, kahvalt\u0131 dahil konaklama<\/li>\n<li>Programda belirtilen t&uuml;m transferler<\/li>\n<li>3 &Ouml;\u011fle yeme\u011fi<\/li>\n<li>2 Ak\u015fam yeme\u011fi<\/li>\n<li>Rehberlik Hizmeti<\/li>\n<li>Sanat&nbsp;tarih&ccedil;isi Do&ccedil;. Dr.&nbsp;Esra Ali&ccedil;avu\u015fo\u011flu ile m&uuml;ze eserlerinin anlat\u0131m\u0131<\/li>\n<li>M&uuml;ze ve &ouml;ren yeri giri\u015f &uuml;cretleri<\/li>\n<li>Seyahat sigortas\u0131.<\/li>\n<\/ul>\n<p class=\"MsoNormal\" style=\"margin-left: 18pt; text-align: left;\"><strong>&Uuml;crete Dahil Olmayan Hizmeteler<\/strong><\/p>\n<ul>\n<li>Anadolujet ile \u0130stanbul&nbsp; &#8211; Erzurum u&ccedil;ak bileti<\/li>\n<li>T&uuml;rk Hava Yollar\u0131 ile Erzurum &#8211;&nbsp; \u0130stanbul u&ccedil;ak bileti<\/li>\n<li>&Ouml;\u011fle ve ak\u015fam yemeklerinde al\u0131nacak i&ccedil;ecekler<\/li>\n<li>\u015eahsi harcamalar<\/li>\n<\/ul>\n<p class=\"MsoNormal\" style=\"margin-left: 18pt; text-align: left;\"><strong>&Ouml;nemli Bilgiler<\/strong><\/p>\n<ul>\n<li>Gezi, minimum 20 ki\u015finin kat\u0131l\u0131m\u0131yla ger&ccedil;ekle\u015fecektir.\n<\/li>\n<\/ul>\n<p style=\"text-align: center;\"><strong>Detayl\u0131 Program Bilgisi ve Rezervasyon i&ccedil;in:<\/strong><br \/><a href=\"mailto:travel@julesverne.com.tr%20\" target=\"_blank\" rel=\"noopener noreferrer\"><strong>travel@julesverne.com.tr <\/strong><\/a><br \/><strong>0212 266 6363 &#8211; 137<\/strong><\/p><\/p>\n","protected":false},"excerpt":{"rendered":"<p>Da\u011flar\u0131n Ard\u0131ndan Do\u011fan Baks\u0131 M&uuml;zesi&#8217;ne Yolculuk Gezi Program\u0131&#8230;<\/p>\n","protected":false},"author":1,"featured_media":1955,"comment_status":"closed","ping_status":"closed","sticky":false,"template":"","format":"standard","meta":{"inline_featured_image":false,"footnotes":""},"categories":[1],"tags":[],"acf":[],"yoast_head":"<!-- This site is optimized with the Yoast SEO plugin v22.3 - https:\/\/yoast.com\/wordpress\/plugins\/seo\/ -->\n<title>Anadolu&#039;dan Davet Var: Baks\u0131 M\u00fczesi Gezi Program\u0131 - JULES VERNE BUSINESS MICE TRAVEL<\/title>\n<meta name=\"robots\" content=\"index, follow, max-snippet:-1, max-image-preview:large, max-video-preview:-1\" \/>\n<link rel=\"canonical\" href=\"https:\/\/julesverne.com.tr\/travel-blog\/anadoludan-davet-var-baksi-muzesi-gezi-programi\/\" \/>\n<meta property=\"og:locale\" content=\"en_US\" \/>\n<meta property=\"og:type\" content=\"article\" \/>\n<meta property=\"og:title\" content=\"Anadolu&#039;dan Davet Var: Baks\u0131 M\u00fczesi Gezi Program\u0131 - JULES VERNE BUSINESS MICE TRAVEL\" \/>\n<meta property=\"og:description\" content=\"Da\u011flar\u0131n Ard\u0131ndan Do\u011fan Baks\u0131 M&uuml;zesi&#039;ne Yolculuk Gezi Program\u0131...\" \/>\n<meta property=\"og:url\" content=\"https:\/\/julesverne.com.tr\/travel-blog\/anadoludan-davet-var-baksi-muzesi-gezi-programi\/\" \/>\n<meta property=\"og:site_name\" content=\"JULES VERNE BUSINESS MICE TRAVEL\" \/>\n<meta property=\"article:publisher\" content=\"https:\/\/www.facebook.com\/JulesVerneBusinessMiceTravel\/\" \/>\n<meta property=\"article:published_time\" content=\"2018-07-20T14:08:40+00:00\" \/>\n<meta property=\"article:modified_time\" content=\"2020-09-21T14:36:14+00:00\" \/>\n<meta property=\"og:image\" content=\"https:\/\/julesverne.com.tr\/wp-content\/uploads\/2020\/09\/main-baksi-hakkinda-scaled.jpg\" \/>\n\t<meta property=\"og:image:width\" content=\"1600\" \/>\n\t<meta property=\"og:image:height\" content=\"750\" \/>\n\t<meta property=\"og:image:type\" content=\"image\/jpeg\" \/>\n<meta name=\"author\" content=\"fikirman\" \/>\n<meta name=\"twitter:card\" content=\"summary_large_image\" \/>\n<meta name=\"twitter:creator\" content=\"@JV_BusinessMice\" \/>\n<meta name=\"twitter:site\" content=\"@JV_BusinessMice\" \/>\n<meta name=\"twitter:label1\" content=\"Written by\" \/>\n\t<meta name=\"twitter:data1\" content=\"fikirman\" \/>\n\t<meta name=\"twitter:label2\" content=\"Est. reading time\" \/>\n\t<meta name=\"twitter:data2\" content=\"3 minutes\" \/>\n<script type=\"application\/ld+json\" class=\"yoast-schema-graph\">{\"@context\":\"https:\/\/schema.org\",\"@graph\":[{\"@type\":\"Article\",\"@id\":\"https:\/\/julesverne.com.tr\/travel-blog\/anadoludan-davet-var-baksi-muzesi-gezi-programi\/#article\",\"isPartOf\":{\"@id\":\"https:\/\/julesverne.com.tr\/travel-blog\/anadoludan-davet-var-baksi-muzesi-gezi-programi\/\"},\"author\":{\"name\":\"fikirman\",\"@id\":\"https:\/\/julesverne.com.tr\/#\/schema\/person\/f4eb0514ae455538644c31b99a466fdb\"},\"headline\":\"Anadolu&#8217;dan Davet Var: Baks\u0131 M\u00fczesi Gezi Program\u0131\",\"datePublished\":\"2018-07-20T14:08:40+00:00\",\"dateModified\":\"2020-09-21T14:36:14+00:00\",\"mainEntityOfPage\":{\"@id\":\"https:\/\/julesverne.com.tr\/travel-blog\/anadoludan-davet-var-baksi-muzesi-gezi-programi\/\"},\"wordCount\":580,\"publisher\":{\"@id\":\"https:\/\/julesverne.com.tr\/#organization\"},\"image\":{\"@id\":\"https:\/\/julesverne.com.tr\/travel-blog\/anadoludan-davet-var-baksi-muzesi-gezi-programi\/#primaryimage\"},\"thumbnailUrl\":\"https:\/\/julesverne.com.tr\/wp-content\/uploads\/2020\/09\/main-baksi-hakkinda-scaled.jpg\",\"articleSection\":[\"Blog\"],\"inLanguage\":\"en-US\"},{\"@type\":\"WebPage\",\"@id\":\"https:\/\/julesverne.com.tr\/travel-blog\/anadoludan-davet-var-baksi-muzesi-gezi-programi\/\",\"url\":\"https:\/\/julesverne.com.tr\/travel-blog\/anadoludan-davet-var-baksi-muzesi-gezi-programi\/\",\"name\":\"Anadolu'dan Davet Var: Baks\u0131 M\u00fczesi Gezi Program\u0131 - JULES VERNE BUSINESS MICE TRAVEL\",\"isPartOf\":{\"@id\":\"https:\/\/julesverne.com.tr\/#website\"},\"primaryImageOfPage\":{\"@id\":\"https:\/\/julesverne.com.tr\/travel-blog\/anadoludan-davet-var-baksi-muzesi-gezi-programi\/#primaryimage\"},\"image\":{\"@id\":\"https:\/\/julesverne.com.tr\/travel-blog\/anadoludan-davet-var-baksi-muzesi-gezi-programi\/#primaryimage\"},\"thumbnailUrl\":\"https:\/\/julesverne.com.tr\/wp-content\/uploads\/2020\/09\/main-baksi-hakkinda-scaled.jpg\",\"datePublished\":\"2018-07-20T14:08:40+00:00\",\"dateModified\":\"2020-09-21T14:36:14+00:00\",\"breadcrumb\":{\"@id\":\"https:\/\/julesverne.com.tr\/travel-blog\/anadoludan-davet-var-baksi-muzesi-gezi-programi\/#breadcrumb\"},\"inLanguage\":\"en-US\",\"potentialAction\":[{\"@type\":\"ReadAction\",\"target\":[\"https:\/\/julesverne.com.tr\/travel-blog\/anadoludan-davet-var-baksi-muzesi-gezi-programi\/\"]}]},{\"@type\":\"ImageObject\",\"inLanguage\":\"en-US\",\"@id\":\"https:\/\/julesverne.com.tr\/travel-blog\/anadoludan-davet-var-baksi-muzesi-gezi-programi\/#primaryimage\",\"url\":\"https:\/\/julesverne.com.tr\/wp-content\/uploads\/2020\/09\/main-baksi-hakkinda-scaled.jpg\",\"contentUrl\":\"https:\/\/julesverne.com.tr\/wp-content\/uploads\/2020\/09\/main-baksi-hakkinda-scaled.jpg\",\"width\":1600,\"height\":750},{\"@type\":\"BreadcrumbList\",\"@id\":\"https:\/\/julesverne.com.tr\/travel-blog\/anadoludan-davet-var-baksi-muzesi-gezi-programi\/#breadcrumb\",\"itemListElement\":[{\"@type\":\"ListItem\",\"position\":1,\"name\":\"Anasayfa\",\"item\":\"https:\/\/julesverne.com.tr\/\"},{\"@type\":\"ListItem\",\"position\":2,\"name\":\"Anadolu&#8217;dan Davet Var: Baks\u0131 M\u00fczesi Gezi Program\u0131\"}]},{\"@type\":\"WebSite\",\"@id\":\"https:\/\/julesverne.com.tr\/#website\",\"url\":\"https:\/\/julesverne.com.tr\/\",\"name\":\"JULES VERNE BUSINESS MICE TRAVEL\",\"description\":\"\",\"publisher\":{\"@id\":\"https:\/\/julesverne.com.tr\/#organization\"},\"potentialAction\":[{\"@type\":\"SearchAction\",\"target\":{\"@type\":\"EntryPoint\",\"urlTemplate\":\"https:\/\/julesverne.com.tr\/?s={search_term_string}\"},\"query-input\":\"required name=search_term_string\"}],\"inLanguage\":\"en-US\"},{\"@type\":\"Organization\",\"@id\":\"https:\/\/julesverne.com.tr\/#organization\",\"name\":\"JULES VERNE BUSINESS MICE TRAVEL\",\"url\":\"https:\/\/julesverne.com.tr\/\",\"logo\":{\"@type\":\"ImageObject\",\"inLanguage\":\"en-US\",\"@id\":\"https:\/\/julesverne.com.tr\/#\/schema\/logo\/image\/\",\"url\":\"https:\/\/julesverne.com.tr\/wp-content\/uploads\/2020\/09\/jv-bmt-logo.png\",\"contentUrl\":\"https:\/\/julesverne.com.tr\/wp-content\/uploads\/2020\/09\/jv-bmt-logo.png\",\"width\":110,\"height\":81,\"caption\":\"JULES VERNE BUSINESS MICE TRAVEL\"},\"image\":{\"@id\":\"https:\/\/julesverne.com.tr\/#\/schema\/logo\/image\/\"},\"sameAs\":[\"https:\/\/www.facebook.com\/JulesVerneBusinessMiceTravel\/\",\"https:\/\/twitter.com\/JV_BusinessMice\",\"https:\/\/www.instagram.com\/julesvernebusinessmicetravel\/\",\"https:\/\/www.linkedin.com\/company\/julesvernebusinessmicetravel\/\",\"https:\/\/www.youtube.com\/channel\/UCAwdsmbZ6tFhu1tea6pkpiw\"]},{\"@type\":\"Person\",\"@id\":\"https:\/\/julesverne.com.tr\/#\/schema\/person\/f4eb0514ae455538644c31b99a466fdb\",\"name\":\"fikirman\",\"sameAs\":[\"http:\/\/advermedya.net\/julesverne\"],\"url\":\"https:\/\/julesverne.com.tr\/en\/author\/fikirman\/\"}]}<\/script>\n<!-- \/ Yoast SEO plugin. -->","yoast_head_json":{"title":"Anadolu'dan Davet Var: Baks\u0131 M\u00fczesi Gezi Program\u0131 - JULES VERNE BUSINESS MICE TRAVEL","robots":{"index":"index","follow":"follow","max-snippet":"max-snippet:-1","max-image-preview":"max-image-preview:large","max-video-preview":"max-video-preview:-1"},"canonical":"https:\/\/julesverne.com.tr\/travel-blog\/anadoludan-davet-var-baksi-muzesi-gezi-programi\/","og_locale":"en_US","og_type":"article","og_title":"Anadolu'dan Davet Var: Baks\u0131 M\u00fczesi Gezi Program\u0131 - JULES VERNE BUSINESS MICE TRAVEL","og_description":"Da\u011flar\u0131n Ard\u0131ndan Do\u011fan Baks\u0131 M&uuml;zesi'ne Yolculuk Gezi Program\u0131...","og_url":"https:\/\/julesverne.com.tr\/travel-blog\/anadoludan-davet-var-baksi-muzesi-gezi-programi\/","og_site_name":"JULES VERNE BUSINESS MICE TRAVEL","article_publisher":"https:\/\/www.facebook.com\/JulesVerneBusinessMiceTravel\/","article_published_time":"2018-07-20T14:08:40+00:00","article_modified_time":"2020-09-21T14:36:14+00:00","og_image":[{"width":1600,"height":750,"url":"https:\/\/julesverne.com.tr\/wp-content\/uploads\/2020\/09\/main-baksi-hakkinda-scaled.jpg","type":"image\/jpeg"}],"author":"fikirman","twitter_card":"summary_large_image","twitter_creator":"@JV_BusinessMice","twitter_site":"@JV_BusinessMice","twitter_misc":{"Written by":"fikirman","Est. reading time":"3 minutes"},"schema":{"@context":"https:\/\/schema.org","@graph":[{"@type":"Article","@id":"https:\/\/julesverne.com.tr\/travel-blog\/anadoludan-davet-var-baksi-muzesi-gezi-programi\/#article","isPartOf":{"@id":"https:\/\/julesverne.com.tr\/travel-blog\/anadoludan-davet-var-baksi-muzesi-gezi-programi\/"},"author":{"name":"fikirman","@id":"https:\/\/julesverne.com.tr\/#\/schema\/person\/f4eb0514ae455538644c31b99a466fdb"},"headline":"Anadolu&#8217;dan Davet Var: Baks\u0131 M\u00fczesi Gezi Program\u0131","datePublished":"2018-07-20T14:08:40+00:00","dateModified":"2020-09-21T14:36:14+00:00","mainEntityOfPage":{"@id":"https:\/\/julesverne.com.tr\/travel-blog\/anadoludan-davet-var-baksi-muzesi-gezi-programi\/"},"wordCount":580,"publisher":{"@id":"https:\/\/julesverne.com.tr\/#organization"},"image":{"@id":"https:\/\/julesverne.com.tr\/travel-blog\/anadoludan-davet-var-baksi-muzesi-gezi-programi\/#primaryimage"},"thumbnailUrl":"https:\/\/julesverne.com.tr\/wp-content\/uploads\/2020\/09\/main-baksi-hakkinda-scaled.jpg","articleSection":["Blog"],"inLanguage":"en-US"},{"@type":"WebPage","@id":"https:\/\/julesverne.com.tr\/travel-blog\/anadoludan-davet-var-baksi-muzesi-gezi-programi\/","url":"https:\/\/julesverne.com.tr\/travel-blog\/anadoludan-davet-var-baksi-muzesi-gezi-programi\/","name":"Anadolu'dan Davet Var: Baks\u0131 M\u00fczesi Gezi Program\u0131 - JULES VERNE BUSINESS MICE TRAVEL","isPartOf":{"@id":"https:\/\/julesverne.com.tr\/#website"},"primaryImageOfPage":{"@id":"https:\/\/julesverne.com.tr\/travel-blog\/anadoludan-davet-var-baksi-muzesi-gezi-programi\/#primaryimage"},"image":{"@id":"https:\/\/julesverne.com.tr\/travel-blog\/anadoludan-davet-var-baksi-muzesi-gezi-programi\/#primaryimage"},"thumbnailUrl":"https:\/\/julesverne.com.tr\/wp-content\/uploads\/2020\/09\/main-baksi-hakkinda-scaled.jpg","datePublished":"2018-07-20T14:08:40+00:00","dateModified":"2020-09-21T14:36:14+00:00","breadcrumb":{"@id":"https:\/\/julesverne.com.tr\/travel-blog\/anadoludan-davet-var-baksi-muzesi-gezi-programi\/#breadcrumb"},"inLanguage":"en-US","potentialAction":[{"@type":"ReadAction","target":["https:\/\/julesverne.com.tr\/travel-blog\/anadoludan-davet-var-baksi-muzesi-gezi-programi\/"]}]},{"@type":"ImageObject","inLanguage":"en-US","@id":"https:\/\/julesverne.com.tr\/travel-blog\/anadoludan-davet-var-baksi-muzesi-gezi-programi\/#primaryimage","url":"https:\/\/julesverne.com.tr\/wp-content\/uploads\/2020\/09\/main-baksi-hakkinda-scaled.jpg","contentUrl":"https:\/\/julesverne.com.tr\/wp-content\/uploads\/2020\/09\/main-baksi-hakkinda-scaled.jpg","width":1600,"height":750},{"@type":"BreadcrumbList","@id":"https:\/\/julesverne.com.tr\/travel-blog\/anadoludan-davet-var-baksi-muzesi-gezi-programi\/#breadcrumb","itemListElement":[{"@type":"ListItem","position":1,"name":"Anasayfa","item":"https:\/\/julesverne.com.tr\/"},{"@type":"ListItem","position":2,"name":"Anadolu&#8217;dan Davet Var: Baks\u0131 M\u00fczesi Gezi Program\u0131"}]},{"@type":"WebSite","@id":"https:\/\/julesverne.com.tr\/#website","url":"https:\/\/julesverne.com.tr\/","name":"JULES VERNE BUSINESS MICE TRAVEL","description":"","publisher":{"@id":"https:\/\/julesverne.com.tr\/#organization"},"potentialAction":[{"@type":"SearchAction","target":{"@type":"EntryPoint","urlTemplate":"https:\/\/julesverne.com.tr\/?s={search_term_string}"},"query-input":"required name=search_term_string"}],"inLanguage":"en-US"},{"@type":"Organization","@id":"https:\/\/julesverne.com.tr\/#organization","name":"JULES VERNE BUSINESS MICE TRAVEL","url":"https:\/\/julesverne.com.tr\/","logo":{"@type":"ImageObject","inLanguage":"en-US","@id":"https:\/\/julesverne.com.tr\/#\/schema\/logo\/image\/","url":"https:\/\/julesverne.com.tr\/wp-content\/uploads\/2020\/09\/jv-bmt-logo.png","contentUrl":"https:\/\/julesverne.com.tr\/wp-content\/uploads\/2020\/09\/jv-bmt-logo.png","width":110,"height":81,"caption":"JULES VERNE BUSINESS MICE TRAVEL"},"image":{"@id":"https:\/\/julesverne.com.tr\/#\/schema\/logo\/image\/"},"sameAs":["https:\/\/www.facebook.com\/JulesVerneBusinessMiceTravel\/","https:\/\/twitter.com\/JV_BusinessMice","https:\/\/www.instagram.com\/julesvernebusinessmicetravel\/","https:\/\/www.linkedin.com\/company\/julesvernebusinessmicetravel\/","https:\/\/www.youtube.com\/channel\/UCAwdsmbZ6tFhu1tea6pkpiw"]},{"@type":"Person","@id":"https:\/\/julesverne.com.tr\/#\/schema\/person\/f4eb0514ae455538644c31b99a466fdb","name":"fikirman","sameAs":["http:\/\/advermedya.net\/julesverne"],"url":"https:\/\/julesverne.com.tr\/en\/author\/fikirman\/"}]}},"_links":{"self":[{"href":"https:\/\/julesverne.com.tr\/en\/wp-json\/wp\/v2\/posts\/1954"}],"collection":[{"href":"https:\/\/julesverne.com.tr\/en\/wp-json\/wp\/v2\/posts"}],"about":[{"href":"https:\/\/julesverne.com.tr\/en\/wp-json\/wp\/v2\/types\/post"}],"author":[{"embeddable":true,"href":"https:\/\/julesverne.com.tr\/en\/wp-json\/wp\/v2\/users\/1"}],"replies":[{"embeddable":true,"href":"https:\/\/julesverne.com.tr\/en\/wp-json\/wp\/v2\/comments?post=1954"}],"version-history":[{"count":0,"href":"https:\/\/julesverne.com.tr\/en\/wp-json\/wp\/v2\/posts\/1954\/revisions"}],"wp:featuredmedia":[{"embeddable":true,"href":"https:\/\/julesverne.com.tr\/en\/wp-json\/wp\/v2\/media\/1955"}],"wp:attachment":[{"href":"https:\/\/julesverne.com.tr\/en\/wp-json\/wp\/v2\/media?parent=1954"}],"wp:term":[{"taxonomy":"category","embeddable":true,"href":"https:\/\/julesverne.com.tr\/en\/wp-json\/wp\/v2\/categories?post=1954"},{"taxonomy":"post_tag","embeddable":true,"href":"https:\/\/julesverne.com.tr\/en\/wp-json\/wp\/v2\/tags?post=1954"}],"curies":[{"name":"wp","href":"https:\/\/api.w.org\/{rel}","templated":true}]}}