{"id":1952,"date":"2018-07-20T15:24:04","date_gmt":"2018-07-20T12:24:04","guid":{"rendered":"https:\/\/www.julesverne.com.tr\/\/blog\/anadoludan-davet-var-baksi-muzesine-gidiyoruz\/"},"modified":"2020-09-21T17:36:14","modified_gmt":"2020-09-21T14:36:14","slug":"anadoludan-davet-var-baksi-muzesine-gidiyoruz","status":"publish","type":"post","link":"https:\/\/julesverne.com.tr\/en\/travel-blog\/anadoludan-davet-var-baksi-muzesine-gidiyoruz\/","title":{"rendered":"Anadolu&#8217;dan Davet Var: Baks\u0131 M\u00fczesi\u2019ne Gidiyoruz!"},"content":{"rendered":"<p><h3 style=\"text-align: center;\">&nbsp;<strong> 25&nbsp;-27 Eyl&uuml;l 2018<\/strong><\/h3>\n<h3 style=\"text-align: center;\"><span style=\"text-decoration: underline;\"><em>Bayburt &#8211; Baks\u0131 M&uuml;zesi &#8211; Erzurum<\/em><\/span><\/h3>\n<h3 style=\"text-align: center;\"><strong>&Ccedil;ift Ki\u015filik Oda&rsquo;da Ki\u015fi Ba\u015f\u0131 1.500 TL<\/strong><\/h3>\n<h3 style=\"text-align: center;\"><img loading=\"lazy\" decoding=\"async\" class=\"alignnone size-full wp-image-4534\" src=\"https:\/\/www.julesverne.com.tr\/\/wp-content\/uploads\/2020\/09\/baksi-3.jpg\" width=\"1280\" height=\"853\" alt=\"\" srcset=\"https:\/\/julesverne.com.tr\/wp-content\/uploads\/2020\/09\/baksi-3.jpg 1280w, https:\/\/julesverne.com.tr\/wp-content\/uploads\/2020\/09\/baksi-3-500x333.jpg 500w, https:\/\/julesverne.com.tr\/wp-content\/uploads\/2020\/09\/baksi-3-768x512.jpg 768w\" sizes=\"(max-width: 1280px) 100vw, 1280px\" \/><\/h3>\n<h4><a href=\"http:\/\/www.julesverne.com.tr\/bizden-haberler\/anadoludan-davet-var-baksi-muzesi-gezi-programi\" target=\"_blank\" rel=\"noopener noreferrer\"><strong>Do\u011fu Karadeniz&rsquo;de, do\u011fan\u0131n ortas\u0131nda bir sanat ve ya\u015fam mucizesi yaratan Baks\u0131 M&uuml;zesi&rsquo;ne misafir oluyoruz!<\/strong><\/a><\/h4>\n<p style=\"text-align: left;\">&Ccedil;a\u011fda\u015f sanat ve geleneksel el sanatlar\u0131n\u0131 ayn\u0131 &ccedil;at\u0131 alt\u0131nda yan yana, i&ccedil; i&ccedil;e yer veren, 40 d&ouml;n&uuml;ml&uuml;k bir araziye yay\u0131lan Baks\u0131 M&uuml;zesi&#8217;ni, kurucusu sanat&ccedil;\u0131 ve akademisyen <strong>Prof. Dr. H&uuml;samettin Ko&ccedil;an<\/strong> e\u015fli\u011finde<strong> sanat tarih&ccedil;isi Do&ccedil;. Dr. Esra Ali&ccedil;avu\u015fo\u011flu <\/strong>anlat\u0131m\u0131yla&nbsp;ke\u015ffetmeye davetlisiniz!<strong><\/p>\n<p><\/strong><img loading=\"lazy\" decoding=\"async\" class=\"alignnone size-full wp-image-4535\" src=\"https:\/\/www.julesverne.com.tr\/\/wp-content\/uploads\/2020\/09\/baksi-sergi-salonu-04.jpg\" width=\"1280\" height=\"853\" alt=\"\" srcset=\"https:\/\/julesverne.com.tr\/wp-content\/uploads\/2020\/09\/baksi-sergi-salonu-04.jpg 1280w, https:\/\/julesverne.com.tr\/wp-content\/uploads\/2020\/09\/baksi-sergi-salonu-04-500x333.jpg 500w, https:\/\/julesverne.com.tr\/wp-content\/uploads\/2020\/09\/baksi-sergi-salonu-04-768x512.jpg 768w\" sizes=\"(max-width: 1280px) 100vw, 1280px\" \/><\/p>\n<p>&Ccedil;oruh Vadisi&rsquo;ne bakan bir tepenin &uuml;zerinde y&uuml;kselen, bir m&uuml;zeden &ccedil;ok k&ouml;klerine d&ouml;nen bir insan\u0131n hik&acirc;yesini, b&uuml;y&uuml;d&uuml;\u011f&uuml; topraklar\u0131 kalk\u0131nd\u0131rmak isteyen tutkulu bir insan\u0131n ba\u015far\u0131s\u0131n\u0131 anlatan Baks\u0131 M&uuml;zesi&hellip; Sanat&ccedil;\u0131-akademisyen Prof. Dr. H&uuml;samettin Ko&ccedil;an&rsquo;\u0131n k&uuml;&ccedil;&uuml;kl&uuml;\u011f&uuml;nde babas\u0131n\u0131n i\u015ften d&ouml;n&uuml;\u015f&uuml;n&uuml; bekledi\u011fi k&ouml;y&uuml;ne &ldquo;te\u015fekk&uuml;r&rdquo; niteli\u011fi ta\u015f\u0131yan Baks\u0131 M&uuml;zesi ad\u0131n\u0131 da k&ouml;y&uuml;n eski ad\u0131 olan Baks\u0131&rsquo;dan al\u0131yor.<\/p>\n<p style=\"text-align: center;\"><img loading=\"lazy\" decoding=\"async\" class=\"alignnone size-full wp-image-4536\" src=\"https:\/\/www.julesverne.com.tr\/\/wp-content\/uploads\/2020\/09\/konuk-evi-gun-batimi-1.jpg\" width=\"1280\" height=\"720\" alt=\"\" srcset=\"https:\/\/julesverne.com.tr\/wp-content\/uploads\/2020\/09\/konuk-evi-gun-batimi-1.jpg 1280w, https:\/\/julesverne.com.tr\/wp-content\/uploads\/2020\/09\/konuk-evi-gun-batimi-1-500x281.jpg 500w, https:\/\/julesverne.com.tr\/wp-content\/uploads\/2020\/09\/konuk-evi-gun-batimi-1-768x432.jpg 768w, https:\/\/julesverne.com.tr\/wp-content\/uploads\/2020\/09\/konuk-evi-gun-batimi-1-400x225.jpg 400w\" sizes=\"(max-width: 1280px) 100vw, 1280px\" \/><\/p>\n<p><strong>Baks\u0131&#8217;da her an\u0131n\u0131z unutulmaz bir deneyim olacak. &Ouml;zg&uuml;n Bayburt mimarisini yans\u0131tan Baks\u0131 Konukevi&#8217;nde konaklay\u0131p, m&uuml;zenin kurucusu Prof. Dr. H&uuml;samettin Ko&ccedil;an&#8217;dan hikayesini dinleyip, sohbet edip, sanat tarih&ccedil;isi Do&ccedil;. Dr. Esra Ali&ccedil;avu\u015fo\u011flu&nbsp; ile eserleri inceleyip, m&uuml;zenin dokuma tezgah\u0131 at&ouml;lyelerinde denemeler yaparken kendinizi bir filmi ya\u015f\u0131yormu\u015f gibi hissedeceksiniz.<\/strong><\/p>\n<p>Ayr\u0131ca, Baks\u0131 M&uuml;zesi i&ccedil;in Do\u011fu Anadolu topraklar\u0131na ayak basm\u0131\u015fken&nbsp;ticaret yolu &uuml;zerinde &ouml;nemli bir konuma sahip olan&nbsp;<em><strong>Bayburt Kalesi<\/strong><\/em><strong>&rsquo;ni<\/strong>&nbsp;g&ouml;r&uuml;p; Anadolu T&uuml;rk tarihinde ve Milli M&uuml;cadele&#8217;de b&uuml;y&uuml;k de\u011fere sahip olan<strong>&nbsp;Erzurum<\/strong>&rsquo;dan da geri durmuyoruz.<\/p>\n<p style=\"text-align: center;\"><a href=\"..\/..\/bizden-haberler\/baksi-muzesine-yolculuk-gezi-programi\" target=\"_blank\" rel=\"noopener noreferrer\"><strong><img loading=\"lazy\" decoding=\"async\" class=\"alignnone size-full wp-image-4537\" src=\"https:\/\/www.julesverne.com.tr\/\/wp-content\/uploads\/2020\/09\/atolye_gorsel.jpg\" width=\"778\" height=\"284\" alt=\"\" srcset=\"https:\/\/julesverne.com.tr\/wp-content\/uploads\/2020\/09\/atolye_gorsel.jpg 778w, https:\/\/julesverne.com.tr\/wp-content\/uploads\/2020\/09\/atolye_gorsel-500x183.jpg 500w, https:\/\/julesverne.com.tr\/wp-content\/uploads\/2020\/09\/atolye_gorsel-768x280.jpg 768w\" sizes=\"(max-width: 778px) 100vw, 778px\" \/><\/strong><\/a><\/p>\n<p><strong><em>&#8220;Biz burada insanlar\u0131n kendi &uuml;retti\u011fi de\u011ferlerle samimi ili\u015fki kurmas\u0131n\u0131, i&ccedil;selle\u015ftirmesini ve gelecek umudu olmas\u0131n\u0131 istiyoruz.&#8221;<\/em><\/strong> diyerek kurdu\u011fu sanat m&uuml;zesinin felsefesini anlatan sanat&ccedil;\u0131-akademisyen Prof. Dr. H&uuml;samettin Ko&ccedil;an ile Baks\u0131 M&uuml;zesi&#8217;ni gezerken sizler de en az O&#8217;nun kadar buraya ait oldu\u011funuzu d&uuml;\u015f&uuml;neceksiniz.<\/p>\n<p>Baks\u0131 M&uuml;zesi&rsquo;nin felsefesini, m&uuml;zenin yarat\u0131c\u0131s\u0131 Prof. Dr. H&uuml;samettin Ko&ccedil;an&rsquo;dan dinlemek en g&uuml;zeli:<br \/><em><strong>&ldquo;Herkesin gitmek istedi\u011fi bir yere herkesi &ccedil;a\u011f\u0131rma projesidir bu. Yolun bitti\u011fi yerde hayallerin bitmedi\u011fi projedir bu.&rdquo;<\/strong><\/em><\/p>\n<h3><a href=\"http:\/\/www.julesverne.com.tr\/bizden-haberler\/anadoludan-davet-var-baksi-muzesi-gezi-programi\" target=\"_blank\" rel=\"noopener noreferrer\"><strong>Detayl\u0131 Program Bilgisi i&ccedil;in t\u0131klay\u0131n!<\/strong><\/a><\/h3>\n<p><strong>Baks\u0131 M&uuml;zesi&nbsp;<\/strong><\/p>\n<p>Do\u011fu Karadeniz&rsquo;de, Bayburt&rsquo;un 45 km d\u0131\u015f\u0131nda, T&uuml;rkiye&rsquo;de do\u011fan\u0131n tam kalbinde y&uuml;kselen ilk m&uuml;ze &ouml;rne\u011fi&hellip; Bayburt do\u011fumlu sanat&ccedil;\u0131 ve akademisyen Prof. Dr. H&uuml;samettin Ko&ccedil;an&rsquo;\u0131n, do\u011fdu\u011fu topraklara ya\u015fam birikimini ta\u015f\u0131ma ve ya\u015fatma amac\u0131yla temellerini att\u0131\u011f\u0131 Baks\u0131 M&uuml;zesi 2014 Avrupa Konseyi &ouml;d&uuml;l&uuml;yle de &ouml;nemini ve de\u011ferini t&uuml;m d&uuml;nyaya tan\u0131tt\u0131.<\/p>\n<p>Kendini salt bir m&uuml;zeden ziyade b&ouml;lge halk\u0131na imkanlar sa\u011flayan, e\u011fitim imkan\u0131 tan\u0131yan, bu topraklarda ya\u015famay\u0131 mutlulu\u011fa d&ouml;n&uuml;\u015ft&uuml;rmeyi ama&ccedil;layan bir kurulu\u015f. Baks\u0131 M&uuml;zesi&rsquo;ni, sessizli\u011fin ortas\u0131ndaki m&uuml;cevher olarak nitelendirirken sahip oldu\u011fu koleksiyonlarla da her sanatseverin g&ouml;rmesi gereken bir adrese d&ouml;n&uuml;\u015f&uuml;yor. G&uuml;n ge&ccedil;tik&ccedil;e geni\u015fleyen &ccedil;a\u011fda\u015f sanat koleksiyonuyla beraber geleneksel sanatlara ait &ccedil;al\u0131\u015fmalar\u0131yla &ldquo;benzersiz&rdquo; olmay\u0131 ba\u015far\u0131yor.<\/p>\n<p><strong>H&uuml;samettin Ko&ccedil;an<\/strong><\/p>\n<p style=\"text-align: center;\"><strong><img loading=\"lazy\" decoding=\"async\" class=\"alignnone size-full wp-image-4538\" src=\"https:\/\/www.julesverne.com.tr\/\/wp-content\/uploads\/2020\/09\/husamettin_kocan2.jpg\" width=\"750\" height=\"422\" alt=\"\" srcset=\"https:\/\/julesverne.com.tr\/wp-content\/uploads\/2020\/09\/husamettin_kocan2.jpg 750w, https:\/\/julesverne.com.tr\/wp-content\/uploads\/2020\/09\/husamettin_kocan2-500x281.jpg 500w, https:\/\/julesverne.com.tr\/wp-content\/uploads\/2020\/09\/husamettin_kocan2-400x225.jpg 400w\" sizes=\"(max-width: 750px) 100vw, 750px\" \/><\/strong><\/p>\n<p>1946 y\u0131l\u0131nda Bayburt&#8217;da d&uuml;nyaya gelen H&uuml;samettin Ko&ccedil;an Marmara &Uuml;niversitesi G&uuml;zel Sanatlar Fak&uuml;ltesi&#8217;nde uzun y\u0131llar &ouml;\u011fretim &uuml;yesi olarak g&ouml;rev yapt\u0131ktan sonra 1997-2005 y\u0131llar\u0131 aras\u0131nda fak&uuml;ltenin dekanl\u0131\u011f\u0131n\u0131 &uuml;stlendi. Uluslararas\u0131 Plastik Sanat&ccedil;\u0131lar Derne\u011fi&#8217;nin kurucular\u0131 aras\u0131nda yer alan, 1990-95 y\u0131llar\u0131 aras\u0131nda derne\u011fi y&ouml;neteti.1991&#8217;de \u0130stanbul Sanat Fuar\u0131&#8217;n\u0131 kuran ve ayn\u0131 y\u0131l II. Asya-Avrupa Bienali&#8217;nde T&uuml;rkiye Komiseri olan Ko&ccedil;an, Avusturya Salzburg \u015eehri Onur &Ouml;d&uuml;l&uuml; ve Asya Sanat Bienali, Resim B&uuml;y&uuml;k &Ouml;d&uuml;l&uuml;&#8217;n&uuml;n de sahibi.&nbsp; &Ccedil;e\u015fitli resmi davetlerle \u0130ngiltere, Fransa ve Avusturalya&#8217;da ara\u015ft\u0131rmalar yapan, pek &ccedil;ok yar\u0131\u015fman\u0131n se&ccedil;ici kurulunda yer alan H&uuml;samettin Ko&ccedil;an&#8217;\u0131n kat\u0131lm\u0131\u015f oldu\u011fu bir&ccedil;ok karma ve ki\u015fisel sergisi de var. Okan &Uuml;niverstesi&#8217;nde G&ouml;rsel Sanatlar B&ouml;l&uuml;m&uuml; &ouml;\u011fretim &uuml;yeli\u011fi yapan Prof. Dr. H&uuml;samettin Ko&ccedil;an g&uuml;n&uuml;m&uuml;zde m&uuml;ze &ccedil;al\u0131\u015fmalar\u0131n\u0131 s&uuml;rd&uuml;rmeye devam ediyor.&nbsp;<\/p>\n<p><strong>Esra Ali&ccedil;avu\u015fo\u011flu<\/strong><\/p>\n<p style=\"text-align: center;\"><strong><img loading=\"lazy\" decoding=\"async\" class=\"alignnone size-full wp-image-4539\" src=\"https:\/\/www.julesverne.com.tr\/\/wp-content\/uploads\/2020\/09\/esra.jpg\" width=\"800\" height=\"800\" alt=\"\" srcset=\"https:\/\/julesverne.com.tr\/wp-content\/uploads\/2020\/09\/esra.jpg 800w, https:\/\/julesverne.com.tr\/wp-content\/uploads\/2020\/09\/esra-500x500.jpg 500w, https:\/\/julesverne.com.tr\/wp-content\/uploads\/2020\/09\/esra-768x768.jpg 768w\" sizes=\"(max-width: 800px) 100vw, 800px\" \/><\/strong><\/p>\n<p>1996&rsquo;da \u0130stanbul &Uuml;niversitesi Edebiyat Fak&uuml;ltesi Sanat Tarihi B&ouml;l&uuml;m&uuml;&rsquo;nden mezun oldu. Ayn\u0131 kurumda, 1999&rsquo;da y&uuml;ksek lisans\u0131n\u0131; 2005&rsquo;te ise &ldquo;1980 Sonras\u0131 T&uuml;rk Sanat\u0131&rsquo;nda Sanat&ccedil;\u0131n\u0131n Yarat\u0131m\u0131nda Kendilik Temsili&rdquo; ba\u015fl\u0131kl\u0131 tezi ile doktoras\u0131n\u0131 tamamlad\u0131. 2000&rsquo;de University of The Arts London Central Saint Martins&rsquo;de &ldquo;Curatorial Studies&rdquo; alan\u0131nda kurslara kat\u0131ld\u0131. 1996-2002 y\u0131llar\u0131 aras\u0131nda; Cumhuriyet&rsquo;te k&uuml;lt&uuml;r-sanat muhabirli\u011fi, Yap\u0131 Kredi Yay\u0131nlar\u0131 taraf\u0131ndan &ccedil;\u0131kar\u0131lan Sanat D&uuml;nyam\u0131z dergisinde edit&ouml;rl&uuml;k, Tarih Vakf\u0131 \u0130stanbul dergisinde Genel Yay\u0131n Y&ouml;netmeni olarak &ccedil;al\u0131\u015ft\u0131. 2013&rsquo;de Do&ccedil;ent oldu; halen sanat tarihi derslerini verdi\u011fi Marmara &Uuml;niversitesi G&uuml;zel Sanatlar Fak&uuml;ltesi&rsquo;nde &ouml;\u011fretim &uuml;yesi olarak &ccedil;al\u0131\u015fmakta AICA Uluslararas\u0131 Sanat Ele\u015ftirmenleri Derne\u011fi kurucu &uuml;yesi ve AIAS &ndash; International Association of Independent Art and Design Schools&rsquo;da edit&ouml;rl&uuml;k g&ouml;revi bulunmaktad\u0131r. Ali&ccedil;avu\u015fo\u011flu&rsquo;nun ulusal ve uluslararas\u0131 pek &ccedil;ok akademik yay\u0131nda makaleleri ve kitaplar\u0131 yay\u0131nlanm\u0131\u015ft\u0131r.<\/p>\n<p style=\"text-align: center;\"><strong>Detayl\u0131 program bilgisi ve rezervasyon i&ccedil;in:<\/strong><br \/><a href=\"mailto:travel@julesverne.com.tr\" target=\"_blank\" rel=\"noopener noreferrer\"><strong>travel@julesverne.com.tr<\/strong><\/a><br \/><strong>0212 266 6363 &#8211; 137<\/strong><\/p><\/p>\n","protected":false},"excerpt":{"rendered":"<p><strong>25 &#8211; 27&nbsp;Eyl&uuml;l t<\/strong>arihleri aras\u0131nda <strong>Bayburt &ndash; Baks\u0131 M&uuml;zesi &ndash; Erzurum<\/strong>&nbsp;rotas\u0131nda Do\u011fu Anadolu&rsquo;nun binlerce y\u0131ll\u0131k hik&acirc;yelerine ortak olup, do\u011fan\u0131n ortas\u0131nda bir sanat ve ya\u015fam mucizesi yaratan Baks\u0131 M&uuml;zesi&rsquo;ne misafir olaca\u011f\u0131z. M&uuml;zenin kurucusu&nbsp;<strong>H&uuml;samettin Ko&ccedil;an<\/strong>&nbsp;ile sanat &uuml;zerine keyifli bir s&ouml;yle\u015fiye ve sanat tarih&ccedil;isi Do&ccedil;. Dr.&nbsp;<strong>Esra Ali&ccedil;avu\u015fo\u011flu<\/strong>&nbsp;ile eserleri incelemeye davetlisiniz!<\/p>\n","protected":false},"author":1,"featured_media":1953,"comment_status":"closed","ping_status":"closed","sticky":false,"template":"","format":"standard","meta":{"inline_featured_image":false,"footnotes":""},"categories":[1],"tags":[],"acf":[],"yoast_head":"<!-- This site is optimized with the Yoast SEO plugin v22.3 - https:\/\/yoast.com\/wordpress\/plugins\/seo\/ -->\n<title>Anadolu&#039;dan Davet Var: Baks\u0131 M\u00fczesi\u2019ne Gidiyoruz! - JULES VERNE BUSINESS MICE TRAVEL<\/title>\n<meta name=\"robots\" content=\"index, follow, max-snippet:-1, max-image-preview:large, max-video-preview:-1\" \/>\n<link rel=\"canonical\" href=\"https:\/\/julesverne.com.tr\/travel-blog\/anadoludan-davet-var-baksi-muzesine-gidiyoruz\/\" \/>\n<meta property=\"og:locale\" content=\"en_US\" \/>\n<meta property=\"og:type\" content=\"article\" \/>\n<meta property=\"og:title\" content=\"Anadolu&#039;dan Davet Var: Baks\u0131 M\u00fczesi\u2019ne Gidiyoruz! - JULES VERNE BUSINESS MICE TRAVEL\" \/>\n<meta property=\"og:description\" content=\"25 - 27&nbsp;Eyl&uuml;l tarihleri aras\u0131nda Bayburt &ndash; Baks\u0131 M&uuml;zesi &ndash; Erzurum&nbsp;rotas\u0131nda Do\u011fu Anadolu&rsquo;nun binlerce y\u0131ll\u0131k hik&acirc;yelerine ortak olup, do\u011fan\u0131n ortas\u0131nda bir sanat ve ya\u015fam mucizesi yaratan Baks\u0131 M&uuml;zesi&rsquo;ne misafir olaca\u011f\u0131z. M&uuml;zenin kurucusu&nbsp;H&uuml;samettin Ko&ccedil;an&nbsp;ile sanat &uuml;zerine keyifli bir s&ouml;yle\u015fiye ve sanat tarih&ccedil;isi Do&ccedil;. Dr.&nbsp;Esra Ali&ccedil;avu\u015fo\u011flu&nbsp;ile eserleri incelemeye davetlisiniz!\" \/>\n<meta property=\"og:url\" content=\"https:\/\/julesverne.com.tr\/travel-blog\/anadoludan-davet-var-baksi-muzesine-gidiyoruz\/\" \/>\n<meta property=\"og:site_name\" content=\"JULES VERNE BUSINESS MICE TRAVEL\" \/>\n<meta property=\"article:publisher\" content=\"https:\/\/www.facebook.com\/JulesVerneBusinessMiceTravel\/\" \/>\n<meta property=\"article:published_time\" content=\"2018-07-20T12:24:04+00:00\" \/>\n<meta property=\"article:modified_time\" content=\"2020-09-21T14:36:14+00:00\" \/>\n<meta property=\"og:image\" content=\"https:\/\/julesverne.com.tr\/wp-content\/uploads\/2020\/09\/baksi.jpg\" \/>\n\t<meta property=\"og:image:width\" content=\"1348\" \/>\n\t<meta property=\"og:image:height\" content=\"899\" \/>\n\t<meta property=\"og:image:type\" content=\"image\/jpeg\" \/>\n<meta name=\"author\" content=\"fikirman\" \/>\n<meta name=\"twitter:card\" content=\"summary_large_image\" \/>\n<meta name=\"twitter:creator\" content=\"@JV_BusinessMice\" \/>\n<meta name=\"twitter:site\" content=\"@JV_BusinessMice\" \/>\n<meta name=\"twitter:label1\" content=\"Written by\" \/>\n\t<meta name=\"twitter:data1\" content=\"fikirman\" \/>\n\t<meta name=\"twitter:label2\" content=\"Est. reading time\" \/>\n\t<meta name=\"twitter:data2\" content=\"6 minutes\" \/>\n<script type=\"application\/ld+json\" class=\"yoast-schema-graph\">{\"@context\":\"https:\/\/schema.org\",\"@graph\":[{\"@type\":\"Article\",\"@id\":\"https:\/\/julesverne.com.tr\/travel-blog\/anadoludan-davet-var-baksi-muzesine-gidiyoruz\/#article\",\"isPartOf\":{\"@id\":\"https:\/\/julesverne.com.tr\/travel-blog\/anadoludan-davet-var-baksi-muzesine-gidiyoruz\/\"},\"author\":{\"name\":\"fikirman\",\"@id\":\"https:\/\/julesverne.com.tr\/#\/schema\/person\/f4eb0514ae455538644c31b99a466fdb\"},\"headline\":\"Anadolu&#8217;dan Davet Var: Baks\u0131 M\u00fczesi\u2019ne Gidiyoruz!\",\"datePublished\":\"2018-07-20T12:24:04+00:00\",\"dateModified\":\"2020-09-21T14:36:14+00:00\",\"mainEntityOfPage\":{\"@id\":\"https:\/\/julesverne.com.tr\/travel-blog\/anadoludan-davet-var-baksi-muzesine-gidiyoruz\/\"},\"wordCount\":1179,\"publisher\":{\"@id\":\"https:\/\/julesverne.com.tr\/#organization\"},\"image\":{\"@id\":\"https:\/\/julesverne.com.tr\/travel-blog\/anadoludan-davet-var-baksi-muzesine-gidiyoruz\/#primaryimage\"},\"thumbnailUrl\":\"https:\/\/julesverne.com.tr\/wp-content\/uploads\/2020\/09\/baksi.jpg\",\"articleSection\":[\"Blog\"],\"inLanguage\":\"en-US\"},{\"@type\":\"WebPage\",\"@id\":\"https:\/\/julesverne.com.tr\/travel-blog\/anadoludan-davet-var-baksi-muzesine-gidiyoruz\/\",\"url\":\"https:\/\/julesverne.com.tr\/travel-blog\/anadoludan-davet-var-baksi-muzesine-gidiyoruz\/\",\"name\":\"Anadolu'dan Davet Var: Baks\u0131 M\u00fczesi\u2019ne Gidiyoruz! - JULES VERNE BUSINESS MICE TRAVEL\",\"isPartOf\":{\"@id\":\"https:\/\/julesverne.com.tr\/#website\"},\"primaryImageOfPage\":{\"@id\":\"https:\/\/julesverne.com.tr\/travel-blog\/anadoludan-davet-var-baksi-muzesine-gidiyoruz\/#primaryimage\"},\"image\":{\"@id\":\"https:\/\/julesverne.com.tr\/travel-blog\/anadoludan-davet-var-baksi-muzesine-gidiyoruz\/#primaryimage\"},\"thumbnailUrl\":\"https:\/\/julesverne.com.tr\/wp-content\/uploads\/2020\/09\/baksi.jpg\",\"datePublished\":\"2018-07-20T12:24:04+00:00\",\"dateModified\":\"2020-09-21T14:36:14+00:00\",\"breadcrumb\":{\"@id\":\"https:\/\/julesverne.com.tr\/travel-blog\/anadoludan-davet-var-baksi-muzesine-gidiyoruz\/#breadcrumb\"},\"inLanguage\":\"en-US\",\"potentialAction\":[{\"@type\":\"ReadAction\",\"target\":[\"https:\/\/julesverne.com.tr\/travel-blog\/anadoludan-davet-var-baksi-muzesine-gidiyoruz\/\"]}]},{\"@type\":\"ImageObject\",\"inLanguage\":\"en-US\",\"@id\":\"https:\/\/julesverne.com.tr\/travel-blog\/anadoludan-davet-var-baksi-muzesine-gidiyoruz\/#primaryimage\",\"url\":\"https:\/\/julesverne.com.tr\/wp-content\/uploads\/2020\/09\/baksi.jpg\",\"contentUrl\":\"https:\/\/julesverne.com.tr\/wp-content\/uploads\/2020\/09\/baksi.jpg\",\"width\":1348,\"height\":899},{\"@type\":\"BreadcrumbList\",\"@id\":\"https:\/\/julesverne.com.tr\/travel-blog\/anadoludan-davet-var-baksi-muzesine-gidiyoruz\/#breadcrumb\",\"itemListElement\":[{\"@type\":\"ListItem\",\"position\":1,\"name\":\"Anasayfa\",\"item\":\"https:\/\/julesverne.com.tr\/\"},{\"@type\":\"ListItem\",\"position\":2,\"name\":\"Anadolu&#8217;dan Davet Var: Baks\u0131 M\u00fczesi\u2019ne Gidiyoruz!\"}]},{\"@type\":\"WebSite\",\"@id\":\"https:\/\/julesverne.com.tr\/#website\",\"url\":\"https:\/\/julesverne.com.tr\/\",\"name\":\"JULES VERNE BUSINESS MICE TRAVEL\",\"description\":\"\",\"publisher\":{\"@id\":\"https:\/\/julesverne.com.tr\/#organization\"},\"potentialAction\":[{\"@type\":\"SearchAction\",\"target\":{\"@type\":\"EntryPoint\",\"urlTemplate\":\"https:\/\/julesverne.com.tr\/?s={search_term_string}\"},\"query-input\":\"required name=search_term_string\"}],\"inLanguage\":\"en-US\"},{\"@type\":\"Organization\",\"@id\":\"https:\/\/julesverne.com.tr\/#organization\",\"name\":\"JULES VERNE BUSINESS MICE TRAVEL\",\"url\":\"https:\/\/julesverne.com.tr\/\",\"logo\":{\"@type\":\"ImageObject\",\"inLanguage\":\"en-US\",\"@id\":\"https:\/\/julesverne.com.tr\/#\/schema\/logo\/image\/\",\"url\":\"https:\/\/julesverne.com.tr\/wp-content\/uploads\/2020\/09\/jv-bmt-logo.png\",\"contentUrl\":\"https:\/\/julesverne.com.tr\/wp-content\/uploads\/2020\/09\/jv-bmt-logo.png\",\"width\":110,\"height\":81,\"caption\":\"JULES VERNE BUSINESS MICE TRAVEL\"},\"image\":{\"@id\":\"https:\/\/julesverne.com.tr\/#\/schema\/logo\/image\/\"},\"sameAs\":[\"https:\/\/www.facebook.com\/JulesVerneBusinessMiceTravel\/\",\"https:\/\/twitter.com\/JV_BusinessMice\",\"https:\/\/www.instagram.com\/julesvernebusinessmicetravel\/\",\"https:\/\/www.linkedin.com\/company\/julesvernebusinessmicetravel\/\",\"https:\/\/www.youtube.com\/channel\/UCAwdsmbZ6tFhu1tea6pkpiw\"]},{\"@type\":\"Person\",\"@id\":\"https:\/\/julesverne.com.tr\/#\/schema\/person\/f4eb0514ae455538644c31b99a466fdb\",\"name\":\"fikirman\",\"sameAs\":[\"http:\/\/advermedya.net\/julesverne\"],\"url\":\"https:\/\/julesverne.com.tr\/en\/author\/fikirman\/\"}]}<\/script>\n<!-- \/ Yoast SEO plugin. -->","yoast_head_json":{"title":"Anadolu'dan Davet Var: Baks\u0131 M\u00fczesi\u2019ne Gidiyoruz! - JULES VERNE BUSINESS MICE TRAVEL","robots":{"index":"index","follow":"follow","max-snippet":"max-snippet:-1","max-image-preview":"max-image-preview:large","max-video-preview":"max-video-preview:-1"},"canonical":"https:\/\/julesverne.com.tr\/travel-blog\/anadoludan-davet-var-baksi-muzesine-gidiyoruz\/","og_locale":"en_US","og_type":"article","og_title":"Anadolu'dan Davet Var: Baks\u0131 M\u00fczesi\u2019ne Gidiyoruz! - JULES VERNE BUSINESS MICE TRAVEL","og_description":"25 - 27&nbsp;Eyl&uuml;l tarihleri aras\u0131nda Bayburt &ndash; Baks\u0131 M&uuml;zesi &ndash; Erzurum&nbsp;rotas\u0131nda Do\u011fu Anadolu&rsquo;nun binlerce y\u0131ll\u0131k hik&acirc;yelerine ortak olup, do\u011fan\u0131n ortas\u0131nda bir sanat ve ya\u015fam mucizesi yaratan Baks\u0131 M&uuml;zesi&rsquo;ne misafir olaca\u011f\u0131z. M&uuml;zenin kurucusu&nbsp;H&uuml;samettin Ko&ccedil;an&nbsp;ile sanat &uuml;zerine keyifli bir s&ouml;yle\u015fiye ve sanat tarih&ccedil;isi Do&ccedil;. Dr.&nbsp;Esra Ali&ccedil;avu\u015fo\u011flu&nbsp;ile eserleri incelemeye davetlisiniz!","og_url":"https:\/\/julesverne.com.tr\/travel-blog\/anadoludan-davet-var-baksi-muzesine-gidiyoruz\/","og_site_name":"JULES VERNE BUSINESS MICE TRAVEL","article_publisher":"https:\/\/www.facebook.com\/JulesVerneBusinessMiceTravel\/","article_published_time":"2018-07-20T12:24:04+00:00","article_modified_time":"2020-09-21T14:36:14+00:00","og_image":[{"width":1348,"height":899,"url":"https:\/\/julesverne.com.tr\/wp-content\/uploads\/2020\/09\/baksi.jpg","type":"image\/jpeg"}],"author":"fikirman","twitter_card":"summary_large_image","twitter_creator":"@JV_BusinessMice","twitter_site":"@JV_BusinessMice","twitter_misc":{"Written by":"fikirman","Est. reading time":"6 minutes"},"schema":{"@context":"https:\/\/schema.org","@graph":[{"@type":"Article","@id":"https:\/\/julesverne.com.tr\/travel-blog\/anadoludan-davet-var-baksi-muzesine-gidiyoruz\/#article","isPartOf":{"@id":"https:\/\/julesverne.com.tr\/travel-blog\/anadoludan-davet-var-baksi-muzesine-gidiyoruz\/"},"author":{"name":"fikirman","@id":"https:\/\/julesverne.com.tr\/#\/schema\/person\/f4eb0514ae455538644c31b99a466fdb"},"headline":"Anadolu&#8217;dan Davet Var: Baks\u0131 M\u00fczesi\u2019ne Gidiyoruz!","datePublished":"2018-07-20T12:24:04+00:00","dateModified":"2020-09-21T14:36:14+00:00","mainEntityOfPage":{"@id":"https:\/\/julesverne.com.tr\/travel-blog\/anadoludan-davet-var-baksi-muzesine-gidiyoruz\/"},"wordCount":1179,"publisher":{"@id":"https:\/\/julesverne.com.tr\/#organization"},"image":{"@id":"https:\/\/julesverne.com.tr\/travel-blog\/anadoludan-davet-var-baksi-muzesine-gidiyoruz\/#primaryimage"},"thumbnailUrl":"https:\/\/julesverne.com.tr\/wp-content\/uploads\/2020\/09\/baksi.jpg","articleSection":["Blog"],"inLanguage":"en-US"},{"@type":"WebPage","@id":"https:\/\/julesverne.com.tr\/travel-blog\/anadoludan-davet-var-baksi-muzesine-gidiyoruz\/","url":"https:\/\/julesverne.com.tr\/travel-blog\/anadoludan-davet-var-baksi-muzesine-gidiyoruz\/","name":"Anadolu'dan Davet Var: Baks\u0131 M\u00fczesi\u2019ne Gidiyoruz! - JULES VERNE BUSINESS MICE TRAVEL","isPartOf":{"@id":"https:\/\/julesverne.com.tr\/#website"},"primaryImageOfPage":{"@id":"https:\/\/julesverne.com.tr\/travel-blog\/anadoludan-davet-var-baksi-muzesine-gidiyoruz\/#primaryimage"},"image":{"@id":"https:\/\/julesverne.com.tr\/travel-blog\/anadoludan-davet-var-baksi-muzesine-gidiyoruz\/#primaryimage"},"thumbnailUrl":"https:\/\/julesverne.com.tr\/wp-content\/uploads\/2020\/09\/baksi.jpg","datePublished":"2018-07-20T12:24:04+00:00","dateModified":"2020-09-21T14:36:14+00:00","breadcrumb":{"@id":"https:\/\/julesverne.com.tr\/travel-blog\/anadoludan-davet-var-baksi-muzesine-gidiyoruz\/#breadcrumb"},"inLanguage":"en-US","potentialAction":[{"@type":"ReadAction","target":["https:\/\/julesverne.com.tr\/travel-blog\/anadoludan-davet-var-baksi-muzesine-gidiyoruz\/"]}]},{"@type":"ImageObject","inLanguage":"en-US","@id":"https:\/\/julesverne.com.tr\/travel-blog\/anadoludan-davet-var-baksi-muzesine-gidiyoruz\/#primaryimage","url":"https:\/\/julesverne.com.tr\/wp-content\/uploads\/2020\/09\/baksi.jpg","contentUrl":"https:\/\/julesverne.com.tr\/wp-content\/uploads\/2020\/09\/baksi.jpg","width":1348,"height":899},{"@type":"BreadcrumbList","@id":"https:\/\/julesverne.com.tr\/travel-blog\/anadoludan-davet-var-baksi-muzesine-gidiyoruz\/#breadcrumb","itemListElement":[{"@type":"ListItem","position":1,"name":"Anasayfa","item":"https:\/\/julesverne.com.tr\/"},{"@type":"ListItem","position":2,"name":"Anadolu&#8217;dan Davet Var: Baks\u0131 M\u00fczesi\u2019ne Gidiyoruz!"}]},{"@type":"WebSite","@id":"https:\/\/julesverne.com.tr\/#website","url":"https:\/\/julesverne.com.tr\/","name":"JULES VERNE BUSINESS MICE TRAVEL","description":"","publisher":{"@id":"https:\/\/julesverne.com.tr\/#organization"},"potentialAction":[{"@type":"SearchAction","target":{"@type":"EntryPoint","urlTemplate":"https:\/\/julesverne.com.tr\/?s={search_term_string}"},"query-input":"required name=search_term_string"}],"inLanguage":"en-US"},{"@type":"Organization","@id":"https:\/\/julesverne.com.tr\/#organization","name":"JULES VERNE BUSINESS MICE TRAVEL","url":"https:\/\/julesverne.com.tr\/","logo":{"@type":"ImageObject","inLanguage":"en-US","@id":"https:\/\/julesverne.com.tr\/#\/schema\/logo\/image\/","url":"https:\/\/julesverne.com.tr\/wp-content\/uploads\/2020\/09\/jv-bmt-logo.png","contentUrl":"https:\/\/julesverne.com.tr\/wp-content\/uploads\/2020\/09\/jv-bmt-logo.png","width":110,"height":81,"caption":"JULES VERNE BUSINESS MICE TRAVEL"},"image":{"@id":"https:\/\/julesverne.com.tr\/#\/schema\/logo\/image\/"},"sameAs":["https:\/\/www.facebook.com\/JulesVerneBusinessMiceTravel\/","https:\/\/twitter.com\/JV_BusinessMice","https:\/\/www.instagram.com\/julesvernebusinessmicetravel\/","https:\/\/www.linkedin.com\/company\/julesvernebusinessmicetravel\/","https:\/\/www.youtube.com\/channel\/UCAwdsmbZ6tFhu1tea6pkpiw"]},{"@type":"Person","@id":"https:\/\/julesverne.com.tr\/#\/schema\/person\/f4eb0514ae455538644c31b99a466fdb","name":"fikirman","sameAs":["http:\/\/advermedya.net\/julesverne"],"url":"https:\/\/julesverne.com.tr\/en\/author\/fikirman\/"}]}},"_links":{"self":[{"href":"https:\/\/julesverne.com.tr\/en\/wp-json\/wp\/v2\/posts\/1952"}],"collection":[{"href":"https:\/\/julesverne.com.tr\/en\/wp-json\/wp\/v2\/posts"}],"about":[{"href":"https:\/\/julesverne.com.tr\/en\/wp-json\/wp\/v2\/types\/post"}],"author":[{"embeddable":true,"href":"https:\/\/julesverne.com.tr\/en\/wp-json\/wp\/v2\/users\/1"}],"replies":[{"embeddable":true,"href":"https:\/\/julesverne.com.tr\/en\/wp-json\/wp\/v2\/comments?post=1952"}],"version-history":[{"count":0,"href":"https:\/\/julesverne.com.tr\/en\/wp-json\/wp\/v2\/posts\/1952\/revisions"}],"wp:featuredmedia":[{"embeddable":true,"href":"https:\/\/julesverne.com.tr\/en\/wp-json\/wp\/v2\/media\/1953"}],"wp:attachment":[{"href":"https:\/\/julesverne.com.tr\/en\/wp-json\/wp\/v2\/media?parent=1952"}],"wp:term":[{"taxonomy":"category","embeddable":true,"href":"https:\/\/julesverne.com.tr\/en\/wp-json\/wp\/v2\/categories?post=1952"},{"taxonomy":"post_tag","embeddable":true,"href":"https:\/\/julesverne.com.tr\/en\/wp-json\/wp\/v2\/tags?post=1952"}],"curies":[{"name":"wp","href":"https:\/\/api.w.org\/{rel}","templated":true}]}}