{"id":1948,"date":"2018-07-12T13:31:04","date_gmt":"2018-07-12T10:31:04","guid":{"rendered":"https:\/\/www.julesverne.com.tr\/\/blog\/kurban-bayraminda-dogu-anadolu-efsaneleri-gezisi\/"},"modified":"2020-09-21T17:36:14","modified_gmt":"2020-09-21T14:36:14","slug":"kurban-bayraminda-dogu-anadolu-efsaneleri-gezisi","status":"publish","type":"post","link":"https:\/\/julesverne.com.tr\/en\/travel-blog\/kurban-bayraminda-dogu-anadolu-efsaneleri-gezisi\/","title":{"rendered":"Kurban Bayram\u0131\u2019nda &#8216;Do\u011fu Anadolu Efsaneleri&#8217; Gezisi"},"content":{"rendered":"<p><h3 style=\"text-align: center;\"><strong>22 -25 A\u011fustos 2018<\/strong><\/h3>\n<h4 style=\"text-align: center;\"><em><strong>Do\u011fubayaz\u0131t &#8211; Van &#8211; &Ccedil;avu\u015ftepe &#8211; Ho\u015fap Kalesi &#8211; Nemrut Krater G&ouml;l&uuml; &#8211; Ahlat &#8211; Tatvan<\/strong><\/em><\/h4>\n<h4 style=\"text-align: center;\"><strong>&Ccedil;ift Ki\u015filik Oda&rsquo;da Ki\u015fi Ba\u015f\u0131 1.715 TL<\/strong><\/h4>\n<p style=\"text-align: center;\"><img loading=\"lazy\" decoding=\"async\" class=\"alignnone size-full wp-image-4566\" src=\"https:\/\/www.julesverne.com.tr\/\/wp-content\/uploads\/2020\/09\/van_golu_1-3.jpg\" width=\"1000\" height=\"541\" alt=\"Van\" srcset=\"https:\/\/julesverne.com.tr\/wp-content\/uploads\/2020\/09\/van_golu_1-3.jpg 1000w, https:\/\/julesverne.com.tr\/wp-content\/uploads\/2020\/09\/van_golu_1-3-500x271.jpg 500w, https:\/\/julesverne.com.tr\/wp-content\/uploads\/2020\/09\/van_golu_1-3-768x415.jpg 768w\" sizes=\"(max-width: 1000px) 100vw, 1000px\" \/><\/p>\n<p style=\"text-align: left;\"><strong>Tarihe iz b\u0131rakan, on binlerce y\u0131ll\u0131k ge&ccedil;mi\u015fi ile nice medeniyetlere ev sahipli\u011fi yapan, tarihin y&ouml;n&uuml;n&uuml; de\u011fi\u015ftiren Anadolu&rsquo;yu, bu topraklar\u0131n hik&acirc;yelerini en iyi bilenlerle gezmeye ne dersiniz?<\/strong><\/p>\n<p style=\"text-align: center;\"><img loading=\"lazy\" decoding=\"async\" class=\"alignnone size-full wp-image-4567\" src=\"https:\/\/www.julesverne.com.tr\/\/wp-content\/uploads\/2020\/09\/akdamar_adasi-2.jpg\" width=\"1000\" height=\"643\" alt=\"akdamar\" srcset=\"https:\/\/julesverne.com.tr\/wp-content\/uploads\/2020\/09\/akdamar_adasi-2.jpg 1000w, https:\/\/julesverne.com.tr\/wp-content\/uploads\/2020\/09\/akdamar_adasi-2-500x322.jpg 500w, https:\/\/julesverne.com.tr\/wp-content\/uploads\/2020\/09\/akdamar_adasi-2-768x494.jpg 768w\" sizes=\"(max-width: 1000px) 100vw, 1000px\" \/><\/p>\n<p><strong>Bitip t&uuml;kenmeyen efsaneleriyle, Do\u011fu&#8217;nun en gizemli \u015fehirlerinden biri olan Van ve &ccedil;evresini ke\u015ffe &ccedil;\u0131k\u0131yoruz! Anadolu ve Ortado\u011fu &uuml;zerine &ccedil;al\u0131\u015fmalar\u0131yla bilinen yazar ve rehber N&uuml;khet Everi ile efsanevi bir yolculu\u011fa haz\u0131r m\u0131s\u0131n\u0131z?<\/strong><\/p>\n<p style=\"text-align: center;\"><img loading=\"lazy\" decoding=\"async\" class=\"alignnone size-full wp-image-4568\" src=\"https:\/\/www.julesverne.com.tr\/\/wp-content\/uploads\/2020\/09\/dogubeyazit_sunset.jpg\" width=\"1000\" height=\"667\" alt=\"do\u011fu_bayaz\u0131t\" srcset=\"https:\/\/julesverne.com.tr\/wp-content\/uploads\/2020\/09\/dogubeyazit_sunset.jpg 1000w, https:\/\/julesverne.com.tr\/wp-content\/uploads\/2020\/09\/dogubeyazit_sunset-500x334.jpg 500w, https:\/\/julesverne.com.tr\/wp-content\/uploads\/2020\/09\/dogubeyazit_sunset-768x512.jpg 768w\" sizes=\"(max-width: 1000px) 100vw, 1000px\" \/><\/p>\n<p><strong>22-25 A\u011fustos tarihlerinde, 3 gece 4 g&uuml;n s&uuml;recek Do\u011fu Anadolu Efsaneleri Gezisi ile ya\u015fad\u0131\u011f\u0131m\u0131z topraklar\u0131n bilinmeyen ve hayranl\u0131k uyand\u0131ran hikayelerine kulak veriyoruz.<\/strong><\/p>\n<p style=\"text-align: center;\"><img loading=\"lazy\" decoding=\"async\" class=\"alignnone size-full wp-image-4569\" src=\"https:\/\/www.julesverne.com.tr\/\/wp-content\/uploads\/2020\/09\/van-golu-foto-.jpg\" width=\"1200\" height=\"600\" alt=\"van_gol\" srcset=\"https:\/\/julesverne.com.tr\/wp-content\/uploads\/2020\/09\/van-golu-foto-.jpg 1200w, https:\/\/julesverne.com.tr\/wp-content\/uploads\/2020\/09\/van-golu-foto--500x250.jpg 500w, https:\/\/julesverne.com.tr\/wp-content\/uploads\/2020\/09\/van-golu-foto--768x384.jpg 768w\" sizes=\"(max-width: 1200px) 100vw, 1200px\" \/><\/p>\n<p><strong>&#8220;Do\u011fu&#8217;nun Paris&#8217;i<\/strong>&#8221; unvan\u0131n\u0131 hak edecek kadar zengin tarih&icirc; ve k&uuml;lt&uuml;rel zenginliklerinin yan\u0131s\u0131ra do\u011fal g&uuml;zellikleriyle de dikkat &ccedil;eken Van; g&ouml;l&uuml;, kalesi, kiliseleri, camileri, yaz\u0131tlar\u0131yla adeta bir a&ccedil;\u0131k hava m&uuml;zesi gibi &#8230;&nbsp; Manzaras\u0131ndan gurme lezzetlerine, adas\u0131ndan \u015felalesine, efsanesinden rivayetlerine kadar bir gezginin ilgisini &ccedil;ekecek &ccedil;ok \u015fey var Van&rsquo;da.<\/p>\n<p><img loading=\"lazy\" decoding=\"async\" class=\"alignnone size-full wp-image-4570\" src=\"https:\/\/www.julesverne.com.tr\/\/wp-content\/uploads\/2020\/09\/hosap-2.jpg\" width=\"1000\" height=\"665\" alt=\"hosap\" srcset=\"https:\/\/julesverne.com.tr\/wp-content\/uploads\/2020\/09\/hosap-2.jpg 1000w, https:\/\/julesverne.com.tr\/wp-content\/uploads\/2020\/09\/hosap-2-500x333.jpg 500w, https:\/\/julesverne.com.tr\/wp-content\/uploads\/2020\/09\/hosap-2-768x511.jpg 768w\" sizes=\"(max-width: 1000px) 100vw, 1000px\" \/>Efsaneler \u015fehri Van&#8217;la yetinmeyip, s\u0131n\u0131rlar\u0131 a\u015f\u0131p, s&ouml;nm&uuml;\u015f bir volkan olan Nemrut Da\u011f\u0131&rsquo;n\u0131n zirvesinde yer alan <strong>&ldquo;B&uuml;y&uuml;k \u0130skender&rsquo;in Cenneti&rdquo;<\/strong> ad\u0131yla da bilinen <strong>Nemrut Krater G&ouml;l&uuml;<\/strong>&rsquo;ne,&nbsp; lacivertten turkuaza, mavinin her tonunu g&ouml;rebildi\u011fimiz <strong>Van G&ouml;l&uuml;<\/strong>&#8216;n&uuml;n incisi <strong>Akdamar Adas\u0131<\/strong>&#8216;na gidiyoruz!<\/p>\n<p style=\"text-align: center;\"><img loading=\"lazy\" decoding=\"async\" class=\"alignnone size-full wp-image-4571\" src=\"https:\/\/www.julesverne.com.tr\/\/wp-content\/uploads\/2020\/09\/ishak_pasa-4.jpg\" width=\"1000\" height=\"653\" alt=\"ishakpa\u015fa_saray\u0131\" srcset=\"https:\/\/julesverne.com.tr\/wp-content\/uploads\/2020\/09\/ishak_pasa-4.jpg 1000w, https:\/\/julesverne.com.tr\/wp-content\/uploads\/2020\/09\/ishak_pasa-4-500x327.jpg 500w, https:\/\/julesverne.com.tr\/wp-content\/uploads\/2020\/09\/ishak_pasa-4-768x502.jpg 768w\" sizes=\"(max-width: 1000px) 100vw, 1000px\" \/><\/p>\n<p>A\u011fr\u0131 Da\u011f\u0131&rsquo;n\u0131n eteklerinde kurulan, muhte\u015fem <strong>\u0130shakpa\u015fa Saray\u0131<\/strong> ve renkli pasajlar\u0131yla <strong>Do\u011fubeyaz\u0131t<\/strong>, <strong>Muradiye \u015eelalesi<\/strong>, Van&#8217;\u0131n simgelerinden biri olan Van Kedilerinin neslini korumak i&ccedil;in kurulmu\u015f Van Kedi Evi, her ilme\u011finde bir al\u0131n teri, her deseninde bir hik&acirc;ye olan Van&#8217;\u0131n d&uuml;nyaca &uuml;nl&uuml; kilimlerinin dokundu\u011fu At&ouml;lye ziyareti, <strong>Van Kalesi&#8217;<\/strong>nden b&uuml;y&uuml;leyici g&uuml;nbat\u0131m\u0131n\u0131 izlemek, Do\u011fu Beylerinin \u015fatosu <strong>Ho\u015fap Kalesi<\/strong>; T&uuml;rkiye&rsquo;nin en b&uuml;y&uuml;k krater g&ouml;l&uuml; olan <strong>Nemrut Da\u011f\u0131 Krater G&ouml;l&uuml;<\/strong>; Anadolu&#8217;daki ilk b&uuml;y&uuml;k T&uuml;rk \u015fehri <strong>Ahlat<\/strong>; 3 as\u0131r boyunca egemenliklerini s&uuml;rd&uuml;ren Urartular&#8217;\u0131n kenti <strong>Tatvan<\/strong> bu efsanevi yolculu\u011fun en keyifli duraklar\u0131ndan olacak.<\/p>\n<p><img loading=\"lazy\" decoding=\"async\" class=\"alignnone size-full wp-image-4572\" src=\"https:\/\/www.julesverne.com.tr\/\/wp-content\/uploads\/2020\/09\/van_golu.jpg\" width=\"1000\" height=\"563\" alt=\"van g&ouml;l&uuml;\" srcset=\"https:\/\/julesverne.com.tr\/wp-content\/uploads\/2020\/09\/van_golu.jpg 1000w, https:\/\/julesverne.com.tr\/wp-content\/uploads\/2020\/09\/van_golu-500x282.jpg 500w, https:\/\/julesverne.com.tr\/wp-content\/uploads\/2020\/09\/van_golu-768x432.jpg 768w, https:\/\/julesverne.com.tr\/wp-content\/uploads\/2020\/09\/van_golu-400x225.jpg 400w\" sizes=\"(max-width: 1000px) 100vw, 1000px\" \/><\/p>\n<p><strong>Haydi hemen haz\u0131rlan\u0131n! 22-25 A\u011fustos tarihlerinde, 3 gece 4 g&uuml;n s&uuml;recek Do\u011fu Anadolu Efsaneleri Gezisi ile Van ve &ccedil;evresini ke\u015ffedelim!<\/strong><\/p>\n<h3><a href=\"..\/..\/bizden-haberler\/kurban-bayraminda-dogu-anadolu-efsaneleri-gezi-programi\" target=\"_blank\" rel=\"noopener noreferrer\"><strong>Detayl\u0131 Program Bilgisi i&ccedil;in T\u0131klay\u0131n!<\/strong><\/a><\/h3>\n<p><strong><img loading=\"lazy\" decoding=\"async\" class=\"alignnone size-full wp-image-4573\" src=\"https:\/\/www.julesverne.com.tr\/\/wp-content\/uploads\/2020\/09\/ulu_kumbet-1.jpg\" width=\"1024\" height=\"731\" alt=\"ulu_kumbet\" srcset=\"https:\/\/julesverne.com.tr\/wp-content\/uploads\/2020\/09\/ulu_kumbet-1.jpg 1024w, https:\/\/julesverne.com.tr\/wp-content\/uploads\/2020\/09\/ulu_kumbet-1-500x357.jpg 500w, https:\/\/julesverne.com.tr\/wp-content\/uploads\/2020\/09\/ulu_kumbet-1-768x548.jpg 768w\" sizes=\"(max-width: 1024px) 100vw, 1024px\" \/><\/strong><\/p>\n<p style=\"text-align: left;\"><strong>N&uuml;khet Everi Kimdir?<\/strong><\/p>\n<p style=\"text-align: center;\"><strong><img loading=\"lazy\" decoding=\"async\" class=\"alignnone size-full wp-image-4574\" src=\"https:\/\/www.julesverne.com.tr\/\/wp-content\/uploads\/2020\/09\/nukhet-1.jpg\" width=\"760\" height=\"506\" alt=\"\" srcset=\"https:\/\/julesverne.com.tr\/wp-content\/uploads\/2020\/09\/nukhet-1.jpg 760w, https:\/\/julesverne.com.tr\/wp-content\/uploads\/2020\/09\/nukhet-1-500x333.jpg 500w\" sizes=\"(max-width: 760px) 100vw, 760px\" \/><\/strong><\/p>\n<p style=\"text-align: left;\">\u0130stanbul do\u011fumlu N&uuml;khet Everi Avusturya Lisesi&#8217;nden mezun olduktan sonra Viyana &Uuml;niversitesi&#8217;nde Arkeoloji ve Tiyatro e\u011fitimleri ald\u0131. E\u011fitimi sonras\u0131 1.5 y\u0131l K&uuml;ba&#8217;da ya\u015fad\u0131ktan sonra &uuml;lkesine d&ouml;nen Everi, \u0130stanbul B&uuml;y&uuml;k\u015fehir Belediyesi \u015eehir Tiyatrolar\u0131&rsquo;n\u0131n Orhan Alkaya taraf\u0131ndan &ccedil;\u0131kart\u0131lan &ldquo;Tiyatro Dergisi&rdquo; i&ccedil;in terc&uuml;meler ve s&ouml;yle\u015filer yapt\u0131. Uzun y\u0131llard\u0131r rehberlik yapan Everi, Mardin ve Ortado\u011fu &uuml;zerine &ccedil;al\u0131\u015fmalar\u0131yla tan\u0131n\u0131yor. Radyo programlar\u0131nda T&uuml;rkiye \u015fehirlerini tan\u0131tt\u0131, foto\u011fraf sergileri a&ccedil;t\u0131. K&uuml;lt&uuml;rel Miras\u0131 Koruma Derne\u011fi&rsquo;nin (KMKD) kurucu &uuml;yelerinden olup, T&uuml;rkiye&rsquo;deki S&uuml;ryani K&uuml;lt&uuml;r Miras\u0131 &uuml;zerine &ccedil;al\u0131\u015fmalar ve ara\u015ft\u0131rmalar yap\u0131yor. Almanca, \u0130ngilizce, \u0130spanyolca, Latince, Eski Yunanca, Bizans Grek&ccedil;esi, Yunanca ve Ermenice dillerinin yan\u0131 s\u0131ra Mezopotamya b&ouml;lgesindeki ara\u015ft\u0131rmalar\u0131 i&ccedil;in Mardin Artuklu &Uuml;niversitesi&rsquo;nde S&uuml;ryanice ve Arap&ccedil;a &ouml;\u011frendi. 2014&rsquo;te E Yay\u0131nlar\u0131&rsquo;ndan &ldquo;Saray\u0131n Dehlizlerinde&rdquo; adl\u0131 roman\u0131 yay\u0131nlanan N&uuml;khet Everi Milliyet Gazetesi Cumartesi Eki&rsquo;nde &ldquo;S\u0131rt &Ccedil;antam&rdquo; adl\u0131 k&ouml;\u015fesinde seyahat yaz\u0131lar\u0131 yazmaya devam ediyor.<br \/>&nbsp;<\/p>\n<p style=\"text-align: center;\"><strong>Detayl\u0131 program bilgisi ve rezervasyon i&ccedil;in:<br \/><\/strong><strong><a href=\"mailto:travel@julesverne.com.tr\" target=\"_blank\" rel=\"noopener noreferrer\">travel@julesverne.com.tr<br \/><\/a><\/strong><strong>0212 266 6363 &#8211; 137<\/strong><\/p><\/p>\n","protected":false},"excerpt":{"rendered":"<p>22-25 A\u011fustos tarihlerinde, 3 gece 4 g&uuml;n s&uuml;recek, Do\u011fu&#8217;nun en gizemli \u015fehirlerinden biri olan Van ve &ccedil;evresinde &#8220;Do\u011fu Anadolu Efsaneleri Gezisi&#8221; ile ya\u015fad\u0131\u011f\u0131m\u0131z topraklar\u0131n bilinmeyen ve hayranl\u0131k uyand\u0131ran hikayelerine kulak veriyoruz.&nbsp;<\/p>\n","protected":false},"author":1,"featured_media":1949,"comment_status":"closed","ping_status":"closed","sticky":false,"template":"","format":"standard","meta":{"inline_featured_image":false,"footnotes":""},"categories":[1],"tags":[],"acf":[],"yoast_head":"<!-- This site is optimized with the Yoast SEO plugin v22.3 - https:\/\/yoast.com\/wordpress\/plugins\/seo\/ -->\n<title>Kurban Bayram\u0131\u2019nda &#039;Do\u011fu Anadolu Efsaneleri&#039; Gezisi - JULES VERNE BUSINESS MICE TRAVEL<\/title>\n<meta name=\"robots\" content=\"index, follow, max-snippet:-1, max-image-preview:large, max-video-preview:-1\" \/>\n<link rel=\"canonical\" href=\"https:\/\/julesverne.com.tr\/travel-blog\/kurban-bayraminda-dogu-anadolu-efsaneleri-gezisi\/\" \/>\n<meta property=\"og:locale\" content=\"en_US\" \/>\n<meta property=\"og:type\" content=\"article\" \/>\n<meta property=\"og:title\" content=\"Kurban Bayram\u0131\u2019nda &#039;Do\u011fu Anadolu Efsaneleri&#039; Gezisi - JULES VERNE BUSINESS MICE TRAVEL\" \/>\n<meta property=\"og:description\" content=\"22-25 A\u011fustos tarihlerinde, 3 gece 4 g&uuml;n s&uuml;recek, Do\u011fu&#039;nun en gizemli \u015fehirlerinden biri olan Van ve &ccedil;evresinde &quot;Do\u011fu Anadolu Efsaneleri Gezisi&quot; ile ya\u015fad\u0131\u011f\u0131m\u0131z topraklar\u0131n bilinmeyen ve hayranl\u0131k uyand\u0131ran hikayelerine kulak veriyoruz.&nbsp;\" \/>\n<meta property=\"og:url\" content=\"https:\/\/julesverne.com.tr\/travel-blog\/kurban-bayraminda-dogu-anadolu-efsaneleri-gezisi\/\" \/>\n<meta property=\"og:site_name\" content=\"JULES VERNE BUSINESS MICE TRAVEL\" \/>\n<meta property=\"article:publisher\" content=\"https:\/\/www.facebook.com\/JulesVerneBusinessMiceTravel\/\" \/>\n<meta property=\"article:published_time\" content=\"2018-07-12T10:31:04+00:00\" \/>\n<meta property=\"article:modified_time\" content=\"2020-09-21T14:36:14+00:00\" \/>\n<meta property=\"og:image\" content=\"https:\/\/julesverne.com.tr\/wp-content\/uploads\/2020\/09\/akdamar_adasi.jpg\" \/>\n\t<meta property=\"og:image:width\" content=\"1000\" \/>\n\t<meta property=\"og:image:height\" content=\"643\" \/>\n\t<meta property=\"og:image:type\" content=\"image\/jpeg\" \/>\n<meta name=\"author\" content=\"fikirman\" \/>\n<meta name=\"twitter:card\" content=\"summary_large_image\" \/>\n<meta name=\"twitter:creator\" content=\"@JV_BusinessMice\" \/>\n<meta name=\"twitter:site\" content=\"@JV_BusinessMice\" \/>\n<meta name=\"twitter:label1\" content=\"Written by\" \/>\n\t<meta name=\"twitter:data1\" content=\"fikirman\" \/>\n\t<meta name=\"twitter:label2\" content=\"Est. reading time\" \/>\n\t<meta name=\"twitter:data2\" content=\"4 minutes\" \/>\n<script type=\"application\/ld+json\" class=\"yoast-schema-graph\">{\"@context\":\"https:\/\/schema.org\",\"@graph\":[{\"@type\":\"Article\",\"@id\":\"https:\/\/julesverne.com.tr\/travel-blog\/kurban-bayraminda-dogu-anadolu-efsaneleri-gezisi\/#article\",\"isPartOf\":{\"@id\":\"https:\/\/julesverne.com.tr\/travel-blog\/kurban-bayraminda-dogu-anadolu-efsaneleri-gezisi\/\"},\"author\":{\"name\":\"fikirman\",\"@id\":\"https:\/\/julesverne.com.tr\/#\/schema\/person\/f4eb0514ae455538644c31b99a466fdb\"},\"headline\":\"Kurban Bayram\u0131\u2019nda &#8216;Do\u011fu Anadolu Efsaneleri&#8217; Gezisi\",\"datePublished\":\"2018-07-12T10:31:04+00:00\",\"dateModified\":\"2020-09-21T14:36:14+00:00\",\"mainEntityOfPage\":{\"@id\":\"https:\/\/julesverne.com.tr\/travel-blog\/kurban-bayraminda-dogu-anadolu-efsaneleri-gezisi\/\"},\"wordCount\":753,\"publisher\":{\"@id\":\"https:\/\/julesverne.com.tr\/#organization\"},\"image\":{\"@id\":\"https:\/\/julesverne.com.tr\/travel-blog\/kurban-bayraminda-dogu-anadolu-efsaneleri-gezisi\/#primaryimage\"},\"thumbnailUrl\":\"https:\/\/julesverne.com.tr\/wp-content\/uploads\/2020\/09\/akdamar_adasi.jpg\",\"articleSection\":[\"Blog\"],\"inLanguage\":\"en-US\"},{\"@type\":\"WebPage\",\"@id\":\"https:\/\/julesverne.com.tr\/travel-blog\/kurban-bayraminda-dogu-anadolu-efsaneleri-gezisi\/\",\"url\":\"https:\/\/julesverne.com.tr\/travel-blog\/kurban-bayraminda-dogu-anadolu-efsaneleri-gezisi\/\",\"name\":\"Kurban Bayram\u0131\u2019nda 'Do\u011fu Anadolu Efsaneleri' Gezisi - JULES VERNE BUSINESS MICE TRAVEL\",\"isPartOf\":{\"@id\":\"https:\/\/julesverne.com.tr\/#website\"},\"primaryImageOfPage\":{\"@id\":\"https:\/\/julesverne.com.tr\/travel-blog\/kurban-bayraminda-dogu-anadolu-efsaneleri-gezisi\/#primaryimage\"},\"image\":{\"@id\":\"https:\/\/julesverne.com.tr\/travel-blog\/kurban-bayraminda-dogu-anadolu-efsaneleri-gezisi\/#primaryimage\"},\"thumbnailUrl\":\"https:\/\/julesverne.com.tr\/wp-content\/uploads\/2020\/09\/akdamar_adasi.jpg\",\"datePublished\":\"2018-07-12T10:31:04+00:00\",\"dateModified\":\"2020-09-21T14:36:14+00:00\",\"breadcrumb\":{\"@id\":\"https:\/\/julesverne.com.tr\/travel-blog\/kurban-bayraminda-dogu-anadolu-efsaneleri-gezisi\/#breadcrumb\"},\"inLanguage\":\"en-US\",\"potentialAction\":[{\"@type\":\"ReadAction\",\"target\":[\"https:\/\/julesverne.com.tr\/travel-blog\/kurban-bayraminda-dogu-anadolu-efsaneleri-gezisi\/\"]}]},{\"@type\":\"ImageObject\",\"inLanguage\":\"en-US\",\"@id\":\"https:\/\/julesverne.com.tr\/travel-blog\/kurban-bayraminda-dogu-anadolu-efsaneleri-gezisi\/#primaryimage\",\"url\":\"https:\/\/julesverne.com.tr\/wp-content\/uploads\/2020\/09\/akdamar_adasi.jpg\",\"contentUrl\":\"https:\/\/julesverne.com.tr\/wp-content\/uploads\/2020\/09\/akdamar_adasi.jpg\",\"width\":1000,\"height\":643},{\"@type\":\"BreadcrumbList\",\"@id\":\"https:\/\/julesverne.com.tr\/travel-blog\/kurban-bayraminda-dogu-anadolu-efsaneleri-gezisi\/#breadcrumb\",\"itemListElement\":[{\"@type\":\"ListItem\",\"position\":1,\"name\":\"Anasayfa\",\"item\":\"https:\/\/julesverne.com.tr\/\"},{\"@type\":\"ListItem\",\"position\":2,\"name\":\"Kurban Bayram\u0131\u2019nda &#8216;Do\u011fu Anadolu Efsaneleri&#8217; Gezisi\"}]},{\"@type\":\"WebSite\",\"@id\":\"https:\/\/julesverne.com.tr\/#website\",\"url\":\"https:\/\/julesverne.com.tr\/\",\"name\":\"JULES VERNE BUSINESS MICE TRAVEL\",\"description\":\"\",\"publisher\":{\"@id\":\"https:\/\/julesverne.com.tr\/#organization\"},\"potentialAction\":[{\"@type\":\"SearchAction\",\"target\":{\"@type\":\"EntryPoint\",\"urlTemplate\":\"https:\/\/julesverne.com.tr\/?s={search_term_string}\"},\"query-input\":\"required name=search_term_string\"}],\"inLanguage\":\"en-US\"},{\"@type\":\"Organization\",\"@id\":\"https:\/\/julesverne.com.tr\/#organization\",\"name\":\"JULES VERNE BUSINESS MICE TRAVEL\",\"url\":\"https:\/\/julesverne.com.tr\/\",\"logo\":{\"@type\":\"ImageObject\",\"inLanguage\":\"en-US\",\"@id\":\"https:\/\/julesverne.com.tr\/#\/schema\/logo\/image\/\",\"url\":\"https:\/\/julesverne.com.tr\/wp-content\/uploads\/2020\/09\/jv-bmt-logo.png\",\"contentUrl\":\"https:\/\/julesverne.com.tr\/wp-content\/uploads\/2020\/09\/jv-bmt-logo.png\",\"width\":110,\"height\":81,\"caption\":\"JULES VERNE BUSINESS MICE TRAVEL\"},\"image\":{\"@id\":\"https:\/\/julesverne.com.tr\/#\/schema\/logo\/image\/\"},\"sameAs\":[\"https:\/\/www.facebook.com\/JulesVerneBusinessMiceTravel\/\",\"https:\/\/twitter.com\/JV_BusinessMice\",\"https:\/\/www.instagram.com\/julesvernebusinessmicetravel\/\",\"https:\/\/www.linkedin.com\/company\/julesvernebusinessmicetravel\/\",\"https:\/\/www.youtube.com\/channel\/UCAwdsmbZ6tFhu1tea6pkpiw\"]},{\"@type\":\"Person\",\"@id\":\"https:\/\/julesverne.com.tr\/#\/schema\/person\/f4eb0514ae455538644c31b99a466fdb\",\"name\":\"fikirman\",\"sameAs\":[\"http:\/\/advermedya.net\/julesverne\"],\"url\":\"https:\/\/julesverne.com.tr\/en\/author\/fikirman\/\"}]}<\/script>\n<!-- \/ Yoast SEO plugin. -->","yoast_head_json":{"title":"Kurban Bayram\u0131\u2019nda 'Do\u011fu Anadolu Efsaneleri' Gezisi - JULES VERNE BUSINESS MICE TRAVEL","robots":{"index":"index","follow":"follow","max-snippet":"max-snippet:-1","max-image-preview":"max-image-preview:large","max-video-preview":"max-video-preview:-1"},"canonical":"https:\/\/julesverne.com.tr\/travel-blog\/kurban-bayraminda-dogu-anadolu-efsaneleri-gezisi\/","og_locale":"en_US","og_type":"article","og_title":"Kurban Bayram\u0131\u2019nda 'Do\u011fu Anadolu Efsaneleri' Gezisi - JULES VERNE BUSINESS MICE TRAVEL","og_description":"22-25 A\u011fustos tarihlerinde, 3 gece 4 g&uuml;n s&uuml;recek, Do\u011fu'nun en gizemli \u015fehirlerinden biri olan Van ve &ccedil;evresinde \"Do\u011fu Anadolu Efsaneleri Gezisi\" ile ya\u015fad\u0131\u011f\u0131m\u0131z topraklar\u0131n bilinmeyen ve hayranl\u0131k uyand\u0131ran hikayelerine kulak veriyoruz.&nbsp;","og_url":"https:\/\/julesverne.com.tr\/travel-blog\/kurban-bayraminda-dogu-anadolu-efsaneleri-gezisi\/","og_site_name":"JULES VERNE BUSINESS MICE TRAVEL","article_publisher":"https:\/\/www.facebook.com\/JulesVerneBusinessMiceTravel\/","article_published_time":"2018-07-12T10:31:04+00:00","article_modified_time":"2020-09-21T14:36:14+00:00","og_image":[{"width":1000,"height":643,"url":"https:\/\/julesverne.com.tr\/wp-content\/uploads\/2020\/09\/akdamar_adasi.jpg","type":"image\/jpeg"}],"author":"fikirman","twitter_card":"summary_large_image","twitter_creator":"@JV_BusinessMice","twitter_site":"@JV_BusinessMice","twitter_misc":{"Written by":"fikirman","Est. reading time":"4 minutes"},"schema":{"@context":"https:\/\/schema.org","@graph":[{"@type":"Article","@id":"https:\/\/julesverne.com.tr\/travel-blog\/kurban-bayraminda-dogu-anadolu-efsaneleri-gezisi\/#article","isPartOf":{"@id":"https:\/\/julesverne.com.tr\/travel-blog\/kurban-bayraminda-dogu-anadolu-efsaneleri-gezisi\/"},"author":{"name":"fikirman","@id":"https:\/\/julesverne.com.tr\/#\/schema\/person\/f4eb0514ae455538644c31b99a466fdb"},"headline":"Kurban Bayram\u0131\u2019nda &#8216;Do\u011fu Anadolu Efsaneleri&#8217; Gezisi","datePublished":"2018-07-12T10:31:04+00:00","dateModified":"2020-09-21T14:36:14+00:00","mainEntityOfPage":{"@id":"https:\/\/julesverne.com.tr\/travel-blog\/kurban-bayraminda-dogu-anadolu-efsaneleri-gezisi\/"},"wordCount":753,"publisher":{"@id":"https:\/\/julesverne.com.tr\/#organization"},"image":{"@id":"https:\/\/julesverne.com.tr\/travel-blog\/kurban-bayraminda-dogu-anadolu-efsaneleri-gezisi\/#primaryimage"},"thumbnailUrl":"https:\/\/julesverne.com.tr\/wp-content\/uploads\/2020\/09\/akdamar_adasi.jpg","articleSection":["Blog"],"inLanguage":"en-US"},{"@type":"WebPage","@id":"https:\/\/julesverne.com.tr\/travel-blog\/kurban-bayraminda-dogu-anadolu-efsaneleri-gezisi\/","url":"https:\/\/julesverne.com.tr\/travel-blog\/kurban-bayraminda-dogu-anadolu-efsaneleri-gezisi\/","name":"Kurban Bayram\u0131\u2019nda 'Do\u011fu Anadolu Efsaneleri' Gezisi - JULES VERNE BUSINESS MICE TRAVEL","isPartOf":{"@id":"https:\/\/julesverne.com.tr\/#website"},"primaryImageOfPage":{"@id":"https:\/\/julesverne.com.tr\/travel-blog\/kurban-bayraminda-dogu-anadolu-efsaneleri-gezisi\/#primaryimage"},"image":{"@id":"https:\/\/julesverne.com.tr\/travel-blog\/kurban-bayraminda-dogu-anadolu-efsaneleri-gezisi\/#primaryimage"},"thumbnailUrl":"https:\/\/julesverne.com.tr\/wp-content\/uploads\/2020\/09\/akdamar_adasi.jpg","datePublished":"2018-07-12T10:31:04+00:00","dateModified":"2020-09-21T14:36:14+00:00","breadcrumb":{"@id":"https:\/\/julesverne.com.tr\/travel-blog\/kurban-bayraminda-dogu-anadolu-efsaneleri-gezisi\/#breadcrumb"},"inLanguage":"en-US","potentialAction":[{"@type":"ReadAction","target":["https:\/\/julesverne.com.tr\/travel-blog\/kurban-bayraminda-dogu-anadolu-efsaneleri-gezisi\/"]}]},{"@type":"ImageObject","inLanguage":"en-US","@id":"https:\/\/julesverne.com.tr\/travel-blog\/kurban-bayraminda-dogu-anadolu-efsaneleri-gezisi\/#primaryimage","url":"https:\/\/julesverne.com.tr\/wp-content\/uploads\/2020\/09\/akdamar_adasi.jpg","contentUrl":"https:\/\/julesverne.com.tr\/wp-content\/uploads\/2020\/09\/akdamar_adasi.jpg","width":1000,"height":643},{"@type":"BreadcrumbList","@id":"https:\/\/julesverne.com.tr\/travel-blog\/kurban-bayraminda-dogu-anadolu-efsaneleri-gezisi\/#breadcrumb","itemListElement":[{"@type":"ListItem","position":1,"name":"Anasayfa","item":"https:\/\/julesverne.com.tr\/"},{"@type":"ListItem","position":2,"name":"Kurban Bayram\u0131\u2019nda &#8216;Do\u011fu Anadolu Efsaneleri&#8217; Gezisi"}]},{"@type":"WebSite","@id":"https:\/\/julesverne.com.tr\/#website","url":"https:\/\/julesverne.com.tr\/","name":"JULES VERNE BUSINESS MICE TRAVEL","description":"","publisher":{"@id":"https:\/\/julesverne.com.tr\/#organization"},"potentialAction":[{"@type":"SearchAction","target":{"@type":"EntryPoint","urlTemplate":"https:\/\/julesverne.com.tr\/?s={search_term_string}"},"query-input":"required name=search_term_string"}],"inLanguage":"en-US"},{"@type":"Organization","@id":"https:\/\/julesverne.com.tr\/#organization","name":"JULES VERNE BUSINESS MICE TRAVEL","url":"https:\/\/julesverne.com.tr\/","logo":{"@type":"ImageObject","inLanguage":"en-US","@id":"https:\/\/julesverne.com.tr\/#\/schema\/logo\/image\/","url":"https:\/\/julesverne.com.tr\/wp-content\/uploads\/2020\/09\/jv-bmt-logo.png","contentUrl":"https:\/\/julesverne.com.tr\/wp-content\/uploads\/2020\/09\/jv-bmt-logo.png","width":110,"height":81,"caption":"JULES VERNE BUSINESS MICE TRAVEL"},"image":{"@id":"https:\/\/julesverne.com.tr\/#\/schema\/logo\/image\/"},"sameAs":["https:\/\/www.facebook.com\/JulesVerneBusinessMiceTravel\/","https:\/\/twitter.com\/JV_BusinessMice","https:\/\/www.instagram.com\/julesvernebusinessmicetravel\/","https:\/\/www.linkedin.com\/company\/julesvernebusinessmicetravel\/","https:\/\/www.youtube.com\/channel\/UCAwdsmbZ6tFhu1tea6pkpiw"]},{"@type":"Person","@id":"https:\/\/julesverne.com.tr\/#\/schema\/person\/f4eb0514ae455538644c31b99a466fdb","name":"fikirman","sameAs":["http:\/\/advermedya.net\/julesverne"],"url":"https:\/\/julesverne.com.tr\/en\/author\/fikirman\/"}]}},"_links":{"self":[{"href":"https:\/\/julesverne.com.tr\/en\/wp-json\/wp\/v2\/posts\/1948"}],"collection":[{"href":"https:\/\/julesverne.com.tr\/en\/wp-json\/wp\/v2\/posts"}],"about":[{"href":"https:\/\/julesverne.com.tr\/en\/wp-json\/wp\/v2\/types\/post"}],"author":[{"embeddable":true,"href":"https:\/\/julesverne.com.tr\/en\/wp-json\/wp\/v2\/users\/1"}],"replies":[{"embeddable":true,"href":"https:\/\/julesverne.com.tr\/en\/wp-json\/wp\/v2\/comments?post=1948"}],"version-history":[{"count":0,"href":"https:\/\/julesverne.com.tr\/en\/wp-json\/wp\/v2\/posts\/1948\/revisions"}],"wp:featuredmedia":[{"embeddable":true,"href":"https:\/\/julesverne.com.tr\/en\/wp-json\/wp\/v2\/media\/1949"}],"wp:attachment":[{"href":"https:\/\/julesverne.com.tr\/en\/wp-json\/wp\/v2\/media?parent=1948"}],"wp:term":[{"taxonomy":"category","embeddable":true,"href":"https:\/\/julesverne.com.tr\/en\/wp-json\/wp\/v2\/categories?post=1948"},{"taxonomy":"post_tag","embeddable":true,"href":"https:\/\/julesverne.com.tr\/en\/wp-json\/wp\/v2\/tags?post=1948"}],"curies":[{"name":"wp","href":"https:\/\/api.w.org\/{rel}","templated":true}]}}