{"id":1934,"date":"2022-06-14T09:59:54","date_gmt":"2022-06-14T06:59:54","guid":{"rendered":"https:\/\/www.julesverne.com.tr\/\/blog\/italyanin-en-guzel-10-adasi\/"},"modified":"2024-05-09T09:32:26","modified_gmt":"2024-05-09T06:32:26","slug":"italyanin-en-guzel-11-adasi","status":"publish","type":"post","link":"https:\/\/julesverne.com.tr\/en\/travel-blog\/italyanin-en-guzel-11-adasi\/","title":{"rendered":"\u0130talya\u2019n\u0131n En G\u00fczel 10 Adas\u0131"},"content":{"rendered":"<p><\/p>\n<p style=\"text-align: center;\"><img loading=\"lazy\" decoding=\"async\" class=\"alignnone wp-image-4640\" src=\"https:\/\/www.julesverne.com.tr\/\/wp-content\/uploads\/2020\/09\/1-4.jpg\" alt=\"\" width=\"1200\" height=\"802\" srcset=\"https:\/\/julesverne.com.tr\/wp-content\/uploads\/2020\/09\/1-4.jpg 1000w, https:\/\/julesverne.com.tr\/wp-content\/uploads\/2020\/09\/1-4-500x334.jpg 500w, https:\/\/julesverne.com.tr\/wp-content\/uploads\/2020\/09\/1-4-768x513.jpg 768w\" sizes=\"(max-width: 1200px) 100vw, 1200px\" \/><\/p>\n<p>K\u00fclt\u00fcrel ve do\u011fal g\u00fczellikleri d\u00fc\u015f\u00fcnecek olursak d\u00fcnyan\u0131n en zengin \u00fclkelerinden birinin \u0130talya oldu\u011funda hem fikir olabiliriz! Bu zengin \u00fclkenin hazinelerinden biri de beyaz kumlu plajlar\u0131 ve dramatik volkanlar\u0131yla b\u00fcy\u00fcleyici manzaralara sahip g\u00fczel adalar koleksiyonu.<\/p>\n<p style=\"text-align: center;\"><img loading=\"lazy\" decoding=\"async\" class=\"alignnone wp-image-4641\" src=\"https:\/\/www.julesverne.com.tr\/\/wp-content\/uploads\/2020\/09\/2-7.jpg\" alt=\"\" width=\"1200\" height=\"524\" srcset=\"https:\/\/julesverne.com.tr\/wp-content\/uploads\/2020\/09\/2-7.jpg 733w, https:\/\/julesverne.com.tr\/wp-content\/uploads\/2020\/09\/2-7-500x218.jpg 500w\" sizes=\"(max-width: 1200px) 100vw, 1200px\" \/><\/p>\n<p>Sizin i\u00e7in se\u00e7ti\u011fimiz \u0130talyan adalar\u0131nda b\u00fcy\u00fcleyici kasabalar\u0131 ve arkeolojik simge yap\u0131lar\u0131 ke\u015ffedebilir, muhte\u015fem yiyecek ve \u015faraplarla kendinizi \u015f\u0131martabilir veya g\u00fcnlerinizi y\u00fczerek, \u015fnorkelle dal\u0131\u015f yaparak, kristallerle kapl\u0131 koylarda t\u00fcpl\u00fc dal\u0131\u015f yaparak ge\u00e7irebilirsiniz.<\/p>\n<p><strong>Sardinya\u2019dan Capri\u2019ye, Sicilya\u2019dan Procida\u2019ya, Elba\u2019dan Pantelleria\u2019ya \u0130talya\u2019n\u0131n en g\u00fczel 10 Adas\u0131&#8230;<\/strong><\/p>\n<p><strong>Sardinya<\/strong><\/p>\n<p style=\"text-align: center;\"><strong><img loading=\"lazy\" decoding=\"async\" class=\"alignnone wp-image-4642\" src=\"https:\/\/www.julesverne.com.tr\/\/wp-content\/uploads\/2020\/09\/sardinya-1.jpg\" alt=\"\" width=\"1200\" height=\"801\" srcset=\"https:\/\/julesverne.com.tr\/wp-content\/uploads\/2020\/09\/sardinya-1.jpg 733w, https:\/\/julesverne.com.tr\/wp-content\/uploads\/2020\/09\/sardinya-1-500x334.jpg 500w\" sizes=\"(max-width: 1200px) 100vw, 1200px\" \/><\/strong><\/p>\n<p>Yaln\u0131zca \u0130talya&#8217;n\u0131n de\u011fil Akdeniz&#8217;in de pop\u00fcler adas\u0131 Sardinya; do\u011fas\u0131, tarihi kal\u0131nt\u0131lar\u0131, plajlar\u0131, gece hayat\u0131 ve mutfak k\u00fclt\u00fcr\u00fcyle i\u00e7inizdeki seyahat etme arzusunu uyand\u0131r\u0131yor. Sardinya, iklimi ve do\u011fas\u0131 sayesinde y\u0131l\u0131n 6 ay\u0131 seyahat severlerin ilgisiyle enerjisini yukar\u0131lara ta\u015f\u0131yor.<\/p>\n<p style=\"text-align: center;\"><img loading=\"lazy\" decoding=\"async\" class=\"alignnone wp-image-4643\" src=\"https:\/\/www.julesverne.com.tr\/\/wp-content\/uploads\/2020\/09\/sardinya-3.jpg\" alt=\"\" width=\"1200\" height=\"800\" srcset=\"https:\/\/julesverne.com.tr\/wp-content\/uploads\/2020\/09\/sardinya-3.jpg 800w, https:\/\/julesverne.com.tr\/wp-content\/uploads\/2020\/09\/sardinya-3-500x333.jpg 500w, https:\/\/julesverne.com.tr\/wp-content\/uploads\/2020\/09\/sardinya-3-768x512.jpg 768w\" sizes=\"(max-width: 1200px) 100vw, 1200px\" \/><\/p>\n<p>\u00a0L\u00fcks yatlar\u0131, resort otelleri, zengin ya\u015fam\u0131 ile Porto Cervo; gece hayat\u0131 ile Cagliari; kald\u0131r\u0131m ta\u015fl\u0131 sokaklar\u0131n\u0131 renklendiren restoranlar\u0131 ve butikleriyle Alghero gezilmeli. Tabi bir de adan\u0131n d\u00f6rt bir yan\u0131nda kar\u015f\u0131n\u0131za \u00e7\u0131kan \u015fahane plajlar\u0131 g\u00f6r\u00fclmeye de\u011fer.<\/p>\n<p><strong>Capri<\/strong><\/p>\n<p style=\"text-align: center;\"><img loading=\"lazy\" decoding=\"async\" class=\"alignnone wp-image-4644\" src=\"https:\/\/www.julesverne.com.tr\/\/wp-content\/uploads\/2020\/09\/capri.jpg\" alt=\"\" width=\"1200\" height=\"846\" srcset=\"https:\/\/julesverne.com.tr\/wp-content\/uploads\/2020\/09\/capri.jpg 736w, https:\/\/julesverne.com.tr\/wp-content\/uploads\/2020\/09\/capri-500x353.jpg 500w\" sizes=\"(max-width: 1200px) 100vw, 1200px\" \/><\/p>\n<p>Capri Adas\u0131, Akdeniz\u2019in iltimas ge\u00e7ti\u011fi do\u011fas\u0131n\u0131n i\u00e7inde yer alan villalar\u0131, Antik Roma\u2019dan kalan patikalar\u0131, d\u00fcnyaca \u00fcnl\u00fc kayal\u0131klar\u0131 ve ma\u011faralar\u0131yla zengin bir g\u00f6r\u00fcn\u00fcme sahip.<\/p>\n<p style=\"text-align: center;\"><img loading=\"lazy\" decoding=\"async\" class=\"alignnone wp-image-4645\" src=\"https:\/\/www.julesverne.com.tr\/\/wp-content\/uploads\/2020\/09\/capri-2.png\" alt=\"\" width=\"1200\" height=\"732\" srcset=\"https:\/\/julesverne.com.tr\/wp-content\/uploads\/2020\/09\/capri-2.png 905w, https:\/\/julesverne.com.tr\/wp-content\/uploads\/2020\/09\/capri-2-500x305.png 500w, https:\/\/julesverne.com.tr\/wp-content\/uploads\/2020\/09\/capri-2-768x468.png 768w\" sizes=\"(max-width: 1200px) 100vw, 1200px\" \/><\/p>\n<p>I\u015f\u0131l \u0131\u015f\u0131l sokaklar\u0131ndan zarif butiklere do\u011fru sal\u0131n\u0131rken kendinizi g\u00fczel bir hik\u00e2yenin kahraman\u0131 gibi hissediyorsunuz. U\u00e7suz bucaks\u0131z bir mavili\u011fin ortas\u0131nda, hafif\u00e7e y\u00fcz\u00fcn\u00fcz\u00fc ok\u015fayan bir r\u00fczg\u00e2ra kar\u015f\u0131 durdu\u011funuz bu yer bir hayal veya r\u00fcya de\u011fil.<\/p>\n<p><strong>Sicilya<\/strong><\/p>\n<p style=\"text-align: center;\"><img loading=\"lazy\" decoding=\"async\" class=\"alignnone wp-image-4646\" src=\"https:\/\/www.julesverne.com.tr\/\/wp-content\/uploads\/2020\/09\/sicilya-1.jpg\" alt=\"\" width=\"1200\" height=\"801\" srcset=\"https:\/\/julesverne.com.tr\/wp-content\/uploads\/2020\/09\/sicilya-1.jpg 733w, https:\/\/julesverne.com.tr\/wp-content\/uploads\/2020\/09\/sicilya-1-500x334.jpg 500w\" sizes=\"(max-width: 1200px) 100vw, 1200px\" \/><\/p>\n<p>\u0130talya&#8217;n\u0131n en b\u00fcy\u00fck adas\u0131 olan Sicilya, Akdeniz&#8217;in sundu\u011fu t\u00fcm nimetleri kendi s\u0131n\u0131rlar\u0131 i\u00e7erisinde toplayarak sizi her k\u00f6\u015fesinde \u015fa\u015f\u0131rtmay\u0131 ba\u015far\u0131yor. G\u00fczel mimarisi, da\u011flar\u0131, plajlar\u0131, parklar\u0131 ve kasabalar\u0131yla bir kitab\u0131n sayfalar\u0131n\u0131 \u00e7evirir gibi heyecanl\u0131 ve s\u00fcrprizli bir adadan bahsediyoruz.<\/p>\n<p style=\"text-align: center;\"><img loading=\"lazy\" decoding=\"async\" class=\"alignnone wp-image-4647\" src=\"https:\/\/www.julesverne.com.tr\/\/wp-content\/uploads\/2020\/09\/sicilya-2-1.jpg\" alt=\"\" width=\"1200\" height=\"799\" srcset=\"https:\/\/julesverne.com.tr\/wp-content\/uploads\/2020\/09\/sicilya-2-1.jpg 704w, https:\/\/julesverne.com.tr\/wp-content\/uploads\/2020\/09\/sicilya-2-1-500x333.jpg 500w\" sizes=\"(max-width: 1200px) 100vw, 1200px\" \/><\/p>\n<p>Palermo&#8217;nun Barok mimarisine hayran kal\u0131p, lokal pazarlar\u0131nda taptaze tatlar bulabilirsiniz. Taormina ve Cefalu&#8217;da ise denizin tad\u0131n\u0131 \u00e7\u0131karabilirsiniz. Barok stilin uyumu ve birli\u011fi ad\u0131na d\u00fcnyada benzersiz bir mimari panorama sunan Noto&#8217;yu da gezmeyi unutmay\u0131n.<\/p>\n<p><strong>Procida<\/strong><\/p>\n<p style=\"text-align: center;\"><img loading=\"lazy\" decoding=\"async\" class=\"alignnone wp-image-4648\" src=\"https:\/\/www.julesverne.com.tr\/\/wp-content\/uploads\/2020\/09\/procida-1.jpg\" alt=\"\" width=\"1200\" height=\"605\" srcset=\"https:\/\/julesverne.com.tr\/wp-content\/uploads\/2020\/09\/procida-1.jpg 1280w, https:\/\/julesverne.com.tr\/wp-content\/uploads\/2020\/09\/procida-1-500x252.jpg 500w, https:\/\/julesverne.com.tr\/wp-content\/uploads\/2020\/09\/procida-1-768x387.jpg 768w\" sizes=\"(max-width: 1200px) 100vw, 1200px\" \/><\/p>\n<p>\u0130talya&#8217;n\u0131n m\u00fctevaz\u0131 ve k\u00fc\u00e7\u00fck b\u00f6lgesi Campania&#8217;n\u0131n 3 ba\u015frol oyuncusu Napoli, Procida Adas\u0131 ve Ischia Adas\u0131. Napoli&#8217;den s\u00f6z a\u00e7\u0131ld\u0131\u011f\u0131nda akl\u0131n\u0131za Amalfi k\u0131y\u0131lar\u0131n\u0131n d\u00fcnyaca \u00fcnl\u00fc kasabalar\u0131 gelse de biz size huzur ve dinginlik adas\u0131 Procida&#8217;dan bahsetmek istiyoruz.<\/p>\n<p style=\"text-align: center;\"><img loading=\"lazy\" decoding=\"async\" class=\"alignnone wp-image-4649\" src=\"https:\/\/www.julesverne.com.tr\/\/wp-content\/uploads\/2020\/09\/procida-2.jpg\" alt=\"\" width=\"1200\" height=\"801\" srcset=\"https:\/\/julesverne.com.tr\/wp-content\/uploads\/2020\/09\/procida-2.jpg 733w, https:\/\/julesverne.com.tr\/wp-content\/uploads\/2020\/09\/procida-2-500x334.jpg 500w\" sizes=\"(max-width: 1200px) 100vw, 1200px\" \/><\/p>\n<p>Procida Adas\u0131&#8217;n\u0131 g\u00f6rd\u00fckten sonra, bu zamana kadar &#8220;gizli cennet&#8221; olarak tasvir edilen bir\u00e7ok yerin pek de &#8220;gizli&#8221; olmad\u0131\u011f\u0131na karar verebilirsiniz. Napoli&#8217;den 45 dakikal\u0131k bir deniz yolculu\u011fuyla ula\u015faca\u011f\u0131n\u0131z Procida pastel tonlarda boyanan renkli evleri, k\u00fc\u00e7\u00fck kumsallar\u0131 ve \u00f6zg\u00fcn ya\u015fant\u0131s\u0131yla \u015fehirden ka\u00e7\u0131\u015f\u0131n en cazip hali!<\/p>\n<p><strong>Elba<\/strong><\/p>\n<p style=\"text-align: center;\"><strong><img loading=\"lazy\" decoding=\"async\" class=\"alignnone wp-image-4650\" src=\"https:\/\/www.julesverne.com.tr\/\/wp-content\/uploads\/2020\/09\/elba.jpg\" alt=\"\" width=\"1200\" height=\"616\" srcset=\"https:\/\/julesverne.com.tr\/wp-content\/uploads\/2020\/09\/elba.jpg 733w, https:\/\/julesverne.com.tr\/wp-content\/uploads\/2020\/09\/elba-500x256.jpg 500w\" sizes=\"(max-width: 1200px) 100vw, 1200px\" \/><\/strong><\/p>\n<p>Toskana Tak\u0131madalar\u0131\u2019n\u0131n en b\u00fcy\u00fck adas\u0131 olan Elba, hareketli \u015fehir hayat\u0131ndan bir molaya ihtiya\u00e7 duydu\u011funuzda g\u00fczel bir s\u0131\u011f\u0131nak oluyor. Napolyon&#8217;un 1800&#8217;l\u00fc y\u0131llarda Fransa&#8217;dan s\u00fcrg\u00fcn edildi\u011fi yer olarak tarihe ad\u0131n\u0131 yazd\u0131ran Elba, bug\u00fcn sahilini dolduran canl\u0131 barlar\u0131 ve birbirinden g\u00fczel meydanlar\u0131yla tan\u0131n\u0131yor.<\/p>\n<p><img loading=\"lazy\" decoding=\"async\" class=\"alignnone wp-image-4651\" src=\"https:\/\/www.julesverne.com.tr\/\/wp-content\/uploads\/2020\/09\/elba-2.jpg\" alt=\"\" width=\"1200\" height=\"900\" srcset=\"https:\/\/julesverne.com.tr\/wp-content\/uploads\/2020\/09\/elba-2.jpg 800w, https:\/\/julesverne.com.tr\/wp-content\/uploads\/2020\/09\/elba-2-500x375.jpg 500w, https:\/\/julesverne.com.tr\/wp-content\/uploads\/2020\/09\/elba-2-768x576.jpg 768w\" sizes=\"(max-width: 1200px) 100vw, 1200px\" \/><\/p>\n<p>Alt\u0131n kumlu plajlar\u0131nda, marinalar\u0131nda ve Etr\u00fcsk kasabalar\u0131nda zaman\u0131n\u0131z\u0131 doyas\u0131ya ge\u00e7irebilirsiniz.<\/p>\n<p><strong>La Maddalena<\/strong><\/p>\n<p style=\"text-align: center;\"><strong><img loading=\"lazy\" decoding=\"async\" class=\"alignnone wp-image-4652\" src=\"https:\/\/www.julesverne.com.tr\/\/wp-content\/uploads\/2020\/09\/Maddalena.jpg\" alt=\"\" width=\"1200\" height=\"364\" srcset=\"https:\/\/julesverne.com.tr\/wp-content\/uploads\/2020\/09\/Maddalena.jpg 1280w, https:\/\/julesverne.com.tr\/wp-content\/uploads\/2020\/09\/Maddalena-500x152.jpg 500w, https:\/\/julesverne.com.tr\/wp-content\/uploads\/2020\/09\/Maddalena-768x233.jpg 768w\" sizes=\"(max-width: 1200px) 100vw, 1200px\" \/><\/strong><\/p>\n<p>Kayal\u0131klardan ve granitten olu\u015fan arazi olarak bilinen cennet gibi bir ada La Maddalena; ayn\u0131 zamanda Maddalena tak\u0131madas\u0131n\u0131n da en b\u00fcy\u00fc\u011f\u00fc.<\/p>\n<p style=\"text-align: center;\"><img loading=\"lazy\" decoding=\"async\" class=\"alignnone wp-image-4653\" src=\"https:\/\/www.julesverne.com.tr\/\/wp-content\/uploads\/2020\/09\/Maddalena-2.jpg\" alt=\"\" width=\"1200\" height=\"800\" srcset=\"https:\/\/julesverne.com.tr\/wp-content\/uploads\/2020\/09\/Maddalena-2.jpg 1280w, https:\/\/julesverne.com.tr\/wp-content\/uploads\/2020\/09\/Maddalena-2-500x333.jpg 500w, https:\/\/julesverne.com.tr\/wp-content\/uploads\/2020\/09\/Maddalena-2-768x512.jpg 768w\" sizes=\"(max-width: 1200px) 100vw, 1200px\" \/><\/p>\n<p>P\u00fcr\u00fczl\u00fc k\u0131y\u0131 \u00e7izgisi, kumsal\u0131, z\u00fcmr\u00fct ye\u015fili sular\u0131yla \u0130talya k\u0131y\u0131s\u0131nda bir adadan ziyade tropik bir Tahiti deneyimi ya\u015fat\u0131yor. La Maddelena\u2019dan bir gemiyle mercan rengi plajlara sahip olan Isola Budelli ve Spargi\u2019ye gidebilirsiniz.<\/p>\n<p><strong>San Domino<\/strong><\/p>\n<p style=\"text-align: left;\">Tremiti tak\u0131madas\u0131n\u0131n en geni\u015f ve \u0131ss\u0131z iki adas\u0131ndan biri olan San Domino (di\u011feri San Nicola) &#8220;ara\u00e7s\u0131z ada&#8221; olarak biliniyor. \u00c7ok k\u00fc\u00e7\u00fck oldu\u011fu i\u00e7in t\u00fcm aday\u0131 iki saatte dola\u015f\u0131labilirsiniz.<\/p>\n<p style=\"text-align: center;\"><img loading=\"lazy\" decoding=\"async\" class=\"alignnone wp-image-4654\" src=\"https:\/\/www.julesverne.com.tr\/\/wp-content\/uploads\/2020\/09\/san-domino-italy.jpg\" alt=\"\" width=\"1200\" height=\"900\" srcset=\"https:\/\/julesverne.com.tr\/wp-content\/uploads\/2020\/09\/san-domino-italy.jpg 820w, https:\/\/julesverne.com.tr\/wp-content\/uploads\/2020\/09\/san-domino-italy-500x375.jpg 500w, https:\/\/julesverne.com.tr\/wp-content\/uploads\/2020\/09\/san-domino-italy-768x576.jpg 768w\" sizes=\"(max-width: 1200px) 100vw, 1200px\" \/><\/p>\n<p>Ke\u015ffedilmeyi bekleyen d\u00fczinelerce huzurlu koyu, ayr\u0131ca dal\u0131\u015f yap\u0131labilecek sualt\u0131 ma\u011faralar\u0131 ve denizi \u00e7evreleyen \u00e7am a\u011fac\u0131 ormanlar\u0131yla sessizlik ve huzur arayanlar i\u00e7in cennet gibi.<\/p>\n<p><strong>Ischia<\/strong><\/p>\n<p style=\"text-align: center;\"><strong><img loading=\"lazy\" decoding=\"async\" class=\"alignnone wp-image-4655\" src=\"https:\/\/www.julesverne.com.tr\/\/wp-content\/uploads\/2020\/09\/Ischia.jpg\" alt=\"\" width=\"1200\" height=\"629\" srcset=\"https:\/\/julesverne.com.tr\/wp-content\/uploads\/2020\/09\/Ischia.jpg 733w, https:\/\/julesverne.com.tr\/wp-content\/uploads\/2020\/09\/Ischia-500x262.jpg 500w\" sizes=\"(max-width: 1200px) 100vw, 1200px\" \/><\/strong><\/p>\n<p>Capri manzaral\u0131 Ischia g\u00fczel manzaralar\u0131 ve kapl\u0131calar\u0131 ile \u0130talya&#8217;n\u0131n pop\u00fcler destinasyonlar\u0131ndan. Napoli K\u00f6rfezi&#8217;nin g\u00fczel manzaral\u0131 adalar\u0131 aras\u0131nda 1 numara olan Ischia, Capri&#8217;den daha az pop\u00fcler olmas\u0131n\u0131n kar\u015f\u0131l\u0131\u011f\u0131n\u0131 size ya\u015fatt\u0131\u011f\u0131 s\u00fck\u00fbnetle veriyor.<\/p>\n<p style=\"text-align: center;\"><img loading=\"lazy\" decoding=\"async\" class=\"alignnone wp-image-4656\" src=\"https:\/\/www.julesverne.com.tr\/\/wp-content\/uploads\/2020\/09\/Ischia-2.jpg\" alt=\"\" width=\"1200\" height=\"675\" srcset=\"https:\/\/julesverne.com.tr\/wp-content\/uploads\/2020\/09\/Ischia-2.jpg 1280w, https:\/\/julesverne.com.tr\/wp-content\/uploads\/2020\/09\/Ischia-2-500x281.jpg 500w, https:\/\/julesverne.com.tr\/wp-content\/uploads\/2020\/09\/Ischia-2-768x432.jpg 768w, https:\/\/julesverne.com.tr\/wp-content\/uploads\/2020\/09\/Ischia-2-400x225.jpg 400w\" sizes=\"(max-width: 1200px) 100vw, 1200px\" \/><\/p>\n<p>Restoran, bar ve butiklerle canlanan Ischia\u2019da;\u00a0 Aragonese Kalesi, g\u00fczel kumsallar\u0131yla bilinen Venture to Forio ve bal\u0131k\u00e7\u0131 kasabas\u0131 Sant&#8217;Angelo ke\u015ffedilmeyi bekliyor.<\/p>\n<p><strong>Favignana<\/strong><\/p>\n<p style=\"text-align: center;\"><strong><img loading=\"lazy\" decoding=\"async\" class=\"wp-image-4657 alignnone\" src=\"https:\/\/www.julesverne.com.tr\/\/wp-content\/uploads\/2020\/09\/favignana.jpg\" alt=\"\" width=\"1200\" height=\"801\" srcset=\"https:\/\/julesverne.com.tr\/wp-content\/uploads\/2020\/09\/favignana.jpg 617w, https:\/\/julesverne.com.tr\/wp-content\/uploads\/2020\/09\/favignana-500x334.jpg 500w\" sizes=\"(max-width: 1200px) 100vw, 1200px\" \/><\/strong><\/p>\n<p>Kelebek \u015feklindeki Favignana, Egadi Adalar\u0131 aras\u0131nda en pop\u00fcler olan\u0131. Cala Rossa, Karayip mavisi sular\u0131yla atlanmamas\u0131 gereken bir nokta.<\/p>\n<p><img loading=\"lazy\" decoding=\"async\" class=\"alignnone wp-image-4658\" src=\"https:\/\/www.julesverne.com.tr\/\/wp-content\/uploads\/2020\/09\/Favignana-2.jpg\" alt=\"\" width=\"1200\" height=\"797\" srcset=\"https:\/\/julesverne.com.tr\/wp-content\/uploads\/2020\/09\/Favignana-2.jpg 1280w, https:\/\/julesverne.com.tr\/wp-content\/uploads\/2020\/09\/Favignana-2-500x332.jpg 500w, https:\/\/julesverne.com.tr\/wp-content\/uploads\/2020\/09\/Favignana-2-768x510.jpg 768w\" sizes=\"(max-width: 1200px) 100vw, 1200px\" \/><\/p>\n<p>Sivri k\u0131y\u0131 \u015feridi ve bu \u015feridin \u00fczerinde dantel gibi i\u015flenmi\u015f k\u00fc\u00e7\u00fck koylar\u0131yla ciddi bir plaj yelpazesine sahip.<\/p>\n<p><strong>Pantelleria<\/strong><\/p>\n<p style=\"text-align: center;\"><strong><img loading=\"lazy\" decoding=\"async\" class=\"alignnone wp-image-4659\" src=\"https:\/\/www.julesverne.com.tr\/\/wp-content\/uploads\/2020\/09\/Pantelleria.jpg\" alt=\"\" width=\"1200\" height=\"600\" srcset=\"https:\/\/julesverne.com.tr\/wp-content\/uploads\/2020\/09\/Pantelleria.jpg 800w, https:\/\/julesverne.com.tr\/wp-content\/uploads\/2020\/09\/Pantelleria-500x250.jpg 500w, https:\/\/julesverne.com.tr\/wp-content\/uploads\/2020\/09\/Pantelleria-768x384.jpg 768w\" sizes=\"(max-width: 1200px) 100vw, 1200px\" \/><\/strong><\/p>\n<p>\u0130talya&#8217;da s\u0131ra d\u0131\u015f\u0131 ve herkesin radar\u0131nda olmayan bir adaya gitmek istiyorsan\u0131z haritada hi\u00e7 yer aramay\u0131n: Sizin arad\u0131\u011f\u0131n\u0131z ada Pantelleria!<\/p>\n<p style=\"text-align: center;\"><img loading=\"lazy\" decoding=\"async\" class=\"alignnone wp-image-4660\" src=\"https:\/\/www.julesverne.com.tr\/\/wp-content\/uploads\/2020\/09\/Pantelleria-2.jpg\" alt=\"\" width=\"1200\" height=\"902\" srcset=\"https:\/\/julesverne.com.tr\/wp-content\/uploads\/2020\/09\/Pantelleria-2.jpg 733w, https:\/\/julesverne.com.tr\/wp-content\/uploads\/2020\/09\/Pantelleria-2-500x376.jpg 500w\" sizes=\"(max-width: 1200px) 100vw, 1200px\" \/><\/p>\n<p>Kartpostal gibi duran manzaralar\u0131 ile bilinen ada Sicilya ile Tunus aras\u0131nda konumlan\u0131yor. G\u00f6lleri, lag\u00fcnleri, kapl\u0131calar\u0131 ve \u015farap imalathaneleri ile \u00fcnl\u00fc Pantelleria Adas\u0131 huzur, do\u011fa ve sakinlik arayanlar i\u00e7in ideal. Giorgio Armani&#8217;nin de burada bir villas\u0131 oldu\u011funu ekleyelim.<\/p>\n<p style=\"text-align: center;\">Gelecek Seyahat Planlamalar\u0131n\u0131z \u0130\u00e7in<\/p>\n<p style=\"text-align: center;\"><a href=\"mailto:Travel@julesverne.com.tr\">Travel@julesverne.com.tr<\/a><\/p>\n<p><\/p>","protected":false},"excerpt":{"rendered":"<p>Sardinya&rsquo;dan Capri&rsquo;ye, Sicilya&rsquo;dan Procida&rsquo;ya, Elba&rsquo;dan Pantelleria&rsquo;ya \u0130talya&rsquo;n\u0131n en g&uuml;zel 10 Adas\u0131&#8230;<\/p>\n","protected":false},"author":1,"featured_media":13606,"comment_status":"closed","ping_status":"closed","sticky":false,"template":"","format":"standard","meta":{"inline_featured_image":false,"footnotes":""},"categories":[38,1,39],"tags":[105,77,238],"acf":[],"yoast_head":"<!-- This site is optimized with the Yoast SEO plugin v22.3 - https:\/\/yoast.com\/wordpress\/plugins\/seo\/ -->\n<title>\u0130talya\u2019n\u0131n En G\u00fczel 10 Adas\u0131 - JULES VERNE BUSINESS MICE TRAVEL<\/title>\n<meta name=\"description\" content=\"Sardinya\u2019dan Capri\u2019ye, Sicilya\u2019dan Procida\u2019ya, Elba\u2019dan Pantelleria\u2019ya \u0130talya\u2019n\u0131n en g\u00fczel 10 Adas\u0131\" \/>\n<meta name=\"robots\" content=\"index, follow, max-snippet:-1, max-image-preview:large, max-video-preview:-1\" \/>\n<link rel=\"canonical\" href=\"https:\/\/julesverne.com.tr\/travel-blog\/italyanin-en-guzel-11-adasi\/\" \/>\n<meta property=\"og:locale\" content=\"en_US\" \/>\n<meta property=\"og:type\" content=\"article\" \/>\n<meta property=\"og:title\" content=\"[:tr]\u0130talya\u2019n\u0131n En G\u00fczel 11 Adas\u0131[:en]\u0130talya\u2019n\u0131n En G\u00fczel 10 Adas\u0131[:] - JULES VERNE BUSINESS MICE TRAVEL\" \/>\n<meta property=\"og:description\" content=\"Sardinya\u2019dan Capri\u2019ye, Sicilya\u2019dan Procida\u2019ya, Elba\u2019dan Pantelleria\u2019ya \u0130talya\u2019n\u0131n en g\u00fczel 10 Adas\u0131\" \/>\n<meta property=\"og:url\" content=\"https:\/\/julesverne.com.tr\/travel-blog\/italyanin-en-guzel-11-adasi\/\" \/>\n<meta property=\"og:site_name\" content=\"JULES VERNE BUSINESS MICE TRAVEL\" \/>\n<meta property=\"article:publisher\" content=\"https:\/\/www.facebook.com\/JulesVerneBusinessMiceTravel\/\" \/>\n<meta property=\"article:published_time\" content=\"2022-06-14T06:59:54+00:00\" \/>\n<meta property=\"article:modified_time\" content=\"2024-05-09T06:32:26+00:00\" \/>\n<meta property=\"og:image\" content=\"https:\/\/julesverne.com.tr\/wp-content\/uploads\/2021\/01\/129039243_m-scaled.jpg\" \/>\n\t<meta property=\"og:image:width\" content=\"1600\" \/>\n\t<meta property=\"og:image:height\" content=\"1067\" \/>\n\t<meta property=\"og:image:type\" content=\"image\/jpeg\" \/>\n<meta name=\"author\" content=\"fikirman\" \/>\n<meta name=\"twitter:card\" content=\"summary_large_image\" \/>\n<meta name=\"twitter:creator\" content=\"@JV_BusinessMice\" \/>\n<meta name=\"twitter:site\" content=\"@JV_BusinessMice\" \/>\n<meta name=\"twitter:label1\" content=\"Written by\" \/>\n\t<meta name=\"twitter:data1\" content=\"fikirman\" \/>\n\t<meta name=\"twitter:label2\" content=\"Est. reading time\" \/>\n\t<meta name=\"twitter:data2\" content=\"8 minutes\" \/>\n<script type=\"application\/ld+json\" class=\"yoast-schema-graph\">{\"@context\":\"https:\/\/schema.org\",\"@graph\":[{\"@type\":\"Article\",\"@id\":\"https:\/\/julesverne.com.tr\/travel-blog\/italyanin-en-guzel-11-adasi\/#article\",\"isPartOf\":{\"@id\":\"https:\/\/julesverne.com.tr\/travel-blog\/italyanin-en-guzel-11-adasi\/\"},\"author\":{\"name\":\"fikirman\",\"@id\":\"https:\/\/julesverne.com.tr\/#\/schema\/person\/f4eb0514ae455538644c31b99a466fdb\"},\"headline\":\"\u0130talya\u2019n\u0131n En G\u00fczel 10 Adas\u0131\",\"datePublished\":\"2022-06-14T06:59:54+00:00\",\"dateModified\":\"2024-05-09T06:32:26+00:00\",\"mainEntityOfPage\":{\"@id\":\"https:\/\/julesverne.com.tr\/travel-blog\/italyanin-en-guzel-11-adasi\/\"},\"wordCount\":2180,\"publisher\":{\"@id\":\"https:\/\/julesverne.com.tr\/#organization\"},\"image\":{\"@id\":\"https:\/\/julesverne.com.tr\/travel-blog\/italyanin-en-guzel-11-adasi\/#primaryimage\"},\"thumbnailUrl\":\"https:\/\/julesverne.com.tr\/wp-content\/uploads\/2021\/01\/129039243_m-scaled.jpg\",\"keywords\":[\"Adalar\",\"\u0130lham Veren Destinasyonlar\",\"\u0130talya\"],\"articleSection\":[\"\u0130lham Veren Destinasyonlar\",\"Blog\",\"Nereye Gitsek?\"],\"inLanguage\":\"en-US\"},{\"@type\":\"WebPage\",\"@id\":\"https:\/\/julesverne.com.tr\/travel-blog\/italyanin-en-guzel-11-adasi\/\",\"url\":\"https:\/\/julesverne.com.tr\/travel-blog\/italyanin-en-guzel-11-adasi\/\",\"name\":\"[:tr]\u0130talya\u2019n\u0131n En G\u00fczel 11 Adas\u0131[:en]\u0130talya\u2019n\u0131n En G\u00fczel 10 Adas\u0131[:] - JULES VERNE BUSINESS MICE TRAVEL\",\"isPartOf\":{\"@id\":\"https:\/\/julesverne.com.tr\/#website\"},\"primaryImageOfPage\":{\"@id\":\"https:\/\/julesverne.com.tr\/travel-blog\/italyanin-en-guzel-11-adasi\/#primaryimage\"},\"image\":{\"@id\":\"https:\/\/julesverne.com.tr\/travel-blog\/italyanin-en-guzel-11-adasi\/#primaryimage\"},\"thumbnailUrl\":\"https:\/\/julesverne.com.tr\/wp-content\/uploads\/2021\/01\/129039243_m-scaled.jpg\",\"datePublished\":\"2022-06-14T06:59:54+00:00\",\"dateModified\":\"2024-05-09T06:32:26+00:00\",\"description\":\"Sardinya\u2019dan Capri\u2019ye, Sicilya\u2019dan Procida\u2019ya, Elba\u2019dan Pantelleria\u2019ya \u0130talya\u2019n\u0131n en g\u00fczel 10 Adas\u0131\",\"breadcrumb\":{\"@id\":\"https:\/\/julesverne.com.tr\/travel-blog\/italyanin-en-guzel-11-adasi\/#breadcrumb\"},\"inLanguage\":\"en-US\",\"potentialAction\":[{\"@type\":\"ReadAction\",\"target\":[\"https:\/\/julesverne.com.tr\/travel-blog\/italyanin-en-guzel-11-adasi\/\"]}]},{\"@type\":\"ImageObject\",\"inLanguage\":\"en-US\",\"@id\":\"https:\/\/julesverne.com.tr\/travel-blog\/italyanin-en-guzel-11-adasi\/#primaryimage\",\"url\":\"https:\/\/julesverne.com.tr\/wp-content\/uploads\/2021\/01\/129039243_m-scaled.jpg\",\"contentUrl\":\"https:\/\/julesverne.com.tr\/wp-content\/uploads\/2021\/01\/129039243_m-scaled.jpg\",\"width\":1600,\"height\":1067},{\"@type\":\"BreadcrumbList\",\"@id\":\"https:\/\/julesverne.com.tr\/travel-blog\/italyanin-en-guzel-11-adasi\/#breadcrumb\",\"itemListElement\":[{\"@type\":\"ListItem\",\"position\":1,\"name\":\"Anasayfa\",\"item\":\"https:\/\/julesverne.com.tr\/\"},{\"@type\":\"ListItem\",\"position\":2,\"name\":\"\u0130talya\u2019n\u0131n En G\u00fczel 11 Adas\u0131\"}]},{\"@type\":\"WebSite\",\"@id\":\"https:\/\/julesverne.com.tr\/#website\",\"url\":\"https:\/\/julesverne.com.tr\/\",\"name\":\"JULES VERNE BUSINESS MICE TRAVEL\",\"description\":\"\",\"publisher\":{\"@id\":\"https:\/\/julesverne.com.tr\/#organization\"},\"potentialAction\":[{\"@type\":\"SearchAction\",\"target\":{\"@type\":\"EntryPoint\",\"urlTemplate\":\"https:\/\/julesverne.com.tr\/?s={search_term_string}\"},\"query-input\":\"required name=search_term_string\"}],\"inLanguage\":\"en-US\"},{\"@type\":\"Organization\",\"@id\":\"https:\/\/julesverne.com.tr\/#organization\",\"name\":\"JULES VERNE BUSINESS MICE TRAVEL\",\"url\":\"https:\/\/julesverne.com.tr\/\",\"logo\":{\"@type\":\"ImageObject\",\"inLanguage\":\"en-US\",\"@id\":\"https:\/\/julesverne.com.tr\/#\/schema\/logo\/image\/\",\"url\":\"https:\/\/julesverne.com.tr\/wp-content\/uploads\/2020\/09\/jv-bmt-logo.png\",\"contentUrl\":\"https:\/\/julesverne.com.tr\/wp-content\/uploads\/2020\/09\/jv-bmt-logo.png\",\"width\":110,\"height\":81,\"caption\":\"JULES VERNE BUSINESS MICE TRAVEL\"},\"image\":{\"@id\":\"https:\/\/julesverne.com.tr\/#\/schema\/logo\/image\/\"},\"sameAs\":[\"https:\/\/www.facebook.com\/JulesVerneBusinessMiceTravel\/\",\"https:\/\/twitter.com\/JV_BusinessMice\",\"https:\/\/www.instagram.com\/julesvernebusinessmicetravel\/\",\"https:\/\/www.linkedin.com\/company\/julesvernebusinessmicetravel\/\",\"https:\/\/www.youtube.com\/channel\/UCAwdsmbZ6tFhu1tea6pkpiw\"]},{\"@type\":\"Person\",\"@id\":\"https:\/\/julesverne.com.tr\/#\/schema\/person\/f4eb0514ae455538644c31b99a466fdb\",\"name\":\"fikirman\",\"sameAs\":[\"http:\/\/advermedya.net\/julesverne\"],\"url\":\"https:\/\/julesverne.com.tr\/en\/author\/fikirman\/\"}]}<\/script>\n<!-- \/ Yoast SEO plugin. -->","yoast_head_json":{"title":"[:tr]\u0130talya\u2019n\u0131n En G\u00fczel 11 Adas\u0131[:en]\u0130talya\u2019n\u0131n En G\u00fczel 10 Adas\u0131[:] - JULES VERNE BUSINESS MICE TRAVEL","description":"Sardinya\u2019dan Capri\u2019ye, Sicilya\u2019dan Procida\u2019ya, Elba\u2019dan Pantelleria\u2019ya \u0130talya\u2019n\u0131n en g\u00fczel 10 Adas\u0131","robots":{"index":"index","follow":"follow","max-snippet":"max-snippet:-1","max-image-preview":"max-image-preview:large","max-video-preview":"max-video-preview:-1"},"canonical":"https:\/\/julesverne.com.tr\/travel-blog\/italyanin-en-guzel-11-adasi\/","og_locale":"en_US","og_type":"article","og_title":"[:tr]\u0130talya\u2019n\u0131n En G\u00fczel 11 Adas\u0131[:en]\u0130talya\u2019n\u0131n En G\u00fczel 10 Adas\u0131[:] - JULES VERNE BUSINESS MICE TRAVEL","og_description":"Sardinya\u2019dan Capri\u2019ye, Sicilya\u2019dan Procida\u2019ya, Elba\u2019dan Pantelleria\u2019ya \u0130talya\u2019n\u0131n en g\u00fczel 10 Adas\u0131","og_url":"https:\/\/julesverne.com.tr\/travel-blog\/italyanin-en-guzel-11-adasi\/","og_site_name":"JULES VERNE BUSINESS MICE TRAVEL","article_publisher":"https:\/\/www.facebook.com\/JulesVerneBusinessMiceTravel\/","article_published_time":"2022-06-14T06:59:54+00:00","article_modified_time":"2024-05-09T06:32:26+00:00","og_image":[{"width":1600,"height":1067,"url":"https:\/\/julesverne.com.tr\/wp-content\/uploads\/2021\/01\/129039243_m-scaled.jpg","type":"image\/jpeg"}],"author":"fikirman","twitter_card":"summary_large_image","twitter_creator":"@JV_BusinessMice","twitter_site":"@JV_BusinessMice","twitter_misc":{"Written by":"fikirman","Est. reading time":"8 minutes"},"schema":{"@context":"https:\/\/schema.org","@graph":[{"@type":"Article","@id":"https:\/\/julesverne.com.tr\/travel-blog\/italyanin-en-guzel-11-adasi\/#article","isPartOf":{"@id":"https:\/\/julesverne.com.tr\/travel-blog\/italyanin-en-guzel-11-adasi\/"},"author":{"name":"fikirman","@id":"https:\/\/julesverne.com.tr\/#\/schema\/person\/f4eb0514ae455538644c31b99a466fdb"},"headline":"\u0130talya\u2019n\u0131n En G\u00fczel 10 Adas\u0131","datePublished":"2022-06-14T06:59:54+00:00","dateModified":"2024-05-09T06:32:26+00:00","mainEntityOfPage":{"@id":"https:\/\/julesverne.com.tr\/travel-blog\/italyanin-en-guzel-11-adasi\/"},"wordCount":2180,"publisher":{"@id":"https:\/\/julesverne.com.tr\/#organization"},"image":{"@id":"https:\/\/julesverne.com.tr\/travel-blog\/italyanin-en-guzel-11-adasi\/#primaryimage"},"thumbnailUrl":"https:\/\/julesverne.com.tr\/wp-content\/uploads\/2021\/01\/129039243_m-scaled.jpg","keywords":["Adalar","\u0130lham Veren Destinasyonlar","\u0130talya"],"articleSection":["\u0130lham Veren Destinasyonlar","Blog","Nereye Gitsek?"],"inLanguage":"en-US"},{"@type":"WebPage","@id":"https:\/\/julesverne.com.tr\/travel-blog\/italyanin-en-guzel-11-adasi\/","url":"https:\/\/julesverne.com.tr\/travel-blog\/italyanin-en-guzel-11-adasi\/","name":"[:tr]\u0130talya\u2019n\u0131n En G\u00fczel 11 Adas\u0131[:en]\u0130talya\u2019n\u0131n En G\u00fczel 10 Adas\u0131[:] - JULES VERNE BUSINESS MICE TRAVEL","isPartOf":{"@id":"https:\/\/julesverne.com.tr\/#website"},"primaryImageOfPage":{"@id":"https:\/\/julesverne.com.tr\/travel-blog\/italyanin-en-guzel-11-adasi\/#primaryimage"},"image":{"@id":"https:\/\/julesverne.com.tr\/travel-blog\/italyanin-en-guzel-11-adasi\/#primaryimage"},"thumbnailUrl":"https:\/\/julesverne.com.tr\/wp-content\/uploads\/2021\/01\/129039243_m-scaled.jpg","datePublished":"2022-06-14T06:59:54+00:00","dateModified":"2024-05-09T06:32:26+00:00","description":"Sardinya\u2019dan Capri\u2019ye, Sicilya\u2019dan Procida\u2019ya, Elba\u2019dan Pantelleria\u2019ya \u0130talya\u2019n\u0131n en g\u00fczel 10 Adas\u0131","breadcrumb":{"@id":"https:\/\/julesverne.com.tr\/travel-blog\/italyanin-en-guzel-11-adasi\/#breadcrumb"},"inLanguage":"en-US","potentialAction":[{"@type":"ReadAction","target":["https:\/\/julesverne.com.tr\/travel-blog\/italyanin-en-guzel-11-adasi\/"]}]},{"@type":"ImageObject","inLanguage":"en-US","@id":"https:\/\/julesverne.com.tr\/travel-blog\/italyanin-en-guzel-11-adasi\/#primaryimage","url":"https:\/\/julesverne.com.tr\/wp-content\/uploads\/2021\/01\/129039243_m-scaled.jpg","contentUrl":"https:\/\/julesverne.com.tr\/wp-content\/uploads\/2021\/01\/129039243_m-scaled.jpg","width":1600,"height":1067},{"@type":"BreadcrumbList","@id":"https:\/\/julesverne.com.tr\/travel-blog\/italyanin-en-guzel-11-adasi\/#breadcrumb","itemListElement":[{"@type":"ListItem","position":1,"name":"Anasayfa","item":"https:\/\/julesverne.com.tr\/"},{"@type":"ListItem","position":2,"name":"\u0130talya\u2019n\u0131n En G\u00fczel 11 Adas\u0131"}]},{"@type":"WebSite","@id":"https:\/\/julesverne.com.tr\/#website","url":"https:\/\/julesverne.com.tr\/","name":"JULES VERNE BUSINESS MICE TRAVEL","description":"","publisher":{"@id":"https:\/\/julesverne.com.tr\/#organization"},"potentialAction":[{"@type":"SearchAction","target":{"@type":"EntryPoint","urlTemplate":"https:\/\/julesverne.com.tr\/?s={search_term_string}"},"query-input":"required name=search_term_string"}],"inLanguage":"en-US"},{"@type":"Organization","@id":"https:\/\/julesverne.com.tr\/#organization","name":"JULES VERNE BUSINESS MICE TRAVEL","url":"https:\/\/julesverne.com.tr\/","logo":{"@type":"ImageObject","inLanguage":"en-US","@id":"https:\/\/julesverne.com.tr\/#\/schema\/logo\/image\/","url":"https:\/\/julesverne.com.tr\/wp-content\/uploads\/2020\/09\/jv-bmt-logo.png","contentUrl":"https:\/\/julesverne.com.tr\/wp-content\/uploads\/2020\/09\/jv-bmt-logo.png","width":110,"height":81,"caption":"JULES VERNE BUSINESS MICE TRAVEL"},"image":{"@id":"https:\/\/julesverne.com.tr\/#\/schema\/logo\/image\/"},"sameAs":["https:\/\/www.facebook.com\/JulesVerneBusinessMiceTravel\/","https:\/\/twitter.com\/JV_BusinessMice","https:\/\/www.instagram.com\/julesvernebusinessmicetravel\/","https:\/\/www.linkedin.com\/company\/julesvernebusinessmicetravel\/","https:\/\/www.youtube.com\/channel\/UCAwdsmbZ6tFhu1tea6pkpiw"]},{"@type":"Person","@id":"https:\/\/julesverne.com.tr\/#\/schema\/person\/f4eb0514ae455538644c31b99a466fdb","name":"fikirman","sameAs":["http:\/\/advermedya.net\/julesverne"],"url":"https:\/\/julesverne.com.tr\/en\/author\/fikirman\/"}]}},"_links":{"self":[{"href":"https:\/\/julesverne.com.tr\/en\/wp-json\/wp\/v2\/posts\/1934"}],"collection":[{"href":"https:\/\/julesverne.com.tr\/en\/wp-json\/wp\/v2\/posts"}],"about":[{"href":"https:\/\/julesverne.com.tr\/en\/wp-json\/wp\/v2\/types\/post"}],"author":[{"embeddable":true,"href":"https:\/\/julesverne.com.tr\/en\/wp-json\/wp\/v2\/users\/1"}],"replies":[{"embeddable":true,"href":"https:\/\/julesverne.com.tr\/en\/wp-json\/wp\/v2\/comments?post=1934"}],"version-history":[{"count":6,"href":"https:\/\/julesverne.com.tr\/en\/wp-json\/wp\/v2\/posts\/1934\/revisions"}],"predecessor-version":[{"id":17270,"href":"https:\/\/julesverne.com.tr\/en\/wp-json\/wp\/v2\/posts\/1934\/revisions\/17270"}],"wp:featuredmedia":[{"embeddable":true,"href":"https:\/\/julesverne.com.tr\/en\/wp-json\/wp\/v2\/media\/13606"}],"wp:attachment":[{"href":"https:\/\/julesverne.com.tr\/en\/wp-json\/wp\/v2\/media?parent=1934"}],"wp:term":[{"taxonomy":"category","embeddable":true,"href":"https:\/\/julesverne.com.tr\/en\/wp-json\/wp\/v2\/categories?post=1934"},{"taxonomy":"post_tag","embeddable":true,"href":"https:\/\/julesverne.com.tr\/en\/wp-json\/wp\/v2\/tags?post=1934"}],"curies":[{"name":"wp","href":"https:\/\/api.w.org\/{rel}","templated":true}]}}