{"id":1918,"date":"2018-05-23T11:25:09","date_gmt":"2018-05-23T08:25:09","guid":{"rendered":"https:\/\/www.julesverne.com.tr\/\/blog\/cok-ozel-firsatlarla-six-senses-kaplankayayi-bizimle-kesfedin\/"},"modified":"2020-09-21T17:36:17","modified_gmt":"2020-09-21T14:36:17","slug":"cok-ozel-firsatlarla-six-senses-kaplankayayi-bizimle-kesfedin","status":"publish","type":"post","link":"https:\/\/julesverne.com.tr\/en\/travel-blog\/cok-ozel-firsatlarla-six-senses-kaplankayayi-bizimle-kesfedin\/","title":{"rendered":"\u00c7ok \u00d6zel F\u0131rsatlarla Six Senses Kaplankaya&#8217;y\u0131 Bizimle Ke\u015ffedin!"},"content":{"rendered":"<p><h4 style=\"text-align: center;\">&nbsp;<strong><img loading=\"lazy\" decoding=\"async\" class=\"alignnone size-full wp-image-4764\" src=\"https:\/\/www.julesverne.com.tr\/\/wp-content\/uploads\/2020\/09\/six_senses_kaplankaya_jv2.jpg\" width=\"1280\" height=\"720\" alt=\"six senses kaplankaya jules verne\" srcset=\"https:\/\/julesverne.com.tr\/wp-content\/uploads\/2020\/09\/six_senses_kaplankaya_jv2.jpg 1280w, https:\/\/julesverne.com.tr\/wp-content\/uploads\/2020\/09\/six_senses_kaplankaya_jv2-500x281.jpg 500w, https:\/\/julesverne.com.tr\/wp-content\/uploads\/2020\/09\/six_senses_kaplankaya_jv2-768x432.jpg 768w, https:\/\/julesverne.com.tr\/wp-content\/uploads\/2020\/09\/six_senses_kaplankaya_jv2-400x225.jpg 400w\" sizes=\"(max-width: 1280px) 100vw, 1280px\" \/><\/strong><\/h4>\n<h4><strong>Jules Verne Travel&#8217;a &ouml;zel fiyat ve f\u0131rsatlarla, yenilenen Six Senses Kaplankaya&#8217;da do\u011fan\u0131n, sa\u011fl\u0131k merkezinin, gurme restoran\u0131n\u0131n ve g&ouml;zlerden uzak koyunun tad\u0131n\u0131 &ccedil;\u0131kar\u0131n!<\/strong><\/h4>\n<p style=\"text-align: center;\">&nbsp;<strong><img loading=\"lazy\" decoding=\"async\" class=\"alignnone size-full wp-image-4765\" src=\"https:\/\/www.julesverne.com.tr\/\/wp-content\/uploads\/2020\/09\/beach-six-senses-kaplankaya.jpg\" width=\"893\" height=\"500\" alt=\"\" srcset=\"https:\/\/julesverne.com.tr\/wp-content\/uploads\/2020\/09\/beach-six-senses-kaplankaya.jpg 893w, https:\/\/julesverne.com.tr\/wp-content\/uploads\/2020\/09\/beach-six-senses-kaplankaya-500x280.jpg 500w, https:\/\/julesverne.com.tr\/wp-content\/uploads\/2020\/09\/beach-six-senses-kaplankaya-768x430.jpg 768w, https:\/\/julesverne.com.tr\/wp-content\/uploads\/2020\/09\/beach-six-senses-kaplankaya-400x225.jpg 400w\" sizes=\"(max-width: 893px) 100vw, 893px\" \/><\/strong><\/p>\n<h4><strong>D&uuml;nyan\u0131n en b&uuml;y&uuml;k 20 k\u0131y\u0131 tesisinden biri de olan Six Senses Kaplankaya yenilenen &ccedil;ehresiyle sizleri &#8220;benzersiz bir ya\u015fam deneyimi&#8221;ne davet ediyor.&nbsp;<\/strong><\/h4>\n<h4 style=\"text-align: center;\"><strong>Size &ouml;zel f\u0131rsatlarla t&uuml;m oda kategorilerinde %25 indirim ve Sage + Sea Restaurant&#8217;ta ak\u015fam yeme\u011fi&#8230;<\/strong><\/h4>\n<p style=\"text-align: center;\"><img loading=\"lazy\" decoding=\"async\" class=\"alignnone size-full wp-image-4766\" src=\"https:\/\/www.julesverne.com.tr\/\/wp-content\/uploads\/2020\/09\/six_senses_kaplankaya_jv6.jpg\" width=\"1280\" height=\"640\" alt=\"six senses kaplankaya jules verne\" srcset=\"https:\/\/julesverne.com.tr\/wp-content\/uploads\/2020\/09\/six_senses_kaplankaya_jv6.jpg 1280w, https:\/\/julesverne.com.tr\/wp-content\/uploads\/2020\/09\/six_senses_kaplankaya_jv6-500x250.jpg 500w, https:\/\/julesverne.com.tr\/wp-content\/uploads\/2020\/09\/six_senses_kaplankaya_jv6-768x384.jpg 768w\" sizes=\"(max-width: 1280px) 100vw, 1280px\" \/><\/p>\n<p>&Ouml;zel bir koyda, harika bir Ege Denizi manzaras\u0131na sahip Six Senses Kaplankaya, spa hizmeti, sa\u011fl\u0131kl\u0131 ya\u015fam hizmetleri, ruh ve zihin sunumlar\u0131yla &ldquo;kendinizi bulmak&rdquo;, &ldquo;yeni bir ben&rdquo; diyebilmek ya da en az\u0131ndan kendinizi dinlemek i&ccedil;in do\u011fru yerde oldu\u011funuzu g&ouml;steriyor.<\/p>\n<p><em><strong>Travel &amp; Leisure<\/strong><\/em> taraf\u0131ndan 2017 y\u0131l\u0131nda <strong>&#8220;D&uuml;nyan\u0131n En \u0130yi Otel Markas\u0131&rdquo;<\/strong> se&ccedil;ilen, 20 &uuml;lkede 11 otel ve 28 spa i\u015fleten Six Senses Hotels Resorts Spas, Six Senses Kaplankaya ile T&uuml;rkiye&#8217;ye yeni bir soluk getiriyor.<\/p>\n<p>6 ay s&uuml;ren yenilenme s&uuml;recinin ard\u0131ndan 1 May\u0131s tarihinde kap\u0131lar\u0131n\u0131 yeniden a&ccedil;an Six Senses Kaplankaya yepyeni bir ruhla misafirlerinin de buradan ayr\u0131l\u0131rken kendilerini yenilenmi\u015f ve hafiflemi\u015f hissetmelerini arzuluyor.<\/p>\n<p style=\"text-align: center;\"><img loading=\"lazy\" decoding=\"async\" class=\"alignnone size-full wp-image-4767\" src=\"https:\/\/www.julesverne.com.tr\/\/wp-content\/uploads\/2020\/09\/six_senses_kaplankaya_jv7.jpg\" width=\"1280\" height=\"960\" alt=\"six senses kaplankaya jules verne\" srcset=\"https:\/\/julesverne.com.tr\/wp-content\/uploads\/2020\/09\/six_senses_kaplankaya_jv7.jpg 1280w, https:\/\/julesverne.com.tr\/wp-content\/uploads\/2020\/09\/six_senses_kaplankaya_jv7-500x375.jpg 500w, https:\/\/julesverne.com.tr\/wp-content\/uploads\/2020\/09\/six_senses_kaplankaya_jv7-768x576.jpg 768w\" sizes=\"(max-width: 1280px) 100vw, 1280px\" \/><\/p>\n<p>66 yama&ccedil; odas\u0131, 6 adet s&uuml;iti de i&ccedil;eren 141 odadan olu\u015fan otelin 10 bin metrekarelik SPA ve sa\u011fl\u0131k merkezi ger&ccedil;ekten muazzam! Tabi sahip oldu\u011fu 3 yar\u0131madas\u0131, 6 km sahili ve 2 yar\u0131madas\u0131 da buran\u0131n ne kadar cezbedici oldu\u011funu bir kez daha ortaya koyuyor.<\/p>\n<p>T&uuml;m duyulara hitap eden Six Senses Kaplankaya, misafirlerine e\u015fsiz bir deneyim ya\u015fatmak i&ccedil;in denge ve mutluluk temeline dayanan bir felsefe ile yola &ccedil;\u0131km\u0131\u015f. Tasar\u0131m, s&uuml;rd&uuml;r&uuml;lebilirlik ve sa\u011fl\u0131k standartlar\u0131n\u0131n &ouml;ne &ccedil;\u0131kt\u0131\u011f\u0131 merkezde &ccedil;evreye duyarl\u0131 bir yakla\u015f\u0131m benimsenmi\u015f. Kendi suyunu &uuml;reten, SPA&#8217;da kullan\u0131lan ya\u011flar\u0131n\u0131 b&ouml;lgedeki bitkilerden &uuml;reten ve konuklar\u0131na kendi kozmetik &uuml;r&uuml;nlerini &uuml;retme imk&acirc;n\u0131 sunan Six Senses Kaplankaya sadece bir konaklama veya sa\u011fl\u0131k merkezi de\u011fil ger&ccedil;ek ve etkileyici bir deneyim s&uuml;reci olarak &ouml;zetlenebilir.<\/p>\n<p style=\"text-align: center;\"><img loading=\"lazy\" decoding=\"async\" class=\"alignnone size-full wp-image-4768\" src=\"https:\/\/www.julesverne.com.tr\/\/wp-content\/uploads\/2020\/09\/six_senses_kaplankaya_jv5.jpg\" width=\"1280\" height=\"640\" alt=\"six senses kaplankaya jules verne\" srcset=\"https:\/\/julesverne.com.tr\/wp-content\/uploads\/2020\/09\/six_senses_kaplankaya_jv5.jpg 1280w, https:\/\/julesverne.com.tr\/wp-content\/uploads\/2020\/09\/six_senses_kaplankaya_jv5-500x250.jpg 500w, https:\/\/julesverne.com.tr\/wp-content\/uploads\/2020\/09\/six_senses_kaplankaya_jv5-768x384.jpg 768w\" sizes=\"(max-width: 1280px) 100vw, 1280px\" \/><\/p>\n<p>Six Senses Kaplankaya&#8217;n\u0131n yemek k&uuml;lt&uuml;r&uuml;; Ege ve Akdeniz mutfa\u011f\u0131ndan esinlenen, T&uuml;rk mutfa\u011f\u0131 geleneklerinden de vazge&ccedil;meden s&uuml;rd&uuml;r&uuml;lebilir ve sa\u011fl\u0131kl\u0131 yemekleri kaps\u0131yor. Tesisin kendi organik bah&ccedil;esinde yeti\u015fen taze &uuml;r&uuml;nler ve yerel &uuml;reticilerden temin edilen malzemelerle haz\u0131rlanan yemeklerdeki lezzet asl\u0131nda topra\u011fa ve do\u011faya sayg\u0131 niteli\u011fi ta\u015f\u0131yor.<\/p>\n<p style=\"text-align: center;\"><img loading=\"lazy\" decoding=\"async\" class=\"alignnone size-full wp-image-4769\" src=\"https:\/\/www.julesverne.com.tr\/\/wp-content\/uploads\/2020\/09\/six_senses_kaplankaya_jv1.jpg\" width=\"975\" height=\"660\" alt=\"six senses kaplankaya restaurant\" srcset=\"https:\/\/julesverne.com.tr\/wp-content\/uploads\/2020\/09\/six_senses_kaplankaya_jv1.jpg 975w, https:\/\/julesverne.com.tr\/wp-content\/uploads\/2020\/09\/six_senses_kaplankaya_jv1-500x338.jpg 500w, https:\/\/julesverne.com.tr\/wp-content\/uploads\/2020\/09\/six_senses_kaplankaya_jv1-768x520.jpg 768w\" sizes=\"(max-width: 975px) 100vw, 975px\" \/><\/p>\n<p>Bodrum Milas Havaalan\u0131&rsquo;na helikopterle 10 dakika, tekneyle 30 dakika ve arabayla 50 dakika uzakl\u0131kta yer alan Six Senses Kaplankaya&rsquo;n\u0131n ula\u015ft\u0131rma birimi her g&uuml;n G&uuml;ndo\u011fan ile Kaplankaya aras\u0131nda tekne servisleri d&uuml;zenliyor ve iste\u011fe ba\u011fl\u0131 olarak araba veya helikopter ile ula\u015f\u0131m imk&acirc;nlar\u0131 sunuyor.<\/p>\n<p style=\"text-align: center;\"><img loading=\"lazy\" decoding=\"async\" class=\"alignnone size-full wp-image-4770\" src=\"https:\/\/www.julesverne.com.tr\/\/wp-content\/uploads\/2020\/09\/six_senses_kaplankaya_jv3.jpg\" width=\"800\" height=\"400\" alt=\"six senses kaplankaya\" srcset=\"https:\/\/julesverne.com.tr\/wp-content\/uploads\/2020\/09\/six_senses_kaplankaya_jv3.jpg 800w, https:\/\/julesverne.com.tr\/wp-content\/uploads\/2020\/09\/six_senses_kaplankaya_jv3-500x250.jpg 500w, https:\/\/julesverne.com.tr\/wp-content\/uploads\/2020\/09\/six_senses_kaplankaya_jv3-768x384.jpg 768w\" sizes=\"(max-width: 800px) 100vw, 800px\" \/><\/p>\n<h4 style=\"text-align: left;\"><strong>Size &Ouml;zel:<\/strong><\/h4>\n<ul>\n<li>T&uuml;m oda kategorilerinde %25 indirim<\/li>\n<li>Sage + Sea Restaurant&#8217;ta 1 ak\u015fam yeme\u011fi<\/li>\n<\/ul>\n<p style=\"text-align: center;\"><img loading=\"lazy\" decoding=\"async\" class=\"alignnone size-full wp-image-4771\" src=\"https:\/\/www.julesverne.com.tr\/\/wp-content\/uploads\/2020\/09\/residence_pool_7315-original.jpg\" width=\"1000\" height=\"562\" alt=\"\" srcset=\"https:\/\/julesverne.com.tr\/wp-content\/uploads\/2020\/09\/residence_pool_7315-original.jpg 1000w, https:\/\/julesverne.com.tr\/wp-content\/uploads\/2020\/09\/residence_pool_7315-original-500x281.jpg 500w, https:\/\/julesverne.com.tr\/wp-content\/uploads\/2020\/09\/residence_pool_7315-original-768x432.jpg 768w, https:\/\/julesverne.com.tr\/wp-content\/uploads\/2020\/09\/residence_pool_7315-original-400x225.jpg 400w\" sizes=\"(max-width: 1000px) 100vw, 1000px\" \/><\/p>\n<p style=\"text-align: center;\"><strong>Detayl\u0131 program bilgisi ve rezervasyon i&ccedil;in: <\/strong><br \/><a href=\"mailto:travel@julesverne.com.tr%20\" target=\"_blank\" rel=\"noopener noreferrer\"><strong>travel@julesverne.com.tr <\/strong><\/a><br \/><strong>0212 266 6363 &#8211; 137<\/strong><\/p><\/p>\n","protected":false},"excerpt":{"rendered":"<p>D&uuml;nyan\u0131n en b&uuml;y&uuml;k 20 k\u0131y\u0131 tesisinden biri de olan Six Senses Kaplankaya yenilenen &ccedil;ehresiyle sizleri &#8220;benzersiz bir ya\u015fam deneyimi&#8221;ne davet ediyor.&nbsp;<em>Travel &amp; Leisure<\/em>&nbsp;taraf\u0131ndan 2017 y\u0131l\u0131nda&nbsp;&#8220;D&uuml;nyan\u0131n En \u0130yi Otel Markas\u0131&rdquo;&nbsp;se&ccedil;ilen, 20 &uuml;lkede 11 otel ve 28 spa i\u015fleten Six Senses Hotels Resorts Spas, Six Senses Kaplankaya ile T&uuml;rkiye&#8217;ye yeni bir soluk getiriyor.<\/p>\n","protected":false},"author":1,"featured_media":1919,"comment_status":"closed","ping_status":"closed","sticky":false,"template":"","format":"standard","meta":{"inline_featured_image":false,"footnotes":""},"categories":[1],"tags":[],"acf":[],"yoast_head":"<!-- This site is optimized with the Yoast SEO plugin v22.3 - https:\/\/yoast.com\/wordpress\/plugins\/seo\/ -->\n<title>\u00c7ok \u00d6zel F\u0131rsatlarla Six Senses Kaplankaya&#039;y\u0131 Bizimle Ke\u015ffedin! - JULES VERNE BUSINESS MICE TRAVEL<\/title>\n<meta name=\"robots\" content=\"index, follow, max-snippet:-1, max-image-preview:large, max-video-preview:-1\" \/>\n<link rel=\"canonical\" href=\"https:\/\/julesverne.com.tr\/travel-blog\/cok-ozel-firsatlarla-six-senses-kaplankayayi-bizimle-kesfedin\/\" \/>\n<meta property=\"og:locale\" content=\"en_US\" \/>\n<meta property=\"og:type\" content=\"article\" \/>\n<meta property=\"og:title\" content=\"\u00c7ok \u00d6zel F\u0131rsatlarla Six Senses Kaplankaya&#039;y\u0131 Bizimle Ke\u015ffedin! - JULES VERNE BUSINESS MICE TRAVEL\" \/>\n<meta property=\"og:description\" content=\"D&uuml;nyan\u0131n en b&uuml;y&uuml;k 20 k\u0131y\u0131 tesisinden biri de olan Six Senses Kaplankaya yenilenen &ccedil;ehresiyle sizleri &quot;benzersiz bir ya\u015fam deneyimi&quot;ne davet ediyor.&nbsp;Travel &amp; Leisure&nbsp;taraf\u0131ndan 2017 y\u0131l\u0131nda&nbsp;&quot;D&uuml;nyan\u0131n En \u0130yi Otel Markas\u0131&rdquo;&nbsp;se&ccedil;ilen, 20 &uuml;lkede 11 otel ve 28 spa i\u015fleten Six Senses Hotels Resorts Spas, Six Senses Kaplankaya ile T&uuml;rkiye&#039;ye yeni bir soluk getiriyor.\" \/>\n<meta property=\"og:url\" content=\"https:\/\/julesverne.com.tr\/travel-blog\/cok-ozel-firsatlarla-six-senses-kaplankayayi-bizimle-kesfedin\/\" \/>\n<meta property=\"og:site_name\" content=\"JULES VERNE BUSINESS MICE TRAVEL\" \/>\n<meta property=\"article:publisher\" content=\"https:\/\/www.facebook.com\/JulesVerneBusinessMiceTravel\/\" \/>\n<meta property=\"article:published_time\" content=\"2018-05-23T08:25:09+00:00\" \/>\n<meta property=\"article:modified_time\" content=\"2020-09-21T14:36:17+00:00\" \/>\n<meta property=\"og:image\" content=\"https:\/\/julesverne.com.tr\/wp-content\/uploads\/2020\/09\/kaplankaya_deniz-scaled.jpg\" \/>\n\t<meta property=\"og:image:width\" content=\"1600\" \/>\n\t<meta property=\"og:image:height\" content=\"1068\" \/>\n\t<meta property=\"og:image:type\" content=\"image\/jpeg\" \/>\n<meta name=\"author\" content=\"fikirman\" \/>\n<meta name=\"twitter:card\" content=\"summary_large_image\" \/>\n<meta name=\"twitter:creator\" content=\"@JV_BusinessMice\" \/>\n<meta name=\"twitter:site\" content=\"@JV_BusinessMice\" \/>\n<meta name=\"twitter:label1\" content=\"Written by\" \/>\n\t<meta name=\"twitter:data1\" content=\"fikirman\" \/>\n\t<meta name=\"twitter:label2\" content=\"Est. reading time\" \/>\n\t<meta name=\"twitter:data2\" content=\"3 minutes\" \/>\n<script type=\"application\/ld+json\" class=\"yoast-schema-graph\">{\"@context\":\"https:\/\/schema.org\",\"@graph\":[{\"@type\":\"Article\",\"@id\":\"https:\/\/julesverne.com.tr\/travel-blog\/cok-ozel-firsatlarla-six-senses-kaplankayayi-bizimle-kesfedin\/#article\",\"isPartOf\":{\"@id\":\"https:\/\/julesverne.com.tr\/travel-blog\/cok-ozel-firsatlarla-six-senses-kaplankayayi-bizimle-kesfedin\/\"},\"author\":{\"name\":\"fikirman\",\"@id\":\"https:\/\/julesverne.com.tr\/#\/schema\/person\/f4eb0514ae455538644c31b99a466fdb\"},\"headline\":\"\u00c7ok \u00d6zel F\u0131rsatlarla Six Senses Kaplankaya&#8217;y\u0131 Bizimle Ke\u015ffedin!\",\"datePublished\":\"2018-05-23T08:25:09+00:00\",\"dateModified\":\"2020-09-21T14:36:17+00:00\",\"mainEntityOfPage\":{\"@id\":\"https:\/\/julesverne.com.tr\/travel-blog\/cok-ozel-firsatlarla-six-senses-kaplankayayi-bizimle-kesfedin\/\"},\"wordCount\":564,\"publisher\":{\"@id\":\"https:\/\/julesverne.com.tr\/#organization\"},\"image\":{\"@id\":\"https:\/\/julesverne.com.tr\/travel-blog\/cok-ozel-firsatlarla-six-senses-kaplankayayi-bizimle-kesfedin\/#primaryimage\"},\"thumbnailUrl\":\"https:\/\/julesverne.com.tr\/wp-content\/uploads\/2020\/09\/kaplankaya_deniz-scaled.jpg\",\"articleSection\":[\"Blog\"],\"inLanguage\":\"en-US\"},{\"@type\":\"WebPage\",\"@id\":\"https:\/\/julesverne.com.tr\/travel-blog\/cok-ozel-firsatlarla-six-senses-kaplankayayi-bizimle-kesfedin\/\",\"url\":\"https:\/\/julesverne.com.tr\/travel-blog\/cok-ozel-firsatlarla-six-senses-kaplankayayi-bizimle-kesfedin\/\",\"name\":\"\u00c7ok \u00d6zel F\u0131rsatlarla Six Senses Kaplankaya'y\u0131 Bizimle Ke\u015ffedin! - JULES VERNE BUSINESS MICE TRAVEL\",\"isPartOf\":{\"@id\":\"https:\/\/julesverne.com.tr\/#website\"},\"primaryImageOfPage\":{\"@id\":\"https:\/\/julesverne.com.tr\/travel-blog\/cok-ozel-firsatlarla-six-senses-kaplankayayi-bizimle-kesfedin\/#primaryimage\"},\"image\":{\"@id\":\"https:\/\/julesverne.com.tr\/travel-blog\/cok-ozel-firsatlarla-six-senses-kaplankayayi-bizimle-kesfedin\/#primaryimage\"},\"thumbnailUrl\":\"https:\/\/julesverne.com.tr\/wp-content\/uploads\/2020\/09\/kaplankaya_deniz-scaled.jpg\",\"datePublished\":\"2018-05-23T08:25:09+00:00\",\"dateModified\":\"2020-09-21T14:36:17+00:00\",\"breadcrumb\":{\"@id\":\"https:\/\/julesverne.com.tr\/travel-blog\/cok-ozel-firsatlarla-six-senses-kaplankayayi-bizimle-kesfedin\/#breadcrumb\"},\"inLanguage\":\"en-US\",\"potentialAction\":[{\"@type\":\"ReadAction\",\"target\":[\"https:\/\/julesverne.com.tr\/travel-blog\/cok-ozel-firsatlarla-six-senses-kaplankayayi-bizimle-kesfedin\/\"]}]},{\"@type\":\"ImageObject\",\"inLanguage\":\"en-US\",\"@id\":\"https:\/\/julesverne.com.tr\/travel-blog\/cok-ozel-firsatlarla-six-senses-kaplankayayi-bizimle-kesfedin\/#primaryimage\",\"url\":\"https:\/\/julesverne.com.tr\/wp-content\/uploads\/2020\/09\/kaplankaya_deniz-scaled.jpg\",\"contentUrl\":\"https:\/\/julesverne.com.tr\/wp-content\/uploads\/2020\/09\/kaplankaya_deniz-scaled.jpg\",\"width\":1600,\"height\":1068},{\"@type\":\"BreadcrumbList\",\"@id\":\"https:\/\/julesverne.com.tr\/travel-blog\/cok-ozel-firsatlarla-six-senses-kaplankayayi-bizimle-kesfedin\/#breadcrumb\",\"itemListElement\":[{\"@type\":\"ListItem\",\"position\":1,\"name\":\"Anasayfa\",\"item\":\"https:\/\/julesverne.com.tr\/\"},{\"@type\":\"ListItem\",\"position\":2,\"name\":\"\u00c7ok \u00d6zel F\u0131rsatlarla Six Senses Kaplankaya&#8217;y\u0131 Bizimle Ke\u015ffedin!\"}]},{\"@type\":\"WebSite\",\"@id\":\"https:\/\/julesverne.com.tr\/#website\",\"url\":\"https:\/\/julesverne.com.tr\/\",\"name\":\"JULES VERNE BUSINESS MICE TRAVEL\",\"description\":\"\",\"publisher\":{\"@id\":\"https:\/\/julesverne.com.tr\/#organization\"},\"potentialAction\":[{\"@type\":\"SearchAction\",\"target\":{\"@type\":\"EntryPoint\",\"urlTemplate\":\"https:\/\/julesverne.com.tr\/?s={search_term_string}\"},\"query-input\":\"required name=search_term_string\"}],\"inLanguage\":\"en-US\"},{\"@type\":\"Organization\",\"@id\":\"https:\/\/julesverne.com.tr\/#organization\",\"name\":\"JULES VERNE BUSINESS MICE TRAVEL\",\"url\":\"https:\/\/julesverne.com.tr\/\",\"logo\":{\"@type\":\"ImageObject\",\"inLanguage\":\"en-US\",\"@id\":\"https:\/\/julesverne.com.tr\/#\/schema\/logo\/image\/\",\"url\":\"https:\/\/julesverne.com.tr\/wp-content\/uploads\/2020\/09\/jv-bmt-logo.png\",\"contentUrl\":\"https:\/\/julesverne.com.tr\/wp-content\/uploads\/2020\/09\/jv-bmt-logo.png\",\"width\":110,\"height\":81,\"caption\":\"JULES VERNE BUSINESS MICE TRAVEL\"},\"image\":{\"@id\":\"https:\/\/julesverne.com.tr\/#\/schema\/logo\/image\/\"},\"sameAs\":[\"https:\/\/www.facebook.com\/JulesVerneBusinessMiceTravel\/\",\"https:\/\/twitter.com\/JV_BusinessMice\",\"https:\/\/www.instagram.com\/julesvernebusinessmicetravel\/\",\"https:\/\/www.linkedin.com\/company\/julesvernebusinessmicetravel\/\",\"https:\/\/www.youtube.com\/channel\/UCAwdsmbZ6tFhu1tea6pkpiw\"]},{\"@type\":\"Person\",\"@id\":\"https:\/\/julesverne.com.tr\/#\/schema\/person\/f4eb0514ae455538644c31b99a466fdb\",\"name\":\"fikirman\",\"sameAs\":[\"http:\/\/advermedya.net\/julesverne\"],\"url\":\"https:\/\/julesverne.com.tr\/en\/author\/fikirman\/\"}]}<\/script>\n<!-- \/ Yoast SEO plugin. -->","yoast_head_json":{"title":"\u00c7ok \u00d6zel F\u0131rsatlarla Six Senses Kaplankaya'y\u0131 Bizimle Ke\u015ffedin! - JULES VERNE BUSINESS MICE TRAVEL","robots":{"index":"index","follow":"follow","max-snippet":"max-snippet:-1","max-image-preview":"max-image-preview:large","max-video-preview":"max-video-preview:-1"},"canonical":"https:\/\/julesverne.com.tr\/travel-blog\/cok-ozel-firsatlarla-six-senses-kaplankayayi-bizimle-kesfedin\/","og_locale":"en_US","og_type":"article","og_title":"\u00c7ok \u00d6zel F\u0131rsatlarla Six Senses Kaplankaya'y\u0131 Bizimle Ke\u015ffedin! - JULES VERNE BUSINESS MICE TRAVEL","og_description":"D&uuml;nyan\u0131n en b&uuml;y&uuml;k 20 k\u0131y\u0131 tesisinden biri de olan Six Senses Kaplankaya yenilenen &ccedil;ehresiyle sizleri \"benzersiz bir ya\u015fam deneyimi\"ne davet ediyor.&nbsp;Travel &amp; Leisure&nbsp;taraf\u0131ndan 2017 y\u0131l\u0131nda&nbsp;\"D&uuml;nyan\u0131n En \u0130yi Otel Markas\u0131&rdquo;&nbsp;se&ccedil;ilen, 20 &uuml;lkede 11 otel ve 28 spa i\u015fleten Six Senses Hotels Resorts Spas, Six Senses Kaplankaya ile T&uuml;rkiye'ye yeni bir soluk getiriyor.","og_url":"https:\/\/julesverne.com.tr\/travel-blog\/cok-ozel-firsatlarla-six-senses-kaplankayayi-bizimle-kesfedin\/","og_site_name":"JULES VERNE BUSINESS MICE TRAVEL","article_publisher":"https:\/\/www.facebook.com\/JulesVerneBusinessMiceTravel\/","article_published_time":"2018-05-23T08:25:09+00:00","article_modified_time":"2020-09-21T14:36:17+00:00","og_image":[{"width":1600,"height":1068,"url":"https:\/\/julesverne.com.tr\/wp-content\/uploads\/2020\/09\/kaplankaya_deniz-scaled.jpg","type":"image\/jpeg"}],"author":"fikirman","twitter_card":"summary_large_image","twitter_creator":"@JV_BusinessMice","twitter_site":"@JV_BusinessMice","twitter_misc":{"Written by":"fikirman","Est. reading time":"3 minutes"},"schema":{"@context":"https:\/\/schema.org","@graph":[{"@type":"Article","@id":"https:\/\/julesverne.com.tr\/travel-blog\/cok-ozel-firsatlarla-six-senses-kaplankayayi-bizimle-kesfedin\/#article","isPartOf":{"@id":"https:\/\/julesverne.com.tr\/travel-blog\/cok-ozel-firsatlarla-six-senses-kaplankayayi-bizimle-kesfedin\/"},"author":{"name":"fikirman","@id":"https:\/\/julesverne.com.tr\/#\/schema\/person\/f4eb0514ae455538644c31b99a466fdb"},"headline":"\u00c7ok \u00d6zel F\u0131rsatlarla Six Senses Kaplankaya&#8217;y\u0131 Bizimle Ke\u015ffedin!","datePublished":"2018-05-23T08:25:09+00:00","dateModified":"2020-09-21T14:36:17+00:00","mainEntityOfPage":{"@id":"https:\/\/julesverne.com.tr\/travel-blog\/cok-ozel-firsatlarla-six-senses-kaplankayayi-bizimle-kesfedin\/"},"wordCount":564,"publisher":{"@id":"https:\/\/julesverne.com.tr\/#organization"},"image":{"@id":"https:\/\/julesverne.com.tr\/travel-blog\/cok-ozel-firsatlarla-six-senses-kaplankayayi-bizimle-kesfedin\/#primaryimage"},"thumbnailUrl":"https:\/\/julesverne.com.tr\/wp-content\/uploads\/2020\/09\/kaplankaya_deniz-scaled.jpg","articleSection":["Blog"],"inLanguage":"en-US"},{"@type":"WebPage","@id":"https:\/\/julesverne.com.tr\/travel-blog\/cok-ozel-firsatlarla-six-senses-kaplankayayi-bizimle-kesfedin\/","url":"https:\/\/julesverne.com.tr\/travel-blog\/cok-ozel-firsatlarla-six-senses-kaplankayayi-bizimle-kesfedin\/","name":"\u00c7ok \u00d6zel F\u0131rsatlarla Six Senses Kaplankaya'y\u0131 Bizimle Ke\u015ffedin! - JULES VERNE BUSINESS MICE TRAVEL","isPartOf":{"@id":"https:\/\/julesverne.com.tr\/#website"},"primaryImageOfPage":{"@id":"https:\/\/julesverne.com.tr\/travel-blog\/cok-ozel-firsatlarla-six-senses-kaplankayayi-bizimle-kesfedin\/#primaryimage"},"image":{"@id":"https:\/\/julesverne.com.tr\/travel-blog\/cok-ozel-firsatlarla-six-senses-kaplankayayi-bizimle-kesfedin\/#primaryimage"},"thumbnailUrl":"https:\/\/julesverne.com.tr\/wp-content\/uploads\/2020\/09\/kaplankaya_deniz-scaled.jpg","datePublished":"2018-05-23T08:25:09+00:00","dateModified":"2020-09-21T14:36:17+00:00","breadcrumb":{"@id":"https:\/\/julesverne.com.tr\/travel-blog\/cok-ozel-firsatlarla-six-senses-kaplankayayi-bizimle-kesfedin\/#breadcrumb"},"inLanguage":"en-US","potentialAction":[{"@type":"ReadAction","target":["https:\/\/julesverne.com.tr\/travel-blog\/cok-ozel-firsatlarla-six-senses-kaplankayayi-bizimle-kesfedin\/"]}]},{"@type":"ImageObject","inLanguage":"en-US","@id":"https:\/\/julesverne.com.tr\/travel-blog\/cok-ozel-firsatlarla-six-senses-kaplankayayi-bizimle-kesfedin\/#primaryimage","url":"https:\/\/julesverne.com.tr\/wp-content\/uploads\/2020\/09\/kaplankaya_deniz-scaled.jpg","contentUrl":"https:\/\/julesverne.com.tr\/wp-content\/uploads\/2020\/09\/kaplankaya_deniz-scaled.jpg","width":1600,"height":1068},{"@type":"BreadcrumbList","@id":"https:\/\/julesverne.com.tr\/travel-blog\/cok-ozel-firsatlarla-six-senses-kaplankayayi-bizimle-kesfedin\/#breadcrumb","itemListElement":[{"@type":"ListItem","position":1,"name":"Anasayfa","item":"https:\/\/julesverne.com.tr\/"},{"@type":"ListItem","position":2,"name":"\u00c7ok \u00d6zel F\u0131rsatlarla Six Senses Kaplankaya&#8217;y\u0131 Bizimle Ke\u015ffedin!"}]},{"@type":"WebSite","@id":"https:\/\/julesverne.com.tr\/#website","url":"https:\/\/julesverne.com.tr\/","name":"JULES VERNE BUSINESS MICE TRAVEL","description":"","publisher":{"@id":"https:\/\/julesverne.com.tr\/#organization"},"potentialAction":[{"@type":"SearchAction","target":{"@type":"EntryPoint","urlTemplate":"https:\/\/julesverne.com.tr\/?s={search_term_string}"},"query-input":"required name=search_term_string"}],"inLanguage":"en-US"},{"@type":"Organization","@id":"https:\/\/julesverne.com.tr\/#organization","name":"JULES VERNE BUSINESS MICE TRAVEL","url":"https:\/\/julesverne.com.tr\/","logo":{"@type":"ImageObject","inLanguage":"en-US","@id":"https:\/\/julesverne.com.tr\/#\/schema\/logo\/image\/","url":"https:\/\/julesverne.com.tr\/wp-content\/uploads\/2020\/09\/jv-bmt-logo.png","contentUrl":"https:\/\/julesverne.com.tr\/wp-content\/uploads\/2020\/09\/jv-bmt-logo.png","width":110,"height":81,"caption":"JULES VERNE BUSINESS MICE TRAVEL"},"image":{"@id":"https:\/\/julesverne.com.tr\/#\/schema\/logo\/image\/"},"sameAs":["https:\/\/www.facebook.com\/JulesVerneBusinessMiceTravel\/","https:\/\/twitter.com\/JV_BusinessMice","https:\/\/www.instagram.com\/julesvernebusinessmicetravel\/","https:\/\/www.linkedin.com\/company\/julesvernebusinessmicetravel\/","https:\/\/www.youtube.com\/channel\/UCAwdsmbZ6tFhu1tea6pkpiw"]},{"@type":"Person","@id":"https:\/\/julesverne.com.tr\/#\/schema\/person\/f4eb0514ae455538644c31b99a466fdb","name":"fikirman","sameAs":["http:\/\/advermedya.net\/julesverne"],"url":"https:\/\/julesverne.com.tr\/en\/author\/fikirman\/"}]}},"_links":{"self":[{"href":"https:\/\/julesverne.com.tr\/en\/wp-json\/wp\/v2\/posts\/1918"}],"collection":[{"href":"https:\/\/julesverne.com.tr\/en\/wp-json\/wp\/v2\/posts"}],"about":[{"href":"https:\/\/julesverne.com.tr\/en\/wp-json\/wp\/v2\/types\/post"}],"author":[{"embeddable":true,"href":"https:\/\/julesverne.com.tr\/en\/wp-json\/wp\/v2\/users\/1"}],"replies":[{"embeddable":true,"href":"https:\/\/julesverne.com.tr\/en\/wp-json\/wp\/v2\/comments?post=1918"}],"version-history":[{"count":0,"href":"https:\/\/julesverne.com.tr\/en\/wp-json\/wp\/v2\/posts\/1918\/revisions"}],"wp:featuredmedia":[{"embeddable":true,"href":"https:\/\/julesverne.com.tr\/en\/wp-json\/wp\/v2\/media\/1919"}],"wp:attachment":[{"href":"https:\/\/julesverne.com.tr\/en\/wp-json\/wp\/v2\/media?parent=1918"}],"wp:term":[{"taxonomy":"category","embeddable":true,"href":"https:\/\/julesverne.com.tr\/en\/wp-json\/wp\/v2\/categories?post=1918"},{"taxonomy":"post_tag","embeddable":true,"href":"https:\/\/julesverne.com.tr\/en\/wp-json\/wp\/v2\/tags?post=1918"}],"curies":[{"name":"wp","href":"https:\/\/api.w.org\/{rel}","templated":true}]}}