{"id":1916,"date":"2018-05-15T11:53:46","date_gmt":"2018-05-15T08:53:46","guid":{"rendered":"https:\/\/www.julesverne.com.tr\/\/blog\/mezopotamyada-sozden-ote-mardin-bienali\/"},"modified":"2020-09-21T17:36:18","modified_gmt":"2020-09-21T14:36:18","slug":"mezopotamyada-sozden-ote-mardin-bienali","status":"publish","type":"post","link":"https:\/\/julesverne.com.tr\/en\/travel-blog\/mezopotamyada-sozden-ote-mardin-bienali\/","title":{"rendered":"Mezopotamya&#8217;da &#8216;S\u00f6zden \u00d6te&#8217; Mardin Bienali"},"content":{"rendered":"<p><h3 style=\"text-align: center;\">1-3 Haziran 2018<\/h3>\n<h3 style=\"text-align: center;\">2 Gece &#8211; 3 G&uuml;n<\/h3>\n<p><img loading=\"lazy\" decoding=\"async\" class=\"alignnone size-full wp-image-4773\" src=\"https:\/\/www.julesverne.com.tr\/\/wp-content\/uploads\/2020\/09\/mardin_kapak-1.jpg\" width=\"1000\" height=\"667\" alt=\"Mardin\" srcset=\"https:\/\/julesverne.com.tr\/wp-content\/uploads\/2020\/09\/mardin_kapak-1.jpg 1000w, https:\/\/julesverne.com.tr\/wp-content\/uploads\/2020\/09\/mardin_kapak-1-500x334.jpg 500w, https:\/\/julesverne.com.tr\/wp-content\/uploads\/2020\/09\/mardin_kapak-1-768x512.jpg 768w\" sizes=\"(max-width: 1000px) 100vw, 1000px\" \/><\/p>\n<p>Kuzey Mezopotamya&rsquo;da u&ccedil;suz bucaks\u0131z uzanan El Cezire d&uuml;zl&uuml;klerine bakan zarif ve etkileyici ta\u015f \u015fehir <strong>Mardin<\/strong>, <strong>4. Uluslararas\u0131 Bienaliyle &ldquo;S&ouml;zden &Ouml;te&rdquo;<\/strong> diyor, sizi d&uuml;nyaya ve sanata bak\u0131\u015fta s&ouml;z&uuml;n &ouml;tesindeki anlam &uuml;retme bi&ccedil;imlerinde bulu\u015fmaya &ccedil;a\u011f\u0131r\u0131yor.&nbsp;<\/p>\n<p style=\"text-align: center;\"><img loading=\"lazy\" decoding=\"async\" class=\"alignnone size-full wp-image-4774\" src=\"https:\/\/www.julesverne.com.tr\/\/wp-content\/uploads\/2020\/09\/mardin_old_town.jpg\" width=\"1000\" height=\"652\" alt=\"mardin\" srcset=\"https:\/\/julesverne.com.tr\/wp-content\/uploads\/2020\/09\/mardin_old_town.jpg 1000w, https:\/\/julesverne.com.tr\/wp-content\/uploads\/2020\/09\/mardin_old_town-500x326.jpg 500w, https:\/\/julesverne.com.tr\/wp-content\/uploads\/2020\/09\/mardin_old_town-768x501.jpg 768w\" sizes=\"(max-width: 1000px) 100vw, 1000px\" \/><\/p>\n<p>Mezopotamya&hellip; Kadim uygarl\u0131klar\u0131n be\u015fi\u011fi, her \u015feyin ba\u015flad\u0131\u011f\u0131 topraklar, ilklerin b&ouml;lgesi, insano\u011flunun binlerce y\u0131l g&uuml;ne\u015fe tapt\u0131\u011f\u0131 co\u011frafya. G&uuml;ne\u015f bu topraklara can verir, karanl\u0131ktan sonraki \u0131\u015f\u0131kt\u0131r, iyinin k&ouml;t&uuml;ye galibiyetinin simgesidir, yol g&ouml;sterir ve topra\u011f\u0131n ba\u011fr\u0131n\u0131 cay\u0131r cay\u0131r yakarken bereketi de getirir.&nbsp;<\/p>\n<p>Sanat\u0131n dili bizleri &ldquo;s&ouml;z&uuml;n&rdquo; &ouml;tesinde &ccedil;ok &ccedil;e\u015fitli yollarla &uuml;retilen anlamlarda bulu\u015fturabilir inanc\u0131n\u0131 ta\u015f\u0131yan <strong>4. Uluslararas\u0131 Mardin Bienali<\/strong>, sizi d&uuml;nyaya ve sanata bak\u0131\u015fta s&ouml;z&uuml;n &ouml;tesindeki anlam &uuml;retme bi&ccedil;imlerinde bulu\u015fmaya &ccedil;a\u011f\u0131r\u0131yor.&nbsp;<\/p>\n<p><img loading=\"lazy\" decoding=\"async\" class=\"alignnone size-full wp-image-4775\" src=\"https:\/\/www.julesverne.com.tr\/\/wp-content\/uploads\/2020\/09\/midyat_old_town1.jpg\" width=\"1000\" height=\"626\" alt=\"midyat\" srcset=\"https:\/\/julesverne.com.tr\/wp-content\/uploads\/2020\/09\/midyat_old_town1.jpg 1000w, https:\/\/julesverne.com.tr\/wp-content\/uploads\/2020\/09\/midyat_old_town1-500x313.jpg 500w, https:\/\/julesverne.com.tr\/wp-content\/uploads\/2020\/09\/midyat_old_town1-768x481.jpg 768w\" sizes=\"(max-width: 1000px) 100vw, 1000px\" \/><\/p>\n<p><strong>G&uuml;neydo\u011fu Anadolu&rsquo;nun masallar kenti Mardin&rsquo;in karakteristik sokaklar\u0131nda gezerken zamandan kopacak; Mezopotamya&rsquo;n\u0131n insan\u0131n ruhuna i\u015fleyen cazibesini asla unutamayacaks\u0131n\u0131z.<\/strong><\/p>\n<h3><strong>PROGRAM<\/strong><\/h3>\n<h3><strong>1 Haziran Cuma\/ Mardin&nbsp; <\/strong><\/h3>\n<p>10.30&nbsp; &nbsp;Sabiha G&ouml;k&ccedil;en Havaliman\u0131nda bulu\u015fma . Anadolujet&nbsp; TK7208 tarifeli seferi ile 12.10 &lsquo;da&nbsp; hareket&nbsp; . Yakla\u015f\u0131k 1 saat &ndash; 50 dk s&uuml;recek u&ccedil;u\u015f sonras\u0131 14.00&rsquo;de Mardin&rsquo;e var\u0131\u015f.<\/p>\n<p>14.30&nbsp; Havaliman\u0131nda&nbsp; ara&ccedil; ve rehber ile bulu\u015fma sonras\u0131&nbsp; gezi i&ccedil;in hareket.&nbsp; \u0130lk olarak yakla\u015f\u0131k 30 dk. s&uuml;recek yolculuk ile Mardin&rsquo;in&nbsp; 4 km do\u011fusundaki son 3500 y\u0131ll\u0131k tarihine tan\u0131kl\u0131k etmi\u015f ve bir d&ouml;nem D&uuml;nya S&uuml;ryanilerinin patriklik merkezi olan <strong>Dayr-&uuml;l Zaferan Manast\u0131r\u0131&rsquo;<\/strong>na gidi\u015f .M.S. 5. Y&uuml;zy\u0131lda in\u015fa edilen ve S&uuml;ryani Cemaati i&ccedil;in &ccedil;ok &ouml;nemli olan bu manast\u0131rda daha &ouml;nceki d&ouml;nemden kalan <strong>G&uuml;ne\u015f Tap\u0131na\u011f\u0131<\/strong> ve sonra de\u011fi\u015fik tarihlerde yap\u0131lm\u0131\u015f <strong>Azizler Evi, Mor Hananyo Kilisesi (Kubbeli Kilise), Meryem Ana Kilisesi<\/strong> gibi tarihi eserler gezilecek. Gezi&nbsp; sonras\u0131 Mardin&rsquo;e d&ouml;n&uuml;\u015f tarihi&nbsp; sokaklar\u0131nda y&uuml;r&uuml;y&uuml;\u015f, \u015fehir hakk\u0131nda genel bilgiler .&nbsp;<\/p>\n<p><img loading=\"lazy\" decoding=\"async\" class=\"alignnone size-full wp-image-4776\" src=\"https:\/\/www.julesverne.com.tr\/\/wp-content\/uploads\/2020\/09\/Dayr-ul_Zaferan_Manastiri.jpg\" width=\"620\" height=\"350\" alt=\"Dayr&uuml;l Zarefan Manast\u0131r\u0131\" srcset=\"https:\/\/julesverne.com.tr\/wp-content\/uploads\/2020\/09\/Dayr-ul_Zaferan_Manastiri.jpg 620w, https:\/\/julesverne.com.tr\/wp-content\/uploads\/2020\/09\/Dayr-ul_Zaferan_Manastiri-500x282.jpg 500w, https:\/\/julesverne.com.tr\/wp-content\/uploads\/2020\/09\/Dayr-ul_Zaferan_Manastiri-400x225.jpg 400w\" sizes=\"(max-width: 620px) 100vw, 620px\" \/><\/p>\n<p>18.30&nbsp; &nbsp;Konaklama yap\u0131lacak \u0130zala Hotel&rsquo;e&nbsp; gidi\u015f. Check in i\u015flemleri, k\u0131sa bir dinlenme .<\/p>\n<p>20.30&nbsp; &nbsp;Ak\u015fam yeme\u011fi d&uuml;nyan\u0131n en iyi 10 a\u015f&ccedil;\u0131s\u0131 aras\u0131na girmi\u015f olan Mardinli Ebru Baybara Demir&#8217;in i\u015fletti\u011fi,&nbsp; otelinize 10 dk. y&uuml;r&uuml;y&uuml;\u015f mesafesinde Cercis Murat Kona\u011f\u0131&rsquo;nda.<\/p>\n<h3><strong>2 Haziran Cumartesi \/ Mardin&nbsp; &nbsp;<\/strong> &nbsp; &nbsp; &nbsp; &nbsp; &nbsp;<\/h3>\n<p>09.00- Kahvalt\u0131 sonras\u0131 ilk olarak Muhte\u015fem Mezopotamya manzaras\u0131 ile <strong>Kas\u0131miye&nbsp; Medresesi<\/strong> . Gezi sonras\u0131 <strong>&#8220;S&ouml;zden &Ouml;te&rdquo;<\/strong> temas\u0131yla Bienal Mekanlar\u0131 ve \u015fehir&nbsp; gezisi .<\/p>\n<p>Bienalin 4.edisyonu da, t\u0131pk\u0131 &ouml;ncekiler gibi, Mardin kentinin tarihi mekanlar\u0131n\u0131, m&uuml;\u015fterek bir alan\u0131n ve ortak bir dilin &uuml;retimini ara\u015ft\u0131ran platformlara d&ouml;n&uuml;\u015ft&uuml;rmeyi ama&ccedil;lam\u0131\u015f. Birinci Cadde ve Cumhuriyet Caddesi a\u011f\u0131rl\u0131kl\u0131 olmak &uuml;zere, eski kentin ara sokaklar\u0131na da ta\u015fan bienal, <strong>Mor Efrem Manast\u0131r\u0131<\/strong>, <strong>Mardin M&uuml;zesi<\/strong> ve civar\u0131, <strong>Meryem Ana Kilisesi, Y\u0131ld\u0131z Hamam\u0131, Alman Kararg&acirc;h\u0131, Revakl\u0131 &Ccedil;ar\u015f\u0131, Marangozlar Kahvesi, Ferhat Salman at&ouml;lyesi ve Mardin Sinema Derne\u011fi ile Mardin Kad\u0131n Eme\u011fini De\u011ferlendirme Vakf\u0131 (KEDV<\/strong>) gibi noktalarda yer al\u0131yor. Ayr\u0131ca Bienal gezisi s\u0131ras\u0131nda&nbsp; <strong>Mor&nbsp; Behnam K\u0131rklar Kilisesi, Zinciriye Medresesi , Eski Postane Binas\u0131, Ulu Cami, Mardin &Ccedil;ar\u015f\u0131s\u0131, Eski K\u0131z Meslek Lisesi,&nbsp; Sabanc\u0131 M&uuml;zesi<\/strong>,&nbsp; g&ouml;r&uuml;lecek&nbsp; yerler aras\u0131nda. Gezi&nbsp; sonras\u0131 otele d&ouml;n&uuml;\u015f.&nbsp;<\/p>\n<p style=\"text-align: center;\"><img loading=\"lazy\" decoding=\"async\" class=\"alignnone size-full wp-image-4777\" src=\"https:\/\/www.julesverne.com.tr\/\/wp-content\/uploads\/2020\/09\/kasimiye.jpg\" width=\"1000\" height=\"660\" alt=\"Kasimiye_medresesi\" srcset=\"https:\/\/julesverne.com.tr\/wp-content\/uploads\/2020\/09\/kasimiye.jpg 1000w, https:\/\/julesverne.com.tr\/wp-content\/uploads\/2020\/09\/kasimiye-500x330.jpg 500w, https:\/\/julesverne.com.tr\/wp-content\/uploads\/2020\/09\/kasimiye-768x507.jpg 768w\" sizes=\"(max-width: 1000px) 100vw, 1000px\" \/><\/p>\n<p style=\"text-align: left;\">19.00&nbsp; &nbsp;Gezi&nbsp; sonras\u0131 otele d&ouml;n&uuml;\u015f.&nbsp;<\/p>\n<p style=\"text-align: left;\">20.30&nbsp; &nbsp;Ak\u015fam yeme\u011fi &ndash; Ba\u011fdadi Restaurant&nbsp;<\/p>\n<h3 style=\"text-align: left;\"><strong>3 Haziran Pazar \/ Mardin<\/strong><\/h3>\n<p>08.30&nbsp; &nbsp;Kahvalt\u0131&nbsp; sonras\u0131 otelden ayr\u0131l\u0131\u015f.&nbsp;&nbsp;<\/p>\n<p>Yakla\u015f\u0131k 1 saat , 20 dk. s&uuml;recek yolculukla Kadim S&uuml;ryani Cemaatinin belki de en &ouml;nemli yap\u0131s\u0131 olan <strong>Mor Gabriel Manast\u0131r<\/strong>\u0131&rsquo;na gidi\u015f. Manast\u0131r\u0131n temelleri Savurlu Mor Smuel ile Kartminli Mor \u015eemun taraf\u0131ndan MS.397&rsquo; y\u0131l\u0131nda at\u0131lm\u0131\u015f olup 615 ve 1049&#8217;da Metropolitlik Merkezi olmu\u015f. Manast\u0131rda, Kral Arcadius&nbsp; zaman\u0131nda Mor \u015eemun taraf\u0131ndan bar\u0131nma ve dua yerleri yap\u0131lm\u0131\u015f.<\/p>\n<p style=\"text-align: center;\"><img loading=\"lazy\" decoding=\"async\" class=\"alignnone size-full wp-image-4778\" src=\"https:\/\/www.julesverne.com.tr\/\/wp-content\/uploads\/2020\/09\/mor_gabriel.jpg\" width=\"1000\" height=\"667\" alt=\"Mor_Gabriel\" srcset=\"https:\/\/julesverne.com.tr\/wp-content\/uploads\/2020\/09\/mor_gabriel.jpg 1000w, https:\/\/julesverne.com.tr\/wp-content\/uploads\/2020\/09\/mor_gabriel-500x334.jpg 500w, https:\/\/julesverne.com.tr\/wp-content\/uploads\/2020\/09\/mor_gabriel-768x512.jpg 768w\" sizes=\"(max-width: 1000px) 100vw, 1000px\" \/><\/p>\n<p style=\"text-align: left;\">Gezi sonras\u0131 Midyat&rsquo;a gidi\u015f. Panoramik&nbsp; gezi sonras\u0131 &ouml;\u011fle yeme\u011fi yol &uuml;zerinde Midyat&rsquo;a yakla\u015f\u0131k 30 dk. mesafe&rsquo;de Beyaz Su&rsquo;da. Yemek sonras\u0131 yaka\u015f\u0131k 45 dk. s&uuml;recek yolculukla \u0130pek Yolu &uuml;zerinde, antik kaynaklarda <strong>Mezopotamya&rsquo;n\u0131n Efes&rsquo;<\/strong>i olarak tan\u0131nan <strong>Dara Antik Kenti<\/strong>&rsquo;ne gidi\u015f.<\/p>\n<p style=\"text-align: center;\"><img loading=\"lazy\" decoding=\"async\" class=\"alignnone size-full wp-image-4779\" src=\"https:\/\/www.julesverne.com.tr\/\/wp-content\/uploads\/2020\/09\/midyat_old_town.jpg\" width=\"1000\" height=\"666\" alt=\"midyat\" srcset=\"https:\/\/julesverne.com.tr\/wp-content\/uploads\/2020\/09\/midyat_old_town.jpg 1000w, https:\/\/julesverne.com.tr\/wp-content\/uploads\/2020\/09\/midyat_old_town-500x333.jpg 500w, https:\/\/julesverne.com.tr\/wp-content\/uploads\/2020\/09\/midyat_old_town-768x511.jpg 768w\" sizes=\"(max-width: 1000px) 100vw, 1000px\" \/><\/p>\n<p>Dara Antik Kenti Mardin&rsquo;in 30 km. g&uuml;neydo\u011fusunda bulunan O\u011fuz k&ouml;y&uuml;nde yer almaktad\u0131r. Tarihte Yukar\u0131 Mezopotamya&#8217;n\u0131n en &ouml;nemli yerle\u015fim yerlerinden birisi olan Dara, \u0130mparator Anastasius&#8217;un (491-518) giri\u015fimleriyle 505 y\u0131l\u0131nda, Do\u011fu Roma \u0130mparatorlu\u011funun do\u011fu s\u0131n\u0131r\u0131n\u0131 Sasanilere kar\u015f\u0131 korumak i&ccedil;in askeri ama&ccedil;l\u0131 bir garnizon kenti olarak kurulmu\u015ftur. Kaya i&ccedil;ine oyulan yap\u0131lardan olu\u015fan ve geni\u015f bir alana yay\u0131lan Dara Antik Kentinin &ccedil;evresi 4 kilometrelik bir surla korunmu\u015ftur. \u0130&ccedil; kale, kentin kuzeyinde ve 50 m. y&uuml;ksekli\u011findeki tepenin &uuml;st d&uuml;zl&uuml;\u011f&uuml;ne kurulmu\u015ftur. Kent i&ccedil;inde kilise, saray, &ccedil;ar\u015f\u0131, zindan, tophane ve su bendi kal\u0131nt\u0131lar\u0131 halen g&ouml;r&uuml;lebilmektedir .&nbsp;<\/p>\n<p style=\"text-align: center;\"><img loading=\"lazy\" decoding=\"async\" class=\"alignnone size-full wp-image-4780\" src=\"https:\/\/www.julesverne.com.tr\/\/wp-content\/uploads\/2020\/09\/dara.jpg\" width=\"1000\" height=\"667\" alt=\"Dara_antik_kenti\" srcset=\"https:\/\/julesverne.com.tr\/wp-content\/uploads\/2020\/09\/dara.jpg 1000w, https:\/\/julesverne.com.tr\/wp-content\/uploads\/2020\/09\/dara-500x334.jpg 500w, https:\/\/julesverne.com.tr\/wp-content\/uploads\/2020\/09\/dara-768x512.jpg 768w\" sizes=\"(max-width: 1000px) 100vw, 1000px\" \/><\/p>\n<p>Gezi sonras\u0131 Mardin Havaliman\u0131&rsquo;na gidi\u015f.&nbsp;<\/p>\n<p>18.20&nbsp; T&uuml;rk Hava Yollar\u0131&rsquo;n\u0131n TK 2677 tarifeli seferi ile hareket ve yakla\u015f\u0131k 2 saat &ndash; 15 dk s&uuml;recek u&ccedil;u\u015f sonras\u0131 20.35&rsquo;de \u0130stanbul Atat&uuml;rk Hava Liman\u0131na var\u0131\u015f.&nbsp;<\/p>\n<p><img loading=\"lazy\" decoding=\"async\" class=\"alignnone size-full wp-image-4781\" src=\"https:\/\/www.julesverne.com.tr\/\/wp-content\/uploads\/2020\/09\/izala_teras.jpg\" width=\"1024\" height=\"683\" alt=\"izala_teras\" srcset=\"https:\/\/julesverne.com.tr\/wp-content\/uploads\/2020\/09\/izala_teras.jpg 1024w, https:\/\/julesverne.com.tr\/wp-content\/uploads\/2020\/09\/izala_teras-500x333.jpg 500w, https:\/\/julesverne.com.tr\/wp-content\/uploads\/2020\/09\/izala_teras-768x512.jpg 768w\" sizes=\"(max-width: 1024px) 100vw, 1024px\" \/><\/p>\n<p style=\"text-align: center;\"><strong>Gezi &Uuml;creti :&nbsp; 1500 TL&nbsp; (<\/strong><strong>Single Fark\u0131 : 400 TL )<\/strong><\/p>\n<p><strong><span style=\"text-decoration: underline;\">&Uuml;crete dahil olan hizmetler :<\/span><\/strong><\/p>\n<ul>\n<li>Izala Boutique Hotel&#8217;de 2 gece konaklama<\/li>\n<li>3 g&uuml;n programda belirtilen t&uuml;m ula\u015f\u0131mlar&nbsp;<\/li>\n<li>3 g&uuml;n T&uuml;rk&ccedil;e rehberlik hizmeti&nbsp;<\/li>\n<li>2 Kahvalt\u0131&nbsp;<\/li>\n<li>2 &Ouml;\u011fle yeme\u011fi&nbsp;<\/li>\n<li>2 Ak\u015fam yeme\u011fi&nbsp;&nbsp;<\/li>\n<li>Programda ad\u0131 ge&ccedil;en m&uuml;ze ve &ouml;ren yeri giri\u015f &uuml;cretleri<\/li>\n<li>Seyahat Sigortas\u0131&nbsp;<\/li>\n<\/ul>\n<p><span style=\"text-decoration: underline;\"><strong>&Uuml;crete dahil olmayan hizmetler<\/strong><\/span><\/p>\n<ul>\n<li>U&ccedil;ak bileti&nbsp;<\/li>\n<li>Yemeklerde al\u0131nacak i&ccedil;ecekler.&nbsp;<\/li>\n<li>\u015eahsi harcamalar<\/li>\n<\/ul>\n<p>*<em>Gezimiz minimum 8 ki\u015finin kat\u0131l\u0131m\u0131 ile ger&ccedil;ekle\u015fecektir.<\/em><\/p>\n<p style=\"text-align: center;\"><span style=\"white-space: pre;\"><img loading=\"lazy\" decoding=\"async\" class=\"alignnone size-full wp-image-4782\" src=\"https:\/\/www.julesverne.com.tr\/\/wp-content\/uploads\/2020\/09\/izala_teras_yemek.jpg\" width=\"1024\" height=\"683\" alt=\"izala_teras\" srcset=\"https:\/\/julesverne.com.tr\/wp-content\/uploads\/2020\/09\/izala_teras_yemek.jpg 1024w, https:\/\/julesverne.com.tr\/wp-content\/uploads\/2020\/09\/izala_teras_yemek-500x333.jpg 500w, https:\/\/julesverne.com.tr\/wp-content\/uploads\/2020\/09\/izala_teras_yemek-768x512.jpg 768w\" sizes=\"(max-width: 1024px) 100vw, 1024px\" \/><\/span><\/p>\n<p style=\"text-align: center;\"><span style=\"white-space: pre;\"><strong>Detayl\u0131 program bilgisi ve rezervasyon i&ccedil;in:<\/strong> <br \/><\/span><span style=\"white-space: pre;\"><a href=\"mailto:travel@julesverne.com.tr%20\" target=\"_blank\" rel=\"noopener noreferrer\">travel@julesverne.com.tr <br \/><\/a><\/span>0212 266 6363 &#8211; 137<\/p>\n<p>&nbsp;<\/p>\n<p>&nbsp;<\/p>\n<p><strong>&nbsp;&nbsp; &nbsp;<\/strong><\/p><\/p>\n","protected":false},"excerpt":{"rendered":"<p>Kuzey Mezopotamya&rsquo;da u&ccedil;suz bucaks\u0131z uzanan El Cezire d&uuml;zl&uuml;klerine bakan zarif ve etkileyici ta\u015f \u015fehir Mardin, 4. Uluslararas\u0131 Bienaliyle &ldquo;S&ouml;zden &Ouml;te&rdquo; diyor,&nbsp;sizi d&uuml;nyaya ve sanata bak\u0131\u015fta s&ouml;z&uuml;n &ouml;tesindeki anlam &uuml;retme bi&ccedil;imlerinde bulu\u015fmaya &ccedil;a\u011f\u0131r\u0131yor. G&uuml;neydo\u011fu Anadolu&rsquo;nun masallar kenti Mardin&rsquo;in karakteristik sokaklar\u0131nda gezerken zamandan kopacak; Mezopotamya&rsquo;n\u0131n insan\u0131n ruhuna i\u015fleyen cazibesini asla unutamayacaks\u0131n\u0131z.<\/p>\n","protected":false},"author":1,"featured_media":1917,"comment_status":"closed","ping_status":"closed","sticky":false,"template":"","format":"standard","meta":{"inline_featured_image":false,"footnotes":""},"categories":[1],"tags":[],"acf":[],"yoast_head":"<!-- This site is optimized with the Yoast SEO plugin v22.3 - https:\/\/yoast.com\/wordpress\/plugins\/seo\/ -->\n<title>Mezopotamya&#039;da &#039;S\u00f6zden \u00d6te&#039; Mardin Bienali - JULES VERNE BUSINESS MICE TRAVEL<\/title>\n<meta name=\"robots\" content=\"index, follow, max-snippet:-1, max-image-preview:large, max-video-preview:-1\" \/>\n<link rel=\"canonical\" href=\"https:\/\/julesverne.com.tr\/travel-blog\/mezopotamyada-sozden-ote-mardin-bienali\/\" \/>\n<meta property=\"og:locale\" content=\"en_US\" \/>\n<meta property=\"og:type\" content=\"article\" \/>\n<meta property=\"og:title\" content=\"Mezopotamya&#039;da &#039;S\u00f6zden \u00d6te&#039; Mardin Bienali - JULES VERNE BUSINESS MICE TRAVEL\" \/>\n<meta property=\"og:description\" content=\"Kuzey Mezopotamya&rsquo;da u&ccedil;suz bucaks\u0131z uzanan El Cezire d&uuml;zl&uuml;klerine bakan zarif ve etkileyici ta\u015f \u015fehir Mardin, 4. Uluslararas\u0131 Bienaliyle &ldquo;S&ouml;zden &Ouml;te&rdquo; diyor,&nbsp;sizi d&uuml;nyaya ve sanata bak\u0131\u015fta s&ouml;z&uuml;n &ouml;tesindeki anlam &uuml;retme bi&ccedil;imlerinde bulu\u015fmaya &ccedil;a\u011f\u0131r\u0131yor. G&uuml;neydo\u011fu Anadolu&rsquo;nun masallar kenti Mardin&rsquo;in karakteristik sokaklar\u0131nda gezerken zamandan kopacak; Mezopotamya&rsquo;n\u0131n insan\u0131n ruhuna i\u015fleyen cazibesini asla unutamayacaks\u0131n\u0131z.\" \/>\n<meta property=\"og:url\" content=\"https:\/\/julesverne.com.tr\/travel-blog\/mezopotamyada-sozden-ote-mardin-bienali\/\" \/>\n<meta property=\"og:site_name\" content=\"JULES VERNE BUSINESS MICE TRAVEL\" \/>\n<meta property=\"article:publisher\" content=\"https:\/\/www.facebook.com\/JulesVerneBusinessMiceTravel\/\" \/>\n<meta property=\"article:published_time\" content=\"2018-05-15T08:53:46+00:00\" \/>\n<meta property=\"article:modified_time\" content=\"2020-09-21T14:36:18+00:00\" \/>\n<meta property=\"og:image\" content=\"https:\/\/julesverne.com.tr\/wp-content\/uploads\/2020\/09\/mardin_kapak.jpg\" \/>\n\t<meta property=\"og:image:width\" content=\"1000\" \/>\n\t<meta property=\"og:image:height\" content=\"667\" \/>\n\t<meta property=\"og:image:type\" content=\"image\/jpeg\" \/>\n<meta name=\"author\" content=\"fikirman\" \/>\n<meta name=\"twitter:card\" content=\"summary_large_image\" \/>\n<meta name=\"twitter:creator\" content=\"@JV_BusinessMice\" \/>\n<meta name=\"twitter:site\" content=\"@JV_BusinessMice\" \/>\n<meta name=\"twitter:label1\" content=\"Written by\" \/>\n\t<meta name=\"twitter:data1\" content=\"fikirman\" \/>\n\t<meta name=\"twitter:label2\" content=\"Est. reading time\" \/>\n\t<meta name=\"twitter:data2\" content=\"6 minutes\" \/>\n<script type=\"application\/ld+json\" class=\"yoast-schema-graph\">{\"@context\":\"https:\/\/schema.org\",\"@graph\":[{\"@type\":\"Article\",\"@id\":\"https:\/\/julesverne.com.tr\/travel-blog\/mezopotamyada-sozden-ote-mardin-bienali\/#article\",\"isPartOf\":{\"@id\":\"https:\/\/julesverne.com.tr\/travel-blog\/mezopotamyada-sozden-ote-mardin-bienali\/\"},\"author\":{\"name\":\"fikirman\",\"@id\":\"https:\/\/julesverne.com.tr\/#\/schema\/person\/f4eb0514ae455538644c31b99a466fdb\"},\"headline\":\"Mezopotamya&#8217;da &#8216;S\u00f6zden \u00d6te&#8217; Mardin Bienali\",\"datePublished\":\"2018-05-15T08:53:46+00:00\",\"dateModified\":\"2020-09-21T14:36:18+00:00\",\"mainEntityOfPage\":{\"@id\":\"https:\/\/julesverne.com.tr\/travel-blog\/mezopotamyada-sozden-ote-mardin-bienali\/\"},\"wordCount\":1172,\"publisher\":{\"@id\":\"https:\/\/julesverne.com.tr\/#organization\"},\"image\":{\"@id\":\"https:\/\/julesverne.com.tr\/travel-blog\/mezopotamyada-sozden-ote-mardin-bienali\/#primaryimage\"},\"thumbnailUrl\":\"https:\/\/julesverne.com.tr\/wp-content\/uploads\/2020\/09\/mardin_kapak.jpg\",\"articleSection\":[\"Blog\"],\"inLanguage\":\"en-US\"},{\"@type\":\"WebPage\",\"@id\":\"https:\/\/julesverne.com.tr\/travel-blog\/mezopotamyada-sozden-ote-mardin-bienali\/\",\"url\":\"https:\/\/julesverne.com.tr\/travel-blog\/mezopotamyada-sozden-ote-mardin-bienali\/\",\"name\":\"Mezopotamya'da 'S\u00f6zden \u00d6te' Mardin Bienali - JULES VERNE BUSINESS MICE TRAVEL\",\"isPartOf\":{\"@id\":\"https:\/\/julesverne.com.tr\/#website\"},\"primaryImageOfPage\":{\"@id\":\"https:\/\/julesverne.com.tr\/travel-blog\/mezopotamyada-sozden-ote-mardin-bienali\/#primaryimage\"},\"image\":{\"@id\":\"https:\/\/julesverne.com.tr\/travel-blog\/mezopotamyada-sozden-ote-mardin-bienali\/#primaryimage\"},\"thumbnailUrl\":\"https:\/\/julesverne.com.tr\/wp-content\/uploads\/2020\/09\/mardin_kapak.jpg\",\"datePublished\":\"2018-05-15T08:53:46+00:00\",\"dateModified\":\"2020-09-21T14:36:18+00:00\",\"breadcrumb\":{\"@id\":\"https:\/\/julesverne.com.tr\/travel-blog\/mezopotamyada-sozden-ote-mardin-bienali\/#breadcrumb\"},\"inLanguage\":\"en-US\",\"potentialAction\":[{\"@type\":\"ReadAction\",\"target\":[\"https:\/\/julesverne.com.tr\/travel-blog\/mezopotamyada-sozden-ote-mardin-bienali\/\"]}]},{\"@type\":\"ImageObject\",\"inLanguage\":\"en-US\",\"@id\":\"https:\/\/julesverne.com.tr\/travel-blog\/mezopotamyada-sozden-ote-mardin-bienali\/#primaryimage\",\"url\":\"https:\/\/julesverne.com.tr\/wp-content\/uploads\/2020\/09\/mardin_kapak.jpg\",\"contentUrl\":\"https:\/\/julesverne.com.tr\/wp-content\/uploads\/2020\/09\/mardin_kapak.jpg\",\"width\":1000,\"height\":667},{\"@type\":\"BreadcrumbList\",\"@id\":\"https:\/\/julesverne.com.tr\/travel-blog\/mezopotamyada-sozden-ote-mardin-bienali\/#breadcrumb\",\"itemListElement\":[{\"@type\":\"ListItem\",\"position\":1,\"name\":\"Anasayfa\",\"item\":\"https:\/\/julesverne.com.tr\/\"},{\"@type\":\"ListItem\",\"position\":2,\"name\":\"Mezopotamya&#8217;da &#8216;S\u00f6zden \u00d6te&#8217; Mardin Bienali\"}]},{\"@type\":\"WebSite\",\"@id\":\"https:\/\/julesverne.com.tr\/#website\",\"url\":\"https:\/\/julesverne.com.tr\/\",\"name\":\"JULES VERNE BUSINESS MICE TRAVEL\",\"description\":\"\",\"publisher\":{\"@id\":\"https:\/\/julesverne.com.tr\/#organization\"},\"potentialAction\":[{\"@type\":\"SearchAction\",\"target\":{\"@type\":\"EntryPoint\",\"urlTemplate\":\"https:\/\/julesverne.com.tr\/?s={search_term_string}\"},\"query-input\":\"required name=search_term_string\"}],\"inLanguage\":\"en-US\"},{\"@type\":\"Organization\",\"@id\":\"https:\/\/julesverne.com.tr\/#organization\",\"name\":\"JULES VERNE BUSINESS MICE TRAVEL\",\"url\":\"https:\/\/julesverne.com.tr\/\",\"logo\":{\"@type\":\"ImageObject\",\"inLanguage\":\"en-US\",\"@id\":\"https:\/\/julesverne.com.tr\/#\/schema\/logo\/image\/\",\"url\":\"https:\/\/julesverne.com.tr\/wp-content\/uploads\/2020\/09\/jv-bmt-logo.png\",\"contentUrl\":\"https:\/\/julesverne.com.tr\/wp-content\/uploads\/2020\/09\/jv-bmt-logo.png\",\"width\":110,\"height\":81,\"caption\":\"JULES VERNE BUSINESS MICE TRAVEL\"},\"image\":{\"@id\":\"https:\/\/julesverne.com.tr\/#\/schema\/logo\/image\/\"},\"sameAs\":[\"https:\/\/www.facebook.com\/JulesVerneBusinessMiceTravel\/\",\"https:\/\/twitter.com\/JV_BusinessMice\",\"https:\/\/www.instagram.com\/julesvernebusinessmicetravel\/\",\"https:\/\/www.linkedin.com\/company\/julesvernebusinessmicetravel\/\",\"https:\/\/www.youtube.com\/channel\/UCAwdsmbZ6tFhu1tea6pkpiw\"]},{\"@type\":\"Person\",\"@id\":\"https:\/\/julesverne.com.tr\/#\/schema\/person\/f4eb0514ae455538644c31b99a466fdb\",\"name\":\"fikirman\",\"sameAs\":[\"http:\/\/advermedya.net\/julesverne\"],\"url\":\"https:\/\/julesverne.com.tr\/en\/author\/fikirman\/\"}]}<\/script>\n<!-- \/ Yoast SEO plugin. -->","yoast_head_json":{"title":"Mezopotamya'da 'S\u00f6zden \u00d6te' Mardin Bienali - JULES VERNE BUSINESS MICE TRAVEL","robots":{"index":"index","follow":"follow","max-snippet":"max-snippet:-1","max-image-preview":"max-image-preview:large","max-video-preview":"max-video-preview:-1"},"canonical":"https:\/\/julesverne.com.tr\/travel-blog\/mezopotamyada-sozden-ote-mardin-bienali\/","og_locale":"en_US","og_type":"article","og_title":"Mezopotamya'da 'S\u00f6zden \u00d6te' Mardin Bienali - JULES VERNE BUSINESS MICE TRAVEL","og_description":"Kuzey Mezopotamya&rsquo;da u&ccedil;suz bucaks\u0131z uzanan El Cezire d&uuml;zl&uuml;klerine bakan zarif ve etkileyici ta\u015f \u015fehir Mardin, 4. Uluslararas\u0131 Bienaliyle &ldquo;S&ouml;zden &Ouml;te&rdquo; diyor,&nbsp;sizi d&uuml;nyaya ve sanata bak\u0131\u015fta s&ouml;z&uuml;n &ouml;tesindeki anlam &uuml;retme bi&ccedil;imlerinde bulu\u015fmaya &ccedil;a\u011f\u0131r\u0131yor. G&uuml;neydo\u011fu Anadolu&rsquo;nun masallar kenti Mardin&rsquo;in karakteristik sokaklar\u0131nda gezerken zamandan kopacak; Mezopotamya&rsquo;n\u0131n insan\u0131n ruhuna i\u015fleyen cazibesini asla unutamayacaks\u0131n\u0131z.","og_url":"https:\/\/julesverne.com.tr\/travel-blog\/mezopotamyada-sozden-ote-mardin-bienali\/","og_site_name":"JULES VERNE BUSINESS MICE TRAVEL","article_publisher":"https:\/\/www.facebook.com\/JulesVerneBusinessMiceTravel\/","article_published_time":"2018-05-15T08:53:46+00:00","article_modified_time":"2020-09-21T14:36:18+00:00","og_image":[{"width":1000,"height":667,"url":"https:\/\/julesverne.com.tr\/wp-content\/uploads\/2020\/09\/mardin_kapak.jpg","type":"image\/jpeg"}],"author":"fikirman","twitter_card":"summary_large_image","twitter_creator":"@JV_BusinessMice","twitter_site":"@JV_BusinessMice","twitter_misc":{"Written by":"fikirman","Est. reading time":"6 minutes"},"schema":{"@context":"https:\/\/schema.org","@graph":[{"@type":"Article","@id":"https:\/\/julesverne.com.tr\/travel-blog\/mezopotamyada-sozden-ote-mardin-bienali\/#article","isPartOf":{"@id":"https:\/\/julesverne.com.tr\/travel-blog\/mezopotamyada-sozden-ote-mardin-bienali\/"},"author":{"name":"fikirman","@id":"https:\/\/julesverne.com.tr\/#\/schema\/person\/f4eb0514ae455538644c31b99a466fdb"},"headline":"Mezopotamya&#8217;da &#8216;S\u00f6zden \u00d6te&#8217; Mardin Bienali","datePublished":"2018-05-15T08:53:46+00:00","dateModified":"2020-09-21T14:36:18+00:00","mainEntityOfPage":{"@id":"https:\/\/julesverne.com.tr\/travel-blog\/mezopotamyada-sozden-ote-mardin-bienali\/"},"wordCount":1172,"publisher":{"@id":"https:\/\/julesverne.com.tr\/#organization"},"image":{"@id":"https:\/\/julesverne.com.tr\/travel-blog\/mezopotamyada-sozden-ote-mardin-bienali\/#primaryimage"},"thumbnailUrl":"https:\/\/julesverne.com.tr\/wp-content\/uploads\/2020\/09\/mardin_kapak.jpg","articleSection":["Blog"],"inLanguage":"en-US"},{"@type":"WebPage","@id":"https:\/\/julesverne.com.tr\/travel-blog\/mezopotamyada-sozden-ote-mardin-bienali\/","url":"https:\/\/julesverne.com.tr\/travel-blog\/mezopotamyada-sozden-ote-mardin-bienali\/","name":"Mezopotamya'da 'S\u00f6zden \u00d6te' Mardin Bienali - JULES VERNE BUSINESS MICE TRAVEL","isPartOf":{"@id":"https:\/\/julesverne.com.tr\/#website"},"primaryImageOfPage":{"@id":"https:\/\/julesverne.com.tr\/travel-blog\/mezopotamyada-sozden-ote-mardin-bienali\/#primaryimage"},"image":{"@id":"https:\/\/julesverne.com.tr\/travel-blog\/mezopotamyada-sozden-ote-mardin-bienali\/#primaryimage"},"thumbnailUrl":"https:\/\/julesverne.com.tr\/wp-content\/uploads\/2020\/09\/mardin_kapak.jpg","datePublished":"2018-05-15T08:53:46+00:00","dateModified":"2020-09-21T14:36:18+00:00","breadcrumb":{"@id":"https:\/\/julesverne.com.tr\/travel-blog\/mezopotamyada-sozden-ote-mardin-bienali\/#breadcrumb"},"inLanguage":"en-US","potentialAction":[{"@type":"ReadAction","target":["https:\/\/julesverne.com.tr\/travel-blog\/mezopotamyada-sozden-ote-mardin-bienali\/"]}]},{"@type":"ImageObject","inLanguage":"en-US","@id":"https:\/\/julesverne.com.tr\/travel-blog\/mezopotamyada-sozden-ote-mardin-bienali\/#primaryimage","url":"https:\/\/julesverne.com.tr\/wp-content\/uploads\/2020\/09\/mardin_kapak.jpg","contentUrl":"https:\/\/julesverne.com.tr\/wp-content\/uploads\/2020\/09\/mardin_kapak.jpg","width":1000,"height":667},{"@type":"BreadcrumbList","@id":"https:\/\/julesverne.com.tr\/travel-blog\/mezopotamyada-sozden-ote-mardin-bienali\/#breadcrumb","itemListElement":[{"@type":"ListItem","position":1,"name":"Anasayfa","item":"https:\/\/julesverne.com.tr\/"},{"@type":"ListItem","position":2,"name":"Mezopotamya&#8217;da &#8216;S\u00f6zden \u00d6te&#8217; Mardin Bienali"}]},{"@type":"WebSite","@id":"https:\/\/julesverne.com.tr\/#website","url":"https:\/\/julesverne.com.tr\/","name":"JULES VERNE BUSINESS MICE TRAVEL","description":"","publisher":{"@id":"https:\/\/julesverne.com.tr\/#organization"},"potentialAction":[{"@type":"SearchAction","target":{"@type":"EntryPoint","urlTemplate":"https:\/\/julesverne.com.tr\/?s={search_term_string}"},"query-input":"required name=search_term_string"}],"inLanguage":"en-US"},{"@type":"Organization","@id":"https:\/\/julesverne.com.tr\/#organization","name":"JULES VERNE BUSINESS MICE TRAVEL","url":"https:\/\/julesverne.com.tr\/","logo":{"@type":"ImageObject","inLanguage":"en-US","@id":"https:\/\/julesverne.com.tr\/#\/schema\/logo\/image\/","url":"https:\/\/julesverne.com.tr\/wp-content\/uploads\/2020\/09\/jv-bmt-logo.png","contentUrl":"https:\/\/julesverne.com.tr\/wp-content\/uploads\/2020\/09\/jv-bmt-logo.png","width":110,"height":81,"caption":"JULES VERNE BUSINESS MICE TRAVEL"},"image":{"@id":"https:\/\/julesverne.com.tr\/#\/schema\/logo\/image\/"},"sameAs":["https:\/\/www.facebook.com\/JulesVerneBusinessMiceTravel\/","https:\/\/twitter.com\/JV_BusinessMice","https:\/\/www.instagram.com\/julesvernebusinessmicetravel\/","https:\/\/www.linkedin.com\/company\/julesvernebusinessmicetravel\/","https:\/\/www.youtube.com\/channel\/UCAwdsmbZ6tFhu1tea6pkpiw"]},{"@type":"Person","@id":"https:\/\/julesverne.com.tr\/#\/schema\/person\/f4eb0514ae455538644c31b99a466fdb","name":"fikirman","sameAs":["http:\/\/advermedya.net\/julesverne"],"url":"https:\/\/julesverne.com.tr\/en\/author\/fikirman\/"}]}},"_links":{"self":[{"href":"https:\/\/julesverne.com.tr\/en\/wp-json\/wp\/v2\/posts\/1916"}],"collection":[{"href":"https:\/\/julesverne.com.tr\/en\/wp-json\/wp\/v2\/posts"}],"about":[{"href":"https:\/\/julesverne.com.tr\/en\/wp-json\/wp\/v2\/types\/post"}],"author":[{"embeddable":true,"href":"https:\/\/julesverne.com.tr\/en\/wp-json\/wp\/v2\/users\/1"}],"replies":[{"embeddable":true,"href":"https:\/\/julesverne.com.tr\/en\/wp-json\/wp\/v2\/comments?post=1916"}],"version-history":[{"count":0,"href":"https:\/\/julesverne.com.tr\/en\/wp-json\/wp\/v2\/posts\/1916\/revisions"}],"wp:featuredmedia":[{"embeddable":true,"href":"https:\/\/julesverne.com.tr\/en\/wp-json\/wp\/v2\/media\/1917"}],"wp:attachment":[{"href":"https:\/\/julesverne.com.tr\/en\/wp-json\/wp\/v2\/media?parent=1916"}],"wp:term":[{"taxonomy":"category","embeddable":true,"href":"https:\/\/julesverne.com.tr\/en\/wp-json\/wp\/v2\/categories?post=1916"},{"taxonomy":"post_tag","embeddable":true,"href":"https:\/\/julesverne.com.tr\/en\/wp-json\/wp\/v2\/tags?post=1916"}],"curies":[{"name":"wp","href":"https:\/\/api.w.org\/{rel}","templated":true}]}}