{"id":1915,"date":"2022-04-10T14:17:00","date_gmt":"2022-04-10T11:17:00","guid":{"rendered":"https:\/\/www.julesverne.com.tr\/\/blog\/avrupanin-mucevher-kasabalarini-kesfedin\/"},"modified":"2022-04-12T09:46:17","modified_gmt":"2022-04-12T06:46:17","slug":"avrupanin-mucevher-kasabalarini-kesfedin","status":"publish","type":"post","link":"https:\/\/julesverne.com.tr\/en\/travel-blog\/avrupanin-mucevher-kasabalarini-kesfedin\/","title":{"rendered":"Avrupa&#8217;n\u0131n M\u00fccevher Kasabalar\u0131n\u0131 Ke\u015ffedin!"},"content":{"rendered":"<p><\/p>\n<p><p style=\"text-align: center;\"><img loading=\"lazy\" decoding=\"async\" class=\"alignnone size-full wp-image-4784\" src=\"https:\/\/www.julesverne.com.tr\/\/wp-content\/uploads\/2020\/09\/kapak-4.jpg\" width=\"1000\" height=\"667\" alt=\"\" srcset=\"https:\/\/julesverne.com.tr\/wp-content\/uploads\/2020\/09\/kapak-4.jpg 1000w, https:\/\/julesverne.com.tr\/wp-content\/uploads\/2020\/09\/kapak-4-500x334.jpg 500w, https:\/\/julesverne.com.tr\/wp-content\/uploads\/2020\/09\/kapak-4-768x512.jpg 768w\" sizes=\"(max-width: 1000px) 100vw, 1000px\" \/><\/p>\n<p>Her merakl\u0131 gezginin Avrupa rotas\u0131nda tarihi, k&uuml;lt&uuml;r&uuml;, mimarisiyle dikkat eden \u015fehirler kadar daha az bilinen hatta daha &ouml;nce lokallerin bile g&ouml;z ard\u0131 etti\u011fi kasabalar da vard\u0131r. La Tour Eiffel&rsquo;in alt\u0131na poz vermek, A\u015fk &Ccedil;e\u015fmesi&rsquo;ne para at\u0131p dilek tutmak kadar &ccedil;ok g&uuml;zel olsa da bu yaz\u0131m\u0131zda size, Avrupa&rsquo;n\u0131n gizli hazinelerinden bahsedece\u011fiz. Napoli&rsquo;nin yan\u0131 ba\u015f\u0131ndaki Procida Adas\u0131&rsquo;ndan H\u0131rvatistan&rsquo;\u0131n yery&uuml;z&uuml; cenneti olarak bilinen Rovinj&rsquo;e kadar Avrupa&rsquo;n\u0131n sakl\u0131 kasabalar\u0131&hellip;<\/p>\n<p><strong>Asolo, \u0130talya<\/strong><\/p>\n<p style=\"text-align: center;\"><img loading=\"lazy\" decoding=\"async\" class=\"alignnone size-full wp-image-4785\" src=\"https:\/\/www.julesverne.com.tr\/\/wp-content\/uploads\/2020\/09\/asolo.jpg\" width=\"1000\" height=\"667\" alt=\"asolo italya\" srcset=\"https:\/\/julesverne.com.tr\/wp-content\/uploads\/2020\/09\/asolo.jpg 1000w, https:\/\/julesverne.com.tr\/wp-content\/uploads\/2020\/09\/asolo-500x334.jpg 500w, https:\/\/julesverne.com.tr\/wp-content\/uploads\/2020\/09\/asolo-768x512.jpg 768w\" sizes=\"(max-width: 1000px) 100vw, 1000px\" \/><\/p>\n<p>\u0130talya&#8217;n\u0131n en g&uuml;zel eski \u015fehir merkezlerinden biri olan, Veneto b&ouml;lgesinin k\u0131ymetlisi Asolo&#8217;nun tarihi 12.y&uuml;zy\u0131la kadar uzan\u0131yor. Antik surlar i&ccedil;erisinde kalan kasaban\u0131n her k&ouml;\u015fesinden bin y\u0131ll\u0131k bir tarihin izlerini g&ouml;rebiliyor olmak olduk&ccedil;a etkileyici de\u011fil mi? &#8220;Marca Trevigiana&#8217;n\u0131n incisi&#8221; olan Asolo bir ovaya bakan tepe &uuml;zerinde, tahmin edece\u011finiz &uuml;zere e\u015fsiz manzaralar sunuyor.&nbsp; \u0130ngiliz \u015fair Robert Browning, \u0130lahi tiyatro oyuncusu Eleonora Duse, besteci Gian Francesco Malipiero, \u0130ngiliz yazar ve gezgin Freya Stark olmak &uuml;zere bir&ccedil;ok sanat&ccedil;\u0131ya ilham veren Asolo ayn\u0131 zamanda Venedik&#8217;ten sadece 80 km uzakl\u0131kta.<\/p>\n<p><strong>Rovinj, H\u0131rvatistan<\/strong><\/p>\n<p style=\"text-align: center;\"><img loading=\"lazy\" decoding=\"async\" class=\"alignnone size-full wp-image-4786\" src=\"https:\/\/www.julesverne.com.tr\/\/wp-content\/uploads\/2020\/09\/rovinj.jpg\" width=\"1000\" height=\"655\" alt=\"\" srcset=\"https:\/\/julesverne.com.tr\/wp-content\/uploads\/2020\/09\/rovinj.jpg 1000w, https:\/\/julesverne.com.tr\/wp-content\/uploads\/2020\/09\/rovinj-500x328.jpg 500w, https:\/\/julesverne.com.tr\/wp-content\/uploads\/2020\/09\/rovinj-768x503.jpg 768w\" sizes=\"(max-width: 1000px) 100vw, 1000px\" \/><\/p>\n<p>Rovinj i&ccedil;in s&ouml;ze \u015f&ouml;yle ba\u015flamak gerekiyor: &#8220;Buraya gelmeden &ouml;nce Rovinj&#8217;in ne kadar g&uuml;zel olabilece\u011fini hayal etmek zor&rdquo;. H\u0131rvatistan&rsquo;\u0131n kuzeybat\u0131s\u0131nda bulunan \u0130stria yar\u0131madas\u0131 g&uuml;zel kasabalar\u0131 ile tan\u0131nsa da Rovinj&#8217;in yeri t&uuml;m gezginlerde ayr\u0131! Bug&uuml;ne kadar bir&ccedil;ok seyahat dergisi taraf\u0131ndan &#8220;en g&uuml;zel sahil kenti&#8221; se&ccedil;ilen bu destinasyon ger&ccedil;ek anlamda ya\u015fayan bir kartpostal gibi. Adriyatik Denizi&rsquo;ne hakim bir tepenin &uuml;zerine kurulan Rovinj s\u0131ra s\u0131ra dizilen teknelerle dolu liman\u0131, renkli kafeleri, Barok kilisesiyle uzun zamand\u0131r &ouml;zellikle sanat&ccedil;\u0131lar\u0131n radar\u0131nda.<\/p>\n<p><strong>Chablis, Fransa<\/strong><\/p>\n<p style=\"text-align: center;\"><img loading=\"lazy\" decoding=\"async\" class=\"alignnone size-full wp-image-4787\" src=\"https:\/\/www.julesverne.com.tr\/\/wp-content\/uploads\/2020\/09\/chablis.jpg\" width=\"1000\" height=\"667\" alt=\"chablis fransa\" srcset=\"https:\/\/julesverne.com.tr\/wp-content\/uploads\/2020\/09\/chablis.jpg 1000w, https:\/\/julesverne.com.tr\/wp-content\/uploads\/2020\/09\/chablis-500x334.jpg 500w, https:\/\/julesverne.com.tr\/wp-content\/uploads\/2020\/09\/chablis-768x512.jpg 768w\" sizes=\"(max-width: 1000px) 100vw, 1000px\" \/><\/p>\n<p>D&uuml;nyan\u0131n en prestijli k\u0131rm\u0131z\u0131 ve beyaz \u015faraplar\u0131n\u0131n &uuml;retildi\u011fi Burgonya b&ouml;lgesinde yer alan Chablis en iyi Frans\u0131z beyaz \u015faraplar\u0131n\u0131n &ccedil;\u0131k\u0131\u015f noktas\u0131. Sereine Nehri k\u0131y\u0131s\u0131nda kurulan ve Orta&ccedil;a\u011f mimarisini koruyan bu masals\u0131 kasaba Premier Cru ve Grand Cru \u015faraplar\u0131 ile muazzam bir karaktere sahip. &#8220;Bourgogne&#8217;un Alt\u0131n Kap\u0131s\u0131&#8221; Chablis&#8217;yi y&uuml;r&uuml;yerek kolayl\u0131kla ke\u015ffedebilir ve kendinizi \u015farap evlerinin \u015f\u0131k atmosferinde tad\u0131m yaparken bulabilirsiniz.<\/p>\n<p><strong>Lofoten Adalar\u0131, Norve&ccedil;<\/strong><\/p>\n<p style=\"text-align: center;\"><img loading=\"lazy\" decoding=\"async\" class=\"alignnone size-full wp-image-4788\" src=\"https:\/\/www.julesverne.com.tr\/\/wp-content\/uploads\/2020\/09\/lofoten-1.jpg\" width=\"1000\" height=\"667\" alt=\"lofoten adalar\u0131 norve&ccedil;\" srcset=\"https:\/\/julesverne.com.tr\/wp-content\/uploads\/2020\/09\/lofoten-1.jpg 1000w, https:\/\/julesverne.com.tr\/wp-content\/uploads\/2020\/09\/lofoten-1-500x334.jpg 500w, https:\/\/julesverne.com.tr\/wp-content\/uploads\/2020\/09\/lofoten-1-768x512.jpg 768w\" sizes=\"(max-width: 1000px) 100vw, 1000px\" \/><\/p>\n<p>Google&#8217;a Lofoten Adalar\u0131 yazd\u0131\u011f\u0131n\u0131zda g&ouml;rece\u011finiz ba\u015fl\u0131klardan buran\u0131n ne kadar nadide ve &ouml;zel oldu\u011funu anlayabilirsiniz. Kuzey kutup dairesinde konumlanan, birbirine suyun alt\u0131ndan ve &uuml;st&uuml;nden k&ouml;pr&uuml;lerle ba\u011flanan adalar k\u0131saca &#8220;Kuzey R&uuml;yas\u0131&#8221; olarak da betimlenebilir. Kayal\u0131k manzaralar\u0131, k\u0131rm\u0131z\u0131 bal\u0131k&ccedil;\u0131 evleri, dalga g&ouml;r&uuml;nt&uuml;leri ve mart\u0131 sesleriyle t&uuml;m gerginli\u011finizi bir anda ortadan kald\u0131r\u0131yor. May\u0131s sonu &#8211; Temmuz ortas\u0131 d&ouml;neminde ise neredeyse batmayan g&uuml;ne\u015f sayesinde sonsuz bir enerjiyle dolaca\u011f\u0131n\u0131za \u015f&uuml;phe yok!<\/p>\n<p><strong>Cortona, \u0130talya<\/strong><\/p>\n<p style=\"text-align: center;\"><img loading=\"lazy\" decoding=\"async\" class=\"alignnone size-full wp-image-4789\" src=\"https:\/\/www.julesverne.com.tr\/\/wp-content\/uploads\/2020\/09\/cortona.jpg\" width=\"1000\" height=\"688\" alt=\"cortona italya\" srcset=\"https:\/\/julesverne.com.tr\/wp-content\/uploads\/2020\/09\/cortona.jpg 1000w, https:\/\/julesverne.com.tr\/wp-content\/uploads\/2020\/09\/cortona-500x344.jpg 500w, https:\/\/julesverne.com.tr\/wp-content\/uploads\/2020\/09\/cortona-768x528.jpg 768w\" sizes=\"(max-width: 1000px) 100vw, 1000px\" \/><\/p>\n<p>\u0130talya&#8217;da Toskana B&ouml;lgesi&#8217;nin do\u011fal g&uuml;zelliklerini, masal kasabalar\u0131n\u0131, k\u0131vr\u0131ml\u0131 yollar\u0131nda sizi bekleyen manzaralar\u0131n\u0131 betimlemekte kelimeler bize g&ouml;re yetersiz kal\u0131yor. \u0130talya&#8217;n\u0131n en eski yerle\u015fim yerlerinden biri olan Cortona, \u0130talyanlar aras\u0131nda &#8220;Truva&#8217;n\u0131n annesi, Roma&#8217;n\u0131n b&uuml;y&uuml;kannesi&#8221; olarak bahsediliyor. E\u015fsiz manzaralara sahip bir tepede kurulan kasabada Orta&ccedil;a\u011f mimarisinin izlerini ta\u015f\u0131yan yap\u0131lar, darac\u0131k sokaklar film sahnesi gibi. Cortona&#8217;ya gitmeden &ouml;nce 2003 y\u0131l\u0131nda &ccedil;ekilen&nbsp; &ldquo;Under The Tuscan Sun&rdquo; filmini seyretmenizi &ouml;neririz.<\/p>\n<p><strong>Kazimierz Dolny, Polonya<\/strong><\/p>\n<p style=\"text-align: center;\"><img loading=\"lazy\" decoding=\"async\" class=\"alignnone size-full wp-image-4790\" src=\"https:\/\/www.julesverne.com.tr\/\/wp-content\/uploads\/2020\/09\/Kazimierz_Dolny.jpg\" width=\"1000\" height=\"667\" alt=\"Kazimierz Dolny polonya\" srcset=\"https:\/\/julesverne.com.tr\/wp-content\/uploads\/2020\/09\/Kazimierz_Dolny.jpg 1000w, https:\/\/julesverne.com.tr\/wp-content\/uploads\/2020\/09\/Kazimierz_Dolny-500x334.jpg 500w, https:\/\/julesverne.com.tr\/wp-content\/uploads\/2020\/09\/Kazimierz_Dolny-768x512.jpg 768w\" sizes=\"(max-width: 1000px) 100vw, 1000px\" \/><\/p>\n<p>Bu kasabay\u0131 listeye almam\u0131z\u0131n sebebi sadece Polonya&#8217;n\u0131n en eski kasabalar\u0131ndan biri olmas\u0131 de\u011fil, ayn\u0131 zamanda en b&uuml;y&uuml;leyici noktalar\u0131ndan biri olmas\u0131. Var\u015fova&#8217;ya 140 km uzakl\u0131ktaki Kazimierz Dolny, Vistula Nehri k\u0131y\u0131s\u0131nda kurulmu\u015f. Alt\u0131n &Ccedil;a\u011f&#8217;da kraliyet \u015fehri olarak mimari a&ccedil;\u0131dan da olduk&ccedil;a zengin izler bar\u0131nd\u0131ran kasaba sahip oldu\u011fu do\u011fa ile birlikte bir tablo gibi g&ouml;r&uuml;n&uuml;yor.<\/p>\n<p><strong>Cadaqu&eacute;s, \u0130spanya<\/strong><\/p>\n<p style=\"text-align: center;\"><img loading=\"lazy\" decoding=\"async\" class=\"alignnone size-full wp-image-4791\" src=\"https:\/\/www.julesverne.com.tr\/\/wp-content\/uploads\/2020\/09\/cadaques.jpg\" width=\"1000\" height=\"667\" alt=\"cadaqu&eacute;s ispanya\" srcset=\"https:\/\/julesverne.com.tr\/wp-content\/uploads\/2020\/09\/cadaques.jpg 1000w, https:\/\/julesverne.com.tr\/wp-content\/uploads\/2020\/09\/cadaques-500x334.jpg 500w, https:\/\/julesverne.com.tr\/wp-content\/uploads\/2020\/09\/cadaques-768x512.jpg 768w\" sizes=\"(max-width: 1000px) 100vw, 1000px\" \/><\/p>\n<p>Vah\u015fi k\u0131y\u0131 anlam\u0131na gelen Costa Brava&#8217;da, Cap de Creus yar\u0131madas\u0131ndaki kayal\u0131klar\u0131n\u0131n aras\u0131na saklanan bir m&uuml;cevher olan Cadaqu&eacute;s kasabas\u0131 K&uuml;ba&#8217;ya g&ouml;&ccedil;&uuml;p geri d&ouml;nen kasaba sakinlerinin yapt\u0131rd\u0131\u011f\u0131 s&uuml;sl&uuml; evlerle dikkat &ccedil;ekiyor. &Ouml;zellikle 20. y&uuml;zy\u0131lda Man Ray, Marcel Duchamp, Garc&iacute;a Lorca, Pablo Picasso ve Salvador Dal&iacute; gibi sanat&ccedil;\u0131lar\u0131n ilham yeri olan bu k&uuml;&ccedil;&uuml;k bal\u0131k&ccedil;\u0131 kasabas\u0131 her ne kadar Katalanl\u0131\u011f\u0131 ile &ouml;v&uuml;nse de Fransa s\u0131n\u0131r\u0131na 30 km uzakl\u0131kta yer almas\u0131n\u0131n verdi\u011fi etkiyle Frans\u0131z k&uuml;lt&uuml;r&uuml;nden de dokular ta\u015f\u0131yor.<\/p>\n<p><strong>Procida Adas\u0131, \u0130talya<\/strong><\/p>\n<p style=\"text-align: center;\"><img loading=\"lazy\" decoding=\"async\" class=\"alignnone size-full wp-image-4792\" src=\"https:\/\/www.julesverne.com.tr\/\/wp-content\/uploads\/2020\/09\/procida-3.jpg\" width=\"1000\" height=\"667\" alt=\"procida adas\u0131 italya\" srcset=\"https:\/\/julesverne.com.tr\/wp-content\/uploads\/2020\/09\/procida-3.jpg 1000w, https:\/\/julesverne.com.tr\/wp-content\/uploads\/2020\/09\/procida-3-500x334.jpg 500w, https:\/\/julesverne.com.tr\/wp-content\/uploads\/2020\/09\/procida-3-768x512.jpg 768w\" sizes=\"(max-width: 1000px) 100vw, 1000px\" \/><\/p>\n<p>\u0130talya&#8217;n\u0131n m&uuml;tevazi ve k&uuml;&ccedil;&uuml;k b&ouml;lgesi Campania&#8217;n\u0131n 3 ba\u015frol oyuncusu Napoli, Procida Adas\u0131 ve Ischia Adas\u0131. Napoli&#8217;den s&ouml;z a&ccedil;\u0131ld\u0131\u011f\u0131nda akl\u0131n\u0131za Amalfi k\u0131y\u0131lar\u0131n\u0131n d&uuml;nyaca &uuml;nl&uuml; kasabalar\u0131 gelse de biz size huzur ve dinginlik adas\u0131 Procida&#8217;dan bahsetmek istiyoruz. Procida Adas\u0131&#8217;n\u0131 g&ouml;rd&uuml;kten sonra, bu zamana kadar &#8220;gizli cennet&#8221; olarak tasvir edilen bir&ccedil;ok yerin pek de &#8220;gizli&#8221; olmad\u0131\u011f\u0131na karar verebilirsiniz. Napoli&#8217;den 45 dakikal\u0131k bir deniz yolculu\u011fuyla ula\u015faca\u011f\u0131n\u0131z Procida pastel tonlarda boyanan renkli evleri, k&uuml;&ccedil;&uuml;k kumsallar\u0131 ve &ouml;zg&uuml;n ya\u015fant\u0131s\u0131yla \u015fehirden ka&ccedil;\u0131\u015f\u0131n en cazip hali!<\/p>\n<p><strong>Semur-en-Auxois, Fransa<\/strong><\/p>\n<p style=\"text-align: center;\"><img loading=\"lazy\" decoding=\"async\" class=\"alignnone size-full wp-image-4793\" src=\"https:\/\/www.julesverne.com.tr\/\/wp-content\/uploads\/2020\/09\/semur_france.jpg\" width=\"1000\" height=\"665\" alt=\"Semur-en-Auxois fransa\" srcset=\"https:\/\/julesverne.com.tr\/wp-content\/uploads\/2020\/09\/semur_france.jpg 1000w, https:\/\/julesverne.com.tr\/wp-content\/uploads\/2020\/09\/semur_france-500x333.jpg 500w, https:\/\/julesverne.com.tr\/wp-content\/uploads\/2020\/09\/semur_france-768x511.jpg 768w\" sizes=\"(max-width: 1000px) 100vw, 1000px\" \/><\/p>\n<p>Yakla\u015f\u0131k 5000 ki\u015filik n&uuml;fusu ve Orta&ccedil;a\u011f mimarisini bir araya getirdi\u011finizde &ldquo;ge&ccedil;mi\u015fe yolculuk&rdquo; ya\u015fad\u0131\u011f\u0131n\u0131z\u0131 d&uuml;\u015f&uuml;nece\u011finiz kasaba i\u015fte buras\u0131. Burgonya&rsquo;n\u0131n tarih, do\u011fa ve k&uuml;lt&uuml;rle &ouml;d&uuml;llendirilen kasabalar\u0131ndan biri olan Semur-en-Auxois, b&ouml;lgenin di\u011fer &uuml;nlenen kasabalar\u0131 aras\u0131nda arka s\u0131ralarda yer alsa da &ldquo;tam da bu y&uuml;zden&rdquo; bu kadar g&uuml;zel ve tenha. Dar sokaklar\u0131nda dola\u015f\u0131rken her k&ouml;\u015feden bir tarihi g&uuml;zellik &ccedil;\u0131kabilir.&nbsp;<\/p>\n<p><strong>Milos, Yunanistan<\/strong><\/p>\n<p style=\"text-align: center;\"><img loading=\"lazy\" decoding=\"async\" class=\"alignnone size-full wp-image-4794\" src=\"https:\/\/www.julesverne.com.tr\/\/wp-content\/uploads\/2020\/09\/milos-1.jpg\" width=\"1024\" height=\"768\" alt=\"milos kiklad adalar\u0131 yunanistan\" srcset=\"https:\/\/julesverne.com.tr\/wp-content\/uploads\/2020\/09\/milos-1.jpg 1024w, https:\/\/julesverne.com.tr\/wp-content\/uploads\/2020\/09\/milos-1-500x375.jpg 500w, https:\/\/julesverne.com.tr\/wp-content\/uploads\/2020\/09\/milos-1-768x576.jpg 768w\" sizes=\"(max-width: 1024px) 100vw, 1024px\" \/><\/p>\n<p>&#8220;Di\u011ferlerine benzemeyen Yunan Adas\u0131&#8221; Milos bug&uuml;ne kadar Mykonos, Santorini, Rodos, Symi, Sak\u0131z kadar duyulmu\u015f olmasa da mutlaka ziyaret etmeniz gereken Yunan Adalar\u0131 listesinde bulunuyor. Volkanik lavlar\u0131n denizle bulu\u015fmas\u0131yla ortaya &ccedil;\u0131kan Milos, Kiklad tak\u0131madalar\u0131na ba\u011fl\u0131. Pop&uuml;ler Yunan Adalar\u0131&#8217;ndaki kalabal\u0131ktan uzakta, ger&ccedil;ek Yunan adas\u0131 g&uuml;zelli\u011fini ve &ouml;zg&uuml;nl&uuml;\u011f&uuml;n&uuml; ya\u015famak i&ccedil;in Milos&#8217;un k&ouml;ylerini ve koylar\u0131n\u0131 gezmek i&ccedil;in \u015fimdiden haz\u0131rlan\u0131n!<\/p>\n<p><strong>BONUS: Zhovkva, Ukrayna<\/strong><\/p>\n<p style=\"text-align: center;\"><strong><img loading=\"lazy\" decoding=\"async\" class=\"alignnone size-full wp-image-4795\" src=\"https:\/\/www.julesverne.com.tr\/\/wp-content\/uploads\/2020\/09\/Zhovkva.jpg\" width=\"1000\" height=\"667\" alt=\"Zhovkva ukrayna\" srcset=\"https:\/\/julesverne.com.tr\/wp-content\/uploads\/2020\/09\/Zhovkva.jpg 1000w, https:\/\/julesverne.com.tr\/wp-content\/uploads\/2020\/09\/Zhovkva-500x334.jpg 500w, https:\/\/julesverne.com.tr\/wp-content\/uploads\/2020\/09\/Zhovkva-768x512.jpg 768w\" sizes=\"(max-width: 1000px) 100vw, 1000px\" \/><\/strong><\/p>\n<p>Ukrayna&#8217;n\u0131n gizli hazinesi Zhovkva, Polonya Kral\u0131 Jan Sobieski III&#8217;&uuml;n eski ikametg&acirc;h\u0131 olarak k&uuml;&ccedil;&uuml;k bir R&ouml;nesans ihti\u015fam\u0131 sergiliyor. Tarihteki her h&uuml;k&uuml;mdarl\u0131k de\u011fi\u015fimiyle ad\u0131 da de\u011fi\u015fen kasabada ge&ccedil;mi\u015f her d&ouml;nemin izlerini mimarisinde g&ouml;rmek m&uuml;mk&uuml;n.&nbsp; Polonya askeri komutan\u0131 Stanislaw Zolkiewski taraf\u0131ndan 1594 y\u0131l\u0131nda &#8220;&ouml;zel \u015fehir&#8221; stat&uuml;s&uuml;nde kurulan Zhovkva, &#8220;m&uuml;kemmel \u015fehir&#8221; yaratma projesinin bir sonucu olarak ortaya &ccedil;\u0131km\u0131\u015f. Ukrayna&#8217;n\u0131n hatta Avrupa tarihinin izlerini ta\u015f\u0131yan kasaban\u0131n meydan\u0131, sokaklar\u0131, kilisesi ve kalesi a&ccedil;\u0131k hava m&uuml;zesinden farks\u0131z.<\/p>\n<p style=\"text-align: center;\"><strong>Detayl\u0131 program bilgisi ve rezervasyon i&ccedil;in:<\/strong><br \/><a href=\"mailto:travel@julesverne.com.tr\" target=\"_blank\" rel=\"noopener noreferrer\"><strong>travel@julesverne.com.tr<\/strong><\/a><br \/><strong>0212 266 6363 &#8211; 132<\/strong><\/p>\n<\/p>\n<p><\/p>","protected":false},"excerpt":{"rendered":"<p>La Tour Eiffel&rsquo;in alt\u0131na poz vermek, A\u015fk &Ccedil;e\u015fmesi&rsquo;ne para at\u0131p dilek tutmak kadar &ccedil;ok g&uuml;zel olsa da bu yaz\u0131m\u0131zda size, Avrupa&rsquo;n\u0131n gizli hazinelerinden bahsedece\u011fiz. Napoli&rsquo;nin yan\u0131 ba\u015f\u0131ndaki Procida Adas\u0131&rsquo;ndan H\u0131rvatistan&rsquo;\u0131n yery&uuml;z&uuml; cenneti olarak bilinen Rovinj&rsquo;e kadar Avrupa&rsquo;n\u0131n sakl\u0131 kasabalar\u0131&hellip;<\/p>\n","protected":false},"author":1,"featured_media":4648,"comment_status":"closed","ping_status":"closed","sticky":false,"template":"","format":"standard","meta":{"inline_featured_image":false,"footnotes":""},"categories":[38,1,39],"tags":[],"acf":[],"yoast_head":"<!-- This site is optimized with the Yoast SEO plugin v22.3 - https:\/\/yoast.com\/wordpress\/plugins\/seo\/ -->\n<title>Avrupa&#039;n\u0131n M\u00fccevher Kasabalar\u0131n\u0131 Ke\u015ffedin! - JULES VERNE BUSINESS MICE TRAVEL<\/title>\n<meta name=\"description\" content=\"Napoli\u2019nin yan\u0131 ba\u015f\u0131ndaki Procida Adas\u0131\u2019ndan H\u0131rvatistan\u2019\u0131n yery\u00fcz\u00fc cenneti olarak bilinen Rovinj\u2019e kadar Avrupa\u2019n\u0131n sakl\u0131 kasabalar\u0131\u2026\" \/>\n<meta name=\"robots\" content=\"index, follow, max-snippet:-1, max-image-preview:large, max-video-preview:-1\" \/>\n<link rel=\"canonical\" href=\"https:\/\/julesverne.com.tr\/travel-blog\/avrupanin-mucevher-kasabalarini-kesfedin\/\" \/>\n<meta property=\"og:locale\" content=\"en_US\" \/>\n<meta property=\"og:type\" content=\"article\" \/>\n<meta property=\"og:title\" content=\"Avrupa&#039;n\u0131n M\u00fccevher Kasabalar\u0131n\u0131 Ke\u015ffedin! - JULES VERNE BUSINESS MICE TRAVEL\" \/>\n<meta property=\"og:description\" content=\"Napoli\u2019nin yan\u0131 ba\u015f\u0131ndaki Procida Adas\u0131\u2019ndan H\u0131rvatistan\u2019\u0131n yery\u00fcz\u00fc cenneti olarak bilinen Rovinj\u2019e kadar Avrupa\u2019n\u0131n sakl\u0131 kasabalar\u0131\u2026\" \/>\n<meta property=\"og:url\" content=\"https:\/\/julesverne.com.tr\/travel-blog\/avrupanin-mucevher-kasabalarini-kesfedin\/\" \/>\n<meta property=\"og:site_name\" content=\"JULES VERNE BUSINESS MICE TRAVEL\" \/>\n<meta property=\"article:publisher\" content=\"https:\/\/www.facebook.com\/JulesVerneBusinessMiceTravel\/\" \/>\n<meta property=\"article:published_time\" content=\"2022-04-10T11:17:00+00:00\" \/>\n<meta property=\"article:modified_time\" content=\"2022-04-12T06:46:17+00:00\" \/>\n<meta property=\"og:image\" content=\"https:\/\/julesverne.com.tr\/wp-content\/uploads\/2020\/09\/procida-1.jpg\" \/>\n\t<meta property=\"og:image:width\" content=\"1280\" \/>\n\t<meta property=\"og:image:height\" content=\"645\" \/>\n\t<meta property=\"og:image:type\" content=\"image\/jpeg\" \/>\n<meta name=\"author\" content=\"fikirman\" \/>\n<meta name=\"twitter:card\" content=\"summary_large_image\" \/>\n<meta name=\"twitter:creator\" content=\"@JV_BusinessMice\" \/>\n<meta name=\"twitter:site\" content=\"@JV_BusinessMice\" \/>\n<meta name=\"twitter:label1\" content=\"Written by\" \/>\n\t<meta name=\"twitter:data1\" content=\"fikirman\" \/>\n\t<meta name=\"twitter:label2\" content=\"Est. reading time\" \/>\n\t<meta name=\"twitter:data2\" content=\"7 minutes\" \/>\n<script type=\"application\/ld+json\" class=\"yoast-schema-graph\">{\"@context\":\"https:\/\/schema.org\",\"@graph\":[{\"@type\":\"Article\",\"@id\":\"https:\/\/julesverne.com.tr\/travel-blog\/avrupanin-mucevher-kasabalarini-kesfedin\/#article\",\"isPartOf\":{\"@id\":\"https:\/\/julesverne.com.tr\/travel-blog\/avrupanin-mucevher-kasabalarini-kesfedin\/\"},\"author\":{\"name\":\"fikirman\",\"@id\":\"https:\/\/julesverne.com.tr\/#\/schema\/person\/f4eb0514ae455538644c31b99a466fdb\"},\"headline\":\"Avrupa&#8217;n\u0131n M\u00fccevher Kasabalar\u0131n\u0131 Ke\u015ffedin!\",\"datePublished\":\"2022-04-10T11:17:00+00:00\",\"dateModified\":\"2022-04-12T06:46:17+00:00\",\"mainEntityOfPage\":{\"@id\":\"https:\/\/julesverne.com.tr\/travel-blog\/avrupanin-mucevher-kasabalarini-kesfedin\/\"},\"wordCount\":2405,\"publisher\":{\"@id\":\"https:\/\/julesverne.com.tr\/#organization\"},\"image\":{\"@id\":\"https:\/\/julesverne.com.tr\/travel-blog\/avrupanin-mucevher-kasabalarini-kesfedin\/#primaryimage\"},\"thumbnailUrl\":\"https:\/\/julesverne.com.tr\/wp-content\/uploads\/2020\/09\/procida-1.jpg\",\"articleSection\":[\"\u0130lham Veren Destinasyonlar\",\"Blog\",\"Nereye Gitsek?\"],\"inLanguage\":\"en-US\"},{\"@type\":\"WebPage\",\"@id\":\"https:\/\/julesverne.com.tr\/travel-blog\/avrupanin-mucevher-kasabalarini-kesfedin\/\",\"url\":\"https:\/\/julesverne.com.tr\/travel-blog\/avrupanin-mucevher-kasabalarini-kesfedin\/\",\"name\":\"Avrupa'n\u0131n M\u00fccevher Kasabalar\u0131n\u0131 Ke\u015ffedin! - JULES VERNE BUSINESS MICE TRAVEL\",\"isPartOf\":{\"@id\":\"https:\/\/julesverne.com.tr\/#website\"},\"primaryImageOfPage\":{\"@id\":\"https:\/\/julesverne.com.tr\/travel-blog\/avrupanin-mucevher-kasabalarini-kesfedin\/#primaryimage\"},\"image\":{\"@id\":\"https:\/\/julesverne.com.tr\/travel-blog\/avrupanin-mucevher-kasabalarini-kesfedin\/#primaryimage\"},\"thumbnailUrl\":\"https:\/\/julesverne.com.tr\/wp-content\/uploads\/2020\/09\/procida-1.jpg\",\"datePublished\":\"2022-04-10T11:17:00+00:00\",\"dateModified\":\"2022-04-12T06:46:17+00:00\",\"description\":\"Napoli\u2019nin yan\u0131 ba\u015f\u0131ndaki Procida Adas\u0131\u2019ndan H\u0131rvatistan\u2019\u0131n yery\u00fcz\u00fc cenneti olarak bilinen Rovinj\u2019e kadar Avrupa\u2019n\u0131n sakl\u0131 kasabalar\u0131\u2026\",\"breadcrumb\":{\"@id\":\"https:\/\/julesverne.com.tr\/travel-blog\/avrupanin-mucevher-kasabalarini-kesfedin\/#breadcrumb\"},\"inLanguage\":\"en-US\",\"potentialAction\":[{\"@type\":\"ReadAction\",\"target\":[\"https:\/\/julesverne.com.tr\/travel-blog\/avrupanin-mucevher-kasabalarini-kesfedin\/\"]}]},{\"@type\":\"ImageObject\",\"inLanguage\":\"en-US\",\"@id\":\"https:\/\/julesverne.com.tr\/travel-blog\/avrupanin-mucevher-kasabalarini-kesfedin\/#primaryimage\",\"url\":\"https:\/\/julesverne.com.tr\/wp-content\/uploads\/2020\/09\/procida-1.jpg\",\"contentUrl\":\"https:\/\/julesverne.com.tr\/wp-content\/uploads\/2020\/09\/procida-1.jpg\",\"width\":1280,\"height\":645},{\"@type\":\"BreadcrumbList\",\"@id\":\"https:\/\/julesverne.com.tr\/travel-blog\/avrupanin-mucevher-kasabalarini-kesfedin\/#breadcrumb\",\"itemListElement\":[{\"@type\":\"ListItem\",\"position\":1,\"name\":\"Anasayfa\",\"item\":\"https:\/\/julesverne.com.tr\/\"},{\"@type\":\"ListItem\",\"position\":2,\"name\":\"Avrupa&#8217;n\u0131n M\u00fccevher Kasabalar\u0131n\u0131 Ke\u015ffedin!\"}]},{\"@type\":\"WebSite\",\"@id\":\"https:\/\/julesverne.com.tr\/#website\",\"url\":\"https:\/\/julesverne.com.tr\/\",\"name\":\"JULES VERNE BUSINESS MICE TRAVEL\",\"description\":\"\",\"publisher\":{\"@id\":\"https:\/\/julesverne.com.tr\/#organization\"},\"potentialAction\":[{\"@type\":\"SearchAction\",\"target\":{\"@type\":\"EntryPoint\",\"urlTemplate\":\"https:\/\/julesverne.com.tr\/?s={search_term_string}\"},\"query-input\":\"required name=search_term_string\"}],\"inLanguage\":\"en-US\"},{\"@type\":\"Organization\",\"@id\":\"https:\/\/julesverne.com.tr\/#organization\",\"name\":\"JULES VERNE BUSINESS MICE TRAVEL\",\"url\":\"https:\/\/julesverne.com.tr\/\",\"logo\":{\"@type\":\"ImageObject\",\"inLanguage\":\"en-US\",\"@id\":\"https:\/\/julesverne.com.tr\/#\/schema\/logo\/image\/\",\"url\":\"https:\/\/julesverne.com.tr\/wp-content\/uploads\/2020\/09\/jv-bmt-logo.png\",\"contentUrl\":\"https:\/\/julesverne.com.tr\/wp-content\/uploads\/2020\/09\/jv-bmt-logo.png\",\"width\":110,\"height\":81,\"caption\":\"JULES VERNE BUSINESS MICE TRAVEL\"},\"image\":{\"@id\":\"https:\/\/julesverne.com.tr\/#\/schema\/logo\/image\/\"},\"sameAs\":[\"https:\/\/www.facebook.com\/JulesVerneBusinessMiceTravel\/\",\"https:\/\/twitter.com\/JV_BusinessMice\",\"https:\/\/www.instagram.com\/julesvernebusinessmicetravel\/\",\"https:\/\/www.linkedin.com\/company\/julesvernebusinessmicetravel\/\",\"https:\/\/www.youtube.com\/channel\/UCAwdsmbZ6tFhu1tea6pkpiw\"]},{\"@type\":\"Person\",\"@id\":\"https:\/\/julesverne.com.tr\/#\/schema\/person\/f4eb0514ae455538644c31b99a466fdb\",\"name\":\"fikirman\",\"sameAs\":[\"http:\/\/advermedya.net\/julesverne\"],\"url\":\"https:\/\/julesverne.com.tr\/en\/author\/fikirman\/\"}]}<\/script>\n<!-- \/ Yoast SEO plugin. -->","yoast_head_json":{"title":"Avrupa'n\u0131n M\u00fccevher Kasabalar\u0131n\u0131 Ke\u015ffedin! - JULES VERNE BUSINESS MICE TRAVEL","description":"Napoli\u2019nin yan\u0131 ba\u015f\u0131ndaki Procida Adas\u0131\u2019ndan H\u0131rvatistan\u2019\u0131n yery\u00fcz\u00fc cenneti olarak bilinen Rovinj\u2019e kadar Avrupa\u2019n\u0131n sakl\u0131 kasabalar\u0131\u2026","robots":{"index":"index","follow":"follow","max-snippet":"max-snippet:-1","max-image-preview":"max-image-preview:large","max-video-preview":"max-video-preview:-1"},"canonical":"https:\/\/julesverne.com.tr\/travel-blog\/avrupanin-mucevher-kasabalarini-kesfedin\/","og_locale":"en_US","og_type":"article","og_title":"Avrupa'n\u0131n M\u00fccevher Kasabalar\u0131n\u0131 Ke\u015ffedin! - JULES VERNE BUSINESS MICE TRAVEL","og_description":"Napoli\u2019nin yan\u0131 ba\u015f\u0131ndaki Procida Adas\u0131\u2019ndan H\u0131rvatistan\u2019\u0131n yery\u00fcz\u00fc cenneti olarak bilinen Rovinj\u2019e kadar Avrupa\u2019n\u0131n sakl\u0131 kasabalar\u0131\u2026","og_url":"https:\/\/julesverne.com.tr\/travel-blog\/avrupanin-mucevher-kasabalarini-kesfedin\/","og_site_name":"JULES VERNE BUSINESS MICE TRAVEL","article_publisher":"https:\/\/www.facebook.com\/JulesVerneBusinessMiceTravel\/","article_published_time":"2022-04-10T11:17:00+00:00","article_modified_time":"2022-04-12T06:46:17+00:00","og_image":[{"width":1280,"height":645,"url":"https:\/\/julesverne.com.tr\/wp-content\/uploads\/2020\/09\/procida-1.jpg","type":"image\/jpeg"}],"author":"fikirman","twitter_card":"summary_large_image","twitter_creator":"@JV_BusinessMice","twitter_site":"@JV_BusinessMice","twitter_misc":{"Written by":"fikirman","Est. reading time":"7 minutes"},"schema":{"@context":"https:\/\/schema.org","@graph":[{"@type":"Article","@id":"https:\/\/julesverne.com.tr\/travel-blog\/avrupanin-mucevher-kasabalarini-kesfedin\/#article","isPartOf":{"@id":"https:\/\/julesverne.com.tr\/travel-blog\/avrupanin-mucevher-kasabalarini-kesfedin\/"},"author":{"name":"fikirman","@id":"https:\/\/julesverne.com.tr\/#\/schema\/person\/f4eb0514ae455538644c31b99a466fdb"},"headline":"Avrupa&#8217;n\u0131n M\u00fccevher Kasabalar\u0131n\u0131 Ke\u015ffedin!","datePublished":"2022-04-10T11:17:00+00:00","dateModified":"2022-04-12T06:46:17+00:00","mainEntityOfPage":{"@id":"https:\/\/julesverne.com.tr\/travel-blog\/avrupanin-mucevher-kasabalarini-kesfedin\/"},"wordCount":2405,"publisher":{"@id":"https:\/\/julesverne.com.tr\/#organization"},"image":{"@id":"https:\/\/julesverne.com.tr\/travel-blog\/avrupanin-mucevher-kasabalarini-kesfedin\/#primaryimage"},"thumbnailUrl":"https:\/\/julesverne.com.tr\/wp-content\/uploads\/2020\/09\/procida-1.jpg","articleSection":["\u0130lham Veren Destinasyonlar","Blog","Nereye Gitsek?"],"inLanguage":"en-US"},{"@type":"WebPage","@id":"https:\/\/julesverne.com.tr\/travel-blog\/avrupanin-mucevher-kasabalarini-kesfedin\/","url":"https:\/\/julesverne.com.tr\/travel-blog\/avrupanin-mucevher-kasabalarini-kesfedin\/","name":"Avrupa'n\u0131n M\u00fccevher Kasabalar\u0131n\u0131 Ke\u015ffedin! - JULES VERNE BUSINESS MICE TRAVEL","isPartOf":{"@id":"https:\/\/julesverne.com.tr\/#website"},"primaryImageOfPage":{"@id":"https:\/\/julesverne.com.tr\/travel-blog\/avrupanin-mucevher-kasabalarini-kesfedin\/#primaryimage"},"image":{"@id":"https:\/\/julesverne.com.tr\/travel-blog\/avrupanin-mucevher-kasabalarini-kesfedin\/#primaryimage"},"thumbnailUrl":"https:\/\/julesverne.com.tr\/wp-content\/uploads\/2020\/09\/procida-1.jpg","datePublished":"2022-04-10T11:17:00+00:00","dateModified":"2022-04-12T06:46:17+00:00","description":"Napoli\u2019nin yan\u0131 ba\u015f\u0131ndaki Procida Adas\u0131\u2019ndan H\u0131rvatistan\u2019\u0131n yery\u00fcz\u00fc cenneti olarak bilinen Rovinj\u2019e kadar Avrupa\u2019n\u0131n sakl\u0131 kasabalar\u0131\u2026","breadcrumb":{"@id":"https:\/\/julesverne.com.tr\/travel-blog\/avrupanin-mucevher-kasabalarini-kesfedin\/#breadcrumb"},"inLanguage":"en-US","potentialAction":[{"@type":"ReadAction","target":["https:\/\/julesverne.com.tr\/travel-blog\/avrupanin-mucevher-kasabalarini-kesfedin\/"]}]},{"@type":"ImageObject","inLanguage":"en-US","@id":"https:\/\/julesverne.com.tr\/travel-blog\/avrupanin-mucevher-kasabalarini-kesfedin\/#primaryimage","url":"https:\/\/julesverne.com.tr\/wp-content\/uploads\/2020\/09\/procida-1.jpg","contentUrl":"https:\/\/julesverne.com.tr\/wp-content\/uploads\/2020\/09\/procida-1.jpg","width":1280,"height":645},{"@type":"BreadcrumbList","@id":"https:\/\/julesverne.com.tr\/travel-blog\/avrupanin-mucevher-kasabalarini-kesfedin\/#breadcrumb","itemListElement":[{"@type":"ListItem","position":1,"name":"Anasayfa","item":"https:\/\/julesverne.com.tr\/"},{"@type":"ListItem","position":2,"name":"Avrupa&#8217;n\u0131n M\u00fccevher Kasabalar\u0131n\u0131 Ke\u015ffedin!"}]},{"@type":"WebSite","@id":"https:\/\/julesverne.com.tr\/#website","url":"https:\/\/julesverne.com.tr\/","name":"JULES VERNE BUSINESS MICE TRAVEL","description":"","publisher":{"@id":"https:\/\/julesverne.com.tr\/#organization"},"potentialAction":[{"@type":"SearchAction","target":{"@type":"EntryPoint","urlTemplate":"https:\/\/julesverne.com.tr\/?s={search_term_string}"},"query-input":"required name=search_term_string"}],"inLanguage":"en-US"},{"@type":"Organization","@id":"https:\/\/julesverne.com.tr\/#organization","name":"JULES VERNE BUSINESS MICE TRAVEL","url":"https:\/\/julesverne.com.tr\/","logo":{"@type":"ImageObject","inLanguage":"en-US","@id":"https:\/\/julesverne.com.tr\/#\/schema\/logo\/image\/","url":"https:\/\/julesverne.com.tr\/wp-content\/uploads\/2020\/09\/jv-bmt-logo.png","contentUrl":"https:\/\/julesverne.com.tr\/wp-content\/uploads\/2020\/09\/jv-bmt-logo.png","width":110,"height":81,"caption":"JULES VERNE BUSINESS MICE TRAVEL"},"image":{"@id":"https:\/\/julesverne.com.tr\/#\/schema\/logo\/image\/"},"sameAs":["https:\/\/www.facebook.com\/JulesVerneBusinessMiceTravel\/","https:\/\/twitter.com\/JV_BusinessMice","https:\/\/www.instagram.com\/julesvernebusinessmicetravel\/","https:\/\/www.linkedin.com\/company\/julesvernebusinessmicetravel\/","https:\/\/www.youtube.com\/channel\/UCAwdsmbZ6tFhu1tea6pkpiw"]},{"@type":"Person","@id":"https:\/\/julesverne.com.tr\/#\/schema\/person\/f4eb0514ae455538644c31b99a466fdb","name":"fikirman","sameAs":["http:\/\/advermedya.net\/julesverne"],"url":"https:\/\/julesverne.com.tr\/en\/author\/fikirman\/"}]}},"_links":{"self":[{"href":"https:\/\/julesverne.com.tr\/en\/wp-json\/wp\/v2\/posts\/1915"}],"collection":[{"href":"https:\/\/julesverne.com.tr\/en\/wp-json\/wp\/v2\/posts"}],"about":[{"href":"https:\/\/julesverne.com.tr\/en\/wp-json\/wp\/v2\/types\/post"}],"author":[{"embeddable":true,"href":"https:\/\/julesverne.com.tr\/en\/wp-json\/wp\/v2\/users\/1"}],"replies":[{"embeddable":true,"href":"https:\/\/julesverne.com.tr\/en\/wp-json\/wp\/v2\/comments?post=1915"}],"version-history":[{"count":4,"href":"https:\/\/julesverne.com.tr\/en\/wp-json\/wp\/v2\/posts\/1915\/revisions"}],"predecessor-version":[{"id":13289,"href":"https:\/\/julesverne.com.tr\/en\/wp-json\/wp\/v2\/posts\/1915\/revisions\/13289"}],"wp:featuredmedia":[{"embeddable":true,"href":"https:\/\/julesverne.com.tr\/en\/wp-json\/wp\/v2\/media\/4648"}],"wp:attachment":[{"href":"https:\/\/julesverne.com.tr\/en\/wp-json\/wp\/v2\/media?parent=1915"}],"wp:term":[{"taxonomy":"category","embeddable":true,"href":"https:\/\/julesverne.com.tr\/en\/wp-json\/wp\/v2\/categories?post=1915"},{"taxonomy":"post_tag","embeddable":true,"href":"https:\/\/julesverne.com.tr\/en\/wp-json\/wp\/v2\/tags?post=1915"}],"curies":[{"name":"wp","href":"https:\/\/api.w.org\/{rel}","templated":true}]}}