{"id":1911,"date":"2018-05-03T13:32:03","date_gmt":"2018-05-03T10:32:03","guid":{"rendered":"https:\/\/www.julesverne.com.tr\/\/blog\/adriyatik-kiyilarinin-son-gozdesi-budvayi-ramazan-bayraminda-kesfedin\/"},"modified":"2020-09-21T17:36:18","modified_gmt":"2020-09-21T14:36:18","slug":"adriyatik-kiyilarinin-son-gozdesi-budvayi-ramazan-bayraminda-kesfedin","status":"publish","type":"post","link":"https:\/\/julesverne.com.tr\/en\/travel-blog\/adriyatik-kiyilarinin-son-gozdesi-budvayi-ramazan-bayraminda-kesfedin\/","title":{"rendered":"Adriyatik K\u0131y\u0131lar\u0131n\u0131n son g\u00f6zdesi Budva&#8217;y\u0131 Ramazan Bayram\u0131&#8217;nda Ke\u015ffedin"},"content":{"rendered":"<p><p style=\"text-align: center;\"><img loading=\"lazy\" decoding=\"async\" class=\"alignnone size-full wp-image-4809\" src=\"https:\/\/www.julesverne.com.tr\/\/wp-content\/uploads\/2020\/09\/sveti_stefan-jv.jpg\" width=\"740\" height=\"493\" alt=\"sveti stefan\" srcset=\"https:\/\/julesverne.com.tr\/wp-content\/uploads\/2020\/09\/sveti_stefan-jv.jpg 740w, https:\/\/julesverne.com.tr\/wp-content\/uploads\/2020\/09\/sveti_stefan-jv-500x333.jpg 500w\" sizes=\"(max-width: 740px) 100vw, 740px\" \/><\/p>\n<p>Eski Yugoslavya&#8217;n\u0131n da\u011f\u0131lmas\u0131ndan sonra 2006 y\u0131l\u0131nda ba\u011f\u0131ms\u0131zl\u0131\u011f\u0131na kavu\u015fan Karada\u011f bizim i&ccedil;in Adriyatik k\u0131y\u0131s\u0131na saklanan &#8220;Balkanlar&#8217;\u0131n incisi&#8221;. <strong><em>Ye\u015fil ile mavinin i&ccedil; i&ccedil;e ya\u015fad\u0131\u011f\u0131 bu k&uuml;&ccedil;&uuml;k &uuml;lkeye sadece 2 saatlik bir u&ccedil;u\u015fla ula\u015fabiliyor olmak ve vizesiz seyahat edebilme imk&acirc;n\u0131 seyahat tutkumuzu daha da per&ccedil;inliyor.&nbsp;<\/em><\/strong><\/p>\n<p style=\"text-align: center;\"><img loading=\"lazy\" decoding=\"async\" class=\"alignnone size-full wp-image-4810\" src=\"https:\/\/www.julesverne.com.tr\/\/wp-content\/uploads\/2020\/09\/perast-jv.jpg\" width=\"740\" height=\"493\" alt=\"perast\" srcset=\"https:\/\/julesverne.com.tr\/wp-content\/uploads\/2020\/09\/perast-jv.jpg 740w, https:\/\/julesverne.com.tr\/wp-content\/uploads\/2020\/09\/perast-jv-500x333.jpg 500w\" sizes=\"(max-width: 740px) 100vw, 740px\" \/><\/p>\n<p>Ramazan Bayram\u0131&#8217;nda deniz, tarih ve k&uuml;lt&uuml;rle zenginle\u015fmek i&ccedil;in vizesiz seyahat edebilece\u011finiz bir rotan\u0131n sizi heyecanland\u0131raca\u011f\u0131n\u0131 d&uuml;\u015f&uuml;n&uuml;yoruz. \u0130\u015fte tam da bu y&uuml;zden Karada\u011f&#8217;\u0131n g&ouml;zdesi Budva&#8217;da dolu dolu 4 g&uuml;n ge&ccedil;irebilece\u011finiz bir seyahatle kar\u015f\u0131n\u0131zday\u0131z.<\/p>\n<p>Adriyatik k\u0131y\u0131lar\u0131 ile Ege&#8217;nin g&uuml;zel koylar\u0131n\u0131 ve ruhunu aratmayan Karada\u011f&nbsp;pop&uuml;lerle\u015fmeye ba\u015flasa da bizim i&ccedil;in hala dinlenmek ve keyif yapmak i&ccedil;in se&ccedil;ti\u011fimiz &#8220;k&uuml;&ccedil;&uuml;k ve gizli bah&ccedil;emiz&#8221;.<\/p>\n<p style=\"text-align: center;\"><img loading=\"lazy\" decoding=\"async\" class=\"alignnone size-full wp-image-4811\" src=\"https:\/\/www.julesverne.com.tr\/\/wp-content\/uploads\/2020\/09\/cetinje-jv.jpg\" width=\"740\" height=\"492\" alt=\"cetinje\" srcset=\"https:\/\/julesverne.com.tr\/wp-content\/uploads\/2020\/09\/cetinje-jv.jpg 740w, https:\/\/julesverne.com.tr\/wp-content\/uploads\/2020\/09\/cetinje-jv-500x332.jpg 500w\" sizes=\"(max-width: 740px) 100vw, 740px\" \/><\/p>\n<p>M. &Ouml;. 5. y&uuml;zy\u0131la uzanan bir tarih d&uuml;\u015f&uuml;n&uuml;n ve bu tarihin izleriyle ya\u015fayan bir kent&#8230; Budva, masal kitaplar\u0131nda bahsedilen diyarlar gibi &ouml;zel, benzersiz ve sizi kucaklayan bir \u015fehir. Roma, Venedik ve Osmanl\u0131 h&acirc;kimiyetlerine giren, Napolyon D&ouml;nemi&#8217;nde Fransa taraf\u0131ndan y&ouml;netilen ve sonras\u0131nda Avusturya-Macaristan \u0130mparatorlu\u011fu kontrol&uuml;ne ge&ccedil;en Budva&#8217;da bug&uuml;n t&uuml;m medeniyetlerin izleri bir arada.<\/p>\n<p style=\"text-align: center;\"><img loading=\"lazy\" decoding=\"async\" class=\"alignnone size-full wp-image-4812\" src=\"https:\/\/www.julesverne.com.tr\/\/wp-content\/uploads\/2020\/09\/sveti_stefan_sunset-jv.jpg\" width=\"740\" height=\"473\" alt=\"sveti stefan sunset\" srcset=\"https:\/\/julesverne.com.tr\/wp-content\/uploads\/2020\/09\/sveti_stefan_sunset-jv.jpg 740w, https:\/\/julesverne.com.tr\/wp-content\/uploads\/2020\/09\/sveti_stefan_sunset-jv-500x320.jpg 500w\" sizes=\"(max-width: 740px) 100vw, 740px\" \/><\/p>\n<p>Yunan ve Roma uygarl\u0131klar\u0131ndan bug&uuml;ne kadar gelen eserlerin bulundu\u011fu eski \u015fehir Stari Grad, d&uuml;nya jet sosyetesini bulu\u015fturan Sveti Stefan adas\u0131,&nbsp; Budva Rivieras\u0131&#8217;n\u0131n en uzun sahilleri sayesinde bu \u015fehri sevmek i&ccedil;in fazladan bir &ccedil;aba g&ouml;stermenize gerek kalmayacak.<\/p>\n<p><strong>Ramazan Bayram\u0131&rsquo;na denk gelen 14-17 Haziran tarihlerinde, vizesiz bir gezi &ouml;nerisiyle yaza merhaba diyoruz. Bayram&rsquo;da Budva!<\/strong><\/p>\n<p style=\"text-align: center;\"><strong><img loading=\"lazy\" decoding=\"async\" class=\"alignnone size-full wp-image-4813\" src=\"https:\/\/www.julesverne.com.tr\/\/wp-content\/uploads\/2020\/09\/old_town-jv.jpg\" width=\"740\" height=\"493\" alt=\"\" srcset=\"https:\/\/julesverne.com.tr\/wp-content\/uploads\/2020\/09\/old_town-jv.jpg 740w, https:\/\/julesverne.com.tr\/wp-content\/uploads\/2020\/09\/old_town-jv-500x333.jpg 500w\" sizes=\"(max-width: 740px) 100vw, 740px\" \/><\/strong><\/p>\n<h4><strong>&Ccedil;ift Ki\u015filik Oda&rsquo;da, ki\u015fi ba\u015f\u0131 750 Euro&rsquo;dan ba\u015flayan fiyatlarla&hellip;<\/p>\n<p><\/strong><\/h4>\n<p><strong>1.G&uuml;n 14 Haziran 2018, Per\u015fembe&nbsp;<br \/><em>\u0130stanbul &#8211; Podgorica &#8211; Cetinje &#8211; Budva<\/em><\/strong><\/p>\n<p>Montenegro&rsquo;nun ba\u015fkenti Podgorica Havaliman\u0131&rsquo;nda kar\u015f\u0131lan\u0131yorsunuz. Podgarica&rsquo;ya yakla\u015f\u0131k 40 dakikal\u0131k s&uuml;r&uuml;\u015f mesafesinde olan Karada\u011f&rsquo;\u0131n ruhani ba\u015fkenti Cetinje&rsquo;ye Kotor K&ouml;rfezi manzaras\u0131 e\u015fli\u011finde var\u0131yorsunuz. Karada\u011f&rsquo;\u0131n eski ba\u015fkenti <strong>Cetinje<\/strong>&rsquo;yi yerel rehber e\u015fli\u011finde y&uuml;r&uuml;yerek geziyorsunuz. St. Petar &Ccedil;etinjski Manast\u0131r\u0131, Kral Nikola&rsquo;n\u0131n Saray\u0131, Sanat Galerisi bu y&uuml;r&uuml;y&uuml;\u015f s\u0131ras\u0131nda g&ouml;rece\u011finiz adresler. Gezinizden sonra Budva&rsquo;ya do\u011fru yola &ccedil;\u0131k\u0131yorsunuz.&nbsp;<\/p>\n<p>Otelinize yerle\u015ftikten sonra Budva&rsquo;y\u0131 ke\u015ffetmek i&ccedil;in serbest zaman\u0131n\u0131z oluyor. 15.y&uuml;zy\u0131lda in\u015fa edilen surlarla kapl\u0131 Stari Grad&#8217;\u0131 (Eski \u015eehir) gezebilirsiniz. Tarihi dar sokaklar\u0131, kuleleri ve an\u0131tlar\u0131yla a&ccedil;\u0131k hava m&uuml;zesini and\u0131ran eski \u015fehirde k&ouml;kl&uuml; bir k&uuml;lt&uuml;r ve mimarinin izlerini g&ouml;rebilirsiniz.<\/p>\n<p style=\"text-align: center;\"><img loading=\"lazy\" decoding=\"async\" class=\"alignnone size-full wp-image-4814\" src=\"https:\/\/www.julesverne.com.tr\/\/wp-content\/uploads\/2020\/09\/budva_old.jpg\" width=\"740\" height=\"437\" alt=\"\" srcset=\"https:\/\/julesverne.com.tr\/wp-content\/uploads\/2020\/09\/budva_old.jpg 740w, https:\/\/julesverne.com.tr\/wp-content\/uploads\/2020\/09\/budva_old-500x295.jpg 500w\" sizes=\"(max-width: 740px) 100vw, 740px\" \/><\/p>\n<p><strong>2.G&uuml;n 15 Haziran 2018, Cuma<br \/><em>Budva &#8211; Perast &#8211; Kotor &#8211; Budva&nbsp;<\/em> &nbsp; &nbsp; &nbsp;<\/strong><\/p>\n<p>Bug&uuml;n, Budva&#8217;ya 30 dakika uzakl\u0131ktaki <strong>Kotor<\/strong>&#8216;u ziyaret ediyorsunuz. K&uuml;lt&uuml;rel, tarihi ve mimari de\u011ferleri ile 1979 y\u0131l\u0131nda UNESCO D&uuml;nya Miras\u0131 listesine al\u0131nan&nbsp;\u015fehirde Eski Kent ve Deniz M&uuml;zesi&#8217;ni ziyaret ediyorsunuz.<\/p>\n<p>Kotor&#8217;dan sonraki rotan\u0131z ise Barok mimarisi, saraylar\u0131 ve m&uuml;zeleriyle &uuml;nl&uuml; <strong>Perast<\/strong> kasabas\u0131 oluyor. Perast yak\u0131nlar\u0131ndaki Aziz George ve Our lady of the Rock adalar\u0131 i&ccedil;in 1 saat s&uuml;recek bir tekne gezisine kat\u0131l\u0131yorsunuz.<\/p>\n<p>&Ouml;\u011fleden sonra ise rotan\u0131zda jet sosyetenin mesken tuttu\u011fu <strong>Sveti Stefan<\/strong> var. Bug&uuml;n &ouml;zel bir otele ait ve kara yolu ile ula\u015f\u0131labilen Sveti Stefan adas\u0131n\u0131n sadece otel m&uuml;\u015fterilerine a&ccedil;\u0131k oldu\u011funu da belirtelim.<\/p>\n<p>G&uuml;n&uuml;n son ziyaret noktas\u0131 ise Budva&#8217;ya ba\u011fl\u0131 olan k&uuml;&ccedil;&uuml;k sahil kasabas\u0131 <strong>Petrovac<\/strong>. Podgorica&#8217;n\u0131n eski da\u011f yolunun sahile ula\u015ft\u0131\u011f\u0131 Budva ve Bar aras\u0131ndaki sahilde yer alan kasaba 600 metre uzunlu\u011fundaki plaj\u0131 ve kristal mavi deniziyle me\u015fhur.<\/p>\n<p style=\"text-align: center;\"><img loading=\"lazy\" decoding=\"async\" class=\"alignnone size-full wp-image-4815\" src=\"https:\/\/www.julesverne.com.tr\/\/wp-content\/uploads\/2020\/09\/kotor-jv-1.jpg\" width=\"740\" height=\"508\" alt=\"kotor\" srcset=\"https:\/\/julesverne.com.tr\/wp-content\/uploads\/2020\/09\/kotor-jv-1.jpg 740w, https:\/\/julesverne.com.tr\/wp-content\/uploads\/2020\/09\/kotor-jv-1-500x343.jpg 500w\" sizes=\"(max-width: 740px) 100vw, 740px\" \/><\/p>\n<p><strong>3.G&uuml;n 16 Haziran 2018, Cumartesi<br \/> <em>Budva<\/em><\/strong><\/p>\n<p>Bug&uuml;n&uuml; deniz-kum-g&uuml;ne\u015f &uuml;&ccedil;lemesi olarak de\u011ferlendirebilirsiniz. Jaz, Mogren, Slovenska pla\u017ea, Saint Nikola, Be\u010di\u0107i ve Guvance tercih edebilece\u011finiz en pop&uuml;ler ve g&uuml;zel plajlar&hellip;<\/p>\n<p style=\"text-align: center;\"><em><img loading=\"lazy\" decoding=\"async\" class=\"alignnone size-full wp-image-4816\" src=\"https:\/\/www.julesverne.com.tr\/\/wp-content\/uploads\/2020\/09\/jaz_beach-jv.jpg\" width=\"740\" height=\"387\" alt=\"\" srcset=\"https:\/\/julesverne.com.tr\/wp-content\/uploads\/2020\/09\/jaz_beach-jv.jpg 740w, https:\/\/julesverne.com.tr\/wp-content\/uploads\/2020\/09\/jaz_beach-jv-500x261.jpg 500w\" sizes=\"(max-width: 740px) 100vw, 740px\" \/><\/em><\/p>\n<p><strong>4.G&uuml;n 17 Haziran 2018, Pazar<br \/><em>Budva &#8211; Podgorica &#8211; \u0130stanbul<\/em><\/strong><\/p>\n<p>U&ccedil;u\u015f saatinize g&ouml;re havaliman\u0131na transfer. Yakla\u015f\u0131k 1 saat s&uuml;recek yolculu\u011fun ard\u0131ndan Podgorica Havaliman\u0131&rsquo;na var\u0131\u015f.<\/p>\n<p><strong>&Uuml;crete Dahil Olan Hizmetler<\/strong><\/p>\n<ul>\n<li>&Ouml;zel ara&ccedil; ve \u0130ngilizce konu\u015fan rehber e\u015fli\u011finde programda belirtilen t&uuml;m geziler<\/li>\n<li>4* otelde, kahvalt\u0131 d&acirc;hil 3 gece konaklama<\/li>\n<li>Podgorica Havaliman\u0131-Otel-Podgorica Havaliman\u0131 transferi\n<p><\/li>\n<\/ul>\n<p style=\"text-align: center;\"><strong>Detayl\u0131 program bilgisi ve rezervasyon i&ccedil;in:<\/strong><br \/><a href=\"mailto:travel@julesverne.com.tr\" target=\"_blank\" rel=\"noopener noreferrer\"><strong>travel@julesverne.com.tr<\/strong><\/a><br \/><strong>0212 266 6363 &#8211; 179<\/strong><\/p><\/p>\n","protected":false},"excerpt":{"rendered":"<p>Ramazan Bayram\u0131&#8217;nda deniz, tarih ve k&uuml;lt&uuml;rle zenginle\u015fmek i&ccedil;in vizesiz seyahat edebilece\u011finiz bir rotan\u0131n sizi heyecanland\u0131raca\u011f\u0131n\u0131 d&uuml;\u015f&uuml;n&uuml;yoruz. \u0130\u015fte tam da bu y&uuml;zden Karada\u011f&#8217;\u0131n g&ouml;zdesi Budva&#8217;da dolu dolu 4 g&uuml;n ge&ccedil;irebilece\u011finiz bir seyahatle kar\u015f\u0131n\u0131zday\u0131z.<\/p>\n","protected":false},"author":1,"featured_media":1912,"comment_status":"closed","ping_status":"closed","sticky":false,"template":"","format":"standard","meta":{"inline_featured_image":false,"footnotes":""},"categories":[1],"tags":[],"acf":[],"yoast_head":"<!-- This site is optimized with the Yoast SEO plugin v22.3 - https:\/\/yoast.com\/wordpress\/plugins\/seo\/ -->\n<title>Adriyatik K\u0131y\u0131lar\u0131n\u0131n son g\u00f6zdesi Budva&#039;y\u0131 Ramazan Bayram\u0131&#039;nda Ke\u015ffedin - JULES VERNE BUSINESS MICE TRAVEL<\/title>\n<meta name=\"robots\" content=\"index, follow, max-snippet:-1, max-image-preview:large, max-video-preview:-1\" \/>\n<link rel=\"canonical\" href=\"https:\/\/julesverne.com.tr\/travel-blog\/adriyatik-kiyilarinin-son-gozdesi-budvayi-ramazan-bayraminda-kesfedin\/\" \/>\n<meta property=\"og:locale\" content=\"en_US\" \/>\n<meta property=\"og:type\" content=\"article\" \/>\n<meta property=\"og:title\" content=\"Adriyatik K\u0131y\u0131lar\u0131n\u0131n son g\u00f6zdesi Budva&#039;y\u0131 Ramazan Bayram\u0131&#039;nda Ke\u015ffedin - JULES VERNE BUSINESS MICE TRAVEL\" \/>\n<meta property=\"og:description\" content=\"Ramazan Bayram\u0131&#039;nda deniz, tarih ve k&uuml;lt&uuml;rle zenginle\u015fmek i&ccedil;in vizesiz seyahat edebilece\u011finiz bir rotan\u0131n sizi heyecanland\u0131raca\u011f\u0131n\u0131 d&uuml;\u015f&uuml;n&uuml;yoruz. \u0130\u015fte tam da bu y&uuml;zden Karada\u011f&#039;\u0131n g&ouml;zdesi Budva&#039;da dolu dolu 4 g&uuml;n ge&ccedil;irebilece\u011finiz bir seyahatle kar\u015f\u0131n\u0131zday\u0131z.\" \/>\n<meta property=\"og:url\" content=\"https:\/\/julesverne.com.tr\/travel-blog\/adriyatik-kiyilarinin-son-gozdesi-budvayi-ramazan-bayraminda-kesfedin\/\" \/>\n<meta property=\"og:site_name\" content=\"JULES VERNE BUSINESS MICE TRAVEL\" \/>\n<meta property=\"article:publisher\" content=\"https:\/\/www.facebook.com\/JulesVerneBusinessMiceTravel\/\" \/>\n<meta property=\"article:published_time\" content=\"2018-05-03T10:32:03+00:00\" \/>\n<meta property=\"article:modified_time\" content=\"2020-09-21T14:36:18+00:00\" \/>\n<meta property=\"og:image\" content=\"https:\/\/julesverne.com.tr\/wp-content\/uploads\/2020\/09\/kotor-jv.jpg\" \/>\n\t<meta property=\"og:image:width\" content=\"740\" \/>\n\t<meta property=\"og:image:height\" content=\"508\" \/>\n\t<meta property=\"og:image:type\" content=\"image\/jpeg\" \/>\n<meta name=\"author\" content=\"fikirman\" \/>\n<meta name=\"twitter:card\" content=\"summary_large_image\" \/>\n<meta name=\"twitter:creator\" content=\"@JV_BusinessMice\" \/>\n<meta name=\"twitter:site\" content=\"@JV_BusinessMice\" \/>\n<meta name=\"twitter:label1\" content=\"Written by\" \/>\n\t<meta name=\"twitter:data1\" content=\"fikirman\" \/>\n\t<meta name=\"twitter:label2\" content=\"Est. reading time\" \/>\n\t<meta name=\"twitter:data2\" content=\"4 minutes\" \/>\n<script type=\"application\/ld+json\" class=\"yoast-schema-graph\">{\"@context\":\"https:\/\/schema.org\",\"@graph\":[{\"@type\":\"Article\",\"@id\":\"https:\/\/julesverne.com.tr\/travel-blog\/adriyatik-kiyilarinin-son-gozdesi-budvayi-ramazan-bayraminda-kesfedin\/#article\",\"isPartOf\":{\"@id\":\"https:\/\/julesverne.com.tr\/travel-blog\/adriyatik-kiyilarinin-son-gozdesi-budvayi-ramazan-bayraminda-kesfedin\/\"},\"author\":{\"name\":\"fikirman\",\"@id\":\"https:\/\/julesverne.com.tr\/#\/schema\/person\/f4eb0514ae455538644c31b99a466fdb\"},\"headline\":\"Adriyatik K\u0131y\u0131lar\u0131n\u0131n son g\u00f6zdesi Budva&#8217;y\u0131 Ramazan Bayram\u0131&#8217;nda Ke\u015ffedin\",\"datePublished\":\"2018-05-03T10:32:03+00:00\",\"dateModified\":\"2020-09-21T14:36:18+00:00\",\"mainEntityOfPage\":{\"@id\":\"https:\/\/julesverne.com.tr\/travel-blog\/adriyatik-kiyilarinin-son-gozdesi-budvayi-ramazan-bayraminda-kesfedin\/\"},\"wordCount\":877,\"publisher\":{\"@id\":\"https:\/\/julesverne.com.tr\/#organization\"},\"image\":{\"@id\":\"https:\/\/julesverne.com.tr\/travel-blog\/adriyatik-kiyilarinin-son-gozdesi-budvayi-ramazan-bayraminda-kesfedin\/#primaryimage\"},\"thumbnailUrl\":\"https:\/\/julesverne.com.tr\/wp-content\/uploads\/2020\/09\/kotor-jv.jpg\",\"articleSection\":[\"Blog\"],\"inLanguage\":\"en-US\"},{\"@type\":\"WebPage\",\"@id\":\"https:\/\/julesverne.com.tr\/travel-blog\/adriyatik-kiyilarinin-son-gozdesi-budvayi-ramazan-bayraminda-kesfedin\/\",\"url\":\"https:\/\/julesverne.com.tr\/travel-blog\/adriyatik-kiyilarinin-son-gozdesi-budvayi-ramazan-bayraminda-kesfedin\/\",\"name\":\"Adriyatik K\u0131y\u0131lar\u0131n\u0131n son g\u00f6zdesi Budva'y\u0131 Ramazan Bayram\u0131'nda Ke\u015ffedin - JULES VERNE BUSINESS MICE TRAVEL\",\"isPartOf\":{\"@id\":\"https:\/\/julesverne.com.tr\/#website\"},\"primaryImageOfPage\":{\"@id\":\"https:\/\/julesverne.com.tr\/travel-blog\/adriyatik-kiyilarinin-son-gozdesi-budvayi-ramazan-bayraminda-kesfedin\/#primaryimage\"},\"image\":{\"@id\":\"https:\/\/julesverne.com.tr\/travel-blog\/adriyatik-kiyilarinin-son-gozdesi-budvayi-ramazan-bayraminda-kesfedin\/#primaryimage\"},\"thumbnailUrl\":\"https:\/\/julesverne.com.tr\/wp-content\/uploads\/2020\/09\/kotor-jv.jpg\",\"datePublished\":\"2018-05-03T10:32:03+00:00\",\"dateModified\":\"2020-09-21T14:36:18+00:00\",\"breadcrumb\":{\"@id\":\"https:\/\/julesverne.com.tr\/travel-blog\/adriyatik-kiyilarinin-son-gozdesi-budvayi-ramazan-bayraminda-kesfedin\/#breadcrumb\"},\"inLanguage\":\"en-US\",\"potentialAction\":[{\"@type\":\"ReadAction\",\"target\":[\"https:\/\/julesverne.com.tr\/travel-blog\/adriyatik-kiyilarinin-son-gozdesi-budvayi-ramazan-bayraminda-kesfedin\/\"]}]},{\"@type\":\"ImageObject\",\"inLanguage\":\"en-US\",\"@id\":\"https:\/\/julesverne.com.tr\/travel-blog\/adriyatik-kiyilarinin-son-gozdesi-budvayi-ramazan-bayraminda-kesfedin\/#primaryimage\",\"url\":\"https:\/\/julesverne.com.tr\/wp-content\/uploads\/2020\/09\/kotor-jv.jpg\",\"contentUrl\":\"https:\/\/julesverne.com.tr\/wp-content\/uploads\/2020\/09\/kotor-jv.jpg\",\"width\":740,\"height\":508},{\"@type\":\"BreadcrumbList\",\"@id\":\"https:\/\/julesverne.com.tr\/travel-blog\/adriyatik-kiyilarinin-son-gozdesi-budvayi-ramazan-bayraminda-kesfedin\/#breadcrumb\",\"itemListElement\":[{\"@type\":\"ListItem\",\"position\":1,\"name\":\"Anasayfa\",\"item\":\"https:\/\/julesverne.com.tr\/\"},{\"@type\":\"ListItem\",\"position\":2,\"name\":\"Adriyatik K\u0131y\u0131lar\u0131n\u0131n son g\u00f6zdesi Budva&#8217;y\u0131 Ramazan Bayram\u0131&#8217;nda Ke\u015ffedin\"}]},{\"@type\":\"WebSite\",\"@id\":\"https:\/\/julesverne.com.tr\/#website\",\"url\":\"https:\/\/julesverne.com.tr\/\",\"name\":\"JULES VERNE BUSINESS MICE TRAVEL\",\"description\":\"\",\"publisher\":{\"@id\":\"https:\/\/julesverne.com.tr\/#organization\"},\"potentialAction\":[{\"@type\":\"SearchAction\",\"target\":{\"@type\":\"EntryPoint\",\"urlTemplate\":\"https:\/\/julesverne.com.tr\/?s={search_term_string}\"},\"query-input\":\"required name=search_term_string\"}],\"inLanguage\":\"en-US\"},{\"@type\":\"Organization\",\"@id\":\"https:\/\/julesverne.com.tr\/#organization\",\"name\":\"JULES VERNE BUSINESS MICE TRAVEL\",\"url\":\"https:\/\/julesverne.com.tr\/\",\"logo\":{\"@type\":\"ImageObject\",\"inLanguage\":\"en-US\",\"@id\":\"https:\/\/julesverne.com.tr\/#\/schema\/logo\/image\/\",\"url\":\"https:\/\/julesverne.com.tr\/wp-content\/uploads\/2020\/09\/jv-bmt-logo.png\",\"contentUrl\":\"https:\/\/julesverne.com.tr\/wp-content\/uploads\/2020\/09\/jv-bmt-logo.png\",\"width\":110,\"height\":81,\"caption\":\"JULES VERNE BUSINESS MICE TRAVEL\"},\"image\":{\"@id\":\"https:\/\/julesverne.com.tr\/#\/schema\/logo\/image\/\"},\"sameAs\":[\"https:\/\/www.facebook.com\/JulesVerneBusinessMiceTravel\/\",\"https:\/\/twitter.com\/JV_BusinessMice\",\"https:\/\/www.instagram.com\/julesvernebusinessmicetravel\/\",\"https:\/\/www.linkedin.com\/company\/julesvernebusinessmicetravel\/\",\"https:\/\/www.youtube.com\/channel\/UCAwdsmbZ6tFhu1tea6pkpiw\"]},{\"@type\":\"Person\",\"@id\":\"https:\/\/julesverne.com.tr\/#\/schema\/person\/f4eb0514ae455538644c31b99a466fdb\",\"name\":\"fikirman\",\"sameAs\":[\"http:\/\/advermedya.net\/julesverne\"],\"url\":\"https:\/\/julesverne.com.tr\/en\/author\/fikirman\/\"}]}<\/script>\n<!-- \/ Yoast SEO plugin. -->","yoast_head_json":{"title":"Adriyatik K\u0131y\u0131lar\u0131n\u0131n son g\u00f6zdesi Budva'y\u0131 Ramazan Bayram\u0131'nda Ke\u015ffedin - JULES VERNE BUSINESS MICE TRAVEL","robots":{"index":"index","follow":"follow","max-snippet":"max-snippet:-1","max-image-preview":"max-image-preview:large","max-video-preview":"max-video-preview:-1"},"canonical":"https:\/\/julesverne.com.tr\/travel-blog\/adriyatik-kiyilarinin-son-gozdesi-budvayi-ramazan-bayraminda-kesfedin\/","og_locale":"en_US","og_type":"article","og_title":"Adriyatik K\u0131y\u0131lar\u0131n\u0131n son g\u00f6zdesi Budva'y\u0131 Ramazan Bayram\u0131'nda Ke\u015ffedin - JULES VERNE BUSINESS MICE TRAVEL","og_description":"Ramazan Bayram\u0131'nda deniz, tarih ve k&uuml;lt&uuml;rle zenginle\u015fmek i&ccedil;in vizesiz seyahat edebilece\u011finiz bir rotan\u0131n sizi heyecanland\u0131raca\u011f\u0131n\u0131 d&uuml;\u015f&uuml;n&uuml;yoruz. \u0130\u015fte tam da bu y&uuml;zden Karada\u011f'\u0131n g&ouml;zdesi Budva'da dolu dolu 4 g&uuml;n ge&ccedil;irebilece\u011finiz bir seyahatle kar\u015f\u0131n\u0131zday\u0131z.","og_url":"https:\/\/julesverne.com.tr\/travel-blog\/adriyatik-kiyilarinin-son-gozdesi-budvayi-ramazan-bayraminda-kesfedin\/","og_site_name":"JULES VERNE BUSINESS MICE TRAVEL","article_publisher":"https:\/\/www.facebook.com\/JulesVerneBusinessMiceTravel\/","article_published_time":"2018-05-03T10:32:03+00:00","article_modified_time":"2020-09-21T14:36:18+00:00","og_image":[{"width":740,"height":508,"url":"https:\/\/julesverne.com.tr\/wp-content\/uploads\/2020\/09\/kotor-jv.jpg","type":"image\/jpeg"}],"author":"fikirman","twitter_card":"summary_large_image","twitter_creator":"@JV_BusinessMice","twitter_site":"@JV_BusinessMice","twitter_misc":{"Written by":"fikirman","Est. reading time":"4 minutes"},"schema":{"@context":"https:\/\/schema.org","@graph":[{"@type":"Article","@id":"https:\/\/julesverne.com.tr\/travel-blog\/adriyatik-kiyilarinin-son-gozdesi-budvayi-ramazan-bayraminda-kesfedin\/#article","isPartOf":{"@id":"https:\/\/julesverne.com.tr\/travel-blog\/adriyatik-kiyilarinin-son-gozdesi-budvayi-ramazan-bayraminda-kesfedin\/"},"author":{"name":"fikirman","@id":"https:\/\/julesverne.com.tr\/#\/schema\/person\/f4eb0514ae455538644c31b99a466fdb"},"headline":"Adriyatik K\u0131y\u0131lar\u0131n\u0131n son g\u00f6zdesi Budva&#8217;y\u0131 Ramazan Bayram\u0131&#8217;nda Ke\u015ffedin","datePublished":"2018-05-03T10:32:03+00:00","dateModified":"2020-09-21T14:36:18+00:00","mainEntityOfPage":{"@id":"https:\/\/julesverne.com.tr\/travel-blog\/adriyatik-kiyilarinin-son-gozdesi-budvayi-ramazan-bayraminda-kesfedin\/"},"wordCount":877,"publisher":{"@id":"https:\/\/julesverne.com.tr\/#organization"},"image":{"@id":"https:\/\/julesverne.com.tr\/travel-blog\/adriyatik-kiyilarinin-son-gozdesi-budvayi-ramazan-bayraminda-kesfedin\/#primaryimage"},"thumbnailUrl":"https:\/\/julesverne.com.tr\/wp-content\/uploads\/2020\/09\/kotor-jv.jpg","articleSection":["Blog"],"inLanguage":"en-US"},{"@type":"WebPage","@id":"https:\/\/julesverne.com.tr\/travel-blog\/adriyatik-kiyilarinin-son-gozdesi-budvayi-ramazan-bayraminda-kesfedin\/","url":"https:\/\/julesverne.com.tr\/travel-blog\/adriyatik-kiyilarinin-son-gozdesi-budvayi-ramazan-bayraminda-kesfedin\/","name":"Adriyatik K\u0131y\u0131lar\u0131n\u0131n son g\u00f6zdesi Budva'y\u0131 Ramazan Bayram\u0131'nda Ke\u015ffedin - JULES VERNE BUSINESS MICE TRAVEL","isPartOf":{"@id":"https:\/\/julesverne.com.tr\/#website"},"primaryImageOfPage":{"@id":"https:\/\/julesverne.com.tr\/travel-blog\/adriyatik-kiyilarinin-son-gozdesi-budvayi-ramazan-bayraminda-kesfedin\/#primaryimage"},"image":{"@id":"https:\/\/julesverne.com.tr\/travel-blog\/adriyatik-kiyilarinin-son-gozdesi-budvayi-ramazan-bayraminda-kesfedin\/#primaryimage"},"thumbnailUrl":"https:\/\/julesverne.com.tr\/wp-content\/uploads\/2020\/09\/kotor-jv.jpg","datePublished":"2018-05-03T10:32:03+00:00","dateModified":"2020-09-21T14:36:18+00:00","breadcrumb":{"@id":"https:\/\/julesverne.com.tr\/travel-blog\/adriyatik-kiyilarinin-son-gozdesi-budvayi-ramazan-bayraminda-kesfedin\/#breadcrumb"},"inLanguage":"en-US","potentialAction":[{"@type":"ReadAction","target":["https:\/\/julesverne.com.tr\/travel-blog\/adriyatik-kiyilarinin-son-gozdesi-budvayi-ramazan-bayraminda-kesfedin\/"]}]},{"@type":"ImageObject","inLanguage":"en-US","@id":"https:\/\/julesverne.com.tr\/travel-blog\/adriyatik-kiyilarinin-son-gozdesi-budvayi-ramazan-bayraminda-kesfedin\/#primaryimage","url":"https:\/\/julesverne.com.tr\/wp-content\/uploads\/2020\/09\/kotor-jv.jpg","contentUrl":"https:\/\/julesverne.com.tr\/wp-content\/uploads\/2020\/09\/kotor-jv.jpg","width":740,"height":508},{"@type":"BreadcrumbList","@id":"https:\/\/julesverne.com.tr\/travel-blog\/adriyatik-kiyilarinin-son-gozdesi-budvayi-ramazan-bayraminda-kesfedin\/#breadcrumb","itemListElement":[{"@type":"ListItem","position":1,"name":"Anasayfa","item":"https:\/\/julesverne.com.tr\/"},{"@type":"ListItem","position":2,"name":"Adriyatik K\u0131y\u0131lar\u0131n\u0131n son g\u00f6zdesi Budva&#8217;y\u0131 Ramazan Bayram\u0131&#8217;nda Ke\u015ffedin"}]},{"@type":"WebSite","@id":"https:\/\/julesverne.com.tr\/#website","url":"https:\/\/julesverne.com.tr\/","name":"JULES VERNE BUSINESS MICE TRAVEL","description":"","publisher":{"@id":"https:\/\/julesverne.com.tr\/#organization"},"potentialAction":[{"@type":"SearchAction","target":{"@type":"EntryPoint","urlTemplate":"https:\/\/julesverne.com.tr\/?s={search_term_string}"},"query-input":"required name=search_term_string"}],"inLanguage":"en-US"},{"@type":"Organization","@id":"https:\/\/julesverne.com.tr\/#organization","name":"JULES VERNE BUSINESS MICE TRAVEL","url":"https:\/\/julesverne.com.tr\/","logo":{"@type":"ImageObject","inLanguage":"en-US","@id":"https:\/\/julesverne.com.tr\/#\/schema\/logo\/image\/","url":"https:\/\/julesverne.com.tr\/wp-content\/uploads\/2020\/09\/jv-bmt-logo.png","contentUrl":"https:\/\/julesverne.com.tr\/wp-content\/uploads\/2020\/09\/jv-bmt-logo.png","width":110,"height":81,"caption":"JULES VERNE BUSINESS MICE TRAVEL"},"image":{"@id":"https:\/\/julesverne.com.tr\/#\/schema\/logo\/image\/"},"sameAs":["https:\/\/www.facebook.com\/JulesVerneBusinessMiceTravel\/","https:\/\/twitter.com\/JV_BusinessMice","https:\/\/www.instagram.com\/julesvernebusinessmicetravel\/","https:\/\/www.linkedin.com\/company\/julesvernebusinessmicetravel\/","https:\/\/www.youtube.com\/channel\/UCAwdsmbZ6tFhu1tea6pkpiw"]},{"@type":"Person","@id":"https:\/\/julesverne.com.tr\/#\/schema\/person\/f4eb0514ae455538644c31b99a466fdb","name":"fikirman","sameAs":["http:\/\/advermedya.net\/julesverne"],"url":"https:\/\/julesverne.com.tr\/en\/author\/fikirman\/"}]}},"_links":{"self":[{"href":"https:\/\/julesverne.com.tr\/en\/wp-json\/wp\/v2\/posts\/1911"}],"collection":[{"href":"https:\/\/julesverne.com.tr\/en\/wp-json\/wp\/v2\/posts"}],"about":[{"href":"https:\/\/julesverne.com.tr\/en\/wp-json\/wp\/v2\/types\/post"}],"author":[{"embeddable":true,"href":"https:\/\/julesverne.com.tr\/en\/wp-json\/wp\/v2\/users\/1"}],"replies":[{"embeddable":true,"href":"https:\/\/julesverne.com.tr\/en\/wp-json\/wp\/v2\/comments?post=1911"}],"version-history":[{"count":0,"href":"https:\/\/julesverne.com.tr\/en\/wp-json\/wp\/v2\/posts\/1911\/revisions"}],"wp:featuredmedia":[{"embeddable":true,"href":"https:\/\/julesverne.com.tr\/en\/wp-json\/wp\/v2\/media\/1912"}],"wp:attachment":[{"href":"https:\/\/julesverne.com.tr\/en\/wp-json\/wp\/v2\/media?parent=1911"}],"wp:term":[{"taxonomy":"category","embeddable":true,"href":"https:\/\/julesverne.com.tr\/en\/wp-json\/wp\/v2\/categories?post=1911"},{"taxonomy":"post_tag","embeddable":true,"href":"https:\/\/julesverne.com.tr\/en\/wp-json\/wp\/v2\/tags?post=1911"}],"curies":[{"name":"wp","href":"https:\/\/api.w.org\/{rel}","templated":true}]}}