{"id":19097,"date":"2025-01-31T09:52:01","date_gmt":"2025-01-31T06:52:01","guid":{"rendered":"https:\/\/julesverne.com.tr\/?p=19097"},"modified":"2025-01-31T10:50:18","modified_gmt":"2025-01-31T07:50:18","slug":"2025-yurt-ici-gezilerimizle-turkiyenin-sakli-guzelliklerini-bizimle-kesfedin","status":"publish","type":"post","link":"https:\/\/julesverne.com.tr\/en\/travel-blog\/2025-yurt-ici-gezilerimizle-turkiyenin-sakli-guzelliklerini-bizimle-kesfedin\/","title":{"rendered":"(TR) 2025 Yurt \u0130\u00e7i Gezilerimizle T\u00fcrkiye\u2019nin Sakl\u0131 G\u00fczelliklerini Bizimle Ke\u015ffedin!"},"content":{"rendered":"<p class=\"qtranxs-available-languages-message qtranxs-available-languages-message-en\">Sorry, this entry is only available in <a href=\"https:\/\/julesverne.com.tr\/tr\/wp-json\/wp\/v2\/posts\/19097\" class=\"qtranxs-available-language-link qtranxs-available-language-link-tr\" title=\"TR\">Turkish<\/a>.<\/p>","protected":false},"excerpt":{"rendered":"<p>Sorry, this entry is only available in Turkish.<\/p>\n","protected":false},"author":10,"featured_media":18924,"comment_status":"closed","ping_status":"closed","sticky":false,"template":"","format":"standard","meta":{"inline_featured_image":false,"footnotes":""},"categories":[1,39],"tags":[85,73],"acf":[],"yoast_head":"<!-- This site is optimized with the Yoast SEO plugin v22.3 - https:\/\/yoast.com\/wordpress\/plugins\/seo\/ -->\n<title><\/title>\n<meta name=\"description\" content=\"UNESCO D\u00fcnya Miras\u0131 Listesi\u2019ne al\u0131nan de\u011ferlerimiz, seyretmeye ve dokunmaya k\u0131yamad\u0131\u011f\u0131m\u0131z tabiat\u0131m\u0131z, \u00f6\u011frenmenin bitmeyen bir yolculuk oldu\u011funu anlad\u0131\u011f\u0131m\u0131z m\u00fczelerimiz, dinlemekten b\u00fcy\u00fck keyif duydu\u011fumuz hikayelerimizden ilham alarak 2025 Jules Verne Gezi Takvimini olu\u015fturduk.\" \/>\n<meta name=\"robots\" content=\"index, follow, max-snippet:-1, max-image-preview:large, max-video-preview:-1\" \/>\n<link rel=\"canonical\" href=\"https:\/\/julesverne.com.tr\/travel-blog\/2025-yurt-ici-gezilerimizle-turkiyenin-sakli-guzelliklerini-bizimle-kesfedin\/\" \/>\n<meta property=\"og:locale\" content=\"en_US\" \/>\n<meta property=\"og:type\" content=\"article\" \/>\n<meta property=\"og:title\" content=\"[:tr]2025 Yurt \u0130\u00e7i Gezilerimizle T\u00fcrkiye\u2019nin Sakl\u0131 G\u00fczelliklerini Bizimle Ke\u015ffedin![:] - JULES VERNE BUSINESS MICE TRAVEL\" \/>\n<meta property=\"og:description\" content=\"UNESCO D\u00fcnya Miras\u0131 Listesi\u2019ne al\u0131nan de\u011ferlerimiz, seyretmeye ve dokunmaya k\u0131yamad\u0131\u011f\u0131m\u0131z tabiat\u0131m\u0131z, \u00f6\u011frenmenin bitmeyen bir yolculuk oldu\u011funu anlad\u0131\u011f\u0131m\u0131z m\u00fczelerimiz, dinlemekten b\u00fcy\u00fck keyif duydu\u011fumuz hikayelerimizden ilham alarak 2025 Jules Verne Gezi Takvimini olu\u015fturduk.\" \/>\n<meta property=\"og:url\" content=\"https:\/\/julesverne.com.tr\/travel-blog\/2025-yurt-ici-gezilerimizle-turkiyenin-sakli-guzelliklerini-bizimle-kesfedin\/\" \/>\n<meta property=\"og:site_name\" content=\"JULES VERNE BUSINESS MICE TRAVEL\" \/>\n<meta property=\"article:publisher\" content=\"https:\/\/www.facebook.com\/JulesVerneBusinessMiceTravel\/\" \/>\n<meta property=\"article:published_time\" content=\"2025-01-31T06:52:01+00:00\" \/>\n<meta property=\"article:modified_time\" content=\"2025-01-31T07:50:18+00:00\" \/>\n<meta property=\"og:image\" content=\"https:\/\/julesverne.com.tr\/wp-content\/uploads\/2025\/01\/mardin-1.jpg\" \/>\n\t<meta property=\"og:image:width\" content=\"1200\" \/>\n\t<meta property=\"og:image:height\" content=\"800\" \/>\n\t<meta property=\"og:image:type\" content=\"image\/jpeg\" \/>\n<meta name=\"author\" content=\"Ebru Alt\u0131n\" \/>\n<meta name=\"twitter:card\" content=\"summary_large_image\" \/>\n<meta name=\"twitter:creator\" content=\"@JV_BusinessMice\" \/>\n<meta name=\"twitter:site\" content=\"@JV_BusinessMice\" \/>\n<meta name=\"twitter:label1\" content=\"Written by\" \/>\n\t<meta name=\"twitter:data1\" content=\"Ebru Alt\u0131n\" \/>\n\t<meta name=\"twitter:label2\" content=\"Est. reading time\" \/>\n\t<meta name=\"twitter:data2\" content=\"6 minutes\" \/>\n<script type=\"application\/ld+json\" class=\"yoast-schema-graph\">{\"@context\":\"https:\/\/schema.org\",\"@graph\":[{\"@type\":\"Article\",\"@id\":\"https:\/\/julesverne.com.tr\/travel-blog\/2025-yurt-ici-gezilerimizle-turkiyenin-sakli-guzelliklerini-bizimle-kesfedin\/#article\",\"isPartOf\":{\"@id\":\"https:\/\/julesverne.com.tr\/travel-blog\/2025-yurt-ici-gezilerimizle-turkiyenin-sakli-guzelliklerini-bizimle-kesfedin\/\"},\"author\":{\"name\":\"Ebru Alt\u0131n\",\"@id\":\"https:\/\/julesverne.com.tr\/#\/schema\/person\/219931edfe2e7d9cbbcbabb8a7e4c7f4\"},\"headline\":\"(TR) 2025 Yurt \u0130\u00e7i Gezilerimizle T\u00fcrkiye\u2019nin Sakl\u0131 G\u00fczelliklerini Bizimle Ke\u015ffedin!\",\"datePublished\":\"2025-01-31T06:52:01+00:00\",\"dateModified\":\"2025-01-31T07:50:18+00:00\",\"mainEntityOfPage\":{\"@id\":\"https:\/\/julesverne.com.tr\/travel-blog\/2025-yurt-ici-gezilerimizle-turkiyenin-sakli-guzelliklerini-bizimle-kesfedin\/\"},\"wordCount\":952,\"publisher\":{\"@id\":\"https:\/\/julesverne.com.tr\/#organization\"},\"image\":{\"@id\":\"https:\/\/julesverne.com.tr\/travel-blog\/2025-yurt-ici-gezilerimizle-turkiyenin-sakli-guzelliklerini-bizimle-kesfedin\/#primaryimage\"},\"thumbnailUrl\":\"https:\/\/julesverne.com.tr\/wp-content\/uploads\/2025\/01\/mardin-1.jpg\",\"keywords\":[\"Jules Verne \u00d6zel Gezileri\",\"Nereye Gitsek\"],\"articleSection\":[\"Blog\",\"Nereye Gitsek?\"],\"inLanguage\":\"en-US\"},{\"@type\":\"WebPage\",\"@id\":\"https:\/\/julesverne.com.tr\/travel-blog\/2025-yurt-ici-gezilerimizle-turkiyenin-sakli-guzelliklerini-bizimle-kesfedin\/\",\"url\":\"https:\/\/julesverne.com.tr\/travel-blog\/2025-yurt-ici-gezilerimizle-turkiyenin-sakli-guzelliklerini-bizimle-kesfedin\/\",\"name\":\"[:tr]2025 Yurt \u0130\u00e7i Gezilerimizle T\u00fcrkiye\u2019nin Sakl\u0131 G\u00fczelliklerini Bizimle Ke\u015ffedin![:] - JULES VERNE BUSINESS MICE TRAVEL\",\"isPartOf\":{\"@id\":\"https:\/\/julesverne.com.tr\/#website\"},\"primaryImageOfPage\":{\"@id\":\"https:\/\/julesverne.com.tr\/travel-blog\/2025-yurt-ici-gezilerimizle-turkiyenin-sakli-guzelliklerini-bizimle-kesfedin\/#primaryimage\"},\"image\":{\"@id\":\"https:\/\/julesverne.com.tr\/travel-blog\/2025-yurt-ici-gezilerimizle-turkiyenin-sakli-guzelliklerini-bizimle-kesfedin\/#primaryimage\"},\"thumbnailUrl\":\"https:\/\/julesverne.com.tr\/wp-content\/uploads\/2025\/01\/mardin-1.jpg\",\"datePublished\":\"2025-01-31T06:52:01+00:00\",\"dateModified\":\"2025-01-31T07:50:18+00:00\",\"description\":\"UNESCO D\u00fcnya Miras\u0131 Listesi\u2019ne al\u0131nan de\u011ferlerimiz, seyretmeye ve dokunmaya k\u0131yamad\u0131\u011f\u0131m\u0131z tabiat\u0131m\u0131z, \u00f6\u011frenmenin bitmeyen bir yolculuk oldu\u011funu anlad\u0131\u011f\u0131m\u0131z m\u00fczelerimiz, dinlemekten b\u00fcy\u00fck keyif duydu\u011fumuz hikayelerimizden ilham alarak 2025 Jules Verne Gezi Takvimini olu\u015fturduk.\",\"breadcrumb\":{\"@id\":\"https:\/\/julesverne.com.tr\/travel-blog\/2025-yurt-ici-gezilerimizle-turkiyenin-sakli-guzelliklerini-bizimle-kesfedin\/#breadcrumb\"},\"inLanguage\":\"en-US\",\"potentialAction\":[{\"@type\":\"ReadAction\",\"target\":[\"https:\/\/julesverne.com.tr\/travel-blog\/2025-yurt-ici-gezilerimizle-turkiyenin-sakli-guzelliklerini-bizimle-kesfedin\/\"]}]},{\"@type\":\"ImageObject\",\"inLanguage\":\"en-US\",\"@id\":\"https:\/\/julesverne.com.tr\/travel-blog\/2025-yurt-ici-gezilerimizle-turkiyenin-sakli-guzelliklerini-bizimle-kesfedin\/#primaryimage\",\"url\":\"https:\/\/julesverne.com.tr\/wp-content\/uploads\/2025\/01\/mardin-1.jpg\",\"contentUrl\":\"https:\/\/julesverne.com.tr\/wp-content\/uploads\/2025\/01\/mardin-1.jpg\",\"width\":1200,\"height\":800},{\"@type\":\"BreadcrumbList\",\"@id\":\"https:\/\/julesverne.com.tr\/travel-blog\/2025-yurt-ici-gezilerimizle-turkiyenin-sakli-guzelliklerini-bizimle-kesfedin\/#breadcrumb\",\"itemListElement\":[{\"@type\":\"ListItem\",\"position\":1,\"name\":\"Anasayfa\",\"item\":\"https:\/\/julesverne.com.tr\/\"},{\"@type\":\"ListItem\",\"position\":2,\"name\":\"2025 Yurt \u0130\u00e7i Gezilerimizle T\u00fcrkiye\u2019nin Sakl\u0131 G\u00fczelliklerini Bizimle Ke\u015ffedin!\"}]},{\"@type\":\"WebSite\",\"@id\":\"https:\/\/julesverne.com.tr\/#website\",\"url\":\"https:\/\/julesverne.com.tr\/\",\"name\":\"JULES VERNE BUSINESS MICE TRAVEL\",\"description\":\"\",\"publisher\":{\"@id\":\"https:\/\/julesverne.com.tr\/#organization\"},\"potentialAction\":[{\"@type\":\"SearchAction\",\"target\":{\"@type\":\"EntryPoint\",\"urlTemplate\":\"https:\/\/julesverne.com.tr\/?s={search_term_string}\"},\"query-input\":\"required name=search_term_string\"}],\"inLanguage\":\"en-US\"},{\"@type\":\"Organization\",\"@id\":\"https:\/\/julesverne.com.tr\/#organization\",\"name\":\"JULES VERNE BUSINESS MICE TRAVEL\",\"url\":\"https:\/\/julesverne.com.tr\/\",\"logo\":{\"@type\":\"ImageObject\",\"inLanguage\":\"en-US\",\"@id\":\"https:\/\/julesverne.com.tr\/#\/schema\/logo\/image\/\",\"url\":\"https:\/\/julesverne.com.tr\/wp-content\/uploads\/2020\/09\/jv-bmt-logo.png\",\"contentUrl\":\"https:\/\/julesverne.com.tr\/wp-content\/uploads\/2020\/09\/jv-bmt-logo.png\",\"width\":110,\"height\":81,\"caption\":\"JULES VERNE BUSINESS MICE TRAVEL\"},\"image\":{\"@id\":\"https:\/\/julesverne.com.tr\/#\/schema\/logo\/image\/\"},\"sameAs\":[\"https:\/\/www.facebook.com\/JulesVerneBusinessMiceTravel\/\",\"https:\/\/twitter.com\/JV_BusinessMice\",\"https:\/\/www.instagram.com\/julesvernebusinessmicetravel\/\",\"https:\/\/www.linkedin.com\/company\/julesvernebusinessmicetravel\/\",\"https:\/\/www.youtube.com\/channel\/UCAwdsmbZ6tFhu1tea6pkpiw\"]},{\"@type\":\"Person\",\"@id\":\"https:\/\/julesverne.com.tr\/#\/schema\/person\/219931edfe2e7d9cbbcbabb8a7e4c7f4\",\"name\":\"Ebru Alt\u0131n\",\"url\":\"https:\/\/julesverne.com.tr\/en\/author\/ebru-altin\/\"}]}<\/script>\n<!-- \/ Yoast SEO plugin. -->","yoast_head_json":{"title":"[:tr]2025 Yurt \u0130\u00e7i Gezilerimizle T\u00fcrkiye\u2019nin Sakl\u0131 G\u00fczelliklerini Bizimle Ke\u015ffedin![:] - JULES VERNE BUSINESS MICE TRAVEL","description":"UNESCO D\u00fcnya Miras\u0131 Listesi\u2019ne al\u0131nan de\u011ferlerimiz, seyretmeye ve dokunmaya k\u0131yamad\u0131\u011f\u0131m\u0131z tabiat\u0131m\u0131z, \u00f6\u011frenmenin bitmeyen bir yolculuk oldu\u011funu anlad\u0131\u011f\u0131m\u0131z m\u00fczelerimiz, dinlemekten b\u00fcy\u00fck keyif duydu\u011fumuz hikayelerimizden ilham alarak 2025 Jules Verne Gezi Takvimini olu\u015fturduk.","robots":{"index":"index","follow":"follow","max-snippet":"max-snippet:-1","max-image-preview":"max-image-preview:large","max-video-preview":"max-video-preview:-1"},"canonical":"https:\/\/julesverne.com.tr\/travel-blog\/2025-yurt-ici-gezilerimizle-turkiyenin-sakli-guzelliklerini-bizimle-kesfedin\/","og_locale":"en_US","og_type":"article","og_title":"[:tr]2025 Yurt \u0130\u00e7i Gezilerimizle T\u00fcrkiye\u2019nin Sakl\u0131 G\u00fczelliklerini Bizimle Ke\u015ffedin![:] - JULES VERNE BUSINESS MICE TRAVEL","og_description":"UNESCO D\u00fcnya Miras\u0131 Listesi\u2019ne al\u0131nan de\u011ferlerimiz, seyretmeye ve dokunmaya k\u0131yamad\u0131\u011f\u0131m\u0131z tabiat\u0131m\u0131z, \u00f6\u011frenmenin bitmeyen bir yolculuk oldu\u011funu anlad\u0131\u011f\u0131m\u0131z m\u00fczelerimiz, dinlemekten b\u00fcy\u00fck keyif duydu\u011fumuz hikayelerimizden ilham alarak 2025 Jules Verne Gezi Takvimini olu\u015fturduk.","og_url":"https:\/\/julesverne.com.tr\/travel-blog\/2025-yurt-ici-gezilerimizle-turkiyenin-sakli-guzelliklerini-bizimle-kesfedin\/","og_site_name":"JULES VERNE BUSINESS MICE TRAVEL","article_publisher":"https:\/\/www.facebook.com\/JulesVerneBusinessMiceTravel\/","article_published_time":"2025-01-31T06:52:01+00:00","article_modified_time":"2025-01-31T07:50:18+00:00","og_image":[{"width":1200,"height":800,"url":"https:\/\/julesverne.com.tr\/wp-content\/uploads\/2025\/01\/mardin-1.jpg","type":"image\/jpeg"}],"author":"Ebru Alt\u0131n","twitter_card":"summary_large_image","twitter_creator":"@JV_BusinessMice","twitter_site":"@JV_BusinessMice","twitter_misc":{"Written by":"Ebru Alt\u0131n","Est. reading time":"6 minutes"},"schema":{"@context":"https:\/\/schema.org","@graph":[{"@type":"Article","@id":"https:\/\/julesverne.com.tr\/travel-blog\/2025-yurt-ici-gezilerimizle-turkiyenin-sakli-guzelliklerini-bizimle-kesfedin\/#article","isPartOf":{"@id":"https:\/\/julesverne.com.tr\/travel-blog\/2025-yurt-ici-gezilerimizle-turkiyenin-sakli-guzelliklerini-bizimle-kesfedin\/"},"author":{"name":"Ebru Alt\u0131n","@id":"https:\/\/julesverne.com.tr\/#\/schema\/person\/219931edfe2e7d9cbbcbabb8a7e4c7f4"},"headline":"(TR) 2025 Yurt \u0130\u00e7i Gezilerimizle T\u00fcrkiye\u2019nin Sakl\u0131 G\u00fczelliklerini Bizimle Ke\u015ffedin!","datePublished":"2025-01-31T06:52:01+00:00","dateModified":"2025-01-31T07:50:18+00:00","mainEntityOfPage":{"@id":"https:\/\/julesverne.com.tr\/travel-blog\/2025-yurt-ici-gezilerimizle-turkiyenin-sakli-guzelliklerini-bizimle-kesfedin\/"},"wordCount":952,"publisher":{"@id":"https:\/\/julesverne.com.tr\/#organization"},"image":{"@id":"https:\/\/julesverne.com.tr\/travel-blog\/2025-yurt-ici-gezilerimizle-turkiyenin-sakli-guzelliklerini-bizimle-kesfedin\/#primaryimage"},"thumbnailUrl":"https:\/\/julesverne.com.tr\/wp-content\/uploads\/2025\/01\/mardin-1.jpg","keywords":["Jules Verne \u00d6zel Gezileri","Nereye Gitsek"],"articleSection":["Blog","Nereye Gitsek?"],"inLanguage":"en-US"},{"@type":"WebPage","@id":"https:\/\/julesverne.com.tr\/travel-blog\/2025-yurt-ici-gezilerimizle-turkiyenin-sakli-guzelliklerini-bizimle-kesfedin\/","url":"https:\/\/julesverne.com.tr\/travel-blog\/2025-yurt-ici-gezilerimizle-turkiyenin-sakli-guzelliklerini-bizimle-kesfedin\/","name":"[:tr]2025 Yurt \u0130\u00e7i Gezilerimizle T\u00fcrkiye\u2019nin Sakl\u0131 G\u00fczelliklerini Bizimle Ke\u015ffedin![:] - JULES VERNE BUSINESS MICE TRAVEL","isPartOf":{"@id":"https:\/\/julesverne.com.tr\/#website"},"primaryImageOfPage":{"@id":"https:\/\/julesverne.com.tr\/travel-blog\/2025-yurt-ici-gezilerimizle-turkiyenin-sakli-guzelliklerini-bizimle-kesfedin\/#primaryimage"},"image":{"@id":"https:\/\/julesverne.com.tr\/travel-blog\/2025-yurt-ici-gezilerimizle-turkiyenin-sakli-guzelliklerini-bizimle-kesfedin\/#primaryimage"},"thumbnailUrl":"https:\/\/julesverne.com.tr\/wp-content\/uploads\/2025\/01\/mardin-1.jpg","datePublished":"2025-01-31T06:52:01+00:00","dateModified":"2025-01-31T07:50:18+00:00","description":"UNESCO D\u00fcnya Miras\u0131 Listesi\u2019ne al\u0131nan de\u011ferlerimiz, seyretmeye ve dokunmaya k\u0131yamad\u0131\u011f\u0131m\u0131z tabiat\u0131m\u0131z, \u00f6\u011frenmenin bitmeyen bir yolculuk oldu\u011funu anlad\u0131\u011f\u0131m\u0131z m\u00fczelerimiz, dinlemekten b\u00fcy\u00fck keyif duydu\u011fumuz hikayelerimizden ilham alarak 2025 Jules Verne Gezi Takvimini olu\u015fturduk.","breadcrumb":{"@id":"https:\/\/julesverne.com.tr\/travel-blog\/2025-yurt-ici-gezilerimizle-turkiyenin-sakli-guzelliklerini-bizimle-kesfedin\/#breadcrumb"},"inLanguage":"en-US","potentialAction":[{"@type":"ReadAction","target":["https:\/\/julesverne.com.tr\/travel-blog\/2025-yurt-ici-gezilerimizle-turkiyenin-sakli-guzelliklerini-bizimle-kesfedin\/"]}]},{"@type":"ImageObject","inLanguage":"en-US","@id":"https:\/\/julesverne.com.tr\/travel-blog\/2025-yurt-ici-gezilerimizle-turkiyenin-sakli-guzelliklerini-bizimle-kesfedin\/#primaryimage","url":"https:\/\/julesverne.com.tr\/wp-content\/uploads\/2025\/01\/mardin-1.jpg","contentUrl":"https:\/\/julesverne.com.tr\/wp-content\/uploads\/2025\/01\/mardin-1.jpg","width":1200,"height":800},{"@type":"BreadcrumbList","@id":"https:\/\/julesverne.com.tr\/travel-blog\/2025-yurt-ici-gezilerimizle-turkiyenin-sakli-guzelliklerini-bizimle-kesfedin\/#breadcrumb","itemListElement":[{"@type":"ListItem","position":1,"name":"Anasayfa","item":"https:\/\/julesverne.com.tr\/"},{"@type":"ListItem","position":2,"name":"2025 Yurt \u0130\u00e7i Gezilerimizle T\u00fcrkiye\u2019nin Sakl\u0131 G\u00fczelliklerini Bizimle Ke\u015ffedin!"}]},{"@type":"WebSite","@id":"https:\/\/julesverne.com.tr\/#website","url":"https:\/\/julesverne.com.tr\/","name":"JULES VERNE BUSINESS MICE TRAVEL","description":"","publisher":{"@id":"https:\/\/julesverne.com.tr\/#organization"},"potentialAction":[{"@type":"SearchAction","target":{"@type":"EntryPoint","urlTemplate":"https:\/\/julesverne.com.tr\/?s={search_term_string}"},"query-input":"required name=search_term_string"}],"inLanguage":"en-US"},{"@type":"Organization","@id":"https:\/\/julesverne.com.tr\/#organization","name":"JULES VERNE BUSINESS MICE TRAVEL","url":"https:\/\/julesverne.com.tr\/","logo":{"@type":"ImageObject","inLanguage":"en-US","@id":"https:\/\/julesverne.com.tr\/#\/schema\/logo\/image\/","url":"https:\/\/julesverne.com.tr\/wp-content\/uploads\/2020\/09\/jv-bmt-logo.png","contentUrl":"https:\/\/julesverne.com.tr\/wp-content\/uploads\/2020\/09\/jv-bmt-logo.png","width":110,"height":81,"caption":"JULES VERNE BUSINESS MICE TRAVEL"},"image":{"@id":"https:\/\/julesverne.com.tr\/#\/schema\/logo\/image\/"},"sameAs":["https:\/\/www.facebook.com\/JulesVerneBusinessMiceTravel\/","https:\/\/twitter.com\/JV_BusinessMice","https:\/\/www.instagram.com\/julesvernebusinessmicetravel\/","https:\/\/www.linkedin.com\/company\/julesvernebusinessmicetravel\/","https:\/\/www.youtube.com\/channel\/UCAwdsmbZ6tFhu1tea6pkpiw"]},{"@type":"Person","@id":"https:\/\/julesverne.com.tr\/#\/schema\/person\/219931edfe2e7d9cbbcbabb8a7e4c7f4","name":"Ebru Alt\u0131n","url":"https:\/\/julesverne.com.tr\/en\/author\/ebru-altin\/"}]}},"_links":{"self":[{"href":"https:\/\/julesverne.com.tr\/en\/wp-json\/wp\/v2\/posts\/19097"}],"collection":[{"href":"https:\/\/julesverne.com.tr\/en\/wp-json\/wp\/v2\/posts"}],"about":[{"href":"https:\/\/julesverne.com.tr\/en\/wp-json\/wp\/v2\/types\/post"}],"author":[{"embeddable":true,"href":"https:\/\/julesverne.com.tr\/en\/wp-json\/wp\/v2\/users\/10"}],"replies":[{"embeddable":true,"href":"https:\/\/julesverne.com.tr\/en\/wp-json\/wp\/v2\/comments?post=19097"}],"version-history":[{"count":7,"href":"https:\/\/julesverne.com.tr\/en\/wp-json\/wp\/v2\/posts\/19097\/revisions"}],"predecessor-version":[{"id":19205,"href":"https:\/\/julesverne.com.tr\/en\/wp-json\/wp\/v2\/posts\/19097\/revisions\/19205"}],"wp:featuredmedia":[{"embeddable":true,"href":"https:\/\/julesverne.com.tr\/en\/wp-json\/wp\/v2\/media\/18924"}],"wp:attachment":[{"href":"https:\/\/julesverne.com.tr\/en\/wp-json\/wp\/v2\/media?parent=19097"}],"wp:term":[{"taxonomy":"category","embeddable":true,"href":"https:\/\/julesverne.com.tr\/en\/wp-json\/wp\/v2\/categories?post=19097"},{"taxonomy":"post_tag","embeddable":true,"href":"https:\/\/julesverne.com.tr\/en\/wp-json\/wp\/v2\/tags?post=19097"}],"curies":[{"name":"wp","href":"https:\/\/api.w.org\/{rel}","templated":true}]}}