{"id":1897,"date":"2018-03-27T14:56:21","date_gmt":"2018-03-27T11:56:21","guid":{"rendered":"https:\/\/www.julesverne.com.tr\/\/blog\/akdenizde-sizi-gerceklikten-uzaklastiran-fransiz-adasi-korsika\/"},"modified":"2021-03-04T15:20:11","modified_gmt":"2021-03-04T12:20:11","slug":"akdenizde-sizi-gerceklikten-uzaklastiran-fransiz-adasi-korsika","status":"publish","type":"post","link":"https:\/\/julesverne.com.tr\/en\/travel-blog\/akdenizde-sizi-gerceklikten-uzaklastiran-fransiz-adasi-korsika\/","title":{"rendered":"Akdeniz&#8217;de Sizi Ger\u00e7eklikten Uzakla\u015ft\u0131ran Frans\u0131z Adas\u0131: Korsika"},"content":{"rendered":"<p><p style=\"text-align: center;\"><img loading=\"lazy\" decoding=\"async\" class=\"alignnone size-full wp-image-4892\" src=\"https:\/\/www.julesverne.com.tr\/\/wp-content\/uploads\/2020\/09\/1-7.jpg\" width=\"740\" height=\"493\" alt=\"\" srcset=\"https:\/\/julesverne.com.tr\/wp-content\/uploads\/2020\/09\/1-7.jpg 740w, https:\/\/julesverne.com.tr\/wp-content\/uploads\/2020\/09\/1-7-500x333.jpg 500w\" sizes=\"(max-width: 740px) 100vw, 740px\" \/><\/p>\n<p>Korsika, yumu\u015fac\u0131k Akdeniz ikliminin esintisinde vah\u015fi bir g&uuml;zellik; yabani ve aromatik bitki &ouml;rt&uuml;s&uuml; ile kapl\u0131 geni\u015f makiliklerinde kendi parf&uuml;m&uuml;n&uuml; &uuml;reten kendi ba\u015f\u0131na bir k\u0131ta sanki.&nbsp;<\/p>\n<p style=\"text-align: center;\"><img loading=\"lazy\" decoding=\"async\" class=\"alignnone size-full wp-image-4893\" src=\"https:\/\/www.julesverne.com.tr\/\/wp-content\/uploads\/2020\/09\/2-9.jpg\" width=\"740\" height=\"491\" alt=\"\" srcset=\"https:\/\/julesverne.com.tr\/wp-content\/uploads\/2020\/09\/2-9.jpg 740w, https:\/\/julesverne.com.tr\/wp-content\/uploads\/2020\/09\/2-9-500x332.jpg 500w\" sizes=\"(max-width: 740px) 100vw, 740px\" \/><\/p>\n<p style=\"text-align: left;\">Beyaz-mavi dalgalar\u0131n d&ouml;vd&uuml;\u011f&uuml; kumsallar\u0131, y&uuml;zlerce ku\u015f t&uuml;r&uuml;n&uuml; bar\u0131nd\u0131ran ormanlar\u0131, denizlerinde balinas\u0131 ve yunusuyla, da\u011f y&uuml;r&uuml;y&uuml;\u015flerinde pe\u015finize d&uuml;\u015fen merakl\u0131 tilkileriyle Korsika, apayr\u0131 bir flora ve fauna sunuyor ziyaret&ccedil;ilerine. Avrupa&rsquo;n\u0131n en iyi da\u011f y&uuml;r&uuml;y&uuml;\u015f&uuml; rotalar\u0131 aras\u0131nda yer alan parkurlar\u0131, g&ouml;steri\u015fli sahil kasabalar\u0131na ve 200 inan\u0131lmaz kumsal\u0131na yelken a&ccedil;an Katamaranl\u0131 deniz programlar\u0131yla multi-aktivite ve multi-ku\u015fak seyahat i&ccedil;in ideal bir destinasyon olarak &ouml;n plana &ccedil;\u0131k\u0131yor.<\/p>\n<p style=\"text-align: center;\"><img loading=\"lazy\" decoding=\"async\" class=\"alignnone size-full wp-image-4894\" src=\"https:\/\/www.julesverne.com.tr\/\/wp-content\/uploads\/2020\/09\/3-4.jpg\" width=\"740\" height=\"493\" alt=\"\" srcset=\"https:\/\/julesverne.com.tr\/wp-content\/uploads\/2020\/09\/3-4.jpg 740w, https:\/\/julesverne.com.tr\/wp-content\/uploads\/2020\/09\/3-4-500x333.jpg 500w\" sizes=\"(max-width: 740px) 100vw, 740px\" \/><\/p>\n<p>Korsika&rsquo;n\u0131n &ccedil;ekicili\u011fi sadece anakaras\u0131yla s\u0131n\u0131rl\u0131 de\u011fil. Kuzey-bat\u0131 ve Sardinya &rsquo;yayla kombine edilen G&uuml;ney rotalar\u0131yla Katamaran ve yelken programlar\u0131n\u0131n Akdeniz&rsquo;deki en reva&ccedil;taki adresi. Teknelerinin kendi b&uuml;nyesinde de e\u011flenceli &ldquo;oyuncaklar\u0131n\u0131n&rdquo;&nbsp; oldu\u011funu belirtmekte fayda var.&nbsp;<\/p>\n<p>Her ne kadar sahil \u015feridi ve &ouml;zellikle Sardinya&rsquo;ya g&ouml;z k\u0131rpan g&uuml;ney k\u0131y\u0131lar\u0131yla g&ouml;z doldursa da, Korsika, da\u011f k&ouml;ylerindeki geni\u015f arazilere konu\u015flanm\u0131\u015f, orkidelerle ve zeytin a\u011fa&ccedil;lar\u0131yla &ccedil;evrili l&uuml;ks butik otelleriyle bamba\u015fka bir adaya d&ouml;n&uuml;\u015f&uuml;yor.<\/p>\n<p style=\"text-align: center;\"><img loading=\"lazy\" decoding=\"async\" class=\"alignnone size-full wp-image-4895\" src=\"https:\/\/www.julesverne.com.tr\/\/wp-content\/uploads\/2020\/09\/4-5.jpg\" width=\"740\" height=\"493\" alt=\"\" srcset=\"https:\/\/julesverne.com.tr\/wp-content\/uploads\/2020\/09\/4-5.jpg 740w, https:\/\/julesverne.com.tr\/wp-content\/uploads\/2020\/09\/4-5-500x333.jpg 500w\" sizes=\"(max-width: 740px) 100vw, 740px\" \/><\/p>\n<p style=\"text-align: left;\">K&uuml;&ccedil;&uuml;k bal\u0131k&ccedil;\u0131 kasabalar\u0131ndan da\u011f k&ouml;ylerine kadar utanga&ccedil; ama s\u0131cac\u0131k insanlar\u0131 var Korsika&rsquo;n\u0131n: E\u011fer i\u015fin i&ccedil;inde kutsal &uuml;&ccedil;l&uuml; yemek, \u015farap ve m&uuml;zik varsa, adalar\u0131n\u0131 anlatmaktan b&uuml;y&uuml;k keyif alan Korsikal\u0131lar, inat&ccedil;\u0131l\u0131klar\u0131, gustolar\u0131 ve gururlar\u0131yla tam bir \u0130talyan-Frans\u0131z melezi profili &ccedil;iziyorlar.<\/p>\n<p>En ideal rota olarak tan\u0131mlanan Bat\u0131 sahilleri Bastia, St. Florent, Calvi, Ajaccio ve La Maddelena (Sardinya), hem denizden hem de k\u0131y\u0131dan limitsiz se&ccedil;enek sunuyor.<\/p>\n<p style=\"text-align: center;\"><img loading=\"lazy\" decoding=\"async\" class=\"alignnone size-full wp-image-4896\" src=\"https:\/\/www.julesverne.com.tr\/\/wp-content\/uploads\/2020\/09\/corsicason.jpg\" width=\"740\" height=\"416\" alt=\"\" srcset=\"https:\/\/julesverne.com.tr\/wp-content\/uploads\/2020\/09\/corsicason.jpg 740w, https:\/\/julesverne.com.tr\/wp-content\/uploads\/2020\/09\/corsicason-500x281.jpg 500w, https:\/\/julesverne.com.tr\/wp-content\/uploads\/2020\/09\/corsicason-400x225.jpg 400w\" sizes=\"(max-width: 740px) 100vw, 740px\" \/><\/p>\n<p><strong>Korsika&#8217;n\u0131n ruhuyla b&uuml;t&uuml;nle\u015fmek i&ccedil;in, Korsika&#8217;da g&ouml;r&uuml;nenin arkas\u0131ndaki hazineleri de ke\u015ffedebilmek i&ccedil;in tek bir ke\u015fif haritas\u0131 yok. Dilerseniz bu Frans\u0131z adas\u0131n\u0131 denizden ke\u015ffedin ya da ailenizle birlikte do\u011fay\u0131, tarihi, k&uuml;lt&uuml;r&uuml; deneyimleyin!<\/strong><\/p>\n<h4><strong>&Ccedil;ocuklarla &ldquo;Define adas\u0131 tad\u0131nda&rdquo; Korsika<\/strong><\/h4>\n<p style=\"text-align: center;\"><a href=\"..\/..\/bizden-haberler\/cocuklarla-define-adasi-tadinda-korsika\" target=\"_blank\" rel=\"noopener noreferrer\"><strong><img loading=\"lazy\" decoding=\"async\" class=\"alignnone size-full wp-image-4897\" src=\"https:\/\/www.julesverne.com.tr\/\/wp-content\/uploads\/2020\/09\/cocukla_korsika.jpg\" width=\"740\" height=\"416\" alt=\"\" srcset=\"https:\/\/julesverne.com.tr\/wp-content\/uploads\/2020\/09\/cocukla_korsika.jpg 740w, https:\/\/julesverne.com.tr\/wp-content\/uploads\/2020\/09\/cocukla_korsika-500x281.jpg 500w, https:\/\/julesverne.com.tr\/wp-content\/uploads\/2020\/09\/cocukla_korsika-400x225.jpg 400w\" sizes=\"(max-width: 740px) 100vw, 740px\" \/><\/strong><\/a><\/p>\n<p>Korsika tatilde b&uuml;y&uuml;ten, &ouml;\u011freten ve e\u011flendiren bir ada: &Ccedil;ocuklar\u0131n\u0131z\u0131n okumas\u0131n\u0131 istedi\u011finiz t&uuml;m kitaplar\u0131 &ldquo;bir co\u011frafya&rdquo; olarak &ouml;nlerine koydu\u011funuzu d&uuml;\u015f&uuml;n&uuml;n. Ve bu kitab\u0131 1-2 haftada nefes almadan okuduklar\u0131n\u0131&#8230; \u0130talyan g&uuml;ne\u015finin alt\u0131nda bir Frans\u0131z g&uuml;zeli olan Korsika, kendine has &ldquo;vah\u015fi bat\u0131s\u0131yla&rdquo;,&nbsp; &ldquo;Alice Harikalar Diyar\u0131&rdquo;n\u0131n Akdeniz versiyonu do\u011fal ya\u015fam park\u0131 ile , Kaplumba\u011fa K&ouml;y&uuml; ile, g&ouml;lleri ve \u015felaleri ile &ccedil;ocuklar\u0131n akl\u0131n\u0131 ba\u015f\u0131ndan alacak&#8230;<\/p>\n<p><a href=\"..\/..\/bizden-haberler\/cocuklarla-define-adasi-tadinda-korsika?preview=true\" target=\"_blank\" rel=\"noopener noreferrer\"><strong>Program hakk\u0131nda detayl\u0131 bilgi i&ccedil;in t\u0131klay\u0131n!<\/strong><\/a><\/p>\n<h4><strong>200 Kumsal\u0131yla Korsika&#8217;y\u0131 Denizden Ke\u015ffedin!<\/strong><\/h4>\n<p style=\"text-align: center;\"><a href=\"..\/..\/bizden-haberler\/200-kumsaliyla-korsikayi-denizden-kesfedin\" target=\"_blank\" rel=\"noopener noreferrer\"><strong><img loading=\"lazy\" decoding=\"async\" class=\"alignnone size-full wp-image-4898\" src=\"https:\/\/www.julesverne.com.tr\/\/wp-content\/uploads\/2020\/09\/corsica_arial-1.jpg\" width=\"740\" height=\"493\" alt=\"\" srcset=\"https:\/\/julesverne.com.tr\/wp-content\/uploads\/2020\/09\/corsica_arial-1.jpg 740w, https:\/\/julesverne.com.tr\/wp-content\/uploads\/2020\/09\/corsica_arial-1-500x333.jpg 500w\" sizes=\"(max-width: 740px) 100vw, 740px\" \/><\/strong><\/a><\/p>\n<p>Muazzam sahil \u015feridiyle Korsika, yumu\u015fac\u0131k Akdeniz ikliminin esintisinde bir \u015fiir kadar etkileyici, romantik&#8230;Bu \u015fiirin her dizesini denizden ke\u015ffetmek ise r&uuml;ya gibi bir deneyim&#8230; Yumu\u015fac\u0131k Akdeniz ikliminin esintisinde bu muhte\u015fem aday\u0131 denizden ke\u015ffetmek ise r&uuml;ya gibi bir deneyim&#8230;&nbsp;<\/p>\n<p><strong>Korsika&rsquo;dan Sardinya&rsquo;ya Yelken a&ccedil;\u0131yoruz&#8230; Hadi bize kat\u0131l\u0131n&#8230;<\/strong><\/p>\n<p><a href=\"..\/..\/bizden-haberler\/200-kumsaliyla-korsikayi-denizden-kesfedin?preview=true\" target=\"_blank\" rel=\"noopener noreferrer\"><strong>Program hakk\u0131nda detayl\u0131 bilgi i&ccedil;in t\u0131klay\u0131n!<\/strong><\/a><\/p><\/p>\n","protected":false},"excerpt":{"rendered":"<p>Korsika Avrupa&rsquo;n\u0131n en iyi da\u011f y&uuml;r&uuml;y&uuml;\u015f&uuml; rotalar\u0131 aras\u0131nda yer alan parkurlar\u0131, da\u011f k&ouml;ylerindeki geni\u015f arazilere konu\u015flanm\u0131\u015f, orkidelerle ve zeytin a\u011fa&ccedil;lar\u0131yla &ccedil;evrili l&uuml;ks butik otelleri, g&ouml;steri\u015fli sahil kasabalar\u0131na ve 200 inan\u0131lmaz kumsal\u0131na yelken a&ccedil;an katamaran ve yelken programlar\u0131 ile Akdeniz&rsquo;in en g&ouml;zde adresi&#8230; En ideal rota olarak tan\u0131mlanan Bat\u0131 sahilleri Bastia, St. Florent, Calvi, Ajaccio ve La Maddelena (Sardinya), hem denizden hem de k\u0131y\u0131dan limitsiz se&ccedil;enek sunuyor&#8230;<\/p>\n","protected":false},"author":1,"featured_media":106,"comment_status":"closed","ping_status":"closed","sticky":false,"template":"","format":"standard","meta":{"inline_featured_image":false,"footnotes":""},"categories":[38,1,39],"tags":[],"acf":[],"yoast_head":"<!-- This site is optimized with the Yoast SEO plugin v22.3 - https:\/\/yoast.com\/wordpress\/plugins\/seo\/ -->\n<title>Akdeniz&#039;de Sizi Ger\u00e7eklikten Uzakla\u015ft\u0131ran Frans\u0131z Adas\u0131: Korsika - JULES VERNE BUSINESS MICE TRAVEL<\/title>\n<meta name=\"robots\" content=\"index, follow, max-snippet:-1, max-image-preview:large, max-video-preview:-1\" \/>\n<link rel=\"canonical\" href=\"https:\/\/julesverne.com.tr\/travel-blog\/akdenizde-sizi-gerceklikten-uzaklastiran-fransiz-adasi-korsika\/\" \/>\n<meta property=\"og:locale\" content=\"en_US\" \/>\n<meta property=\"og:type\" content=\"article\" \/>\n<meta property=\"og:title\" content=\"Akdeniz&#039;de Sizi Ger\u00e7eklikten Uzakla\u015ft\u0131ran Frans\u0131z Adas\u0131: Korsika - JULES VERNE BUSINESS MICE TRAVEL\" \/>\n<meta property=\"og:description\" content=\"Korsika Avrupa&rsquo;n\u0131n en iyi da\u011f y&uuml;r&uuml;y&uuml;\u015f&uuml; rotalar\u0131 aras\u0131nda yer alan parkurlar\u0131, da\u011f k&ouml;ylerindeki geni\u015f arazilere konu\u015flanm\u0131\u015f, orkidelerle ve zeytin a\u011fa&ccedil;lar\u0131yla &ccedil;evrili l&uuml;ks butik otelleri, g&ouml;steri\u015fli sahil kasabalar\u0131na ve 200 inan\u0131lmaz kumsal\u0131na yelken a&ccedil;an katamaran ve yelken programlar\u0131 ile Akdeniz&rsquo;in en g&ouml;zde adresi... En ideal rota olarak tan\u0131mlanan Bat\u0131 sahilleri Bastia, St. Florent, Calvi, Ajaccio ve La Maddelena (Sardinya), hem denizden hem de k\u0131y\u0131dan limitsiz se&ccedil;enek sunuyor...\" \/>\n<meta property=\"og:url\" content=\"https:\/\/julesverne.com.tr\/travel-blog\/akdenizde-sizi-gerceklikten-uzaklastiran-fransiz-adasi-korsika\/\" \/>\n<meta property=\"og:site_name\" content=\"JULES VERNE BUSINESS MICE TRAVEL\" \/>\n<meta property=\"article:publisher\" content=\"https:\/\/www.facebook.com\/JulesVerneBusinessMiceTravel\/\" \/>\n<meta property=\"article:published_time\" content=\"2018-03-27T11:56:21+00:00\" \/>\n<meta property=\"article:modified_time\" content=\"2021-03-04T12:20:11+00:00\" \/>\n<meta property=\"og:image\" content=\"https:\/\/julesverne.com.tr\/wp-content\/uploads\/2020\/06\/home-news-image-01.jpg\" \/>\n\t<meta property=\"og:image:width\" content=\"520\" \/>\n\t<meta property=\"og:image:height\" content=\"333\" \/>\n\t<meta property=\"og:image:type\" content=\"image\/jpeg\" \/>\n<meta name=\"author\" content=\"fikirman\" \/>\n<meta name=\"twitter:card\" content=\"summary_large_image\" \/>\n<meta name=\"twitter:creator\" content=\"@JV_BusinessMice\" \/>\n<meta name=\"twitter:site\" content=\"@JV_BusinessMice\" \/>\n<meta name=\"twitter:label1\" content=\"Written by\" \/>\n\t<meta name=\"twitter:data1\" content=\"fikirman\" \/>\n\t<meta name=\"twitter:label2\" content=\"Est. reading time\" \/>\n\t<meta name=\"twitter:data2\" content=\"3 minutes\" \/>\n<script type=\"application\/ld+json\" class=\"yoast-schema-graph\">{\"@context\":\"https:\/\/schema.org\",\"@graph\":[{\"@type\":\"Article\",\"@id\":\"https:\/\/julesverne.com.tr\/travel-blog\/akdenizde-sizi-gerceklikten-uzaklastiran-fransiz-adasi-korsika\/#article\",\"isPartOf\":{\"@id\":\"https:\/\/julesverne.com.tr\/travel-blog\/akdenizde-sizi-gerceklikten-uzaklastiran-fransiz-adasi-korsika\/\"},\"author\":{\"name\":\"fikirman\",\"@id\":\"https:\/\/julesverne.com.tr\/#\/schema\/person\/f4eb0514ae455538644c31b99a466fdb\"},\"headline\":\"Akdeniz&#8217;de Sizi Ger\u00e7eklikten Uzakla\u015ft\u0131ran Frans\u0131z Adas\u0131: Korsika\",\"datePublished\":\"2018-03-27T11:56:21+00:00\",\"dateModified\":\"2021-03-04T12:20:11+00:00\",\"mainEntityOfPage\":{\"@id\":\"https:\/\/julesverne.com.tr\/travel-blog\/akdenizde-sizi-gerceklikten-uzaklastiran-fransiz-adasi-korsika\/\"},\"wordCount\":661,\"publisher\":{\"@id\":\"https:\/\/julesverne.com.tr\/#organization\"},\"image\":{\"@id\":\"https:\/\/julesverne.com.tr\/travel-blog\/akdenizde-sizi-gerceklikten-uzaklastiran-fransiz-adasi-korsika\/#primaryimage\"},\"thumbnailUrl\":\"https:\/\/julesverne.com.tr\/wp-content\/uploads\/2020\/06\/home-news-image-01.jpg\",\"articleSection\":[\"\u0130lham Veren Destinasyonlar\",\"Blog\",\"Nereye Gitsek?\"],\"inLanguage\":\"en-US\"},{\"@type\":\"WebPage\",\"@id\":\"https:\/\/julesverne.com.tr\/travel-blog\/akdenizde-sizi-gerceklikten-uzaklastiran-fransiz-adasi-korsika\/\",\"url\":\"https:\/\/julesverne.com.tr\/travel-blog\/akdenizde-sizi-gerceklikten-uzaklastiran-fransiz-adasi-korsika\/\",\"name\":\"Akdeniz'de Sizi Ger\u00e7eklikten Uzakla\u015ft\u0131ran Frans\u0131z Adas\u0131: Korsika - JULES VERNE BUSINESS MICE TRAVEL\",\"isPartOf\":{\"@id\":\"https:\/\/julesverne.com.tr\/#website\"},\"primaryImageOfPage\":{\"@id\":\"https:\/\/julesverne.com.tr\/travel-blog\/akdenizde-sizi-gerceklikten-uzaklastiran-fransiz-adasi-korsika\/#primaryimage\"},\"image\":{\"@id\":\"https:\/\/julesverne.com.tr\/travel-blog\/akdenizde-sizi-gerceklikten-uzaklastiran-fransiz-adasi-korsika\/#primaryimage\"},\"thumbnailUrl\":\"https:\/\/julesverne.com.tr\/wp-content\/uploads\/2020\/06\/home-news-image-01.jpg\",\"datePublished\":\"2018-03-27T11:56:21+00:00\",\"dateModified\":\"2021-03-04T12:20:11+00:00\",\"breadcrumb\":{\"@id\":\"https:\/\/julesverne.com.tr\/travel-blog\/akdenizde-sizi-gerceklikten-uzaklastiran-fransiz-adasi-korsika\/#breadcrumb\"},\"inLanguage\":\"en-US\",\"potentialAction\":[{\"@type\":\"ReadAction\",\"target\":[\"https:\/\/julesverne.com.tr\/travel-blog\/akdenizde-sizi-gerceklikten-uzaklastiran-fransiz-adasi-korsika\/\"]}]},{\"@type\":\"ImageObject\",\"inLanguage\":\"en-US\",\"@id\":\"https:\/\/julesverne.com.tr\/travel-blog\/akdenizde-sizi-gerceklikten-uzaklastiran-fransiz-adasi-korsika\/#primaryimage\",\"url\":\"https:\/\/julesverne.com.tr\/wp-content\/uploads\/2020\/06\/home-news-image-01.jpg\",\"contentUrl\":\"https:\/\/julesverne.com.tr\/wp-content\/uploads\/2020\/06\/home-news-image-01.jpg\",\"width\":520,\"height\":333},{\"@type\":\"BreadcrumbList\",\"@id\":\"https:\/\/julesverne.com.tr\/travel-blog\/akdenizde-sizi-gerceklikten-uzaklastiran-fransiz-adasi-korsika\/#breadcrumb\",\"itemListElement\":[{\"@type\":\"ListItem\",\"position\":1,\"name\":\"Anasayfa\",\"item\":\"https:\/\/julesverne.com.tr\/\"},{\"@type\":\"ListItem\",\"position\":2,\"name\":\"Akdeniz&#8217;de Sizi Ger\u00e7eklikten Uzakla\u015ft\u0131ran Frans\u0131z Adas\u0131: Korsika\"}]},{\"@type\":\"WebSite\",\"@id\":\"https:\/\/julesverne.com.tr\/#website\",\"url\":\"https:\/\/julesverne.com.tr\/\",\"name\":\"JULES VERNE BUSINESS MICE TRAVEL\",\"description\":\"\",\"publisher\":{\"@id\":\"https:\/\/julesverne.com.tr\/#organization\"},\"potentialAction\":[{\"@type\":\"SearchAction\",\"target\":{\"@type\":\"EntryPoint\",\"urlTemplate\":\"https:\/\/julesverne.com.tr\/?s={search_term_string}\"},\"query-input\":\"required name=search_term_string\"}],\"inLanguage\":\"en-US\"},{\"@type\":\"Organization\",\"@id\":\"https:\/\/julesverne.com.tr\/#organization\",\"name\":\"JULES VERNE BUSINESS MICE TRAVEL\",\"url\":\"https:\/\/julesverne.com.tr\/\",\"logo\":{\"@type\":\"ImageObject\",\"inLanguage\":\"en-US\",\"@id\":\"https:\/\/julesverne.com.tr\/#\/schema\/logo\/image\/\",\"url\":\"https:\/\/julesverne.com.tr\/wp-content\/uploads\/2020\/09\/jv-bmt-logo.png\",\"contentUrl\":\"https:\/\/julesverne.com.tr\/wp-content\/uploads\/2020\/09\/jv-bmt-logo.png\",\"width\":110,\"height\":81,\"caption\":\"JULES VERNE BUSINESS MICE TRAVEL\"},\"image\":{\"@id\":\"https:\/\/julesverne.com.tr\/#\/schema\/logo\/image\/\"},\"sameAs\":[\"https:\/\/www.facebook.com\/JulesVerneBusinessMiceTravel\/\",\"https:\/\/twitter.com\/JV_BusinessMice\",\"https:\/\/www.instagram.com\/julesvernebusinessmicetravel\/\",\"https:\/\/www.linkedin.com\/company\/julesvernebusinessmicetravel\/\",\"https:\/\/www.youtube.com\/channel\/UCAwdsmbZ6tFhu1tea6pkpiw\"]},{\"@type\":\"Person\",\"@id\":\"https:\/\/julesverne.com.tr\/#\/schema\/person\/f4eb0514ae455538644c31b99a466fdb\",\"name\":\"fikirman\",\"sameAs\":[\"http:\/\/advermedya.net\/julesverne\"],\"url\":\"https:\/\/julesverne.com.tr\/en\/author\/fikirman\/\"}]}<\/script>\n<!-- \/ Yoast SEO plugin. -->","yoast_head_json":{"title":"Akdeniz'de Sizi Ger\u00e7eklikten Uzakla\u015ft\u0131ran Frans\u0131z Adas\u0131: Korsika - JULES VERNE BUSINESS MICE TRAVEL","robots":{"index":"index","follow":"follow","max-snippet":"max-snippet:-1","max-image-preview":"max-image-preview:large","max-video-preview":"max-video-preview:-1"},"canonical":"https:\/\/julesverne.com.tr\/travel-blog\/akdenizde-sizi-gerceklikten-uzaklastiran-fransiz-adasi-korsika\/","og_locale":"en_US","og_type":"article","og_title":"Akdeniz'de Sizi Ger\u00e7eklikten Uzakla\u015ft\u0131ran Frans\u0131z Adas\u0131: Korsika - JULES VERNE BUSINESS MICE TRAVEL","og_description":"Korsika Avrupa&rsquo;n\u0131n en iyi da\u011f y&uuml;r&uuml;y&uuml;\u015f&uuml; rotalar\u0131 aras\u0131nda yer alan parkurlar\u0131, da\u011f k&ouml;ylerindeki geni\u015f arazilere konu\u015flanm\u0131\u015f, orkidelerle ve zeytin a\u011fa&ccedil;lar\u0131yla &ccedil;evrili l&uuml;ks butik otelleri, g&ouml;steri\u015fli sahil kasabalar\u0131na ve 200 inan\u0131lmaz kumsal\u0131na yelken a&ccedil;an katamaran ve yelken programlar\u0131 ile Akdeniz&rsquo;in en g&ouml;zde adresi... En ideal rota olarak tan\u0131mlanan Bat\u0131 sahilleri Bastia, St. Florent, Calvi, Ajaccio ve La Maddelena (Sardinya), hem denizden hem de k\u0131y\u0131dan limitsiz se&ccedil;enek sunuyor...","og_url":"https:\/\/julesverne.com.tr\/travel-blog\/akdenizde-sizi-gerceklikten-uzaklastiran-fransiz-adasi-korsika\/","og_site_name":"JULES VERNE BUSINESS MICE TRAVEL","article_publisher":"https:\/\/www.facebook.com\/JulesVerneBusinessMiceTravel\/","article_published_time":"2018-03-27T11:56:21+00:00","article_modified_time":"2021-03-04T12:20:11+00:00","og_image":[{"width":520,"height":333,"url":"https:\/\/julesverne.com.tr\/wp-content\/uploads\/2020\/06\/home-news-image-01.jpg","type":"image\/jpeg"}],"author":"fikirman","twitter_card":"summary_large_image","twitter_creator":"@JV_BusinessMice","twitter_site":"@JV_BusinessMice","twitter_misc":{"Written by":"fikirman","Est. reading time":"3 minutes"},"schema":{"@context":"https:\/\/schema.org","@graph":[{"@type":"Article","@id":"https:\/\/julesverne.com.tr\/travel-blog\/akdenizde-sizi-gerceklikten-uzaklastiran-fransiz-adasi-korsika\/#article","isPartOf":{"@id":"https:\/\/julesverne.com.tr\/travel-blog\/akdenizde-sizi-gerceklikten-uzaklastiran-fransiz-adasi-korsika\/"},"author":{"name":"fikirman","@id":"https:\/\/julesverne.com.tr\/#\/schema\/person\/f4eb0514ae455538644c31b99a466fdb"},"headline":"Akdeniz&#8217;de Sizi Ger\u00e7eklikten Uzakla\u015ft\u0131ran Frans\u0131z Adas\u0131: Korsika","datePublished":"2018-03-27T11:56:21+00:00","dateModified":"2021-03-04T12:20:11+00:00","mainEntityOfPage":{"@id":"https:\/\/julesverne.com.tr\/travel-blog\/akdenizde-sizi-gerceklikten-uzaklastiran-fransiz-adasi-korsika\/"},"wordCount":661,"publisher":{"@id":"https:\/\/julesverne.com.tr\/#organization"},"image":{"@id":"https:\/\/julesverne.com.tr\/travel-blog\/akdenizde-sizi-gerceklikten-uzaklastiran-fransiz-adasi-korsika\/#primaryimage"},"thumbnailUrl":"https:\/\/julesverne.com.tr\/wp-content\/uploads\/2020\/06\/home-news-image-01.jpg","articleSection":["\u0130lham Veren Destinasyonlar","Blog","Nereye Gitsek?"],"inLanguage":"en-US"},{"@type":"WebPage","@id":"https:\/\/julesverne.com.tr\/travel-blog\/akdenizde-sizi-gerceklikten-uzaklastiran-fransiz-adasi-korsika\/","url":"https:\/\/julesverne.com.tr\/travel-blog\/akdenizde-sizi-gerceklikten-uzaklastiran-fransiz-adasi-korsika\/","name":"Akdeniz'de Sizi Ger\u00e7eklikten Uzakla\u015ft\u0131ran Frans\u0131z Adas\u0131: Korsika - JULES VERNE BUSINESS MICE TRAVEL","isPartOf":{"@id":"https:\/\/julesverne.com.tr\/#website"},"primaryImageOfPage":{"@id":"https:\/\/julesverne.com.tr\/travel-blog\/akdenizde-sizi-gerceklikten-uzaklastiran-fransiz-adasi-korsika\/#primaryimage"},"image":{"@id":"https:\/\/julesverne.com.tr\/travel-blog\/akdenizde-sizi-gerceklikten-uzaklastiran-fransiz-adasi-korsika\/#primaryimage"},"thumbnailUrl":"https:\/\/julesverne.com.tr\/wp-content\/uploads\/2020\/06\/home-news-image-01.jpg","datePublished":"2018-03-27T11:56:21+00:00","dateModified":"2021-03-04T12:20:11+00:00","breadcrumb":{"@id":"https:\/\/julesverne.com.tr\/travel-blog\/akdenizde-sizi-gerceklikten-uzaklastiran-fransiz-adasi-korsika\/#breadcrumb"},"inLanguage":"en-US","potentialAction":[{"@type":"ReadAction","target":["https:\/\/julesverne.com.tr\/travel-blog\/akdenizde-sizi-gerceklikten-uzaklastiran-fransiz-adasi-korsika\/"]}]},{"@type":"ImageObject","inLanguage":"en-US","@id":"https:\/\/julesverne.com.tr\/travel-blog\/akdenizde-sizi-gerceklikten-uzaklastiran-fransiz-adasi-korsika\/#primaryimage","url":"https:\/\/julesverne.com.tr\/wp-content\/uploads\/2020\/06\/home-news-image-01.jpg","contentUrl":"https:\/\/julesverne.com.tr\/wp-content\/uploads\/2020\/06\/home-news-image-01.jpg","width":520,"height":333},{"@type":"BreadcrumbList","@id":"https:\/\/julesverne.com.tr\/travel-blog\/akdenizde-sizi-gerceklikten-uzaklastiran-fransiz-adasi-korsika\/#breadcrumb","itemListElement":[{"@type":"ListItem","position":1,"name":"Anasayfa","item":"https:\/\/julesverne.com.tr\/"},{"@type":"ListItem","position":2,"name":"Akdeniz&#8217;de Sizi Ger\u00e7eklikten Uzakla\u015ft\u0131ran Frans\u0131z Adas\u0131: Korsika"}]},{"@type":"WebSite","@id":"https:\/\/julesverne.com.tr\/#website","url":"https:\/\/julesverne.com.tr\/","name":"JULES VERNE BUSINESS MICE TRAVEL","description":"","publisher":{"@id":"https:\/\/julesverne.com.tr\/#organization"},"potentialAction":[{"@type":"SearchAction","target":{"@type":"EntryPoint","urlTemplate":"https:\/\/julesverne.com.tr\/?s={search_term_string}"},"query-input":"required name=search_term_string"}],"inLanguage":"en-US"},{"@type":"Organization","@id":"https:\/\/julesverne.com.tr\/#organization","name":"JULES VERNE BUSINESS MICE TRAVEL","url":"https:\/\/julesverne.com.tr\/","logo":{"@type":"ImageObject","inLanguage":"en-US","@id":"https:\/\/julesverne.com.tr\/#\/schema\/logo\/image\/","url":"https:\/\/julesverne.com.tr\/wp-content\/uploads\/2020\/09\/jv-bmt-logo.png","contentUrl":"https:\/\/julesverne.com.tr\/wp-content\/uploads\/2020\/09\/jv-bmt-logo.png","width":110,"height":81,"caption":"JULES VERNE BUSINESS MICE TRAVEL"},"image":{"@id":"https:\/\/julesverne.com.tr\/#\/schema\/logo\/image\/"},"sameAs":["https:\/\/www.facebook.com\/JulesVerneBusinessMiceTravel\/","https:\/\/twitter.com\/JV_BusinessMice","https:\/\/www.instagram.com\/julesvernebusinessmicetravel\/","https:\/\/www.linkedin.com\/company\/julesvernebusinessmicetravel\/","https:\/\/www.youtube.com\/channel\/UCAwdsmbZ6tFhu1tea6pkpiw"]},{"@type":"Person","@id":"https:\/\/julesverne.com.tr\/#\/schema\/person\/f4eb0514ae455538644c31b99a466fdb","name":"fikirman","sameAs":["http:\/\/advermedya.net\/julesverne"],"url":"https:\/\/julesverne.com.tr\/en\/author\/fikirman\/"}]}},"_links":{"self":[{"href":"https:\/\/julesverne.com.tr\/en\/wp-json\/wp\/v2\/posts\/1897"}],"collection":[{"href":"https:\/\/julesverne.com.tr\/en\/wp-json\/wp\/v2\/posts"}],"about":[{"href":"https:\/\/julesverne.com.tr\/en\/wp-json\/wp\/v2\/types\/post"}],"author":[{"embeddable":true,"href":"https:\/\/julesverne.com.tr\/en\/wp-json\/wp\/v2\/users\/1"}],"replies":[{"embeddable":true,"href":"https:\/\/julesverne.com.tr\/en\/wp-json\/wp\/v2\/comments?post=1897"}],"version-history":[{"count":0,"href":"https:\/\/julesverne.com.tr\/en\/wp-json\/wp\/v2\/posts\/1897\/revisions"}],"wp:featuredmedia":[{"embeddable":true,"href":"https:\/\/julesverne.com.tr\/en\/wp-json\/wp\/v2\/media\/106"}],"wp:attachment":[{"href":"https:\/\/julesverne.com.tr\/en\/wp-json\/wp\/v2\/media?parent=1897"}],"wp:term":[{"taxonomy":"category","embeddable":true,"href":"https:\/\/julesverne.com.tr\/en\/wp-json\/wp\/v2\/categories?post=1897"},{"taxonomy":"post_tag","embeddable":true,"href":"https:\/\/julesverne.com.tr\/en\/wp-json\/wp\/v2\/tags?post=1897"}],"curies":[{"name":"wp","href":"https:\/\/api.w.org\/{rel}","templated":true}]}}