{"id":1895,"date":"2018-03-21T13:14:01","date_gmt":"2018-03-21T10:14:01","guid":{"rendered":"https:\/\/www.julesverne.com.tr\/\/blog\/korfu-baharda-bir-baska-guzel\/"},"modified":"2021-03-04T15:20:18","modified_gmt":"2021-03-04T12:20:18","slug":"korfu-baharda-bir-baska-guzel","status":"publish","type":"post","link":"https:\/\/julesverne.com.tr\/en\/travel-blog\/korfu-baharda-bir-baska-guzel\/","title":{"rendered":"Korfu Baharda Bir Ba\u015fka G\u00fczel&#8230;"},"content":{"rendered":"<p><p style=\"text-align: center;\"><img loading=\"lazy\" decoding=\"async\" class=\"alignnone size-full wp-image-4900\" src=\"https:\/\/www.julesverne.com.tr\/\/wp-content\/uploads\/2020\/09\/corfu_deniz.jpg\" width=\"1000\" height=\"636\" alt=\"\" srcset=\"https:\/\/julesverne.com.tr\/wp-content\/uploads\/2020\/09\/corfu_deniz.jpg 1000w, https:\/\/julesverne.com.tr\/wp-content\/uploads\/2020\/09\/corfu_deniz-500x318.jpg 500w, https:\/\/julesverne.com.tr\/wp-content\/uploads\/2020\/09\/corfu_deniz-768x488.jpg 768w\" sizes=\"(max-width: 1000px) 100vw, 1000px\" \/><\/p>\n<p>Yunan Adalar\u0131&#8217;n\u0131n belki de en ye\u015fili Korfu Adas\u0131 \u0130yon denizinde, en kuzeydeki mavi-ye\u015fil hazinesi. Bereketli ya\u011fmurlar\u0131 sayesinde g&ouml;\u011fe y&uuml;kselecek gibi duran a\u011fa&ccedil;lar\u0131 adada her uygun toprak par&ccedil;as\u0131ndan f\u0131\u015fk\u0131r\u0131rcas\u0131na y&uuml;kseliyor. Hen&uuml;z turistler sezonla birlikte aday\u0131 kontrol alt\u0131na almam\u0131\u015fken bahar\u0131n tazeli\u011finde, Paskalya Kutlamalar\u0131 ile renkli g&ouml;r&uuml;nt&uuml;lere ve geleneklere sahne olan Korfu kesinlikle ke\u015ffe de\u011fer&#8230;<\/p>\n<p style=\"text-align: left;\"><img loading=\"lazy\" decoding=\"async\" class=\"alignnone size-full wp-image-4901\" src=\"https:\/\/www.julesverne.com.tr\/\/wp-content\/uploads\/2020\/09\/corfu_town.jpg\" width=\"1000\" height=\"668\" alt=\"\" srcset=\"https:\/\/julesverne.com.tr\/wp-content\/uploads\/2020\/09\/corfu_town.jpg 1000w, https:\/\/julesverne.com.tr\/wp-content\/uploads\/2020\/09\/corfu_town-500x334.jpg 500w, https:\/\/julesverne.com.tr\/wp-content\/uploads\/2020\/09\/corfu_town-768x513.jpg 768w\" sizes=\"(max-width: 1000px) 100vw, 1000px\" \/>2007 senesinden beri <strong>UNESCO D&uuml;nya Miras\u0131 Listesi&#8217;nde<\/strong> olan <strong>Korfu<\/strong>&rsquo;nun turistik \u015fehir merkezi, kumkat kokular\u0131yla&nbsp; kar\u015f\u0131lar ziyaret&ccedil;ilerini.&nbsp; Korfu&rsquo;ya gitmek demek, heyecan verici, maceraperest bir romana ad\u0131m atmak demektir. Korfu sizi nas\u0131l ba\u015ftan &ccedil;\u0131karaca\u011f\u0131n\u0131 bilir: \u015earap, g&uuml;n bat\u0131mlar\u0131 ve denizden daha mavi g&ouml;ky&uuml;z&uuml;yle. Ve as\u0131l vuru\u015fu kendine has lezzetleriyle yapar: \u0130pek yolunun deniz rotalar\u0131na ge&ccedil;it veren konumuyla Korfu, &uuml;zerinden ge&ccedil;en her &uuml;r&uuml;ne ve egzotik meyveye gastronomik bir merakla yakla\u015fm\u0131\u015ft\u0131r.&nbsp;<\/p>\n<p style=\"text-align: left;\"><img loading=\"lazy\" decoding=\"async\" class=\"alignnone size-full wp-image-4902\" src=\"https:\/\/www.julesverne.com.tr\/\/wp-content\/uploads\/2020\/09\/corfu2.jpg\" width=\"1000\" height=\"621\" alt=\"\" srcset=\"https:\/\/julesverne.com.tr\/wp-content\/uploads\/2020\/09\/corfu2.jpg 1000w, https:\/\/julesverne.com.tr\/wp-content\/uploads\/2020\/09\/corfu2-500x311.jpg 500w, https:\/\/julesverne.com.tr\/wp-content\/uploads\/2020\/09\/corfu2-768x477.jpg 768w\" sizes=\"(max-width: 1000px) 100vw, 1000px\" \/><br \/>Ipsos&rsquo;un yukar\u0131 tepelerine konu\u015flanm\u0131\u015f d&uuml;nya g&uuml;zeli Aghios Markos size kollar\u0131n\u0131 a&ccedil;ar. Zeytinlikler ve badem a\u011fa&ccedil;lar\u0131 boyunca doyumsuz bir manzara, k\u0131rm\u0131z\u0131 kiremitli k&ouml;y evlerinin &uuml;zerinden g&ouml;z k\u0131rpar.<strong> Aghios Markos<\/strong>, turizme imtiyaz vermemi\u015f bir direni\u015f kalesi, \u0130yon Denizinin z&uuml;mr&uuml;t ye\u015filine d&ouml;nd&uuml;\u011f&uuml; yerdir. Bu b&ouml;lgedeki hi&ccedil;bir zeytin a\u011fac\u0131 bir y&uuml;zy\u0131ldan daha gen&ccedil; de\u011fildir. Korfu&rsquo;nun &ccedil;at\u0131s\u0131 <strong>Pantokrator Da\u011f\u0131<\/strong> etkileyici <strong>Perithia<\/strong> antik \u015fehrinin kal\u0131nt\u0131lar\u0131n\u0131 bar\u0131nd\u0131r\u0131r. Bahar\u0131n habercisi k\u0131rlang\u0131&ccedil; ve kelebeklerin g&ouml;ky&uuml;z&uuml; kapatt\u0131\u011f\u0131 bu tepelere yol ald\u0131k&ccedil;a, yerle\u015fim azal\u0131r, insanlar da &ouml;yle. Adan\u0131n g&uuml;ney a&ccedil;\u0131klar\u0131na konu\u015flanm\u0131\u015f huzurlu <strong>Paxoi<\/strong>, mavi ma\u011faralar\u0131 ve da\u011f k&ouml;ylerine keyifli y&uuml;r&uuml;y&uuml;\u015f parkurlar\u0131yla &ouml;zellikle yat tutkunlar\u0131n\u0131n u\u011frak adas\u0131d\u0131r.&nbsp;<img loading=\"lazy\" decoding=\"async\" class=\"alignnone size-full wp-image-4903\" src=\"https:\/\/www.julesverne.com.tr\/\/wp-content\/uploads\/2020\/09\/corfu5.jpg\" width=\"1000\" height=\"667\" alt=\"\" srcset=\"https:\/\/julesverne.com.tr\/wp-content\/uploads\/2020\/09\/corfu5.jpg 1000w, https:\/\/julesverne.com.tr\/wp-content\/uploads\/2020\/09\/corfu5-500x334.jpg 500w, https:\/\/julesverne.com.tr\/wp-content\/uploads\/2020\/09\/corfu5-768x512.jpg 768w\" sizes=\"(max-width: 1000px) 100vw, 1000px\" \/>\u015earap ve zeytinya\u011f\u0131 denince akl\u0131m\u0131za hemen, James Bond&rsquo;un da vazge&ccedil;ilmezi<strong> Theotoky \u015faraplar\u0131yla<\/strong> bilinen Korfu&rsquo;nun en k&ouml;kl&uuml; ailesi gelir.&nbsp; Jet-set&rsquo;in u\u011frak golf merkezlerinden biri olan Ropa Vadisi&rsquo;nde yer alan bu &ldquo;antik&rdquo; topraklar, y&uuml;zy\u0131llard\u0131r en iyi \u015farap ve zeytinya\u011f\u0131n\u0131n &uuml;retildi\u011fi b&ouml;lgedir. Adriyatik&rsquo;in di\u011fer yakas\u0131ndan g&ouml;z k\u0131rpan \u0130talyan aromalar\u0131, sar\u0131msa\u011f\u0131 ve domatesi Yunanlar\u0131n mutfa\u011f\u0131na sokmu\u015ftur. K\u0131s\u0131k ate\u015fte \u015farapla pi\u015fen sofrito&rsquo; ve \u0130skorpit bu\u011fulamas\u0131 bourdeto, damak &ccedil;atlatan lezzetlerdir.&nbsp;<img loading=\"lazy\" decoding=\"async\" class=\"alignnone size-full wp-image-4904\" src=\"https:\/\/www.julesverne.com.tr\/\/wp-content\/uploads\/2020\/09\/corfu6.jpg\" width=\"1000\" height=\"650\" alt=\"\" srcset=\"https:\/\/julesverne.com.tr\/wp-content\/uploads\/2020\/09\/corfu6.jpg 1000w, https:\/\/julesverne.com.tr\/wp-content\/uploads\/2020\/09\/corfu6-500x325.jpg 500w, https:\/\/julesverne.com.tr\/wp-content\/uploads\/2020\/09\/corfu6-768x499.jpg 768w\" sizes=\"(max-width: 1000px) 100vw, 1000px\" \/>Turistik olarak mimlenen Korfu&rsquo;nun sadece kendine saklad\u0131\u011f\u0131 g&uuml;zelliklerini sergiledi\u011fi, ye\u015filinin \u015fa\u015f\u0131rtt\u0131\u011f\u0131, &ccedil;i&ccedil;ek kokular\u0131n\u0131n ba\u015f d&ouml;nd&uuml;rd&uuml;\u011f&uuml;, bin y\u0131ll\u0131k geleneklerin e\u015fi benzeri olmayan kutlamalarla festivale d&ouml;nd&uuml;\u011f&uuml; bir ada oluverir: <strong>Bahar\u0131n m&uuml;jdecisi Paskalya<\/strong>, 10 g&uuml;n s&uuml;recek \u015fenlikler i&ccedil;in elinde k\u0131rm\u0131za boyanm\u0131\u015f yumurtalar\u0131yla kap\u0131y\u0131 &ccedil;alar&hellip; Kulland\u0131\u011f\u0131 Julyen takvimiyle Avrupa&rsquo;n\u0131n Gregoryen versiyonuna bir hafta arayla fark atan Ortodoks kilisesi, b&ouml;ylece Paskalya&rsquo;y\u0131 y\u0131l\u0131n en g&uuml;zel zaman\u0131 kutlam\u0131\u015f olur.&nbsp;<img loading=\"lazy\" decoding=\"async\" class=\"alignnone size-full wp-image-4905\" src=\"https:\/\/www.julesverne.com.tr\/\/wp-content\/uploads\/2020\/09\/corfu4.jpg\" width=\"1000\" height=\"667\" alt=\"\" srcset=\"https:\/\/julesverne.com.tr\/wp-content\/uploads\/2020\/09\/corfu4.jpg 1000w, https:\/\/julesverne.com.tr\/wp-content\/uploads\/2020\/09\/corfu4-500x334.jpg 500w, https:\/\/julesverne.com.tr\/wp-content\/uploads\/2020\/09\/corfu4-768x512.jpg 768w\" sizes=\"(max-width: 1000px) 100vw, 1000px\" \/>Korfu&rsquo;nun Paskalya kutlamalar\u0131 ba\u015fka hi&ccedil; bir Yunan co\u011frafyas\u0131ndakine benzemez. Korfu&rsquo;da Paskalya&rsquo;dan daha &ouml;nemli, daha spirit&uuml;el ba\u015fka bir rit&uuml;el yoktur. &ldquo;Hay\u0131rl\u0131 Cuma&rdquo; n\u0131n kitabeleri &ouml;n plana &ccedil;\u0131karan dini ayinleriyle ba\u015flayan Paskalya yortusu, &ldquo;Paskalya Pazar\u0131na&rdquo; kadar yerini Ortodoks-Katolik kilisesi \u015fenliklerine, operaya ve sokak partileriyle bahar\u0131n ritmine b\u0131rak\u0131r.&nbsp;<img loading=\"lazy\" decoding=\"async\" class=\"alignnone size-full wp-image-4906\" src=\"https:\/\/www.julesverne.com.tr\/\/wp-content\/uploads\/2020\/09\/corfu3.jpg\" width=\"1000\" height=\"667\" alt=\"\" srcset=\"https:\/\/julesverne.com.tr\/wp-content\/uploads\/2020\/09\/corfu3.jpg 1000w, https:\/\/julesverne.com.tr\/wp-content\/uploads\/2020\/09\/corfu3-500x334.jpg 500w, https:\/\/julesverne.com.tr\/wp-content\/uploads\/2020\/09\/corfu3-768x512.jpg 768w\" sizes=\"(max-width: 1000px) 100vw, 1000px\" \/><\/p>\n<p><strong>Korfu&rsquo;da Neler Yap\u0131lmal\u0131?<\/strong><\/p>\n<ul>\n<li>\u0130yon Denizin &ldquo;ayakucu&rdquo; Zakinthos&rsquo;a kadar yelken a&ccedil;mal\u0131<\/li>\n<li>&ldquo;\u015eehre yak\u0131n&rdquo; bir o kadar uzakta kalmal\u0131: Corfu Imperial Hotel<\/li>\n<li>Zeytinya\u011f\u0131 almal\u0131<\/li>\n<li>Akdeniz-Ege sentezi mutfaklar\u0131 tad\u0131lmal\u0131<\/li>\n<li>Korfu&rsquo;nun \u015fehir merkezinde turist olmal\u0131<\/li>\n<li>\u0130kona zengini Bizans M&uuml;zesi gezilmeli<\/li>\n<\/ul>\n<p>&nbsp;<\/p>\n<p style=\"text-align: center;\"><strong>Size &ouml;zel seyahat program\u0131&nbsp;&nbsp;ve&nbsp;detayl\u0131 bilgi i&ccedil;in:<\/strong><br \/><a href=\"mailto:travel@julesverne.com.tr\" target=\"_blank\" rel=\"noopener noreferrer\"><strong>travel@julesverne.com.tr<\/strong><\/a><br \/><strong>0212 266 6363 &#8211; 132<\/strong><\/p><\/p>\n","protected":false},"excerpt":{"rendered":"<p>Korfu&rsquo;nun sadece kendine saklad\u0131\u011f\u0131 g&uuml;zelliklerini sergiledi\u011fi, ye\u015filinin \u015fa\u015f\u0131rtt\u0131\u011f\u0131, &ccedil;i&ccedil;ek kokular\u0131n\u0131n ba\u015f d&ouml;nd&uuml;rd&uuml;\u011f&uuml;, bin y\u0131ll\u0131k geleneklerin e\u015fi benzeri olmayan kutlamalarla festivale d&ouml;nd&uuml;\u011f&uuml; Paskalya zaman\u0131,&nbsp;Korfu&#8217;da do\u011fay\u0131, lezzeti, tarihi ve bahar\u0131n renklerini ke\u015ffetmeye ne dersiniz?<\/p>\n","protected":false},"author":1,"featured_media":1896,"comment_status":"closed","ping_status":"closed","sticky":false,"template":"","format":"standard","meta":{"inline_featured_image":false,"footnotes":""},"categories":[38,1,39],"tags":[],"acf":[],"yoast_head":"<!-- This site is optimized with the Yoast SEO plugin v22.3 - https:\/\/yoast.com\/wordpress\/plugins\/seo\/ -->\n<title>Korfu Baharda Bir Ba\u015fka G\u00fczel... - JULES VERNE BUSINESS MICE TRAVEL<\/title>\n<meta name=\"robots\" content=\"index, follow, max-snippet:-1, max-image-preview:large, max-video-preview:-1\" \/>\n<link rel=\"canonical\" href=\"https:\/\/julesverne.com.tr\/travel-blog\/korfu-baharda-bir-baska-guzel\/\" \/>\n<meta property=\"og:locale\" content=\"en_US\" \/>\n<meta property=\"og:type\" content=\"article\" \/>\n<meta property=\"og:title\" content=\"Korfu Baharda Bir Ba\u015fka G\u00fczel... - JULES VERNE BUSINESS MICE TRAVEL\" \/>\n<meta property=\"og:description\" content=\"Korfu&rsquo;nun sadece kendine saklad\u0131\u011f\u0131 g&uuml;zelliklerini sergiledi\u011fi, ye\u015filinin \u015fa\u015f\u0131rtt\u0131\u011f\u0131, &ccedil;i&ccedil;ek kokular\u0131n\u0131n ba\u015f d&ouml;nd&uuml;rd&uuml;\u011f&uuml;, bin y\u0131ll\u0131k geleneklerin e\u015fi benzeri olmayan kutlamalarla festivale d&ouml;nd&uuml;\u011f&uuml; Paskalya zaman\u0131,&nbsp;Korfu&#039;da do\u011fay\u0131, lezzeti, tarihi ve bahar\u0131n renklerini ke\u015ffetmeye ne dersiniz?\" \/>\n<meta property=\"og:url\" content=\"https:\/\/julesverne.com.tr\/travel-blog\/korfu-baharda-bir-baska-guzel\/\" \/>\n<meta property=\"og:site_name\" content=\"JULES VERNE BUSINESS MICE TRAVEL\" \/>\n<meta property=\"article:publisher\" content=\"https:\/\/www.facebook.com\/JulesVerneBusinessMiceTravel\/\" \/>\n<meta property=\"article:published_time\" content=\"2018-03-21T10:14:01+00:00\" \/>\n<meta property=\"article:modified_time\" content=\"2021-03-04T12:20:18+00:00\" \/>\n<meta property=\"og:image\" content=\"https:\/\/julesverne.com.tr\/wp-content\/uploads\/2020\/09\/corfu.jpg\" \/>\n\t<meta property=\"og:image:width\" content=\"1000\" \/>\n\t<meta property=\"og:image:height\" content=\"615\" \/>\n\t<meta property=\"og:image:type\" content=\"image\/jpeg\" \/>\n<meta name=\"author\" content=\"fikirman\" \/>\n<meta name=\"twitter:card\" content=\"summary_large_image\" \/>\n<meta name=\"twitter:creator\" content=\"@JV_BusinessMice\" \/>\n<meta name=\"twitter:site\" content=\"@JV_BusinessMice\" \/>\n<meta name=\"twitter:label1\" content=\"Written by\" \/>\n\t<meta name=\"twitter:data1\" content=\"fikirman\" \/>\n\t<meta name=\"twitter:label2\" content=\"Est. reading time\" \/>\n\t<meta name=\"twitter:data2\" content=\"4 minutes\" \/>\n<script type=\"application\/ld+json\" class=\"yoast-schema-graph\">{\"@context\":\"https:\/\/schema.org\",\"@graph\":[{\"@type\":\"Article\",\"@id\":\"https:\/\/julesverne.com.tr\/travel-blog\/korfu-baharda-bir-baska-guzel\/#article\",\"isPartOf\":{\"@id\":\"https:\/\/julesverne.com.tr\/travel-blog\/korfu-baharda-bir-baska-guzel\/\"},\"author\":{\"name\":\"fikirman\",\"@id\":\"https:\/\/julesverne.com.tr\/#\/schema\/person\/f4eb0514ae455538644c31b99a466fdb\"},\"headline\":\"Korfu Baharda Bir Ba\u015fka G\u00fczel&#8230;\",\"datePublished\":\"2018-03-21T10:14:01+00:00\",\"dateModified\":\"2021-03-04T12:20:18+00:00\",\"mainEntityOfPage\":{\"@id\":\"https:\/\/julesverne.com.tr\/travel-blog\/korfu-baharda-bir-baska-guzel\/\"},\"wordCount\":757,\"publisher\":{\"@id\":\"https:\/\/julesverne.com.tr\/#organization\"},\"image\":{\"@id\":\"https:\/\/julesverne.com.tr\/travel-blog\/korfu-baharda-bir-baska-guzel\/#primaryimage\"},\"thumbnailUrl\":\"https:\/\/julesverne.com.tr\/wp-content\/uploads\/2020\/09\/corfu.jpg\",\"articleSection\":[\"\u0130lham Veren Destinasyonlar\",\"Blog\",\"Nereye Gitsek?\"],\"inLanguage\":\"en-US\"},{\"@type\":\"WebPage\",\"@id\":\"https:\/\/julesverne.com.tr\/travel-blog\/korfu-baharda-bir-baska-guzel\/\",\"url\":\"https:\/\/julesverne.com.tr\/travel-blog\/korfu-baharda-bir-baska-guzel\/\",\"name\":\"Korfu Baharda Bir Ba\u015fka G\u00fczel... - JULES VERNE BUSINESS MICE TRAVEL\",\"isPartOf\":{\"@id\":\"https:\/\/julesverne.com.tr\/#website\"},\"primaryImageOfPage\":{\"@id\":\"https:\/\/julesverne.com.tr\/travel-blog\/korfu-baharda-bir-baska-guzel\/#primaryimage\"},\"image\":{\"@id\":\"https:\/\/julesverne.com.tr\/travel-blog\/korfu-baharda-bir-baska-guzel\/#primaryimage\"},\"thumbnailUrl\":\"https:\/\/julesverne.com.tr\/wp-content\/uploads\/2020\/09\/corfu.jpg\",\"datePublished\":\"2018-03-21T10:14:01+00:00\",\"dateModified\":\"2021-03-04T12:20:18+00:00\",\"breadcrumb\":{\"@id\":\"https:\/\/julesverne.com.tr\/travel-blog\/korfu-baharda-bir-baska-guzel\/#breadcrumb\"},\"inLanguage\":\"en-US\",\"potentialAction\":[{\"@type\":\"ReadAction\",\"target\":[\"https:\/\/julesverne.com.tr\/travel-blog\/korfu-baharda-bir-baska-guzel\/\"]}]},{\"@type\":\"ImageObject\",\"inLanguage\":\"en-US\",\"@id\":\"https:\/\/julesverne.com.tr\/travel-blog\/korfu-baharda-bir-baska-guzel\/#primaryimage\",\"url\":\"https:\/\/julesverne.com.tr\/wp-content\/uploads\/2020\/09\/corfu.jpg\",\"contentUrl\":\"https:\/\/julesverne.com.tr\/wp-content\/uploads\/2020\/09\/corfu.jpg\",\"width\":1000,\"height\":615},{\"@type\":\"BreadcrumbList\",\"@id\":\"https:\/\/julesverne.com.tr\/travel-blog\/korfu-baharda-bir-baska-guzel\/#breadcrumb\",\"itemListElement\":[{\"@type\":\"ListItem\",\"position\":1,\"name\":\"Anasayfa\",\"item\":\"https:\/\/julesverne.com.tr\/\"},{\"@type\":\"ListItem\",\"position\":2,\"name\":\"Korfu Baharda Bir Ba\u015fka G\u00fczel&#8230;\"}]},{\"@type\":\"WebSite\",\"@id\":\"https:\/\/julesverne.com.tr\/#website\",\"url\":\"https:\/\/julesverne.com.tr\/\",\"name\":\"JULES VERNE BUSINESS MICE TRAVEL\",\"description\":\"\",\"publisher\":{\"@id\":\"https:\/\/julesverne.com.tr\/#organization\"},\"potentialAction\":[{\"@type\":\"SearchAction\",\"target\":{\"@type\":\"EntryPoint\",\"urlTemplate\":\"https:\/\/julesverne.com.tr\/?s={search_term_string}\"},\"query-input\":\"required name=search_term_string\"}],\"inLanguage\":\"en-US\"},{\"@type\":\"Organization\",\"@id\":\"https:\/\/julesverne.com.tr\/#organization\",\"name\":\"JULES VERNE BUSINESS MICE TRAVEL\",\"url\":\"https:\/\/julesverne.com.tr\/\",\"logo\":{\"@type\":\"ImageObject\",\"inLanguage\":\"en-US\",\"@id\":\"https:\/\/julesverne.com.tr\/#\/schema\/logo\/image\/\",\"url\":\"https:\/\/julesverne.com.tr\/wp-content\/uploads\/2020\/09\/jv-bmt-logo.png\",\"contentUrl\":\"https:\/\/julesverne.com.tr\/wp-content\/uploads\/2020\/09\/jv-bmt-logo.png\",\"width\":110,\"height\":81,\"caption\":\"JULES VERNE BUSINESS MICE TRAVEL\"},\"image\":{\"@id\":\"https:\/\/julesverne.com.tr\/#\/schema\/logo\/image\/\"},\"sameAs\":[\"https:\/\/www.facebook.com\/JulesVerneBusinessMiceTravel\/\",\"https:\/\/twitter.com\/JV_BusinessMice\",\"https:\/\/www.instagram.com\/julesvernebusinessmicetravel\/\",\"https:\/\/www.linkedin.com\/company\/julesvernebusinessmicetravel\/\",\"https:\/\/www.youtube.com\/channel\/UCAwdsmbZ6tFhu1tea6pkpiw\"]},{\"@type\":\"Person\",\"@id\":\"https:\/\/julesverne.com.tr\/#\/schema\/person\/f4eb0514ae455538644c31b99a466fdb\",\"name\":\"fikirman\",\"sameAs\":[\"http:\/\/advermedya.net\/julesverne\"],\"url\":\"https:\/\/julesverne.com.tr\/en\/author\/fikirman\/\"}]}<\/script>\n<!-- \/ Yoast SEO plugin. -->","yoast_head_json":{"title":"Korfu Baharda Bir Ba\u015fka G\u00fczel... - JULES VERNE BUSINESS MICE TRAVEL","robots":{"index":"index","follow":"follow","max-snippet":"max-snippet:-1","max-image-preview":"max-image-preview:large","max-video-preview":"max-video-preview:-1"},"canonical":"https:\/\/julesverne.com.tr\/travel-blog\/korfu-baharda-bir-baska-guzel\/","og_locale":"en_US","og_type":"article","og_title":"Korfu Baharda Bir Ba\u015fka G\u00fczel... - JULES VERNE BUSINESS MICE TRAVEL","og_description":"Korfu&rsquo;nun sadece kendine saklad\u0131\u011f\u0131 g&uuml;zelliklerini sergiledi\u011fi, ye\u015filinin \u015fa\u015f\u0131rtt\u0131\u011f\u0131, &ccedil;i&ccedil;ek kokular\u0131n\u0131n ba\u015f d&ouml;nd&uuml;rd&uuml;\u011f&uuml;, bin y\u0131ll\u0131k geleneklerin e\u015fi benzeri olmayan kutlamalarla festivale d&ouml;nd&uuml;\u011f&uuml; Paskalya zaman\u0131,&nbsp;Korfu'da do\u011fay\u0131, lezzeti, tarihi ve bahar\u0131n renklerini ke\u015ffetmeye ne dersiniz?","og_url":"https:\/\/julesverne.com.tr\/travel-blog\/korfu-baharda-bir-baska-guzel\/","og_site_name":"JULES VERNE BUSINESS MICE TRAVEL","article_publisher":"https:\/\/www.facebook.com\/JulesVerneBusinessMiceTravel\/","article_published_time":"2018-03-21T10:14:01+00:00","article_modified_time":"2021-03-04T12:20:18+00:00","og_image":[{"width":1000,"height":615,"url":"https:\/\/julesverne.com.tr\/wp-content\/uploads\/2020\/09\/corfu.jpg","type":"image\/jpeg"}],"author":"fikirman","twitter_card":"summary_large_image","twitter_creator":"@JV_BusinessMice","twitter_site":"@JV_BusinessMice","twitter_misc":{"Written by":"fikirman","Est. reading time":"4 minutes"},"schema":{"@context":"https:\/\/schema.org","@graph":[{"@type":"Article","@id":"https:\/\/julesverne.com.tr\/travel-blog\/korfu-baharda-bir-baska-guzel\/#article","isPartOf":{"@id":"https:\/\/julesverne.com.tr\/travel-blog\/korfu-baharda-bir-baska-guzel\/"},"author":{"name":"fikirman","@id":"https:\/\/julesverne.com.tr\/#\/schema\/person\/f4eb0514ae455538644c31b99a466fdb"},"headline":"Korfu Baharda Bir Ba\u015fka G\u00fczel&#8230;","datePublished":"2018-03-21T10:14:01+00:00","dateModified":"2021-03-04T12:20:18+00:00","mainEntityOfPage":{"@id":"https:\/\/julesverne.com.tr\/travel-blog\/korfu-baharda-bir-baska-guzel\/"},"wordCount":757,"publisher":{"@id":"https:\/\/julesverne.com.tr\/#organization"},"image":{"@id":"https:\/\/julesverne.com.tr\/travel-blog\/korfu-baharda-bir-baska-guzel\/#primaryimage"},"thumbnailUrl":"https:\/\/julesverne.com.tr\/wp-content\/uploads\/2020\/09\/corfu.jpg","articleSection":["\u0130lham Veren Destinasyonlar","Blog","Nereye Gitsek?"],"inLanguage":"en-US"},{"@type":"WebPage","@id":"https:\/\/julesverne.com.tr\/travel-blog\/korfu-baharda-bir-baska-guzel\/","url":"https:\/\/julesverne.com.tr\/travel-blog\/korfu-baharda-bir-baska-guzel\/","name":"Korfu Baharda Bir Ba\u015fka G\u00fczel... - JULES VERNE BUSINESS MICE TRAVEL","isPartOf":{"@id":"https:\/\/julesverne.com.tr\/#website"},"primaryImageOfPage":{"@id":"https:\/\/julesverne.com.tr\/travel-blog\/korfu-baharda-bir-baska-guzel\/#primaryimage"},"image":{"@id":"https:\/\/julesverne.com.tr\/travel-blog\/korfu-baharda-bir-baska-guzel\/#primaryimage"},"thumbnailUrl":"https:\/\/julesverne.com.tr\/wp-content\/uploads\/2020\/09\/corfu.jpg","datePublished":"2018-03-21T10:14:01+00:00","dateModified":"2021-03-04T12:20:18+00:00","breadcrumb":{"@id":"https:\/\/julesverne.com.tr\/travel-blog\/korfu-baharda-bir-baska-guzel\/#breadcrumb"},"inLanguage":"en-US","potentialAction":[{"@type":"ReadAction","target":["https:\/\/julesverne.com.tr\/travel-blog\/korfu-baharda-bir-baska-guzel\/"]}]},{"@type":"ImageObject","inLanguage":"en-US","@id":"https:\/\/julesverne.com.tr\/travel-blog\/korfu-baharda-bir-baska-guzel\/#primaryimage","url":"https:\/\/julesverne.com.tr\/wp-content\/uploads\/2020\/09\/corfu.jpg","contentUrl":"https:\/\/julesverne.com.tr\/wp-content\/uploads\/2020\/09\/corfu.jpg","width":1000,"height":615},{"@type":"BreadcrumbList","@id":"https:\/\/julesverne.com.tr\/travel-blog\/korfu-baharda-bir-baska-guzel\/#breadcrumb","itemListElement":[{"@type":"ListItem","position":1,"name":"Anasayfa","item":"https:\/\/julesverne.com.tr\/"},{"@type":"ListItem","position":2,"name":"Korfu Baharda Bir Ba\u015fka G\u00fczel&#8230;"}]},{"@type":"WebSite","@id":"https:\/\/julesverne.com.tr\/#website","url":"https:\/\/julesverne.com.tr\/","name":"JULES VERNE BUSINESS MICE TRAVEL","description":"","publisher":{"@id":"https:\/\/julesverne.com.tr\/#organization"},"potentialAction":[{"@type":"SearchAction","target":{"@type":"EntryPoint","urlTemplate":"https:\/\/julesverne.com.tr\/?s={search_term_string}"},"query-input":"required name=search_term_string"}],"inLanguage":"en-US"},{"@type":"Organization","@id":"https:\/\/julesverne.com.tr\/#organization","name":"JULES VERNE BUSINESS MICE TRAVEL","url":"https:\/\/julesverne.com.tr\/","logo":{"@type":"ImageObject","inLanguage":"en-US","@id":"https:\/\/julesverne.com.tr\/#\/schema\/logo\/image\/","url":"https:\/\/julesverne.com.tr\/wp-content\/uploads\/2020\/09\/jv-bmt-logo.png","contentUrl":"https:\/\/julesverne.com.tr\/wp-content\/uploads\/2020\/09\/jv-bmt-logo.png","width":110,"height":81,"caption":"JULES VERNE BUSINESS MICE TRAVEL"},"image":{"@id":"https:\/\/julesverne.com.tr\/#\/schema\/logo\/image\/"},"sameAs":["https:\/\/www.facebook.com\/JulesVerneBusinessMiceTravel\/","https:\/\/twitter.com\/JV_BusinessMice","https:\/\/www.instagram.com\/julesvernebusinessmicetravel\/","https:\/\/www.linkedin.com\/company\/julesvernebusinessmicetravel\/","https:\/\/www.youtube.com\/channel\/UCAwdsmbZ6tFhu1tea6pkpiw"]},{"@type":"Person","@id":"https:\/\/julesverne.com.tr\/#\/schema\/person\/f4eb0514ae455538644c31b99a466fdb","name":"fikirman","sameAs":["http:\/\/advermedya.net\/julesverne"],"url":"https:\/\/julesverne.com.tr\/en\/author\/fikirman\/"}]}},"_links":{"self":[{"href":"https:\/\/julesverne.com.tr\/en\/wp-json\/wp\/v2\/posts\/1895"}],"collection":[{"href":"https:\/\/julesverne.com.tr\/en\/wp-json\/wp\/v2\/posts"}],"about":[{"href":"https:\/\/julesverne.com.tr\/en\/wp-json\/wp\/v2\/types\/post"}],"author":[{"embeddable":true,"href":"https:\/\/julesverne.com.tr\/en\/wp-json\/wp\/v2\/users\/1"}],"replies":[{"embeddable":true,"href":"https:\/\/julesverne.com.tr\/en\/wp-json\/wp\/v2\/comments?post=1895"}],"version-history":[{"count":0,"href":"https:\/\/julesverne.com.tr\/en\/wp-json\/wp\/v2\/posts\/1895\/revisions"}],"wp:featuredmedia":[{"embeddable":true,"href":"https:\/\/julesverne.com.tr\/en\/wp-json\/wp\/v2\/media\/1896"}],"wp:attachment":[{"href":"https:\/\/julesverne.com.tr\/en\/wp-json\/wp\/v2\/media?parent=1895"}],"wp:term":[{"taxonomy":"category","embeddable":true,"href":"https:\/\/julesverne.com.tr\/en\/wp-json\/wp\/v2\/categories?post=1895"},{"taxonomy":"post_tag","embeddable":true,"href":"https:\/\/julesverne.com.tr\/en\/wp-json\/wp\/v2\/tags?post=1895"}],"curies":[{"name":"wp","href":"https:\/\/api.w.org\/{rel}","templated":true}]}}