{"id":1893,"date":"2018-03-21T12:30:46","date_gmt":"2018-03-21T09:30:46","guid":{"rendered":"https:\/\/www.julesverne.com.tr\/\/blog\/giritte-bahar-festival-tadinda\/"},"modified":"2020-09-21T17:36:21","modified_gmt":"2020-09-21T14:36:21","slug":"giritte-bahar-festival-tadinda","status":"publish","type":"post","link":"https:\/\/julesverne.com.tr\/en\/travel-blog\/giritte-bahar-festival-tadinda\/","title":{"rendered":"Girit\u2019te Bahar Festival Tad\u0131nda&#8230;"},"content":{"rendered":"<p><p style=\"text-align: center;\"><img loading=\"lazy\" decoding=\"async\" class=\"alignnone size-full wp-image-4908\" src=\"https:\/\/www.julesverne.com.tr\/\/wp-content\/uploads\/2020\/09\/chania.jpg\" width=\"1000\" height=\"667\" alt=\"girit\" srcset=\"https:\/\/julesverne.com.tr\/wp-content\/uploads\/2020\/09\/chania.jpg 1000w, https:\/\/julesverne.com.tr\/wp-content\/uploads\/2020\/09\/chania-500x334.jpg 500w, https:\/\/julesverne.com.tr\/wp-content\/uploads\/2020\/09\/chania-768x512.jpg 768w\" sizes=\"(max-width: 1000px) 100vw, 1000px\" \/><\/p>\n<p>Sahilinde g&uuml;ne\u015fi, da\u011f zirvelerinde ya\u011fmuru, vadilerinde ye\u015fili ayn\u0131 g&uuml;n i&ccedil;erisinde g&ouml;rebilece\u011finiz Girit&#8217;i Paskalya Bayram\u0131&#8217;nda ziyaret ediyoruz &ccedil;&uuml;nk&uuml; hen&uuml;z sezonun kalabal\u0131\u011f\u0131 aday\u0131 h&uuml;k&uuml;mdarl\u0131\u011f\u0131 alt\u0131na almam\u0131\u015f, g&uuml;ne\u015ften korunmak i&ccedil;in a&ccedil;\u0131lan dev \u015femsiyeler a&ccedil;\u0131l\u0131p sokaklar\u0131 istila etmeden bu b&uuml;y&uuml;k ve derinliklerinde s&uuml;rprizler biriktiren aday\u0131 ke\u015ffetmek istiyoruz!<\/p>\n<p style=\"text-align: center;\"><img loading=\"lazy\" decoding=\"async\" class=\"alignnone size-full wp-image-4909\" src=\"https:\/\/www.julesverne.com.tr\/\/wp-content\/uploads\/2020\/09\/girit.jpg\" width=\"741\" height=\"291\" alt=\"\" srcset=\"https:\/\/julesverne.com.tr\/wp-content\/uploads\/2020\/09\/girit.jpg 741w, https:\/\/julesverne.com.tr\/wp-content\/uploads\/2020\/09\/girit-500x196.jpg 500w\" sizes=\"(max-width: 741px) 100vw, 741px\" \/><\/p>\n<p>Birka&ccedil; kilometrekare i&ccedil;erisinde, hemen ke\u015ffedilen ada alg\u0131s\u0131ndan uzakta, denizin ortas\u0131nda bir &uuml;lke kadar b&uuml;y&uuml;k ve heybetli duran Girit, al\u0131\u015ft\u0131\u011f\u0131m\u0131z Yunan adalar\u0131ndan farkl\u0131 bir dokuya sahip. Bunun en b&uuml;y&uuml;k etkisi ise kuzeyden g&uuml;neye; do\u011fudan bat\u0131ya her b&ouml;lgesinde farkl\u0131 bir co\u011frafyaya, mikro klimaya sahip olmas\u0131. Bu farklar g&ouml;rece\u011finiz manzaralar\u0131 da flora ve faunay\u0131 ve hatta tarihini bile etkiliyor adan\u0131n.<\/p>\n<p style=\"text-align: center;\"><img loading=\"lazy\" decoding=\"async\" class=\"alignnone size-full wp-image-4910\" src=\"https:\/\/www.julesverne.com.tr\/\/wp-content\/uploads\/2020\/09\/shutterstock_603308453.jpg\" width=\"740\" height=\"493\" alt=\"\" srcset=\"https:\/\/julesverne.com.tr\/wp-content\/uploads\/2020\/09\/shutterstock_603308453.jpg 740w, https:\/\/julesverne.com.tr\/wp-content\/uploads\/2020\/09\/shutterstock_603308453-500x333.jpg 500w\" sizes=\"(max-width: 740px) 100vw, 740px\" \/><\/p>\n<p>Girit&rsquo;e ad\u0131m att\u0131\u011f\u0131n\u0131zda zaman durur.&nbsp; Sanki binlerce y\u0131ld\u0131r hi&ccedil; bir \u015fey de\u011fi\u015fmemi\u015ftir. Yemye\u015fil tepelere t&uuml;nemi\u015f da\u011f k&ouml;ylerine &ccedil;\u0131kan ge&ccedil;itler, \u0131ss\u0131z kumsallar\u0131ndan &ccedil;arp\u0131c\u0131 manast\u0131rlar\u0131na &ccedil;\u0131kan patikalar, iyile\u015ftirir ve gen&ccedil;le\u015ftirir ve yeniler. Girit zamans\u0131z bir adad\u0131r.<\/p>\n<p style=\"text-align: center;\"><img loading=\"lazy\" decoding=\"async\" class=\"alignnone size-full wp-image-4911\" src=\"https:\/\/www.julesverne.com.tr\/\/wp-content\/uploads\/2020\/09\/kilise.jpg\" width=\"740\" height=\"493\" alt=\"\" srcset=\"https:\/\/julesverne.com.tr\/wp-content\/uploads\/2020\/09\/kilise.jpg 740w, https:\/\/julesverne.com.tr\/wp-content\/uploads\/2020\/09\/kilise-500x333.jpg 500w\" sizes=\"(max-width: 740px) 100vw, 740px\" \/><\/p>\n<p><strong>Chania<\/strong> Girit adas\u0131n\u0131n en Yunanl\u0131s\u0131d\u0131r&#8230; Zeytinya\u011f\u0131, peynir, bal ve Girit ekme\u011fiyle lezzet topudur. Ege&rsquo;ye en &ccedil;ok yak\u0131\u015fan <strong>&ldquo;egzotik kumsal&rdquo;<\/strong> tan\u0131m\u0131, <strong>Balos Koyu&#8217;<\/strong>nda yerini bulur; sanki Karayipler&rsquo;desinizdir. Chania&rsquo;nin birka&ccedil; kilometre alt\u0131nda yer alan Girit&rsquo;in oksijeni <strong>botanik park<\/strong>, t&uuml;m duyular\u0131 uyand\u0131r\u0131r: Ye\u015filin var olan t&uuml;m tonlar\u0131yla kaplanm\u0131\u015f u&ccedil;suz bucaks\u0131z topraklar\u0131nda y&uuml;zlerce &ccedil;e\u015fit meyve a\u011fac\u0131yla ve \u015fifal\u0131 bitkileriyle do\u011fal ila&ccedil; deposudur. Girit&rsquo;in detoks cenneti kuzey k\u0131y\u0131lar\u0131, y&uuml;r&uuml;y&uuml;\u015f, foto\u011fraf&ccedil;\u0131l\u0131k, ku\u015f g&ouml;zlem ve tek ba\u015f\u0131na &ldquo;dinlenmek&rdquo; i&ccedil;in nokta at\u0131\u015f\u0131 bir tercih olacakt\u0131r.<\/p>\n<p style=\"text-align: center;\"><img loading=\"lazy\" decoding=\"async\" class=\"alignnone size-full wp-image-4908\" src=\"https:\/\/www.julesverne.com.tr\/\/wp-content\/uploads\/2020\/09\/chania.jpg\" width=\"1000\" height=\"667\" alt=\"girit\" srcset=\"https:\/\/julesverne.com.tr\/wp-content\/uploads\/2020\/09\/chania.jpg 1000w, https:\/\/julesverne.com.tr\/wp-content\/uploads\/2020\/09\/chania-500x334.jpg 500w, https:\/\/julesverne.com.tr\/wp-content\/uploads\/2020\/09\/chania-768x512.jpg 768w\" sizes=\"(max-width: 1000px) 100vw, 1000px\" \/><\/p>\n<p>Adan\u0131n Venediklisi <strong>Rethymnon<\/strong>, upuzun kumlu sahilleriyle kendi tarihinde dinlendirir. Ortodoks ve Katolik mimarisinin estetik uyumunun yaratt\u0131\u011f\u0131 sihirli bir atmosferi vard\u0131r. Temmuz ve A\u011fustos aras\u0131nda plajlar sevimli karetta&rsquo;lar\u0131 da a\u011f\u0131rlar. Her sene yumurtlamak i&ccedil;in Rethymno kumluklar\u0131na ak\u0131n eden su kaplumba\u011falar\u0131, belki de adan\u0131n en sad\u0131k ve uzun soluklu ziyaret&ccedil;ileridirler.<\/p>\n<p style=\"text-align: center;\"><img loading=\"lazy\" decoding=\"async\" class=\"alignnone size-full wp-image-4913\" src=\"https:\/\/www.julesverne.com.tr\/\/wp-content\/uploads\/2020\/09\/Rethymnon-1.jpg\" width=\"740\" height=\"493\" alt=\"\" srcset=\"https:\/\/julesverne.com.tr\/wp-content\/uploads\/2020\/09\/Rethymnon-1.jpg 740w, https:\/\/julesverne.com.tr\/wp-content\/uploads\/2020\/09\/Rethymnon-1-500x333.jpg 500w\" sizes=\"(max-width: 740px) 100vw, 740px\" \/><\/p>\n<p>T&uuml;m zamanlar\u0131n en inan\u0131lmaz <strong>Yunan Tap\u0131na\u011f\u0131 Knossos<\/strong>, 19 yy sonlar\u0131nda g&uuml;n \u0131\u015f\u0131\u011f\u0131na &ccedil;\u0131kar\u0131ld\u0131\u011f\u0131nda, politik g&uuml;c&uuml;n ve l&uuml;ks&uuml;n merkezi Minos medeniyetiyle g&ouml;zlerimizi kama\u015ft\u0131rm\u0131\u015ft\u0131r. G&ouml;rkemli liman \u015fehri <strong>Heraklion<\/strong>, Knossos Saray\u0131&#8217;n\u0131n gerisinde kalmayan cazibe ve ihti\u015fam\u0131yla Venedik&rsquo;tir, Osmanl\u0131d\u0131r, Homeros&rsquo;tur. Ba\u015f d&ouml;nd&uuml;ren lezzetteki Lyrarakis \u015faraplar\u0131, kuru et ve ke&ccedil;i peyniriyle gastronomik \u015f&ouml;lene d&ouml;n&uuml;\u015f&uuml;r.<\/p>\n<p style=\"text-align: center;\"><img loading=\"lazy\" decoding=\"async\" class=\"alignnone size-full wp-image-4914\" src=\"https:\/\/www.julesverne.com.tr\/\/wp-content\/uploads\/2020\/09\/minos.jpg\" width=\"740\" height=\"479\" alt=\"\" srcset=\"https:\/\/julesverne.com.tr\/wp-content\/uploads\/2020\/09\/minos.jpg 740w, https:\/\/julesverne.com.tr\/wp-content\/uploads\/2020\/09\/minos-500x324.jpg 500w\" sizes=\"(max-width: 740px) 100vw, 740px\" \/><\/p>\n<p>Takvim Paskalya&rsquo;y\u0131 g&ouml;sterdi\u011finde tabaklar\u0131n en \u015fi\u015fman\u0131&nbsp; &ldquo;Magiritsa&rdquo; &ouml;n&uuml;n&uuml;ze kuzu &ccedil;evirme, limonlu ve yumurtal\u0131 bir sosla konuverir.&nbsp; \u015eimdi reng&acirc;renk yumurtalar\u0131 k\u0131rmak ve g&uuml;r&uuml;lt&uuml; yapmak zaman\u0131d\u0131r!<\/p>\n<p style=\"text-align: center;\"><img loading=\"lazy\" decoding=\"async\" class=\"alignnone size-full wp-image-4915\" src=\"https:\/\/www.julesverne.com.tr\/\/wp-content\/uploads\/2020\/09\/sunset.jpg\" width=\"740\" height=\"493\" alt=\"\" srcset=\"https:\/\/julesverne.com.tr\/wp-content\/uploads\/2020\/09\/sunset.jpg 740w, https:\/\/julesverne.com.tr\/wp-content\/uploads\/2020\/09\/sunset-500x333.jpg 500w\" sizes=\"(max-width: 740px) 100vw, 740px\" \/><\/p>\n<p><strong>Ya\u015fam\u0131n Kayna\u011f\u0131 Girit&rsquo;te Neler Yap\u0131lmal\u0131?<\/strong><\/p>\n<ul>\n<li>Chania&rsquo;dan Heraklion&rsquo;a yelken a&ccedil;mal\u0131: Bu rota elbette detoks, y&uuml;r&uuml;y&uuml;\u015f, ke\u015fif, gastronomik lezzetlerle harmanlamal\u0131<\/li>\n<li>Bol bol peynir ve \u015farap almal\u0131<\/li>\n<li>Rethymnon B&ouml;lgesindeki huzur ya\u015fanmal\u0131: The White Palace<\/li>\n<li>G&uuml;n do\u011fumunda Yunan kahvalt\u0131s\u0131, g&uuml;n bat\u0131m\u0131nda yoga yap\u0131lmal\u0131<\/li>\n<li>En az iki g&uuml;n araba kiralanmal\u0131\n<\/li>\n<\/ul>\n<p style=\"text-align: center;\"><strong>Size &ouml;zel seyahat program\u0131&nbsp;ve&nbsp;detayl\u0131 bilgi i&ccedil;in:<\/strong><br \/><a href=\"mailto:travel@julesverne.com.tr\" target=\"_blank\" rel=\"noopener noreferrer\"><strong>travel@julesverne.com.tr<\/strong><\/a><br \/><strong>0212 266 6363 &#8211; 132<\/strong><\/p><\/p>\n","protected":false},"excerpt":{"rendered":"<p>Sahilinde g&uuml;ne\u015fi, da\u011f zirvelerinde ya\u011fmuru, vadilerinde ye\u015fili ayn\u0131 g&uuml;n i&ccedil;erisinde g&ouml;rebilece\u011finiz, denizin ortas\u0131nda bir &uuml;lke kadar b&uuml;y&uuml;k ve heybetli duran Girit, al\u0131\u015ft\u0131\u011f\u0131m\u0131z Yunan adalar\u0131ndan farkl\u0131 bir dokuya sahip. Zaman\u0131n durdu\u011fu Girit&rsquo;te yemye\u015fil tepelere t&uuml;nemi\u015f da\u011f k&ouml;ylerine &ccedil;\u0131kan ge&ccedil;itler, \u0131ss\u0131z kumsallar\u0131ndan &ccedil;arp\u0131c\u0131 manast\u0131rlar\u0131na &ccedil;\u0131kan patikalar, iyile\u015ftirir ve gen&ccedil;le\u015ftirir ve yeniler. Karayipler&rsquo;deymi\u015fsiniz hissi veren egzotik kumsal\u0131, botanik park\u0131, ba\u015f d&ouml;nd&uuml;ren lezzetleri ile Girit baharda bir ba\u015fka g&uuml;zel&#8230;<\/p>\n","protected":false},"author":1,"featured_media":1894,"comment_status":"closed","ping_status":"closed","sticky":false,"template":"","format":"standard","meta":{"inline_featured_image":false,"footnotes":""},"categories":[1],"tags":[],"acf":[],"yoast_head":"<!-- This site is optimized with the Yoast SEO plugin v22.3 - https:\/\/yoast.com\/wordpress\/plugins\/seo\/ -->\n<title>Girit\u2019te Bahar Festival Tad\u0131nda... - JULES VERNE BUSINESS MICE TRAVEL<\/title>\n<meta name=\"robots\" content=\"index, follow, max-snippet:-1, max-image-preview:large, max-video-preview:-1\" \/>\n<link rel=\"canonical\" href=\"https:\/\/julesverne.com.tr\/travel-blog\/giritte-bahar-festival-tadinda\/\" \/>\n<meta property=\"og:locale\" content=\"en_US\" \/>\n<meta property=\"og:type\" content=\"article\" \/>\n<meta property=\"og:title\" content=\"Girit\u2019te Bahar Festival Tad\u0131nda... - JULES VERNE BUSINESS MICE TRAVEL\" \/>\n<meta property=\"og:description\" content=\"Sahilinde g&uuml;ne\u015fi, da\u011f zirvelerinde ya\u011fmuru, vadilerinde ye\u015fili ayn\u0131 g&uuml;n i&ccedil;erisinde g&ouml;rebilece\u011finiz, denizin ortas\u0131nda bir &uuml;lke kadar b&uuml;y&uuml;k ve heybetli duran Girit, al\u0131\u015ft\u0131\u011f\u0131m\u0131z Yunan adalar\u0131ndan farkl\u0131 bir dokuya sahip. Zaman\u0131n durdu\u011fu Girit&rsquo;te yemye\u015fil tepelere t&uuml;nemi\u015f da\u011f k&ouml;ylerine &ccedil;\u0131kan ge&ccedil;itler, \u0131ss\u0131z kumsallar\u0131ndan &ccedil;arp\u0131c\u0131 manast\u0131rlar\u0131na &ccedil;\u0131kan patikalar, iyile\u015ftirir ve gen&ccedil;le\u015ftirir ve yeniler. Karayipler&rsquo;deymi\u015fsiniz hissi veren egzotik kumsal\u0131, botanik park\u0131, ba\u015f d&ouml;nd&uuml;ren lezzetleri ile Girit baharda bir ba\u015fka g&uuml;zel...\" \/>\n<meta property=\"og:url\" content=\"https:\/\/julesverne.com.tr\/travel-blog\/giritte-bahar-festival-tadinda\/\" \/>\n<meta property=\"og:site_name\" content=\"JULES VERNE BUSINESS MICE TRAVEL\" \/>\n<meta property=\"article:publisher\" content=\"https:\/\/www.facebook.com\/JulesVerneBusinessMiceTravel\/\" \/>\n<meta property=\"article:published_time\" content=\"2018-03-21T09:30:46+00:00\" \/>\n<meta property=\"article:modified_time\" content=\"2020-09-21T14:36:21+00:00\" \/>\n<meta property=\"og:image\" content=\"https:\/\/julesverne.com.tr\/wp-content\/uploads\/2020\/09\/Rethymnon.jpg\" \/>\n\t<meta property=\"og:image:width\" content=\"740\" \/>\n\t<meta property=\"og:image:height\" content=\"493\" \/>\n\t<meta property=\"og:image:type\" content=\"image\/jpeg\" \/>\n<meta name=\"author\" content=\"fikirman\" \/>\n<meta name=\"twitter:card\" content=\"summary_large_image\" \/>\n<meta name=\"twitter:creator\" content=\"@JV_BusinessMice\" \/>\n<meta name=\"twitter:site\" content=\"@JV_BusinessMice\" \/>\n<meta name=\"twitter:label1\" content=\"Written by\" \/>\n\t<meta name=\"twitter:data1\" content=\"fikirman\" \/>\n\t<meta name=\"twitter:label2\" content=\"Est. reading time\" \/>\n\t<meta name=\"twitter:data2\" content=\"3 minutes\" \/>\n<script type=\"application\/ld+json\" class=\"yoast-schema-graph\">{\"@context\":\"https:\/\/schema.org\",\"@graph\":[{\"@type\":\"Article\",\"@id\":\"https:\/\/julesverne.com.tr\/travel-blog\/giritte-bahar-festival-tadinda\/#article\",\"isPartOf\":{\"@id\":\"https:\/\/julesverne.com.tr\/travel-blog\/giritte-bahar-festival-tadinda\/\"},\"author\":{\"name\":\"fikirman\",\"@id\":\"https:\/\/julesverne.com.tr\/#\/schema\/person\/f4eb0514ae455538644c31b99a466fdb\"},\"headline\":\"Girit\u2019te Bahar Festival Tad\u0131nda&#8230;\",\"datePublished\":\"2018-03-21T09:30:46+00:00\",\"dateModified\":\"2020-09-21T14:36:21+00:00\",\"mainEntityOfPage\":{\"@id\":\"https:\/\/julesverne.com.tr\/travel-blog\/giritte-bahar-festival-tadinda\/\"},\"wordCount\":689,\"publisher\":{\"@id\":\"https:\/\/julesverne.com.tr\/#organization\"},\"image\":{\"@id\":\"https:\/\/julesverne.com.tr\/travel-blog\/giritte-bahar-festival-tadinda\/#primaryimage\"},\"thumbnailUrl\":\"https:\/\/julesverne.com.tr\/wp-content\/uploads\/2020\/09\/Rethymnon.jpg\",\"articleSection\":[\"Blog\"],\"inLanguage\":\"en-US\"},{\"@type\":\"WebPage\",\"@id\":\"https:\/\/julesverne.com.tr\/travel-blog\/giritte-bahar-festival-tadinda\/\",\"url\":\"https:\/\/julesverne.com.tr\/travel-blog\/giritte-bahar-festival-tadinda\/\",\"name\":\"Girit\u2019te Bahar Festival Tad\u0131nda... - JULES VERNE BUSINESS MICE TRAVEL\",\"isPartOf\":{\"@id\":\"https:\/\/julesverne.com.tr\/#website\"},\"primaryImageOfPage\":{\"@id\":\"https:\/\/julesverne.com.tr\/travel-blog\/giritte-bahar-festival-tadinda\/#primaryimage\"},\"image\":{\"@id\":\"https:\/\/julesverne.com.tr\/travel-blog\/giritte-bahar-festival-tadinda\/#primaryimage\"},\"thumbnailUrl\":\"https:\/\/julesverne.com.tr\/wp-content\/uploads\/2020\/09\/Rethymnon.jpg\",\"datePublished\":\"2018-03-21T09:30:46+00:00\",\"dateModified\":\"2020-09-21T14:36:21+00:00\",\"breadcrumb\":{\"@id\":\"https:\/\/julesverne.com.tr\/travel-blog\/giritte-bahar-festival-tadinda\/#breadcrumb\"},\"inLanguage\":\"en-US\",\"potentialAction\":[{\"@type\":\"ReadAction\",\"target\":[\"https:\/\/julesverne.com.tr\/travel-blog\/giritte-bahar-festival-tadinda\/\"]}]},{\"@type\":\"ImageObject\",\"inLanguage\":\"en-US\",\"@id\":\"https:\/\/julesverne.com.tr\/travel-blog\/giritte-bahar-festival-tadinda\/#primaryimage\",\"url\":\"https:\/\/julesverne.com.tr\/wp-content\/uploads\/2020\/09\/Rethymnon.jpg\",\"contentUrl\":\"https:\/\/julesverne.com.tr\/wp-content\/uploads\/2020\/09\/Rethymnon.jpg\",\"width\":740,\"height\":493},{\"@type\":\"BreadcrumbList\",\"@id\":\"https:\/\/julesverne.com.tr\/travel-blog\/giritte-bahar-festival-tadinda\/#breadcrumb\",\"itemListElement\":[{\"@type\":\"ListItem\",\"position\":1,\"name\":\"Anasayfa\",\"item\":\"https:\/\/julesverne.com.tr\/\"},{\"@type\":\"ListItem\",\"position\":2,\"name\":\"Girit\u2019te Bahar Festival Tad\u0131nda&#8230;\"}]},{\"@type\":\"WebSite\",\"@id\":\"https:\/\/julesverne.com.tr\/#website\",\"url\":\"https:\/\/julesverne.com.tr\/\",\"name\":\"JULES VERNE BUSINESS MICE TRAVEL\",\"description\":\"\",\"publisher\":{\"@id\":\"https:\/\/julesverne.com.tr\/#organization\"},\"potentialAction\":[{\"@type\":\"SearchAction\",\"target\":{\"@type\":\"EntryPoint\",\"urlTemplate\":\"https:\/\/julesverne.com.tr\/?s={search_term_string}\"},\"query-input\":\"required name=search_term_string\"}],\"inLanguage\":\"en-US\"},{\"@type\":\"Organization\",\"@id\":\"https:\/\/julesverne.com.tr\/#organization\",\"name\":\"JULES VERNE BUSINESS MICE TRAVEL\",\"url\":\"https:\/\/julesverne.com.tr\/\",\"logo\":{\"@type\":\"ImageObject\",\"inLanguage\":\"en-US\",\"@id\":\"https:\/\/julesverne.com.tr\/#\/schema\/logo\/image\/\",\"url\":\"https:\/\/julesverne.com.tr\/wp-content\/uploads\/2020\/09\/jv-bmt-logo.png\",\"contentUrl\":\"https:\/\/julesverne.com.tr\/wp-content\/uploads\/2020\/09\/jv-bmt-logo.png\",\"width\":110,\"height\":81,\"caption\":\"JULES VERNE BUSINESS MICE TRAVEL\"},\"image\":{\"@id\":\"https:\/\/julesverne.com.tr\/#\/schema\/logo\/image\/\"},\"sameAs\":[\"https:\/\/www.facebook.com\/JulesVerneBusinessMiceTravel\/\",\"https:\/\/twitter.com\/JV_BusinessMice\",\"https:\/\/www.instagram.com\/julesvernebusinessmicetravel\/\",\"https:\/\/www.linkedin.com\/company\/julesvernebusinessmicetravel\/\",\"https:\/\/www.youtube.com\/channel\/UCAwdsmbZ6tFhu1tea6pkpiw\"]},{\"@type\":\"Person\",\"@id\":\"https:\/\/julesverne.com.tr\/#\/schema\/person\/f4eb0514ae455538644c31b99a466fdb\",\"name\":\"fikirman\",\"sameAs\":[\"http:\/\/advermedya.net\/julesverne\"],\"url\":\"https:\/\/julesverne.com.tr\/en\/author\/fikirman\/\"}]}<\/script>\n<!-- \/ Yoast SEO plugin. -->","yoast_head_json":{"title":"Girit\u2019te Bahar Festival Tad\u0131nda... - JULES VERNE BUSINESS MICE TRAVEL","robots":{"index":"index","follow":"follow","max-snippet":"max-snippet:-1","max-image-preview":"max-image-preview:large","max-video-preview":"max-video-preview:-1"},"canonical":"https:\/\/julesverne.com.tr\/travel-blog\/giritte-bahar-festival-tadinda\/","og_locale":"en_US","og_type":"article","og_title":"Girit\u2019te Bahar Festival Tad\u0131nda... - JULES VERNE BUSINESS MICE TRAVEL","og_description":"Sahilinde g&uuml;ne\u015fi, da\u011f zirvelerinde ya\u011fmuru, vadilerinde ye\u015fili ayn\u0131 g&uuml;n i&ccedil;erisinde g&ouml;rebilece\u011finiz, denizin ortas\u0131nda bir &uuml;lke kadar b&uuml;y&uuml;k ve heybetli duran Girit, al\u0131\u015ft\u0131\u011f\u0131m\u0131z Yunan adalar\u0131ndan farkl\u0131 bir dokuya sahip. Zaman\u0131n durdu\u011fu Girit&rsquo;te yemye\u015fil tepelere t&uuml;nemi\u015f da\u011f k&ouml;ylerine &ccedil;\u0131kan ge&ccedil;itler, \u0131ss\u0131z kumsallar\u0131ndan &ccedil;arp\u0131c\u0131 manast\u0131rlar\u0131na &ccedil;\u0131kan patikalar, iyile\u015ftirir ve gen&ccedil;le\u015ftirir ve yeniler. Karayipler&rsquo;deymi\u015fsiniz hissi veren egzotik kumsal\u0131, botanik park\u0131, ba\u015f d&ouml;nd&uuml;ren lezzetleri ile Girit baharda bir ba\u015fka g&uuml;zel...","og_url":"https:\/\/julesverne.com.tr\/travel-blog\/giritte-bahar-festival-tadinda\/","og_site_name":"JULES VERNE BUSINESS MICE TRAVEL","article_publisher":"https:\/\/www.facebook.com\/JulesVerneBusinessMiceTravel\/","article_published_time":"2018-03-21T09:30:46+00:00","article_modified_time":"2020-09-21T14:36:21+00:00","og_image":[{"width":740,"height":493,"url":"https:\/\/julesverne.com.tr\/wp-content\/uploads\/2020\/09\/Rethymnon.jpg","type":"image\/jpeg"}],"author":"fikirman","twitter_card":"summary_large_image","twitter_creator":"@JV_BusinessMice","twitter_site":"@JV_BusinessMice","twitter_misc":{"Written by":"fikirman","Est. reading time":"3 minutes"},"schema":{"@context":"https:\/\/schema.org","@graph":[{"@type":"Article","@id":"https:\/\/julesverne.com.tr\/travel-blog\/giritte-bahar-festival-tadinda\/#article","isPartOf":{"@id":"https:\/\/julesverne.com.tr\/travel-blog\/giritte-bahar-festival-tadinda\/"},"author":{"name":"fikirman","@id":"https:\/\/julesverne.com.tr\/#\/schema\/person\/f4eb0514ae455538644c31b99a466fdb"},"headline":"Girit\u2019te Bahar Festival Tad\u0131nda&#8230;","datePublished":"2018-03-21T09:30:46+00:00","dateModified":"2020-09-21T14:36:21+00:00","mainEntityOfPage":{"@id":"https:\/\/julesverne.com.tr\/travel-blog\/giritte-bahar-festival-tadinda\/"},"wordCount":689,"publisher":{"@id":"https:\/\/julesverne.com.tr\/#organization"},"image":{"@id":"https:\/\/julesverne.com.tr\/travel-blog\/giritte-bahar-festival-tadinda\/#primaryimage"},"thumbnailUrl":"https:\/\/julesverne.com.tr\/wp-content\/uploads\/2020\/09\/Rethymnon.jpg","articleSection":["Blog"],"inLanguage":"en-US"},{"@type":"WebPage","@id":"https:\/\/julesverne.com.tr\/travel-blog\/giritte-bahar-festival-tadinda\/","url":"https:\/\/julesverne.com.tr\/travel-blog\/giritte-bahar-festival-tadinda\/","name":"Girit\u2019te Bahar Festival Tad\u0131nda... - JULES VERNE BUSINESS MICE TRAVEL","isPartOf":{"@id":"https:\/\/julesverne.com.tr\/#website"},"primaryImageOfPage":{"@id":"https:\/\/julesverne.com.tr\/travel-blog\/giritte-bahar-festival-tadinda\/#primaryimage"},"image":{"@id":"https:\/\/julesverne.com.tr\/travel-blog\/giritte-bahar-festival-tadinda\/#primaryimage"},"thumbnailUrl":"https:\/\/julesverne.com.tr\/wp-content\/uploads\/2020\/09\/Rethymnon.jpg","datePublished":"2018-03-21T09:30:46+00:00","dateModified":"2020-09-21T14:36:21+00:00","breadcrumb":{"@id":"https:\/\/julesverne.com.tr\/travel-blog\/giritte-bahar-festival-tadinda\/#breadcrumb"},"inLanguage":"en-US","potentialAction":[{"@type":"ReadAction","target":["https:\/\/julesverne.com.tr\/travel-blog\/giritte-bahar-festival-tadinda\/"]}]},{"@type":"ImageObject","inLanguage":"en-US","@id":"https:\/\/julesverne.com.tr\/travel-blog\/giritte-bahar-festival-tadinda\/#primaryimage","url":"https:\/\/julesverne.com.tr\/wp-content\/uploads\/2020\/09\/Rethymnon.jpg","contentUrl":"https:\/\/julesverne.com.tr\/wp-content\/uploads\/2020\/09\/Rethymnon.jpg","width":740,"height":493},{"@type":"BreadcrumbList","@id":"https:\/\/julesverne.com.tr\/travel-blog\/giritte-bahar-festival-tadinda\/#breadcrumb","itemListElement":[{"@type":"ListItem","position":1,"name":"Anasayfa","item":"https:\/\/julesverne.com.tr\/"},{"@type":"ListItem","position":2,"name":"Girit\u2019te Bahar Festival Tad\u0131nda&#8230;"}]},{"@type":"WebSite","@id":"https:\/\/julesverne.com.tr\/#website","url":"https:\/\/julesverne.com.tr\/","name":"JULES VERNE BUSINESS MICE TRAVEL","description":"","publisher":{"@id":"https:\/\/julesverne.com.tr\/#organization"},"potentialAction":[{"@type":"SearchAction","target":{"@type":"EntryPoint","urlTemplate":"https:\/\/julesverne.com.tr\/?s={search_term_string}"},"query-input":"required name=search_term_string"}],"inLanguage":"en-US"},{"@type":"Organization","@id":"https:\/\/julesverne.com.tr\/#organization","name":"JULES VERNE BUSINESS MICE TRAVEL","url":"https:\/\/julesverne.com.tr\/","logo":{"@type":"ImageObject","inLanguage":"en-US","@id":"https:\/\/julesverne.com.tr\/#\/schema\/logo\/image\/","url":"https:\/\/julesverne.com.tr\/wp-content\/uploads\/2020\/09\/jv-bmt-logo.png","contentUrl":"https:\/\/julesverne.com.tr\/wp-content\/uploads\/2020\/09\/jv-bmt-logo.png","width":110,"height":81,"caption":"JULES VERNE BUSINESS MICE TRAVEL"},"image":{"@id":"https:\/\/julesverne.com.tr\/#\/schema\/logo\/image\/"},"sameAs":["https:\/\/www.facebook.com\/JulesVerneBusinessMiceTravel\/","https:\/\/twitter.com\/JV_BusinessMice","https:\/\/www.instagram.com\/julesvernebusinessmicetravel\/","https:\/\/www.linkedin.com\/company\/julesvernebusinessmicetravel\/","https:\/\/www.youtube.com\/channel\/UCAwdsmbZ6tFhu1tea6pkpiw"]},{"@type":"Person","@id":"https:\/\/julesverne.com.tr\/#\/schema\/person\/f4eb0514ae455538644c31b99a466fdb","name":"fikirman","sameAs":["http:\/\/advermedya.net\/julesverne"],"url":"https:\/\/julesverne.com.tr\/en\/author\/fikirman\/"}]}},"_links":{"self":[{"href":"https:\/\/julesverne.com.tr\/en\/wp-json\/wp\/v2\/posts\/1893"}],"collection":[{"href":"https:\/\/julesverne.com.tr\/en\/wp-json\/wp\/v2\/posts"}],"about":[{"href":"https:\/\/julesverne.com.tr\/en\/wp-json\/wp\/v2\/types\/post"}],"author":[{"embeddable":true,"href":"https:\/\/julesverne.com.tr\/en\/wp-json\/wp\/v2\/users\/1"}],"replies":[{"embeddable":true,"href":"https:\/\/julesverne.com.tr\/en\/wp-json\/wp\/v2\/comments?post=1893"}],"version-history":[{"count":0,"href":"https:\/\/julesverne.com.tr\/en\/wp-json\/wp\/v2\/posts\/1893\/revisions"}],"wp:featuredmedia":[{"embeddable":true,"href":"https:\/\/julesverne.com.tr\/en\/wp-json\/wp\/v2\/media\/1894"}],"wp:attachment":[{"href":"https:\/\/julesverne.com.tr\/en\/wp-json\/wp\/v2\/media?parent=1893"}],"wp:term":[{"taxonomy":"category","embeddable":true,"href":"https:\/\/julesverne.com.tr\/en\/wp-json\/wp\/v2\/categories?post=1893"},{"taxonomy":"post_tag","embeddable":true,"href":"https:\/\/julesverne.com.tr\/en\/wp-json\/wp\/v2\/tags?post=1893"}],"curies":[{"name":"wp","href":"https:\/\/api.w.org\/{rel}","templated":true}]}}