{"id":1891,"date":"2018-03-15T11:50:05","date_gmt":"2018-03-15T08:50:05","guid":{"rendered":"https:\/\/www.julesverne.com.tr\/\/blog\/mega-yat-callisto-ile-adriyatik-sahilleri\/"},"modified":"2020-09-21T17:36:21","modified_gmt":"2020-09-21T14:36:21","slug":"mega-yat-callisto-ile-adriyatik-sahilleri","status":"publish","type":"post","link":"https:\/\/julesverne.com.tr\/en\/travel-blog\/mega-yat-callisto-ile-adriyatik-sahilleri\/","title":{"rendered":"Mega Yat Callisto ile Adriyatik Sahilleri"},"content":{"rendered":"<p><h3 style=\"text-align: center;\"><strong>10 &ndash; 17 Haziran 2018<\/strong><\/h3>\n<h3><img loading=\"lazy\" decoding=\"async\" class=\"alignnone size-full wp-image-4917\" src=\"https:\/\/www.julesverne.com.tr\/\/wp-content\/uploads\/2020\/09\/my_callisto.jpg\" width=\"740\" height=\"493\" alt=\"\" srcset=\"https:\/\/julesverne.com.tr\/wp-content\/uploads\/2020\/09\/my_callisto.jpg 740w, https:\/\/julesverne.com.tr\/wp-content\/uploads\/2020\/09\/my_callisto-500x333.jpg 500w\" sizes=\"(max-width: 740px) 100vw, 740px\" \/><\/h3>\n<p>Mega Yat Callisto ile ye\u015fil &amp; mavinin en c&ouml;mert tonlar\u0131na demir at\u0131yoruz: Dalma&ccedil;ya k\u0131y\u0131lar\u0131n\u0131 ke\u015ffe &ccedil;\u0131karken klasikle\u015fmi\u015f Yunan misafirperverli\u011fi ve konforu &ouml;n plana &ccedil;\u0131karan butik denizci anlay\u0131\u015f\u0131yla bizleri kar\u015f\u0131layan Callisto ekibi bize i&ccedil;eceklerimizi ikram ederken, g&uuml;vertedeki yerlerimizi al\u0131yoruz.<\/p>\n<p style=\"text-align: center;\"><img loading=\"lazy\" decoding=\"async\" class=\"alignnone size-full wp-image-4918\" src=\"https:\/\/www.julesverne.com.tr\/\/wp-content\/uploads\/2020\/09\/Callisto_Sun_Deck.jpg\" width=\"740\" height=\"493\" alt=\"\" srcset=\"https:\/\/julesverne.com.tr\/wp-content\/uploads\/2020\/09\/Callisto_Sun_Deck.jpg 740w, https:\/\/julesverne.com.tr\/wp-content\/uploads\/2020\/09\/Callisto_Sun_Deck-500x333.jpg 500w\" sizes=\"(max-width: 740px) 100vw, 740px\" \/><\/p>\n<p>52 Metre uzunlu\u011funda, 17 kabinli Mega Yat Callisto, kalabal\u0131k gemi seyahatlerini tercih etmeyen, gidilen co\u011frafyalar\u0131n do\u011fas\u0131nda ve tarihinde kaybolmak isteyen deniz tutkunlar\u0131na hitap ediyor. Geni\u015f g&uuml;vertesinde g&uuml;ne\u015flenme alanlar\u0131 bulunan yatta, Irish Pub&rsquo;ta i&ccedil;kilerinizi yudumlarken bal\u0131\u011f\u0131n\u0131z\u0131 tutabilir, ya da m&uuml;rettebat\u0131n organize etti\u011fi liman \u015fehir ke\u015fiflerine kat\u0131labilirsiniz.<\/p>\n<p style=\"text-align: center;\"><img loading=\"lazy\" decoding=\"async\" class=\"alignnone size-full wp-image-4919\" src=\"https:\/\/www.julesverne.com.tr\/\/wp-content\/uploads\/2020\/09\/dubrovnik.jpg\" width=\"740\" height=\"493\" alt=\"\" srcset=\"https:\/\/julesverne.com.tr\/wp-content\/uploads\/2020\/09\/dubrovnik.jpg 740w, https:\/\/julesverne.com.tr\/wp-content\/uploads\/2020\/09\/dubrovnik-500x333.jpg 500w\" sizes=\"(max-width: 740px) 100vw, 740px\" \/><\/p>\n<p><strong>10 Haziran 2018 |&nbsp; Dubrovnik<\/strong><\/p>\n<p>Do\u011fu Avrupa&rsquo;n\u0131n g&ouml;z bebe\u011fi Dubrovnik, 13. y&uuml;zy\u0131ldan kalma g&uuml;&ccedil;l&uuml; kale duvarlar\u0131na ve surlar\u0131na s\u0131rt\u0131n\u0131 g&uuml;venle yaslam\u0131\u015f, sokaklar\u0131nda Venedikli tacirlerin kuma\u015f satt\u0131\u011f\u0131, Hapsburg Hanedan\u0131&rsquo;ndan bir asilzadenin sevdi\u011fi kad\u0131n\u0131n yolunu bekledi\u011fi orta&ccedil;a\u011f masal\u0131, Adriyatik k\u0131y\u0131lar\u0131n\u0131n ya\u015fayan folkl&ouml;r&uuml;d&uuml;r G&uuml;n&uuml;n ilk \u0131\u015f\u0131klar\u0131nda Split&rsquo;e varmak &uuml;zere ak\u015fam saatlerinde demir al\u0131yoruz.<\/p>\n<p><strong>11 Haziran 2018 | Split-Rab<\/strong><\/p>\n<p>UNESCO&rsquo;nun koruma alt\u0131na ald\u0131\u011f\u0131, Diokletian Saray\u0131n\u0131n t&uuml;m heybetiyle h&uuml;k&uuml;m s&uuml;rd&uuml;\u011f&uuml; Split bizi bekliyor. Dalma&ccedil;ya&rsquo;n\u0131n g&ouml;z bebe\u011fi Split plajlar\u0131 ve tarihi yap\u0131lar\u0131yla hayli &ccedil;ekici&hellip;<\/p>\n<p style=\"text-align: center;\"><img loading=\"lazy\" decoding=\"async\" class=\"alignnone size-full wp-image-4920\" src=\"https:\/\/www.julesverne.com.tr\/\/wp-content\/uploads\/2020\/09\/split.jpg\" width=\"740\" height=\"493\" alt=\"\" srcset=\"https:\/\/julesverne.com.tr\/wp-content\/uploads\/2020\/09\/split.jpg 740w, https:\/\/julesverne.com.tr\/wp-content\/uploads\/2020\/09\/split-500x333.jpg 500w\" sizes=\"(max-width: 740px) 100vw, 740px\" \/><\/p>\n<p><strong>12 Haziran 2018 | Rab-Siberik<\/strong><\/p>\n<p>Kuzey Adriyatik sahillerinin en &ccedil;ekici kasabalar\u0131ndan Rab, &ccedil;an kuleleriyle bizi kar\u015f\u0131l\u0131yor. Labirentimsi sokaklar\u0131 ve eski kiliseleri ve neredeyse cebe girecek k&uuml;&ccedil;&uuml;kl&uuml;kteki liman\u0131 ile son derece sevimli ve &ccedil;ekici bu \u015fehirde keyifli bir y&uuml;r&uuml;y&uuml;\u015f turu olmazsa olmazlardan. Ak\u015fam Kornati Adas\u0131n\u0131n muhte\u015fem manzaras\u0131 e\u015fli\u011finde Sibenik&rsquo;e hareket.<\/p>\n<p><strong>13 Haziran 2018 | Sibenik<\/strong><\/p>\n<p>Muhte\u015fem bir orta&ccedil;a\u011f\u0131 kasabas\u0131 olan Sibenik, ke\u015fif i&ccedil;in sizi bekliyor. Krka do\u011fal park\u0131 ve Primosten turunu \u015fiddetle tavsiye ediyoruz. Ak\u015fam Sibenik liman\u0131nday\u0131z.<\/p>\n<p style=\"text-align: center;\"><img loading=\"lazy\" decoding=\"async\" class=\"alignnone size-full wp-image-4921\" src=\"https:\/\/www.julesverne.com.tr\/\/wp-content\/uploads\/2020\/09\/sibenik.jpg\" width=\"740\" height=\"492\" alt=\"\" srcset=\"https:\/\/julesverne.com.tr\/wp-content\/uploads\/2020\/09\/sibenik.jpg 740w, https:\/\/julesverne.com.tr\/wp-content\/uploads\/2020\/09\/sibenik-500x332.jpg 500w\" sizes=\"(max-width: 740px) 100vw, 740px\" \/><\/p>\n<p><strong>14 Haziran 2018 | Hvar-Korcula<\/strong><\/p>\n<p>G&uuml;ne\u015fin \u015f\u0131martt\u0131\u011f\u0131 Venedik g&uuml;zeli Hvar, H\u0131rvatistan&rsquo;\u0131n en popular tatil destinasyonu: Yaz boyunca devam eden festival ve konserler bu kasabay\u0131 daha da &ccedil;ekici hala getiriyor. Biraz daha &ldquo;sakin&rdquo; bir zaman ge&ccedil;irmek isteyenler ise kuzey sahil kasabalar\u0131 olan Stari Grad ve Jelsa&rsquo;ya ka&ccedil;\u0131yor. Ak\u015fam Korcula&rsquo;ya hareket ediyoruz.<\/p>\n<p><strong>15 Haziran 2018 | Korcula-Kotor<\/strong><\/p>\n<p>Gotik ve zengin R&ouml;nesans mimari yap\u0131lar\u0131yla Korcula capcanl\u0131 bir sanat tarihi kitab\u0131 gibi. \u015eehri ve &ccedil;evre k&ouml;y&uuml; Lumbarda&rsquo;y\u0131 gezmek i&ccedil;in tur alabilir ya da kendiniz ke\u015ffe &ccedil;\u0131kabilirsiniz. Ak\u015fam saatlerinde masals\u0131 g&uuml;zellikteki Kotor (Karada\u011f) i&ccedil;in demir al\u0131yoruz.<\/p>\n<p style=\"text-align: center;\"><img loading=\"lazy\" decoding=\"async\" class=\"alignnone size-full wp-image-4922\" src=\"https:\/\/www.julesverne.com.tr\/\/wp-content\/uploads\/2020\/09\/kotor-1.jpg\" width=\"740\" height=\"493\" alt=\"\" srcset=\"https:\/\/julesverne.com.tr\/wp-content\/uploads\/2020\/09\/kotor-1.jpg 740w, https:\/\/julesverne.com.tr\/wp-content\/uploads\/2020\/09\/kotor-1-500x333.jpg 500w\" sizes=\"(max-width: 740px) 100vw, 740px\" \/><\/p>\n<p><strong>16 Haziran 2018 | Kotor-Dubrovnik<\/strong><\/p>\n<p>Sabah saatlerinde nefes kesici g&uuml;zellikteki plajlar\u0131 ve s\u0131cac\u0131k insanlar\u0131yla Karada\u011f bizleri kar\u015f\u0131l\u0131yor. Avrupa&rsquo;n\u0131n en etkileyici sahil \u015feridine sahip olan Karada\u011f,&nbsp; do\u011fan\u0131n ve tarihin i&ccedil; i&ccedil;e ge&ccedil;ti\u011fi &ldquo;de\u011fi\u015fmemeyi&rdquo; vaat eden yeni Avrupal\u0131 bir &uuml;lke.&nbsp; Sabahtan \u015fehri gezmenizi &ouml;neriyoruz. &Ouml;\u011fleden sonra ise masmavi sularda deniz keyfi yapaca\u011f\u0131z. Ak\u015fam saatlerine do\u011fru Dubrovnik&rsquo;e hareket.<\/p>\n<p><strong>17 Haziran 2018 | Dubrovnik<\/strong><\/p>\n<p>Kaptan ve m&uuml;rettebat ile vedala\u015f\u0131p gemimizden ayr\u0131l\u0131yoruz.<\/p>\n<p style=\"text-align: center;\"><img loading=\"lazy\" decoding=\"async\" class=\"alignnone size-full wp-image-4923\" src=\"https:\/\/www.julesverne.com.tr\/\/wp-content\/uploads\/2020\/09\/rab-1.jpg\" width=\"740\" height=\"493\" alt=\"\" srcset=\"https:\/\/julesverne.com.tr\/wp-content\/uploads\/2020\/09\/rab-1.jpg 740w, https:\/\/julesverne.com.tr\/wp-content\/uploads\/2020\/09\/rab-1-500x333.jpg 500w\" sizes=\"(max-width: 740px) 100vw, 740px\" \/><\/p>\n<h4><strong>&Uuml;cret Bilgisi<\/strong><\/h4>\n<ul>\n<li>Kategori C | \u0130ki ki\u015filik kabinde ki\u015fi ba\u015f\u0131&nbsp; &nbsp; &nbsp; &nbsp; &nbsp; &nbsp;&nbsp;<em><strong>1.950 Euro<\/strong><\/em><\/li>\n<li>Kategori B | \u0130ki ki\u015filik kabinde ki\u015fi ba\u015f\u0131<strong><em>&nbsp; &nbsp; &nbsp; &nbsp; &nbsp; &nbsp; 2.190 Euro<\/em><\/strong><\/li>\n<li>Kategori A | \u0130ki ki\u015filik kabinde ki\u015fi ba\u015f\u0131<strong><em><strong style=\"font-style: normal;\"><em>&nbsp; &nbsp; &nbsp; &nbsp; &nbsp; &nbsp;&nbsp;<\/em><\/strong>2.790 Euro<\/em><\/strong><\/li>\n<li>Kategori P | \u0130ki ki\u015filik kabinde ki\u015fi ba\u015f\u0131<em><strong><strong style=\"font-style: normal;\"><em>&nbsp; &nbsp; &nbsp; &nbsp; &nbsp; &nbsp;&nbsp;<\/em><\/strong>2.950 Euro<\/strong><\/em><\/li>\n<\/ul>\n<h4><strong>&Uuml;crete&nbsp;d&acirc;hil olan hizmetler<\/strong><\/h4>\n<ul>\n<li>7 Gece\/ 8 G&uuml;n tam pansiyon (a&ccedil;\u0131k b&uuml;fe kahvalt\u0131, &ouml;\u011fle yeme\u011fi, ak\u015fam yeme\u011fi) konaklama<\/li>\n<li>Liman vergileri<\/li>\n<li>Seyahat sigortas\u0131<\/li>\n<li>Kar\u015f\u0131lama kokteyli<\/li>\n<li>G&uuml;n boyu &uuml;cretsiz filtre kahve-&ccedil;ay ve maden suyu<\/li>\n<li>Bal\u0131k tutma ve \u015fnorkel ekipmanlar\u0131<\/li>\n<li>\u0130ngilizce bilen gemi personeli (Kaptan ve teknik ekip)<\/li>\n<\/ul>\n<h4><strong>&Uuml;crete&nbsp;d&acirc;hil olmayan hizmetler<\/strong><\/h4>\n<ul>\n<li>Istanbul-Dubrovnik-Istanbul u&ccedil;ak biletleri<\/li>\n<li>Fiyata dahil listesinde yer almayan i&ccedil;ecekler<\/li>\n<li>&Ouml;nerilen liman gezileri<\/li>\n<li>M&uuml;rettebat bah\u015fi\u015fleri<\/li>\n<li>Ki\u015fisel harcamalar<\/li>\n<li>WI-FI (bu hizmet &uuml;cret kar\u015f\u0131l\u0131\u011f\u0131 verilmektedir)<\/li>\n<li>Schengen vize &uuml;creti<\/li>\n<\/ul>\n<h4><strong>&Ouml;nemli Bilgiler<\/strong><\/h4>\n<ul>\n<li>Tek ki\u015fi konaklamalarda fiyat fark\u0131 uygulanacakt\u0131r.<\/li>\n<li>Yemekler ve Kaptan\u0131n veda yeme\u011fi, hava m&uuml;saade etti\u011fi s&uuml;rece g&uuml;verte de mangal partisi \u015feklinde servis edilecektir.<\/li>\n<\/ul>\n<p style=\"text-align: center;\"><img loading=\"lazy\" decoding=\"async\" class=\"alignnone size-full wp-image-4924\" src=\"https:\/\/www.julesverne.com.tr\/\/wp-content\/uploads\/2020\/09\/my_callisto2.jpg\" width=\"740\" height=\"370\" alt=\"\" srcset=\"https:\/\/julesverne.com.tr\/wp-content\/uploads\/2020\/09\/my_callisto2.jpg 740w, https:\/\/julesverne.com.tr\/wp-content\/uploads\/2020\/09\/my_callisto2-500x250.jpg 500w\" sizes=\"(max-width: 740px) 100vw, 740px\" \/><\/p>\n<p style=\"text-align: center;\"><strong>Detayl\u0131 bilgi ve rezervasyon i&ccedil;in bizi arayabilirsiniz&#8230;<\/strong><br \/><a href=\"mailto:travel@julesverne.com.tr\" target=\"_blank\" rel=\"noopener noreferrer\"><strong>travel@julesverne.com.tr<\/strong><\/a><br \/><strong>0212 266 6363 &#8211; 137<\/strong><\/p><\/p>\n","protected":false},"excerpt":{"rendered":"<p>Mega Yat Callisto ile ye\u015fil &amp; mavinin en c&ouml;mert tonlar\u0131na demir at\u0131p Dalma&ccedil;ya k\u0131y\u0131lar\u0131n\u0131 ke\u015ffe &ccedil;\u0131k\u0131yoruz&#8230;<\/p>\n","protected":false},"author":1,"featured_media":1892,"comment_status":"closed","ping_status":"closed","sticky":false,"template":"","format":"standard","meta":{"inline_featured_image":false,"footnotes":""},"categories":[1],"tags":[],"acf":[],"yoast_head":"<!-- This site is optimized with the Yoast SEO plugin v22.3 - https:\/\/yoast.com\/wordpress\/plugins\/seo\/ -->\n<title>Mega Yat Callisto ile Adriyatik Sahilleri - JULES VERNE BUSINESS MICE TRAVEL<\/title>\n<meta name=\"robots\" content=\"index, follow, max-snippet:-1, max-image-preview:large, max-video-preview:-1\" \/>\n<link rel=\"canonical\" href=\"https:\/\/julesverne.com.tr\/travel-blog\/mega-yat-callisto-ile-adriyatik-sahilleri\/\" \/>\n<meta property=\"og:locale\" content=\"en_US\" \/>\n<meta property=\"og:type\" content=\"article\" \/>\n<meta property=\"og:title\" content=\"Mega Yat Callisto ile Adriyatik Sahilleri - JULES VERNE BUSINESS MICE TRAVEL\" \/>\n<meta property=\"og:description\" content=\"Mega Yat Callisto ile ye\u015fil &amp; mavinin en c&ouml;mert tonlar\u0131na demir at\u0131p Dalma&ccedil;ya k\u0131y\u0131lar\u0131n\u0131 ke\u015ffe &ccedil;\u0131k\u0131yoruz...\" \/>\n<meta property=\"og:url\" content=\"https:\/\/julesverne.com.tr\/travel-blog\/mega-yat-callisto-ile-adriyatik-sahilleri\/\" \/>\n<meta property=\"og:site_name\" content=\"JULES VERNE BUSINESS MICE TRAVEL\" \/>\n<meta property=\"article:publisher\" content=\"https:\/\/www.facebook.com\/JulesVerneBusinessMiceTravel\/\" \/>\n<meta property=\"article:published_time\" content=\"2018-03-15T08:50:05+00:00\" \/>\n<meta property=\"article:modified_time\" content=\"2020-09-21T14:36:21+00:00\" \/>\n<meta property=\"og:image\" content=\"https:\/\/julesverne.com.tr\/wp-content\/uploads\/2020\/09\/rab.jpg\" \/>\n\t<meta property=\"og:image:width\" content=\"740\" \/>\n\t<meta property=\"og:image:height\" content=\"493\" \/>\n\t<meta property=\"og:image:type\" content=\"image\/jpeg\" \/>\n<meta name=\"author\" content=\"fikirman\" \/>\n<meta name=\"twitter:card\" content=\"summary_large_image\" \/>\n<meta name=\"twitter:creator\" content=\"@JV_BusinessMice\" \/>\n<meta name=\"twitter:site\" content=\"@JV_BusinessMice\" \/>\n<meta name=\"twitter:label1\" content=\"Written by\" \/>\n\t<meta name=\"twitter:data1\" content=\"fikirman\" \/>\n\t<meta name=\"twitter:label2\" content=\"Est. reading time\" \/>\n\t<meta name=\"twitter:data2\" content=\"4 minutes\" \/>\n<script type=\"application\/ld+json\" class=\"yoast-schema-graph\">{\"@context\":\"https:\/\/schema.org\",\"@graph\":[{\"@type\":\"Article\",\"@id\":\"https:\/\/julesverne.com.tr\/travel-blog\/mega-yat-callisto-ile-adriyatik-sahilleri\/#article\",\"isPartOf\":{\"@id\":\"https:\/\/julesverne.com.tr\/travel-blog\/mega-yat-callisto-ile-adriyatik-sahilleri\/\"},\"author\":{\"name\":\"fikirman\",\"@id\":\"https:\/\/julesverne.com.tr\/#\/schema\/person\/f4eb0514ae455538644c31b99a466fdb\"},\"headline\":\"Mega Yat Callisto ile Adriyatik Sahilleri\",\"datePublished\":\"2018-03-15T08:50:05+00:00\",\"dateModified\":\"2020-09-21T14:36:21+00:00\",\"mainEntityOfPage\":{\"@id\":\"https:\/\/julesverne.com.tr\/travel-blog\/mega-yat-callisto-ile-adriyatik-sahilleri\/\"},\"wordCount\":843,\"publisher\":{\"@id\":\"https:\/\/julesverne.com.tr\/#organization\"},\"image\":{\"@id\":\"https:\/\/julesverne.com.tr\/travel-blog\/mega-yat-callisto-ile-adriyatik-sahilleri\/#primaryimage\"},\"thumbnailUrl\":\"https:\/\/julesverne.com.tr\/wp-content\/uploads\/2020\/09\/rab.jpg\",\"articleSection\":[\"Blog\"],\"inLanguage\":\"en-US\"},{\"@type\":\"WebPage\",\"@id\":\"https:\/\/julesverne.com.tr\/travel-blog\/mega-yat-callisto-ile-adriyatik-sahilleri\/\",\"url\":\"https:\/\/julesverne.com.tr\/travel-blog\/mega-yat-callisto-ile-adriyatik-sahilleri\/\",\"name\":\"Mega Yat Callisto ile Adriyatik Sahilleri - JULES VERNE BUSINESS MICE TRAVEL\",\"isPartOf\":{\"@id\":\"https:\/\/julesverne.com.tr\/#website\"},\"primaryImageOfPage\":{\"@id\":\"https:\/\/julesverne.com.tr\/travel-blog\/mega-yat-callisto-ile-adriyatik-sahilleri\/#primaryimage\"},\"image\":{\"@id\":\"https:\/\/julesverne.com.tr\/travel-blog\/mega-yat-callisto-ile-adriyatik-sahilleri\/#primaryimage\"},\"thumbnailUrl\":\"https:\/\/julesverne.com.tr\/wp-content\/uploads\/2020\/09\/rab.jpg\",\"datePublished\":\"2018-03-15T08:50:05+00:00\",\"dateModified\":\"2020-09-21T14:36:21+00:00\",\"breadcrumb\":{\"@id\":\"https:\/\/julesverne.com.tr\/travel-blog\/mega-yat-callisto-ile-adriyatik-sahilleri\/#breadcrumb\"},\"inLanguage\":\"en-US\",\"potentialAction\":[{\"@type\":\"ReadAction\",\"target\":[\"https:\/\/julesverne.com.tr\/travel-blog\/mega-yat-callisto-ile-adriyatik-sahilleri\/\"]}]},{\"@type\":\"ImageObject\",\"inLanguage\":\"en-US\",\"@id\":\"https:\/\/julesverne.com.tr\/travel-blog\/mega-yat-callisto-ile-adriyatik-sahilleri\/#primaryimage\",\"url\":\"https:\/\/julesverne.com.tr\/wp-content\/uploads\/2020\/09\/rab.jpg\",\"contentUrl\":\"https:\/\/julesverne.com.tr\/wp-content\/uploads\/2020\/09\/rab.jpg\",\"width\":740,\"height\":493},{\"@type\":\"BreadcrumbList\",\"@id\":\"https:\/\/julesverne.com.tr\/travel-blog\/mega-yat-callisto-ile-adriyatik-sahilleri\/#breadcrumb\",\"itemListElement\":[{\"@type\":\"ListItem\",\"position\":1,\"name\":\"Anasayfa\",\"item\":\"https:\/\/julesverne.com.tr\/\"},{\"@type\":\"ListItem\",\"position\":2,\"name\":\"Mega Yat Callisto ile Adriyatik Sahilleri\"}]},{\"@type\":\"WebSite\",\"@id\":\"https:\/\/julesverne.com.tr\/#website\",\"url\":\"https:\/\/julesverne.com.tr\/\",\"name\":\"JULES VERNE BUSINESS MICE TRAVEL\",\"description\":\"\",\"publisher\":{\"@id\":\"https:\/\/julesverne.com.tr\/#organization\"},\"potentialAction\":[{\"@type\":\"SearchAction\",\"target\":{\"@type\":\"EntryPoint\",\"urlTemplate\":\"https:\/\/julesverne.com.tr\/?s={search_term_string}\"},\"query-input\":\"required name=search_term_string\"}],\"inLanguage\":\"en-US\"},{\"@type\":\"Organization\",\"@id\":\"https:\/\/julesverne.com.tr\/#organization\",\"name\":\"JULES VERNE BUSINESS MICE TRAVEL\",\"url\":\"https:\/\/julesverne.com.tr\/\",\"logo\":{\"@type\":\"ImageObject\",\"inLanguage\":\"en-US\",\"@id\":\"https:\/\/julesverne.com.tr\/#\/schema\/logo\/image\/\",\"url\":\"https:\/\/julesverne.com.tr\/wp-content\/uploads\/2020\/09\/jv-bmt-logo.png\",\"contentUrl\":\"https:\/\/julesverne.com.tr\/wp-content\/uploads\/2020\/09\/jv-bmt-logo.png\",\"width\":110,\"height\":81,\"caption\":\"JULES VERNE BUSINESS MICE TRAVEL\"},\"image\":{\"@id\":\"https:\/\/julesverne.com.tr\/#\/schema\/logo\/image\/\"},\"sameAs\":[\"https:\/\/www.facebook.com\/JulesVerneBusinessMiceTravel\/\",\"https:\/\/twitter.com\/JV_BusinessMice\",\"https:\/\/www.instagram.com\/julesvernebusinessmicetravel\/\",\"https:\/\/www.linkedin.com\/company\/julesvernebusinessmicetravel\/\",\"https:\/\/www.youtube.com\/channel\/UCAwdsmbZ6tFhu1tea6pkpiw\"]},{\"@type\":\"Person\",\"@id\":\"https:\/\/julesverne.com.tr\/#\/schema\/person\/f4eb0514ae455538644c31b99a466fdb\",\"name\":\"fikirman\",\"sameAs\":[\"http:\/\/advermedya.net\/julesverne\"],\"url\":\"https:\/\/julesverne.com.tr\/en\/author\/fikirman\/\"}]}<\/script>\n<!-- \/ Yoast SEO plugin. -->","yoast_head_json":{"title":"Mega Yat Callisto ile Adriyatik Sahilleri - JULES VERNE BUSINESS MICE TRAVEL","robots":{"index":"index","follow":"follow","max-snippet":"max-snippet:-1","max-image-preview":"max-image-preview:large","max-video-preview":"max-video-preview:-1"},"canonical":"https:\/\/julesverne.com.tr\/travel-blog\/mega-yat-callisto-ile-adriyatik-sahilleri\/","og_locale":"en_US","og_type":"article","og_title":"Mega Yat Callisto ile Adriyatik Sahilleri - JULES VERNE BUSINESS MICE TRAVEL","og_description":"Mega Yat Callisto ile ye\u015fil &amp; mavinin en c&ouml;mert tonlar\u0131na demir at\u0131p Dalma&ccedil;ya k\u0131y\u0131lar\u0131n\u0131 ke\u015ffe &ccedil;\u0131k\u0131yoruz...","og_url":"https:\/\/julesverne.com.tr\/travel-blog\/mega-yat-callisto-ile-adriyatik-sahilleri\/","og_site_name":"JULES VERNE BUSINESS MICE TRAVEL","article_publisher":"https:\/\/www.facebook.com\/JulesVerneBusinessMiceTravel\/","article_published_time":"2018-03-15T08:50:05+00:00","article_modified_time":"2020-09-21T14:36:21+00:00","og_image":[{"width":740,"height":493,"url":"https:\/\/julesverne.com.tr\/wp-content\/uploads\/2020\/09\/rab.jpg","type":"image\/jpeg"}],"author":"fikirman","twitter_card":"summary_large_image","twitter_creator":"@JV_BusinessMice","twitter_site":"@JV_BusinessMice","twitter_misc":{"Written by":"fikirman","Est. reading time":"4 minutes"},"schema":{"@context":"https:\/\/schema.org","@graph":[{"@type":"Article","@id":"https:\/\/julesverne.com.tr\/travel-blog\/mega-yat-callisto-ile-adriyatik-sahilleri\/#article","isPartOf":{"@id":"https:\/\/julesverne.com.tr\/travel-blog\/mega-yat-callisto-ile-adriyatik-sahilleri\/"},"author":{"name":"fikirman","@id":"https:\/\/julesverne.com.tr\/#\/schema\/person\/f4eb0514ae455538644c31b99a466fdb"},"headline":"Mega Yat Callisto ile Adriyatik Sahilleri","datePublished":"2018-03-15T08:50:05+00:00","dateModified":"2020-09-21T14:36:21+00:00","mainEntityOfPage":{"@id":"https:\/\/julesverne.com.tr\/travel-blog\/mega-yat-callisto-ile-adriyatik-sahilleri\/"},"wordCount":843,"publisher":{"@id":"https:\/\/julesverne.com.tr\/#organization"},"image":{"@id":"https:\/\/julesverne.com.tr\/travel-blog\/mega-yat-callisto-ile-adriyatik-sahilleri\/#primaryimage"},"thumbnailUrl":"https:\/\/julesverne.com.tr\/wp-content\/uploads\/2020\/09\/rab.jpg","articleSection":["Blog"],"inLanguage":"en-US"},{"@type":"WebPage","@id":"https:\/\/julesverne.com.tr\/travel-blog\/mega-yat-callisto-ile-adriyatik-sahilleri\/","url":"https:\/\/julesverne.com.tr\/travel-blog\/mega-yat-callisto-ile-adriyatik-sahilleri\/","name":"Mega Yat Callisto ile Adriyatik Sahilleri - JULES VERNE BUSINESS MICE TRAVEL","isPartOf":{"@id":"https:\/\/julesverne.com.tr\/#website"},"primaryImageOfPage":{"@id":"https:\/\/julesverne.com.tr\/travel-blog\/mega-yat-callisto-ile-adriyatik-sahilleri\/#primaryimage"},"image":{"@id":"https:\/\/julesverne.com.tr\/travel-blog\/mega-yat-callisto-ile-adriyatik-sahilleri\/#primaryimage"},"thumbnailUrl":"https:\/\/julesverne.com.tr\/wp-content\/uploads\/2020\/09\/rab.jpg","datePublished":"2018-03-15T08:50:05+00:00","dateModified":"2020-09-21T14:36:21+00:00","breadcrumb":{"@id":"https:\/\/julesverne.com.tr\/travel-blog\/mega-yat-callisto-ile-adriyatik-sahilleri\/#breadcrumb"},"inLanguage":"en-US","potentialAction":[{"@type":"ReadAction","target":["https:\/\/julesverne.com.tr\/travel-blog\/mega-yat-callisto-ile-adriyatik-sahilleri\/"]}]},{"@type":"ImageObject","inLanguage":"en-US","@id":"https:\/\/julesverne.com.tr\/travel-blog\/mega-yat-callisto-ile-adriyatik-sahilleri\/#primaryimage","url":"https:\/\/julesverne.com.tr\/wp-content\/uploads\/2020\/09\/rab.jpg","contentUrl":"https:\/\/julesverne.com.tr\/wp-content\/uploads\/2020\/09\/rab.jpg","width":740,"height":493},{"@type":"BreadcrumbList","@id":"https:\/\/julesverne.com.tr\/travel-blog\/mega-yat-callisto-ile-adriyatik-sahilleri\/#breadcrumb","itemListElement":[{"@type":"ListItem","position":1,"name":"Anasayfa","item":"https:\/\/julesverne.com.tr\/"},{"@type":"ListItem","position":2,"name":"Mega Yat Callisto ile Adriyatik Sahilleri"}]},{"@type":"WebSite","@id":"https:\/\/julesverne.com.tr\/#website","url":"https:\/\/julesverne.com.tr\/","name":"JULES VERNE BUSINESS MICE TRAVEL","description":"","publisher":{"@id":"https:\/\/julesverne.com.tr\/#organization"},"potentialAction":[{"@type":"SearchAction","target":{"@type":"EntryPoint","urlTemplate":"https:\/\/julesverne.com.tr\/?s={search_term_string}"},"query-input":"required name=search_term_string"}],"inLanguage":"en-US"},{"@type":"Organization","@id":"https:\/\/julesverne.com.tr\/#organization","name":"JULES VERNE BUSINESS MICE TRAVEL","url":"https:\/\/julesverne.com.tr\/","logo":{"@type":"ImageObject","inLanguage":"en-US","@id":"https:\/\/julesverne.com.tr\/#\/schema\/logo\/image\/","url":"https:\/\/julesverne.com.tr\/wp-content\/uploads\/2020\/09\/jv-bmt-logo.png","contentUrl":"https:\/\/julesverne.com.tr\/wp-content\/uploads\/2020\/09\/jv-bmt-logo.png","width":110,"height":81,"caption":"JULES VERNE BUSINESS MICE TRAVEL"},"image":{"@id":"https:\/\/julesverne.com.tr\/#\/schema\/logo\/image\/"},"sameAs":["https:\/\/www.facebook.com\/JulesVerneBusinessMiceTravel\/","https:\/\/twitter.com\/JV_BusinessMice","https:\/\/www.instagram.com\/julesvernebusinessmicetravel\/","https:\/\/www.linkedin.com\/company\/julesvernebusinessmicetravel\/","https:\/\/www.youtube.com\/channel\/UCAwdsmbZ6tFhu1tea6pkpiw"]},{"@type":"Person","@id":"https:\/\/julesverne.com.tr\/#\/schema\/person\/f4eb0514ae455538644c31b99a466fdb","name":"fikirman","sameAs":["http:\/\/advermedya.net\/julesverne"],"url":"https:\/\/julesverne.com.tr\/en\/author\/fikirman\/"}]}},"_links":{"self":[{"href":"https:\/\/julesverne.com.tr\/en\/wp-json\/wp\/v2\/posts\/1891"}],"collection":[{"href":"https:\/\/julesverne.com.tr\/en\/wp-json\/wp\/v2\/posts"}],"about":[{"href":"https:\/\/julesverne.com.tr\/en\/wp-json\/wp\/v2\/types\/post"}],"author":[{"embeddable":true,"href":"https:\/\/julesverne.com.tr\/en\/wp-json\/wp\/v2\/users\/1"}],"replies":[{"embeddable":true,"href":"https:\/\/julesverne.com.tr\/en\/wp-json\/wp\/v2\/comments?post=1891"}],"version-history":[{"count":0,"href":"https:\/\/julesverne.com.tr\/en\/wp-json\/wp\/v2\/posts\/1891\/revisions"}],"wp:featuredmedia":[{"embeddable":true,"href":"https:\/\/julesverne.com.tr\/en\/wp-json\/wp\/v2\/media\/1892"}],"wp:attachment":[{"href":"https:\/\/julesverne.com.tr\/en\/wp-json\/wp\/v2\/media?parent=1891"}],"wp:term":[{"taxonomy":"category","embeddable":true,"href":"https:\/\/julesverne.com.tr\/en\/wp-json\/wp\/v2\/categories?post=1891"},{"taxonomy":"post_tag","embeddable":true,"href":"https:\/\/julesverne.com.tr\/en\/wp-json\/wp\/v2\/tags?post=1891"}],"curies":[{"name":"wp","href":"https:\/\/api.w.org\/{rel}","templated":true}]}}