{"id":1887,"date":"2018-03-15T11:11:39","date_gmt":"2018-03-15T08:11:39","guid":{"rendered":"https:\/\/www.julesverne.com.tr\/\/blog\/5nehir-gemisi-amadolce-ile-bordeaux-ve-satolar\/"},"modified":"2020-09-21T17:36:21","modified_gmt":"2020-09-21T14:36:21","slug":"5nehir-gemisi-amadolce-ile-bordeaux-ve-satolar","status":"publish","type":"post","link":"https:\/\/julesverne.com.tr\/en\/travel-blog\/5nehir-gemisi-amadolce-ile-bordeaux-ve-satolar\/","title":{"rendered":"5*Nehir Gemisi Amadolce ile Bordeaux ve \u015eatolar"},"content":{"rendered":"<p><h3 style=\"text-align: center;\"><strong>14-21 Haziran 2018<\/strong><\/h3>\n<p style=\"text-align: center;\"><img loading=\"lazy\" decoding=\"async\" class=\"alignnone size-full wp-image-4934\" src=\"https:\/\/www.julesverne.com.tr\/\/wp-content\/uploads\/2020\/09\/st_emilion.jpg\" width=\"740\" height=\"492\" alt=\"\" srcset=\"https:\/\/julesverne.com.tr\/wp-content\/uploads\/2020\/09\/st_emilion.jpg 740w, https:\/\/julesverne.com.tr\/wp-content\/uploads\/2020\/09\/st_emilion-500x332.jpg 500w\" sizes=\"(max-width: 740px) 100vw, 740px\" \/><\/p>\n<p><strong>Nefis bir rotada harika bir gemi ile Frans\u0131z gustosunu ke\u015ffe &ccedil;\u0131k\u0131yoruz!<\/strong><\/p>\n<p><img loading=\"lazy\" decoding=\"async\" class=\"alignnone size-full wp-image-4935\" src=\"https:\/\/www.julesverne.com.tr\/\/wp-content\/uploads\/2020\/09\/ship_amadolce_1.jpg\" width=\"850\" height=\"414\" alt=\"amadolce\" srcset=\"https:\/\/julesverne.com.tr\/wp-content\/uploads\/2020\/09\/ship_amadolce_1.jpg 850w, https:\/\/julesverne.com.tr\/wp-content\/uploads\/2020\/09\/ship_amadolce_1-500x244.jpg 500w, https:\/\/julesverne.com.tr\/wp-content\/uploads\/2020\/09\/ship_amadolce_1-768x374.jpg 768w\" sizes=\"(max-width: 850px) 100vw, 850px\" \/>Nehir perisi AmaDolce&nbsp;&nbsp;<strong>sa\u011fl\u0131kl\u0131 mutfa\u011f\u0131<\/strong> ve <strong>&ldquo;bisikletler g&uuml;vertede&ldquo;<\/strong> temas\u0131yla keyifli, hareketli ve mutlu bir nehir gezisi i&ccedil;in ke\u015ffedilmeyi bekliyor.&nbsp; Rota ayr\u0131ca &ccedil;ok &ccedil;ekici: Bol bol \u015farap tad\u0131m\u0131 yapaca\u011f\u0131n\u0131z ve do\u011fan\u0131n tad\u0131n\u0131 &ccedil;\u0131karaca\u011f\u0131n\u0131z bu program, sadece b&ouml;lge co\u011frafyas\u0131n\u0131 de\u011fil, Frans\u0131z gustosuna da bir yolculuk olacak&#8230;<\/p>\n<p style=\"text-align: center;\"><img loading=\"lazy\" decoding=\"async\" class=\"alignnone size-full wp-image-4936\" src=\"https:\/\/www.julesverne.com.tr\/\/wp-content\/uploads\/2020\/09\/amadolce.jpg\" width=\"740\" height=\"242\" alt=\"\" srcset=\"https:\/\/julesverne.com.tr\/wp-content\/uploads\/2020\/09\/amadolce.jpg 740w, https:\/\/julesverne.com.tr\/wp-content\/uploads\/2020\/09\/amadolce-500x164.jpg 500w\" sizes=\"(max-width: 740px) 100vw, 740px\" \/><\/p>\n<p>2009&rsquo;da in\u015fa edilen nehir perisi AmaDolce teknesi 144 ki\u015filik yolcu kapasitesi ve geni\u015f-ferah alanlar\u0131yla g&ouml;ze &ccedil;arp\u0131yor.<\/p>\n<p><strong>14 Haziran 2018 | Bordeaux<\/strong><\/p>\n<p>\u015earap d&uuml;nyas\u0131n\u0131n y\u0131ld\u0131z\u0131 Bordeaux&rsquo;ya ho\u015f geldiniz. L&uuml;ks nehir gemisi Amadolce&rsquo;de kabinimize yerle\u015fiyor ve ak\u015fam &ldquo;ho\u015f geldin&rdquo; resepsiyonunda yol arkada\u015flar\u0131m\u0131zla tan\u0131\u015ft\u0131ktan sonra yeme\u011fe ge&ccedil;iyoruz.<\/p>\n<p style=\"text-align: center;\"><img loading=\"lazy\" decoding=\"async\" class=\"alignnone size-full wp-image-4937\" src=\"https:\/\/www.julesverne.com.tr\/\/wp-content\/uploads\/2020\/09\/bordeaux.jpg\" width=\"740\" height=\"469\" alt=\"\" srcset=\"https:\/\/julesverne.com.tr\/wp-content\/uploads\/2020\/09\/bordeaux.jpg 740w, https:\/\/julesverne.com.tr\/wp-content\/uploads\/2020\/09\/bordeaux-500x317.jpg 500w\" sizes=\"(max-width: 740px) 100vw, 740px\" \/><\/p>\n<p><strong>15 Haziran 2018 |&nbsp; Cadillac<\/strong><\/p>\n<p>Cadillac &rsquo;ta bizi 700 y\u0131ld\u0131r ayn\u0131 aileyi bar\u0131nd\u0131ran ihti\u015faml\u0131 Roquetaillade kalesi kar\u015f\u0131l\u0131yor. Sauternes \u015farap b&ouml;lgesine do\u011fru yolumuza devam ediyoruz ve ya Chateu de Rayne Vigneau ya da Chateau Guiraud&rsquo;ta &ouml;d&uuml;ll&uuml; tatl\u0131 \u015faraplardan tad\u0131yoruz.<\/p>\n<p><strong>16 Haziran 2018 | Pauillac<\/strong><\/p>\n<p>D&uuml;nyan\u0131n en iyi Bordeaux&nbsp;\u015faraplar\u0131n\u0131 &uuml;reten &uuml;nl&uuml; Medoc b&ouml;lgesinin yer ald\u0131\u011f\u0131 Pauillac k&ouml;y&uuml;ndeyiz. B&ouml;lgenin en iyi &uuml;reticilerini ve ba\u011flar\u0131n\u0131 yak\u0131ndan g&ouml;rece\u011fiz:&nbsp; Ch&acirc;teau Latour, Ch&acirc;teau Mouton Rothschild, Ch&acirc;teau Lafite Rothschild and Ch&acirc;teau Pichon Longueville bunlardan baz\u0131lar\u0131&hellip;Bug&uuml;n&rsquo;de tad\u0131mlar\u0131m\u0131z olacak.<\/p>\n<p style=\"text-align: center;\"><img loading=\"lazy\" decoding=\"async\" class=\"alignnone size-full wp-image-4938\" src=\"https:\/\/www.julesverne.com.tr\/\/wp-content\/uploads\/2020\/09\/bourg-1.jpg\" width=\"740\" height=\"493\" alt=\"\" srcset=\"https:\/\/julesverne.com.tr\/wp-content\/uploads\/2020\/09\/bourg-1.jpg 740w, https:\/\/julesverne.com.tr\/wp-content\/uploads\/2020\/09\/bourg-1-500x333.jpg 500w\" sizes=\"(max-width: 740px) 100vw, 740px\" \/><\/p>\n<p><strong>17 Haziran 2018 | Pauillac-Blaye-Bourg<\/strong><\/p>\n<p>Blaye&rsquo;de \u015fehir turuna kat\u0131labilirsiniz! 17.yy&rsquo;dan kalma kalesiyle g&ouml;z dolduran kasaba, ayn\u0131 zamanda UNESCO D&uuml;nya miras\u0131 koruma program\u0131nda yer almaktad\u0131r. Alternatif olarak,&nbsp; tarih &ouml;ncesi ma\u011faras\u0131 olan Pair non Pair&rsquo;i ziyaret edebilir, ma\u011fara d&ouml;nemi insanlar\u0131n\u0131n zanaat &ouml;rneklerini g&ouml;rebilirsiniz.&Ouml;\u011fleden sonra nehir gezisine devam edebilir ya da Santiago patikalar\u0131nda pedal &ccedil;evirebilirsiniz. Bourg&rsquo;a var\u0131yoruz. \u0130nan\u0131lmaz g&uuml;zellikle i\u015fleme ve boyalar\u0131yla at arabas\u0131 koleksiyonunu g&ouml;rebilir, hemen arkas\u0131ndan ikinci d&uuml;nya sava\u015f\u0131ndan kalan yeralt\u0131 ge&ccedil;itlerini ke\u015ffedebilirsiniz. &Ouml;\u011fleden sonra bu etkileyici orta&ccedil;a\u011f kasabas\u0131n\u0131n \u015farap festivaline kat\u0131l\u0131p bol bol \u015farap i&ccedil;ip dans ediyoruz.<\/p>\n<p><strong>18 Haziran 2018 | Bourg-Libourne<\/strong><\/p>\n<p>Bordeaux&rsquo;nun en prestijli \u015farap ba\u011flar\u0131n\u0131n yer ald\u0131\u011f\u0131 Saint-Emilion, masals\u0131 bir mimarinin, an\u0131tlar ve ba\u011flarla bir araya geldi\u011fi Libourne k&ouml;y&uuml;nde.&nbsp; Bu b&ouml;lgeyi gezmeye ve ke\u015ffetmeye doyamayacaks\u0131n\u0131z. &Ouml;\u011fleden sonra&nbsp; \u015farap tad\u0131m\u0131 yap\u0131yoruz. Arzu ederseniz, ba\u011flararas\u0131 bisiklet keyfi de yapabilirsiniz.<\/p>\n<p style=\"text-align: center;\"><img loading=\"lazy\" decoding=\"async\" class=\"alignnone size-full wp-image-4939\" src=\"https:\/\/www.julesverne.com.tr\/\/wp-content\/uploads\/2020\/09\/ship_8_sightseebybike_gallery.jpg\" width=\"740\" height=\"493\" alt=\"\" srcset=\"https:\/\/julesverne.com.tr\/wp-content\/uploads\/2020\/09\/ship_8_sightseebybike_gallery.jpg 740w, https:\/\/julesverne.com.tr\/wp-content\/uploads\/2020\/09\/ship_8_sightseebybike_gallery-500x333.jpg 500w\" sizes=\"(max-width: 740px) 100vw, 740px\" \/><\/p>\n<p><strong>19 Haziran 2018 |<\/strong> <strong>Libourne-Bordeaux<\/strong><\/p>\n<p>Bastide Kasabas\u0131n\u0131n tarih kokan sokaklar\u0131nda y&uuml;r&uuml;y&uuml;\u015f yaparken halk pazar\u0131na da u\u011fray\u0131p y&ouml;resel lezzetleri de tadabilirsiniz. B&ouml;lgenin tad\u0131 en g&uuml;zel bisikletle &ccedil;\u0131kar! Sonras\u0131nda sizi Fronsac&rsquo;ta \u015farap tad\u0131m\u0131na bekliyoruz.<\/p>\n<p><strong>20 Haziran 2018 | Bordeaux<\/strong><\/p>\n<p>\u015earap d&uuml;nyas\u0131n\u0131n nefes kesen ba\u015fkenti Bordeaux&nbsp;sadece UNESCO&rsquo;nun tarih miras\u0131 listesinde de\u011fil, ayn\u0131 zamanda sanat ve tarih \u015fehri olarak s\u0131n\u0131fland\u0131r\u0131lm\u0131\u015ft\u0131r. B&uuml;y&uuml;leyici bir binada yer alan \u015farap m&uuml;zesi ise akl\u0131n\u0131z\u0131 ba\u015f\u0131n\u0131zdan alacak. Ak\u015fam gemi de son gecemizin ve gala yeme\u011finin keyfini &ccedil;\u0131kar\u0131yoruz.<\/p>\n<p><strong>21 Haziran 2018 | Bordeaux<\/strong><\/p>\n<p>Kaptan ve m&uuml;rettebatla vedala\u015f\u0131p, havaalan\u0131na gitmek &uuml;zere yola &ccedil;\u0131k\u0131yoruz.<\/p>\n<p style=\"text-align: center;\"><img loading=\"lazy\" decoding=\"async\" class=\"alignnone size-full wp-image-4940\" src=\"https:\/\/www.julesverne.com.tr\/\/wp-content\/uploads\/2020\/09\/castle.jpg\" width=\"740\" height=\"486\" alt=\"\" srcset=\"https:\/\/julesverne.com.tr\/wp-content\/uploads\/2020\/09\/castle.jpg 740w, https:\/\/julesverne.com.tr\/wp-content\/uploads\/2020\/09\/castle-500x328.jpg 500w\" sizes=\"(max-width: 740px) 100vw, 740px\" \/><\/p>\n<h4><strong>&Uuml;cret Bilgisi<\/strong><\/h4>\n<ul>\n<li>\n<h4>Kategori E D\u0131\u015f Kabin&rsquo;de ki\u015fi ba\u015f\u0131&nbsp; &nbsp; &nbsp; &nbsp; &nbsp; &nbsp; &nbsp; &nbsp; &nbsp; &nbsp; &nbsp; &nbsp; &nbsp; &nbsp;<em><strong>1.899 Euro<\/strong><\/em><\/h4>\n<\/li>\n<li>\n<h4>Kategori C Frans\u0131z balkonlu Kabin&rsquo;de ki\u015fi ba\u015f\u0131&nbsp; &nbsp;&nbsp;<em><strong>2.199 Euro<\/strong><\/em><\/h4>\n<\/li>\n<li>\n<h4>Kategori B Frans\u0131z balkonlu Kabin&rsquo;de ki\u015fi ba\u015f\u0131&nbsp; &nbsp;&nbsp;<strong><em>2.249 Euro<\/em><\/strong><\/h4>\n<\/li>\n<li>\n<h4>Kategori A Frans\u0131z balkonlu Kabin&rsquo;de ki\u015fi ba\u015f\u0131&nbsp; &nbsp;<strong><em>&nbsp;2.399 Euro<\/em><\/strong><\/h4>\n<\/li>\n<\/ul>\n<h4><strong>&Uuml;crete d&acirc;hil olan hizmetler<\/strong><\/h4>\n<ul>\n<li>THY ile Istanbul-Bordeaux-Istanbul u&ccedil;ak ekonomi s\u0131n\u0131f\u0131 u&ccedil;ak biletleri<\/li>\n<li>Havaliman\u0131-gemi-havaliman\u0131 transferleri<\/li>\n<li>Liman vergileri<\/li>\n<li>7 Gece, 2009 yap\u0131m\u0131, 5* DLX nehir gemisinde tam pansiyon konaklama<\/li>\n<li>Programda &ldquo;d&acirc;hil olan turlar&rdquo; olarak belirtilen t&uuml;m turlar<\/li>\n<li>Tur esnas\u0131nda quietvox ki\u015fisel kulakl\u0131klar<\/li>\n<li>Gemi de &ouml;\u011fle ve ak\u015fam yemeklerinde &uuml;cretsiz \u015farap, bira ve alkols&uuml;z me\u015frubat servisi<\/li>\n<li>Gemi de &uuml;cretsiz internet<\/li>\n<li>Kabinlerde &uuml;cretsiz \u015fi\u015fe suyu<\/li>\n<li>Ho\u015f geldiniz resepsiyonu ve yeme\u011fi, Kaptan&rsquo;\u0131n gala gecesi yeme\u011fi<\/li>\n<li>Limanlarda gemiden &uuml;cretsiz bisiklet hizmeti<\/li>\n<li>Tecr&uuml;beli T&uuml;rk&ccedil;e rehberlik hizmeti (grup say\u0131s\u0131 20 ki\u015fi oldu\u011fu takdirde)<\/li>\n<\/ul>\n<h4><strong>&Uuml;crete d&acirc;hil olmayan hizmetler<\/strong><\/h4>\n<ul>\n<li>Havaliman\u0131 vergileri<\/li>\n<li>Gemideki baz\u0131 alkoll&uuml; ve alkols&uuml;z i&ccedil;ecekler<\/li>\n<li>Gemi personeli bah\u015fi\u015fleri (110 Euro)<\/li>\n<li>Yurt d\u0131\u015f\u0131 &ccedil;\u0131k\u0131\u015f harc\u0131<\/li>\n<li>Vize &uuml;creti<\/li>\n<\/ul>\n<h4><strong>&Ouml;nemli Bilgiler<\/strong><\/h4>\n<ul>\n<li style=\"text-align: left;\">Tek ki\u015filik konaklamalarda fiyat fark\u0131 uygulanacakt\u0131r.\n<p><img loading=\"lazy\" decoding=\"async\" class=\"alignnone size-full wp-image-4941\" src=\"https:\/\/www.julesverne.com.tr\/\/wp-content\/uploads\/2020\/09\/sato.jpg\" width=\"1000\" height=\"667\" alt=\"\" srcset=\"https:\/\/julesverne.com.tr\/wp-content\/uploads\/2020\/09\/sato.jpg 1000w, https:\/\/julesverne.com.tr\/wp-content\/uploads\/2020\/09\/sato-500x334.jpg 500w, https:\/\/julesverne.com.tr\/wp-content\/uploads\/2020\/09\/sato-768x512.jpg 768w\" sizes=\"(max-width: 1000px) 100vw, 1000px\" \/><\/li>\n<\/ul>\n<p style=\"text-align: center;\"><strong>Detayl\u0131 bilgi ve rezervasyon i&ccedil;in bizi arayabilirsiniz&#8230;<\/strong><br \/><a href=\"mailto:travel@julesverne.com.tr\" target=\"_blank\" rel=\"noopener noreferrer\"><strong>travel@julesverne.com.tr<\/strong><\/a><br \/><strong>0212 266 6363 &#8211; 137<\/strong>&nbsp;<\/p><\/p>\n","protected":false},"excerpt":{"rendered":"<p><span style=\"font-family: Helvetica, sans-serif; font-size: 10pt;\">Nefis bir rotada harika bir gemi ile Frans\u0131z gustosunu ke\u015ffe &ccedil;\u0131k\u0131yoruz!&nbsp;<\/span><\/p>\n","protected":false},"author":1,"featured_media":1888,"comment_status":"closed","ping_status":"closed","sticky":false,"template":"","format":"standard","meta":{"inline_featured_image":false,"footnotes":""},"categories":[1],"tags":[],"acf":[],"yoast_head":"<!-- This site is optimized with the Yoast SEO plugin v22.3 - https:\/\/yoast.com\/wordpress\/plugins\/seo\/ -->\n<title>5*Nehir Gemisi Amadolce ile Bordeaux ve \u015eatolar - JULES VERNE BUSINESS MICE TRAVEL<\/title>\n<meta name=\"robots\" content=\"index, follow, max-snippet:-1, max-image-preview:large, max-video-preview:-1\" \/>\n<link rel=\"canonical\" href=\"https:\/\/julesverne.com.tr\/travel-blog\/5nehir-gemisi-amadolce-ile-bordeaux-ve-satolar\/\" \/>\n<meta property=\"og:locale\" content=\"en_US\" \/>\n<meta property=\"og:type\" content=\"article\" \/>\n<meta property=\"og:title\" content=\"5*Nehir Gemisi Amadolce ile Bordeaux ve \u015eatolar - JULES VERNE BUSINESS MICE TRAVEL\" \/>\n<meta property=\"og:description\" content=\"Nefis bir rotada harika bir gemi ile Frans\u0131z gustosunu ke\u015ffe &ccedil;\u0131k\u0131yoruz!&nbsp;\" \/>\n<meta property=\"og:url\" content=\"https:\/\/julesverne.com.tr\/travel-blog\/5nehir-gemisi-amadolce-ile-bordeaux-ve-satolar\/\" \/>\n<meta property=\"og:site_name\" content=\"JULES VERNE BUSINESS MICE TRAVEL\" \/>\n<meta property=\"article:publisher\" content=\"https:\/\/www.facebook.com\/JulesVerneBusinessMiceTravel\/\" \/>\n<meta property=\"article:published_time\" content=\"2018-03-15T08:11:39+00:00\" \/>\n<meta property=\"article:modified_time\" content=\"2020-09-21T14:36:21+00:00\" \/>\n<meta property=\"og:image\" content=\"https:\/\/julesverne.com.tr\/wp-content\/uploads\/2020\/09\/bourg.jpg\" \/>\n\t<meta property=\"og:image:width\" content=\"740\" \/>\n\t<meta property=\"og:image:height\" content=\"493\" \/>\n\t<meta property=\"og:image:type\" content=\"image\/jpeg\" \/>\n<meta name=\"author\" content=\"fikirman\" \/>\n<meta name=\"twitter:card\" content=\"summary_large_image\" \/>\n<meta name=\"twitter:creator\" content=\"@JV_BusinessMice\" \/>\n<meta name=\"twitter:site\" content=\"@JV_BusinessMice\" \/>\n<meta name=\"twitter:label1\" content=\"Written by\" \/>\n\t<meta name=\"twitter:data1\" content=\"fikirman\" \/>\n\t<meta name=\"twitter:label2\" content=\"Est. reading time\" \/>\n\t<meta name=\"twitter:data2\" content=\"4 minutes\" \/>\n<script type=\"application\/ld+json\" class=\"yoast-schema-graph\">{\"@context\":\"https:\/\/schema.org\",\"@graph\":[{\"@type\":\"Article\",\"@id\":\"https:\/\/julesverne.com.tr\/travel-blog\/5nehir-gemisi-amadolce-ile-bordeaux-ve-satolar\/#article\",\"isPartOf\":{\"@id\":\"https:\/\/julesverne.com.tr\/travel-blog\/5nehir-gemisi-amadolce-ile-bordeaux-ve-satolar\/\"},\"author\":{\"name\":\"fikirman\",\"@id\":\"https:\/\/julesverne.com.tr\/#\/schema\/person\/f4eb0514ae455538644c31b99a466fdb\"},\"headline\":\"5*Nehir Gemisi Amadolce ile Bordeaux ve \u015eatolar\",\"datePublished\":\"2018-03-15T08:11:39+00:00\",\"dateModified\":\"2020-09-21T14:36:21+00:00\",\"mainEntityOfPage\":{\"@id\":\"https:\/\/julesverne.com.tr\/travel-blog\/5nehir-gemisi-amadolce-ile-bordeaux-ve-satolar\/\"},\"wordCount\":904,\"publisher\":{\"@id\":\"https:\/\/julesverne.com.tr\/#organization\"},\"image\":{\"@id\":\"https:\/\/julesverne.com.tr\/travel-blog\/5nehir-gemisi-amadolce-ile-bordeaux-ve-satolar\/#primaryimage\"},\"thumbnailUrl\":\"https:\/\/julesverne.com.tr\/wp-content\/uploads\/2020\/09\/bourg.jpg\",\"articleSection\":[\"Blog\"],\"inLanguage\":\"en-US\"},{\"@type\":\"WebPage\",\"@id\":\"https:\/\/julesverne.com.tr\/travel-blog\/5nehir-gemisi-amadolce-ile-bordeaux-ve-satolar\/\",\"url\":\"https:\/\/julesverne.com.tr\/travel-blog\/5nehir-gemisi-amadolce-ile-bordeaux-ve-satolar\/\",\"name\":\"5*Nehir Gemisi Amadolce ile Bordeaux ve \u015eatolar - JULES VERNE BUSINESS MICE TRAVEL\",\"isPartOf\":{\"@id\":\"https:\/\/julesverne.com.tr\/#website\"},\"primaryImageOfPage\":{\"@id\":\"https:\/\/julesverne.com.tr\/travel-blog\/5nehir-gemisi-amadolce-ile-bordeaux-ve-satolar\/#primaryimage\"},\"image\":{\"@id\":\"https:\/\/julesverne.com.tr\/travel-blog\/5nehir-gemisi-amadolce-ile-bordeaux-ve-satolar\/#primaryimage\"},\"thumbnailUrl\":\"https:\/\/julesverne.com.tr\/wp-content\/uploads\/2020\/09\/bourg.jpg\",\"datePublished\":\"2018-03-15T08:11:39+00:00\",\"dateModified\":\"2020-09-21T14:36:21+00:00\",\"breadcrumb\":{\"@id\":\"https:\/\/julesverne.com.tr\/travel-blog\/5nehir-gemisi-amadolce-ile-bordeaux-ve-satolar\/#breadcrumb\"},\"inLanguage\":\"en-US\",\"potentialAction\":[{\"@type\":\"ReadAction\",\"target\":[\"https:\/\/julesverne.com.tr\/travel-blog\/5nehir-gemisi-amadolce-ile-bordeaux-ve-satolar\/\"]}]},{\"@type\":\"ImageObject\",\"inLanguage\":\"en-US\",\"@id\":\"https:\/\/julesverne.com.tr\/travel-blog\/5nehir-gemisi-amadolce-ile-bordeaux-ve-satolar\/#primaryimage\",\"url\":\"https:\/\/julesverne.com.tr\/wp-content\/uploads\/2020\/09\/bourg.jpg\",\"contentUrl\":\"https:\/\/julesverne.com.tr\/wp-content\/uploads\/2020\/09\/bourg.jpg\",\"width\":740,\"height\":493},{\"@type\":\"BreadcrumbList\",\"@id\":\"https:\/\/julesverne.com.tr\/travel-blog\/5nehir-gemisi-amadolce-ile-bordeaux-ve-satolar\/#breadcrumb\",\"itemListElement\":[{\"@type\":\"ListItem\",\"position\":1,\"name\":\"Anasayfa\",\"item\":\"https:\/\/julesverne.com.tr\/\"},{\"@type\":\"ListItem\",\"position\":2,\"name\":\"5*Nehir Gemisi Amadolce ile Bordeaux ve \u015eatolar\"}]},{\"@type\":\"WebSite\",\"@id\":\"https:\/\/julesverne.com.tr\/#website\",\"url\":\"https:\/\/julesverne.com.tr\/\",\"name\":\"JULES VERNE BUSINESS MICE TRAVEL\",\"description\":\"\",\"publisher\":{\"@id\":\"https:\/\/julesverne.com.tr\/#organization\"},\"potentialAction\":[{\"@type\":\"SearchAction\",\"target\":{\"@type\":\"EntryPoint\",\"urlTemplate\":\"https:\/\/julesverne.com.tr\/?s={search_term_string}\"},\"query-input\":\"required name=search_term_string\"}],\"inLanguage\":\"en-US\"},{\"@type\":\"Organization\",\"@id\":\"https:\/\/julesverne.com.tr\/#organization\",\"name\":\"JULES VERNE BUSINESS MICE TRAVEL\",\"url\":\"https:\/\/julesverne.com.tr\/\",\"logo\":{\"@type\":\"ImageObject\",\"inLanguage\":\"en-US\",\"@id\":\"https:\/\/julesverne.com.tr\/#\/schema\/logo\/image\/\",\"url\":\"https:\/\/julesverne.com.tr\/wp-content\/uploads\/2020\/09\/jv-bmt-logo.png\",\"contentUrl\":\"https:\/\/julesverne.com.tr\/wp-content\/uploads\/2020\/09\/jv-bmt-logo.png\",\"width\":110,\"height\":81,\"caption\":\"JULES VERNE BUSINESS MICE TRAVEL\"},\"image\":{\"@id\":\"https:\/\/julesverne.com.tr\/#\/schema\/logo\/image\/\"},\"sameAs\":[\"https:\/\/www.facebook.com\/JulesVerneBusinessMiceTravel\/\",\"https:\/\/twitter.com\/JV_BusinessMice\",\"https:\/\/www.instagram.com\/julesvernebusinessmicetravel\/\",\"https:\/\/www.linkedin.com\/company\/julesvernebusinessmicetravel\/\",\"https:\/\/www.youtube.com\/channel\/UCAwdsmbZ6tFhu1tea6pkpiw\"]},{\"@type\":\"Person\",\"@id\":\"https:\/\/julesverne.com.tr\/#\/schema\/person\/f4eb0514ae455538644c31b99a466fdb\",\"name\":\"fikirman\",\"sameAs\":[\"http:\/\/advermedya.net\/julesverne\"],\"url\":\"https:\/\/julesverne.com.tr\/en\/author\/fikirman\/\"}]}<\/script>\n<!-- \/ Yoast SEO plugin. -->","yoast_head_json":{"title":"5*Nehir Gemisi Amadolce ile Bordeaux ve \u015eatolar - JULES VERNE BUSINESS MICE TRAVEL","robots":{"index":"index","follow":"follow","max-snippet":"max-snippet:-1","max-image-preview":"max-image-preview:large","max-video-preview":"max-video-preview:-1"},"canonical":"https:\/\/julesverne.com.tr\/travel-blog\/5nehir-gemisi-amadolce-ile-bordeaux-ve-satolar\/","og_locale":"en_US","og_type":"article","og_title":"5*Nehir Gemisi Amadolce ile Bordeaux ve \u015eatolar - JULES VERNE BUSINESS MICE TRAVEL","og_description":"Nefis bir rotada harika bir gemi ile Frans\u0131z gustosunu ke\u015ffe &ccedil;\u0131k\u0131yoruz!&nbsp;","og_url":"https:\/\/julesverne.com.tr\/travel-blog\/5nehir-gemisi-amadolce-ile-bordeaux-ve-satolar\/","og_site_name":"JULES VERNE BUSINESS MICE TRAVEL","article_publisher":"https:\/\/www.facebook.com\/JulesVerneBusinessMiceTravel\/","article_published_time":"2018-03-15T08:11:39+00:00","article_modified_time":"2020-09-21T14:36:21+00:00","og_image":[{"width":740,"height":493,"url":"https:\/\/julesverne.com.tr\/wp-content\/uploads\/2020\/09\/bourg.jpg","type":"image\/jpeg"}],"author":"fikirman","twitter_card":"summary_large_image","twitter_creator":"@JV_BusinessMice","twitter_site":"@JV_BusinessMice","twitter_misc":{"Written by":"fikirman","Est. reading time":"4 minutes"},"schema":{"@context":"https:\/\/schema.org","@graph":[{"@type":"Article","@id":"https:\/\/julesverne.com.tr\/travel-blog\/5nehir-gemisi-amadolce-ile-bordeaux-ve-satolar\/#article","isPartOf":{"@id":"https:\/\/julesverne.com.tr\/travel-blog\/5nehir-gemisi-amadolce-ile-bordeaux-ve-satolar\/"},"author":{"name":"fikirman","@id":"https:\/\/julesverne.com.tr\/#\/schema\/person\/f4eb0514ae455538644c31b99a466fdb"},"headline":"5*Nehir Gemisi Amadolce ile Bordeaux ve \u015eatolar","datePublished":"2018-03-15T08:11:39+00:00","dateModified":"2020-09-21T14:36:21+00:00","mainEntityOfPage":{"@id":"https:\/\/julesverne.com.tr\/travel-blog\/5nehir-gemisi-amadolce-ile-bordeaux-ve-satolar\/"},"wordCount":904,"publisher":{"@id":"https:\/\/julesverne.com.tr\/#organization"},"image":{"@id":"https:\/\/julesverne.com.tr\/travel-blog\/5nehir-gemisi-amadolce-ile-bordeaux-ve-satolar\/#primaryimage"},"thumbnailUrl":"https:\/\/julesverne.com.tr\/wp-content\/uploads\/2020\/09\/bourg.jpg","articleSection":["Blog"],"inLanguage":"en-US"},{"@type":"WebPage","@id":"https:\/\/julesverne.com.tr\/travel-blog\/5nehir-gemisi-amadolce-ile-bordeaux-ve-satolar\/","url":"https:\/\/julesverne.com.tr\/travel-blog\/5nehir-gemisi-amadolce-ile-bordeaux-ve-satolar\/","name":"5*Nehir Gemisi Amadolce ile Bordeaux ve \u015eatolar - JULES VERNE BUSINESS MICE TRAVEL","isPartOf":{"@id":"https:\/\/julesverne.com.tr\/#website"},"primaryImageOfPage":{"@id":"https:\/\/julesverne.com.tr\/travel-blog\/5nehir-gemisi-amadolce-ile-bordeaux-ve-satolar\/#primaryimage"},"image":{"@id":"https:\/\/julesverne.com.tr\/travel-blog\/5nehir-gemisi-amadolce-ile-bordeaux-ve-satolar\/#primaryimage"},"thumbnailUrl":"https:\/\/julesverne.com.tr\/wp-content\/uploads\/2020\/09\/bourg.jpg","datePublished":"2018-03-15T08:11:39+00:00","dateModified":"2020-09-21T14:36:21+00:00","breadcrumb":{"@id":"https:\/\/julesverne.com.tr\/travel-blog\/5nehir-gemisi-amadolce-ile-bordeaux-ve-satolar\/#breadcrumb"},"inLanguage":"en-US","potentialAction":[{"@type":"ReadAction","target":["https:\/\/julesverne.com.tr\/travel-blog\/5nehir-gemisi-amadolce-ile-bordeaux-ve-satolar\/"]}]},{"@type":"ImageObject","inLanguage":"en-US","@id":"https:\/\/julesverne.com.tr\/travel-blog\/5nehir-gemisi-amadolce-ile-bordeaux-ve-satolar\/#primaryimage","url":"https:\/\/julesverne.com.tr\/wp-content\/uploads\/2020\/09\/bourg.jpg","contentUrl":"https:\/\/julesverne.com.tr\/wp-content\/uploads\/2020\/09\/bourg.jpg","width":740,"height":493},{"@type":"BreadcrumbList","@id":"https:\/\/julesverne.com.tr\/travel-blog\/5nehir-gemisi-amadolce-ile-bordeaux-ve-satolar\/#breadcrumb","itemListElement":[{"@type":"ListItem","position":1,"name":"Anasayfa","item":"https:\/\/julesverne.com.tr\/"},{"@type":"ListItem","position":2,"name":"5*Nehir Gemisi Amadolce ile Bordeaux ve \u015eatolar"}]},{"@type":"WebSite","@id":"https:\/\/julesverne.com.tr\/#website","url":"https:\/\/julesverne.com.tr\/","name":"JULES VERNE BUSINESS MICE TRAVEL","description":"","publisher":{"@id":"https:\/\/julesverne.com.tr\/#organization"},"potentialAction":[{"@type":"SearchAction","target":{"@type":"EntryPoint","urlTemplate":"https:\/\/julesverne.com.tr\/?s={search_term_string}"},"query-input":"required name=search_term_string"}],"inLanguage":"en-US"},{"@type":"Organization","@id":"https:\/\/julesverne.com.tr\/#organization","name":"JULES VERNE BUSINESS MICE TRAVEL","url":"https:\/\/julesverne.com.tr\/","logo":{"@type":"ImageObject","inLanguage":"en-US","@id":"https:\/\/julesverne.com.tr\/#\/schema\/logo\/image\/","url":"https:\/\/julesverne.com.tr\/wp-content\/uploads\/2020\/09\/jv-bmt-logo.png","contentUrl":"https:\/\/julesverne.com.tr\/wp-content\/uploads\/2020\/09\/jv-bmt-logo.png","width":110,"height":81,"caption":"JULES VERNE BUSINESS MICE TRAVEL"},"image":{"@id":"https:\/\/julesverne.com.tr\/#\/schema\/logo\/image\/"},"sameAs":["https:\/\/www.facebook.com\/JulesVerneBusinessMiceTravel\/","https:\/\/twitter.com\/JV_BusinessMice","https:\/\/www.instagram.com\/julesvernebusinessmicetravel\/","https:\/\/www.linkedin.com\/company\/julesvernebusinessmicetravel\/","https:\/\/www.youtube.com\/channel\/UCAwdsmbZ6tFhu1tea6pkpiw"]},{"@type":"Person","@id":"https:\/\/julesverne.com.tr\/#\/schema\/person\/f4eb0514ae455538644c31b99a466fdb","name":"fikirman","sameAs":["http:\/\/advermedya.net\/julesverne"],"url":"https:\/\/julesverne.com.tr\/en\/author\/fikirman\/"}]}},"_links":{"self":[{"href":"https:\/\/julesverne.com.tr\/en\/wp-json\/wp\/v2\/posts\/1887"}],"collection":[{"href":"https:\/\/julesverne.com.tr\/en\/wp-json\/wp\/v2\/posts"}],"about":[{"href":"https:\/\/julesverne.com.tr\/en\/wp-json\/wp\/v2\/types\/post"}],"author":[{"embeddable":true,"href":"https:\/\/julesverne.com.tr\/en\/wp-json\/wp\/v2\/users\/1"}],"replies":[{"embeddable":true,"href":"https:\/\/julesverne.com.tr\/en\/wp-json\/wp\/v2\/comments?post=1887"}],"version-history":[{"count":0,"href":"https:\/\/julesverne.com.tr\/en\/wp-json\/wp\/v2\/posts\/1887\/revisions"}],"wp:featuredmedia":[{"embeddable":true,"href":"https:\/\/julesverne.com.tr\/en\/wp-json\/wp\/v2\/media\/1888"}],"wp:attachment":[{"href":"https:\/\/julesverne.com.tr\/en\/wp-json\/wp\/v2\/media?parent=1887"}],"wp:term":[{"taxonomy":"category","embeddable":true,"href":"https:\/\/julesverne.com.tr\/en\/wp-json\/wp\/v2\/categories?post=1887"},{"taxonomy":"post_tag","embeddable":true,"href":"https:\/\/julesverne.com.tr\/en\/wp-json\/wp\/v2\/tags?post=1887"}],"curies":[{"name":"wp","href":"https:\/\/api.w.org\/{rel}","templated":true}]}}