{"id":1886,"date":"2018-03-15T10:42:24","date_gmt":"2018-03-15T07:42:24","guid":{"rendered":"https:\/\/www.julesverne.com.tr\/\/blog\/denizin-mavisinden-nehir-perilerine-ramazan-bayraminda-guverteden-avrupa\/"},"modified":"2020-09-21T17:36:21","modified_gmt":"2020-09-21T14:36:21","slug":"denizin-mavisinden-nehir-perilerine-ramazan-bayraminda-guverteden-avrupa","status":"publish","type":"post","link":"https:\/\/julesverne.com.tr\/en\/travel-blog\/denizin-mavisinden-nehir-perilerine-ramazan-bayraminda-guverteden-avrupa\/","title":{"rendered":"Denizin Mavisinden Nehir Perilerine: Ramazan Bayram\u0131&#8217;nda G\u00fcverteden Avrupa"},"content":{"rendered":"<p><p style=\"text-align: center;\"><img loading=\"lazy\" decoding=\"async\" class=\"alignnone size-full wp-image-4943\" src=\"https:\/\/www.julesverne.com.tr\/\/wp-content\/uploads\/2020\/09\/shutterstock_120995170.jpg\" width=\"1000\" height=\"667\" alt=\"\" srcset=\"https:\/\/julesverne.com.tr\/wp-content\/uploads\/2020\/09\/shutterstock_120995170.jpg 1000w, https:\/\/julesverne.com.tr\/wp-content\/uploads\/2020\/09\/shutterstock_120995170-500x334.jpg 500w, https:\/\/julesverne.com.tr\/wp-content\/uploads\/2020\/09\/shutterstock_120995170-768x512.jpg 768w\" sizes=\"(max-width: 1000px) 100vw, 1000px\" \/><\/p>\n<p>Denizin mavisi huzur, y&uuml;z&uuml;n&uuml;ze &ccedil;arpan tuzu ya\u015fam\u0131n kendisidir. Heyecan ve enerji verir. Hele bir de y&uuml;zen, konforlu bir geminin g&uuml;vertesinden k\u0131y\u0131lar\u0131 seyre dalarak denizden geliyor olmak tarifsiz bir deneyime d&ouml;n&uuml;\u015f&uuml;r. Her sabah yeni bir co\u011frafyaya uyan\u0131rs\u0131n\u0131z. \u0130talyanlar lezzet c&uuml;mb&uuml;\u015f&uuml; yemekleri ve \u015faraplar\u0131yla pe\u015finize d&uuml;\u015ferken, birka&ccedil; deniz mili sonras\u0131 ma\u011frur Fransa sizi mavinin en pastel tonunda nostaljik liman-kentleriyle kar\u015f\u0131lar, bir Chagall tablosunun i&ccedil;ine giriverirsiniz. Kuzeyin denizcileri \u0130rlandal\u0131lar &ccedil;ocuksu ne\u015feleri ve misafirperverlikleriyle i&ccedil;inizi \u0131s\u0131t\u0131rlar. Denizden gelen, en &ccedil;ok g&ouml;rendir deyince akl\u0131m\u0131za Vikingler d&uuml;\u015fer, kuzeyin Akdenizlileri Danimarkal\u0131lar\u0131n k\u0131y\u0131lar\u0131na demir atar\u0131z.&nbsp;<\/p>\n<p style=\"text-align: center;\"><img loading=\"lazy\" decoding=\"async\" class=\"alignnone size-full wp-image-4944\" src=\"https:\/\/www.julesverne.com.tr\/\/wp-content\/uploads\/2020\/09\/shutterstock_400286677.jpg\" width=\"1000\" height=\"667\" alt=\"\" srcset=\"https:\/\/julesverne.com.tr\/wp-content\/uploads\/2020\/09\/shutterstock_400286677.jpg 1000w, https:\/\/julesverne.com.tr\/wp-content\/uploads\/2020\/09\/shutterstock_400286677-500x334.jpg 500w, https:\/\/julesverne.com.tr\/wp-content\/uploads\/2020\/09\/shutterstock_400286677-768x512.jpg 768w\" sizes=\"(max-width: 1000px) 100vw, 1000px\" \/><\/p>\n<p><strong>Bu yaz denizde olal\u0131m. Bir k\u0131y\u0131dan di\u011ferine de\u011fi\u015fen insan\u0131, dili ve renkleriyle Avrupa&rsquo;n\u0131n mavi co\u011frafyalar\u0131n\u0131 tan\u0131rken, konforun ve e\u011flencenin de tad\u0131n\u0131 &ccedil;\u0131karal\u0131m. Ramazan Bayram\u0131 tatilinde maviliklere a&ccedil;\u0131lal\u0131m&#8230;<\/strong><\/p>\n<h4><strong>Amadolce ile Bordeaux ve \u015eatolar | 14-21 Haziran<\/strong><\/h4>\n<p style=\"text-align: center;\"><a href=\"..\/..\/bizden-haberler\/5nehir-gemisi-amadolce-ile-bordeaux-ve-satolar\" target=\"_blank\" rel=\"noopener noreferrer\"><strong><img loading=\"lazy\" decoding=\"async\" class=\"alignnone size-full wp-image-4945\" src=\"https:\/\/www.julesverne.com.tr\/\/wp-content\/uploads\/2020\/09\/ship_8_sightseebybike_gallery-1.jpg\" width=\"740\" height=\"493\" alt=\"\" srcset=\"https:\/\/julesverne.com.tr\/wp-content\/uploads\/2020\/09\/ship_8_sightseebybike_gallery-1.jpg 740w, https:\/\/julesverne.com.tr\/wp-content\/uploads\/2020\/09\/ship_8_sightseebybike_gallery-1-500x333.jpg 500w\" sizes=\"(max-width: 740px) 100vw, 740px\" \/><\/strong><\/a><\/p>\n<p>Nefis bir rotada harika bir gemi ile Frans\u0131z gustosunu ke\u015ffe &ccedil;\u0131k\u0131yoruz! Nehir perisi AmaDolce&nbsp; sa\u011fl\u0131kl\u0131 mutfa\u011f\u0131 ve &ldquo;bisikletler g&uuml;vertede&ldquo; temas\u0131yla keyifli, hareketli ve mutlu bir nehir gezisi i&ccedil;in ke\u015ffedilmeyi bekliyor.&nbsp; Rota ayr\u0131ca &ccedil;ok &ccedil;ekici: Bol bol \u015farap tad\u0131m\u0131 yapaca\u011f\u0131n\u0131z ve do\u011fan\u0131n tad\u0131n\u0131 &ccedil;\u0131karaca\u011f\u0131n\u0131z bu program, sadece b&ouml;lge co\u011frafyas\u0131n\u0131 de\u011fil, Frans\u0131z gustosuna da bir yolculuk olacak&#8230;<\/p>\n<p><a href=\"..\/..\/bizden-haberler\/5nehir-gemisi-amadolce-ile-bordeaux-ve-satolar\" target=\"_blank\" rel=\"noopener noreferrer\"><strong>14-21 Haziran tarihlerinde 7 gece, 8 g&uuml;n s&uuml;recek gezinizin t&uuml;m detaylar\u0131 i&ccedil;in t\u0131klay\u0131n! <\/strong><\/a><br \/><strong>Ki\u015fi ba\u015f\u0131 1.899 Euro&#8217;dan ba\u015flayan fiyatlarla&#8230;<\/strong><\/p>\n<h4><strong>Mega yat Callisto ile Adriyatik Sahilleri | 10-17 Haziran \/ 19-26 A\u011fustos<\/strong><\/h4>\n<p style=\"text-align: center;\"><a href=\"..\/..\/bizden-haberler\/my-callisto-ile-adriyatik-sahilleri\" target=\"_blank\" rel=\"noopener noreferrer\"><strong><img loading=\"lazy\" decoding=\"async\" class=\"alignnone size-full wp-image-4946\" src=\"https:\/\/www.julesverne.com.tr\/\/wp-content\/uploads\/2020\/09\/my_callisto-1.jpg\" width=\"740\" height=\"493\" alt=\"\" srcset=\"https:\/\/julesverne.com.tr\/wp-content\/uploads\/2020\/09\/my_callisto-1.jpg 740w, https:\/\/julesverne.com.tr\/wp-content\/uploads\/2020\/09\/my_callisto-1-500x333.jpg 500w\" sizes=\"(max-width: 740px) 100vw, 740px\" \/><\/strong><\/a><\/p>\n<p>Mega Yat Callisto ile ye\u015fil &amp; mavinin en c&ouml;mert tonlar\u0131na demir at\u0131p Dalma&ccedil;ya k\u0131y\u0131lar\u0131n\u0131 ke\u015ffe &ccedil;\u0131k\u0131yoruz&#8230; Dalma&ccedil;ya&rsquo;n\u0131n g&ouml;z bebe\u011fi <strong>Split<\/strong>, kuzey Adriyatik sahillerinin en &ccedil;ekici kasabalar\u0131ndan <strong>Rab<\/strong>, muhte\u015fem bir orta&ccedil;a\u011f\u0131 kasabas\u0131 olan <strong>Sibenik<\/strong>, H\u0131rvatistan&rsquo;\u0131n en popular tatil destinasyonu <strong>Hvar,<\/strong> gotik ve zengin r&ouml;nesans mimari yap\u0131lar\u0131yla capcanl\u0131 bir sanat tarihi kitab\u0131 gibi <strong>Korcula<\/strong>, nefes kesici g&uuml;zellikteki plajlar\u0131 ve s\u0131cac\u0131k insanlar\u0131yla <strong>Karada\u011f<\/strong>&nbsp;sizleri bekliyor&#8230;.<\/p>\n<p><a href=\"..\/..\/bizden-haberler\/mega-yat-callisto-ile-adriyatik-sahilleri\" target=\"_blank\" rel=\"noopener noreferrer\"><strong>10-17 Haziran tarihlerinde 7 gece, 8 g&uuml;n s&uuml;recek gezinizin t&uuml;m detaylar\u0131 i&ccedil;in t\u0131klay\u0131n! <\/strong><\/a><br \/><strong>Ki\u015fi ba\u015f\u0131 1.950 Euro&#8217;dan ba\u015flayan fiyatlarla&#8230;<\/strong><\/p>\n<h4><strong>&ldquo;Y&uuml;zen E\u011flence&rdquo; Disney Magic ile Akdeniz | 16-23 Haziran&nbsp;<\/strong><\/h4>\n<p style=\"text-align: center;\"><a href=\"..\/..\/bizden-haberler\/disney-magic-ile-akdeniz\" target=\"_blank\" rel=\"noopener noreferrer\"><strong><img loading=\"lazy\" decoding=\"async\" class=\"alignnone size-full wp-image-4947\" src=\"https:\/\/www.julesverne.com.tr\/\/wp-content\/uploads\/2020\/09\/disney1-2.jpg\" width=\"800\" height=\"532\" alt=\"\" srcset=\"https:\/\/julesverne.com.tr\/wp-content\/uploads\/2020\/09\/disney1-2.jpg 800w, https:\/\/julesverne.com.tr\/wp-content\/uploads\/2020\/09\/disney1-2-500x333.jpg 500w, https:\/\/julesverne.com.tr\/wp-content\/uploads\/2020\/09\/disney1-2-768x511.jpg 768w\" sizes=\"(max-width: 800px) 100vw, 800px\" \/><\/strong><\/a><\/p>\n<p>Disney&rsquo;in r&uuml;ya aleminde &ouml;m&uuml;r boyu unutulmayacak, aile boyu bir cruise seyahatine ne dersiniz? Y\u0131llard\u0131r filmlerde izledi\u011fimiz me\u015fhur Disney kahramanlar\u0131 ile Frozen, G&uuml;zel ve &Ccedil;irkin gibi m&uuml;zikal ve \u015fovlar, Korsan geceleri, Disney&rsquo;in &ouml;zel adas\u0131na ziyaret, Mickey, Minnie, Cinderella, Elsa gibi Disney karakterleri ile tan\u0131\u015fma ve foto\u011fraf &ccedil;ektirme gibi birbirinden e\u011flenceli etkinlik sizleri bekliyor&hellip;&nbsp;<\/p>\n<p><strong><a href=\"..\/..\/bizden-haberler\/disney-magic-ile-akdeniz\" target=\"_blank\" rel=\"noopener noreferrer\">16-23 Haziran tarihlerinde 7 gece, 8 g&uuml;n s&uuml;recek gezinizin t&uuml;m detaylar\u0131 i&ccedil;in t\u0131klay\u0131n!&nbsp;<\/a><br \/><\/strong><strong>Ki\u015fi ba\u015f\u0131 2.100 Euro&#8217;dan ba\u015flayan fiyatlarla&#8230;<\/strong><\/p>\n<p>&nbsp;<\/p><\/p>\n","protected":false},"excerpt":{"rendered":"<p><span style=\"font-size: 11.0pt; line-height: 107%; font-family: 'Calibri',sans-serif; mso-ascii-theme-font: minor-latin; mso-fareast-font-family: Calibri; mso-fareast-theme-font: minor-latin; mso-hansi-theme-font: minor-latin; mso-bidi-font-family: 'Times New Roman'; mso-bidi-theme-font: minor-bidi; mso-ansi-language: TR; mso-fareast-language: TR; mso-bidi-language: AR-SA;\">Bu yaz denizde olal\u0131m, bir k\u0131y\u0131dan di\u011ferine de\u011fi\u015fen insan\u0131, dili ve renkleriyle Avrupa&rsquo;n\u0131n mavi co\u011frafyalar\u0131n\u0131 tan\u0131rken, konforun ve e\u011flencenin de tad\u0131n\u0131 &ccedil;\u0131karal\u0131m, Ramazan Bayram\u0131 tatilinde maviliklere a&ccedil;\u0131lal\u0131m diye sizler i&ccedil;in se&ccedil;tik.<\/span><\/p>\n","protected":false},"author":1,"featured_media":570,"comment_status":"closed","ping_status":"closed","sticky":false,"template":"","format":"standard","meta":{"inline_featured_image":false,"footnotes":""},"categories":[1],"tags":[],"acf":[],"yoast_head":"<!-- This site is optimized with the Yoast SEO plugin v22.3 - https:\/\/yoast.com\/wordpress\/plugins\/seo\/ -->\n<title>Denizin Mavisinden Nehir Perilerine: Ramazan Bayram\u0131&#039;nda G\u00fcverteden Avrupa - JULES VERNE BUSINESS MICE TRAVEL<\/title>\n<meta name=\"robots\" content=\"index, follow, max-snippet:-1, max-image-preview:large, max-video-preview:-1\" \/>\n<link rel=\"canonical\" href=\"https:\/\/julesverne.com.tr\/travel-blog\/denizin-mavisinden-nehir-perilerine-ramazan-bayraminda-guverteden-avrupa\/\" \/>\n<meta property=\"og:locale\" content=\"en_US\" \/>\n<meta property=\"og:type\" content=\"article\" \/>\n<meta property=\"og:title\" content=\"Denizin Mavisinden Nehir Perilerine: Ramazan Bayram\u0131&#039;nda G\u00fcverteden Avrupa - JULES VERNE BUSINESS MICE TRAVEL\" \/>\n<meta property=\"og:description\" content=\"Bu yaz denizde olal\u0131m, bir k\u0131y\u0131dan di\u011ferine de\u011fi\u015fen insan\u0131, dili ve renkleriyle Avrupa&rsquo;n\u0131n mavi co\u011frafyalar\u0131n\u0131 tan\u0131rken, konforun ve e\u011flencenin de tad\u0131n\u0131 &ccedil;\u0131karal\u0131m, Ramazan Bayram\u0131 tatilinde maviliklere a&ccedil;\u0131lal\u0131m diye sizler i&ccedil;in se&ccedil;tik.\" \/>\n<meta property=\"og:url\" content=\"https:\/\/julesverne.com.tr\/travel-blog\/denizin-mavisinden-nehir-perilerine-ramazan-bayraminda-guverteden-avrupa\/\" \/>\n<meta property=\"og:site_name\" content=\"JULES VERNE BUSINESS MICE TRAVEL\" \/>\n<meta property=\"article:publisher\" content=\"https:\/\/www.facebook.com\/JulesVerneBusinessMiceTravel\/\" \/>\n<meta property=\"article:published_time\" content=\"2018-03-15T07:42:24+00:00\" \/>\n<meta property=\"article:modified_time\" content=\"2020-09-21T14:36:21+00:00\" \/>\n<meta property=\"og:image\" content=\"https:\/\/julesverne.com.tr\/wp-content\/uploads\/2020\/08\/kapak.png\" \/>\n\t<meta property=\"og:image:width\" content=\"742\" \/>\n\t<meta property=\"og:image:height\" content=\"309\" \/>\n\t<meta property=\"og:image:type\" content=\"image\/png\" \/>\n<meta name=\"author\" content=\"fikirman\" \/>\n<meta name=\"twitter:card\" content=\"summary_large_image\" \/>\n<meta name=\"twitter:creator\" content=\"@JV_BusinessMice\" \/>\n<meta name=\"twitter:site\" content=\"@JV_BusinessMice\" \/>\n<meta name=\"twitter:label1\" content=\"Written by\" \/>\n\t<meta name=\"twitter:data1\" content=\"fikirman\" \/>\n\t<meta name=\"twitter:label2\" content=\"Est. reading time\" \/>\n\t<meta name=\"twitter:data2\" content=\"3 minutes\" \/>\n<script type=\"application\/ld+json\" class=\"yoast-schema-graph\">{\"@context\":\"https:\/\/schema.org\",\"@graph\":[{\"@type\":\"Article\",\"@id\":\"https:\/\/julesverne.com.tr\/travel-blog\/denizin-mavisinden-nehir-perilerine-ramazan-bayraminda-guverteden-avrupa\/#article\",\"isPartOf\":{\"@id\":\"https:\/\/julesverne.com.tr\/travel-blog\/denizin-mavisinden-nehir-perilerine-ramazan-bayraminda-guverteden-avrupa\/\"},\"author\":{\"name\":\"fikirman\",\"@id\":\"https:\/\/julesverne.com.tr\/#\/schema\/person\/f4eb0514ae455538644c31b99a466fdb\"},\"headline\":\"Denizin Mavisinden Nehir Perilerine: Ramazan Bayram\u0131&#8217;nda G\u00fcverteden Avrupa\",\"datePublished\":\"2018-03-15T07:42:24+00:00\",\"dateModified\":\"2020-09-21T14:36:21+00:00\",\"mainEntityOfPage\":{\"@id\":\"https:\/\/julesverne.com.tr\/travel-blog\/denizin-mavisinden-nehir-perilerine-ramazan-bayraminda-guverteden-avrupa\/\"},\"wordCount\":587,\"publisher\":{\"@id\":\"https:\/\/julesverne.com.tr\/#organization\"},\"image\":{\"@id\":\"https:\/\/julesverne.com.tr\/travel-blog\/denizin-mavisinden-nehir-perilerine-ramazan-bayraminda-guverteden-avrupa\/#primaryimage\"},\"thumbnailUrl\":\"https:\/\/julesverne.com.tr\/wp-content\/uploads\/2020\/08\/kapak.png\",\"articleSection\":[\"Blog\"],\"inLanguage\":\"en-US\"},{\"@type\":\"WebPage\",\"@id\":\"https:\/\/julesverne.com.tr\/travel-blog\/denizin-mavisinden-nehir-perilerine-ramazan-bayraminda-guverteden-avrupa\/\",\"url\":\"https:\/\/julesverne.com.tr\/travel-blog\/denizin-mavisinden-nehir-perilerine-ramazan-bayraminda-guverteden-avrupa\/\",\"name\":\"Denizin Mavisinden Nehir Perilerine: Ramazan Bayram\u0131'nda G\u00fcverteden Avrupa - JULES VERNE BUSINESS MICE TRAVEL\",\"isPartOf\":{\"@id\":\"https:\/\/julesverne.com.tr\/#website\"},\"primaryImageOfPage\":{\"@id\":\"https:\/\/julesverne.com.tr\/travel-blog\/denizin-mavisinden-nehir-perilerine-ramazan-bayraminda-guverteden-avrupa\/#primaryimage\"},\"image\":{\"@id\":\"https:\/\/julesverne.com.tr\/travel-blog\/denizin-mavisinden-nehir-perilerine-ramazan-bayraminda-guverteden-avrupa\/#primaryimage\"},\"thumbnailUrl\":\"https:\/\/julesverne.com.tr\/wp-content\/uploads\/2020\/08\/kapak.png\",\"datePublished\":\"2018-03-15T07:42:24+00:00\",\"dateModified\":\"2020-09-21T14:36:21+00:00\",\"breadcrumb\":{\"@id\":\"https:\/\/julesverne.com.tr\/travel-blog\/denizin-mavisinden-nehir-perilerine-ramazan-bayraminda-guverteden-avrupa\/#breadcrumb\"},\"inLanguage\":\"en-US\",\"potentialAction\":[{\"@type\":\"ReadAction\",\"target\":[\"https:\/\/julesverne.com.tr\/travel-blog\/denizin-mavisinden-nehir-perilerine-ramazan-bayraminda-guverteden-avrupa\/\"]}]},{\"@type\":\"ImageObject\",\"inLanguage\":\"en-US\",\"@id\":\"https:\/\/julesverne.com.tr\/travel-blog\/denizin-mavisinden-nehir-perilerine-ramazan-bayraminda-guverteden-avrupa\/#primaryimage\",\"url\":\"https:\/\/julesverne.com.tr\/wp-content\/uploads\/2020\/08\/kapak.png\",\"contentUrl\":\"https:\/\/julesverne.com.tr\/wp-content\/uploads\/2020\/08\/kapak.png\",\"width\":742,\"height\":309},{\"@type\":\"BreadcrumbList\",\"@id\":\"https:\/\/julesverne.com.tr\/travel-blog\/denizin-mavisinden-nehir-perilerine-ramazan-bayraminda-guverteden-avrupa\/#breadcrumb\",\"itemListElement\":[{\"@type\":\"ListItem\",\"position\":1,\"name\":\"Anasayfa\",\"item\":\"https:\/\/julesverne.com.tr\/\"},{\"@type\":\"ListItem\",\"position\":2,\"name\":\"Denizin Mavisinden Nehir Perilerine: Ramazan Bayram\u0131&#8217;nda G\u00fcverteden Avrupa\"}]},{\"@type\":\"WebSite\",\"@id\":\"https:\/\/julesverne.com.tr\/#website\",\"url\":\"https:\/\/julesverne.com.tr\/\",\"name\":\"JULES VERNE BUSINESS MICE TRAVEL\",\"description\":\"\",\"publisher\":{\"@id\":\"https:\/\/julesverne.com.tr\/#organization\"},\"potentialAction\":[{\"@type\":\"SearchAction\",\"target\":{\"@type\":\"EntryPoint\",\"urlTemplate\":\"https:\/\/julesverne.com.tr\/?s={search_term_string}\"},\"query-input\":\"required name=search_term_string\"}],\"inLanguage\":\"en-US\"},{\"@type\":\"Organization\",\"@id\":\"https:\/\/julesverne.com.tr\/#organization\",\"name\":\"JULES VERNE BUSINESS MICE TRAVEL\",\"url\":\"https:\/\/julesverne.com.tr\/\",\"logo\":{\"@type\":\"ImageObject\",\"inLanguage\":\"en-US\",\"@id\":\"https:\/\/julesverne.com.tr\/#\/schema\/logo\/image\/\",\"url\":\"https:\/\/julesverne.com.tr\/wp-content\/uploads\/2020\/09\/jv-bmt-logo.png\",\"contentUrl\":\"https:\/\/julesverne.com.tr\/wp-content\/uploads\/2020\/09\/jv-bmt-logo.png\",\"width\":110,\"height\":81,\"caption\":\"JULES VERNE BUSINESS MICE TRAVEL\"},\"image\":{\"@id\":\"https:\/\/julesverne.com.tr\/#\/schema\/logo\/image\/\"},\"sameAs\":[\"https:\/\/www.facebook.com\/JulesVerneBusinessMiceTravel\/\",\"https:\/\/twitter.com\/JV_BusinessMice\",\"https:\/\/www.instagram.com\/julesvernebusinessmicetravel\/\",\"https:\/\/www.linkedin.com\/company\/julesvernebusinessmicetravel\/\",\"https:\/\/www.youtube.com\/channel\/UCAwdsmbZ6tFhu1tea6pkpiw\"]},{\"@type\":\"Person\",\"@id\":\"https:\/\/julesverne.com.tr\/#\/schema\/person\/f4eb0514ae455538644c31b99a466fdb\",\"name\":\"fikirman\",\"sameAs\":[\"http:\/\/advermedya.net\/julesverne\"],\"url\":\"https:\/\/julesverne.com.tr\/en\/author\/fikirman\/\"}]}<\/script>\n<!-- \/ Yoast SEO plugin. -->","yoast_head_json":{"title":"Denizin Mavisinden Nehir Perilerine: Ramazan Bayram\u0131'nda G\u00fcverteden Avrupa - JULES VERNE BUSINESS MICE TRAVEL","robots":{"index":"index","follow":"follow","max-snippet":"max-snippet:-1","max-image-preview":"max-image-preview:large","max-video-preview":"max-video-preview:-1"},"canonical":"https:\/\/julesverne.com.tr\/travel-blog\/denizin-mavisinden-nehir-perilerine-ramazan-bayraminda-guverteden-avrupa\/","og_locale":"en_US","og_type":"article","og_title":"Denizin Mavisinden Nehir Perilerine: Ramazan Bayram\u0131'nda G\u00fcverteden Avrupa - JULES VERNE BUSINESS MICE TRAVEL","og_description":"Bu yaz denizde olal\u0131m, bir k\u0131y\u0131dan di\u011ferine de\u011fi\u015fen insan\u0131, dili ve renkleriyle Avrupa&rsquo;n\u0131n mavi co\u011frafyalar\u0131n\u0131 tan\u0131rken, konforun ve e\u011flencenin de tad\u0131n\u0131 &ccedil;\u0131karal\u0131m, Ramazan Bayram\u0131 tatilinde maviliklere a&ccedil;\u0131lal\u0131m diye sizler i&ccedil;in se&ccedil;tik.","og_url":"https:\/\/julesverne.com.tr\/travel-blog\/denizin-mavisinden-nehir-perilerine-ramazan-bayraminda-guverteden-avrupa\/","og_site_name":"JULES VERNE BUSINESS MICE TRAVEL","article_publisher":"https:\/\/www.facebook.com\/JulesVerneBusinessMiceTravel\/","article_published_time":"2018-03-15T07:42:24+00:00","article_modified_time":"2020-09-21T14:36:21+00:00","og_image":[{"width":742,"height":309,"url":"https:\/\/julesverne.com.tr\/wp-content\/uploads\/2020\/08\/kapak.png","type":"image\/png"}],"author":"fikirman","twitter_card":"summary_large_image","twitter_creator":"@JV_BusinessMice","twitter_site":"@JV_BusinessMice","twitter_misc":{"Written by":"fikirman","Est. reading time":"3 minutes"},"schema":{"@context":"https:\/\/schema.org","@graph":[{"@type":"Article","@id":"https:\/\/julesverne.com.tr\/travel-blog\/denizin-mavisinden-nehir-perilerine-ramazan-bayraminda-guverteden-avrupa\/#article","isPartOf":{"@id":"https:\/\/julesverne.com.tr\/travel-blog\/denizin-mavisinden-nehir-perilerine-ramazan-bayraminda-guverteden-avrupa\/"},"author":{"name":"fikirman","@id":"https:\/\/julesverne.com.tr\/#\/schema\/person\/f4eb0514ae455538644c31b99a466fdb"},"headline":"Denizin Mavisinden Nehir Perilerine: Ramazan Bayram\u0131&#8217;nda G\u00fcverteden Avrupa","datePublished":"2018-03-15T07:42:24+00:00","dateModified":"2020-09-21T14:36:21+00:00","mainEntityOfPage":{"@id":"https:\/\/julesverne.com.tr\/travel-blog\/denizin-mavisinden-nehir-perilerine-ramazan-bayraminda-guverteden-avrupa\/"},"wordCount":587,"publisher":{"@id":"https:\/\/julesverne.com.tr\/#organization"},"image":{"@id":"https:\/\/julesverne.com.tr\/travel-blog\/denizin-mavisinden-nehir-perilerine-ramazan-bayraminda-guverteden-avrupa\/#primaryimage"},"thumbnailUrl":"https:\/\/julesverne.com.tr\/wp-content\/uploads\/2020\/08\/kapak.png","articleSection":["Blog"],"inLanguage":"en-US"},{"@type":"WebPage","@id":"https:\/\/julesverne.com.tr\/travel-blog\/denizin-mavisinden-nehir-perilerine-ramazan-bayraminda-guverteden-avrupa\/","url":"https:\/\/julesverne.com.tr\/travel-blog\/denizin-mavisinden-nehir-perilerine-ramazan-bayraminda-guverteden-avrupa\/","name":"Denizin Mavisinden Nehir Perilerine: Ramazan Bayram\u0131'nda G\u00fcverteden Avrupa - JULES VERNE BUSINESS MICE TRAVEL","isPartOf":{"@id":"https:\/\/julesverne.com.tr\/#website"},"primaryImageOfPage":{"@id":"https:\/\/julesverne.com.tr\/travel-blog\/denizin-mavisinden-nehir-perilerine-ramazan-bayraminda-guverteden-avrupa\/#primaryimage"},"image":{"@id":"https:\/\/julesverne.com.tr\/travel-blog\/denizin-mavisinden-nehir-perilerine-ramazan-bayraminda-guverteden-avrupa\/#primaryimage"},"thumbnailUrl":"https:\/\/julesverne.com.tr\/wp-content\/uploads\/2020\/08\/kapak.png","datePublished":"2018-03-15T07:42:24+00:00","dateModified":"2020-09-21T14:36:21+00:00","breadcrumb":{"@id":"https:\/\/julesverne.com.tr\/travel-blog\/denizin-mavisinden-nehir-perilerine-ramazan-bayraminda-guverteden-avrupa\/#breadcrumb"},"inLanguage":"en-US","potentialAction":[{"@type":"ReadAction","target":["https:\/\/julesverne.com.tr\/travel-blog\/denizin-mavisinden-nehir-perilerine-ramazan-bayraminda-guverteden-avrupa\/"]}]},{"@type":"ImageObject","inLanguage":"en-US","@id":"https:\/\/julesverne.com.tr\/travel-blog\/denizin-mavisinden-nehir-perilerine-ramazan-bayraminda-guverteden-avrupa\/#primaryimage","url":"https:\/\/julesverne.com.tr\/wp-content\/uploads\/2020\/08\/kapak.png","contentUrl":"https:\/\/julesverne.com.tr\/wp-content\/uploads\/2020\/08\/kapak.png","width":742,"height":309},{"@type":"BreadcrumbList","@id":"https:\/\/julesverne.com.tr\/travel-blog\/denizin-mavisinden-nehir-perilerine-ramazan-bayraminda-guverteden-avrupa\/#breadcrumb","itemListElement":[{"@type":"ListItem","position":1,"name":"Anasayfa","item":"https:\/\/julesverne.com.tr\/"},{"@type":"ListItem","position":2,"name":"Denizin Mavisinden Nehir Perilerine: Ramazan Bayram\u0131&#8217;nda G\u00fcverteden Avrupa"}]},{"@type":"WebSite","@id":"https:\/\/julesverne.com.tr\/#website","url":"https:\/\/julesverne.com.tr\/","name":"JULES VERNE BUSINESS MICE TRAVEL","description":"","publisher":{"@id":"https:\/\/julesverne.com.tr\/#organization"},"potentialAction":[{"@type":"SearchAction","target":{"@type":"EntryPoint","urlTemplate":"https:\/\/julesverne.com.tr\/?s={search_term_string}"},"query-input":"required name=search_term_string"}],"inLanguage":"en-US"},{"@type":"Organization","@id":"https:\/\/julesverne.com.tr\/#organization","name":"JULES VERNE BUSINESS MICE TRAVEL","url":"https:\/\/julesverne.com.tr\/","logo":{"@type":"ImageObject","inLanguage":"en-US","@id":"https:\/\/julesverne.com.tr\/#\/schema\/logo\/image\/","url":"https:\/\/julesverne.com.tr\/wp-content\/uploads\/2020\/09\/jv-bmt-logo.png","contentUrl":"https:\/\/julesverne.com.tr\/wp-content\/uploads\/2020\/09\/jv-bmt-logo.png","width":110,"height":81,"caption":"JULES VERNE BUSINESS MICE TRAVEL"},"image":{"@id":"https:\/\/julesverne.com.tr\/#\/schema\/logo\/image\/"},"sameAs":["https:\/\/www.facebook.com\/JulesVerneBusinessMiceTravel\/","https:\/\/twitter.com\/JV_BusinessMice","https:\/\/www.instagram.com\/julesvernebusinessmicetravel\/","https:\/\/www.linkedin.com\/company\/julesvernebusinessmicetravel\/","https:\/\/www.youtube.com\/channel\/UCAwdsmbZ6tFhu1tea6pkpiw"]},{"@type":"Person","@id":"https:\/\/julesverne.com.tr\/#\/schema\/person\/f4eb0514ae455538644c31b99a466fdb","name":"fikirman","sameAs":["http:\/\/advermedya.net\/julesverne"],"url":"https:\/\/julesverne.com.tr\/en\/author\/fikirman\/"}]}},"_links":{"self":[{"href":"https:\/\/julesverne.com.tr\/en\/wp-json\/wp\/v2\/posts\/1886"}],"collection":[{"href":"https:\/\/julesverne.com.tr\/en\/wp-json\/wp\/v2\/posts"}],"about":[{"href":"https:\/\/julesverne.com.tr\/en\/wp-json\/wp\/v2\/types\/post"}],"author":[{"embeddable":true,"href":"https:\/\/julesverne.com.tr\/en\/wp-json\/wp\/v2\/users\/1"}],"replies":[{"embeddable":true,"href":"https:\/\/julesverne.com.tr\/en\/wp-json\/wp\/v2\/comments?post=1886"}],"version-history":[{"count":0,"href":"https:\/\/julesverne.com.tr\/en\/wp-json\/wp\/v2\/posts\/1886\/revisions"}],"wp:featuredmedia":[{"embeddable":true,"href":"https:\/\/julesverne.com.tr\/en\/wp-json\/wp\/v2\/media\/570"}],"wp:attachment":[{"href":"https:\/\/julesverne.com.tr\/en\/wp-json\/wp\/v2\/media?parent=1886"}],"wp:term":[{"taxonomy":"category","embeddable":true,"href":"https:\/\/julesverne.com.tr\/en\/wp-json\/wp\/v2\/categories?post=1886"},{"taxonomy":"post_tag","embeddable":true,"href":"https:\/\/julesverne.com.tr\/en\/wp-json\/wp\/v2\/tags?post=1886"}],"curies":[{"name":"wp","href":"https:\/\/api.w.org\/{rel}","templated":true}]}}