{"id":1876,"date":"2018-02-22T10:23:41","date_gmt":"2018-02-22T07:23:41","guid":{"rendered":"https:\/\/www.julesverne.com.tr\/\/blog\/bu-bahar-endulus-baska-guzel\/"},"modified":"2021-03-04T15:20:42","modified_gmt":"2021-03-04T12:20:42","slug":"bu-bahar-endulus-baska-guzel","status":"publish","type":"post","link":"https:\/\/julesverne.com.tr\/en\/travel-blog\/bu-bahar-endulus-baska-guzel\/","title":{"rendered":"Bu Bahar End\u00fcl\u00fcs Ba\u015fka G\u00fczel!"},"content":{"rendered":"<p><p style=\"text-align: center;\"><img loading=\"lazy\" decoding=\"async\" class=\"alignnone size-full wp-image-4986\" src=\"https:\/\/www.julesverne.com.tr\/\/wp-content\/uploads\/2020\/09\/seville2.jpg\" width=\"1000\" height=\"647\" alt=\"sevilla \" srcset=\"https:\/\/julesverne.com.tr\/wp-content\/uploads\/2020\/09\/seville2.jpg 1000w, https:\/\/julesverne.com.tr\/wp-content\/uploads\/2020\/09\/seville2-500x324.jpg 500w, https:\/\/julesverne.com.tr\/wp-content\/uploads\/2020\/09\/seville2-768x497.jpg 768w\" sizes=\"(max-width: 1000px) 100vw, 1000px\" \/><\/p>\n<p>Sadece \u0130spanya&#8217;n\u0131n g&uuml;neyini de\u011fil tarihe b\u0131rakt\u0131\u011f\u0131 de\u011ferlerle t&uuml;m d&uuml;nyaya g&uuml;zel izler b\u0131rakan End&uuml;l&uuml;s B&ouml;lgesi, 8-15.y&uuml;zy\u0131l aras\u0131nda \u0130ber Yar\u0131madas\u0131&#8217;ndaki Arap medeniyetini ve k&uuml;lt&uuml;rel miras\u0131n\u0131 bug&uuml;n de ya\u015fatmaya devam ediyor. T&uuml;m din ve inan&ccedil;lara sayg\u0131 duyan Emeviler&#8217;in bug&uuml;n bile devrim say\u0131lacak bir sosyal sistem olu\u015fturmas\u0131 bilim, sanat ve k&uuml;lt&uuml;rde &ccedil;ok &ouml;nemli izler b\u0131rakm\u0131\u015f. &Ouml;zg&uuml;r d&uuml;\u015f&uuml;ncenin, farkl\u0131 inan\u0131\u015f ve k&uuml;lt&uuml;rel zenginli\u011fin sonucu olarak End&uuml;l&uuml;s B&ouml;lgesi g&ouml;z al\u0131c\u0131 saraylara, camilere, m&uuml;zelere sahip.<\/p>\n<p style=\"text-align: center;\"><img loading=\"lazy\" decoding=\"async\" class=\"alignnone size-full wp-image-4987\" src=\"https:\/\/www.julesverne.com.tr\/\/wp-content\/uploads\/2020\/09\/cordoba2.jpg\" width=\"1000\" height=\"667\" alt=\"\" srcset=\"https:\/\/julesverne.com.tr\/wp-content\/uploads\/2020\/09\/cordoba2.jpg 1000w, https:\/\/julesverne.com.tr\/wp-content\/uploads\/2020\/09\/cordoba2-500x334.jpg 500w, https:\/\/julesverne.com.tr\/wp-content\/uploads\/2020\/09\/cordoba2-768x512.jpg 768w\" sizes=\"(max-width: 1000px) 100vw, 1000px\" \/><\/p>\n<p>R&ouml;nesans&rsquo;\u0131n temelinin at\u0131ld\u0131\u011f\u0131na inan\u0131lan End&uuml;l&uuml;s&rsquo;&uuml; salt g&ouml;rmek de\u011fil ya\u015famak i&ccedil;in, hayranl\u0131k uyand\u0131ran tarihi anekdotlar\u0131 &ouml;\u011frenmek i&ccedil;in baharda \u0130spanya&rsquo;n\u0131n tarih kokan b&ouml;lgesine yolculu\u011fa &ccedil;\u0131k\u0131yoruz. Bol bol y&uuml;r&uuml;y&uuml;\u015f yap\u0131p, hayaller kuraca\u011f\u0131n\u0131z Granada; birbirinden ihti\u015faml\u0131 binalarla dolu tarih kokan sokaklar\u0131n adresi Sevilla; etkileyici mimarisi ve dolamba&ccedil;l\u0131 sokaklar\u0131yla &uuml;nl&uuml; Cordoba; End&uuml;l&uuml;s&#8217;&uuml;n beyaz kasabalar\u0131n\u0131n en g&uuml;zel sembol&uuml; olan ve b&uuml;y&uuml;leyici bir manzaraya sahip Ronda ke\u015ffettik&ccedil;e sizi daha da etkileyecek. G&uuml;ne\u015fin kendini bol bol g&ouml;stermeye ba\u015flad\u0131\u011f\u0131 bu g&uuml;zel bahar aylar\u0131nda 4 gece, 5 g&uuml;n s&uuml;recek bir End&uuml;l&uuml;s Seyahati&rsquo;ne haz\u0131r m\u0131s\u0131n\u0131z?<\/p>\n<p style=\"text-align: center;\"><img loading=\"lazy\" decoding=\"async\" class=\"alignnone size-full wp-image-4988\" src=\"https:\/\/www.julesverne.com.tr\/\/wp-content\/uploads\/2020\/09\/ronda.jpg\" width=\"1000\" height=\"667\" alt=\"\" srcset=\"https:\/\/julesverne.com.tr\/wp-content\/uploads\/2020\/09\/ronda.jpg 1000w, https:\/\/julesverne.com.tr\/wp-content\/uploads\/2020\/09\/ronda-500x334.jpg 500w, https:\/\/julesverne.com.tr\/wp-content\/uploads\/2020\/09\/ronda-768x512.jpg 768w\" sizes=\"(max-width: 1000px) 100vw, 1000px\" \/><\/p>\n<h4><strong>1. G&uuml;n&nbsp; &nbsp; \u0130stanbul &#8211; Malaga &#8211; Granada&nbsp;<\/strong><\/h4>\n<p>T&uuml;rk Hava Yollar\u0131&rsquo;n\u0131n TK1305 say\u0131l\u0131 seferi ile 08.30&rsquo;da \u0130stanbul Atat&uuml;rk Havaliman\u0131&rsquo;ndan Malaga&rsquo;ya hareket. Yakla\u015f\u0131k 4,5 saat s&uuml;recek u&ccedil;u\u015fun ard\u0131ndan 12.10&rsquo;da Malaga Costa Del Sol Havaliman\u0131&rsquo;na var\u0131\u015f. Var\u0131\u015f\u0131n\u0131za istinaden ad\u0131n\u0131za rezerve edilmi\u015f kiral\u0131k arac\u0131n\u0131z\u0131 teslim alarak yakla\u015f\u0131k 1,5 saat uzakl\u0131kta bulunan Granada&rsquo;daki otelinize hareket. Geceleme otelde.&nbsp;&nbsp;<\/p>\n<h4><strong>2. G&uuml;n&nbsp; &nbsp; Granada &#8211; Sevilla<\/strong><\/h4>\n<p>Sabah saatlerinde Elhamra Saray\u0131&rsquo;n\u0131 ziyaret edebilirsiniz. 1232 y\u0131l\u0131nda Granada&rsquo;da in\u015fa edilmi\u015f ve \u0130slam mimarisinin ula\u015fabilece\u011fi en y&uuml;ksek noktalardan biri olarak kabul edilen UNESCO D&uuml;nya Miras\u0131 Listesi&rsquo;neki <strong>Elhamra Saray<\/strong>\u0131&rsquo;nda <em><strong>Alcazaba, Partal ve Nasrid Saray\u0131<\/strong> <\/em>b&ouml;l&uuml;mlerini gezecek, do\u011fal &ccedil;evre ile uyumu, granit yap\u0131s\u0131, farkl\u0131 s&uuml;slemeleri, ku\u015f seslerinin su seslerine kar\u0131\u015ft\u0131\u011f\u0131 <em><strong>Generalife<\/strong><\/em> bah&ccedil;eleri ve havuzlar\u0131n\u0131 g&ouml;receksiniz. Gezinin ard\u0131ndan yakla\u015f\u0131k 3 saat uzakl\u0131kta yer alan Sevilla&rsquo;da bulunan otelinize hareket. Geceleme otelde.<\/p>\n<h4><strong>3. G&uuml;n&nbsp; &nbsp; Sevilla<\/strong><\/h4>\n<p>Bug&uuml;n Sevilla \u015fehrini ke\u015ffediyorsunuz. \u0130spanya&rsquo;n\u0131n en b&uuml;y&uuml;k 4. \u015eehri olan Sevilla ayn\u0131 zamanda End&uuml;l&uuml;s b&ouml;lgesinin siyasi, k&uuml;lt&uuml;rel ve finansal ba\u015fkenti. Gotik tarzda in\u015fa edilen en b&uuml;y&uuml;k kilisesi olma &ouml;zelli\u011fiyle \u015fehrin simgelerinden olan <strong>Sevilla Katedrali<\/strong>, ilk olarak M&uuml;sl&uuml;manlar taraf\u0131ndan <strong>Emevi Camisi<\/strong>&rsquo;nin minaresi olarak yap\u0131lan ve daha sonra &ccedil;an kulesine d&ouml;n&uuml;\u015ft&uuml;r&uuml;len <strong>Giralde Kulesi<\/strong>, Sevilla&rsquo;n\u0131n en &uuml;nl&uuml; al\u0131\u015fveri\u015f caddelerinden <strong>Sierpes Caddesi<\/strong>, \u0130spanyol Gotik d&ouml;neminden g&uuml;n&uuml;m&uuml;ze bir&ccedil;ok sanat eseri bulunan g&uuml;zel sanatlar m&uuml;zesi <strong>Museo de Bellas Artes Seville<\/strong> ve d&uuml;nyan\u0131n en b&uuml;y&uuml;k ah\u015fap konstr&uuml;ksiyonlu yap\u0131s\u0131 olan <strong>Metropol Parasol<\/strong> g&ouml;rece\u011finiz ba\u015fl\u0131ca yerler aras\u0131nda. Ayr\u0131ca farkl\u0131 bir deneyim olarak Sevilla Katedrali&rsquo;nin &ouml;n&uuml;nden ba\u015flayan <strong>atl\u0131 araba turlar\u0131yla<\/strong> Sevilla&rsquo;y\u0131 farkl\u0131 bir \u015fekilde gezmeniz m&uuml;mk&uuml;n. Bu gezi esnas\u0131nda <strong>Palace of Saint Telmo, Tower of Gold, Marica Lucia Park\u0131, El Custurero de la Reina<\/strong> ve <strong>Plaza de America<\/strong> gibi \u015fehrin &ouml;nemli simgelerini g&ouml;rebilirsiniz.&nbsp;<\/p>\n<p>Bu b&ouml;lgeyle &ouml;zde\u015fle\u015fen Flamenko g&ouml;sterisi izleyebilece\u011finiz, eski bir k&ouml;m&uuml;r deposunun m&uuml;zikhole d&ouml;n&uuml;\u015ft&uuml;r&uuml;ld&uuml;\u011f&uuml; La Carboneria&rsquo;da keyifli bir show izleyebilirsiniz.&nbsp; Gezilerin ard\u0131ndan otelinize d&ouml;n&uuml;\u015f. Geceleme otelde.<\/p>\n<h4><strong>4. G&uuml;n&nbsp; &nbsp; Sevilla &#8211; Cordoba &#8211; Sevilla<\/strong><\/h4>\n<p>Arabayla yakla\u015f\u0131k 2 saat, direkt h\u0131zl\u0131 tren ile 45 dakika uzakl\u0131kta yer alan Cordoba&rsquo;ya hareket. Arap etkisinin yo\u011fun oldu\u011fu Cordoba b&uuml;y&uuml;leyici mimarisi, dolamba&ccedil;l\u0131 sokaklar\u0131, k&ouml;kl&uuml; tarihi ile apayr\u0131 bir ambiyansa sahip. Gotik, Barok ve \u0130slam mimari etkilerini ta\u015f\u0131yan <strong>Mezquita (Cordoba) Camii<\/strong>, 13. y&uuml;zy\u0131lda in\u015fa edilen g&ouml;steri\u015fli <strong>Alcazar Saray\u0131<\/strong>, \u015fehrin en g&uuml;zel meydanlar\u0131ndan <strong>Plaza Corredera<\/strong>, UNESCO D&uuml;nya Miras\u0131 Listesi&rsquo;nde olan <strong>Musevi Mahallesi<\/strong>, yeralt\u0131 \u015fehri<strong> Medina Azahara Harabeleri<\/strong>, avlu ve bah&ccedil;eleriyle b&uuml;y&uuml;leyen <strong>Patios M&uuml;zesi<\/strong> ve <strong>Tendillas Meydan\u0131<\/strong> \u015fehirdeki geziniz esnas\u0131nda g&ouml;r&uuml;lecek ba\u015fl\u0131ca yerler. Gezilerin ard\u0131ndan Sevilla&rsquo;da bulunan otelinize d&ouml;n&uuml;\u015f. Geceleme otelde.&nbsp;<\/p>\n<h4><strong>5. G&uuml;n&nbsp; &nbsp; Sevilla &#8211; Ronda &#8211; Malaga &#8211; \u0130stanbul<\/strong><\/h4>\n<p>Malaga&rsquo;ya d&ouml;n&uuml;\u015f yolunuz &uuml;zerindeki, yakla\u015f\u0131k 2 saat mesafede yer alan Tajo Bo\u011faz\u0131&rsquo;n\u0131n &uuml;st&uuml;nde, 160 metre y&uuml;ksekli\u011finde bir kayaya kurulmu\u015f olan <strong>Ronda<\/strong>&rsquo;da eski \u015fehir ile yeni \u015fehri birbirine ba\u011flayan<em> <strong>Puente Nuevo K&ouml;pr&uuml;s&uuml;<\/strong> <\/em>ve bo\u011fa g&uuml;re\u015finin do\u011fdu\u011fu, \u0130spanyol Arenalar\u0131n\u0131n ilki olan <em><strong>Plaza de Toros<\/strong> <\/em>g&ouml;rece\u011finiz ba\u015fl\u0131ca yerler.&nbsp;<\/p>\n<p>Gezilerin ard\u0131ndan d&ouml;n&uuml;\u015f u&ccedil;u\u015funuz i&ccedil;in 1,5 saat mesafedeki Malaga Havaliman\u0131&rsquo;na var\u0131\u015f ve kiral\u0131k arac\u0131n\u0131z\u0131n teslimi. T&uuml;rk Hava Yollar\u0131&rsquo;n\u0131n TK1304 say\u0131l\u0131 seferi ile 17.00&rsquo;de Malaga Costa Del Sol Havaliman\u0131&rsquo;ndan \u0130stanbul&rsquo;a hareket. Yakla\u015f\u0131k 4 saat s&uuml;recek u&ccedil;u\u015fun ard\u0131ndan 22.15&rsquo;te \u0130stanbul Atat&uuml;rk Havaliman\u0131&rsquo;na var\u0131\u015f.&nbsp;<\/p>\n<h3><strong>&Ccedil;ift ki\u015filik odada ki\u015fi ba\u015f\u0131 750 Euro&rsquo;dan ba\u015flayan fiyatlar&hellip;<\/strong><\/h3>\n<p style=\"text-align: center;\"><strong><img loading=\"lazy\" decoding=\"async\" class=\"alignnone size-full wp-image-4989\" src=\"https:\/\/www.julesverne.com.tr\/\/wp-content\/uploads\/2020\/09\/cordoba3.jpg\" width=\"1000\" height=\"664\" alt=\"\" srcset=\"https:\/\/julesverne.com.tr\/wp-content\/uploads\/2020\/09\/cordoba3.jpg 1000w, https:\/\/julesverne.com.tr\/wp-content\/uploads\/2020\/09\/cordoba3-500x332.jpg 500w, https:\/\/julesverne.com.tr\/wp-content\/uploads\/2020\/09\/cordoba3-768x510.jpg 768w\" sizes=\"(max-width: 1000px) 100vw, 1000px\" \/><\/strong><\/p>\n<p><strong>&Uuml;crete D&acirc;hil Olan Hizmetler<\/strong><\/p>\n<ul>\n<li>\u015eehir merkezindeki 4 veya 5 y\u0131ld\u0131zl\u0131 otellerde, &Ccedil;ift Ki\u015filik Oda&#8217;da 1 ki\u015fi kahvalt\u0131 dahil, 4 gece konaklama<\/li>\n<li>5 g&uuml;nl&uuml;k otomatik vites ara&ccedil; kiralama bedeli (Audi A3 veya benzeri)<\/li>\n<li>Programda belirtilen t&uuml;m m&uuml;zelere ait giri\u015f &uuml;cretleri<\/li>\n<li>Seyahat Sa\u011fl\u0131k Sigortas\u0131<\/li>\n<li>T&uuml;m vergiler<\/li>\n<\/ul>\n<p><strong>&Uuml;crete D&acirc;hil Olmayan Hizmetler<\/strong><\/p>\n<ul>\n<li>U&ccedil;ak biletleri<\/li>\n<li>Rehberlik &uuml;creti<\/li>\n<li>Seyahat boyunca alaca\u011f\u0131n\u0131z t&uuml;m yemek ve i&ccedil;ecekler<\/li>\n<li>Ki\u015fisel harcamalar<\/li>\n<\/ul>\n<p><strong>&Ouml;nerilen U&ccedil;u\u015f Bilgileri<\/strong><\/p>\n<ul>\n<li>T&uuml;rk Hava Yollar\u0131 \/ \u0130stanbul &#8211; Malaga \/ TK1305 \/ 08.30 kalk\u0131\u015f &#8211; 12.10 var\u0131\u015f&nbsp;<\/li>\n<li>T&uuml;rk Hava Yollar\u0131 \/ Malaga &#8211; \u0130stanbul \/ TK1304 \/ 17.00 kalk\u0131\u015f &#8211; 22.15 var\u0131\u015f<\/li>\n<\/ul>\n<p style=\"text-align: center;\"><img loading=\"lazy\" decoding=\"async\" class=\"alignnone size-full wp-image-4990\" src=\"https:\/\/www.julesverne.com.tr\/\/wp-content\/uploads\/2020\/09\/cordoba.jpg\" width=\"1000\" height=\"667\" alt=\"\" srcset=\"https:\/\/julesverne.com.tr\/wp-content\/uploads\/2020\/09\/cordoba.jpg 1000w, https:\/\/julesverne.com.tr\/wp-content\/uploads\/2020\/09\/cordoba-500x334.jpg 500w, https:\/\/julesverne.com.tr\/wp-content\/uploads\/2020\/09\/cordoba-768x512.jpg 768w\" sizes=\"(max-width: 1000px) 100vw, 1000px\" \/><\/p>\n<p style=\"text-align: center;\"><strong>Detayl\u0131 bilgi ve rezervasyon i&ccedil;in:<\/strong><br \/><a href=\"mailto:travel@julesverne.com.tr\" target=\"_blank\" rel=\"noopener noreferrer\"><strong>travel@julesverne.com.tr<\/strong><\/a><br \/><strong>0212 266 6363 &#8211; 118<\/strong><\/p><\/p>\n","protected":false},"excerpt":{"rendered":"<p>T&uuml;m din ve inan&ccedil;lara sayg\u0131 duyan Emeviler&#8217;in bug&uuml;n bile devrim say\u0131lacak bir sosyal sistem olu\u015fturmas\u0131 bilim, sanat ve k&uuml;lt&uuml;rde &ccedil;ok &ouml;nemli izler b\u0131rakm\u0131\u015f. &Ouml;zg&uuml;r d&uuml;\u015f&uuml;ncenin, farkl\u0131 inan\u0131\u015f ve k&uuml;lt&uuml;rel zenginli\u011fin sonucu olarak End&uuml;l&uuml;s B&ouml;lgesi g&ouml;z al\u0131c\u0131 saraylara, camilere, m&uuml;zelere sahip. G&uuml;ne\u015fin kendini bol bol g&ouml;stermeye ba\u015flad\u0131\u011f\u0131 bu g&uuml;zel bahar aylar\u0131nda 4 gece, 5 g&uuml;n s&uuml;recek bir End&uuml;l&uuml;s Seyahati&rsquo;ne haz\u0131r m\u0131s\u0131n\u0131z?<\/p>\n","protected":false},"author":1,"featured_media":1877,"comment_status":"closed","ping_status":"closed","sticky":false,"template":"","format":"standard","meta":{"inline_featured_image":false,"footnotes":""},"categories":[38,1,39],"tags":[],"acf":[],"yoast_head":"<!-- This site is optimized with the Yoast SEO plugin v22.3 - https:\/\/yoast.com\/wordpress\/plugins\/seo\/ -->\n<title>Bu Bahar End\u00fcl\u00fcs Ba\u015fka G\u00fczel! - JULES VERNE BUSINESS MICE TRAVEL<\/title>\n<meta name=\"robots\" content=\"index, follow, max-snippet:-1, max-image-preview:large, max-video-preview:-1\" \/>\n<link rel=\"canonical\" href=\"https:\/\/julesverne.com.tr\/travel-blog\/bu-bahar-endulus-baska-guzel\/\" \/>\n<meta property=\"og:locale\" content=\"en_US\" \/>\n<meta property=\"og:type\" content=\"article\" \/>\n<meta property=\"og:title\" content=\"Bu Bahar End\u00fcl\u00fcs Ba\u015fka G\u00fczel! - JULES VERNE BUSINESS MICE TRAVEL\" \/>\n<meta property=\"og:description\" content=\"T&uuml;m din ve inan&ccedil;lara sayg\u0131 duyan Emeviler&#039;in bug&uuml;n bile devrim say\u0131lacak bir sosyal sistem olu\u015fturmas\u0131 bilim, sanat ve k&uuml;lt&uuml;rde &ccedil;ok &ouml;nemli izler b\u0131rakm\u0131\u015f. &Ouml;zg&uuml;r d&uuml;\u015f&uuml;ncenin, farkl\u0131 inan\u0131\u015f ve k&uuml;lt&uuml;rel zenginli\u011fin sonucu olarak End&uuml;l&uuml;s B&ouml;lgesi g&ouml;z al\u0131c\u0131 saraylara, camilere, m&uuml;zelere sahip. G&uuml;ne\u015fin kendini bol bol g&ouml;stermeye ba\u015flad\u0131\u011f\u0131 bu g&uuml;zel bahar aylar\u0131nda 4 gece, 5 g&uuml;n s&uuml;recek bir End&uuml;l&uuml;s Seyahati&rsquo;ne haz\u0131r m\u0131s\u0131n\u0131z?\" \/>\n<meta property=\"og:url\" content=\"https:\/\/julesverne.com.tr\/travel-blog\/bu-bahar-endulus-baska-guzel\/\" \/>\n<meta property=\"og:site_name\" content=\"JULES VERNE BUSINESS MICE TRAVEL\" \/>\n<meta property=\"article:publisher\" content=\"https:\/\/www.facebook.com\/JulesVerneBusinessMiceTravel\/\" \/>\n<meta property=\"article:published_time\" content=\"2018-02-22T07:23:41+00:00\" \/>\n<meta property=\"article:modified_time\" content=\"2021-03-04T12:20:42+00:00\" \/>\n<meta property=\"og:image\" content=\"https:\/\/julesverne.com.tr\/wp-content\/uploads\/2020\/09\/seville.jpg\" \/>\n\t<meta property=\"og:image:width\" content=\"1000\" \/>\n\t<meta property=\"og:image:height\" content=\"586\" \/>\n\t<meta property=\"og:image:type\" content=\"image\/jpeg\" \/>\n<meta name=\"author\" content=\"fikirman\" \/>\n<meta name=\"twitter:card\" content=\"summary_large_image\" \/>\n<meta name=\"twitter:creator\" content=\"@JV_BusinessMice\" \/>\n<meta name=\"twitter:site\" content=\"@JV_BusinessMice\" \/>\n<meta name=\"twitter:label1\" content=\"Written by\" \/>\n\t<meta name=\"twitter:data1\" content=\"fikirman\" \/>\n\t<meta name=\"twitter:label2\" content=\"Est. reading time\" \/>\n\t<meta name=\"twitter:data2\" content=\"6 minutes\" \/>\n<script type=\"application\/ld+json\" class=\"yoast-schema-graph\">{\"@context\":\"https:\/\/schema.org\",\"@graph\":[{\"@type\":\"Article\",\"@id\":\"https:\/\/julesverne.com.tr\/travel-blog\/bu-bahar-endulus-baska-guzel\/#article\",\"isPartOf\":{\"@id\":\"https:\/\/julesverne.com.tr\/travel-blog\/bu-bahar-endulus-baska-guzel\/\"},\"author\":{\"name\":\"fikirman\",\"@id\":\"https:\/\/julesverne.com.tr\/#\/schema\/person\/f4eb0514ae455538644c31b99a466fdb\"},\"headline\":\"Bu Bahar End\u00fcl\u00fcs Ba\u015fka G\u00fczel!\",\"datePublished\":\"2018-02-22T07:23:41+00:00\",\"dateModified\":\"2021-03-04T12:20:42+00:00\",\"mainEntityOfPage\":{\"@id\":\"https:\/\/julesverne.com.tr\/travel-blog\/bu-bahar-endulus-baska-guzel\/\"},\"wordCount\":1282,\"publisher\":{\"@id\":\"https:\/\/julesverne.com.tr\/#organization\"},\"image\":{\"@id\":\"https:\/\/julesverne.com.tr\/travel-blog\/bu-bahar-endulus-baska-guzel\/#primaryimage\"},\"thumbnailUrl\":\"https:\/\/julesverne.com.tr\/wp-content\/uploads\/2020\/09\/seville.jpg\",\"articleSection\":[\"\u0130lham Veren Destinasyonlar\",\"Blog\",\"Nereye Gitsek?\"],\"inLanguage\":\"en-US\"},{\"@type\":\"WebPage\",\"@id\":\"https:\/\/julesverne.com.tr\/travel-blog\/bu-bahar-endulus-baska-guzel\/\",\"url\":\"https:\/\/julesverne.com.tr\/travel-blog\/bu-bahar-endulus-baska-guzel\/\",\"name\":\"Bu Bahar End\u00fcl\u00fcs Ba\u015fka G\u00fczel! - JULES VERNE BUSINESS MICE TRAVEL\",\"isPartOf\":{\"@id\":\"https:\/\/julesverne.com.tr\/#website\"},\"primaryImageOfPage\":{\"@id\":\"https:\/\/julesverne.com.tr\/travel-blog\/bu-bahar-endulus-baska-guzel\/#primaryimage\"},\"image\":{\"@id\":\"https:\/\/julesverne.com.tr\/travel-blog\/bu-bahar-endulus-baska-guzel\/#primaryimage\"},\"thumbnailUrl\":\"https:\/\/julesverne.com.tr\/wp-content\/uploads\/2020\/09\/seville.jpg\",\"datePublished\":\"2018-02-22T07:23:41+00:00\",\"dateModified\":\"2021-03-04T12:20:42+00:00\",\"breadcrumb\":{\"@id\":\"https:\/\/julesverne.com.tr\/travel-blog\/bu-bahar-endulus-baska-guzel\/#breadcrumb\"},\"inLanguage\":\"en-US\",\"potentialAction\":[{\"@type\":\"ReadAction\",\"target\":[\"https:\/\/julesverne.com.tr\/travel-blog\/bu-bahar-endulus-baska-guzel\/\"]}]},{\"@type\":\"ImageObject\",\"inLanguage\":\"en-US\",\"@id\":\"https:\/\/julesverne.com.tr\/travel-blog\/bu-bahar-endulus-baska-guzel\/#primaryimage\",\"url\":\"https:\/\/julesverne.com.tr\/wp-content\/uploads\/2020\/09\/seville.jpg\",\"contentUrl\":\"https:\/\/julesverne.com.tr\/wp-content\/uploads\/2020\/09\/seville.jpg\",\"width\":1000,\"height\":586},{\"@type\":\"BreadcrumbList\",\"@id\":\"https:\/\/julesverne.com.tr\/travel-blog\/bu-bahar-endulus-baska-guzel\/#breadcrumb\",\"itemListElement\":[{\"@type\":\"ListItem\",\"position\":1,\"name\":\"Anasayfa\",\"item\":\"https:\/\/julesverne.com.tr\/\"},{\"@type\":\"ListItem\",\"position\":2,\"name\":\"Bu Bahar End\u00fcl\u00fcs Ba\u015fka G\u00fczel!\"}]},{\"@type\":\"WebSite\",\"@id\":\"https:\/\/julesverne.com.tr\/#website\",\"url\":\"https:\/\/julesverne.com.tr\/\",\"name\":\"JULES VERNE BUSINESS MICE TRAVEL\",\"description\":\"\",\"publisher\":{\"@id\":\"https:\/\/julesverne.com.tr\/#organization\"},\"potentialAction\":[{\"@type\":\"SearchAction\",\"target\":{\"@type\":\"EntryPoint\",\"urlTemplate\":\"https:\/\/julesverne.com.tr\/?s={search_term_string}\"},\"query-input\":\"required name=search_term_string\"}],\"inLanguage\":\"en-US\"},{\"@type\":\"Organization\",\"@id\":\"https:\/\/julesverne.com.tr\/#organization\",\"name\":\"JULES VERNE BUSINESS MICE TRAVEL\",\"url\":\"https:\/\/julesverne.com.tr\/\",\"logo\":{\"@type\":\"ImageObject\",\"inLanguage\":\"en-US\",\"@id\":\"https:\/\/julesverne.com.tr\/#\/schema\/logo\/image\/\",\"url\":\"https:\/\/julesverne.com.tr\/wp-content\/uploads\/2020\/09\/jv-bmt-logo.png\",\"contentUrl\":\"https:\/\/julesverne.com.tr\/wp-content\/uploads\/2020\/09\/jv-bmt-logo.png\",\"width\":110,\"height\":81,\"caption\":\"JULES VERNE BUSINESS MICE TRAVEL\"},\"image\":{\"@id\":\"https:\/\/julesverne.com.tr\/#\/schema\/logo\/image\/\"},\"sameAs\":[\"https:\/\/www.facebook.com\/JulesVerneBusinessMiceTravel\/\",\"https:\/\/twitter.com\/JV_BusinessMice\",\"https:\/\/www.instagram.com\/julesvernebusinessmicetravel\/\",\"https:\/\/www.linkedin.com\/company\/julesvernebusinessmicetravel\/\",\"https:\/\/www.youtube.com\/channel\/UCAwdsmbZ6tFhu1tea6pkpiw\"]},{\"@type\":\"Person\",\"@id\":\"https:\/\/julesverne.com.tr\/#\/schema\/person\/f4eb0514ae455538644c31b99a466fdb\",\"name\":\"fikirman\",\"sameAs\":[\"http:\/\/advermedya.net\/julesverne\"],\"url\":\"https:\/\/julesverne.com.tr\/en\/author\/fikirman\/\"}]}<\/script>\n<!-- \/ Yoast SEO plugin. -->","yoast_head_json":{"title":"Bu Bahar End\u00fcl\u00fcs Ba\u015fka G\u00fczel! - JULES VERNE BUSINESS MICE TRAVEL","robots":{"index":"index","follow":"follow","max-snippet":"max-snippet:-1","max-image-preview":"max-image-preview:large","max-video-preview":"max-video-preview:-1"},"canonical":"https:\/\/julesverne.com.tr\/travel-blog\/bu-bahar-endulus-baska-guzel\/","og_locale":"en_US","og_type":"article","og_title":"Bu Bahar End\u00fcl\u00fcs Ba\u015fka G\u00fczel! - JULES VERNE BUSINESS MICE TRAVEL","og_description":"T&uuml;m din ve inan&ccedil;lara sayg\u0131 duyan Emeviler'in bug&uuml;n bile devrim say\u0131lacak bir sosyal sistem olu\u015fturmas\u0131 bilim, sanat ve k&uuml;lt&uuml;rde &ccedil;ok &ouml;nemli izler b\u0131rakm\u0131\u015f. &Ouml;zg&uuml;r d&uuml;\u015f&uuml;ncenin, farkl\u0131 inan\u0131\u015f ve k&uuml;lt&uuml;rel zenginli\u011fin sonucu olarak End&uuml;l&uuml;s B&ouml;lgesi g&ouml;z al\u0131c\u0131 saraylara, camilere, m&uuml;zelere sahip. G&uuml;ne\u015fin kendini bol bol g&ouml;stermeye ba\u015flad\u0131\u011f\u0131 bu g&uuml;zel bahar aylar\u0131nda 4 gece, 5 g&uuml;n s&uuml;recek bir End&uuml;l&uuml;s Seyahati&rsquo;ne haz\u0131r m\u0131s\u0131n\u0131z?","og_url":"https:\/\/julesverne.com.tr\/travel-blog\/bu-bahar-endulus-baska-guzel\/","og_site_name":"JULES VERNE BUSINESS MICE TRAVEL","article_publisher":"https:\/\/www.facebook.com\/JulesVerneBusinessMiceTravel\/","article_published_time":"2018-02-22T07:23:41+00:00","article_modified_time":"2021-03-04T12:20:42+00:00","og_image":[{"width":1000,"height":586,"url":"https:\/\/julesverne.com.tr\/wp-content\/uploads\/2020\/09\/seville.jpg","type":"image\/jpeg"}],"author":"fikirman","twitter_card":"summary_large_image","twitter_creator":"@JV_BusinessMice","twitter_site":"@JV_BusinessMice","twitter_misc":{"Written by":"fikirman","Est. reading time":"6 minutes"},"schema":{"@context":"https:\/\/schema.org","@graph":[{"@type":"Article","@id":"https:\/\/julesverne.com.tr\/travel-blog\/bu-bahar-endulus-baska-guzel\/#article","isPartOf":{"@id":"https:\/\/julesverne.com.tr\/travel-blog\/bu-bahar-endulus-baska-guzel\/"},"author":{"name":"fikirman","@id":"https:\/\/julesverne.com.tr\/#\/schema\/person\/f4eb0514ae455538644c31b99a466fdb"},"headline":"Bu Bahar End\u00fcl\u00fcs Ba\u015fka G\u00fczel!","datePublished":"2018-02-22T07:23:41+00:00","dateModified":"2021-03-04T12:20:42+00:00","mainEntityOfPage":{"@id":"https:\/\/julesverne.com.tr\/travel-blog\/bu-bahar-endulus-baska-guzel\/"},"wordCount":1282,"publisher":{"@id":"https:\/\/julesverne.com.tr\/#organization"},"image":{"@id":"https:\/\/julesverne.com.tr\/travel-blog\/bu-bahar-endulus-baska-guzel\/#primaryimage"},"thumbnailUrl":"https:\/\/julesverne.com.tr\/wp-content\/uploads\/2020\/09\/seville.jpg","articleSection":["\u0130lham Veren Destinasyonlar","Blog","Nereye Gitsek?"],"inLanguage":"en-US"},{"@type":"WebPage","@id":"https:\/\/julesverne.com.tr\/travel-blog\/bu-bahar-endulus-baska-guzel\/","url":"https:\/\/julesverne.com.tr\/travel-blog\/bu-bahar-endulus-baska-guzel\/","name":"Bu Bahar End\u00fcl\u00fcs Ba\u015fka G\u00fczel! - JULES VERNE BUSINESS MICE TRAVEL","isPartOf":{"@id":"https:\/\/julesverne.com.tr\/#website"},"primaryImageOfPage":{"@id":"https:\/\/julesverne.com.tr\/travel-blog\/bu-bahar-endulus-baska-guzel\/#primaryimage"},"image":{"@id":"https:\/\/julesverne.com.tr\/travel-blog\/bu-bahar-endulus-baska-guzel\/#primaryimage"},"thumbnailUrl":"https:\/\/julesverne.com.tr\/wp-content\/uploads\/2020\/09\/seville.jpg","datePublished":"2018-02-22T07:23:41+00:00","dateModified":"2021-03-04T12:20:42+00:00","breadcrumb":{"@id":"https:\/\/julesverne.com.tr\/travel-blog\/bu-bahar-endulus-baska-guzel\/#breadcrumb"},"inLanguage":"en-US","potentialAction":[{"@type":"ReadAction","target":["https:\/\/julesverne.com.tr\/travel-blog\/bu-bahar-endulus-baska-guzel\/"]}]},{"@type":"ImageObject","inLanguage":"en-US","@id":"https:\/\/julesverne.com.tr\/travel-blog\/bu-bahar-endulus-baska-guzel\/#primaryimage","url":"https:\/\/julesverne.com.tr\/wp-content\/uploads\/2020\/09\/seville.jpg","contentUrl":"https:\/\/julesverne.com.tr\/wp-content\/uploads\/2020\/09\/seville.jpg","width":1000,"height":586},{"@type":"BreadcrumbList","@id":"https:\/\/julesverne.com.tr\/travel-blog\/bu-bahar-endulus-baska-guzel\/#breadcrumb","itemListElement":[{"@type":"ListItem","position":1,"name":"Anasayfa","item":"https:\/\/julesverne.com.tr\/"},{"@type":"ListItem","position":2,"name":"Bu Bahar End\u00fcl\u00fcs Ba\u015fka G\u00fczel!"}]},{"@type":"WebSite","@id":"https:\/\/julesverne.com.tr\/#website","url":"https:\/\/julesverne.com.tr\/","name":"JULES VERNE BUSINESS MICE TRAVEL","description":"","publisher":{"@id":"https:\/\/julesverne.com.tr\/#organization"},"potentialAction":[{"@type":"SearchAction","target":{"@type":"EntryPoint","urlTemplate":"https:\/\/julesverne.com.tr\/?s={search_term_string}"},"query-input":"required name=search_term_string"}],"inLanguage":"en-US"},{"@type":"Organization","@id":"https:\/\/julesverne.com.tr\/#organization","name":"JULES VERNE BUSINESS MICE TRAVEL","url":"https:\/\/julesverne.com.tr\/","logo":{"@type":"ImageObject","inLanguage":"en-US","@id":"https:\/\/julesverne.com.tr\/#\/schema\/logo\/image\/","url":"https:\/\/julesverne.com.tr\/wp-content\/uploads\/2020\/09\/jv-bmt-logo.png","contentUrl":"https:\/\/julesverne.com.tr\/wp-content\/uploads\/2020\/09\/jv-bmt-logo.png","width":110,"height":81,"caption":"JULES VERNE BUSINESS MICE TRAVEL"},"image":{"@id":"https:\/\/julesverne.com.tr\/#\/schema\/logo\/image\/"},"sameAs":["https:\/\/www.facebook.com\/JulesVerneBusinessMiceTravel\/","https:\/\/twitter.com\/JV_BusinessMice","https:\/\/www.instagram.com\/julesvernebusinessmicetravel\/","https:\/\/www.linkedin.com\/company\/julesvernebusinessmicetravel\/","https:\/\/www.youtube.com\/channel\/UCAwdsmbZ6tFhu1tea6pkpiw"]},{"@type":"Person","@id":"https:\/\/julesverne.com.tr\/#\/schema\/person\/f4eb0514ae455538644c31b99a466fdb","name":"fikirman","sameAs":["http:\/\/advermedya.net\/julesverne"],"url":"https:\/\/julesverne.com.tr\/en\/author\/fikirman\/"}]}},"_links":{"self":[{"href":"https:\/\/julesverne.com.tr\/en\/wp-json\/wp\/v2\/posts\/1876"}],"collection":[{"href":"https:\/\/julesverne.com.tr\/en\/wp-json\/wp\/v2\/posts"}],"about":[{"href":"https:\/\/julesverne.com.tr\/en\/wp-json\/wp\/v2\/types\/post"}],"author":[{"embeddable":true,"href":"https:\/\/julesverne.com.tr\/en\/wp-json\/wp\/v2\/users\/1"}],"replies":[{"embeddable":true,"href":"https:\/\/julesverne.com.tr\/en\/wp-json\/wp\/v2\/comments?post=1876"}],"version-history":[{"count":0,"href":"https:\/\/julesverne.com.tr\/en\/wp-json\/wp\/v2\/posts\/1876\/revisions"}],"wp:featuredmedia":[{"embeddable":true,"href":"https:\/\/julesverne.com.tr\/en\/wp-json\/wp\/v2\/media\/1877"}],"wp:attachment":[{"href":"https:\/\/julesverne.com.tr\/en\/wp-json\/wp\/v2\/media?parent=1876"}],"wp:term":[{"taxonomy":"category","embeddable":true,"href":"https:\/\/julesverne.com.tr\/en\/wp-json\/wp\/v2\/categories?post=1876"},{"taxonomy":"post_tag","embeddable":true,"href":"https:\/\/julesverne.com.tr\/en\/wp-json\/wp\/v2\/tags?post=1876"}],"curies":[{"name":"wp","href":"https:\/\/api.w.org\/{rel}","templated":true}]}}