{"id":1873,"date":"2018-02-12T17:16:59","date_gmt":"2018-02-12T14:16:59","guid":{"rendered":"https:\/\/www.julesverne.com.tr\/\/blog\/2018-tatillerini-degerlendirin-en-guzel-rotalari-kesfedin\/"},"modified":"2021-03-04T15:21:02","modified_gmt":"2021-03-04T12:21:02","slug":"2018-tatillerini-degerlendirin-en-guzel-rotalari-kesfedin","status":"publish","type":"post","link":"https:\/\/julesverne.com.tr\/en\/travel-blog\/2018-tatillerini-degerlendirin-en-guzel-rotalari-kesfedin\/","title":{"rendered":"2018 Tatillerini De\u011ferlendirin, En G\u00fczel Rotalar\u0131 Ke\u015ffedin"},"content":{"rendered":"<p><p>2018&rsquo;in ilk ay\u0131n\u0131 geride b\u0131rakt\u0131\u011f\u0131m\u0131za g&ouml;re bu y\u0131l\u0131n seyahat planlamalar\u0131na ba\u015flayabiliriz. Siz de, resmi tatil g&uuml;nlerinden faydalan\u0131p seyahatlerinizi bu tarihlerle birlikte de\u011ferlendirmeyi tercih ediyorsan\u0131z bu yaz\u0131 tam da size g&ouml;re! Bu sene 3-4 g&uuml;nl&uuml;k tatiller kadar tam 9 g&uuml;n s&uuml;recek bir Kurban Bayram\u0131 var. Hem yak\u0131n destinasyonlar\u0131 hem de hep gitmek isledi\u011finiz uzak rotalar\u0131 tek bir yaz\u0131da toplad\u0131k. 2018 resmi tatil g&uuml;nlerine g&ouml;re derledi\u011fimiz, en g&uuml;zel mevsimlerinde yeni deneyimler ya\u015fayaca\u011f\u0131n\u0131z destinasyon &ouml;nerilerimiz&#8230;<\/p>\n<h4><strong>23 Nisan Ulusal Egemenlik ve &Ccedil;ocuk Bayram\u0131 &ndash; 3 G&uuml;n<\/strong><br \/><strong>(21-23 Nisan)<\/strong><\/h4>\n<p><strong>Valencia<\/strong><\/p>\n<p style=\"text-align: center;\"><strong><img loading=\"lazy\" decoding=\"async\" class=\"alignnone size-full wp-image-5011\" src=\"https:\/\/www.julesverne.com.tr\/\/wp-content\/uploads\/2020\/09\/valencia-2.jpg\" width=\"1000\" height=\"642\" alt=\"valencia seyahat\" srcset=\"https:\/\/julesverne.com.tr\/wp-content\/uploads\/2020\/09\/valencia-2.jpg 1000w, https:\/\/julesverne.com.tr\/wp-content\/uploads\/2020\/09\/valencia-2-500x321.jpg 500w, https:\/\/julesverne.com.tr\/wp-content\/uploads\/2020\/09\/valencia-2-768x493.jpg 768w\" sizes=\"(max-width: 1000px) 100vw, 1000px\" \/><\/strong><\/p>\n<p>Son 20 y\u0131lda ya\u015fad\u0131\u011f\u0131 cesur geli\u015fmelerin ard\u0131ndan \u0130spanya&#8217;n\u0131n &uuml;&ccedil;&uuml;nc&uuml; b&uuml;y&uuml;k \u015fehri olman\u0131n &ouml;tesinde s\u0131fatlarla an\u0131lmaya ba\u015flayan Valencia&#8217;y\u0131 ke\u015ffetmenin tam zaman\u0131. &Uuml;lkenin &ccedil;arp\u0131c\u0131 mimari eserlerine ev sahipli\u011fi yapan Valencia ayn\u0131 zamanda yemye\u015fil alanlar\u0131yla da &#8220;betona bo\u011fulmu\u015f kent&#8221; alg\u0131s\u0131n\u0131 da yerle bir ediyor. Sanat ve bilim \u015fehri olarak kurulan iddial\u0131 mimarisiyle dikkat &ccedil;eken Ciudad de las Artes y las Ciencias; renkli sokaklar\u0131 ve paella&#8217;n\u0131n anavatan\u0131 olan Valencia baharda c\u0131v\u0131l c\u0131v\u0131l&#8230;<\/p>\n<p><em><strong>Yapmadan D&ouml;nmeyin:<\/strong><\/em><\/p>\n<ul>\n<li>Sanat ve Bilim \u015eehri olarak tasarlanan Ciudad de las Artes y las Ciencias s\u0131ra d\u0131\u015f\u0131 mimarisi ve ev sahipli\u011fi yapt\u0131\u011f\u0131 farkl\u0131 komplekslerle mutlaka g&ouml;r&uuml;lmeli.<\/li>\n<li>Bir dere yata\u011f\u0131ndan d&ouml;n&uuml;\u015ft&uuml;r&uuml;len ve \u015fehri boydan boya kesen Turia Bah&ccedil;eleri ger&ccedil;ekten muazzam. Bir ucu Ciudad de las Artes y las Ciencias kompleksine uzanan bah&ccedil;elerin i&ccedil;erisinde farkl\u0131 k&uuml;&ccedil;&uuml;k bah&ccedil;eler de var.&nbsp;<\/li>\n<\/ul>\n<p><strong>Lizbon<\/strong><\/p>\n<p style=\"text-align: center;\"><strong><img loading=\"lazy\" decoding=\"async\" class=\"alignnone size-full wp-image-5012\" src=\"https:\/\/www.julesverne.com.tr\/\/wp-content\/uploads\/2020\/09\/lisbon.jpg\" width=\"740\" height=\"493\" alt=\"lizbon seyahat\" srcset=\"https:\/\/julesverne.com.tr\/wp-content\/uploads\/2020\/09\/lisbon.jpg 740w, https:\/\/julesverne.com.tr\/wp-content\/uploads\/2020\/09\/lisbon-500x333.jpg 500w\" sizes=\"(max-width: 740px) 100vw, 740px\" \/><\/strong><\/p>\n<p>Portekiz&#8217;in ba\u015fkenti Lizbon&#8217;un \u015f&ouml;yle karakteristik bir &ouml;zelli\u011fi var; buran\u0131n nostaljik hali size yeni duygular hissettirebiliyor. Tabi bunda en b&uuml;y&uuml;k pay yenilenmeye ba\u015flayan yap\u0131lar\u0131 ve mahalleleri&#8230; Bir zamanlar sokaklar\u0131ndan say\u0131yla insan ge&ccedil;en mahallelerinde kurulan pazarlar\u0131; birbiri ard\u0131na a&ccedil;\u0131lan stil sahibi mekanlar\u0131 ile gen&ccedil;le\u015fen semtleriyle sanat m&uuml;zelerinden konaklar\u0131na kadar korunan tarihi &ccedil;ekicili\u011fi bir b&uuml;t&uuml;n i&ccedil;inde duruyor. Bir y&uuml;kselip bir al&ccedil;alan yoku\u015flar\u0131yla &uuml;nl&uuml; Lizbon&#8217;u ke\u015ffetmenin en keyifli yan\u0131 ise sembol haline gelen sar\u0131 tramvaylar\u0131na binecek olman\u0131z&#8230;<\/p>\n<p><em><strong>Yapmadan D&ouml;nmeyin:<\/strong><\/em><\/p>\n<ul>\n<li>\u0130lk g&ouml;r&uuml;nt&uuml;ye aldanmay\u0131n, sokaklar\u0131nda kaybolun diyece\u011fimiz Alfama, Lizbon&#8217;un en g&uuml;zel b&ouml;lgelerinden biri. Kalenin etraf\u0131nda konumlanan b&ouml;lge b&uuml;y&uuml;k Lizbon depreminden olduk&ccedil;a az hasarla kurtuldu\u011fu i&ccedil;in tarihi \u015fehir ruhunu &ccedil;ok iyi yans\u0131tt\u0131\u011f\u0131n\u0131 s&ouml;yleyebiliriz.<\/li>\n<li>2005 y\u0131l\u0131nda Santos Design District olarak markala\u015fmas\u0131n\u0131n ard\u0131ndan bohem havas\u0131n\u0131 burada a&ccedil;\u0131lan tasar\u0131m d&uuml;kk&acirc;nlar\u0131na bor&ccedil;lu olan Santos semtini dola\u015fmak keyif verici.<\/li>\n<\/ul>\n<p><strong>Sicilya<\/strong><\/p>\n<p style=\"text-align: center;\"><strong><img loading=\"lazy\" decoding=\"async\" class=\"alignnone size-full wp-image-5013\" src=\"https:\/\/www.julesverne.com.tr\/\/wp-content\/uploads\/2020\/09\/sicilya-3.jpg\" width=\"1000\" height=\"665\" alt=\"sicilya seyahat\" srcset=\"https:\/\/julesverne.com.tr\/wp-content\/uploads\/2020\/09\/sicilya-3.jpg 1000w, https:\/\/julesverne.com.tr\/wp-content\/uploads\/2020\/09\/sicilya-3-500x333.jpg 500w, https:\/\/julesverne.com.tr\/wp-content\/uploads\/2020\/09\/sicilya-3-768x511.jpg 768w\" sizes=\"(max-width: 1000px) 100vw, 1000px\" \/><\/strong><\/p>\n<p>Akdeniz k&uuml;lt&uuml;r&uuml;n&uuml;n mutfa\u011f\u0131ndan mimarisine; ikliminden ya\u015fam stiline kadar her noktas\u0131na i\u015fledi\u011fi \u0130talya&#8217;n\u0131n merak uyand\u0131ran adas\u0131 Sicilya ke\u015ffetmeyi sevenler i&ccedil;in bir hazine gibi. Yunan tap\u0131naklar\u0131, Norman kiliseleri, Barok saraylar\u0131yla k&uuml;lt&uuml;r be\u015fi\u011fi gibi. Bununla birlikte hen&uuml;z pek ke\u015ffedilmemi\u015f g&uuml;ney sahillerindeki plajlar\u0131 da heyecan veriyor. Lokasyonu sayesinde bahar aylar\u0131nda bile erken yaz s\u0131cakl\u0131\u011f\u0131n\u0131 ya\u015fayabilmeniz de bir ba\u015fka g&uuml;zel haber!<\/p>\n<p><em><strong>Yapmadan D&ouml;nmeyin:<\/strong><\/em><\/p>\n<ul>\n<li>Akdeniz ticaret yolunun kav\u015fa\u011f\u0131nda olmas\u0131yla birlikte Fenikelilerden Romanlara; Yunanlardan \u0130spanyollara kadar bir&ccedil;ok medeniyetin e k&uuml;lt&uuml;r&uuml;n etkisinde kalan Palermo adeta ya\u015fayan bir m&uuml;ze.<\/li>\n<li>Antik Yunan&#8217;\u0131n en b&uuml;y&uuml;k \u015fehirlerinden biri olan Siracusa&#8217;n\u0131n (Syracuse) d&ouml;rt taraf\u0131 denizle &ccedil;evrili tarihi \u015fehir merkezi ana karaya k&ouml;pr&uuml;lerle ba\u011flant\u0131l\u0131.&nbsp;<\/li>\n<\/ul>\n<h4><strong>1 May\u0131s Emek ve Dayan\u0131\u015fma G&uuml;n&uuml; &ndash; 4 G&uuml;n<\/strong><br \/><strong>(28 Nisan &ndash; 1 May\u0131s)<\/strong><\/h4>\n<p><strong>Aix En Provence &amp; Avignon<\/strong><\/p>\n<p style=\"text-align: center;\"><strong><img loading=\"lazy\" decoding=\"async\" class=\"alignnone size-full wp-image-5014\" src=\"https:\/\/www.julesverne.com.tr\/\/wp-content\/uploads\/2020\/09\/avignon.jpg\" width=\"1000\" height=\"667\" alt=\"avignonseyahat\" srcset=\"https:\/\/julesverne.com.tr\/wp-content\/uploads\/2020\/09\/avignon.jpg 1000w, https:\/\/julesverne.com.tr\/wp-content\/uploads\/2020\/09\/avignon-500x334.jpg 500w, https:\/\/julesverne.com.tr\/wp-content\/uploads\/2020\/09\/avignon-768x512.jpg 768w\" sizes=\"(max-width: 1000px) 100vw, 1000px\" \/><\/strong><\/p>\n<p>Marsilya Havaliman\u0131&#8217;ndan yar\u0131m saat uzakl\u0131ktaki Aix en Provence, Provence b&ouml;lgesinin incisi! A\u011fa&ccedil;larla kapl\u0131 caddeleri, tarihi evlerle s&uuml;sl&uuml; dar sokaklar\u0131, her k&uuml;&ccedil;&uuml;k meydanda bile pitoresk bir g&ouml;r&uuml;nt&uuml;ye d&ouml;n&uuml;\u015f&uuml;veren irili ufakl\u0131 su &ccedil;e\u015fmeleri ve her kafeden y&uuml;kselen ne\u015feli kahkahalar\u0131yla size ya\u015fam enerjisi veriyor. Aix en Provence&#8217;\u0131n kartpostal\u0131 and\u0131ran ambiyans\u0131n\u0131 ke\u015ffederken yenilendi\u011finizi hissediyorsunuz. Yolda y&uuml;r&uuml;rken bile hissedece\u011finiz sanatsal ruhunu ise Paul C&eacute;zanne ve Emile Zola&#8217;n\u0131n yolunun buradan ge&ccedil;mi\u015f olmas\u0131na bor&ccedil;luyuz. <br \/>Tarih, tarih, tarih&hellip; Avignon sahip oldu\u011fu ve korudu\u011fu tarihini mimarisinden sanat\u0131na kadar her k&uuml;lt&uuml;rel alanda gururla ya\u015fat\u0131yor. Aix en Provence ile 1 saat uzakl\u0131kta konumlanan Avignon&rsquo;un Orta&ccedil;a\u011f surlar\u0131 i&ccedil;erisinde kurulan tarihi \u015fehir b&ouml;l&uuml;m&uuml; d&ouml;nem filmlerindeki platolar\u0131 and\u0131r\u0131yor.&nbsp;<\/p>\n<p><em><strong>Yapmadan D&ouml;nmeyin:<\/strong><\/em><\/p>\n<ul>\n<li>Cours Mirabeau Aix en Provence&rsquo;\u0131n ana caddesi. A\u011fa&ccedil;larla ve tarihi binalarla dolu olan caddede boydan boya y&uuml;r&uuml;seniz bile g&ouml;rsel olarak doyuma ula\u015fabilirsiniz. Buradan dar sokaklara girip \u015fehrin gizli g&uuml;zelliklerini ke\u015ffedebilirsiniz.<\/li>\n<li>Avrupa&#8217;daki en b&uuml;y&uuml;k ve en &ouml;nemli orta&ccedil;a\u011fdan kalma Gotik yap\u0131lar\u0131ndan biri olan Avignon&#8217;daki Palais des Papes&#8217;\u0131 mutlaka g&ouml;r&uuml;n.<\/li>\n<li>Bisiklete binmeyi seviyorsan\u0131z Avignon&#8217;u bisikletle gezmenizi &ouml;neririz. 14. y&uuml;zy\u0131ldan kalma saat kulesi Place de l&#8217;Horloge2&#8217;dan ba\u015flayarak sokaklar aras\u0131nda kaybolun; k&uuml;&ccedil;&uuml;k meydanlar\u0131 aras\u0131nda gizlenen butiklerini ve sempatik kafelerini ke\u015ffedin.<\/li>\n<\/ul>\n<p><strong>Stockholm<\/strong><\/p>\n<p style=\"text-align: center;\"><strong><img loading=\"lazy\" decoding=\"async\" class=\"alignnone size-full wp-image-5015\" src=\"https:\/\/www.julesverne.com.tr\/\/wp-content\/uploads\/2020\/09\/stockholm-5.jpg\" width=\"1000\" height=\"606\" alt=\"stockholm seyahat\" srcset=\"https:\/\/julesverne.com.tr\/wp-content\/uploads\/2020\/09\/stockholm-5.jpg 1000w, https:\/\/julesverne.com.tr\/wp-content\/uploads\/2020\/09\/stockholm-5-500x303.jpg 500w, https:\/\/julesverne.com.tr\/wp-content\/uploads\/2020\/09\/stockholm-5-768x465.jpg 768w\" sizes=\"(max-width: 1000px) 100vw, 1000px\" \/><\/strong><\/p>\n<p>14 ada &uuml;zerine kurulan Stockholm, \u0130skandinavya&#8217;n\u0131n en g&uuml;zel \u015fehirlerinde biri. Zarif bir \u015fekilde planlanan semtleri, k&ouml;pr&uuml;lerle birbirini takip eden adac\u0131klar\u0131, adalar aras\u0131 dola\u015fan feribotlar\u0131n ortaya sundu\u011fu manzaralar\u0131yla i&ccedil;inizde bir ferahl\u0131k hissi yarat\u0131yor. Minimalizmin ba\u015fkentinde ge&ccedil;irece\u011finiz 24 saat bile size kendinizi daha mutlu hissettiriyor. Kesinlikle benzersiz, fazlas\u0131yla pozitif ve yarat\u0131c\u0131 olan bu \u015fehirde &#8220;yeni&#8221; olarak tan\u0131mlad\u0131\u011f\u0131n\u0131z bir d&uuml;kk&acirc;n\u0131, bir soka\u011f\u0131, bir binay\u0131 ke\u015ffetme arzusuyla doluyorsunuz.<\/p>\n<p><em><strong>Yapmadan D&ouml;nmeyin:<\/strong><\/em><\/p>\n<ul>\n<li>Kungsholmen Adas\u0131&#8217;nda yer alan belediye binas\u0131 Stadshuset &ouml;zellikle kulesinden sundu\u011fu panoramas\u0131yla me\u015fhur.<\/li>\n<li>\u0130sve&ccedil;&#8217;in ilk a&ccedil;\u0131k hava m&uuml;zesi Skansen Open-Air Museum; modern sanat m&uuml;zesi Moderna Museet; &ccedil;a\u011fda\u015f foto\u011fraf sanat\u0131na adanan Fotografiska g&ouml;r&uuml;lmeye de\u011fer.<\/li>\n<\/ul>\n<p><strong>Marake\u015f<\/strong><\/p>\n<p style=\"text-align: center;\"><strong><img loading=\"lazy\" decoding=\"async\" class=\"alignnone size-full wp-image-5016\" src=\"https:\/\/www.julesverne.com.tr\/\/wp-content\/uploads\/2020\/09\/marrakech-1.jpg\" width=\"850\" height=\"566\" alt=\"marake\u015f riad\" srcset=\"https:\/\/julesverne.com.tr\/wp-content\/uploads\/2020\/09\/marrakech-1.jpg 850w, https:\/\/julesverne.com.tr\/wp-content\/uploads\/2020\/09\/marrakech-1-500x333.jpg 500w, https:\/\/julesverne.com.tr\/wp-content\/uploads\/2020\/09\/marrakech-1-768x511.jpg 768w\" sizes=\"(max-width: 850px) 100vw, 850px\" \/><\/strong><\/p>\n<p>Bir masal d&uuml;nyas\u0131na benzeyen Marake\u015f, fantastik hikayeleri olan bir \u015fehir. Mistik ve oryantal dokulara sahip bir ke\u015fif i&ccedil;in gezginlerin g&ouml;zdesi olan bu \u015fehir son y\u0131llarda daha da &ccedil;ok merak ediliyor. K\u0131z\u0131l renginin \u015fehir sembol&uuml;ne d&ouml;n&uuml;\u015ft&uuml;\u011f&uuml; Marake\u015f bu mimarisiyle k\u0131z\u0131l bir &ccedil;ehreye sahip. Eski \u015fehir Medina ve modern binalardan olu\u015fan Gu&eacute;liz b&ouml;l&uuml;mleriyle hem yeni hem de eskiyi ayn\u0131 anda ya\u015fatan kent ba\u015fka bir d&ouml;neme ait gibi duruyor.<\/p>\n<p><em><strong>Yapmadan D&ouml;nmeyin:<\/strong><\/em><\/p>\n<ul>\n<li>Ger&ccedil;ek bir Marake\u015f deneyimi ya\u015famak i&ccedil;in, eski \u015fehir Medina&rsquo;da, arabalar\u0131n giremedi\u011fi dar sokaklara gizlenen riad tipi otellerden birinde kalmal\u0131s\u0131n\u0131z. L&uuml;ks tasar\u0131mlar\u0131 ve b&uuml;y&uuml;l&uuml; avlular\u0131yla her biri ba\u015f d&ouml;nd&uuml;r&uuml;c&uuml;!<\/li>\n<li>Yeni a&ccedil;\u0131lan Mus&eacute;e Yves Saint Laurent &uuml;nl&uuml; tasar\u0131mc\u0131n\u0131n 40 senelik kariyerini anlatan koleksiyona ev sahipli\u011fi yap\u0131yor.<\/li>\n<\/ul>\n<h4><strong>Ramazan Bayram\u0131 &ndash; 4 G&uuml;n<\/strong><br \/><strong>(14 &ndash; 17 Haziran)<\/strong><\/h4>\n<p><strong>Normandiya &#8211; Fransa<\/strong><\/p>\n<p style=\"text-align: center;\"><strong><img loading=\"lazy\" decoding=\"async\" class=\"alignnone size-full wp-image-5017\" src=\"https:\/\/www.julesverne.com.tr\/\/wp-content\/uploads\/2020\/09\/honfleur.jpg\" width=\"1000\" height=\"667\" alt=\"honfleur normandy \" srcset=\"https:\/\/julesverne.com.tr\/wp-content\/uploads\/2020\/09\/honfleur.jpg 1000w, https:\/\/julesverne.com.tr\/wp-content\/uploads\/2020\/09\/honfleur-500x334.jpg 500w, https:\/\/julesverne.com.tr\/wp-content\/uploads\/2020\/09\/honfleur-768x512.jpg 768w\" sizes=\"(max-width: 1000px) 100vw, 1000px\" \/><\/strong><\/p>\n<p>Fransa&#8217;n\u0131n kuzeyindeki Normandiya B&ouml;lgesi, \u0130kinci D&uuml;nya Sava\u015f\u0131&#8217;n\u0131n en &ouml;nemli &ccedil;at\u0131\u015fmalar\u0131na ev sahipli\u011fi yapm\u0131\u015f hatta sava\u015f\u0131n kaderini de\u011fi\u015ftirmesiyle tarihsel olarak b&uuml;y&uuml;k bir &ouml;nem ta\u015f\u0131yor. Her sene d&uuml;zenlenen American Film Festivali ile &uuml;nl&uuml; Deauville ve pitoresk liman kenti Honfleur Normandiya&rsquo;n\u0131n ke\u015ffetmesi en keyifli iki destinasyonu. Yaz sezonuyla birlikte parti havas\u0131 estiren Deauville, Parisli zenginlerin buraya ak\u0131n etmesiyle ba\u015fka bir havaya b&uuml;r&uuml;n&uuml;yor. Festivalleri, &uuml;nl&uuml; at yar\u0131\u015flar\u0131, yat yar\u0131\u015flar\u0131, tenis ve gol turnuvalar\u0131yla bir \u015f&ouml;len yerine d&ouml;n&uuml;\u015f&uuml;yor. Arnavut kald\u0131r\u0131ml\u0131 sokaklar\u0131, ah\u015fap evleri ve \u015f\u0131k butikleriyle &uuml;nl&uuml; Honfleur ise R&ouml;nesans esintisi ve 17.y&uuml;zy\u0131lda in\u015fa edilen liman\u0131yla zamanda as\u0131l\u0131 kalm\u0131\u015f gibi.<\/p>\n<p><em><strong>Yapmadan D&ouml;nmeyin:<\/strong><\/em><\/p>\n<ul>\n<li>Alman askeri i\u015fgalinden kurtulmak i&ccedil;in yap\u0131lan &ccedil;\u0131kartmalar\u0131n adresi D-Day plajlar\u0131 s\u0131ras\u0131yla Sword, Juno, Gold, Omaha ve Utah plajlar\u0131ndan olu\u015fuyor. Gold Beach ve Omaha Beach&#8217;i mutlaka gezmelisiniz.<\/li>\n<li>U \u015feklindeki konumuyla &uuml;&ccedil; taraf\u0131 geleneksel evleriyle &ccedil;evrili olan Honfleur Liman\u0131&#8217;n\u0131n kalbindeki Vieux Bassin tarihi liman\u0131nda ister g&uuml;nd&uuml;z ister hava karard\u0131ktan sonra y&uuml;r&uuml;y&uuml;\u015fe &ccedil;\u0131k\u0131n.<\/li>\n<\/ul>\n<p><strong>San Sebastian &ndash; Biarritz<\/strong><\/p>\n<p style=\"text-align: center;\"><strong><img loading=\"lazy\" decoding=\"async\" class=\"alignnone size-full wp-image-5018\" src=\"https:\/\/www.julesverne.com.tr\/\/wp-content\/uploads\/2020\/09\/biarritz-1.jpg\" width=\"1000\" height=\"610\" alt=\"biarritz seyahat\" srcset=\"https:\/\/julesverne.com.tr\/wp-content\/uploads\/2020\/09\/biarritz-1.jpg 1000w, https:\/\/julesverne.com.tr\/wp-content\/uploads\/2020\/09\/biarritz-1-500x305.jpg 500w, https:\/\/julesverne.com.tr\/wp-content\/uploads\/2020\/09\/biarritz-1-768x468.jpg 768w\" sizes=\"(max-width: 1000px) 100vw, 1000px\" \/><\/strong><\/p>\n<p>\u0130spanya&#8217;n\u0131n kuzey k\u0131y\u0131s\u0131ndaki gastronomi mabedinin ba\u015far\u0131s\u0131n\u0131n sadece kendi s\u0131n\u0131rlar\u0131 ile kald\u0131\u011f\u0131 yan\u0131lg\u0131s\u0131na kap\u0131lmay\u0131n! D&uuml;nya gastronomisinde b&uuml;y&uuml;k ve de\u011ferli bir yeri olan San Sebastian Michelin y\u0131ld\u0131zl\u0131 restoranlar\u0131yla her y\u0131l gurmelerin radar\u0131nda. As\u0131rl\u0131k k&ouml;kl&uuml; gastronomi gelene\u011finden gelen Bask mutfa\u011f\u0131 yarat\u0131c\u0131 \u015feflerle modern, farkl\u0131 ve &ouml;vg&uuml;y&uuml; hak eden tariflere d&ouml;n&uuml;\u015f&uuml;yor. Tabi ki San Sebastian Michelin y\u0131ld\u0131zl\u0131 restoranlar\u0131ndan ibaret de\u011fil. Bask B&ouml;lgesi&#8217;nin simge yap\u0131lar\u0131ndan Mar&iacute;a Cristina Hotel, Victoria Eugenia Tiyatrosu, Iglesia de Santa Maria del Coro gibi tarihi binalar\u0131; alt\u0131n rengi kumsal\u0131 ve turkuaz sular\u0131yla La Concha koyu bu \u015fehrin &ccedil;ekim yerleri&#8230;<\/p>\n<p><em><strong>Yapmadan D&ouml;nmeyin:<\/strong><\/em><\/p>\n<ul>\n<li>San Sebastian mutfa\u011f\u0131 sadece Michelin y\u0131ld\u0131zl\u0131 restoranlar\u0131yla s\u0131n\u0131rl\u0131 de\u011fil. Bask mutfa\u011f\u0131n\u0131n as\u0131l y\u0131ld\u0131z\u0131 olan Pintxo&rsquo;lar\u0131 tadaca\u011f\u0131n\u0131z barlar\u0131nda gurme yolculu\u011funa &ccedil;\u0131k\u0131n.<\/li>\n<li>San Sebsatian&#8217;a 15 dakika uzakl\u0131kta Hernani kasabas\u0131nda yer alan Museo Chillida-Leku bra&ccedil;\u0131k hava m&uuml;zesi. Baskl\u0131 heykeltra\u015f Eduardo Chillida&#8217;ya adanan bu park-m&uuml;zeyi g&ouml;rmelisiniz.<\/li>\n<\/ul>\n<p><strong>\u0130zlanda<\/strong><\/p>\n<p style=\"text-align: center;\"><strong><img loading=\"lazy\" decoding=\"async\" class=\"alignnone size-full wp-image-5019\" src=\"https:\/\/www.julesverne.com.tr\/\/wp-content\/uploads\/2020\/09\/izlanda-1.jpg\" width=\"1000\" height=\"667\" alt=\"\" srcset=\"https:\/\/julesverne.com.tr\/wp-content\/uploads\/2020\/09\/izlanda-1.jpg 1000w, https:\/\/julesverne.com.tr\/wp-content\/uploads\/2020\/09\/izlanda-1-500x334.jpg 500w, https:\/\/julesverne.com.tr\/wp-content\/uploads\/2020\/09\/izlanda-1-768x512.jpg 768w\" sizes=\"(max-width: 1000px) 100vw, 1000px\" \/><\/strong><\/p>\n<p>Bir yanda buzullar\u0131 bir yanda yerin alt\u0131ndan y&uuml;kselen s\u0131cak su kaynaklar\u0131yla &#8220;Buz ve Ate\u015f &Uuml;lkesi&#8221; benzetmesiyle d&uuml;nyada tan\u0131nan \u0130zlanda demek &#8220;inan\u0131lmaz&#8221; kelimesini &ccedil;ok s\u0131k kullanaca\u011f\u0131n\u0131z bir seyahat demek. 325.000 n&uuml;fusu olan &uuml;lkenin n&uuml;fus yo\u011funlu\u011fu tabi ki ba\u015fkent Rejkjavik&#8217;te yo\u011funla\u015f\u0131yor. Gezginlerin ve do\u011fa tutkunlar\u0131n\u0131n &#8220;mutlaka yap\u0131lacaklar&#8221; listesinde yer alan \u0130zlanda&#8217;y\u0131 Kuzey I\u015f\u0131klar\u0131, g&ouml;steri\u015fli \u015felaleleri, so\u011fuk iklimine ra\u011fmen \u015fa\u015f\u0131rt\u0131c\u0131 say\u0131da kapl\u0131caya ev sahipli\u011fi yapmas\u0131, siyah kumlu plaj\u0131yla sizi bir duygudan bir ba\u015fka duyguya bir anda s&uuml;r&uuml;kleyebiliyor.<\/p>\n<p><em><strong>Yapmadan D&ouml;nmeyin:<\/strong><\/em><\/p>\n<ul>\n<li>&Uuml;lkede bir&ccedil;ok kapl\u0131ca bulunsa da i&ccedil;lerinde en &uuml;nl&uuml;s&uuml; Blue Lagoon! Masallar\u0131 and\u0131ran turkuaz mavi g&ouml;r&uuml;nt&uuml;s&uuml;ne al\u0131\u015ft\u0131ktan sonra s\u0131cak suyun i&ccedil;inde bu anlar\u0131n tad\u0131n\u0131 &ccedil;\u0131kar\u0131n.<\/li>\n<li>\u0130zlanda&#8217;n\u0131n demirba\u015f\u0131 Golden Circle turu. 300 km&#8217;lik bir yolculu\u011fu kapsayan rota &uuml;zerinde Thingvellir Milli Park\u0131, Strokkur ve Geysir, Gullfoss \u015eelalesi, Kerid Krater G&ouml;l&uuml; ba\u015fta olmak &uuml;zere &uuml;lkenin en etkileyici do\u011fal g&uuml;zellikleri bulunuyor.<\/li>\n<\/ul>\n<h4><strong>Kurban Bayram\u0131 &ndash; 9 G&uuml;n<\/strong><br \/><strong>(18-26 A\u011fustos)<\/strong><\/h4>\n<p><strong>Los Angeles &ndash; San Francisco<\/strong><\/p>\n<p style=\"text-align: center;\"><strong><img loading=\"lazy\" decoding=\"async\" class=\"alignnone size-full wp-image-5020\" src=\"https:\/\/www.julesverne.com.tr\/\/wp-content\/uploads\/2020\/09\/los_angeles-1.jpg\" width=\"1280\" height=\"473\" alt=\"\" srcset=\"https:\/\/julesverne.com.tr\/wp-content\/uploads\/2020\/09\/los_angeles-1.jpg 1280w, https:\/\/julesverne.com.tr\/wp-content\/uploads\/2020\/09\/los_angeles-1-500x185.jpg 500w, https:\/\/julesverne.com.tr\/wp-content\/uploads\/2020\/09\/los_angeles-1-768x284.jpg 768w\" sizes=\"(max-width: 1280px) 100vw, 1280px\" \/><\/strong><\/p>\n<p>Uzun bir tatilin hakk\u0131 uzak destinasyonlarla &ccedil;\u0131kar! California&rsquo;n\u0131n en g&uuml;zel \u015fehirleri Los Angeles ve San Francisco farkl\u0131 karakterleri ve ya\u015fam stilleriyle sanattan modaya; mutfaktan teknolojiye heyecan veren ke\u015fiflerle dolu. Cesur yarat\u0131c\u0131lar\u0131n ve eklektik d&uuml;nya k&uuml;lt&uuml;rlerinin erime potas\u0131 olan Los Angeles, Hollywood&#8217;un ihti\u015fam\u0131n\u0131n ve cazibesinin &ccedil;ok &ouml;tesinde &ouml;neriler de sunuyor. Il\u0131man iklimi sayesinde her zaman g&uuml;zel bir hava sunan Los Angeles, \u015e&ouml;hret Yolu d\u0131\u015f\u0131nda etkileyici m&uuml;zeleri, gurme restoranlar\u0131, partileri, tasar\u0131m butikleri, l&uuml;ks ma\u011fazalar\u0131yla bir&ccedil;ok beklentiye cevap veriyor. Bir yandan de\u011fi\u015fime a&ccedil;\u0131k bir yandan s&uuml;regelen al\u0131\u015fkanl\u0131klar\u0131na ba\u011fl\u0131 olan San Francisco ise yenilik&ccedil;i tavr\u0131, &ccedil;arp\u0131c\u0131 manzaralar\u0131, farkl\u0131 k&uuml;lt&uuml;rlerdeki insanlar\u0131 a\u011f\u0131rlamas\u0131yla ke\u015ffetmesi heyecan veren \u015fehirlerden. Viktorya d&ouml;neminden evleri, teknoloji \u015firketleri, sanat galerileri, yaz aylar\u0131nda h\u0131z kesmeyen a&ccedil;\u0131k hava festival ve etkinleriyle her zaman merak edilen olmay\u0131 ba\u015far\u0131yor.<\/p>\n<p><em><strong>Yapmadan D&ouml;nmeyin:<\/strong><\/em><\/p>\n<ul>\n<li>Los Angeles&rsquo;a geldi\u011finizde The Broad, The Getty Center ve LACMA m&uuml;zelerine mutlaka zaman ay\u0131rmal\u0131s\u0131n\u0131z.&nbsp;<\/li>\n<li>120 hektarl\u0131k bir alana yay\u0131lan The Huntington Library, Art Collections and Botanical Gardens in, Japon, Avustralya, &Ccedil;&ouml;l, G&uuml;l, Orman, Subtropikal vb. farkl\u0131 iklimlere &ouml;zg&uuml; bah&ccedil;elerini; &ccedil;arp\u0131c\u0131 eserlerin yer ald\u0131\u011f\u0131 sanat galerisini ve &ouml;zel kitap koleksiyonu ile k&uuml;t&uuml;phanesini ke\u015ffedebilirsiniz.<\/li>\n<li>Pier 39 ve Fisherman&#8217;s Wharf iskeleleri turistik &ccedil;ekim merkezi olsa da c\u0131v\u0131l c\u0131v\u0131l atmosferi ve y&uuml;ksek enerjisiyle size kendinizi iyi hissettiriyor.<\/li>\n<li>San Francisco&#8217;nun en merak uyand\u0131ran soka\u011f\u0131 Lombard Street, Viktorya stili malikaneleriyle m&uuml;zeden farks\u0131z.<\/li>\n<\/ul>\n<p><strong>\u0130rlanda<\/strong><\/p>\n<p style=\"text-align: center;\"><strong><img loading=\"lazy\" decoding=\"async\" class=\"alignnone size-full wp-image-5021\" src=\"https:\/\/www.julesverne.com.tr\/\/wp-content\/uploads\/2020\/09\/irlanda.jpg\" width=\"1000\" height=\"667\" alt=\"irlanda seyahat\" srcset=\"https:\/\/julesverne.com.tr\/wp-content\/uploads\/2020\/09\/irlanda.jpg 1000w, https:\/\/julesverne.com.tr\/wp-content\/uploads\/2020\/09\/irlanda-500x334.jpg 500w, https:\/\/julesverne.com.tr\/wp-content\/uploads\/2020\/09\/irlanda-768x512.jpg 768w\" sizes=\"(max-width: 1000px) 100vw, 1000px\" \/><\/strong><\/p>\n<p>\u0130rlanda&#8217;y\u0131 neden &ccedil;ok seviyoruz? &Ccedil;&uuml;nk&uuml; &ccedil;arp\u0131c\u0131 do\u011fal g&uuml;zelli\u011fi, halk\u0131n\u0131n s\u0131cakl\u0131\u011f\u0131,&nbsp; zengin tarihi, k&uuml;lt&uuml;r ve gelenekleriyle Kuzey Avrupa&#8217;n\u0131n sempatik &uuml;lkesi. Kendinizi evinizdeymi\u015f gibi hissedece\u011finiz \u0130rlanda, Avrupa&#8217;n\u0131n en b&uuml;y&uuml;k kasabas\u0131 hissiyat\u0131n\u0131 veriyor. Kasaba benzetmesinin alt\u0131nda yatan sebepler ise lokal ruhu korumas\u0131, do\u011fall\u0131\u011f\u0131 ve huzur veriyor olmas\u0131. Dramatik manzaralar sunan kayal\u0131klar\u0131, bakir koylar\u0131, Dublin&#8217;in i&ccedil;inizi kaynatan ya\u015fam\u0131, masallardan f\u0131rlam\u0131\u015f gibi duran \u015fatolar\u0131yla k\u0131sa bir s&uuml;reli\u011fine de olsa siz de bu hik&acirc;yeye ortak olun. &Uuml;lkenin ba\u015fkenti Dublin; &uuml;lkenin en pitoresk manzaralar\u0131n\u0131 sunan Killarney National Park\u0131; kontrastlar\u0131n, renklerin ve vah\u015fi do\u011fan\u0131n en &ccedil;ok yak\u0131\u015ft\u0131\u011f\u0131 Connemara b&ouml;lgesi seyahat listenizde olsun!<\/p>\n<p><em><strong>Yapmadan D&ouml;nmeyin:<\/strong><\/em><\/p>\n<p>&nbsp;<\/p>\n<ul>\n<li>Fortune T&uuml;rkiye taraf\u0131ndan &ldquo;Mutlaka g&ouml;r&uuml;lmesi gereken 32 b&uuml;y&uuml;l&uuml; yer&rdquo; aras\u0131nda yer alan Moher Kayal\u0131klar\u0131&#8217;n\u0131 g&ouml;r&uuml;n ve bol bol foto\u011fraf &ccedil;ekin.<\/li>\n<li>Masal kahramanlar\u0131n\u0131 bile k\u0131skand\u0131racak yemye\u015fil bir do\u011fa i&ccedil;erisinde parlayan Kylemore Abbey&rsquo;i daha fazla betimlemeyelim, siz gidin yerinde g&ouml;r&uuml;n!<\/li>\n<li>Y&uuml;zlerce bira &ccedil;e\u015fidini bulaca\u011f\u0131n\u0131z Dublin&rsquo;in geleneksel publar\u0131n\u0131 ke\u015ffedin.<\/li>\n<\/ul>\n<p>&nbsp;<\/p>\n<p><strong>&Ccedil;in<\/strong><\/p>\n<p style=\"text-align: center;\"><strong><img loading=\"lazy\" decoding=\"async\" class=\"alignnone size-full wp-image-5022\" src=\"https:\/\/www.julesverne.com.tr\/\/wp-content\/uploads\/2020\/09\/cin.jpg\" width=\"1000\" height=\"605\" alt=\"yasak \u015fehir &ccedil;in seyahat\" srcset=\"https:\/\/julesverne.com.tr\/wp-content\/uploads\/2020\/09\/cin.jpg 1000w, https:\/\/julesverne.com.tr\/wp-content\/uploads\/2020\/09\/cin-500x303.jpg 500w, https:\/\/julesverne.com.tr\/wp-content\/uploads\/2020\/09\/cin-768x465.jpg 768w\" sizes=\"(max-width: 1000px) 100vw, 1000px\" \/><\/strong><\/p>\n<p>Co\u011frafik, etnik, mutfak ve sosyal yap\u0131s\u0131nda &ccedil;ok &ccedil;e\u015fitli &ouml;zellikler ta\u015f\u0131yan &Ccedil;in i&ccedil;in s&uuml;rekli geli\u015fen bir ulus tan\u0131m\u0131 pek de abart\u0131 olmaz. \u0130nsanl\u0131k tarihi boyunca derin izler b\u0131rakan &Ccedil;in b&uuml;y&uuml;k \u015fehirleri, d&uuml;nya ekonomisindeki g&uuml;&ccedil;l&uuml; konumu, modern binalar\u0131 ve geleneklerini koruyan yakla\u015f\u0131m\u0131yla derin merak uyand\u0131r\u0131yor. 1.5 milyar n&uuml;fusuyla d&uuml;nyan\u0131n en kalabal\u0131k uluslar\u0131ndan biri olan &Ccedil;in demek efsaneler, medeniyetler, tarihi ve k&uuml;lt&uuml;rel zenginlikler demek. E\u011fer ilk kez &Ccedil;in&#8217;e seyahat edecekseniz Pekin, Xian ve \u015eangay&#8217;dan olu\u015fan bir rotay\u0131 izlemenizi &ouml;neririz. Kaos ve geli\u015fimle birlikte an\u0131lan &Ccedil;in&#8217;in ba\u015fkenti Pekin; Antik zamanlarda ebedi \u015fehir anlam\u0131na gelen Chang&#8217;an ad\u0131yla an\u0131lan Xian; modern yap\u0131lar\u0131 ve k&uuml;lt&uuml;rel miraslar\u0131yla birlikte &uuml;lkenin finans ve ticaret merkezi olan \u015eangay sizi kendine hayran b\u0131rakacak.<\/p>\n<p><em><strong>Yapmadan D&ouml;nmeyin:<\/strong><\/em><\/p>\n<p>&nbsp;<\/p>\n<ul>\n<li>Pekin&#8217;de UNESCO D&uuml;nya Miras\u0131 Listesi&rsquo;nde yer alan ve 980 ayr\u0131 binadan olu\u015fan b&uuml;y&uuml;leyici Yasak \u015eehir mutlaka g&ouml;r&uuml;lmeli.<\/li>\n<li>M.&Ouml;. 220 y\u0131l\u0131nda yap\u0131m\u0131na ba\u015flanan &Ccedil;in Seddi&rsquo;ni gezmelisiniz. &Ccedil;in Seddi&#8217;ni gezdikten sonra &ouml;nerimiz &#8220;toboggan&#8221; denen k\u0131zaklarla ini\u015f yapman\u0131z.<\/li>\n<li>1100 y\u0131l boyunca &Ccedil;in \u0130mparatorlu\u011fu&#8217;nun ba\u015fkenti olan Xi&rsquo;an&rsquo;da Qin Terra-cotta Sava\u015f&ccedil;\u0131lar\u0131 ve Atlar\u0131 M&uuml;zesi&#8217;ni g&ouml;rmenizi &ouml;neririz.<\/li>\n<li>Finans merkezine d&ouml;n&uuml;\u015fen \u015eangay&rsquo;\u0131n estetik semti French Concession dola\u015fmas\u0131 en keyifli b&ouml;lgelerinden.<\/li>\n<\/ul>\n<p>&nbsp;<\/p>\n<h4><strong>29 Ekim Cumhuriyet Bayram\u0131 &#8211; 3 G&uuml;n<\/strong><br \/><strong>(27-29 Ekim)<\/strong><\/h4>\n<p><strong>Atina<\/strong><\/p>\n<p style=\"text-align: center;\"><strong><img loading=\"lazy\" decoding=\"async\" class=\"alignnone size-full wp-image-5023\" src=\"https:\/\/www.julesverne.com.tr\/\/wp-content\/uploads\/2020\/09\/atina-2.jpg\" width=\"1000\" height=\"619\" alt=\"atina seyahat\" srcset=\"https:\/\/julesverne.com.tr\/wp-content\/uploads\/2020\/09\/atina-2.jpg 1000w, https:\/\/julesverne.com.tr\/wp-content\/uploads\/2020\/09\/atina-2-500x310.jpg 500w, https:\/\/julesverne.com.tr\/wp-content\/uploads\/2020\/09\/atina-2-768x475.jpg 768w\" sizes=\"(max-width: 1000px) 100vw, 1000px\" \/><\/strong><\/p>\n<p>Yan\u0131 ba\u015f\u0131m\u0131zda, bizden hi&ccedil; de uzak olmayan k&uuml;lt&uuml;rel benzerlikleriyle Atina&#8230; Kendinizi yabanc\u0131 hissetmeyece\u011finiz Antik Yunan&#8217;\u0131n en g&uuml;&ccedil;l&uuml; \u015fehrini d&uuml;n&uuml; ve bug&uuml;n&uuml;yle ya\u015fay\u0131n. Demokrasi, Bat\u0131 Uygarl\u0131\u011f\u0131 ve tiyatro denince akla ilk gelen Atina&#8217;n\u0131n mimarisinden sanat\u0131na; mutfa\u011f\u0131ndan e\u011flencesine &ouml;yle zengin bir ge&ccedil;mi\u015fi var ki size sadece bu zenginlikleri ke\u015ffetmek kal\u0131yor. Gen&ccedil; modac\u0131lar\u0131n ve grafik tasar\u0131mc\u0131lar\u0131n Antik Yunan&#8217;a yeni yorumlar getirdi\u011fi \u015fehir yeni ve eskiyi &ccedil;ok g&uuml;zel harmanl\u0131yor.<\/p>\n<p><em><strong>Yapmadan D&ouml;nmeyin:<\/strong><\/em><\/p>\n<ul>\n<li>Amerikal\u0131 arkeologlar taraf\u0131ndan kaz\u0131lan Ancient Agora Museum&#8217;u gezin. Yerli a\u011fa&ccedil;larla ye\u015fillendirilen &ccedil;ehresiyle tarihi &ouml;\u011frenmek daha da keyifli.<\/li>\n<li>Akropolis&#8217;in en etkileyici foto\u011fraf\u0131n\u0131 &ccedil;ekmek istiyorsan\u0131z Athens Gate Hotel&#8217;in &ccedil;at\u0131s\u0131na &ccedil;\u0131k\u0131p, Garden Rooftop&#8217;tan g&ouml;r&uuml;nt&uuml;lemenizi &ouml;neririz.<\/li>\n<\/ul>\n<p><strong>Barcelona<\/strong><\/p>\n<p style=\"text-align: center;\"><strong><img loading=\"lazy\" decoding=\"async\" class=\"alignnone size-full wp-image-5024\" src=\"https:\/\/www.julesverne.com.tr\/\/wp-content\/uploads\/2020\/09\/barcelona-5.jpg\" width=\"1000\" height=\"667\" alt=\"barcelona seyahat\" srcset=\"https:\/\/julesverne.com.tr\/wp-content\/uploads\/2020\/09\/barcelona-5.jpg 1000w, https:\/\/julesverne.com.tr\/wp-content\/uploads\/2020\/09\/barcelona-5-500x334.jpg 500w, https:\/\/julesverne.com.tr\/wp-content\/uploads\/2020\/09\/barcelona-5-768x512.jpg 768w\" sizes=\"(max-width: 1000px) 100vw, 1000px\" \/><\/strong><\/p>\n<p>\u0130smini duydu\u011funuzu i&ccedil;inizi \u0131s\u0131tan, hemen seyahat etme arzusu uyand\u0131ran \u015fehir gibi ama bir yandan sayfiye yeri gibi olan rengarenk Akdeniz \u015fehri Barcelona&hellip; Akdeniz iklimi; tarihi yap\u0131lar\u0131, upuzun sahili, underground gece hayat\u0131, her y\u0131l d&uuml;zenlenen festivalleri, zengin mutfa\u011f\u0131, d&uuml;nyan\u0131n en g&uuml;&ccedil;l&uuml; futbol kul&uuml;plerinden biri olan Barcelona Futbol Kul&uuml;b&uuml;, parklar\u0131&hellip; Barcelona&rsquo;y\u0131 sevmek i&ccedil;in fazlas\u0131yla yeterli! Y\u0131l\u0131n her d&ouml;nemi canl\u0131, s&uuml;rprizlerle dolu.<\/p>\n<p><em><strong>Yapmadan D&ouml;nmeyin:<\/strong><\/em><\/p>\n<p>&nbsp;<\/p>\n<ul>\n<li>Art Nouveau ak\u0131m\u0131n\u0131 bir ziyaretle &ouml;\u011frenece\u011finiz en ba\u015far\u0131l\u0131 &ouml;rne\u011fi Sant Pau Art Nouveu Site ziyareti kesinlikle hak ediyor.<\/li>\n<li>Mercado de la Boqueria&#8217;y\u0131 mutlaka ziyaret etmenizi &ouml;neriyoruz ama bir de Mercado de Santa Caterina&#8217;y\u0131 deneyin!<\/li>\n<li>Kahve seviyorsan\u0131z Barcelona&#8217;n\u0131n 3.dalga kahvecileri tam size g&ouml;re!<\/li>\n<\/ul>\n<p>&nbsp;<\/p>\n<p><strong>Toulouse<\/strong><\/p>\n<p style=\"text-align: center;\"><strong><img loading=\"lazy\" decoding=\"async\" class=\"alignnone size-full wp-image-5025\" src=\"https:\/\/www.julesverne.com.tr\/\/wp-content\/uploads\/2020\/09\/toulouse.jpg\" width=\"1000\" height=\"626\" alt=\"toulouse seyahat\" srcset=\"https:\/\/julesverne.com.tr\/wp-content\/uploads\/2020\/09\/toulouse.jpg 1000w, https:\/\/julesverne.com.tr\/wp-content\/uploads\/2020\/09\/toulouse-500x313.jpg 500w, https:\/\/julesverne.com.tr\/wp-content\/uploads\/2020\/09\/toulouse-768x481.jpg 768w\" sizes=\"(max-width: 1000px) 100vw, 1000px\" \/><\/strong><\/p>\n<p>Fransa&#8217;n\u0131n g&uuml;neybat\u0131s\u0131n\u0131n rengi,&nbsp; Midi-Pyr&eacute;n&eacute;es b&ouml;lgesinin ba\u015fkenti Toulouse&#8217;a Pembe \u015eehir denmesi bo\u015funa de\u011fil. Tarihi mimarisini koruyan pembemsi tu\u011flalardan ad\u0131n\u0131 alan \u015fehir Paris, Lyon, Nice gibi y&uuml;ksek sesle iddias\u0131n\u0131 koymak yerine sessizce ke\u015ffedilmeyi bekliyor. Bu \u015fehre gelenleri de onore edecek g&uuml;zelliklerle kar\u015f\u0131layan Toulouse asl\u0131nda kendi reklam\u0131n\u0131 yapmay\u0131 sevmiyor. Gelin, ke\u015ffedin, sonra konu\u015fal\u0131m der gibi bir havas\u0131 var. Saraylar\u0131, sanat adresleri, kendi mutfa\u011f\u0131na &ouml;zg&uuml; spesiyalleri ve canl\u0131 yemek pazarlar\u0131yla hayalinizden daha fazlas\u0131n\u0131 ya\u015fat\u0131yor.<\/p>\n<p><em><strong>Yapmadan D&ouml;nmeyin:<\/strong><\/em><\/p>\n<ul>\n<li>1555&#8217;te varl\u0131kl\u0131 bir Toulouse t&uuml;ccar\u0131 i&ccedil;in in\u015fa edilen bu masals\u0131 pembe saray he mimarisi hem de 1994 y\u0131l\u0131ndan veri ev sahipli\u011fi yapt\u0131\u011f\u0131 Bemberg Foundation&#8217;a ait sanat koleksiyonu i&ccedil;in g&ouml;r&uuml;lmeye de\u011fer.<\/li>\n<li>Garonne Nehri&#8217;nin di\u011fer taraf\u0131nda yer alan Quartier Saint-Cyprien mahallesi Avrupa&rsquo;n\u0131n en b&uuml;y&uuml;k poster m&uuml;zesi olan Matou, farkl\u0131 lezzetler bulaca\u011f\u0131n\u0131z yemek pazar\u0131 ve modern sanat m&uuml;zesi Les Abattoirs ile &uuml;nl&uuml;.<\/li>\n<\/ul>\n<p><strong>Kaynak: Jabiroo<\/strong><\/p><\/p>\n","protected":false},"excerpt":{"rendered":"<p>2018&rsquo;in ilk ay\u0131n\u0131 geride b\u0131rakt\u0131\u011f\u0131m\u0131za g&ouml;re bu y\u0131l\u0131n seyahat planlamalar\u0131na ba\u015flayabiliriz. Siz de, resmi tatil g&uuml;nlerinden faydalan\u0131p seyahatlerinizi bu tarihlerle birlikte de\u011ferlendirmeyi tercih ediyorsan\u0131z bu yaz\u0131 tam da size g&ouml;re!&nbsp;<\/p>\n","protected":false},"author":1,"featured_media":570,"comment_status":"closed","ping_status":"closed","sticky":false,"template":"","format":"standard","meta":{"inline_featured_image":false,"footnotes":""},"categories":[38,1,39],"tags":[],"acf":[],"yoast_head":"<!-- This site is optimized with the Yoast SEO plugin v22.3 - https:\/\/yoast.com\/wordpress\/plugins\/seo\/ -->\n<title>2018 Tatillerini De\u011ferlendirin, En G\u00fczel Rotalar\u0131 Ke\u015ffedin - JULES VERNE BUSINESS MICE TRAVEL<\/title>\n<meta name=\"robots\" content=\"index, follow, max-snippet:-1, max-image-preview:large, max-video-preview:-1\" \/>\n<link rel=\"canonical\" href=\"https:\/\/julesverne.com.tr\/travel-blog\/2018-tatillerini-degerlendirin-en-guzel-rotalari-kesfedin\/\" \/>\n<meta property=\"og:locale\" content=\"en_US\" \/>\n<meta property=\"og:type\" content=\"article\" \/>\n<meta property=\"og:title\" content=\"2018 Tatillerini De\u011ferlendirin, En G\u00fczel Rotalar\u0131 Ke\u015ffedin - JULES VERNE BUSINESS MICE TRAVEL\" \/>\n<meta property=\"og:description\" content=\"2018&rsquo;in ilk ay\u0131n\u0131 geride b\u0131rakt\u0131\u011f\u0131m\u0131za g&ouml;re bu y\u0131l\u0131n seyahat planlamalar\u0131na ba\u015flayabiliriz. Siz de, resmi tatil g&uuml;nlerinden faydalan\u0131p seyahatlerinizi bu tarihlerle birlikte de\u011ferlendirmeyi tercih ediyorsan\u0131z bu yaz\u0131 tam da size g&ouml;re!&nbsp;\" \/>\n<meta property=\"og:url\" content=\"https:\/\/julesverne.com.tr\/travel-blog\/2018-tatillerini-degerlendirin-en-guzel-rotalari-kesfedin\/\" \/>\n<meta property=\"og:site_name\" content=\"JULES VERNE BUSINESS MICE TRAVEL\" \/>\n<meta property=\"article:publisher\" content=\"https:\/\/www.facebook.com\/JulesVerneBusinessMiceTravel\/\" \/>\n<meta property=\"article:published_time\" content=\"2018-02-12T14:16:59+00:00\" \/>\n<meta property=\"article:modified_time\" content=\"2021-03-04T12:21:02+00:00\" \/>\n<meta property=\"og:image\" content=\"https:\/\/julesverne.com.tr\/wp-content\/uploads\/2020\/08\/kapak.png\" \/>\n\t<meta property=\"og:image:width\" content=\"742\" \/>\n\t<meta property=\"og:image:height\" content=\"309\" \/>\n\t<meta property=\"og:image:type\" content=\"image\/png\" \/>\n<meta name=\"author\" content=\"fikirman\" \/>\n<meta name=\"twitter:card\" content=\"summary_large_image\" \/>\n<meta name=\"twitter:creator\" content=\"@JV_BusinessMice\" \/>\n<meta name=\"twitter:site\" content=\"@JV_BusinessMice\" \/>\n<meta name=\"twitter:label1\" content=\"Written by\" \/>\n\t<meta name=\"twitter:data1\" content=\"fikirman\" \/>\n\t<meta name=\"twitter:label2\" content=\"Est. reading time\" \/>\n\t<meta name=\"twitter:data2\" content=\"17 minutes\" \/>\n<script type=\"application\/ld+json\" class=\"yoast-schema-graph\">{\"@context\":\"https:\/\/schema.org\",\"@graph\":[{\"@type\":\"Article\",\"@id\":\"https:\/\/julesverne.com.tr\/travel-blog\/2018-tatillerini-degerlendirin-en-guzel-rotalari-kesfedin\/#article\",\"isPartOf\":{\"@id\":\"https:\/\/julesverne.com.tr\/travel-blog\/2018-tatillerini-degerlendirin-en-guzel-rotalari-kesfedin\/\"},\"author\":{\"name\":\"fikirman\",\"@id\":\"https:\/\/julesverne.com.tr\/#\/schema\/person\/f4eb0514ae455538644c31b99a466fdb\"},\"headline\":\"2018 Tatillerini De\u011ferlendirin, En G\u00fczel Rotalar\u0131 Ke\u015ffedin\",\"datePublished\":\"2018-02-12T14:16:59+00:00\",\"dateModified\":\"2021-03-04T12:21:02+00:00\",\"mainEntityOfPage\":{\"@id\":\"https:\/\/julesverne.com.tr\/travel-blog\/2018-tatillerini-degerlendirin-en-guzel-rotalari-kesfedin\/\"},\"wordCount\":3473,\"publisher\":{\"@id\":\"https:\/\/julesverne.com.tr\/#organization\"},\"image\":{\"@id\":\"https:\/\/julesverne.com.tr\/travel-blog\/2018-tatillerini-degerlendirin-en-guzel-rotalari-kesfedin\/#primaryimage\"},\"thumbnailUrl\":\"https:\/\/julesverne.com.tr\/wp-content\/uploads\/2020\/08\/kapak.png\",\"articleSection\":[\"\u0130lham Veren Destinasyonlar\",\"Blog\",\"Nereye Gitsek?\"],\"inLanguage\":\"en-US\"},{\"@type\":\"WebPage\",\"@id\":\"https:\/\/julesverne.com.tr\/travel-blog\/2018-tatillerini-degerlendirin-en-guzel-rotalari-kesfedin\/\",\"url\":\"https:\/\/julesverne.com.tr\/travel-blog\/2018-tatillerini-degerlendirin-en-guzel-rotalari-kesfedin\/\",\"name\":\"2018 Tatillerini De\u011ferlendirin, En G\u00fczel Rotalar\u0131 Ke\u015ffedin - JULES VERNE BUSINESS MICE TRAVEL\",\"isPartOf\":{\"@id\":\"https:\/\/julesverne.com.tr\/#website\"},\"primaryImageOfPage\":{\"@id\":\"https:\/\/julesverne.com.tr\/travel-blog\/2018-tatillerini-degerlendirin-en-guzel-rotalari-kesfedin\/#primaryimage\"},\"image\":{\"@id\":\"https:\/\/julesverne.com.tr\/travel-blog\/2018-tatillerini-degerlendirin-en-guzel-rotalari-kesfedin\/#primaryimage\"},\"thumbnailUrl\":\"https:\/\/julesverne.com.tr\/wp-content\/uploads\/2020\/08\/kapak.png\",\"datePublished\":\"2018-02-12T14:16:59+00:00\",\"dateModified\":\"2021-03-04T12:21:02+00:00\",\"breadcrumb\":{\"@id\":\"https:\/\/julesverne.com.tr\/travel-blog\/2018-tatillerini-degerlendirin-en-guzel-rotalari-kesfedin\/#breadcrumb\"},\"inLanguage\":\"en-US\",\"potentialAction\":[{\"@type\":\"ReadAction\",\"target\":[\"https:\/\/julesverne.com.tr\/travel-blog\/2018-tatillerini-degerlendirin-en-guzel-rotalari-kesfedin\/\"]}]},{\"@type\":\"ImageObject\",\"inLanguage\":\"en-US\",\"@id\":\"https:\/\/julesverne.com.tr\/travel-blog\/2018-tatillerini-degerlendirin-en-guzel-rotalari-kesfedin\/#primaryimage\",\"url\":\"https:\/\/julesverne.com.tr\/wp-content\/uploads\/2020\/08\/kapak.png\",\"contentUrl\":\"https:\/\/julesverne.com.tr\/wp-content\/uploads\/2020\/08\/kapak.png\",\"width\":742,\"height\":309},{\"@type\":\"BreadcrumbList\",\"@id\":\"https:\/\/julesverne.com.tr\/travel-blog\/2018-tatillerini-degerlendirin-en-guzel-rotalari-kesfedin\/#breadcrumb\",\"itemListElement\":[{\"@type\":\"ListItem\",\"position\":1,\"name\":\"Anasayfa\",\"item\":\"https:\/\/julesverne.com.tr\/\"},{\"@type\":\"ListItem\",\"position\":2,\"name\":\"2018 Tatillerini De\u011ferlendirin, En G\u00fczel Rotalar\u0131 Ke\u015ffedin\"}]},{\"@type\":\"WebSite\",\"@id\":\"https:\/\/julesverne.com.tr\/#website\",\"url\":\"https:\/\/julesverne.com.tr\/\",\"name\":\"JULES VERNE BUSINESS MICE TRAVEL\",\"description\":\"\",\"publisher\":{\"@id\":\"https:\/\/julesverne.com.tr\/#organization\"},\"potentialAction\":[{\"@type\":\"SearchAction\",\"target\":{\"@type\":\"EntryPoint\",\"urlTemplate\":\"https:\/\/julesverne.com.tr\/?s={search_term_string}\"},\"query-input\":\"required name=search_term_string\"}],\"inLanguage\":\"en-US\"},{\"@type\":\"Organization\",\"@id\":\"https:\/\/julesverne.com.tr\/#organization\",\"name\":\"JULES VERNE BUSINESS MICE TRAVEL\",\"url\":\"https:\/\/julesverne.com.tr\/\",\"logo\":{\"@type\":\"ImageObject\",\"inLanguage\":\"en-US\",\"@id\":\"https:\/\/julesverne.com.tr\/#\/schema\/logo\/image\/\",\"url\":\"https:\/\/julesverne.com.tr\/wp-content\/uploads\/2020\/09\/jv-bmt-logo.png\",\"contentUrl\":\"https:\/\/julesverne.com.tr\/wp-content\/uploads\/2020\/09\/jv-bmt-logo.png\",\"width\":110,\"height\":81,\"caption\":\"JULES VERNE BUSINESS MICE TRAVEL\"},\"image\":{\"@id\":\"https:\/\/julesverne.com.tr\/#\/schema\/logo\/image\/\"},\"sameAs\":[\"https:\/\/www.facebook.com\/JulesVerneBusinessMiceTravel\/\",\"https:\/\/twitter.com\/JV_BusinessMice\",\"https:\/\/www.instagram.com\/julesvernebusinessmicetravel\/\",\"https:\/\/www.linkedin.com\/company\/julesvernebusinessmicetravel\/\",\"https:\/\/www.youtube.com\/channel\/UCAwdsmbZ6tFhu1tea6pkpiw\"]},{\"@type\":\"Person\",\"@id\":\"https:\/\/julesverne.com.tr\/#\/schema\/person\/f4eb0514ae455538644c31b99a466fdb\",\"name\":\"fikirman\",\"sameAs\":[\"http:\/\/advermedya.net\/julesverne\"],\"url\":\"https:\/\/julesverne.com.tr\/en\/author\/fikirman\/\"}]}<\/script>\n<!-- \/ Yoast SEO plugin. -->","yoast_head_json":{"title":"2018 Tatillerini De\u011ferlendirin, En G\u00fczel Rotalar\u0131 Ke\u015ffedin - JULES VERNE BUSINESS MICE TRAVEL","robots":{"index":"index","follow":"follow","max-snippet":"max-snippet:-1","max-image-preview":"max-image-preview:large","max-video-preview":"max-video-preview:-1"},"canonical":"https:\/\/julesverne.com.tr\/travel-blog\/2018-tatillerini-degerlendirin-en-guzel-rotalari-kesfedin\/","og_locale":"en_US","og_type":"article","og_title":"2018 Tatillerini De\u011ferlendirin, En G\u00fczel Rotalar\u0131 Ke\u015ffedin - JULES VERNE BUSINESS MICE TRAVEL","og_description":"2018&rsquo;in ilk ay\u0131n\u0131 geride b\u0131rakt\u0131\u011f\u0131m\u0131za g&ouml;re bu y\u0131l\u0131n seyahat planlamalar\u0131na ba\u015flayabiliriz. Siz de, resmi tatil g&uuml;nlerinden faydalan\u0131p seyahatlerinizi bu tarihlerle birlikte de\u011ferlendirmeyi tercih ediyorsan\u0131z bu yaz\u0131 tam da size g&ouml;re!&nbsp;","og_url":"https:\/\/julesverne.com.tr\/travel-blog\/2018-tatillerini-degerlendirin-en-guzel-rotalari-kesfedin\/","og_site_name":"JULES VERNE BUSINESS MICE TRAVEL","article_publisher":"https:\/\/www.facebook.com\/JulesVerneBusinessMiceTravel\/","article_published_time":"2018-02-12T14:16:59+00:00","article_modified_time":"2021-03-04T12:21:02+00:00","og_image":[{"width":742,"height":309,"url":"https:\/\/julesverne.com.tr\/wp-content\/uploads\/2020\/08\/kapak.png","type":"image\/png"}],"author":"fikirman","twitter_card":"summary_large_image","twitter_creator":"@JV_BusinessMice","twitter_site":"@JV_BusinessMice","twitter_misc":{"Written by":"fikirman","Est. reading time":"17 minutes"},"schema":{"@context":"https:\/\/schema.org","@graph":[{"@type":"Article","@id":"https:\/\/julesverne.com.tr\/travel-blog\/2018-tatillerini-degerlendirin-en-guzel-rotalari-kesfedin\/#article","isPartOf":{"@id":"https:\/\/julesverne.com.tr\/travel-blog\/2018-tatillerini-degerlendirin-en-guzel-rotalari-kesfedin\/"},"author":{"name":"fikirman","@id":"https:\/\/julesverne.com.tr\/#\/schema\/person\/f4eb0514ae455538644c31b99a466fdb"},"headline":"2018 Tatillerini De\u011ferlendirin, En G\u00fczel Rotalar\u0131 Ke\u015ffedin","datePublished":"2018-02-12T14:16:59+00:00","dateModified":"2021-03-04T12:21:02+00:00","mainEntityOfPage":{"@id":"https:\/\/julesverne.com.tr\/travel-blog\/2018-tatillerini-degerlendirin-en-guzel-rotalari-kesfedin\/"},"wordCount":3473,"publisher":{"@id":"https:\/\/julesverne.com.tr\/#organization"},"image":{"@id":"https:\/\/julesverne.com.tr\/travel-blog\/2018-tatillerini-degerlendirin-en-guzel-rotalari-kesfedin\/#primaryimage"},"thumbnailUrl":"https:\/\/julesverne.com.tr\/wp-content\/uploads\/2020\/08\/kapak.png","articleSection":["\u0130lham Veren Destinasyonlar","Blog","Nereye Gitsek?"],"inLanguage":"en-US"},{"@type":"WebPage","@id":"https:\/\/julesverne.com.tr\/travel-blog\/2018-tatillerini-degerlendirin-en-guzel-rotalari-kesfedin\/","url":"https:\/\/julesverne.com.tr\/travel-blog\/2018-tatillerini-degerlendirin-en-guzel-rotalari-kesfedin\/","name":"2018 Tatillerini De\u011ferlendirin, En G\u00fczel Rotalar\u0131 Ke\u015ffedin - JULES VERNE BUSINESS MICE TRAVEL","isPartOf":{"@id":"https:\/\/julesverne.com.tr\/#website"},"primaryImageOfPage":{"@id":"https:\/\/julesverne.com.tr\/travel-blog\/2018-tatillerini-degerlendirin-en-guzel-rotalari-kesfedin\/#primaryimage"},"image":{"@id":"https:\/\/julesverne.com.tr\/travel-blog\/2018-tatillerini-degerlendirin-en-guzel-rotalari-kesfedin\/#primaryimage"},"thumbnailUrl":"https:\/\/julesverne.com.tr\/wp-content\/uploads\/2020\/08\/kapak.png","datePublished":"2018-02-12T14:16:59+00:00","dateModified":"2021-03-04T12:21:02+00:00","breadcrumb":{"@id":"https:\/\/julesverne.com.tr\/travel-blog\/2018-tatillerini-degerlendirin-en-guzel-rotalari-kesfedin\/#breadcrumb"},"inLanguage":"en-US","potentialAction":[{"@type":"ReadAction","target":["https:\/\/julesverne.com.tr\/travel-blog\/2018-tatillerini-degerlendirin-en-guzel-rotalari-kesfedin\/"]}]},{"@type":"ImageObject","inLanguage":"en-US","@id":"https:\/\/julesverne.com.tr\/travel-blog\/2018-tatillerini-degerlendirin-en-guzel-rotalari-kesfedin\/#primaryimage","url":"https:\/\/julesverne.com.tr\/wp-content\/uploads\/2020\/08\/kapak.png","contentUrl":"https:\/\/julesverne.com.tr\/wp-content\/uploads\/2020\/08\/kapak.png","width":742,"height":309},{"@type":"BreadcrumbList","@id":"https:\/\/julesverne.com.tr\/travel-blog\/2018-tatillerini-degerlendirin-en-guzel-rotalari-kesfedin\/#breadcrumb","itemListElement":[{"@type":"ListItem","position":1,"name":"Anasayfa","item":"https:\/\/julesverne.com.tr\/"},{"@type":"ListItem","position":2,"name":"2018 Tatillerini De\u011ferlendirin, En G\u00fczel Rotalar\u0131 Ke\u015ffedin"}]},{"@type":"WebSite","@id":"https:\/\/julesverne.com.tr\/#website","url":"https:\/\/julesverne.com.tr\/","name":"JULES VERNE BUSINESS MICE TRAVEL","description":"","publisher":{"@id":"https:\/\/julesverne.com.tr\/#organization"},"potentialAction":[{"@type":"SearchAction","target":{"@type":"EntryPoint","urlTemplate":"https:\/\/julesverne.com.tr\/?s={search_term_string}"},"query-input":"required name=search_term_string"}],"inLanguage":"en-US"},{"@type":"Organization","@id":"https:\/\/julesverne.com.tr\/#organization","name":"JULES VERNE BUSINESS MICE TRAVEL","url":"https:\/\/julesverne.com.tr\/","logo":{"@type":"ImageObject","inLanguage":"en-US","@id":"https:\/\/julesverne.com.tr\/#\/schema\/logo\/image\/","url":"https:\/\/julesverne.com.tr\/wp-content\/uploads\/2020\/09\/jv-bmt-logo.png","contentUrl":"https:\/\/julesverne.com.tr\/wp-content\/uploads\/2020\/09\/jv-bmt-logo.png","width":110,"height":81,"caption":"JULES VERNE BUSINESS MICE TRAVEL"},"image":{"@id":"https:\/\/julesverne.com.tr\/#\/schema\/logo\/image\/"},"sameAs":["https:\/\/www.facebook.com\/JulesVerneBusinessMiceTravel\/","https:\/\/twitter.com\/JV_BusinessMice","https:\/\/www.instagram.com\/julesvernebusinessmicetravel\/","https:\/\/www.linkedin.com\/company\/julesvernebusinessmicetravel\/","https:\/\/www.youtube.com\/channel\/UCAwdsmbZ6tFhu1tea6pkpiw"]},{"@type":"Person","@id":"https:\/\/julesverne.com.tr\/#\/schema\/person\/f4eb0514ae455538644c31b99a466fdb","name":"fikirman","sameAs":["http:\/\/advermedya.net\/julesverne"],"url":"https:\/\/julesverne.com.tr\/en\/author\/fikirman\/"}]}},"_links":{"self":[{"href":"https:\/\/julesverne.com.tr\/en\/wp-json\/wp\/v2\/posts\/1873"}],"collection":[{"href":"https:\/\/julesverne.com.tr\/en\/wp-json\/wp\/v2\/posts"}],"about":[{"href":"https:\/\/julesverne.com.tr\/en\/wp-json\/wp\/v2\/types\/post"}],"author":[{"embeddable":true,"href":"https:\/\/julesverne.com.tr\/en\/wp-json\/wp\/v2\/users\/1"}],"replies":[{"embeddable":true,"href":"https:\/\/julesverne.com.tr\/en\/wp-json\/wp\/v2\/comments?post=1873"}],"version-history":[{"count":0,"href":"https:\/\/julesverne.com.tr\/en\/wp-json\/wp\/v2\/posts\/1873\/revisions"}],"wp:featuredmedia":[{"embeddable":true,"href":"https:\/\/julesverne.com.tr\/en\/wp-json\/wp\/v2\/media\/570"}],"wp:attachment":[{"href":"https:\/\/julesverne.com.tr\/en\/wp-json\/wp\/v2\/media?parent=1873"}],"wp:term":[{"taxonomy":"category","embeddable":true,"href":"https:\/\/julesverne.com.tr\/en\/wp-json\/wp\/v2\/categories?post=1873"},{"taxonomy":"post_tag","embeddable":true,"href":"https:\/\/julesverne.com.tr\/en\/wp-json\/wp\/v2\/tags?post=1873"}],"curies":[{"name":"wp","href":"https:\/\/api.w.org\/{rel}","templated":true}]}}