{"id":1869,"date":"2018-01-31T15:54:16","date_gmt":"2018-01-31T12:54:16","guid":{"rendered":"https:\/\/www.julesverne.com.tr\/\/blog\/guney-ren-nehri-temmuz-rotasi-ile-5-gunde-3-ulke\/"},"modified":"2020-09-21T17:36:24","modified_gmt":"2020-09-21T14:36:24","slug":"guney-ren-nehri-temmuz-rotasi-ile-5-gunde-3-ulke","status":"publish","type":"post","link":"https:\/\/julesverne.com.tr\/en\/travel-blog\/guney-ren-nehri-temmuz-rotasi-ile-5-gunde-3-ulke\/","title":{"rendered":"G\u00fcney Ren Nehri Temmuz Rotas\u0131 ile 5 G\u00fcnde 3 \u00dclke!"},"content":{"rendered":"<p><h4 style=\"text-align: center;\"><strong>\u0130svi&ccedil;re &amp; Fransa &amp; Almanya<\/strong><br \/><strong>17 Temmuz &#8211; 21 Temmuz 2018<\/strong><\/h4>\n<p style=\"text-align: center;\"><strong><img loading=\"lazy\" decoding=\"async\" class=\"alignnone size-full wp-image-5060\" src=\"https:\/\/www.julesverne.com.tr\/\/wp-content\/uploads\/2020\/09\/strasbourg_temuz.jpg\" width=\"740\" height=\"485\" alt=\"\" srcset=\"https:\/\/julesverne.com.tr\/wp-content\/uploads\/2020\/09\/strasbourg_temuz.jpg 740w, https:\/\/julesverne.com.tr\/wp-content\/uploads\/2020\/09\/strasbourg_temuz-500x328.jpg 500w\" sizes=\"(max-width: 740px) 100vw, 740px\" \/><\/strong><\/p>\n<p>Avrupa&#8217;n\u0131n en hareketli nehirlerinden biri olan Ren Nehri&#8217;nin b&ouml;yle betimlenmesinin sebebi tabi ki gemi seyahatleri aras\u0131nda en cazip rotalara ev sahipli\u011fi yap\u0131yor olmas\u0131!Yaz mevsiminin en canl\u0131 ve g&ouml;rsel olarak renkli manzaralar sundu\u011fu Temmuz ay\u0131nda dolu dolu ge&ccedil;irece\u011finiz bir cruise seyahatine haz\u0131r m\u0131s\u0131n\u0131z? 17 &ndash; 21 Temmuz tarihlerinde, 4 gece 5 g&uuml;n s&uuml;recek seyahatiniz \u0130svi&ccedil;re&rsquo;de ba\u015flayarak Almanya&rsquo;da son bulacak.<\/p>\n<p style=\"text-align: center;\"><img loading=\"lazy\" decoding=\"async\" class=\"alignnone size-full wp-image-5061\" src=\"https:\/\/www.julesverne.com.tr\/\/wp-content\/uploads\/2020\/09\/colmar_temmuz.jpg\" width=\"740\" height=\"494\" alt=\"\" srcset=\"https:\/\/julesverne.com.tr\/wp-content\/uploads\/2020\/09\/colmar_temmuz.jpg 740w, https:\/\/julesverne.com.tr\/wp-content\/uploads\/2020\/09\/colmar_temmuz-500x334.jpg 500w\" sizes=\"(max-width: 740px) 100vw, 740px\" \/><\/p>\n<p>Orta&ccedil;a\u011f kiliseleri ve ah\u015fap detayl\u0131 kutu gibi evleriyle beraber size hem Frans\u0131z hem de Alman ruhunu ya\u015fatan <strong>Strasbourg<\/strong>; bir masal kitab\u0131ndan f\u0131rlam\u0131\u015f gibi duran bir di\u011fer tarihi kasaba <strong>Colmar<\/strong> rotan\u0131z\u0131n ilk duraklar\u0131 oluyor.<\/p>\n<p style=\"text-align: center;\"><img loading=\"lazy\" decoding=\"async\" class=\"alignnone size-full wp-image-5062\" src=\"https:\/\/www.julesverne.com.tr\/\/wp-content\/uploads\/2020\/09\/heidelberg_temmuz.jpg\" width=\"740\" height=\"493\" alt=\"\" srcset=\"https:\/\/julesverne.com.tr\/wp-content\/uploads\/2020\/09\/heidelberg_temmuz.jpg 740w, https:\/\/julesverne.com.tr\/wp-content\/uploads\/2020\/09\/heidelberg_temmuz-500x333.jpg 500w\" sizes=\"(max-width: 740px) 100vw, 740px\" \/><\/p>\n<p>Almanya&#8217;da ise &uuml;lkenin g&uuml;neybat\u0131s\u0131ndaki en g&uuml;zel ve ilgi &ccedil;ekici \u015fehri <strong>Heidelberg<\/strong> ile gezmeye ba\u015flay\u0131p, 19.y&uuml;zy\u0131l\u0131n ba\u015flar\u0131nda \u0130ngiliz ve Alman romantiklerinin dikkatini &ccedil;eken <strong>R&uuml;desheim<\/strong> ile devam ediyorsunuz. Nehir k\u0131y\u0131s\u0131na kurulan, tarihi \u015fehir merkeziyle sizi ge&ccedil;mi\u015fe g&ouml;t&uuml;ren <strong>Koblenz<\/strong> ve en sonunda g&uuml;n ge&ccedil;tik&ccedil;e gezginlerin radar\u0131na giren katedraliyle &uuml;nl&uuml; <strong>K&ouml;ln<\/strong>&#8216;&uuml; ziyaret ediyorsunuz.<\/p>\n<p style=\"text-align: center;\"><img loading=\"lazy\" decoding=\"async\" class=\"alignnone size-full wp-image-5063\" src=\"https:\/\/www.julesverne.com.tr\/\/wp-content\/uploads\/2020\/09\/koblenz_temmuz.jpg\" width=\"740\" height=\"493\" alt=\"\" srcset=\"https:\/\/julesverne.com.tr\/wp-content\/uploads\/2020\/09\/koblenz_temmuz.jpg 740w, https:\/\/julesverne.com.tr\/wp-content\/uploads\/2020\/09\/koblenz_temmuz-500x333.jpg 500w\" sizes=\"(max-width: 740px) 100vw, 740px\" \/><\/p>\n<p><span style=\"text-decoration: underline;\"><strong>01.G&uuml;n \/ 17 Temmuz 2018&nbsp;<\/strong><\/span><\/p>\n<p>\u0130stanbul Atat&uuml;rk Havaliman\u0131 D\u0131\u015f Hatlar, T&uuml;rk Havayollar\u0131 kontuar\u0131 &ouml;n&uuml;nde saat 06:30&rsquo;da bulu\u015fup, check-in ve pasaport i\u015flemlerinin ard\u0131ndan TK 1923 no&rsquo;lu sefer ile 08:15&rsquo;de Basel&rsquo;e u&ccedil;uyorsunuz. Yerel saat ile 10:25&rsquo;de var\u0131\u015f. Ard\u0131ndan sizi bekleyen arac\u0131n\u0131z ile Basel liman\u0131na transfer ve gemiye giri\u015f i\u015flemleriniz yap\u0131l\u0131yor. Geminiz, ak\u015fam&uuml;zeri demir alarak yola &ccedil;\u0131k\u0131yor.<\/p>\n<p style=\"text-align: center;\"><img loading=\"lazy\" decoding=\"async\" class=\"alignnone size-full wp-image-5064\" src=\"https:\/\/www.julesverne.com.tr\/\/wp-content\/uploads\/2020\/09\/temmuz.jpg\" width=\"788\" height=\"439\" alt=\"\" srcset=\"https:\/\/julesverne.com.tr\/wp-content\/uploads\/2020\/09\/temmuz.jpg 788w, https:\/\/julesverne.com.tr\/wp-content\/uploads\/2020\/09\/temmuz-500x279.jpg 500w, https:\/\/julesverne.com.tr\/wp-content\/uploads\/2020\/09\/temmuz-768x428.jpg 768w\" sizes=\"(max-width: 788px) 100vw, 788px\" \/><\/p>\n<p><span style=\"text-decoration: underline;\"><strong>5.G&uuml;n \/ 21 Temmuz 2018&nbsp;<\/strong><\/span><\/p>\n<p>Sabah kahvalt\u0131s\u0131n\u0131n ard\u0131ndan gemiden &ccedil;\u0131k\u0131\u015f i\u015flemlerinizi tamaml\u0131yorsunuz. Dileyenler rehberlerinin d&uuml;zenleyece\u011fi Ekstra K&ouml;ln \u015eehir turuna kat\u0131labilirler. Ard\u0131ndan belirlenen saatte sizi bekleyen arac\u0131n\u0131z ile K&ouml;ln Havaliman\u0131&rsquo;na transfer. Check-in-in ve pasaport i\u015flemlerinin ard\u0131ndan TK1674 no&rsquo;lu sefer ile saat 15:30&rsquo;da \u0130stanbul Atat&uuml;rk Havaliman\u0131&rsquo;na u&ccedil;u\u015f. T&uuml;rkiye saati ile 19:45 &lsquo;de var\u0131\u015f.&nbsp;<\/p>\n<p style=\"text-align: center;\"><img loading=\"lazy\" decoding=\"async\" class=\"alignnone size-full wp-image-5065\" src=\"https:\/\/www.julesverne.com.tr\/\/wp-content\/uploads\/2020\/09\/koln_temmuz.jpg\" width=\"740\" height=\"493\" alt=\"\" srcset=\"https:\/\/julesverne.com.tr\/wp-content\/uploads\/2020\/09\/koln_temmuz.jpg 740w, https:\/\/julesverne.com.tr\/wp-content\/uploads\/2020\/09\/koln_temmuz-500x333.jpg 500w\" sizes=\"(max-width: 740px) 100vw, 740px\" \/><\/p>\n<h4><strong>&Uuml;cret Bilgisi<\/strong><\/h4>\n<h4>D\u0131\u015f kabinde Ki\u015fi Ba\u015f\u0131&nbsp; &nbsp;<strong>999 &euro;<\/strong><\/h4>\n<h4>2. Kat French Balkonlu kabinde Ki\u015fi Ba\u015f\u0131&nbsp; &nbsp;<strong>1.199 &euro;<\/strong><\/h4>\n<h4>3. Kat French Balkonlu kabinde Ki\u015fi Ba\u015f\u0131&nbsp; &nbsp;<strong>1.299 &euro;<\/strong><\/h4>\n<p><strong>&Uuml;crete D&acirc;hil Olan Hizmetler<\/strong><\/p>\n<ul>\n<li>4* Amadeus Classic gemisinde belirtilen kabin tipinde, 4 Gece 5 G&uuml;n Tam Pansiyon konaklama<\/li>\n<li>THY ile \u0130stanbul &ndash; Basel u&ccedil;u\u015fu<\/li>\n<li>THY ile K&ouml;ln &ndash; \u0130stanbul aras\u0131 u&ccedil;u\u015fu<\/li>\n<li>Havaliman\u0131 &ndash; Liman aras\u0131 transferler<\/li>\n<li>Gemide 5 &Ccedil;ay\u0131 ve ikramlar<\/li>\n<li>Liman ve havaliman\u0131 vergileri&nbsp;<\/li>\n<li>Yurtd\u0131\u015f\u0131 Seyahat Sa\u011fl\u0131k Sigortas\u0131<\/li>\n<li>Grup 20 ki\u015fi oldu\u011fu takdirde T&uuml;rk&ccedil;e Rehberlik hizmeti<\/li>\n<\/ul>\n<p><strong>&Uuml;crete D&acirc;hil Olmayan Hizmetler<\/strong><\/p>\n<ul>\n<li>Personel bah\u015fi\u015fleri (gecelik ki\u015fi ba\u015f\u0131 10 &euro;)<\/li>\n<li>Kuru temizleme, bardan sipari\u015f edilen veya ikram d\u0131\u015f\u0131ndaki alkoll&uuml; \/ alkols&uuml;z i&ccedil;ecekler gibi \u015fahsi harcamalar<\/li>\n<li>Geminin veya rehberin ekstra olarak d&uuml;zenleyece\u011fi turlar\n<\/li>\n<\/ul>\n<p style=\"text-align: center;\"><strong>Detayl\u0131 bilgi ve rezervasyon i&ccedil;in bizi arayabilirsiniz&#8230;<br \/><\/strong><strong><a href=\"mailto:travel@julesverne.com.tr\" target=\"_blank\" rel=\"noopener noreferrer\">travel@julesverne.com.tr<\/a><br \/><\/strong><strong>0212 266 6363 &#8211; 137<\/strong><\/p><\/p>\n","protected":false},"excerpt":{"rendered":"<p>Avrupa&#8217;n\u0131n en hareketli nehirlerinden biri olan Ren Nehri&#8217;nin b&ouml;yle betimlenmesinin sebebi tabi ki gemi seyahatleri aras\u0131nda en cazip rotalara ev sahipli\u011fi yap\u0131yor olmas\u0131!Yaz mevsiminin en canl\u0131 ve g&ouml;rsel olarak renkli manzaralar sundu\u011fu Temmuz ay\u0131nda dolu dolu ge&ccedil;irece\u011finiz bir cruise seyahatine haz\u0131r m\u0131s\u0131n\u0131z? 17 &ndash; 21 Temmuz tarihlerinde, 4 gece 5 g&uuml;n s&uuml;recek seyahatiniz \u0130svi&ccedil;re&rsquo;de ba\u015flayarak Almanya&rsquo;da son bulacak.<\/p>\n","protected":false},"author":1,"featured_media":1870,"comment_status":"closed","ping_status":"closed","sticky":false,"template":"","format":"standard","meta":{"inline_featured_image":false,"footnotes":""},"categories":[1],"tags":[],"acf":[],"yoast_head":"<!-- This site is optimized with the Yoast SEO plugin v22.3 - https:\/\/yoast.com\/wordpress\/plugins\/seo\/ -->\n<title>G\u00fcney Ren Nehri Temmuz Rotas\u0131 ile 5 G\u00fcnde 3 \u00dclke! - JULES VERNE BUSINESS MICE TRAVEL<\/title>\n<meta name=\"robots\" content=\"index, follow, max-snippet:-1, max-image-preview:large, max-video-preview:-1\" \/>\n<link rel=\"canonical\" href=\"https:\/\/julesverne.com.tr\/travel-blog\/guney-ren-nehri-temmuz-rotasi-ile-5-gunde-3-ulke\/\" \/>\n<meta property=\"og:locale\" content=\"en_US\" \/>\n<meta property=\"og:type\" content=\"article\" \/>\n<meta property=\"og:title\" content=\"G\u00fcney Ren Nehri Temmuz Rotas\u0131 ile 5 G\u00fcnde 3 \u00dclke! - JULES VERNE BUSINESS MICE TRAVEL\" \/>\n<meta property=\"og:description\" content=\"Avrupa&#039;n\u0131n en hareketli nehirlerinden biri olan Ren Nehri&#039;nin b&ouml;yle betimlenmesinin sebebi tabi ki gemi seyahatleri aras\u0131nda en cazip rotalara ev sahipli\u011fi yap\u0131yor olmas\u0131!Yaz mevsiminin en canl\u0131 ve g&ouml;rsel olarak renkli manzaralar sundu\u011fu Temmuz ay\u0131nda dolu dolu ge&ccedil;irece\u011finiz bir cruise seyahatine haz\u0131r m\u0131s\u0131n\u0131z? 17 &ndash; 21 Temmuz tarihlerinde, 4 gece 5 g&uuml;n s&uuml;recek seyahatiniz \u0130svi&ccedil;re&rsquo;de ba\u015flayarak Almanya&rsquo;da son bulacak.\" \/>\n<meta property=\"og:url\" content=\"https:\/\/julesverne.com.tr\/travel-blog\/guney-ren-nehri-temmuz-rotasi-ile-5-gunde-3-ulke\/\" \/>\n<meta property=\"og:site_name\" content=\"JULES VERNE BUSINESS MICE TRAVEL\" \/>\n<meta property=\"article:publisher\" content=\"https:\/\/www.facebook.com\/JulesVerneBusinessMiceTravel\/\" \/>\n<meta property=\"article:published_time\" content=\"2018-01-31T12:54:16+00:00\" \/>\n<meta property=\"article:modified_time\" content=\"2020-09-21T14:36:24+00:00\" \/>\n<meta property=\"og:image\" content=\"https:\/\/julesverne.com.tr\/wp-content\/uploads\/2020\/09\/kapak2.jpg\" \/>\n\t<meta property=\"og:image:width\" content=\"740\" \/>\n\t<meta property=\"og:image:height\" content=\"449\" \/>\n\t<meta property=\"og:image:type\" content=\"image\/jpeg\" \/>\n<meta name=\"author\" content=\"fikirman\" \/>\n<meta name=\"twitter:card\" content=\"summary_large_image\" \/>\n<meta name=\"twitter:creator\" content=\"@JV_BusinessMice\" \/>\n<meta name=\"twitter:site\" content=\"@JV_BusinessMice\" \/>\n<meta name=\"twitter:label1\" content=\"Written by\" \/>\n\t<meta name=\"twitter:data1\" content=\"fikirman\" \/>\n\t<meta name=\"twitter:label2\" content=\"Est. reading time\" \/>\n\t<meta name=\"twitter:data2\" content=\"3 minutes\" \/>\n<script type=\"application\/ld+json\" class=\"yoast-schema-graph\">{\"@context\":\"https:\/\/schema.org\",\"@graph\":[{\"@type\":\"Article\",\"@id\":\"https:\/\/julesverne.com.tr\/travel-blog\/guney-ren-nehri-temmuz-rotasi-ile-5-gunde-3-ulke\/#article\",\"isPartOf\":{\"@id\":\"https:\/\/julesverne.com.tr\/travel-blog\/guney-ren-nehri-temmuz-rotasi-ile-5-gunde-3-ulke\/\"},\"author\":{\"name\":\"fikirman\",\"@id\":\"https:\/\/julesverne.com.tr\/#\/schema\/person\/f4eb0514ae455538644c31b99a466fdb\"},\"headline\":\"G\u00fcney Ren Nehri Temmuz Rotas\u0131 ile 5 G\u00fcnde 3 \u00dclke!\",\"datePublished\":\"2018-01-31T12:54:16+00:00\",\"dateModified\":\"2020-09-21T14:36:24+00:00\",\"mainEntityOfPage\":{\"@id\":\"https:\/\/julesverne.com.tr\/travel-blog\/guney-ren-nehri-temmuz-rotasi-ile-5-gunde-3-ulke\/\"},\"wordCount\":571,\"publisher\":{\"@id\":\"https:\/\/julesverne.com.tr\/#organization\"},\"image\":{\"@id\":\"https:\/\/julesverne.com.tr\/travel-blog\/guney-ren-nehri-temmuz-rotasi-ile-5-gunde-3-ulke\/#primaryimage\"},\"thumbnailUrl\":\"https:\/\/julesverne.com.tr\/wp-content\/uploads\/2020\/09\/kapak2.jpg\",\"articleSection\":[\"Blog\"],\"inLanguage\":\"en-US\"},{\"@type\":\"WebPage\",\"@id\":\"https:\/\/julesverne.com.tr\/travel-blog\/guney-ren-nehri-temmuz-rotasi-ile-5-gunde-3-ulke\/\",\"url\":\"https:\/\/julesverne.com.tr\/travel-blog\/guney-ren-nehri-temmuz-rotasi-ile-5-gunde-3-ulke\/\",\"name\":\"G\u00fcney Ren Nehri Temmuz Rotas\u0131 ile 5 G\u00fcnde 3 \u00dclke! - JULES VERNE BUSINESS MICE TRAVEL\",\"isPartOf\":{\"@id\":\"https:\/\/julesverne.com.tr\/#website\"},\"primaryImageOfPage\":{\"@id\":\"https:\/\/julesverne.com.tr\/travel-blog\/guney-ren-nehri-temmuz-rotasi-ile-5-gunde-3-ulke\/#primaryimage\"},\"image\":{\"@id\":\"https:\/\/julesverne.com.tr\/travel-blog\/guney-ren-nehri-temmuz-rotasi-ile-5-gunde-3-ulke\/#primaryimage\"},\"thumbnailUrl\":\"https:\/\/julesverne.com.tr\/wp-content\/uploads\/2020\/09\/kapak2.jpg\",\"datePublished\":\"2018-01-31T12:54:16+00:00\",\"dateModified\":\"2020-09-21T14:36:24+00:00\",\"breadcrumb\":{\"@id\":\"https:\/\/julesverne.com.tr\/travel-blog\/guney-ren-nehri-temmuz-rotasi-ile-5-gunde-3-ulke\/#breadcrumb\"},\"inLanguage\":\"en-US\",\"potentialAction\":[{\"@type\":\"ReadAction\",\"target\":[\"https:\/\/julesverne.com.tr\/travel-blog\/guney-ren-nehri-temmuz-rotasi-ile-5-gunde-3-ulke\/\"]}]},{\"@type\":\"ImageObject\",\"inLanguage\":\"en-US\",\"@id\":\"https:\/\/julesverne.com.tr\/travel-blog\/guney-ren-nehri-temmuz-rotasi-ile-5-gunde-3-ulke\/#primaryimage\",\"url\":\"https:\/\/julesverne.com.tr\/wp-content\/uploads\/2020\/09\/kapak2.jpg\",\"contentUrl\":\"https:\/\/julesverne.com.tr\/wp-content\/uploads\/2020\/09\/kapak2.jpg\",\"width\":740,\"height\":449},{\"@type\":\"BreadcrumbList\",\"@id\":\"https:\/\/julesverne.com.tr\/travel-blog\/guney-ren-nehri-temmuz-rotasi-ile-5-gunde-3-ulke\/#breadcrumb\",\"itemListElement\":[{\"@type\":\"ListItem\",\"position\":1,\"name\":\"Anasayfa\",\"item\":\"https:\/\/julesverne.com.tr\/\"},{\"@type\":\"ListItem\",\"position\":2,\"name\":\"G\u00fcney Ren Nehri Temmuz Rotas\u0131 ile 5 G\u00fcnde 3 \u00dclke!\"}]},{\"@type\":\"WebSite\",\"@id\":\"https:\/\/julesverne.com.tr\/#website\",\"url\":\"https:\/\/julesverne.com.tr\/\",\"name\":\"JULES VERNE BUSINESS MICE TRAVEL\",\"description\":\"\",\"publisher\":{\"@id\":\"https:\/\/julesverne.com.tr\/#organization\"},\"potentialAction\":[{\"@type\":\"SearchAction\",\"target\":{\"@type\":\"EntryPoint\",\"urlTemplate\":\"https:\/\/julesverne.com.tr\/?s={search_term_string}\"},\"query-input\":\"required name=search_term_string\"}],\"inLanguage\":\"en-US\"},{\"@type\":\"Organization\",\"@id\":\"https:\/\/julesverne.com.tr\/#organization\",\"name\":\"JULES VERNE BUSINESS MICE TRAVEL\",\"url\":\"https:\/\/julesverne.com.tr\/\",\"logo\":{\"@type\":\"ImageObject\",\"inLanguage\":\"en-US\",\"@id\":\"https:\/\/julesverne.com.tr\/#\/schema\/logo\/image\/\",\"url\":\"https:\/\/julesverne.com.tr\/wp-content\/uploads\/2020\/09\/jv-bmt-logo.png\",\"contentUrl\":\"https:\/\/julesverne.com.tr\/wp-content\/uploads\/2020\/09\/jv-bmt-logo.png\",\"width\":110,\"height\":81,\"caption\":\"JULES VERNE BUSINESS MICE TRAVEL\"},\"image\":{\"@id\":\"https:\/\/julesverne.com.tr\/#\/schema\/logo\/image\/\"},\"sameAs\":[\"https:\/\/www.facebook.com\/JulesVerneBusinessMiceTravel\/\",\"https:\/\/twitter.com\/JV_BusinessMice\",\"https:\/\/www.instagram.com\/julesvernebusinessmicetravel\/\",\"https:\/\/www.linkedin.com\/company\/julesvernebusinessmicetravel\/\",\"https:\/\/www.youtube.com\/channel\/UCAwdsmbZ6tFhu1tea6pkpiw\"]},{\"@type\":\"Person\",\"@id\":\"https:\/\/julesverne.com.tr\/#\/schema\/person\/f4eb0514ae455538644c31b99a466fdb\",\"name\":\"fikirman\",\"sameAs\":[\"http:\/\/advermedya.net\/julesverne\"],\"url\":\"https:\/\/julesverne.com.tr\/en\/author\/fikirman\/\"}]}<\/script>\n<!-- \/ Yoast SEO plugin. -->","yoast_head_json":{"title":"G\u00fcney Ren Nehri Temmuz Rotas\u0131 ile 5 G\u00fcnde 3 \u00dclke! - JULES VERNE BUSINESS MICE TRAVEL","robots":{"index":"index","follow":"follow","max-snippet":"max-snippet:-1","max-image-preview":"max-image-preview:large","max-video-preview":"max-video-preview:-1"},"canonical":"https:\/\/julesverne.com.tr\/travel-blog\/guney-ren-nehri-temmuz-rotasi-ile-5-gunde-3-ulke\/","og_locale":"en_US","og_type":"article","og_title":"G\u00fcney Ren Nehri Temmuz Rotas\u0131 ile 5 G\u00fcnde 3 \u00dclke! - JULES VERNE BUSINESS MICE TRAVEL","og_description":"Avrupa'n\u0131n en hareketli nehirlerinden biri olan Ren Nehri'nin b&ouml;yle betimlenmesinin sebebi tabi ki gemi seyahatleri aras\u0131nda en cazip rotalara ev sahipli\u011fi yap\u0131yor olmas\u0131!Yaz mevsiminin en canl\u0131 ve g&ouml;rsel olarak renkli manzaralar sundu\u011fu Temmuz ay\u0131nda dolu dolu ge&ccedil;irece\u011finiz bir cruise seyahatine haz\u0131r m\u0131s\u0131n\u0131z? 17 &ndash; 21 Temmuz tarihlerinde, 4 gece 5 g&uuml;n s&uuml;recek seyahatiniz \u0130svi&ccedil;re&rsquo;de ba\u015flayarak Almanya&rsquo;da son bulacak.","og_url":"https:\/\/julesverne.com.tr\/travel-blog\/guney-ren-nehri-temmuz-rotasi-ile-5-gunde-3-ulke\/","og_site_name":"JULES VERNE BUSINESS MICE TRAVEL","article_publisher":"https:\/\/www.facebook.com\/JulesVerneBusinessMiceTravel\/","article_published_time":"2018-01-31T12:54:16+00:00","article_modified_time":"2020-09-21T14:36:24+00:00","og_image":[{"width":740,"height":449,"url":"https:\/\/julesverne.com.tr\/wp-content\/uploads\/2020\/09\/kapak2.jpg","type":"image\/jpeg"}],"author":"fikirman","twitter_card":"summary_large_image","twitter_creator":"@JV_BusinessMice","twitter_site":"@JV_BusinessMice","twitter_misc":{"Written by":"fikirman","Est. reading time":"3 minutes"},"schema":{"@context":"https:\/\/schema.org","@graph":[{"@type":"Article","@id":"https:\/\/julesverne.com.tr\/travel-blog\/guney-ren-nehri-temmuz-rotasi-ile-5-gunde-3-ulke\/#article","isPartOf":{"@id":"https:\/\/julesverne.com.tr\/travel-blog\/guney-ren-nehri-temmuz-rotasi-ile-5-gunde-3-ulke\/"},"author":{"name":"fikirman","@id":"https:\/\/julesverne.com.tr\/#\/schema\/person\/f4eb0514ae455538644c31b99a466fdb"},"headline":"G\u00fcney Ren Nehri Temmuz Rotas\u0131 ile 5 G\u00fcnde 3 \u00dclke!","datePublished":"2018-01-31T12:54:16+00:00","dateModified":"2020-09-21T14:36:24+00:00","mainEntityOfPage":{"@id":"https:\/\/julesverne.com.tr\/travel-blog\/guney-ren-nehri-temmuz-rotasi-ile-5-gunde-3-ulke\/"},"wordCount":571,"publisher":{"@id":"https:\/\/julesverne.com.tr\/#organization"},"image":{"@id":"https:\/\/julesverne.com.tr\/travel-blog\/guney-ren-nehri-temmuz-rotasi-ile-5-gunde-3-ulke\/#primaryimage"},"thumbnailUrl":"https:\/\/julesverne.com.tr\/wp-content\/uploads\/2020\/09\/kapak2.jpg","articleSection":["Blog"],"inLanguage":"en-US"},{"@type":"WebPage","@id":"https:\/\/julesverne.com.tr\/travel-blog\/guney-ren-nehri-temmuz-rotasi-ile-5-gunde-3-ulke\/","url":"https:\/\/julesverne.com.tr\/travel-blog\/guney-ren-nehri-temmuz-rotasi-ile-5-gunde-3-ulke\/","name":"G\u00fcney Ren Nehri Temmuz Rotas\u0131 ile 5 G\u00fcnde 3 \u00dclke! - JULES VERNE BUSINESS MICE TRAVEL","isPartOf":{"@id":"https:\/\/julesverne.com.tr\/#website"},"primaryImageOfPage":{"@id":"https:\/\/julesverne.com.tr\/travel-blog\/guney-ren-nehri-temmuz-rotasi-ile-5-gunde-3-ulke\/#primaryimage"},"image":{"@id":"https:\/\/julesverne.com.tr\/travel-blog\/guney-ren-nehri-temmuz-rotasi-ile-5-gunde-3-ulke\/#primaryimage"},"thumbnailUrl":"https:\/\/julesverne.com.tr\/wp-content\/uploads\/2020\/09\/kapak2.jpg","datePublished":"2018-01-31T12:54:16+00:00","dateModified":"2020-09-21T14:36:24+00:00","breadcrumb":{"@id":"https:\/\/julesverne.com.tr\/travel-blog\/guney-ren-nehri-temmuz-rotasi-ile-5-gunde-3-ulke\/#breadcrumb"},"inLanguage":"en-US","potentialAction":[{"@type":"ReadAction","target":["https:\/\/julesverne.com.tr\/travel-blog\/guney-ren-nehri-temmuz-rotasi-ile-5-gunde-3-ulke\/"]}]},{"@type":"ImageObject","inLanguage":"en-US","@id":"https:\/\/julesverne.com.tr\/travel-blog\/guney-ren-nehri-temmuz-rotasi-ile-5-gunde-3-ulke\/#primaryimage","url":"https:\/\/julesverne.com.tr\/wp-content\/uploads\/2020\/09\/kapak2.jpg","contentUrl":"https:\/\/julesverne.com.tr\/wp-content\/uploads\/2020\/09\/kapak2.jpg","width":740,"height":449},{"@type":"BreadcrumbList","@id":"https:\/\/julesverne.com.tr\/travel-blog\/guney-ren-nehri-temmuz-rotasi-ile-5-gunde-3-ulke\/#breadcrumb","itemListElement":[{"@type":"ListItem","position":1,"name":"Anasayfa","item":"https:\/\/julesverne.com.tr\/"},{"@type":"ListItem","position":2,"name":"G\u00fcney Ren Nehri Temmuz Rotas\u0131 ile 5 G\u00fcnde 3 \u00dclke!"}]},{"@type":"WebSite","@id":"https:\/\/julesverne.com.tr\/#website","url":"https:\/\/julesverne.com.tr\/","name":"JULES VERNE BUSINESS MICE TRAVEL","description":"","publisher":{"@id":"https:\/\/julesverne.com.tr\/#organization"},"potentialAction":[{"@type":"SearchAction","target":{"@type":"EntryPoint","urlTemplate":"https:\/\/julesverne.com.tr\/?s={search_term_string}"},"query-input":"required name=search_term_string"}],"inLanguage":"en-US"},{"@type":"Organization","@id":"https:\/\/julesverne.com.tr\/#organization","name":"JULES VERNE BUSINESS MICE TRAVEL","url":"https:\/\/julesverne.com.tr\/","logo":{"@type":"ImageObject","inLanguage":"en-US","@id":"https:\/\/julesverne.com.tr\/#\/schema\/logo\/image\/","url":"https:\/\/julesverne.com.tr\/wp-content\/uploads\/2020\/09\/jv-bmt-logo.png","contentUrl":"https:\/\/julesverne.com.tr\/wp-content\/uploads\/2020\/09\/jv-bmt-logo.png","width":110,"height":81,"caption":"JULES VERNE BUSINESS MICE TRAVEL"},"image":{"@id":"https:\/\/julesverne.com.tr\/#\/schema\/logo\/image\/"},"sameAs":["https:\/\/www.facebook.com\/JulesVerneBusinessMiceTravel\/","https:\/\/twitter.com\/JV_BusinessMice","https:\/\/www.instagram.com\/julesvernebusinessmicetravel\/","https:\/\/www.linkedin.com\/company\/julesvernebusinessmicetravel\/","https:\/\/www.youtube.com\/channel\/UCAwdsmbZ6tFhu1tea6pkpiw"]},{"@type":"Person","@id":"https:\/\/julesverne.com.tr\/#\/schema\/person\/f4eb0514ae455538644c31b99a466fdb","name":"fikirman","sameAs":["http:\/\/advermedya.net\/julesverne"],"url":"https:\/\/julesverne.com.tr\/en\/author\/fikirman\/"}]}},"_links":{"self":[{"href":"https:\/\/julesverne.com.tr\/en\/wp-json\/wp\/v2\/posts\/1869"}],"collection":[{"href":"https:\/\/julesverne.com.tr\/en\/wp-json\/wp\/v2\/posts"}],"about":[{"href":"https:\/\/julesverne.com.tr\/en\/wp-json\/wp\/v2\/types\/post"}],"author":[{"embeddable":true,"href":"https:\/\/julesverne.com.tr\/en\/wp-json\/wp\/v2\/users\/1"}],"replies":[{"embeddable":true,"href":"https:\/\/julesverne.com.tr\/en\/wp-json\/wp\/v2\/comments?post=1869"}],"version-history":[{"count":0,"href":"https:\/\/julesverne.com.tr\/en\/wp-json\/wp\/v2\/posts\/1869\/revisions"}],"wp:featuredmedia":[{"embeddable":true,"href":"https:\/\/julesverne.com.tr\/en\/wp-json\/wp\/v2\/media\/1870"}],"wp:attachment":[{"href":"https:\/\/julesverne.com.tr\/en\/wp-json\/wp\/v2\/media?parent=1869"}],"wp:term":[{"taxonomy":"category","embeddable":true,"href":"https:\/\/julesverne.com.tr\/en\/wp-json\/wp\/v2\/categories?post=1869"},{"taxonomy":"post_tag","embeddable":true,"href":"https:\/\/julesverne.com.tr\/en\/wp-json\/wp\/v2\/tags?post=1869"}],"curies":[{"name":"wp","href":"https:\/\/api.w.org\/{rel}","templated":true}]}}