{"id":1866,"date":"2018-01-31T15:23:20","date_gmt":"2018-01-31T12:23:20","guid":{"rendered":"https:\/\/www.julesverne.com.tr\/\/blog\/romantik-ren-nehri-mayis-rotasi-ile-8-gunde-5-ulke\/"},"modified":"2020-09-21T17:36:25","modified_gmt":"2020-09-21T14:36:25","slug":"romantik-ren-nehri-mayis-rotasi-ile-8-gunde-5-ulke","status":"publish","type":"post","link":"https:\/\/julesverne.com.tr\/en\/travel-blog\/romantik-ren-nehri-mayis-rotasi-ile-8-gunde-5-ulke\/","title":{"rendered":"Romantik Ren Nehri May\u0131s Rotas\u0131 ile 8 G\u00fcnde 5 \u00dclke!"},"content":{"rendered":"<p><h4 style=\"text-align: center;\"><strong>Hollanda &amp; Bel&ccedil;ika &amp; Almanya &amp; Fransa &amp; \u0130svi&ccedil;re <\/strong><br \/><strong>29 May\u0131s &ndash; 5 Haziran 2018<\/strong><\/h4>\n<p style=\"text-align: center;\">&nbsp;<img loading=\"lazy\" decoding=\"async\" class=\"alignnone size-full wp-image-5075\" src=\"https:\/\/www.julesverne.com.tr\/\/wp-content\/uploads\/2020\/09\/brugge-2.jpg\" width=\"740\" height=\"492\" alt=\"\" srcset=\"https:\/\/julesverne.com.tr\/wp-content\/uploads\/2020\/09\/brugge-2.jpg 740w, https:\/\/julesverne.com.tr\/wp-content\/uploads\/2020\/09\/brugge-2-500x332.jpg 500w\" sizes=\"(max-width: 740px) 100vw, 740px\" \/><\/p>\n<p>Ren Nehri&rsquo;nde r&uuml;ya gibi bir 8 g&uuml;ne haz\u0131r m\u0131s\u0131n\u0131z? Amsterdam&rsquo;dan demir olup 8 g&uuml;n&uuml;n sonunda Basel&rsquo;de tamamlayaca\u011f\u0131n\u0131z gemi seyahatinizde farkl\u0131 k&uuml;lt&uuml;rleri birlikte deneyimleyeceksiniz. 29 May\u0131s-5 Haziran tarihlerinde 7 gece, 8 g&uuml;n s&uuml;recek bu &ouml;zel seyahat yaz\u0131n geli\u015fini kutlaman\u0131n en g&uuml;zel yolu&hellip;<\/p>\n<p style=\"text-align: center;\">&nbsp;<img loading=\"lazy\" decoding=\"async\" class=\"alignnone size-full wp-image-5076\" src=\"https:\/\/www.julesverne.com.tr\/\/wp-content\/uploads\/2020\/09\/antwerp.jpg\" width=\"740\" height=\"493\" alt=\"\" srcset=\"https:\/\/julesverne.com.tr\/wp-content\/uploads\/2020\/09\/antwerp.jpg 740w, https:\/\/julesverne.com.tr\/wp-content\/uploads\/2020\/09\/antwerp-500x333.jpg 500w\" sizes=\"(max-width: 740px) 100vw, 740px\" \/><\/p>\n<p>Bu yolculukta sizi, birbirinden &ouml;zel adresler bekliyor. Bel&ccedil;ika&#8217;n\u0131n moda krali&ccedil;esi Antwerp; Orta&ccedil;a\u011f dura\u011f\u0131 ve &ccedil;ikolata \u015fehri Brugge ve hem Orta&ccedil;a\u011f gelene\u011fini s&uuml;rd&uuml;r&uuml;p hem de taze bir karakteri olan Ghent&#8230; Bize g&ouml;re &uuml;lkenin alt\u0131n &uuml;&ccedil;geni!<\/p>\n<p style=\"text-align: center;\">&nbsp;<img loading=\"lazy\" decoding=\"async\" class=\"alignnone size-full wp-image-5077\" src=\"https:\/\/www.julesverne.com.tr\/\/wp-content\/uploads\/2020\/09\/ghent.jpg\" width=\"740\" height=\"493\" alt=\"\" srcset=\"https:\/\/julesverne.com.tr\/wp-content\/uploads\/2020\/09\/ghent.jpg 740w, https:\/\/julesverne.com.tr\/wp-content\/uploads\/2020\/09\/ghent-500x333.jpg 500w\" sizes=\"(max-width: 740px) 100vw, 740px\" \/><\/p>\n<p>Kurulu\u015funun 730.y\u0131l\u0131n\u0131 kutlayan D&uuml;sseldorf; her b&ouml;lgesiyle ke\u015ffedilmeye de\u011fer, san\u0131lan\u0131n aksine olduk&ccedil;a canl\u0131 bir \u015fehir olan K&ouml;ln; Rhein ve Mosel&#8217;in birle\u015fti\u011fi yer ve Almanya&#8217;n\u0131n k&ouml;\u015fesi olarak bilinen Koblenz Almanya duraklar\u0131n\u0131z\u0131n en etkileyicileri!&nbsp; &Uuml;lkenin en &uuml;retken ve \u015farapla an\u0131lan \u015fehri R&uuml;desheim am Rhein; zengin mimarisi ve gen&ccedil; n&uuml;fusuyla Heidelberg de rotalar\u0131n\u0131z aras\u0131nda&#8230;<\/p>\n<p style=\"text-align: center;\"><img loading=\"lazy\" decoding=\"async\" class=\"alignnone size-full wp-image-5078\" src=\"https:\/\/www.julesverne.com.tr\/\/wp-content\/uploads\/2020\/09\/koblenz.jpg\" width=\"740\" height=\"493\" alt=\"\" srcset=\"https:\/\/julesverne.com.tr\/wp-content\/uploads\/2020\/09\/koblenz.jpg 740w, https:\/\/julesverne.com.tr\/wp-content\/uploads\/2020\/09\/koblenz-500x333.jpg 500w\" sizes=\"(max-width: 740px) 100vw, 740px\" \/><\/p>\n<p><span style=\"text-decoration: underline;\"><strong>01.G&uuml;n \/ 29.05.2018&nbsp;<\/strong><\/span><\/p>\n<p>\u0130stanbul Atat&uuml;rk Havaliman\u0131 D\u0131\u015f Hatlar, T&uuml;rk Havayollar\u0131 kontuar\u0131 &ouml;n&uuml;nde saat 08:00&rsquo;de bulu\u015fup, Check-in ve pasaport i\u015flemlerinin ard\u0131ndan TK 1957 no&rsquo;lu sefer ile 10:35&rsquo;de Amsterdam&rsquo;a u&ccedil;uyorsunuz. Yerel saat ile 13:05&rsquo;de var\u0131\u015f\u0131n ard\u0131ndan sizi bekleyen ara&ccedil; ile Amsterdam liman\u0131na transfer ve gemiye giri\u015f i\u015flemleriniz yap\u0131l\u0131yor. Geminiz, ak\u015fam&uuml;zeri demir alarak yola &ccedil;\u0131k\u0131yor.<\/p>\n<p style=\"text-align: center;\"><img loading=\"lazy\" decoding=\"async\" class=\"alignnone size-full wp-image-5079\" src=\"https:\/\/www.julesverne.com.tr\/\/wp-content\/uploads\/2020\/09\/mayis.jpg\" width=\"789\" height=\"535\" alt=\"\" srcset=\"https:\/\/julesverne.com.tr\/wp-content\/uploads\/2020\/09\/mayis.jpg 789w, https:\/\/julesverne.com.tr\/wp-content\/uploads\/2020\/09\/mayis-500x339.jpg 500w, https:\/\/julesverne.com.tr\/wp-content\/uploads\/2020\/09\/mayis-768x521.jpg 768w\" sizes=\"(max-width: 789px) 100vw, 789px\" \/><\/p>\n<p><span style=\"text-decoration: underline;\"><strong>8.G&uuml;n \/ 05 Haziran 2018&nbsp;<\/strong><\/span><\/p>\n<p>Sabah kahvalt\u0131s\u0131n\u0131n ard\u0131ndan gemiden &ccedil;\u0131k\u0131\u015f i\u015flemlerinizi tamaml\u0131yorsunuz. Dileyenler rehberlerinin d&uuml;zenleyece\u011fi Ekstra Riquewihr turuna kat\u0131labilirler. Ard\u0131ndan belirlenen saatte sizi bekleyen arac\u0131n\u0131z ile Basel Havaliman\u0131&rsquo;na transfer. Burada yapaca\u011f\u0131n\u0131z check-in ve pasaport i\u015flemlerinin ard\u0131ndan TK1926 no&rsquo;lu sefer ile saat 18:05&rsquo;de \u0130stanbul Atat&uuml;rk Havaliman\u0131&rsquo;na u&ccedil;uyorsunuz. T&uuml;rkiye saati ile 22:10&lsquo;da var\u0131\u015f.&nbsp;<\/p>\n<p style=\"text-align: center;\"><img loading=\"lazy\" decoding=\"async\" class=\"alignnone size-full wp-image-5080\" src=\"https:\/\/www.julesverne.com.tr\/\/wp-content\/uploads\/2020\/09\/koln.jpg\" width=\"740\" height=\"493\" alt=\"\" srcset=\"https:\/\/julesverne.com.tr\/wp-content\/uploads\/2020\/09\/koln.jpg 740w, https:\/\/julesverne.com.tr\/wp-content\/uploads\/2020\/09\/koln-500x333.jpg 500w\" sizes=\"(max-width: 740px) 100vw, 740px\" \/><\/p>\n<h4><strong>&Uuml;cret Bilgisi<\/strong><\/h4>\n<h4>D\u0131\u015f kabinde Ki\u015fi Ba\u015f\u0131&nbsp; &nbsp;<em><strong>1.299 &euro;<\/strong><\/em><\/h4>\n<h4>2. Kat French Balkonlu kabinde Ki\u015fi Ba\u015f\u0131&nbsp; &nbsp;<em><strong>1.699 &euro;<\/strong><\/em><\/h4>\n<h4>3. Kat French Balkonlu kabinde Ki\u015fi Ba\u015f\u0131&nbsp; &nbsp;<em><strong>1.799 &euro;<\/strong><\/em><\/h4>\n<p><strong>&Uuml;crete D&acirc;hil Olan Hizmetler<\/strong><\/p>\n<ul>\n<li>4* Amadeus Classic gemisinde belirtilen kabin tipinde, 7 Gece 8 G&uuml;n Tam Pansiyon konaklama<\/li>\n<li>THY ile \u0130stanbul &ndash; Amsterdam u&ccedil;u\u015fu<\/li>\n<li>THY ile Basel &ndash; \u0130stanbul aras\u0131 u&ccedil;u\u015fu<\/li>\n<li>Havaliman\u0131 &ndash; Liman aras\u0131 transferler<\/li>\n<li>Gemide 5 &Ccedil;ay\u0131 ve ikramlar<\/li>\n<li>Liman ve havaliman\u0131 vergileri&nbsp;<\/li>\n<li>Yurtd\u0131\u015f\u0131 Seyahat Sa\u011fl\u0131k Sigortas\u0131<\/li>\n<li>Grup 20 ki\u015fi oldu\u011fu taktirde T&uuml;rk&ccedil;e Rehberlik hizmeti<\/li>\n<\/ul>\n<p><strong>&Uuml;crete D&acirc;hil Olmayan Hizmetler<\/strong><\/p>\n<ul>\n<li>Personel bah\u015fi\u015fleri (gecelik ki\u015fi ba\u015f\u0131 10 &euro;)<\/li>\n<li>Kuru temizleme, bardan sipari\u015f edilen veya ikram d\u0131\u015f\u0131ndaki alkoll&uuml; \/ alkols&uuml;z i&ccedil;ecekler gibi \u015fahsi harcamalar<\/li>\n<li>Geminin veya rehberin ekstra olarak d&uuml;zenleyece\u011fi turlar<\/li>\n<\/ul>\n<p style=\"text-align: center;\"><img loading=\"lazy\" decoding=\"async\" class=\"alignnone size-full wp-image-5081\" src=\"https:\/\/www.julesverne.com.tr\/\/wp-content\/uploads\/2020\/09\/heidelberg.jpg\" width=\"740\" height=\"413\" alt=\"\" srcset=\"https:\/\/julesverne.com.tr\/wp-content\/uploads\/2020\/09\/heidelberg.jpg 740w, https:\/\/julesverne.com.tr\/wp-content\/uploads\/2020\/09\/heidelberg-500x279.jpg 500w\" sizes=\"(max-width: 740px) 100vw, 740px\" \/><\/p>\n<p style=\"text-align: center;\"><strong>Detayl\u0131 bilgi ve rezervasyon i&ccedil;in bizi arayabilirsiniz&#8230;<\/strong><br \/><a href=\"mailto:travel@julesverne.com.tr%20\" target=\"_blank\" rel=\"noopener noreferrer\"><strong>travel@julesverne.com.tr<\/strong><\/a><br \/><strong>0212 266 6363 &#8211; 137<\/strong><\/p><\/p>\n","protected":false},"excerpt":{"rendered":"<p>Ren Nehri&rsquo;nde r&uuml;ya gibi bir 8 g&uuml;ne haz\u0131r m\u0131s\u0131n\u0131z? Amsterdam&rsquo;dan demir olup 8 g&uuml;n&uuml;n sonunda Basel&rsquo;de tamamlayaca\u011f\u0131n\u0131z gemi seyahatinizde farkl\u0131 k&uuml;lt&uuml;rleri birlikte deneyimleyeceksiniz. 29 May\u0131s-5 Haziran tarihlerinde 7 gece, 8 g&uuml;n s&uuml;recek bu &ouml;zel seyahat yaz\u0131n geli\u015fini kutlaman\u0131n en g&uuml;zel yolu&hellip;<\/p>\n","protected":false},"author":1,"featured_media":1867,"comment_status":"closed","ping_status":"closed","sticky":false,"template":"","format":"standard","meta":{"inline_featured_image":false,"footnotes":""},"categories":[1],"tags":[],"acf":[],"yoast_head":"<!-- This site is optimized with the Yoast SEO plugin v22.3 - https:\/\/yoast.com\/wordpress\/plugins\/seo\/ -->\n<title>Romantik Ren Nehri May\u0131s Rotas\u0131 ile 8 G\u00fcnde 5 \u00dclke! - JULES VERNE BUSINESS MICE TRAVEL<\/title>\n<meta name=\"robots\" content=\"index, follow, max-snippet:-1, max-image-preview:large, max-video-preview:-1\" \/>\n<link rel=\"canonical\" href=\"https:\/\/julesverne.com.tr\/travel-blog\/romantik-ren-nehri-mayis-rotasi-ile-8-gunde-5-ulke\/\" \/>\n<meta property=\"og:locale\" content=\"en_US\" \/>\n<meta property=\"og:type\" content=\"article\" \/>\n<meta property=\"og:title\" content=\"Romantik Ren Nehri May\u0131s Rotas\u0131 ile 8 G\u00fcnde 5 \u00dclke! - JULES VERNE BUSINESS MICE TRAVEL\" \/>\n<meta property=\"og:description\" content=\"Ren Nehri&rsquo;nde r&uuml;ya gibi bir 8 g&uuml;ne haz\u0131r m\u0131s\u0131n\u0131z? Amsterdam&rsquo;dan demir olup 8 g&uuml;n&uuml;n sonunda Basel&rsquo;de tamamlayaca\u011f\u0131n\u0131z gemi seyahatinizde farkl\u0131 k&uuml;lt&uuml;rleri birlikte deneyimleyeceksiniz. 29 May\u0131s-5 Haziran tarihlerinde 7 gece, 8 g&uuml;n s&uuml;recek bu &ouml;zel seyahat yaz\u0131n geli\u015fini kutlaman\u0131n en g&uuml;zel yolu&hellip;\" \/>\n<meta property=\"og:url\" content=\"https:\/\/julesverne.com.tr\/travel-blog\/romantik-ren-nehri-mayis-rotasi-ile-8-gunde-5-ulke\/\" \/>\n<meta property=\"og:site_name\" content=\"JULES VERNE BUSINESS MICE TRAVEL\" \/>\n<meta property=\"article:publisher\" content=\"https:\/\/www.facebook.com\/JulesVerneBusinessMiceTravel\/\" \/>\n<meta property=\"article:published_time\" content=\"2018-01-31T12:23:20+00:00\" \/>\n<meta property=\"article:modified_time\" content=\"2020-09-21T14:36:25+00:00\" \/>\n<meta property=\"og:image\" content=\"https:\/\/julesverne.com.tr\/wp-content\/uploads\/2020\/09\/heidelberg_mayis.jpg\" \/>\n\t<meta property=\"og:image:width\" content=\"740\" \/>\n\t<meta property=\"og:image:height\" content=\"493\" \/>\n\t<meta property=\"og:image:type\" content=\"image\/jpeg\" \/>\n<meta name=\"author\" content=\"fikirman\" \/>\n<meta name=\"twitter:card\" content=\"summary_large_image\" \/>\n<meta name=\"twitter:creator\" content=\"@JV_BusinessMice\" \/>\n<meta name=\"twitter:site\" content=\"@JV_BusinessMice\" \/>\n<meta name=\"twitter:label1\" content=\"Written by\" \/>\n\t<meta name=\"twitter:data1\" content=\"fikirman\" \/>\n\t<meta name=\"twitter:label2\" content=\"Est. reading time\" \/>\n\t<meta name=\"twitter:data2\" content=\"3 minutes\" \/>\n<script type=\"application\/ld+json\" class=\"yoast-schema-graph\">{\"@context\":\"https:\/\/schema.org\",\"@graph\":[{\"@type\":\"Article\",\"@id\":\"https:\/\/julesverne.com.tr\/travel-blog\/romantik-ren-nehri-mayis-rotasi-ile-8-gunde-5-ulke\/#article\",\"isPartOf\":{\"@id\":\"https:\/\/julesverne.com.tr\/travel-blog\/romantik-ren-nehri-mayis-rotasi-ile-8-gunde-5-ulke\/\"},\"author\":{\"name\":\"fikirman\",\"@id\":\"https:\/\/julesverne.com.tr\/#\/schema\/person\/f4eb0514ae455538644c31b99a466fdb\"},\"headline\":\"Romantik Ren Nehri May\u0131s Rotas\u0131 ile 8 G\u00fcnde 5 \u00dclke!\",\"datePublished\":\"2018-01-31T12:23:20+00:00\",\"dateModified\":\"2020-09-21T14:36:25+00:00\",\"mainEntityOfPage\":{\"@id\":\"https:\/\/julesverne.com.tr\/travel-blog\/romantik-ren-nehri-mayis-rotasi-ile-8-gunde-5-ulke\/\"},\"wordCount\":576,\"publisher\":{\"@id\":\"https:\/\/julesverne.com.tr\/#organization\"},\"image\":{\"@id\":\"https:\/\/julesverne.com.tr\/travel-blog\/romantik-ren-nehri-mayis-rotasi-ile-8-gunde-5-ulke\/#primaryimage\"},\"thumbnailUrl\":\"https:\/\/julesverne.com.tr\/wp-content\/uploads\/2020\/09\/heidelberg_mayis.jpg\",\"articleSection\":[\"Blog\"],\"inLanguage\":\"en-US\"},{\"@type\":\"WebPage\",\"@id\":\"https:\/\/julesverne.com.tr\/travel-blog\/romantik-ren-nehri-mayis-rotasi-ile-8-gunde-5-ulke\/\",\"url\":\"https:\/\/julesverne.com.tr\/travel-blog\/romantik-ren-nehri-mayis-rotasi-ile-8-gunde-5-ulke\/\",\"name\":\"Romantik Ren Nehri May\u0131s Rotas\u0131 ile 8 G\u00fcnde 5 \u00dclke! - JULES VERNE BUSINESS MICE TRAVEL\",\"isPartOf\":{\"@id\":\"https:\/\/julesverne.com.tr\/#website\"},\"primaryImageOfPage\":{\"@id\":\"https:\/\/julesverne.com.tr\/travel-blog\/romantik-ren-nehri-mayis-rotasi-ile-8-gunde-5-ulke\/#primaryimage\"},\"image\":{\"@id\":\"https:\/\/julesverne.com.tr\/travel-blog\/romantik-ren-nehri-mayis-rotasi-ile-8-gunde-5-ulke\/#primaryimage\"},\"thumbnailUrl\":\"https:\/\/julesverne.com.tr\/wp-content\/uploads\/2020\/09\/heidelberg_mayis.jpg\",\"datePublished\":\"2018-01-31T12:23:20+00:00\",\"dateModified\":\"2020-09-21T14:36:25+00:00\",\"breadcrumb\":{\"@id\":\"https:\/\/julesverne.com.tr\/travel-blog\/romantik-ren-nehri-mayis-rotasi-ile-8-gunde-5-ulke\/#breadcrumb\"},\"inLanguage\":\"en-US\",\"potentialAction\":[{\"@type\":\"ReadAction\",\"target\":[\"https:\/\/julesverne.com.tr\/travel-blog\/romantik-ren-nehri-mayis-rotasi-ile-8-gunde-5-ulke\/\"]}]},{\"@type\":\"ImageObject\",\"inLanguage\":\"en-US\",\"@id\":\"https:\/\/julesverne.com.tr\/travel-blog\/romantik-ren-nehri-mayis-rotasi-ile-8-gunde-5-ulke\/#primaryimage\",\"url\":\"https:\/\/julesverne.com.tr\/wp-content\/uploads\/2020\/09\/heidelberg_mayis.jpg\",\"contentUrl\":\"https:\/\/julesverne.com.tr\/wp-content\/uploads\/2020\/09\/heidelberg_mayis.jpg\",\"width\":740,\"height\":493},{\"@type\":\"BreadcrumbList\",\"@id\":\"https:\/\/julesverne.com.tr\/travel-blog\/romantik-ren-nehri-mayis-rotasi-ile-8-gunde-5-ulke\/#breadcrumb\",\"itemListElement\":[{\"@type\":\"ListItem\",\"position\":1,\"name\":\"Anasayfa\",\"item\":\"https:\/\/julesverne.com.tr\/\"},{\"@type\":\"ListItem\",\"position\":2,\"name\":\"Romantik Ren Nehri May\u0131s Rotas\u0131 ile 8 G\u00fcnde 5 \u00dclke!\"}]},{\"@type\":\"WebSite\",\"@id\":\"https:\/\/julesverne.com.tr\/#website\",\"url\":\"https:\/\/julesverne.com.tr\/\",\"name\":\"JULES VERNE BUSINESS MICE TRAVEL\",\"description\":\"\",\"publisher\":{\"@id\":\"https:\/\/julesverne.com.tr\/#organization\"},\"potentialAction\":[{\"@type\":\"SearchAction\",\"target\":{\"@type\":\"EntryPoint\",\"urlTemplate\":\"https:\/\/julesverne.com.tr\/?s={search_term_string}\"},\"query-input\":\"required name=search_term_string\"}],\"inLanguage\":\"en-US\"},{\"@type\":\"Organization\",\"@id\":\"https:\/\/julesverne.com.tr\/#organization\",\"name\":\"JULES VERNE BUSINESS MICE TRAVEL\",\"url\":\"https:\/\/julesverne.com.tr\/\",\"logo\":{\"@type\":\"ImageObject\",\"inLanguage\":\"en-US\",\"@id\":\"https:\/\/julesverne.com.tr\/#\/schema\/logo\/image\/\",\"url\":\"https:\/\/julesverne.com.tr\/wp-content\/uploads\/2020\/09\/jv-bmt-logo.png\",\"contentUrl\":\"https:\/\/julesverne.com.tr\/wp-content\/uploads\/2020\/09\/jv-bmt-logo.png\",\"width\":110,\"height\":81,\"caption\":\"JULES VERNE BUSINESS MICE TRAVEL\"},\"image\":{\"@id\":\"https:\/\/julesverne.com.tr\/#\/schema\/logo\/image\/\"},\"sameAs\":[\"https:\/\/www.facebook.com\/JulesVerneBusinessMiceTravel\/\",\"https:\/\/twitter.com\/JV_BusinessMice\",\"https:\/\/www.instagram.com\/julesvernebusinessmicetravel\/\",\"https:\/\/www.linkedin.com\/company\/julesvernebusinessmicetravel\/\",\"https:\/\/www.youtube.com\/channel\/UCAwdsmbZ6tFhu1tea6pkpiw\"]},{\"@type\":\"Person\",\"@id\":\"https:\/\/julesverne.com.tr\/#\/schema\/person\/f4eb0514ae455538644c31b99a466fdb\",\"name\":\"fikirman\",\"sameAs\":[\"http:\/\/advermedya.net\/julesverne\"],\"url\":\"https:\/\/julesverne.com.tr\/en\/author\/fikirman\/\"}]}<\/script>\n<!-- \/ Yoast SEO plugin. -->","yoast_head_json":{"title":"Romantik Ren Nehri May\u0131s Rotas\u0131 ile 8 G\u00fcnde 5 \u00dclke! - JULES VERNE BUSINESS MICE TRAVEL","robots":{"index":"index","follow":"follow","max-snippet":"max-snippet:-1","max-image-preview":"max-image-preview:large","max-video-preview":"max-video-preview:-1"},"canonical":"https:\/\/julesverne.com.tr\/travel-blog\/romantik-ren-nehri-mayis-rotasi-ile-8-gunde-5-ulke\/","og_locale":"en_US","og_type":"article","og_title":"Romantik Ren Nehri May\u0131s Rotas\u0131 ile 8 G\u00fcnde 5 \u00dclke! - JULES VERNE BUSINESS MICE TRAVEL","og_description":"Ren Nehri&rsquo;nde r&uuml;ya gibi bir 8 g&uuml;ne haz\u0131r m\u0131s\u0131n\u0131z? Amsterdam&rsquo;dan demir olup 8 g&uuml;n&uuml;n sonunda Basel&rsquo;de tamamlayaca\u011f\u0131n\u0131z gemi seyahatinizde farkl\u0131 k&uuml;lt&uuml;rleri birlikte deneyimleyeceksiniz. 29 May\u0131s-5 Haziran tarihlerinde 7 gece, 8 g&uuml;n s&uuml;recek bu &ouml;zel seyahat yaz\u0131n geli\u015fini kutlaman\u0131n en g&uuml;zel yolu&hellip;","og_url":"https:\/\/julesverne.com.tr\/travel-blog\/romantik-ren-nehri-mayis-rotasi-ile-8-gunde-5-ulke\/","og_site_name":"JULES VERNE BUSINESS MICE TRAVEL","article_publisher":"https:\/\/www.facebook.com\/JulesVerneBusinessMiceTravel\/","article_published_time":"2018-01-31T12:23:20+00:00","article_modified_time":"2020-09-21T14:36:25+00:00","og_image":[{"width":740,"height":493,"url":"https:\/\/julesverne.com.tr\/wp-content\/uploads\/2020\/09\/heidelberg_mayis.jpg","type":"image\/jpeg"}],"author":"fikirman","twitter_card":"summary_large_image","twitter_creator":"@JV_BusinessMice","twitter_site":"@JV_BusinessMice","twitter_misc":{"Written by":"fikirman","Est. reading time":"3 minutes"},"schema":{"@context":"https:\/\/schema.org","@graph":[{"@type":"Article","@id":"https:\/\/julesverne.com.tr\/travel-blog\/romantik-ren-nehri-mayis-rotasi-ile-8-gunde-5-ulke\/#article","isPartOf":{"@id":"https:\/\/julesverne.com.tr\/travel-blog\/romantik-ren-nehri-mayis-rotasi-ile-8-gunde-5-ulke\/"},"author":{"name":"fikirman","@id":"https:\/\/julesverne.com.tr\/#\/schema\/person\/f4eb0514ae455538644c31b99a466fdb"},"headline":"Romantik Ren Nehri May\u0131s Rotas\u0131 ile 8 G\u00fcnde 5 \u00dclke!","datePublished":"2018-01-31T12:23:20+00:00","dateModified":"2020-09-21T14:36:25+00:00","mainEntityOfPage":{"@id":"https:\/\/julesverne.com.tr\/travel-blog\/romantik-ren-nehri-mayis-rotasi-ile-8-gunde-5-ulke\/"},"wordCount":576,"publisher":{"@id":"https:\/\/julesverne.com.tr\/#organization"},"image":{"@id":"https:\/\/julesverne.com.tr\/travel-blog\/romantik-ren-nehri-mayis-rotasi-ile-8-gunde-5-ulke\/#primaryimage"},"thumbnailUrl":"https:\/\/julesverne.com.tr\/wp-content\/uploads\/2020\/09\/heidelberg_mayis.jpg","articleSection":["Blog"],"inLanguage":"en-US"},{"@type":"WebPage","@id":"https:\/\/julesverne.com.tr\/travel-blog\/romantik-ren-nehri-mayis-rotasi-ile-8-gunde-5-ulke\/","url":"https:\/\/julesverne.com.tr\/travel-blog\/romantik-ren-nehri-mayis-rotasi-ile-8-gunde-5-ulke\/","name":"Romantik Ren Nehri May\u0131s Rotas\u0131 ile 8 G\u00fcnde 5 \u00dclke! - JULES VERNE BUSINESS MICE TRAVEL","isPartOf":{"@id":"https:\/\/julesverne.com.tr\/#website"},"primaryImageOfPage":{"@id":"https:\/\/julesverne.com.tr\/travel-blog\/romantik-ren-nehri-mayis-rotasi-ile-8-gunde-5-ulke\/#primaryimage"},"image":{"@id":"https:\/\/julesverne.com.tr\/travel-blog\/romantik-ren-nehri-mayis-rotasi-ile-8-gunde-5-ulke\/#primaryimage"},"thumbnailUrl":"https:\/\/julesverne.com.tr\/wp-content\/uploads\/2020\/09\/heidelberg_mayis.jpg","datePublished":"2018-01-31T12:23:20+00:00","dateModified":"2020-09-21T14:36:25+00:00","breadcrumb":{"@id":"https:\/\/julesverne.com.tr\/travel-blog\/romantik-ren-nehri-mayis-rotasi-ile-8-gunde-5-ulke\/#breadcrumb"},"inLanguage":"en-US","potentialAction":[{"@type":"ReadAction","target":["https:\/\/julesverne.com.tr\/travel-blog\/romantik-ren-nehri-mayis-rotasi-ile-8-gunde-5-ulke\/"]}]},{"@type":"ImageObject","inLanguage":"en-US","@id":"https:\/\/julesverne.com.tr\/travel-blog\/romantik-ren-nehri-mayis-rotasi-ile-8-gunde-5-ulke\/#primaryimage","url":"https:\/\/julesverne.com.tr\/wp-content\/uploads\/2020\/09\/heidelberg_mayis.jpg","contentUrl":"https:\/\/julesverne.com.tr\/wp-content\/uploads\/2020\/09\/heidelberg_mayis.jpg","width":740,"height":493},{"@type":"BreadcrumbList","@id":"https:\/\/julesverne.com.tr\/travel-blog\/romantik-ren-nehri-mayis-rotasi-ile-8-gunde-5-ulke\/#breadcrumb","itemListElement":[{"@type":"ListItem","position":1,"name":"Anasayfa","item":"https:\/\/julesverne.com.tr\/"},{"@type":"ListItem","position":2,"name":"Romantik Ren Nehri May\u0131s Rotas\u0131 ile 8 G\u00fcnde 5 \u00dclke!"}]},{"@type":"WebSite","@id":"https:\/\/julesverne.com.tr\/#website","url":"https:\/\/julesverne.com.tr\/","name":"JULES VERNE BUSINESS MICE TRAVEL","description":"","publisher":{"@id":"https:\/\/julesverne.com.tr\/#organization"},"potentialAction":[{"@type":"SearchAction","target":{"@type":"EntryPoint","urlTemplate":"https:\/\/julesverne.com.tr\/?s={search_term_string}"},"query-input":"required name=search_term_string"}],"inLanguage":"en-US"},{"@type":"Organization","@id":"https:\/\/julesverne.com.tr\/#organization","name":"JULES VERNE BUSINESS MICE TRAVEL","url":"https:\/\/julesverne.com.tr\/","logo":{"@type":"ImageObject","inLanguage":"en-US","@id":"https:\/\/julesverne.com.tr\/#\/schema\/logo\/image\/","url":"https:\/\/julesverne.com.tr\/wp-content\/uploads\/2020\/09\/jv-bmt-logo.png","contentUrl":"https:\/\/julesverne.com.tr\/wp-content\/uploads\/2020\/09\/jv-bmt-logo.png","width":110,"height":81,"caption":"JULES VERNE BUSINESS MICE TRAVEL"},"image":{"@id":"https:\/\/julesverne.com.tr\/#\/schema\/logo\/image\/"},"sameAs":["https:\/\/www.facebook.com\/JulesVerneBusinessMiceTravel\/","https:\/\/twitter.com\/JV_BusinessMice","https:\/\/www.instagram.com\/julesvernebusinessmicetravel\/","https:\/\/www.linkedin.com\/company\/julesvernebusinessmicetravel\/","https:\/\/www.youtube.com\/channel\/UCAwdsmbZ6tFhu1tea6pkpiw"]},{"@type":"Person","@id":"https:\/\/julesverne.com.tr\/#\/schema\/person\/f4eb0514ae455538644c31b99a466fdb","name":"fikirman","sameAs":["http:\/\/advermedya.net\/julesverne"],"url":"https:\/\/julesverne.com.tr\/en\/author\/fikirman\/"}]}},"_links":{"self":[{"href":"https:\/\/julesverne.com.tr\/en\/wp-json\/wp\/v2\/posts\/1866"}],"collection":[{"href":"https:\/\/julesverne.com.tr\/en\/wp-json\/wp\/v2\/posts"}],"about":[{"href":"https:\/\/julesverne.com.tr\/en\/wp-json\/wp\/v2\/types\/post"}],"author":[{"embeddable":true,"href":"https:\/\/julesverne.com.tr\/en\/wp-json\/wp\/v2\/users\/1"}],"replies":[{"embeddable":true,"href":"https:\/\/julesverne.com.tr\/en\/wp-json\/wp\/v2\/comments?post=1866"}],"version-history":[{"count":0,"href":"https:\/\/julesverne.com.tr\/en\/wp-json\/wp\/v2\/posts\/1866\/revisions"}],"wp:featuredmedia":[{"embeddable":true,"href":"https:\/\/julesverne.com.tr\/en\/wp-json\/wp\/v2\/media\/1867"}],"wp:attachment":[{"href":"https:\/\/julesverne.com.tr\/en\/wp-json\/wp\/v2\/media?parent=1866"}],"wp:term":[{"taxonomy":"category","embeddable":true,"href":"https:\/\/julesverne.com.tr\/en\/wp-json\/wp\/v2\/categories?post=1866"},{"taxonomy":"post_tag","embeddable":true,"href":"https:\/\/julesverne.com.tr\/en\/wp-json\/wp\/v2\/tags?post=1866"}],"curies":[{"name":"wp","href":"https:\/\/api.w.org\/{rel}","templated":true}]}}