{"id":1853,"date":"2018-01-18T10:41:47","date_gmt":"2018-01-18T07:41:47","guid":{"rendered":"https:\/\/www.julesverne.com.tr\/\/blog\/seysellerde-tropikal-siklik-constance-ephelia\/"},"modified":"2021-03-04T15:22:11","modified_gmt":"2021-03-04T12:22:11","slug":"seysellerde-tropikal-siklik-constance-ephelia","status":"publish","type":"post","link":"https:\/\/julesverne.com.tr\/en\/travel-blog\/seysellerde-tropikal-siklik-constance-ephelia\/","title":{"rendered":"Sey\u015feller&#8217;de Tropikal \u015e\u0131kl\u0131k: Constance Eph\u00e9lia"},"content":{"rendered":"<p><p style=\"text-align: center;\"><img loading=\"lazy\" decoding=\"async\" class=\"alignnone size-full wp-image-5132\" src=\"https:\/\/www.julesverne.com.tr\/\/wp-content\/uploads\/2020\/09\/10.jpg\" width=\"740\" height=\"494\" alt=\"\" srcset=\"https:\/\/julesverne.com.tr\/wp-content\/uploads\/2020\/09\/10.jpg 740w, https:\/\/julesverne.com.tr\/wp-content\/uploads\/2020\/09\/10-500x334.jpg 500w\" sizes=\"(max-width: 740px) 100vw, 740px\" \/><\/p>\n<p>Sey\u015fel Adalar\u0131&#8217;n\u0131n merkez adas\u0131 Mah&eacute;&#8217;de, Launay Liman\u0131&#8217;n\u0131n neredeyse tamam\u0131na yay\u0131lan Constance Eph&eacute;lia, adan\u0131n en b&uuml;y&uuml;k oteli olmas\u0131yla asl\u0131nda size &ouml;zel bir Sey\u015feller deneyimi ya\u015fat\u0131yor.Toplam 313 oda ve villas\u0131 bulunan otelin genelinde &ccedil;a\u011fda\u015f bir stil benimsenmi\u015f olsa da Sey\u015fel adalar\u0131nda oldu\u011funuzu hissettirecek dokunu\u015flar\u0131 hissetmemek imkans\u0131z. Odalar uzaktan bakt\u0131\u011f\u0131n\u0131zda bile kendinizi iyi hissettiren SPA merkezi ve havuzlar\u0131n aras\u0131nda yer al\u0131yor.<\/p>\n<p style=\"text-align: center;\"><img loading=\"lazy\" decoding=\"async\" class=\"alignnone size-full wp-image-5133\" src=\"https:\/\/www.julesverne.com.tr\/\/wp-content\/uploads\/2020\/09\/20.jpg\" width=\"740\" height=\"494\" alt=\"\" srcset=\"https:\/\/julesverne.com.tr\/wp-content\/uploads\/2020\/09\/20.jpg 740w, https:\/\/julesverne.com.tr\/wp-content\/uploads\/2020\/09\/20-500x334.jpg 500w\" sizes=\"(max-width: 740px) 100vw, 740px\" \/><\/p>\n<p>Plaj\u0131n sadece birka&ccedil; ad\u0131m gerisinde, 62 m2 geni\u015fli\u011findeki Junior Suite odalar hem \u015f\u0131k hem de sizi ferahlatacak ayd\u0131nl\u0131k bir stilde dekore edilmi\u015f. Bu ho\u015f dekorasyona nefes kesici manzaralar ve g&uuml;ne\u015fin keyfini &ccedil;\u0131karaca\u011f\u0131n\u0131z teras b&ouml;l&uuml;m&uuml; e\u015flik ediyor.<\/p>\n<p style=\"text-align: center;\"><img loading=\"lazy\" decoding=\"async\" class=\"alignnone size-full wp-image-5134\" src=\"https:\/\/www.julesverne.com.tr\/\/wp-content\/uploads\/2020\/09\/30.jpg\" width=\"740\" height=\"494\" alt=\"\" srcset=\"https:\/\/julesverne.com.tr\/wp-content\/uploads\/2020\/09\/30.jpg 740w, https:\/\/julesverne.com.tr\/wp-content\/uploads\/2020\/09\/30-500x334.jpg 500w\" sizes=\"(max-width: 740px) 100vw, 740px\" \/><\/p>\n<p>Otelin hem kuzey hem de g&uuml;ney b&ouml;l&uuml;m&uuml;nde de plaj var. G&uuml;neydeki koy daha sakin olsa da ger&ccedil;ek&uuml;st&uuml; dev gri ta\u015flarla &ccedil;evrili kuzey plaj\u0131n\u0131n biraz daha etkileyici oldu\u011funu s&ouml;yleyelim.<\/p>\n<p style=\"text-align: center;\"><img loading=\"lazy\" decoding=\"async\" class=\"alignnone size-full wp-image-5135\" src=\"https:\/\/www.julesverne.com.tr\/\/wp-content\/uploads\/2020\/09\/40.jpg\" width=\"740\" height=\"474\" alt=\"\" srcset=\"https:\/\/julesverne.com.tr\/wp-content\/uploads\/2020\/09\/40.jpg 740w, https:\/\/julesverne.com.tr\/wp-content\/uploads\/2020\/09\/40-500x320.jpg 500w\" sizes=\"(max-width: 740px) 100vw, 740px\" \/><\/p>\n<p>Eph&eacute;lia&#8217;n\u0131n SPA merkezine ayr\u0131 bir paragraf ay\u0131rmak \u015fart! 18 adet masaj ve tedavi odas\u0131 olan bu sa\u011fl\u0131k merkezinin s\u0131cak ve so\u011fuk havuzlar\u0131; damarlar\u0131 g&uuml;&ccedil;lendiren ve kan dola\u015f\u0131m\u0131n\u0131 olumlu etkileyen Kneipp havuzu en ilgi &ccedil;eken b&ouml;l&uuml;mler. Tabi, size v&uuml;cudunuza iyi gelecek masaj terapileri de egzotik tatil beklentinizi tamamlayacak!<\/p>\n<p style=\"text-align: center;\"><img loading=\"lazy\" decoding=\"async\" class=\"alignnone size-full wp-image-5136\" src=\"https:\/\/www.julesverne.com.tr\/\/wp-content\/uploads\/2020\/09\/ephelia_spa.jpg\" width=\"900\" height=\"600\" alt=\"\" srcset=\"https:\/\/julesverne.com.tr\/wp-content\/uploads\/2020\/09\/ephelia_spa.jpg 900w, https:\/\/julesverne.com.tr\/wp-content\/uploads\/2020\/09\/ephelia_spa-500x333.jpg 500w, https:\/\/julesverne.com.tr\/wp-content\/uploads\/2020\/09\/ephelia_spa-768x512.jpg 768w\" sizes=\"(max-width: 900px) 100vw, 900px\" \/><\/p>\n<p>Otelin yeme-i&ccedil;me alanlar\u0131ndaki ba\u015far\u0131s\u0131na gelecek olursak; b&uuml;nyesinde 5 restoran ve bar bar\u0131nd\u0131ran Eph&eacute;lia&#8217;da &#8220;fine dining&#8221; deneyimi ya\u015fayabilece\u011finiz Cyann Restaurant&#8217;dan Akdeniz lezzetleri sunan Helios&#8217;a; iskelede romantik bir deneyim sunan Le Barachois&#8217;dan Japon mutfa\u011f\u0131 tatlar\u0131n\u0131 bulaca\u011f\u0131n\u0131z Asian&#8217;a i\u015ftah\u0131n\u0131z\u0131 kabartan alternatifler var.<\/p>\n<p><img loading=\"lazy\" decoding=\"async\" class=\"alignnone size-full wp-image-5137\" src=\"https:\/\/www.julesverne.com.tr\/\/wp-content\/uploads\/2020\/09\/70.jpg\" width=\"740\" height=\"416\" alt=\"\" srcset=\"https:\/\/julesverne.com.tr\/wp-content\/uploads\/2020\/09\/70.jpg 740w, https:\/\/julesverne.com.tr\/wp-content\/uploads\/2020\/09\/70-500x281.jpg 500w, https:\/\/julesverne.com.tr\/wp-content\/uploads\/2020\/09\/70-400x225.jpg 400w\" sizes=\"(max-width: 740px) 100vw, 740px\" \/><\/p>\n<p>Hint Okyanusu&rsquo;nun ortas\u0131nda olup su sporlar\u0131 aktivitelerini deneyimlememek haks\u0131zl\u0131k olur! Bal\u0131k tutmadan sualt\u0131 dal\u0131\u015f\u0131na kadar bir&ccedil;ok aktivite imkan\u0131n\u0131 otelinizde bulacaks\u0131n\u0131z.&nbsp;<\/p>\n<p><strong>&Uuml;cret Bilgisi<\/strong><\/p>\n<h4><strong>2 Ki\u015fi Yar\u0131m Pansiyon konaklama, gecelik 600 Euro&#8217;dan ba\u015flayan fiyatlarla&#8230;<\/strong><br \/><strong><span style=\"text-decoration: underline;\">*Minimum 3 gece konaklamalar i&ccedil;in ge&ccedil;erli fiyatt\u0131r.<\/span><\/strong><\/p>\n<\/h4>\n<p><strong>&Uuml;crete Dahil Olan Hizmetler<\/strong><\/p>\n<ul>\n<li>Junior Suite&rsquo;de (62 m2), 2 Ki\u015fi&nbsp; yar\u0131m pansiyon konaklama,<\/li>\n<li>Havaliman\u0131 ile otel aras\u0131 &ouml;zel ara&ccedil;la &ccedil;ift y&ouml;n transferler,<\/li>\n<li style=\"text-align: left;\">T&uuml;m vergiler.&nbsp;<\/li>\n<\/ul>\n<p style=\"text-align: center;\"><img loading=\"lazy\" decoding=\"async\" class=\"alignnone size-full wp-image-5138\" src=\"https:\/\/www.julesverne.com.tr\/\/wp-content\/uploads\/2020\/09\/genel.jpg\" width=\"739\" height=\"459\" alt=\"\" srcset=\"https:\/\/julesverne.com.tr\/wp-content\/uploads\/2020\/09\/genel.jpg 739w, https:\/\/julesverne.com.tr\/wp-content\/uploads\/2020\/09\/genel-500x311.jpg 500w\" sizes=\"(max-width: 739px) 100vw, 739px\" \/><br \/><strong>Detayl\u0131 bilgi ve rezervasyon i&ccedil;in:<br \/><\/strong><strong><a href=\"mailto:travel@julesverne.com.tr\" target=\"_blank\" rel=\"noopener noreferrer\">travel@julesverne.com.tr<br \/><\/a><\/strong><strong>0212 266 6363 &#8211; 118<\/strong><\/p><\/p>\n","protected":false},"excerpt":{"rendered":"<p>Sey\u015fel Adalar\u0131&#8217;n\u0131n merkez adas\u0131 Mah&eacute;&#8217;de, Launay Liman\u0131&#8217;n\u0131n neredeyse tamam\u0131na yay\u0131lan Constance Eph&eacute;lia, adan\u0131n en b&uuml;y&uuml;k oteli olmas\u0131yla asl\u0131nda size &ouml;zel bir Sey\u015feller deneyimi ya\u015fat\u0131yor.<\/p>\n","protected":false},"author":1,"featured_media":1854,"comment_status":"closed","ping_status":"closed","sticky":false,"template":"","format":"standard","meta":{"inline_featured_image":false,"footnotes":""},"categories":[1,40],"tags":[],"acf":[],"yoast_head":"<!-- This site is optimized with the Yoast SEO plugin v22.3 - https:\/\/yoast.com\/wordpress\/plugins\/seo\/ -->\n<title>Sey\u015feller&#039;de Tropikal \u015e\u0131kl\u0131k: Constance Eph\u00e9lia - JULES VERNE BUSINESS MICE TRAVEL<\/title>\n<meta name=\"robots\" content=\"index, follow, max-snippet:-1, max-image-preview:large, max-video-preview:-1\" \/>\n<link rel=\"canonical\" href=\"https:\/\/julesverne.com.tr\/travel-blog\/seysellerde-tropikal-siklik-constance-ephelia\/\" \/>\n<meta property=\"og:locale\" content=\"en_US\" \/>\n<meta property=\"og:type\" content=\"article\" \/>\n<meta property=\"og:title\" content=\"Sey\u015feller&#039;de Tropikal \u015e\u0131kl\u0131k: Constance Eph\u00e9lia - JULES VERNE BUSINESS MICE TRAVEL\" \/>\n<meta property=\"og:description\" content=\"Sey\u015fel Adalar\u0131&#039;n\u0131n merkez adas\u0131 Mah&eacute;&#039;de, Launay Liman\u0131&#039;n\u0131n neredeyse tamam\u0131na yay\u0131lan Constance Eph&eacute;lia, adan\u0131n en b&uuml;y&uuml;k oteli olmas\u0131yla asl\u0131nda size &ouml;zel bir Sey\u015feller deneyimi ya\u015fat\u0131yor.\" \/>\n<meta property=\"og:url\" content=\"https:\/\/julesverne.com.tr\/travel-blog\/seysellerde-tropikal-siklik-constance-ephelia\/\" \/>\n<meta property=\"og:site_name\" content=\"JULES VERNE BUSINESS MICE TRAVEL\" \/>\n<meta property=\"article:publisher\" content=\"https:\/\/www.facebook.com\/JulesVerneBusinessMiceTravel\/\" \/>\n<meta property=\"article:published_time\" content=\"2018-01-18T07:41:47+00:00\" \/>\n<meta property=\"article:modified_time\" content=\"2021-03-04T12:22:11+00:00\" \/>\n<meta property=\"og:image\" content=\"https:\/\/julesverne.com.tr\/wp-content\/uploads\/2020\/09\/ephelia.jpg\" \/>\n\t<meta property=\"og:image:width\" content=\"800\" \/>\n\t<meta property=\"og:image:height\" content=\"515\" \/>\n\t<meta property=\"og:image:type\" content=\"image\/jpeg\" \/>\n<meta name=\"author\" content=\"fikirman\" \/>\n<meta name=\"twitter:card\" content=\"summary_large_image\" \/>\n<meta name=\"twitter:creator\" content=\"@JV_BusinessMice\" \/>\n<meta name=\"twitter:site\" content=\"@JV_BusinessMice\" \/>\n<meta name=\"twitter:label1\" content=\"Written by\" \/>\n\t<meta name=\"twitter:data1\" content=\"fikirman\" \/>\n\t<meta name=\"twitter:label2\" content=\"Est. reading time\" \/>\n\t<meta name=\"twitter:data2\" content=\"2 minutes\" \/>\n<script type=\"application\/ld+json\" class=\"yoast-schema-graph\">{\"@context\":\"https:\/\/schema.org\",\"@graph\":[{\"@type\":\"Article\",\"@id\":\"https:\/\/julesverne.com.tr\/travel-blog\/seysellerde-tropikal-siklik-constance-ephelia\/#article\",\"isPartOf\":{\"@id\":\"https:\/\/julesverne.com.tr\/travel-blog\/seysellerde-tropikal-siklik-constance-ephelia\/\"},\"author\":{\"name\":\"fikirman\",\"@id\":\"https:\/\/julesverne.com.tr\/#\/schema\/person\/f4eb0514ae455538644c31b99a466fdb\"},\"headline\":\"Sey\u015feller&#8217;de Tropikal \u015e\u0131kl\u0131k: Constance Eph\u00e9lia\",\"datePublished\":\"2018-01-18T07:41:47+00:00\",\"dateModified\":\"2021-03-04T12:22:11+00:00\",\"mainEntityOfPage\":{\"@id\":\"https:\/\/julesverne.com.tr\/travel-blog\/seysellerde-tropikal-siklik-constance-ephelia\/\"},\"wordCount\":435,\"publisher\":{\"@id\":\"https:\/\/julesverne.com.tr\/#organization\"},\"image\":{\"@id\":\"https:\/\/julesverne.com.tr\/travel-blog\/seysellerde-tropikal-siklik-constance-ephelia\/#primaryimage\"},\"thumbnailUrl\":\"https:\/\/julesverne.com.tr\/wp-content\/uploads\/2020\/09\/ephelia.jpg\",\"articleSection\":[\"Blog\",\"Nerede Kalsak?\"],\"inLanguage\":\"en-US\"},{\"@type\":\"WebPage\",\"@id\":\"https:\/\/julesverne.com.tr\/travel-blog\/seysellerde-tropikal-siklik-constance-ephelia\/\",\"url\":\"https:\/\/julesverne.com.tr\/travel-blog\/seysellerde-tropikal-siklik-constance-ephelia\/\",\"name\":\"Sey\u015feller'de Tropikal \u015e\u0131kl\u0131k: Constance Eph\u00e9lia - JULES VERNE BUSINESS MICE TRAVEL\",\"isPartOf\":{\"@id\":\"https:\/\/julesverne.com.tr\/#website\"},\"primaryImageOfPage\":{\"@id\":\"https:\/\/julesverne.com.tr\/travel-blog\/seysellerde-tropikal-siklik-constance-ephelia\/#primaryimage\"},\"image\":{\"@id\":\"https:\/\/julesverne.com.tr\/travel-blog\/seysellerde-tropikal-siklik-constance-ephelia\/#primaryimage\"},\"thumbnailUrl\":\"https:\/\/julesverne.com.tr\/wp-content\/uploads\/2020\/09\/ephelia.jpg\",\"datePublished\":\"2018-01-18T07:41:47+00:00\",\"dateModified\":\"2021-03-04T12:22:11+00:00\",\"breadcrumb\":{\"@id\":\"https:\/\/julesverne.com.tr\/travel-blog\/seysellerde-tropikal-siklik-constance-ephelia\/#breadcrumb\"},\"inLanguage\":\"en-US\",\"potentialAction\":[{\"@type\":\"ReadAction\",\"target\":[\"https:\/\/julesverne.com.tr\/travel-blog\/seysellerde-tropikal-siklik-constance-ephelia\/\"]}]},{\"@type\":\"ImageObject\",\"inLanguage\":\"en-US\",\"@id\":\"https:\/\/julesverne.com.tr\/travel-blog\/seysellerde-tropikal-siklik-constance-ephelia\/#primaryimage\",\"url\":\"https:\/\/julesverne.com.tr\/wp-content\/uploads\/2020\/09\/ephelia.jpg\",\"contentUrl\":\"https:\/\/julesverne.com.tr\/wp-content\/uploads\/2020\/09\/ephelia.jpg\",\"width\":800,\"height\":515},{\"@type\":\"BreadcrumbList\",\"@id\":\"https:\/\/julesverne.com.tr\/travel-blog\/seysellerde-tropikal-siklik-constance-ephelia\/#breadcrumb\",\"itemListElement\":[{\"@type\":\"ListItem\",\"position\":1,\"name\":\"Anasayfa\",\"item\":\"https:\/\/julesverne.com.tr\/\"},{\"@type\":\"ListItem\",\"position\":2,\"name\":\"Sey\u015feller&#8217;de Tropikal \u015e\u0131kl\u0131k: Constance Eph\u00e9lia\"}]},{\"@type\":\"WebSite\",\"@id\":\"https:\/\/julesverne.com.tr\/#website\",\"url\":\"https:\/\/julesverne.com.tr\/\",\"name\":\"JULES VERNE BUSINESS MICE TRAVEL\",\"description\":\"\",\"publisher\":{\"@id\":\"https:\/\/julesverne.com.tr\/#organization\"},\"potentialAction\":[{\"@type\":\"SearchAction\",\"target\":{\"@type\":\"EntryPoint\",\"urlTemplate\":\"https:\/\/julesverne.com.tr\/?s={search_term_string}\"},\"query-input\":\"required name=search_term_string\"}],\"inLanguage\":\"en-US\"},{\"@type\":\"Organization\",\"@id\":\"https:\/\/julesverne.com.tr\/#organization\",\"name\":\"JULES VERNE BUSINESS MICE TRAVEL\",\"url\":\"https:\/\/julesverne.com.tr\/\",\"logo\":{\"@type\":\"ImageObject\",\"inLanguage\":\"en-US\",\"@id\":\"https:\/\/julesverne.com.tr\/#\/schema\/logo\/image\/\",\"url\":\"https:\/\/julesverne.com.tr\/wp-content\/uploads\/2020\/09\/jv-bmt-logo.png\",\"contentUrl\":\"https:\/\/julesverne.com.tr\/wp-content\/uploads\/2020\/09\/jv-bmt-logo.png\",\"width\":110,\"height\":81,\"caption\":\"JULES VERNE BUSINESS MICE TRAVEL\"},\"image\":{\"@id\":\"https:\/\/julesverne.com.tr\/#\/schema\/logo\/image\/\"},\"sameAs\":[\"https:\/\/www.facebook.com\/JulesVerneBusinessMiceTravel\/\",\"https:\/\/twitter.com\/JV_BusinessMice\",\"https:\/\/www.instagram.com\/julesvernebusinessmicetravel\/\",\"https:\/\/www.linkedin.com\/company\/julesvernebusinessmicetravel\/\",\"https:\/\/www.youtube.com\/channel\/UCAwdsmbZ6tFhu1tea6pkpiw\"]},{\"@type\":\"Person\",\"@id\":\"https:\/\/julesverne.com.tr\/#\/schema\/person\/f4eb0514ae455538644c31b99a466fdb\",\"name\":\"fikirman\",\"sameAs\":[\"http:\/\/advermedya.net\/julesverne\"],\"url\":\"https:\/\/julesverne.com.tr\/en\/author\/fikirman\/\"}]}<\/script>\n<!-- \/ Yoast SEO plugin. -->","yoast_head_json":{"title":"Sey\u015feller'de Tropikal \u015e\u0131kl\u0131k: Constance Eph\u00e9lia - JULES VERNE BUSINESS MICE TRAVEL","robots":{"index":"index","follow":"follow","max-snippet":"max-snippet:-1","max-image-preview":"max-image-preview:large","max-video-preview":"max-video-preview:-1"},"canonical":"https:\/\/julesverne.com.tr\/travel-blog\/seysellerde-tropikal-siklik-constance-ephelia\/","og_locale":"en_US","og_type":"article","og_title":"Sey\u015feller'de Tropikal \u015e\u0131kl\u0131k: Constance Eph\u00e9lia - JULES VERNE BUSINESS MICE TRAVEL","og_description":"Sey\u015fel Adalar\u0131'n\u0131n merkez adas\u0131 Mah&eacute;'de, Launay Liman\u0131'n\u0131n neredeyse tamam\u0131na yay\u0131lan Constance Eph&eacute;lia, adan\u0131n en b&uuml;y&uuml;k oteli olmas\u0131yla asl\u0131nda size &ouml;zel bir Sey\u015feller deneyimi ya\u015fat\u0131yor.","og_url":"https:\/\/julesverne.com.tr\/travel-blog\/seysellerde-tropikal-siklik-constance-ephelia\/","og_site_name":"JULES VERNE BUSINESS MICE TRAVEL","article_publisher":"https:\/\/www.facebook.com\/JulesVerneBusinessMiceTravel\/","article_published_time":"2018-01-18T07:41:47+00:00","article_modified_time":"2021-03-04T12:22:11+00:00","og_image":[{"width":800,"height":515,"url":"https:\/\/julesverne.com.tr\/wp-content\/uploads\/2020\/09\/ephelia.jpg","type":"image\/jpeg"}],"author":"fikirman","twitter_card":"summary_large_image","twitter_creator":"@JV_BusinessMice","twitter_site":"@JV_BusinessMice","twitter_misc":{"Written by":"fikirman","Est. reading time":"2 minutes"},"schema":{"@context":"https:\/\/schema.org","@graph":[{"@type":"Article","@id":"https:\/\/julesverne.com.tr\/travel-blog\/seysellerde-tropikal-siklik-constance-ephelia\/#article","isPartOf":{"@id":"https:\/\/julesverne.com.tr\/travel-blog\/seysellerde-tropikal-siklik-constance-ephelia\/"},"author":{"name":"fikirman","@id":"https:\/\/julesverne.com.tr\/#\/schema\/person\/f4eb0514ae455538644c31b99a466fdb"},"headline":"Sey\u015feller&#8217;de Tropikal \u015e\u0131kl\u0131k: Constance Eph\u00e9lia","datePublished":"2018-01-18T07:41:47+00:00","dateModified":"2021-03-04T12:22:11+00:00","mainEntityOfPage":{"@id":"https:\/\/julesverne.com.tr\/travel-blog\/seysellerde-tropikal-siklik-constance-ephelia\/"},"wordCount":435,"publisher":{"@id":"https:\/\/julesverne.com.tr\/#organization"},"image":{"@id":"https:\/\/julesverne.com.tr\/travel-blog\/seysellerde-tropikal-siklik-constance-ephelia\/#primaryimage"},"thumbnailUrl":"https:\/\/julesverne.com.tr\/wp-content\/uploads\/2020\/09\/ephelia.jpg","articleSection":["Blog","Nerede Kalsak?"],"inLanguage":"en-US"},{"@type":"WebPage","@id":"https:\/\/julesverne.com.tr\/travel-blog\/seysellerde-tropikal-siklik-constance-ephelia\/","url":"https:\/\/julesverne.com.tr\/travel-blog\/seysellerde-tropikal-siklik-constance-ephelia\/","name":"Sey\u015feller'de Tropikal \u015e\u0131kl\u0131k: Constance Eph\u00e9lia - JULES VERNE BUSINESS MICE TRAVEL","isPartOf":{"@id":"https:\/\/julesverne.com.tr\/#website"},"primaryImageOfPage":{"@id":"https:\/\/julesverne.com.tr\/travel-blog\/seysellerde-tropikal-siklik-constance-ephelia\/#primaryimage"},"image":{"@id":"https:\/\/julesverne.com.tr\/travel-blog\/seysellerde-tropikal-siklik-constance-ephelia\/#primaryimage"},"thumbnailUrl":"https:\/\/julesverne.com.tr\/wp-content\/uploads\/2020\/09\/ephelia.jpg","datePublished":"2018-01-18T07:41:47+00:00","dateModified":"2021-03-04T12:22:11+00:00","breadcrumb":{"@id":"https:\/\/julesverne.com.tr\/travel-blog\/seysellerde-tropikal-siklik-constance-ephelia\/#breadcrumb"},"inLanguage":"en-US","potentialAction":[{"@type":"ReadAction","target":["https:\/\/julesverne.com.tr\/travel-blog\/seysellerde-tropikal-siklik-constance-ephelia\/"]}]},{"@type":"ImageObject","inLanguage":"en-US","@id":"https:\/\/julesverne.com.tr\/travel-blog\/seysellerde-tropikal-siklik-constance-ephelia\/#primaryimage","url":"https:\/\/julesverne.com.tr\/wp-content\/uploads\/2020\/09\/ephelia.jpg","contentUrl":"https:\/\/julesverne.com.tr\/wp-content\/uploads\/2020\/09\/ephelia.jpg","width":800,"height":515},{"@type":"BreadcrumbList","@id":"https:\/\/julesverne.com.tr\/travel-blog\/seysellerde-tropikal-siklik-constance-ephelia\/#breadcrumb","itemListElement":[{"@type":"ListItem","position":1,"name":"Anasayfa","item":"https:\/\/julesverne.com.tr\/"},{"@type":"ListItem","position":2,"name":"Sey\u015feller&#8217;de Tropikal \u015e\u0131kl\u0131k: Constance Eph\u00e9lia"}]},{"@type":"WebSite","@id":"https:\/\/julesverne.com.tr\/#website","url":"https:\/\/julesverne.com.tr\/","name":"JULES VERNE BUSINESS MICE TRAVEL","description":"","publisher":{"@id":"https:\/\/julesverne.com.tr\/#organization"},"potentialAction":[{"@type":"SearchAction","target":{"@type":"EntryPoint","urlTemplate":"https:\/\/julesverne.com.tr\/?s={search_term_string}"},"query-input":"required name=search_term_string"}],"inLanguage":"en-US"},{"@type":"Organization","@id":"https:\/\/julesverne.com.tr\/#organization","name":"JULES VERNE BUSINESS MICE TRAVEL","url":"https:\/\/julesverne.com.tr\/","logo":{"@type":"ImageObject","inLanguage":"en-US","@id":"https:\/\/julesverne.com.tr\/#\/schema\/logo\/image\/","url":"https:\/\/julesverne.com.tr\/wp-content\/uploads\/2020\/09\/jv-bmt-logo.png","contentUrl":"https:\/\/julesverne.com.tr\/wp-content\/uploads\/2020\/09\/jv-bmt-logo.png","width":110,"height":81,"caption":"JULES VERNE BUSINESS MICE TRAVEL"},"image":{"@id":"https:\/\/julesverne.com.tr\/#\/schema\/logo\/image\/"},"sameAs":["https:\/\/www.facebook.com\/JulesVerneBusinessMiceTravel\/","https:\/\/twitter.com\/JV_BusinessMice","https:\/\/www.instagram.com\/julesvernebusinessmicetravel\/","https:\/\/www.linkedin.com\/company\/julesvernebusinessmicetravel\/","https:\/\/www.youtube.com\/channel\/UCAwdsmbZ6tFhu1tea6pkpiw"]},{"@type":"Person","@id":"https:\/\/julesverne.com.tr\/#\/schema\/person\/f4eb0514ae455538644c31b99a466fdb","name":"fikirman","sameAs":["http:\/\/advermedya.net\/julesverne"],"url":"https:\/\/julesverne.com.tr\/en\/author\/fikirman\/"}]}},"_links":{"self":[{"href":"https:\/\/julesverne.com.tr\/en\/wp-json\/wp\/v2\/posts\/1853"}],"collection":[{"href":"https:\/\/julesverne.com.tr\/en\/wp-json\/wp\/v2\/posts"}],"about":[{"href":"https:\/\/julesverne.com.tr\/en\/wp-json\/wp\/v2\/types\/post"}],"author":[{"embeddable":true,"href":"https:\/\/julesverne.com.tr\/en\/wp-json\/wp\/v2\/users\/1"}],"replies":[{"embeddable":true,"href":"https:\/\/julesverne.com.tr\/en\/wp-json\/wp\/v2\/comments?post=1853"}],"version-history":[{"count":0,"href":"https:\/\/julesverne.com.tr\/en\/wp-json\/wp\/v2\/posts\/1853\/revisions"}],"wp:featuredmedia":[{"embeddable":true,"href":"https:\/\/julesverne.com.tr\/en\/wp-json\/wp\/v2\/media\/1854"}],"wp:attachment":[{"href":"https:\/\/julesverne.com.tr\/en\/wp-json\/wp\/v2\/media?parent=1853"}],"wp:term":[{"taxonomy":"category","embeddable":true,"href":"https:\/\/julesverne.com.tr\/en\/wp-json\/wp\/v2\/categories?post=1853"},{"taxonomy":"post_tag","embeddable":true,"href":"https:\/\/julesverne.com.tr\/en\/wp-json\/wp\/v2\/tags?post=1853"}],"curies":[{"name":"wp","href":"https:\/\/api.w.org\/{rel}","templated":true}]}}