{"id":1843,"date":"2017-12-13T15:27:22","date_gmt":"2017-12-13T12:27:22","guid":{"rendered":"https:\/\/www.julesverne.com.tr\/\/blog\/2018i-muzik-ve-eglenceyle-karsilayacaginiz-en-ozel-oneriler\/"},"modified":"2021-03-04T15:23:10","modified_gmt":"2021-03-04T12:23:10","slug":"2018i-muzik-ve-eglenceyle-karsilayacaginiz-en-ozel-oneriler","status":"publish","type":"post","link":"https:\/\/julesverne.com.tr\/en\/travel-blog\/2018i-muzik-ve-eglenceyle-karsilayacaginiz-en-ozel-oneriler\/","title":{"rendered":"2018\u2019i M\u00fczik ve E\u011flenceyle Kar\u015f\u0131layaca\u011f\u0131n\u0131z En \u00d6zel \u00d6neriler"},"content":{"rendered":"<p><p style=\"text-align: center;\"><img loading=\"lazy\" decoding=\"async\" class=\"alignnone size-full wp-image-5201\" src=\"https:\/\/www.julesverne.com.tr\/\/wp-content\/uploads\/2020\/09\/2018_ucak-1.jpg\" width=\"1279\" height=\"789\" alt=\"2018_y\u0131lba\u015f\u0131_seyahat_&ouml;nerileri\" srcset=\"https:\/\/julesverne.com.tr\/wp-content\/uploads\/2020\/09\/2018_ucak-1.jpg 1279w, https:\/\/julesverne.com.tr\/wp-content\/uploads\/2020\/09\/2018_ucak-1-500x308.jpg 500w, https:\/\/julesverne.com.tr\/wp-content\/uploads\/2020\/09\/2018_ucak-1-768x474.jpg 768w\" sizes=\"(max-width: 1279px) 100vw, 1279px\" \/><\/p>\n<p>Yeni y\u0131la &ccedil;ok az kald\u0131. Zaman darald\u0131 ve siz hala 3 g&uuml;nl&uuml;k Y\u0131lba\u015f\u0131 tatilinde nereye gidece\u011finize karar veremediyseniz T&uuml;rkiye&rsquo;nin farkl\u0131 noktalar\u0131ndaki y\u0131lba\u015f\u0131 &ouml;nerilerimizi okumal\u0131s\u0131n\u0131z! Yeni y\u0131l\u0131 karl\u0131 tepelerde, \u015f&ouml;mine ate\u015finin ba\u015f\u0131nda ge&ccedil;irmek isteyenler kadar deniz k\u0131y\u0131s\u0131nda, s\u0131cak havan\u0131n keyfini s&uuml;rmek isteyenler de var, biliyoruz&hellip; Herkesin zevkine hitap edecek, 2018&rsquo;e enerji dolu girece\u011finiz e\u011flencesi de dinlencesi de bol, farkl\u0131 &ouml;neriler sunmak istedik. <strong>Tarkan, Funda Arar, Kubat, Muazzez Ersoy, Tar\u0131k Sezer ve Orkestras\u0131, Copeart Orkestras\u0131 ve daha fazlas\u0131 bu y\u0131lba\u015f\u0131na renk ve m&uuml;zik katacak!<\/strong> T&uuml;rkiye&rsquo;nin farkl\u0131 destinasyonlar\u0131nda yeni y\u0131l\u0131 kar\u015f\u0131lamak isteyenler i&ccedil;in se&ccedil;ti\u011fimiz &ouml;neriler&hellip;<\/p>\n<p>Unutmay\u0131n, yeni y\u0131la nas\u0131l girerseniz t&uuml;m y\u0131l\u0131n\u0131z &ouml;yle ge&ccedil;er&hellip; 2017&rsquo;ye yeni bir destinasyonda veda edin ve 2018&rsquo;i e\u011flenceli, farkl\u0131 ve unutulmaz an\u0131larla kar\u015f\u0131lay\u0131n!<\/p>\n<h3><a href=\"..\/..\/bizden-haberler\/kayak-otelleri-yilbasi-programlari\" target=\"_blank\" rel=\"noopener noreferrer\"><strong>Kayak Otelleri Y\u0131lba\u015f\u0131 Programlar\u0131 i&ccedil;in t\u0131klay\u0131n!<\/strong><\/a><\/h3>\n<p>Yeni y\u0131lda beyazla kaplanan &ccedil;at\u0131lar, beyaz &ouml;rt&uuml;l&uuml; &ccedil;am a\u011fa&ccedil;lar\u0131 hayalinizdeki g&ouml;r&uuml;nt&uuml;yse bu y\u0131lba\u015f\u0131n\u0131 T&uuml;rkiye&rsquo;nin g&ouml;zde kayak merkezleri Uluda\u011f veya Kartalkaya&rsquo;da ge&ccedil;irmelisiniz. \u015e&ouml;mine ba\u015f\u0131nda oturup s\u0131cak &ccedil;ikolatan\u0131z\u0131 i&ccedil;mek, g&uuml;nd&uuml;zleri kayak yapmak, ate\u015f ba\u015f\u0131nda e\u011flenmek ve &ccedil;ok daha fazlas\u0131 sizi bekliyor.<\/p>\n<p><strong><img loading=\"lazy\" decoding=\"async\" class=\"alignnone size-full wp-image-5202\" src=\"https:\/\/www.julesverne.com.tr\/\/wp-content\/uploads\/2020\/09\/2018_yeniyil.jpg\" width=\"740\" height=\"493\" alt=\"\" srcset=\"https:\/\/julesverne.com.tr\/wp-content\/uploads\/2020\/09\/2018_yeniyil.jpg 740w, https:\/\/julesverne.com.tr\/wp-content\/uploads\/2020\/09\/2018_yeniyil-500x333.jpg 500w\" sizes=\"(max-width: 740px) 100vw, 740px\" \/><\/strong><\/p>\n<h3><a href=\"..\/..\/bizden-haberler\/kibris-otelleri-yilbasi-programlari\" target=\"_blank\" rel=\"noopener noreferrer\"><strong>K\u0131br\u0131s Otelleri Y\u0131lba\u015f\u0131 Programlar\u0131 i&ccedil;in t\u0131klay\u0131n!<\/strong><\/a><\/h3>\n<p>L&uuml;ks otelleri ve her zaman ad\u0131ndan s&ouml;z ettiren Y\u0131lba\u015f\u0131 kutlamalar\u0131yla bu y\u0131l da K\u0131br\u0131s heyecan verici. Tarkan&rsquo;dan Funda Arar&rsquo;a, Muazzez Ersoy&rsquo;dan Kubat ve Fatih &Uuml;rek&rsquo;e kadar T&uuml;rk m&uuml;zi\u011finin en g&uuml;&ccedil;l&uuml; isimleri bu y\u0131lba\u015f\u0131 K\u0131br\u0131s&rsquo;ta! 29 Aral\u0131k 2017 &ndash; 1 Ocak 2018 tarihi i&ccedil;in ge&ccedil;erli olan, 3 gece konaklamal\u0131 farkl\u0131 Y\u0131lba\u015f\u0131 programlar\u0131 neler mi dersiniz?<\/p>\n<p style=\"text-align: center;\"><strong><img loading=\"lazy\" decoding=\"async\" class=\"alignnone size-full wp-image-5203\" src=\"https:\/\/www.julesverne.com.tr\/\/wp-content\/uploads\/2020\/09\/kibris_genel.jpg\" width=\"740\" height=\"451\" alt=\"\" srcset=\"https:\/\/julesverne.com.tr\/wp-content\/uploads\/2020\/09\/kibris_genel.jpg 740w, https:\/\/julesverne.com.tr\/wp-content\/uploads\/2020\/09\/kibris_genel-500x305.jpg 500w\" sizes=\"(max-width: 740px) 100vw, 740px\" \/><\/strong><\/p>\n<h3><a href=\"..\/..\/bizden-haberler\/dogayla-ic-ice-olacaginiz-yilbasi-programlari\" target=\"_blank\" rel=\"noopener noreferrer\"><strong>Do\u011fayla i&ccedil; i&ccedil;e olaca\u011f\u0131n\u0131z Y\u0131lba\u015f\u0131 Programlar\u0131 i&ccedil;in t\u0131klay\u0131n!<\/strong><\/a><\/h3>\n<p>Yeni y\u0131l\u0131 kendine has ya\u015fam stili olan, do\u011fadan kopmayan ve ilham\u0131n\u0131 do\u011fadan alan destinasyonlarda ge&ccedil;irmek istiyorsan\u0131z stil sahibi oteller birbirinden g&uuml;zel y\u0131lba\u015f\u0131 programlar\u0131yla kar\u015f\u0131n\u0131zda. Kapadokya&rsquo;dan Kazda\u011flar\u0131&rsquo;na; Assos&rsquo;tan A\u011fva&rsquo;ya uzanan &ouml;neriler&hellip;<\/p>\n<p style=\"text-align: center;\"><img loading=\"lazy\" decoding=\"async\" class=\"alignnone size-full wp-image-5204\" src=\"https:\/\/www.julesverne.com.tr\/\/wp-content\/uploads\/2020\/09\/kapadokya_low-1.jpg\" width=\"1280\" height=\"833\" alt=\"Kapadokya\" srcset=\"https:\/\/julesverne.com.tr\/wp-content\/uploads\/2020\/09\/kapadokya_low-1.jpg 1280w, https:\/\/julesverne.com.tr\/wp-content\/uploads\/2020\/09\/kapadokya_low-1-500x325.jpg 500w, https:\/\/julesverne.com.tr\/wp-content\/uploads\/2020\/09\/kapadokya_low-1-768x500.jpg 768w\" sizes=\"(max-width: 1280px) 100vw, 1280px\" \/><\/p>\n<p>&nbsp;<\/p><\/p>\n","protected":false},"excerpt":{"rendered":"<p>Yeni y\u0131la &ccedil;ok az kald\u0131. Zaman darald\u0131 ve siz hala 3 g&uuml;nl&uuml;k Y\u0131lba\u015f\u0131 tatilinde nereye gidece\u011finize karar veremediyseniz T&uuml;rkiye&rsquo;nin farkl\u0131 noktalar\u0131ndaki y\u0131lba\u015f\u0131 &ouml;nerilerimizi okumal\u0131s\u0131n\u0131z! Yeni y\u0131l\u0131 karl\u0131 tepelerde, \u015f&ouml;mine ate\u015finin ba\u015f\u0131nda ge&ccedil;irmek isteyenler kadar deniz k\u0131y\u0131s\u0131nda, s\u0131cak havan\u0131n keyfini s&uuml;rmek isteyenler de var. T&uuml;rkiye&rsquo;nin farkl\u0131 destinasyonlar\u0131nda yeni y\u0131l\u0131 kar\u015f\u0131lamak isteyenler i&ccedil;in se&ccedil;ti\u011fimiz &ouml;neriler&hellip;<\/p>\n","protected":false},"author":1,"featured_media":1844,"comment_status":"closed","ping_status":"closed","sticky":false,"template":"","format":"standard","meta":{"inline_featured_image":false,"footnotes":""},"categories":[38,1,39],"tags":[],"acf":[],"yoast_head":"<!-- This site is optimized with the Yoast SEO plugin v22.3 - https:\/\/yoast.com\/wordpress\/plugins\/seo\/ -->\n<title>2018\u2019i M\u00fczik ve E\u011flenceyle Kar\u015f\u0131layaca\u011f\u0131n\u0131z En \u00d6zel \u00d6neriler - JULES VERNE BUSINESS MICE TRAVEL<\/title>\n<meta name=\"robots\" content=\"index, follow, max-snippet:-1, max-image-preview:large, max-video-preview:-1\" \/>\n<link rel=\"canonical\" href=\"https:\/\/julesverne.com.tr\/travel-blog\/2018i-muzik-ve-eglenceyle-karsilayacaginiz-en-ozel-oneriler\/\" \/>\n<meta property=\"og:locale\" content=\"en_US\" \/>\n<meta property=\"og:type\" content=\"article\" \/>\n<meta property=\"og:title\" content=\"2018\u2019i M\u00fczik ve E\u011flenceyle Kar\u015f\u0131layaca\u011f\u0131n\u0131z En \u00d6zel \u00d6neriler - JULES VERNE BUSINESS MICE TRAVEL\" \/>\n<meta property=\"og:description\" content=\"Yeni y\u0131la &ccedil;ok az kald\u0131. Zaman darald\u0131 ve siz hala 3 g&uuml;nl&uuml;k Y\u0131lba\u015f\u0131 tatilinde nereye gidece\u011finize karar veremediyseniz T&uuml;rkiye&rsquo;nin farkl\u0131 noktalar\u0131ndaki y\u0131lba\u015f\u0131 &ouml;nerilerimizi okumal\u0131s\u0131n\u0131z! Yeni y\u0131l\u0131 karl\u0131 tepelerde, \u015f&ouml;mine ate\u015finin ba\u015f\u0131nda ge&ccedil;irmek isteyenler kadar deniz k\u0131y\u0131s\u0131nda, s\u0131cak havan\u0131n keyfini s&uuml;rmek isteyenler de var. T&uuml;rkiye&rsquo;nin farkl\u0131 destinasyonlar\u0131nda yeni y\u0131l\u0131 kar\u015f\u0131lamak isteyenler i&ccedil;in se&ccedil;ti\u011fimiz &ouml;neriler&hellip;\" \/>\n<meta property=\"og:url\" content=\"https:\/\/julesverne.com.tr\/travel-blog\/2018i-muzik-ve-eglenceyle-karsilayacaginiz-en-ozel-oneriler\/\" \/>\n<meta property=\"og:site_name\" content=\"JULES VERNE BUSINESS MICE TRAVEL\" \/>\n<meta property=\"article:publisher\" content=\"https:\/\/www.facebook.com\/JulesVerneBusinessMiceTravel\/\" \/>\n<meta property=\"article:published_time\" content=\"2017-12-13T12:27:22+00:00\" \/>\n<meta property=\"article:modified_time\" content=\"2021-03-04T12:23:10+00:00\" \/>\n<meta property=\"og:image\" content=\"https:\/\/julesverne.com.tr\/wp-content\/uploads\/2020\/09\/2018_ucak.JPG\" \/>\n\t<meta property=\"og:image:width\" content=\"1279\" \/>\n\t<meta property=\"og:image:height\" content=\"789\" \/>\n\t<meta property=\"og:image:type\" content=\"image\/jpeg\" \/>\n<meta name=\"author\" content=\"fikirman\" \/>\n<meta name=\"twitter:card\" content=\"summary_large_image\" \/>\n<meta name=\"twitter:creator\" content=\"@JV_BusinessMice\" \/>\n<meta name=\"twitter:site\" content=\"@JV_BusinessMice\" \/>\n<meta name=\"twitter:label1\" content=\"Written by\" \/>\n\t<meta name=\"twitter:data1\" content=\"fikirman\" \/>\n\t<meta name=\"twitter:label2\" content=\"Est. reading time\" \/>\n\t<meta name=\"twitter:data2\" content=\"2 minutes\" \/>\n<script type=\"application\/ld+json\" class=\"yoast-schema-graph\">{\"@context\":\"https:\/\/schema.org\",\"@graph\":[{\"@type\":\"Article\",\"@id\":\"https:\/\/julesverne.com.tr\/travel-blog\/2018i-muzik-ve-eglenceyle-karsilayacaginiz-en-ozel-oneriler\/#article\",\"isPartOf\":{\"@id\":\"https:\/\/julesverne.com.tr\/travel-blog\/2018i-muzik-ve-eglenceyle-karsilayacaginiz-en-ozel-oneriler\/\"},\"author\":{\"name\":\"fikirman\",\"@id\":\"https:\/\/julesverne.com.tr\/#\/schema\/person\/f4eb0514ae455538644c31b99a466fdb\"},\"headline\":\"2018\u2019i M\u00fczik ve E\u011flenceyle Kar\u015f\u0131layaca\u011f\u0131n\u0131z En \u00d6zel \u00d6neriler\",\"datePublished\":\"2017-12-13T12:27:22+00:00\",\"dateModified\":\"2021-03-04T12:23:10+00:00\",\"mainEntityOfPage\":{\"@id\":\"https:\/\/julesverne.com.tr\/travel-blog\/2018i-muzik-ve-eglenceyle-karsilayacaginiz-en-ozel-oneriler\/\"},\"wordCount\":470,\"publisher\":{\"@id\":\"https:\/\/julesverne.com.tr\/#organization\"},\"image\":{\"@id\":\"https:\/\/julesverne.com.tr\/travel-blog\/2018i-muzik-ve-eglenceyle-karsilayacaginiz-en-ozel-oneriler\/#primaryimage\"},\"thumbnailUrl\":\"https:\/\/julesverne.com.tr\/wp-content\/uploads\/2020\/09\/2018_ucak.JPG\",\"articleSection\":[\"\u0130lham Veren Destinasyonlar\",\"Blog\",\"Nereye Gitsek?\"],\"inLanguage\":\"en-US\"},{\"@type\":\"WebPage\",\"@id\":\"https:\/\/julesverne.com.tr\/travel-blog\/2018i-muzik-ve-eglenceyle-karsilayacaginiz-en-ozel-oneriler\/\",\"url\":\"https:\/\/julesverne.com.tr\/travel-blog\/2018i-muzik-ve-eglenceyle-karsilayacaginiz-en-ozel-oneriler\/\",\"name\":\"2018\u2019i M\u00fczik ve E\u011flenceyle Kar\u015f\u0131layaca\u011f\u0131n\u0131z En \u00d6zel \u00d6neriler - JULES VERNE BUSINESS MICE TRAVEL\",\"isPartOf\":{\"@id\":\"https:\/\/julesverne.com.tr\/#website\"},\"primaryImageOfPage\":{\"@id\":\"https:\/\/julesverne.com.tr\/travel-blog\/2018i-muzik-ve-eglenceyle-karsilayacaginiz-en-ozel-oneriler\/#primaryimage\"},\"image\":{\"@id\":\"https:\/\/julesverne.com.tr\/travel-blog\/2018i-muzik-ve-eglenceyle-karsilayacaginiz-en-ozel-oneriler\/#primaryimage\"},\"thumbnailUrl\":\"https:\/\/julesverne.com.tr\/wp-content\/uploads\/2020\/09\/2018_ucak.JPG\",\"datePublished\":\"2017-12-13T12:27:22+00:00\",\"dateModified\":\"2021-03-04T12:23:10+00:00\",\"breadcrumb\":{\"@id\":\"https:\/\/julesverne.com.tr\/travel-blog\/2018i-muzik-ve-eglenceyle-karsilayacaginiz-en-ozel-oneriler\/#breadcrumb\"},\"inLanguage\":\"en-US\",\"potentialAction\":[{\"@type\":\"ReadAction\",\"target\":[\"https:\/\/julesverne.com.tr\/travel-blog\/2018i-muzik-ve-eglenceyle-karsilayacaginiz-en-ozel-oneriler\/\"]}]},{\"@type\":\"ImageObject\",\"inLanguage\":\"en-US\",\"@id\":\"https:\/\/julesverne.com.tr\/travel-blog\/2018i-muzik-ve-eglenceyle-karsilayacaginiz-en-ozel-oneriler\/#primaryimage\",\"url\":\"https:\/\/julesverne.com.tr\/wp-content\/uploads\/2020\/09\/2018_ucak.JPG\",\"contentUrl\":\"https:\/\/julesverne.com.tr\/wp-content\/uploads\/2020\/09\/2018_ucak.JPG\",\"width\":1279,\"height\":789},{\"@type\":\"BreadcrumbList\",\"@id\":\"https:\/\/julesverne.com.tr\/travel-blog\/2018i-muzik-ve-eglenceyle-karsilayacaginiz-en-ozel-oneriler\/#breadcrumb\",\"itemListElement\":[{\"@type\":\"ListItem\",\"position\":1,\"name\":\"Anasayfa\",\"item\":\"https:\/\/julesverne.com.tr\/\"},{\"@type\":\"ListItem\",\"position\":2,\"name\":\"2018\u2019i M\u00fczik ve E\u011flenceyle Kar\u015f\u0131layaca\u011f\u0131n\u0131z En \u00d6zel \u00d6neriler\"}]},{\"@type\":\"WebSite\",\"@id\":\"https:\/\/julesverne.com.tr\/#website\",\"url\":\"https:\/\/julesverne.com.tr\/\",\"name\":\"JULES VERNE BUSINESS MICE TRAVEL\",\"description\":\"\",\"publisher\":{\"@id\":\"https:\/\/julesverne.com.tr\/#organization\"},\"potentialAction\":[{\"@type\":\"SearchAction\",\"target\":{\"@type\":\"EntryPoint\",\"urlTemplate\":\"https:\/\/julesverne.com.tr\/?s={search_term_string}\"},\"query-input\":\"required name=search_term_string\"}],\"inLanguage\":\"en-US\"},{\"@type\":\"Organization\",\"@id\":\"https:\/\/julesverne.com.tr\/#organization\",\"name\":\"JULES VERNE BUSINESS MICE TRAVEL\",\"url\":\"https:\/\/julesverne.com.tr\/\",\"logo\":{\"@type\":\"ImageObject\",\"inLanguage\":\"en-US\",\"@id\":\"https:\/\/julesverne.com.tr\/#\/schema\/logo\/image\/\",\"url\":\"https:\/\/julesverne.com.tr\/wp-content\/uploads\/2020\/09\/jv-bmt-logo.png\",\"contentUrl\":\"https:\/\/julesverne.com.tr\/wp-content\/uploads\/2020\/09\/jv-bmt-logo.png\",\"width\":110,\"height\":81,\"caption\":\"JULES VERNE BUSINESS MICE TRAVEL\"},\"image\":{\"@id\":\"https:\/\/julesverne.com.tr\/#\/schema\/logo\/image\/\"},\"sameAs\":[\"https:\/\/www.facebook.com\/JulesVerneBusinessMiceTravel\/\",\"https:\/\/twitter.com\/JV_BusinessMice\",\"https:\/\/www.instagram.com\/julesvernebusinessmicetravel\/\",\"https:\/\/www.linkedin.com\/company\/julesvernebusinessmicetravel\/\",\"https:\/\/www.youtube.com\/channel\/UCAwdsmbZ6tFhu1tea6pkpiw\"]},{\"@type\":\"Person\",\"@id\":\"https:\/\/julesverne.com.tr\/#\/schema\/person\/f4eb0514ae455538644c31b99a466fdb\",\"name\":\"fikirman\",\"sameAs\":[\"http:\/\/advermedya.net\/julesverne\"],\"url\":\"https:\/\/julesverne.com.tr\/en\/author\/fikirman\/\"}]}<\/script>\n<!-- \/ Yoast SEO plugin. -->","yoast_head_json":{"title":"2018\u2019i M\u00fczik ve E\u011flenceyle Kar\u015f\u0131layaca\u011f\u0131n\u0131z En \u00d6zel \u00d6neriler - JULES VERNE BUSINESS MICE TRAVEL","robots":{"index":"index","follow":"follow","max-snippet":"max-snippet:-1","max-image-preview":"max-image-preview:large","max-video-preview":"max-video-preview:-1"},"canonical":"https:\/\/julesverne.com.tr\/travel-blog\/2018i-muzik-ve-eglenceyle-karsilayacaginiz-en-ozel-oneriler\/","og_locale":"en_US","og_type":"article","og_title":"2018\u2019i M\u00fczik ve E\u011flenceyle Kar\u015f\u0131layaca\u011f\u0131n\u0131z En \u00d6zel \u00d6neriler - JULES VERNE BUSINESS MICE TRAVEL","og_description":"Yeni y\u0131la &ccedil;ok az kald\u0131. Zaman darald\u0131 ve siz hala 3 g&uuml;nl&uuml;k Y\u0131lba\u015f\u0131 tatilinde nereye gidece\u011finize karar veremediyseniz T&uuml;rkiye&rsquo;nin farkl\u0131 noktalar\u0131ndaki y\u0131lba\u015f\u0131 &ouml;nerilerimizi okumal\u0131s\u0131n\u0131z! Yeni y\u0131l\u0131 karl\u0131 tepelerde, \u015f&ouml;mine ate\u015finin ba\u015f\u0131nda ge&ccedil;irmek isteyenler kadar deniz k\u0131y\u0131s\u0131nda, s\u0131cak havan\u0131n keyfini s&uuml;rmek isteyenler de var. T&uuml;rkiye&rsquo;nin farkl\u0131 destinasyonlar\u0131nda yeni y\u0131l\u0131 kar\u015f\u0131lamak isteyenler i&ccedil;in se&ccedil;ti\u011fimiz &ouml;neriler&hellip;","og_url":"https:\/\/julesverne.com.tr\/travel-blog\/2018i-muzik-ve-eglenceyle-karsilayacaginiz-en-ozel-oneriler\/","og_site_name":"JULES VERNE BUSINESS MICE TRAVEL","article_publisher":"https:\/\/www.facebook.com\/JulesVerneBusinessMiceTravel\/","article_published_time":"2017-12-13T12:27:22+00:00","article_modified_time":"2021-03-04T12:23:10+00:00","og_image":[{"width":1279,"height":789,"url":"https:\/\/julesverne.com.tr\/wp-content\/uploads\/2020\/09\/2018_ucak.JPG","type":"image\/jpeg"}],"author":"fikirman","twitter_card":"summary_large_image","twitter_creator":"@JV_BusinessMice","twitter_site":"@JV_BusinessMice","twitter_misc":{"Written by":"fikirman","Est. reading time":"2 minutes"},"schema":{"@context":"https:\/\/schema.org","@graph":[{"@type":"Article","@id":"https:\/\/julesverne.com.tr\/travel-blog\/2018i-muzik-ve-eglenceyle-karsilayacaginiz-en-ozel-oneriler\/#article","isPartOf":{"@id":"https:\/\/julesverne.com.tr\/travel-blog\/2018i-muzik-ve-eglenceyle-karsilayacaginiz-en-ozel-oneriler\/"},"author":{"name":"fikirman","@id":"https:\/\/julesverne.com.tr\/#\/schema\/person\/f4eb0514ae455538644c31b99a466fdb"},"headline":"2018\u2019i M\u00fczik ve E\u011flenceyle Kar\u015f\u0131layaca\u011f\u0131n\u0131z En \u00d6zel \u00d6neriler","datePublished":"2017-12-13T12:27:22+00:00","dateModified":"2021-03-04T12:23:10+00:00","mainEntityOfPage":{"@id":"https:\/\/julesverne.com.tr\/travel-blog\/2018i-muzik-ve-eglenceyle-karsilayacaginiz-en-ozel-oneriler\/"},"wordCount":470,"publisher":{"@id":"https:\/\/julesverne.com.tr\/#organization"},"image":{"@id":"https:\/\/julesverne.com.tr\/travel-blog\/2018i-muzik-ve-eglenceyle-karsilayacaginiz-en-ozel-oneriler\/#primaryimage"},"thumbnailUrl":"https:\/\/julesverne.com.tr\/wp-content\/uploads\/2020\/09\/2018_ucak.JPG","articleSection":["\u0130lham Veren Destinasyonlar","Blog","Nereye Gitsek?"],"inLanguage":"en-US"},{"@type":"WebPage","@id":"https:\/\/julesverne.com.tr\/travel-blog\/2018i-muzik-ve-eglenceyle-karsilayacaginiz-en-ozel-oneriler\/","url":"https:\/\/julesverne.com.tr\/travel-blog\/2018i-muzik-ve-eglenceyle-karsilayacaginiz-en-ozel-oneriler\/","name":"2018\u2019i M\u00fczik ve E\u011flenceyle Kar\u015f\u0131layaca\u011f\u0131n\u0131z En \u00d6zel \u00d6neriler - JULES VERNE BUSINESS MICE TRAVEL","isPartOf":{"@id":"https:\/\/julesverne.com.tr\/#website"},"primaryImageOfPage":{"@id":"https:\/\/julesverne.com.tr\/travel-blog\/2018i-muzik-ve-eglenceyle-karsilayacaginiz-en-ozel-oneriler\/#primaryimage"},"image":{"@id":"https:\/\/julesverne.com.tr\/travel-blog\/2018i-muzik-ve-eglenceyle-karsilayacaginiz-en-ozel-oneriler\/#primaryimage"},"thumbnailUrl":"https:\/\/julesverne.com.tr\/wp-content\/uploads\/2020\/09\/2018_ucak.JPG","datePublished":"2017-12-13T12:27:22+00:00","dateModified":"2021-03-04T12:23:10+00:00","breadcrumb":{"@id":"https:\/\/julesverne.com.tr\/travel-blog\/2018i-muzik-ve-eglenceyle-karsilayacaginiz-en-ozel-oneriler\/#breadcrumb"},"inLanguage":"en-US","potentialAction":[{"@type":"ReadAction","target":["https:\/\/julesverne.com.tr\/travel-blog\/2018i-muzik-ve-eglenceyle-karsilayacaginiz-en-ozel-oneriler\/"]}]},{"@type":"ImageObject","inLanguage":"en-US","@id":"https:\/\/julesverne.com.tr\/travel-blog\/2018i-muzik-ve-eglenceyle-karsilayacaginiz-en-ozel-oneriler\/#primaryimage","url":"https:\/\/julesverne.com.tr\/wp-content\/uploads\/2020\/09\/2018_ucak.JPG","contentUrl":"https:\/\/julesverne.com.tr\/wp-content\/uploads\/2020\/09\/2018_ucak.JPG","width":1279,"height":789},{"@type":"BreadcrumbList","@id":"https:\/\/julesverne.com.tr\/travel-blog\/2018i-muzik-ve-eglenceyle-karsilayacaginiz-en-ozel-oneriler\/#breadcrumb","itemListElement":[{"@type":"ListItem","position":1,"name":"Anasayfa","item":"https:\/\/julesverne.com.tr\/"},{"@type":"ListItem","position":2,"name":"2018\u2019i M\u00fczik ve E\u011flenceyle Kar\u015f\u0131layaca\u011f\u0131n\u0131z En \u00d6zel \u00d6neriler"}]},{"@type":"WebSite","@id":"https:\/\/julesverne.com.tr\/#website","url":"https:\/\/julesverne.com.tr\/","name":"JULES VERNE BUSINESS MICE TRAVEL","description":"","publisher":{"@id":"https:\/\/julesverne.com.tr\/#organization"},"potentialAction":[{"@type":"SearchAction","target":{"@type":"EntryPoint","urlTemplate":"https:\/\/julesverne.com.tr\/?s={search_term_string}"},"query-input":"required name=search_term_string"}],"inLanguage":"en-US"},{"@type":"Organization","@id":"https:\/\/julesverne.com.tr\/#organization","name":"JULES VERNE BUSINESS MICE TRAVEL","url":"https:\/\/julesverne.com.tr\/","logo":{"@type":"ImageObject","inLanguage":"en-US","@id":"https:\/\/julesverne.com.tr\/#\/schema\/logo\/image\/","url":"https:\/\/julesverne.com.tr\/wp-content\/uploads\/2020\/09\/jv-bmt-logo.png","contentUrl":"https:\/\/julesverne.com.tr\/wp-content\/uploads\/2020\/09\/jv-bmt-logo.png","width":110,"height":81,"caption":"JULES VERNE BUSINESS MICE TRAVEL"},"image":{"@id":"https:\/\/julesverne.com.tr\/#\/schema\/logo\/image\/"},"sameAs":["https:\/\/www.facebook.com\/JulesVerneBusinessMiceTravel\/","https:\/\/twitter.com\/JV_BusinessMice","https:\/\/www.instagram.com\/julesvernebusinessmicetravel\/","https:\/\/www.linkedin.com\/company\/julesvernebusinessmicetravel\/","https:\/\/www.youtube.com\/channel\/UCAwdsmbZ6tFhu1tea6pkpiw"]},{"@type":"Person","@id":"https:\/\/julesverne.com.tr\/#\/schema\/person\/f4eb0514ae455538644c31b99a466fdb","name":"fikirman","sameAs":["http:\/\/advermedya.net\/julesverne"],"url":"https:\/\/julesverne.com.tr\/en\/author\/fikirman\/"}]}},"_links":{"self":[{"href":"https:\/\/julesverne.com.tr\/en\/wp-json\/wp\/v2\/posts\/1843"}],"collection":[{"href":"https:\/\/julesverne.com.tr\/en\/wp-json\/wp\/v2\/posts"}],"about":[{"href":"https:\/\/julesverne.com.tr\/en\/wp-json\/wp\/v2\/types\/post"}],"author":[{"embeddable":true,"href":"https:\/\/julesverne.com.tr\/en\/wp-json\/wp\/v2\/users\/1"}],"replies":[{"embeddable":true,"href":"https:\/\/julesverne.com.tr\/en\/wp-json\/wp\/v2\/comments?post=1843"}],"version-history":[{"count":0,"href":"https:\/\/julesverne.com.tr\/en\/wp-json\/wp\/v2\/posts\/1843\/revisions"}],"wp:featuredmedia":[{"embeddable":true,"href":"https:\/\/julesverne.com.tr\/en\/wp-json\/wp\/v2\/media\/1844"}],"wp:attachment":[{"href":"https:\/\/julesverne.com.tr\/en\/wp-json\/wp\/v2\/media?parent=1843"}],"wp:term":[{"taxonomy":"category","embeddable":true,"href":"https:\/\/julesverne.com.tr\/en\/wp-json\/wp\/v2\/categories?post=1843"},{"taxonomy":"post_tag","embeddable":true,"href":"https:\/\/julesverne.com.tr\/en\/wp-json\/wp\/v2\/tags?post=1843"}],"curies":[{"name":"wp","href":"https:\/\/api.w.org\/{rel}","templated":true}]}}