{"id":1836,"date":"2017-12-06T12:34:38","date_gmt":"2017-12-06T09:34:38","guid":{"rendered":"https:\/\/www.julesverne.com.tr\/\/blog\/yilin-son-gunlerinin-tadini-seyahatle-cikarin\/"},"modified":"2021-03-04T15:23:35","modified_gmt":"2021-03-04T12:23:35","slug":"yilin-son-gunlerinin-tadini-seyahatle-cikarin","status":"publish","type":"post","link":"https:\/\/julesverne.com.tr\/en\/travel-blog\/yilin-son-gunlerinin-tadini-seyahatle-cikarin\/","title":{"rendered":"Y\u0131l\u0131n Son G\u00fcnlerinin Tad\u0131n\u0131 Seyahatle \u00c7\u0131kar\u0131n!"},"content":{"rendered":"<p><p style=\"text-align: left;\">&nbsp;<img loading=\"lazy\" decoding=\"async\" class=\"alignnone size-full wp-image-5238\" src=\"https:\/\/www.julesverne.com.tr\/\/wp-content\/uploads\/2020\/09\/kapak-8.jpg\" width=\"1273\" height=\"852\" alt=\"dresden\" srcset=\"https:\/\/julesverne.com.tr\/wp-content\/uploads\/2020\/09\/kapak-8.jpg 1273w, https:\/\/julesverne.com.tr\/wp-content\/uploads\/2020\/09\/kapak-8-500x335.jpg 500w, https:\/\/julesverne.com.tr\/wp-content\/uploads\/2020\/09\/kapak-8-768x514.jpg 768w\" sizes=\"(max-width: 1273px) 100vw, 1273px\" \/><\/p>\n<p class=\"MsoNormal\">Y\u0131l\u0131n en b&uuml;y&uuml;leyici zaman\u0131na geldik bile! Yeni heyecanlar\u0131n bizi bekledi\u011fi, ger&ccedil;ekle\u015ftirmek &uuml;zere yeni hayaller kurdu\u011fumuz, yeni kararlar ald\u0131\u011f\u0131m\u0131z Aral\u0131k ay\u0131nda yeni ke\u015fifler, yeni deneyimler yapaca\u011f\u0131n\u0131z &ouml;neriler haz\u0131rlad\u0131k. T&uuml;m \u015fehirlerin \u0131\u015f\u0131l \u0131\u015f\u0131l oldu\u011fu, 2017&#8217;nin son g&uuml;nlerinin keyfini sizinle birlikte s&uuml;relim. \u0130svi&ccedil;re&#8217;nin huzur ve l&uuml;ks \u015fehri Cenevre&#8217;den y&uuml;kselen kayak merkezi Bansko&#8217;ya; Almanya&#8217;n\u0131n romantik \u015fehri Dresden&#8217;den Bat\u0131 m&uuml;zi\u011finin efendisi Viyana&#8217;ya uzanan en g&uuml;zel destinasyon &ouml;nerileri sizinle&#8230;<\/p>\n<h3><strong>Viyana, AVUSTURYA<\/strong><\/h3>\n<p><strong><img loading=\"lazy\" decoding=\"async\" class=\"alignnone size-full wp-image-5239\" src=\"https:\/\/www.julesverne.com.tr\/\/wp-content\/uploads\/2020\/09\/christmasinvienna.jpeg\" width=\"838\" height=\"360\" alt=\"Viyana\" srcset=\"https:\/\/julesverne.com.tr\/wp-content\/uploads\/2020\/09\/christmasinvienna.jpeg 838w, https:\/\/julesverne.com.tr\/wp-content\/uploads\/2020\/09\/christmasinvienna-500x215.jpeg 500w, https:\/\/julesverne.com.tr\/wp-content\/uploads\/2020\/09\/christmasinvienna-768x330.jpeg 768w\" sizes=\"(max-width: 838px) 100vw, 838px\" \/><\/strong><\/p>\n<p>Klasik Bat\u0131 m&uuml;zi\u011fiyle dolup ta\u015fan; t&uuml;m d&uuml;nya sanat&ccedil;\u0131lar\u0131na ilham olan g&ouml;rkemli ve tarihi \u015fehir Viyana tek kelimeyle &ldquo;etkileyici.&rdquo; Vals, opera ve saraylar\u0131n \u015fehri Viyana&rsquo;n\u0131n meydanlar\u0131nda irili ufakl\u0131 onlarca Noel Pazar\u0131 kuruluyor. Bir ay boyunca bu pazarlar \u015fehri festival alan\u0131na d&ouml;n&uuml;\u015f&uuml;yor. Bu asil \u015fehri gezerken Viyana&rsquo;n\u0131n ruhunu da ya\u015famak i&ccedil;in ayn\u0131 asalete sahip bir otelde konaklamal\u0131s\u0131n\u0131z.&nbsp;<\/p>\n<p><img loading=\"lazy\" decoding=\"async\" class=\"alignnone size-full wp-image-5240\" src=\"https:\/\/www.julesverne.com.tr\/\/wp-content\/uploads\/2020\/09\/Palais_Hansen_Kempinski_viyana.jpg\" width=\"640\" height=\"459\" alt=\"Palais_hansen_kempinski\" srcset=\"https:\/\/julesverne.com.tr\/wp-content\/uploads\/2020\/09\/Palais_Hansen_Kempinski_viyana.jpg 640w, https:\/\/julesverne.com.tr\/wp-content\/uploads\/2020\/09\/Palais_Hansen_Kempinski_viyana-500x359.jpg 500w\" sizes=\"(max-width: 640px) 100vw, 640px\" \/><\/p>\n<p>Palais Hansen&rsquo;e d\u0131\u015far\u0131dan bakt\u0131\u011f\u0131n\u0131zda bile nefesiniz kesiliyor. 19.y&uuml;zy\u0131lda in\u015fa edilen Neo Klasik mimarinin ba\u015far\u0131l\u0131 &ouml;rne\u011fini olu\u015fturan otelde tarihi ihti\u015fam ile modern tasar\u0131m bulu\u015fuyor. \u015eehrin &uuml;nl&uuml; caddesi Ringstrasse &uuml;zerinde yer ald\u0131\u011f\u0131n\u0131 da ekleyelim.<\/p>\n<h3><strong>Cenevre, \u0130SV\u0130&Ccedil;RE<\/strong><\/h3>\n<p><img loading=\"lazy\" decoding=\"async\" class=\"alignnone size-full wp-image-5241\" src=\"https:\/\/www.julesverne.com.tr\/\/wp-content\/uploads\/2020\/09\/cenevre_christmas.jpg\" width=\"1280\" height=\"853\" alt=\"cenevre\" srcset=\"https:\/\/julesverne.com.tr\/wp-content\/uploads\/2020\/09\/cenevre_christmas.jpg 1280w, https:\/\/julesverne.com.tr\/wp-content\/uploads\/2020\/09\/cenevre_christmas-500x333.jpg 500w, https:\/\/julesverne.com.tr\/wp-content\/uploads\/2020\/09\/cenevre_christmas-768x512.jpg 768w\" sizes=\"(max-width: 1280px) 100vw, 1280px\" \/><\/p>\n<p>Leman G&ouml;l&uuml;&#8217;n&uuml;n e\u015fsiz manzaras\u0131n\u0131 f\u0131rsata &ccedil;evirerek, g&ouml;l etraf\u0131nda kurulan l&uuml;ks ve sakin ya\u015fam\u0131n adresi olan Cenevre, y\u0131l\u0131n her d&ouml;nemi karla kapl\u0131 Mont Blanc da\u011f\u0131n\u0131n heybetli g&ouml;r&uuml;nt&uuml;s&uuml;yle tam bir kartpostal\u0131 and\u0131r\u0131yor. Cenevre tam bir gastronomi dura\u011f\u0131. Michelin y\u0131ld\u0131zl\u0131 gurme restoranlardan, d&uuml;nya mutfaklar\u0131na, cafe&rsquo;lerden \u0130talyan dondurmac\u0131lar\u0131na kadar her zevke uygun bir \u015feyler bulabilirsiniz. Bu l&uuml;ks \u015fehirde de tabi ki konaklayaca\u011f\u0131n\u0131z otelin standartlar\u0131 bir hayli y&uuml;ksek!&nbsp;<\/p>\n<p><img loading=\"lazy\" decoding=\"async\" class=\"alignnone size-full wp-image-5242\" src=\"https:\/\/www.julesverne.com.tr\/\/wp-content\/uploads\/2020\/09\/Grand_Hotel_Kempinski_cenevre.jpg\" width=\"1280\" height=\"720\" alt=\"Cenevre\" srcset=\"https:\/\/julesverne.com.tr\/wp-content\/uploads\/2020\/09\/Grand_Hotel_Kempinski_cenevre.jpg 1280w, https:\/\/julesverne.com.tr\/wp-content\/uploads\/2020\/09\/Grand_Hotel_Kempinski_cenevre-500x281.jpg 500w, https:\/\/julesverne.com.tr\/wp-content\/uploads\/2020\/09\/Grand_Hotel_Kempinski_cenevre-768x432.jpg 768w, https:\/\/julesverne.com.tr\/wp-content\/uploads\/2020\/09\/Grand_Hotel_Kempinski_cenevre-400x225.jpg 400w\" sizes=\"(max-width: 1280px) 100vw, 1280px\" \/><\/p>\n<p>G&ouml;l k\u0131y\u0131s\u0131nda ve \u015fehir merkezinde yer alan Grand Hotel Kempinski Geneva manzaras\u0131, \u015f\u0131k tasar\u0131m\u0131 ve geni\u015f odalar\u0131n\u0131n yan\u0131 s\u0131ra 3 farkl\u0131 ayr\u0131cal\u0131kl\u0131 gurme restoran\u0131yla ziyaret&ccedil;ilerin radar\u0131nda. K\u0131sacas\u0131: &#8220;\u015fehrin kalbindeki cennet.&#8221;<\/p>\n<h3><strong>Dresden, ALMANYA&nbsp;<\/strong><\/h3>\n<p><strong><img loading=\"lazy\" decoding=\"async\" class=\"alignnone size-full wp-image-5243\" src=\"https:\/\/www.julesverne.com.tr\/\/wp-content\/uploads\/2020\/09\/drssden_december.jpg\" width=\"800\" height=\"534\" alt=\"Dresden\" srcset=\"https:\/\/julesverne.com.tr\/wp-content\/uploads\/2020\/09\/drssden_december.jpg 800w, https:\/\/julesverne.com.tr\/wp-content\/uploads\/2020\/09\/drssden_december-500x334.jpg 500w, https:\/\/julesverne.com.tr\/wp-content\/uploads\/2020\/09\/drssden_december-768x513.jpg 768w\" sizes=\"(max-width: 800px) 100vw, 800px\" \/><\/strong><\/p>\n<p>Elbe nehrinin k\u0131y\u0131s\u0131nda, Almanya&#8217;n\u0131n &Ccedil;ek Cumhuriyeti ile olan s\u0131n\u0131r\u0131nda yer alan Dresden &#8220;romantik&#8221; s\u0131fat\u0131n\u0131 hak eden en g&uuml;zel \u015fehirlerden.&nbsp;Dresden etkileyici barok yap\u0131lar\u0131, faytonlar\u0131, arnavut kald\u0131r\u0131ml\u0131 sokaklar\u0131 ile adeta bir masal \u015fehri gibi. Aral\u0131k ay\u0131nda kurulan Avrupa&#8217;n\u0131n en eski ve en b&uuml;y&uuml;k Noel Pazar\u0131 ile&nbsp;Orta &Ccedil;a\u011f&#8217;\u0131 yeniden ya\u015farken, Noel ruhunu her sokak ve meydanda hissedebilirsiniz.<\/p>\n<p><img loading=\"lazy\" decoding=\"async\" class=\"alignnone size-full wp-image-5244\" src=\"https:\/\/www.julesverne.com.tr\/\/wp-content\/uploads\/2020\/09\/hotel-taschenbergpalais-kempinski-dresden-eisbahn.jpg\" width=\"1200\" height=\"675\" alt=\"dresden_kempinski\" srcset=\"https:\/\/julesverne.com.tr\/wp-content\/uploads\/2020\/09\/hotel-taschenbergpalais-kempinski-dresden-eisbahn.jpg 1200w, https:\/\/julesverne.com.tr\/wp-content\/uploads\/2020\/09\/hotel-taschenbergpalais-kempinski-dresden-eisbahn-500x281.jpg 500w, https:\/\/julesverne.com.tr\/wp-content\/uploads\/2020\/09\/hotel-taschenbergpalais-kempinski-dresden-eisbahn-768x432.jpg 768w, https:\/\/julesverne.com.tr\/wp-content\/uploads\/2020\/09\/hotel-taschenbergpalais-kempinski-dresden-eisbahn-400x225.jpg 400w\" sizes=\"(max-width: 1200px) 100vw, 1200px\" \/><\/p>\n<p>Bu g&uuml;zel \u015fehre gitti\u011finizde Dresden&#8217;in kalbindeki Hotel Taschenbergpalais&#8217;de kalabilirsiniz. 18. y&uuml;zy\u0131lda in\u015fa edilen ve 20.y&uuml;zy\u0131l sonunda renove edilen binada hizmet veren otel tarihi ihti\u015fam ile &ccedil;a\u011fda\u015f zarafetin g&uuml;zel bir kombinasyonu. Otelin i&ccedil;indeki \u0131\u015f\u0131l \u0131\u015f\u0131l buz pateni pisti, restoranlar\u0131 ve l&uuml;ks spa&#8217;s\u0131 da cabas\u0131!<\/p>\n<h3><strong>Dubai, BAE<\/strong><\/h3>\n<p style=\"text-align: center;\"><img loading=\"lazy\" decoding=\"async\" class=\"alignnone size-full wp-image-5245\" src=\"https:\/\/www.julesverne.com.tr\/\/wp-content\/uploads\/2020\/09\/Dubai-1-1.jpg\" width=\"1199\" height=\"900\" alt=\"Dubai\" srcset=\"https:\/\/julesverne.com.tr\/wp-content\/uploads\/2020\/09\/Dubai-1-1.jpg 1199w, https:\/\/julesverne.com.tr\/wp-content\/uploads\/2020\/09\/Dubai-1-1-500x375.jpg 500w, https:\/\/julesverne.com.tr\/wp-content\/uploads\/2020\/09\/Dubai-1-1-768x576.jpg 768w\" sizes=\"(max-width: 1199px) 100vw, 1199px\" \/><\/p>\n<p style=\"text-align: left;\">Her mevsim yaz\u0131 ya\u015famak isteyip; karl\u0131 romantik k\u0131\u015f manzaralar\u0131n\u0131 sadece kartpostallarda g&ouml;rmekten ho\u015flananlar i&ccedil;in Dubai tabi ki olduk&ccedil;a cazip bir teklif. &Ccedil;&ouml;l &uuml;zerine kurulan \u0131\u015f\u0131lt\u0131l\u0131 \u015fehirde Kempinski Hotel Mall of the Emirates arad\u0131\u011f\u0131n\u0131z t&uuml;m l&uuml;ks hizmeti vermeye haz\u0131r.<\/p>\n<p style=\"text-align: center;\"><img loading=\"lazy\" decoding=\"async\" class=\"alignnone size-full wp-image-5246\" src=\"https:\/\/www.julesverne.com.tr\/\/wp-content\/uploads\/2020\/09\/Kempinski_Hotel_Mall_of_the_Emirates.jpg\" width=\"1280\" height=\"720\" alt=\"Dubai\" srcset=\"https:\/\/julesverne.com.tr\/wp-content\/uploads\/2020\/09\/Kempinski_Hotel_Mall_of_the_Emirates.jpg 1280w, https:\/\/julesverne.com.tr\/wp-content\/uploads\/2020\/09\/Kempinski_Hotel_Mall_of_the_Emirates-500x281.jpg 500w, https:\/\/julesverne.com.tr\/wp-content\/uploads\/2020\/09\/Kempinski_Hotel_Mall_of_the_Emirates-768x432.jpg 768w, https:\/\/julesverne.com.tr\/wp-content\/uploads\/2020\/09\/Kempinski_Hotel_Mall_of_the_Emirates-400x225.jpg 400w\" sizes=\"(max-width: 1280px) 100vw, 1280px\" \/><\/p>\n<p style=\"text-align: left;\">Emirates Al\u0131\u015fveri\u015f Merkezi&#8217;nin biti\u015fi\u011finde yer alan l&uuml;ks otel, kapal\u0131 bir kayak pistine bakan \u015firin da\u011f evleriyle &uuml;nl&uuml;. L&uuml;ks mermer kapl\u0131 lobisinden 12 farkl\u0131 kategorideki \u015f\u0131k odalar\u0131na kadar her \u015feyin en iyisini bu otelde bulacaks\u0131n\u0131z. Otel b&uuml;nyesinde iddial\u0131 2 restoran\u0131n da oldu\u011funu unutmay\u0131n.<\/p>\n<h3 style=\"text-align: left;\"><strong>Berlin, ALMANYA<\/strong><\/h3>\n<p style=\"text-align: center;\"><strong><img loading=\"lazy\" decoding=\"async\" class=\"alignnone size-full wp-image-5247\" src=\"https:\/\/www.julesverne.com.tr\/\/wp-content\/uploads\/2020\/09\/Berlin_december.jpg\" width=\"1280\" height=\"606\" alt=\"Berlin\" srcset=\"https:\/\/julesverne.com.tr\/wp-content\/uploads\/2020\/09\/Berlin_december.jpg 1280w, https:\/\/julesverne.com.tr\/wp-content\/uploads\/2020\/09\/Berlin_december-500x237.jpg 500w, https:\/\/julesverne.com.tr\/wp-content\/uploads\/2020\/09\/Berlin_december-768x364.jpg 768w\" sizes=\"(max-width: 1280px) 100vw, 1280px\" \/><\/strong><\/p>\n<p style=\"text-align: left;\">Almanya&rsquo;n\u0131n uyumayan \u015fehri Berlin, ge&ccedil;mi\u015fte ya\u015fad\u0131\u011f\u0131 k&ouml;t&uuml; hikayelerin b\u0131rakt\u0131\u011f\u0131 derin izleri silmi\u015f, s&uuml;rekli yenili\u011fe a&ccedil;\u0131k; sanatla ve tasar\u0131mla yo\u011frulan bir star gibi! Hem de yeni y\u0131l d&ouml;nemi \u0131\u015f\u0131l, \u0131\u015f\u0131l&#8230; Bu g&ouml;steri\u015fli pazarlarda hediyelik e\u015fya almak d\u0131\u015f\u0131nda Almanya&rsquo;ya &ouml;zg&uuml;n lezzetlerden tadabilir, tar&ccedil;\u0131nl\u0131 s\u0131cak \u015farap i&ccedil;ebilirsiniz.<\/p>\n<p style=\"text-align: left;\"><img loading=\"lazy\" decoding=\"async\" class=\"alignnone size-full wp-image-5248\" src=\"https:\/\/www.julesverne.com.tr\/\/wp-content\/uploads\/2020\/09\/slider_kempinski-hotel-bristol-berlin-gastronomie-reinhards-terrasse-002.jpg\" width=\"1280\" height=\"720\" alt=\"Bristol_Berlin\" srcset=\"https:\/\/julesverne.com.tr\/wp-content\/uploads\/2020\/09\/slider_kempinski-hotel-bristol-berlin-gastronomie-reinhards-terrasse-002.jpg 1280w, https:\/\/julesverne.com.tr\/wp-content\/uploads\/2020\/09\/slider_kempinski-hotel-bristol-berlin-gastronomie-reinhards-terrasse-002-500x281.jpg 500w, https:\/\/julesverne.com.tr\/wp-content\/uploads\/2020\/09\/slider_kempinski-hotel-bristol-berlin-gastronomie-reinhards-terrasse-002-768x432.jpg 768w, https:\/\/julesverne.com.tr\/wp-content\/uploads\/2020\/09\/slider_kempinski-hotel-bristol-berlin-gastronomie-reinhards-terrasse-002-400x225.jpg 400w\" sizes=\"(max-width: 1280px) 100vw, 1280px\" \/><\/p>\n<p style=\"text-align: left;\">Bu dinamik \u015fehrin l&uuml;ks caddesi Ku&#8217;damm &uuml;zerinde konumlanan Hotel Bristol, bat\u0131 Berlin&rsquo;in \u015f\u0131k otellerinin ba\u015f\u0131nda geliyor. John F. Kennedy, Cary Grant ve Bob Dylan gibi &uuml;nl&uuml; isimleri a\u011f\u0131rlam\u0131\u015f olan otel &uuml;st segment yemekleri ve SPA merkeziyle de cezbediyor.<\/p>\n<h3 style=\"text-align: left;\"><strong>Bansko, BULGAR\u0130STAN<\/strong><\/h3>\n<p><span style=\"margin-left: auto; margin-right: auto;\"><strong><img loading=\"lazy\" decoding=\"async\" class=\"alignnone size-full wp-image-5249\" src=\"https:\/\/www.julesverne.com.tr\/\/wp-content\/uploads\/2020\/09\/kempinskii-hotel-grand-arena-bansko_10485_original.jpg\" width=\"1200\" height=\"675\" alt=\"Bansko\" srcset=\"https:\/\/julesverne.com.tr\/wp-content\/uploads\/2020\/09\/kempinskii-hotel-grand-arena-bansko_10485_original.jpg 1200w, https:\/\/julesverne.com.tr\/wp-content\/uploads\/2020\/09\/kempinskii-hotel-grand-arena-bansko_10485_original-500x281.jpg 500w, https:\/\/julesverne.com.tr\/wp-content\/uploads\/2020\/09\/kempinskii-hotel-grand-arena-bansko_10485_original-768x432.jpg 768w, https:\/\/julesverne.com.tr\/wp-content\/uploads\/2020\/09\/kempinskii-hotel-grand-arena-bansko_10485_original-400x225.jpg 400w\" sizes=\"(max-width: 1200px) 100vw, 1200px\" \/><\/strong><\/span>B&uuml;y&uuml;leyici manzaras\u0131 ile Pirin Da\u011flar\u0131 &uuml;zerinde bulunan Bulgaristan&#8217;\u0131n y&uuml;kselen kayak merkezi Bansko &ccedil;ekim merkezimize yerle\u015fti!&nbsp;T&uuml;rkiye&rsquo;ye olan yak\u0131nl\u0131\u011f\u0131 i&ccedil;in de &ccedil;ok fazla tercih edilen, ge&ccedil;mi\u015fin izlerini, g&uuml;n&uuml;m&uuml;ze kadar ta\u015f\u0131may\u0131 ba\u015farabilmi\u015f sevimli kasaba Bansko; do\u011fal g&uuml;zellikleri, pistleri, tarihi zenginlikleriyle ke\u015ffedilmeyi bekliyor.<\/p>\n<p><img loading=\"lazy\" decoding=\"async\" class=\"alignnone size-full wp-image-5250\" src=\"https:\/\/www.julesverne.com.tr\/\/wp-content\/uploads\/2020\/09\/bansko_kempinski.jpg\" width=\"1200\" height=\"675\" alt=\"Bansko_kempinski\" srcset=\"https:\/\/julesverne.com.tr\/wp-content\/uploads\/2020\/09\/bansko_kempinski.jpg 1200w, https:\/\/julesverne.com.tr\/wp-content\/uploads\/2020\/09\/bansko_kempinski-500x281.jpg 500w, https:\/\/julesverne.com.tr\/wp-content\/uploads\/2020\/09\/bansko_kempinski-768x432.jpg 768w, https:\/\/julesverne.com.tr\/wp-content\/uploads\/2020\/09\/bansko_kempinski-400x225.jpg 400w\" sizes=\"(max-width: 1200px) 100vw, 1200px\" \/><\/p>\n<p>Bansko&#8217;da liftlerin yan\u0131nda bulunan tek otel olma &ouml;zelli\u011fine sahip Grand Hotel Kempinski ise her \u015feyden &ouml;nce Bansko&#8217;da liftlerin yan\u0131nda bulunan tek otel olma &ouml;zelli\u011fine sahip olmas\u0131yla sizi kayak ekipmanlar\u0131 ile y&uuml;r&uuml;me derdinden kurtar\u0131yor. Ah\u015fap a\u011f\u0131rl\u0131kl\u0131 ve klasik tarzda d&ouml;\u015fenmi\u015f salondaki av hayvanlar\u0131 ile s&uuml;slenmi\u015f duvarlar &ldquo;bir kayak otelinde oldu\u011funuzu&rdquo; iyice hissetmenizi sa\u011fl\u0131yor.<\/p>\n<p style=\"text-align: center;\"><strong>Detayl\u0131 bilgi ve rezervasyon i&ccedil;in:<\/strong><\/p>\n<p style=\"text-align: center;\">travel@julesverne.com.tr&nbsp;<\/p>\n<p style=\"text-align: center;\">0212 266 6363<\/p>\n<p class=\"MsoListParagraph\" style=\"text-indent: -18.0pt; mso-list: l0 level1 lfo1;\">&nbsp;<\/p>\n<p class=\"MsoListParagraph\" style=\"text-indent: -18.0pt; mso-list: l0 level1 lfo1;\">&nbsp;<\/p><\/p>\n","protected":false},"excerpt":{"rendered":"<p>T&uuml;m \u015fehirlerin \u0131\u015f\u0131l \u0131\u015f\u0131l oldu\u011fu, 2017&#8217;nin son g&uuml;nlerinin keyfini s&uuml;rebilece\u011finiz, \u0130svi&ccedil;re&#8217;nin huzur ve l&uuml;ks \u015fehri Cenevre&#8217;den y&uuml;kselen kayak merkezi Bansko&#8217;ya; Almanya&#8217;n\u0131n romantik \u015fehri Dresden&#8217;den Bat\u0131 m&uuml;zi\u011finin efendisi Viyana&#8217;ya uzanan en g&uuml;zel destinasyon &ouml;nerileri&#8230;<\/p>\n","protected":false},"author":1,"featured_media":570,"comment_status":"closed","ping_status":"closed","sticky":false,"template":"","format":"standard","meta":{"inline_featured_image":false,"footnotes":""},"categories":[1,39],"tags":[],"acf":[],"yoast_head":"<!-- This site is optimized with the Yoast SEO plugin v22.3 - https:\/\/yoast.com\/wordpress\/plugins\/seo\/ -->\n<title>Y\u0131l\u0131n Son G\u00fcnlerinin Tad\u0131n\u0131 Seyahatle \u00c7\u0131kar\u0131n! - JULES VERNE BUSINESS MICE TRAVEL<\/title>\n<meta name=\"robots\" content=\"index, follow, max-snippet:-1, max-image-preview:large, max-video-preview:-1\" \/>\n<link rel=\"canonical\" href=\"https:\/\/julesverne.com.tr\/travel-blog\/yilin-son-gunlerinin-tadini-seyahatle-cikarin\/\" \/>\n<meta property=\"og:locale\" content=\"en_US\" \/>\n<meta property=\"og:type\" content=\"article\" \/>\n<meta property=\"og:title\" content=\"Y\u0131l\u0131n Son G\u00fcnlerinin Tad\u0131n\u0131 Seyahatle \u00c7\u0131kar\u0131n! - JULES VERNE BUSINESS MICE TRAVEL\" \/>\n<meta property=\"og:description\" content=\"T&uuml;m \u015fehirlerin \u0131\u015f\u0131l \u0131\u015f\u0131l oldu\u011fu, 2017&#039;nin son g&uuml;nlerinin keyfini s&uuml;rebilece\u011finiz, \u0130svi&ccedil;re&#039;nin huzur ve l&uuml;ks \u015fehri Cenevre&#039;den y&uuml;kselen kayak merkezi Bansko&#039;ya; Almanya&#039;n\u0131n romantik \u015fehri Dresden&#039;den Bat\u0131 m&uuml;zi\u011finin efendisi Viyana&#039;ya uzanan en g&uuml;zel destinasyon &ouml;nerileri...\" \/>\n<meta property=\"og:url\" content=\"https:\/\/julesverne.com.tr\/travel-blog\/yilin-son-gunlerinin-tadini-seyahatle-cikarin\/\" \/>\n<meta property=\"og:site_name\" content=\"JULES VERNE BUSINESS MICE TRAVEL\" \/>\n<meta property=\"article:publisher\" content=\"https:\/\/www.facebook.com\/JulesVerneBusinessMiceTravel\/\" \/>\n<meta property=\"article:published_time\" content=\"2017-12-06T09:34:38+00:00\" \/>\n<meta property=\"article:modified_time\" content=\"2021-03-04T12:23:35+00:00\" \/>\n<meta property=\"og:image\" content=\"https:\/\/julesverne.com.tr\/wp-content\/uploads\/2020\/08\/kapak.png\" \/>\n\t<meta property=\"og:image:width\" content=\"742\" \/>\n\t<meta property=\"og:image:height\" content=\"309\" \/>\n\t<meta property=\"og:image:type\" content=\"image\/png\" \/>\n<meta name=\"author\" content=\"fikirman\" \/>\n<meta name=\"twitter:card\" content=\"summary_large_image\" \/>\n<meta name=\"twitter:creator\" content=\"@JV_BusinessMice\" \/>\n<meta name=\"twitter:site\" content=\"@JV_BusinessMice\" \/>\n<meta name=\"twitter:label1\" content=\"Written by\" \/>\n\t<meta name=\"twitter:data1\" content=\"fikirman\" \/>\n\t<meta name=\"twitter:label2\" content=\"Est. reading time\" \/>\n\t<meta name=\"twitter:data2\" content=\"5 minutes\" \/>\n<script type=\"application\/ld+json\" class=\"yoast-schema-graph\">{\"@context\":\"https:\/\/schema.org\",\"@graph\":[{\"@type\":\"Article\",\"@id\":\"https:\/\/julesverne.com.tr\/travel-blog\/yilin-son-gunlerinin-tadini-seyahatle-cikarin\/#article\",\"isPartOf\":{\"@id\":\"https:\/\/julesverne.com.tr\/travel-blog\/yilin-son-gunlerinin-tadini-seyahatle-cikarin\/\"},\"author\":{\"name\":\"fikirman\",\"@id\":\"https:\/\/julesverne.com.tr\/#\/schema\/person\/f4eb0514ae455538644c31b99a466fdb\"},\"headline\":\"Y\u0131l\u0131n Son G\u00fcnlerinin Tad\u0131n\u0131 Seyahatle \u00c7\u0131kar\u0131n!\",\"datePublished\":\"2017-12-06T09:34:38+00:00\",\"dateModified\":\"2021-03-04T12:23:35+00:00\",\"mainEntityOfPage\":{\"@id\":\"https:\/\/julesverne.com.tr\/travel-blog\/yilin-son-gunlerinin-tadini-seyahatle-cikarin\/\"},\"wordCount\":990,\"publisher\":{\"@id\":\"https:\/\/julesverne.com.tr\/#organization\"},\"image\":{\"@id\":\"https:\/\/julesverne.com.tr\/travel-blog\/yilin-son-gunlerinin-tadini-seyahatle-cikarin\/#primaryimage\"},\"thumbnailUrl\":\"https:\/\/julesverne.com.tr\/wp-content\/uploads\/2020\/08\/kapak.png\",\"articleSection\":[\"Blog\",\"Nereye Gitsek?\"],\"inLanguage\":\"en-US\"},{\"@type\":\"WebPage\",\"@id\":\"https:\/\/julesverne.com.tr\/travel-blog\/yilin-son-gunlerinin-tadini-seyahatle-cikarin\/\",\"url\":\"https:\/\/julesverne.com.tr\/travel-blog\/yilin-son-gunlerinin-tadini-seyahatle-cikarin\/\",\"name\":\"Y\u0131l\u0131n Son G\u00fcnlerinin Tad\u0131n\u0131 Seyahatle \u00c7\u0131kar\u0131n! - JULES VERNE BUSINESS MICE TRAVEL\",\"isPartOf\":{\"@id\":\"https:\/\/julesverne.com.tr\/#website\"},\"primaryImageOfPage\":{\"@id\":\"https:\/\/julesverne.com.tr\/travel-blog\/yilin-son-gunlerinin-tadini-seyahatle-cikarin\/#primaryimage\"},\"image\":{\"@id\":\"https:\/\/julesverne.com.tr\/travel-blog\/yilin-son-gunlerinin-tadini-seyahatle-cikarin\/#primaryimage\"},\"thumbnailUrl\":\"https:\/\/julesverne.com.tr\/wp-content\/uploads\/2020\/08\/kapak.png\",\"datePublished\":\"2017-12-06T09:34:38+00:00\",\"dateModified\":\"2021-03-04T12:23:35+00:00\",\"breadcrumb\":{\"@id\":\"https:\/\/julesverne.com.tr\/travel-blog\/yilin-son-gunlerinin-tadini-seyahatle-cikarin\/#breadcrumb\"},\"inLanguage\":\"en-US\",\"potentialAction\":[{\"@type\":\"ReadAction\",\"target\":[\"https:\/\/julesverne.com.tr\/travel-blog\/yilin-son-gunlerinin-tadini-seyahatle-cikarin\/\"]}]},{\"@type\":\"ImageObject\",\"inLanguage\":\"en-US\",\"@id\":\"https:\/\/julesverne.com.tr\/travel-blog\/yilin-son-gunlerinin-tadini-seyahatle-cikarin\/#primaryimage\",\"url\":\"https:\/\/julesverne.com.tr\/wp-content\/uploads\/2020\/08\/kapak.png\",\"contentUrl\":\"https:\/\/julesverne.com.tr\/wp-content\/uploads\/2020\/08\/kapak.png\",\"width\":742,\"height\":309},{\"@type\":\"BreadcrumbList\",\"@id\":\"https:\/\/julesverne.com.tr\/travel-blog\/yilin-son-gunlerinin-tadini-seyahatle-cikarin\/#breadcrumb\",\"itemListElement\":[{\"@type\":\"ListItem\",\"position\":1,\"name\":\"Anasayfa\",\"item\":\"https:\/\/julesverne.com.tr\/\"},{\"@type\":\"ListItem\",\"position\":2,\"name\":\"Y\u0131l\u0131n Son G\u00fcnlerinin Tad\u0131n\u0131 Seyahatle \u00c7\u0131kar\u0131n!\"}]},{\"@type\":\"WebSite\",\"@id\":\"https:\/\/julesverne.com.tr\/#website\",\"url\":\"https:\/\/julesverne.com.tr\/\",\"name\":\"JULES VERNE BUSINESS MICE TRAVEL\",\"description\":\"\",\"publisher\":{\"@id\":\"https:\/\/julesverne.com.tr\/#organization\"},\"potentialAction\":[{\"@type\":\"SearchAction\",\"target\":{\"@type\":\"EntryPoint\",\"urlTemplate\":\"https:\/\/julesverne.com.tr\/?s={search_term_string}\"},\"query-input\":\"required name=search_term_string\"}],\"inLanguage\":\"en-US\"},{\"@type\":\"Organization\",\"@id\":\"https:\/\/julesverne.com.tr\/#organization\",\"name\":\"JULES VERNE BUSINESS MICE TRAVEL\",\"url\":\"https:\/\/julesverne.com.tr\/\",\"logo\":{\"@type\":\"ImageObject\",\"inLanguage\":\"en-US\",\"@id\":\"https:\/\/julesverne.com.tr\/#\/schema\/logo\/image\/\",\"url\":\"https:\/\/julesverne.com.tr\/wp-content\/uploads\/2020\/09\/jv-bmt-logo.png\",\"contentUrl\":\"https:\/\/julesverne.com.tr\/wp-content\/uploads\/2020\/09\/jv-bmt-logo.png\",\"width\":110,\"height\":81,\"caption\":\"JULES VERNE BUSINESS MICE TRAVEL\"},\"image\":{\"@id\":\"https:\/\/julesverne.com.tr\/#\/schema\/logo\/image\/\"},\"sameAs\":[\"https:\/\/www.facebook.com\/JulesVerneBusinessMiceTravel\/\",\"https:\/\/twitter.com\/JV_BusinessMice\",\"https:\/\/www.instagram.com\/julesvernebusinessmicetravel\/\",\"https:\/\/www.linkedin.com\/company\/julesvernebusinessmicetravel\/\",\"https:\/\/www.youtube.com\/channel\/UCAwdsmbZ6tFhu1tea6pkpiw\"]},{\"@type\":\"Person\",\"@id\":\"https:\/\/julesverne.com.tr\/#\/schema\/person\/f4eb0514ae455538644c31b99a466fdb\",\"name\":\"fikirman\",\"sameAs\":[\"http:\/\/advermedya.net\/julesverne\"],\"url\":\"https:\/\/julesverne.com.tr\/en\/author\/fikirman\/\"}]}<\/script>\n<!-- \/ Yoast SEO plugin. -->","yoast_head_json":{"title":"Y\u0131l\u0131n Son G\u00fcnlerinin Tad\u0131n\u0131 Seyahatle \u00c7\u0131kar\u0131n! - JULES VERNE BUSINESS MICE TRAVEL","robots":{"index":"index","follow":"follow","max-snippet":"max-snippet:-1","max-image-preview":"max-image-preview:large","max-video-preview":"max-video-preview:-1"},"canonical":"https:\/\/julesverne.com.tr\/travel-blog\/yilin-son-gunlerinin-tadini-seyahatle-cikarin\/","og_locale":"en_US","og_type":"article","og_title":"Y\u0131l\u0131n Son G\u00fcnlerinin Tad\u0131n\u0131 Seyahatle \u00c7\u0131kar\u0131n! - JULES VERNE BUSINESS MICE TRAVEL","og_description":"T&uuml;m \u015fehirlerin \u0131\u015f\u0131l \u0131\u015f\u0131l oldu\u011fu, 2017'nin son g&uuml;nlerinin keyfini s&uuml;rebilece\u011finiz, \u0130svi&ccedil;re'nin huzur ve l&uuml;ks \u015fehri Cenevre'den y&uuml;kselen kayak merkezi Bansko'ya; Almanya'n\u0131n romantik \u015fehri Dresden'den Bat\u0131 m&uuml;zi\u011finin efendisi Viyana'ya uzanan en g&uuml;zel destinasyon &ouml;nerileri...","og_url":"https:\/\/julesverne.com.tr\/travel-blog\/yilin-son-gunlerinin-tadini-seyahatle-cikarin\/","og_site_name":"JULES VERNE BUSINESS MICE TRAVEL","article_publisher":"https:\/\/www.facebook.com\/JulesVerneBusinessMiceTravel\/","article_published_time":"2017-12-06T09:34:38+00:00","article_modified_time":"2021-03-04T12:23:35+00:00","og_image":[{"width":742,"height":309,"url":"https:\/\/julesverne.com.tr\/wp-content\/uploads\/2020\/08\/kapak.png","type":"image\/png"}],"author":"fikirman","twitter_card":"summary_large_image","twitter_creator":"@JV_BusinessMice","twitter_site":"@JV_BusinessMice","twitter_misc":{"Written by":"fikirman","Est. reading time":"5 minutes"},"schema":{"@context":"https:\/\/schema.org","@graph":[{"@type":"Article","@id":"https:\/\/julesverne.com.tr\/travel-blog\/yilin-son-gunlerinin-tadini-seyahatle-cikarin\/#article","isPartOf":{"@id":"https:\/\/julesverne.com.tr\/travel-blog\/yilin-son-gunlerinin-tadini-seyahatle-cikarin\/"},"author":{"name":"fikirman","@id":"https:\/\/julesverne.com.tr\/#\/schema\/person\/f4eb0514ae455538644c31b99a466fdb"},"headline":"Y\u0131l\u0131n Son G\u00fcnlerinin Tad\u0131n\u0131 Seyahatle \u00c7\u0131kar\u0131n!","datePublished":"2017-12-06T09:34:38+00:00","dateModified":"2021-03-04T12:23:35+00:00","mainEntityOfPage":{"@id":"https:\/\/julesverne.com.tr\/travel-blog\/yilin-son-gunlerinin-tadini-seyahatle-cikarin\/"},"wordCount":990,"publisher":{"@id":"https:\/\/julesverne.com.tr\/#organization"},"image":{"@id":"https:\/\/julesverne.com.tr\/travel-blog\/yilin-son-gunlerinin-tadini-seyahatle-cikarin\/#primaryimage"},"thumbnailUrl":"https:\/\/julesverne.com.tr\/wp-content\/uploads\/2020\/08\/kapak.png","articleSection":["Blog","Nereye Gitsek?"],"inLanguage":"en-US"},{"@type":"WebPage","@id":"https:\/\/julesverne.com.tr\/travel-blog\/yilin-son-gunlerinin-tadini-seyahatle-cikarin\/","url":"https:\/\/julesverne.com.tr\/travel-blog\/yilin-son-gunlerinin-tadini-seyahatle-cikarin\/","name":"Y\u0131l\u0131n Son G\u00fcnlerinin Tad\u0131n\u0131 Seyahatle \u00c7\u0131kar\u0131n! - JULES VERNE BUSINESS MICE TRAVEL","isPartOf":{"@id":"https:\/\/julesverne.com.tr\/#website"},"primaryImageOfPage":{"@id":"https:\/\/julesverne.com.tr\/travel-blog\/yilin-son-gunlerinin-tadini-seyahatle-cikarin\/#primaryimage"},"image":{"@id":"https:\/\/julesverne.com.tr\/travel-blog\/yilin-son-gunlerinin-tadini-seyahatle-cikarin\/#primaryimage"},"thumbnailUrl":"https:\/\/julesverne.com.tr\/wp-content\/uploads\/2020\/08\/kapak.png","datePublished":"2017-12-06T09:34:38+00:00","dateModified":"2021-03-04T12:23:35+00:00","breadcrumb":{"@id":"https:\/\/julesverne.com.tr\/travel-blog\/yilin-son-gunlerinin-tadini-seyahatle-cikarin\/#breadcrumb"},"inLanguage":"en-US","potentialAction":[{"@type":"ReadAction","target":["https:\/\/julesverne.com.tr\/travel-blog\/yilin-son-gunlerinin-tadini-seyahatle-cikarin\/"]}]},{"@type":"ImageObject","inLanguage":"en-US","@id":"https:\/\/julesverne.com.tr\/travel-blog\/yilin-son-gunlerinin-tadini-seyahatle-cikarin\/#primaryimage","url":"https:\/\/julesverne.com.tr\/wp-content\/uploads\/2020\/08\/kapak.png","contentUrl":"https:\/\/julesverne.com.tr\/wp-content\/uploads\/2020\/08\/kapak.png","width":742,"height":309},{"@type":"BreadcrumbList","@id":"https:\/\/julesverne.com.tr\/travel-blog\/yilin-son-gunlerinin-tadini-seyahatle-cikarin\/#breadcrumb","itemListElement":[{"@type":"ListItem","position":1,"name":"Anasayfa","item":"https:\/\/julesverne.com.tr\/"},{"@type":"ListItem","position":2,"name":"Y\u0131l\u0131n Son G\u00fcnlerinin Tad\u0131n\u0131 Seyahatle \u00c7\u0131kar\u0131n!"}]},{"@type":"WebSite","@id":"https:\/\/julesverne.com.tr\/#website","url":"https:\/\/julesverne.com.tr\/","name":"JULES VERNE BUSINESS MICE TRAVEL","description":"","publisher":{"@id":"https:\/\/julesverne.com.tr\/#organization"},"potentialAction":[{"@type":"SearchAction","target":{"@type":"EntryPoint","urlTemplate":"https:\/\/julesverne.com.tr\/?s={search_term_string}"},"query-input":"required name=search_term_string"}],"inLanguage":"en-US"},{"@type":"Organization","@id":"https:\/\/julesverne.com.tr\/#organization","name":"JULES VERNE BUSINESS MICE TRAVEL","url":"https:\/\/julesverne.com.tr\/","logo":{"@type":"ImageObject","inLanguage":"en-US","@id":"https:\/\/julesverne.com.tr\/#\/schema\/logo\/image\/","url":"https:\/\/julesverne.com.tr\/wp-content\/uploads\/2020\/09\/jv-bmt-logo.png","contentUrl":"https:\/\/julesverne.com.tr\/wp-content\/uploads\/2020\/09\/jv-bmt-logo.png","width":110,"height":81,"caption":"JULES VERNE BUSINESS MICE TRAVEL"},"image":{"@id":"https:\/\/julesverne.com.tr\/#\/schema\/logo\/image\/"},"sameAs":["https:\/\/www.facebook.com\/JulesVerneBusinessMiceTravel\/","https:\/\/twitter.com\/JV_BusinessMice","https:\/\/www.instagram.com\/julesvernebusinessmicetravel\/","https:\/\/www.linkedin.com\/company\/julesvernebusinessmicetravel\/","https:\/\/www.youtube.com\/channel\/UCAwdsmbZ6tFhu1tea6pkpiw"]},{"@type":"Person","@id":"https:\/\/julesverne.com.tr\/#\/schema\/person\/f4eb0514ae455538644c31b99a466fdb","name":"fikirman","sameAs":["http:\/\/advermedya.net\/julesverne"],"url":"https:\/\/julesverne.com.tr\/en\/author\/fikirman\/"}]}},"_links":{"self":[{"href":"https:\/\/julesverne.com.tr\/en\/wp-json\/wp\/v2\/posts\/1836"}],"collection":[{"href":"https:\/\/julesverne.com.tr\/en\/wp-json\/wp\/v2\/posts"}],"about":[{"href":"https:\/\/julesverne.com.tr\/en\/wp-json\/wp\/v2\/types\/post"}],"author":[{"embeddable":true,"href":"https:\/\/julesverne.com.tr\/en\/wp-json\/wp\/v2\/users\/1"}],"replies":[{"embeddable":true,"href":"https:\/\/julesverne.com.tr\/en\/wp-json\/wp\/v2\/comments?post=1836"}],"version-history":[{"count":0,"href":"https:\/\/julesverne.com.tr\/en\/wp-json\/wp\/v2\/posts\/1836\/revisions"}],"wp:featuredmedia":[{"embeddable":true,"href":"https:\/\/julesverne.com.tr\/en\/wp-json\/wp\/v2\/media\/570"}],"wp:attachment":[{"href":"https:\/\/julesverne.com.tr\/en\/wp-json\/wp\/v2\/media?parent=1836"}],"wp:term":[{"taxonomy":"category","embeddable":true,"href":"https:\/\/julesverne.com.tr\/en\/wp-json\/wp\/v2\/categories?post=1836"},{"taxonomy":"post_tag","embeddable":true,"href":"https:\/\/julesverne.com.tr\/en\/wp-json\/wp\/v2\/tags?post=1836"}],"curies":[{"name":"wp","href":"https:\/\/api.w.org\/{rel}","templated":true}]}}