{"id":1830,"date":"2017-11-22T13:48:22","date_gmt":"2017-11-22T10:48:22","guid":{"rendered":"https:\/\/www.julesverne.com.tr\/\/blog\/bu-sezon-seyahatlerinizi-renklendirecek-en-guzel-kis-festivalleri\/"},"modified":"2021-03-04T15:24:02","modified_gmt":"2021-03-04T12:24:02","slug":"bu-sezon-seyahatlerinizi-renklendirecek-en-guzel-kis-festivalleri","status":"publish","type":"post","link":"https:\/\/julesverne.com.tr\/en\/travel-blog\/bu-sezon-seyahatlerinizi-renklendirecek-en-guzel-kis-festivalleri\/","title":{"rendered":"Bu Sezon Seyahatlerinizi Renklendirecek En G\u00fczel K\u0131\u015f Festivalleri"},"content":{"rendered":"<p><p style=\"text-align: center;\"><img loading=\"lazy\" decoding=\"async\" class=\"alignnone size-full wp-image-5281\" src=\"https:\/\/www.julesverne.com.tr\/\/wp-content\/uploads\/2020\/09\/kapak-9.jpg\" width=\"940\" height=\"522\" alt=\"\" srcset=\"https:\/\/julesverne.com.tr\/wp-content\/uploads\/2020\/09\/kapak-9.jpg 940w, https:\/\/julesverne.com.tr\/wp-content\/uploads\/2020\/09\/kapak-9-500x278.jpg 500w, https:\/\/julesverne.com.tr\/wp-content\/uploads\/2020\/09\/kapak-9-768x426.jpg 768w\" sizes=\"(max-width: 940px) 100vw, 940px\" \/><\/p>\n<p>Havalar so\u011fudu\u011funda eve kapanmak zorunda de\u011filsiniz! Bizce d&uuml;\u015fen s\u0131cakl\u0131klar, ilk kar ya\u011f\u0131\u015f\u0131 seyahat etme arzunuza engel olamaz! Aksine, yeni bir motivasyon kayna\u011f\u0131 olarak bile g&ouml;rebiliriz. K\u0131\u015f so\u011fu\u011funu e\u011flenceye &ccedil;evirmenin en keyifli yolu ise k\u0131\u015f festivallerini takip etmek.&nbsp;<\/p>\n<p style=\"text-align: center;\"><img loading=\"lazy\" decoding=\"async\" class=\"alignnone size-full wp-image-5282\" src=\"https:\/\/www.julesverne.com.tr\/\/wp-content\/uploads\/2020\/09\/Ice_Music_Festival_Geilo__Norway.jpg\" width=\"1280\" height=\"853\" alt=\"\" srcset=\"https:\/\/julesverne.com.tr\/wp-content\/uploads\/2020\/09\/Ice_Music_Festival_Geilo__Norway.jpg 1280w, https:\/\/julesverne.com.tr\/wp-content\/uploads\/2020\/09\/Ice_Music_Festival_Geilo__Norway-500x333.jpg 500w, https:\/\/julesverne.com.tr\/wp-content\/uploads\/2020\/09\/Ice_Music_Festival_Geilo__Norway-768x512.jpg 768w\" sizes=\"(max-width: 1280px) 100vw, 1280px\" \/><\/p>\n<p>Buzdan yap\u0131lan heykellerden tutun da a&ccedil;\u0131k hava aktivitelerine kadar farkl\u0131 i&ccedil;eriklerde festivaller herkese hitap ediyor. Bel&ccedil;ika&#8217;dan &Ccedil;in&#8217;e; Norve&ccedil;&#8217;ten Hollanda&#8217;ya; \u0130sve&ccedil;&#8217;ten Japonya&#8217;ya; Slovenya&#8217;dan Kanada&#8217;ya e\u011flenceli, renkli k\u0131\u015f festivalleri i&ccedil;in valizinizi haz\u0131rlamaya ba\u015flay\u0131n&#8230;<\/p>\n<p><strong>Edinburgh&rsquo;s&nbsp;<\/strong><strong>Hogmanay, \u0130sko&ccedil;ya<\/strong><\/p>\n<p style=\"text-align: center;\"><strong><img loading=\"lazy\" decoding=\"async\" class=\"alignnone size-full wp-image-5283\" src=\"https:\/\/www.julesverne.com.tr\/\/wp-content\/uploads\/2020\/09\/Edinburgh___s-Hogmanay.jpg\" width=\"1000\" height=\"667\" alt=\"\" srcset=\"https:\/\/julesverne.com.tr\/wp-content\/uploads\/2020\/09\/Edinburgh___s-Hogmanay.jpg 1000w, https:\/\/julesverne.com.tr\/wp-content\/uploads\/2020\/09\/Edinburgh___s-Hogmanay-500x334.jpg 500w, https:\/\/julesverne.com.tr\/wp-content\/uploads\/2020\/09\/Edinburgh___s-Hogmanay-768x512.jpg 768w\" sizes=\"(max-width: 1000px) 100vw, 1000px\" \/><\/strong><\/p>\n<p>D&uuml;nyan\u0131n en &uuml;nl&uuml; Y\u0131lba\u015f\u0131 festivallerinden biri olan Hogmanay, 31 Aral\u0131k g&uuml;n&uuml; Edinburgh&#8217;da 140.000 &uuml;zerinde kat\u0131l\u0131mla rekorlar\u0131 zorluyor. Her y\u0131l d&uuml;zenlenen festival boyunca cezbedici sokak partileri, konserler ve kutlamalar h\u0131z kesmiyor. \u015eehir merkezine do\u011fru yap\u0131lan Me\u015fale y&uuml;r&uuml;y&uuml;\u015f&uuml;, Gardens&#8217;da d&uuml;zenlenen geleneksel Y\u0131lba\u015f\u0131 konseri, havai fi\u015fek g&ouml;sterileri &ccedil;ok g&uuml;zel g&ouml;r&uuml;nt&uuml;ler olu\u015fturuyor.<\/p>\n<p><strong>Rise Festival, Fransa<\/strong><\/p>\n<p style=\"text-align: center;\"><strong><img loading=\"lazy\" decoding=\"async\" class=\"alignnone size-full wp-image-5284\" src=\"https:\/\/www.julesverne.com.tr\/\/wp-content\/uploads\/2020\/09\/rise-festival.jpg\" width=\"1000\" height=\"667\" alt=\"\" srcset=\"https:\/\/julesverne.com.tr\/wp-content\/uploads\/2020\/09\/rise-festival.jpg 1000w, https:\/\/julesverne.com.tr\/wp-content\/uploads\/2020\/09\/rise-festival-500x334.jpg 500w, https:\/\/julesverne.com.tr\/wp-content\/uploads\/2020\/09\/rise-festival-768x512.jpg 768w\" sizes=\"(max-width: 1000px) 100vw, 1000px\" \/><\/strong><\/p>\n<p>Kayak severlerin &ccedil;ok iyi bildi\u011fi Les Deux Alps, Fransa&#8217;da kayak sporuyla ilgilenenlerin her k\u0131\u015f sezonu bulu\u015ftu\u011fu nokta asl\u0131nda. Ancak, Les Deux Alps sadece pistleri ve otelleriyle &uuml;nl&uuml; de\u011fil. Ba\u011f\u0131ms\u0131z kayak&amp;snowboard m&uuml;zik festivali olarak d&uuml;zenlenen Rise Festival, so\u011fuk havada s\u0131cac\u0131k bir atmosferin as\u0131l nedeni! 222 km uzunlu\u011fundaki pistleri, Avrupa&#8217;n\u0131n en b&uuml;y&uuml;k kay\u0131labilir buzulu, etkisi g&uuml;nlerce s&uuml;ren unutulmaz partileriyle 3000 metre y&uuml;kseklikte dolu dolu bir 7 g&uuml;n ya\u015fan\u0131yor. Festival 16-23 Aral\u0131k 2017&#8217;de d&uuml;zenlenecek.<\/p>\n<p><strong>Ice Music Festival Geilo, Norve&ccedil;<\/strong><\/p>\n<p><strong><img loading=\"lazy\" decoding=\"async\" class=\"alignnone size-full wp-image-5285\" src=\"https:\/\/www.julesverne.com.tr\/\/wp-content\/uploads\/2020\/09\/Ice_musician_Emile_Holba.jpg\" width=\"1280\" height=\"853\" alt=\"\" srcset=\"https:\/\/julesverne.com.tr\/wp-content\/uploads\/2020\/09\/Ice_musician_Emile_Holba.jpg 1280w, https:\/\/julesverne.com.tr\/wp-content\/uploads\/2020\/09\/Ice_musician_Emile_Holba-500x333.jpg 500w, https:\/\/julesverne.com.tr\/wp-content\/uploads\/2020\/09\/Ice_musician_Emile_Holba-768x512.jpg 768w\" sizes=\"(max-width: 1280px) 100vw, 1280px\" \/><\/strong><\/p>\n<p>&#8220;Bu so\u011fuklar\u0131n bir anlam\u0131 olmal\u0131&#8221; diyen Norve&ccedil;liler i&ccedil;in hem m&uuml;zik hem e\u011flence odakl\u0131 Ice Music Festival Geilo bu y\u0131l 31 Ocak-4 \u015eubat 2018 tarihinde ger&ccedil;ekle\u015fecek. Sadece i&ccedil;ine girece\u011finiz igloo de\u011fil t&uuml;m m&uuml;zik aletlerinin buzdan yap\u0131ld\u0131\u011f\u0131n\u0131 bir hayal edin! Bu yarat\u0131c\u0131 festival, Hallingskarvet Platosu yak\u0131n\u0131nda, Norve&ccedil;&#8217;teki Geilo da\u011f b&ouml;lgesinde yer alan festival, her y\u0131l\u0131n ilk dolunay\u0131nda ger&ccedil;ekle\u015fiyor. Her y\u0131l buzun kalitesine g&ouml;re &uuml;retilen enstr&uuml;manlar da de\u011fi\u015fiyor.<\/p>\n<p><strong>Sapporo Snow Festival, Japonya<\/strong><\/p>\n<p style=\"text-align: center;\"><strong><img loading=\"lazy\" decoding=\"async\" class=\"alignnone size-full wp-image-5286\" src=\"https:\/\/www.julesverne.com.tr\/\/wp-content\/uploads\/2020\/09\/sapporo_japan.jpg\" width=\"1280\" height=\"850\" alt=\"\" srcset=\"https:\/\/julesverne.com.tr\/wp-content\/uploads\/2020\/09\/sapporo_japan.jpg 1280w, https:\/\/julesverne.com.tr\/wp-content\/uploads\/2020\/09\/sapporo_japan-500x332.jpg 500w, https:\/\/julesverne.com.tr\/wp-content\/uploads\/2020\/09\/sapporo_japan-768x510.jpg 768w\" sizes=\"(max-width: 1280px) 100vw, 1280px\" \/><\/strong><\/p>\n<p>D&uuml;nyan\u0131n en b&uuml;y&uuml;k ve etkileyici buz festivallerinin ba\u015f\u0131nda gelen Sapporo Kar Festivali 60 y\u0131l\u0131 a\u015fk\u0131n s&uuml;redir Japonya&#8217;n\u0131n kuzeyindeki Hokkaido b&ouml;lgesinin ba\u015fkenti Sapporo&#8217;da d&uuml;zenleniyor. Bu geleneksel kar festivali her y\u0131l yakla\u015f\u0131k 2 milyon ziyaret&ccedil;i &ccedil;ekiyor. \u015eehrin &uuml;&ccedil; noktas\u0131nda Odori Park, Tsudome ve Susukino&#8217;da sergilenen dev heykeller aras\u0131nda Japon mitolojisinden ve &ccedil;izgi filmlerinden karakterler de bulunuyor. Festivali bu y\u0131l 5-11\u015eubat2018 tarihlerinde ziyaret edebilirsiniz.<\/p>\n<p><strong>Amsterdam Light Festival, Hollanda<\/strong><\/p>\n<p style=\"text-align: center;\"><strong><img loading=\"lazy\" decoding=\"async\" class=\"alignnone size-full wp-image-5287\" src=\"https:\/\/www.julesverne.com.tr\/\/wp-content\/uploads\/2020\/09\/Amsterdam-Lingh-Festival-1.jpg\" width=\"1000\" height=\"666\" alt=\"\" srcset=\"https:\/\/julesverne.com.tr\/wp-content\/uploads\/2020\/09\/Amsterdam-Lingh-Festival-1.jpg 1000w, https:\/\/julesverne.com.tr\/wp-content\/uploads\/2020\/09\/Amsterdam-Lingh-Festival-1-500x333.jpg 500w, https:\/\/julesverne.com.tr\/wp-content\/uploads\/2020\/09\/Amsterdam-Lingh-Festival-1-768x511.jpg 768w\" sizes=\"(max-width: 1000px) 100vw, 1000px\" \/><\/strong><\/p>\n<p>Light Festival, Amsterdam seyahatinizi fazlas\u0131yla renklendirecek &ouml;zelliklere sahip. \u015eehrin tarihi merkezi 30 Kas\u0131m 2017&rsquo;den 21 Ocak 2018&rsquo;e kadar dekoratif \u015fekilde \u0131\u015f\u0131kland\u0131r\u0131lacak ve bir&ccedil;ok e\u011flenceli etkinli\u011fe ev sahipli\u011fi yapacak. Tekneyle &ccedil;izilen kanal rotas\u0131 ve y&uuml;r&uuml;y&uuml;\u015f rotas\u0131 boyunca sanat merkezleri, galeriler, m&uuml;zeler, d&uuml;kkanlar ve restoranlar bu festivale \u0131\u015f\u0131l \u0131\u015f\u0131l \u015fekilde e\u015flik ediyor olacak. &Ccedil;ocuklar\u0131n ve her ya\u015ftan ziyaret&ccedil;inin d&uuml;\u015f&uuml;n&uuml;ld&uuml;\u011f&uuml; festivalde &ccedil;ekece\u011finiz foto\u011fraflara haz\u0131r olun.<\/p>\n<p><strong>Snow &amp; Ice Sculpture Festival, Bel&ccedil;ika<\/strong><\/p>\n<p style=\"text-align: center;\"><strong><img loading=\"lazy\" decoding=\"async\" class=\"alignnone size-full wp-image-5288\" src=\"https:\/\/www.julesverne.com.tr\/\/wp-content\/uploads\/2020\/09\/belcika_ice.jpg\" width=\"740\" height=\"529\" alt=\"Snow &amp; Ice Sculpture Festival bel&ccedil;ika\" srcset=\"https:\/\/julesverne.com.tr\/wp-content\/uploads\/2020\/09\/belcika_ice.jpg 740w, https:\/\/julesverne.com.tr\/wp-content\/uploads\/2020\/09\/belcika_ice-500x357.jpg 500w\" sizes=\"(max-width: 740px) 100vw, 740px\" \/><\/strong><\/p>\n<p>Bel&ccedil;ika&#8217;ya k\u0131\u015f mevsiminin geldi\u011finizi b&uuml;y&uuml;leyici Noel pazarlar\u0131ndan, \u0131\u015f\u0131lt\u0131l\u0131 s&uuml;slemelerinden ve tabi ki Buz ve Kar Heykeli Festivali&#8217;nden anlayabilirsiniz. Her y\u0131l, d&uuml;nyan\u0131n bir&ccedil;ok noktas\u0131ndan gelen sanat&ccedil;\u0131lar Bel&ccedil;ika&#8217;n\u0131n kartpostal\u0131 and\u0131ran kasabalar\u0131ndan bir tanesini harikalar diyar\u0131na &ccedil;eviriyor. Birbirinden etkileyici heykeller bu y\u0131l, masals\u0131 Bruges sokaklar\u0131nda sergilenecek. Disneyland Paris&#8217;in 25.y\u0131l\u0131 an\u0131s\u0131na Disney, Pixar, Marvel ve Star Wars&#8217;un en sevilen kahramanlar\u0131 ile sihirli bir d&uuml;nyaya davetlisiniz! 7 Ocak 2018&#8217;e kadar festival devam ediyor.<\/p>\n<p><strong>Quebec Winter Carnival, Kanada<\/strong><\/p>\n<p style=\"text-align: center;\"><strong><img loading=\"lazy\" decoding=\"async\" class=\"alignnone size-full wp-image-5289\" src=\"https:\/\/www.julesverne.com.tr\/\/wp-content\/uploads\/2020\/09\/quebec-2.jpg\" width=\"740\" height=\"416\" alt=\"Quebec Winter Carnival Kanada\" srcset=\"https:\/\/julesverne.com.tr\/wp-content\/uploads\/2020\/09\/quebec-2.jpg 740w, https:\/\/julesverne.com.tr\/wp-content\/uploads\/2020\/09\/quebec-2-500x281.jpg 500w, https:\/\/julesverne.com.tr\/wp-content\/uploads\/2020\/09\/quebec-2-400x225.jpg 400w\" sizes=\"(max-width: 740px) 100vw, 740px\" \/><\/strong><\/p>\n<p>So\u011fuk havan\u0131n ve kar\u0131n hakk\u0131n\u0131 veren \u015fehirlerinden ba\u015f\u0131nda Quebec geliyor. Kanada&#8217;n\u0131n en &ouml;nemli merkezlerinden biri olan Quebec City 1894 y\u0131l\u0131ndan beri Quebec K\u0131\u015f Karnaval\u0131&#8217;na ev sahipli\u011fi yap\u0131yor. D&uuml;nyadaki en &uuml;nl&uuml; karnavallar listesinde Rio ve New Orleans&rsquo;tan sonra yer alan Quebec K\u0131\u015f Karnaval\u0131 s&uuml;resince buzdan saraylar, \u0131\u015f\u0131k g&ouml;sterileri, y&uuml;r&uuml;yen kardan adamlar rengarenk g&ouml;r&uuml;nt&uuml;ler olu\u015fturuyor. Kardan heykel yapma, kano ve k&ouml;pek k\u0131za\u011f\u0131 yar\u0131\u015flar\u0131 ile hareketli g&ouml;r&uuml;nt&uuml;lere sahne al\u0131yor. Festival bu sene 26 Ocak &#8211; 11 \u015eubat 2018 tarihlerinde yap\u0131l\u0131yor.<\/p>\n<p><strong>Harbin International Snow and Ice Festival, &Ccedil;in<\/strong><\/p>\n<p style=\"text-align: center;\"><strong><img loading=\"lazy\" decoding=\"async\" class=\"alignnone size-full wp-image-5290\" src=\"https:\/\/www.julesverne.com.tr\/\/wp-content\/uploads\/2020\/09\/harbin-1.jpg\" width=\"740\" height=\"510\" alt=\"Harbin International Snow and Ice Festival &Ccedil;in\" srcset=\"https:\/\/julesverne.com.tr\/wp-content\/uploads\/2020\/09\/harbin-1.jpg 740w, https:\/\/julesverne.com.tr\/wp-content\/uploads\/2020\/09\/harbin-1-500x345.jpg 500w\" sizes=\"(max-width: 740px) 100vw, 740px\" \/><\/strong><\/p>\n<p>D&uuml;nyan\u0131n en b&uuml;y&uuml;k buz ve kar festivali Harbin Kar ve Buz Festivali bu y\u0131l 34.kez d&uuml;zenleniyor. D&uuml;nyan\u0131n &ouml;nemli yap\u0131tlar\u0131n\u0131n da dahil oldu\u011fu heykeller, binalar, kayd\u0131raklar, \u015fatolar lazer teknolojileriyle, en eski buz oyma teknikleriyle rengarenk g&ouml;r&uuml;nt&uuml;ler sunuyor. &Ccedil;in&#8217;in kuzeydo\u011fusunda yer alan Harbin&#8217;de d&uuml;zenlenen festivalin a&ccedil;\u0131l\u0131\u015f\u0131 ise muazzam oluyor. Sun Island, Zhaolin Park ve Ice&amp;Snow Amusement World noktalar\u0131na yay\u0131lan festival 5 Ocak 2018&#8217;de ba\u015fl\u0131yor ve \u015eubat&rsquo;\u0131n son g&uuml;nlerine dek devam ediyor.<\/p>\n<p><strong>Up Helly Aa, Lerwick, \u0130sko&ccedil;ya<\/strong><\/p>\n<p style=\"text-align: center;\"><strong><img loading=\"lazy\" decoding=\"async\" class=\"alignnone size-full wp-image-5291\" src=\"https:\/\/www.julesverne.com.tr\/\/wp-content\/uploads\/2020\/09\/iskocya.jpg\" width=\"740\" height=\"492\" alt=\"Up Helly Aa, Lerwick \u0130sko&ccedil;ya\" srcset=\"https:\/\/julesverne.com.tr\/wp-content\/uploads\/2020\/09\/iskocya.jpg 740w, https:\/\/julesverne.com.tr\/wp-content\/uploads\/2020\/09\/iskocya-500x332.jpg 500w\" sizes=\"(max-width: 740px) 100vw, 740px\" \/><\/strong><\/p>\n<p>\u0130sko&ccedil;ya&rsquo;n\u0131n en kuzeyinde yer alan Lerwick kenti 130 y\u0131l\u0131 a\u015fk\u0131n bir s&uuml;redir ate\u015f festivalini kutluyor. Tarihi Vikingler&#8217;e dayanan festival g&uuml;nd&uuml;z saatlerinde ba\u015flasa da as\u0131l kutlamalar hava karard\u0131ktan sonra y&uuml;kseli\u015fe ge&ccedil;iyor. G&ouml;rkemli Viking kost&uuml;mleri ve me\u015faleleri ile y&uuml;r&uuml;y&uuml;\u015f yapan erkekler, t&uuml;m gece boyunca ellerinde me\u015falelerle, Viking atalar\u0131na sayg\u0131lar\u0131n\u0131 g&ouml;steriyorlar. Yak\u0131n zamana kadar me\u015faleleri yaln\u0131zca erkeklerin ta\u015f\u0131mas\u0131na izin verilse de bu kural da yava\u015f yava\u015f esnetilmeye ba\u015flanm\u0131\u015f. Festival, Viking kad\u0131rgas\u0131n\u0131n ate\u015f &ccedil;emberine al\u0131nd\u0131ktan sonra yak\u0131lmas\u0131yla sona eriyor. Festival, Her y\u0131l Ocak ay\u0131n\u0131n son Sal\u0131 g&uuml;n&uuml; yap\u0131l\u0131yor.<\/p>\n<p><strong>Horizon Festival, Andorra<\/strong><\/p>\n<p style=\"text-align: center;\"><strong><img loading=\"lazy\" decoding=\"async\" class=\"alignnone size-full wp-image-5292\" src=\"https:\/\/www.julesverne.com.tr\/\/wp-content\/uploads\/2020\/09\/horizon.jpg\" width=\"740\" height=\"494\" alt=\"horizon festival andorra\" srcset=\"https:\/\/julesverne.com.tr\/wp-content\/uploads\/2020\/09\/horizon.jpg 740w, https:\/\/julesverne.com.tr\/wp-content\/uploads\/2020\/09\/horizon-500x334.jpg 500w\" sizes=\"(max-width: 740px) 100vw, 740px\" \/><\/strong><\/p>\n<p>Fransa ve \u0130spanya aras\u0131nda k&uuml;&ccedil;&uuml;k bir &uuml;lke olan Andorra&#8217;n\u0131n kayak merkezi Arinsal, Avrupa&#8217;n\u0131n g&ouml;z ard\u0131 edilmi\u015f sempatik kayak kasabalar\u0131ndan biri. Bu kez, pistlerinden ve resortlerin bahsetmek yerine bu karlarla kapl\u0131 k&uuml;&ccedil;&uuml;k d&uuml;nyada d&uuml;zenlenen m&uuml;zik festivali radar\u0131m\u0131zda! Undergroung elektronik m&uuml;zik festivali Horizon, hem kayak severleri hem de m&uuml;zik severleri bulu\u015fturuyor. <br \/><em>Not: 2018 festival tarihi hen&uuml;z a&ccedil;\u0131klanmad\u0131.<\/em><\/p>\n<p><strong>Ljubljana Dragon Carnival, Slovenya<\/strong><\/p>\n<p style=\"text-align: center;\"><strong><img loading=\"lazy\" decoding=\"async\" class=\"alignnone size-full wp-image-5293\" src=\"https:\/\/www.julesverne.com.tr\/\/wp-content\/uploads\/2020\/09\/Dragon-Carnival-Photo-Urska-Boljkovac.jpg\" width=\"740\" height=\"493\" alt=\"Ljubljana Dragon Carnival Slovenya\" srcset=\"https:\/\/julesverne.com.tr\/wp-content\/uploads\/2020\/09\/Dragon-Carnival-Photo-Urska-Boljkovac.jpg 740w, https:\/\/julesverne.com.tr\/wp-content\/uploads\/2020\/09\/Dragon-Carnival-Photo-Urska-Boljkovac-500x333.jpg 500w\" sizes=\"(max-width: 740px) 100vw, 740px\" \/><\/strong><\/p>\n<p>Her y\u0131l, Bat\u0131 kiliselerinde B&uuml;y&uuml;k Perhiz&#8217;in (Lent) ilk g&uuml;n&uuml; olan K&uuml;l &Ccedil;ar\u015fambas\u0131&#8217;n\u0131n arifesi olarak kutlanan Shrove&#8217;u takip eden hafta sonu kutlanan ejderha festivali Ljubljana eski \u015fehir merkezinde ger&ccedil;ekle\u015fiyor. Dans, kukla g&ouml;sterileri, kost&uuml;m ve maskeli ge&ccedil;it t&ouml;reni ile \u015fehir renkleniyor. Shrovetide Karnaval\u0131 olarak da bilinen festival &uuml;lkenin k&uuml;lt&uuml;rel de\u011ferlerini ya\u015fatmaya devam ediyor. Festival, \u015eubat ay\u0131nda d&uuml;zenleniyor.<\/p>\n<p><strong>Bavarian IceFest, ABD<\/strong><\/p>\n<p style=\"text-align: center;\"><strong><img loading=\"lazy\" decoding=\"async\" class=\"alignnone size-full wp-image-5294\" src=\"https:\/\/www.julesverne.com.tr\/\/wp-content\/uploads\/2020\/09\/bavarian.jpg\" width=\"740\" height=\"493\" alt=\"Bavarian IceFest abd\" srcset=\"https:\/\/julesverne.com.tr\/wp-content\/uploads\/2020\/09\/bavarian.jpg 740w, https:\/\/julesverne.com.tr\/wp-content\/uploads\/2020\/09\/bavarian-500x333.jpg 500w\" sizes=\"(max-width: 740px) 100vw, 740px\" \/><\/strong><\/p>\n<p>Seattle&#8217;\u0131n 2 saat uzakl\u0131\u011f\u0131ndaki Leavenworth kasabas\u0131, kula\u011fa herhangi bir Amerikan kasabas\u0131 gibi gelebilir. Ancak, bu kasabaya geldi\u011finizde Alman Bavyera Eyaleti&#8217;nde seyahate &ccedil;\u0131km\u0131\u015f gibi hissetmeniz m&uuml;mk&uuml;n. Bavyera ruhunu hisseden Leavenworth&#8217;de her y\u0131l Bavarian IceFest d&uuml;zenleniyor. Karda k\u0131zak yar\u0131\u015flar\u0131, kartopu at\u0131\u015flar\u0131, havai fi\u015fek g&ouml;sterilerinin yan\u0131 s\u0131ra &ccedil;arp\u0131c\u0131 buz heykelleri ve canl\u0131 m&uuml;zik performanslar\u0131 da yap\u0131l\u0131yor. Festival, bu y\u0131l 13-14 Ocak 2018 tarihinde d&uuml;zenlenecek.<\/p>\n<p><strong>Kiruna Snow Festival &ndash; \u0130sve&ccedil;<\/strong><\/p>\n<p><strong><img loading=\"lazy\" decoding=\"async\" class=\"alignnone size-full wp-image-5295\" src=\"https:\/\/www.julesverne.com.tr\/\/wp-content\/uploads\/2020\/09\/kiruna.jpg\" width=\"1280\" height=\"746\" alt=\"\" srcset=\"https:\/\/julesverne.com.tr\/wp-content\/uploads\/2020\/09\/kiruna.jpg 1280w, https:\/\/julesverne.com.tr\/wp-content\/uploads\/2020\/09\/kiruna-500x291.jpg 500w, https:\/\/julesverne.com.tr\/wp-content\/uploads\/2020\/09\/kiruna-768x448.jpg 768w\" sizes=\"(max-width: 1280px) 100vw, 1280px\" \/><\/strong><\/p>\n<p>Avrupa&rsquo;n\u0131n en b&uuml;y&uuml;k kar festivali Kiruna, \u015fan\u0131na yak\u0131\u015f\u0131r \u015fekilde Eskimolar diyar\u0131 Laponya&rsquo;da d&uuml;zenleniyor. Karlar &uuml;lkesinde dillere destan &lsquo;Kuzey I\u015f\u0131klar\u0131&rsquo;n\u0131n e\u015fli\u011finde kar festivali keyfi i&ccedil;in \u015fimdilik en yak\u0131n adres buras\u0131. Ne var ki s&uuml;resi benzerlerine g&ouml;re bir hayli k\u0131sa. Bu k\u0131\u015f 24-28 Ocak tarihleri aras\u0131nda ger&ccedil;ekle\u015fecek festivalin en ilgi &ccedil;ekici noktalar\u0131ndan birisi \u015f&uuml;phesiz Eskimolar\u0131n diyar\u0131 &#8220;Laponya&#8217;da&#8221; dillere destan kuzey \u0131\u015f\u0131klar\u0131 alt\u0131nda ger&ccedil;ekle\u015fmesi. Festival atlama g&ouml;sterileri, k\u0131zak yar\u0131\u015flar\u0131, ren geyi\u011fi yar\u0131\u015flar\u0131 gibi e\u011flenceler de sunuyor.<\/p>\n<p><strong>Momentum Ski Festival, \u0130svi&ccedil;re<\/strong><\/p>\n<p style=\"text-align: center;\"><strong><img loading=\"lazy\" decoding=\"async\" class=\"alignnone size-full wp-image-5296\" src=\"https:\/\/www.julesverne.com.tr\/\/wp-content\/uploads\/2020\/09\/momentum.jpg\" width=\"740\" height=\"460\" alt=\"\" srcset=\"https:\/\/julesverne.com.tr\/wp-content\/uploads\/2020\/09\/momentum.jpg 740w, https:\/\/julesverne.com.tr\/wp-content\/uploads\/2020\/09\/momentum-500x311.jpg 500w\" sizes=\"(max-width: 740px) 100vw, 740px\" \/><\/strong><\/p>\n<p>En iyi Alp etkinliklerinden biri olan Momentum Kayak Festivali, City Ski \u015eampiyonalar\u0131, Alp \u0130\u015f Forumu ve &ccedil;e\u015fitli apr&egrave;s ski etkinlikleriyle kayak merkezini bir e\u011flence merkezine d&ouml;n&uuml;\u015ft&uuml;r&uuml;yor. \u0130svi&ccedil;re&#8217;nin &uuml;nl&uuml; kayak b&ouml;lgesi Verbier&#8217;i 4 g&uuml;nl&uuml;\u011f&uuml;ne bir festival havas\u0131na b&uuml;r&uuml;nd&uuml;ren Momentum boyunca canl\u0131 m&uuml;zik, komedi g&ouml;sterileri ve gece hayat\u0131 ile dolu yo\u011fun bir program sizi bekliyor. Festival bu sene 1-4 \u015eubat 2018 tarihinde yap\u0131lacak<\/p>\n<p><strong>St. Paul Winter Carnival, ABD<\/strong><\/p>\n<p style=\"text-align: center;\"><strong><img loading=\"lazy\" decoding=\"async\" class=\"alignnone size-full wp-image-5297\" src=\"https:\/\/www.julesverne.com.tr\/\/wp-content\/uploads\/2020\/09\/st_paul.jpg\" width=\"740\" height=\"493\" alt=\"St. Paul Winter Carnival aBD\" srcset=\"https:\/\/julesverne.com.tr\/wp-content\/uploads\/2020\/09\/st_paul.jpg 740w, https:\/\/julesverne.com.tr\/wp-content\/uploads\/2020\/09\/st_paul-500x333.jpg 500w\" sizes=\"(max-width: 740px) 100vw, 740px\" \/><\/strong><\/p>\n<p>Amerika Birle\u015fik Devletleri&#8217;nin en so\u011fuk \u015fehirlerinden biri olan St. Paul, Minnesota Eyaleti&#8217;nde k\u0131\u015f festivallerine do\u011fal ambiyans yaratan bir g&uuml;zellikte. &Uuml;lkenin en eski ve b&uuml;y&uuml;k k\u0131\u015f festivallerinden biri olan St. Paul Winter Carnival &ouml;zellikle dev buzdan kalesi ile &uuml;nl&uuml;. Festival bu y\u0131l, 25 Ocak-10 \u015eubat 2018 tarihlerinde ger&ccedil;ekle\u015fecek.<\/p>\n<p><em><strong>Kaynak: Jabiroo<\/strong><\/em><\/p><\/p>\n","protected":false},"excerpt":{"rendered":"<p>Havalar so\u011fudu\u011funda eve kapanmak zorunda de\u011filsiniz! Bizce d&uuml;\u015fen s\u0131cakl\u0131klar, ilk kar ya\u011f\u0131\u015f\u0131 seyahat etme arzunuza engel olamaz! Aksine, yeni bir motivasyon kayna\u011f\u0131 olarak bile g&ouml;rebiliriz. K\u0131\u015f so\u011fu\u011funu e\u011flenceye &ccedil;evirmenin en keyifli yolu ise k\u0131\u015f festivallerini takip etmek. Buzdan yap\u0131lan heykellerden tutun da a&ccedil;\u0131k hava aktivitelerine kadar farkl\u0131 i&ccedil;eriklerde festivaller herkese hitap ediyor.<\/p>\n","protected":false},"author":1,"featured_media":1831,"comment_status":"closed","ping_status":"closed","sticky":false,"template":"","format":"standard","meta":{"inline_featured_image":false,"footnotes":""},"categories":[38,1,39],"tags":[],"acf":[],"yoast_head":"<!-- This site is optimized with the Yoast SEO plugin v22.3 - https:\/\/yoast.com\/wordpress\/plugins\/seo\/ -->\n<title>Bu Sezon Seyahatlerinizi Renklendirecek En G\u00fczel K\u0131\u015f Festivalleri - JULES VERNE BUSINESS MICE TRAVEL<\/title>\n<meta name=\"robots\" content=\"index, follow, max-snippet:-1, max-image-preview:large, max-video-preview:-1\" \/>\n<link rel=\"canonical\" href=\"https:\/\/julesverne.com.tr\/travel-blog\/bu-sezon-seyahatlerinizi-renklendirecek-en-guzel-kis-festivalleri\/\" \/>\n<meta property=\"og:locale\" content=\"en_US\" \/>\n<meta property=\"og:type\" content=\"article\" \/>\n<meta property=\"og:title\" content=\"Bu Sezon Seyahatlerinizi Renklendirecek En G\u00fczel K\u0131\u015f Festivalleri - JULES VERNE BUSINESS MICE TRAVEL\" \/>\n<meta property=\"og:description\" content=\"Havalar so\u011fudu\u011funda eve kapanmak zorunda de\u011filsiniz! Bizce d&uuml;\u015fen s\u0131cakl\u0131klar, ilk kar ya\u011f\u0131\u015f\u0131 seyahat etme arzunuza engel olamaz! Aksine, yeni bir motivasyon kayna\u011f\u0131 olarak bile g&ouml;rebiliriz. K\u0131\u015f so\u011fu\u011funu e\u011flenceye &ccedil;evirmenin en keyifli yolu ise k\u0131\u015f festivallerini takip etmek. Buzdan yap\u0131lan heykellerden tutun da a&ccedil;\u0131k hava aktivitelerine kadar farkl\u0131 i&ccedil;eriklerde festivaller herkese hitap ediyor.\" \/>\n<meta property=\"og:url\" content=\"https:\/\/julesverne.com.tr\/travel-blog\/bu-sezon-seyahatlerinizi-renklendirecek-en-guzel-kis-festivalleri\/\" \/>\n<meta property=\"og:site_name\" content=\"JULES VERNE BUSINESS MICE TRAVEL\" \/>\n<meta property=\"article:publisher\" content=\"https:\/\/www.facebook.com\/JulesVerneBusinessMiceTravel\/\" \/>\n<meta property=\"article:published_time\" content=\"2017-11-22T10:48:22+00:00\" \/>\n<meta property=\"article:modified_time\" content=\"2021-03-04T12:24:02+00:00\" \/>\n<meta property=\"og:image\" content=\"https:\/\/julesverne.com.tr\/wp-content\/uploads\/2020\/09\/Amsterdam-Lingh-Festival.jpg\" \/>\n\t<meta property=\"og:image:width\" content=\"1000\" \/>\n\t<meta property=\"og:image:height\" content=\"666\" \/>\n\t<meta property=\"og:image:type\" content=\"image\/jpeg\" \/>\n<meta name=\"author\" content=\"fikirman\" \/>\n<meta name=\"twitter:card\" content=\"summary_large_image\" \/>\n<meta name=\"twitter:creator\" content=\"@JV_BusinessMice\" \/>\n<meta name=\"twitter:site\" content=\"@JV_BusinessMice\" \/>\n<meta name=\"twitter:label1\" content=\"Written by\" \/>\n\t<meta name=\"twitter:data1\" content=\"fikirman\" \/>\n\t<meta name=\"twitter:label2\" content=\"Est. reading time\" \/>\n\t<meta name=\"twitter:data2\" content=\"8 minutes\" \/>\n<script type=\"application\/ld+json\" class=\"yoast-schema-graph\">{\"@context\":\"https:\/\/schema.org\",\"@graph\":[{\"@type\":\"Article\",\"@id\":\"https:\/\/julesverne.com.tr\/travel-blog\/bu-sezon-seyahatlerinizi-renklendirecek-en-guzel-kis-festivalleri\/#article\",\"isPartOf\":{\"@id\":\"https:\/\/julesverne.com.tr\/travel-blog\/bu-sezon-seyahatlerinizi-renklendirecek-en-guzel-kis-festivalleri\/\"},\"author\":{\"name\":\"fikirman\",\"@id\":\"https:\/\/julesverne.com.tr\/#\/schema\/person\/f4eb0514ae455538644c31b99a466fdb\"},\"headline\":\"Bu Sezon Seyahatlerinizi Renklendirecek En G\u00fczel K\u0131\u015f Festivalleri\",\"datePublished\":\"2017-11-22T10:48:22+00:00\",\"dateModified\":\"2021-03-04T12:24:02+00:00\",\"mainEntityOfPage\":{\"@id\":\"https:\/\/julesverne.com.tr\/travel-blog\/bu-sezon-seyahatlerinizi-renklendirecek-en-guzel-kis-festivalleri\/\"},\"wordCount\":1696,\"publisher\":{\"@id\":\"https:\/\/julesverne.com.tr\/#organization\"},\"image\":{\"@id\":\"https:\/\/julesverne.com.tr\/travel-blog\/bu-sezon-seyahatlerinizi-renklendirecek-en-guzel-kis-festivalleri\/#primaryimage\"},\"thumbnailUrl\":\"https:\/\/julesverne.com.tr\/wp-content\/uploads\/2020\/09\/Amsterdam-Lingh-Festival.jpg\",\"articleSection\":[\"\u0130lham Veren Destinasyonlar\",\"Blog\",\"Nereye Gitsek?\"],\"inLanguage\":\"en-US\"},{\"@type\":\"WebPage\",\"@id\":\"https:\/\/julesverne.com.tr\/travel-blog\/bu-sezon-seyahatlerinizi-renklendirecek-en-guzel-kis-festivalleri\/\",\"url\":\"https:\/\/julesverne.com.tr\/travel-blog\/bu-sezon-seyahatlerinizi-renklendirecek-en-guzel-kis-festivalleri\/\",\"name\":\"Bu Sezon Seyahatlerinizi Renklendirecek En G\u00fczel K\u0131\u015f Festivalleri - JULES VERNE BUSINESS MICE TRAVEL\",\"isPartOf\":{\"@id\":\"https:\/\/julesverne.com.tr\/#website\"},\"primaryImageOfPage\":{\"@id\":\"https:\/\/julesverne.com.tr\/travel-blog\/bu-sezon-seyahatlerinizi-renklendirecek-en-guzel-kis-festivalleri\/#primaryimage\"},\"image\":{\"@id\":\"https:\/\/julesverne.com.tr\/travel-blog\/bu-sezon-seyahatlerinizi-renklendirecek-en-guzel-kis-festivalleri\/#primaryimage\"},\"thumbnailUrl\":\"https:\/\/julesverne.com.tr\/wp-content\/uploads\/2020\/09\/Amsterdam-Lingh-Festival.jpg\",\"datePublished\":\"2017-11-22T10:48:22+00:00\",\"dateModified\":\"2021-03-04T12:24:02+00:00\",\"breadcrumb\":{\"@id\":\"https:\/\/julesverne.com.tr\/travel-blog\/bu-sezon-seyahatlerinizi-renklendirecek-en-guzel-kis-festivalleri\/#breadcrumb\"},\"inLanguage\":\"en-US\",\"potentialAction\":[{\"@type\":\"ReadAction\",\"target\":[\"https:\/\/julesverne.com.tr\/travel-blog\/bu-sezon-seyahatlerinizi-renklendirecek-en-guzel-kis-festivalleri\/\"]}]},{\"@type\":\"ImageObject\",\"inLanguage\":\"en-US\",\"@id\":\"https:\/\/julesverne.com.tr\/travel-blog\/bu-sezon-seyahatlerinizi-renklendirecek-en-guzel-kis-festivalleri\/#primaryimage\",\"url\":\"https:\/\/julesverne.com.tr\/wp-content\/uploads\/2020\/09\/Amsterdam-Lingh-Festival.jpg\",\"contentUrl\":\"https:\/\/julesverne.com.tr\/wp-content\/uploads\/2020\/09\/Amsterdam-Lingh-Festival.jpg\",\"width\":1000,\"height\":666},{\"@type\":\"BreadcrumbList\",\"@id\":\"https:\/\/julesverne.com.tr\/travel-blog\/bu-sezon-seyahatlerinizi-renklendirecek-en-guzel-kis-festivalleri\/#breadcrumb\",\"itemListElement\":[{\"@type\":\"ListItem\",\"position\":1,\"name\":\"Anasayfa\",\"item\":\"https:\/\/julesverne.com.tr\/\"},{\"@type\":\"ListItem\",\"position\":2,\"name\":\"Bu Sezon Seyahatlerinizi Renklendirecek En G\u00fczel K\u0131\u015f Festivalleri\"}]},{\"@type\":\"WebSite\",\"@id\":\"https:\/\/julesverne.com.tr\/#website\",\"url\":\"https:\/\/julesverne.com.tr\/\",\"name\":\"JULES VERNE BUSINESS MICE TRAVEL\",\"description\":\"\",\"publisher\":{\"@id\":\"https:\/\/julesverne.com.tr\/#organization\"},\"potentialAction\":[{\"@type\":\"SearchAction\",\"target\":{\"@type\":\"EntryPoint\",\"urlTemplate\":\"https:\/\/julesverne.com.tr\/?s={search_term_string}\"},\"query-input\":\"required name=search_term_string\"}],\"inLanguage\":\"en-US\"},{\"@type\":\"Organization\",\"@id\":\"https:\/\/julesverne.com.tr\/#organization\",\"name\":\"JULES VERNE BUSINESS MICE TRAVEL\",\"url\":\"https:\/\/julesverne.com.tr\/\",\"logo\":{\"@type\":\"ImageObject\",\"inLanguage\":\"en-US\",\"@id\":\"https:\/\/julesverne.com.tr\/#\/schema\/logo\/image\/\",\"url\":\"https:\/\/julesverne.com.tr\/wp-content\/uploads\/2020\/09\/jv-bmt-logo.png\",\"contentUrl\":\"https:\/\/julesverne.com.tr\/wp-content\/uploads\/2020\/09\/jv-bmt-logo.png\",\"width\":110,\"height\":81,\"caption\":\"JULES VERNE BUSINESS MICE TRAVEL\"},\"image\":{\"@id\":\"https:\/\/julesverne.com.tr\/#\/schema\/logo\/image\/\"},\"sameAs\":[\"https:\/\/www.facebook.com\/JulesVerneBusinessMiceTravel\/\",\"https:\/\/twitter.com\/JV_BusinessMice\",\"https:\/\/www.instagram.com\/julesvernebusinessmicetravel\/\",\"https:\/\/www.linkedin.com\/company\/julesvernebusinessmicetravel\/\",\"https:\/\/www.youtube.com\/channel\/UCAwdsmbZ6tFhu1tea6pkpiw\"]},{\"@type\":\"Person\",\"@id\":\"https:\/\/julesverne.com.tr\/#\/schema\/person\/f4eb0514ae455538644c31b99a466fdb\",\"name\":\"fikirman\",\"sameAs\":[\"http:\/\/advermedya.net\/julesverne\"],\"url\":\"https:\/\/julesverne.com.tr\/en\/author\/fikirman\/\"}]}<\/script>\n<!-- \/ Yoast SEO plugin. -->","yoast_head_json":{"title":"Bu Sezon Seyahatlerinizi Renklendirecek En G\u00fczel K\u0131\u015f Festivalleri - JULES VERNE BUSINESS MICE TRAVEL","robots":{"index":"index","follow":"follow","max-snippet":"max-snippet:-1","max-image-preview":"max-image-preview:large","max-video-preview":"max-video-preview:-1"},"canonical":"https:\/\/julesverne.com.tr\/travel-blog\/bu-sezon-seyahatlerinizi-renklendirecek-en-guzel-kis-festivalleri\/","og_locale":"en_US","og_type":"article","og_title":"Bu Sezon Seyahatlerinizi Renklendirecek En G\u00fczel K\u0131\u015f Festivalleri - JULES VERNE BUSINESS MICE TRAVEL","og_description":"Havalar so\u011fudu\u011funda eve kapanmak zorunda de\u011filsiniz! Bizce d&uuml;\u015fen s\u0131cakl\u0131klar, ilk kar ya\u011f\u0131\u015f\u0131 seyahat etme arzunuza engel olamaz! Aksine, yeni bir motivasyon kayna\u011f\u0131 olarak bile g&ouml;rebiliriz. K\u0131\u015f so\u011fu\u011funu e\u011flenceye &ccedil;evirmenin en keyifli yolu ise k\u0131\u015f festivallerini takip etmek. Buzdan yap\u0131lan heykellerden tutun da a&ccedil;\u0131k hava aktivitelerine kadar farkl\u0131 i&ccedil;eriklerde festivaller herkese hitap ediyor.","og_url":"https:\/\/julesverne.com.tr\/travel-blog\/bu-sezon-seyahatlerinizi-renklendirecek-en-guzel-kis-festivalleri\/","og_site_name":"JULES VERNE BUSINESS MICE TRAVEL","article_publisher":"https:\/\/www.facebook.com\/JulesVerneBusinessMiceTravel\/","article_published_time":"2017-11-22T10:48:22+00:00","article_modified_time":"2021-03-04T12:24:02+00:00","og_image":[{"width":1000,"height":666,"url":"https:\/\/julesverne.com.tr\/wp-content\/uploads\/2020\/09\/Amsterdam-Lingh-Festival.jpg","type":"image\/jpeg"}],"author":"fikirman","twitter_card":"summary_large_image","twitter_creator":"@JV_BusinessMice","twitter_site":"@JV_BusinessMice","twitter_misc":{"Written by":"fikirman","Est. reading time":"8 minutes"},"schema":{"@context":"https:\/\/schema.org","@graph":[{"@type":"Article","@id":"https:\/\/julesverne.com.tr\/travel-blog\/bu-sezon-seyahatlerinizi-renklendirecek-en-guzel-kis-festivalleri\/#article","isPartOf":{"@id":"https:\/\/julesverne.com.tr\/travel-blog\/bu-sezon-seyahatlerinizi-renklendirecek-en-guzel-kis-festivalleri\/"},"author":{"name":"fikirman","@id":"https:\/\/julesverne.com.tr\/#\/schema\/person\/f4eb0514ae455538644c31b99a466fdb"},"headline":"Bu Sezon Seyahatlerinizi Renklendirecek En G\u00fczel K\u0131\u015f Festivalleri","datePublished":"2017-11-22T10:48:22+00:00","dateModified":"2021-03-04T12:24:02+00:00","mainEntityOfPage":{"@id":"https:\/\/julesverne.com.tr\/travel-blog\/bu-sezon-seyahatlerinizi-renklendirecek-en-guzel-kis-festivalleri\/"},"wordCount":1696,"publisher":{"@id":"https:\/\/julesverne.com.tr\/#organization"},"image":{"@id":"https:\/\/julesverne.com.tr\/travel-blog\/bu-sezon-seyahatlerinizi-renklendirecek-en-guzel-kis-festivalleri\/#primaryimage"},"thumbnailUrl":"https:\/\/julesverne.com.tr\/wp-content\/uploads\/2020\/09\/Amsterdam-Lingh-Festival.jpg","articleSection":["\u0130lham Veren Destinasyonlar","Blog","Nereye Gitsek?"],"inLanguage":"en-US"},{"@type":"WebPage","@id":"https:\/\/julesverne.com.tr\/travel-blog\/bu-sezon-seyahatlerinizi-renklendirecek-en-guzel-kis-festivalleri\/","url":"https:\/\/julesverne.com.tr\/travel-blog\/bu-sezon-seyahatlerinizi-renklendirecek-en-guzel-kis-festivalleri\/","name":"Bu Sezon Seyahatlerinizi Renklendirecek En G\u00fczel K\u0131\u015f Festivalleri - JULES VERNE BUSINESS MICE TRAVEL","isPartOf":{"@id":"https:\/\/julesverne.com.tr\/#website"},"primaryImageOfPage":{"@id":"https:\/\/julesverne.com.tr\/travel-blog\/bu-sezon-seyahatlerinizi-renklendirecek-en-guzel-kis-festivalleri\/#primaryimage"},"image":{"@id":"https:\/\/julesverne.com.tr\/travel-blog\/bu-sezon-seyahatlerinizi-renklendirecek-en-guzel-kis-festivalleri\/#primaryimage"},"thumbnailUrl":"https:\/\/julesverne.com.tr\/wp-content\/uploads\/2020\/09\/Amsterdam-Lingh-Festival.jpg","datePublished":"2017-11-22T10:48:22+00:00","dateModified":"2021-03-04T12:24:02+00:00","breadcrumb":{"@id":"https:\/\/julesverne.com.tr\/travel-blog\/bu-sezon-seyahatlerinizi-renklendirecek-en-guzel-kis-festivalleri\/#breadcrumb"},"inLanguage":"en-US","potentialAction":[{"@type":"ReadAction","target":["https:\/\/julesverne.com.tr\/travel-blog\/bu-sezon-seyahatlerinizi-renklendirecek-en-guzel-kis-festivalleri\/"]}]},{"@type":"ImageObject","inLanguage":"en-US","@id":"https:\/\/julesverne.com.tr\/travel-blog\/bu-sezon-seyahatlerinizi-renklendirecek-en-guzel-kis-festivalleri\/#primaryimage","url":"https:\/\/julesverne.com.tr\/wp-content\/uploads\/2020\/09\/Amsterdam-Lingh-Festival.jpg","contentUrl":"https:\/\/julesverne.com.tr\/wp-content\/uploads\/2020\/09\/Amsterdam-Lingh-Festival.jpg","width":1000,"height":666},{"@type":"BreadcrumbList","@id":"https:\/\/julesverne.com.tr\/travel-blog\/bu-sezon-seyahatlerinizi-renklendirecek-en-guzel-kis-festivalleri\/#breadcrumb","itemListElement":[{"@type":"ListItem","position":1,"name":"Anasayfa","item":"https:\/\/julesverne.com.tr\/"},{"@type":"ListItem","position":2,"name":"Bu Sezon Seyahatlerinizi Renklendirecek En G\u00fczel K\u0131\u015f Festivalleri"}]},{"@type":"WebSite","@id":"https:\/\/julesverne.com.tr\/#website","url":"https:\/\/julesverne.com.tr\/","name":"JULES VERNE BUSINESS MICE TRAVEL","description":"","publisher":{"@id":"https:\/\/julesverne.com.tr\/#organization"},"potentialAction":[{"@type":"SearchAction","target":{"@type":"EntryPoint","urlTemplate":"https:\/\/julesverne.com.tr\/?s={search_term_string}"},"query-input":"required name=search_term_string"}],"inLanguage":"en-US"},{"@type":"Organization","@id":"https:\/\/julesverne.com.tr\/#organization","name":"JULES VERNE BUSINESS MICE TRAVEL","url":"https:\/\/julesverne.com.tr\/","logo":{"@type":"ImageObject","inLanguage":"en-US","@id":"https:\/\/julesverne.com.tr\/#\/schema\/logo\/image\/","url":"https:\/\/julesverne.com.tr\/wp-content\/uploads\/2020\/09\/jv-bmt-logo.png","contentUrl":"https:\/\/julesverne.com.tr\/wp-content\/uploads\/2020\/09\/jv-bmt-logo.png","width":110,"height":81,"caption":"JULES VERNE BUSINESS MICE TRAVEL"},"image":{"@id":"https:\/\/julesverne.com.tr\/#\/schema\/logo\/image\/"},"sameAs":["https:\/\/www.facebook.com\/JulesVerneBusinessMiceTravel\/","https:\/\/twitter.com\/JV_BusinessMice","https:\/\/www.instagram.com\/julesvernebusinessmicetravel\/","https:\/\/www.linkedin.com\/company\/julesvernebusinessmicetravel\/","https:\/\/www.youtube.com\/channel\/UCAwdsmbZ6tFhu1tea6pkpiw"]},{"@type":"Person","@id":"https:\/\/julesverne.com.tr\/#\/schema\/person\/f4eb0514ae455538644c31b99a466fdb","name":"fikirman","sameAs":["http:\/\/advermedya.net\/julesverne"],"url":"https:\/\/julesverne.com.tr\/en\/author\/fikirman\/"}]}},"_links":{"self":[{"href":"https:\/\/julesverne.com.tr\/en\/wp-json\/wp\/v2\/posts\/1830"}],"collection":[{"href":"https:\/\/julesverne.com.tr\/en\/wp-json\/wp\/v2\/posts"}],"about":[{"href":"https:\/\/julesverne.com.tr\/en\/wp-json\/wp\/v2\/types\/post"}],"author":[{"embeddable":true,"href":"https:\/\/julesverne.com.tr\/en\/wp-json\/wp\/v2\/users\/1"}],"replies":[{"embeddable":true,"href":"https:\/\/julesverne.com.tr\/en\/wp-json\/wp\/v2\/comments?post=1830"}],"version-history":[{"count":0,"href":"https:\/\/julesverne.com.tr\/en\/wp-json\/wp\/v2\/posts\/1830\/revisions"}],"wp:featuredmedia":[{"embeddable":true,"href":"https:\/\/julesverne.com.tr\/en\/wp-json\/wp\/v2\/media\/1831"}],"wp:attachment":[{"href":"https:\/\/julesverne.com.tr\/en\/wp-json\/wp\/v2\/media?parent=1830"}],"wp:term":[{"taxonomy":"category","embeddable":true,"href":"https:\/\/julesverne.com.tr\/en\/wp-json\/wp\/v2\/categories?post=1830"},{"taxonomy":"post_tag","embeddable":true,"href":"https:\/\/julesverne.com.tr\/en\/wp-json\/wp\/v2\/tags?post=1830"}],"curies":[{"name":"wp","href":"https:\/\/api.w.org\/{rel}","templated":true}]}}