{"id":1828,"date":"2017-11-15T13:40:12","date_gmt":"2017-11-15T10:40:12","guid":{"rendered":"https:\/\/www.julesverne.com.tr\/\/blog\/avrupanin-sizi-sasirtacak-bilinmeyen-noel-pazarlari\/"},"modified":"2020-09-21T17:36:30","modified_gmt":"2020-09-21T14:36:30","slug":"avrupanin-sizi-sasirtacak-bilinmeyen-noel-pazarlari","status":"publish","type":"post","link":"https:\/\/julesverne.com.tr\/en\/travel-blog\/avrupanin-sizi-sasirtacak-bilinmeyen-noel-pazarlari\/","title":{"rendered":"Avrupa\u2019n\u0131n \u201cSizi \u015ea\u015f\u0131rtacak\u201d, Bilinmeyen Noel Pazarlar\u0131"},"content":{"rendered":"<p><p style=\"text-align: center;\"><img loading=\"lazy\" decoding=\"async\" class=\"alignnone size-full wp-image-5299\" src=\"https:\/\/www.julesverne.com.tr\/\/wp-content\/uploads\/2020\/09\/planenburg_karussel_02_2015_anders_boggild_rgb-1024x683-1.jpg\" width=\"740\" height=\"493\" alt=\"\" srcset=\"https:\/\/julesverne.com.tr\/wp-content\/uploads\/2020\/09\/planenburg_karussel_02_2015_anders_boggild_rgb-1024x683-1.jpg 740w, https:\/\/julesverne.com.tr\/wp-content\/uploads\/2020\/09\/planenburg_karussel_02_2015_anders_boggild_rgb-1024x683-1-500x333.jpg 500w\" sizes=\"(max-width: 740px) 100vw, 740px\" \/><\/p>\n<p>So\u011fuyan havalara ra\u011fmen i&ccedil;imizi \u0131s\u0131tan ve seyahatlerimizi keyifli bir k\u0131\u015f rotas\u0131na d&ouml;n&uuml;\u015ft&uuml;ren en g&uuml;zel d&ouml;neme giriyoruz&#8230; Evet, Noel pazarlar\u0131 Avrupa&#8217;n\u0131n t&uuml;m \u015fehir ve kasabalar\u0131nda kurulmaya ba\u015fland\u0131. S\u0131cak \u015farap, waffle, hediyelik e\u015fya kadar Noel pazarlar\u0131n\u0131n dekorasyonu, \u0131\u015f\u0131kland\u0131rmas\u0131 bulundu\u011fu meydan ve caddeleri bamba\u015fka bir karaktere b&uuml;r&uuml;nd&uuml;r&uuml;yor.<\/p>\n<p style=\"text-align: center;\"><img loading=\"lazy\" decoding=\"async\" class=\"alignnone size-full wp-image-5300\" src=\"https:\/\/www.julesverne.com.tr\/\/wp-content\/uploads\/2020\/09\/2-13.jpg\" width=\"740\" height=\"392\" alt=\"\" srcset=\"https:\/\/julesverne.com.tr\/wp-content\/uploads\/2020\/09\/2-13.jpg 740w, https:\/\/julesverne.com.tr\/wp-content\/uploads\/2020\/09\/2-13-500x265.jpg 500w\" sizes=\"(max-width: 740px) 100vw, 740px\" \/><\/p>\n<p>Bu sene, bilinen Noel pazarlar\u0131 yerine daha &ouml;nce duyulmam\u0131\u015f, Avrupa&rsquo;n\u0131n gizli kalm\u0131\u015f pazarlar\u0131n\u0131 sizinle ke\u015ffetmek istedik. Biz de, bu y\u0131l &ldquo;mutlaka ziyaret etmeliyim&rdquo; diyece\u011finiz &ldquo;Avrupa&#8217;n\u0131n en keyifli 10 Noel Pazar\u0131&rdquo;n\u0131 se&ccedil;tik.<\/p>\n<p><strong>Kopenhag, Danimarka<\/strong><\/p>\n<p style=\"text-align: center;\"><strong><img loading=\"lazy\" decoding=\"async\" class=\"alignnone size-full wp-image-5301\" src=\"https:\/\/www.julesverne.com.tr\/\/wp-content\/uploads\/2020\/09\/kopenhag-1.jpg\" width=\"740\" height=\"416\" alt=\"\" srcset=\"https:\/\/julesverne.com.tr\/wp-content\/uploads\/2020\/09\/kopenhag-1.jpg 740w, https:\/\/julesverne.com.tr\/wp-content\/uploads\/2020\/09\/kopenhag-1-500x281.jpg 500w, https:\/\/julesverne.com.tr\/wp-content\/uploads\/2020\/09\/kopenhag-1-400x225.jpg 400w\" sizes=\"(max-width: 740px) 100vw, 740px\" \/><\/strong><\/p>\n<p>Viking k&uuml;lt&uuml;r&uuml;n&uuml;n izlerini ta\u015f\u0131yan, mimari zenginli\u011fi ve k&uuml;lt&uuml;rel aktiviteleri ile Avrupa&#8217;n\u0131n g&ouml;zde \u015fehirlerinden olan Kopenhag, Christmas zaman\u0131 da fark\u0131n\u0131 yine ortaya koyuyor. \u015eehrin sembol yerlerinden olan ve Vesterbro Caddesi&rsquo;nde bulunan Tivoli Bah&ccedil;eleri y\u0131l boyu peyzaj\u0131 ve \u0131\u015f\u0131kland\u0131rmalar\u0131yla pop&uuml;ler olsa da y\u0131l\u0131n bu zaman\u0131 bamba\u015fka bir karaktere b&uuml;r&uuml;n&uuml;yor.&nbsp; E\u011flence &ccedil;ad\u0131rlar\u0131, konser alanlar\u0131, restoranlar\u0131 ile &uuml;nl&uuml; park Noel pazar\u0131 i&ccedil;in &ouml;zel s&uuml;sleniyor. Buz pateni alan\u0131, ah\u015fap kul&uuml;beleri, s\u0131cak \u015farap kokusunun y&uuml;kseldi\u011fi pazar\u0131n en &ouml;zel anlar\u0131n\u0131 olu\u015fturuyor. Noel pazar\u0131 bu sene 18 Kas\u0131m-31 Aral\u0131k 2017 tarihlerinde a&ccedil;\u0131k.<\/p>\n<p><strong>Lindau, Almanya<\/strong><\/p>\n<p><strong><img loading=\"lazy\" decoding=\"async\" class=\"alignnone size-full wp-image-5302\" src=\"https:\/\/www.julesverne.com.tr\/\/wp-content\/uploads\/2020\/09\/lindau-1.jpg\" width=\"740\" height=\"467\" alt=\"\" srcset=\"https:\/\/julesverne.com.tr\/wp-content\/uploads\/2020\/09\/lindau-1.jpg 740w, https:\/\/julesverne.com.tr\/wp-content\/uploads\/2020\/09\/lindau-1-500x316.jpg 500w\" sizes=\"(max-width: 740px) 100vw, 740px\" \/><\/strong><\/p>\n<p>Bavyera eyaletinin kartpostal\u0131 and\u0131ran kasabalar\u0131ndan biri olan Lindau Konstanz G&ouml;l&uuml;&#8217;n&uuml;n k\u0131y\u0131s\u0131nda kurulmu\u015f. Avusturya s\u0131n\u0131r\u0131ndaki bu kasaba, Almanya&#8217;n\u0131n en b&uuml;y&uuml;k g&ouml;l&uuml; olan Konstanz G&ouml;l&uuml; s\u0131n\u0131rlar\u0131nda kurulmas\u0131n\u0131 g&uuml;zel manzaralar\u0131yla kutluyor. Liman civar\u0131nda kurulan Noel pazar\u0131 ise g&ouml;l, kar ve \u0131\u015f\u0131kland\u0131rmalarla masallar\u0131 and\u0131r\u0131yor. &Ccedil;evredeki ormanl\u0131k alan binlerce ampulle ayd\u0131nlat\u0131l\u0131yor. Dilerseniz, bu alan\u0131 &ouml;zel turlara kat\u0131larak gece bek&ccedil;ileri ile gezebilirsiniz. Christmas Market, 23 Kas\u0131m-17 Aral\u0131k 2017 tarihleri aras\u0131nda a&ccedil;\u0131k.<\/p>\n<p><strong>Tallinn, Estonya<\/strong><\/p>\n<p style=\"text-align: center;\"><strong><img loading=\"lazy\" decoding=\"async\" class=\"alignnone size-full wp-image-5303\" src=\"https:\/\/www.julesverne.com.tr\/\/wp-content\/uploads\/2020\/09\/tallinn_son.jpg\" width=\"740\" height=\"571\" alt=\"\" srcset=\"https:\/\/julesverne.com.tr\/wp-content\/uploads\/2020\/09\/tallinn_son.jpg 740w, https:\/\/julesverne.com.tr\/wp-content\/uploads\/2020\/09\/tallinn_son-500x386.jpg 500w\" sizes=\"(max-width: 740px) 100vw, 740px\" \/><\/strong><\/p>\n<p>Avrupa&#8217;n\u0131n as\u0131rl\u0131k gelenekleri olan Noel pazarlar\u0131 aras\u0131nda olduk&ccedil;a gen&ccedil; ve yeni olsa da Tallinn Orta&ccedil;a\u011f&#8217;da in\u015fa edilen eski \u015fehir merkezindeki ambiyans\u0131yla aradaki zaman fark\u0131n\u0131 kapat\u0131yor. Gotik mimarideki Belediye Binas\u0131 Meydan\u0131&rsquo;nda kurulan pazarlar\u0131n ge&ccedil;mi\u015fi 2000&#8217;in ba\u015f\u0131na uzansa da ilk Noel a\u011fac\u0131 1441 y\u0131l\u0131nda bu meydana kurulmu\u015f! Meydana kurulan ah\u015fap kul&uuml;beler, eski \u015fehir mimarisi ve \u0131\u015f\u0131kland\u0131rmalar birle\u015fti\u011finde ortaya ger&ccedil;ek bir kartpostal g&ouml;r&uuml;nt&uuml;s&uuml; &ccedil;\u0131k\u0131yor. Noel pazar\u0131n\u0131 bu sene 17 Kas\u0131m 2017 &#8211; 6 Ocak 2018 tarihleri aras\u0131nda ziyaret edebilirsiniz.<\/p>\n<p><strong>Bruges,Bel&ccedil;ika<\/strong><\/p>\n<p style=\"text-align: center;\"><strong><img loading=\"lazy\" decoding=\"async\" class=\"alignnone size-full wp-image-5304\" src=\"https:\/\/www.julesverne.com.tr\/\/wp-content\/uploads\/2020\/09\/bruges-2.jpg\" width=\"800\" height=\"533\" alt=\"\" srcset=\"https:\/\/julesverne.com.tr\/wp-content\/uploads\/2020\/09\/bruges-2.jpg 800w, https:\/\/julesverne.com.tr\/wp-content\/uploads\/2020\/09\/bruges-2-500x333.jpg 500w, https:\/\/julesverne.com.tr\/wp-content\/uploads\/2020\/09\/bruges-2-768x512.jpg 768w\" sizes=\"(max-width: 800px) 100vw, 800px\" \/><\/strong><\/p>\n<p>Avrupa&#8217;n\u0131n en iyi Noel pazarlar\u0131ndan birine ev sahipli\u011fi yapan Bruges, y\u0131l\u0131n her d&ouml;nemi tarihi ve romantik ambiyans\u0131yla g&ouml;r&uuml;lmeye de\u011fer. Ancak Arnavut kald\u0131r\u0131ml\u0131 sokaklar\u0131ndan y&uuml;kselen tar&ccedil;\u0131n ve waffle kokular\u0131, ah\u015fap kul&uuml;belerden ta\u015fan leziz Bel&ccedil;ika biralar\u0131 ve &ccedil;ikolatalar\u0131 Noel s&uuml;slemeleriyle daha cazip bir hal al\u0131yor. Tarihi binalarla &ccedil;evrili Grote Markt&#8217;ta kurulan Noel pazar\u0131n\u0131n ve buz pistinin keyfini &ccedil;\u0131kar\u0131n. Bu sene 24 Kas\u0131m 2017-2 Ocak 2018 tarihlerinde a&ccedil;\u0131k.<\/p>\n<p><strong>Krakow, Polonya<\/strong><\/p>\n<p style=\"text-align: center;\"><strong><img loading=\"lazy\" decoding=\"async\" class=\"alignnone size-full wp-image-5305\" src=\"https:\/\/www.julesverne.com.tr\/\/wp-content\/uploads\/2020\/09\/krakow-2.jpg\" width=\"740\" height=\"493\" alt=\"\" srcset=\"https:\/\/julesverne.com.tr\/wp-content\/uploads\/2020\/09\/krakow-2.jpg 740w, https:\/\/julesverne.com.tr\/wp-content\/uploads\/2020\/09\/krakow-2-500x333.jpg 500w\" sizes=\"(max-width: 740px) 100vw, 740px\" \/><\/strong><\/p>\n<p>19. y&uuml;zy\u0131lda Krakow yerlilerinin \u015fehrin merkez meydan\u0131na giderek, kendi Noel a\u011fa&ccedil;lar\u0131n\u0131 toparlamalar\u0131ndan ba\u015flayan gelenek bug&uuml;n tarihi \u015fehir merkezinin g&ouml;rkemli meydan\u0131na Noel pazar\u0131 organizasyona d&ouml;n&uuml;\u015fm&uuml;\u015f. Orta&ccedil;a\u011f mimarisindeki tarihi \u015fehir meydan\u0131 Ryne Glowny, her y\u0131l bu d&ouml;nemde daha cazip bir hale b&uuml;r&uuml;n&uuml;yor. Ah\u015fap kul&uuml;belerde geleneksel at\u0131\u015ft\u0131rmal\u0131klar ve hediyelik e\u015fyalar aras\u0131nda elle boyanan cam boncuklardan sat\u0131n almay\u0131 ihmal etmeyin. Noel pazar\u0131 bu y\u0131l 24 Kas\u0131m-26 Aral\u0131k 2017 tarihlerinde ziyaret edilebilir.<\/p>\n<p><strong>Zagreb, H\u0131rvatistan<\/strong><\/p>\n<p style=\"text-align: center;\"><strong><img loading=\"lazy\" decoding=\"async\" class=\"alignnone size-full wp-image-5306\" src=\"https:\/\/www.julesverne.com.tr\/\/wp-content\/uploads\/2020\/09\/zagreb-1.jpg\" width=\"740\" height=\"493\" alt=\"\" srcset=\"https:\/\/julesverne.com.tr\/wp-content\/uploads\/2020\/09\/zagreb-1.jpg 740w, https:\/\/julesverne.com.tr\/wp-content\/uploads\/2020\/09\/zagreb-1-500x333.jpg 500w\" sizes=\"(max-width: 740px) 100vw, 740px\" \/><\/strong><\/p>\n<p>Listede H\u0131rvatistan&rsquo;dan bir \u015fehri g&ouml;rmek sizi \u015fa\u015f\u0131rtm\u0131\u015f olabilir ancak H\u0131rvatistan sadece yaz aylar\u0131nda hareketlenen sahil k\u0131y\u0131 ve \u015fehirleriyle &uuml;nl&uuml; de\u011fil! K\u0131\u015f mevsiminde da\u011f\u0131lan dikkati Noel Pazar\u0131 ile tek bir yere toplamay\u0131 ba\u015far\u0131yor. Y\u0131l\u0131n bu d&ouml;neminde, King Tomislav Meydan\u0131 adeta bir \u015f&ouml;len yerine d&ouml;n&uuml;\u015f&uuml;yor. Buz pateni pistinde ger&ccedil;ekle\u015fen artistik buz balesi g&ouml;sterileri, meydan\u0131 saran a\u011fa&ccedil;lar\u0131n ve tarihi binalar\u0131n \u0131\u015f\u0131kland\u0131r\u0131lmas\u0131yla bamba\u015fka bir karaktere b&uuml;r&uuml;n&uuml;yor. \u015eehrin ana meydan\u0131 olan Ban Jela\u010di\u0107&#8217;de kurulan pazara gidip, geleneksel H\u0131rvat tatlar\u0131n\u0131 da deneyimlemeyi unutmay\u0131n. 2 Aral\u0131k 2017-7 Ocak 2018 tarihleri aras\u0131nda Zagreb&#8217;in \u0131\u015f\u0131lt\u0131s\u0131na \u015fahit olun!<\/p>\n<p><strong>Colmar, Fransa<\/strong><\/p>\n<p style=\"text-align: center;\"><strong><img loading=\"lazy\" decoding=\"async\" class=\"alignnone size-full wp-image-5307\" src=\"https:\/\/www.julesverne.com.tr\/\/wp-content\/uploads\/2020\/09\/colmar-1.jpg\" width=\"740\" height=\"493\" alt=\"\" srcset=\"https:\/\/julesverne.com.tr\/wp-content\/uploads\/2020\/09\/colmar-1.jpg 740w, https:\/\/julesverne.com.tr\/wp-content\/uploads\/2020\/09\/colmar-1-500x333.jpg 500w\" sizes=\"(max-width: 740px) 100vw, 740px\" \/><\/strong><\/p>\n<p>Alsace \u015earap Yolu&#8217;nun merkezi olarak tan\u0131nan Colmar, Fransa&#8217;n\u0131n en karakteristik kasabalar\u0131ndan biri. Kendinizi masal karakteri gibi hissedece\u011finiz b&uuml;y&uuml;l&uuml; zaman ise Colmar&#8217;a Noel d&ouml;nemi yapaca\u011f\u0131n\u0131z ziyaretlerde gizli! Her y\u0131l kasaban\u0131n 5 farkl\u0131 noktas\u0131nda kurulan Noel pazarlar\u0131n\u0131n her biri kendi esnaflar\u0131ndan olu\u015fan kul&uuml;beleri ve &ouml;zel &uuml;r&uuml;nleriyle bir festival havas\u0131 olu\u015fturuyor. Noel pazarlar\u0131n\u0131n kuruldu\u011fu her meydan kendi mimari &ouml;zelliklerini yans\u0131t\u0131yor. Reng&acirc;renk pazarlar\u0131 24 Kas\u0131m-31 Aral\u0131k 2017 tarihleri aras\u0131nda gezebilirsiniz.<\/p>\n<p><strong>Edinburgh, \u0130sko&ccedil;ya<\/strong><\/p>\n<p style=\"text-align: center;\"><strong><img loading=\"lazy\" decoding=\"async\" class=\"alignnone size-full wp-image-5308\" src=\"https:\/\/www.julesverne.com.tr\/\/wp-content\/uploads\/2020\/09\/edinburgh-2.jpg\" width=\"740\" height=\"489\" alt=\"\" srcset=\"https:\/\/julesverne.com.tr\/wp-content\/uploads\/2020\/09\/edinburgh-2.jpg 740w, https:\/\/julesverne.com.tr\/wp-content\/uploads\/2020\/09\/edinburgh-2-500x330.jpg 500w\" sizes=\"(max-width: 740px) 100vw, 740px\" \/><\/strong><\/p>\n<p>Edinburgh&#8217;ta y\u0131l\u0131n en b&uuml;y&uuml;l&uuml; zamanlar\u0131 ba\u015fl\u0131yor! Keyifli bir gece yar\u0131s\u0131 al\u0131\u015fveri\u015fi yapmak, otantik bir Alman pazar\u0131 deneyimi ya\u015famak, buz pateni pistinde kaymak&#8230; Hepsi \u0130sko&ccedil;ya&#8217;n\u0131n tarihi ba\u015fkentinde bulu\u015fuyor ve Edinburgh renkli Noel \u0131\u015f\u0131klar\u0131 alt\u0131nda par\u0131ld\u0131yor. George Street ve East Princes Street Gardens&#8217;da kurulan 2 Noel pazar\u0131 da s&uuml;slenen kul&uuml;beleri ve \u0131\u015f\u0131kland\u0131rmalar\u0131yla harikalar diyar\u0131nda gibi hissettiriyor. Bu d&ouml;nemde \u015fehirde dola\u015f\u0131rken, Edinburgh&rsquo;un Noel i&ccedil;in yarat\u0131lm\u0131\u015f oldu\u011funu d&uuml;\u015f&uuml;nebilirsiniz. George Street Noel Pazar\u0131 17 Kas\u0131m-24 Aral\u0131k 2017; Princes Street Gardens Noel Pazar\u0131 18 Kas\u0131m 2017-6 Ocak 2018 tarihlerinde ziyarete a&ccedil;\u0131k.<\/p>\n<p><strong>Bolzano, \u0130talya<\/strong><\/p>\n<p style=\"text-align: center;\"><strong><img loading=\"lazy\" decoding=\"async\" class=\"alignnone size-full wp-image-5309\" src=\"https:\/\/www.julesverne.com.tr\/\/wp-content\/uploads\/2020\/09\/bolzano-1.jpg\" width=\"740\" height=\"513\" alt=\"\" srcset=\"https:\/\/julesverne.com.tr\/wp-content\/uploads\/2020\/09\/bolzano-1.jpg 740w, https:\/\/julesverne.com.tr\/wp-content\/uploads\/2020\/09\/bolzano-1-500x347.jpg 500w\" sizes=\"(max-width: 740px) 100vw, 740px\" \/><\/strong><\/p>\n<p>G&uuml;ney Tirol&#8217;un ba\u015fkenti olan Bolzano, Lindau gibi romantik k\u0131\u015f ka&ccedil;ama\u011f\u0131 i&ccedil;in harika bir destinasyon. Dolomites da\u011f eteklerine a&ccedil;\u0131lan bir ge&ccedil;it olarak da tan\u0131mlayabilece\u011fimiz Bolzano, yaz aylar\u0131nda canlanan &uuml;z&uuml;m ba\u011flar\u0131 ve k\u0131\u015f aylar\u0131nda beyaza b&uuml;r&uuml;nen yama&ccedil;larla &ccedil;evrili bir Orta&ccedil;a\u011f \u015fehri. \u015eehrin renkli parke ta\u015f\u0131 sokaklar\u0131n\u0131 gezerken ve mavi g&ouml;zl&uuml; Almanca konu\u015fanlardan olu\u015fan canl\u0131 bir kalabal\u0131k aras\u0131nda y&uuml;r&uuml;rken l \u0130talya&#8217;da oldu\u011funuzu hat\u0131rlamak zor olabilir. I\u015f\u0131l \u0131\u015f\u0131l dekore edilen Piazza Walther&#8217;da hediyelik e\u015fyalar kadar geleneksel Tirol yemeklerini bulaca\u011f\u0131n\u0131z duraklar\u0131 es ge&ccedil;meyin. Noel pazar\u0131 bu sene 24 Kas\u0131m 2017-6 Ocak 2018 tarihlerinde ziyaret edilebilir.<\/p>\n<p><strong>Bath, \u0130ngiltere<\/strong><\/p>\n<p style=\"text-align: center;\"><strong><img loading=\"lazy\" decoding=\"async\" class=\"alignnone size-full wp-image-5310\" src=\"https:\/\/www.julesverne.com.tr\/\/wp-content\/uploads\/2020\/09\/bath-2.jpg\" width=\"740\" height=\"416\" alt=\"\" srcset=\"https:\/\/julesverne.com.tr\/wp-content\/uploads\/2020\/09\/bath-2.jpg 740w, https:\/\/julesverne.com.tr\/wp-content\/uploads\/2020\/09\/bath-2-500x281.jpg 500w, https:\/\/julesverne.com.tr\/wp-content\/uploads\/2020\/09\/bath-2-400x225.jpg 400w\" sizes=\"(max-width: 740px) 100vw, 740px\" \/><\/strong><\/p>\n<p>Tarihi spa kasabas\u0131 olarak bilinen Bath, &uuml;nl&uuml; Roma yerle\u015fkesi ile UNESCO D&uuml;nya Miras\u0131 Listesi&#8217;nde yer al\u0131yor. 18.y&uuml;zy\u0131l mimarisiyle &ccedil;evrili olan kasaba 19.y&uuml;zy\u0131lda par\u0131lt\u0131s\u0131n\u0131 kaybetse de bug&uuml;n Jane Austen&#8217;in tasvir etti\u011fi \u0131\u015f\u0131lt\u0131s\u0131n\u0131 koruyor. \u0130ngiltere&#8217;nin en ya\u015fan\u0131labilir \u015fehirlerinden biri se&ccedil;ilen Bath, Georgian mimarisindeki meydan\u0131na kurulan Noel pazar\u0131yla y\u0131l\u0131n son g&uuml;nlerinde \u0131\u015f\u0131l \u0131\u015f\u0131l parl\u0131yor. 200&#8217;&uuml;n &uuml;zerinde ah\u015fap kul&uuml;bede geleneksel Noel co\u015fkusunu ya\u015fayabilirsiniz. Bu sene, 23 Kas\u0131m-10 Aral\u0131k 2017 tarihlerinde a&ccedil;\u0131k.<\/p>\n<p style=\"text-align: center;\"><strong>Detayl\u0131 bilgi ve rezervasyon i&ccedil;in:<\/strong><br \/><a href=\"mailto:travel@julesverne.com.tr\" target=\"_blank\" rel=\"noopener noreferrer\"><strong>travel@julesverne.com.tr<\/strong><\/a><br \/><strong>0212 266 6363 &#8211; 118<\/strong><\/p><\/p>\n","protected":false},"excerpt":{"rendered":"<p>Bu sene, bilinen Noel pazarlar\u0131 yerine daha &ouml;nce duyulmam\u0131\u015f, Avrupa&rsquo;n\u0131n gizli kalm\u0131\u015f pazarlar\u0131n\u0131 sizinle ke\u015ffetmek istedik. Biz de, bu y\u0131l &ldquo;mutlaka ziyaret etmeliyim&rdquo; diyece\u011finiz &ldquo;Avrupa&#8217;n\u0131n en keyifli 10 Noel Pazar\u0131&rdquo;n\u0131 se&ccedil;tik.<\/p>\n","protected":false},"author":1,"featured_media":1829,"comment_status":"closed","ping_status":"closed","sticky":false,"template":"","format":"standard","meta":{"inline_featured_image":false,"footnotes":""},"categories":[1],"tags":[],"acf":[],"yoast_head":"<!-- This site is optimized with the Yoast SEO plugin v22.3 - https:\/\/yoast.com\/wordpress\/plugins\/seo\/ -->\n<title>Avrupa\u2019n\u0131n \u201cSizi \u015ea\u015f\u0131rtacak\u201d, Bilinmeyen Noel Pazarlar\u0131 - JULES VERNE BUSINESS MICE TRAVEL<\/title>\n<meta name=\"robots\" content=\"index, follow, max-snippet:-1, max-image-preview:large, max-video-preview:-1\" \/>\n<link rel=\"canonical\" href=\"https:\/\/julesverne.com.tr\/travel-blog\/avrupanin-sizi-sasirtacak-bilinmeyen-noel-pazarlari\/\" \/>\n<meta property=\"og:locale\" content=\"en_US\" \/>\n<meta property=\"og:type\" content=\"article\" \/>\n<meta property=\"og:title\" content=\"Avrupa\u2019n\u0131n \u201cSizi \u015ea\u015f\u0131rtacak\u201d, Bilinmeyen Noel Pazarlar\u0131 - JULES VERNE BUSINESS MICE TRAVEL\" \/>\n<meta property=\"og:description\" content=\"Bu sene, bilinen Noel pazarlar\u0131 yerine daha &ouml;nce duyulmam\u0131\u015f, Avrupa&rsquo;n\u0131n gizli kalm\u0131\u015f pazarlar\u0131n\u0131 sizinle ke\u015ffetmek istedik. Biz de, bu y\u0131l &ldquo;mutlaka ziyaret etmeliyim&rdquo; diyece\u011finiz &ldquo;Avrupa&#039;n\u0131n en keyifli 10 Noel Pazar\u0131&rdquo;n\u0131 se&ccedil;tik.\" \/>\n<meta property=\"og:url\" content=\"https:\/\/julesverne.com.tr\/travel-blog\/avrupanin-sizi-sasirtacak-bilinmeyen-noel-pazarlari\/\" \/>\n<meta property=\"og:site_name\" content=\"JULES VERNE BUSINESS MICE TRAVEL\" \/>\n<meta property=\"article:publisher\" content=\"https:\/\/www.facebook.com\/JulesVerneBusinessMiceTravel\/\" \/>\n<meta property=\"article:published_time\" content=\"2017-11-15T10:40:12+00:00\" \/>\n<meta property=\"article:modified_time\" content=\"2020-09-21T14:36:30+00:00\" \/>\n<meta property=\"og:image\" content=\"https:\/\/julesverne.com.tr\/wp-content\/uploads\/2020\/09\/christmas_market_1.jpg\" \/>\n\t<meta property=\"og:image:width\" content=\"600\" \/>\n\t<meta property=\"og:image:height\" content=\"400\" \/>\n\t<meta property=\"og:image:type\" content=\"image\/jpeg\" \/>\n<meta name=\"author\" content=\"fikirman\" \/>\n<meta name=\"twitter:card\" content=\"summary_large_image\" \/>\n<meta name=\"twitter:creator\" content=\"@JV_BusinessMice\" \/>\n<meta name=\"twitter:site\" content=\"@JV_BusinessMice\" \/>\n<meta name=\"twitter:label1\" content=\"Written by\" \/>\n\t<meta name=\"twitter:data1\" content=\"fikirman\" \/>\n\t<meta name=\"twitter:label2\" content=\"Est. reading time\" \/>\n\t<meta name=\"twitter:data2\" content=\"7 minutes\" \/>\n<script type=\"application\/ld+json\" class=\"yoast-schema-graph\">{\"@context\":\"https:\/\/schema.org\",\"@graph\":[{\"@type\":\"Article\",\"@id\":\"https:\/\/julesverne.com.tr\/travel-blog\/avrupanin-sizi-sasirtacak-bilinmeyen-noel-pazarlari\/#article\",\"isPartOf\":{\"@id\":\"https:\/\/julesverne.com.tr\/travel-blog\/avrupanin-sizi-sasirtacak-bilinmeyen-noel-pazarlari\/\"},\"author\":{\"name\":\"fikirman\",\"@id\":\"https:\/\/julesverne.com.tr\/#\/schema\/person\/f4eb0514ae455538644c31b99a466fdb\"},\"headline\":\"Avrupa\u2019n\u0131n \u201cSizi \u015ea\u015f\u0131rtacak\u201d, Bilinmeyen Noel Pazarlar\u0131\",\"datePublished\":\"2017-11-15T10:40:12+00:00\",\"dateModified\":\"2020-09-21T14:36:30+00:00\",\"mainEntityOfPage\":{\"@id\":\"https:\/\/julesverne.com.tr\/travel-blog\/avrupanin-sizi-sasirtacak-bilinmeyen-noel-pazarlari\/\"},\"wordCount\":1366,\"publisher\":{\"@id\":\"https:\/\/julesverne.com.tr\/#organization\"},\"image\":{\"@id\":\"https:\/\/julesverne.com.tr\/travel-blog\/avrupanin-sizi-sasirtacak-bilinmeyen-noel-pazarlari\/#primaryimage\"},\"thumbnailUrl\":\"https:\/\/julesverne.com.tr\/wp-content\/uploads\/2020\/09\/christmas_market_1.jpg\",\"articleSection\":[\"Blog\"],\"inLanguage\":\"en-US\"},{\"@type\":\"WebPage\",\"@id\":\"https:\/\/julesverne.com.tr\/travel-blog\/avrupanin-sizi-sasirtacak-bilinmeyen-noel-pazarlari\/\",\"url\":\"https:\/\/julesverne.com.tr\/travel-blog\/avrupanin-sizi-sasirtacak-bilinmeyen-noel-pazarlari\/\",\"name\":\"Avrupa\u2019n\u0131n \u201cSizi \u015ea\u015f\u0131rtacak\u201d, Bilinmeyen Noel Pazarlar\u0131 - JULES VERNE BUSINESS MICE TRAVEL\",\"isPartOf\":{\"@id\":\"https:\/\/julesverne.com.tr\/#website\"},\"primaryImageOfPage\":{\"@id\":\"https:\/\/julesverne.com.tr\/travel-blog\/avrupanin-sizi-sasirtacak-bilinmeyen-noel-pazarlari\/#primaryimage\"},\"image\":{\"@id\":\"https:\/\/julesverne.com.tr\/travel-blog\/avrupanin-sizi-sasirtacak-bilinmeyen-noel-pazarlari\/#primaryimage\"},\"thumbnailUrl\":\"https:\/\/julesverne.com.tr\/wp-content\/uploads\/2020\/09\/christmas_market_1.jpg\",\"datePublished\":\"2017-11-15T10:40:12+00:00\",\"dateModified\":\"2020-09-21T14:36:30+00:00\",\"breadcrumb\":{\"@id\":\"https:\/\/julesverne.com.tr\/travel-blog\/avrupanin-sizi-sasirtacak-bilinmeyen-noel-pazarlari\/#breadcrumb\"},\"inLanguage\":\"en-US\",\"potentialAction\":[{\"@type\":\"ReadAction\",\"target\":[\"https:\/\/julesverne.com.tr\/travel-blog\/avrupanin-sizi-sasirtacak-bilinmeyen-noel-pazarlari\/\"]}]},{\"@type\":\"ImageObject\",\"inLanguage\":\"en-US\",\"@id\":\"https:\/\/julesverne.com.tr\/travel-blog\/avrupanin-sizi-sasirtacak-bilinmeyen-noel-pazarlari\/#primaryimage\",\"url\":\"https:\/\/julesverne.com.tr\/wp-content\/uploads\/2020\/09\/christmas_market_1.jpg\",\"contentUrl\":\"https:\/\/julesverne.com.tr\/wp-content\/uploads\/2020\/09\/christmas_market_1.jpg\",\"width\":600,\"height\":400},{\"@type\":\"BreadcrumbList\",\"@id\":\"https:\/\/julesverne.com.tr\/travel-blog\/avrupanin-sizi-sasirtacak-bilinmeyen-noel-pazarlari\/#breadcrumb\",\"itemListElement\":[{\"@type\":\"ListItem\",\"position\":1,\"name\":\"Anasayfa\",\"item\":\"https:\/\/julesverne.com.tr\/\"},{\"@type\":\"ListItem\",\"position\":2,\"name\":\"Avrupa\u2019n\u0131n \u201cSizi \u015ea\u015f\u0131rtacak\u201d, Bilinmeyen Noel Pazarlar\u0131\"}]},{\"@type\":\"WebSite\",\"@id\":\"https:\/\/julesverne.com.tr\/#website\",\"url\":\"https:\/\/julesverne.com.tr\/\",\"name\":\"JULES VERNE BUSINESS MICE TRAVEL\",\"description\":\"\",\"publisher\":{\"@id\":\"https:\/\/julesverne.com.tr\/#organization\"},\"potentialAction\":[{\"@type\":\"SearchAction\",\"target\":{\"@type\":\"EntryPoint\",\"urlTemplate\":\"https:\/\/julesverne.com.tr\/?s={search_term_string}\"},\"query-input\":\"required name=search_term_string\"}],\"inLanguage\":\"en-US\"},{\"@type\":\"Organization\",\"@id\":\"https:\/\/julesverne.com.tr\/#organization\",\"name\":\"JULES VERNE BUSINESS MICE TRAVEL\",\"url\":\"https:\/\/julesverne.com.tr\/\",\"logo\":{\"@type\":\"ImageObject\",\"inLanguage\":\"en-US\",\"@id\":\"https:\/\/julesverne.com.tr\/#\/schema\/logo\/image\/\",\"url\":\"https:\/\/julesverne.com.tr\/wp-content\/uploads\/2020\/09\/jv-bmt-logo.png\",\"contentUrl\":\"https:\/\/julesverne.com.tr\/wp-content\/uploads\/2020\/09\/jv-bmt-logo.png\",\"width\":110,\"height\":81,\"caption\":\"JULES VERNE BUSINESS MICE TRAVEL\"},\"image\":{\"@id\":\"https:\/\/julesverne.com.tr\/#\/schema\/logo\/image\/\"},\"sameAs\":[\"https:\/\/www.facebook.com\/JulesVerneBusinessMiceTravel\/\",\"https:\/\/twitter.com\/JV_BusinessMice\",\"https:\/\/www.instagram.com\/julesvernebusinessmicetravel\/\",\"https:\/\/www.linkedin.com\/company\/julesvernebusinessmicetravel\/\",\"https:\/\/www.youtube.com\/channel\/UCAwdsmbZ6tFhu1tea6pkpiw\"]},{\"@type\":\"Person\",\"@id\":\"https:\/\/julesverne.com.tr\/#\/schema\/person\/f4eb0514ae455538644c31b99a466fdb\",\"name\":\"fikirman\",\"sameAs\":[\"http:\/\/advermedya.net\/julesverne\"],\"url\":\"https:\/\/julesverne.com.tr\/en\/author\/fikirman\/\"}]}<\/script>\n<!-- \/ Yoast SEO plugin. -->","yoast_head_json":{"title":"Avrupa\u2019n\u0131n \u201cSizi \u015ea\u015f\u0131rtacak\u201d, Bilinmeyen Noel Pazarlar\u0131 - JULES VERNE BUSINESS MICE TRAVEL","robots":{"index":"index","follow":"follow","max-snippet":"max-snippet:-1","max-image-preview":"max-image-preview:large","max-video-preview":"max-video-preview:-1"},"canonical":"https:\/\/julesverne.com.tr\/travel-blog\/avrupanin-sizi-sasirtacak-bilinmeyen-noel-pazarlari\/","og_locale":"en_US","og_type":"article","og_title":"Avrupa\u2019n\u0131n \u201cSizi \u015ea\u015f\u0131rtacak\u201d, Bilinmeyen Noel Pazarlar\u0131 - JULES VERNE BUSINESS MICE TRAVEL","og_description":"Bu sene, bilinen Noel pazarlar\u0131 yerine daha &ouml;nce duyulmam\u0131\u015f, Avrupa&rsquo;n\u0131n gizli kalm\u0131\u015f pazarlar\u0131n\u0131 sizinle ke\u015ffetmek istedik. Biz de, bu y\u0131l &ldquo;mutlaka ziyaret etmeliyim&rdquo; diyece\u011finiz &ldquo;Avrupa'n\u0131n en keyifli 10 Noel Pazar\u0131&rdquo;n\u0131 se&ccedil;tik.","og_url":"https:\/\/julesverne.com.tr\/travel-blog\/avrupanin-sizi-sasirtacak-bilinmeyen-noel-pazarlari\/","og_site_name":"JULES VERNE BUSINESS MICE TRAVEL","article_publisher":"https:\/\/www.facebook.com\/JulesVerneBusinessMiceTravel\/","article_published_time":"2017-11-15T10:40:12+00:00","article_modified_time":"2020-09-21T14:36:30+00:00","og_image":[{"width":600,"height":400,"url":"https:\/\/julesverne.com.tr\/wp-content\/uploads\/2020\/09\/christmas_market_1.jpg","type":"image\/jpeg"}],"author":"fikirman","twitter_card":"summary_large_image","twitter_creator":"@JV_BusinessMice","twitter_site":"@JV_BusinessMice","twitter_misc":{"Written by":"fikirman","Est. reading time":"7 minutes"},"schema":{"@context":"https:\/\/schema.org","@graph":[{"@type":"Article","@id":"https:\/\/julesverne.com.tr\/travel-blog\/avrupanin-sizi-sasirtacak-bilinmeyen-noel-pazarlari\/#article","isPartOf":{"@id":"https:\/\/julesverne.com.tr\/travel-blog\/avrupanin-sizi-sasirtacak-bilinmeyen-noel-pazarlari\/"},"author":{"name":"fikirman","@id":"https:\/\/julesverne.com.tr\/#\/schema\/person\/f4eb0514ae455538644c31b99a466fdb"},"headline":"Avrupa\u2019n\u0131n \u201cSizi \u015ea\u015f\u0131rtacak\u201d, Bilinmeyen Noel Pazarlar\u0131","datePublished":"2017-11-15T10:40:12+00:00","dateModified":"2020-09-21T14:36:30+00:00","mainEntityOfPage":{"@id":"https:\/\/julesverne.com.tr\/travel-blog\/avrupanin-sizi-sasirtacak-bilinmeyen-noel-pazarlari\/"},"wordCount":1366,"publisher":{"@id":"https:\/\/julesverne.com.tr\/#organization"},"image":{"@id":"https:\/\/julesverne.com.tr\/travel-blog\/avrupanin-sizi-sasirtacak-bilinmeyen-noel-pazarlari\/#primaryimage"},"thumbnailUrl":"https:\/\/julesverne.com.tr\/wp-content\/uploads\/2020\/09\/christmas_market_1.jpg","articleSection":["Blog"],"inLanguage":"en-US"},{"@type":"WebPage","@id":"https:\/\/julesverne.com.tr\/travel-blog\/avrupanin-sizi-sasirtacak-bilinmeyen-noel-pazarlari\/","url":"https:\/\/julesverne.com.tr\/travel-blog\/avrupanin-sizi-sasirtacak-bilinmeyen-noel-pazarlari\/","name":"Avrupa\u2019n\u0131n \u201cSizi \u015ea\u015f\u0131rtacak\u201d, Bilinmeyen Noel Pazarlar\u0131 - JULES VERNE BUSINESS MICE TRAVEL","isPartOf":{"@id":"https:\/\/julesverne.com.tr\/#website"},"primaryImageOfPage":{"@id":"https:\/\/julesverne.com.tr\/travel-blog\/avrupanin-sizi-sasirtacak-bilinmeyen-noel-pazarlari\/#primaryimage"},"image":{"@id":"https:\/\/julesverne.com.tr\/travel-blog\/avrupanin-sizi-sasirtacak-bilinmeyen-noel-pazarlari\/#primaryimage"},"thumbnailUrl":"https:\/\/julesverne.com.tr\/wp-content\/uploads\/2020\/09\/christmas_market_1.jpg","datePublished":"2017-11-15T10:40:12+00:00","dateModified":"2020-09-21T14:36:30+00:00","breadcrumb":{"@id":"https:\/\/julesverne.com.tr\/travel-blog\/avrupanin-sizi-sasirtacak-bilinmeyen-noel-pazarlari\/#breadcrumb"},"inLanguage":"en-US","potentialAction":[{"@type":"ReadAction","target":["https:\/\/julesverne.com.tr\/travel-blog\/avrupanin-sizi-sasirtacak-bilinmeyen-noel-pazarlari\/"]}]},{"@type":"ImageObject","inLanguage":"en-US","@id":"https:\/\/julesverne.com.tr\/travel-blog\/avrupanin-sizi-sasirtacak-bilinmeyen-noel-pazarlari\/#primaryimage","url":"https:\/\/julesverne.com.tr\/wp-content\/uploads\/2020\/09\/christmas_market_1.jpg","contentUrl":"https:\/\/julesverne.com.tr\/wp-content\/uploads\/2020\/09\/christmas_market_1.jpg","width":600,"height":400},{"@type":"BreadcrumbList","@id":"https:\/\/julesverne.com.tr\/travel-blog\/avrupanin-sizi-sasirtacak-bilinmeyen-noel-pazarlari\/#breadcrumb","itemListElement":[{"@type":"ListItem","position":1,"name":"Anasayfa","item":"https:\/\/julesverne.com.tr\/"},{"@type":"ListItem","position":2,"name":"Avrupa\u2019n\u0131n \u201cSizi \u015ea\u015f\u0131rtacak\u201d, Bilinmeyen Noel Pazarlar\u0131"}]},{"@type":"WebSite","@id":"https:\/\/julesverne.com.tr\/#website","url":"https:\/\/julesverne.com.tr\/","name":"JULES VERNE BUSINESS MICE TRAVEL","description":"","publisher":{"@id":"https:\/\/julesverne.com.tr\/#organization"},"potentialAction":[{"@type":"SearchAction","target":{"@type":"EntryPoint","urlTemplate":"https:\/\/julesverne.com.tr\/?s={search_term_string}"},"query-input":"required name=search_term_string"}],"inLanguage":"en-US"},{"@type":"Organization","@id":"https:\/\/julesverne.com.tr\/#organization","name":"JULES VERNE BUSINESS MICE TRAVEL","url":"https:\/\/julesverne.com.tr\/","logo":{"@type":"ImageObject","inLanguage":"en-US","@id":"https:\/\/julesverne.com.tr\/#\/schema\/logo\/image\/","url":"https:\/\/julesverne.com.tr\/wp-content\/uploads\/2020\/09\/jv-bmt-logo.png","contentUrl":"https:\/\/julesverne.com.tr\/wp-content\/uploads\/2020\/09\/jv-bmt-logo.png","width":110,"height":81,"caption":"JULES VERNE BUSINESS MICE TRAVEL"},"image":{"@id":"https:\/\/julesverne.com.tr\/#\/schema\/logo\/image\/"},"sameAs":["https:\/\/www.facebook.com\/JulesVerneBusinessMiceTravel\/","https:\/\/twitter.com\/JV_BusinessMice","https:\/\/www.instagram.com\/julesvernebusinessmicetravel\/","https:\/\/www.linkedin.com\/company\/julesvernebusinessmicetravel\/","https:\/\/www.youtube.com\/channel\/UCAwdsmbZ6tFhu1tea6pkpiw"]},{"@type":"Person","@id":"https:\/\/julesverne.com.tr\/#\/schema\/person\/f4eb0514ae455538644c31b99a466fdb","name":"fikirman","sameAs":["http:\/\/advermedya.net\/julesverne"],"url":"https:\/\/julesverne.com.tr\/en\/author\/fikirman\/"}]}},"_links":{"self":[{"href":"https:\/\/julesverne.com.tr\/en\/wp-json\/wp\/v2\/posts\/1828"}],"collection":[{"href":"https:\/\/julesverne.com.tr\/en\/wp-json\/wp\/v2\/posts"}],"about":[{"href":"https:\/\/julesverne.com.tr\/en\/wp-json\/wp\/v2\/types\/post"}],"author":[{"embeddable":true,"href":"https:\/\/julesverne.com.tr\/en\/wp-json\/wp\/v2\/users\/1"}],"replies":[{"embeddable":true,"href":"https:\/\/julesverne.com.tr\/en\/wp-json\/wp\/v2\/comments?post=1828"}],"version-history":[{"count":0,"href":"https:\/\/julesverne.com.tr\/en\/wp-json\/wp\/v2\/posts\/1828\/revisions"}],"wp:featuredmedia":[{"embeddable":true,"href":"https:\/\/julesverne.com.tr\/en\/wp-json\/wp\/v2\/media\/1829"}],"wp:attachment":[{"href":"https:\/\/julesverne.com.tr\/en\/wp-json\/wp\/v2\/media?parent=1828"}],"wp:term":[{"taxonomy":"category","embeddable":true,"href":"https:\/\/julesverne.com.tr\/en\/wp-json\/wp\/v2\/categories?post=1828"},{"taxonomy":"post_tag","embeddable":true,"href":"https:\/\/julesverne.com.tr\/en\/wp-json\/wp\/v2\/tags?post=1828"}],"curies":[{"name":"wp","href":"https:\/\/api.w.org\/{rel}","templated":true}]}}