{"id":1825,"date":"2017-11-09T11:46:41","date_gmt":"2017-11-09T08:46:41","guid":{"rendered":"https:\/\/www.julesverne.com.tr\/\/blog\/mozartin-evinde-muzik-ziyafeti-salzburg-mozart-festivali\/"},"modified":"2021-03-04T15:24:11","modified_gmt":"2021-03-04T12:24:11","slug":"mozartin-evinde-muzik-ziyafeti-salzburg-mozart-festivali","status":"publish","type":"post","link":"https:\/\/julesverne.com.tr\/en\/travel-blog\/mozartin-evinde-muzik-ziyafeti-salzburg-mozart-festivali\/","title":{"rendered":"Mozart&#8217;\u0131n Evinde M\u00fczik Ziyafeti: Salzburg Mozart Festivali"},"content":{"rendered":"<p><p class=\"MsoNormal\" style=\"text-align: center;\"><img loading=\"lazy\" decoding=\"async\" class=\"alignnone size-full wp-image-5314\" src=\"https:\/\/www.julesverne.com.tr\/\/wp-content\/uploads\/2020\/09\/camerata-salzburg-c-christianschneider-1280x1280-1.jpg\" width=\"740\" height=\"493\" alt=\"\" srcset=\"https:\/\/julesverne.com.tr\/wp-content\/uploads\/2020\/09\/camerata-salzburg-c-christianschneider-1280x1280-1.jpg 740w, https:\/\/julesverne.com.tr\/wp-content\/uploads\/2020\/09\/camerata-salzburg-c-christianschneider-1280x1280-1-500x333.jpg 500w\" sizes=\"(max-width: 740px) 100vw, 740px\" \/><\/p>\n<p class=\"MsoNormal\">Masallar\u0131n ger&ccedil;ek olmad\u0131\u011f\u0131na dair d&uuml;\u015f&uuml;ncenizi de\u011fi\u015ftirecek tek \u015fehir belki de Salzburg&hellip; Avusturya&rsquo;n\u0131n en de\u011ferli \u015fehri mimarisi, d&ouml;rt mevsim b&uuml;r&uuml;nd&uuml;\u011f&uuml; farkl\u0131 ambiyans\u0131, y&uuml;zy\u0131llard\u0131r Avrupa&rsquo;n\u0131n k&uuml;lt&uuml;r merkezlerinden biri olmas\u0131, romantizm kokan sokaklar\u0131yla Salzburg ayr\u0131 bir yere sahip. Ancak, Salzburg&rsquo;u bu kadar k\u0131ymetli k\u0131lan Klasik Bat\u0131 M&uuml;zi\u011fi&#8217;nde Klasik d&ouml;nemin etkili ve &uuml;retken bestekarlar\u0131ndan biri olan <strong>Mozart&rsquo;\u0131n do\u011fum yeri<\/strong> olmas\u0131.<\/p>\n<p class=\"MsoNormal\" style=\"text-align: center;\"><img loading=\"lazy\" decoding=\"async\" class=\"alignnone size-full wp-image-5315\" src=\"https:\/\/www.julesverne.com.tr\/\/wp-content\/uploads\/2020\/09\/shutterstock_113864452.jpg\" width=\"740\" height=\"491\" alt=\"\" srcset=\"https:\/\/julesverne.com.tr\/wp-content\/uploads\/2020\/09\/shutterstock_113864452.jpg 740w, https:\/\/julesverne.com.tr\/wp-content\/uploads\/2020\/09\/shutterstock_113864452-500x332.jpg 500w\" sizes=\"(max-width: 740px) 100vw, 740px\" \/><\/p>\n<p class=\"MsoNormal\">Klasik m&uuml;zi\u011fin neredeyse &ldquo;nefes&rdquo; kadar vazge&ccedil;ilmez oldu\u011fu \u015fehir y\u0131l\u0131n her mevsimi d&uuml;zenlenen m&uuml;zik festivalleriyle &uuml;nl&uuml;! Her y\u0131l Salzburg Mozarteum Vakf\u0131 taraf\u0131ndan organize edilen ve operadan oda orkestras\u0131 konserlerine kadar bir&ccedil;ok m&uuml;zik etkinli\u011fine ev sahipli\u011fi yapan <strong>Mozartwoche (Mozart Haftas\u0131) <\/strong>ise sadece Salzurg&rsquo;un de\u011fil t&uuml;m Avrupa&rsquo;n\u0131n en de\u011ferli klasik m&uuml;zik festivallerinden bir tanesi.<\/p>\n<p class=\"MsoNormal\" style=\"text-align: center;\"><img loading=\"lazy\" decoding=\"async\" class=\"alignnone size-full wp-image-5316\" src=\"https:\/\/www.julesverne.com.tr\/\/wp-content\/uploads\/2020\/09\/grosser_saal.jpg\" width=\"740\" height=\"493\" alt=\"\" srcset=\"https:\/\/julesverne.com.tr\/wp-content\/uploads\/2020\/09\/grosser_saal.jpg 740w, https:\/\/julesverne.com.tr\/wp-content\/uploads\/2020\/09\/grosser_saal-500x333.jpg 500w\" sizes=\"(max-width: 740px) 100vw, 740px\" \/><\/p>\n<p class=\"MsoNormal\">27 Ocak 1756 do\u011fumlu olan Mozart&#8217;\u0131n an\u0131s\u0131na Ocak&#8217;\u0131n son haftas\u0131nda ba\u015flayan m&uuml;zik festivali bu y\u0131l <strong>26 Ocak-4 \u015eubat 2018<\/strong> tarihlerinde <strong>Salzburg<\/strong>&rsquo;un &ouml;nemli konser salonlar\u0131nda ger&ccedil;ekle\u015fiyor. M&uuml;zik severleri bir araya getiren etkinlikle birlikte klasik m&uuml;zi\u011fi her y\u0131l yeni bir seviyeye ta\u015f\u0131yor.<\/p>\n<p class=\"MsoNormal\" style=\"text-align: center;\"><img loading=\"lazy\" decoding=\"async\" class=\"alignnone size-full wp-image-5317\" src=\"https:\/\/www.julesverne.com.tr\/\/wp-content\/uploads\/2020\/09\/shutterstock_251139280.jpg\" width=\"740\" height=\"493\" alt=\"\" srcset=\"https:\/\/julesverne.com.tr\/wp-content\/uploads\/2020\/09\/shutterstock_251139280.jpg 740w, https:\/\/julesverne.com.tr\/wp-content\/uploads\/2020\/09\/shutterstock_251139280-500x333.jpg 500w\" sizes=\"(max-width: 740px) 100vw, 740px\" \/><\/p>\n<h4 class=\"MsoListParagraph\"><a href=\"..\/..\/bizden-haberler\/mozart-festivali-konser-programi?preview=true\" target=\"_blank\" rel=\"noopener noreferrer\"><strong>Salzburg Mozart Haftas\u0131 Konser Detaylar\u0131 i&ccedil;in t\u0131klay\u0131n!<\/p>\n<p><\/strong><\/a><\/h4>\n<p><strong><span style=\"text-decoration: underline;\">Festival, \u015fehrin bir&ccedil;ok de\u011ferli konser salonunda devam ediyor:<br \/><\/span><\/strong>Avusturya&#8217;da bulunan m&uuml;zik ve drama sanatlar\u0131 &uuml;zerine yo\u011funla\u015fm\u0131\u015f olan ve ad\u0131n\u0131 Mozart&#8217;tan alan Mozarteum Salzburg g&ouml;steri\u015fli konser salonuna da ev sahipli\u011fi yap\u0131yor. Festival <strong>boyunca Gro&szlig;er Saal Mozarteum<\/strong> &ouml;nemli konserlerin adresi olacak. Yine ayn\u0131 &uuml;niversite b&uuml;nyesinde bulunan <strong>Wiener Saal Mozarteum <\/strong>da \u015f\u0131k bir ambiyansta, daha k&uuml;&ccedil;&uuml;k kapasiteli bir salon olarak m&uuml;zikseverleri a\u011f\u0131rl\u0131yor.<\/p>\n<p class=\"MsoNormal\" style=\"text-align: center;\"><img loading=\"lazy\" decoding=\"async\" class=\"alignnone size-full wp-image-5318\" src=\"https:\/\/www.julesverne.com.tr\/\/wp-content\/uploads\/2020\/09\/Presse_01_31_2016_-_Mozartwoche_Probe_Konzert_32_5.jpg\" width=\"740\" height=\"493\" alt=\"\" srcset=\"https:\/\/julesverne.com.tr\/wp-content\/uploads\/2020\/09\/Presse_01_31_2016_-_Mozartwoche_Probe_Konzert_32_5.jpg 740w, https:\/\/julesverne.com.tr\/wp-content\/uploads\/2020\/09\/Presse_01_31_2016_-_Mozartwoche_Probe_Konzert_32_5-500x333.jpg 500w\" sizes=\"(max-width: 740px) 100vw, 740px\" \/><\/p>\n<p class=\"MsoNormal\">1956 y\u0131l\u0131nda Salzburg Festivali i&ccedil;in tasarlanan <strong>Gro&szlig;es Festspielhaus<\/strong>, klasik m&uuml;zik konserlerinin sahnelendi\u011fi &ouml;nemli adreslerden bir tanesi. Ayr\u0131ca, d&uuml;nyan\u0131n en geni\u015f sahnelerinden birine sahip.<br \/>Yine Salzburg Festivali i&ccedil;in in\u015fa edilen <strong>House of Mozart, <\/strong>Gro&szlig;es Festspielhaus ile yan yana bulunuyor.<\/p>\n<p class=\"MsoNormal\" style=\"text-align: center;\"><img loading=\"lazy\" decoding=\"async\" class=\"alignnone size-full wp-image-5319\" src=\"https:\/\/www.julesverne.com.tr\/\/wp-content\/uploads\/2020\/09\/jc3a1nos-czifra-and-the-mozart-festival-chorus_03.jpg\" width=\"740\" height=\"493\" alt=\"\" srcset=\"https:\/\/julesverne.com.tr\/wp-content\/uploads\/2020\/09\/jc3a1nos-czifra-and-the-mozart-festival-chorus_03.jpg 740w, https:\/\/julesverne.com.tr\/wp-content\/uploads\/2020\/09\/jc3a1nos-czifra-and-the-mozart-festival-chorus_03-500x333.jpg 500w\" sizes=\"(max-width: 740px) 100vw, 740px\" \/><\/p>\n<p class=\"MsoNormal\">1773 -1787 y\u0131llar\u0131 aras\u0131nda Mozart&#8217;\u0131n hayat\u0131n\u0131 ge&ccedil;irdi\u011fi evden d&ouml;n&uuml;\u015ft&uuml;r&uuml;len m&uuml;ze ve konser salonu olan <strong>Mozart-Wohnhaus <\/strong>sene boyunca \u015fehrin &ouml;nemli festivallerine ev sahipli\u011fi yaparak, klasik m&uuml;zi\u011fin en de\u011ferli ismi Mozart&rsquo;\u0131 kendi evinde anma f\u0131rsat\u0131 veriyor.<\/p>\n<p class=\"MsoNormal\"><strong>Mozart&#8217;\u0131n t\u0131n\u0131lar\u0131 kulaklar\u0131n\u0131zda &ccedil;\u0131nlarken zarafetin, tarihin ve m&uuml;zi\u011fin \u015fehrinde unutulmaz bir 4 g&uuml;n ya\u015fay\u0131n!<\/strong><\/p>\n<p style=\"text-align: center;\"><strong><img loading=\"lazy\" decoding=\"async\" class=\"alignnone size-full wp-image-5320\" src=\"https:\/\/www.julesverne.com.tr\/\/wp-content\/uploads\/2020\/09\/shutterstock_130170272-1.jpg\" width=\"740\" height=\"493\" alt=\"\" srcset=\"https:\/\/julesverne.com.tr\/wp-content\/uploads\/2020\/09\/shutterstock_130170272-1.jpg 740w, https:\/\/julesverne.com.tr\/wp-content\/uploads\/2020\/09\/shutterstock_130170272-1-500x333.jpg 500w\" sizes=\"(max-width: 740px) 100vw, 740px\" \/><\/strong><\/p>\n<h3 class=\"MsoNormal\"><strong>&Ccedil;ift ki\u015filik odada ki\u015fi ba\u015f\u0131 1.150 Euro&rsquo;dan ba\u015flayan fiyatlarla&hellip;<\/strong><\/h3>\n<p><strong>Gezi Tarihleri<br \/><\/strong><\/p>\n<ul>\n<li>26 Ocak &#8211; 29 Ocak 2018<\/li>\n<li>29 Ocak &#8211; 1 \u015eubat 2018<\/li>\n<li>1 \u015eubat &#8211; 4 \u015eubat 2018<\/li>\n<\/ul>\n<p class=\"MsoNormal\"><strong>&Uuml;crete Dahil Olan Hizmetler<\/strong><\/p>\n<ul>\n<li>\u015eehir merkezindeki 4 y\u0131ld\u0131zl\u0131 otelde 3 gece kahvalt\u0131 d&acirc;hil konaklama<\/li>\n<li>3 ak\u015fam 1&rsquo;inci kategori konser biletleri<\/li>\n<li>&Ccedil;ift y&ouml;n &ouml;zel transferler<\/li>\n<li>Yar\u0131m g&uuml;nl&uuml;k &ouml;zel rehberli y&uuml;r&uuml;yerek \u015fehir turu<\/li>\n<\/ul>\n<p><strong>&Uuml;crete D&acirc;hil Olmayan Hizmetler<\/strong><\/p>\n<ul>\n<li>U&ccedil;ak biletleri<\/li>\n<li>Festival s&uuml;resince fiyata d&acirc;hil olan konserler d\u0131\u015f\u0131ndaki di\u011fer konser biletleri<\/li>\n<li>&Ouml;\u011fle ve ak\u015fam yemekleri<\/li>\n<li>Ki\u015fisel harcamalar<\/li>\n<\/ul>\n<p><strong>&Ouml;nemli Bilgiler<\/strong><\/p>\n<ul>\n<li>Tercih edilecek konserlere veya seyahat tarihlerine g&ouml;re gerekli organizasyon ki\u015fiye &ouml;zel olacak \u015fekilde sa\u011flanacakt\u0131r.<\/li>\n<\/ul>\n<h4 class=\"MsoListParagraph\"><strong><\/p>\n<p><\/strong><\/h4>\n<p style=\"text-align: center;\"><strong>Detayl\u0131 bilgi ve rezervasyon i&ccedil;in:<br \/><\/strong><strong><a href=\"mailto:travel@julesverne.com.tr\" target=\"_blank\" rel=\"noopener noreferrer\">travel@julesverne.com.tr<\/a><br \/><\/strong><strong>0212 266 6363 &#8211; 118<\/strong><\/p><\/p>\n","protected":false},"excerpt":{"rendered":"<p class=\"MsoNormal\">Her y\u0131l Salzburg Mozarteum Vakf\u0131 taraf\u0131ndan organize edilen ve operadan oda orkestras\u0131 konserlerine kadar bir&ccedil;ok m&uuml;zik etkinli\u011fine ev sahipli\u011fi yapan Mozartwoche (Mozart Haftas\u0131) ise sadece Salzurg&rsquo;un de\u011fil t&uuml;m Avrupa&rsquo;n\u0131n en de\u011ferli klasik m&uuml;zik festivallerinden bir tanesi. 27 Ocak 1756 do\u011fumlu olan Mozart&#8217;\u0131n an\u0131s\u0131na Ocak&#8217;\u0131n son haftas\u0131nda ba\u015flayan m&uuml;zik festivali bu y\u0131l 26 Ocak-4 \u015eubat 2018 tarihlerinde Salzburg&rsquo;un &ouml;nemli konser salonlar\u0131nda ger&ccedil;ekle\u015fiyor.&nbsp;<\/p>\n","protected":false},"author":1,"featured_media":1826,"comment_status":"closed","ping_status":"closed","sticky":false,"template":"","format":"standard","meta":{"inline_featured_image":false,"footnotes":""},"categories":[38,1,39],"tags":[],"acf":[],"yoast_head":"<!-- This site is optimized with the Yoast SEO plugin v22.3 - https:\/\/yoast.com\/wordpress\/plugins\/seo\/ -->\n<title>Mozart&#039;\u0131n Evinde M\u00fczik Ziyafeti: Salzburg Mozart Festivali - JULES VERNE BUSINESS MICE TRAVEL<\/title>\n<meta name=\"robots\" content=\"index, follow, max-snippet:-1, max-image-preview:large, max-video-preview:-1\" \/>\n<link rel=\"canonical\" href=\"https:\/\/julesverne.com.tr\/travel-blog\/mozartin-evinde-muzik-ziyafeti-salzburg-mozart-festivali\/\" \/>\n<meta property=\"og:locale\" content=\"en_US\" \/>\n<meta property=\"og:type\" content=\"article\" \/>\n<meta property=\"og:title\" content=\"Mozart&#039;\u0131n Evinde M\u00fczik Ziyafeti: Salzburg Mozart Festivali - JULES VERNE BUSINESS MICE TRAVEL\" \/>\n<meta property=\"og:description\" content=\"Her y\u0131l Salzburg Mozarteum Vakf\u0131 taraf\u0131ndan organize edilen ve operadan oda orkestras\u0131 konserlerine kadar bir&ccedil;ok m&uuml;zik etkinli\u011fine ev sahipli\u011fi yapan Mozartwoche (Mozart Haftas\u0131) ise sadece Salzurg&rsquo;un de\u011fil t&uuml;m Avrupa&rsquo;n\u0131n en de\u011ferli klasik m&uuml;zik festivallerinden bir tanesi. 27 Ocak 1756 do\u011fumlu olan Mozart&#039;\u0131n an\u0131s\u0131na Ocak&#039;\u0131n son haftas\u0131nda ba\u015flayan m&uuml;zik festivali bu y\u0131l 26 Ocak-4 \u015eubat 2018 tarihlerinde Salzburg&rsquo;un &ouml;nemli konser salonlar\u0131nda ger&ccedil;ekle\u015fiyor.&nbsp;\" \/>\n<meta property=\"og:url\" content=\"https:\/\/julesverne.com.tr\/travel-blog\/mozartin-evinde-muzik-ziyafeti-salzburg-mozart-festivali\/\" \/>\n<meta property=\"og:site_name\" content=\"JULES VERNE BUSINESS MICE TRAVEL\" \/>\n<meta property=\"article:publisher\" content=\"https:\/\/www.facebook.com\/JulesVerneBusinessMiceTravel\/\" \/>\n<meta property=\"article:published_time\" content=\"2017-11-09T08:46:41+00:00\" \/>\n<meta property=\"article:modified_time\" content=\"2021-03-04T12:24:11+00:00\" \/>\n<meta property=\"og:image\" content=\"https:\/\/julesverne.com.tr\/wp-content\/uploads\/2020\/09\/shutterstock_130170272.jpg\" \/>\n\t<meta property=\"og:image:width\" content=\"740\" \/>\n\t<meta property=\"og:image:height\" content=\"493\" \/>\n\t<meta property=\"og:image:type\" content=\"image\/jpeg\" \/>\n<meta name=\"author\" content=\"fikirman\" \/>\n<meta name=\"twitter:card\" content=\"summary_large_image\" \/>\n<meta name=\"twitter:creator\" content=\"@JV_BusinessMice\" \/>\n<meta name=\"twitter:site\" content=\"@JV_BusinessMice\" \/>\n<meta name=\"twitter:label1\" content=\"Written by\" \/>\n\t<meta name=\"twitter:data1\" content=\"fikirman\" \/>\n\t<meta name=\"twitter:label2\" content=\"Est. reading time\" \/>\n\t<meta name=\"twitter:data2\" content=\"3 minutes\" \/>\n<script type=\"application\/ld+json\" class=\"yoast-schema-graph\">{\"@context\":\"https:\/\/schema.org\",\"@graph\":[{\"@type\":\"Article\",\"@id\":\"https:\/\/julesverne.com.tr\/travel-blog\/mozartin-evinde-muzik-ziyafeti-salzburg-mozart-festivali\/#article\",\"isPartOf\":{\"@id\":\"https:\/\/julesverne.com.tr\/travel-blog\/mozartin-evinde-muzik-ziyafeti-salzburg-mozart-festivali\/\"},\"author\":{\"name\":\"fikirman\",\"@id\":\"https:\/\/julesverne.com.tr\/#\/schema\/person\/f4eb0514ae455538644c31b99a466fdb\"},\"headline\":\"Mozart&#8217;\u0131n Evinde M\u00fczik Ziyafeti: Salzburg Mozart Festivali\",\"datePublished\":\"2017-11-09T08:46:41+00:00\",\"dateModified\":\"2021-03-04T12:24:11+00:00\",\"mainEntityOfPage\":{\"@id\":\"https:\/\/julesverne.com.tr\/travel-blog\/mozartin-evinde-muzik-ziyafeti-salzburg-mozart-festivali\/\"},\"wordCount\":643,\"publisher\":{\"@id\":\"https:\/\/julesverne.com.tr\/#organization\"},\"image\":{\"@id\":\"https:\/\/julesverne.com.tr\/travel-blog\/mozartin-evinde-muzik-ziyafeti-salzburg-mozart-festivali\/#primaryimage\"},\"thumbnailUrl\":\"https:\/\/julesverne.com.tr\/wp-content\/uploads\/2020\/09\/shutterstock_130170272.jpg\",\"articleSection\":[\"\u0130lham Veren Destinasyonlar\",\"Blog\",\"Nereye Gitsek?\"],\"inLanguage\":\"en-US\"},{\"@type\":\"WebPage\",\"@id\":\"https:\/\/julesverne.com.tr\/travel-blog\/mozartin-evinde-muzik-ziyafeti-salzburg-mozart-festivali\/\",\"url\":\"https:\/\/julesverne.com.tr\/travel-blog\/mozartin-evinde-muzik-ziyafeti-salzburg-mozart-festivali\/\",\"name\":\"Mozart'\u0131n Evinde M\u00fczik Ziyafeti: Salzburg Mozart Festivali - JULES VERNE BUSINESS MICE TRAVEL\",\"isPartOf\":{\"@id\":\"https:\/\/julesverne.com.tr\/#website\"},\"primaryImageOfPage\":{\"@id\":\"https:\/\/julesverne.com.tr\/travel-blog\/mozartin-evinde-muzik-ziyafeti-salzburg-mozart-festivali\/#primaryimage\"},\"image\":{\"@id\":\"https:\/\/julesverne.com.tr\/travel-blog\/mozartin-evinde-muzik-ziyafeti-salzburg-mozart-festivali\/#primaryimage\"},\"thumbnailUrl\":\"https:\/\/julesverne.com.tr\/wp-content\/uploads\/2020\/09\/shutterstock_130170272.jpg\",\"datePublished\":\"2017-11-09T08:46:41+00:00\",\"dateModified\":\"2021-03-04T12:24:11+00:00\",\"breadcrumb\":{\"@id\":\"https:\/\/julesverne.com.tr\/travel-blog\/mozartin-evinde-muzik-ziyafeti-salzburg-mozart-festivali\/#breadcrumb\"},\"inLanguage\":\"en-US\",\"potentialAction\":[{\"@type\":\"ReadAction\",\"target\":[\"https:\/\/julesverne.com.tr\/travel-blog\/mozartin-evinde-muzik-ziyafeti-salzburg-mozart-festivali\/\"]}]},{\"@type\":\"ImageObject\",\"inLanguage\":\"en-US\",\"@id\":\"https:\/\/julesverne.com.tr\/travel-blog\/mozartin-evinde-muzik-ziyafeti-salzburg-mozart-festivali\/#primaryimage\",\"url\":\"https:\/\/julesverne.com.tr\/wp-content\/uploads\/2020\/09\/shutterstock_130170272.jpg\",\"contentUrl\":\"https:\/\/julesverne.com.tr\/wp-content\/uploads\/2020\/09\/shutterstock_130170272.jpg\",\"width\":740,\"height\":493},{\"@type\":\"BreadcrumbList\",\"@id\":\"https:\/\/julesverne.com.tr\/travel-blog\/mozartin-evinde-muzik-ziyafeti-salzburg-mozart-festivali\/#breadcrumb\",\"itemListElement\":[{\"@type\":\"ListItem\",\"position\":1,\"name\":\"Anasayfa\",\"item\":\"https:\/\/julesverne.com.tr\/\"},{\"@type\":\"ListItem\",\"position\":2,\"name\":\"Mozart&#8217;\u0131n Evinde M\u00fczik Ziyafeti: Salzburg Mozart Festivali\"}]},{\"@type\":\"WebSite\",\"@id\":\"https:\/\/julesverne.com.tr\/#website\",\"url\":\"https:\/\/julesverne.com.tr\/\",\"name\":\"JULES VERNE BUSINESS MICE TRAVEL\",\"description\":\"\",\"publisher\":{\"@id\":\"https:\/\/julesverne.com.tr\/#organization\"},\"potentialAction\":[{\"@type\":\"SearchAction\",\"target\":{\"@type\":\"EntryPoint\",\"urlTemplate\":\"https:\/\/julesverne.com.tr\/?s={search_term_string}\"},\"query-input\":\"required name=search_term_string\"}],\"inLanguage\":\"en-US\"},{\"@type\":\"Organization\",\"@id\":\"https:\/\/julesverne.com.tr\/#organization\",\"name\":\"JULES VERNE BUSINESS MICE TRAVEL\",\"url\":\"https:\/\/julesverne.com.tr\/\",\"logo\":{\"@type\":\"ImageObject\",\"inLanguage\":\"en-US\",\"@id\":\"https:\/\/julesverne.com.tr\/#\/schema\/logo\/image\/\",\"url\":\"https:\/\/julesverne.com.tr\/wp-content\/uploads\/2020\/09\/jv-bmt-logo.png\",\"contentUrl\":\"https:\/\/julesverne.com.tr\/wp-content\/uploads\/2020\/09\/jv-bmt-logo.png\",\"width\":110,\"height\":81,\"caption\":\"JULES VERNE BUSINESS MICE TRAVEL\"},\"image\":{\"@id\":\"https:\/\/julesverne.com.tr\/#\/schema\/logo\/image\/\"},\"sameAs\":[\"https:\/\/www.facebook.com\/JulesVerneBusinessMiceTravel\/\",\"https:\/\/twitter.com\/JV_BusinessMice\",\"https:\/\/www.instagram.com\/julesvernebusinessmicetravel\/\",\"https:\/\/www.linkedin.com\/company\/julesvernebusinessmicetravel\/\",\"https:\/\/www.youtube.com\/channel\/UCAwdsmbZ6tFhu1tea6pkpiw\"]},{\"@type\":\"Person\",\"@id\":\"https:\/\/julesverne.com.tr\/#\/schema\/person\/f4eb0514ae455538644c31b99a466fdb\",\"name\":\"fikirman\",\"sameAs\":[\"http:\/\/advermedya.net\/julesverne\"],\"url\":\"https:\/\/julesverne.com.tr\/en\/author\/fikirman\/\"}]}<\/script>\n<!-- \/ Yoast SEO plugin. -->","yoast_head_json":{"title":"Mozart'\u0131n Evinde M\u00fczik Ziyafeti: Salzburg Mozart Festivali - JULES VERNE BUSINESS MICE TRAVEL","robots":{"index":"index","follow":"follow","max-snippet":"max-snippet:-1","max-image-preview":"max-image-preview:large","max-video-preview":"max-video-preview:-1"},"canonical":"https:\/\/julesverne.com.tr\/travel-blog\/mozartin-evinde-muzik-ziyafeti-salzburg-mozart-festivali\/","og_locale":"en_US","og_type":"article","og_title":"Mozart'\u0131n Evinde M\u00fczik Ziyafeti: Salzburg Mozart Festivali - JULES VERNE BUSINESS MICE TRAVEL","og_description":"Her y\u0131l Salzburg Mozarteum Vakf\u0131 taraf\u0131ndan organize edilen ve operadan oda orkestras\u0131 konserlerine kadar bir&ccedil;ok m&uuml;zik etkinli\u011fine ev sahipli\u011fi yapan Mozartwoche (Mozart Haftas\u0131) ise sadece Salzurg&rsquo;un de\u011fil t&uuml;m Avrupa&rsquo;n\u0131n en de\u011ferli klasik m&uuml;zik festivallerinden bir tanesi. 27 Ocak 1756 do\u011fumlu olan Mozart'\u0131n an\u0131s\u0131na Ocak'\u0131n son haftas\u0131nda ba\u015flayan m&uuml;zik festivali bu y\u0131l 26 Ocak-4 \u015eubat 2018 tarihlerinde Salzburg&rsquo;un &ouml;nemli konser salonlar\u0131nda ger&ccedil;ekle\u015fiyor.&nbsp;","og_url":"https:\/\/julesverne.com.tr\/travel-blog\/mozartin-evinde-muzik-ziyafeti-salzburg-mozart-festivali\/","og_site_name":"JULES VERNE BUSINESS MICE TRAVEL","article_publisher":"https:\/\/www.facebook.com\/JulesVerneBusinessMiceTravel\/","article_published_time":"2017-11-09T08:46:41+00:00","article_modified_time":"2021-03-04T12:24:11+00:00","og_image":[{"width":740,"height":493,"url":"https:\/\/julesverne.com.tr\/wp-content\/uploads\/2020\/09\/shutterstock_130170272.jpg","type":"image\/jpeg"}],"author":"fikirman","twitter_card":"summary_large_image","twitter_creator":"@JV_BusinessMice","twitter_site":"@JV_BusinessMice","twitter_misc":{"Written by":"fikirman","Est. reading time":"3 minutes"},"schema":{"@context":"https:\/\/schema.org","@graph":[{"@type":"Article","@id":"https:\/\/julesverne.com.tr\/travel-blog\/mozartin-evinde-muzik-ziyafeti-salzburg-mozart-festivali\/#article","isPartOf":{"@id":"https:\/\/julesverne.com.tr\/travel-blog\/mozartin-evinde-muzik-ziyafeti-salzburg-mozart-festivali\/"},"author":{"name":"fikirman","@id":"https:\/\/julesverne.com.tr\/#\/schema\/person\/f4eb0514ae455538644c31b99a466fdb"},"headline":"Mozart&#8217;\u0131n Evinde M\u00fczik Ziyafeti: Salzburg Mozart Festivali","datePublished":"2017-11-09T08:46:41+00:00","dateModified":"2021-03-04T12:24:11+00:00","mainEntityOfPage":{"@id":"https:\/\/julesverne.com.tr\/travel-blog\/mozartin-evinde-muzik-ziyafeti-salzburg-mozart-festivali\/"},"wordCount":643,"publisher":{"@id":"https:\/\/julesverne.com.tr\/#organization"},"image":{"@id":"https:\/\/julesverne.com.tr\/travel-blog\/mozartin-evinde-muzik-ziyafeti-salzburg-mozart-festivali\/#primaryimage"},"thumbnailUrl":"https:\/\/julesverne.com.tr\/wp-content\/uploads\/2020\/09\/shutterstock_130170272.jpg","articleSection":["\u0130lham Veren Destinasyonlar","Blog","Nereye Gitsek?"],"inLanguage":"en-US"},{"@type":"WebPage","@id":"https:\/\/julesverne.com.tr\/travel-blog\/mozartin-evinde-muzik-ziyafeti-salzburg-mozart-festivali\/","url":"https:\/\/julesverne.com.tr\/travel-blog\/mozartin-evinde-muzik-ziyafeti-salzburg-mozart-festivali\/","name":"Mozart'\u0131n Evinde M\u00fczik Ziyafeti: Salzburg Mozart Festivali - JULES VERNE BUSINESS MICE TRAVEL","isPartOf":{"@id":"https:\/\/julesverne.com.tr\/#website"},"primaryImageOfPage":{"@id":"https:\/\/julesverne.com.tr\/travel-blog\/mozartin-evinde-muzik-ziyafeti-salzburg-mozart-festivali\/#primaryimage"},"image":{"@id":"https:\/\/julesverne.com.tr\/travel-blog\/mozartin-evinde-muzik-ziyafeti-salzburg-mozart-festivali\/#primaryimage"},"thumbnailUrl":"https:\/\/julesverne.com.tr\/wp-content\/uploads\/2020\/09\/shutterstock_130170272.jpg","datePublished":"2017-11-09T08:46:41+00:00","dateModified":"2021-03-04T12:24:11+00:00","breadcrumb":{"@id":"https:\/\/julesverne.com.tr\/travel-blog\/mozartin-evinde-muzik-ziyafeti-salzburg-mozart-festivali\/#breadcrumb"},"inLanguage":"en-US","potentialAction":[{"@type":"ReadAction","target":["https:\/\/julesverne.com.tr\/travel-blog\/mozartin-evinde-muzik-ziyafeti-salzburg-mozart-festivali\/"]}]},{"@type":"ImageObject","inLanguage":"en-US","@id":"https:\/\/julesverne.com.tr\/travel-blog\/mozartin-evinde-muzik-ziyafeti-salzburg-mozart-festivali\/#primaryimage","url":"https:\/\/julesverne.com.tr\/wp-content\/uploads\/2020\/09\/shutterstock_130170272.jpg","contentUrl":"https:\/\/julesverne.com.tr\/wp-content\/uploads\/2020\/09\/shutterstock_130170272.jpg","width":740,"height":493},{"@type":"BreadcrumbList","@id":"https:\/\/julesverne.com.tr\/travel-blog\/mozartin-evinde-muzik-ziyafeti-salzburg-mozart-festivali\/#breadcrumb","itemListElement":[{"@type":"ListItem","position":1,"name":"Anasayfa","item":"https:\/\/julesverne.com.tr\/"},{"@type":"ListItem","position":2,"name":"Mozart&#8217;\u0131n Evinde M\u00fczik Ziyafeti: Salzburg Mozart Festivali"}]},{"@type":"WebSite","@id":"https:\/\/julesverne.com.tr\/#website","url":"https:\/\/julesverne.com.tr\/","name":"JULES VERNE BUSINESS MICE TRAVEL","description":"","publisher":{"@id":"https:\/\/julesverne.com.tr\/#organization"},"potentialAction":[{"@type":"SearchAction","target":{"@type":"EntryPoint","urlTemplate":"https:\/\/julesverne.com.tr\/?s={search_term_string}"},"query-input":"required name=search_term_string"}],"inLanguage":"en-US"},{"@type":"Organization","@id":"https:\/\/julesverne.com.tr\/#organization","name":"JULES VERNE BUSINESS MICE TRAVEL","url":"https:\/\/julesverne.com.tr\/","logo":{"@type":"ImageObject","inLanguage":"en-US","@id":"https:\/\/julesverne.com.tr\/#\/schema\/logo\/image\/","url":"https:\/\/julesverne.com.tr\/wp-content\/uploads\/2020\/09\/jv-bmt-logo.png","contentUrl":"https:\/\/julesverne.com.tr\/wp-content\/uploads\/2020\/09\/jv-bmt-logo.png","width":110,"height":81,"caption":"JULES VERNE BUSINESS MICE TRAVEL"},"image":{"@id":"https:\/\/julesverne.com.tr\/#\/schema\/logo\/image\/"},"sameAs":["https:\/\/www.facebook.com\/JulesVerneBusinessMiceTravel\/","https:\/\/twitter.com\/JV_BusinessMice","https:\/\/www.instagram.com\/julesvernebusinessmicetravel\/","https:\/\/www.linkedin.com\/company\/julesvernebusinessmicetravel\/","https:\/\/www.youtube.com\/channel\/UCAwdsmbZ6tFhu1tea6pkpiw"]},{"@type":"Person","@id":"https:\/\/julesverne.com.tr\/#\/schema\/person\/f4eb0514ae455538644c31b99a466fdb","name":"fikirman","sameAs":["http:\/\/advermedya.net\/julesverne"],"url":"https:\/\/julesverne.com.tr\/en\/author\/fikirman\/"}]}},"_links":{"self":[{"href":"https:\/\/julesverne.com.tr\/en\/wp-json\/wp\/v2\/posts\/1825"}],"collection":[{"href":"https:\/\/julesverne.com.tr\/en\/wp-json\/wp\/v2\/posts"}],"about":[{"href":"https:\/\/julesverne.com.tr\/en\/wp-json\/wp\/v2\/types\/post"}],"author":[{"embeddable":true,"href":"https:\/\/julesverne.com.tr\/en\/wp-json\/wp\/v2\/users\/1"}],"replies":[{"embeddable":true,"href":"https:\/\/julesverne.com.tr\/en\/wp-json\/wp\/v2\/comments?post=1825"}],"version-history":[{"count":0,"href":"https:\/\/julesverne.com.tr\/en\/wp-json\/wp\/v2\/posts\/1825\/revisions"}],"wp:featuredmedia":[{"embeddable":true,"href":"https:\/\/julesverne.com.tr\/en\/wp-json\/wp\/v2\/media\/1826"}],"wp:attachment":[{"href":"https:\/\/julesverne.com.tr\/en\/wp-json\/wp\/v2\/media?parent=1825"}],"wp:term":[{"taxonomy":"category","embeddable":true,"href":"https:\/\/julesverne.com.tr\/en\/wp-json\/wp\/v2\/categories?post=1825"},{"taxonomy":"post_tag","embeddable":true,"href":"https:\/\/julesverne.com.tr\/en\/wp-json\/wp\/v2\/tags?post=1825"}],"curies":[{"name":"wp","href":"https:\/\/api.w.org\/{rel}","templated":true}]}}