{"id":1817,"date":"2017-10-24T10:30:05","date_gmt":"2017-10-24T07:30:05","guid":{"rendered":"https:\/\/www.julesverne.com.tr\/\/blog\/avrupanin-renkli-noel-pazarlarini-cruise-seyahati-ile-gezin\/"},"modified":"2021-03-04T15:24:49","modified_gmt":"2021-03-04T12:24:49","slug":"avrupanin-renkli-noel-pazarlarini-cruise-seyahati-ile-gezin","status":"publish","type":"post","link":"https:\/\/julesverne.com.tr\/en\/travel-blog\/avrupanin-renkli-noel-pazarlarini-cruise-seyahati-ile-gezin\/","title":{"rendered":"Avrupa&#8217;n\u0131n Renkli Noel Pazarlar\u0131n\u0131 Cruise Seyahati ile Gezin !"},"content":{"rendered":"<p><h3 style=\"text-align: center;\"><strong>Almanya &amp; Fransa &amp; \u0130svi&ccedil;re<br \/><\/strong><strong>10-14 ARALIK 2017<\/strong><\/h3>\n<p style=\"text-align: center;\"><img loading=\"lazy\" decoding=\"async\" class=\"alignnone size-full wp-image-5352\" src=\"https:\/\/www.julesverne.com.tr\/\/wp-content\/uploads\/2020\/09\/colmar_christmas_market.jpg\" width=\"564\" height=\"537\" alt=\"Colmar_christmas_market\" srcset=\"https:\/\/julesverne.com.tr\/wp-content\/uploads\/2020\/09\/colmar_christmas_market.jpg 564w, https:\/\/julesverne.com.tr\/wp-content\/uploads\/2020\/09\/colmar_christmas_market-500x476.jpg 500w\" sizes=\"(max-width: 564px) 100vw, 564px\" \/><\/p>\n<p>K\u0131\u015f mevsiminde cruise seyahati nereden &ccedil;\u0131kt\u0131 demeyin! Avrupa&#8217;n\u0131n en g&uuml;zel g&ouml;rsel \u015f&ouml;lenine tan\u0131kl\u0131k etti\u011fi <strong>Noel Pazarlar\u0131<\/strong> sayesinde t&uuml;m \u015fehirler kartpostal tad\u0131nda bir ruha b&uuml;r&uuml;n&uuml;yor. I\u015f\u0131l \u0131\u015f\u0131l Noel a\u011fa&ccedil;lar\u0131, yeni y\u0131l \u015fark\u0131lar\u0131, kokular\u0131 birbirine kar\u0131\u015fan lezzetli Noel tatlar\u0131 k\u0131\u015f tatilinizi unutamayaca\u011f\u0131n\u0131z bir seyahate &ccedil;evirirken bu kez ayn\u0131 anda bir&ccedil;ok Noel Pazar\u0131&#8217;n\u0131 g&ouml;rmenizi istedik&#8230;<\/p>\n<p><img loading=\"lazy\" decoding=\"async\" class=\"alignnone size-full wp-image-5353\" src=\"https:\/\/www.julesverne.com.tr\/\/wp-content\/uploads\/2020\/09\/marche-noel-riquewihr-vitrine-1.jpg\" width=\"650\" height=\"366\" alt=\"christmas_markets\" srcset=\"https:\/\/julesverne.com.tr\/wp-content\/uploads\/2020\/09\/marche-noel-riquewihr-vitrine-1.jpg 650w, https:\/\/julesverne.com.tr\/wp-content\/uploads\/2020\/09\/marche-noel-riquewihr-vitrine-1-500x282.jpg 500w, https:\/\/julesverne.com.tr\/wp-content\/uploads\/2020\/09\/marche-noel-riquewihr-vitrine-1-400x225.jpg 400w\" sizes=\"(max-width: 650px) 100vw, 650px\" \/><\/p>\n<p><strong>10-14 Aral\u0131k g&uuml;nleri aras\u0131nda 4 gece\/5 g&uuml;n s&uuml;recek cruise seyahatiniz Mainz, Almanya&rsquo;dan ba\u015flayarak Basel, \u0130svi&ccedil;re&rsquo;de sonlanacak.&nbsp;<\/strong><\/p>\n<p style=\"text-align: center;\"><img loading=\"lazy\" decoding=\"async\" class=\"alignnone size-full wp-image-5354\" src=\"https:\/\/www.julesverne.com.tr\/\/wp-content\/uploads\/2020\/09\/01_AMADEUS_Classic_Wachau_08.jpg\" width=\"1280\" height=\"580\" alt=\"amadeus-christmas_cruise\" srcset=\"https:\/\/julesverne.com.tr\/wp-content\/uploads\/2020\/09\/01_AMADEUS_Classic_Wachau_08.jpg 1280w, https:\/\/julesverne.com.tr\/wp-content\/uploads\/2020\/09\/01_AMADEUS_Classic_Wachau_08-500x227.jpg 500w, https:\/\/julesverne.com.tr\/wp-content\/uploads\/2020\/09\/01_AMADEUS_Classic_Wachau_08-768x348.jpg 768w\" sizes=\"(max-width: 1280px) 100vw, 1280px\" \/><\/p>\n<p style=\"text-align: left;\">4* Amadeus Classic gemisi ile &ccedil;\u0131kaca\u011f\u0131n\u0131z yolculukta Fransa&#8217;da<strong> Strasburg, Colmar<\/strong> ve <strong>Riquewihr<\/strong> Noel pazarlar\u0131n\u0131 gezeceksiniz.<\/p>\n<p><img loading=\"lazy\" decoding=\"async\" class=\"alignnone size-full wp-image-5355\" src=\"https:\/\/www.julesverne.com.tr\/\/wp-content\/uploads\/2020\/09\/Christkindelsmarik.jpg\" width=\"1180\" height=\"664\" alt=\"Christkindelsm&auml;rik\" srcset=\"https:\/\/julesverne.com.tr\/wp-content\/uploads\/2020\/09\/Christkindelsmarik.jpg 1180w, https:\/\/julesverne.com.tr\/wp-content\/uploads\/2020\/09\/Christkindelsmarik-500x281.jpg 500w, https:\/\/julesverne.com.tr\/wp-content\/uploads\/2020\/09\/Christkindelsmarik-768x432.jpg 768w, https:\/\/julesverne.com.tr\/wp-content\/uploads\/2020\/09\/Christkindelsmarik-400x225.jpg 400w\" sizes=\"(max-width: 1180px) 100vw, 1180px\" \/>\u0130lk kez 1570 y\u0131l\u0131nda kurulan, Avrupa&#8217;n\u0131n en eski pazar\u0131 <em><strong>Strasburg<\/strong><\/em>&#8216;daki Christkindelsm&auml;rik Noel pazarlar\u0131n\u0131n s&uuml;per star\u0131.&nbsp;Strasburg Noel Pazarlar\u0131&#8217;n\u0131n tarihi 1500&#8217;l&uuml; y\u0131llara kadar dayan\u0131yor. \u015eehir merkezine koyulan 30 metrelik dev &ccedil;am a\u011fac\u0131 birbirinden g&uuml;zel binlerce s&uuml;sve \u0131\u015f\u0131k ile bezeniyor ve a\u011fac\u0131n alt\u0131na fakirler i&ccedil;in hediyeler b\u0131rak\u0131l\u0131yor.<\/p>\n<p><img loading=\"lazy\" decoding=\"async\" class=\"alignnone size-full wp-image-5356\" src=\"https:\/\/www.julesverne.com.tr\/\/wp-content\/uploads\/2020\/09\/France_Alsace_Christmas_-__Rue_des_Marchands_in_Colmar_via_copyright_CRTA_-_Zvardon-1.jpg\" width=\"1280\" height=\"644\" alt=\"colmar\" srcset=\"https:\/\/julesverne.com.tr\/wp-content\/uploads\/2020\/09\/France_Alsace_Christmas_-__Rue_des_Marchands_in_Colmar_via_copyright_CRTA_-_Zvardon-1.jpg 1280w, https:\/\/julesverne.com.tr\/wp-content\/uploads\/2020\/09\/France_Alsace_Christmas_-__Rue_des_Marchands_in_Colmar_via_copyright_CRTA_-_Zvardon-1-500x252.jpg 500w, https:\/\/julesverne.com.tr\/wp-content\/uploads\/2020\/09\/France_Alsace_Christmas_-__Rue_des_Marchands_in_Colmar_via_copyright_CRTA_-_Zvardon-1-768x386.jpg 768w\" sizes=\"(max-width: 1280px) 100vw, 1280px\" \/>Alsace \u015earap Yolu&rsquo;nun can al\u0131c\u0131 dura\u011f\u0131, masal kitaplar\u0131nda anlat\u0131lan kasabalardan farks\u0131z ambiyans\u0131yla zaten y\u0131l\u0131n her d&ouml;nemi etkileyici <strong>Colmar<\/strong>, birden &ccedil;ok noktada kurulan Noel pazarlar\u0131yla size, k\u0131\u015f mevsimini bir kez daha sevdiriyor. Birbirinden keyifli bu pazarlarda klasik Noel lezzetleri ve hediyelik e\u015fyalar\u0131 ke\u015ffederken kendinizi Colmar&#8217;\u0131n sihirli havas\u0131na b\u0131rakabilirsiniz.<\/p>\n<p><img loading=\"lazy\" decoding=\"async\" class=\"alignnone size-full wp-image-5357\" src=\"https:\/\/www.julesverne.com.tr\/\/wp-content\/uploads\/2020\/09\/riquewihr_christmas_market.jpg\" width=\"1024\" height=\"690\" alt=\"christmas_market\" srcset=\"https:\/\/julesverne.com.tr\/wp-content\/uploads\/2020\/09\/riquewihr_christmas_market.jpg 1024w, https:\/\/julesverne.com.tr\/wp-content\/uploads\/2020\/09\/riquewihr_christmas_market-500x337.jpg 500w, https:\/\/julesverne.com.tr\/wp-content\/uploads\/2020\/09\/riquewihr_christmas_market-768x518.jpg 768w\" sizes=\"(max-width: 1024px) 100vw, 1024px\" \/>Ve Alsace&rsquo;\u0131n bir di\u011fer incisi <em><strong>Riquewihr<\/strong><\/em>&hellip; Fransa&#8217;n\u0131n 100 g&uuml;zel \u015fehri aras\u0131nda yer alan Riquewihr tarihin t&uuml;m izlerini korurken Noel zaman\u0131 kurulan pazar\u0131yla daha \u0131\u015f\u0131lt\u0131l\u0131 oluyor.<\/p>\n<p><img loading=\"lazy\" decoding=\"async\" class=\"alignnone size-full wp-image-5358\" src=\"https:\/\/www.julesverne.com.tr\/\/wp-content\/uploads\/2020\/09\/Heidelberg-2.jpg\" width=\"980\" height=\"490\" alt=\"Heidelberg\" srcset=\"https:\/\/julesverne.com.tr\/wp-content\/uploads\/2020\/09\/Heidelberg-2.jpg 980w, https:\/\/julesverne.com.tr\/wp-content\/uploads\/2020\/09\/Heidelberg-2-500x250.jpg 500w, https:\/\/julesverne.com.tr\/wp-content\/uploads\/2020\/09\/Heidelberg-2-768x384.jpg 768w\" sizes=\"(max-width: 980px) 100vw, 980px\" \/>Seyahatiniz s&uuml;resince duraca\u011f\u0131n\u0131z limanlar\u0131n konumu sayesinde ziyaret etme f\u0131rsat\u0131 bulaca\u011f\u0131n\u0131z Almanya&rsquo;n\u0131n iki &ouml;zel \u015fehri <strong>Heidelberg<\/strong> ve <strong>Baden-Baden<\/strong> turlar\u0131na da kat\u0131labilirsiniz. Almanya&rsquo;n\u0131n Neckar Nehri k\u0131y\u0131s\u0131ndaki Orta &Ccedil;a\u011f \u015fehri Heidelberg, 2. D&uuml;nya Sava\u015f\u0131&#8217;ndan yara almadan kurtulmay\u0131 ba\u015faran, do\u011fas\u0131 ve tarihiyle b&uuml;y&uuml;leyen bir \u015fehir.&nbsp;<\/p>\n<p><img loading=\"lazy\" decoding=\"async\" class=\"alignnone size-full wp-image-5359\" src=\"https:\/\/www.julesverne.com.tr\/\/wp-content\/uploads\/2020\/09\/Baden-Baden.jpg\" width=\"1024\" height=\"704\" alt=\"Baden_Baden\" srcset=\"https:\/\/julesverne.com.tr\/wp-content\/uploads\/2020\/09\/Baden-Baden.jpg 1024w, https:\/\/julesverne.com.tr\/wp-content\/uploads\/2020\/09\/Baden-Baden-500x344.jpg 500w, https:\/\/julesverne.com.tr\/wp-content\/uploads\/2020\/09\/Baden-Baden-768x528.jpg 768w\" sizes=\"(max-width: 1024px) 100vw, 1024px\" \/>&Uuml;lkenin en ye\u015fil \u015fehirlerinden biri olan Baden-Baden ise bir&ccedil;ok yazar ve bestecinin ilham ald\u0131\u011f\u0131 bir yarat\u0131c\u0131l\u0131kla besleniyor.<\/p>\n<p style=\"text-align: justify;\"><img loading=\"lazy\" decoding=\"async\" class=\"alignnone size-full wp-image-5360\" src=\"https:\/\/www.julesverne.com.tr\/\/wp-content\/uploads\/2020\/09\/584522_fc9c01debc514fe8b121f354fb41e84b-mv2.png\" width=\"1024\" height=\"388\" alt=\"Cruise\" srcset=\"https:\/\/julesverne.com.tr\/wp-content\/uploads\/2020\/09\/584522_fc9c01debc514fe8b121f354fb41e84b-mv2.png 1024w, https:\/\/julesverne.com.tr\/wp-content\/uploads\/2020\/09\/584522_fc9c01debc514fe8b121f354fb41e84b-mv2-500x189.png 500w, https:\/\/julesverne.com.tr\/wp-content\/uploads\/2020\/09\/584522_fc9c01debc514fe8b121f354fb41e84b-mv2-768x291.png 768w\" sizes=\"(max-width: 1024px) 100vw, 1024px\" \/>Avrupa&rsquo;n\u0131n en &uuml;nl&uuml; nehir gemisi markalar\u0131ndan L&uuml;ftner Cruises&rsquo;a ait olan 4*\u207a kategorisindeki Amadeus Classic 2001 y\u0131l\u0131nda&nbsp;seferlere ba\u015flad\u0131. 2016 y\u0131l\u0131nda tamamen yenilenen gemi 144 yolcu kapasiteli olup, butik gemi yolculuklar\u0131 i&ccedil;in dizayn edilmi\u015f. 144 yolcu kapasiteli olan gemi 45 personeli ile hizmet veriyor. T&uuml;m kabinlerde; oturma alan\u0131, Tv, kasa, sa&ccedil; kurutma makinas\u0131 vb hizmetler bulunuyor.<\/p>\n<p style=\"text-align: center;\"><img loading=\"lazy\" decoding=\"async\" class=\"alignnone size-full wp-image-5361\" src=\"https:\/\/www.julesverne.com.tr\/\/wp-content\/uploads\/2020\/09\/christmas_strasbourg.jpg\" width=\"740\" height=\"458\" alt=\"strasbourg\" srcset=\"https:\/\/julesverne.com.tr\/wp-content\/uploads\/2020\/09\/christmas_strasbourg.jpg 740w, https:\/\/julesverne.com.tr\/wp-content\/uploads\/2020\/09\/christmas_strasbourg-500x309.jpg 500w\" sizes=\"(max-width: 740px) 100vw, 740px\" \/><\/p>\n<p><strong>1. G&uuml;n \/ 10 Aral\u0131k 2017&nbsp;<\/strong><\/p>\n<p>\u0130stanbul Atat&uuml;rk Havaliman\u0131 D\u0131\u015f Hatlar, T&uuml;rk Havayollar\u0131 kontuar\u0131 &ouml;n&uuml;nde saat 06:30&rsquo;da bulu\u015fma. Check-in ve pasaport i\u015flemlerinin ard\u0131ndan TK 1587 no&rsquo;lu sefer ile 09:15&rsquo;de Frankfurt&rsquo;a u&ccedil;u\u015f. Yerel saat ile 10:35&rsquo;de var\u0131\u015f. Ard\u0131ndan sizi bekleyen arac\u0131n\u0131z ile Mainz liman\u0131na transfer ve gemiye giri\u015f. Gece, gemi demir alacak.<\/p>\n<p style=\"text-align: center;\"><img loading=\"lazy\" decoding=\"async\" class=\"alignnone size-full wp-image-5362\" src=\"https:\/\/www.julesverne.com.tr\/\/wp-content\/uploads\/2020\/09\/parkur_amadeus.jpg\" width=\"726\" height=\"495\" alt=\"\" srcset=\"https:\/\/julesverne.com.tr\/wp-content\/uploads\/2020\/09\/parkur_amadeus.jpg 726w, https:\/\/julesverne.com.tr\/wp-content\/uploads\/2020\/09\/parkur_amadeus-500x341.jpg 500w\" sizes=\"(max-width: 726px) 100vw, 726px\" \/><\/p>\n<p><strong>5. G&uuml;n \/ 14 Aral\u0131k 2017<\/strong><\/p>\n<p>Sabah kahvalt\u0131s\u0131n\u0131n ard\u0131ndan otelden &ccedil;\u0131k\u0131\u015f i\u015flemlerinizi tamaml\u0131yorsunuz. Dileyenler rehberin d&uuml;zenleyece\u011fi ekstra Basel \u015fehir turuna kat\u0131labilirler. Ard\u0131ndan belirlenen saatte sizi bekleyen ara&ccedil; ile Basel Mullhouse Havaliman\u0131&#8217;na transfer. Burada yapaca\u011f\u0131n\u0131z check-in ve pasaport i\u015flemlerinin ard\u0131ndan TK1926 no&rsquo;lu sefer ile saat 17:45&rsquo;de \u0130stanbul Atat&uuml;rk Havaliman\u0131&#8217;na u&ccedil;u\u015f. T&uuml;rkiye saati ile 22:45 &lsquo;de var\u0131\u015f.<\/p>\n<p style=\"text-align: center;\"><img loading=\"lazy\" decoding=\"async\" class=\"alignnone size-full wp-image-5358\" src=\"https:\/\/www.julesverne.com.tr\/\/wp-content\/uploads\/2020\/09\/Heidelberg-2.jpg\" width=\"980\" height=\"490\" alt=\"Heidelberg\" srcset=\"https:\/\/julesverne.com.tr\/wp-content\/uploads\/2020\/09\/Heidelberg-2.jpg 980w, https:\/\/julesverne.com.tr\/wp-content\/uploads\/2020\/09\/Heidelberg-2-500x250.jpg 500w, https:\/\/julesverne.com.tr\/wp-content\/uploads\/2020\/09\/Heidelberg-2-768x384.jpg 768w\" sizes=\"(max-width: 980px) 100vw, 980px\" \/><\/p>\n<p><strong>&Uuml;cret Bilgileri<\/strong><\/p>\n<ul>\n<li>D\u0131\u015f Kabinde Ki\u015fi Ba\u015f\u0131 Paket Fiyat\u0131 <strong><em>699 Euro<\/em><\/strong><\/li>\n<li>2. Kat French Balkonlu Kabinde Ki\u015fi Ba\u015f\u0131 Paket Fiyat\u0131 <strong><em>849 Euro<\/em><\/strong><\/li>\n<li>3.&nbsp; Kat French Balkonlu Kabinde Ki\u015fi Ba\u015f\u0131 Paket Fiyat\u0131 <strong><em>949 Euro<\/em><\/strong><\/li>\n<\/ul>\n<p><strong>&Uuml;crete Dahil Olan Hizmetler<\/strong><\/p>\n<ul>\n<li>4*\u207a Amadeus Classic gemisinde se&ccedil;ilen kabin tipinde&nbsp;<\/li>\n<li>3 Gece 4 G&uuml;n tam pansiyon konaklama<\/li>\n<li>Basel&rsquo;de 1 gece <strong>3* Sup. Hotel<\/strong>&rsquo;de, kahvalt\u0131 dahil konaklama<\/li>\n<li>THY ile \u0130stanbul &ndash; Frankfurt u&ccedil;u\u015fu<\/li>\n<li>THY ile Basel &ndash; \u0130stanbul u&ccedil;u\u015fu<\/li>\n<li>Havaliman\u0131 &ndash; Liman aras\u0131 transferler<\/li>\n<li>Gemide 5 &Ccedil;ay\u0131 ve ikramlar<\/li>\n<li><strong>Strasbourg &amp; Colmar &amp; Riquewihr Turu<\/strong><\/li>\n<li>Liman &amp; Havaliman\u0131 vergileri<\/li>\n<li>Yurtd\u0131\u015f\u0131 Seyahat Sa\u011fl\u0131k Sigortas\u0131<\/li>\n<li>Grup 20 ki\u015fi oldu\u011fu takdirde <strong><em>T&uuml;rk&ccedil;e Rehberlik<\/em><\/strong> hizmeti<\/li>\n<\/ul>\n<p><strong>&Uuml;crete Dahil Olmayan Hizmetler<\/strong><\/p>\n<ul>\n<li>Personel bah\u015fi\u015fleri (gecelik ki\u015fi ba\u015f\u0131 12 &euro;)<\/li>\n<li>Kuru temizleme, bardan sipari\u015f edilen veya ikram d\u0131\u015f\u0131ndaki alkoll&uuml; \/ alkols&uuml;z i&ccedil;ecekler gibi \u015fahsi harcamalar<\/li>\n<li>Geminin veya rehberin <strong>ekstra<\/strong> olarak d&uuml;zenleyece\u011fi turlar<\/li>\n<\/ul>\n<p><strong>&Ouml;nemli Bilgiler<\/strong><\/p>\n<ul>\n<li>Gereken durumlarda &ouml;nceden bildirilmek kayd\u0131yla u&ccedil;u\u015f detaylar\u0131 ve gemi var\u0131\u015f ve kalk\u0131\u015f saatlerinde de\u011fi\u015fiklik yap\u0131labilir.<\/li>\n<\/ul>\n<p style=\"text-align: center;\">&nbsp;<\/p>\n<p style=\"text-align: center;\"><strong>&nbsp;Detayl\u0131 bilgi ve rezervasyon i&ccedil;in:<\/strong><br \/><a href=\"mailto:travel@julesverne.com.tr\" target=\"_blank\" rel=\"noopener noreferrer\"><strong>travel@julesverne.com.tr<\/strong><\/a><br \/><strong>0212 266 6363 &#8211; 137<\/strong><\/p><\/p>\n","protected":false},"excerpt":{"rendered":"<p>K\u0131\u015f mevsiminde cruise seyahati nereden &ccedil;\u0131kt\u0131 demeyin! Avrupa&#8217;n\u0131n en g&uuml;zel g&ouml;rsel \u015f&ouml;lenine tan\u0131kl\u0131k etti\u011fi Noel Pazarlar\u0131 sayesinde t&uuml;m \u015fehirler kartpostal tad\u0131nda bir ruha b&uuml;r&uuml;n&uuml;yor.&nbsp;10-14 Aral\u0131k g&uuml;nleri aras\u0131nda 4 gece\/5 g&uuml;n s&uuml;recek cruise seyahatiniz Mainz, Almanya&rsquo;dan ba\u015flayarak Basel, \u0130svi&ccedil;re&rsquo;de sonlanacak.&nbsp;<\/p>\n<p><strong>&nbsp;<\/strong><\/p>\n","protected":false},"author":1,"featured_media":1818,"comment_status":"closed","ping_status":"closed","sticky":false,"template":"","format":"standard","meta":{"inline_featured_image":false,"footnotes":""},"categories":[1,39],"tags":[],"acf":[],"yoast_head":"<!-- This site is optimized with the Yoast SEO plugin v22.3 - https:\/\/yoast.com\/wordpress\/plugins\/seo\/ -->\n<title>Avrupa&#039;n\u0131n Renkli Noel Pazarlar\u0131n\u0131 Cruise Seyahati ile Gezin ! - JULES VERNE BUSINESS MICE TRAVEL<\/title>\n<meta name=\"robots\" content=\"index, follow, max-snippet:-1, max-image-preview:large, max-video-preview:-1\" \/>\n<link rel=\"canonical\" href=\"https:\/\/julesverne.com.tr\/travel-blog\/avrupanin-renkli-noel-pazarlarini-cruise-seyahati-ile-gezin\/\" \/>\n<meta property=\"og:locale\" content=\"en_US\" \/>\n<meta property=\"og:type\" content=\"article\" \/>\n<meta property=\"og:title\" content=\"Avrupa&#039;n\u0131n Renkli Noel Pazarlar\u0131n\u0131 Cruise Seyahati ile Gezin ! - JULES VERNE BUSINESS MICE TRAVEL\" \/>\n<meta property=\"og:description\" content=\"K\u0131\u015f mevsiminde cruise seyahati nereden &ccedil;\u0131kt\u0131 demeyin! Avrupa&#039;n\u0131n en g&uuml;zel g&ouml;rsel \u015f&ouml;lenine tan\u0131kl\u0131k etti\u011fi Noel Pazarlar\u0131 sayesinde t&uuml;m \u015fehirler kartpostal tad\u0131nda bir ruha b&uuml;r&uuml;n&uuml;yor.&nbsp;10-14 Aral\u0131k g&uuml;nleri aras\u0131nda 4 gece\/5 g&uuml;n s&uuml;recek cruise seyahatiniz Mainz, Almanya&rsquo;dan ba\u015flayarak Basel, \u0130svi&ccedil;re&rsquo;de sonlanacak.&nbsp; &nbsp;\" \/>\n<meta property=\"og:url\" content=\"https:\/\/julesverne.com.tr\/travel-blog\/avrupanin-renkli-noel-pazarlarini-cruise-seyahati-ile-gezin\/\" \/>\n<meta property=\"og:site_name\" content=\"JULES VERNE BUSINESS MICE TRAVEL\" \/>\n<meta property=\"article:publisher\" content=\"https:\/\/www.facebook.com\/JulesVerneBusinessMiceTravel\/\" \/>\n<meta property=\"article:published_time\" content=\"2017-10-24T07:30:05+00:00\" \/>\n<meta property=\"article:modified_time\" content=\"2021-03-04T12:24:49+00:00\" \/>\n<meta property=\"og:image\" content=\"https:\/\/julesverne.com.tr\/wp-content\/uploads\/2020\/09\/France_Alsace_Christmas_-__Rue_des_Marchands_in_Colmar_via_copyright_CRTA_-_Zvardon.jpg\" \/>\n\t<meta property=\"og:image:width\" content=\"1600\" \/>\n\t<meta property=\"og:image:height\" content=\"806\" \/>\n\t<meta property=\"og:image:type\" content=\"image\/jpeg\" \/>\n<meta name=\"author\" content=\"fikirman\" \/>\n<meta name=\"twitter:card\" content=\"summary_large_image\" \/>\n<meta name=\"twitter:creator\" content=\"@JV_BusinessMice\" \/>\n<meta name=\"twitter:site\" content=\"@JV_BusinessMice\" \/>\n<meta name=\"twitter:label1\" content=\"Written by\" \/>\n\t<meta name=\"twitter:data1\" content=\"fikirman\" \/>\n\t<meta name=\"twitter:label2\" content=\"Est. reading time\" \/>\n\t<meta name=\"twitter:data2\" content=\"4 minutes\" \/>\n<script type=\"application\/ld+json\" class=\"yoast-schema-graph\">{\"@context\":\"https:\/\/schema.org\",\"@graph\":[{\"@type\":\"Article\",\"@id\":\"https:\/\/julesverne.com.tr\/travel-blog\/avrupanin-renkli-noel-pazarlarini-cruise-seyahati-ile-gezin\/#article\",\"isPartOf\":{\"@id\":\"https:\/\/julesverne.com.tr\/travel-blog\/avrupanin-renkli-noel-pazarlarini-cruise-seyahati-ile-gezin\/\"},\"author\":{\"name\":\"fikirman\",\"@id\":\"https:\/\/julesverne.com.tr\/#\/schema\/person\/f4eb0514ae455538644c31b99a466fdb\"},\"headline\":\"Avrupa&#8217;n\u0131n Renkli Noel Pazarlar\u0131n\u0131 Cruise Seyahati ile Gezin !\",\"datePublished\":\"2017-10-24T07:30:05+00:00\",\"dateModified\":\"2021-03-04T12:24:49+00:00\",\"mainEntityOfPage\":{\"@id\":\"https:\/\/julesverne.com.tr\/travel-blog\/avrupanin-renkli-noel-pazarlarini-cruise-seyahati-ile-gezin\/\"},\"wordCount\":852,\"publisher\":{\"@id\":\"https:\/\/julesverne.com.tr\/#organization\"},\"image\":{\"@id\":\"https:\/\/julesverne.com.tr\/travel-blog\/avrupanin-renkli-noel-pazarlarini-cruise-seyahati-ile-gezin\/#primaryimage\"},\"thumbnailUrl\":\"https:\/\/julesverne.com.tr\/wp-content\/uploads\/2020\/09\/France_Alsace_Christmas_-__Rue_des_Marchands_in_Colmar_via_copyright_CRTA_-_Zvardon.jpg\",\"articleSection\":[\"Blog\",\"Nereye Gitsek?\"],\"inLanguage\":\"en-US\"},{\"@type\":\"WebPage\",\"@id\":\"https:\/\/julesverne.com.tr\/travel-blog\/avrupanin-renkli-noel-pazarlarini-cruise-seyahati-ile-gezin\/\",\"url\":\"https:\/\/julesverne.com.tr\/travel-blog\/avrupanin-renkli-noel-pazarlarini-cruise-seyahati-ile-gezin\/\",\"name\":\"Avrupa'n\u0131n Renkli Noel Pazarlar\u0131n\u0131 Cruise Seyahati ile Gezin ! - JULES VERNE BUSINESS MICE TRAVEL\",\"isPartOf\":{\"@id\":\"https:\/\/julesverne.com.tr\/#website\"},\"primaryImageOfPage\":{\"@id\":\"https:\/\/julesverne.com.tr\/travel-blog\/avrupanin-renkli-noel-pazarlarini-cruise-seyahati-ile-gezin\/#primaryimage\"},\"image\":{\"@id\":\"https:\/\/julesverne.com.tr\/travel-blog\/avrupanin-renkli-noel-pazarlarini-cruise-seyahati-ile-gezin\/#primaryimage\"},\"thumbnailUrl\":\"https:\/\/julesverne.com.tr\/wp-content\/uploads\/2020\/09\/France_Alsace_Christmas_-__Rue_des_Marchands_in_Colmar_via_copyright_CRTA_-_Zvardon.jpg\",\"datePublished\":\"2017-10-24T07:30:05+00:00\",\"dateModified\":\"2021-03-04T12:24:49+00:00\",\"breadcrumb\":{\"@id\":\"https:\/\/julesverne.com.tr\/travel-blog\/avrupanin-renkli-noel-pazarlarini-cruise-seyahati-ile-gezin\/#breadcrumb\"},\"inLanguage\":\"en-US\",\"potentialAction\":[{\"@type\":\"ReadAction\",\"target\":[\"https:\/\/julesverne.com.tr\/travel-blog\/avrupanin-renkli-noel-pazarlarini-cruise-seyahati-ile-gezin\/\"]}]},{\"@type\":\"ImageObject\",\"inLanguage\":\"en-US\",\"@id\":\"https:\/\/julesverne.com.tr\/travel-blog\/avrupanin-renkli-noel-pazarlarini-cruise-seyahati-ile-gezin\/#primaryimage\",\"url\":\"https:\/\/julesverne.com.tr\/wp-content\/uploads\/2020\/09\/France_Alsace_Christmas_-__Rue_des_Marchands_in_Colmar_via_copyright_CRTA_-_Zvardon.jpg\",\"contentUrl\":\"https:\/\/julesverne.com.tr\/wp-content\/uploads\/2020\/09\/France_Alsace_Christmas_-__Rue_des_Marchands_in_Colmar_via_copyright_CRTA_-_Zvardon.jpg\",\"width\":1600,\"height\":806},{\"@type\":\"BreadcrumbList\",\"@id\":\"https:\/\/julesverne.com.tr\/travel-blog\/avrupanin-renkli-noel-pazarlarini-cruise-seyahati-ile-gezin\/#breadcrumb\",\"itemListElement\":[{\"@type\":\"ListItem\",\"position\":1,\"name\":\"Anasayfa\",\"item\":\"https:\/\/julesverne.com.tr\/\"},{\"@type\":\"ListItem\",\"position\":2,\"name\":\"Avrupa&#8217;n\u0131n Renkli Noel Pazarlar\u0131n\u0131 Cruise Seyahati ile Gezin !\"}]},{\"@type\":\"WebSite\",\"@id\":\"https:\/\/julesverne.com.tr\/#website\",\"url\":\"https:\/\/julesverne.com.tr\/\",\"name\":\"JULES VERNE BUSINESS MICE TRAVEL\",\"description\":\"\",\"publisher\":{\"@id\":\"https:\/\/julesverne.com.tr\/#organization\"},\"potentialAction\":[{\"@type\":\"SearchAction\",\"target\":{\"@type\":\"EntryPoint\",\"urlTemplate\":\"https:\/\/julesverne.com.tr\/?s={search_term_string}\"},\"query-input\":\"required name=search_term_string\"}],\"inLanguage\":\"en-US\"},{\"@type\":\"Organization\",\"@id\":\"https:\/\/julesverne.com.tr\/#organization\",\"name\":\"JULES VERNE BUSINESS MICE TRAVEL\",\"url\":\"https:\/\/julesverne.com.tr\/\",\"logo\":{\"@type\":\"ImageObject\",\"inLanguage\":\"en-US\",\"@id\":\"https:\/\/julesverne.com.tr\/#\/schema\/logo\/image\/\",\"url\":\"https:\/\/julesverne.com.tr\/wp-content\/uploads\/2020\/09\/jv-bmt-logo.png\",\"contentUrl\":\"https:\/\/julesverne.com.tr\/wp-content\/uploads\/2020\/09\/jv-bmt-logo.png\",\"width\":110,\"height\":81,\"caption\":\"JULES VERNE BUSINESS MICE TRAVEL\"},\"image\":{\"@id\":\"https:\/\/julesverne.com.tr\/#\/schema\/logo\/image\/\"},\"sameAs\":[\"https:\/\/www.facebook.com\/JulesVerneBusinessMiceTravel\/\",\"https:\/\/twitter.com\/JV_BusinessMice\",\"https:\/\/www.instagram.com\/julesvernebusinessmicetravel\/\",\"https:\/\/www.linkedin.com\/company\/julesvernebusinessmicetravel\/\",\"https:\/\/www.youtube.com\/channel\/UCAwdsmbZ6tFhu1tea6pkpiw\"]},{\"@type\":\"Person\",\"@id\":\"https:\/\/julesverne.com.tr\/#\/schema\/person\/f4eb0514ae455538644c31b99a466fdb\",\"name\":\"fikirman\",\"sameAs\":[\"http:\/\/advermedya.net\/julesverne\"],\"url\":\"https:\/\/julesverne.com.tr\/en\/author\/fikirman\/\"}]}<\/script>\n<!-- \/ Yoast SEO plugin. -->","yoast_head_json":{"title":"Avrupa'n\u0131n Renkli Noel Pazarlar\u0131n\u0131 Cruise Seyahati ile Gezin ! - JULES VERNE BUSINESS MICE TRAVEL","robots":{"index":"index","follow":"follow","max-snippet":"max-snippet:-1","max-image-preview":"max-image-preview:large","max-video-preview":"max-video-preview:-1"},"canonical":"https:\/\/julesverne.com.tr\/travel-blog\/avrupanin-renkli-noel-pazarlarini-cruise-seyahati-ile-gezin\/","og_locale":"en_US","og_type":"article","og_title":"Avrupa'n\u0131n Renkli Noel Pazarlar\u0131n\u0131 Cruise Seyahati ile Gezin ! - JULES VERNE BUSINESS MICE TRAVEL","og_description":"K\u0131\u015f mevsiminde cruise seyahati nereden &ccedil;\u0131kt\u0131 demeyin! Avrupa'n\u0131n en g&uuml;zel g&ouml;rsel \u015f&ouml;lenine tan\u0131kl\u0131k etti\u011fi Noel Pazarlar\u0131 sayesinde t&uuml;m \u015fehirler kartpostal tad\u0131nda bir ruha b&uuml;r&uuml;n&uuml;yor.&nbsp;10-14 Aral\u0131k g&uuml;nleri aras\u0131nda 4 gece\/5 g&uuml;n s&uuml;recek cruise seyahatiniz Mainz, Almanya&rsquo;dan ba\u015flayarak Basel, \u0130svi&ccedil;re&rsquo;de sonlanacak.&nbsp; &nbsp;","og_url":"https:\/\/julesverne.com.tr\/travel-blog\/avrupanin-renkli-noel-pazarlarini-cruise-seyahati-ile-gezin\/","og_site_name":"JULES VERNE BUSINESS MICE TRAVEL","article_publisher":"https:\/\/www.facebook.com\/JulesVerneBusinessMiceTravel\/","article_published_time":"2017-10-24T07:30:05+00:00","article_modified_time":"2021-03-04T12:24:49+00:00","og_image":[{"width":1600,"height":806,"url":"https:\/\/julesverne.com.tr\/wp-content\/uploads\/2020\/09\/France_Alsace_Christmas_-__Rue_des_Marchands_in_Colmar_via_copyright_CRTA_-_Zvardon.jpg","type":"image\/jpeg"}],"author":"fikirman","twitter_card":"summary_large_image","twitter_creator":"@JV_BusinessMice","twitter_site":"@JV_BusinessMice","twitter_misc":{"Written by":"fikirman","Est. reading time":"4 minutes"},"schema":{"@context":"https:\/\/schema.org","@graph":[{"@type":"Article","@id":"https:\/\/julesverne.com.tr\/travel-blog\/avrupanin-renkli-noel-pazarlarini-cruise-seyahati-ile-gezin\/#article","isPartOf":{"@id":"https:\/\/julesverne.com.tr\/travel-blog\/avrupanin-renkli-noel-pazarlarini-cruise-seyahati-ile-gezin\/"},"author":{"name":"fikirman","@id":"https:\/\/julesverne.com.tr\/#\/schema\/person\/f4eb0514ae455538644c31b99a466fdb"},"headline":"Avrupa&#8217;n\u0131n Renkli Noel Pazarlar\u0131n\u0131 Cruise Seyahati ile Gezin !","datePublished":"2017-10-24T07:30:05+00:00","dateModified":"2021-03-04T12:24:49+00:00","mainEntityOfPage":{"@id":"https:\/\/julesverne.com.tr\/travel-blog\/avrupanin-renkli-noel-pazarlarini-cruise-seyahati-ile-gezin\/"},"wordCount":852,"publisher":{"@id":"https:\/\/julesverne.com.tr\/#organization"},"image":{"@id":"https:\/\/julesverne.com.tr\/travel-blog\/avrupanin-renkli-noel-pazarlarini-cruise-seyahati-ile-gezin\/#primaryimage"},"thumbnailUrl":"https:\/\/julesverne.com.tr\/wp-content\/uploads\/2020\/09\/France_Alsace_Christmas_-__Rue_des_Marchands_in_Colmar_via_copyright_CRTA_-_Zvardon.jpg","articleSection":["Blog","Nereye Gitsek?"],"inLanguage":"en-US"},{"@type":"WebPage","@id":"https:\/\/julesverne.com.tr\/travel-blog\/avrupanin-renkli-noel-pazarlarini-cruise-seyahati-ile-gezin\/","url":"https:\/\/julesverne.com.tr\/travel-blog\/avrupanin-renkli-noel-pazarlarini-cruise-seyahati-ile-gezin\/","name":"Avrupa'n\u0131n Renkli Noel Pazarlar\u0131n\u0131 Cruise Seyahati ile Gezin ! - JULES VERNE BUSINESS MICE TRAVEL","isPartOf":{"@id":"https:\/\/julesverne.com.tr\/#website"},"primaryImageOfPage":{"@id":"https:\/\/julesverne.com.tr\/travel-blog\/avrupanin-renkli-noel-pazarlarini-cruise-seyahati-ile-gezin\/#primaryimage"},"image":{"@id":"https:\/\/julesverne.com.tr\/travel-blog\/avrupanin-renkli-noel-pazarlarini-cruise-seyahati-ile-gezin\/#primaryimage"},"thumbnailUrl":"https:\/\/julesverne.com.tr\/wp-content\/uploads\/2020\/09\/France_Alsace_Christmas_-__Rue_des_Marchands_in_Colmar_via_copyright_CRTA_-_Zvardon.jpg","datePublished":"2017-10-24T07:30:05+00:00","dateModified":"2021-03-04T12:24:49+00:00","breadcrumb":{"@id":"https:\/\/julesverne.com.tr\/travel-blog\/avrupanin-renkli-noel-pazarlarini-cruise-seyahati-ile-gezin\/#breadcrumb"},"inLanguage":"en-US","potentialAction":[{"@type":"ReadAction","target":["https:\/\/julesverne.com.tr\/travel-blog\/avrupanin-renkli-noel-pazarlarini-cruise-seyahati-ile-gezin\/"]}]},{"@type":"ImageObject","inLanguage":"en-US","@id":"https:\/\/julesverne.com.tr\/travel-blog\/avrupanin-renkli-noel-pazarlarini-cruise-seyahati-ile-gezin\/#primaryimage","url":"https:\/\/julesverne.com.tr\/wp-content\/uploads\/2020\/09\/France_Alsace_Christmas_-__Rue_des_Marchands_in_Colmar_via_copyright_CRTA_-_Zvardon.jpg","contentUrl":"https:\/\/julesverne.com.tr\/wp-content\/uploads\/2020\/09\/France_Alsace_Christmas_-__Rue_des_Marchands_in_Colmar_via_copyright_CRTA_-_Zvardon.jpg","width":1600,"height":806},{"@type":"BreadcrumbList","@id":"https:\/\/julesverne.com.tr\/travel-blog\/avrupanin-renkli-noel-pazarlarini-cruise-seyahati-ile-gezin\/#breadcrumb","itemListElement":[{"@type":"ListItem","position":1,"name":"Anasayfa","item":"https:\/\/julesverne.com.tr\/"},{"@type":"ListItem","position":2,"name":"Avrupa&#8217;n\u0131n Renkli Noel Pazarlar\u0131n\u0131 Cruise Seyahati ile Gezin !"}]},{"@type":"WebSite","@id":"https:\/\/julesverne.com.tr\/#website","url":"https:\/\/julesverne.com.tr\/","name":"JULES VERNE BUSINESS MICE TRAVEL","description":"","publisher":{"@id":"https:\/\/julesverne.com.tr\/#organization"},"potentialAction":[{"@type":"SearchAction","target":{"@type":"EntryPoint","urlTemplate":"https:\/\/julesverne.com.tr\/?s={search_term_string}"},"query-input":"required name=search_term_string"}],"inLanguage":"en-US"},{"@type":"Organization","@id":"https:\/\/julesverne.com.tr\/#organization","name":"JULES VERNE BUSINESS MICE TRAVEL","url":"https:\/\/julesverne.com.tr\/","logo":{"@type":"ImageObject","inLanguage":"en-US","@id":"https:\/\/julesverne.com.tr\/#\/schema\/logo\/image\/","url":"https:\/\/julesverne.com.tr\/wp-content\/uploads\/2020\/09\/jv-bmt-logo.png","contentUrl":"https:\/\/julesverne.com.tr\/wp-content\/uploads\/2020\/09\/jv-bmt-logo.png","width":110,"height":81,"caption":"JULES VERNE BUSINESS MICE TRAVEL"},"image":{"@id":"https:\/\/julesverne.com.tr\/#\/schema\/logo\/image\/"},"sameAs":["https:\/\/www.facebook.com\/JulesVerneBusinessMiceTravel\/","https:\/\/twitter.com\/JV_BusinessMice","https:\/\/www.instagram.com\/julesvernebusinessmicetravel\/","https:\/\/www.linkedin.com\/company\/julesvernebusinessmicetravel\/","https:\/\/www.youtube.com\/channel\/UCAwdsmbZ6tFhu1tea6pkpiw"]},{"@type":"Person","@id":"https:\/\/julesverne.com.tr\/#\/schema\/person\/f4eb0514ae455538644c31b99a466fdb","name":"fikirman","sameAs":["http:\/\/advermedya.net\/julesverne"],"url":"https:\/\/julesverne.com.tr\/en\/author\/fikirman\/"}]}},"_links":{"self":[{"href":"https:\/\/julesverne.com.tr\/en\/wp-json\/wp\/v2\/posts\/1817"}],"collection":[{"href":"https:\/\/julesverne.com.tr\/en\/wp-json\/wp\/v2\/posts"}],"about":[{"href":"https:\/\/julesverne.com.tr\/en\/wp-json\/wp\/v2\/types\/post"}],"author":[{"embeddable":true,"href":"https:\/\/julesverne.com.tr\/en\/wp-json\/wp\/v2\/users\/1"}],"replies":[{"embeddable":true,"href":"https:\/\/julesverne.com.tr\/en\/wp-json\/wp\/v2\/comments?post=1817"}],"version-history":[{"count":0,"href":"https:\/\/julesverne.com.tr\/en\/wp-json\/wp\/v2\/posts\/1817\/revisions"}],"wp:featuredmedia":[{"embeddable":true,"href":"https:\/\/julesverne.com.tr\/en\/wp-json\/wp\/v2\/media\/1818"}],"wp:attachment":[{"href":"https:\/\/julesverne.com.tr\/en\/wp-json\/wp\/v2\/media?parent=1817"}],"wp:term":[{"taxonomy":"category","embeddable":true,"href":"https:\/\/julesverne.com.tr\/en\/wp-json\/wp\/v2\/categories?post=1817"},{"taxonomy":"post_tag","embeddable":true,"href":"https:\/\/julesverne.com.tr\/en\/wp-json\/wp\/v2\/tags?post=1817"}],"curies":[{"name":"wp","href":"https:\/\/api.w.org\/{rel}","templated":true}]}}