{"id":1804,"date":"2017-09-18T11:17:28","date_gmt":"2017-09-18T08:17:28","guid":{"rendered":"https:\/\/www.julesverne.com.tr\/\/blog\/sonbaharin-en-keyifli-rotalari\/"},"modified":"2021-10-22T12:02:15","modified_gmt":"2021-10-22T09:02:15","slug":"sonbaharin-en-keyifli-rotalari","status":"publish","type":"post","link":"https:\/\/julesverne.com.tr\/en\/travel-blog\/sonbaharin-en-keyifli-rotalari\/","title":{"rendered":"Sonbahar\u0131n En Keyifli Rotalar\u0131"},"content":{"rendered":"<p style=\"text-align: center;\"><img loading=\"lazy\" decoding=\"async\" class=\"alignnone size-full wp-image-5420\" src=\"https:\/\/www.julesverne.com.tr\/\/wp-content\/uploads\/2020\/09\/sonbahar.jpg\" alt=\"\" width=\"740\" height=\"491\" srcset=\"https:\/\/julesverne.com.tr\/wp-content\/uploads\/2020\/09\/sonbahar.jpg 740w, https:\/\/julesverne.com.tr\/wp-content\/uploads\/2020\/09\/sonbahar-500x332.jpg 500w\" sizes=\"(max-width: 740px) 100vw, 740px\" \/><\/p>\n<p>Seyahat etmek hep g\u00fczel, hep heyecan verici. Seyahatin mevsimi olmaz ama sonbahar\u0131n b\u00fcy\u00fcs\u00fc bir ba\u015fka&#8230; Do\u011fan\u0131n g\u00fcz renklerine b\u00fcr\u00fcnd\u00fc\u011f\u00fc bu mevsimi seyahatlerle kutlaman\u0131n do\u011fru olaca\u011f\u0131n\u0131 d\u00fc\u015f\u00fcn\u00fcp, d\u00fcnyan\u0131n d\u00f6rt bir yan\u0131ndan \u00f6zel rotalar haz\u0131rlad\u0131k. \u0130talya\u2019dan Japonya\u2019ya; \u0130sko\u00e7ya\u2019dan Amerika\u2019ya; Fransa\u2019dan Kanada\u2019ya uzanan sonbahar gezileriniz i\u00e7in haz\u0131rl\u0131klara ba\u015flay\u0131n!<\/p>\n<p><strong>Bavyera, Almanya<\/strong><\/p>\n<p style=\"text-align: center;\"><strong><img loading=\"lazy\" decoding=\"async\" class=\"alignnone size-full wp-image-5421\" src=\"https:\/\/www.julesverne.com.tr\/\/wp-content\/uploads\/2020\/09\/bavyera.jpg\" alt=\"Neuschwanstein Castle\" width=\"740\" height=\"491\" srcset=\"https:\/\/julesverne.com.tr\/wp-content\/uploads\/2020\/09\/bavyera.jpg 740w, https:\/\/julesverne.com.tr\/wp-content\/uploads\/2020\/09\/bavyera-500x332.jpg 500w\" sizes=\"(max-width: 740px) 100vw, 740px\" \/><\/strong><\/p>\n<p>G\u00fcney Almanya, Avrupa&#8217;n\u0131n en g\u00fczel manzaralar\u0131ndan birini sunan co\u011frafyas\u0131 ve mimarisiyle gezginlerin radar\u0131nda hep! Sonsuz gibi gelen Alp ormanlar\u0131, zirveleri karla kapl\u0131 da\u011f g\u00f6r\u00fcnt\u00fcleri, ke\u015ffedilmeyi bekleyen saray ve kaleleri, Bavyera&#8217;n\u0131n lokal \u015faraplar\u0131 ve elbette her y\u0131l birbirinden renkli g\u00f6r\u00fcnt\u00fclere sahne olan Oktoberfest sonbahar\u0131n en g\u00fczel rit\u00fcelleri&#8230; Masal diyar\u0131n\u0131 and\u0131ran Neuschwanstein Castle, Linderhof Palace, Nuremberg Castle ve Burghausen Castle ise Bavyera&#8221;n\u0131n fantastik d\u00fcnyas\u0131n\u0131n kap\u0131lar\u0131n\u0131 aral\u0131yor.<\/p>\n<p><strong>Perthshire, \u0130sko\u00e7ya<\/strong><\/p>\n<p style=\"text-align: center;\"><strong><img loading=\"lazy\" decoding=\"async\" class=\"alignnone size-full wp-image-5422\" src=\"https:\/\/www.julesverne.com.tr\/\/wp-content\/uploads\/2020\/09\/perthshire.jpg\" alt=\"Dunkeld\" width=\"740\" height=\"493\" srcset=\"https:\/\/julesverne.com.tr\/wp-content\/uploads\/2020\/09\/perthshire.jpg 740w, https:\/\/julesverne.com.tr\/wp-content\/uploads\/2020\/09\/perthshire-500x333.jpg 500w\" sizes=\"(max-width: 740px) 100vw, 740px\" \/><\/strong><\/p>\n<p>B\u00fcy\u00fck A\u011fa\u00e7lar \u00dclkesi olarak an\u0131lan \u0130sko\u00e7ya&#8217;n\u0131n Perthshire b\u00f6lgesi, nefes kesen do\u011fal g\u00fczellikleriyle \u00f6zellikle Avrupa&#8217;n\u0131n en g\u00fczel sonbahar rotalar\u0131ndan biri. A\u011fa\u00e7larla kapl\u0131 yama\u00e7lar\u0131n g\u00fcz renklerini ayna gibi yans\u0131tan g\u00f6l ve nehirleri hem do\u011fa sporlar\u0131 i\u00e7in hem de muazzam do\u011fa foto\u011fraflar\u0131 i\u00e7in e\u015fsiz bir ortam sunuyor. B\u00f6lgedeki en \u00e7arp\u0131c\u0131 manzaralar\u0131 Loch Tummel ve Knock Hill civar\u0131nda bulabilirsiniz. Ormanl\u0131k yollardan y\u00fcr\u00fcyerek Knock Hill&#8217;e do\u011fru y\u00fcr\u00fcd\u00fc\u011f\u00fcn\u00fczde Highlands&#8217;in g\u00fczel g\u00f6r\u00fcnt\u00fcs\u00fcn\u00fc seyredebilirsiniz.<\/p>\n<p><strong>Piemonte, \u0130talya<\/strong><\/p>\n<p style=\"text-align: center;\"><strong><img loading=\"lazy\" decoding=\"async\" class=\"alignnone size-full wp-image-5423\" src=\"https:\/\/www.julesverne.com.tr\/\/wp-content\/uploads\/2020\/09\/piemonte.jpg\" alt=\"\" width=\"740\" height=\"493\" srcset=\"https:\/\/julesverne.com.tr\/wp-content\/uploads\/2020\/09\/piemonte.jpg 740w, https:\/\/julesverne.com.tr\/wp-content\/uploads\/2020\/09\/piemonte-500x333.jpg 500w\" sizes=\"(max-width: 740px) 100vw, 740px\" \/><\/strong><\/p>\n<p>\u0130talya&#8217;n\u0131n kuzeybat\u0131s\u0131nda konumlanan Piemonte b\u00f6lgesi, Toskana&#8217;n\u0131n biraz g\u00f6lgesinde kalm\u0131\u015f olsa da asl\u0131nda uzun y\u0131llard\u0131r gurmelerin ke\u015ffetti\u011fi, ziyaretten vazge\u00e7emedi\u011fi bir cennet. Do\u011fan\u0131n, tarihin, \u015farab\u0131n, slow food&#8217;un m\u00fckemmel bir kar\u0131\u015f\u0131m\u0131 olan Piemonte \u00f6zg\u00fcnl\u00fc\u011f\u00fcnden asla \u00f6d\u00fcn ermeyen, g\u00f6teri\u015ften uzak bir ya\u015fam felsefesine sahip. \u0130talya&#8217;n\u0131n asiller b\u00f6lgesi denen Piemonte&#8217;de bir\u00e7ok k\u00f6y ve kasaban\u0131n ad\u0131 kontlardan geliyor. Yeme-i\u00e7me k\u00fclt\u00fcr\u00fcn\u00fcn hayranl\u0131k uyand\u0131r\u0131c\u0131 derecede zengin oldu\u011fu b\u00f6lge \u00fcnl\u00fc \u015faraplar\u0131, tr\u00fcf mantar\u0131 av\u0131, peynir ve f\u0131nd\u0131k \u00fcretimiyle \u00fcnl\u00fc.<\/p>\n<p><strong>Loire Vadisi, Fransa<\/strong><\/p>\n<p style=\"text-align: center;\"><strong><img loading=\"lazy\" decoding=\"async\" class=\"alignnone size-full wp-image-5424\" src=\"https:\/\/www.julesverne.com.tr\/\/wp-content\/uploads\/2020\/09\/loire.jpg\" alt=\"Azay-le-Rideau castle\" width=\"740\" height=\"488\" srcset=\"https:\/\/julesverne.com.tr\/wp-content\/uploads\/2020\/09\/loire.jpg 740w, https:\/\/julesverne.com.tr\/wp-content\/uploads\/2020\/09\/loire-500x330.jpg 500w\" sizes=\"(max-width: 740px) 100vw, 740px\" \/><\/strong><\/p>\n<p>Fransa&#8217;n\u0131n Bah\u00e7esi olarak bilinen Loire Vadisi, Loire Nehri&#8217;nin orta b\u00f6l\u00fcm\u00fcn\u00fc kapl\u0131yor. Orta\u00e7a\u011f ve R\u00f6nesans mimarisinin g\u00f6rkemini yans\u0131tan \u015fatolar\u0131yla UNESCO D\u00fcnya Miras\u0131 olarak koruma alt\u0131na al\u0131nan Loire Vadisi, tarih kitaplar\u0131n\u0131 aratm\u0131yor. \u00a0Ye\u015fili, ya\u011f\u0131\u015f\u0131 bol, verimli topraklar\u0131n ve ya\u015famda acelesi olmayan insanlar\u0131n vatan\u0131. Sonbaharla birlikte ba\u011flar\u0131n\u0131n alt\u0131n gibi parlamas\u0131, turuncu ve ate\u015f k\u0131rm\u0131z\u0131s\u0131 yapraklar\u0131n her yerde kar\u015f\u0131n\u0131za \u00e7\u0131kmas\u0131, bah\u00e7eler aras\u0131nda inci gibi duran \u015fatolar\u0131n heybeti kesinlikle buray\u0131 g\u00f6r\u00fclmeye de\u011fer k\u0131l\u0131yor. Fransa&#8217;n\u0131n &#8220;New England&#8217;\u0131&#8221; olarak \u015f\u00f6hreti g\u00fcn ge\u00e7tik\u00e7e giderek yay\u0131l\u0131yor.<\/p>\n<p><strong>New England, ABD<\/strong><\/p>\n<p style=\"text-align: center;\"><strong><img loading=\"lazy\" decoding=\"async\" class=\"alignnone size-full wp-image-5425\" src=\"https:\/\/www.julesverne.com.tr\/\/wp-content\/uploads\/2020\/09\/new_england.jpg\" alt=\"stowe new england\" width=\"740\" height=\"493\" srcset=\"https:\/\/julesverne.com.tr\/wp-content\/uploads\/2020\/09\/new_england.jpg 740w, https:\/\/julesverne.com.tr\/wp-content\/uploads\/2020\/09\/new_england-500x333.jpg 500w\" sizes=\"(max-width: 740px) 100vw, 740px\" \/><\/strong><\/p>\n<p>Amerika Birle\u015fik Devletleri&#8217;nin kuzeydo\u011fusunda yer alan New England \u00f6zellikle sonbaharda do\u011fan\u0131n renklerinin dans\u0131na sahne oluyor. Boston\u2019\u0131 da i\u00e7ine alan bu b\u00f6lgede Connecticut, Maine, Massachusetts, New Hampshire, Rhode Island ve Vermont eyaletleri sonbahar\u0131n en yak\u0131\u015ft\u0131\u011f\u0131 do\u011fal manzaralara sahne oluyor. Sonbahar\u0131n geli\u015fi ile birlikte a\u011fa\u00e7 yapraklar\u0131 ye\u015filden k\u0131rm\u0131z\u0131ya, k\u0131rm\u0131z\u0131dan turuncuya, turuncudan sar\u0131ya onlarca ton ve desende k\u0131sa bir s\u00fcreli\u011fine de\u011fi\u015fimler ya\u015f\u0131yor.<\/p>\n<p><strong>Budape\u015fte, Macaristan<\/strong><\/p>\n<p style=\"text-align: center;\"><strong><img loading=\"lazy\" decoding=\"async\" class=\"alignnone size-full wp-image-5426\" src=\"https:\/\/www.julesverne.com.tr\/\/wp-content\/uploads\/2020\/09\/budapeste-2.jpg\" alt=\"\" width=\"740\" height=\"556\" srcset=\"https:\/\/julesverne.com.tr\/wp-content\/uploads\/2020\/09\/budapeste-2.jpg 740w, https:\/\/julesverne.com.tr\/wp-content\/uploads\/2020\/09\/budapeste-2-500x376.jpg 500w\" sizes=\"(max-width: 740px) 100vw, 740px\" \/><\/strong><\/p>\n<p>Sonbaharda bile s\u0131caklar\u0131n bir t\u00fcrl\u00fc d\u00fc\u015fmedi\u011fi destinasyonlar yerine ger\u00e7ekten \u0131l\u0131man bir iklim ve yan\u0131nda \u015fehir hareketi istiyorsan\u0131z Budape\u015fte sadece 2 saat u\u00e7u\u015f uzakl\u0131\u011f\u0131n\u0131zda. Ulusal i\u00e7eceklerin ve yemeklerin tan\u0131t\u0131ld\u0131\u011f\u0131 gurme festivalleri sonbahar aylar\u0131n\u0131 olduk\u00e7a canl\u0131 k\u0131l\u0131yor. \u00a0&#8220;Do\u011fu&#8217;nun Paris&#8217;i&#8221; Budape\u015fte sanat\u00e7\u0131lar\u0131n ve d\u00fc\u015f\u00fcn\u00fcrlerin ilham ald\u0131\u011f\u0131 zengin tarih ve mimarisiyle cezbediyor. \u015eehre yak\u0131n konumlanan Eger, Tokaj veya Villany b\u00f6lgelerinde ba\u011f ziyareti ve \u015farap tad\u0131m\u0131 yapabilirsiniz.<\/p>\n<p><strong>Lugano, \u0130svi\u00e7re<\/strong><\/p>\n<p style=\"text-align: center;\"><strong><img loading=\"lazy\" decoding=\"async\" class=\"alignnone size-full wp-image-5427\" src=\"https:\/\/www.julesverne.com.tr\/\/wp-content\/uploads\/2020\/09\/lugano-1.jpg\" alt=\"\" width=\"740\" height=\"495\" srcset=\"https:\/\/julesverne.com.tr\/wp-content\/uploads\/2020\/09\/lugano-1.jpg 740w, https:\/\/julesverne.com.tr\/wp-content\/uploads\/2020\/09\/lugano-1-500x334.jpg 500w\" sizes=\"(max-width: 740px) 100vw, 740px\" \/><\/strong><\/p>\n<p>\u0130svi\u00e7re&#8217;nin g\u00fcneyinde ve \u0130talya s\u0131n\u0131r\u0131na yak\u0131n bir konumda yer alan Lugano, Lugano G\u00f6l\u00fc k\u0131y\u0131s\u0131nda olmas\u0131n\u0131n g\u00f6rsel ayr\u0131cal\u0131\u011f\u0131n\u0131 ya\u015fat\u0131yor. Alplerin hemen g\u00fcneyinde yer almas\u0131yla cezbedici da\u011f manzaralar\u0131n\u0131n g\u00f6lgesinde olan Lugano asl\u0131nda y\u0131l\u0131n her d\u00f6nemi pitoresk manzaralar sunuyor. Ancak seyahatinizi sonbahara denk getirirseniz m\u00fckemmel bir sonbahar renk uyumuyla kar\u015f\u0131la\u015fabilirsiniz. Ekim ayn\u0131n\u0131n ilk haftas\u0131nda d\u00fczenlenen Sonbahar Festivali&#8217;ne kat\u0131labilirsiniz \u015farab\u0131n ve danslar\u0131n kutland\u0131\u011f\u0131 renkli g\u00f6r\u00fcnt\u00fclere de tan\u0131k olabilirsiniz.<\/p>\n<p><strong>Douro Valley, Portekiz<\/strong><\/p>\n<p style=\"text-align: center;\"><strong><img loading=\"lazy\" decoding=\"async\" class=\"alignnone size-full wp-image-5428\" src=\"https:\/\/www.julesverne.com.tr\/\/wp-content\/uploads\/2020\/09\/douro.jpg\" alt=\"\" width=\"740\" height=\"492\" srcset=\"https:\/\/julesverne.com.tr\/wp-content\/uploads\/2020\/09\/douro.jpg 740w, https:\/\/julesverne.com.tr\/wp-content\/uploads\/2020\/09\/douro-500x332.jpg 500w\" sizes=\"(max-width: 740px) 100vw, 740px\" \/><\/strong><\/p>\n<p>Tarihi ba\u011flar ve \u015faraphanelerin aras\u0131ndan ge\u00e7erek Porto\u2019da okyanusa d\u00f6k\u00fclen Douro Nehri&#8217;nin iki yakas\u0131nda y\u00fckselen dik yama\u00e7lar d\u00fcnyan\u0131n en \u00f6nemli ba\u011flar\u0131n ya\u015fam yeri. \u00a0Tara\u00e7a tara\u00e7a inen ba\u011flar ile kapl\u0131 yama\u00e7lar Portekiz&#8217;in en da\u011fl\u0131k ve engebeli \u015farap b\u00f6lgesini olu\u015fturuyor. K\u0131\u015f aylar\u0131nda fazlas\u0131yla so\u011fuk olan ve yaz aylar\u0131nda termometreyi \u015fa\u015f\u0131rtan s\u0131cakl\u0131klara eri\u015fen Douro Vadisi ziyareti i\u00e7in en iyi zaman bahar aylar\u0131. 2001 y\u0131l\u0131nda UNESCO D\u00fcnya Miras\u0131 listesine al\u0131nan Douro ba\u011flar\u0131 ve b\u00f6lgesini ara\u00e7 kiralay\u0131p gezmek \u00e7ok keyifli. Sonbahar renklerine b\u00fcr\u00fcnen yollar\u0131nda k\u0131vr\u0131l\u0131p \u00f6zg\u00fcn k\u00f6ylerini, \u00fcnl\u00fc ba\u011flar\u0131n\u0131 ve ba\u011f evlerini, yerel m\u00fczelerini gezebilirsiniz.<\/p>\n<p><strong>Kyoto, Japonya<\/strong><\/p>\n<p style=\"text-align: center;\"><strong><img loading=\"lazy\" decoding=\"async\" class=\"alignnone size-full wp-image-5429\" src=\"https:\/\/www.julesverne.com.tr\/\/wp-content\/uploads\/2020\/09\/kyoto-1.jpg\" alt=\"\" width=\"740\" height=\"494\" srcset=\"https:\/\/julesverne.com.tr\/wp-content\/uploads\/2020\/09\/kyoto-1.jpg 740w, https:\/\/julesverne.com.tr\/wp-content\/uploads\/2020\/09\/kyoto-1-500x334.jpg 500w\" sizes=\"(max-width: 740px) 100vw, 740px\" \/><\/strong><\/p>\n<p>Bin y\u0131l\u0131 a\u015fk\u0131n s\u00fcre Japonya&#8217;n\u0131n ba\u015fkenti olan Kyoto&#8217;nun k\u00f6kl\u00fc tarihi, \u00f6zenle korunan \u015fehir dokusu, geisha okullar\u0131 ve ne kadar betimlenirse betimlensin eksik kalacak bah\u00e7e ve parklar\u0131yla bu d\u00fcnyaya ait de\u011filmi\u015f gibi duruyor. \u00a0Feng-Shui felsefesine g\u00f6re planlanan \u015fehirde sakinlik ve huzur sizi ad\u0131m atmaz kendi i\u00e7ine \u00e7ekiyor. Masallardaki sonbahar\u0131 ya\u015fayaca\u011f\u0131n\u0131z Kyoto, geleneklerin \u015fehri. &#8220;Onbin Tap\u0131nak \u015fehri&#8221; Kyoto&#8217;da asl\u0131 \u00f6zenle korunan Budist ve Shinto tap\u0131naklar\u0131 pitoresk bah\u00e7eler i\u00e7erisinde yer al\u0131yor. Bu \u015fehri sonbaharda g\u00f6rmenizi istememizin en b\u00fcy\u00fck sebebi ise a\u011fa\u00e7 yapraklar\u0131n\u0131n ye\u015filden sar\u0131, turuncu, k\u0131rm\u0131z\u0131 renklere d\u00f6n\u00fc\u015f yolculu\u011funa tan\u0131kl\u0131k etmeniz.<\/p>\n<p><strong>Montr\u00e9al, Kanada<\/strong><\/p>\n<p style=\"text-align: center;\"><strong><img loading=\"lazy\" decoding=\"async\" class=\"alignnone size-full wp-image-5430\" src=\"https:\/\/www.julesverne.com.tr\/\/wp-content\/uploads\/2020\/09\/montreal-1.jpg\" alt=\"\" width=\"740\" height=\"493\" srcset=\"https:\/\/julesverne.com.tr\/wp-content\/uploads\/2020\/09\/montreal-1.jpg 740w, https:\/\/julesverne.com.tr\/wp-content\/uploads\/2020\/09\/montreal-1-500x333.jpg 500w\" sizes=\"(max-width: 740px) 100vw, 740px\" \/><\/strong><\/p>\n<p>Sonbahar\u0131n en yak\u0131\u015ft\u0131\u011f\u0131 \u015fehirlerinden birini Kanada&#8217;da bulduk: Mont\u00e9al&#8230; Kanada&#8217;n\u0131n Frans\u0131z ekol\u00fc kanatlar\u0131 alt\u0131ndaki Quebec eyaletinin en b\u00fcy\u00fck \u015fehri Avrupa k\u00fclt\u00fcr\u00fcn\u00fcn etkisinde mimarisi, sanat\u0131, zengin mutfa\u011f\u0131 k\u0131saca &#8220;hayattan zevk almay\u0131 bilen&#8221; duru\u015fuyla gezginleri heyecanland\u0131r\u0131yor. Bu \u00fclkenin en farkl\u0131 metropol\u00fcnde do\u011fa, k\u00fclt\u00fcr, \u00a0zarafet kusursuz bir uyum i\u00e7erisinde. Kanada&#8217;n\u0131n sert so\u011fuklar\u0131 ba\u015flamadan \u00f6nceki son d\u00f6nemine girmi\u015fken bu sonbahar Montr\u00e9al&#8217;i ke\u015ffe \u00e7\u0131kmal\u0131s\u0131n\u0131z. Mount Royal Park, Mount Royal Cemetery, Montreal Botanical Garden, Bois-de-Liesse Park ve Old Port gibi \u015fehrin \u00f6nemli adreslerinde do\u011fan\u0131n ye\u015filden sar\u0131ya; turuncudan k\u0131rm\u0131z\u0131ya b\u00fcr\u00fcnen renk dalgalanmas\u0131n\u0131 g\u00f6rebilirsiniz.<\/p>\n<p><strong>Bonus: Fas<\/strong><\/p>\n<p style=\"text-align: center;\"><strong><img loading=\"lazy\" decoding=\"async\" class=\"alignnone size-full wp-image-5431\" src=\"https:\/\/www.julesverne.com.tr\/\/wp-content\/uploads\/2020\/09\/fas.jpg\" alt=\"\" width=\"740\" height=\"493\" srcset=\"https:\/\/julesverne.com.tr\/wp-content\/uploads\/2020\/09\/fas.jpg 740w, https:\/\/julesverne.com.tr\/wp-content\/uploads\/2020\/09\/fas-500x333.jpg 500w\" sizes=\"(max-width: 740px) 100vw, 740px\" \/><\/strong><\/p>\n<p>Bu sonbahar k\u0131sa bir u\u00e7u\u015fla ula\u015faca\u011f\u0131n\u0131z egzotik ve mistik bir rota aray\u0131\u015f\u0131ndaysan\u0131z bug\u00fcne kadar bir\u00e7ok gezginden onlarca yorum duydu\u011funuz Fas farkl\u0131 ve renkli bir tercih olabilir. Do\u011faya ve do\u011fa sporlar\u0131na ilginiz varsa Atlas Da\u011flar\u0131&#8217;nda y\u00fcr\u00fcy\u00fc\u015f i\u00e7in y\u00fcksek sezonun sonbaharda oldu\u011funu hemen s\u00f6yleyelim. Kavurucu s\u0131caklar\u0131n bitti\u011fi, k\u0131\u015f so\u011fu\u011funun hen\u00fcz s\u0131n\u0131rlara giri\u015f yapmad\u0131\u011f\u0131 bu ara d\u00f6nemde iyi bir rehber e\u015fli\u011finde dola\u015fabilir, rustik k\u00f6yleri ke\u015ffedebilirsiniz. Y\u0131l\u0131n her d\u00f6nemi s\u00f6rf\u00e7\u00fcler i\u00e7in ilgi \u00e7eken Essaouira, sonbaharda hem s\u00f6rf hem de g\u00fcne\u015flenmek i\u00e7in cazip. E\u011fer sadece Marake\u015f\u2019te kalmak istiyorsan\u0131z birbirinden \u00f6zel ve l\u00fcks tasar\u0131ma sahip riadlardan birinin avlusunda nane \u00e7ay\u0131n\u0131z\u0131 yudumlaman\u0131n keyfini \u00e7\u0131kar\u0131n.<\/p>\n<p style=\"text-align: center;\"><strong>Daha detayl\u0131 bilgi i\u00e7in: <\/strong><br \/>\n<a href=\"mailto:travel@julesverne.com.tr%20\" target=\"_blank\" rel=\"noopener noreferrer\"><strong>travel@julesverne.com.tr <\/strong><\/a><br \/>\n<strong>0212 266 6363 &#8211; 118<\/strong><\/p>\n","protected":false},"excerpt":{"rendered":"<p>Seyahat etmek hep g&uuml;zel, hep heyecan verici. Seyahatin mevsimi olmaz ama sonbahar\u0131n b&uuml;y&uuml;s&uuml; bir ba\u015fka&#8230; Do\u011fan\u0131n g&uuml;z renklerine b&uuml;r&uuml;nd&uuml;\u011f&uuml; bu mevsimi seyahatlerle kutlaman\u0131n do\u011fru olaca\u011f\u0131n\u0131 d&uuml;\u015f&uuml;n&uuml;p, d&uuml;nyan\u0131n d&ouml;rt bir yan\u0131ndan &ouml;zel rotalar haz\u0131rlad\u0131k. \u0130talya&rsquo;dan Japonya&rsquo;ya; \u0130sko&ccedil;ya&rsquo;dan Amerika&rsquo;ya; Fransa&rsquo;dan Kanada&rsquo;ya uzanan sonbahar gezileriniz i&ccedil;in haz\u0131rl\u0131klara ba\u015flay\u0131n!<\/p>\n","protected":false},"author":1,"featured_media":1805,"comment_status":"closed","ping_status":"closed","sticky":false,"template":"","format":"standard","meta":{"inline_featured_image":false,"footnotes":""},"categories":[1],"tags":[],"acf":[],"yoast_head":"<!-- This site is optimized with the Yoast SEO plugin v22.3 - https:\/\/yoast.com\/wordpress\/plugins\/seo\/ -->\n<title>Sonbahar\u0131n En Keyifli Rotalar\u0131 - JULES VERNE BUSINESS MICE TRAVEL<\/title>\n<meta name=\"robots\" content=\"index, follow, max-snippet:-1, max-image-preview:large, max-video-preview:-1\" \/>\n<link rel=\"canonical\" href=\"https:\/\/julesverne.com.tr\/travel-blog\/sonbaharin-en-keyifli-rotalari\/\" \/>\n<meta property=\"og:locale\" content=\"en_US\" \/>\n<meta property=\"og:type\" content=\"article\" \/>\n<meta property=\"og:title\" content=\"Sonbahar\u0131n En Keyifli Rotalar\u0131 - JULES VERNE BUSINESS MICE TRAVEL\" \/>\n<meta property=\"og:description\" content=\"Seyahat etmek hep g&uuml;zel, hep heyecan verici. Seyahatin mevsimi olmaz ama sonbahar\u0131n b&uuml;y&uuml;s&uuml; bir ba\u015fka... Do\u011fan\u0131n g&uuml;z renklerine b&uuml;r&uuml;nd&uuml;\u011f&uuml; bu mevsimi seyahatlerle kutlaman\u0131n do\u011fru olaca\u011f\u0131n\u0131 d&uuml;\u015f&uuml;n&uuml;p, d&uuml;nyan\u0131n d&ouml;rt bir yan\u0131ndan &ouml;zel rotalar haz\u0131rlad\u0131k. \u0130talya&rsquo;dan Japonya&rsquo;ya; \u0130sko&ccedil;ya&rsquo;dan Amerika&rsquo;ya; Fransa&rsquo;dan Kanada&rsquo;ya uzanan sonbahar gezileriniz i&ccedil;in haz\u0131rl\u0131klara ba\u015flay\u0131n!\" \/>\n<meta property=\"og:url\" content=\"https:\/\/julesverne.com.tr\/travel-blog\/sonbaharin-en-keyifli-rotalari\/\" \/>\n<meta property=\"og:site_name\" content=\"JULES VERNE BUSINESS MICE TRAVEL\" \/>\n<meta property=\"article:publisher\" content=\"https:\/\/www.facebook.com\/JulesVerneBusinessMiceTravel\/\" \/>\n<meta property=\"article:published_time\" content=\"2017-09-18T08:17:28+00:00\" \/>\n<meta property=\"article:modified_time\" content=\"2021-10-22T09:02:15+00:00\" \/>\n<meta property=\"og:image\" content=\"https:\/\/julesverne.com.tr\/wp-content\/uploads\/2020\/09\/sonbahar_kapak.jpg\" \/>\n\t<meta property=\"og:image:width\" content=\"740\" \/>\n\t<meta property=\"og:image:height\" content=\"493\" \/>\n\t<meta property=\"og:image:type\" content=\"image\/jpeg\" \/>\n<meta name=\"author\" content=\"fikirman\" \/>\n<meta name=\"twitter:card\" content=\"summary_large_image\" \/>\n<meta name=\"twitter:creator\" content=\"@JV_BusinessMice\" \/>\n<meta name=\"twitter:site\" content=\"@JV_BusinessMice\" \/>\n<meta name=\"twitter:label1\" content=\"Written by\" \/>\n\t<meta name=\"twitter:data1\" content=\"fikirman\" \/>\n\t<meta name=\"twitter:label2\" content=\"Est. reading time\" \/>\n\t<meta name=\"twitter:data2\" content=\"7 minutes\" \/>\n<script type=\"application\/ld+json\" class=\"yoast-schema-graph\">{\"@context\":\"https:\/\/schema.org\",\"@graph\":[{\"@type\":\"Article\",\"@id\":\"https:\/\/julesverne.com.tr\/travel-blog\/sonbaharin-en-keyifli-rotalari\/#article\",\"isPartOf\":{\"@id\":\"https:\/\/julesverne.com.tr\/travel-blog\/sonbaharin-en-keyifli-rotalari\/\"},\"author\":{\"name\":\"fikirman\",\"@id\":\"https:\/\/julesverne.com.tr\/#\/schema\/person\/f4eb0514ae455538644c31b99a466fdb\"},\"headline\":\"Sonbahar\u0131n En Keyifli Rotalar\u0131\",\"datePublished\":\"2017-09-18T08:17:28+00:00\",\"dateModified\":\"2021-10-22T09:02:15+00:00\",\"mainEntityOfPage\":{\"@id\":\"https:\/\/julesverne.com.tr\/travel-blog\/sonbaharin-en-keyifli-rotalari\/\"},\"wordCount\":1373,\"publisher\":{\"@id\":\"https:\/\/julesverne.com.tr\/#organization\"},\"image\":{\"@id\":\"https:\/\/julesverne.com.tr\/travel-blog\/sonbaharin-en-keyifli-rotalari\/#primaryimage\"},\"thumbnailUrl\":\"https:\/\/julesverne.com.tr\/wp-content\/uploads\/2020\/09\/sonbahar_kapak.jpg\",\"articleSection\":[\"Blog\"],\"inLanguage\":\"en-US\"},{\"@type\":\"WebPage\",\"@id\":\"https:\/\/julesverne.com.tr\/travel-blog\/sonbaharin-en-keyifli-rotalari\/\",\"url\":\"https:\/\/julesverne.com.tr\/travel-blog\/sonbaharin-en-keyifli-rotalari\/\",\"name\":\"Sonbahar\u0131n En Keyifli Rotalar\u0131 - JULES VERNE BUSINESS MICE TRAVEL\",\"isPartOf\":{\"@id\":\"https:\/\/julesverne.com.tr\/#website\"},\"primaryImageOfPage\":{\"@id\":\"https:\/\/julesverne.com.tr\/travel-blog\/sonbaharin-en-keyifli-rotalari\/#primaryimage\"},\"image\":{\"@id\":\"https:\/\/julesverne.com.tr\/travel-blog\/sonbaharin-en-keyifli-rotalari\/#primaryimage\"},\"thumbnailUrl\":\"https:\/\/julesverne.com.tr\/wp-content\/uploads\/2020\/09\/sonbahar_kapak.jpg\",\"datePublished\":\"2017-09-18T08:17:28+00:00\",\"dateModified\":\"2021-10-22T09:02:15+00:00\",\"breadcrumb\":{\"@id\":\"https:\/\/julesverne.com.tr\/travel-blog\/sonbaharin-en-keyifli-rotalari\/#breadcrumb\"},\"inLanguage\":\"en-US\",\"potentialAction\":[{\"@type\":\"ReadAction\",\"target\":[\"https:\/\/julesverne.com.tr\/travel-blog\/sonbaharin-en-keyifli-rotalari\/\"]}]},{\"@type\":\"ImageObject\",\"inLanguage\":\"en-US\",\"@id\":\"https:\/\/julesverne.com.tr\/travel-blog\/sonbaharin-en-keyifli-rotalari\/#primaryimage\",\"url\":\"https:\/\/julesverne.com.tr\/wp-content\/uploads\/2020\/09\/sonbahar_kapak.jpg\",\"contentUrl\":\"https:\/\/julesverne.com.tr\/wp-content\/uploads\/2020\/09\/sonbahar_kapak.jpg\",\"width\":740,\"height\":493},{\"@type\":\"BreadcrumbList\",\"@id\":\"https:\/\/julesverne.com.tr\/travel-blog\/sonbaharin-en-keyifli-rotalari\/#breadcrumb\",\"itemListElement\":[{\"@type\":\"ListItem\",\"position\":1,\"name\":\"Anasayfa\",\"item\":\"https:\/\/julesverne.com.tr\/\"},{\"@type\":\"ListItem\",\"position\":2,\"name\":\"Sonbahar\u0131n En Keyifli Rotalar\u0131\"}]},{\"@type\":\"WebSite\",\"@id\":\"https:\/\/julesverne.com.tr\/#website\",\"url\":\"https:\/\/julesverne.com.tr\/\",\"name\":\"JULES VERNE BUSINESS MICE TRAVEL\",\"description\":\"\",\"publisher\":{\"@id\":\"https:\/\/julesverne.com.tr\/#organization\"},\"potentialAction\":[{\"@type\":\"SearchAction\",\"target\":{\"@type\":\"EntryPoint\",\"urlTemplate\":\"https:\/\/julesverne.com.tr\/?s={search_term_string}\"},\"query-input\":\"required name=search_term_string\"}],\"inLanguage\":\"en-US\"},{\"@type\":\"Organization\",\"@id\":\"https:\/\/julesverne.com.tr\/#organization\",\"name\":\"JULES VERNE BUSINESS MICE TRAVEL\",\"url\":\"https:\/\/julesverne.com.tr\/\",\"logo\":{\"@type\":\"ImageObject\",\"inLanguage\":\"en-US\",\"@id\":\"https:\/\/julesverne.com.tr\/#\/schema\/logo\/image\/\",\"url\":\"https:\/\/julesverne.com.tr\/wp-content\/uploads\/2020\/09\/jv-bmt-logo.png\",\"contentUrl\":\"https:\/\/julesverne.com.tr\/wp-content\/uploads\/2020\/09\/jv-bmt-logo.png\",\"width\":110,\"height\":81,\"caption\":\"JULES VERNE BUSINESS MICE TRAVEL\"},\"image\":{\"@id\":\"https:\/\/julesverne.com.tr\/#\/schema\/logo\/image\/\"},\"sameAs\":[\"https:\/\/www.facebook.com\/JulesVerneBusinessMiceTravel\/\",\"https:\/\/twitter.com\/JV_BusinessMice\",\"https:\/\/www.instagram.com\/julesvernebusinessmicetravel\/\",\"https:\/\/www.linkedin.com\/company\/julesvernebusinessmicetravel\/\",\"https:\/\/www.youtube.com\/channel\/UCAwdsmbZ6tFhu1tea6pkpiw\"]},{\"@type\":\"Person\",\"@id\":\"https:\/\/julesverne.com.tr\/#\/schema\/person\/f4eb0514ae455538644c31b99a466fdb\",\"name\":\"fikirman\",\"sameAs\":[\"http:\/\/advermedya.net\/julesverne\"],\"url\":\"https:\/\/julesverne.com.tr\/en\/author\/fikirman\/\"}]}<\/script>\n<!-- \/ Yoast SEO plugin. -->","yoast_head_json":{"title":"Sonbahar\u0131n En Keyifli Rotalar\u0131 - JULES VERNE BUSINESS MICE TRAVEL","robots":{"index":"index","follow":"follow","max-snippet":"max-snippet:-1","max-image-preview":"max-image-preview:large","max-video-preview":"max-video-preview:-1"},"canonical":"https:\/\/julesverne.com.tr\/travel-blog\/sonbaharin-en-keyifli-rotalari\/","og_locale":"en_US","og_type":"article","og_title":"Sonbahar\u0131n En Keyifli Rotalar\u0131 - JULES VERNE BUSINESS MICE TRAVEL","og_description":"Seyahat etmek hep g&uuml;zel, hep heyecan verici. Seyahatin mevsimi olmaz ama sonbahar\u0131n b&uuml;y&uuml;s&uuml; bir ba\u015fka... Do\u011fan\u0131n g&uuml;z renklerine b&uuml;r&uuml;nd&uuml;\u011f&uuml; bu mevsimi seyahatlerle kutlaman\u0131n do\u011fru olaca\u011f\u0131n\u0131 d&uuml;\u015f&uuml;n&uuml;p, d&uuml;nyan\u0131n d&ouml;rt bir yan\u0131ndan &ouml;zel rotalar haz\u0131rlad\u0131k. \u0130talya&rsquo;dan Japonya&rsquo;ya; \u0130sko&ccedil;ya&rsquo;dan Amerika&rsquo;ya; Fransa&rsquo;dan Kanada&rsquo;ya uzanan sonbahar gezileriniz i&ccedil;in haz\u0131rl\u0131klara ba\u015flay\u0131n!","og_url":"https:\/\/julesverne.com.tr\/travel-blog\/sonbaharin-en-keyifli-rotalari\/","og_site_name":"JULES VERNE BUSINESS MICE TRAVEL","article_publisher":"https:\/\/www.facebook.com\/JulesVerneBusinessMiceTravel\/","article_published_time":"2017-09-18T08:17:28+00:00","article_modified_time":"2021-10-22T09:02:15+00:00","og_image":[{"width":740,"height":493,"url":"https:\/\/julesverne.com.tr\/wp-content\/uploads\/2020\/09\/sonbahar_kapak.jpg","type":"image\/jpeg"}],"author":"fikirman","twitter_card":"summary_large_image","twitter_creator":"@JV_BusinessMice","twitter_site":"@JV_BusinessMice","twitter_misc":{"Written by":"fikirman","Est. reading time":"7 minutes"},"schema":{"@context":"https:\/\/schema.org","@graph":[{"@type":"Article","@id":"https:\/\/julesverne.com.tr\/travel-blog\/sonbaharin-en-keyifli-rotalari\/#article","isPartOf":{"@id":"https:\/\/julesverne.com.tr\/travel-blog\/sonbaharin-en-keyifli-rotalari\/"},"author":{"name":"fikirman","@id":"https:\/\/julesverne.com.tr\/#\/schema\/person\/f4eb0514ae455538644c31b99a466fdb"},"headline":"Sonbahar\u0131n En Keyifli Rotalar\u0131","datePublished":"2017-09-18T08:17:28+00:00","dateModified":"2021-10-22T09:02:15+00:00","mainEntityOfPage":{"@id":"https:\/\/julesverne.com.tr\/travel-blog\/sonbaharin-en-keyifli-rotalari\/"},"wordCount":1373,"publisher":{"@id":"https:\/\/julesverne.com.tr\/#organization"},"image":{"@id":"https:\/\/julesverne.com.tr\/travel-blog\/sonbaharin-en-keyifli-rotalari\/#primaryimage"},"thumbnailUrl":"https:\/\/julesverne.com.tr\/wp-content\/uploads\/2020\/09\/sonbahar_kapak.jpg","articleSection":["Blog"],"inLanguage":"en-US"},{"@type":"WebPage","@id":"https:\/\/julesverne.com.tr\/travel-blog\/sonbaharin-en-keyifli-rotalari\/","url":"https:\/\/julesverne.com.tr\/travel-blog\/sonbaharin-en-keyifli-rotalari\/","name":"Sonbahar\u0131n En Keyifli Rotalar\u0131 - JULES VERNE BUSINESS MICE TRAVEL","isPartOf":{"@id":"https:\/\/julesverne.com.tr\/#website"},"primaryImageOfPage":{"@id":"https:\/\/julesverne.com.tr\/travel-blog\/sonbaharin-en-keyifli-rotalari\/#primaryimage"},"image":{"@id":"https:\/\/julesverne.com.tr\/travel-blog\/sonbaharin-en-keyifli-rotalari\/#primaryimage"},"thumbnailUrl":"https:\/\/julesverne.com.tr\/wp-content\/uploads\/2020\/09\/sonbahar_kapak.jpg","datePublished":"2017-09-18T08:17:28+00:00","dateModified":"2021-10-22T09:02:15+00:00","breadcrumb":{"@id":"https:\/\/julesverne.com.tr\/travel-blog\/sonbaharin-en-keyifli-rotalari\/#breadcrumb"},"inLanguage":"en-US","potentialAction":[{"@type":"ReadAction","target":["https:\/\/julesverne.com.tr\/travel-blog\/sonbaharin-en-keyifli-rotalari\/"]}]},{"@type":"ImageObject","inLanguage":"en-US","@id":"https:\/\/julesverne.com.tr\/travel-blog\/sonbaharin-en-keyifli-rotalari\/#primaryimage","url":"https:\/\/julesverne.com.tr\/wp-content\/uploads\/2020\/09\/sonbahar_kapak.jpg","contentUrl":"https:\/\/julesverne.com.tr\/wp-content\/uploads\/2020\/09\/sonbahar_kapak.jpg","width":740,"height":493},{"@type":"BreadcrumbList","@id":"https:\/\/julesverne.com.tr\/travel-blog\/sonbaharin-en-keyifli-rotalari\/#breadcrumb","itemListElement":[{"@type":"ListItem","position":1,"name":"Anasayfa","item":"https:\/\/julesverne.com.tr\/"},{"@type":"ListItem","position":2,"name":"Sonbahar\u0131n En Keyifli Rotalar\u0131"}]},{"@type":"WebSite","@id":"https:\/\/julesverne.com.tr\/#website","url":"https:\/\/julesverne.com.tr\/","name":"JULES VERNE BUSINESS MICE TRAVEL","description":"","publisher":{"@id":"https:\/\/julesverne.com.tr\/#organization"},"potentialAction":[{"@type":"SearchAction","target":{"@type":"EntryPoint","urlTemplate":"https:\/\/julesverne.com.tr\/?s={search_term_string}"},"query-input":"required name=search_term_string"}],"inLanguage":"en-US"},{"@type":"Organization","@id":"https:\/\/julesverne.com.tr\/#organization","name":"JULES VERNE BUSINESS MICE TRAVEL","url":"https:\/\/julesverne.com.tr\/","logo":{"@type":"ImageObject","inLanguage":"en-US","@id":"https:\/\/julesverne.com.tr\/#\/schema\/logo\/image\/","url":"https:\/\/julesverne.com.tr\/wp-content\/uploads\/2020\/09\/jv-bmt-logo.png","contentUrl":"https:\/\/julesverne.com.tr\/wp-content\/uploads\/2020\/09\/jv-bmt-logo.png","width":110,"height":81,"caption":"JULES VERNE BUSINESS MICE TRAVEL"},"image":{"@id":"https:\/\/julesverne.com.tr\/#\/schema\/logo\/image\/"},"sameAs":["https:\/\/www.facebook.com\/JulesVerneBusinessMiceTravel\/","https:\/\/twitter.com\/JV_BusinessMice","https:\/\/www.instagram.com\/julesvernebusinessmicetravel\/","https:\/\/www.linkedin.com\/company\/julesvernebusinessmicetravel\/","https:\/\/www.youtube.com\/channel\/UCAwdsmbZ6tFhu1tea6pkpiw"]},{"@type":"Person","@id":"https:\/\/julesverne.com.tr\/#\/schema\/person\/f4eb0514ae455538644c31b99a466fdb","name":"fikirman","sameAs":["http:\/\/advermedya.net\/julesverne"],"url":"https:\/\/julesverne.com.tr\/en\/author\/fikirman\/"}]}},"_links":{"self":[{"href":"https:\/\/julesverne.com.tr\/en\/wp-json\/wp\/v2\/posts\/1804"}],"collection":[{"href":"https:\/\/julesverne.com.tr\/en\/wp-json\/wp\/v2\/posts"}],"about":[{"href":"https:\/\/julesverne.com.tr\/en\/wp-json\/wp\/v2\/types\/post"}],"author":[{"embeddable":true,"href":"https:\/\/julesverne.com.tr\/en\/wp-json\/wp\/v2\/users\/1"}],"replies":[{"embeddable":true,"href":"https:\/\/julesverne.com.tr\/en\/wp-json\/wp\/v2\/comments?post=1804"}],"version-history":[{"count":0,"href":"https:\/\/julesverne.com.tr\/en\/wp-json\/wp\/v2\/posts\/1804\/revisions"}],"wp:featuredmedia":[{"embeddable":true,"href":"https:\/\/julesverne.com.tr\/en\/wp-json\/wp\/v2\/media\/1805"}],"wp:attachment":[{"href":"https:\/\/julesverne.com.tr\/en\/wp-json\/wp\/v2\/media?parent=1804"}],"wp:term":[{"taxonomy":"category","embeddable":true,"href":"https:\/\/julesverne.com.tr\/en\/wp-json\/wp\/v2\/categories?post=1804"},{"taxonomy":"post_tag","embeddable":true,"href":"https:\/\/julesverne.com.tr\/en\/wp-json\/wp\/v2\/tags?post=1804"}],"curies":[{"name":"wp","href":"https:\/\/api.w.org\/{rel}","templated":true}]}}