{"id":1802,"date":"2017-09-08T12:50:57","date_gmt":"2017-09-08T09:50:57","guid":{"rendered":"https:\/\/www.julesverne.com.tr\/\/blog\/hem-sanat-hem-seyahat-sanat-fuarlarina-yolculuk\/"},"modified":"2020-09-21T17:36:32","modified_gmt":"2020-09-21T14:36:32","slug":"hem-sanat-hem-seyahat-sanat-fuarlarina-yolculuk","status":"publish","type":"post","link":"https:\/\/julesverne.com.tr\/en\/travel-blog\/hem-sanat-hem-seyahat-sanat-fuarlarina-yolculuk\/","title":{"rendered":"Hem Sanat Hem Seyahat: Sanat Fuarlar\u0131na Yolculuk"},"content":{"rendered":"<p><p style=\"text-align: center;\"><img loading=\"lazy\" decoding=\"async\" class=\"alignnone size-full wp-image-5433\" src=\"https:\/\/www.julesverne.com.tr\/\/wp-content\/uploads\/2020\/09\/contemporary-1.jpg\" width=\"1140\" height=\"480\" alt=\"\" srcset=\"https:\/\/julesverne.com.tr\/wp-content\/uploads\/2020\/09\/contemporary-1.jpg 1140w, https:\/\/julesverne.com.tr\/wp-content\/uploads\/2020\/09\/contemporary-1-500x211.jpg 500w, https:\/\/julesverne.com.tr\/wp-content\/uploads\/2020\/09\/contemporary-1-768x323.jpg 768w\" sizes=\"(max-width: 1140px) 100vw, 1140px\" \/><\/p>\n<p>Sanat ruhumuzu besliyor, ufkumuzu a&ccedil;\u0131yor, &ouml;nyarg\u0131lar\u0131m\u0131z\u0131 a\u015f\u0131yoruz. Art\u0131k sanat her \u015fey demek&#8230;&nbsp;<\/p>\n<p>H\u0131zla b&uuml;y&uuml;yen ve &ouml;nem kazanan sanat fuarlar\u0131 farkl\u0131 &uuml;lkelerden, farkl\u0131 k&uuml;lt&uuml;rlerden sanat galerilerini bir araya getirerek, asl\u0131nda d&uuml;nyay\u0131 biz, sanatseverlerle bulu\u015fturuyorlar. Fuarlar kadar, fuarlar\u0131n ger&ccedil;ekle\u015fti\u011fi \u015fehirleri ke\u015ffetmek de ruhumuzu besliyor. Sanata olan ilgimizi seyahat keyfi ile birle\u015ftirmenin en g&uuml;zel yolu da tabi ki d&uuml;nyan\u0131n &ouml;nde gelen sanat fuarlar\u0131na kat\u0131lmak!<\/p>\n<p><img loading=\"lazy\" decoding=\"async\" class=\"alignnone size-full wp-image-5434\" src=\"https:\/\/www.julesverne.com.tr\/\/wp-content\/uploads\/2020\/09\/frieze_masters_2016.jpg\" width=\"640\" height=\"427\" alt=\"frieze\" srcset=\"https:\/\/julesverne.com.tr\/wp-content\/uploads\/2020\/09\/frieze_masters_2016.jpg 640w, https:\/\/julesverne.com.tr\/wp-content\/uploads\/2020\/09\/frieze_masters_2016-500x334.jpg 500w\" sizes=\"(max-width: 640px) 100vw, 640px\" \/><\/p>\n<p>D&uuml;nyan\u0131n d&ouml;rt bir yan\u0131nda sanat&ccedil;\u0131lara ilham veren \u015fehirlerin g&uuml;zelliklerini ke\u015ffederken kendinizi sanat\u0131n iyile\u015ftirici ve &ouml;zg&uuml;rle\u015ftirici g&uuml;c&uuml;ne teslim edin&#8230; Londra&#8217;dan, Miami&#8217;ye, Venedik&#8217;ten Paris&#8217;e &nbsp;ilham verici enerjisi ile sanatseverler ve seyahat merakl\u0131lar\u0131 i&ccedil;in &ccedil;ekim merkezi haline gelmi\u015f \u015fehirlerdeki 2017 sanat fuarlar\u0131n\u0131 sizler i&ccedil;in derledik. 15. \u0130stanbul Bienali&#8217;nden, Art Frize&#8217;e, Venedik Bienali&#8217;nden Art Basel Miami&#8217;ye sizler i&ccedil;in se&ccedil;ti\u011fimiz sanat fuarlar\u0131&#8230;<\/p>\n<p><strong>Contemporary \u0130stanbul<\/strong><\/p>\n<p><strong>&nbsp;<img loading=\"lazy\" decoding=\"async\" class=\"alignnone size-full wp-image-5435\" src=\"https:\/\/www.julesverne.com.tr\/\/wp-content\/uploads\/2020\/09\/contemporary-istanbul-2017.jpg\" width=\"960\" height=\"518\" alt=\"Contemporary_istanbul\" srcset=\"https:\/\/julesverne.com.tr\/wp-content\/uploads\/2020\/09\/contemporary-istanbul-2017.jpg 960w, https:\/\/julesverne.com.tr\/wp-content\/uploads\/2020\/09\/contemporary-istanbul-2017-500x270.jpg 500w, https:\/\/julesverne.com.tr\/wp-content\/uploads\/2020\/09\/contemporary-istanbul-2017-768x414.jpg 768w\" sizes=\"(max-width: 960px) 100vw, 960px\" \/><\/strong><\/p>\n<p>Son y\u0131llar\u0131n en &ccedil;ok ses getiren &ccedil;a\u011fda\u015f sanat sergisi Contemporary \u0130stanbul, 12. kez kap\u0131lar\u0131n\u0131 sanat severlere a&ccedil;\u0131yor. Bu y\u0131l kat\u0131lan 23 galeri ile daha da zenginle\u015fen sergi yine &ccedil;ok ses getirecek eserlere ev sahipli\u011fi yap\u0131yor.<\/p>\n<p><em>Ne Zaman?<\/em> 14-17 Eyl&uuml;l 2017<br \/><em>Nerede?<\/em> \u0130stanbul, T&uuml;rkiye<br \/><em>Web Site:<\/em>&nbsp;<a href=\"http:\/\/www.contemporaryistanbul.com\/\" target=\"_blank\" rel=\"noopener noreferrer\">www.contemporaryistanbul.com<\/a><\/p>\n<p><strong>\u0130stanbul Bienali<\/strong><\/p>\n<p><img loading=\"lazy\" decoding=\"async\" class=\"alignnone size-full wp-image-5436\" src=\"https:\/\/www.julesverne.com.tr\/\/wp-content\/uploads\/2020\/09\/bienal3son.jpg\" width=\"740\" height=\"274\" alt=\"istanbul bienali\" srcset=\"https:\/\/julesverne.com.tr\/wp-content\/uploads\/2020\/09\/bienal3son.jpg 740w, https:\/\/julesverne.com.tr\/wp-content\/uploads\/2020\/09\/bienal3son-500x185.jpg 500w\" sizes=\"(max-width: 740px) 100vw, 740px\" \/><\/p>\n<p class=\"MsoNormal\">15. \u0130stanbul Bienali 16 Eyl&uuml;l&#8217;de &#8220;\u0130yi Bir Kom\u015fu&#8221; temas\u0131yla a&ccedil;\u0131l\u0131yor. Bu y\u0131l bienalde, iyi bir kom\u015fu temas\u0131 alt\u0131nda ev, mahalle ve aidiyet kavramlar\u0131n\u0131 tart\u0131\u015fmaya a&ccedil;an i\u015fleri g&ouml;receksiniz. \u0130stanbul&#8217;un farkl\u0131 mekanlar\u0131ndaki sergi ve &ccedil;al\u0131\u015fmalar sayesinde g&uuml;zel bir \u0130stanbul turu da yapacaks\u0131n\u0131z.<\/p>\n<p class=\"MsoNormal\"><em>Ne Zaman?<\/em> 16 Eyl&uuml;l-12 Kas\u0131m 2017<br \/><em>Nerede?<\/em> \u0130stanbul, T&uuml;rkiye<br \/><em>Web Site:&nbsp;<\/em><a href=\"http:\/\/15b.iksv.org\/tr\" target=\"_blank\" rel=\"noopener noreferrer\">15b.iksv.org\/tr<\/a><\/p>\n<p><strong>Venice Biennale<\/strong><\/p>\n<p><img loading=\"lazy\" decoding=\"async\" class=\"alignnone size-full wp-image-5437\" src=\"https:\/\/www.julesverne.com.tr\/\/wp-content\/uploads\/2020\/09\/venedik_bienali.jpg\" width=\"600\" height=\"399\" alt=\"venedik_bienali\" srcset=\"https:\/\/julesverne.com.tr\/wp-content\/uploads\/2020\/09\/venedik_bienali.jpg 600w, https:\/\/julesverne.com.tr\/wp-content\/uploads\/2020\/09\/venedik_bienali-500x333.jpg 500w\" sizes=\"(max-width: 600px) 100vw, 600px\" \/><\/p>\n<p>Her iki y\u0131lda bir d&uuml;zenlenen bienal, t&uuml;m d&uuml;nyan\u0131n merakla bekledi\u011fi en g&uuml;ncel sanat etkinli\u011fi olarak biliniyor.<\/p>\n<p><em>Ne Zaman?<\/em> 13 May\u0131s &ndash; 26 Kas\u0131m 2017<br \/><em>Nerede?<\/em> Venedik, \u0130talya<br \/><em>Web Site:&nbsp;<\/em><a href=\"http:\/\/www.labiennale.org\/en\/art\/submission\/\" target=\"_blank\" rel=\"noopener noreferrer\">www.labiennale.org<\/a><\/p>\n<p><strong>Biennale de Lyon<\/strong><\/p>\n<p><strong><img loading=\"lazy\" decoding=\"async\" class=\"alignnone size-full wp-image-5438\" src=\"https:\/\/www.julesverne.com.tr\/\/wp-content\/uploads\/2020\/09\/Biennale_de_Lyon.jpg\" width=\"960\" height=\"640\" alt=\"Biennale de Lyon\" srcset=\"https:\/\/julesverne.com.tr\/wp-content\/uploads\/2020\/09\/Biennale_de_Lyon.jpg 960w, https:\/\/julesverne.com.tr\/wp-content\/uploads\/2020\/09\/Biennale_de_Lyon-500x333.jpg 500w, https:\/\/julesverne.com.tr\/wp-content\/uploads\/2020\/09\/Biennale_de_Lyon-768x512.jpg 768w\" sizes=\"(max-width: 960px) 100vw, 960px\" \/><\/strong><\/p>\n<p>Anahtar kelime olarak &#8221;modern&#8221;i se&ccedil;en Lyon Bienali modern sanat\u0131n t&uuml;m g&uuml;zelliklerini sanatseverlerle bulu\u015fturmaya haz\u0131rlan\u0131yor.<\/p>\n<p><em>Ne Zaman?<\/em> 20 Eyl&uuml;l &ndash; 31 Aral\u0131k 2017<br \/><em>Nerede?<\/em> Lyon, Fransa<br \/><em>Web Site:<\/em>&nbsp;<a href=\"http:\/\/www.biennaledelyon.com\/\" target=\"_blank\" rel=\"noopener noreferrer\">www.biennaledelyon.com<\/a><\/p>\n<p><strong>Frieze London<\/strong><\/p>\n<p><img loading=\"lazy\" decoding=\"async\" class=\"alignnone size-full wp-image-5439\" src=\"https:\/\/www.julesverne.com.tr\/\/wp-content\/uploads\/2020\/09\/frieze_2017.jpg\" width=\"640\" height=\"507\" alt=\"london_frieze_2017\" srcset=\"https:\/\/julesverne.com.tr\/wp-content\/uploads\/2020\/09\/frieze_2017.jpg 640w, https:\/\/julesverne.com.tr\/wp-content\/uploads\/2020\/09\/frieze_2017-500x396.jpg 500w\" sizes=\"(max-width: 640px) 100vw, 640px\" \/><\/p>\n<p>D&uuml;nyan\u0131n her yerinden y&uuml;kseli\u015fe ge&ccedil;en se&ccedil;kin sanat&ccedil;\u0131lar\u0131n eserlerinin sergilendi\u011fi fuarda d&uuml;nyan\u0131n d&ouml;rt bir yan\u0131ndan y&uuml;z&uuml;n &uuml;zerinde sanat galerisi kat\u0131l\u0131yor.<\/p>\n<p><em>Ne Zaman?<\/em> 5-8 Ekim 2017<br \/><em>Nerede?<\/em> Londra, \u0130ngiltere<br \/><em>Web Site:<\/em>&nbsp;<a href=\"https:\/\/frieze.com\/fairs\/frieze-london\" target=\"_blank\" rel=\"noopener noreferrer\">frieze.com\/fairs<\/a><\/p>\n<p><strong>New York Museum of Modern Art Koleksiyonu Paris&rsquo;e Geliyor!<\/strong><\/p>\n<p><strong><img loading=\"lazy\" decoding=\"async\" class=\"alignnone size-full wp-image-5440\" src=\"https:\/\/www.julesverne.com.tr\/\/wp-content\/uploads\/2020\/09\/moma_paris.jpg\" width=\"1140\" height=\"480\" alt=\"Moma_Paris\" srcset=\"https:\/\/julesverne.com.tr\/wp-content\/uploads\/2020\/09\/moma_paris.jpg 1140w, https:\/\/julesverne.com.tr\/wp-content\/uploads\/2020\/09\/moma_paris-500x211.jpg 500w, https:\/\/julesverne.com.tr\/wp-content\/uploads\/2020\/09\/moma_paris-768x323.jpg 768w\" sizes=\"(max-width: 1140px) 100vw, 1140px\" \/><\/strong><\/p>\n<p>&Ccedil;a\u011fda\u015f sanat\u0131n en &ouml;nemli koleksiyonu say\u0131lan New York Museum of Modern Art koleksiyonundan m&uuml;zenin alt\u0131 farkl\u0131 departman\u0131ndan se&ccedil;ilerek olu\u015fturulmu\u015f 200 eser, Paris&rsquo;teki Louis Vuitton Vakf\u0131&rsquo;nda ilk defa sergilenecek.<\/p>\n<p><em>Ne Zaman?<\/em>&nbsp;11&nbsp;Ekim 2017- 5 Mart 2018<br \/><em>Nerede?<\/em>&nbsp;Paris, Fransa<br \/>Web Site:&nbsp;<a href=\"http:\/\/press.moma.org\/2017\/05\/etremodernelemomaaparis\/\">press.moma.org<\/a><\/p>\n<p><strong>Art Basel Miami<\/strong><\/p>\n<p><img loading=\"lazy\" decoding=\"async\" class=\"alignnone size-full wp-image-5441\" src=\"https:\/\/www.julesverne.com.tr\/\/wp-content\/uploads\/2020\/09\/art-basel-miami.jpg\" width=\"1280\" height=\"640\" alt=\"Art Basel Miami\" srcset=\"https:\/\/julesverne.com.tr\/wp-content\/uploads\/2020\/09\/art-basel-miami.jpg 1280w, https:\/\/julesverne.com.tr\/wp-content\/uploads\/2020\/09\/art-basel-miami-500x250.jpg 500w, https:\/\/julesverne.com.tr\/wp-content\/uploads\/2020\/09\/art-basel-miami-768x384.jpg 768w\" sizes=\"(max-width: 1280px) 100vw, 1280px\" \/>Art Basel&rsquo;in karde\u015fi olan Art Basel Miami Beach, 2002&rsquo;den bu yana aral\u0131k ay\u0131nda &ccedil;a\u011fda\u015f sanat\u0131n Amerika adresi. Fuar, jet-set \u0131\u015f\u0131lt\u0131s\u0131yla bir ad\u0131m &ouml;ne &ccedil;\u0131k\u0131yor.<\/p>\n<p><em>Ne Zaman?<\/em> 7-10 Aral\u0131k 2017<br \/><em>Nerede?<\/em> Miami, ABD<br \/><em>Web Site:&nbsp;<\/em><a href=\"https:\/\/www.artbasel.com\/miami-beach\" target=\"_blank\" rel=\"noopener noreferrer\">www.artbasel.com\/miami-beach<\/a><\/p>\n<p><strong>&nbsp;Yokohama Triennale<\/strong><\/p>\n<p style=\"text-align: center;\"><strong><img loading=\"lazy\" decoding=\"async\" class=\"alignnone size-full wp-image-5442\" src=\"https:\/\/www.julesverne.com.tr\/\/wp-content\/uploads\/2020\/09\/Yokohama_Triennale.jpg\" width=\"1024\" height=\"576\" alt=\"Yokohama Triennale\" srcset=\"https:\/\/julesverne.com.tr\/wp-content\/uploads\/2020\/09\/Yokohama_Triennale.jpg 1024w, https:\/\/julesverne.com.tr\/wp-content\/uploads\/2020\/09\/Yokohama_Triennale-500x281.jpg 500w, https:\/\/julesverne.com.tr\/wp-content\/uploads\/2020\/09\/Yokohama_Triennale-768x432.jpg 768w, https:\/\/julesverne.com.tr\/wp-content\/uploads\/2020\/09\/Yokohama_Triennale-400x225.jpg 400w\" sizes=\"(max-width: 1024px) 100vw, 1024px\" \/><\/strong><\/p>\n<p style=\"text-align: left;\">Japonya&#8217;daki Yokohama Sanat M&uuml;zesi ve Yokohama Red Brick Warehouse&#8217;da ger&ccedil;ekle\u015fecek olan etkinlikler, 8 A\u011fustos &ndash; 5 Kas\u0131m tarihleri aras\u0131nda olup, d&uuml;nyay\u0131 &#8221;ba\u011flant\u0131l\u0131 olmak&#8221; ve &#8221;izole olmak&#8221; &ccedil;er&ccedil;evelerinde inceleyecek.<\/p>\n<p style=\"text-align: left;\"><em>Ne Zaman?<\/em>&nbsp;8 A\u011fustos -5 Kas\u0131m 2017<br \/><em>Nerede?<\/em>&nbsp;Yokohama, Japonya<br \/><em>Web Site:<\/em> <a href=\"http:\/\/www.yokohamatriennale.jp\/english\/2017\/\" target=\"_blank\" rel=\"noopener noreferrer\">www.yokohamatriennale.jp<\/a><\/p>\n<p style=\"text-align: center;\"><strong>Size &ouml;zel seyahat programlar\u0131 hakk\u0131nda bilgi almak i&ccedil;in:<\/strong><br \/><a href=\"mailto:travel@julesverne.com.tr\" target=\"_blank\" rel=\"noopener noreferrer\"><strong>travel@julesverne.com.tr<\/strong><\/a><br \/><strong>0212 266 6363 &#8211; 137<\/strong><\/p><\/p>\n","protected":false},"excerpt":{"rendered":"<p>D&uuml;nyan\u0131n d&ouml;rt bir yan\u0131nda h\u0131zla b&uuml;y&uuml;yen ve &ouml;nem kazanan sanat fuarlar\u0131 farkl\u0131 &uuml;lkelerden, farkl\u0131 k&uuml;lt&uuml;rlerden sanat galerilerini bir araya getirerek, asl\u0131nda d&uuml;nyay\u0131 biz, sanatseverlerle bulu\u015fturuyorlar. Fuarlar kadar, fuarlar\u0131n ger&ccedil;ekle\u015fti\u011fi \u015fehirleri ke\u015ffetmek de ruhumuzu beliyor. K\u0131saca, &ldquo;sanat i&ccedil;in seyahat&rdquo; mottosuyla &ccedil;\u0131karak d&uuml;nyan\u0131n &ouml;nde gelen sanat fuarlar\u0131n\u0131 gezmekle yetinmeyip, gitti\u011finiz \u015fehirlerin tad\u0131n\u0131 &ccedil;\u0131karman\u0131z\u0131 istiyoruz.&nbsp;<\/p>\n","protected":false},"author":1,"featured_media":1803,"comment_status":"closed","ping_status":"closed","sticky":false,"template":"","format":"standard","meta":{"inline_featured_image":false,"footnotes":""},"categories":[1],"tags":[],"acf":[],"yoast_head":"<!-- This site is optimized with the Yoast SEO plugin v22.3 - https:\/\/yoast.com\/wordpress\/plugins\/seo\/ -->\n<title>Hem Sanat Hem Seyahat: Sanat Fuarlar\u0131na Yolculuk - JULES VERNE BUSINESS MICE TRAVEL<\/title>\n<meta name=\"robots\" content=\"index, follow, max-snippet:-1, max-image-preview:large, max-video-preview:-1\" \/>\n<link rel=\"canonical\" href=\"https:\/\/julesverne.com.tr\/travel-blog\/hem-sanat-hem-seyahat-sanat-fuarlarina-yolculuk\/\" \/>\n<meta property=\"og:locale\" content=\"en_US\" \/>\n<meta property=\"og:type\" content=\"article\" \/>\n<meta property=\"og:title\" content=\"Hem Sanat Hem Seyahat: Sanat Fuarlar\u0131na Yolculuk - JULES VERNE BUSINESS MICE TRAVEL\" \/>\n<meta property=\"og:description\" content=\"D&uuml;nyan\u0131n d&ouml;rt bir yan\u0131nda h\u0131zla b&uuml;y&uuml;yen ve &ouml;nem kazanan sanat fuarlar\u0131 farkl\u0131 &uuml;lkelerden, farkl\u0131 k&uuml;lt&uuml;rlerden sanat galerilerini bir araya getirerek, asl\u0131nda d&uuml;nyay\u0131 biz, sanatseverlerle bulu\u015fturuyorlar. Fuarlar kadar, fuarlar\u0131n ger&ccedil;ekle\u015fti\u011fi \u015fehirleri ke\u015ffetmek de ruhumuzu beliyor. K\u0131saca, &ldquo;sanat i&ccedil;in seyahat&rdquo; mottosuyla &ccedil;\u0131karak d&uuml;nyan\u0131n &ouml;nde gelen sanat fuarlar\u0131n\u0131 gezmekle yetinmeyip, gitti\u011finiz \u015fehirlerin tad\u0131n\u0131 &ccedil;\u0131karman\u0131z\u0131 istiyoruz.&nbsp;\" \/>\n<meta property=\"og:url\" content=\"https:\/\/julesverne.com.tr\/travel-blog\/hem-sanat-hem-seyahat-sanat-fuarlarina-yolculuk\/\" \/>\n<meta property=\"og:site_name\" content=\"JULES VERNE BUSINESS MICE TRAVEL\" \/>\n<meta property=\"article:publisher\" content=\"https:\/\/www.facebook.com\/JulesVerneBusinessMiceTravel\/\" \/>\n<meta property=\"article:published_time\" content=\"2017-09-08T09:50:57+00:00\" \/>\n<meta property=\"article:modified_time\" content=\"2020-09-21T14:36:32+00:00\" \/>\n<meta property=\"og:image\" content=\"https:\/\/julesverne.com.tr\/wp-content\/uploads\/2020\/09\/contemporary.jpg\" \/>\n\t<meta property=\"og:image:width\" content=\"1140\" \/>\n\t<meta property=\"og:image:height\" content=\"480\" \/>\n\t<meta property=\"og:image:type\" content=\"image\/jpeg\" \/>\n<meta name=\"author\" content=\"fikirman\" \/>\n<meta name=\"twitter:card\" content=\"summary_large_image\" \/>\n<meta name=\"twitter:creator\" content=\"@JV_BusinessMice\" \/>\n<meta name=\"twitter:site\" content=\"@JV_BusinessMice\" \/>\n<meta name=\"twitter:label1\" content=\"Written by\" \/>\n\t<meta name=\"twitter:data1\" content=\"fikirman\" \/>\n\t<meta name=\"twitter:label2\" content=\"Est. reading time\" \/>\n\t<meta name=\"twitter:data2\" content=\"3 minutes\" \/>\n<script type=\"application\/ld+json\" class=\"yoast-schema-graph\">{\"@context\":\"https:\/\/schema.org\",\"@graph\":[{\"@type\":\"Article\",\"@id\":\"https:\/\/julesverne.com.tr\/travel-blog\/hem-sanat-hem-seyahat-sanat-fuarlarina-yolculuk\/#article\",\"isPartOf\":{\"@id\":\"https:\/\/julesverne.com.tr\/travel-blog\/hem-sanat-hem-seyahat-sanat-fuarlarina-yolculuk\/\"},\"author\":{\"name\":\"fikirman\",\"@id\":\"https:\/\/julesverne.com.tr\/#\/schema\/person\/f4eb0514ae455538644c31b99a466fdb\"},\"headline\":\"Hem Sanat Hem Seyahat: Sanat Fuarlar\u0131na Yolculuk\",\"datePublished\":\"2017-09-08T09:50:57+00:00\",\"dateModified\":\"2020-09-21T14:36:32+00:00\",\"mainEntityOfPage\":{\"@id\":\"https:\/\/julesverne.com.tr\/travel-blog\/hem-sanat-hem-seyahat-sanat-fuarlarina-yolculuk\/\"},\"wordCount\":703,\"publisher\":{\"@id\":\"https:\/\/julesverne.com.tr\/#organization\"},\"image\":{\"@id\":\"https:\/\/julesverne.com.tr\/travel-blog\/hem-sanat-hem-seyahat-sanat-fuarlarina-yolculuk\/#primaryimage\"},\"thumbnailUrl\":\"https:\/\/julesverne.com.tr\/wp-content\/uploads\/2020\/09\/contemporary.jpg\",\"articleSection\":[\"Blog\"],\"inLanguage\":\"en-US\"},{\"@type\":\"WebPage\",\"@id\":\"https:\/\/julesverne.com.tr\/travel-blog\/hem-sanat-hem-seyahat-sanat-fuarlarina-yolculuk\/\",\"url\":\"https:\/\/julesverne.com.tr\/travel-blog\/hem-sanat-hem-seyahat-sanat-fuarlarina-yolculuk\/\",\"name\":\"Hem Sanat Hem Seyahat: Sanat Fuarlar\u0131na Yolculuk - JULES VERNE BUSINESS MICE TRAVEL\",\"isPartOf\":{\"@id\":\"https:\/\/julesverne.com.tr\/#website\"},\"primaryImageOfPage\":{\"@id\":\"https:\/\/julesverne.com.tr\/travel-blog\/hem-sanat-hem-seyahat-sanat-fuarlarina-yolculuk\/#primaryimage\"},\"image\":{\"@id\":\"https:\/\/julesverne.com.tr\/travel-blog\/hem-sanat-hem-seyahat-sanat-fuarlarina-yolculuk\/#primaryimage\"},\"thumbnailUrl\":\"https:\/\/julesverne.com.tr\/wp-content\/uploads\/2020\/09\/contemporary.jpg\",\"datePublished\":\"2017-09-08T09:50:57+00:00\",\"dateModified\":\"2020-09-21T14:36:32+00:00\",\"breadcrumb\":{\"@id\":\"https:\/\/julesverne.com.tr\/travel-blog\/hem-sanat-hem-seyahat-sanat-fuarlarina-yolculuk\/#breadcrumb\"},\"inLanguage\":\"en-US\",\"potentialAction\":[{\"@type\":\"ReadAction\",\"target\":[\"https:\/\/julesverne.com.tr\/travel-blog\/hem-sanat-hem-seyahat-sanat-fuarlarina-yolculuk\/\"]}]},{\"@type\":\"ImageObject\",\"inLanguage\":\"en-US\",\"@id\":\"https:\/\/julesverne.com.tr\/travel-blog\/hem-sanat-hem-seyahat-sanat-fuarlarina-yolculuk\/#primaryimage\",\"url\":\"https:\/\/julesverne.com.tr\/wp-content\/uploads\/2020\/09\/contemporary.jpg\",\"contentUrl\":\"https:\/\/julesverne.com.tr\/wp-content\/uploads\/2020\/09\/contemporary.jpg\",\"width\":1140,\"height\":480},{\"@type\":\"BreadcrumbList\",\"@id\":\"https:\/\/julesverne.com.tr\/travel-blog\/hem-sanat-hem-seyahat-sanat-fuarlarina-yolculuk\/#breadcrumb\",\"itemListElement\":[{\"@type\":\"ListItem\",\"position\":1,\"name\":\"Anasayfa\",\"item\":\"https:\/\/julesverne.com.tr\/\"},{\"@type\":\"ListItem\",\"position\":2,\"name\":\"Hem Sanat Hem Seyahat: Sanat Fuarlar\u0131na Yolculuk\"}]},{\"@type\":\"WebSite\",\"@id\":\"https:\/\/julesverne.com.tr\/#website\",\"url\":\"https:\/\/julesverne.com.tr\/\",\"name\":\"JULES VERNE BUSINESS MICE TRAVEL\",\"description\":\"\",\"publisher\":{\"@id\":\"https:\/\/julesverne.com.tr\/#organization\"},\"potentialAction\":[{\"@type\":\"SearchAction\",\"target\":{\"@type\":\"EntryPoint\",\"urlTemplate\":\"https:\/\/julesverne.com.tr\/?s={search_term_string}\"},\"query-input\":\"required name=search_term_string\"}],\"inLanguage\":\"en-US\"},{\"@type\":\"Organization\",\"@id\":\"https:\/\/julesverne.com.tr\/#organization\",\"name\":\"JULES VERNE BUSINESS MICE TRAVEL\",\"url\":\"https:\/\/julesverne.com.tr\/\",\"logo\":{\"@type\":\"ImageObject\",\"inLanguage\":\"en-US\",\"@id\":\"https:\/\/julesverne.com.tr\/#\/schema\/logo\/image\/\",\"url\":\"https:\/\/julesverne.com.tr\/wp-content\/uploads\/2020\/09\/jv-bmt-logo.png\",\"contentUrl\":\"https:\/\/julesverne.com.tr\/wp-content\/uploads\/2020\/09\/jv-bmt-logo.png\",\"width\":110,\"height\":81,\"caption\":\"JULES VERNE BUSINESS MICE TRAVEL\"},\"image\":{\"@id\":\"https:\/\/julesverne.com.tr\/#\/schema\/logo\/image\/\"},\"sameAs\":[\"https:\/\/www.facebook.com\/JulesVerneBusinessMiceTravel\/\",\"https:\/\/twitter.com\/JV_BusinessMice\",\"https:\/\/www.instagram.com\/julesvernebusinessmicetravel\/\",\"https:\/\/www.linkedin.com\/company\/julesvernebusinessmicetravel\/\",\"https:\/\/www.youtube.com\/channel\/UCAwdsmbZ6tFhu1tea6pkpiw\"]},{\"@type\":\"Person\",\"@id\":\"https:\/\/julesverne.com.tr\/#\/schema\/person\/f4eb0514ae455538644c31b99a466fdb\",\"name\":\"fikirman\",\"sameAs\":[\"http:\/\/advermedya.net\/julesverne\"],\"url\":\"https:\/\/julesverne.com.tr\/en\/author\/fikirman\/\"}]}<\/script>\n<!-- \/ Yoast SEO plugin. -->","yoast_head_json":{"title":"Hem Sanat Hem Seyahat: Sanat Fuarlar\u0131na Yolculuk - JULES VERNE BUSINESS MICE TRAVEL","robots":{"index":"index","follow":"follow","max-snippet":"max-snippet:-1","max-image-preview":"max-image-preview:large","max-video-preview":"max-video-preview:-1"},"canonical":"https:\/\/julesverne.com.tr\/travel-blog\/hem-sanat-hem-seyahat-sanat-fuarlarina-yolculuk\/","og_locale":"en_US","og_type":"article","og_title":"Hem Sanat Hem Seyahat: Sanat Fuarlar\u0131na Yolculuk - JULES VERNE BUSINESS MICE TRAVEL","og_description":"D&uuml;nyan\u0131n d&ouml;rt bir yan\u0131nda h\u0131zla b&uuml;y&uuml;yen ve &ouml;nem kazanan sanat fuarlar\u0131 farkl\u0131 &uuml;lkelerden, farkl\u0131 k&uuml;lt&uuml;rlerden sanat galerilerini bir araya getirerek, asl\u0131nda d&uuml;nyay\u0131 biz, sanatseverlerle bulu\u015fturuyorlar. Fuarlar kadar, fuarlar\u0131n ger&ccedil;ekle\u015fti\u011fi \u015fehirleri ke\u015ffetmek de ruhumuzu beliyor. K\u0131saca, &ldquo;sanat i&ccedil;in seyahat&rdquo; mottosuyla &ccedil;\u0131karak d&uuml;nyan\u0131n &ouml;nde gelen sanat fuarlar\u0131n\u0131 gezmekle yetinmeyip, gitti\u011finiz \u015fehirlerin tad\u0131n\u0131 &ccedil;\u0131karman\u0131z\u0131 istiyoruz.&nbsp;","og_url":"https:\/\/julesverne.com.tr\/travel-blog\/hem-sanat-hem-seyahat-sanat-fuarlarina-yolculuk\/","og_site_name":"JULES VERNE BUSINESS MICE TRAVEL","article_publisher":"https:\/\/www.facebook.com\/JulesVerneBusinessMiceTravel\/","article_published_time":"2017-09-08T09:50:57+00:00","article_modified_time":"2020-09-21T14:36:32+00:00","og_image":[{"width":1140,"height":480,"url":"https:\/\/julesverne.com.tr\/wp-content\/uploads\/2020\/09\/contemporary.jpg","type":"image\/jpeg"}],"author":"fikirman","twitter_card":"summary_large_image","twitter_creator":"@JV_BusinessMice","twitter_site":"@JV_BusinessMice","twitter_misc":{"Written by":"fikirman","Est. reading time":"3 minutes"},"schema":{"@context":"https:\/\/schema.org","@graph":[{"@type":"Article","@id":"https:\/\/julesverne.com.tr\/travel-blog\/hem-sanat-hem-seyahat-sanat-fuarlarina-yolculuk\/#article","isPartOf":{"@id":"https:\/\/julesverne.com.tr\/travel-blog\/hem-sanat-hem-seyahat-sanat-fuarlarina-yolculuk\/"},"author":{"name":"fikirman","@id":"https:\/\/julesverne.com.tr\/#\/schema\/person\/f4eb0514ae455538644c31b99a466fdb"},"headline":"Hem Sanat Hem Seyahat: Sanat Fuarlar\u0131na Yolculuk","datePublished":"2017-09-08T09:50:57+00:00","dateModified":"2020-09-21T14:36:32+00:00","mainEntityOfPage":{"@id":"https:\/\/julesverne.com.tr\/travel-blog\/hem-sanat-hem-seyahat-sanat-fuarlarina-yolculuk\/"},"wordCount":703,"publisher":{"@id":"https:\/\/julesverne.com.tr\/#organization"},"image":{"@id":"https:\/\/julesverne.com.tr\/travel-blog\/hem-sanat-hem-seyahat-sanat-fuarlarina-yolculuk\/#primaryimage"},"thumbnailUrl":"https:\/\/julesverne.com.tr\/wp-content\/uploads\/2020\/09\/contemporary.jpg","articleSection":["Blog"],"inLanguage":"en-US"},{"@type":"WebPage","@id":"https:\/\/julesverne.com.tr\/travel-blog\/hem-sanat-hem-seyahat-sanat-fuarlarina-yolculuk\/","url":"https:\/\/julesverne.com.tr\/travel-blog\/hem-sanat-hem-seyahat-sanat-fuarlarina-yolculuk\/","name":"Hem Sanat Hem Seyahat: Sanat Fuarlar\u0131na Yolculuk - JULES VERNE BUSINESS MICE TRAVEL","isPartOf":{"@id":"https:\/\/julesverne.com.tr\/#website"},"primaryImageOfPage":{"@id":"https:\/\/julesverne.com.tr\/travel-blog\/hem-sanat-hem-seyahat-sanat-fuarlarina-yolculuk\/#primaryimage"},"image":{"@id":"https:\/\/julesverne.com.tr\/travel-blog\/hem-sanat-hem-seyahat-sanat-fuarlarina-yolculuk\/#primaryimage"},"thumbnailUrl":"https:\/\/julesverne.com.tr\/wp-content\/uploads\/2020\/09\/contemporary.jpg","datePublished":"2017-09-08T09:50:57+00:00","dateModified":"2020-09-21T14:36:32+00:00","breadcrumb":{"@id":"https:\/\/julesverne.com.tr\/travel-blog\/hem-sanat-hem-seyahat-sanat-fuarlarina-yolculuk\/#breadcrumb"},"inLanguage":"en-US","potentialAction":[{"@type":"ReadAction","target":["https:\/\/julesverne.com.tr\/travel-blog\/hem-sanat-hem-seyahat-sanat-fuarlarina-yolculuk\/"]}]},{"@type":"ImageObject","inLanguage":"en-US","@id":"https:\/\/julesverne.com.tr\/travel-blog\/hem-sanat-hem-seyahat-sanat-fuarlarina-yolculuk\/#primaryimage","url":"https:\/\/julesverne.com.tr\/wp-content\/uploads\/2020\/09\/contemporary.jpg","contentUrl":"https:\/\/julesverne.com.tr\/wp-content\/uploads\/2020\/09\/contemporary.jpg","width":1140,"height":480},{"@type":"BreadcrumbList","@id":"https:\/\/julesverne.com.tr\/travel-blog\/hem-sanat-hem-seyahat-sanat-fuarlarina-yolculuk\/#breadcrumb","itemListElement":[{"@type":"ListItem","position":1,"name":"Anasayfa","item":"https:\/\/julesverne.com.tr\/"},{"@type":"ListItem","position":2,"name":"Hem Sanat Hem Seyahat: Sanat Fuarlar\u0131na Yolculuk"}]},{"@type":"WebSite","@id":"https:\/\/julesverne.com.tr\/#website","url":"https:\/\/julesverne.com.tr\/","name":"JULES VERNE BUSINESS MICE TRAVEL","description":"","publisher":{"@id":"https:\/\/julesverne.com.tr\/#organization"},"potentialAction":[{"@type":"SearchAction","target":{"@type":"EntryPoint","urlTemplate":"https:\/\/julesverne.com.tr\/?s={search_term_string}"},"query-input":"required name=search_term_string"}],"inLanguage":"en-US"},{"@type":"Organization","@id":"https:\/\/julesverne.com.tr\/#organization","name":"JULES VERNE BUSINESS MICE TRAVEL","url":"https:\/\/julesverne.com.tr\/","logo":{"@type":"ImageObject","inLanguage":"en-US","@id":"https:\/\/julesverne.com.tr\/#\/schema\/logo\/image\/","url":"https:\/\/julesverne.com.tr\/wp-content\/uploads\/2020\/09\/jv-bmt-logo.png","contentUrl":"https:\/\/julesverne.com.tr\/wp-content\/uploads\/2020\/09\/jv-bmt-logo.png","width":110,"height":81,"caption":"JULES VERNE BUSINESS MICE TRAVEL"},"image":{"@id":"https:\/\/julesverne.com.tr\/#\/schema\/logo\/image\/"},"sameAs":["https:\/\/www.facebook.com\/JulesVerneBusinessMiceTravel\/","https:\/\/twitter.com\/JV_BusinessMice","https:\/\/www.instagram.com\/julesvernebusinessmicetravel\/","https:\/\/www.linkedin.com\/company\/julesvernebusinessmicetravel\/","https:\/\/www.youtube.com\/channel\/UCAwdsmbZ6tFhu1tea6pkpiw"]},{"@type":"Person","@id":"https:\/\/julesverne.com.tr\/#\/schema\/person\/f4eb0514ae455538644c31b99a466fdb","name":"fikirman","sameAs":["http:\/\/advermedya.net\/julesverne"],"url":"https:\/\/julesverne.com.tr\/en\/author\/fikirman\/"}]}},"_links":{"self":[{"href":"https:\/\/julesverne.com.tr\/en\/wp-json\/wp\/v2\/posts\/1802"}],"collection":[{"href":"https:\/\/julesverne.com.tr\/en\/wp-json\/wp\/v2\/posts"}],"about":[{"href":"https:\/\/julesverne.com.tr\/en\/wp-json\/wp\/v2\/types\/post"}],"author":[{"embeddable":true,"href":"https:\/\/julesverne.com.tr\/en\/wp-json\/wp\/v2\/users\/1"}],"replies":[{"embeddable":true,"href":"https:\/\/julesverne.com.tr\/en\/wp-json\/wp\/v2\/comments?post=1802"}],"version-history":[{"count":0,"href":"https:\/\/julesverne.com.tr\/en\/wp-json\/wp\/v2\/posts\/1802\/revisions"}],"wp:featuredmedia":[{"embeddable":true,"href":"https:\/\/julesverne.com.tr\/en\/wp-json\/wp\/v2\/media\/1803"}],"wp:attachment":[{"href":"https:\/\/julesverne.com.tr\/en\/wp-json\/wp\/v2\/media?parent=1802"}],"wp:term":[{"taxonomy":"category","embeddable":true,"href":"https:\/\/julesverne.com.tr\/en\/wp-json\/wp\/v2\/categories?post=1802"},{"taxonomy":"post_tag","embeddable":true,"href":"https:\/\/julesverne.com.tr\/en\/wp-json\/wp\/v2\/tags?post=1802"}],"curies":[{"name":"wp","href":"https:\/\/api.w.org\/{rel}","templated":true}]}}