{"id":1800,"date":"2017-09-06T17:32:23","date_gmt":"2017-09-06T14:32:23","guid":{"rendered":"https:\/\/www.julesverne.com.tr\/\/blog\/benzersiz-bir-sanat-deneyimi-15-istanbul-bienali-cagdas-sanat-gezileri\/"},"modified":"2020-09-21T17:36:32","modified_gmt":"2020-09-21T14:36:32","slug":"benzersiz-bir-sanat-deneyimi-15-istanbul-bienali-cagdas-sanat-gezileri","status":"publish","type":"post","link":"https:\/\/julesverne.com.tr\/en\/travel-blog\/benzersiz-bir-sanat-deneyimi-15-istanbul-bienali-cagdas-sanat-gezileri\/","title":{"rendered":"Benzersiz Bir Sanat Deneyimi: 15. \u0130stanbul Bienali \u00c7a\u011fda\u015f Sanat Gezileri"},"content":{"rendered":"<p><p class=\"MsoNormal\" style=\"text-align: center;\"><img loading=\"lazy\" decoding=\"async\" class=\"alignnone size-full wp-image-5444\" src=\"https:\/\/www.julesverne.com.tr\/\/wp-content\/uploads\/2020\/09\/iyi_bir_komsu_kapak.jpg\" width=\"500\" height=\"334\" alt=\"istanbul_bienali\" \/><\/p>\n<p class=\"MsoNormal\">Yeni bak\u0131\u015f a&ccedil;\u0131lar\u0131, yeni deneyimler, farkl\u0131 d&uuml;\u015f&uuml;nce bi&ccedil;imleri&#8230; Hepsi sanatla m&uuml;mk&uuml;n ve asl\u0131nda sanatla g&uuml;zel. Sanat\u0131n her dal\u0131 ruhumuzu besliyor ancak sanata ula\u015fmak kadar do\u011fru yorumlamak da bir o kadar k\u0131ymetli. Ulusal ve uluslararas\u0131 sanat platformunda her y\u0131l b&uuml;y&uuml;k ses getiren bienaller de bir&ccedil;o\u011fumuz i&ccedil;in hala anla\u015f\u0131lmas\u0131 zor, uzmanl\u0131k isteyen, kafam\u0131z\u0131 kar\u0131\u015ft\u0131ran alanlar olarak g&ouml;r&uuml;l&uuml;yor.<\/p>\n<p class=\"MsoNormal\"><img loading=\"lazy\" decoding=\"async\" class=\"alignnone size-full wp-image-5445\" src=\"https:\/\/www.julesverne.com.tr\/\/wp-content\/uploads\/2020\/09\/aya_sofia_by_night.jpg\" width=\"600\" height=\"303\" alt=\"istanbul_bienali\" srcset=\"https:\/\/julesverne.com.tr\/wp-content\/uploads\/2020\/09\/aya_sofia_by_night.jpg 600w, https:\/\/julesverne.com.tr\/wp-content\/uploads\/2020\/09\/aya_sofia_by_night-500x253.jpg 500w\" sizes=\"(max-width: 600px) 100vw, 600px\" \/><\/p>\n<p class=\"MsoNormal\">Bu do\u011frultuda<strong> MAP\/Mim Art Project <\/strong>ile ger&ccedil;ekle\u015ftirdi\u011fimiz ortak &ccedil;al\u0131\u015fma ile 15. \u0130stanbul Bienali&#8217;ni konusunda uzman sanat ele\u015ftirmenleri ile birlikte geziyor ve ses getiren eserleri birlikte de\u011ferlendiriyoruz. Her ya\u015f grubuna hitap eden bu sanat organizasyonu ile hem yeti\u015fkinlere y&ouml;nelik hem de gen&ccedil; (youngster) ve &ccedil;ocuklara y&ouml;nelik sanat etkinlikleriyle bienali deneyimleyeceksiniz.<\/p>\n<p class=\"MsoNormal\"><img loading=\"lazy\" decoding=\"async\" class=\"alignnone size-full wp-image-5446\" src=\"https:\/\/www.julesverne.com.tr\/\/wp-content\/uploads\/2020\/09\/bienal3son-1.jpg\" width=\"740\" height=\"274\" alt=\"bienal\" srcset=\"https:\/\/julesverne.com.tr\/wp-content\/uploads\/2020\/09\/bienal3son-1.jpg 740w, https:\/\/julesverne.com.tr\/wp-content\/uploads\/2020\/09\/bienal3son-1-500x185.jpg 500w\" sizes=\"(max-width: 740px) 100vw, 740px\" \/><strong>16 Eyl&uuml;l &ndash; 12 Kas\u0131m 2017<\/strong> tarihleri aras\u0131nda ger&ccedil;ekle\u015fecek 15. \u0130stanbul Bienali <strong>&ldquo;\u0130yi bir kom\u015fu&rdquo;<\/strong> ba\u015fl\u0131\u011f\u0131nda toplan\u0131yor. Bienalin k&uuml;rat&ouml;rleri, sanat&ccedil;\u0131 ikilisi Michael Elmgreen ve Ingar Dragset, iyi bir kom\u015fu ve ev kavramlar\u0131n\u0131 farkl\u0131 a&ccedil;\u0131lardan ele al\u0131yor. &ldquo;Beraber ya\u015famak dedi\u011fimiz \u015fey nedir?&rdquo; sorusuna odaklanan bienal, ev, kom\u015fu, aidiyet, &ldquo;k&ouml;k salm\u0131\u015fl\u0131k&rdquo;, farkl\u0131 ya\u015fam tarzlar\u0131, de\u011fi\u015fen ili\u015fki bi&ccedil;imleri, de\u011fi\u015fen demografi &uuml;zerine d&uuml;\u015f&uuml;nmeye te\u015fvik ediyor.&nbsp;<\/p>\n<p class=\"MsoNormal\"><img loading=\"lazy\" decoding=\"async\" class=\"alignnone size-full wp-image-5447\" src=\"https:\/\/www.julesverne.com.tr\/\/wp-content\/uploads\/2020\/09\/bienal_curator.jpg\" width=\"600\" height=\"514\" alt=\"istanbul_bienali\" srcset=\"https:\/\/julesverne.com.tr\/wp-content\/uploads\/2020\/09\/bienal_curator.jpg 600w, https:\/\/julesverne.com.tr\/wp-content\/uploads\/2020\/09\/bienal_curator-500x428.jpg 500w\" sizes=\"(max-width: 600px) 100vw, 600px\" \/><\/p>\n<p><strong>Siz de d&uuml;nyada her ge&ccedil;en y\u0131l daha fazla ses getiren \u0130stanbul Bienali&rsquo;ni, uzman rehberler e\u015fli\u011finde ge&ccedil;mi\u015ften g&uuml;n&uuml;m&uuml;ze b&uuml;t&uuml;n y&ouml;nleriyle ele alaca\u011f\u0131n\u0131z bir &ccedil;a\u011fda\u015f sanat gezisi ile deneyimlemek ister misiniz? &nbsp;<\/strong><\/p>\n<p class=\"MsoNormal\">Sizlere &ouml;zel planlad\u0131\u011f\u0131m\u0131z 15. \u0130stanbul Bienali &Ccedil;a\u011fda\u015f Sanat Gezilerimizde&nbsp;<strong>yeti\u015fkin programlar\u0131na<\/strong>&nbsp;Marmara &Uuml;niversitesi G&uuml;zel Sanatlar Fak&uuml;ltesi &ouml;\u011fretim &uuml;yesi ve sanat ele\u015ftirmeni <strong>Do&ccedil;. Dr. Esra Ali&ccedil;avu\u015fo\u011flu,&nbsp;<\/strong>sanat ele\u015ftirmeni ve &ccedil;a\u011fda\u015f sanat alan\u0131nda &ouml;\u011fretim g&ouml;revlisi <strong>Ay\u015feg&uuml;l S&ouml;nmez<\/strong><strong>;<\/strong> <strong>&ccedil;ocuk ve gen&ccedil; programlar\u0131na<\/strong> Kraft Sanat kurucular\u0131ndan ve sanat e\u011fitmeni <strong>Sevcan Tekcan<\/strong> e\u015flik edecek.<\/p>\n<p class=\"MsoNormal\"><img loading=\"lazy\" decoding=\"async\" class=\"alignnone size-full wp-image-5448\" src=\"https:\/\/www.julesverne.com.tr\/\/wp-content\/uploads\/2020\/09\/Map_programlar.png\" width=\"1200\" height=\"628\" alt=\"&Ccedil;agdag_Gezi_Programlari\" srcset=\"https:\/\/julesverne.com.tr\/wp-content\/uploads\/2020\/09\/Map_programlar.png 1200w, https:\/\/julesverne.com.tr\/wp-content\/uploads\/2020\/09\/Map_programlar-500x262.png 500w, https:\/\/julesverne.com.tr\/wp-content\/uploads\/2020\/09\/Map_programlar-768x402.png 768w\" sizes=\"(max-width: 1200px) 100vw, 1200px\" \/><\/p>\n<h3 class=\"MsoNormal\"><strong><a href=\"..\/..\/bizden-haberler\/15.-istanbul-bienali-iyi-bir-komsu-gezi-programi\" target=\"_blank\" rel=\"noopener noreferrer\">15. \u0130stanbul Bienali &Ccedil;a\u011fda\u015f Sanat Gezileri detayl\u0131 program\u0131na ula\u015fmak i&ccedil;in t\u0131klay\u0131n!<\/a><\/strong><\/h3>\n<p class=\"MsoNormal\"><strong>15. \u0130stanbul Bienali Mekan Bilgileri<\/strong><\/p>\n<p class=\"MsoNormal\"><strong><img loading=\"lazy\" decoding=\"async\" class=\"alignnone size-full wp-image-5449\" src=\"https:\/\/www.julesverne.com.tr\/\/wp-content\/uploads\/2020\/09\/mustafapasa_hamami.jpg\" width=\"555\" height=\"646\" alt=\"istanbul bienali\" srcset=\"https:\/\/julesverne.com.tr\/wp-content\/uploads\/2020\/09\/mustafapasa_hamami.jpg 555w, https:\/\/julesverne.com.tr\/wp-content\/uploads\/2020\/09\/mustafapasa_hamami-430x500.jpg 430w\" sizes=\"(max-width: 555px) 100vw, 555px\" \/><\/strong><\/p>\n<p class=\"MsoNormal\">Bu y\u0131l da bienal birden &ccedil;ok mekana yay\u0131l\u0131yor. <strong>\u0130stanbul Modern<\/strong>&lsquo;de bir&ccedil;ok enstalasyon, b&uuml;y&uuml;k &ouml;l&ccedil;ekli heykel ve tarihi i\u015fler, son y\u0131llar\u0131n ilgiyle ziyaret edilen mekanlar\u0131ndan <strong>Galata &Ouml;zel Rum \u0130lk&ouml;\u011fretim Okulu&lsquo;<\/strong>nda ise okulun odalar\u0131na kurulmu\u015f, farkl\u0131 deneyimler sunan i\u015fler yer al\u0131yor. <strong>Pera M&uuml;zesi<\/strong>&lsquo;nin &uuml;&ccedil; kat\u0131 ise bienal eserlerine ev sahipli\u011fi yap\u0131yor. Bienalin di\u011fer &ouml;nemli mekan\u0131 ise Cihangir&rsquo;deki m&uuml;stakil bir evden d&ouml;n&uuml;\u015ft&uuml;r&uuml;len sanat alan\u0131 <strong>ARK K&uuml;lt&uuml;r<\/strong>. Bienal i&ccedil;in kurmaca bir karakterin ev sahipli\u011finde yeniden bir ya\u015fam alan\u0131na, hik&acirc;yeleri olan bir &lsquo;ev&rsquo;e d&ouml;n&uuml;\u015ft&uuml;r&uuml;l&uuml;yor <strong>Asmal\u0131mescit&rsquo;teki Sanat&ccedil;\u0131 St&uuml;dyosu<\/strong> ise bir sanat&ccedil;\u0131 kolektifinin bienale &ouml;zel olarak geli\u015ftirdi\u011fi enstalasyona ev sahipli\u011fi yap\u0131yor. Bienalin bu y\u0131l en ilgi &ccedil;ekici mekan\u0131 ise ku\u015fkusuz <strong>Balat&rsquo;taki K&uuml;&ccedil;&uuml;k Mustafa Pa\u015fa Hamam\u0131<\/strong>! Hamam\u0131n kad\u0131nlar b&ouml;l&uuml;m&uuml;nde erkek sanat&ccedil;\u0131lar\u0131n, erkekler b&ouml;l&uuml;m&uuml;nde kad\u0131n sanat&ccedil;\u0131lar\u0131n i\u015fleri yer alarak erkeklik ve kad\u0131nl\u0131k, ataerkillik ve anaerkillik gibi kal\u0131pla\u015fm\u0131\u015f kimlik alg\u0131lar\u0131 inceleniyor.<\/p>\n<p class=\"MsoNormal\"><strong>SANAT DANI\u015eMANLARIMIZ<\/strong><\/p>\n<p class=\"MsoNormal\"><strong>Do&ccedil;. Dr. Esra Ali&ccedil;avu\u015fo\u011flu<\/strong><\/p>\n<p class=\"MsoNormal\">1996&rsquo;da \u0130stanbul &Uuml;niversitesi Edebiyat Fak&uuml;ltesi Sanat Tarihi B&ouml;l&uuml;m&uuml;&rsquo;nden mezun oldu. Ayn\u0131 kurumda, 1999&rsquo;da y&uuml;ksek lisans\u0131n\u0131; 2005&rsquo;te ise &ldquo;1980 Sonras\u0131 T&uuml;rk Sanat\u0131&rsquo;nda Sanat&ccedil;\u0131n\u0131n Yarat\u0131m\u0131nda Kendilik Temsili&rdquo; ba\u015fl\u0131kl\u0131 tezi ile doktoras\u0131n\u0131 tamamlad\u0131. 2000&rsquo;de University of TheArtsLondon Central Saint Martins&rsquo;de &ldquo;CuratorialStudies&rdquo; alan\u0131nda kurslara kat\u0131ld\u0131. 1996-2002 y\u0131llar\u0131 aras\u0131nda; Cumhuriyet&rsquo;te k&uuml;lt&uuml;r-sanat muhabirli\u011fi, Yap\u0131 Kredi Yay\u0131nlar\u0131 taraf\u0131ndan &ccedil;\u0131kar\u0131lan Sanat D&uuml;nyam\u0131z dergisinde edit&ouml;rl&uuml;k, Tarih Vakf\u0131 \u0130stanbul dergisinde Genel Yay\u0131n Y&ouml;netmeni olarak &ccedil;al\u0131\u015ft\u0131. 2013&rsquo;de Do&ccedil;ent oldu; halen sanat tarihi derslerini verdi\u011fi Marmara &Uuml;niversitesi G&uuml;zel Sanatlar Fak&uuml;ltesi&rsquo;nde &ouml;\u011fretim &uuml;yesi olarak &ccedil;al\u0131\u015fmakta AICA Uluslararas\u0131 Sanat Ele\u015ftirmenleri Derne\u011fi kurucu &uuml;yesi ve AIAS &ndash; International Association of Independent Art and Design Schools&rsquo;da edit&ouml;rl&uuml;k g&ouml;revi bulunmaktad\u0131r. Ali&ccedil;avu\u015fo\u011flu&rsquo;nun ulusal ve uluslararas\u0131 pek &ccedil;ok akademik yay\u0131nda makaleleri ve kitaplar\u0131 yay\u0131nlanm\u0131\u015ft\u0131r.<\/p>\n<p class=\"MsoNormal\"><strong>Ay\u015feg&uuml;l S&ouml;nmez<\/strong><\/p>\n<p class=\"MsoNormal\">Ay\u015feg&uuml;l S&ouml;nmez 1975 do\u011fumlu gazeteci, sanat ele\u015ftirmeni, AICA uluslar aras\u0131 sanat ele\u015ftirmenleri derne\u011fi ba\u015fkan\u0131 ve sanat felsefe dal\u0131nda Kyoto &uuml;yesi &ccedil;a\u011fda\u015f sanat dersi veren bir &ouml;\u011fretim g&ouml;revlisidir. Okul d&ouml;neminde \u0130talyan dili ve edebiyat\u0131 b&ouml;l&uuml;m&uuml;n&uuml; &nbsp;bitiren Ay\u015feg&uuml;l S&ouml;zmez, Orta &ccedil;a\u011fda i\u015f tarihi &uuml;zerine &ccedil;al\u0131\u015fmalar yapm\u0131\u015ft\u0131r. \u0130lk olarak Duygu Asena&#8217;yla &ccedil;al\u0131\u015fmaya ba\u015flar. Bu sayedede gazetecilik tekni\u011fini ilerletmek i&ccedil;in iyi bir f\u0131rsat yakalayan S&ouml;nmez y\u0131llar i&ccedil;erisinde &ouml;nemli dergi ve gazetelerin k&uuml;lt&uuml;r sanat sayfalar\u0131nda, sanat dergilerinde g&ouml;rev alm\u0131\u015ft\u0131r. 2012 y\u0131l\u0131nda ele\u015ftiriyle hazz\u0131 yan yana getirmek amac\u0131yla kurulan sanatatak.com web sitesini kuran Ay\u015feg&uuml;l S&ouml;nmez halen sitenin genel yay\u0131n y&ouml;netmenli\u011fini y&uuml;r&uuml;tmektedir.<\/p>\n<p class=\"MsoNormal\"><strong>Sevcan Tekcan<\/strong><\/p>\n<p class=\"MsoNormal\">&Ccedil;ocuklara ve gen&ccedil;lere y&ouml;nelik g&uuml;zel sanatlar e\u011fitimi veren, farkl\u0131 disiplinlere dair at&ouml;lyeler d&uuml;zenleyen bir e\u011fitim kurumu olan Kraft G&uuml;zel Sanatlar\u0131n kurucular\u0131ndan ressam Sevcan Tekcan &lsquo;Hayat i&ccedil;in sanat&rsquo; slogan\u0131yla yola &ccedil;\u0131karak hem yeti\u015fkinlere, hem de &ccedil;ocuklara a&ccedil;\u0131k olan at&ouml;lyeler d&uuml;zenliyor, &ccedil;a\u011fda\u015f sanat e\u011fitimleri veriyor.<\/p>\n<p class=\"MsoNormal\"><strong>&Uuml;cret Bilgisi<\/strong><\/p>\n<ul>\n<li>Yeti\u015fkin Programlar\u0131 i&ccedil;in Ki\u015fi Ba\u015f\u0131 Yeti\u015fkin &Uuml;creti 150 TL<\/li>\n<li>Youngster Programlar\u0131 i&ccedil;in &nbsp;Ki\u015fi Ba\u015f\u0131 &Ccedil;ocuk\/Gen&ccedil; &Uuml;creti 120 TL\n<\/li>\n<\/ul>\n<p style=\"text-align: center;\"><strong>Daha detayl\u0131 bilgi ve rezervasyon i&ccedil;in:<\/strong><br \/><strong><a href=\"mailto:travel@julesverne.com.tr\" target=\"_blank\" rel=\"noopener noreferrer\">travel@julesverne.com.tr<\/a><br \/>0212 266 6363 &#8211; 137<\/strong><\/p><\/p>\n","protected":false},"excerpt":{"rendered":"<p>Ulusal ve uluslararas\u0131 sanat platformunda her y\u0131l b&uuml;y&uuml;k ses getiren bienaller de bir&ccedil;o\u011fumuz i&ccedil;in hala anla\u015f\u0131lmas\u0131 zor, uzmanl\u0131k isteyen, kafam\u0131z\u0131 kar\u0131\u015ft\u0131ran alanlar olarak g&ouml;r&uuml;l&uuml;yor. Bu do\u011frultuda MAP\/Mim Art Project ile ger&ccedil;ekle\u015ftirdi\u011fimiz ortak &ccedil;al\u0131\u015fma ile 15. \u0130stanbul Bienali&#8217;ni konusunda uzman sanat ele\u015ftirmenleri ile birlikte geziyor ve ses getiren eserleri birlikte de\u011ferlendiriyoruz.<\/p>\n","protected":false},"author":1,"featured_media":1801,"comment_status":"closed","ping_status":"closed","sticky":false,"template":"","format":"standard","meta":{"inline_featured_image":false,"footnotes":""},"categories":[1],"tags":[],"acf":[],"yoast_head":"<!-- This site is optimized with the Yoast SEO plugin v22.3 - https:\/\/yoast.com\/wordpress\/plugins\/seo\/ -->\n<title>Benzersiz Bir Sanat Deneyimi: 15. \u0130stanbul Bienali \u00c7a\u011fda\u015f Sanat Gezileri - JULES VERNE BUSINESS MICE TRAVEL<\/title>\n<meta name=\"robots\" content=\"index, follow, max-snippet:-1, max-image-preview:large, max-video-preview:-1\" \/>\n<link rel=\"canonical\" href=\"https:\/\/julesverne.com.tr\/travel-blog\/benzersiz-bir-sanat-deneyimi-15-istanbul-bienali-cagdas-sanat-gezileri\/\" \/>\n<meta property=\"og:locale\" content=\"en_US\" \/>\n<meta property=\"og:type\" content=\"article\" \/>\n<meta property=\"og:title\" content=\"Benzersiz Bir Sanat Deneyimi: 15. \u0130stanbul Bienali \u00c7a\u011fda\u015f Sanat Gezileri - JULES VERNE BUSINESS MICE TRAVEL\" \/>\n<meta property=\"og:description\" content=\"Ulusal ve uluslararas\u0131 sanat platformunda her y\u0131l b&uuml;y&uuml;k ses getiren bienaller de bir&ccedil;o\u011fumuz i&ccedil;in hala anla\u015f\u0131lmas\u0131 zor, uzmanl\u0131k isteyen, kafam\u0131z\u0131 kar\u0131\u015ft\u0131ran alanlar olarak g&ouml;r&uuml;l&uuml;yor. Bu do\u011frultuda MAP\/Mim Art Project ile ger&ccedil;ekle\u015ftirdi\u011fimiz ortak &ccedil;al\u0131\u015fma ile 15. \u0130stanbul Bienali&#039;ni konusunda uzman sanat ele\u015ftirmenleri ile birlikte geziyor ve ses getiren eserleri birlikte de\u011ferlendiriyoruz.\" \/>\n<meta property=\"og:url\" content=\"https:\/\/julesverne.com.tr\/travel-blog\/benzersiz-bir-sanat-deneyimi-15-istanbul-bienali-cagdas-sanat-gezileri\/\" \/>\n<meta property=\"og:site_name\" content=\"JULES VERNE BUSINESS MICE TRAVEL\" \/>\n<meta property=\"article:publisher\" content=\"https:\/\/www.facebook.com\/JulesVerneBusinessMiceTravel\/\" \/>\n<meta property=\"article:published_time\" content=\"2017-09-06T14:32:23+00:00\" \/>\n<meta property=\"article:modified_time\" content=\"2020-09-21T14:36:32+00:00\" \/>\n<meta property=\"og:image\" content=\"https:\/\/julesverne.com.tr\/wp-content\/uploads\/2020\/09\/gr-1.Jpeg\" \/>\n\t<meta property=\"og:image:width\" content=\"600\" \/>\n\t<meta property=\"og:image:height\" content=\"337\" \/>\n\t<meta property=\"og:image:type\" content=\"image\/jpeg\" \/>\n<meta name=\"author\" content=\"fikirman\" \/>\n<meta name=\"twitter:card\" content=\"summary_large_image\" \/>\n<meta name=\"twitter:creator\" content=\"@JV_BusinessMice\" \/>\n<meta name=\"twitter:site\" content=\"@JV_BusinessMice\" \/>\n<meta name=\"twitter:label1\" content=\"Written by\" \/>\n\t<meta name=\"twitter:data1\" content=\"fikirman\" \/>\n\t<meta name=\"twitter:label2\" content=\"Est. reading time\" \/>\n\t<meta name=\"twitter:data2\" content=\"6 minutes\" \/>\n<script type=\"application\/ld+json\" class=\"yoast-schema-graph\">{\"@context\":\"https:\/\/schema.org\",\"@graph\":[{\"@type\":\"Article\",\"@id\":\"https:\/\/julesverne.com.tr\/travel-blog\/benzersiz-bir-sanat-deneyimi-15-istanbul-bienali-cagdas-sanat-gezileri\/#article\",\"isPartOf\":{\"@id\":\"https:\/\/julesverne.com.tr\/travel-blog\/benzersiz-bir-sanat-deneyimi-15-istanbul-bienali-cagdas-sanat-gezileri\/\"},\"author\":{\"name\":\"fikirman\",\"@id\":\"https:\/\/julesverne.com.tr\/#\/schema\/person\/f4eb0514ae455538644c31b99a466fdb\"},\"headline\":\"Benzersiz Bir Sanat Deneyimi: 15. \u0130stanbul Bienali \u00c7a\u011fda\u015f Sanat Gezileri\",\"datePublished\":\"2017-09-06T14:32:23+00:00\",\"dateModified\":\"2020-09-21T14:36:32+00:00\",\"mainEntityOfPage\":{\"@id\":\"https:\/\/julesverne.com.tr\/travel-blog\/benzersiz-bir-sanat-deneyimi-15-istanbul-bienali-cagdas-sanat-gezileri\/\"},\"wordCount\":1225,\"publisher\":{\"@id\":\"https:\/\/julesverne.com.tr\/#organization\"},\"image\":{\"@id\":\"https:\/\/julesverne.com.tr\/travel-blog\/benzersiz-bir-sanat-deneyimi-15-istanbul-bienali-cagdas-sanat-gezileri\/#primaryimage\"},\"thumbnailUrl\":\"https:\/\/julesverne.com.tr\/wp-content\/uploads\/2020\/09\/gr-1.Jpeg\",\"articleSection\":[\"Blog\"],\"inLanguage\":\"en-US\"},{\"@type\":\"WebPage\",\"@id\":\"https:\/\/julesverne.com.tr\/travel-blog\/benzersiz-bir-sanat-deneyimi-15-istanbul-bienali-cagdas-sanat-gezileri\/\",\"url\":\"https:\/\/julesverne.com.tr\/travel-blog\/benzersiz-bir-sanat-deneyimi-15-istanbul-bienali-cagdas-sanat-gezileri\/\",\"name\":\"Benzersiz Bir Sanat Deneyimi: 15. \u0130stanbul Bienali \u00c7a\u011fda\u015f Sanat Gezileri - JULES VERNE BUSINESS MICE TRAVEL\",\"isPartOf\":{\"@id\":\"https:\/\/julesverne.com.tr\/#website\"},\"primaryImageOfPage\":{\"@id\":\"https:\/\/julesverne.com.tr\/travel-blog\/benzersiz-bir-sanat-deneyimi-15-istanbul-bienali-cagdas-sanat-gezileri\/#primaryimage\"},\"image\":{\"@id\":\"https:\/\/julesverne.com.tr\/travel-blog\/benzersiz-bir-sanat-deneyimi-15-istanbul-bienali-cagdas-sanat-gezileri\/#primaryimage\"},\"thumbnailUrl\":\"https:\/\/julesverne.com.tr\/wp-content\/uploads\/2020\/09\/gr-1.Jpeg\",\"datePublished\":\"2017-09-06T14:32:23+00:00\",\"dateModified\":\"2020-09-21T14:36:32+00:00\",\"breadcrumb\":{\"@id\":\"https:\/\/julesverne.com.tr\/travel-blog\/benzersiz-bir-sanat-deneyimi-15-istanbul-bienali-cagdas-sanat-gezileri\/#breadcrumb\"},\"inLanguage\":\"en-US\",\"potentialAction\":[{\"@type\":\"ReadAction\",\"target\":[\"https:\/\/julesverne.com.tr\/travel-blog\/benzersiz-bir-sanat-deneyimi-15-istanbul-bienali-cagdas-sanat-gezileri\/\"]}]},{\"@type\":\"ImageObject\",\"inLanguage\":\"en-US\",\"@id\":\"https:\/\/julesverne.com.tr\/travel-blog\/benzersiz-bir-sanat-deneyimi-15-istanbul-bienali-cagdas-sanat-gezileri\/#primaryimage\",\"url\":\"https:\/\/julesverne.com.tr\/wp-content\/uploads\/2020\/09\/gr-1.Jpeg\",\"contentUrl\":\"https:\/\/julesverne.com.tr\/wp-content\/uploads\/2020\/09\/gr-1.Jpeg\",\"width\":600,\"height\":337},{\"@type\":\"BreadcrumbList\",\"@id\":\"https:\/\/julesverne.com.tr\/travel-blog\/benzersiz-bir-sanat-deneyimi-15-istanbul-bienali-cagdas-sanat-gezileri\/#breadcrumb\",\"itemListElement\":[{\"@type\":\"ListItem\",\"position\":1,\"name\":\"Anasayfa\",\"item\":\"https:\/\/julesverne.com.tr\/\"},{\"@type\":\"ListItem\",\"position\":2,\"name\":\"Benzersiz Bir Sanat Deneyimi: 15. \u0130stanbul Bienali \u00c7a\u011fda\u015f Sanat Gezileri\"}]},{\"@type\":\"WebSite\",\"@id\":\"https:\/\/julesverne.com.tr\/#website\",\"url\":\"https:\/\/julesverne.com.tr\/\",\"name\":\"JULES VERNE BUSINESS MICE TRAVEL\",\"description\":\"\",\"publisher\":{\"@id\":\"https:\/\/julesverne.com.tr\/#organization\"},\"potentialAction\":[{\"@type\":\"SearchAction\",\"target\":{\"@type\":\"EntryPoint\",\"urlTemplate\":\"https:\/\/julesverne.com.tr\/?s={search_term_string}\"},\"query-input\":\"required name=search_term_string\"}],\"inLanguage\":\"en-US\"},{\"@type\":\"Organization\",\"@id\":\"https:\/\/julesverne.com.tr\/#organization\",\"name\":\"JULES VERNE BUSINESS MICE TRAVEL\",\"url\":\"https:\/\/julesverne.com.tr\/\",\"logo\":{\"@type\":\"ImageObject\",\"inLanguage\":\"en-US\",\"@id\":\"https:\/\/julesverne.com.tr\/#\/schema\/logo\/image\/\",\"url\":\"https:\/\/julesverne.com.tr\/wp-content\/uploads\/2020\/09\/jv-bmt-logo.png\",\"contentUrl\":\"https:\/\/julesverne.com.tr\/wp-content\/uploads\/2020\/09\/jv-bmt-logo.png\",\"width\":110,\"height\":81,\"caption\":\"JULES VERNE BUSINESS MICE TRAVEL\"},\"image\":{\"@id\":\"https:\/\/julesverne.com.tr\/#\/schema\/logo\/image\/\"},\"sameAs\":[\"https:\/\/www.facebook.com\/JulesVerneBusinessMiceTravel\/\",\"https:\/\/twitter.com\/JV_BusinessMice\",\"https:\/\/www.instagram.com\/julesvernebusinessmicetravel\/\",\"https:\/\/www.linkedin.com\/company\/julesvernebusinessmicetravel\/\",\"https:\/\/www.youtube.com\/channel\/UCAwdsmbZ6tFhu1tea6pkpiw\"]},{\"@type\":\"Person\",\"@id\":\"https:\/\/julesverne.com.tr\/#\/schema\/person\/f4eb0514ae455538644c31b99a466fdb\",\"name\":\"fikirman\",\"sameAs\":[\"http:\/\/advermedya.net\/julesverne\"],\"url\":\"https:\/\/julesverne.com.tr\/en\/author\/fikirman\/\"}]}<\/script>\n<!-- \/ Yoast SEO plugin. -->","yoast_head_json":{"title":"Benzersiz Bir Sanat Deneyimi: 15. \u0130stanbul Bienali \u00c7a\u011fda\u015f Sanat Gezileri - JULES VERNE BUSINESS MICE TRAVEL","robots":{"index":"index","follow":"follow","max-snippet":"max-snippet:-1","max-image-preview":"max-image-preview:large","max-video-preview":"max-video-preview:-1"},"canonical":"https:\/\/julesverne.com.tr\/travel-blog\/benzersiz-bir-sanat-deneyimi-15-istanbul-bienali-cagdas-sanat-gezileri\/","og_locale":"en_US","og_type":"article","og_title":"Benzersiz Bir Sanat Deneyimi: 15. \u0130stanbul Bienali \u00c7a\u011fda\u015f Sanat Gezileri - JULES VERNE BUSINESS MICE TRAVEL","og_description":"Ulusal ve uluslararas\u0131 sanat platformunda her y\u0131l b&uuml;y&uuml;k ses getiren bienaller de bir&ccedil;o\u011fumuz i&ccedil;in hala anla\u015f\u0131lmas\u0131 zor, uzmanl\u0131k isteyen, kafam\u0131z\u0131 kar\u0131\u015ft\u0131ran alanlar olarak g&ouml;r&uuml;l&uuml;yor. Bu do\u011frultuda MAP\/Mim Art Project ile ger&ccedil;ekle\u015ftirdi\u011fimiz ortak &ccedil;al\u0131\u015fma ile 15. \u0130stanbul Bienali'ni konusunda uzman sanat ele\u015ftirmenleri ile birlikte geziyor ve ses getiren eserleri birlikte de\u011ferlendiriyoruz.","og_url":"https:\/\/julesverne.com.tr\/travel-blog\/benzersiz-bir-sanat-deneyimi-15-istanbul-bienali-cagdas-sanat-gezileri\/","og_site_name":"JULES VERNE BUSINESS MICE TRAVEL","article_publisher":"https:\/\/www.facebook.com\/JulesVerneBusinessMiceTravel\/","article_published_time":"2017-09-06T14:32:23+00:00","article_modified_time":"2020-09-21T14:36:32+00:00","og_image":[{"width":600,"height":337,"url":"https:\/\/julesverne.com.tr\/wp-content\/uploads\/2020\/09\/gr-1.Jpeg","type":"image\/jpeg"}],"author":"fikirman","twitter_card":"summary_large_image","twitter_creator":"@JV_BusinessMice","twitter_site":"@JV_BusinessMice","twitter_misc":{"Written by":"fikirman","Est. reading time":"6 minutes"},"schema":{"@context":"https:\/\/schema.org","@graph":[{"@type":"Article","@id":"https:\/\/julesverne.com.tr\/travel-blog\/benzersiz-bir-sanat-deneyimi-15-istanbul-bienali-cagdas-sanat-gezileri\/#article","isPartOf":{"@id":"https:\/\/julesverne.com.tr\/travel-blog\/benzersiz-bir-sanat-deneyimi-15-istanbul-bienali-cagdas-sanat-gezileri\/"},"author":{"name":"fikirman","@id":"https:\/\/julesverne.com.tr\/#\/schema\/person\/f4eb0514ae455538644c31b99a466fdb"},"headline":"Benzersiz Bir Sanat Deneyimi: 15. \u0130stanbul Bienali \u00c7a\u011fda\u015f Sanat Gezileri","datePublished":"2017-09-06T14:32:23+00:00","dateModified":"2020-09-21T14:36:32+00:00","mainEntityOfPage":{"@id":"https:\/\/julesverne.com.tr\/travel-blog\/benzersiz-bir-sanat-deneyimi-15-istanbul-bienali-cagdas-sanat-gezileri\/"},"wordCount":1225,"publisher":{"@id":"https:\/\/julesverne.com.tr\/#organization"},"image":{"@id":"https:\/\/julesverne.com.tr\/travel-blog\/benzersiz-bir-sanat-deneyimi-15-istanbul-bienali-cagdas-sanat-gezileri\/#primaryimage"},"thumbnailUrl":"https:\/\/julesverne.com.tr\/wp-content\/uploads\/2020\/09\/gr-1.Jpeg","articleSection":["Blog"],"inLanguage":"en-US"},{"@type":"WebPage","@id":"https:\/\/julesverne.com.tr\/travel-blog\/benzersiz-bir-sanat-deneyimi-15-istanbul-bienali-cagdas-sanat-gezileri\/","url":"https:\/\/julesverne.com.tr\/travel-blog\/benzersiz-bir-sanat-deneyimi-15-istanbul-bienali-cagdas-sanat-gezileri\/","name":"Benzersiz Bir Sanat Deneyimi: 15. \u0130stanbul Bienali \u00c7a\u011fda\u015f Sanat Gezileri - JULES VERNE BUSINESS MICE TRAVEL","isPartOf":{"@id":"https:\/\/julesverne.com.tr\/#website"},"primaryImageOfPage":{"@id":"https:\/\/julesverne.com.tr\/travel-blog\/benzersiz-bir-sanat-deneyimi-15-istanbul-bienali-cagdas-sanat-gezileri\/#primaryimage"},"image":{"@id":"https:\/\/julesverne.com.tr\/travel-blog\/benzersiz-bir-sanat-deneyimi-15-istanbul-bienali-cagdas-sanat-gezileri\/#primaryimage"},"thumbnailUrl":"https:\/\/julesverne.com.tr\/wp-content\/uploads\/2020\/09\/gr-1.Jpeg","datePublished":"2017-09-06T14:32:23+00:00","dateModified":"2020-09-21T14:36:32+00:00","breadcrumb":{"@id":"https:\/\/julesverne.com.tr\/travel-blog\/benzersiz-bir-sanat-deneyimi-15-istanbul-bienali-cagdas-sanat-gezileri\/#breadcrumb"},"inLanguage":"en-US","potentialAction":[{"@type":"ReadAction","target":["https:\/\/julesverne.com.tr\/travel-blog\/benzersiz-bir-sanat-deneyimi-15-istanbul-bienali-cagdas-sanat-gezileri\/"]}]},{"@type":"ImageObject","inLanguage":"en-US","@id":"https:\/\/julesverne.com.tr\/travel-blog\/benzersiz-bir-sanat-deneyimi-15-istanbul-bienali-cagdas-sanat-gezileri\/#primaryimage","url":"https:\/\/julesverne.com.tr\/wp-content\/uploads\/2020\/09\/gr-1.Jpeg","contentUrl":"https:\/\/julesverne.com.tr\/wp-content\/uploads\/2020\/09\/gr-1.Jpeg","width":600,"height":337},{"@type":"BreadcrumbList","@id":"https:\/\/julesverne.com.tr\/travel-blog\/benzersiz-bir-sanat-deneyimi-15-istanbul-bienali-cagdas-sanat-gezileri\/#breadcrumb","itemListElement":[{"@type":"ListItem","position":1,"name":"Anasayfa","item":"https:\/\/julesverne.com.tr\/"},{"@type":"ListItem","position":2,"name":"Benzersiz Bir Sanat Deneyimi: 15. \u0130stanbul Bienali \u00c7a\u011fda\u015f Sanat Gezileri"}]},{"@type":"WebSite","@id":"https:\/\/julesverne.com.tr\/#website","url":"https:\/\/julesverne.com.tr\/","name":"JULES VERNE BUSINESS MICE TRAVEL","description":"","publisher":{"@id":"https:\/\/julesverne.com.tr\/#organization"},"potentialAction":[{"@type":"SearchAction","target":{"@type":"EntryPoint","urlTemplate":"https:\/\/julesverne.com.tr\/?s={search_term_string}"},"query-input":"required name=search_term_string"}],"inLanguage":"en-US"},{"@type":"Organization","@id":"https:\/\/julesverne.com.tr\/#organization","name":"JULES VERNE BUSINESS MICE TRAVEL","url":"https:\/\/julesverne.com.tr\/","logo":{"@type":"ImageObject","inLanguage":"en-US","@id":"https:\/\/julesverne.com.tr\/#\/schema\/logo\/image\/","url":"https:\/\/julesverne.com.tr\/wp-content\/uploads\/2020\/09\/jv-bmt-logo.png","contentUrl":"https:\/\/julesverne.com.tr\/wp-content\/uploads\/2020\/09\/jv-bmt-logo.png","width":110,"height":81,"caption":"JULES VERNE BUSINESS MICE TRAVEL"},"image":{"@id":"https:\/\/julesverne.com.tr\/#\/schema\/logo\/image\/"},"sameAs":["https:\/\/www.facebook.com\/JulesVerneBusinessMiceTravel\/","https:\/\/twitter.com\/JV_BusinessMice","https:\/\/www.instagram.com\/julesvernebusinessmicetravel\/","https:\/\/www.linkedin.com\/company\/julesvernebusinessmicetravel\/","https:\/\/www.youtube.com\/channel\/UCAwdsmbZ6tFhu1tea6pkpiw"]},{"@type":"Person","@id":"https:\/\/julesverne.com.tr\/#\/schema\/person\/f4eb0514ae455538644c31b99a466fdb","name":"fikirman","sameAs":["http:\/\/advermedya.net\/julesverne"],"url":"https:\/\/julesverne.com.tr\/en\/author\/fikirman\/"}]}},"_links":{"self":[{"href":"https:\/\/julesverne.com.tr\/en\/wp-json\/wp\/v2\/posts\/1800"}],"collection":[{"href":"https:\/\/julesverne.com.tr\/en\/wp-json\/wp\/v2\/posts"}],"about":[{"href":"https:\/\/julesverne.com.tr\/en\/wp-json\/wp\/v2\/types\/post"}],"author":[{"embeddable":true,"href":"https:\/\/julesverne.com.tr\/en\/wp-json\/wp\/v2\/users\/1"}],"replies":[{"embeddable":true,"href":"https:\/\/julesverne.com.tr\/en\/wp-json\/wp\/v2\/comments?post=1800"}],"version-history":[{"count":0,"href":"https:\/\/julesverne.com.tr\/en\/wp-json\/wp\/v2\/posts\/1800\/revisions"}],"wp:featuredmedia":[{"embeddable":true,"href":"https:\/\/julesverne.com.tr\/en\/wp-json\/wp\/v2\/media\/1801"}],"wp:attachment":[{"href":"https:\/\/julesverne.com.tr\/en\/wp-json\/wp\/v2\/media?parent=1800"}],"wp:term":[{"taxonomy":"category","embeddable":true,"href":"https:\/\/julesverne.com.tr\/en\/wp-json\/wp\/v2\/categories?post=1800"},{"taxonomy":"post_tag","embeddable":true,"href":"https:\/\/julesverne.com.tr\/en\/wp-json\/wp\/v2\/tags?post=1800"}],"curies":[{"name":"wp","href":"https:\/\/api.w.org\/{rel}","templated":true}]}}