{"id":1798,"date":"2017-09-06T17:27:52","date_gmt":"2017-09-06T14:27:52","guid":{"rendered":"https:\/\/www.julesverne.com.tr\/\/blog\/15-istanbul-bienali-iyi-bir-komsu-gezi-programi\/"},"modified":"2020-09-21T17:36:32","modified_gmt":"2020-09-21T14:36:32","slug":"15-istanbul-bienali-iyi-bir-komsu-gezi-programi","status":"publish","type":"post","link":"https:\/\/julesverne.com.tr\/en\/travel-blog\/15-istanbul-bienali-iyi-bir-komsu-gezi-programi\/","title":{"rendered":"15. \u0130stanbul Bienali \u2013 \u201c\u0130yi Bir Kom\u015fu\u201d \u2013 Gezi Program\u0131"},"content":{"rendered":"<p><h4 style=\"text-align: center;\"><strong><img loading=\"lazy\" decoding=\"async\" class=\"alignnone size-full wp-image-5451\" src=\"https:\/\/www.julesverne.com.tr\/\/wp-content\/uploads\/2020\/09\/bienal-1.jpg\" width=\"740\" height=\"473\" alt=\"\" srcset=\"https:\/\/julesverne.com.tr\/wp-content\/uploads\/2020\/09\/bienal-1.jpg 740w, https:\/\/julesverne.com.tr\/wp-content\/uploads\/2020\/09\/bienal-1-500x320.jpg 500w\" sizes=\"(max-width: 740px) 100vw, 740px\" \/><\/strong><\/h4>\n<h4><strong>YET\u0130\u015eK\u0130N GEZ\u0130LER\u0130<\/strong><\/h4>\n<p><strong><img loading=\"lazy\" decoding=\"async\" class=\"alignnone size-full wp-image-5452\" src=\"https:\/\/www.julesverne.com.tr\/\/wp-content\/uploads\/2020\/09\/Map_gezi_programi_yetiskin.jpg\" width=\"343\" height=\"182\" alt=\"Map_gezi_program\u0131\" \/><\/strong><\/p>\n<p><span style=\"text-decoration: underline;\"><strong>16 Eyl&uuml;l Cumartesi<\/strong><\/span><strong>&nbsp;&nbsp;<\/strong><em>Saat: 11.00-14.00<\/em><\/p>\n<p><strong>Do&ccedil;. Dr. Esra Ali&ccedil;avu\u015fo\u011flu<\/strong> ile \u0130stanbul Modern ve Galata &Ouml;zel Rum \u0130lk&ouml;\u011fretim Okulu&nbsp;\u0307<\/p>\n<p>Bulu\u015fma&nbsp;&ldquo;\u0130stanbul Modern Cafe&rdquo; &ndash; saat :10.45&nbsp;<\/p>\n<p><span style=\"text-decoration: underline;\"><strong>22 Eyl&uuml;l Cuma &ndash; 23 Eyl&uuml;l Cumartesi\u0307<\/strong><\/span><strong>&nbsp;<\/strong><em>Saat: 11.00-14.00<\/em><\/p>\n<p><strong>Sanat ele\u015ftirmeni Ay\u015feg&uuml;l S&ouml;nmez<\/strong> ile \u0130stanbul Modern ve Galata &Ouml;zel Rum \u0130lk&ouml;\u011fretim Okulu<\/p>\n<p>Bulu\u015fma&nbsp;&ldquo;\u0130stanbul Modern Cafe&rdquo; &ndash; saat :10.45&nbsp;<\/p>\n<p><span style=\"text-decoration: underline;\"><strong>4 Ekim &Ccedil;ar\u015famba<\/strong><\/span><strong>&nbsp;<\/strong><em>Saat: 11.00-14.00<\/em><\/p>\n<p><strong>Sanat ele\u015ftirmeni Ay\u015feg&uuml;l S&ouml;nmez<\/strong> ile \u0130stanbul Modern ve Galata &Ouml;zel Rum \u0130lk&ouml;\u011fretim Okulu<\/p>\n<p>Bulu\u015fma&nbsp;&ldquo;\u0130stanbul Modern Cafe&rdquo; &ndash; saat :10.45&nbsp;<\/p>\n<p><span style=\"text-decoration: underline;\"><strong>6 Ekim Cuma- 7 Ekim Cumartesi\u0307<\/strong><\/span><strong>&nbsp;<\/strong><em>Saat: 11.00-14.00<\/em><\/p>\n<p><strong>Do&ccedil;. Dr. Esra Ali&ccedil;avu\u015fo\u011flu<\/strong> ile Pera M&uuml;zesi\u0307 ve Arter&rsquo;de Canan&rsquo;\u0131n Solo sergisi\u0307<\/p>\n<p>Bulu\u015fma&nbsp;&ldquo;Pera M&uuml;zesi Cafe&rdquo; &ndash; saat :10.45&nbsp;<\/p>\n<p><span style=\"text-decoration: underline;\"><strong>11 Ekim &Ccedil;ar\u015famba<\/strong><\/span><strong>&nbsp;<\/strong><em>Saat: 11.00-14.00<\/em><\/p>\n<p><strong>Sanat ele\u015ftirmeni Ay\u015feg&uuml;l S&ouml;nmez<\/strong> ile Pera M&uuml;zesi Bi\u0307enal \u0130\u015fleri\u0307 ve Canan&rsquo;\u0131n Solo sergisi\u0307<\/p>\n<p>Bulu\u015fma&nbsp;&ldquo;Pera M&uuml;zesi Cafe&rdquo; &ndash; saat :10.45&nbsp;<\/p>\n<p><span style=\"text-decoration: underline;\"><strong>13 Ekim Cuma &ndash; 14 Ekim Cumartesi\u0307<\/strong><\/span><strong>&nbsp;<\/strong><em>Saat: 11.00-14.00<\/em><\/p>\n<p><strong>Sanat ele\u015ftirmeni Ay\u015feg&uuml;l S&ouml;nmez<\/strong> ile Pera M&uuml;zesi Bi\u0307enal \u0130\u015fleri\u0307 ve Canan&rsquo;\u0131n Solo sergisi\u0307<\/p>\n<p>Bulu\u015fma&nbsp;&ldquo;Pera M&uuml;zesi Cafe&rdquo; &ndash; saat :10.45&nbsp;<\/p>\n<p><span style=\"text-decoration: underline;\"><strong>18 Ekim &Ccedil;ar\u015famba<\/strong><\/span><strong>&nbsp;<\/strong><em>Saat: 11.00-14.00<\/em><\/p>\n<p><strong>Do&ccedil;. Dr. Esra Ali&ccedil;avu\u015fo\u011flu<\/strong> ile \u0130stanbul Modern ve Galata &Ouml;zel Rum \u0130lk&ouml;\u011fretim Okulu&nbsp;\u0307<\/p>\n<p>Bulu\u015fma&nbsp;&ldquo;\u0130stanbul Modern Cafe&rdquo; &ndash; saat :10.45&nbsp;<\/p>\n<p><span style=\"text-decoration: underline;\"><strong>20 Ekim Cuma &ndash; 21 Ekim Cumartesi\u0307&nbsp;<\/strong><\/span><em>Saat: 11.00-14.00<\/em><\/p>\n<p><strong>Do&ccedil;. Dr. Esra Ali&ccedil;avu\u015fo\u011flu <\/strong>ile \u0130stanbul Modern ve Galata &Ouml;zel Rum \u0130lk&ouml;\u011fretim Okulu&nbsp;\u0307<\/p>\n<p>Bulu\u015fma&nbsp;&ldquo;\u0130stanbul Modern Cafe&rdquo; &ndash; saat :10.45&nbsp;<\/p>\n<p><span style=\"text-decoration: underline;\"><strong>25 Ekim &Ccedil;ar\u015famba<\/strong><\/span><strong>&nbsp;<\/strong><em>Saat: 11.00-14.00<\/em><\/p>\n<p><strong>Do&ccedil;. Dr. Esra Ali&ccedil;avu\u015fo\u011flu<\/strong> ile Pera M&uuml;zesi Bi\u0307enal \u0130\u015fleri\u0307 ve Canan&rsquo;\u0131n Solo sergisi\u0307<\/p>\n<p>Bulu\u015fma&nbsp;&ldquo;Pera M&uuml;zesi Cafe&rdquo; &ndash; saat :10.45&nbsp;<\/p>\n<p><span style=\"text-decoration: underline;\"><strong>27 Ekim Cuma &ndash; 28 Ekim Cumartesi\u0307<\/strong><\/span><strong>&nbsp;<\/strong><em>Saat: 11.00-14.00<\/em><\/p>\n<p><strong>Sanat ele\u015ftirmeni Ay\u015feg&uuml;l S&ouml;nmez<\/strong> ile Pera M&uuml;zesi Bi\u0307enal \u0130\u015fleri\u0307 ve Canan&rsquo;\u0131n Solo sergisi\u0307<\/p>\n<p>Bulu\u015fma&nbsp;&ldquo;Pera M&uuml;zesi Cafe&rdquo; &ndash; saat :10.45&nbsp;<\/p>\n<p><span style=\"text-decoration: underline;\"><strong>10 Kas\u0131m Cuma &ndash; 11 Kas\u0131m Cumartesi\u0307<\/strong><\/span><strong>&nbsp;<\/strong><em>Saat: 11.00-14.00<\/em><\/p>\n<p><strong>Sanat ele\u015ftirmeni Ay\u015feg&uuml;l S&ouml;nmez<\/strong> ile Sabanc\u0131 M&uuml;zesi\u0307 Ai Wei WEi sergi\u0307 gezi\u0307si\u0307<\/p>\n<h4><strong>MAP YOUNGSTER GEZ\u0130 PROGRAMI<\/strong><\/h4>\n<p><strong><img loading=\"lazy\" decoding=\"async\" class=\"alignnone size-full wp-image-5453\" src=\"https:\/\/www.julesverne.com.tr\/\/wp-content\/uploads\/2020\/09\/Map_Younster_bienal.jpg\" width=\"787\" height=\"414\" alt=\"Map_younster_bienal\" srcset=\"https:\/\/julesverne.com.tr\/wp-content\/uploads\/2020\/09\/Map_Younster_bienal.jpg 787w, https:\/\/julesverne.com.tr\/wp-content\/uploads\/2020\/09\/Map_Younster_bienal-500x263.jpg 500w, https:\/\/julesverne.com.tr\/wp-content\/uploads\/2020\/09\/Map_Younster_bienal-768x404.jpg 768w\" sizes=\"(max-width: 787px) 100vw, 787px\" \/><\/strong><\/p>\n<p>&Ccedil;a\u011fda\u015f sanat yap\u0131tlar\u0131na ve ilgin&ccedil; hikayelerine tan\u0131kl\u0131k edilecek bu etkinliklerimizde,&#8221;Sanat neden gerekli? Bir sanat eseri nas\u0131l &uuml;retilir? &Ccedil;a\u011fda\u015f sanat yap\u0131tlar\u0131 bize ne s&ouml;yl&uuml;yor?&#8221; gibi sorular\u0131n cevaplar\u0131n\u0131 arayacak, interaktif \u015fekilde yap\u0131tlara dahil olaca\u011f\u0131z. Kat\u0131l\u0131mc\u0131lar\u0131m\u0131z\u0131n yarat\u0131c\u0131l\u0131\u011f\u0131n\u0131 zorlayacak keyifli bir oyun ve sanat sohbetimizle &ccedil;al\u0131\u015fmam\u0131z\u0131 tamamlayaca\u011f\u0131z.<\/p>\n<p><strong>23 Eyl&uuml;l Cumartesi | Sevcan Tekcan e\u015fli\u011finde \u0130stanbul Modern Bienal Turu<\/strong><\/p>\n<p><span style=\"text-decoration: underline;\">Saat 11.00-13.00: 8-12 ya\u015f<\/span><\/p>\n<p>Bulu\u015fma&nbsp;&ldquo;\u0130stanbul Modern Cafe&rdquo; &ndash; saat :10.45&nbsp;<\/p>\n<p><span style=\"text-decoration: underline;\">Saat 14.00-16.00: 13-17 ya\u015f<\/span><\/p>\n<p>Bulu\u015fma&nbsp;&ldquo;\u0130stanbul Modern Cafe&rdquo; &ndash; saat :13.45&nbsp;<\/p>\n<p><strong>7 Ekim Cumartesi | Sevcan Tekcan e\u015fli\u011finde Galata &Ouml;zel Rum \u0130lk&ouml;\u011fretim Okulu Bienal Turu<\/strong><\/p>\n<p><span style=\"text-decoration: underline;\">Saat 11.00-13.00: 8-12 ya\u015f<\/span><\/p>\n<p>Bulu\u015fma&nbsp;&ldquo;\u0130stanbul Modern Cafe&rdquo; &ndash; saat :10.45&nbsp;<\/p>\n<p><span style=\"text-decoration: underline;\">Saat 14.00-16.00: 13-17 ya\u015f<\/span><\/p>\n<p>Bulu\u015fma&nbsp;&ldquo;\u0130stanbul Modern Cafe&rdquo; &ndash; saat :13.45&nbsp;<\/p>\n<p><strong>21 Ekim Cumartesi | Sevcan Tekcan e\u015fli\u011finde Pera M&uuml;zesi Bienal \u0130\u015fleri<\/strong><\/p>\n<p><span style=\"text-decoration: underline;\">Saat 11.00-13.00: 8-12 ya\u015f<\/span><\/p>\n<p>Bulu\u015fma&nbsp;&ldquo;Pera M&uuml;zesi Cafe&rdquo; &ndash; saat :10.45&nbsp;<\/p>\n<p><span style=\"text-decoration: underline;\">Saat 14.00-16.00: 13-17 ya\u015f<\/span><\/p>\n<p>Bulu\u015fma&nbsp;&ldquo;Pera M&uuml;zesi Cafe&rdquo; &ndash; saat :13.45&nbsp;<\/p>\n<h4><strong>NOT: Talep olmas\u0131 durumunda, gezilerimizi PAZAR G&uuml;nleri de organize edilebilir.<\/strong><\/h4>\n<p><strong>&Uuml;cret Bilgisi<br \/><\/strong><\/p>\n<ul>\n<li>Yeti\u015fkin Programlar\u0131 i&ccedil;in Ki\u015fi Ba\u015f\u0131 Yeti\u015fkin &Uuml;creti 150 TL<\/li>\n<li>Youngster Programlar\u0131 i&ccedil;in &nbsp;Ki\u015fi Ba\u015f\u0131 &Ccedil;ocuk\/Gen&ccedil;&nbsp;&Uuml;creti 120 TL<\/li>\n<\/ul>\n<p><strong>&Ouml;nemli Bilgiler<\/strong><\/p>\n<ul>\n<li><span style=\"text-decoration: underline;\">Gezilerimiz minium 10 ki\u015fi kat\u0131l\u0131m\u0131 ile ger&ccedil;ekle\u015fir.<\/span><\/li>\n<\/ul>\n<p>&nbsp;<\/p>\n<p style=\"text-align: center;\"><strong>Daha detayl\u0131 bilgi ve rezervasyon i&ccedil;in:<br \/><\/strong><strong><a href=\"mailto:travel@julesverne.com.tr\" target=\"_blank\" rel=\"noopener noreferrer\">travel@julesverne.com.tr<\/a><br \/><\/strong><strong>0212 266 6363 &#8211; 137<\/strong><\/p><\/p>\n","protected":false},"excerpt":{"rendered":"<p>D&uuml;nyada her ge&ccedil;en y\u0131l daha fazla ses getiren \u0130stanbul Bienali&rsquo;ni, uzman rehberler e\u015fli\u011finde ge&ccedil;mi\u015ften g&uuml;n&uuml;m&uuml;ze b&uuml;t&uuml;n y&ouml;nleriyle ele alaca\u011f\u0131n\u0131z bir gezi ile deneyimlemek ister misiniz? &nbsp;Sizlere &ouml;zel planlad\u0131\u011f\u0131m\u0131z 15. \u0130stanbul Bienali Sanat Y&uuml;r&uuml;y&uuml;\u015flerimize yeti\u015fkin programlar\u0131na sanat ele\u015ftirmeni ve &ccedil;a\u011fda\u015f sanat alan\u0131nda &ouml;\u011fretim g&ouml;revlisi Ay\u015feg&uuml;l S&ouml;nmez; Marmara &Uuml;niversitesi G&uuml;zel Sanatlar Fak&uuml;ltesi &ouml;\u011fretim &uuml;yesi ve sanat ele\u015ftirmeni Do&ccedil;. Dr. Esra Ali&ccedil;avu\u015fo\u011flu; &ccedil;ocuk ve gen&ccedil; programlar\u0131na Kraft Sanat kurucular\u0131ndan ve sanat e\u011fitmeni Sevcan Tekcan e\u015flik edecek.<\/p>\n","protected":false},"author":1,"featured_media":1799,"comment_status":"closed","ping_status":"closed","sticky":false,"template":"","format":"standard","meta":{"inline_featured_image":false,"footnotes":""},"categories":[1],"tags":[],"acf":[],"yoast_head":"<!-- This site is optimized with the Yoast SEO plugin v22.3 - https:\/\/yoast.com\/wordpress\/plugins\/seo\/ -->\n<title>15. \u0130stanbul Bienali \u2013 \u201c\u0130yi Bir Kom\u015fu\u201d \u2013 Gezi Program\u0131 - JULES VERNE BUSINESS MICE TRAVEL<\/title>\n<meta name=\"robots\" content=\"index, follow, max-snippet:-1, max-image-preview:large, max-video-preview:-1\" \/>\n<link rel=\"canonical\" href=\"https:\/\/julesverne.com.tr\/travel-blog\/15-istanbul-bienali-iyi-bir-komsu-gezi-programi\/\" \/>\n<meta property=\"og:locale\" content=\"en_US\" \/>\n<meta property=\"og:type\" content=\"article\" \/>\n<meta property=\"og:title\" content=\"15. \u0130stanbul Bienali \u2013 \u201c\u0130yi Bir Kom\u015fu\u201d \u2013 Gezi Program\u0131 - JULES VERNE BUSINESS MICE TRAVEL\" \/>\n<meta property=\"og:description\" content=\"D&uuml;nyada her ge&ccedil;en y\u0131l daha fazla ses getiren \u0130stanbul Bienali&rsquo;ni, uzman rehberler e\u015fli\u011finde ge&ccedil;mi\u015ften g&uuml;n&uuml;m&uuml;ze b&uuml;t&uuml;n y&ouml;nleriyle ele alaca\u011f\u0131n\u0131z bir gezi ile deneyimlemek ister misiniz? &nbsp;Sizlere &ouml;zel planlad\u0131\u011f\u0131m\u0131z 15. \u0130stanbul Bienali Sanat Y&uuml;r&uuml;y&uuml;\u015flerimize yeti\u015fkin programlar\u0131na sanat ele\u015ftirmeni ve &ccedil;a\u011fda\u015f sanat alan\u0131nda &ouml;\u011fretim g&ouml;revlisi Ay\u015feg&uuml;l S&ouml;nmez; Marmara &Uuml;niversitesi G&uuml;zel Sanatlar Fak&uuml;ltesi &ouml;\u011fretim &uuml;yesi ve sanat ele\u015ftirmeni Do&ccedil;. Dr. Esra Ali&ccedil;avu\u015fo\u011flu; &ccedil;ocuk ve gen&ccedil; programlar\u0131na Kraft Sanat kurucular\u0131ndan ve sanat e\u011fitmeni Sevcan Tekcan e\u015flik edecek.\" \/>\n<meta property=\"og:url\" content=\"https:\/\/julesverne.com.tr\/travel-blog\/15-istanbul-bienali-iyi-bir-komsu-gezi-programi\/\" \/>\n<meta property=\"og:site_name\" content=\"JULES VERNE BUSINESS MICE TRAVEL\" \/>\n<meta property=\"article:publisher\" content=\"https:\/\/www.facebook.com\/JulesVerneBusinessMiceTravel\/\" \/>\n<meta property=\"article:published_time\" content=\"2017-09-06T14:27:52+00:00\" \/>\n<meta property=\"article:modified_time\" content=\"2020-09-21T14:36:32+00:00\" \/>\n<meta property=\"og:image\" content=\"https:\/\/julesverne.com.tr\/wp-content\/uploads\/2020\/09\/bienal.jpg\" \/>\n\t<meta property=\"og:image:width\" content=\"740\" \/>\n\t<meta property=\"og:image:height\" content=\"473\" \/>\n\t<meta property=\"og:image:type\" content=\"image\/jpeg\" \/>\n<meta name=\"author\" content=\"fikirman\" \/>\n<meta name=\"twitter:card\" content=\"summary_large_image\" \/>\n<meta name=\"twitter:creator\" content=\"@JV_BusinessMice\" \/>\n<meta name=\"twitter:site\" content=\"@JV_BusinessMice\" \/>\n<meta name=\"twitter:label1\" content=\"Written by\" \/>\n\t<meta name=\"twitter:data1\" content=\"fikirman\" \/>\n\t<meta name=\"twitter:label2\" content=\"Est. reading time\" \/>\n\t<meta name=\"twitter:data2\" content=\"4 minutes\" \/>\n<script type=\"application\/ld+json\" class=\"yoast-schema-graph\">{\"@context\":\"https:\/\/schema.org\",\"@graph\":[{\"@type\":\"Article\",\"@id\":\"https:\/\/julesverne.com.tr\/travel-blog\/15-istanbul-bienali-iyi-bir-komsu-gezi-programi\/#article\",\"isPartOf\":{\"@id\":\"https:\/\/julesverne.com.tr\/travel-blog\/15-istanbul-bienali-iyi-bir-komsu-gezi-programi\/\"},\"author\":{\"name\":\"fikirman\",\"@id\":\"https:\/\/julesverne.com.tr\/#\/schema\/person\/f4eb0514ae455538644c31b99a466fdb\"},\"headline\":\"15. \u0130stanbul Bienali \u2013 \u201c\u0130yi Bir Kom\u015fu\u201d \u2013 Gezi Program\u0131\",\"datePublished\":\"2017-09-06T14:27:52+00:00\",\"dateModified\":\"2020-09-21T14:36:32+00:00\",\"mainEntityOfPage\":{\"@id\":\"https:\/\/julesverne.com.tr\/travel-blog\/15-istanbul-bienali-iyi-bir-komsu-gezi-programi\/\"},\"wordCount\":764,\"publisher\":{\"@id\":\"https:\/\/julesverne.com.tr\/#organization\"},\"image\":{\"@id\":\"https:\/\/julesverne.com.tr\/travel-blog\/15-istanbul-bienali-iyi-bir-komsu-gezi-programi\/#primaryimage\"},\"thumbnailUrl\":\"https:\/\/julesverne.com.tr\/wp-content\/uploads\/2020\/09\/bienal.jpg\",\"articleSection\":[\"Blog\"],\"inLanguage\":\"en-US\"},{\"@type\":\"WebPage\",\"@id\":\"https:\/\/julesverne.com.tr\/travel-blog\/15-istanbul-bienali-iyi-bir-komsu-gezi-programi\/\",\"url\":\"https:\/\/julesverne.com.tr\/travel-blog\/15-istanbul-bienali-iyi-bir-komsu-gezi-programi\/\",\"name\":\"15. \u0130stanbul Bienali \u2013 \u201c\u0130yi Bir Kom\u015fu\u201d \u2013 Gezi Program\u0131 - JULES VERNE BUSINESS MICE TRAVEL\",\"isPartOf\":{\"@id\":\"https:\/\/julesverne.com.tr\/#website\"},\"primaryImageOfPage\":{\"@id\":\"https:\/\/julesverne.com.tr\/travel-blog\/15-istanbul-bienali-iyi-bir-komsu-gezi-programi\/#primaryimage\"},\"image\":{\"@id\":\"https:\/\/julesverne.com.tr\/travel-blog\/15-istanbul-bienali-iyi-bir-komsu-gezi-programi\/#primaryimage\"},\"thumbnailUrl\":\"https:\/\/julesverne.com.tr\/wp-content\/uploads\/2020\/09\/bienal.jpg\",\"datePublished\":\"2017-09-06T14:27:52+00:00\",\"dateModified\":\"2020-09-21T14:36:32+00:00\",\"breadcrumb\":{\"@id\":\"https:\/\/julesverne.com.tr\/travel-blog\/15-istanbul-bienali-iyi-bir-komsu-gezi-programi\/#breadcrumb\"},\"inLanguage\":\"en-US\",\"potentialAction\":[{\"@type\":\"ReadAction\",\"target\":[\"https:\/\/julesverne.com.tr\/travel-blog\/15-istanbul-bienali-iyi-bir-komsu-gezi-programi\/\"]}]},{\"@type\":\"ImageObject\",\"inLanguage\":\"en-US\",\"@id\":\"https:\/\/julesverne.com.tr\/travel-blog\/15-istanbul-bienali-iyi-bir-komsu-gezi-programi\/#primaryimage\",\"url\":\"https:\/\/julesverne.com.tr\/wp-content\/uploads\/2020\/09\/bienal.jpg\",\"contentUrl\":\"https:\/\/julesverne.com.tr\/wp-content\/uploads\/2020\/09\/bienal.jpg\",\"width\":740,\"height\":473},{\"@type\":\"BreadcrumbList\",\"@id\":\"https:\/\/julesverne.com.tr\/travel-blog\/15-istanbul-bienali-iyi-bir-komsu-gezi-programi\/#breadcrumb\",\"itemListElement\":[{\"@type\":\"ListItem\",\"position\":1,\"name\":\"Anasayfa\",\"item\":\"https:\/\/julesverne.com.tr\/\"},{\"@type\":\"ListItem\",\"position\":2,\"name\":\"15. \u0130stanbul Bienali \u2013 \u201c\u0130yi Bir Kom\u015fu\u201d \u2013 Gezi Program\u0131\"}]},{\"@type\":\"WebSite\",\"@id\":\"https:\/\/julesverne.com.tr\/#website\",\"url\":\"https:\/\/julesverne.com.tr\/\",\"name\":\"JULES VERNE BUSINESS MICE TRAVEL\",\"description\":\"\",\"publisher\":{\"@id\":\"https:\/\/julesverne.com.tr\/#organization\"},\"potentialAction\":[{\"@type\":\"SearchAction\",\"target\":{\"@type\":\"EntryPoint\",\"urlTemplate\":\"https:\/\/julesverne.com.tr\/?s={search_term_string}\"},\"query-input\":\"required name=search_term_string\"}],\"inLanguage\":\"en-US\"},{\"@type\":\"Organization\",\"@id\":\"https:\/\/julesverne.com.tr\/#organization\",\"name\":\"JULES VERNE BUSINESS MICE TRAVEL\",\"url\":\"https:\/\/julesverne.com.tr\/\",\"logo\":{\"@type\":\"ImageObject\",\"inLanguage\":\"en-US\",\"@id\":\"https:\/\/julesverne.com.tr\/#\/schema\/logo\/image\/\",\"url\":\"https:\/\/julesverne.com.tr\/wp-content\/uploads\/2020\/09\/jv-bmt-logo.png\",\"contentUrl\":\"https:\/\/julesverne.com.tr\/wp-content\/uploads\/2020\/09\/jv-bmt-logo.png\",\"width\":110,\"height\":81,\"caption\":\"JULES VERNE BUSINESS MICE TRAVEL\"},\"image\":{\"@id\":\"https:\/\/julesverne.com.tr\/#\/schema\/logo\/image\/\"},\"sameAs\":[\"https:\/\/www.facebook.com\/JulesVerneBusinessMiceTravel\/\",\"https:\/\/twitter.com\/JV_BusinessMice\",\"https:\/\/www.instagram.com\/julesvernebusinessmicetravel\/\",\"https:\/\/www.linkedin.com\/company\/julesvernebusinessmicetravel\/\",\"https:\/\/www.youtube.com\/channel\/UCAwdsmbZ6tFhu1tea6pkpiw\"]},{\"@type\":\"Person\",\"@id\":\"https:\/\/julesverne.com.tr\/#\/schema\/person\/f4eb0514ae455538644c31b99a466fdb\",\"name\":\"fikirman\",\"sameAs\":[\"http:\/\/advermedya.net\/julesverne\"],\"url\":\"https:\/\/julesverne.com.tr\/en\/author\/fikirman\/\"}]}<\/script>\n<!-- \/ Yoast SEO plugin. -->","yoast_head_json":{"title":"15. \u0130stanbul Bienali \u2013 \u201c\u0130yi Bir Kom\u015fu\u201d \u2013 Gezi Program\u0131 - JULES VERNE BUSINESS MICE TRAVEL","robots":{"index":"index","follow":"follow","max-snippet":"max-snippet:-1","max-image-preview":"max-image-preview:large","max-video-preview":"max-video-preview:-1"},"canonical":"https:\/\/julesverne.com.tr\/travel-blog\/15-istanbul-bienali-iyi-bir-komsu-gezi-programi\/","og_locale":"en_US","og_type":"article","og_title":"15. \u0130stanbul Bienali \u2013 \u201c\u0130yi Bir Kom\u015fu\u201d \u2013 Gezi Program\u0131 - JULES VERNE BUSINESS MICE TRAVEL","og_description":"D&uuml;nyada her ge&ccedil;en y\u0131l daha fazla ses getiren \u0130stanbul Bienali&rsquo;ni, uzman rehberler e\u015fli\u011finde ge&ccedil;mi\u015ften g&uuml;n&uuml;m&uuml;ze b&uuml;t&uuml;n y&ouml;nleriyle ele alaca\u011f\u0131n\u0131z bir gezi ile deneyimlemek ister misiniz? &nbsp;Sizlere &ouml;zel planlad\u0131\u011f\u0131m\u0131z 15. \u0130stanbul Bienali Sanat Y&uuml;r&uuml;y&uuml;\u015flerimize yeti\u015fkin programlar\u0131na sanat ele\u015ftirmeni ve &ccedil;a\u011fda\u015f sanat alan\u0131nda &ouml;\u011fretim g&ouml;revlisi Ay\u015feg&uuml;l S&ouml;nmez; Marmara &Uuml;niversitesi G&uuml;zel Sanatlar Fak&uuml;ltesi &ouml;\u011fretim &uuml;yesi ve sanat ele\u015ftirmeni Do&ccedil;. Dr. Esra Ali&ccedil;avu\u015fo\u011flu; &ccedil;ocuk ve gen&ccedil; programlar\u0131na Kraft Sanat kurucular\u0131ndan ve sanat e\u011fitmeni Sevcan Tekcan e\u015flik edecek.","og_url":"https:\/\/julesverne.com.tr\/travel-blog\/15-istanbul-bienali-iyi-bir-komsu-gezi-programi\/","og_site_name":"JULES VERNE BUSINESS MICE TRAVEL","article_publisher":"https:\/\/www.facebook.com\/JulesVerneBusinessMiceTravel\/","article_published_time":"2017-09-06T14:27:52+00:00","article_modified_time":"2020-09-21T14:36:32+00:00","og_image":[{"width":740,"height":473,"url":"https:\/\/julesverne.com.tr\/wp-content\/uploads\/2020\/09\/bienal.jpg","type":"image\/jpeg"}],"author":"fikirman","twitter_card":"summary_large_image","twitter_creator":"@JV_BusinessMice","twitter_site":"@JV_BusinessMice","twitter_misc":{"Written by":"fikirman","Est. reading time":"4 minutes"},"schema":{"@context":"https:\/\/schema.org","@graph":[{"@type":"Article","@id":"https:\/\/julesverne.com.tr\/travel-blog\/15-istanbul-bienali-iyi-bir-komsu-gezi-programi\/#article","isPartOf":{"@id":"https:\/\/julesverne.com.tr\/travel-blog\/15-istanbul-bienali-iyi-bir-komsu-gezi-programi\/"},"author":{"name":"fikirman","@id":"https:\/\/julesverne.com.tr\/#\/schema\/person\/f4eb0514ae455538644c31b99a466fdb"},"headline":"15. \u0130stanbul Bienali \u2013 \u201c\u0130yi Bir Kom\u015fu\u201d \u2013 Gezi Program\u0131","datePublished":"2017-09-06T14:27:52+00:00","dateModified":"2020-09-21T14:36:32+00:00","mainEntityOfPage":{"@id":"https:\/\/julesverne.com.tr\/travel-blog\/15-istanbul-bienali-iyi-bir-komsu-gezi-programi\/"},"wordCount":764,"publisher":{"@id":"https:\/\/julesverne.com.tr\/#organization"},"image":{"@id":"https:\/\/julesverne.com.tr\/travel-blog\/15-istanbul-bienali-iyi-bir-komsu-gezi-programi\/#primaryimage"},"thumbnailUrl":"https:\/\/julesverne.com.tr\/wp-content\/uploads\/2020\/09\/bienal.jpg","articleSection":["Blog"],"inLanguage":"en-US"},{"@type":"WebPage","@id":"https:\/\/julesverne.com.tr\/travel-blog\/15-istanbul-bienali-iyi-bir-komsu-gezi-programi\/","url":"https:\/\/julesverne.com.tr\/travel-blog\/15-istanbul-bienali-iyi-bir-komsu-gezi-programi\/","name":"15. \u0130stanbul Bienali \u2013 \u201c\u0130yi Bir Kom\u015fu\u201d \u2013 Gezi Program\u0131 - JULES VERNE BUSINESS MICE TRAVEL","isPartOf":{"@id":"https:\/\/julesverne.com.tr\/#website"},"primaryImageOfPage":{"@id":"https:\/\/julesverne.com.tr\/travel-blog\/15-istanbul-bienali-iyi-bir-komsu-gezi-programi\/#primaryimage"},"image":{"@id":"https:\/\/julesverne.com.tr\/travel-blog\/15-istanbul-bienali-iyi-bir-komsu-gezi-programi\/#primaryimage"},"thumbnailUrl":"https:\/\/julesverne.com.tr\/wp-content\/uploads\/2020\/09\/bienal.jpg","datePublished":"2017-09-06T14:27:52+00:00","dateModified":"2020-09-21T14:36:32+00:00","breadcrumb":{"@id":"https:\/\/julesverne.com.tr\/travel-blog\/15-istanbul-bienali-iyi-bir-komsu-gezi-programi\/#breadcrumb"},"inLanguage":"en-US","potentialAction":[{"@type":"ReadAction","target":["https:\/\/julesverne.com.tr\/travel-blog\/15-istanbul-bienali-iyi-bir-komsu-gezi-programi\/"]}]},{"@type":"ImageObject","inLanguage":"en-US","@id":"https:\/\/julesverne.com.tr\/travel-blog\/15-istanbul-bienali-iyi-bir-komsu-gezi-programi\/#primaryimage","url":"https:\/\/julesverne.com.tr\/wp-content\/uploads\/2020\/09\/bienal.jpg","contentUrl":"https:\/\/julesverne.com.tr\/wp-content\/uploads\/2020\/09\/bienal.jpg","width":740,"height":473},{"@type":"BreadcrumbList","@id":"https:\/\/julesverne.com.tr\/travel-blog\/15-istanbul-bienali-iyi-bir-komsu-gezi-programi\/#breadcrumb","itemListElement":[{"@type":"ListItem","position":1,"name":"Anasayfa","item":"https:\/\/julesverne.com.tr\/"},{"@type":"ListItem","position":2,"name":"15. \u0130stanbul Bienali \u2013 \u201c\u0130yi Bir Kom\u015fu\u201d \u2013 Gezi Program\u0131"}]},{"@type":"WebSite","@id":"https:\/\/julesverne.com.tr\/#website","url":"https:\/\/julesverne.com.tr\/","name":"JULES VERNE BUSINESS MICE TRAVEL","description":"","publisher":{"@id":"https:\/\/julesverne.com.tr\/#organization"},"potentialAction":[{"@type":"SearchAction","target":{"@type":"EntryPoint","urlTemplate":"https:\/\/julesverne.com.tr\/?s={search_term_string}"},"query-input":"required name=search_term_string"}],"inLanguage":"en-US"},{"@type":"Organization","@id":"https:\/\/julesverne.com.tr\/#organization","name":"JULES VERNE BUSINESS MICE TRAVEL","url":"https:\/\/julesverne.com.tr\/","logo":{"@type":"ImageObject","inLanguage":"en-US","@id":"https:\/\/julesverne.com.tr\/#\/schema\/logo\/image\/","url":"https:\/\/julesverne.com.tr\/wp-content\/uploads\/2020\/09\/jv-bmt-logo.png","contentUrl":"https:\/\/julesverne.com.tr\/wp-content\/uploads\/2020\/09\/jv-bmt-logo.png","width":110,"height":81,"caption":"JULES VERNE BUSINESS MICE TRAVEL"},"image":{"@id":"https:\/\/julesverne.com.tr\/#\/schema\/logo\/image\/"},"sameAs":["https:\/\/www.facebook.com\/JulesVerneBusinessMiceTravel\/","https:\/\/twitter.com\/JV_BusinessMice","https:\/\/www.instagram.com\/julesvernebusinessmicetravel\/","https:\/\/www.linkedin.com\/company\/julesvernebusinessmicetravel\/","https:\/\/www.youtube.com\/channel\/UCAwdsmbZ6tFhu1tea6pkpiw"]},{"@type":"Person","@id":"https:\/\/julesverne.com.tr\/#\/schema\/person\/f4eb0514ae455538644c31b99a466fdb","name":"fikirman","sameAs":["http:\/\/advermedya.net\/julesverne"],"url":"https:\/\/julesverne.com.tr\/en\/author\/fikirman\/"}]}},"_links":{"self":[{"href":"https:\/\/julesverne.com.tr\/en\/wp-json\/wp\/v2\/posts\/1798"}],"collection":[{"href":"https:\/\/julesverne.com.tr\/en\/wp-json\/wp\/v2\/posts"}],"about":[{"href":"https:\/\/julesverne.com.tr\/en\/wp-json\/wp\/v2\/types\/post"}],"author":[{"embeddable":true,"href":"https:\/\/julesverne.com.tr\/en\/wp-json\/wp\/v2\/users\/1"}],"replies":[{"embeddable":true,"href":"https:\/\/julesverne.com.tr\/en\/wp-json\/wp\/v2\/comments?post=1798"}],"version-history":[{"count":0,"href":"https:\/\/julesverne.com.tr\/en\/wp-json\/wp\/v2\/posts\/1798\/revisions"}],"wp:featuredmedia":[{"embeddable":true,"href":"https:\/\/julesverne.com.tr\/en\/wp-json\/wp\/v2\/media\/1799"}],"wp:attachment":[{"href":"https:\/\/julesverne.com.tr\/en\/wp-json\/wp\/v2\/media?parent=1798"}],"wp:term":[{"taxonomy":"category","embeddable":true,"href":"https:\/\/julesverne.com.tr\/en\/wp-json\/wp\/v2\/categories?post=1798"},{"taxonomy":"post_tag","embeddable":true,"href":"https:\/\/julesverne.com.tr\/en\/wp-json\/wp\/v2\/tags?post=1798"}],"curies":[{"name":"wp","href":"https:\/\/api.w.org\/{rel}","templated":true}]}}