{"id":1792,"date":"2017-08-17T11:27:51","date_gmt":"2017-08-17T08:27:51","guid":{"rendered":"https:\/\/www.julesverne.com.tr\/\/blog\/kuzeyin-yildizi-norveci-adim-adim-kesfedin\/"},"modified":"2021-03-04T15:25:21","modified_gmt":"2021-03-04T12:25:21","slug":"kuzeyin-yildizi-norveci-adim-adim-kesfedin","status":"publish","type":"post","link":"https:\/\/julesverne.com.tr\/en\/travel-blog\/kuzeyin-yildizi-norveci-adim-adim-kesfedin\/","title":{"rendered":"Kuzeyin Y\u0131ld\u0131z\u0131 Norve\u00e7\u2019i Ad\u0131m Ad\u0131m Ke\u015ffedin"},"content":{"rendered":"<p><p style=\"text-align: center;\"><img loading=\"lazy\" decoding=\"async\" class=\"alignnone size-full wp-image-5476\" src=\"https:\/\/www.julesverne.com.tr\/\/wp-content\/uploads\/2020\/09\/bergen-1.jpg\" width=\"740\" height=\"493\" alt=\"\" srcset=\"https:\/\/julesverne.com.tr\/wp-content\/uploads\/2020\/09\/bergen-1.jpg 740w, https:\/\/julesverne.com.tr\/wp-content\/uploads\/2020\/09\/bergen-1-500x333.jpg 500w\" sizes=\"(max-width: 740px) 100vw, 740px\" \/><\/p>\n<p>D&uuml;nyan\u0131n en ya\u015fan\u0131l\u0131r ve g&uuml;venli &uuml;lkelerinden biri olan Norve&ccedil;, giderek kalabal\u0131kla\u015fan ve stresin artt\u0131\u011f\u0131 d&uuml;nya d&uuml;zenine inat huzur vaat etmeye devam ediyor. B&uuml;y&uuml;k bir \u015fehrin s\u0131\u011faca\u011f\u0131 5 milyonluk &uuml;lke n&uuml;fusuyla kalabal\u0131klardan ar\u0131nm\u0131\u015f; bol su kaynaklar\u0131 ve abart\u0131l\u0131 s&ouml;zc&uuml;klerin bile yan\u0131nda s&ouml;n&uuml;k kald\u0131\u011f\u0131 do\u011fas\u0131yla plazalar\u0131n, dev sitelerin ele ge&ccedil;irdi\u011fi d&uuml;nya d&uuml;zeninde bir umut \u0131\u015f\u0131\u011f\u0131. Ya\u015fam kalitesinin y&uuml;ksek oldu\u011fu &uuml;lkedeki huzuru insanlar\u0131n y&uuml;z&uuml;nden okuyabiliyorsunuz. Dantel gibi k\u0131y\u0131lar\u0131 olan Norve&ccedil;&rsquo;e seyahatinizin sebebi tabi ki fiyortlar\u0131 g&ouml;rmek! G&uuml;ne\u015fli g&uuml;nlerin hakim oldu\u011fu A\u011fustos ay\u0131n\u0131n sonunda, size al\u0131\u015f\u0131lm\u0131\u015f cruise seyahatlerinden farkl\u0131 bir rota &ouml;neriyoruz.<\/p>\n<p><strong>Karada konaklay\u0131p, g&uuml;n&uuml;birlik gemi ve tren gezilerine kat\u0131larak ke\u015ffedece\u011finiz bir Fiyort Gezisi&rsquo;ne haz\u0131rsan\u0131z yolculuk ba\u015flas\u0131n!<\/strong><\/p>\n<p><strong><img loading=\"lazy\" decoding=\"async\" class=\"alignnone size-full wp-image-5477\" src=\"https:\/\/www.julesverne.com.tr\/\/wp-content\/uploads\/2020\/09\/oslo-day-trip-from-bergen-on-the-fl-m-railway-in-bergen.jpg\" width=\"674\" height=\"446\" alt=\"norve&ccedil;\" srcset=\"https:\/\/julesverne.com.tr\/wp-content\/uploads\/2020\/09\/oslo-day-trip-from-bergen-on-the-fl-m-railway-in-bergen.jpg 674w, https:\/\/julesverne.com.tr\/wp-content\/uploads\/2020\/09\/oslo-day-trip-from-bergen-on-the-fl-m-railway-in-bergen-500x331.jpg 500w\" sizes=\"(max-width: 674px) 100vw, 674px\" \/><\/strong><\/p>\n<p>Bin y\u0131ll\u0131k tarihi, muhte\u015fem do\u011fas\u0131 ve Oslo K&ouml;rfezi manzaras\u0131yla Norve&ccedil;&rsquo;in ba\u015fkenti<strong> Oslo<\/strong>&rsquo;dan ba\u015flayacak olan seyahatiniz, Norve&ccedil;&rsquo;in en derin fiyortlar\u0131ndan <strong>Sognefjord<\/strong> k\u0131y\u0131s\u0131nda k&uuml;&ccedil;&uuml;k bir bal\u0131k&ccedil;\u0131 k&ouml;y&uuml; olan, kartpostal g&uuml;zelli\u011findeki<strong> Flam<\/strong> ile devam edecek. Yemye\u015fil da\u011flar\u0131, rengarenk ah\u015fap evlerle s&uuml;sl&uuml; sokaklardan olu\u015fan <strong>Hansa Evleri<\/strong> ile <strong>Bergen<\/strong>&rsquo;i ke\u015ffedeceksiniz.&nbsp;<\/p>\n<p><img loading=\"lazy\" decoding=\"async\" class=\"alignnone size-full wp-image-5478\" src=\"https:\/\/www.julesverne.com.tr\/\/wp-content\/uploads\/2020\/09\/fiyord.jpg\" width=\"1017\" height=\"695\" alt=\"norve&ccedil;\" srcset=\"https:\/\/julesverne.com.tr\/wp-content\/uploads\/2020\/09\/fiyord.jpg 1017w, https:\/\/julesverne.com.tr\/wp-content\/uploads\/2020\/09\/fiyord-500x342.jpg 500w, https:\/\/julesverne.com.tr\/wp-content\/uploads\/2020\/09\/fiyord-768x525.jpg 768w\" sizes=\"(max-width: 1017px) 100vw, 1017px\" \/><\/p>\n<p>Karada konaklay\u0131p, g&uuml;n&uuml;birlik gemi ve tren gezilerine kat\u0131larak ke\u015ffedece\u011finiz bu Fiyort Gezisi&rsquo;nde National Geographic ve Lonely Planet taraf\u0131ndan d&uuml;nyan\u0131n en iyi tren yolculu\u011fu listesine giren Flamsbana trenine binecek, UNESCO D&uuml;nya Miras\u0131 listesinde olan <strong>Naeroyfjorden<\/strong> fiyordunu g&ouml;receksiniz. Bu muhte\u015fem deneyimin bir par&ccedil;as\u0131 olmaya haz\u0131r m\u0131s\u0131n\u0131z?<\/p>\n<p><strong>1. G&uuml;n &nbsp;Istanbul &ndash; Oslo<\/strong><\/p>\n<p><strong><img loading=\"lazy\" decoding=\"async\" class=\"alignnone size-full wp-image-5479\" src=\"https:\/\/www.julesverne.com.tr\/\/wp-content\/uploads\/2020\/09\/oslo.jpg\" width=\"740\" height=\"472\" alt=\"oslo\" srcset=\"https:\/\/julesverne.com.tr\/wp-content\/uploads\/2020\/09\/oslo.jpg 740w, https:\/\/julesverne.com.tr\/wp-content\/uploads\/2020\/09\/oslo-500x319.jpg 500w\" sizes=\"(max-width: 740px) 100vw, 740px\" \/><\/strong><\/p>\n<p>Norve&ccedil;&rsquo;in ba\u015fkenti Oslo&rsquo;ya hareket. 3 saatlik yolculuk sonras\u0131 var\u0131\u015f\u0131n\u0131z\u0131n ard\u0131ndan otelinize yerele\u015ftikten sonra Oslo \u015fehir gezisine &ccedil;\u0131k\u0131yorsunuz. Muhte\u015fem Oslo K&ouml;rfezi manzaras\u0131yla Norve&ccedil;&rsquo;in ba\u015fkenti modern, dinamik ve merak uyand\u0131r\u0131c\u0131 bir \u015fehir. \u015eehirde <strong>Kraliyet Saray\u0131, Meclis Binas\u0131, Belediye Saray\u0131, Folk M&uuml;zesi, Viking Gemileri M&uuml;zesi, Ulusal Tiyatro, Oslo Katedrali, Karl Johans Caddesi, Vigeland Park, Royal Saray\u0131, Frogner Park\u0131&#8217;n\u0131<\/strong> g&ouml;rebilirsiniz.<\/p>\n<p><em>Konaklama &nbsp;Oslo&rsquo;da&nbsp;<\/em><\/p>\n<p style=\"text-align: center;\"><em><img loading=\"lazy\" decoding=\"async\" class=\"alignnone size-full wp-image-5480\" src=\"https:\/\/www.julesverne.com.tr\/\/wp-content\/uploads\/2020\/09\/oslo2.jpg\" width=\"740\" height=\"500\" alt=\"\" srcset=\"https:\/\/julesverne.com.tr\/wp-content\/uploads\/2020\/09\/oslo2.jpg 740w, https:\/\/julesverne.com.tr\/wp-content\/uploads\/2020\/09\/oslo2-500x338.jpg 500w\" sizes=\"(max-width: 740px) 100vw, 740px\" \/><\/em><\/p>\n<p><strong>2. G&uuml;n &nbsp;Oslo &ndash; Flam<\/strong><\/p>\n<p>Oslo&rsquo;dan Flam&rsquo;a ge&ccedil;i\u015f i&ccedil;in tren gar\u0131na gidi\u015f. (toplam 6 saat 7 dakika)<\/p>\n<p>Oslo Myrdal aras\u0131 4,45 dakika &nbsp;saat yolculuk sonras\u0131nda ayn\u0131 platformda Myrdal&rsquo;da tren de\u011fi\u015ftirerek Flamsbana treni ile 1 saat 10 dk yolculuk sonras\u0131 Flam var\u0131\u015f. Myrdal &#8211; Flam aras\u0131nda sefer yapan &uuml;lkenin en &uuml;nl&uuml; klasik ve tarihi treni Flamsbana sizi nefes kesen g&ouml;r&uuml;nt&uuml;lerle bulu\u015fturuyor. National Geographic ve Lonely Planet taraf\u0131ndan d&uuml;nyan\u0131n en iyi tren yolculuklar\u0131 aras\u0131nda g&ouml;sterilen Flamsbana yolculu\u011funda bol bol foto\u011fraf &ccedil;ekebilirsiniz.<\/p>\n<p><em>Konaklama Flam&#8217;da<\/em><\/p>\n<p style=\"text-align: center;\"><em><img loading=\"lazy\" decoding=\"async\" class=\"alignnone size-full wp-image-5481\" src=\"https:\/\/www.julesverne.com.tr\/\/wp-content\/uploads\/2020\/09\/flam_railway-1.jpg\" width=\"740\" height=\"370\" alt=\"\" srcset=\"https:\/\/julesverne.com.tr\/wp-content\/uploads\/2020\/09\/flam_railway-1.jpg 740w, https:\/\/julesverne.com.tr\/wp-content\/uploads\/2020\/09\/flam_railway-1-500x250.jpg 500w\" sizes=\"(max-width: 740px) 100vw, 740px\" \/><\/em><\/p>\n<p><strong>3.G&uuml;n &nbsp;Flam<\/strong><\/p>\n<p>Flam&#8217;dan Gudvangen&#8217;e yap\u0131lacak gezinizde Norve&ccedil;&rsquo;in en g&uuml;zel, en &uuml;nl&uuml; fyord b&ouml;lgesi N&aelig;r&oslash;yfjord&#8217;u g&ouml;receksiniz. UNESCO D&uuml;nya Miras\u0131 Listesi&rsquo;nde yer alan iki fiyorttan biri olan Naeroyfjorden, 250 m&rsquo;ye kadar daralan noktalar\u0131yla en dar fiyort unvan\u0131n\u0131 ta\u015f\u0131yor.&nbsp;Aradaki zamanda dilerseniz Gudvangen&#8217;de &ouml;\u011fle yeme\u011fi yiyip, etraf\u0131 gezebilirsiniz.<\/p>\n<p><em>Konaklama Flam&rsquo;da&nbsp;<\/em><\/p>\n<p style=\"text-align: center;\"><em><img loading=\"lazy\" decoding=\"async\" class=\"alignnone size-full wp-image-5482\" src=\"https:\/\/www.julesverne.com.tr\/\/wp-content\/uploads\/2020\/09\/flam-1.jpg\" width=\"740\" height=\"492\" alt=\"\" srcset=\"https:\/\/julesverne.com.tr\/wp-content\/uploads\/2020\/09\/flam-1.jpg 740w, https:\/\/julesverne.com.tr\/wp-content\/uploads\/2020\/09\/flam-1-500x332.jpg 500w\" sizes=\"(max-width: 740px) 100vw, 740px\" \/><\/em><\/p>\n<p><strong>4. G&uuml;n &nbsp;Flam &ndash; Bergen<\/strong><\/p>\n<p>Sabah kahvalt\u0131dan sonra dilerseniz \u015fehir merkezini gezebilirsiniz. Norve&ccedil;&rsquo;in en derin fiyortlar\u0131ndan Sognefjord k\u0131y\u0131s\u0131nda k&uuml;&ccedil;&uuml;k bir bal\u0131k&ccedil;\u0131 k&ouml;y&uuml; olan Flam, tam anlam\u0131yla kartpostal g&uuml;zelli\u011finde. K&uuml;&ccedil;&uuml;k da\u011f manzaralar\u0131, \u015felaleler ve derin havzalar ile do\u011fan\u0131n benzersiz g&uuml;zelliklerini g&ouml;rmek m&uuml;mk&uuml;n. &Ouml;\u011fleden sonra saat 15:30&rsquo;da hareket eden Norled firmas\u0131na ait Express boat ile Bergen&rsquo;e hareket ediyorsunuz. 5,5 saatlik yolculuk sonras\u0131 20:45 &lsquo;de Bergen&rsquo;e var\u0131\u015f ve otele gidi\u015f. &nbsp;<\/p>\n<p><em>Konaklama Bergen&rsquo;de&nbsp;<\/em><\/p>\n<p style=\"text-align: center;\"><em><img loading=\"lazy\" decoding=\"async\" class=\"alignnone size-full wp-image-5483\" src=\"https:\/\/www.julesverne.com.tr\/\/wp-content\/uploads\/2020\/09\/bergen2.jpg\" width=\"740\" height=\"493\" alt=\"\" srcset=\"https:\/\/julesverne.com.tr\/wp-content\/uploads\/2020\/09\/bergen2.jpg 740w, https:\/\/julesverne.com.tr\/wp-content\/uploads\/2020\/09\/bergen2-500x333.jpg 500w\" sizes=\"(max-width: 740px) 100vw, 740px\" \/><\/em><\/p>\n<p><strong>5.G&uuml;n &nbsp;Bergen<\/strong><\/p>\n<p>Bug&uuml;n kahvalt\u0131n\u0131n ard\u0131ndan Bergen \u015fehrini gezebilirsiniz.&nbsp;Oslo&#8217;dan sonra &uuml;lkenin ikinci b&uuml;y&uuml;k kenti Bergen ilk g&ouml;r&uuml;\u015fte i&ccedil;inizi \u0131s\u0131t\u0131yor. &Ccedil;evresidenki yemye\u015fil da\u011flar\u0131, pastel renklerde boyal\u0131 ah\u015fap evleri, tarihi iskelesi, parke ta\u015fl\u0131 sokaklar\u0131yla ke\u015ffetmesi kolay ve keyifli. Ormanl\u0131k da\u011flar ve fiyortlarla &ccedil;evrili olan bu \u015fehirde<strong> Eski Liman (Bryggen), Fl&ouml;y Bana ile Manzara Tepesi, Bal\u0131k pazar\u0131, Rosenkrantz Kulesi<\/strong> ve <strong>grafiti duvarlar\u0131<\/strong> g&ouml;r&uuml;lebilir.<\/p>\n<p><em>Konakalama Bergen&rsquo;de<\/em><\/p>\n<p style=\"text-align: center;\"><img loading=\"lazy\" decoding=\"async\" class=\"alignnone size-full wp-image-5484\" src=\"https:\/\/www.julesverne.com.tr\/\/wp-content\/uploads\/2020\/09\/bergen3.jpg\" width=\"740\" height=\"469\" alt=\"\" srcset=\"https:\/\/julesverne.com.tr\/wp-content\/uploads\/2020\/09\/bergen3.jpg 740w, https:\/\/julesverne.com.tr\/wp-content\/uploads\/2020\/09\/bergen3-500x317.jpg 500w\" sizes=\"(max-width: 740px) 100vw, 740px\" \/><\/p>\n<p><strong>6. G&uuml;n &nbsp; Bergen &ndash; Oslo &ndash; Istanbul<\/strong><\/p>\n<p>Bergen&rsquo;den Oslo aktarmal\u0131 \u0130stanbul&rsquo;a d&ouml;n&uuml;\u015f.<\/p>\n<p><img loading=\"lazy\" decoding=\"async\" class=\"alignnone size-full wp-image-5485\" src=\"https:\/\/www.julesverne.com.tr\/\/wp-content\/uploads\/2020\/09\/bergen_genis.jpg\" width=\"1048\" height=\"699\" alt=\"bergen\" srcset=\"https:\/\/julesverne.com.tr\/wp-content\/uploads\/2020\/09\/bergen_genis.jpg 1048w, https:\/\/julesverne.com.tr\/wp-content\/uploads\/2020\/09\/bergen_genis-500x333.jpg 500w, https:\/\/julesverne.com.tr\/wp-content\/uploads\/2020\/09\/bergen_genis-768x512.jpg 768w\" sizes=\"(max-width: 1048px) 100vw, 1048px\" \/><\/p>\n<h4><strong>Ki\u015fi Ba\u015f\u0131 1.400 Euro&rsquo;dan ba\u015flayan fiyatlarla&#8230;<\/p>\n<p><\/strong><\/h4>\n<p style=\"text-align: center;\"><strong>Daha detayl\u0131 bilgi ve rezervasyon i&ccedil;in:<\/strong><br \/><a href=\"mailto:travel@julesverne.com.tr\" target=\"_blank\" rel=\"noopener noreferrer\"><strong>travel@julesverne.com.tr<\/strong><\/a><br \/><strong>0212 266 6363 &#8211; 118<\/strong><\/p><\/p>\n","protected":false},"excerpt":{"rendered":"<p>Bin y\u0131ll\u0131k tarihi, muhte\u015fem do\u011fas\u0131 ve Oslo K&ouml;rfezi manzaras\u0131yla Norve&ccedil;&rsquo;in ba\u015fkenti Oslo&rsquo;dan ba\u015flayacak seyahatiniz, Norve&ccedil;&rsquo;in en derin fiyortlar\u0131ndan Sognefjord k\u0131y\u0131s\u0131nda k&uuml;&ccedil;&uuml;k bir bal\u0131k&ccedil;\u0131 k&ouml;y&uuml; olan, kartpostal g&uuml;zelli\u011findeki Flam ile devam edecek. Yemye\u015fil da\u011flar\u0131, rengarenk ah\u015fap evlerle s&uuml;sl&uuml; sokaklardan olu\u015fan Hansa Evleri ile Bergen&rsquo;i ke\u015ffedeceksiniz.&nbsp;<span style=\"font-family: Calibri, sans-serif; font-size: 11pt;\">National Geographic ve Lonely Planet taraf\u0131ndan d&uuml;nyan\u0131n en iyi tren yolculu\u011fu listesine giren Flamsbana trenine binecek, UNESCO D&uuml;nya Miras\u0131 listesinde olan <\/span><strong style=\"font-family: Calibri, sans-serif; font-size: 11pt;\">Naeroyfjorden <\/strong><span style=\"font-family: Calibri, sans-serif; font-size: 11pt;\">fiyordunu g&ouml;receksiniz.<\/span><\/p>\n","protected":false},"author":1,"featured_media":1793,"comment_status":"closed","ping_status":"closed","sticky":false,"template":"","format":"standard","meta":{"inline_featured_image":false,"footnotes":""},"categories":[1,39],"tags":[],"acf":[],"yoast_head":"<!-- This site is optimized with the Yoast SEO plugin v22.3 - https:\/\/yoast.com\/wordpress\/plugins\/seo\/ -->\n<title>Kuzeyin Y\u0131ld\u0131z\u0131 Norve\u00e7\u2019i Ad\u0131m Ad\u0131m Ke\u015ffedin - JULES VERNE BUSINESS MICE TRAVEL<\/title>\n<meta name=\"robots\" content=\"index, follow, max-snippet:-1, max-image-preview:large, max-video-preview:-1\" \/>\n<link rel=\"canonical\" href=\"https:\/\/julesverne.com.tr\/travel-blog\/kuzeyin-yildizi-norveci-adim-adim-kesfedin\/\" \/>\n<meta property=\"og:locale\" content=\"en_US\" \/>\n<meta property=\"og:type\" content=\"article\" \/>\n<meta property=\"og:title\" content=\"Kuzeyin Y\u0131ld\u0131z\u0131 Norve\u00e7\u2019i Ad\u0131m Ad\u0131m Ke\u015ffedin - JULES VERNE BUSINESS MICE TRAVEL\" \/>\n<meta property=\"og:description\" content=\"Bin y\u0131ll\u0131k tarihi, muhte\u015fem do\u011fas\u0131 ve Oslo K&ouml;rfezi manzaras\u0131yla Norve&ccedil;&rsquo;in ba\u015fkenti Oslo&rsquo;dan ba\u015flayacak seyahatiniz, Norve&ccedil;&rsquo;in en derin fiyortlar\u0131ndan Sognefjord k\u0131y\u0131s\u0131nda k&uuml;&ccedil;&uuml;k bir bal\u0131k&ccedil;\u0131 k&ouml;y&uuml; olan, kartpostal g&uuml;zelli\u011findeki Flam ile devam edecek. Yemye\u015fil da\u011flar\u0131, rengarenk ah\u015fap evlerle s&uuml;sl&uuml; sokaklardan olu\u015fan Hansa Evleri ile Bergen&rsquo;i ke\u015ffedeceksiniz.&nbsp;National Geographic ve Lonely Planet taraf\u0131ndan d&uuml;nyan\u0131n en iyi tren yolculu\u011fu listesine giren Flamsbana trenine binecek, UNESCO D&uuml;nya Miras\u0131 listesinde olan Naeroyfjorden fiyordunu g&ouml;receksiniz.\" \/>\n<meta property=\"og:url\" content=\"https:\/\/julesverne.com.tr\/travel-blog\/kuzeyin-yildizi-norveci-adim-adim-kesfedin\/\" \/>\n<meta property=\"og:site_name\" content=\"JULES VERNE BUSINESS MICE TRAVEL\" \/>\n<meta property=\"article:publisher\" content=\"https:\/\/www.facebook.com\/JulesVerneBusinessMiceTravel\/\" \/>\n<meta property=\"article:published_time\" content=\"2017-08-17T08:27:51+00:00\" \/>\n<meta property=\"article:modified_time\" content=\"2021-03-04T12:25:21+00:00\" \/>\n<meta property=\"og:image\" content=\"https:\/\/julesverne.com.tr\/wp-content\/uploads\/2020\/09\/flam_railway.jpg\" \/>\n\t<meta property=\"og:image:width\" content=\"740\" \/>\n\t<meta property=\"og:image:height\" content=\"370\" \/>\n\t<meta property=\"og:image:type\" content=\"image\/jpeg\" \/>\n<meta name=\"author\" content=\"fikirman\" \/>\n<meta name=\"twitter:card\" content=\"summary_large_image\" \/>\n<meta name=\"twitter:creator\" content=\"@JV_BusinessMice\" \/>\n<meta name=\"twitter:site\" content=\"@JV_BusinessMice\" \/>\n<meta name=\"twitter:label1\" content=\"Written by\" \/>\n\t<meta name=\"twitter:data1\" content=\"fikirman\" \/>\n\t<meta name=\"twitter:label2\" content=\"Est. reading time\" \/>\n\t<meta name=\"twitter:data2\" content=\"5 minutes\" \/>\n<script type=\"application\/ld+json\" class=\"yoast-schema-graph\">{\"@context\":\"https:\/\/schema.org\",\"@graph\":[{\"@type\":\"Article\",\"@id\":\"https:\/\/julesverne.com.tr\/travel-blog\/kuzeyin-yildizi-norveci-adim-adim-kesfedin\/#article\",\"isPartOf\":{\"@id\":\"https:\/\/julesverne.com.tr\/travel-blog\/kuzeyin-yildizi-norveci-adim-adim-kesfedin\/\"},\"author\":{\"name\":\"fikirman\",\"@id\":\"https:\/\/julesverne.com.tr\/#\/schema\/person\/f4eb0514ae455538644c31b99a466fdb\"},\"headline\":\"Kuzeyin Y\u0131ld\u0131z\u0131 Norve\u00e7\u2019i Ad\u0131m Ad\u0131m Ke\u015ffedin\",\"datePublished\":\"2017-08-17T08:27:51+00:00\",\"dateModified\":\"2021-03-04T12:25:21+00:00\",\"mainEntityOfPage\":{\"@id\":\"https:\/\/julesverne.com.tr\/travel-blog\/kuzeyin-yildizi-norveci-adim-adim-kesfedin\/\"},\"wordCount\":914,\"publisher\":{\"@id\":\"https:\/\/julesverne.com.tr\/#organization\"},\"image\":{\"@id\":\"https:\/\/julesverne.com.tr\/travel-blog\/kuzeyin-yildizi-norveci-adim-adim-kesfedin\/#primaryimage\"},\"thumbnailUrl\":\"https:\/\/julesverne.com.tr\/wp-content\/uploads\/2020\/09\/flam_railway.jpg\",\"articleSection\":[\"Blog\",\"Nereye Gitsek?\"],\"inLanguage\":\"en-US\"},{\"@type\":\"WebPage\",\"@id\":\"https:\/\/julesverne.com.tr\/travel-blog\/kuzeyin-yildizi-norveci-adim-adim-kesfedin\/\",\"url\":\"https:\/\/julesverne.com.tr\/travel-blog\/kuzeyin-yildizi-norveci-adim-adim-kesfedin\/\",\"name\":\"Kuzeyin Y\u0131ld\u0131z\u0131 Norve\u00e7\u2019i Ad\u0131m Ad\u0131m Ke\u015ffedin - JULES VERNE BUSINESS MICE TRAVEL\",\"isPartOf\":{\"@id\":\"https:\/\/julesverne.com.tr\/#website\"},\"primaryImageOfPage\":{\"@id\":\"https:\/\/julesverne.com.tr\/travel-blog\/kuzeyin-yildizi-norveci-adim-adim-kesfedin\/#primaryimage\"},\"image\":{\"@id\":\"https:\/\/julesverne.com.tr\/travel-blog\/kuzeyin-yildizi-norveci-adim-adim-kesfedin\/#primaryimage\"},\"thumbnailUrl\":\"https:\/\/julesverne.com.tr\/wp-content\/uploads\/2020\/09\/flam_railway.jpg\",\"datePublished\":\"2017-08-17T08:27:51+00:00\",\"dateModified\":\"2021-03-04T12:25:21+00:00\",\"breadcrumb\":{\"@id\":\"https:\/\/julesverne.com.tr\/travel-blog\/kuzeyin-yildizi-norveci-adim-adim-kesfedin\/#breadcrumb\"},\"inLanguage\":\"en-US\",\"potentialAction\":[{\"@type\":\"ReadAction\",\"target\":[\"https:\/\/julesverne.com.tr\/travel-blog\/kuzeyin-yildizi-norveci-adim-adim-kesfedin\/\"]}]},{\"@type\":\"ImageObject\",\"inLanguage\":\"en-US\",\"@id\":\"https:\/\/julesverne.com.tr\/travel-blog\/kuzeyin-yildizi-norveci-adim-adim-kesfedin\/#primaryimage\",\"url\":\"https:\/\/julesverne.com.tr\/wp-content\/uploads\/2020\/09\/flam_railway.jpg\",\"contentUrl\":\"https:\/\/julesverne.com.tr\/wp-content\/uploads\/2020\/09\/flam_railway.jpg\",\"width\":740,\"height\":370},{\"@type\":\"BreadcrumbList\",\"@id\":\"https:\/\/julesverne.com.tr\/travel-blog\/kuzeyin-yildizi-norveci-adim-adim-kesfedin\/#breadcrumb\",\"itemListElement\":[{\"@type\":\"ListItem\",\"position\":1,\"name\":\"Anasayfa\",\"item\":\"https:\/\/julesverne.com.tr\/\"},{\"@type\":\"ListItem\",\"position\":2,\"name\":\"Kuzeyin Y\u0131ld\u0131z\u0131 Norve\u00e7\u2019i Ad\u0131m Ad\u0131m Ke\u015ffedin\"}]},{\"@type\":\"WebSite\",\"@id\":\"https:\/\/julesverne.com.tr\/#website\",\"url\":\"https:\/\/julesverne.com.tr\/\",\"name\":\"JULES VERNE BUSINESS MICE TRAVEL\",\"description\":\"\",\"publisher\":{\"@id\":\"https:\/\/julesverne.com.tr\/#organization\"},\"potentialAction\":[{\"@type\":\"SearchAction\",\"target\":{\"@type\":\"EntryPoint\",\"urlTemplate\":\"https:\/\/julesverne.com.tr\/?s={search_term_string}\"},\"query-input\":\"required name=search_term_string\"}],\"inLanguage\":\"en-US\"},{\"@type\":\"Organization\",\"@id\":\"https:\/\/julesverne.com.tr\/#organization\",\"name\":\"JULES VERNE BUSINESS MICE TRAVEL\",\"url\":\"https:\/\/julesverne.com.tr\/\",\"logo\":{\"@type\":\"ImageObject\",\"inLanguage\":\"en-US\",\"@id\":\"https:\/\/julesverne.com.tr\/#\/schema\/logo\/image\/\",\"url\":\"https:\/\/julesverne.com.tr\/wp-content\/uploads\/2020\/09\/jv-bmt-logo.png\",\"contentUrl\":\"https:\/\/julesverne.com.tr\/wp-content\/uploads\/2020\/09\/jv-bmt-logo.png\",\"width\":110,\"height\":81,\"caption\":\"JULES VERNE BUSINESS MICE TRAVEL\"},\"image\":{\"@id\":\"https:\/\/julesverne.com.tr\/#\/schema\/logo\/image\/\"},\"sameAs\":[\"https:\/\/www.facebook.com\/JulesVerneBusinessMiceTravel\/\",\"https:\/\/twitter.com\/JV_BusinessMice\",\"https:\/\/www.instagram.com\/julesvernebusinessmicetravel\/\",\"https:\/\/www.linkedin.com\/company\/julesvernebusinessmicetravel\/\",\"https:\/\/www.youtube.com\/channel\/UCAwdsmbZ6tFhu1tea6pkpiw\"]},{\"@type\":\"Person\",\"@id\":\"https:\/\/julesverne.com.tr\/#\/schema\/person\/f4eb0514ae455538644c31b99a466fdb\",\"name\":\"fikirman\",\"sameAs\":[\"http:\/\/advermedya.net\/julesverne\"],\"url\":\"https:\/\/julesverne.com.tr\/en\/author\/fikirman\/\"}]}<\/script>\n<!-- \/ Yoast SEO plugin. -->","yoast_head_json":{"title":"Kuzeyin Y\u0131ld\u0131z\u0131 Norve\u00e7\u2019i Ad\u0131m Ad\u0131m Ke\u015ffedin - JULES VERNE BUSINESS MICE TRAVEL","robots":{"index":"index","follow":"follow","max-snippet":"max-snippet:-1","max-image-preview":"max-image-preview:large","max-video-preview":"max-video-preview:-1"},"canonical":"https:\/\/julesverne.com.tr\/travel-blog\/kuzeyin-yildizi-norveci-adim-adim-kesfedin\/","og_locale":"en_US","og_type":"article","og_title":"Kuzeyin Y\u0131ld\u0131z\u0131 Norve\u00e7\u2019i Ad\u0131m Ad\u0131m Ke\u015ffedin - JULES VERNE BUSINESS MICE TRAVEL","og_description":"Bin y\u0131ll\u0131k tarihi, muhte\u015fem do\u011fas\u0131 ve Oslo K&ouml;rfezi manzaras\u0131yla Norve&ccedil;&rsquo;in ba\u015fkenti Oslo&rsquo;dan ba\u015flayacak seyahatiniz, Norve&ccedil;&rsquo;in en derin fiyortlar\u0131ndan Sognefjord k\u0131y\u0131s\u0131nda k&uuml;&ccedil;&uuml;k bir bal\u0131k&ccedil;\u0131 k&ouml;y&uuml; olan, kartpostal g&uuml;zelli\u011findeki Flam ile devam edecek. Yemye\u015fil da\u011flar\u0131, rengarenk ah\u015fap evlerle s&uuml;sl&uuml; sokaklardan olu\u015fan Hansa Evleri ile Bergen&rsquo;i ke\u015ffedeceksiniz.&nbsp;National Geographic ve Lonely Planet taraf\u0131ndan d&uuml;nyan\u0131n en iyi tren yolculu\u011fu listesine giren Flamsbana trenine binecek, UNESCO D&uuml;nya Miras\u0131 listesinde olan Naeroyfjorden fiyordunu g&ouml;receksiniz.","og_url":"https:\/\/julesverne.com.tr\/travel-blog\/kuzeyin-yildizi-norveci-adim-adim-kesfedin\/","og_site_name":"JULES VERNE BUSINESS MICE TRAVEL","article_publisher":"https:\/\/www.facebook.com\/JulesVerneBusinessMiceTravel\/","article_published_time":"2017-08-17T08:27:51+00:00","article_modified_time":"2021-03-04T12:25:21+00:00","og_image":[{"width":740,"height":370,"url":"https:\/\/julesverne.com.tr\/wp-content\/uploads\/2020\/09\/flam_railway.jpg","type":"image\/jpeg"}],"author":"fikirman","twitter_card":"summary_large_image","twitter_creator":"@JV_BusinessMice","twitter_site":"@JV_BusinessMice","twitter_misc":{"Written by":"fikirman","Est. reading time":"5 minutes"},"schema":{"@context":"https:\/\/schema.org","@graph":[{"@type":"Article","@id":"https:\/\/julesverne.com.tr\/travel-blog\/kuzeyin-yildizi-norveci-adim-adim-kesfedin\/#article","isPartOf":{"@id":"https:\/\/julesverne.com.tr\/travel-blog\/kuzeyin-yildizi-norveci-adim-adim-kesfedin\/"},"author":{"name":"fikirman","@id":"https:\/\/julesverne.com.tr\/#\/schema\/person\/f4eb0514ae455538644c31b99a466fdb"},"headline":"Kuzeyin Y\u0131ld\u0131z\u0131 Norve\u00e7\u2019i Ad\u0131m Ad\u0131m Ke\u015ffedin","datePublished":"2017-08-17T08:27:51+00:00","dateModified":"2021-03-04T12:25:21+00:00","mainEntityOfPage":{"@id":"https:\/\/julesverne.com.tr\/travel-blog\/kuzeyin-yildizi-norveci-adim-adim-kesfedin\/"},"wordCount":914,"publisher":{"@id":"https:\/\/julesverne.com.tr\/#organization"},"image":{"@id":"https:\/\/julesverne.com.tr\/travel-blog\/kuzeyin-yildizi-norveci-adim-adim-kesfedin\/#primaryimage"},"thumbnailUrl":"https:\/\/julesverne.com.tr\/wp-content\/uploads\/2020\/09\/flam_railway.jpg","articleSection":["Blog","Nereye Gitsek?"],"inLanguage":"en-US"},{"@type":"WebPage","@id":"https:\/\/julesverne.com.tr\/travel-blog\/kuzeyin-yildizi-norveci-adim-adim-kesfedin\/","url":"https:\/\/julesverne.com.tr\/travel-blog\/kuzeyin-yildizi-norveci-adim-adim-kesfedin\/","name":"Kuzeyin Y\u0131ld\u0131z\u0131 Norve\u00e7\u2019i Ad\u0131m Ad\u0131m Ke\u015ffedin - JULES VERNE BUSINESS MICE TRAVEL","isPartOf":{"@id":"https:\/\/julesverne.com.tr\/#website"},"primaryImageOfPage":{"@id":"https:\/\/julesverne.com.tr\/travel-blog\/kuzeyin-yildizi-norveci-adim-adim-kesfedin\/#primaryimage"},"image":{"@id":"https:\/\/julesverne.com.tr\/travel-blog\/kuzeyin-yildizi-norveci-adim-adim-kesfedin\/#primaryimage"},"thumbnailUrl":"https:\/\/julesverne.com.tr\/wp-content\/uploads\/2020\/09\/flam_railway.jpg","datePublished":"2017-08-17T08:27:51+00:00","dateModified":"2021-03-04T12:25:21+00:00","breadcrumb":{"@id":"https:\/\/julesverne.com.tr\/travel-blog\/kuzeyin-yildizi-norveci-adim-adim-kesfedin\/#breadcrumb"},"inLanguage":"en-US","potentialAction":[{"@type":"ReadAction","target":["https:\/\/julesverne.com.tr\/travel-blog\/kuzeyin-yildizi-norveci-adim-adim-kesfedin\/"]}]},{"@type":"ImageObject","inLanguage":"en-US","@id":"https:\/\/julesverne.com.tr\/travel-blog\/kuzeyin-yildizi-norveci-adim-adim-kesfedin\/#primaryimage","url":"https:\/\/julesverne.com.tr\/wp-content\/uploads\/2020\/09\/flam_railway.jpg","contentUrl":"https:\/\/julesverne.com.tr\/wp-content\/uploads\/2020\/09\/flam_railway.jpg","width":740,"height":370},{"@type":"BreadcrumbList","@id":"https:\/\/julesverne.com.tr\/travel-blog\/kuzeyin-yildizi-norveci-adim-adim-kesfedin\/#breadcrumb","itemListElement":[{"@type":"ListItem","position":1,"name":"Anasayfa","item":"https:\/\/julesverne.com.tr\/"},{"@type":"ListItem","position":2,"name":"Kuzeyin Y\u0131ld\u0131z\u0131 Norve\u00e7\u2019i Ad\u0131m Ad\u0131m Ke\u015ffedin"}]},{"@type":"WebSite","@id":"https:\/\/julesverne.com.tr\/#website","url":"https:\/\/julesverne.com.tr\/","name":"JULES VERNE BUSINESS MICE TRAVEL","description":"","publisher":{"@id":"https:\/\/julesverne.com.tr\/#organization"},"potentialAction":[{"@type":"SearchAction","target":{"@type":"EntryPoint","urlTemplate":"https:\/\/julesverne.com.tr\/?s={search_term_string}"},"query-input":"required name=search_term_string"}],"inLanguage":"en-US"},{"@type":"Organization","@id":"https:\/\/julesverne.com.tr\/#organization","name":"JULES VERNE BUSINESS MICE TRAVEL","url":"https:\/\/julesverne.com.tr\/","logo":{"@type":"ImageObject","inLanguage":"en-US","@id":"https:\/\/julesverne.com.tr\/#\/schema\/logo\/image\/","url":"https:\/\/julesverne.com.tr\/wp-content\/uploads\/2020\/09\/jv-bmt-logo.png","contentUrl":"https:\/\/julesverne.com.tr\/wp-content\/uploads\/2020\/09\/jv-bmt-logo.png","width":110,"height":81,"caption":"JULES VERNE BUSINESS MICE TRAVEL"},"image":{"@id":"https:\/\/julesverne.com.tr\/#\/schema\/logo\/image\/"},"sameAs":["https:\/\/www.facebook.com\/JulesVerneBusinessMiceTravel\/","https:\/\/twitter.com\/JV_BusinessMice","https:\/\/www.instagram.com\/julesvernebusinessmicetravel\/","https:\/\/www.linkedin.com\/company\/julesvernebusinessmicetravel\/","https:\/\/www.youtube.com\/channel\/UCAwdsmbZ6tFhu1tea6pkpiw"]},{"@type":"Person","@id":"https:\/\/julesverne.com.tr\/#\/schema\/person\/f4eb0514ae455538644c31b99a466fdb","name":"fikirman","sameAs":["http:\/\/advermedya.net\/julesverne"],"url":"https:\/\/julesverne.com.tr\/en\/author\/fikirman\/"}]}},"_links":{"self":[{"href":"https:\/\/julesverne.com.tr\/en\/wp-json\/wp\/v2\/posts\/1792"}],"collection":[{"href":"https:\/\/julesverne.com.tr\/en\/wp-json\/wp\/v2\/posts"}],"about":[{"href":"https:\/\/julesverne.com.tr\/en\/wp-json\/wp\/v2\/types\/post"}],"author":[{"embeddable":true,"href":"https:\/\/julesverne.com.tr\/en\/wp-json\/wp\/v2\/users\/1"}],"replies":[{"embeddable":true,"href":"https:\/\/julesverne.com.tr\/en\/wp-json\/wp\/v2\/comments?post=1792"}],"version-history":[{"count":0,"href":"https:\/\/julesverne.com.tr\/en\/wp-json\/wp\/v2\/posts\/1792\/revisions"}],"wp:featuredmedia":[{"embeddable":true,"href":"https:\/\/julesverne.com.tr\/en\/wp-json\/wp\/v2\/media\/1793"}],"wp:attachment":[{"href":"https:\/\/julesverne.com.tr\/en\/wp-json\/wp\/v2\/media?parent=1792"}],"wp:term":[{"taxonomy":"category","embeddable":true,"href":"https:\/\/julesverne.com.tr\/en\/wp-json\/wp\/v2\/categories?post=1792"},{"taxonomy":"post_tag","embeddable":true,"href":"https:\/\/julesverne.com.tr\/en\/wp-json\/wp\/v2\/tags?post=1792"}],"curies":[{"name":"wp","href":"https:\/\/api.w.org\/{rel}","templated":true}]}}