{"id":1788,"date":"2017-08-03T16:54:45","date_gmt":"2017-08-03T13:54:45","guid":{"rendered":"https:\/\/www.julesverne.com.tr\/\/blog\/tekirdag-bag-rotasi-ile-sarap-tarihine-yolculuk\/"},"modified":"2021-03-04T15:25:45","modified_gmt":"2021-03-04T12:25:45","slug":"tekirdag-bag-rotasi-ile-sarap-tarihine-yolculuk","status":"publish","type":"post","link":"https:\/\/julesverne.com.tr\/en\/travel-blog\/tekirdag-bag-rotasi-ile-sarap-tarihine-yolculuk\/","title":{"rendered":"Tekirda\u011f Ba\u011f Rotas\u0131 ile \u015earap Tarihine Yolculuk"},"content":{"rendered":"<p><p style=\"text-align: center;\"><img loading=\"lazy\" decoding=\"async\" class=\"alignnone size-full wp-image-5498\" src=\"https:\/\/www.julesverne.com.tr\/\/wp-content\/uploads\/2020\/09\/baag_rorasi.jpg\" width=\"900\" height=\"680\" alt=\"\" srcset=\"https:\/\/julesverne.com.tr\/wp-content\/uploads\/2020\/09\/baag_rorasi.jpg 900w, https:\/\/julesverne.com.tr\/wp-content\/uploads\/2020\/09\/baag_rorasi-500x378.jpg 500w, https:\/\/julesverne.com.tr\/wp-content\/uploads\/2020\/09\/baag_rorasi-768x580.jpg 768w\" sizes=\"(max-width: 900px) 100vw, 900px\" \/><\/p>\n<p>\u015earab\u0131n do\u011fdu\u011fu topraklar olan Tekirda\u011f B&ouml;lgesi, y&uuml;zy\u0131llar boyu s&uuml;ren sessizli\u011fin ard\u0131ndan yeniden do\u011fuyor. Tekirda\u011f, \u015eark&ouml;y, Gelibolu ve K\u0131rklareli b&ouml;lgelerinde faaliyet g&ouml;steren butik \u015farap &uuml;reticilerinin deste\u011fi ile olu\u015fturulmu\u015f Trakya Ba\u011f Rotas\u0131 ile binlerce y\u0131ll\u0131k k&uuml;lt&uuml;r&uuml;n izini takip ediyorsunuz. T&uuml;rkiye&#8217;nin ilk ba\u011f rotas\u0131 olan Trakya Ba\u011f Rotas\u0131 Tekirda\u011f, \u015eark&ouml;y, Gelibolu ve K\u0131rklareli b&ouml;lgelerinde faaliyet g&ouml;steren butik \u015farap &uuml;reticilerini bulu\u015fturuyor. Trakya Ba\u011f Rotas\u0131 ile insanda hayranl\u0131k uyand\u0131ran g&uuml;zellikleri ke\u015ffederken Frans\u0131z filozof Bachelard&rsquo;\u0131n s&ouml;z&uuml; &ccedil;\u0131nlayacak kulaklar\u0131n\u0131zda:<\/p>\n<p>&ldquo;\u015earap; farkl\u0131 karakterleri, ba\u015fka diyarlarda gezinen ruhlar\u0131 g&ouml;ky&uuml;z&uuml; ve topra\u011f\u0131n birlikteli\u011fiyle dengede tutan v&uuml;cudumuzun vazge&ccedil;ilmez organ\u0131 gibidir.&rdquo;<\/p>\n<p>Hem bayram tatili hem de ba\u011f bozumu sezonu yakla\u015fm\u0131\u015fken &uuml;z&uuml;mlerin bir festival gibi toplanmas\u0131na e\u015flik edece\u011finiz, tad\u0131mlar yapaca\u011f\u0131n\u0131z, kendinizi do\u011faya emanet edece\u011finiz bu &ouml;zel butik \u015farap evlerinde bir hafta sonu ge&ccedil;irebilirsiniz.<\/p>\n<p><strong>Vino Dessera<\/strong><\/p>\n<p style=\"text-align: center;\"><strong><img loading=\"lazy\" decoding=\"async\" class=\"alignnone size-full wp-image-5499\" src=\"https:\/\/www.julesverne.com.tr\/\/wp-content\/uploads\/2020\/09\/desera.jpg\" width=\"702\" height=\"336\" alt=\"\" srcset=\"https:\/\/julesverne.com.tr\/wp-content\/uploads\/2020\/09\/desera.jpg 702w, https:\/\/julesverne.com.tr\/wp-content\/uploads\/2020\/09\/desera-500x239.jpg 500w\" sizes=\"(max-width: 702px) 100vw, 702px\" \/><\/strong><\/p>\n<p>Vino Dessera K\u0131rklareli Ahmet&ccedil;e K&ouml;y&uuml;nde Istranca Masifi yamac\u0131nda kurulan Vino Dessera Ba\u011flar\u0131n\u0131n sahibi D&ouml;nmez ailesi 20 hektarl\u0131k alanlar\u0131nda &uuml;retimlerine devam ediyorlar. Trakya&#8217;n\u0131n zengin aromal\u0131 &uuml;z&uuml;m &ccedil;e\u015fitlerinin ekili oldu\u011fu Vino Dessera s\u0131n\u0131rl\u0131 say\u0131da &uuml;retti\u011fi \u015faraplarla tam bir butik marka olma yolunda. Balkan \u015farap yar\u0131\u015fmas\u0131 gibi &ouml;nemli \u015farap yar\u0131\u015fmalar\u0131ndan g&uuml;zel &ouml;d&uuml;llerle d&ouml;nen Vino Dessera g&uuml;n ge&ccedil;tik&ccedil;e ba\u015far\u0131s\u0131n\u0131 katl\u0131yor.<\/p>\n<p><strong>Arcadia Vineyards<\/strong><\/p>\n<p style=\"text-align: center;\"><strong><img loading=\"lazy\" decoding=\"async\" class=\"alignnone size-full wp-image-5500\" src=\"https:\/\/www.julesverne.com.tr\/\/wp-content\/uploads\/2020\/09\/arcadia.jpg\" width=\"882\" height=\"532\" alt=\"\" srcset=\"https:\/\/julesverne.com.tr\/wp-content\/uploads\/2020\/09\/arcadia.jpg 882w, https:\/\/julesverne.com.tr\/wp-content\/uploads\/2020\/09\/arcadia-500x302.jpg 500w, https:\/\/julesverne.com.tr\/wp-content\/uploads\/2020\/09\/arcadia-768x463.jpg 768w\" sizes=\"(max-width: 882px) 100vw, 882px\" \/><\/strong><\/p>\n<p>K\u0131rklareli Hamitabat ve &Ccedil;e\u015fmekolu k&ouml;yleri aras\u0131nda yer alan Arcadia; 200 hektarl\u0131k alan\u0131nda \u015fato tipi (ba\u011f ve &uuml;retim tesisinin ayn\u0131 yerde olmas\u0131) &uuml;retim hanesi, meyve bah&ccedil;eleri, bostanlar\u0131, me\u015fe korular\u0131 ve &ccedil;iftlikleriyle \u015fehir i&ccedil;inde kendi \u015fehrini kurmu\u015fa benziyor. Ba\u011flarda Narince, Sauvignon Blanc, Sauvignon Gris ve Pinot Gris yeti\u015ftiriliyor. En eski &uuml;z&uuml;m cinslerinden biri olan Sauvignon Gris; T&uuml;rkiye&#8217;de ilk kez Arcadia Ba\u011flar\u0131nda yeti\u015fiyor. Arcadia Ba\u011flar\u0131&#8217;n\u0131n ortas\u0131nda yer alan Bakucha Vineyard Hotel &amp; SPA&#8217;da konaklama \u015fans\u0131n\u0131z da var.<\/p>\n<p><strong>Chateau Nuzun<\/strong><\/p>\n<p style=\"text-align: center;\"><strong><img loading=\"lazy\" decoding=\"async\" class=\"alignnone size-full wp-image-5501\" src=\"https:\/\/www.julesverne.com.tr\/\/wp-content\/uploads\/2020\/09\/nuzun.jpg\" width=\"960\" height=\"340\" alt=\"\" srcset=\"https:\/\/julesverne.com.tr\/wp-content\/uploads\/2020\/09\/nuzun.jpg 960w, https:\/\/julesverne.com.tr\/wp-content\/uploads\/2020\/09\/nuzun-500x177.jpg 500w, https:\/\/julesverne.com.tr\/wp-content\/uploads\/2020\/09\/nuzun-768x272.jpg 768w\" sizes=\"(max-width: 960px) 100vw, 960px\" \/><\/strong><\/p>\n<p>Uzun y\u0131llar Amerika&#8217;da ya\u015fad\u0131ktan sonra T&uuml;rkiye&#8217;ye d&ouml;n&uuml;\u015f yapan Nazan ve Necdet Uzun &ccedil;ifti \u015farap tutkular\u0131n\u0131 ger&ccedil;e\u011fe d&ouml;n&uuml;\u015ft&uuml;rmek i&ccedil;in zorlu bir yola &ccedil;\u0131km\u0131\u015flar. 2004 y\u0131l\u0131nda Tekirda\u011f, Marmara Ere\u011flisi, &Ccedil;e\u015fmeli k&ouml;y&uuml;nde 146 dekar arazi alarak profesyonel \u015farap&ccedil;\u0131l\u0131\u011fa ad\u0131m atan &ccedil;ift 2008 y\u0131l\u0131nda ilk &uuml;retimlerini ger&ccedil;ekle\u015ftirmi\u015fler. Sadece kendi ba\u011flar\u0131n\u0131n &uuml;z&uuml;mlerini kullanarak, \u015fato tipi \u015farap &uuml;retimi yap\u0131yorlar. Cabernet Sauvignon, Merlot, Pinot Noir, Syrah ve &Ouml;k&uuml;zg&ouml;z&uuml; &uuml;z&uuml;mlerinden &uuml;retilen \u015farap yap\u0131m\u0131nda, minimalist bir anlay\u0131\u015fla hareket ederek, gereksiz m&uuml;dahalelerden ka&ccedil;\u0131n\u0131p, &uuml;z&uuml;m&uuml;n kendi potansiyelini &ouml;ne &ccedil;\u0131kartan bir felsefeyi uyguluyorlar.<\/p>\n<p><strong>Barel Ba\u011flar\u0131<\/strong><\/p>\n<p style=\"text-align: center;\"><strong><img loading=\"lazy\" decoding=\"async\" class=\"alignnone size-full wp-image-5502\" src=\"https:\/\/www.julesverne.com.tr\/\/wp-content\/uploads\/2020\/09\/barel.jpg\" width=\"612\" height=\"457\" alt=\"\" srcset=\"https:\/\/julesverne.com.tr\/wp-content\/uploads\/2020\/09\/barel.jpg 612w, https:\/\/julesverne.com.tr\/wp-content\/uploads\/2020\/09\/barel-500x373.jpg 500w\" sizes=\"(max-width: 612px) 100vw, 612px\" \/><\/strong><\/p>\n<p>\u0130lk olarak Ne&#8217;Ala \u015farab\u0131yla tan\u0131nan Barel&#8217;in hikayesi de s\u0131cak bir aileden geliyor. 2010 y\u0131l\u0131nda Ak\u0131n Ailesinin hayata biraz tat katma amac\u0131yla kurdu\u011fu Barel Karaevli K&ouml;y&uuml;&#8217;nde, 150 d&ouml;n&uuml;ml&uuml;k bir araziye sahip. Barel Ba\u011flar\u0131n\u0131 ekme fikrini samimi ve keyifli dost sohbetlerinden, e\u011flenceli sofralardan ald\u0131klar\u0131n\u0131 s&ouml;yleyen Ak\u0131n Ailesi, \u015faraplar\u0131ndaki lezzeti ise Trakya&rsquo;ya adam\u0131\u015f. Modern ba\u011fc\u0131l\u0131k ve tekniklerin uyguland\u0131\u011f\u0131 Barel Ba\u011flar\u0131nda Cabernet Sauvignon, Merlot, Chardonnay, Shiraz cinsi &uuml;z&uuml;mler yeti\u015fiyor. Barel Ba\u011flar\u0131n\u0131n i&ccedil;inde hizmet veren butik bir ba\u011f evi-restaurant konsepti olan Barel Ba\u011f Evi ise tad\u0131m ile keyifli konaklamay\u0131 birle\u015ftirmek isteyenlere bir f\u0131rsat sunuyor.<\/p>\n<p><strong>Barbare Ba\u011flar\u0131<\/strong><\/p>\n<p style=\"text-align: center;\"><strong><img loading=\"lazy\" decoding=\"async\" class=\"alignnone size-full wp-image-5503\" src=\"https:\/\/www.julesverne.com.tr\/\/wp-content\/uploads\/2020\/09\/barbare-1.jpg\" width=\"782\" height=\"505\" alt=\"\" srcset=\"https:\/\/julesverne.com.tr\/wp-content\/uploads\/2020\/09\/barbare-1.jpg 782w, https:\/\/julesverne.com.tr\/wp-content\/uploads\/2020\/09\/barbare-1-500x323.jpg 500w, https:\/\/julesverne.com.tr\/wp-content\/uploads\/2020\/09\/barbare-1-768x496.jpg 768w\" sizes=\"(max-width: 782px) 100vw, 782px\" \/><\/strong><\/p>\n<p>Tekirda\u011f&#8217;\u0131n Barbaros kasabas\u0131 eteklerinde, 230 d&ouml;n&uuml;ml&uuml;k bir arazide yer alan Barbare Ba\u011flar\u0131, y\u0131l\u0131n her ay\u0131 gezgin gurmeleri ba\u011flar\u0131nda a\u011f\u0131rlamaktan memnuniyet duyuyor. &ldquo;Topraktan al\u0131nan\u0131 tekrar topra\u011fa vermek&rdquo; ana felsefesiyle yola &ccedil;\u0131kan, organik, s&uuml;rd&uuml;r&uuml;lebilir ve biodinamik y&ouml;ntemler kullan\u0131larak tar\u0131m yapan Barbare Ba\u011flar\u0131nda Cabernet Sauvignon, Merlot, Syrah, Grenache ve Mourverde &uuml;z&uuml;mleri ekili. \u015eato tarz\u0131 &uuml;retimin uyguland\u0131\u011f\u0131 Barbare butik oteliyle de olduk&ccedil;a me\u015fhur.<\/p>\n<p><strong>Umurbey Vineyards<\/strong><\/p>\n<p style=\"text-align: center;\"><strong><img loading=\"lazy\" decoding=\"async\" class=\"alignnone size-full wp-image-5504\" src=\"https:\/\/www.julesverne.com.tr\/\/wp-content\/uploads\/2020\/09\/umurbey.jpg\" width=\"700\" height=\"467\" alt=\"\" srcset=\"https:\/\/julesverne.com.tr\/wp-content\/uploads\/2020\/09\/umurbey.jpg 700w, https:\/\/julesverne.com.tr\/wp-content\/uploads\/2020\/09\/umurbey-500x334.jpg 500w\" sizes=\"(max-width: 700px) 100vw, 700px\" \/><\/strong><\/p>\n<p>1993 senesinde kurulan Umurbey Vineyards, Tekirda\u011f Yaz\u0131r k&ouml;y&uuml;nde, Barbare Ba\u011flar\u0131n\u0131n olduk&ccedil;a yak\u0131n\u0131nda yer al\u0131yor. &#8220;\u0130yi &uuml;z&uuml;mden k&ouml;t&uuml; \u015farap yapmak &ccedil;ok kolayd\u0131r ama k&ouml;t&uuml; &uuml;z&uuml;mden iyi \u015farap yapmak imkans\u0131zd\u0131r.&#8221; mottosunun \u015farap&ccedil;\u0131l\u0131\u011f\u0131n olmazsa olmaz\u0131 oldu\u011funu dile getiren Umurbey&#8217;in kurucusu Umur Ar\u0131ner; T&uuml;rkiye&#8217;de &uuml;retiminin tamam\u0131n\u0131 kendi &uuml;z&uuml;mleriyle ger&ccedil;ekle\u015ftiren ilk &uuml;retici olma &ouml;zelli\u011fine de sahip. 120 d&ouml;n&uuml;ml&uuml;k Umurbey Ba\u011flar\u0131nda Cabernet Sauvignon, Merlot, Shiraz, Sauvignon Blanc, Chardonnay ve Semillon &uuml;z&uuml;mleri yeti\u015fiyor.<\/p>\n<p><strong>Melen Winery<\/strong><\/p>\n<p style=\"text-align: center;\"><strong><img loading=\"lazy\" decoding=\"async\" class=\"alignnone size-full wp-image-5505\" src=\"https:\/\/www.julesverne.com.tr\/\/wp-content\/uploads\/2020\/09\/melenwinery-8.jpg\" width=\"750\" height=\"505\" alt=\"\" srcset=\"https:\/\/julesverne.com.tr\/wp-content\/uploads\/2020\/09\/melenwinery-8.jpg 750w, https:\/\/julesverne.com.tr\/wp-content\/uploads\/2020\/09\/melenwinery-8-500x337.jpg 500w\" sizes=\"(max-width: 750px) 100vw, 750px\" \/><\/strong><\/p>\n<p>&ldquo;Bi&ccedil;imi belirleyen i&ccedil;eriktir.&rdquo; Melen Winery&rsquo;nin felsefesi bu c&uuml;mlede sakl\u0131! Osmanl\u0131lar d&ouml;neminde Rum ve M&uuml;sl&uuml;man T&uuml;rk n&uuml;fusun beraber ya\u015fad\u0131\u011f\u0131 Ho\u015fk&ouml;y&#8217;de kurulan Melen Winery &Uuml;&ccedil; ku\u015fakt\u0131r biriken deneyimler, yeni bir enerjiyle ayn\u0131 topraklarda ya\u015fat\u0131lmaya devam ediyor. Ho\u015fk&ouml;y&#8217;&uuml;n denize bakan r&uuml;zgarl\u0131 yama&ccedil;lar\u0131nda yer alan ba\u011flar\u0131ndan toplanan &uuml;z&uuml;mler deniz kenar\u0131ndaki \u015faraphanede i\u015fleniyor. Unutmadan, Antik &ccedil;a\u011fdan beri yerle\u015fik ya\u015fam\u0131n devam etti\u011fi Ganohora yani Ho\u015fk&ouml;y&rsquo;&uuml;n ayakta kalan tek manast\u0131r\u0131 St. \u0130oannis Manast\u0131r\u0131 Melen ba\u011flar\u0131n\u0131n aras\u0131nda bir m&uuml;cevher gibi parl\u0131yor.<\/p>\n<p><strong>G&uuml;lor Ba\u011flar\u0131<\/strong><\/p>\n<p style=\"text-align: center;\"><strong><img loading=\"lazy\" decoding=\"async\" class=\"alignnone size-full wp-image-5506\" src=\"https:\/\/www.julesverne.com.tr\/\/wp-content\/uploads\/2020\/09\/gulor.jpg\" width=\"867\" height=\"467\" alt=\"\" srcset=\"https:\/\/julesverne.com.tr\/wp-content\/uploads\/2020\/09\/gulor.jpg 867w, https:\/\/julesverne.com.tr\/wp-content\/uploads\/2020\/09\/gulor-500x269.jpg 500w, https:\/\/julesverne.com.tr\/wp-content\/uploads\/2020\/09\/gulor-768x414.jpg 768w\" sizes=\"(max-width: 867px) 100vw, 867px\" \/><\/strong><\/p>\n<p>G&uuml;ler Sabanc\u0131&rsquo;n\u0131n, day\u0131s\u0131 Orhan T&uuml;rker ile birlikte 18 y\u0131l &ouml;nce \u015eark&ouml;y&rsquo;de kurdu\u011fu &uuml;z&uuml;m ba\u011flar\u0131 ve \u015faraphane tesisi G&uuml;lor butik \u015farap&ccedil;\u0131l\u0131\u011f\u0131 daha ileriye ta\u015f\u0131yan &uuml;reticilerden. Trakya Yar\u0131madas\u0131&#8217;n\u0131n \u015eark&ouml;y Eriklice k&ouml;y&uuml;nde konumlanan G&uuml;rol Ba\u011flar\u0131&#8217;n\u0131n temeli 1993 y\u0131l\u0131nda at\u0131lm\u0131\u015f. Frans\u0131z uzman Nicolas Vivas&rsquo;\u0131n dan\u0131\u015fmanl\u0131\u011f\u0131nda Cabernet Sauvignon, Merlot, Sauvignon Blanc gibi Frans\u0131z &uuml;z&uuml;mleri ile Sangiovese ve Montepulciano gibi \u0130talyan &uuml;z&uuml;mleri ekili oldu\u011fu ba\u011flardan son y\u0131llarda Cot serisine yeni eklenen blendler, G&uuml;lor&rsquo;un klasik G serisinden sonra yerli ve yabanc\u0131 &uuml;z&uuml;m kupajlar\u0131n\u0131n olu\u015fturdu\u011fu Silver serisi &uuml;retiliyor. Zevkle dekore edilen ba\u011f evi tad\u0131m i&ccedil;in harika bir atmosfer sunuyor.<\/p>\n<p><strong>Chateau Kalpak<\/strong><\/p>\n<p style=\"text-align: center;\"><strong><img loading=\"lazy\" decoding=\"async\" class=\"alignnone size-full wp-image-5507\" src=\"https:\/\/www.julesverne.com.tr\/\/wp-content\/uploads\/2020\/09\/kalpak.jpg\" width=\"1014\" height=\"571\" alt=\"\" srcset=\"https:\/\/julesverne.com.tr\/wp-content\/uploads\/2020\/09\/kalpak.jpg 1014w, https:\/\/julesverne.com.tr\/wp-content\/uploads\/2020\/09\/kalpak-500x282.jpg 500w, https:\/\/julesverne.com.tr\/wp-content\/uploads\/2020\/09\/kalpak-768x432.jpg 768w, https:\/\/julesverne.com.tr\/wp-content\/uploads\/2020\/09\/kalpak-400x225.jpg 400w\" sizes=\"(max-width: 1014px) 100vw, 1014px\" \/><\/strong><\/p>\n<p>\u015eark&ouml;y&#8217;den tepelere t\u0131rmanarak ufukta enfes deniz, orman, da\u011f manzaralar\u0131 ve &ouml;n&uuml;n&uuml;zde yemye\u015fil ba\u011flar\u0131yla g&ouml;rsel bir \u015f&ouml;len sunan Chateau Kalpak sadece bu manzaray\u0131 seyretmek i&ccedil;in bile gidilmeye de\u011fer. 1993 y\u0131l\u0131nda tek ba\u011fdan tek \u015farap yapmak hedefiyle yola &ccedil;\u0131kan Kalpakl\u0131o\u011flu, 2010 y\u0131l\u0131nda ilk &uuml;retimi yapm\u0131\u015f ve 2013&rsquo;den beri Cabarnet Sauvignon Merlot, Cabarnet Franc ve Petit Verdot &uuml;z&uuml;mleriyle yapt\u0131klar\u0131 &uuml;&ccedil; \u015farab\u0131 \u015farap severlerle bulu\u015fturuyor. 135 d&ouml;n&uuml;ml&uuml;k bir araziye kurulan ba\u011flarda sadece k\u0131rm\u0131z\u0131 \u015farap &uuml;retimi yap\u0131l\u0131yor.<\/p>\n<p><strong>Gali Ba\u011flar\u0131<\/strong><\/p>\n<p style=\"text-align: center;\"><strong><img loading=\"lazy\" decoding=\"async\" class=\"alignnone size-full wp-image-5508\" src=\"https:\/\/www.julesverne.com.tr\/\/wp-content\/uploads\/2020\/09\/gali.jpg\" width=\"848\" height=\"425\" alt=\"\" srcset=\"https:\/\/julesverne.com.tr\/wp-content\/uploads\/2020\/09\/gali.jpg 848w, https:\/\/julesverne.com.tr\/wp-content\/uploads\/2020\/09\/gali-500x251.jpg 500w, https:\/\/julesverne.com.tr\/wp-content\/uploads\/2020\/09\/gali-768x385.jpg 768w\" sizes=\"(max-width: 848px) 100vw, 848px\" \/><\/strong><\/p>\n<p>\u0130smini Gelibolu&rsquo;nun Rumca k&ouml;kenli isimleri Gallipoli veya Kallipolis&rsquo;den alan &#8220;Gali&#8221; eski dilde &#8220;g&uuml;zel&#8221; anlam\u0131n\u0131 ta\u015f\u0131yor. Gelibolu Yar\u0131madas\u0131&#8217;n\u0131n ana karaya ba\u011fland\u0131\u011f\u0131 Do\u011fan Arslan b&ouml;lgesinde kurulan Gali Ba\u011flar\u0131 ilk &uuml;retim sunumunu 2011 y\u0131l\u0131nda ger&ccedil;ekle\u015ftirmi\u015f. 240 d&ouml;n&uuml;ml&uuml;k ba\u011flar\u0131nda Merlot, Cabernet Franc ve Cabernet Sauvignon cinsi &uuml;z&uuml;mler yeti\u015fiyor. Tar\u0131m ila&ccedil;lar\u0131 ve ot &ouml;ld&uuml;r&uuml;c&uuml;ler m&uuml;mk&uuml;n olan en d&uuml;\u015f&uuml;k dozlarda kullan\u0131lan ba\u011flar olabildi\u011fince &#8220;do\u011fal&#8221; olarak korunmaya &ccedil;al\u0131\u015f\u0131l\u0131yor.<\/p>\n<p><strong>Suvla<\/strong><\/p>\n<p style=\"text-align: center;\"><strong><img loading=\"lazy\" decoding=\"async\" class=\"alignnone size-full wp-image-5509\" src=\"https:\/\/www.julesverne.com.tr\/\/wp-content\/uploads\/2020\/09\/suvla-1.jpg\" width=\"640\" height=\"640\" alt=\"\" srcset=\"https:\/\/julesverne.com.tr\/wp-content\/uploads\/2020\/09\/suvla-1.jpg 640w, https:\/\/julesverne.com.tr\/wp-content\/uploads\/2020\/09\/suvla-1-500x500.jpg 500w\" sizes=\"(max-width: 640px) 100vw, 640px\" \/><\/strong><\/p>\n<p>Mitolojik kaynaklarda &#8216;\u015farab\u0131n do\u011fdu\u011fu yer&#8217; olarak g&ouml;sterilen Gelibolu Tarihi Yar\u0131madas\u0131&#8217;nda, ismini yar\u0131madan\u0131n Kuzey Ege sahilindeki Suvla Koyu&rsquo;ndan alan SUVLA k&ouml;klerine geri d&ouml;n&uuml;yor. Kabatepe b&ouml;lgesinde, &nbsp;&ccedil;am ormanlar\u0131 ile &ccedil;evrelenmi\u015f, 600 d&ouml;n&uuml;ml&uuml;k aile ba\u011flar\u0131 Bozokba\u011f&#8217;da yeti\u015fen Cabernet Sauvignon, Merlot, Shiraz, Cabernet Franc, Grenache Noir, Petit Verdot, &nbsp;Chardonnay, Sauvignon Blanc, Roussanne ve Marsanne &uuml;z&uuml;mleri yeti\u015ftiriliyor. 2009 y\u0131l\u0131nda eski bir fabrikadan d&ouml;n&uuml;\u015ft&uuml;r&uuml;len \u015faraphane ise leziz bir yemek yemek ve al\u0131\u015fveri\u015f yapman\u0131z i&ccedil;in tasarlanm\u0131\u015f.<\/p>\n<p><strong>Porta Caeli<\/strong><\/p>\n<p style=\"text-align: center;\"><strong><img loading=\"lazy\" decoding=\"async\" class=\"alignnone size-full wp-image-5510\" src=\"https:\/\/www.julesverne.com.tr\/\/wp-content\/uploads\/2020\/09\/caeli-3.jpg\" width=\"1200\" height=\"500\" alt=\"\" srcset=\"https:\/\/julesverne.com.tr\/wp-content\/uploads\/2020\/09\/caeli-3.jpg 1200w, https:\/\/julesverne.com.tr\/wp-content\/uploads\/2020\/09\/caeli-3-500x208.jpg 500w, https:\/\/julesverne.com.tr\/wp-content\/uploads\/2020\/09\/caeli-3-768x320.jpg 768w\" sizes=\"(max-width: 1200px) 100vw, 1200px\" \/><\/strong><\/p>\n<p>Gelibolu Yar\u0131madas\u0131&#8217;nda, Eceabat il&ccedil;esinin Kumk&ouml;y mevkiinde 1.700 d&ouml;n&uuml;ml&uuml;k bir araziye kurulan Porta Caeli, \u015faraba duyulan derin tutkunun bir sonucu asl\u0131nda. T&uuml;rkiye&rsquo;nin \u015fimdiye kadarki en pahal\u0131 ve iddial\u0131 \u015farap projesi olan Porta Caeli&#8217;nin dev ba\u011flar\u0131n\u0131n y&uuml;zde 80&rsquo;inde Cabernet Sauvignon, Merlot, Cabernet Franc ve Petit Verdot &uuml;z&uuml;mleri ekili. Ba\u011flar\u0131n geri kalan\u0131nda ise Sauvignon Blanc, Chardonnay ve Viognier gibi beyaz &uuml;z&uuml;mler yeti\u015ftiriliyor. S\u0131k dikilen ba\u011flarda ama&ccedil; &#8220;rekabet eden k&ouml;klerin derine inmesi, b&ouml;ylece \u015faraplar\u0131n derin katmanlardan beslenerek asmalar sayesinde daha derinlikli, zengin n&uuml;ansl\u0131 ve mineralsi olmas\u0131. Porta Caeli&rsquo;nin 21 odal\u0131 butik oteli hem ba\u011f ziyareti yapmak hem de konaklamak i&ccedil;in tasarlanm\u0131\u015f.<\/p>\n<p style=\"text-align: center;\"><strong style=\"box-sizing: border-box; font-family: ProximaNovaBold; color: #4a4b4f; font-size: 16px;\">&nbsp;Daha detayl\u0131 bilgi i&ccedil;in:&nbsp;<\/strong><br style=\"box-sizing: border-box; color: #4a4b4f; font-family: ProximaNovaRegular, Arial, sans-serif; font-size: 16px;\" \/><a style=\"box-sizing: border-box; color: #337ab7; text-decoration-line: none; font-family: ProximaNovaRegular, Arial, sans-serif; font-size: 16px;\" href=\"mailto:travel@julesverne.com.tr%20\" target=\"_blank\" rel=\"noopener noreferrer\"><strong style=\"box-sizing: border-box; font-family: ProximaNovaBold;\">travel@julesverne.com.tr&nbsp;<\/strong><\/a><br style=\"box-sizing: border-box; color: #4a4b4f; font-family: ProximaNovaRegular, Arial, sans-serif; font-size: 16px;\" \/><strong style=\"box-sizing: border-box; font-family: ProximaNovaBold; color: #4a4b4f; font-size: 16px;\">0212 266 6363 &#8211; 137<\/strong><\/p><\/p>\n","protected":false},"excerpt":{"rendered":"<p>T&uuml;rkiye&#8217;nin ilk ba\u011f rotas\u0131 olan Trakya Ba\u011f Rotas\u0131 Tekirda\u011f, \u015eark&ouml;y, Gelibolu ve K\u0131rklareli b&ouml;lgelerinde faaliyet g&ouml;steren butik \u015farap &uuml;reticilerini bulu\u015fturuyor. Hem bayram tatili hem de ba\u011f bozumu sezonu yakla\u015fm\u0131\u015fken &uuml;z&uuml;mlerin bir festival gibi toplanmas\u0131na e\u015flik edece\u011finiz, tad\u0131mlar yapaca\u011f\u0131n\u0131z, kendinizi do\u011faya emanet edece\u011finiz bu &ouml;zel butik \u015farap evlerinde bir hafta sonu ge&ccedil;irebilirsiniz.<\/p>\n<p>&nbsp;<\/p>\n","protected":false},"author":1,"featured_media":1789,"comment_status":"closed","ping_status":"closed","sticky":false,"template":"","format":"standard","meta":{"inline_featured_image":false,"footnotes":""},"categories":[1,39],"tags":[],"acf":[],"yoast_head":"<!-- This site is optimized with the Yoast SEO plugin v22.3 - https:\/\/yoast.com\/wordpress\/plugins\/seo\/ -->\n<title>Tekirda\u011f Ba\u011f Rotas\u0131 ile \u015earap Tarihine Yolculuk - JULES VERNE BUSINESS MICE TRAVEL<\/title>\n<meta name=\"robots\" content=\"index, follow, max-snippet:-1, max-image-preview:large, max-video-preview:-1\" \/>\n<link rel=\"canonical\" href=\"https:\/\/julesverne.com.tr\/travel-blog\/tekirdag-bag-rotasi-ile-sarap-tarihine-yolculuk\/\" \/>\n<meta property=\"og:locale\" content=\"en_US\" \/>\n<meta property=\"og:type\" content=\"article\" \/>\n<meta property=\"og:title\" content=\"Tekirda\u011f Ba\u011f Rotas\u0131 ile \u015earap Tarihine Yolculuk - JULES VERNE BUSINESS MICE TRAVEL\" \/>\n<meta property=\"og:description\" content=\"T&uuml;rkiye&#039;nin ilk ba\u011f rotas\u0131 olan Trakya Ba\u011f Rotas\u0131 Tekirda\u011f, \u015eark&ouml;y, Gelibolu ve K\u0131rklareli b&ouml;lgelerinde faaliyet g&ouml;steren butik \u015farap &uuml;reticilerini bulu\u015fturuyor. Hem bayram tatili hem de ba\u011f bozumu sezonu yakla\u015fm\u0131\u015fken &uuml;z&uuml;mlerin bir festival gibi toplanmas\u0131na e\u015flik edece\u011finiz, tad\u0131mlar yapaca\u011f\u0131n\u0131z, kendinizi do\u011faya emanet edece\u011finiz bu &ouml;zel butik \u015farap evlerinde bir hafta sonu ge&ccedil;irebilirsiniz. &nbsp;\" \/>\n<meta property=\"og:url\" content=\"https:\/\/julesverne.com.tr\/travel-blog\/tekirdag-bag-rotasi-ile-sarap-tarihine-yolculuk\/\" \/>\n<meta property=\"og:site_name\" content=\"JULES VERNE BUSINESS MICE TRAVEL\" \/>\n<meta property=\"article:publisher\" content=\"https:\/\/www.facebook.com\/JulesVerneBusinessMiceTravel\/\" \/>\n<meta property=\"article:published_time\" content=\"2017-08-03T13:54:45+00:00\" \/>\n<meta property=\"article:modified_time\" content=\"2021-03-04T12:25:45+00:00\" \/>\n<meta property=\"og:image\" content=\"https:\/\/julesverne.com.tr\/wp-content\/uploads\/2020\/09\/uzum_bagi.jpg\" \/>\n\t<meta property=\"og:image:width\" content=\"740\" \/>\n\t<meta property=\"og:image:height\" content=\"493\" \/>\n\t<meta property=\"og:image:type\" content=\"image\/jpeg\" \/>\n<meta name=\"author\" content=\"fikirman\" \/>\n<meta name=\"twitter:card\" content=\"summary_large_image\" \/>\n<meta name=\"twitter:creator\" content=\"@JV_BusinessMice\" \/>\n<meta name=\"twitter:site\" content=\"@JV_BusinessMice\" \/>\n<meta name=\"twitter:label1\" content=\"Written by\" \/>\n\t<meta name=\"twitter:data1\" content=\"fikirman\" \/>\n\t<meta name=\"twitter:label2\" content=\"Est. reading time\" \/>\n\t<meta name=\"twitter:data2\" content=\"9 minutes\" \/>\n<script type=\"application\/ld+json\" class=\"yoast-schema-graph\">{\"@context\":\"https:\/\/schema.org\",\"@graph\":[{\"@type\":\"Article\",\"@id\":\"https:\/\/julesverne.com.tr\/travel-blog\/tekirdag-bag-rotasi-ile-sarap-tarihine-yolculuk\/#article\",\"isPartOf\":{\"@id\":\"https:\/\/julesverne.com.tr\/travel-blog\/tekirdag-bag-rotasi-ile-sarap-tarihine-yolculuk\/\"},\"author\":{\"name\":\"fikirman\",\"@id\":\"https:\/\/julesverne.com.tr\/#\/schema\/person\/f4eb0514ae455538644c31b99a466fdb\"},\"headline\":\"Tekirda\u011f Ba\u011f Rotas\u0131 ile \u015earap Tarihine Yolculuk\",\"datePublished\":\"2017-08-03T13:54:45+00:00\",\"dateModified\":\"2021-03-04T12:25:45+00:00\",\"mainEntityOfPage\":{\"@id\":\"https:\/\/julesverne.com.tr\/travel-blog\/tekirdag-bag-rotasi-ile-sarap-tarihine-yolculuk\/\"},\"wordCount\":1768,\"publisher\":{\"@id\":\"https:\/\/julesverne.com.tr\/#organization\"},\"image\":{\"@id\":\"https:\/\/julesverne.com.tr\/travel-blog\/tekirdag-bag-rotasi-ile-sarap-tarihine-yolculuk\/#primaryimage\"},\"thumbnailUrl\":\"https:\/\/julesverne.com.tr\/wp-content\/uploads\/2020\/09\/uzum_bagi.jpg\",\"articleSection\":[\"Blog\",\"Nereye Gitsek?\"],\"inLanguage\":\"en-US\"},{\"@type\":\"WebPage\",\"@id\":\"https:\/\/julesverne.com.tr\/travel-blog\/tekirdag-bag-rotasi-ile-sarap-tarihine-yolculuk\/\",\"url\":\"https:\/\/julesverne.com.tr\/travel-blog\/tekirdag-bag-rotasi-ile-sarap-tarihine-yolculuk\/\",\"name\":\"Tekirda\u011f Ba\u011f Rotas\u0131 ile \u015earap Tarihine Yolculuk - JULES VERNE BUSINESS MICE TRAVEL\",\"isPartOf\":{\"@id\":\"https:\/\/julesverne.com.tr\/#website\"},\"primaryImageOfPage\":{\"@id\":\"https:\/\/julesverne.com.tr\/travel-blog\/tekirdag-bag-rotasi-ile-sarap-tarihine-yolculuk\/#primaryimage\"},\"image\":{\"@id\":\"https:\/\/julesverne.com.tr\/travel-blog\/tekirdag-bag-rotasi-ile-sarap-tarihine-yolculuk\/#primaryimage\"},\"thumbnailUrl\":\"https:\/\/julesverne.com.tr\/wp-content\/uploads\/2020\/09\/uzum_bagi.jpg\",\"datePublished\":\"2017-08-03T13:54:45+00:00\",\"dateModified\":\"2021-03-04T12:25:45+00:00\",\"breadcrumb\":{\"@id\":\"https:\/\/julesverne.com.tr\/travel-blog\/tekirdag-bag-rotasi-ile-sarap-tarihine-yolculuk\/#breadcrumb\"},\"inLanguage\":\"en-US\",\"potentialAction\":[{\"@type\":\"ReadAction\",\"target\":[\"https:\/\/julesverne.com.tr\/travel-blog\/tekirdag-bag-rotasi-ile-sarap-tarihine-yolculuk\/\"]}]},{\"@type\":\"ImageObject\",\"inLanguage\":\"en-US\",\"@id\":\"https:\/\/julesverne.com.tr\/travel-blog\/tekirdag-bag-rotasi-ile-sarap-tarihine-yolculuk\/#primaryimage\",\"url\":\"https:\/\/julesverne.com.tr\/wp-content\/uploads\/2020\/09\/uzum_bagi.jpg\",\"contentUrl\":\"https:\/\/julesverne.com.tr\/wp-content\/uploads\/2020\/09\/uzum_bagi.jpg\",\"width\":740,\"height\":493},{\"@type\":\"BreadcrumbList\",\"@id\":\"https:\/\/julesverne.com.tr\/travel-blog\/tekirdag-bag-rotasi-ile-sarap-tarihine-yolculuk\/#breadcrumb\",\"itemListElement\":[{\"@type\":\"ListItem\",\"position\":1,\"name\":\"Anasayfa\",\"item\":\"https:\/\/julesverne.com.tr\/\"},{\"@type\":\"ListItem\",\"position\":2,\"name\":\"Tekirda\u011f Ba\u011f Rotas\u0131 ile \u015earap Tarihine Yolculuk\"}]},{\"@type\":\"WebSite\",\"@id\":\"https:\/\/julesverne.com.tr\/#website\",\"url\":\"https:\/\/julesverne.com.tr\/\",\"name\":\"JULES VERNE BUSINESS MICE TRAVEL\",\"description\":\"\",\"publisher\":{\"@id\":\"https:\/\/julesverne.com.tr\/#organization\"},\"potentialAction\":[{\"@type\":\"SearchAction\",\"target\":{\"@type\":\"EntryPoint\",\"urlTemplate\":\"https:\/\/julesverne.com.tr\/?s={search_term_string}\"},\"query-input\":\"required name=search_term_string\"}],\"inLanguage\":\"en-US\"},{\"@type\":\"Organization\",\"@id\":\"https:\/\/julesverne.com.tr\/#organization\",\"name\":\"JULES VERNE BUSINESS MICE TRAVEL\",\"url\":\"https:\/\/julesverne.com.tr\/\",\"logo\":{\"@type\":\"ImageObject\",\"inLanguage\":\"en-US\",\"@id\":\"https:\/\/julesverne.com.tr\/#\/schema\/logo\/image\/\",\"url\":\"https:\/\/julesverne.com.tr\/wp-content\/uploads\/2020\/09\/jv-bmt-logo.png\",\"contentUrl\":\"https:\/\/julesverne.com.tr\/wp-content\/uploads\/2020\/09\/jv-bmt-logo.png\",\"width\":110,\"height\":81,\"caption\":\"JULES VERNE BUSINESS MICE TRAVEL\"},\"image\":{\"@id\":\"https:\/\/julesverne.com.tr\/#\/schema\/logo\/image\/\"},\"sameAs\":[\"https:\/\/www.facebook.com\/JulesVerneBusinessMiceTravel\/\",\"https:\/\/twitter.com\/JV_BusinessMice\",\"https:\/\/www.instagram.com\/julesvernebusinessmicetravel\/\",\"https:\/\/www.linkedin.com\/company\/julesvernebusinessmicetravel\/\",\"https:\/\/www.youtube.com\/channel\/UCAwdsmbZ6tFhu1tea6pkpiw\"]},{\"@type\":\"Person\",\"@id\":\"https:\/\/julesverne.com.tr\/#\/schema\/person\/f4eb0514ae455538644c31b99a466fdb\",\"name\":\"fikirman\",\"sameAs\":[\"http:\/\/advermedya.net\/julesverne\"],\"url\":\"https:\/\/julesverne.com.tr\/en\/author\/fikirman\/\"}]}<\/script>\n<!-- \/ Yoast SEO plugin. -->","yoast_head_json":{"title":"Tekirda\u011f Ba\u011f Rotas\u0131 ile \u015earap Tarihine Yolculuk - JULES VERNE BUSINESS MICE TRAVEL","robots":{"index":"index","follow":"follow","max-snippet":"max-snippet:-1","max-image-preview":"max-image-preview:large","max-video-preview":"max-video-preview:-1"},"canonical":"https:\/\/julesverne.com.tr\/travel-blog\/tekirdag-bag-rotasi-ile-sarap-tarihine-yolculuk\/","og_locale":"en_US","og_type":"article","og_title":"Tekirda\u011f Ba\u011f Rotas\u0131 ile \u015earap Tarihine Yolculuk - JULES VERNE BUSINESS MICE TRAVEL","og_description":"T&uuml;rkiye'nin ilk ba\u011f rotas\u0131 olan Trakya Ba\u011f Rotas\u0131 Tekirda\u011f, \u015eark&ouml;y, Gelibolu ve K\u0131rklareli b&ouml;lgelerinde faaliyet g&ouml;steren butik \u015farap &uuml;reticilerini bulu\u015fturuyor. Hem bayram tatili hem de ba\u011f bozumu sezonu yakla\u015fm\u0131\u015fken &uuml;z&uuml;mlerin bir festival gibi toplanmas\u0131na e\u015flik edece\u011finiz, tad\u0131mlar yapaca\u011f\u0131n\u0131z, kendinizi do\u011faya emanet edece\u011finiz bu &ouml;zel butik \u015farap evlerinde bir hafta sonu ge&ccedil;irebilirsiniz. &nbsp;","og_url":"https:\/\/julesverne.com.tr\/travel-blog\/tekirdag-bag-rotasi-ile-sarap-tarihine-yolculuk\/","og_site_name":"JULES VERNE BUSINESS MICE TRAVEL","article_publisher":"https:\/\/www.facebook.com\/JulesVerneBusinessMiceTravel\/","article_published_time":"2017-08-03T13:54:45+00:00","article_modified_time":"2021-03-04T12:25:45+00:00","og_image":[{"width":740,"height":493,"url":"https:\/\/julesverne.com.tr\/wp-content\/uploads\/2020\/09\/uzum_bagi.jpg","type":"image\/jpeg"}],"author":"fikirman","twitter_card":"summary_large_image","twitter_creator":"@JV_BusinessMice","twitter_site":"@JV_BusinessMice","twitter_misc":{"Written by":"fikirman","Est. reading time":"9 minutes"},"schema":{"@context":"https:\/\/schema.org","@graph":[{"@type":"Article","@id":"https:\/\/julesverne.com.tr\/travel-blog\/tekirdag-bag-rotasi-ile-sarap-tarihine-yolculuk\/#article","isPartOf":{"@id":"https:\/\/julesverne.com.tr\/travel-blog\/tekirdag-bag-rotasi-ile-sarap-tarihine-yolculuk\/"},"author":{"name":"fikirman","@id":"https:\/\/julesverne.com.tr\/#\/schema\/person\/f4eb0514ae455538644c31b99a466fdb"},"headline":"Tekirda\u011f Ba\u011f Rotas\u0131 ile \u015earap Tarihine Yolculuk","datePublished":"2017-08-03T13:54:45+00:00","dateModified":"2021-03-04T12:25:45+00:00","mainEntityOfPage":{"@id":"https:\/\/julesverne.com.tr\/travel-blog\/tekirdag-bag-rotasi-ile-sarap-tarihine-yolculuk\/"},"wordCount":1768,"publisher":{"@id":"https:\/\/julesverne.com.tr\/#organization"},"image":{"@id":"https:\/\/julesverne.com.tr\/travel-blog\/tekirdag-bag-rotasi-ile-sarap-tarihine-yolculuk\/#primaryimage"},"thumbnailUrl":"https:\/\/julesverne.com.tr\/wp-content\/uploads\/2020\/09\/uzum_bagi.jpg","articleSection":["Blog","Nereye Gitsek?"],"inLanguage":"en-US"},{"@type":"WebPage","@id":"https:\/\/julesverne.com.tr\/travel-blog\/tekirdag-bag-rotasi-ile-sarap-tarihine-yolculuk\/","url":"https:\/\/julesverne.com.tr\/travel-blog\/tekirdag-bag-rotasi-ile-sarap-tarihine-yolculuk\/","name":"Tekirda\u011f Ba\u011f Rotas\u0131 ile \u015earap Tarihine Yolculuk - JULES VERNE BUSINESS MICE TRAVEL","isPartOf":{"@id":"https:\/\/julesverne.com.tr\/#website"},"primaryImageOfPage":{"@id":"https:\/\/julesverne.com.tr\/travel-blog\/tekirdag-bag-rotasi-ile-sarap-tarihine-yolculuk\/#primaryimage"},"image":{"@id":"https:\/\/julesverne.com.tr\/travel-blog\/tekirdag-bag-rotasi-ile-sarap-tarihine-yolculuk\/#primaryimage"},"thumbnailUrl":"https:\/\/julesverne.com.tr\/wp-content\/uploads\/2020\/09\/uzum_bagi.jpg","datePublished":"2017-08-03T13:54:45+00:00","dateModified":"2021-03-04T12:25:45+00:00","breadcrumb":{"@id":"https:\/\/julesverne.com.tr\/travel-blog\/tekirdag-bag-rotasi-ile-sarap-tarihine-yolculuk\/#breadcrumb"},"inLanguage":"en-US","potentialAction":[{"@type":"ReadAction","target":["https:\/\/julesverne.com.tr\/travel-blog\/tekirdag-bag-rotasi-ile-sarap-tarihine-yolculuk\/"]}]},{"@type":"ImageObject","inLanguage":"en-US","@id":"https:\/\/julesverne.com.tr\/travel-blog\/tekirdag-bag-rotasi-ile-sarap-tarihine-yolculuk\/#primaryimage","url":"https:\/\/julesverne.com.tr\/wp-content\/uploads\/2020\/09\/uzum_bagi.jpg","contentUrl":"https:\/\/julesverne.com.tr\/wp-content\/uploads\/2020\/09\/uzum_bagi.jpg","width":740,"height":493},{"@type":"BreadcrumbList","@id":"https:\/\/julesverne.com.tr\/travel-blog\/tekirdag-bag-rotasi-ile-sarap-tarihine-yolculuk\/#breadcrumb","itemListElement":[{"@type":"ListItem","position":1,"name":"Anasayfa","item":"https:\/\/julesverne.com.tr\/"},{"@type":"ListItem","position":2,"name":"Tekirda\u011f Ba\u011f Rotas\u0131 ile \u015earap Tarihine Yolculuk"}]},{"@type":"WebSite","@id":"https:\/\/julesverne.com.tr\/#website","url":"https:\/\/julesverne.com.tr\/","name":"JULES VERNE BUSINESS MICE TRAVEL","description":"","publisher":{"@id":"https:\/\/julesverne.com.tr\/#organization"},"potentialAction":[{"@type":"SearchAction","target":{"@type":"EntryPoint","urlTemplate":"https:\/\/julesverne.com.tr\/?s={search_term_string}"},"query-input":"required name=search_term_string"}],"inLanguage":"en-US"},{"@type":"Organization","@id":"https:\/\/julesverne.com.tr\/#organization","name":"JULES VERNE BUSINESS MICE TRAVEL","url":"https:\/\/julesverne.com.tr\/","logo":{"@type":"ImageObject","inLanguage":"en-US","@id":"https:\/\/julesverne.com.tr\/#\/schema\/logo\/image\/","url":"https:\/\/julesverne.com.tr\/wp-content\/uploads\/2020\/09\/jv-bmt-logo.png","contentUrl":"https:\/\/julesverne.com.tr\/wp-content\/uploads\/2020\/09\/jv-bmt-logo.png","width":110,"height":81,"caption":"JULES VERNE BUSINESS MICE TRAVEL"},"image":{"@id":"https:\/\/julesverne.com.tr\/#\/schema\/logo\/image\/"},"sameAs":["https:\/\/www.facebook.com\/JulesVerneBusinessMiceTravel\/","https:\/\/twitter.com\/JV_BusinessMice","https:\/\/www.instagram.com\/julesvernebusinessmicetravel\/","https:\/\/www.linkedin.com\/company\/julesvernebusinessmicetravel\/","https:\/\/www.youtube.com\/channel\/UCAwdsmbZ6tFhu1tea6pkpiw"]},{"@type":"Person","@id":"https:\/\/julesverne.com.tr\/#\/schema\/person\/f4eb0514ae455538644c31b99a466fdb","name":"fikirman","sameAs":["http:\/\/advermedya.net\/julesverne"],"url":"https:\/\/julesverne.com.tr\/en\/author\/fikirman\/"}]}},"_links":{"self":[{"href":"https:\/\/julesverne.com.tr\/en\/wp-json\/wp\/v2\/posts\/1788"}],"collection":[{"href":"https:\/\/julesverne.com.tr\/en\/wp-json\/wp\/v2\/posts"}],"about":[{"href":"https:\/\/julesverne.com.tr\/en\/wp-json\/wp\/v2\/types\/post"}],"author":[{"embeddable":true,"href":"https:\/\/julesverne.com.tr\/en\/wp-json\/wp\/v2\/users\/1"}],"replies":[{"embeddable":true,"href":"https:\/\/julesverne.com.tr\/en\/wp-json\/wp\/v2\/comments?post=1788"}],"version-history":[{"count":0,"href":"https:\/\/julesverne.com.tr\/en\/wp-json\/wp\/v2\/posts\/1788\/revisions"}],"wp:featuredmedia":[{"embeddable":true,"href":"https:\/\/julesverne.com.tr\/en\/wp-json\/wp\/v2\/media\/1789"}],"wp:attachment":[{"href":"https:\/\/julesverne.com.tr\/en\/wp-json\/wp\/v2\/media?parent=1788"}],"wp:term":[{"taxonomy":"category","embeddable":true,"href":"https:\/\/julesverne.com.tr\/en\/wp-json\/wp\/v2\/categories?post=1788"},{"taxonomy":"post_tag","embeddable":true,"href":"https:\/\/julesverne.com.tr\/en\/wp-json\/wp\/v2\/tags?post=1788"}],"curies":[{"name":"wp","href":"https:\/\/api.w.org\/{rel}","templated":true}]}}