{"id":1782,"date":"2017-07-26T15:18:18","date_gmt":"2017-07-26T12:18:18","guid":{"rendered":"https:\/\/www.julesverne.com.tr\/\/blog\/kurban-bayramina-ozel-yunanistan-onerileri\/"},"modified":"2021-03-04T15:26:07","modified_gmt":"2021-03-04T12:26:07","slug":"kurban-bayramina-ozel-yunanistan-onerileri","status":"publish","type":"post","link":"https:\/\/julesverne.com.tr\/en\/travel-blog\/kurban-bayramina-ozel-yunanistan-onerileri\/","title":{"rendered":"Kurban Bayram\u0131&#8217;na \u00d6zel Yunanistan \u00d6nerileri"},"content":{"rendered":"<p><p>Ortak tarihimiz, ayn\u0131 iklimde ya\u015f\u0131yor olmam\u0131z, kom\u015fu s\u0131cakl\u0131\u011f\u0131 dendi\u011finde Yunanistan hemen i&ccedil;imizi \u0131s\u0131t\u0131yor. Deniz-kum-g&uuml;ne\u015f olsun; bize yak\u0131n olsun diyenler i&ccedil;in Yunanistan&rsquo;\u0131n iki &ouml;zel noktas\u0131nda farkl\u0131 ve zevkli otel &ouml;nerileri sunuyoruz.&nbsp;<\/p>\n<p><a href=\"..\/..\/bizden-haberler\/ozgunlugun-ve-gelenegin-izinde-bir-yunan-harikasi-costa-navarino\" target=\"_blank\" rel=\"noopener noreferrer\"><strong>&Ouml;zg&uuml;nl&uuml;\u011f&uuml;n ve Gelene\u011fin \u0130zinde Bir Yunan Harikas\u0131: Costa Navarino<\/strong><\/a><\/p>\n<p style=\"text-align: center;\"><a href=\"..\/..\/bizden-haberler\/ozgunlugun-ve-gelenegin-izinde-bir-yunan-harikasi-costa-navarino\" target=\"_blank\" rel=\"noopener noreferrer\"><strong><img loading=\"lazy\" decoding=\"async\" class=\"alignnone size-full wp-image-5543\" src=\"https:\/\/www.julesverne.com.tr\/\/wp-content\/uploads\/2020\/09\/costa_navarino_yemek.jpg\" width=\"740\" height=\"416\" alt=\"\" srcset=\"https:\/\/julesverne.com.tr\/wp-content\/uploads\/2020\/09\/costa_navarino_yemek.jpg 740w, https:\/\/julesverne.com.tr\/wp-content\/uploads\/2020\/09\/costa_navarino_yemek-500x281.jpg 500w, https:\/\/julesverne.com.tr\/wp-content\/uploads\/2020\/09\/costa_navarino_yemek-400x225.jpg 400w\" sizes=\"(max-width: 740px) 100vw, 740px\" \/><\/strong><\/a><\/p>\n<p>&nbsp;Mora Yar\u0131madas\u0131&#8217;n\u0131n g&uuml;neybat\u0131s\u0131nda, g&ouml;zlerden uzakta muhte\u015fem bir k&ouml;\u015feyi kendine mesken tutan Costa Navarino bir otelden &ccedil;ok ama &ccedil;ok daha fazlas\u0131! 320 d&ouml;n&uuml;ml&uuml;k olduk&ccedil;a geni\u015f bir arazide iki farkl\u0131 otel konseptini bulu\u015fturan l&uuml;ks resort k&uuml;&ccedil;&uuml;k bir \u015fehir hayat\u0131ndan geri durmuyor. Daha &ccedil;ok ailelere hitap eden, &ccedil;ocuklara &ouml;zel tasarlanm\u0131\u015f iki merkezi; Aqua Park e\u011flence alan\u0131yla The Westin Resort sahile yak\u0131n konumlan\u0131rken; &nbsp; Rus i\u015f adamlar\u0131, Alman futbolcular, Hollywood oyuncular\u0131na ev sahipli\u011fi yapan The Romanos bah&ccedil;eler i&ccedil;erisinde, mahremiyete &ouml;nem veren l&uuml;ks tasar\u0131mla dizayn edilmi\u015f.<br \/><a href=\"..\/..\/bizden-haberler\/ozgunlugun-ve-gelenegin-izinde-bir-yunan-harikasi-costa-navarino\" target=\"_blank\" rel=\"noopener noreferrer\">Detayl\u0131 bilgi i&ccedil;in t\u0131klay\u0131n!<\/a><\/p>\n<p><a href=\"..\/..\/bizden-haberler\/halkidikinin-guzel-siginagi-ekies-all-senses-resort\" target=\"_blank\" rel=\"noopener noreferrer\"><strong>Halkidiki&#8217;nin G&uuml;zel S\u0131\u011f\u0131na\u011f\u0131: Ekies All Senses Resort<\/strong><\/a><\/p>\n<p style=\"text-align: center;\"><a href=\"..\/..\/bizden-haberler\/halkidikinin-guzel-siginagi-ekies-all-senses-resort\" target=\"_blank\" rel=\"noopener noreferrer\"><strong><img loading=\"lazy\" decoding=\"async\" class=\"alignnone size-full wp-image-5544\" src=\"https:\/\/www.julesverne.com.tr\/\/wp-content\/uploads\/2020\/09\/ekies-1.jpg\" width=\"740\" height=\"347\" alt=\"\" srcset=\"https:\/\/julesverne.com.tr\/wp-content\/uploads\/2020\/09\/ekies-1.jpg 740w, https:\/\/julesverne.com.tr\/wp-content\/uploads\/2020\/09\/ekies-1-500x234.jpg 500w\" sizes=\"(max-width: 740px) 100vw, 740px\" \/><\/strong><\/a><\/p>\n<p>En son ne zaman t&uuml;m duyular\u0131n\u0131zla denizi, kumu, g&uuml;ne\u015fi kucaklad\u0131n\u0131z?&#8221; Halkidiki&#8217;de, Vourvourou Koyu&#8217;na kurulan Ekies Resort, &ccedil;a\u011fda\u015f eko-felsefesi ile sizi huzurlu ve dingin bir ortama davet ediyor. Masmavi kristal denizi ve beyaz kumlar\u0131nda g&uuml;ne\u015fe bo\u011fuldu\u011funuz bir plaj, size y\u0131l\u0131n t&uuml;m yorgunlu\u011funu unutturuyor. Yabanc\u0131 bir yerde konakl\u0131yormu\u015f hissinden uzakta, konfordan vazge&ccedil;meyen anlay\u0131\u015fla dekore edilen odalar ferahl\u0131\u011f\u0131 ve tazeli\u011fi &ouml;n plana &ccedil;\u0131kar\u0131yor. Fazla uzakla\u015fmadan, &ccedil;ok uzaklarda olma hissiyat\u0131n\u0131 ya\u015faman\u0131n hayalini kuran t&uuml;m aileler, t&uuml;m &ccedil;iftler Ekies All Senses Resort&rsquo;tan zor ayr\u0131lacak!<br \/><a href=\"..\/..\/bizden-haberler\/halkidikinin-guzel-siginagi-ekies-all-senses-resort\" target=\"_blank\" rel=\"noopener noreferrer\">Detayl\u0131 bilgi i&ccedil;in t\u0131klay\u0131n!<\/a><\/p><\/p>\n","protected":false},"excerpt":{"rendered":"<p>Ortak tarihimiz, ayn\u0131 iklimde ya\u015f\u0131yor olmam\u0131z, kom\u015fu s\u0131cakl\u0131\u011f\u0131 dendi\u011finde Yunanistan hemen i&ccedil;imizi \u0131s\u0131t\u0131yor. Deniz-kum-g&uuml;ne\u015f olsun; bize yak\u0131n olsun diyenler i&ccedil;in Yunanistan&rsquo;\u0131n iki &ouml;zel noktas\u0131nda farkl\u0131 ve zevkli otel &ouml;nerileri sunuyoruz.&nbsp;<\/p>\n","protected":false},"author":1,"featured_media":1783,"comment_status":"closed","ping_status":"closed","sticky":false,"template":"","format":"standard","meta":{"inline_featured_image":false,"footnotes":""},"categories":[1,39],"tags":[],"acf":[],"yoast_head":"<!-- This site is optimized with the Yoast SEO plugin v22.3 - https:\/\/yoast.com\/wordpress\/plugins\/seo\/ -->\n<title>Kurban Bayram\u0131&#039;na \u00d6zel Yunanistan \u00d6nerileri - JULES VERNE BUSINESS MICE TRAVEL<\/title>\n<meta name=\"robots\" content=\"index, follow, max-snippet:-1, max-image-preview:large, max-video-preview:-1\" \/>\n<link rel=\"canonical\" href=\"https:\/\/julesverne.com.tr\/travel-blog\/kurban-bayramina-ozel-yunanistan-onerileri\/\" \/>\n<meta property=\"og:locale\" content=\"en_US\" \/>\n<meta property=\"og:type\" content=\"article\" \/>\n<meta property=\"og:title\" content=\"Kurban Bayram\u0131&#039;na \u00d6zel Yunanistan \u00d6nerileri - JULES VERNE BUSINESS MICE TRAVEL\" \/>\n<meta property=\"og:description\" content=\"Ortak tarihimiz, ayn\u0131 iklimde ya\u015f\u0131yor olmam\u0131z, kom\u015fu s\u0131cakl\u0131\u011f\u0131 dendi\u011finde Yunanistan hemen i&ccedil;imizi \u0131s\u0131t\u0131yor. Deniz-kum-g&uuml;ne\u015f olsun; bize yak\u0131n olsun diyenler i&ccedil;in Yunanistan&rsquo;\u0131n iki &ouml;zel noktas\u0131nda farkl\u0131 ve zevkli otel &ouml;nerileri sunuyoruz.&nbsp;\" \/>\n<meta property=\"og:url\" content=\"https:\/\/julesverne.com.tr\/travel-blog\/kurban-bayramina-ozel-yunanistan-onerileri\/\" \/>\n<meta property=\"og:site_name\" content=\"JULES VERNE BUSINESS MICE TRAVEL\" \/>\n<meta property=\"article:publisher\" content=\"https:\/\/www.facebook.com\/JulesVerneBusinessMiceTravel\/\" \/>\n<meta property=\"article:published_time\" content=\"2017-07-26T12:18:18+00:00\" \/>\n<meta property=\"article:modified_time\" content=\"2021-03-04T12:26:07+00:00\" \/>\n<meta property=\"og:image\" content=\"https:\/\/julesverne.com.tr\/wp-content\/uploads\/2020\/09\/westin.jpg\" \/>\n\t<meta property=\"og:image:width\" content=\"740\" \/>\n\t<meta property=\"og:image:height\" content=\"493\" \/>\n\t<meta property=\"og:image:type\" content=\"image\/jpeg\" \/>\n<meta name=\"author\" content=\"fikirman\" \/>\n<meta name=\"twitter:card\" content=\"summary_large_image\" \/>\n<meta name=\"twitter:creator\" content=\"@JV_BusinessMice\" \/>\n<meta name=\"twitter:site\" content=\"@JV_BusinessMice\" \/>\n<meta name=\"twitter:label1\" content=\"Written by\" \/>\n\t<meta name=\"twitter:data1\" content=\"fikirman\" \/>\n\t<meta name=\"twitter:label2\" content=\"Est. reading time\" \/>\n\t<meta name=\"twitter:data2\" content=\"2 minutes\" \/>\n<script type=\"application\/ld+json\" class=\"yoast-schema-graph\">{\"@context\":\"https:\/\/schema.org\",\"@graph\":[{\"@type\":\"Article\",\"@id\":\"https:\/\/julesverne.com.tr\/travel-blog\/kurban-bayramina-ozel-yunanistan-onerileri\/#article\",\"isPartOf\":{\"@id\":\"https:\/\/julesverne.com.tr\/travel-blog\/kurban-bayramina-ozel-yunanistan-onerileri\/\"},\"author\":{\"name\":\"fikirman\",\"@id\":\"https:\/\/julesverne.com.tr\/#\/schema\/person\/f4eb0514ae455538644c31b99a466fdb\"},\"headline\":\"Kurban Bayram\u0131&#8217;na \u00d6zel Yunanistan \u00d6nerileri\",\"datePublished\":\"2017-07-26T12:18:18+00:00\",\"dateModified\":\"2021-03-04T12:26:07+00:00\",\"mainEntityOfPage\":{\"@id\":\"https:\/\/julesverne.com.tr\/travel-blog\/kurban-bayramina-ozel-yunanistan-onerileri\/\"},\"wordCount\":348,\"publisher\":{\"@id\":\"https:\/\/julesverne.com.tr\/#organization\"},\"image\":{\"@id\":\"https:\/\/julesverne.com.tr\/travel-blog\/kurban-bayramina-ozel-yunanistan-onerileri\/#primaryimage\"},\"thumbnailUrl\":\"https:\/\/julesverne.com.tr\/wp-content\/uploads\/2020\/09\/westin.jpg\",\"articleSection\":[\"Blog\",\"Nereye Gitsek?\"],\"inLanguage\":\"en-US\"},{\"@type\":\"WebPage\",\"@id\":\"https:\/\/julesverne.com.tr\/travel-blog\/kurban-bayramina-ozel-yunanistan-onerileri\/\",\"url\":\"https:\/\/julesverne.com.tr\/travel-blog\/kurban-bayramina-ozel-yunanistan-onerileri\/\",\"name\":\"Kurban Bayram\u0131'na \u00d6zel Yunanistan \u00d6nerileri - JULES VERNE BUSINESS MICE TRAVEL\",\"isPartOf\":{\"@id\":\"https:\/\/julesverne.com.tr\/#website\"},\"primaryImageOfPage\":{\"@id\":\"https:\/\/julesverne.com.tr\/travel-blog\/kurban-bayramina-ozel-yunanistan-onerileri\/#primaryimage\"},\"image\":{\"@id\":\"https:\/\/julesverne.com.tr\/travel-blog\/kurban-bayramina-ozel-yunanistan-onerileri\/#primaryimage\"},\"thumbnailUrl\":\"https:\/\/julesverne.com.tr\/wp-content\/uploads\/2020\/09\/westin.jpg\",\"datePublished\":\"2017-07-26T12:18:18+00:00\",\"dateModified\":\"2021-03-04T12:26:07+00:00\",\"breadcrumb\":{\"@id\":\"https:\/\/julesverne.com.tr\/travel-blog\/kurban-bayramina-ozel-yunanistan-onerileri\/#breadcrumb\"},\"inLanguage\":\"en-US\",\"potentialAction\":[{\"@type\":\"ReadAction\",\"target\":[\"https:\/\/julesverne.com.tr\/travel-blog\/kurban-bayramina-ozel-yunanistan-onerileri\/\"]}]},{\"@type\":\"ImageObject\",\"inLanguage\":\"en-US\",\"@id\":\"https:\/\/julesverne.com.tr\/travel-blog\/kurban-bayramina-ozel-yunanistan-onerileri\/#primaryimage\",\"url\":\"https:\/\/julesverne.com.tr\/wp-content\/uploads\/2020\/09\/westin.jpg\",\"contentUrl\":\"https:\/\/julesverne.com.tr\/wp-content\/uploads\/2020\/09\/westin.jpg\",\"width\":740,\"height\":493},{\"@type\":\"BreadcrumbList\",\"@id\":\"https:\/\/julesverne.com.tr\/travel-blog\/kurban-bayramina-ozel-yunanistan-onerileri\/#breadcrumb\",\"itemListElement\":[{\"@type\":\"ListItem\",\"position\":1,\"name\":\"Anasayfa\",\"item\":\"https:\/\/julesverne.com.tr\/\"},{\"@type\":\"ListItem\",\"position\":2,\"name\":\"Kurban Bayram\u0131&#8217;na \u00d6zel Yunanistan \u00d6nerileri\"}]},{\"@type\":\"WebSite\",\"@id\":\"https:\/\/julesverne.com.tr\/#website\",\"url\":\"https:\/\/julesverne.com.tr\/\",\"name\":\"JULES VERNE BUSINESS MICE TRAVEL\",\"description\":\"\",\"publisher\":{\"@id\":\"https:\/\/julesverne.com.tr\/#organization\"},\"potentialAction\":[{\"@type\":\"SearchAction\",\"target\":{\"@type\":\"EntryPoint\",\"urlTemplate\":\"https:\/\/julesverne.com.tr\/?s={search_term_string}\"},\"query-input\":\"required name=search_term_string\"}],\"inLanguage\":\"en-US\"},{\"@type\":\"Organization\",\"@id\":\"https:\/\/julesverne.com.tr\/#organization\",\"name\":\"JULES VERNE BUSINESS MICE TRAVEL\",\"url\":\"https:\/\/julesverne.com.tr\/\",\"logo\":{\"@type\":\"ImageObject\",\"inLanguage\":\"en-US\",\"@id\":\"https:\/\/julesverne.com.tr\/#\/schema\/logo\/image\/\",\"url\":\"https:\/\/julesverne.com.tr\/wp-content\/uploads\/2020\/09\/jv-bmt-logo.png\",\"contentUrl\":\"https:\/\/julesverne.com.tr\/wp-content\/uploads\/2020\/09\/jv-bmt-logo.png\",\"width\":110,\"height\":81,\"caption\":\"JULES VERNE BUSINESS MICE TRAVEL\"},\"image\":{\"@id\":\"https:\/\/julesverne.com.tr\/#\/schema\/logo\/image\/\"},\"sameAs\":[\"https:\/\/www.facebook.com\/JulesVerneBusinessMiceTravel\/\",\"https:\/\/twitter.com\/JV_BusinessMice\",\"https:\/\/www.instagram.com\/julesvernebusinessmicetravel\/\",\"https:\/\/www.linkedin.com\/company\/julesvernebusinessmicetravel\/\",\"https:\/\/www.youtube.com\/channel\/UCAwdsmbZ6tFhu1tea6pkpiw\"]},{\"@type\":\"Person\",\"@id\":\"https:\/\/julesverne.com.tr\/#\/schema\/person\/f4eb0514ae455538644c31b99a466fdb\",\"name\":\"fikirman\",\"sameAs\":[\"http:\/\/advermedya.net\/julesverne\"],\"url\":\"https:\/\/julesverne.com.tr\/en\/author\/fikirman\/\"}]}<\/script>\n<!-- \/ Yoast SEO plugin. -->","yoast_head_json":{"title":"Kurban Bayram\u0131'na \u00d6zel Yunanistan \u00d6nerileri - JULES VERNE BUSINESS MICE TRAVEL","robots":{"index":"index","follow":"follow","max-snippet":"max-snippet:-1","max-image-preview":"max-image-preview:large","max-video-preview":"max-video-preview:-1"},"canonical":"https:\/\/julesverne.com.tr\/travel-blog\/kurban-bayramina-ozel-yunanistan-onerileri\/","og_locale":"en_US","og_type":"article","og_title":"Kurban Bayram\u0131'na \u00d6zel Yunanistan \u00d6nerileri - JULES VERNE BUSINESS MICE TRAVEL","og_description":"Ortak tarihimiz, ayn\u0131 iklimde ya\u015f\u0131yor olmam\u0131z, kom\u015fu s\u0131cakl\u0131\u011f\u0131 dendi\u011finde Yunanistan hemen i&ccedil;imizi \u0131s\u0131t\u0131yor. Deniz-kum-g&uuml;ne\u015f olsun; bize yak\u0131n olsun diyenler i&ccedil;in Yunanistan&rsquo;\u0131n iki &ouml;zel noktas\u0131nda farkl\u0131 ve zevkli otel &ouml;nerileri sunuyoruz.&nbsp;","og_url":"https:\/\/julesverne.com.tr\/travel-blog\/kurban-bayramina-ozel-yunanistan-onerileri\/","og_site_name":"JULES VERNE BUSINESS MICE TRAVEL","article_publisher":"https:\/\/www.facebook.com\/JulesVerneBusinessMiceTravel\/","article_published_time":"2017-07-26T12:18:18+00:00","article_modified_time":"2021-03-04T12:26:07+00:00","og_image":[{"width":740,"height":493,"url":"https:\/\/julesverne.com.tr\/wp-content\/uploads\/2020\/09\/westin.jpg","type":"image\/jpeg"}],"author":"fikirman","twitter_card":"summary_large_image","twitter_creator":"@JV_BusinessMice","twitter_site":"@JV_BusinessMice","twitter_misc":{"Written by":"fikirman","Est. reading time":"2 minutes"},"schema":{"@context":"https:\/\/schema.org","@graph":[{"@type":"Article","@id":"https:\/\/julesverne.com.tr\/travel-blog\/kurban-bayramina-ozel-yunanistan-onerileri\/#article","isPartOf":{"@id":"https:\/\/julesverne.com.tr\/travel-blog\/kurban-bayramina-ozel-yunanistan-onerileri\/"},"author":{"name":"fikirman","@id":"https:\/\/julesverne.com.tr\/#\/schema\/person\/f4eb0514ae455538644c31b99a466fdb"},"headline":"Kurban Bayram\u0131&#8217;na \u00d6zel Yunanistan \u00d6nerileri","datePublished":"2017-07-26T12:18:18+00:00","dateModified":"2021-03-04T12:26:07+00:00","mainEntityOfPage":{"@id":"https:\/\/julesverne.com.tr\/travel-blog\/kurban-bayramina-ozel-yunanistan-onerileri\/"},"wordCount":348,"publisher":{"@id":"https:\/\/julesverne.com.tr\/#organization"},"image":{"@id":"https:\/\/julesverne.com.tr\/travel-blog\/kurban-bayramina-ozel-yunanistan-onerileri\/#primaryimage"},"thumbnailUrl":"https:\/\/julesverne.com.tr\/wp-content\/uploads\/2020\/09\/westin.jpg","articleSection":["Blog","Nereye Gitsek?"],"inLanguage":"en-US"},{"@type":"WebPage","@id":"https:\/\/julesverne.com.tr\/travel-blog\/kurban-bayramina-ozel-yunanistan-onerileri\/","url":"https:\/\/julesverne.com.tr\/travel-blog\/kurban-bayramina-ozel-yunanistan-onerileri\/","name":"Kurban Bayram\u0131'na \u00d6zel Yunanistan \u00d6nerileri - JULES VERNE BUSINESS MICE TRAVEL","isPartOf":{"@id":"https:\/\/julesverne.com.tr\/#website"},"primaryImageOfPage":{"@id":"https:\/\/julesverne.com.tr\/travel-blog\/kurban-bayramina-ozel-yunanistan-onerileri\/#primaryimage"},"image":{"@id":"https:\/\/julesverne.com.tr\/travel-blog\/kurban-bayramina-ozel-yunanistan-onerileri\/#primaryimage"},"thumbnailUrl":"https:\/\/julesverne.com.tr\/wp-content\/uploads\/2020\/09\/westin.jpg","datePublished":"2017-07-26T12:18:18+00:00","dateModified":"2021-03-04T12:26:07+00:00","breadcrumb":{"@id":"https:\/\/julesverne.com.tr\/travel-blog\/kurban-bayramina-ozel-yunanistan-onerileri\/#breadcrumb"},"inLanguage":"en-US","potentialAction":[{"@type":"ReadAction","target":["https:\/\/julesverne.com.tr\/travel-blog\/kurban-bayramina-ozel-yunanistan-onerileri\/"]}]},{"@type":"ImageObject","inLanguage":"en-US","@id":"https:\/\/julesverne.com.tr\/travel-blog\/kurban-bayramina-ozel-yunanistan-onerileri\/#primaryimage","url":"https:\/\/julesverne.com.tr\/wp-content\/uploads\/2020\/09\/westin.jpg","contentUrl":"https:\/\/julesverne.com.tr\/wp-content\/uploads\/2020\/09\/westin.jpg","width":740,"height":493},{"@type":"BreadcrumbList","@id":"https:\/\/julesverne.com.tr\/travel-blog\/kurban-bayramina-ozel-yunanistan-onerileri\/#breadcrumb","itemListElement":[{"@type":"ListItem","position":1,"name":"Anasayfa","item":"https:\/\/julesverne.com.tr\/"},{"@type":"ListItem","position":2,"name":"Kurban Bayram\u0131&#8217;na \u00d6zel Yunanistan \u00d6nerileri"}]},{"@type":"WebSite","@id":"https:\/\/julesverne.com.tr\/#website","url":"https:\/\/julesverne.com.tr\/","name":"JULES VERNE BUSINESS MICE TRAVEL","description":"","publisher":{"@id":"https:\/\/julesverne.com.tr\/#organization"},"potentialAction":[{"@type":"SearchAction","target":{"@type":"EntryPoint","urlTemplate":"https:\/\/julesverne.com.tr\/?s={search_term_string}"},"query-input":"required name=search_term_string"}],"inLanguage":"en-US"},{"@type":"Organization","@id":"https:\/\/julesverne.com.tr\/#organization","name":"JULES VERNE BUSINESS MICE TRAVEL","url":"https:\/\/julesverne.com.tr\/","logo":{"@type":"ImageObject","inLanguage":"en-US","@id":"https:\/\/julesverne.com.tr\/#\/schema\/logo\/image\/","url":"https:\/\/julesverne.com.tr\/wp-content\/uploads\/2020\/09\/jv-bmt-logo.png","contentUrl":"https:\/\/julesverne.com.tr\/wp-content\/uploads\/2020\/09\/jv-bmt-logo.png","width":110,"height":81,"caption":"JULES VERNE BUSINESS MICE TRAVEL"},"image":{"@id":"https:\/\/julesverne.com.tr\/#\/schema\/logo\/image\/"},"sameAs":["https:\/\/www.facebook.com\/JulesVerneBusinessMiceTravel\/","https:\/\/twitter.com\/JV_BusinessMice","https:\/\/www.instagram.com\/julesvernebusinessmicetravel\/","https:\/\/www.linkedin.com\/company\/julesvernebusinessmicetravel\/","https:\/\/www.youtube.com\/channel\/UCAwdsmbZ6tFhu1tea6pkpiw"]},{"@type":"Person","@id":"https:\/\/julesverne.com.tr\/#\/schema\/person\/f4eb0514ae455538644c31b99a466fdb","name":"fikirman","sameAs":["http:\/\/advermedya.net\/julesverne"],"url":"https:\/\/julesverne.com.tr\/en\/author\/fikirman\/"}]}},"_links":{"self":[{"href":"https:\/\/julesverne.com.tr\/en\/wp-json\/wp\/v2\/posts\/1782"}],"collection":[{"href":"https:\/\/julesverne.com.tr\/en\/wp-json\/wp\/v2\/posts"}],"about":[{"href":"https:\/\/julesverne.com.tr\/en\/wp-json\/wp\/v2\/types\/post"}],"author":[{"embeddable":true,"href":"https:\/\/julesverne.com.tr\/en\/wp-json\/wp\/v2\/users\/1"}],"replies":[{"embeddable":true,"href":"https:\/\/julesverne.com.tr\/en\/wp-json\/wp\/v2\/comments?post=1782"}],"version-history":[{"count":0,"href":"https:\/\/julesverne.com.tr\/en\/wp-json\/wp\/v2\/posts\/1782\/revisions"}],"wp:featuredmedia":[{"embeddable":true,"href":"https:\/\/julesverne.com.tr\/en\/wp-json\/wp\/v2\/media\/1783"}],"wp:attachment":[{"href":"https:\/\/julesverne.com.tr\/en\/wp-json\/wp\/v2\/media?parent=1782"}],"wp:term":[{"taxonomy":"category","embeddable":true,"href":"https:\/\/julesverne.com.tr\/en\/wp-json\/wp\/v2\/categories?post=1782"},{"taxonomy":"post_tag","embeddable":true,"href":"https:\/\/julesverne.com.tr\/en\/wp-json\/wp\/v2\/tags?post=1782"}],"curies":[{"name":"wp","href":"https:\/\/api.w.org\/{rel}","templated":true}]}}