{"id":1764,"date":"2017-07-05T16:07:39","date_gmt":"2017-07-05T13:07:39","guid":{"rendered":"https:\/\/www.julesverne.com.tr\/\/blog\/kurban-bayramina-ozel-5-select-bellejour-nehir-gemisi-ile-ren-nehri\/"},"modified":"2020-09-21T17:36:36","modified_gmt":"2020-09-21T14:36:36","slug":"kurban-bayramina-ozel-5-select-bellejour-nehir-gemisi-ile-ren-nehri","status":"publish","type":"post","link":"https:\/\/julesverne.com.tr\/en\/travel-blog\/kurban-bayramina-ozel-5-select-bellejour-nehir-gemisi-ile-ren-nehri\/","title":{"rendered":"Kurban Bayram\u0131&#8217;na \u00d6zel 5* Select Bellejour Nehir Gemisi ile Ren Nehri"},"content":{"rendered":"<p><h3 style=\"text-align: center;\"><strong>&#8220;Size &Ouml;zel Fiyatlarla&#8221;<\/strong><\/h3>\n<p>&nbsp;<img loading=\"lazy\" decoding=\"async\" class=\"alignnone size-full wp-image-5639\" src=\"https:\/\/www.julesverne.com.tr\/\/wp-content\/uploads\/2020\/09\/Bellejour_ship__2004_016.jpg\" width=\"740\" height=\"324\" alt=\"\" srcset=\"https:\/\/julesverne.com.tr\/wp-content\/uploads\/2020\/09\/Bellejour_ship__2004_016.jpg 740w, https:\/\/julesverne.com.tr\/wp-content\/uploads\/2020\/09\/Bellejour_ship__2004_016-500x219.jpg 500w\" sizes=\"(max-width: 740px) 100vw, 740px\" \/><\/p>\n<p>Yaz\u0131n son g&uuml;nlerine denk gelen Kurban Bayram\u0131&rsquo;nda kalabal\u0131ktan uzak; do\u011fa, tarih ve k&uuml;lt&uuml;rle i&ccedil; i&ccedil;e olmak ve yollarda yorulup zaman kaybetmemek istiyorsan\u0131z tabi ki size nehir gezisi &ouml;neriyoruz. 25 A\u011fustos&rsquo;ta Basel&rsquo;den denize a&ccedil;\u0131l\u0131p 1 Eyl&uuml;l tarihinde Amsterdam&rsquo;da noktalayaca\u011f\u0131n\u0131z 5* Select Bellejour Nehir Gemisi ile Ren Nehri&rsquo;ni gezin.&nbsp;<\/p>\n<p style=\"text-align: center;\"><img loading=\"lazy\" decoding=\"async\" class=\"alignnone size-full wp-image-5640\" src=\"https:\/\/www.julesverne.com.tr\/\/wp-content\/uploads\/2020\/09\/b.select_bellejour_cabin_5_2_custom.jpg\" width=\"740\" height=\"493\" alt=\"\" srcset=\"https:\/\/julesverne.com.tr\/wp-content\/uploads\/2020\/09\/b.select_bellejour_cabin_5_2_custom.jpg 740w, https:\/\/julesverne.com.tr\/wp-content\/uploads\/2020\/09\/b.select_bellejour_cabin_5_2_custom-500x333.jpg 500w\" sizes=\"(max-width: 740px) 100vw, 740px\" \/><\/p>\n<p>\u0130svi&ccedil;re Alpleri&#8217;nde do\u011fup, Liechtenstein ve Fransa s\u0131n\u0131rlar\u0131ndan, Almanya ve Hollanda topraklar\u0131ndan ge&ccedil;tikten sonra Rotterdam&#8217;da Kuzey Denizi&rsquo;ne d&ouml;k&uuml;len Ren Nehri&#8217;nin bu zenginli\u011fini nehir yolculu\u011fu ile ya\u015fay\u0131n. 25 A\u011fustos &#8211; 1 Eyl&uuml;l tarihlerinde, size &ouml;zel fiyatlarla Kurban Bayram\u0131&rsquo;n\u0131n &nbsp;keyfini Ren Nehri rotas\u0131 ile s&uuml;r&uuml;n. Seyahatiniz \u0130svi&ccedil;re&#8217;nin Basel \u015fehrinden ba\u015fl\u0131yor. Frans\u0131z-Alman k&uuml;lt&uuml;rlerini bar\u0131nd\u0131ran Stasbourg&rsquo;dan sonra Almanya s\u0131n\u0131rlar\u0131na ge&ccedil;erek Speyer, Mannheim, Rudesheim, Koblenz, Cochem ve K&ouml;ln ile Alman sular\u0131n\u0131 tamaml\u0131yorsunuz. Son durak Hollanda&#8217;n\u0131n ba\u015fkenti Amsterdam oluyor.<\/p>\n<p style=\"text-align: center;\"><img loading=\"lazy\" decoding=\"async\" class=\"alignnone size-full wp-image-5641\" src=\"https:\/\/www.julesverne.com.tr\/\/wp-content\/uploads\/2020\/09\/Select-Bellejour-Restaurant-5.jpg\" width=\"740\" height=\"473\" alt=\"\" srcset=\"https:\/\/julesverne.com.tr\/wp-content\/uploads\/2020\/09\/Select-Bellejour-Restaurant-5.jpg 740w, https:\/\/julesverne.com.tr\/wp-content\/uploads\/2020\/09\/Select-Bellejour-Restaurant-5-500x320.jpg 500w\" sizes=\"(max-width: 740px) 100vw, 740px\" \/><\/p>\n<p>Avrupa nehirlerinde konforlu gemileri ile tan\u0131nan Select Voyages&#8217;a ait olan Select Bellejour gemisi; 2004 y\u0131l\u0131nda in\u015fa edilmi\u015f ve 180 yolcu kapasitesine sahip. Toplam 90 konforlu kabinden olu\u015fan ve yolcular\u0131na maksimum rahatl\u0131\u011f\u0131 sa\u011flayacak \u015fekilde dizayn edilen gemi 40 personel ile hizmet veriyor.<\/p>\n<p style=\"text-align: center;\"><img loading=\"lazy\" decoding=\"async\" class=\"alignnone size-full wp-image-5642\" src=\"https:\/\/www.julesverne.com.tr\/\/wp-content\/uploads\/2020\/09\/heim.jpg\" width=\"740\" height=\"492\" alt=\"\" srcset=\"https:\/\/julesverne.com.tr\/wp-content\/uploads\/2020\/09\/heim.jpg 740w, https:\/\/julesverne.com.tr\/wp-content\/uploads\/2020\/09\/heim-500x332.jpg 500w\" sizes=\"(max-width: 740px) 100vw, 740px\" \/><\/p>\n<p><strong>1.G&uuml;n<\/strong><\/p>\n<p>\u0130stanbul Sabiha G&ouml;k&ccedil;en Havaliman\u0131 D\u0131\u015f Hatlar, T&uuml;rk Havayollar\u0131 kontuar\u0131 &ouml;n&uuml;nde saat 05:00&rsquo;de bulu\u015fma. Check-in ve pasaport i\u015flemlerinin ard\u0131ndan TK 1961 no&rsquo;lu sefer ile 08:00&rsquo; de Basel&rsquo;e u&ccedil;u\u015f. Yerel saat ile 10:10&rsquo;da var\u0131\u015f. Pasaport ve g&uuml;mr&uuml;k i\u015flemlerinin ard\u0131ndan sizi bekleyen ara&ccedil; ile gemiye transfer.<\/p>\n<p><img loading=\"lazy\" decoding=\"async\" class=\"alignnone size-full wp-image-5643\" src=\"https:\/\/www.julesverne.com.tr\/\/wp-content\/uploads\/2020\/09\/select_bellejour_rota.jpg\" width=\"736\" height=\"381\" alt=\"\" srcset=\"https:\/\/julesverne.com.tr\/wp-content\/uploads\/2020\/09\/select_bellejour_rota.jpg 736w, https:\/\/julesverne.com.tr\/wp-content\/uploads\/2020\/09\/select_bellejour_rota-500x259.jpg 500w\" sizes=\"(max-width: 736px) 100vw, 736px\" \/><\/p>\n<p><strong>8.G&uuml;n<\/strong><\/p>\n<p>Sabah gemide al\u0131nacak kahvalt\u0131dan sonra Amsterdam Havaliman\u0131&rsquo;na transfer. Burada yap\u0131lacak pasaport ve g&uuml;mr&uuml;k i\u015flemlerinin ard\u0131ndan TK 1952 no&rsquo;lu sefer ile saat 11:10&rsquo;da \u0130stanbul&rsquo;a u&ccedil;u\u015f. Saat 15:40 &rsquo;da var\u0131\u015f.<\/p>\n<p style=\"text-align: center;\"><img loading=\"lazy\" decoding=\"async\" class=\"alignnone size-full wp-image-5644\" src=\"https:\/\/www.julesverne.com.tr\/\/wp-content\/uploads\/2020\/09\/strasbourg-1.jpg\" width=\"740\" height=\"522\" alt=\"\" srcset=\"https:\/\/julesverne.com.tr\/wp-content\/uploads\/2020\/09\/strasbourg-1.jpg 740w, https:\/\/julesverne.com.tr\/wp-content\/uploads\/2020\/09\/strasbourg-1-500x353.jpg 500w\" sizes=\"(max-width: 740px) 100vw, 740px\" \/><\/p>\n<p><strong>&Uuml;cret Bilgileri<\/strong><\/p>\n<ul>\n<li>D\u0131\u015f kabinde Ki\u015fi Ba\u015f\u0131 Paket Fiyat\u0131 <em><strong>1099 Euro<\/strong><\/em><\/li>\n<li>French Balkonlu kabinde Ki\u015fi Ba\u015f\u0131 Paket Fiyat\u0131 <em><strong>1299 Euro<\/strong><\/em><\/li>\n<\/ul>\n<p><strong>&Uuml;crete Dahil Olan Hizmetler<\/strong><\/p>\n<ul>\n<li>THY ile \u0130stanbul &#8211; Basel ekonomi s\u0131n\u0131f\u0131 u&ccedil;ak bileti<\/li>\n<li>THY ile Amsterdam &#8211; \u0130stanbul ekonomi s\u0131n\u0131f\u0131 u&ccedil;ak bileti<\/li>\n<li>Havaliman\u0131 &#8211; liman &#8211; havaliman\u0131 transferleri<\/li>\n<li>5*Select Bellejour gemisinde, 7 gece 8 g&uuml;n tam pansiyon konaklama<\/li>\n<li>Liman &amp; Havaliman\u0131 vergileri<\/li>\n<li>Gemideki t&uuml;m aktiviteler<\/li>\n<li>Seyahat Sa\u011fl\u0131k Sigortas\u0131 (70 ya\u015f &uuml;zeri surprim uygulan\u0131r)<\/li>\n<li>Grubun 20 ki\u015fiyi a\u015fmas\u0131 durumunda T&uuml;rk&ccedil;e rehberlik hizmeti<\/li>\n<\/ul>\n<p><strong>&Uuml;crete Dahil Olmayan Hizmetler<\/strong><\/p>\n<ul>\n<li>Personel bah\u015fi\u015fleri (Gecelik ki\u015fi ba\u015f\u0131 12 Euro)<\/li>\n<li>Geminin ya da rehberin d&uuml;zenleyece\u011fi ekstra turlar<\/li>\n<li>Kuru temizleme, al\u0131\u015fveri\u015f gibi \u015fahsi harcamalar<\/li>\n<li>Vize &uuml;creti (Schengen vizesi)<\/li>\n<\/ul>\n<p style=\"text-align: center;\"><strong>Daha detayl\u0131 bilgi i&ccedil;in: <\/strong><br \/><a href=\"mailto:travel@julesverne.com.tr%20\" target=\"_blank\" rel=\"noopener noreferrer\"><strong>travel@julesverne.com.tr <\/strong><\/a><br \/><strong>0212 266 6363 &#8211; 137<\/strong><\/p>\n<p>&nbsp;<\/p><\/p>\n","protected":false},"excerpt":{"rendered":"<p>Yaz\u0131n son g&uuml;nlerine denk gelen Kurban Bayram\u0131&rsquo;nda kalabal\u0131ktan uzak; do\u011fa, tarih ve k&uuml;lt&uuml;rle i&ccedil; i&ccedil;e olmak ve yollarda yorulup zaman kaybetmemek istiyorsan\u0131z tabi ki size nehir gezisi &ouml;neriyoruz. 25 A\u011fustos&rsquo;ta Basel&rsquo;den denize a&ccedil;\u0131l\u0131p 1 Eyl&uuml;l tarihinde Amsterdam&rsquo;da noktalayaca\u011f\u0131n\u0131z 5* Select Bellejour Nehir Gemisi ile Ren Nehri&rsquo;ni gezin.&nbsp;<\/p>\n","protected":false},"author":1,"featured_media":570,"comment_status":"closed","ping_status":"closed","sticky":false,"template":"","format":"standard","meta":{"inline_featured_image":false,"footnotes":""},"categories":[1],"tags":[],"acf":[],"yoast_head":"<!-- This site is optimized with the Yoast SEO plugin v22.3 - https:\/\/yoast.com\/wordpress\/plugins\/seo\/ -->\n<title>Kurban Bayram\u0131&#039;na \u00d6zel 5* Select Bellejour Nehir Gemisi ile Ren Nehri - JULES VERNE BUSINESS MICE TRAVEL<\/title>\n<meta name=\"robots\" content=\"index, follow, max-snippet:-1, max-image-preview:large, max-video-preview:-1\" \/>\n<link rel=\"canonical\" href=\"https:\/\/julesverne.com.tr\/travel-blog\/kurban-bayramina-ozel-5-select-bellejour-nehir-gemisi-ile-ren-nehri\/\" \/>\n<meta property=\"og:locale\" content=\"en_US\" \/>\n<meta property=\"og:type\" content=\"article\" \/>\n<meta property=\"og:title\" content=\"Kurban Bayram\u0131&#039;na \u00d6zel 5* Select Bellejour Nehir Gemisi ile Ren Nehri - JULES VERNE BUSINESS MICE TRAVEL\" \/>\n<meta property=\"og:description\" content=\"Yaz\u0131n son g&uuml;nlerine denk gelen Kurban Bayram\u0131&rsquo;nda kalabal\u0131ktan uzak; do\u011fa, tarih ve k&uuml;lt&uuml;rle i&ccedil; i&ccedil;e olmak ve yollarda yorulup zaman kaybetmemek istiyorsan\u0131z tabi ki size nehir gezisi &ouml;neriyoruz. 25 A\u011fustos&rsquo;ta Basel&rsquo;den denize a&ccedil;\u0131l\u0131p 1 Eyl&uuml;l tarihinde Amsterdam&rsquo;da noktalayaca\u011f\u0131n\u0131z 5* Select Bellejour Nehir Gemisi ile Ren Nehri&rsquo;ni gezin.&nbsp;\" \/>\n<meta property=\"og:url\" content=\"https:\/\/julesverne.com.tr\/travel-blog\/kurban-bayramina-ozel-5-select-bellejour-nehir-gemisi-ile-ren-nehri\/\" \/>\n<meta property=\"og:site_name\" content=\"JULES VERNE BUSINESS MICE TRAVEL\" \/>\n<meta property=\"article:publisher\" content=\"https:\/\/www.facebook.com\/JulesVerneBusinessMiceTravel\/\" \/>\n<meta property=\"article:published_time\" content=\"2017-07-05T13:07:39+00:00\" \/>\n<meta property=\"article:modified_time\" content=\"2020-09-21T14:36:36+00:00\" \/>\n<meta property=\"og:image\" content=\"https:\/\/julesverne.com.tr\/wp-content\/uploads\/2020\/08\/kapak.png\" \/>\n\t<meta property=\"og:image:width\" content=\"742\" \/>\n\t<meta property=\"og:image:height\" content=\"309\" \/>\n\t<meta property=\"og:image:type\" content=\"image\/png\" \/>\n<meta name=\"author\" content=\"fikirman\" \/>\n<meta name=\"twitter:card\" content=\"summary_large_image\" \/>\n<meta name=\"twitter:creator\" content=\"@JV_BusinessMice\" \/>\n<meta name=\"twitter:site\" content=\"@JV_BusinessMice\" \/>\n<meta name=\"twitter:label1\" content=\"Written by\" \/>\n\t<meta name=\"twitter:data1\" content=\"fikirman\" \/>\n\t<meta name=\"twitter:label2\" content=\"Est. reading time\" \/>\n\t<meta name=\"twitter:data2\" content=\"3 minutes\" \/>\n<script type=\"application\/ld+json\" class=\"yoast-schema-graph\">{\"@context\":\"https:\/\/schema.org\",\"@graph\":[{\"@type\":\"Article\",\"@id\":\"https:\/\/julesverne.com.tr\/travel-blog\/kurban-bayramina-ozel-5-select-bellejour-nehir-gemisi-ile-ren-nehri\/#article\",\"isPartOf\":{\"@id\":\"https:\/\/julesverne.com.tr\/travel-blog\/kurban-bayramina-ozel-5-select-bellejour-nehir-gemisi-ile-ren-nehri\/\"},\"author\":{\"name\":\"fikirman\",\"@id\":\"https:\/\/julesverne.com.tr\/#\/schema\/person\/f4eb0514ae455538644c31b99a466fdb\"},\"headline\":\"Kurban Bayram\u0131&#8217;na \u00d6zel 5* Select Bellejour Nehir Gemisi ile Ren Nehri\",\"datePublished\":\"2017-07-05T13:07:39+00:00\",\"dateModified\":\"2020-09-21T14:36:36+00:00\",\"mainEntityOfPage\":{\"@id\":\"https:\/\/julesverne.com.tr\/travel-blog\/kurban-bayramina-ozel-5-select-bellejour-nehir-gemisi-ile-ren-nehri\/\"},\"wordCount\":530,\"publisher\":{\"@id\":\"https:\/\/julesverne.com.tr\/#organization\"},\"image\":{\"@id\":\"https:\/\/julesverne.com.tr\/travel-blog\/kurban-bayramina-ozel-5-select-bellejour-nehir-gemisi-ile-ren-nehri\/#primaryimage\"},\"thumbnailUrl\":\"https:\/\/julesverne.com.tr\/wp-content\/uploads\/2020\/08\/kapak.png\",\"articleSection\":[\"Blog\"],\"inLanguage\":\"en-US\"},{\"@type\":\"WebPage\",\"@id\":\"https:\/\/julesverne.com.tr\/travel-blog\/kurban-bayramina-ozel-5-select-bellejour-nehir-gemisi-ile-ren-nehri\/\",\"url\":\"https:\/\/julesverne.com.tr\/travel-blog\/kurban-bayramina-ozel-5-select-bellejour-nehir-gemisi-ile-ren-nehri\/\",\"name\":\"Kurban Bayram\u0131'na \u00d6zel 5* Select Bellejour Nehir Gemisi ile Ren Nehri - JULES VERNE BUSINESS MICE TRAVEL\",\"isPartOf\":{\"@id\":\"https:\/\/julesverne.com.tr\/#website\"},\"primaryImageOfPage\":{\"@id\":\"https:\/\/julesverne.com.tr\/travel-blog\/kurban-bayramina-ozel-5-select-bellejour-nehir-gemisi-ile-ren-nehri\/#primaryimage\"},\"image\":{\"@id\":\"https:\/\/julesverne.com.tr\/travel-blog\/kurban-bayramina-ozel-5-select-bellejour-nehir-gemisi-ile-ren-nehri\/#primaryimage\"},\"thumbnailUrl\":\"https:\/\/julesverne.com.tr\/wp-content\/uploads\/2020\/08\/kapak.png\",\"datePublished\":\"2017-07-05T13:07:39+00:00\",\"dateModified\":\"2020-09-21T14:36:36+00:00\",\"breadcrumb\":{\"@id\":\"https:\/\/julesverne.com.tr\/travel-blog\/kurban-bayramina-ozel-5-select-bellejour-nehir-gemisi-ile-ren-nehri\/#breadcrumb\"},\"inLanguage\":\"en-US\",\"potentialAction\":[{\"@type\":\"ReadAction\",\"target\":[\"https:\/\/julesverne.com.tr\/travel-blog\/kurban-bayramina-ozel-5-select-bellejour-nehir-gemisi-ile-ren-nehri\/\"]}]},{\"@type\":\"ImageObject\",\"inLanguage\":\"en-US\",\"@id\":\"https:\/\/julesverne.com.tr\/travel-blog\/kurban-bayramina-ozel-5-select-bellejour-nehir-gemisi-ile-ren-nehri\/#primaryimage\",\"url\":\"https:\/\/julesverne.com.tr\/wp-content\/uploads\/2020\/08\/kapak.png\",\"contentUrl\":\"https:\/\/julesverne.com.tr\/wp-content\/uploads\/2020\/08\/kapak.png\",\"width\":742,\"height\":309},{\"@type\":\"BreadcrumbList\",\"@id\":\"https:\/\/julesverne.com.tr\/travel-blog\/kurban-bayramina-ozel-5-select-bellejour-nehir-gemisi-ile-ren-nehri\/#breadcrumb\",\"itemListElement\":[{\"@type\":\"ListItem\",\"position\":1,\"name\":\"Anasayfa\",\"item\":\"https:\/\/julesverne.com.tr\/\"},{\"@type\":\"ListItem\",\"position\":2,\"name\":\"Kurban Bayram\u0131&#8217;na \u00d6zel 5* Select Bellejour Nehir Gemisi ile Ren Nehri\"}]},{\"@type\":\"WebSite\",\"@id\":\"https:\/\/julesverne.com.tr\/#website\",\"url\":\"https:\/\/julesverne.com.tr\/\",\"name\":\"JULES VERNE BUSINESS MICE TRAVEL\",\"description\":\"\",\"publisher\":{\"@id\":\"https:\/\/julesverne.com.tr\/#organization\"},\"potentialAction\":[{\"@type\":\"SearchAction\",\"target\":{\"@type\":\"EntryPoint\",\"urlTemplate\":\"https:\/\/julesverne.com.tr\/?s={search_term_string}\"},\"query-input\":\"required name=search_term_string\"}],\"inLanguage\":\"en-US\"},{\"@type\":\"Organization\",\"@id\":\"https:\/\/julesverne.com.tr\/#organization\",\"name\":\"JULES VERNE BUSINESS MICE TRAVEL\",\"url\":\"https:\/\/julesverne.com.tr\/\",\"logo\":{\"@type\":\"ImageObject\",\"inLanguage\":\"en-US\",\"@id\":\"https:\/\/julesverne.com.tr\/#\/schema\/logo\/image\/\",\"url\":\"https:\/\/julesverne.com.tr\/wp-content\/uploads\/2020\/09\/jv-bmt-logo.png\",\"contentUrl\":\"https:\/\/julesverne.com.tr\/wp-content\/uploads\/2020\/09\/jv-bmt-logo.png\",\"width\":110,\"height\":81,\"caption\":\"JULES VERNE BUSINESS MICE TRAVEL\"},\"image\":{\"@id\":\"https:\/\/julesverne.com.tr\/#\/schema\/logo\/image\/\"},\"sameAs\":[\"https:\/\/www.facebook.com\/JulesVerneBusinessMiceTravel\/\",\"https:\/\/twitter.com\/JV_BusinessMice\",\"https:\/\/www.instagram.com\/julesvernebusinessmicetravel\/\",\"https:\/\/www.linkedin.com\/company\/julesvernebusinessmicetravel\/\",\"https:\/\/www.youtube.com\/channel\/UCAwdsmbZ6tFhu1tea6pkpiw\"]},{\"@type\":\"Person\",\"@id\":\"https:\/\/julesverne.com.tr\/#\/schema\/person\/f4eb0514ae455538644c31b99a466fdb\",\"name\":\"fikirman\",\"sameAs\":[\"http:\/\/advermedya.net\/julesverne\"],\"url\":\"https:\/\/julesverne.com.tr\/en\/author\/fikirman\/\"}]}<\/script>\n<!-- \/ Yoast SEO plugin. -->","yoast_head_json":{"title":"Kurban Bayram\u0131'na \u00d6zel 5* Select Bellejour Nehir Gemisi ile Ren Nehri - JULES VERNE BUSINESS MICE TRAVEL","robots":{"index":"index","follow":"follow","max-snippet":"max-snippet:-1","max-image-preview":"max-image-preview:large","max-video-preview":"max-video-preview:-1"},"canonical":"https:\/\/julesverne.com.tr\/travel-blog\/kurban-bayramina-ozel-5-select-bellejour-nehir-gemisi-ile-ren-nehri\/","og_locale":"en_US","og_type":"article","og_title":"Kurban Bayram\u0131'na \u00d6zel 5* Select Bellejour Nehir Gemisi ile Ren Nehri - JULES VERNE BUSINESS MICE TRAVEL","og_description":"Yaz\u0131n son g&uuml;nlerine denk gelen Kurban Bayram\u0131&rsquo;nda kalabal\u0131ktan uzak; do\u011fa, tarih ve k&uuml;lt&uuml;rle i&ccedil; i&ccedil;e olmak ve yollarda yorulup zaman kaybetmemek istiyorsan\u0131z tabi ki size nehir gezisi &ouml;neriyoruz. 25 A\u011fustos&rsquo;ta Basel&rsquo;den denize a&ccedil;\u0131l\u0131p 1 Eyl&uuml;l tarihinde Amsterdam&rsquo;da noktalayaca\u011f\u0131n\u0131z 5* Select Bellejour Nehir Gemisi ile Ren Nehri&rsquo;ni gezin.&nbsp;","og_url":"https:\/\/julesverne.com.tr\/travel-blog\/kurban-bayramina-ozel-5-select-bellejour-nehir-gemisi-ile-ren-nehri\/","og_site_name":"JULES VERNE BUSINESS MICE TRAVEL","article_publisher":"https:\/\/www.facebook.com\/JulesVerneBusinessMiceTravel\/","article_published_time":"2017-07-05T13:07:39+00:00","article_modified_time":"2020-09-21T14:36:36+00:00","og_image":[{"width":742,"height":309,"url":"https:\/\/julesverne.com.tr\/wp-content\/uploads\/2020\/08\/kapak.png","type":"image\/png"}],"author":"fikirman","twitter_card":"summary_large_image","twitter_creator":"@JV_BusinessMice","twitter_site":"@JV_BusinessMice","twitter_misc":{"Written by":"fikirman","Est. reading time":"3 minutes"},"schema":{"@context":"https:\/\/schema.org","@graph":[{"@type":"Article","@id":"https:\/\/julesverne.com.tr\/travel-blog\/kurban-bayramina-ozel-5-select-bellejour-nehir-gemisi-ile-ren-nehri\/#article","isPartOf":{"@id":"https:\/\/julesverne.com.tr\/travel-blog\/kurban-bayramina-ozel-5-select-bellejour-nehir-gemisi-ile-ren-nehri\/"},"author":{"name":"fikirman","@id":"https:\/\/julesverne.com.tr\/#\/schema\/person\/f4eb0514ae455538644c31b99a466fdb"},"headline":"Kurban Bayram\u0131&#8217;na \u00d6zel 5* Select Bellejour Nehir Gemisi ile Ren Nehri","datePublished":"2017-07-05T13:07:39+00:00","dateModified":"2020-09-21T14:36:36+00:00","mainEntityOfPage":{"@id":"https:\/\/julesverne.com.tr\/travel-blog\/kurban-bayramina-ozel-5-select-bellejour-nehir-gemisi-ile-ren-nehri\/"},"wordCount":530,"publisher":{"@id":"https:\/\/julesverne.com.tr\/#organization"},"image":{"@id":"https:\/\/julesverne.com.tr\/travel-blog\/kurban-bayramina-ozel-5-select-bellejour-nehir-gemisi-ile-ren-nehri\/#primaryimage"},"thumbnailUrl":"https:\/\/julesverne.com.tr\/wp-content\/uploads\/2020\/08\/kapak.png","articleSection":["Blog"],"inLanguage":"en-US"},{"@type":"WebPage","@id":"https:\/\/julesverne.com.tr\/travel-blog\/kurban-bayramina-ozel-5-select-bellejour-nehir-gemisi-ile-ren-nehri\/","url":"https:\/\/julesverne.com.tr\/travel-blog\/kurban-bayramina-ozel-5-select-bellejour-nehir-gemisi-ile-ren-nehri\/","name":"Kurban Bayram\u0131'na \u00d6zel 5* Select Bellejour Nehir Gemisi ile Ren Nehri - JULES VERNE BUSINESS MICE TRAVEL","isPartOf":{"@id":"https:\/\/julesverne.com.tr\/#website"},"primaryImageOfPage":{"@id":"https:\/\/julesverne.com.tr\/travel-blog\/kurban-bayramina-ozel-5-select-bellejour-nehir-gemisi-ile-ren-nehri\/#primaryimage"},"image":{"@id":"https:\/\/julesverne.com.tr\/travel-blog\/kurban-bayramina-ozel-5-select-bellejour-nehir-gemisi-ile-ren-nehri\/#primaryimage"},"thumbnailUrl":"https:\/\/julesverne.com.tr\/wp-content\/uploads\/2020\/08\/kapak.png","datePublished":"2017-07-05T13:07:39+00:00","dateModified":"2020-09-21T14:36:36+00:00","breadcrumb":{"@id":"https:\/\/julesverne.com.tr\/travel-blog\/kurban-bayramina-ozel-5-select-bellejour-nehir-gemisi-ile-ren-nehri\/#breadcrumb"},"inLanguage":"en-US","potentialAction":[{"@type":"ReadAction","target":["https:\/\/julesverne.com.tr\/travel-blog\/kurban-bayramina-ozel-5-select-bellejour-nehir-gemisi-ile-ren-nehri\/"]}]},{"@type":"ImageObject","inLanguage":"en-US","@id":"https:\/\/julesverne.com.tr\/travel-blog\/kurban-bayramina-ozel-5-select-bellejour-nehir-gemisi-ile-ren-nehri\/#primaryimage","url":"https:\/\/julesverne.com.tr\/wp-content\/uploads\/2020\/08\/kapak.png","contentUrl":"https:\/\/julesverne.com.tr\/wp-content\/uploads\/2020\/08\/kapak.png","width":742,"height":309},{"@type":"BreadcrumbList","@id":"https:\/\/julesverne.com.tr\/travel-blog\/kurban-bayramina-ozel-5-select-bellejour-nehir-gemisi-ile-ren-nehri\/#breadcrumb","itemListElement":[{"@type":"ListItem","position":1,"name":"Anasayfa","item":"https:\/\/julesverne.com.tr\/"},{"@type":"ListItem","position":2,"name":"Kurban Bayram\u0131&#8217;na \u00d6zel 5* Select Bellejour Nehir Gemisi ile Ren Nehri"}]},{"@type":"WebSite","@id":"https:\/\/julesverne.com.tr\/#website","url":"https:\/\/julesverne.com.tr\/","name":"JULES VERNE BUSINESS MICE TRAVEL","description":"","publisher":{"@id":"https:\/\/julesverne.com.tr\/#organization"},"potentialAction":[{"@type":"SearchAction","target":{"@type":"EntryPoint","urlTemplate":"https:\/\/julesverne.com.tr\/?s={search_term_string}"},"query-input":"required name=search_term_string"}],"inLanguage":"en-US"},{"@type":"Organization","@id":"https:\/\/julesverne.com.tr\/#organization","name":"JULES VERNE BUSINESS MICE TRAVEL","url":"https:\/\/julesverne.com.tr\/","logo":{"@type":"ImageObject","inLanguage":"en-US","@id":"https:\/\/julesverne.com.tr\/#\/schema\/logo\/image\/","url":"https:\/\/julesverne.com.tr\/wp-content\/uploads\/2020\/09\/jv-bmt-logo.png","contentUrl":"https:\/\/julesverne.com.tr\/wp-content\/uploads\/2020\/09\/jv-bmt-logo.png","width":110,"height":81,"caption":"JULES VERNE BUSINESS MICE TRAVEL"},"image":{"@id":"https:\/\/julesverne.com.tr\/#\/schema\/logo\/image\/"},"sameAs":["https:\/\/www.facebook.com\/JulesVerneBusinessMiceTravel\/","https:\/\/twitter.com\/JV_BusinessMice","https:\/\/www.instagram.com\/julesvernebusinessmicetravel\/","https:\/\/www.linkedin.com\/company\/julesvernebusinessmicetravel\/","https:\/\/www.youtube.com\/channel\/UCAwdsmbZ6tFhu1tea6pkpiw"]},{"@type":"Person","@id":"https:\/\/julesverne.com.tr\/#\/schema\/person\/f4eb0514ae455538644c31b99a466fdb","name":"fikirman","sameAs":["http:\/\/advermedya.net\/julesverne"],"url":"https:\/\/julesverne.com.tr\/en\/author\/fikirman\/"}]}},"_links":{"self":[{"href":"https:\/\/julesverne.com.tr\/en\/wp-json\/wp\/v2\/posts\/1764"}],"collection":[{"href":"https:\/\/julesverne.com.tr\/en\/wp-json\/wp\/v2\/posts"}],"about":[{"href":"https:\/\/julesverne.com.tr\/en\/wp-json\/wp\/v2\/types\/post"}],"author":[{"embeddable":true,"href":"https:\/\/julesverne.com.tr\/en\/wp-json\/wp\/v2\/users\/1"}],"replies":[{"embeddable":true,"href":"https:\/\/julesverne.com.tr\/en\/wp-json\/wp\/v2\/comments?post=1764"}],"version-history":[{"count":0,"href":"https:\/\/julesverne.com.tr\/en\/wp-json\/wp\/v2\/posts\/1764\/revisions"}],"wp:featuredmedia":[{"embeddable":true,"href":"https:\/\/julesverne.com.tr\/en\/wp-json\/wp\/v2\/media\/570"}],"wp:attachment":[{"href":"https:\/\/julesverne.com.tr\/en\/wp-json\/wp\/v2\/media?parent=1764"}],"wp:term":[{"taxonomy":"category","embeddable":true,"href":"https:\/\/julesverne.com.tr\/en\/wp-json\/wp\/v2\/categories?post=1764"},{"taxonomy":"post_tag","embeddable":true,"href":"https:\/\/julesverne.com.tr\/en\/wp-json\/wp\/v2\/tags?post=1764"}],"curies":[{"name":"wp","href":"https:\/\/api.w.org\/{rel}","templated":true}]}}