{"id":1759,"date":"2017-06-28T16:18:07","date_gmt":"2017-06-28T13:18:07","guid":{"rendered":"https:\/\/www.julesverne.com.tr\/\/blog\/yunan-adalarindaki-eviniz-sizi-bekliyor\/"},"modified":"2021-03-04T15:27:31","modified_gmt":"2021-03-04T12:27:31","slug":"yunan-adalarindaki-eviniz-sizi-bekliyor","status":"publish","type":"post","link":"https:\/\/julesverne.com.tr\/en\/travel-blog\/yunan-adalarindaki-eviniz-sizi-bekliyor\/","title":{"rendered":"Yunan Adalar\u0131\u2019ndaki Eviniz Sizi Bekliyor!"},"content":{"rendered":"<p><p><img loading=\"lazy\" decoding=\"async\" class=\"alignnone size-full wp-image-5662\" src=\"https:\/\/www.julesverne.com.tr\/\/wp-content\/uploads\/2020\/09\/1-19.jpg\" width=\"640\" height=\"426\" alt=\"l&uuml;ks_villa\" srcset=\"https:\/\/julesverne.com.tr\/wp-content\/uploads\/2020\/09\/1-19.jpg 640w, https:\/\/julesverne.com.tr\/wp-content\/uploads\/2020\/09\/1-19-500x333.jpg 500w\" sizes=\"(max-width: 640px) 100vw, 640px\" \/><\/p>\n<p>Al\u0131\u015f\u0131lm\u0131\u015f otel konseptlerinden farkl\u0131 olarak ailenizle, arkada\u015flar\u0131n\u0131zla ev konforunda; hi&ccedil;bir ihtiyac\u0131n\u0131zdan &ouml;d&uuml;n vermeden bir tatilin tad\u0131n\u0131 &ccedil;\u0131karmak art\u0131k hayal de\u011fil! Size &ouml;zel villalar, bir otel odas\u0131nda bulamayaca\u011f\u0131n\u0131z mahremiyeti size &ouml;zel konfor ve hizmetler ile birlikte sunuyor.<\/p>\n<p><strong>Yan\u0131 ba\u015f\u0131m\u0131zdaki Yunan Adalar\u0131&rsquo;n\u0131n tad\u0131n\u0131 keyfinizce &ccedil;\u0131karabilmeniz i&ccedil;in Korfu&rsquo;dan Santorini&rsquo;ye; Paros&rsquo;tan Mikonos&rsquo;a uzanan her t&uuml;rl&uuml; konfora sahip l&uuml;ks kiral\u0131k villalar ve ilginizi &ccedil;ekece\u011fini d&uuml;\u015f&uuml;nd&uuml;\u011f&uuml;m&uuml;z Yunan Adalar\u0131 ile ilgili detayl\u0131 bir se&ccedil;ki haz\u0131rlad\u0131k&#8230;&nbsp;<\/strong><\/p>\n<h3><strong>PATMOS<\/strong><\/h3>\n<p style=\"text-align: justify;\">Ala&ccedil;at\u0131&rsquo;dan kolayca ge&ccedil;ebilece\u011finiz Patmos, girintili &ccedil;\u0131k\u0131nt\u0131l\u0131 sahillerinde yer alan bir&ccedil;ok plaj ve bakir koy se&ccedil;ene\u011fi, her hava ko\u015fuluna ve her t&uuml;r zevke g&ouml;re deniz keyfi sunuyor. Ayr\u0131ca geleneksel ve turistik Yunan tavernalar\u0131n\u0131n yan\u0131 s\u0131ra ger&ccedil;ekten &ccedil;ok &ouml;zel restoranlar\u0131 ve lezzetleri bulabiliyorsunuz. K&uuml;bik formlarda, Kiklad mimari izlerini ta\u015f\u0131yan beyaz boyal\u0131 kire&ccedil; evleri, turkuaz, su ye\u015fili gibi do\u011fal renklere boyanan kepenkleri, i&ccedil; i&ccedil;e ge&ccedil;en avlular\u0131n\u0131 g&ouml;r&uuml;nce anl\u0131yorsunuz; Patmos&rsquo; ta deniz ve topra\u011f\u0131n h&uuml;k&uuml;mdarl\u0131\u011f\u0131 s&uuml;r&uuml;yor. Okalipt&uuml;s, kekik ve &ccedil;am kokular\u0131 e\u015fli\u011finde sevimli sokaklar\u0131 ile Chora; St John ma\u011faras\u0131; Agriolivado, Kambos ve Grikos plajlar\u0131 adada g&ouml;r&uuml;lmesi gereken ilk yerler.<\/p>\n<h3 style=\"text-align: justify;\"><strong>Villa Kaktus<\/strong><\/h3>\n<p><img loading=\"lazy\" decoding=\"async\" class=\"alignnone size-full wp-image-5663\" src=\"https:\/\/www.julesverne.com.tr\/\/wp-content\/uploads\/2020\/09\/kaktus.jpg\" width=\"640\" height=\"426\" alt=\"Villa_kaktus\" srcset=\"https:\/\/julesverne.com.tr\/wp-content\/uploads\/2020\/09\/kaktus.jpg 640w, https:\/\/julesverne.com.tr\/wp-content\/uploads\/2020\/09\/kaktus-500x333.jpg 500w\" sizes=\"(max-width: 640px) 100vw, 640px\" \/><\/p>\n<p>Adan\u0131n sakin kasabas\u0131 Kampos&#8217;a yak\u0131n konumda yer alan Villa Kaktus, soyutlanm\u0131\u015f bir konaklama ve mahremiyet isteyen seyahat severler i&ccedil;in tasarlanm\u0131\u015f gibi. Y&uuml;ksek konumu sayesinde harika Kampos plaj\u0131 manzaras\u0131na sahip villa 4 odal\u0131 e 8 ki\u015fi kapasiteli. 2 evden olu\u015fan, minimalist &ccedil;izgide dekore edilen villan\u0131n havuzu da var tabi ki&#8230;<\/p>\n<p><em>G&uuml;nl&uuml;k 500 Euro&#8217;dan ba\u015flayan fiyatlarla&#8230;<\/em><\/p>\n<h3><strong>Villa Helios<\/strong><\/h3>\n<p><img loading=\"lazy\" decoding=\"async\" class=\"alignnone size-full wp-image-5664\" src=\"https:\/\/www.julesverne.com.tr\/\/wp-content\/uploads\/2020\/09\/helios.jpg\" width=\"640\" height=\"426\" alt=\"villa-Helios\" srcset=\"https:\/\/julesverne.com.tr\/wp-content\/uploads\/2020\/09\/helios.jpg 640w, https:\/\/julesverne.com.tr\/wp-content\/uploads\/2020\/09\/helios-500x333.jpg 500w\" sizes=\"(max-width: 640px) 100vw, 640px\" \/>Adan\u0131n merkezi Chora&#8217;da konumlanan Villa Helios&#8217;un fark yaratan &ouml;zelli\u011fi tarihi bir villa olmas\u0131. 1542 y\u0131l\u0131nda in\u015fa edilen bu villa, yerel mimarisi korunarak 4 odal\u0131, 9 ki\u015fi kapasiteli havuzlu bir konaklama yerine d&ouml;n&uuml;\u015ft&uuml;r&uuml;lm&uuml;\u015f. Deniz ve St. John Manast\u0131r\u0131&#8217;na bakan villa modern imkanlarla tasarlanm\u0131\u015f olsa da antika mobilyalar ve yerel dokunu\u015flar kendisini hissettiriyor.<\/p>\n<p><em>G&uuml;nl&uuml;k 550 Euro&#8217;dan ba\u015flayan fiyatlarla&#8230;<\/em><\/p>\n<h3><strong>Grikos Villa<\/strong><\/h3>\n<p><img loading=\"lazy\" decoding=\"async\" class=\"alignnone size-full wp-image-5665\" src=\"https:\/\/www.julesverne.com.tr\/\/wp-content\/uploads\/2020\/09\/grikos.jpg\" width=\"640\" height=\"426\" alt=\"Grikos\" srcset=\"https:\/\/julesverne.com.tr\/wp-content\/uploads\/2020\/09\/grikos.jpg 640w, https:\/\/julesverne.com.tr\/wp-content\/uploads\/2020\/09\/grikos-500x333.jpg 500w\" sizes=\"(max-width: 640px) 100vw, 640px\" \/><\/p>\n<p>5 odal\u0131 Grikos Villa, 10 ki\u015fi kapasiteli bir villa. T&uuml;m odalar\u0131ndan deniz manzaras\u0131n\u0131 seyredebilece\u011finiz villan\u0131n sonsuzluk havuzu, ada ruhunu yans\u0131tan dekoru ve t&uuml;m tasar\u0131m\u0131 etkileyici.&nbsp;<\/p>\n<p><em>G&uuml;nl&uuml;k 739 Euro&#8217;dan ba\u015flayan fiyatlarla&#8230;<\/em><\/p>\n<h3><strong>RODOS<\/strong><\/h3>\n<p style=\"text-align: justify;\">On \u0130ki Adalar aras\u0131nda y&uuml;z&ouml;l&ccedil;&uuml;m&uuml; olarak en b&uuml;y&uuml;k ada unvan\u0131n\u0131 alan Rodos sadece b&uuml;y&uuml;kl&uuml;\u011f&uuml;yle de\u011fil sahip oldu\u011fu plajlar\u0131, antik &ccedil;a\u011flardan kalan zenginlikleriyle de hakk\u0131nda yaz\u0131lanlar\u0131 kan\u0131tl\u0131yor. Girit Uygarl\u0131\u011f\u0131ndan, Osmanl\u0131 D&ouml;nemi&rsquo;nden izlerin adan\u0131n sokaklar\u0131na, evlerine, ya\u015fant\u0131s\u0131na yer etti\u011fine \u015fahit oluyorsunuz. Adan\u0131n do\u011fusunda yer alan Lindos, Lalilos ve Kamiros antik kentleri, k&uuml;&ccedil;&uuml;k \u015felaleri ve t&uuml;r&uuml;ne az rastlanan kelebek t&uuml;rleriyle b&uuml;y&uuml;leyen Petaloudes (Kelebekler Vadisi), Rodos \u015e&ouml;valyeleri&rsquo;nin ya\u015fam alan\u0131 tarihi kasaba adaya gitmek i&ccedil;in yeterli sebepler!<\/p>\n<h3 style=\"text-align: justify;\"><strong>Villa Elafina<\/strong><\/h3>\n<p><img loading=\"lazy\" decoding=\"async\" class=\"alignnone size-full wp-image-5666\" src=\"https:\/\/www.julesverne.com.tr\/\/wp-content\/uploads\/2020\/09\/elafina-2.jpg\" width=\"640\" height=\"426\" alt=\"elafina\" srcset=\"https:\/\/julesverne.com.tr\/wp-content\/uploads\/2020\/09\/elafina-2.jpg 640w, https:\/\/julesverne.com.tr\/wp-content\/uploads\/2020\/09\/elafina-2-500x333.jpg 500w\" sizes=\"(max-width: 640px) 100vw, 640px\" \/><\/p>\n<p>Adan\u0131n g&uuml;neydo\u011fusunda konumlanan Villa Elafina, Ege Denizi&#8217;nin nefes kesen manzaras\u0131na ve Lindos Burnu&#8217;na bak\u0131yor. Ana binas\u0131nda 2 odas\u0131 bulunan ve villaya birka&ccedil; ad\u0131m uzakl\u0131ktaki misafir evinde 1 odas\u0131 olan villada 6 ki\u015fi konaklayabiliyor. Geleneksel Yunan mimarisine sahip villan\u0131n i&ccedil; mekanlar\u0131 ise modern bir stilde dekore edilmi\u015f. Havuza girerken manzaray\u0131 da seyredebilirsiniz&#8230;<\/p>\n<p><em>G&uuml;nl&uuml;k 492 Euro&#8217;dan ba\u015flayan fiyatlara&hellip;<\/em><\/p>\n<h3><strong>KORFU<\/strong><\/h3>\n<p style=\"text-align: justify;\">Korfu tarih ve e\u011flence merakl\u0131lar\u0131n\u0131 kendisine &ccedil;ekiyor. Korfu adas\u0131, parkeli sokaklar\u0131, Liston Arcade, Spianada &#8211; Balkanlar&rsquo;da kriket ma&ccedil;\u0131yla kar\u015f\u0131la\u015fabilece\u011finiz en b&uuml;y&uuml;k \u015fehir meydan\u0131 &#8211; ve Venedikli, Frans\u0131z ve \u0130ngiliz h&uuml;k&uuml;mdarlar\u0131n b\u0131rakt\u0131\u011f\u0131 onlarca bina ve an\u0131t\u0131yla listenizin ba\u015f\u0131n\u0131 hak ediyor.<\/p>\n<h3 style=\"text-align: justify;\"><strong>Villa Lefki Thea<\/strong><\/h3>\n<p><img loading=\"lazy\" decoding=\"async\" class=\"alignnone size-full wp-image-5667\" src=\"https:\/\/www.julesverne.com.tr\/\/wp-content\/uploads\/2020\/09\/villa_thea.jpg\" width=\"640\" height=\"424\" alt=\"thea\" srcset=\"https:\/\/julesverne.com.tr\/wp-content\/uploads\/2020\/09\/villa_thea.jpg 640w, https:\/\/julesverne.com.tr\/wp-content\/uploads\/2020\/09\/villa_thea-500x331.jpg 500w\" sizes=\"(max-width: 640px) 100vw, 640px\" \/><\/p>\n<p>Adan\u0131n kuzey do\u011fusunda, yeni in\u015fa edilen villa, 6 odal\u0131 ve 12 ki\u015fi kapasiteli. Kalabal\u0131k aileler ve arkada\u015f gruplar\u0131 i&ccedil;in son derece kullan\u0131\u015fl\u0131 olan villa geleneksel ada mimarisi ile modern tasar\u0131m\u0131 bulu\u015fturuyor. \u0130yon Denizi manzaras\u0131na kar\u015f\u0131 konumlanan ve bu sayede birbirinden g&uuml;zel manzaralar sunan villan\u0131n \u0131s\u0131tmal\u0131 havuzu da keyif i&ccedil;in birebir.<\/p>\n<h3><strong>Villa Santa Barbara<\/strong><\/h3>\n<p><img loading=\"lazy\" decoding=\"async\" class=\"alignnone size-full wp-image-5668\" src=\"https:\/\/www.julesverne.com.tr\/\/wp-content\/uploads\/2020\/09\/santa_barbara.jpg\" width=\"640\" height=\"424\" alt=\"santabarbara\" srcset=\"https:\/\/julesverne.com.tr\/wp-content\/uploads\/2020\/09\/santa_barbara.jpg 640w, https:\/\/julesverne.com.tr\/wp-content\/uploads\/2020\/09\/santa_barbara-500x331.jpg 500w\" sizes=\"(max-width: 640px) 100vw, 640px\" \/><\/p>\n<p>Adan\u0131n kuzeydo\u011fusunda konumlaan Villa Santa Barbara i&ccedil;in g&uuml;zel, stil sahibi ve yeni benzetmelerini rahatl\u0131kla yapabilirsiniz. 4 odal\u0131, 8 ki\u015fi kapasiteli villa 21.y&uuml;zy\u0131l standartlar\u0131na uygun, modern bir &ccedil;izgide dekore edilmi\u015f. Agios Stefanos K&ouml;rfezi&#8217;ne bakan ve nefes kesici manzaralar sunan bir zeytin korusu i&ccedil;inde yer alan villan\u0131n sonsuzluk havuzundan manzaray\u0131 seyredebilirsiniz.<\/p>\n<h3><strong>G\u0130R\u0130T<\/strong><\/h3>\n<p>Yunanistan&#8217;\u0131n en b&uuml;y&uuml;k adas\u0131, efsanelerin be\u015fi\u011fi olan Girit, b&uuml;y&uuml;kl&uuml;\u011f&uuml; ve farkl\u0131 koylar\u0131yla apayr\u0131 bir d&uuml;nya. On dokuzuncu y&uuml;zy\u0131l\u0131n sonuna kadar ihmal edilen, Yunan k&uuml;lt&uuml;r&uuml;ne etki eden tarihin en b&uuml;y&uuml;k merkezlerinden biri olan Girit Adas\u0131, kalabal\u0131k ve e\u011flence arayanlara da sakinli\u011fin, do\u011fan\u0131n ve denizin pe\u015finde olanlara da olduk&ccedil;a bonk&ouml;r davran\u0131yor. Agios Nikolaos Arkeoloji M&uuml;zesi ve Voulismeni G&ouml;l&uuml;, ski bir c&uuml;zzam hastanesi olan Spinalonga Adas\u0131, sempatik bir bal\u0131k&ccedil;\u0131 kasabas\u0131 olan Elounda ve Tun&ccedil; &Ccedil;a\u011f\u0131&#8217;n\u0131n Girit&#8217;teki en b&uuml;y&uuml;k arkeeolojik yerle\u015fim alan\u0131 Knossos Girit seyahatinizde g&ouml;rmeniz gereken adresler.<\/p>\n<h3><strong>Villa Aphrodite<\/strong><\/h3>\n<p><img loading=\"lazy\" decoding=\"async\" class=\"alignnone size-full wp-image-5669\" src=\"https:\/\/www.julesverne.com.tr\/\/wp-content\/uploads\/2020\/09\/aphrodite.jpg\" width=\"640\" height=\"426\" alt=\"afrodit\" srcset=\"https:\/\/julesverne.com.tr\/wp-content\/uploads\/2020\/09\/aphrodite.jpg 640w, https:\/\/julesverne.com.tr\/wp-content\/uploads\/2020\/09\/aphrodite-500x333.jpg 500w\" sizes=\"(max-width: 640px) 100vw, 640px\" \/><\/p>\n<p>Adan\u0131n &ccedil;ekim merkezlerinden biri olan Rethymnon&#8217;a birka&ccedil; dakika uzakl\u0131kta, Prines kasabas\u0131nda yer alan Villa Aphrodite, Girit stili konaklaman\u0131n do\u011fru adresi. Girit mimarisine uygun in\u015fa edilen villa geleneksel ada &ccedil;izgisinde dekore edilmi\u015f. Villan\u0131n kendine ait havuzu da var.<\/p>\n<p><em>G&uuml;nl&uuml;k 170 Euro&#8217;dan ba\u015flayan fiyatlarla&#8230;<\/em><\/p>\n<h3><strong>Villa Panormo<\/strong><\/h3>\n<p><img loading=\"lazy\" decoding=\"async\" class=\"alignnone size-full wp-image-5670\" src=\"https:\/\/www.julesverne.com.tr\/\/wp-content\/uploads\/2020\/09\/panormo.jpg\" width=\"640\" height=\"426\" alt=\"panormo\" srcset=\"https:\/\/julesverne.com.tr\/wp-content\/uploads\/2020\/09\/panormo.jpg 640w, https:\/\/julesverne.com.tr\/wp-content\/uploads\/2020\/09\/panormo-500x333.jpg 500w\" sizes=\"(max-width: 640px) 100vw, 640px\" \/><\/p>\n<p>Adan\u0131n k&uuml;&ccedil;&uuml;k kasabalar\u0131ndan biri olan Melidoni kasabas\u0131nda yer alan Villa Panormo &ouml;zellikle &ccedil;ocuklu aileler i&ccedil;in &ccedil;ok uygun. 4 odal\u0131, 10 ki\u015fi kapasiteli villan\u0131n 4000 metrekarelik b&uuml;y&uuml;k bah&ccedil;esi zeytin ve portakal a\u011fa&ccedil;lar\u0131yla &ccedil;evrili. K&uuml;&ccedil;&uuml;k bostan b&ouml;l&uuml;m&uuml;nde yeti\u015fen sebzeleri kullanman\u0131z da m&uuml;mk&uuml;n. Geleneksel Girit stilini yans\u0131tan villa y&uuml;ksek standartlara sahip. &Ccedil;ocuk havuzu olmas\u0131 da aileler i&ccedil;in b&uuml;y&uuml;k bir art\u0131.<\/p>\n<p><em>G&uuml;nl&uuml;k 300 Euro&#8217;dan ba\u015flayan fiyatlarla&hellip;<\/em><\/p>\n<h3><strong><span style=\"font-size: 24pt; font-family: Calibri, sans-serif;\">Villa Plaka<\/span><\/strong><\/h3>\n<p><span style=\"font-family: Calibri, sans-serif;\"><span style=\"font-size: 12pt; margin-left: auto; margin-right: auto;\"><img loading=\"lazy\" decoding=\"async\" class=\"alignnone size-full wp-image-5671\" src=\"https:\/\/www.julesverne.com.tr\/\/wp-content\/uploads\/2020\/09\/plaka-1.jpg\" width=\"640\" height=\"423\" alt=\"plaka\" srcset=\"https:\/\/julesverne.com.tr\/wp-content\/uploads\/2020\/09\/plaka-1.jpg 640w, https:\/\/julesverne.com.tr\/wp-content\/uploads\/2020\/09\/plaka-1-500x330.jpg 500w\" sizes=\"(max-width: 640px) 100vw, 640px\" \/><\/span><\/span><\/p>\n<p>Adan\u0131n Plaka kasabas\u0131nda konumlanan Villa Plaka, bah&ccedil;esi ve i&ccedil;inizi dolduran huzuruyla &ouml;n planda. 3 odas\u0131 olan villada 6 ki\u015fi konaklayabiliyor. L&uuml;ks segmentteki modern i&ccedil; dekoru ada ruhunu ya\u015fat\u0131rken l&uuml;ks detaylar\u0131ndan da geri durmuyor. Kendine ait bir havuzu da var.<\/p>\n<p><em>G&uuml;nl&uuml;k 398 Euro&#8217;dan ba\u015flayan fiyatlarla&#8230;<\/em><\/p>\n<h3><strong>Villa Fokas<\/strong><\/h3>\n<p><img loading=\"lazy\" decoding=\"async\" class=\"alignnone size-full wp-image-5672\" src=\"https:\/\/www.julesverne.com.tr\/\/wp-content\/uploads\/2020\/09\/fokas.jpg\" width=\"640\" height=\"426\" alt=\"fokas\" srcset=\"https:\/\/julesverne.com.tr\/wp-content\/uploads\/2020\/09\/fokas.jpg 640w, https:\/\/julesverne.com.tr\/wp-content\/uploads\/2020\/09\/fokas-500x333.jpg 500w\" sizes=\"(max-width: 640px) 100vw, 640px\" \/><\/p>\n<p>Maroulas kasabas\u0131n\u0131n tam kalbinde, Venedik mimarisinden etkilenerek 18.y&uuml;zy\u0131lda in\u015fa edilen Villa Fokas, 1990 y\u0131l\u0131nda restore edilerek bug&uuml;nk&uuml; g&ouml;r&uuml;n&uuml;m&uuml;ne kavu\u015fmu\u015f. 5 odal\u0131, 11 ki\u015fi kapasiteli olan villan\u0131n bah&ccedil;esi y&uuml;ksek duvarlarla &ccedil;evrili. Venedik stilindeki villan\u0131n orijinal karakteri korunmu\u015f. Meyve a\u011fa&ccedil;lar\u0131yla dolu bah&ccedil;esi ve y&uuml;zme havuzu b&ouml;l&uuml;m&uuml; &ccedil;ok keyifli.<\/p>\n<p><em>G&uuml;nl&uuml;k 557 Euro&rsquo;dan ba\u015flayan fiyatlarla&#8230;<\/em><\/p>\n<h3>HYDRA<\/h3>\n<p>Ara&ccedil; trafi\u011fine kapal\u0131 olmalar\u0131 sayesinde &ouml;zg&uuml;nl&uuml;\u011f&uuml;n&uuml; koruyan ve bozulmamay\u0131 ba\u015faran Hydra Atina&rsquo;ya yak\u0131nl\u0131\u011f\u0131 sebebiyle yerlilerin en g&ouml;zde sayfiye yerlerinden. Geleneksel Yunan evleri, sevimli butikleriyle dolu sokaklar\u0131, hareketli limanlar\u0131 ve faytonlar\u0131yla ke\u015ffe de\u011fer&#8230;<\/p>\n<h3><strong>Spiti Aria<\/strong><\/h3>\n<p><img loading=\"lazy\" decoding=\"async\" class=\"alignnone size-full wp-image-5673\" src=\"https:\/\/www.julesverne.com.tr\/\/wp-content\/uploads\/2020\/09\/aria.jpg\" width=\"640\" height=\"426\" alt=\"aria\" srcset=\"https:\/\/julesverne.com.tr\/wp-content\/uploads\/2020\/09\/aria.jpg 640w, https:\/\/julesverne.com.tr\/wp-content\/uploads\/2020\/09\/aria-500x333.jpg 500w\" sizes=\"(max-width: 640px) 100vw, 640px\" \/><\/p>\n<p>Limandan birka&ccedil; dakika y&uuml;r&uuml;me mesafesinde yer alan Spiti Aria, Hydra Adas\u0131&#8217;n\u0131n nostaljik havas\u0131n\u0131 yans\u0131tan sempatik bir villa. 3 katl\u0131 villan\u0131n 4 odas\u0131 var ve 8 ki\u015fi konaklayabiliyor. Zevkli i&ccedil; tasar\u0131m\u0131nda y&uuml;ksek kalite mobilya ve kuma\u015flar tercih edilmi\u015f. Saronik K&ouml;rfezi ve adan\u0131n merkezi Chora manzaras\u0131na bakan villan\u0131n kendine ait havuzu da var. Adada ara&ccedil; kullan\u0131m\u0131 yasak oldu\u011fu i&ccedil;in plajlara gitmek i&ccedil;in limandan kalkan deniz taksileri kullanabilirsiniz.<\/p>\n<p><em>G&uuml;nl&uuml;k 457 Euro&rsquo;dan ba\u015flayan fiyatlarla&hellip;<\/em><\/p>\n<h3><strong>SPETSES<\/strong><\/h3>\n<p style=\"text-align: justify;\">Yunanistan&rsquo;\u0131n g&ouml;rmeye de\u011fer y&uuml;zlerce adas\u0131 oldu\u011fu bir ger&ccedil;ek ama bizce en g&uuml;zellerinden biri hi&ccedil; tart\u0131\u015fmas\u0131z Spetses. 50&rsquo;lerin 60&rsquo;lar\u0131n &ldquo;dolce vita&rdquo; ruhunu h&acirc;l&acirc; ya\u015fatan, sanki her an g&ouml;z&uuml;nde kocaman g&ouml;zl&uuml;kleriyle Onassisler&rsquo;in bir k&ouml;\u015feden kar\u015f\u0131n\u0131za &ccedil;\u0131kabilece\u011fi gibi bir yer buras\u0131&#8230; Atina&rsquo;n\u0131n k&ouml;kl&uuml; ve varl\u0131kl\u0131 ailelerinin yazl\u0131k evleriyle dolu olan ada; t\u0131pk\u0131 bizlere sa\u011fdan sola faytonlarla gidilen ve &ccedil;ak\u0131l mozaikli avlularda kahkaha seslerinin &ccedil;\u0131nlad\u0131\u011f\u0131 daha eski, daha g&uuml;zel ve daha masum g&uuml;nleri anlatan bir romandan f\u0131rlam\u0131\u015f gibi&#8230; Spetses&#8217;i hakk\u0131yla gezmek i&ccedil;in; 26 kilometrelik &ouml;zel bisiklet yolunda Argosaronikos K&ouml;rfezi&rsquo;nin e\u015fsiz manzaras\u0131n\u0131 izlemeli, Hadjiyannis Mexis M&uuml;zesi&rsquo;ni ve Laskarina Bouboulina&rsquo;n\u0131n M&uuml;zesi&#8217;ni gezmeli, Zogeria plaj\u0131nda denizin ve g&uuml;ne\u015fin tad\u0131n\u0131 &ccedil;\u0131karmal\u0131, tavernalarda taze deniz mahsullerini tek tek tatmal\u0131s\u0131n\u0131z.<\/p>\n<h3 style=\"text-align: justify;\"><strong>Villa Bianca<\/strong><\/h3>\n<p><img loading=\"lazy\" decoding=\"async\" class=\"alignnone size-full wp-image-5674\" src=\"https:\/\/www.julesverne.com.tr\/\/wp-content\/uploads\/2020\/09\/bianca.jpg\" width=\"640\" height=\"424\" alt=\"bianca\" srcset=\"https:\/\/julesverne.com.tr\/wp-content\/uploads\/2020\/09\/bianca.jpg 640w, https:\/\/julesverne.com.tr\/wp-content\/uploads\/2020\/09\/bianca-500x331.jpg 500w\" sizes=\"(max-width: 640px) 100vw, 640px\" \/> Ada merkezine ve plaja yak\u0131n mesafede bulunan Villa Bianca, Spetses&#8217;in asil g&ouml;r&uuml;n&uuml;m&uuml;ne e\u015flik eder nitelikte. 5 odal\u0131, 8 ki\u015fi kapasiteli olan villan\u0131n k&uuml;&ccedil;&uuml;k bir de y&uuml;zme havuzu bulunuyor. Geleneksel Yunan &ccedil;izgisinde, \u015f\u0131k bir stilde dekore edilmi\u015f. 19.y&uuml;zy\u0131lda in\u015fa edilen bir malikaneden d&ouml;n&uuml;\u015ft&uuml;r&uuml;len bu villan\u0131n 1300 metrekarelik ola\u011fan&uuml;st&uuml; bah&ccedil;esi ise g&ouml;z al\u0131c\u0131.<\/p>\n<p><em>G&uuml;nl&uuml;k 471 Euro&#8217;dan ba\u015flayan fiyatlarla&#8230;<\/em><\/p>\n<h3><strong>PAROS<\/strong><\/h3>\n<p style=\"text-align: justify;\">Liman\u0131ndan kalkan geni\u015f feribot seferi a\u011f\u0131 ve i&ccedil;inde bulunan onlarca nitelikli turistik i\u015fletme &amp; otel nedeniyle, Mikonos ile birlikte Kiklad Tak\u0131madalar\u0131&rsquo;n\u0131n merkezi olan Paros, &ouml;zellikle Mikonos&rsquo;un pahal\u0131l\u0131\u011f\u0131ndan \u015fikayet eden ama ayn\u0131 zamanda da Mikonos tarz\u0131 tatil isteyen seyahat severlerin u\u011framas\u0131 gereken bir ada.<\/p>\n<h3 style=\"text-align: justify;\"><strong>Villa&nbsp;Dryonisi<\/strong><\/h3>\n<p><img loading=\"lazy\" decoding=\"async\" class=\"alignnone size-full wp-image-5675\" src=\"https:\/\/www.julesverne.com.tr\/\/wp-content\/uploads\/2020\/09\/dryonisi.jpg\" width=\"640\" height=\"426\" alt=\"dryonisi\" srcset=\"https:\/\/julesverne.com.tr\/wp-content\/uploads\/2020\/09\/dryonisi.jpg 640w, https:\/\/julesverne.com.tr\/wp-content\/uploads\/2020\/09\/dryonisi-500x333.jpg 500w\" sizes=\"(max-width: 640px) 100vw, 640px\" \/><\/p>\n<p>Adan\u0131n g&uuml;neyinde konumlanan Villa Dryonisi Ege Denizi, Golden Beach ve Drios Koyu manzaralar\u0131na hakim. 4 odal\u0131, 8 ki\u015fi kapasiteli villa geleneksel Kiklad mimarisinde in\u015fa edilmi\u015f. Yunan dekor dergilerine &ccedil;\u0131kan i&ccedil; dekoru zarif ve modern bir stilde tasarlanm\u0131\u015f. 3 katl\u0131 olan villa denize de yak\u0131n bir konumda.<\/p>\n<p><em>G&uuml;nl&uuml;k 990 Euro&#8217;dan ba\u015flayan fiyatlarla&#8230;<\/em><\/p>\n<h3><strong>Spiti Krios<\/strong><\/h3>\n<p>&nbsp;<img loading=\"lazy\" decoding=\"async\" class=\"alignnone size-full wp-image-5676\" src=\"https:\/\/www.julesverne.com.tr\/\/wp-content\/uploads\/2020\/09\/krios.jpg\" width=\"640\" height=\"426\" alt=\"krios\" srcset=\"https:\/\/julesverne.com.tr\/wp-content\/uploads\/2020\/09\/krios.jpg 640w, https:\/\/julesverne.com.tr\/wp-content\/uploads\/2020\/09\/krios-500x333.jpg 500w\" sizes=\"(max-width: 640px) 100vw, 640px\" \/><\/p>\n<p>Adan\u0131n kuzey taraf\u0131nda bir tepe &uuml;zerinde yer alan Spiti Krios, konumu sayesinde Parika kasabas\u0131 ve deniz manzaras\u0131yla etkiliyor. 4 odal\u0131, 8 ki\u015f kapasiteli villa 2009 y\u0131l\u0131na yenilenmi\u015f. Kiklad mimarisini yans\u0131tan villan\u0131n i&ccedil;i ise Akdeniz stiliyle dekore edilmi\u015f. Villan\u0131n terasla &ccedil;evrili y&uuml;zme havuzu da keyifli. Plaj, ara&ccedil;la sadece 5 dakika uzakl\u0131kta.<\/p>\n<p><em>G&uuml;nl&uuml;k 285 Euro&#8217;dan ba\u015flayan fiyatlarla&#8230;<\/em><\/p>\n<h3><strong>Villa Kypos<\/strong><\/h3>\n<p><img loading=\"lazy\" decoding=\"async\" class=\"alignnone size-full wp-image-5677\" src=\"https:\/\/www.julesverne.com.tr\/\/wp-content\/uploads\/2020\/09\/kypos.jpg\" width=\"640\" height=\"426\" alt=\"kypos\" srcset=\"https:\/\/julesverne.com.tr\/wp-content\/uploads\/2020\/09\/kypos.jpg 640w, https:\/\/julesverne.com.tr\/wp-content\/uploads\/2020\/09\/kypos-500x333.jpg 500w\" sizes=\"(max-width: 640px) 100vw, 640px\" \/>Naoussa kasabas\u0131na yak\u0131n konumlanan Villa Kypos, bah&ccedil;e i&ccedil;erisinde ta\u015f bir villa. Ta\u015f duvarlarla &ccedil;evrili olan villa 4 odal\u0131 ve 7 ki\u015fi kapasiteli. Geleneksel ada ruhunu yans\u0131tan villan\u0131n kendine ait havuzu da mevcut.<\/p>\n<p><em>G&uuml;nl&uuml;k 300 Euro&#8217;dan ba\u015flayan fiyatlarla&#8230;<\/em><\/p>\n<h3><strong>Spiti Farangas<\/strong><\/h3>\n<p><img loading=\"lazy\" decoding=\"async\" class=\"alignnone size-full wp-image-5678\" src=\"https:\/\/www.julesverne.com.tr\/\/wp-content\/uploads\/2020\/09\/farangas.jpg\" width=\"640\" height=\"426\" alt=\"farangas\" srcset=\"https:\/\/julesverne.com.tr\/wp-content\/uploads\/2020\/09\/farangas.jpg 640w, https:\/\/julesverne.com.tr\/wp-content\/uploads\/2020\/09\/farangas-500x333.jpg 500w\" sizes=\"(max-width: 640px) 100vw, 640px\" \/><\/p>\n<p>Farangas Plaj\u0131&#8217;nda konumlanan Spiti Farangas, 2 odal\u0131 ve 6 ki\u015fi kapasiteli. 2008 y\u0131l\u0131nda in\u015fa edilen villa, Kiklad mimarisini yans\u0131t\u0131yor. Birbirinden ba\u011f\u0131ms\u0131z katlar\u0131 sayesinde farkl\u0131 gruplara da kiralanabilen villan\u0131n teras\u0131 deniz manzaral\u0131. Farangas plaj\u0131n\u0131n adan\u0131n en g&uuml;zel plajlar\u0131ndan oldu\u011funu da unutmay\u0131n.<\/p>\n<p><em>G&uuml;nl&uuml;k 400 Euro&#8217;dan ba\u015flayan fiyatlarla&#8230;<\/em><\/p>\n<h3><strong>Spiti Krotiri<\/strong><\/h3>\n<p><img loading=\"lazy\" decoding=\"async\" class=\"alignnone size-full wp-image-5679\" src=\"https:\/\/www.julesverne.com.tr\/\/wp-content\/uploads\/2020\/09\/krotiri.jpg\" width=\"640\" height=\"424\" alt=\"krotiri\" srcset=\"https:\/\/julesverne.com.tr\/wp-content\/uploads\/2020\/09\/krotiri.jpg 640w, https:\/\/julesverne.com.tr\/wp-content\/uploads\/2020\/09\/krotiri-500x331.jpg 500w\" sizes=\"(max-width: 640px) 100vw, 640px\" \/><\/p>\n<p>Adan\u0131n kuzey taraf\u0131nda yer alan Spiti Krotiri, y&uuml;ksek noktada konumlanmas\u0131n\u0131n avantaj\u0131n\u0131 deniz manzaras\u0131yla g&ouml;steriyor. 3 odal\u0131 olan ve 6 ki\u015fi kapasiteli villa Kiklad mimarisinin sembol&uuml; taa\u015f yap\u0131s\u0131yla &ouml;ne &ccedil;\u0131k\u0131yor. A&ccedil;\u0131k tonlarda dekore edilen villan\u0131n havuzlu teras\u0131 koy ve Parikia kasabas\u0131 manzaral\u0131.<\/p>\n<p><em>G&uuml;nl&uuml;k 546 Euro&#8217;dan ba\u015flayan fiyatlarla&#8230;<\/em><\/p>\n<h3><strong>Makria Miti West<\/strong><\/h3>\n<p><img loading=\"lazy\" decoding=\"async\" class=\"alignnone size-full wp-image-5680\" src=\"https:\/\/www.julesverne.com.tr\/\/wp-content\/uploads\/2020\/09\/miti_west.jpg\" width=\"640\" height=\"426\" alt=\"makria\" srcset=\"https:\/\/julesverne.com.tr\/wp-content\/uploads\/2020\/09\/miti_west.jpg 640w, https:\/\/julesverne.com.tr\/wp-content\/uploads\/2020\/09\/miti_west-500x333.jpg 500w\" sizes=\"(max-width: 640px) 100vw, 640px\" \/><\/p>\n<p>Adan\u0131n g&uuml;ney taraf\u0131nda yer alan Makria Miti West, di\u011fer iki Makria Miti villalar\u0131yla birbirine &ccedil;ok yak\u0131n. Aliki kasabas\u0131na birka&ccedil; dakika uzakl\u0131kta yer alan villadan kolayca plaja da gidebilirsiniz. 3 odal\u0131, 6 ki\u015fi kapasiteli l&uuml;ks villa ada mimarisini yans\u0131t\u0131yor. \u015e\u0131k i&ccedil; dekoru, &ccedil;i&ccedil;ek bah&ccedil;esi, havuz ba\u015f\u0131yla &ouml;ne &ccedil;\u0131k\u0131yor.<\/p>\n<p><em>G&uuml;nl&uuml;k 714 Euro&#8217;dan ba\u015flayan fiyatlarla&#8230;<\/em><\/p>\n<h3><strong>Villa Armonia<\/strong><\/h3>\n<p><img loading=\"lazy\" decoding=\"async\" class=\"alignnone size-full wp-image-5681\" src=\"https:\/\/www.julesverne.com.tr\/\/wp-content\/uploads\/2020\/09\/armonia.jpg\" width=\"640\" height=\"426\" alt=\"armonia\" srcset=\"https:\/\/julesverne.com.tr\/wp-content\/uploads\/2020\/09\/armonia.jpg 640w, https:\/\/julesverne.com.tr\/wp-content\/uploads\/2020\/09\/armonia-500x333.jpg 500w\" sizes=\"(max-width: 640px) 100vw, 640px\" \/>Adan\u0131n g&uuml;neyinde, Ageria k&ouml;y&uuml;n&uuml;n tepesinde konumlanan Villa Armonia, Antiparos manzaral\u0131. 5 odal\u0131, 10 ki\u015fi kapasiteli villa geleneksel ve modern mimarinin g&uuml;zel bir sentezini sunuyor. Havuzlu bah&ccedil;esi, keyifli teras\u0131yla ada ruhunu ya\u015fatan villa Farangas plaj\u0131na ara&ccedil;la 5 dakika mesafede.<\/p>\n<p><em>G&uuml;nl&uuml;k 795 Euro&#8217;dan ba\u015flayan fiyatlarla&#8230;<\/em><\/p>\n<h3><strong>Pasiphae Villa<\/strong><\/h3>\n<p><img loading=\"lazy\" decoding=\"async\" class=\"alignnone size-full wp-image-5682\" src=\"https:\/\/www.julesverne.com.tr\/\/wp-content\/uploads\/2020\/09\/pasiphae.jpg\" width=\"640\" height=\"426\" alt=\"pasiphae\" srcset=\"https:\/\/julesverne.com.tr\/wp-content\/uploads\/2020\/09\/pasiphae.jpg 640w, https:\/\/julesverne.com.tr\/wp-content\/uploads\/2020\/09\/pasiphae-500x333.jpg 500w\" sizes=\"(max-width: 640px) 100vw, 640px\" \/><\/p>\n<p>Adan\u0131n do\u011fu taraf\u0131nda yer alan Pasiphae Villa, Naxos adas\u0131na bakan &ouml;zel bir konuma sahip. 2 binadan olu\u015fan villa 10.000 metrekarelik ekolojik arazi &uuml;zerinde kurulu. Organik zeytin korusunun da bulundu\u011fu villada, iki bina aras\u0131nda havuz ve teras bulunuyor. Akdeniz esintileriyle \u015f\u0131k bir stili var.<\/p>\n<p><em>G&uuml;nl&uuml;k 850 Euro&#8217;dan ba\u015flayan fiyatlarla&#8230;<\/em><\/p>\n<h3><strong>ANT\u0130PAROS<\/strong><\/h3>\n<p>Paros a&ccedil;\u0131klar\u0131nda nispeten daha k&uuml;&ccedil;&uuml;k bir ada olan Antiparos, kelimenin tam manas\u0131yla bir &ldquo;\u015fehirden ka&ccedil;\u0131\u015f&rdquo; destinasyonu. Korunakl\u0131 koylar\u0131 ve bakir plajlar\u0131 ile nam salan bu \u015firin ada, bu y&uuml;zden d&uuml;nyadan soyutlanmak isteyen Hollywood &uuml;nl&uuml;lerinin son y\u0131llardaki tercihi.<\/p>\n<h3><strong>Villa Helena<\/strong><\/h3>\n<p><img loading=\"lazy\" decoding=\"async\" class=\"alignnone size-full wp-image-5683\" src=\"https:\/\/www.julesverne.com.tr\/\/wp-content\/uploads\/2020\/09\/helena.jpg\" width=\"640\" height=\"426\" alt=\"helena\" srcset=\"https:\/\/julesverne.com.tr\/wp-content\/uploads\/2020\/09\/helena.jpg 640w, https:\/\/julesverne.com.tr\/wp-content\/uploads\/2020\/09\/helena-500x333.jpg 500w\" sizes=\"(max-width: 640px) 100vw, 640px\" \/><\/p>\n<p>Antiparos&#8217;un g&uuml;ney ucuna do\u011fru yer alan Villa Helena, b&uuml;y&uuml;leyici deniz manzaras\u0131na sahip. 5 odal\u0131, 11 ki\u015fi kapasiteli villa, geni\u015f bir arazide yer al\u0131yor. Ev sahibi ile ayn\u0131 bah&ccedil;ede olan villan\u0131n havuzu ise sadece sizin kullan\u0131m\u0131n\u0131za a&ccedil;\u0131k oluyor. A&ccedil;\u0131k tonlarla, Akdeniz stilinde dekore edilen villaya en yak\u0131n plaj 100 metre uzakl\u0131kta.<\/p>\n<p><em>G&uuml;nl&uuml;k 784 Euro&#8217;dan ba\u015flayan fiyatlarla&#8230;<\/em><\/p>\n<h3><strong>Villa&nbsp;Alexandra<\/strong><\/h3>\n<p><img loading=\"lazy\" decoding=\"async\" class=\"alignnone size-full wp-image-5684\" src=\"https:\/\/www.julesverne.com.tr\/\/wp-content\/uploads\/2020\/09\/alexandra.jpg\" width=\"640\" height=\"426\" alt=\"alexandra\" srcset=\"https:\/\/julesverne.com.tr\/wp-content\/uploads\/2020\/09\/alexandra.jpg 640w, https:\/\/julesverne.com.tr\/wp-content\/uploads\/2020\/09\/alexandra-500x333.jpg 500w\" sizes=\"(max-width: 640px) 100vw, 640px\" \/><\/p>\n<p>Adan\u0131n kuzeyinde, Antiparos kasabas\u0131na yak\u0131n yer alan Villa Alexandra denize yak\u0131n konumu ile &ouml;ne &ccedil;\u0131k\u0131yor. Bah&ccedil;eden &ccedil;\u0131k\u0131p, villan\u0131n &ouml;n&uuml;nden denize girebilece\u011finiz villa 5 odal\u0131 ve10ki\u015fi a\u011f\u0131rlayabiliyor. A&ccedil;\u0131k tonlarda, modern stilde dekore edilen evin bah&ccedil;e ve teras\u0131 &ccedil;ok ho\u015f.<\/p>\n<p><em>G&uuml;nl&uuml;k 857 Euro&#8217;dan ba\u015flayan fiyatlarla&#8230;<\/em><\/p>\n<h3><strong>Villa Irma<\/strong><\/h3>\n<p><img loading=\"lazy\" decoding=\"async\" class=\"alignnone size-full wp-image-5685\" src=\"https:\/\/www.julesverne.com.tr\/\/wp-content\/uploads\/2020\/09\/irma.jpg\" width=\"640\" height=\"426\" alt=\"irma\" srcset=\"https:\/\/julesverne.com.tr\/wp-content\/uploads\/2020\/09\/irma.jpg 640w, https:\/\/julesverne.com.tr\/wp-content\/uploads\/2020\/09\/irma-500x333.jpg 500w\" sizes=\"(max-width: 640px) 100vw, 640px\" \/>Adan\u0131n g&uuml;neyinde yer alan Villa Irma, adadaki en yeni villalardan biri. 5 odal\u0131, 11ki\u015fi kapasiteli villa deniz manzaras\u0131, geni\u015f bah&ccedil;esi ve modern tasar\u0131m\u0131yla bir ad\u0131m &ouml;ne &ccedil;\u0131k\u0131yor. Minimal &ccedil;izgilerde dekore edilen villada ev sinema sistemi, masa tenisi gibi ayr\u0131cal\u0131kl\u0131 detaylar da mevcut.<\/p>\n<p><em>G&uuml;nl&uuml;k 1214 Euro&#8217;dan ba\u015flayan fiyatlarla&#8230;<\/em><\/p>\n<h3><strong>MYKONOS<\/strong><\/h3>\n<p>Her sene, bir &ouml;nceki senenin g&uuml;zelli\u011fini korumay\u0131 ba\u015faran Mykonos, granitten olu\u015fan do\u011fal yap\u0131s\u0131yla bile ba\u015fl\u0131 ba\u015f\u0131na ne kadar orijinal ve farkl\u0131 bir ada oldu\u011funu kan\u0131tlar nitelikte. Ege Denizi hi&ccedil; bu kadar mavi g&ouml;r&uuml;lmemi\u015fti&#8230; Ya da sadece Mykonos&rsquo;tan bakt\u0131\u011f\u0131n\u0131zda &ouml;yle g&ouml;r&uuml;n&uuml;yor. Nefes kesen ambiyans\u0131nda, renkli bir hayat\u0131 olan Mykonos bize g&ouml;re &ccedil;ekicili\u011fin, g&uuml;zelli\u011fin ve manzaran\u0131n ortak bulu\u015fma noktas\u0131! Nammos Beach&#8217;in unutulmaz partileri, Ornos Beach&#8217;in beyaz kumlar\u0131 ve sakin atmosferi, Caprice Bar&#8217;dan izlenen romantik g&uuml;nbat\u0131m\u0131, Yunan sanat&ccedil;\u0131lar\u0131n &ccedil;a\u011fda\u015f eserleriyle zenginle\u015fen Efimerides Gallery, Le Corbusier&#8217;in eseri Paraportiani Kilisesi, yel de\u011firmenleri ile kartpostallar\u0131 s&uuml;sleyen Chora bir adaya birden &ccedil;ok g&uuml;zellik s\u0131\u011fd\u0131rmay\u0131 ba\u015far\u0131yor.<\/p>\n<h3><strong>Studio Penelope<\/strong><\/h3>\n<p><img loading=\"lazy\" decoding=\"async\" class=\"alignnone size-full wp-image-5686\" src=\"https:\/\/www.julesverne.com.tr\/\/wp-content\/uploads\/2020\/09\/penelope.jpg\" width=\"640\" height=\"426\" alt=\"penelope\" srcset=\"https:\/\/julesverne.com.tr\/wp-content\/uploads\/2020\/09\/penelope.jpg 640w, https:\/\/julesverne.com.tr\/wp-content\/uploads\/2020\/09\/penelope-500x333.jpg 500w\" sizes=\"(max-width: 640px) 100vw, 640px\" \/>Adan\u0131n do\u011fu yakas\u0131nda yer alan Studio Penelope, ta\u015f binas\u0131yla tipik Kiklad mimari &ouml;rne\u011fi sunuyor. 3 odal\u0131, 6 ki\u015fi kapasiteli villa, 6 evden olu\u015fan bir kompleksin k&ouml;\u015fe evi. Naxos ve Paros adalar\u0131n\u0131 g&ouml;ren deniz manzaras\u0131, Akdeniz stili dekoruyla konforlu. Havuzu olmayan villadan 5-10 dakika y&uuml;r&uuml;yerek Lia Beach&#8217;a gidebilirsiniz.<\/p>\n<p><em>G&uuml;nl&uuml;k 253 Euro&#8217;dan ba\u015flayan fiyatlarla&#8230;<\/em><\/p>\n<h3><strong>Villa&nbsp;Aimilia<\/strong><\/h3>\n<p><img loading=\"lazy\" decoding=\"async\" class=\"alignnone size-full wp-image-5687\" src=\"https:\/\/www.julesverne.com.tr\/\/wp-content\/uploads\/2020\/09\/aimilia.jpg\" width=\"640\" height=\"426\" alt=\"aimilia\" srcset=\"https:\/\/julesverne.com.tr\/wp-content\/uploads\/2020\/09\/aimilia.jpg 640w, https:\/\/julesverne.com.tr\/wp-content\/uploads\/2020\/09\/aimilia-500x333.jpg 500w\" sizes=\"(max-width: 640px) 100vw, 640px\" \/>Adan\u0131n g&uuml;neydo\u011fusunda yer aalan Villa Aimilia, r&uuml;zgardan korunakl\u0131 konumuyla dikkat &ccedil;ekiyor. Denizden y&uuml;ksek konumda bulunan 4 odal\u0131, 8 ki\u015fi kapasiteli villa geleneksel ta\u015f binas\u0131 ve manzaral\u0131 havuzuyla kusursuz keyif sunuyor. Stil sahibi mobilyalarla dekore edilen villada tasar\u0131m par&ccedil;alar g&ouml;ze &ccedil;arp\u0131yor. Lia Beach ve Ano Mera kasabas\u0131 ara&ccedil;la birka&ccedil; dakika uzakl\u0131kta.<\/p>\n<p><em>G&uuml;nl&uuml;k 999 Euro&#8217;dan ba\u015flayan fiyatlarla&hellip;<\/em><\/p>\n<h3><strong>SANTOR\u0130N\u0130<\/strong><\/h3>\n<p style=\"text-align: justify;\">Ege Denizi&rsquo;nin incisi Santorini Adas\u0131, bir do\u011fal afetin yaratt\u0131\u011f\u0131, saf bir mucize asl\u0131nda. Denizden y&uuml;zlerce metre yukar\u0131da, volkanik bir da\u011fa kurulmu\u015f olsa da, Santorini, denizin i&ccedil;inde gibi hissettiren romantik teraslar\u0131 ve \u015firin k&ouml;yleriyle insan\u0131 b&uuml;y&uuml;l&uuml;yor. Antik Minos Medeniyeti&#8217;nin izlerini ta\u015f\u0131yan Santorini, mavi kubbeleriyle b&uuml;y&uuml;leyen beyaz kiliseleri, Ege Denizi&rsquo;ne tepeden bakan, kayal\u0131klar &uuml;zerine in\u015fa edilen binalar\u0131yla kendine hayran b\u0131rak\u0131yor.<\/p>\n<h3 style=\"text-align: justify;\"><strong>Spiti Anemos<\/strong><\/h3>\n<p><img loading=\"lazy\" decoding=\"async\" class=\"alignnone size-full wp-image-5688\" src=\"https:\/\/www.julesverne.com.tr\/\/wp-content\/uploads\/2020\/09\/anemos.jpg\" width=\"640\" height=\"426\" alt=\"anemos\" srcset=\"https:\/\/julesverne.com.tr\/wp-content\/uploads\/2020\/09\/anemos.jpg 640w, https:\/\/julesverne.com.tr\/wp-content\/uploads\/2020\/09\/anemos-500x333.jpg 500w\" sizes=\"(max-width: 640px) 100vw, 640px\" \/>Pitoresk Oia kasabas\u0131na y&uuml;r&uuml;me mesafesinde olan Spiti Anemos, 3 odas\u0131yla 6 ki\u015fi a\u011f\u0131rlayabiliyor. Kiklad mimarisindeki villa ada ruhuna uygun huzur veren bir stilde dekore edilmi\u015f. 4 villadan olu\u015fan bir arazide yer alan Spiti Anemos&#8217;un &ouml;zel teras\u0131ndan deniz manzaras\u0131n\u0131 seyredebilirsiniz.<\/p>\n<p><em>G&uuml;nl&uuml;k 614 Euro&#8217;dan ba\u015flayan fiyatlarla&#8230;<\/em><\/p>\n<p style=\"text-align: center;\"><strong>Daha detayl\u0131 bilgi ve rezervasyon i&ccedil;in:<\/strong><br \/><strong><a href=\"mailto:travel@julesverne.com.tr\">travel@julesverne.com.tr<br \/><\/a>0212 266 6363 &#8211; 137<\/strong><\/p><\/p>\n","protected":false},"excerpt":{"rendered":"<p>Yan\u0131 ba\u015f\u0131m\u0131zdaki <strong>Yunan Adalar\u0131&rsquo;<\/strong>n\u0131n tad\u0131n\u0131 keyfinizce &ccedil;\u0131karabilmeniz i&ccedil;in <strong>Korfu&rsquo;dan Santorini&rsquo;<\/strong>ye; <strong>Paros&rsquo;tan Mikono<\/strong>s&rsquo;a uzanan her t&uuml;rl&uuml; konfora sahip l<strong>&uuml;ks kiral\u0131k villalar<\/strong> ve ilginizi &ccedil;ekece\u011fini d&uuml;\u015f&uuml;nd&uuml;\u011f&uuml;m&uuml;z Yunan Adalar\u0131 ile ilgili detayl\u0131 bir se&ccedil;ki haz\u0131rlad\u0131k&#8230;&nbsp;<\/p>\n","protected":false},"author":1,"featured_media":1760,"comment_status":"closed","ping_status":"closed","sticky":false,"template":"","format":"standard","meta":{"inline_featured_image":false,"footnotes":""},"categories":[1,40],"tags":[],"acf":[],"yoast_head":"<!-- This site is optimized with the Yoast SEO plugin v22.3 - https:\/\/yoast.com\/wordpress\/plugins\/seo\/ -->\n<title>Yunan Adalar\u0131\u2019ndaki Eviniz Sizi Bekliyor! - JULES VERNE BUSINESS MICE TRAVEL<\/title>\n<meta name=\"robots\" content=\"index, follow, max-snippet:-1, max-image-preview:large, max-video-preview:-1\" \/>\n<link rel=\"canonical\" href=\"https:\/\/julesverne.com.tr\/travel-blog\/yunan-adalarindaki-eviniz-sizi-bekliyor\/\" \/>\n<meta property=\"og:locale\" content=\"en_US\" \/>\n<meta property=\"og:type\" content=\"article\" \/>\n<meta property=\"og:title\" content=\"Yunan Adalar\u0131\u2019ndaki Eviniz Sizi Bekliyor! - JULES VERNE BUSINESS MICE TRAVEL\" \/>\n<meta property=\"og:description\" content=\"Yan\u0131 ba\u015f\u0131m\u0131zdaki Yunan Adalar\u0131&rsquo;n\u0131n tad\u0131n\u0131 keyfinizce &ccedil;\u0131karabilmeniz i&ccedil;in Korfu&rsquo;dan Santorini&rsquo;ye; Paros&rsquo;tan Mikonos&rsquo;a uzanan her t&uuml;rl&uuml; konfora sahip l&uuml;ks kiral\u0131k villalar ve ilginizi &ccedil;ekece\u011fini d&uuml;\u015f&uuml;nd&uuml;\u011f&uuml;m&uuml;z Yunan Adalar\u0131 ile ilgili detayl\u0131 bir se&ccedil;ki haz\u0131rlad\u0131k...&nbsp;\" \/>\n<meta property=\"og:url\" content=\"https:\/\/julesverne.com.tr\/travel-blog\/yunan-adalarindaki-eviniz-sizi-bekliyor\/\" \/>\n<meta property=\"og:site_name\" content=\"JULES VERNE BUSINESS MICE TRAVEL\" \/>\n<meta property=\"article:publisher\" content=\"https:\/\/www.facebook.com\/JulesVerneBusinessMiceTravel\/\" \/>\n<meta property=\"article:published_time\" content=\"2017-06-28T13:18:07+00:00\" \/>\n<meta property=\"article:modified_time\" content=\"2021-03-04T12:27:31+00:00\" \/>\n<meta property=\"og:image\" content=\"https:\/\/julesverne.com.tr\/wp-content\/uploads\/2020\/09\/elafina.jpg\" \/>\n\t<meta property=\"og:image:width\" content=\"640\" \/>\n\t<meta property=\"og:image:height\" content=\"426\" \/>\n\t<meta property=\"og:image:type\" content=\"image\/jpeg\" \/>\n<meta name=\"author\" content=\"fikirman\" \/>\n<meta name=\"twitter:card\" content=\"summary_large_image\" \/>\n<meta name=\"twitter:creator\" content=\"@JV_BusinessMice\" \/>\n<meta name=\"twitter:site\" content=\"@JV_BusinessMice\" \/>\n<meta name=\"twitter:label1\" content=\"Written by\" \/>\n\t<meta name=\"twitter:data1\" content=\"fikirman\" \/>\n\t<meta name=\"twitter:label2\" content=\"Est. reading time\" \/>\n\t<meta name=\"twitter:data2\" content=\"16 minutes\" \/>\n<script type=\"application\/ld+json\" class=\"yoast-schema-graph\">{\"@context\":\"https:\/\/schema.org\",\"@graph\":[{\"@type\":\"Article\",\"@id\":\"https:\/\/julesverne.com.tr\/travel-blog\/yunan-adalarindaki-eviniz-sizi-bekliyor\/#article\",\"isPartOf\":{\"@id\":\"https:\/\/julesverne.com.tr\/travel-blog\/yunan-adalarindaki-eviniz-sizi-bekliyor\/\"},\"author\":{\"name\":\"fikirman\",\"@id\":\"https:\/\/julesverne.com.tr\/#\/schema\/person\/f4eb0514ae455538644c31b99a466fdb\"},\"headline\":\"Yunan Adalar\u0131\u2019ndaki Eviniz Sizi Bekliyor!\",\"datePublished\":\"2017-06-28T13:18:07+00:00\",\"dateModified\":\"2021-03-04T12:27:31+00:00\",\"mainEntityOfPage\":{\"@id\":\"https:\/\/julesverne.com.tr\/travel-blog\/yunan-adalarindaki-eviniz-sizi-bekliyor\/\"},\"wordCount\":3177,\"publisher\":{\"@id\":\"https:\/\/julesverne.com.tr\/#organization\"},\"image\":{\"@id\":\"https:\/\/julesverne.com.tr\/travel-blog\/yunan-adalarindaki-eviniz-sizi-bekliyor\/#primaryimage\"},\"thumbnailUrl\":\"https:\/\/julesverne.com.tr\/wp-content\/uploads\/2020\/09\/elafina.jpg\",\"articleSection\":[\"Blog\",\"Nerede Kalsak?\"],\"inLanguage\":\"en-US\"},{\"@type\":\"WebPage\",\"@id\":\"https:\/\/julesverne.com.tr\/travel-blog\/yunan-adalarindaki-eviniz-sizi-bekliyor\/\",\"url\":\"https:\/\/julesverne.com.tr\/travel-blog\/yunan-adalarindaki-eviniz-sizi-bekliyor\/\",\"name\":\"Yunan Adalar\u0131\u2019ndaki Eviniz Sizi Bekliyor! - JULES VERNE BUSINESS MICE TRAVEL\",\"isPartOf\":{\"@id\":\"https:\/\/julesverne.com.tr\/#website\"},\"primaryImageOfPage\":{\"@id\":\"https:\/\/julesverne.com.tr\/travel-blog\/yunan-adalarindaki-eviniz-sizi-bekliyor\/#primaryimage\"},\"image\":{\"@id\":\"https:\/\/julesverne.com.tr\/travel-blog\/yunan-adalarindaki-eviniz-sizi-bekliyor\/#primaryimage\"},\"thumbnailUrl\":\"https:\/\/julesverne.com.tr\/wp-content\/uploads\/2020\/09\/elafina.jpg\",\"datePublished\":\"2017-06-28T13:18:07+00:00\",\"dateModified\":\"2021-03-04T12:27:31+00:00\",\"breadcrumb\":{\"@id\":\"https:\/\/julesverne.com.tr\/travel-blog\/yunan-adalarindaki-eviniz-sizi-bekliyor\/#breadcrumb\"},\"inLanguage\":\"en-US\",\"potentialAction\":[{\"@type\":\"ReadAction\",\"target\":[\"https:\/\/julesverne.com.tr\/travel-blog\/yunan-adalarindaki-eviniz-sizi-bekliyor\/\"]}]},{\"@type\":\"ImageObject\",\"inLanguage\":\"en-US\",\"@id\":\"https:\/\/julesverne.com.tr\/travel-blog\/yunan-adalarindaki-eviniz-sizi-bekliyor\/#primaryimage\",\"url\":\"https:\/\/julesverne.com.tr\/wp-content\/uploads\/2020\/09\/elafina.jpg\",\"contentUrl\":\"https:\/\/julesverne.com.tr\/wp-content\/uploads\/2020\/09\/elafina.jpg\",\"width\":640,\"height\":426},{\"@type\":\"BreadcrumbList\",\"@id\":\"https:\/\/julesverne.com.tr\/travel-blog\/yunan-adalarindaki-eviniz-sizi-bekliyor\/#breadcrumb\",\"itemListElement\":[{\"@type\":\"ListItem\",\"position\":1,\"name\":\"Anasayfa\",\"item\":\"https:\/\/julesverne.com.tr\/\"},{\"@type\":\"ListItem\",\"position\":2,\"name\":\"Yunan Adalar\u0131\u2019ndaki Eviniz Sizi Bekliyor!\"}]},{\"@type\":\"WebSite\",\"@id\":\"https:\/\/julesverne.com.tr\/#website\",\"url\":\"https:\/\/julesverne.com.tr\/\",\"name\":\"JULES VERNE BUSINESS MICE TRAVEL\",\"description\":\"\",\"publisher\":{\"@id\":\"https:\/\/julesverne.com.tr\/#organization\"},\"potentialAction\":[{\"@type\":\"SearchAction\",\"target\":{\"@type\":\"EntryPoint\",\"urlTemplate\":\"https:\/\/julesverne.com.tr\/?s={search_term_string}\"},\"query-input\":\"required name=search_term_string\"}],\"inLanguage\":\"en-US\"},{\"@type\":\"Organization\",\"@id\":\"https:\/\/julesverne.com.tr\/#organization\",\"name\":\"JULES VERNE BUSINESS MICE TRAVEL\",\"url\":\"https:\/\/julesverne.com.tr\/\",\"logo\":{\"@type\":\"ImageObject\",\"inLanguage\":\"en-US\",\"@id\":\"https:\/\/julesverne.com.tr\/#\/schema\/logo\/image\/\",\"url\":\"https:\/\/julesverne.com.tr\/wp-content\/uploads\/2020\/09\/jv-bmt-logo.png\",\"contentUrl\":\"https:\/\/julesverne.com.tr\/wp-content\/uploads\/2020\/09\/jv-bmt-logo.png\",\"width\":110,\"height\":81,\"caption\":\"JULES VERNE BUSINESS MICE TRAVEL\"},\"image\":{\"@id\":\"https:\/\/julesverne.com.tr\/#\/schema\/logo\/image\/\"},\"sameAs\":[\"https:\/\/www.facebook.com\/JulesVerneBusinessMiceTravel\/\",\"https:\/\/twitter.com\/JV_BusinessMice\",\"https:\/\/www.instagram.com\/julesvernebusinessmicetravel\/\",\"https:\/\/www.linkedin.com\/company\/julesvernebusinessmicetravel\/\",\"https:\/\/www.youtube.com\/channel\/UCAwdsmbZ6tFhu1tea6pkpiw\"]},{\"@type\":\"Person\",\"@id\":\"https:\/\/julesverne.com.tr\/#\/schema\/person\/f4eb0514ae455538644c31b99a466fdb\",\"name\":\"fikirman\",\"sameAs\":[\"http:\/\/advermedya.net\/julesverne\"],\"url\":\"https:\/\/julesverne.com.tr\/en\/author\/fikirman\/\"}]}<\/script>\n<!-- \/ Yoast SEO plugin. -->","yoast_head_json":{"title":"Yunan Adalar\u0131\u2019ndaki Eviniz Sizi Bekliyor! - JULES VERNE BUSINESS MICE TRAVEL","robots":{"index":"index","follow":"follow","max-snippet":"max-snippet:-1","max-image-preview":"max-image-preview:large","max-video-preview":"max-video-preview:-1"},"canonical":"https:\/\/julesverne.com.tr\/travel-blog\/yunan-adalarindaki-eviniz-sizi-bekliyor\/","og_locale":"en_US","og_type":"article","og_title":"Yunan Adalar\u0131\u2019ndaki Eviniz Sizi Bekliyor! - JULES VERNE BUSINESS MICE TRAVEL","og_description":"Yan\u0131 ba\u015f\u0131m\u0131zdaki Yunan Adalar\u0131&rsquo;n\u0131n tad\u0131n\u0131 keyfinizce &ccedil;\u0131karabilmeniz i&ccedil;in Korfu&rsquo;dan Santorini&rsquo;ye; Paros&rsquo;tan Mikonos&rsquo;a uzanan her t&uuml;rl&uuml; konfora sahip l&uuml;ks kiral\u0131k villalar ve ilginizi &ccedil;ekece\u011fini d&uuml;\u015f&uuml;nd&uuml;\u011f&uuml;m&uuml;z Yunan Adalar\u0131 ile ilgili detayl\u0131 bir se&ccedil;ki haz\u0131rlad\u0131k...&nbsp;","og_url":"https:\/\/julesverne.com.tr\/travel-blog\/yunan-adalarindaki-eviniz-sizi-bekliyor\/","og_site_name":"JULES VERNE BUSINESS MICE TRAVEL","article_publisher":"https:\/\/www.facebook.com\/JulesVerneBusinessMiceTravel\/","article_published_time":"2017-06-28T13:18:07+00:00","article_modified_time":"2021-03-04T12:27:31+00:00","og_image":[{"width":640,"height":426,"url":"https:\/\/julesverne.com.tr\/wp-content\/uploads\/2020\/09\/elafina.jpg","type":"image\/jpeg"}],"author":"fikirman","twitter_card":"summary_large_image","twitter_creator":"@JV_BusinessMice","twitter_site":"@JV_BusinessMice","twitter_misc":{"Written by":"fikirman","Est. reading time":"16 minutes"},"schema":{"@context":"https:\/\/schema.org","@graph":[{"@type":"Article","@id":"https:\/\/julesverne.com.tr\/travel-blog\/yunan-adalarindaki-eviniz-sizi-bekliyor\/#article","isPartOf":{"@id":"https:\/\/julesverne.com.tr\/travel-blog\/yunan-adalarindaki-eviniz-sizi-bekliyor\/"},"author":{"name":"fikirman","@id":"https:\/\/julesverne.com.tr\/#\/schema\/person\/f4eb0514ae455538644c31b99a466fdb"},"headline":"Yunan Adalar\u0131\u2019ndaki Eviniz Sizi Bekliyor!","datePublished":"2017-06-28T13:18:07+00:00","dateModified":"2021-03-04T12:27:31+00:00","mainEntityOfPage":{"@id":"https:\/\/julesverne.com.tr\/travel-blog\/yunan-adalarindaki-eviniz-sizi-bekliyor\/"},"wordCount":3177,"publisher":{"@id":"https:\/\/julesverne.com.tr\/#organization"},"image":{"@id":"https:\/\/julesverne.com.tr\/travel-blog\/yunan-adalarindaki-eviniz-sizi-bekliyor\/#primaryimage"},"thumbnailUrl":"https:\/\/julesverne.com.tr\/wp-content\/uploads\/2020\/09\/elafina.jpg","articleSection":["Blog","Nerede Kalsak?"],"inLanguage":"en-US"},{"@type":"WebPage","@id":"https:\/\/julesverne.com.tr\/travel-blog\/yunan-adalarindaki-eviniz-sizi-bekliyor\/","url":"https:\/\/julesverne.com.tr\/travel-blog\/yunan-adalarindaki-eviniz-sizi-bekliyor\/","name":"Yunan Adalar\u0131\u2019ndaki Eviniz Sizi Bekliyor! - JULES VERNE BUSINESS MICE TRAVEL","isPartOf":{"@id":"https:\/\/julesverne.com.tr\/#website"},"primaryImageOfPage":{"@id":"https:\/\/julesverne.com.tr\/travel-blog\/yunan-adalarindaki-eviniz-sizi-bekliyor\/#primaryimage"},"image":{"@id":"https:\/\/julesverne.com.tr\/travel-blog\/yunan-adalarindaki-eviniz-sizi-bekliyor\/#primaryimage"},"thumbnailUrl":"https:\/\/julesverne.com.tr\/wp-content\/uploads\/2020\/09\/elafina.jpg","datePublished":"2017-06-28T13:18:07+00:00","dateModified":"2021-03-04T12:27:31+00:00","breadcrumb":{"@id":"https:\/\/julesverne.com.tr\/travel-blog\/yunan-adalarindaki-eviniz-sizi-bekliyor\/#breadcrumb"},"inLanguage":"en-US","potentialAction":[{"@type":"ReadAction","target":["https:\/\/julesverne.com.tr\/travel-blog\/yunan-adalarindaki-eviniz-sizi-bekliyor\/"]}]},{"@type":"ImageObject","inLanguage":"en-US","@id":"https:\/\/julesverne.com.tr\/travel-blog\/yunan-adalarindaki-eviniz-sizi-bekliyor\/#primaryimage","url":"https:\/\/julesverne.com.tr\/wp-content\/uploads\/2020\/09\/elafina.jpg","contentUrl":"https:\/\/julesverne.com.tr\/wp-content\/uploads\/2020\/09\/elafina.jpg","width":640,"height":426},{"@type":"BreadcrumbList","@id":"https:\/\/julesverne.com.tr\/travel-blog\/yunan-adalarindaki-eviniz-sizi-bekliyor\/#breadcrumb","itemListElement":[{"@type":"ListItem","position":1,"name":"Anasayfa","item":"https:\/\/julesverne.com.tr\/"},{"@type":"ListItem","position":2,"name":"Yunan Adalar\u0131\u2019ndaki Eviniz Sizi Bekliyor!"}]},{"@type":"WebSite","@id":"https:\/\/julesverne.com.tr\/#website","url":"https:\/\/julesverne.com.tr\/","name":"JULES VERNE BUSINESS MICE TRAVEL","description":"","publisher":{"@id":"https:\/\/julesverne.com.tr\/#organization"},"potentialAction":[{"@type":"SearchAction","target":{"@type":"EntryPoint","urlTemplate":"https:\/\/julesverne.com.tr\/?s={search_term_string}"},"query-input":"required name=search_term_string"}],"inLanguage":"en-US"},{"@type":"Organization","@id":"https:\/\/julesverne.com.tr\/#organization","name":"JULES VERNE BUSINESS MICE TRAVEL","url":"https:\/\/julesverne.com.tr\/","logo":{"@type":"ImageObject","inLanguage":"en-US","@id":"https:\/\/julesverne.com.tr\/#\/schema\/logo\/image\/","url":"https:\/\/julesverne.com.tr\/wp-content\/uploads\/2020\/09\/jv-bmt-logo.png","contentUrl":"https:\/\/julesverne.com.tr\/wp-content\/uploads\/2020\/09\/jv-bmt-logo.png","width":110,"height":81,"caption":"JULES VERNE BUSINESS MICE TRAVEL"},"image":{"@id":"https:\/\/julesverne.com.tr\/#\/schema\/logo\/image\/"},"sameAs":["https:\/\/www.facebook.com\/JulesVerneBusinessMiceTravel\/","https:\/\/twitter.com\/JV_BusinessMice","https:\/\/www.instagram.com\/julesvernebusinessmicetravel\/","https:\/\/www.linkedin.com\/company\/julesvernebusinessmicetravel\/","https:\/\/www.youtube.com\/channel\/UCAwdsmbZ6tFhu1tea6pkpiw"]},{"@type":"Person","@id":"https:\/\/julesverne.com.tr\/#\/schema\/person\/f4eb0514ae455538644c31b99a466fdb","name":"fikirman","sameAs":["http:\/\/advermedya.net\/julesverne"],"url":"https:\/\/julesverne.com.tr\/en\/author\/fikirman\/"}]}},"_links":{"self":[{"href":"https:\/\/julesverne.com.tr\/en\/wp-json\/wp\/v2\/posts\/1759"}],"collection":[{"href":"https:\/\/julesverne.com.tr\/en\/wp-json\/wp\/v2\/posts"}],"about":[{"href":"https:\/\/julesverne.com.tr\/en\/wp-json\/wp\/v2\/types\/post"}],"author":[{"embeddable":true,"href":"https:\/\/julesverne.com.tr\/en\/wp-json\/wp\/v2\/users\/1"}],"replies":[{"embeddable":true,"href":"https:\/\/julesverne.com.tr\/en\/wp-json\/wp\/v2\/comments?post=1759"}],"version-history":[{"count":0,"href":"https:\/\/julesverne.com.tr\/en\/wp-json\/wp\/v2\/posts\/1759\/revisions"}],"wp:featuredmedia":[{"embeddable":true,"href":"https:\/\/julesverne.com.tr\/en\/wp-json\/wp\/v2\/media\/1760"}],"wp:attachment":[{"href":"https:\/\/julesverne.com.tr\/en\/wp-json\/wp\/v2\/media?parent=1759"}],"wp:term":[{"taxonomy":"category","embeddable":true,"href":"https:\/\/julesverne.com.tr\/en\/wp-json\/wp\/v2\/categories?post=1759"},{"taxonomy":"post_tag","embeddable":true,"href":"https:\/\/julesverne.com.tr\/en\/wp-json\/wp\/v2\/tags?post=1759"}],"curies":[{"name":"wp","href":"https:\/\/api.w.org\/{rel}","templated":true}]}}