{"id":1752,"date":"2017-06-13T17:33:56","date_gmt":"2017-06-13T14:33:56","guid":{"rendered":"https:\/\/www.julesverne.com.tr\/\/blog\/mavi-ve-yesilin-en-yakistigi-yer-marmaris\/"},"modified":"2020-09-21T17:36:37","modified_gmt":"2020-09-21T14:36:37","slug":"mavi-ve-yesilin-en-yakistigi-yer-marmaris","status":"publish","type":"post","link":"https:\/\/julesverne.com.tr\/en\/travel-blog\/mavi-ve-yesilin-en-yakistigi-yer-marmaris\/","title":{"rendered":"Mavi ve Ye\u015filin En Yak\u0131\u015ft\u0131\u011f\u0131 Yer: Marmaris"},"content":{"rendered":"<p><p style=\"text-align: center;\"><img loading=\"lazy\" decoding=\"async\" class=\"alignnone size-full wp-image-5709\" src=\"https:\/\/www.julesverne.com.tr\/\/wp-content\/uploads\/2020\/09\/marmaris_genel_kucuk.jpg\" width=\"1057\" height=\"701\" alt=\"marmaris\" srcset=\"https:\/\/julesverne.com.tr\/wp-content\/uploads\/2020\/09\/marmaris_genel_kucuk.jpg 1057w, https:\/\/julesverne.com.tr\/wp-content\/uploads\/2020\/09\/marmaris_genel_kucuk-500x332.jpg 500w, https:\/\/julesverne.com.tr\/wp-content\/uploads\/2020\/09\/marmaris_genel_kucuk-768x509.jpg 768w\" sizes=\"(max-width: 1057px) 100vw, 1057px\" \/><\/p>\n<p>Heredot&rsquo;un deyimiyle &ldquo;D&uuml;nya&rsquo;n\u0131n en g&uuml;zel g&ouml;\u011f&uuml;ne&rdquo; sahip olan Marmaris, civar k&ouml;yleri ve koylar\u0131yla ke\u015ffetmekten asla s\u0131k\u0131lmayaca\u011f\u0131n\u0131z g&uuml;zelliklerle dolu. Y&uuml;zy\u0131llar &ouml;nce g&uuml;zelli\u011fi ke\u015ffedilmi\u015f, ye\u015filin her tonuyla ta&ccedil;land\u0131r\u0131lm\u0131\u015f olan Marmaris&#8217;e yakla\u015f\u0131rken g&ouml;zleriniz daha &ouml;nce a\u015fina olmad\u0131\u011f\u0131 bu do\u011fall\u0131k kar\u015f\u0131s\u0131nda kama\u015f\u0131yor. Akdeniz ikliminin \u0131l\u0131man havas\u0131 k\u0131\u015f\u0131n bile denize girmenizi sa\u011flarken havalar\u0131n ger&ccedil;ekten \u0131s\u0131nd\u0131\u011f\u0131 bahar ve yaz aylar\u0131nda her a\u011fa&ccedil; dal\u0131ndan merhaba diyen &ccedil;i&ccedil;eklerin g&ouml;r&uuml;nt&uuml;s&uuml;n&uuml; hayallerde canland\u0131rmak bile g&uuml;zel!<\/p>\n<p><img loading=\"lazy\" decoding=\"async\" class=\"alignnone size-full wp-image-5710\" src=\"https:\/\/www.julesverne.com.tr\/\/wp-content\/uploads\/2020\/09\/masa.jpg\" width=\"1050\" height=\"703\" alt=\"marmaris \" srcset=\"https:\/\/julesverne.com.tr\/wp-content\/uploads\/2020\/09\/masa.jpg 1050w, https:\/\/julesverne.com.tr\/wp-content\/uploads\/2020\/09\/masa-500x335.jpg 500w, https:\/\/julesverne.com.tr\/wp-content\/uploads\/2020\/09\/masa-768x514.jpg 768w\" sizes=\"(max-width: 1050px) 100vw, 1050px\" \/><\/p>\n<p>\u0130yonyal\u0131lar taraf\u0131ndan yap\u0131ld\u0131\u011f\u0131 &ouml;ne s&uuml;r&uuml;len Marmaris Kalesi&#8217;nden g&uuml;nbat\u0131m\u0131n\u0131 veya gece harika bir Marmaris panoramas\u0131n\u0131 izlemek; ormanlarla kapl\u0131 olan ve Marmaris&#8217;ten 30 dakikal\u0131k bir tekne yolculu\u011fuyla ula\u015fabilece\u011finiz Cennet Adas\u0131&#8217;na gitmek; Marmaris civar\u0131ndaki Physkos, Loryma (Bozukkale),Amos ve Kleopatra Adas\u0131 gibi antik kentleri gezmek yapaca\u011f\u0131n\u0131z ilk aktiviteler. Ama Marmaris demek tabi ki civar koylar\u0131 ke\u015ffetmek demek. Marmaris seyahatinizde rotan\u0131za ekleyece\u011finiz en g&uuml;zel rotalar:<\/p>\n<p><strong>Turun&ccedil;<\/strong><\/p>\n<p><strong><img loading=\"lazy\" decoding=\"async\" class=\"alignnone size-full wp-image-5711\" src=\"https:\/\/www.julesverne.com.tr\/\/wp-content\/uploads\/2020\/09\/turunc_kucuk.jpg\" width=\"962\" height=\"597\" alt=\"turunc_marmaris\" srcset=\"https:\/\/julesverne.com.tr\/wp-content\/uploads\/2020\/09\/turunc_kucuk.jpg 962w, https:\/\/julesverne.com.tr\/wp-content\/uploads\/2020\/09\/turunc_kucuk-500x310.jpg 500w, https:\/\/julesverne.com.tr\/wp-content\/uploads\/2020\/09\/turunc_kucuk-768x477.jpg 768w\" sizes=\"(max-width: 962px) 100vw, 962px\" \/><\/strong><\/p>\n<p>Bozburun yar\u0131madas\u0131n\u0131n do\u011fusunda yer alan Turun&ccedil;, etraf\u0131 &ccedil;amlarla s&uuml;sl&uuml; y&uuml;ksek tepelerle &ccedil;evrili bir k&ouml;y asl\u0131nda. G&uuml;neyde yer alsa da ald\u0131\u011f\u0131 r&uuml;zgarlar sayesinde sizi serinleten Turun&ccedil;&#8217;ta y\u0131l\u0131n 7 ay\u0131 denize girebilirsiniz. Tabi ki mavi yolculu\u011fun en g&uuml;zel rotalar\u0131ndan da biri. Burada denize girmek d\u0131\u015f\u0131nda do\u011fa y&uuml;r&uuml;y&uuml;\u015flerine &ccedil;\u0131kabilir, safari turlar\u0131na kat\u0131labilir, masmavi denizde dal\u0131\u015f yapabilirsiniz. Turun&ccedil; yolu &uuml;zerinde harika bir manzaran\u0131n size e\u015flik edece\u011fini de s&ouml;yleyelim.<\/p>\n<p><strong>Selimiye<\/strong><\/p>\n<p><strong><img loading=\"lazy\" decoding=\"async\" class=\"alignnone size-full wp-image-5712\" src=\"https:\/\/www.julesverne.com.tr\/\/wp-content\/uploads\/2020\/09\/selimiye_tekne.jpg\" width=\"1090\" height=\"702\" alt=\"selimiye\" srcset=\"https:\/\/julesverne.com.tr\/wp-content\/uploads\/2020\/09\/selimiye_tekne.jpg 1090w, https:\/\/julesverne.com.tr\/wp-content\/uploads\/2020\/09\/selimiye_tekne-500x322.jpg 500w, https:\/\/julesverne.com.tr\/wp-content\/uploads\/2020\/09\/selimiye_tekne-768x495.jpg 768w\" sizes=\"(max-width: 1090px) 100vw, 1090px\" \/><\/strong><\/p>\n<p>Selimiye merkeze geldi\u011finizde sempatik bir ya\u015fam sizi de hemen sar\u0131yor. G&uuml;ler y&uuml;zl&uuml; insanlar\u0131, k&uuml;&ccedil;&uuml;k mekanlar\u0131, hafif esen r&uuml;zgar\u0131, esnaf\u0131yla unuttu\u011fumuz k&ouml;y hayat\u0131n\u0131 yeniden hat\u0131rlat\u0131yor. Selimiye merkezinde denize girmek pek elveri\u015fli gelmeyebilir. Kumsal\u0131n olmamas\u0131, demirleyen yatlar, restoranlar\u0131n deniz kenar\u0131ndaki masalar\u0131 deniz i&ccedil;in k&uuml;&ccedil;&uuml;k engeller olu\u015fturuyor ancak Selimiye&#8217;ye ara&ccedil;la 5-10 dakikada ula\u015fabilece\u011finiz denize girecek yerleri bulabilirsiniz.<\/p>\n<p><strong>Orhaniye<\/strong><\/p>\n<p><strong><img loading=\"lazy\" decoding=\"async\" class=\"alignnone size-full wp-image-5713\" src=\"https:\/\/www.julesverne.com.tr\/\/wp-content\/uploads\/2020\/09\/orhaniye.jpg\" width=\"740\" height=\"491\" alt=\"orhaniye\" srcset=\"https:\/\/julesverne.com.tr\/wp-content\/uploads\/2020\/09\/orhaniye.jpg 740w, https:\/\/julesverne.com.tr\/wp-content\/uploads\/2020\/09\/orhaniye-500x332.jpg 500w\" sizes=\"(max-width: 740px) 100vw, 740px\" \/><\/strong><\/p>\n<p>Sakin, sessiz yerler aras\u0131nda vazge&ccedil;ilmez olan Orhaniye &ccedil;am ormanlar\u0131 ve g&uuml;zel deniziyle do\u011fa olarak i&ccedil;inize huzur veriyor. Orman g&ouml;r&uuml;nt&uuml;lerinin suya yans\u0131mas\u0131yla ho\u015f g&ouml;r&uuml;nt&uuml;lere tan\u0131kl\u0131k edece\u011finiz Orhaniye&#8217;nin \u015f&ouml;hreti ise K\u0131zkumu Plaj\u0131&#8217;ndan geliyor. Denizin ortas\u0131na dek uzanan kumluk alan i&ccedil;in denize girdikten sonra suyun ortas\u0131nda y&uuml;r&uuml;y&uuml;\u015f yapabiliyorsunuz. Koyun ortas\u0131nda yer alan adaya tekne kiralayarak gidebilirsiniz.<\/p>\n<p style=\"text-align: left;\"><strong>Bozburun<\/strong><\/p>\n<p style=\"text-align: left;\"><strong><img loading=\"lazy\" decoding=\"async\" class=\"alignnone size-full wp-image-5714\" src=\"https:\/\/www.julesverne.com.tr\/\/wp-content\/uploads\/2020\/09\/bozburun-1.jpg\" width=\"800\" height=\"500\" alt=\"Bozburun\" srcset=\"https:\/\/julesverne.com.tr\/wp-content\/uploads\/2020\/09\/bozburun-1.jpg 800w, https:\/\/julesverne.com.tr\/wp-content\/uploads\/2020\/09\/bozburun-1-500x313.jpg 500w, https:\/\/julesverne.com.tr\/wp-content\/uploads\/2020\/09\/bozburun-1-768x480.jpg 768w\" sizes=\"(max-width: 800px) 100vw, 800px\" \/><\/strong><\/p>\n<p>Ege Denizi ile Akdeniz&#8217;i ay\u0131ran bir yar\u0131mada &uuml;zerinde konumlanmas\u0131n\u0131n art\u0131lar\u0131n\u0131 gizli koylar\u0131 ve harika do\u011fa manzaralar\u0131yla ya\u015fayan Bozburun y&uuml;z&ouml;l&ccedil;&uuml;m&uuml; k&uuml;&ccedil;&uuml;k ama insanda b\u0131rakt\u0131\u011f\u0131 izleri b&uuml;y&uuml;k bir sahil beldesi. Gulet yap\u0131m\u0131nda &ouml;nemli bir noktada olan bal\u0131k&ccedil;\u0131 kasabas\u0131 sarp kayal\u0131klar ard\u0131na s\u0131k\u0131\u015fm\u0131\u015f, ke\u015ffedilse de &ouml;zg&uuml;nl&uuml;\u011f&uuml; bozulmayan bir cennet.<\/p>\n<p><strong>Kumlub&uuml;k<\/strong><\/p>\n<p><strong><img loading=\"lazy\" decoding=\"async\" class=\"alignnone size-full wp-image-5715\" src=\"https:\/\/www.julesverne.com.tr\/\/wp-content\/uploads\/2020\/09\/kumlubuk-2.jpg\" width=\"690\" height=\"460\" alt=\"kumlubuk\" srcset=\"https:\/\/julesverne.com.tr\/wp-content\/uploads\/2020\/09\/kumlubuk-2.jpg 690w, https:\/\/julesverne.com.tr\/wp-content\/uploads\/2020\/09\/kumlubuk-2-500x333.jpg 500w\" sizes=\"(max-width: 690px) 100vw, 690px\" \/><\/strong><\/p>\n<p>Kumlub&uuml;k, &ouml;zellikle mavi yolculu\u011fa &ccedil;\u0131kanlar\u0131n vazge&ccedil;emedi\u011fi koy olarak da adland\u0131r\u0131labilir. Berrak denizi, sessiz ve sakin atmosferiyle az ve &ouml;z anlay\u0131\u015f\u0131n\u0131n temsili! Buras\u0131 sakin zaman ge&ccedil;irmek, denize girmek, dal\u0131\u015f yapmak isteyenler i&ccedil;in birebir.<\/p>\n<p><strong>S&ouml;\u011f&uuml;tk&ouml;y<\/strong><\/p>\n<p><strong><img loading=\"lazy\" decoding=\"async\" class=\"alignnone size-full wp-image-5716\" src=\"https:\/\/www.julesverne.com.tr\/\/wp-content\/uploads\/2020\/09\/sogut-2.jpg\" width=\"740\" height=\"493\" alt=\"sogutkoy\" srcset=\"https:\/\/julesverne.com.tr\/wp-content\/uploads\/2020\/09\/sogut-2.jpg 740w, https:\/\/julesverne.com.tr\/wp-content\/uploads\/2020\/09\/sogut-2-500x333.jpg 500w\" sizes=\"(max-width: 740px) 100vw, 740px\" \/><\/strong><\/p>\n<p>Hisar&ouml;n&uuml;, Orhaniye ve Selimiye k&ouml;ylerinden ge&ccedil;ilerek ula\u015ft\u0131\u011f\u0131n\u0131z S&ouml;\u011f&uuml;tk&ouml;y, el de\u011fmemi\u015f g&uuml;zellik tan\u0131mlamas\u0131n\u0131 kar\u015f\u0131l\u0131yor. Yol boyunca ke&ccedil;ileri g&ouml;rebilece\u011finiz, kahvelerdeki k&ouml;yl&uuml;leri seyredebilece\u011finiz belgesel film tad\u0131nda sahnelere \u015fahit olacaks\u0131n\u0131z. &nbsp;K&ouml;y&uuml;n giri\u015findeki okulun arkas\u0131nda M.&Ouml; y\u0131llara dayanan Thyssanos antik kentine ait kale kal\u0131nt\u0131lar bulunsa da aktif kaz\u0131 yap\u0131lmad\u0131\u011f\u0131 i&ccedil;in k&ouml;y&uuml;n hikayesini yerlilerinden dinlemelisiniz. Denizin temizli\u011finden ve g&uuml;zelli\u011finden bahsetmeye gerek bile yok!<\/p>\n<p style=\"text-align: center;\">&nbsp;<\/p><\/p>\n","protected":false},"excerpt":{"rendered":"<p>&ldquo;D&uuml;nya&rsquo;n\u0131n en g&uuml;zel g&ouml;\u011f&uuml;ne&rdquo; sahip, y&uuml;zy\u0131llar &ouml;nce g&uuml;zelli\u011fi ke\u015ffedilmi\u015f, ye\u015filin her tonuyla ta&ccedil;land\u0131r\u0131lm\u0131\u015f olan Marmaris, civar k&ouml;yleri ve koylar\u0131yla ke\u015ffetmekten asla s\u0131k\u0131lmayaca\u011f\u0131n\u0131z g&uuml;zelliklerle dolu&#8230;<\/p>\n","protected":false},"author":1,"featured_media":1753,"comment_status":"closed","ping_status":"closed","sticky":false,"template":"","format":"standard","meta":{"inline_featured_image":false,"footnotes":""},"categories":[1],"tags":[],"acf":[],"yoast_head":"<!-- This site is optimized with the Yoast SEO plugin v22.3 - https:\/\/yoast.com\/wordpress\/plugins\/seo\/ -->\n<title>Mavi ve Ye\u015filin En Yak\u0131\u015ft\u0131\u011f\u0131 Yer: Marmaris - JULES VERNE BUSINESS MICE TRAVEL<\/title>\n<meta name=\"robots\" content=\"index, follow, max-snippet:-1, max-image-preview:large, max-video-preview:-1\" \/>\n<link rel=\"canonical\" href=\"https:\/\/julesverne.com.tr\/travel-blog\/mavi-ve-yesilin-en-yakistigi-yer-marmaris\/\" \/>\n<meta property=\"og:locale\" content=\"en_US\" \/>\n<meta property=\"og:type\" content=\"article\" \/>\n<meta property=\"og:title\" content=\"Mavi ve Ye\u015filin En Yak\u0131\u015ft\u0131\u011f\u0131 Yer: Marmaris - JULES VERNE BUSINESS MICE TRAVEL\" \/>\n<meta property=\"og:description\" content=\"&ldquo;D&uuml;nya&rsquo;n\u0131n en g&uuml;zel g&ouml;\u011f&uuml;ne&rdquo; sahip, y&uuml;zy\u0131llar &ouml;nce g&uuml;zelli\u011fi ke\u015ffedilmi\u015f, ye\u015filin her tonuyla ta&ccedil;land\u0131r\u0131lm\u0131\u015f olan Marmaris, civar k&ouml;yleri ve koylar\u0131yla ke\u015ffetmekten asla s\u0131k\u0131lmayaca\u011f\u0131n\u0131z g&uuml;zelliklerle dolu...\" \/>\n<meta property=\"og:url\" content=\"https:\/\/julesverne.com.tr\/travel-blog\/mavi-ve-yesilin-en-yakistigi-yer-marmaris\/\" \/>\n<meta property=\"og:site_name\" content=\"JULES VERNE BUSINESS MICE TRAVEL\" \/>\n<meta property=\"article:publisher\" content=\"https:\/\/www.facebook.com\/JulesVerneBusinessMiceTravel\/\" \/>\n<meta property=\"article:published_time\" content=\"2017-06-13T14:33:56+00:00\" \/>\n<meta property=\"article:modified_time\" content=\"2020-09-21T14:36:37+00:00\" \/>\n<meta property=\"og:image\" content=\"https:\/\/julesverne.com.tr\/wp-content\/uploads\/2020\/09\/kumlubuk.jpg\" \/>\n\t<meta property=\"og:image:width\" content=\"690\" \/>\n\t<meta property=\"og:image:height\" content=\"460\" \/>\n\t<meta property=\"og:image:type\" content=\"image\/jpeg\" \/>\n<meta name=\"author\" content=\"fikirman\" \/>\n<meta name=\"twitter:card\" content=\"summary_large_image\" \/>\n<meta name=\"twitter:creator\" content=\"@JV_BusinessMice\" \/>\n<meta name=\"twitter:site\" content=\"@JV_BusinessMice\" \/>\n<meta name=\"twitter:label1\" content=\"Written by\" \/>\n\t<meta name=\"twitter:data1\" content=\"fikirman\" \/>\n\t<meta name=\"twitter:label2\" content=\"Est. reading time\" \/>\n\t<meta name=\"twitter:data2\" content=\"4 minutes\" \/>\n<script type=\"application\/ld+json\" class=\"yoast-schema-graph\">{\"@context\":\"https:\/\/schema.org\",\"@graph\":[{\"@type\":\"Article\",\"@id\":\"https:\/\/julesverne.com.tr\/travel-blog\/mavi-ve-yesilin-en-yakistigi-yer-marmaris\/#article\",\"isPartOf\":{\"@id\":\"https:\/\/julesverne.com.tr\/travel-blog\/mavi-ve-yesilin-en-yakistigi-yer-marmaris\/\"},\"author\":{\"name\":\"fikirman\",\"@id\":\"https:\/\/julesverne.com.tr\/#\/schema\/person\/f4eb0514ae455538644c31b99a466fdb\"},\"headline\":\"Mavi ve Ye\u015filin En Yak\u0131\u015ft\u0131\u011f\u0131 Yer: Marmaris\",\"datePublished\":\"2017-06-13T14:33:56+00:00\",\"dateModified\":\"2020-09-21T14:36:37+00:00\",\"mainEntityOfPage\":{\"@id\":\"https:\/\/julesverne.com.tr\/travel-blog\/mavi-ve-yesilin-en-yakistigi-yer-marmaris\/\"},\"wordCount\":790,\"publisher\":{\"@id\":\"https:\/\/julesverne.com.tr\/#organization\"},\"image\":{\"@id\":\"https:\/\/julesverne.com.tr\/travel-blog\/mavi-ve-yesilin-en-yakistigi-yer-marmaris\/#primaryimage\"},\"thumbnailUrl\":\"https:\/\/julesverne.com.tr\/wp-content\/uploads\/2020\/09\/kumlubuk.jpg\",\"articleSection\":[\"Blog\"],\"inLanguage\":\"en-US\"},{\"@type\":\"WebPage\",\"@id\":\"https:\/\/julesverne.com.tr\/travel-blog\/mavi-ve-yesilin-en-yakistigi-yer-marmaris\/\",\"url\":\"https:\/\/julesverne.com.tr\/travel-blog\/mavi-ve-yesilin-en-yakistigi-yer-marmaris\/\",\"name\":\"Mavi ve Ye\u015filin En Yak\u0131\u015ft\u0131\u011f\u0131 Yer: Marmaris - JULES VERNE BUSINESS MICE TRAVEL\",\"isPartOf\":{\"@id\":\"https:\/\/julesverne.com.tr\/#website\"},\"primaryImageOfPage\":{\"@id\":\"https:\/\/julesverne.com.tr\/travel-blog\/mavi-ve-yesilin-en-yakistigi-yer-marmaris\/#primaryimage\"},\"image\":{\"@id\":\"https:\/\/julesverne.com.tr\/travel-blog\/mavi-ve-yesilin-en-yakistigi-yer-marmaris\/#primaryimage\"},\"thumbnailUrl\":\"https:\/\/julesverne.com.tr\/wp-content\/uploads\/2020\/09\/kumlubuk.jpg\",\"datePublished\":\"2017-06-13T14:33:56+00:00\",\"dateModified\":\"2020-09-21T14:36:37+00:00\",\"breadcrumb\":{\"@id\":\"https:\/\/julesverne.com.tr\/travel-blog\/mavi-ve-yesilin-en-yakistigi-yer-marmaris\/#breadcrumb\"},\"inLanguage\":\"en-US\",\"potentialAction\":[{\"@type\":\"ReadAction\",\"target\":[\"https:\/\/julesverne.com.tr\/travel-blog\/mavi-ve-yesilin-en-yakistigi-yer-marmaris\/\"]}]},{\"@type\":\"ImageObject\",\"inLanguage\":\"en-US\",\"@id\":\"https:\/\/julesverne.com.tr\/travel-blog\/mavi-ve-yesilin-en-yakistigi-yer-marmaris\/#primaryimage\",\"url\":\"https:\/\/julesverne.com.tr\/wp-content\/uploads\/2020\/09\/kumlubuk.jpg\",\"contentUrl\":\"https:\/\/julesverne.com.tr\/wp-content\/uploads\/2020\/09\/kumlubuk.jpg\",\"width\":690,\"height\":460},{\"@type\":\"BreadcrumbList\",\"@id\":\"https:\/\/julesverne.com.tr\/travel-blog\/mavi-ve-yesilin-en-yakistigi-yer-marmaris\/#breadcrumb\",\"itemListElement\":[{\"@type\":\"ListItem\",\"position\":1,\"name\":\"Anasayfa\",\"item\":\"https:\/\/julesverne.com.tr\/\"},{\"@type\":\"ListItem\",\"position\":2,\"name\":\"Mavi ve Ye\u015filin En Yak\u0131\u015ft\u0131\u011f\u0131 Yer: Marmaris\"}]},{\"@type\":\"WebSite\",\"@id\":\"https:\/\/julesverne.com.tr\/#website\",\"url\":\"https:\/\/julesverne.com.tr\/\",\"name\":\"JULES VERNE BUSINESS MICE TRAVEL\",\"description\":\"\",\"publisher\":{\"@id\":\"https:\/\/julesverne.com.tr\/#organization\"},\"potentialAction\":[{\"@type\":\"SearchAction\",\"target\":{\"@type\":\"EntryPoint\",\"urlTemplate\":\"https:\/\/julesverne.com.tr\/?s={search_term_string}\"},\"query-input\":\"required name=search_term_string\"}],\"inLanguage\":\"en-US\"},{\"@type\":\"Organization\",\"@id\":\"https:\/\/julesverne.com.tr\/#organization\",\"name\":\"JULES VERNE BUSINESS MICE TRAVEL\",\"url\":\"https:\/\/julesverne.com.tr\/\",\"logo\":{\"@type\":\"ImageObject\",\"inLanguage\":\"en-US\",\"@id\":\"https:\/\/julesverne.com.tr\/#\/schema\/logo\/image\/\",\"url\":\"https:\/\/julesverne.com.tr\/wp-content\/uploads\/2020\/09\/jv-bmt-logo.png\",\"contentUrl\":\"https:\/\/julesverne.com.tr\/wp-content\/uploads\/2020\/09\/jv-bmt-logo.png\",\"width\":110,\"height\":81,\"caption\":\"JULES VERNE BUSINESS MICE TRAVEL\"},\"image\":{\"@id\":\"https:\/\/julesverne.com.tr\/#\/schema\/logo\/image\/\"},\"sameAs\":[\"https:\/\/www.facebook.com\/JulesVerneBusinessMiceTravel\/\",\"https:\/\/twitter.com\/JV_BusinessMice\",\"https:\/\/www.instagram.com\/julesvernebusinessmicetravel\/\",\"https:\/\/www.linkedin.com\/company\/julesvernebusinessmicetravel\/\",\"https:\/\/www.youtube.com\/channel\/UCAwdsmbZ6tFhu1tea6pkpiw\"]},{\"@type\":\"Person\",\"@id\":\"https:\/\/julesverne.com.tr\/#\/schema\/person\/f4eb0514ae455538644c31b99a466fdb\",\"name\":\"fikirman\",\"sameAs\":[\"http:\/\/advermedya.net\/julesverne\"],\"url\":\"https:\/\/julesverne.com.tr\/en\/author\/fikirman\/\"}]}<\/script>\n<!-- \/ Yoast SEO plugin. -->","yoast_head_json":{"title":"Mavi ve Ye\u015filin En Yak\u0131\u015ft\u0131\u011f\u0131 Yer: Marmaris - JULES VERNE BUSINESS MICE TRAVEL","robots":{"index":"index","follow":"follow","max-snippet":"max-snippet:-1","max-image-preview":"max-image-preview:large","max-video-preview":"max-video-preview:-1"},"canonical":"https:\/\/julesverne.com.tr\/travel-blog\/mavi-ve-yesilin-en-yakistigi-yer-marmaris\/","og_locale":"en_US","og_type":"article","og_title":"Mavi ve Ye\u015filin En Yak\u0131\u015ft\u0131\u011f\u0131 Yer: Marmaris - JULES VERNE BUSINESS MICE TRAVEL","og_description":"&ldquo;D&uuml;nya&rsquo;n\u0131n en g&uuml;zel g&ouml;\u011f&uuml;ne&rdquo; sahip, y&uuml;zy\u0131llar &ouml;nce g&uuml;zelli\u011fi ke\u015ffedilmi\u015f, ye\u015filin her tonuyla ta&ccedil;land\u0131r\u0131lm\u0131\u015f olan Marmaris, civar k&ouml;yleri ve koylar\u0131yla ke\u015ffetmekten asla s\u0131k\u0131lmayaca\u011f\u0131n\u0131z g&uuml;zelliklerle dolu...","og_url":"https:\/\/julesverne.com.tr\/travel-blog\/mavi-ve-yesilin-en-yakistigi-yer-marmaris\/","og_site_name":"JULES VERNE BUSINESS MICE TRAVEL","article_publisher":"https:\/\/www.facebook.com\/JulesVerneBusinessMiceTravel\/","article_published_time":"2017-06-13T14:33:56+00:00","article_modified_time":"2020-09-21T14:36:37+00:00","og_image":[{"width":690,"height":460,"url":"https:\/\/julesverne.com.tr\/wp-content\/uploads\/2020\/09\/kumlubuk.jpg","type":"image\/jpeg"}],"author":"fikirman","twitter_card":"summary_large_image","twitter_creator":"@JV_BusinessMice","twitter_site":"@JV_BusinessMice","twitter_misc":{"Written by":"fikirman","Est. reading time":"4 minutes"},"schema":{"@context":"https:\/\/schema.org","@graph":[{"@type":"Article","@id":"https:\/\/julesverne.com.tr\/travel-blog\/mavi-ve-yesilin-en-yakistigi-yer-marmaris\/#article","isPartOf":{"@id":"https:\/\/julesverne.com.tr\/travel-blog\/mavi-ve-yesilin-en-yakistigi-yer-marmaris\/"},"author":{"name":"fikirman","@id":"https:\/\/julesverne.com.tr\/#\/schema\/person\/f4eb0514ae455538644c31b99a466fdb"},"headline":"Mavi ve Ye\u015filin En Yak\u0131\u015ft\u0131\u011f\u0131 Yer: Marmaris","datePublished":"2017-06-13T14:33:56+00:00","dateModified":"2020-09-21T14:36:37+00:00","mainEntityOfPage":{"@id":"https:\/\/julesverne.com.tr\/travel-blog\/mavi-ve-yesilin-en-yakistigi-yer-marmaris\/"},"wordCount":790,"publisher":{"@id":"https:\/\/julesverne.com.tr\/#organization"},"image":{"@id":"https:\/\/julesverne.com.tr\/travel-blog\/mavi-ve-yesilin-en-yakistigi-yer-marmaris\/#primaryimage"},"thumbnailUrl":"https:\/\/julesverne.com.tr\/wp-content\/uploads\/2020\/09\/kumlubuk.jpg","articleSection":["Blog"],"inLanguage":"en-US"},{"@type":"WebPage","@id":"https:\/\/julesverne.com.tr\/travel-blog\/mavi-ve-yesilin-en-yakistigi-yer-marmaris\/","url":"https:\/\/julesverne.com.tr\/travel-blog\/mavi-ve-yesilin-en-yakistigi-yer-marmaris\/","name":"Mavi ve Ye\u015filin En Yak\u0131\u015ft\u0131\u011f\u0131 Yer: Marmaris - JULES VERNE BUSINESS MICE TRAVEL","isPartOf":{"@id":"https:\/\/julesverne.com.tr\/#website"},"primaryImageOfPage":{"@id":"https:\/\/julesverne.com.tr\/travel-blog\/mavi-ve-yesilin-en-yakistigi-yer-marmaris\/#primaryimage"},"image":{"@id":"https:\/\/julesverne.com.tr\/travel-blog\/mavi-ve-yesilin-en-yakistigi-yer-marmaris\/#primaryimage"},"thumbnailUrl":"https:\/\/julesverne.com.tr\/wp-content\/uploads\/2020\/09\/kumlubuk.jpg","datePublished":"2017-06-13T14:33:56+00:00","dateModified":"2020-09-21T14:36:37+00:00","breadcrumb":{"@id":"https:\/\/julesverne.com.tr\/travel-blog\/mavi-ve-yesilin-en-yakistigi-yer-marmaris\/#breadcrumb"},"inLanguage":"en-US","potentialAction":[{"@type":"ReadAction","target":["https:\/\/julesverne.com.tr\/travel-blog\/mavi-ve-yesilin-en-yakistigi-yer-marmaris\/"]}]},{"@type":"ImageObject","inLanguage":"en-US","@id":"https:\/\/julesverne.com.tr\/travel-blog\/mavi-ve-yesilin-en-yakistigi-yer-marmaris\/#primaryimage","url":"https:\/\/julesverne.com.tr\/wp-content\/uploads\/2020\/09\/kumlubuk.jpg","contentUrl":"https:\/\/julesverne.com.tr\/wp-content\/uploads\/2020\/09\/kumlubuk.jpg","width":690,"height":460},{"@type":"BreadcrumbList","@id":"https:\/\/julesverne.com.tr\/travel-blog\/mavi-ve-yesilin-en-yakistigi-yer-marmaris\/#breadcrumb","itemListElement":[{"@type":"ListItem","position":1,"name":"Anasayfa","item":"https:\/\/julesverne.com.tr\/"},{"@type":"ListItem","position":2,"name":"Mavi ve Ye\u015filin En Yak\u0131\u015ft\u0131\u011f\u0131 Yer: Marmaris"}]},{"@type":"WebSite","@id":"https:\/\/julesverne.com.tr\/#website","url":"https:\/\/julesverne.com.tr\/","name":"JULES VERNE BUSINESS MICE TRAVEL","description":"","publisher":{"@id":"https:\/\/julesverne.com.tr\/#organization"},"potentialAction":[{"@type":"SearchAction","target":{"@type":"EntryPoint","urlTemplate":"https:\/\/julesverne.com.tr\/?s={search_term_string}"},"query-input":"required name=search_term_string"}],"inLanguage":"en-US"},{"@type":"Organization","@id":"https:\/\/julesverne.com.tr\/#organization","name":"JULES VERNE BUSINESS MICE TRAVEL","url":"https:\/\/julesverne.com.tr\/","logo":{"@type":"ImageObject","inLanguage":"en-US","@id":"https:\/\/julesverne.com.tr\/#\/schema\/logo\/image\/","url":"https:\/\/julesverne.com.tr\/wp-content\/uploads\/2020\/09\/jv-bmt-logo.png","contentUrl":"https:\/\/julesverne.com.tr\/wp-content\/uploads\/2020\/09\/jv-bmt-logo.png","width":110,"height":81,"caption":"JULES VERNE BUSINESS MICE TRAVEL"},"image":{"@id":"https:\/\/julesverne.com.tr\/#\/schema\/logo\/image\/"},"sameAs":["https:\/\/www.facebook.com\/JulesVerneBusinessMiceTravel\/","https:\/\/twitter.com\/JV_BusinessMice","https:\/\/www.instagram.com\/julesvernebusinessmicetravel\/","https:\/\/www.linkedin.com\/company\/julesvernebusinessmicetravel\/","https:\/\/www.youtube.com\/channel\/UCAwdsmbZ6tFhu1tea6pkpiw"]},{"@type":"Person","@id":"https:\/\/julesverne.com.tr\/#\/schema\/person\/f4eb0514ae455538644c31b99a466fdb","name":"fikirman","sameAs":["http:\/\/advermedya.net\/julesverne"],"url":"https:\/\/julesverne.com.tr\/en\/author\/fikirman\/"}]}},"_links":{"self":[{"href":"https:\/\/julesverne.com.tr\/en\/wp-json\/wp\/v2\/posts\/1752"}],"collection":[{"href":"https:\/\/julesverne.com.tr\/en\/wp-json\/wp\/v2\/posts"}],"about":[{"href":"https:\/\/julesverne.com.tr\/en\/wp-json\/wp\/v2\/types\/post"}],"author":[{"embeddable":true,"href":"https:\/\/julesverne.com.tr\/en\/wp-json\/wp\/v2\/users\/1"}],"replies":[{"embeddable":true,"href":"https:\/\/julesverne.com.tr\/en\/wp-json\/wp\/v2\/comments?post=1752"}],"version-history":[{"count":0,"href":"https:\/\/julesverne.com.tr\/en\/wp-json\/wp\/v2\/posts\/1752\/revisions"}],"wp:featuredmedia":[{"embeddable":true,"href":"https:\/\/julesverne.com.tr\/en\/wp-json\/wp\/v2\/media\/1753"}],"wp:attachment":[{"href":"https:\/\/julesverne.com.tr\/en\/wp-json\/wp\/v2\/media?parent=1752"}],"wp:term":[{"taxonomy":"category","embeddable":true,"href":"https:\/\/julesverne.com.tr\/en\/wp-json\/wp\/v2\/categories?post=1752"},{"taxonomy":"post_tag","embeddable":true,"href":"https:\/\/julesverne.com.tr\/en\/wp-json\/wp\/v2\/tags?post=1752"}],"curies":[{"name":"wp","href":"https:\/\/api.w.org\/{rel}","templated":true}]}}