{"id":1748,"date":"2017-06-07T15:20:22","date_gmt":"2017-06-07T12:20:22","guid":{"rendered":"https:\/\/www.julesverne.com.tr\/\/blog\/ozgunlugun-ve-gelenegin-izinde-bir-yunan-harikasi-costa-navarino\/"},"modified":"2021-03-04T15:28:22","modified_gmt":"2021-03-04T12:28:22","slug":"ozgunlugun-ve-gelenegin-izinde-bir-yunan-harikasi-costa-navarino","status":"publish","type":"post","link":"https:\/\/julesverne.com.tr\/en\/travel-blog\/ozgunlugun-ve-gelenegin-izinde-bir-yunan-harikasi-costa-navarino\/","title":{"rendered":"\u00d6zg\u00fcnl\u00fc\u011f\u00fcn ve Gelene\u011fin \u0130zinde Bir Yunan Harikas\u0131: Costa Navarino"},"content":{"rendered":"<p><p style=\"text-align: center;\">&nbsp;<img loading=\"lazy\" decoding=\"async\" class=\"alignnone size-full wp-image-5721\" src=\"https:\/\/www.julesverne.com.tr\/\/wp-content\/uploads\/2020\/09\/navarino.png\" width=\"1280\" height=\"574\" alt=\"costa\" srcset=\"https:\/\/julesverne.com.tr\/wp-content\/uploads\/2020\/09\/navarino.png 1280w, https:\/\/julesverne.com.tr\/wp-content\/uploads\/2020\/09\/navarino-500x224.png 500w, https:\/\/julesverne.com.tr\/wp-content\/uploads\/2020\/09\/navarino-768x344.png 768w\" sizes=\"(max-width: 1280px) 100vw, 1280px\" \/><\/p>\n<p style=\"text-align: justify;\"><strong>Bize en yak\u0131n, bizden gibi hissettiren Yunanistan sadece bir ad\u0131m uza\u011f\u0131m\u0131zda!<\/strong> <strong>Mora Yar\u0131madas\u0131&#8217;n\u0131n g&uuml;neybat\u0131s\u0131nda, g&ouml;zlerden uzakta muhte\u015fem bir k&ouml;\u015feyi kendine mesken tutan Costa Navarino bir otelden &ccedil;ok ama &ccedil;ok daha fazlas\u0131! L&uuml;ks tatil k&ouml;y&uuml; dendi\u011finde g&ouml;z&uuml;n&uuml;z&uuml;n &ouml;n&uuml;ne gelen basmakal\u0131p devasa otel imaj\u0131n\u0131 yerle bir eden, 320 d&ouml;n&uuml;ml&uuml;k olduk&ccedil;a geni\u015f bir arazide iki farkl\u0131 otel konseptini bulu\u015fturan l&uuml;ks resort k&uuml;&ccedil;&uuml;k bir \u015fehir hayat\u0131ndan geri durmuyor. <\/strong><\/p>\n<p><img loading=\"lazy\" decoding=\"async\" class=\"alignnone size-full wp-image-5722\" src=\"https:\/\/www.julesverne.com.tr\/\/wp-content\/uploads\/2020\/09\/dolunay.png\" width=\"1280\" height=\"521\" alt=\"costa\" srcset=\"https:\/\/julesverne.com.tr\/wp-content\/uploads\/2020\/09\/dolunay.png 1280w, https:\/\/julesverne.com.tr\/wp-content\/uploads\/2020\/09\/dolunay-500x204.png 500w, https:\/\/julesverne.com.tr\/wp-content\/uploads\/2020\/09\/dolunay-768x313.png 768w\" sizes=\"(max-width: 1280px) 100vw, 1280px\" \/>L&uuml;ks resort &ccedil;at\u0131s\u0131 alt\u0131nda bug&uuml;ne kadar g&ouml;rmedi\u011finiz hizmet ve &ccedil;e\u015fitlili\u011fi bulaca\u011f\u0131n\u0131z Costa Navarino; bulundu\u011fu yerin k&uuml;lt&uuml;r ve geleneklerine sayg\u0131 duyan ve bu sayede sizi Yunanistan&#8217;\u0131n bir par&ccedil;as\u0131 gibi hissettiren bir karaktere sahip.&nbsp;<\/p>\n<p style=\"text-align: center;\"><img loading=\"lazy\" decoding=\"async\" class=\"alignnone size-full wp-image-5723\" src=\"https:\/\/www.julesverne.com.tr\/\/wp-content\/uploads\/2020\/09\/kapak-11.jpg\" width=\"740\" height=\"416\" alt=\"\" srcset=\"https:\/\/julesverne.com.tr\/wp-content\/uploads\/2020\/09\/kapak-11.jpg 740w, https:\/\/julesverne.com.tr\/wp-content\/uploads\/2020\/09\/kapak-11-500x281.jpg 500w, https:\/\/julesverne.com.tr\/wp-content\/uploads\/2020\/09\/kapak-11-400x225.jpg 400w\" sizes=\"(max-width: 740px) 100vw, 740px\" \/><\/p>\n<p>Costa Navarino&rsquo;nun di\u011fer tatil merkezlerinden g&ouml;zle g&ouml;r&uuml;l&uuml;r \u015fekilde farkl\u0131 ve &ldquo;&ouml;zel&rdquo; olmas\u0131n\u0131n alt\u0131nda i&ccedil;inde bulundu\u011fu do\u011fadan maksimum seviyede faydalanacak aktiviteler sunmas\u0131, k&uuml;lt&uuml;r ve sanat aktiviteleri ile ruhu beslemesi, tad\u0131m turlar\u0131 ile gastronomi d&uuml;nyas\u0131n\u0131n kap\u0131lar\u0131n\u0131 aralamas\u0131, astronomi ve felsefe sohbetleriyle evreni anlamaya ve anlatmaya &ccedil;al\u0131\u015fmas\u0131 yat\u0131yor. L&uuml;ks SPA merkezi, iki &ouml;zel golf sahas\u0131 ile beklentileri y&uuml;kseltiyor.<\/p>\n<p><img loading=\"lazy\" decoding=\"async\" class=\"alignnone size-full wp-image-5724\" src=\"https:\/\/www.julesverne.com.tr\/\/wp-content\/uploads\/2020\/09\/aksam_dusuk.jpg\" width=\"1280\" height=\"520\" alt=\"navarino\" srcset=\"https:\/\/julesverne.com.tr\/wp-content\/uploads\/2020\/09\/aksam_dusuk.jpg 1280w, https:\/\/julesverne.com.tr\/wp-content\/uploads\/2020\/09\/aksam_dusuk-500x203.jpg 500w, https:\/\/julesverne.com.tr\/wp-content\/uploads\/2020\/09\/aksam_dusuk-768x312.jpg 768w\" sizes=\"(max-width: 1280px) 100vw, 1280px\" \/><\/p>\n<p>Ba\u011f\u0131ms\u0131z alanlar yarat\u0131lmas\u0131 sayesinde sosyal alanlar\u0131n bir karma\u015fa i&ccedil;erisinde olmamas\u0131 ise en b&uuml;y&uuml;k art\u0131s\u0131! &nbsp;Daha &ccedil;ok ailelere hitap eden, &ccedil;ocuklara &ouml;zel tasarlanm\u0131\u015f iki merkezi; Aqua Park e\u011flence alan\u0131yla <strong>The Westin Resort<\/strong> sahile yak\u0131n konumlan\u0131rken; &nbsp; Rus i\u015f adamlar\u0131, Alman futbolcular, Hollywood oyuncular\u0131na ev sahipli\u011fi yapan <strong>The Romanos<\/strong> bah&ccedil;eler i&ccedil;erisinde, mahremiyete &ouml;nem veren l&uuml;ks tasar\u0131mla dizayn edilmi\u015f.&nbsp;<\/p>\n<p style=\"text-align: center;\"><img loading=\"lazy\" decoding=\"async\" class=\"alignnone size-full wp-image-5725\" src=\"https:\/\/www.julesverne.com.tr\/\/wp-content\/uploads\/2020\/09\/westin1.jpg\" width=\"740\" height=\"493\" alt=\"costa\" srcset=\"https:\/\/julesverne.com.tr\/wp-content\/uploads\/2020\/09\/westin1.jpg 740w, https:\/\/julesverne.com.tr\/wp-content\/uploads\/2020\/09\/westin1-500x333.jpg 500w\" sizes=\"(max-width: 740px) 100vw, 740px\" \/><\/p>\n<p>Dunes Beach sahil k\u0131y\u0131s\u0131nda konumlanan <strong>The Westin Resort<\/strong>, 445 oda ve s&uuml;itiyle misafirlerini a\u011f\u0131rl\u0131yor. B&ouml;lgenin geleneksel konaklar\u0131ndan esinlenerek dekore edilen odalarda do\u011fal ah\u015fap mobilyalar ve beyaz rengin hakimiyeti hissediliyor. Deniz manzaras\u0131na veya havuzlara bakan odalar\u0131n hepsi &ccedil;ocuklu ailelerin birlikte konaklayabilece\u011fi \u015fekilde tasarlanm\u0131\u015f.&nbsp;<\/p>\n<p style=\"text-align: center;\"><img loading=\"lazy\" decoding=\"async\" class=\"alignnone size-full wp-image-5726\" src=\"https:\/\/www.julesverne.com.tr\/\/wp-content\/uploads\/2020\/09\/westin5.jpg\" width=\"740\" height=\"416\" alt=\"\" srcset=\"https:\/\/julesverne.com.tr\/wp-content\/uploads\/2020\/09\/westin5.jpg 740w, https:\/\/julesverne.com.tr\/wp-content\/uploads\/2020\/09\/westin5-500x281.jpg 500w, https:\/\/julesverne.com.tr\/wp-content\/uploads\/2020\/09\/westin5-400x225.jpg 400w\" sizes=\"(max-width: 740px) 100vw, 740px\" \/><\/p>\n<p style=\"text-align: justify;\">4 ay &nbsp;-3 ya\u015f &ccedil;ocuklar i&ccedil;in tasarlanan Cocoon Care Center e\u011fitimli bebek hem\u015fireleri ve personeliyle ailelere b&uuml;y&uuml;k bir l&uuml;ks sunuyor asl\u0131nda. Duyusal ke\u015ffi artt\u0131ran oyunlar\u0131 ve aktiviteleri ile &ccedil;ocuk geli\u015fimini destekleyen bir yakla\u015f\u0131m &ouml;ne &ccedil;\u0131k\u0131yor. 4-12 ya\u015f &ccedil;ocuklar\u0131 i&ccedil;in tasarlanan Sandcastle ya\u015f gruplar\u0131na g&ouml;re olu\u015fturulan g&uuml;n boyu aktiviteleri ile hem onlar\u0131n e\u011flenmesini hem de bu s&uuml;re zarf\u0131nda k&uuml;lt&uuml;rel ve tarihi de\u011ferleri a\u015f\u0131lamay\u0131, onlar\u0131 do\u011fayla bulu\u015fturmay\u0131 hedefliyor.<\/p>\n<p><img loading=\"lazy\" decoding=\"async\" class=\"alignnone size-full wp-image-5727\" src=\"https:\/\/www.julesverne.com.tr\/\/wp-content\/uploads\/2020\/09\/park.jpg\" width=\"1280\" height=\"539\" alt=\"park\" srcset=\"https:\/\/julesverne.com.tr\/wp-content\/uploads\/2020\/09\/park.jpg 1280w, https:\/\/julesverne.com.tr\/wp-content\/uploads\/2020\/09\/park-500x211.jpg 500w, https:\/\/julesverne.com.tr\/wp-content\/uploads\/2020\/09\/park-768x323.jpg 768w\" sizes=\"(max-width: 1280px) 100vw, 1280px\" \/><\/p>\n<p>D&uuml;nyaca &uuml;nl&uuml; futbolculardan Hollywood y\u0131ld\u0131zlar\u0131na kadar &ouml;nemli ki\u015filerin tercihi olan <strong>The Romanos<\/strong> ise Costa Navarino&#8217;nun g&ouml;zlerden uzak, daha ki\u015fiye &ouml;zel bir seyahat deneyimlemek isteyenlere hitap ediyor. \u0130yon Denizi&#8217;ne bakan yemye\u015fil zeytin a\u011fa&ccedil;lar\u0131n\u0131n aras\u0131nda yer alan otel huzur, l&uuml;ks ve sakinli\u011fi bir arada sunuyor. Geni\u015f bah&ccedil;eler i&ccedil;erisinde s&uuml;it ve villalar dahil olmak &uuml;zere 312 odas\u0131 bulunan <strong>The Romanos g&ouml;zden kaybolmak isteyen seyahat severler i&ccedil;in gizli bir cennet.<\/strong> N&ouml;tr tonlarda dekore edilen odalar\u0131n fark\u0131 ayr\u0131nt\u0131larda gizli! Sade ama l&uuml;ks tasar\u0131m\u0131; villa ve &ccedil;o\u011fu s&uuml;itte yer alan &ouml;zel havuzlar\u0131yla kendi d&uuml;nyan\u0131z\u0131 yaratma \u015fans\u0131 veriyor.<\/p>\n<p style=\"text-align: center;\"><img loading=\"lazy\" decoding=\"async\" class=\"alignnone size-full wp-image-5728\" src=\"https:\/\/www.julesverne.com.tr\/\/wp-content\/uploads\/2020\/09\/westin-1.jpg\" width=\"740\" height=\"493\" alt=\"costa\" srcset=\"https:\/\/julesverne.com.tr\/wp-content\/uploads\/2020\/09\/westin-1.jpg 740w, https:\/\/julesverne.com.tr\/wp-content\/uploads\/2020\/09\/westin-1-500x333.jpg 500w\" sizes=\"(max-width: 740px) 100vw, 740px\" \/><\/p>\n<p style=\"text-align: justify;\">Tatil merkezinin d&ouml;rt bir yan\u0131na yay\u0131lan 19 adet bar restoran\u0131yla a\u011f\u0131rl\u0131kl\u0131 olarak Yunan ve Akdeniz mutfaklar\u0131na &ouml;zg&uuml; lezzetler sunsa da L&uuml;bnan, \u0130talyan, Japon mutfaklar\u0131 odakl\u0131 restoranlar\u0131 da i\u015ftah kabart\u0131yor. \u015e\u0131k tasar\u0131mlar\u0131yla her mekanda farkl\u0131 ve g&uuml;zel bir atmosferle kar\u015f\u0131la\u015f\u0131yorsunuz. Gurme tatlara imza atan restoranlarda zengin ve damak tad\u0131na hitap eden tatlar oldu\u011funun alt\u0131n\u0131 &ccedil;izmek gerekiyor.<\/p>\n<p style=\"text-align: center;\"><img loading=\"lazy\" decoding=\"async\" class=\"alignnone size-full wp-image-5729\" src=\"https:\/\/www.julesverne.com.tr\/\/wp-content\/uploads\/2020\/09\/inbi_restaurant.jpg\" width=\"740\" height=\"416\" alt=\"\" srcset=\"https:\/\/julesverne.com.tr\/wp-content\/uploads\/2020\/09\/inbi_restaurant.jpg 740w, https:\/\/julesverne.com.tr\/wp-content\/uploads\/2020\/09\/inbi_restaurant-500x281.jpg 500w, https:\/\/julesverne.com.tr\/wp-content\/uploads\/2020\/09\/inbi_restaurant-400x225.jpg 400w\" sizes=\"(max-width: 740px) 100vw, 740px\" \/><\/p>\n<p style=\"text-align: justify;\">Sadece iyi ve l&uuml;ks tatil merkezi olmas\u0131n\u0131n &ouml;tesinde bulundu\u011fu b&ouml;lgenin yerel ve k&uuml;lt&uuml;rel de\u011ferlerini misafirlerine ya\u015fatarak, kendilerini buraya ait hissetmelerini arzulayan Costa Navarino bu k&uuml;lt&uuml;r&uuml; ya\u015fatacak aktiviteleriyle heyecanland\u0131r\u0131yor. Pitoresk k&ouml;y evini ziyaret edip, geleneksel tarifleri, Messinia mutfa\u011f\u0131 yemeklerini ke\u015ffedebilir, ke\u015fif turlar\u0131 ile bulundu\u011funuz do\u011fay\u0131 yak\u0131ndan tan\u0131yabilirsiniz. Yunan \u015faraplar\u0131 hakk\u0131nda fark\u0131ndal\u0131k kazand\u0131racak Wine Master derslerine girebilir, mahzene inerek \u015farap &uuml;retimine bizzat \u015fahit olabilirsiniz. E\u011fer seyahat tarihleriniz zeytin hasat\u0131 d&ouml;nemine denk geliyorsa yerlilerle a\u011fa&ccedil;lardan zeytin toplayabilir, leziz zeytinya\u011f\u0131 tad\u0131mlar\u0131n\u0131 yapabilirsiniz.<\/p>\n<p style=\"text-align: center;\"><img loading=\"lazy\" decoding=\"async\" class=\"alignnone size-full wp-image-5730\" src=\"https:\/\/www.julesverne.com.tr\/\/wp-content\/uploads\/2020\/09\/costa_navarino_yemek-1.jpg\" width=\"740\" height=\"416\" alt=\"\" srcset=\"https:\/\/julesverne.com.tr\/wp-content\/uploads\/2020\/09\/costa_navarino_yemek-1.jpg 740w, https:\/\/julesverne.com.tr\/wp-content\/uploads\/2020\/09\/costa_navarino_yemek-1-500x281.jpg 500w, https:\/\/julesverne.com.tr\/wp-content\/uploads\/2020\/09\/costa_navarino_yemek-1-400x225.jpg 400w\" sizes=\"(max-width: 740px) 100vw, 740px\" \/><\/p>\n<p style=\"text-align: justify;\">Sanat ve k&uuml;lt&uuml;r &ccedil;at\u0131s\u0131 alt\u0131nda Felsefe Y&uuml;r&uuml;y&uuml;\u015fleri&#8217;ne kat\u0131l\u0131p Antik Yunan d&uuml;\u015f&uuml;n&uuml;rlerinin ayak izlerini takip edebilece\u011finiz keyifli s&ouml;yle\u015filere dahil olmak; Navarino G&ouml;zlemevi taraf\u0131ndan organize edilen astronomi gecelerinde gezegenleri g&ouml;zlemlemek; tatil merkezinin t&uuml;m ortak alanlar\u0131nda sergilenen 17.19.y&uuml;zy\u0131la ait sanat eserlerini ve &ccedil;a\u011fda\u015f Yunan eserlerini g&ouml;rmek Costa Navarino&#8217;yu &ouml;zel k\u0131l\u0131yor. E\u011fer bedeninizi ve ruhunuzu dinlendirmenin yolunu ar\u0131yorsan\u0131z hayalini kurdu\u011funuz atmosferi size sunan Anazoe SPA ile tan\u0131\u015fmal\u0131s\u0131n\u0131z. Antik Yunan&#8217;\u0131n sa\u011fl\u0131k ve g&uuml;zellik uygulamalar\u0131na dayanan, b&ouml;lgenin se&ccedil;kin do\u011fal ve canland\u0131r\u0131c\u0131 i&ccedil;eriklerinden ve d&uuml;nyan\u0131n d&ouml;rt bir yan\u0131ndan gelen &uuml;r&uuml;nlerden yararlanan Anazoe SPA deneyimi kendinize verece\u011finiz en g&uuml;zel hediye!<\/p>\n<p><em>Burada her \u015fey, &nbsp;insan ve do\u011fa aras\u0131ndaki ba\u011fa sayg\u0131l\u0131, Messinia peyzaj\u0131n\u0131 ve yerel geleneklerini korumay\u0131 ama&ccedil; edinen bir yakla\u015f\u0131m\u0131n sonucu.<\/em><\/p>\n<h4><strong>The Westin Resort&nbsp;<br \/>Deluxe Oda&#8217;da (39 m2) kahvalt\u0131 ve vergiler dahil <span style=\"text-decoration: underline;\">gecelik 375 Euro&rsquo;dan ba\u015flayan fiyatlarla&#8230;<\/span><\/strong><\/h4>\n<p style=\"text-align: center;\"><strong><span style=\"text-decoration: underline;\"><img loading=\"lazy\" decoding=\"async\" class=\"alignnone size-full wp-image-5731\" src=\"https:\/\/www.julesverne.com.tr\/\/wp-content\/uploads\/2020\/09\/westin4.jpg\" width=\"740\" height=\"416\" alt=\"\" srcset=\"https:\/\/julesverne.com.tr\/wp-content\/uploads\/2020\/09\/westin4.jpg 740w, https:\/\/julesverne.com.tr\/wp-content\/uploads\/2020\/09\/westin4-500x281.jpg 500w, https:\/\/julesverne.com.tr\/wp-content\/uploads\/2020\/09\/westin4-400x225.jpg 400w\" sizes=\"(max-width: 740px) 100vw, 740px\" \/><\/span><\/strong><\/p>\n<h4><strong>The Romanos, a Luxury Collection Resort<br \/><\/strong><strong>Deluxe Oda&#8217;da (43 m2) kahvalt\u0131 ve vergiler dahil <span style=\"text-decoration: underline;\">gecelik 435 Euro&rsquo;dan ba\u015flayan fiyatlarla&#8230;<\/span><\/strong><\/h4>\n<p style=\"text-align: center;\"><strong><span style=\"text-decoration: underline;\"><img loading=\"lazy\" decoding=\"async\" class=\"alignnone size-full wp-image-5732\" src=\"https:\/\/www.julesverne.com.tr\/\/wp-content\/uploads\/2020\/09\/romanos.jpg\" width=\"740\" height=\"416\" alt=\"\" srcset=\"https:\/\/julesverne.com.tr\/wp-content\/uploads\/2020\/09\/romanos.jpg 740w, https:\/\/julesverne.com.tr\/wp-content\/uploads\/2020\/09\/romanos-500x281.jpg 500w, https:\/\/julesverne.com.tr\/wp-content\/uploads\/2020\/09\/romanos-400x225.jpg 400w\" sizes=\"(max-width: 740px) 100vw, 740px\" \/><\/span><\/strong><\/p>\n<p style=\"text-align: center;\"><strong>Daha detayl\u0131 bilgi i&ccedil;in:<br \/><\/strong><strong><a href=\"mailto:travel@julesverne.com.tr\" target=\"_blank\" rel=\"noopener noreferrer\">travel@julesverne.com.tr<br \/><\/a><\/strong><strong>0212 266 6363 &#8211; 137<\/strong><\/p><\/p>\n","protected":false},"excerpt":{"rendered":"<p>L&uuml;ks tatil k&ouml;y&uuml; dendi\u011finde g&ouml;z&uuml;n&uuml;z&uuml;n &ouml;n&uuml;ne gelen basmakal\u0131p devasa otel imaj\u0131n\u0131 rafa kald\u0131r\u0131n &ccedil;&uuml;nk&uuml; \u015fu andan itibaren Costa Navarino s\u0131n\u0131rlar\u0131 i&ccedil;indesiniz. &Ccedil;ocuklu aileler de d&uuml;\u015f&uuml;n&uuml;lerek tasarlanan bu l&uuml;ks resort i&ccedil;erisinde son teknolojiye sahip &ccedil;ocuk tesisleri ise ebeveynler i&ccedil;in bir l&uuml;kse d&ouml;n&uuml;\u015f&uuml;yor.<\/p>\n","protected":false},"author":1,"featured_media":1749,"comment_status":"closed","ping_status":"closed","sticky":false,"template":"","format":"standard","meta":{"inline_featured_image":false,"footnotes":""},"categories":[1,40],"tags":[],"acf":[],"yoast_head":"<!-- This site is optimized with the Yoast SEO plugin v22.3 - https:\/\/yoast.com\/wordpress\/plugins\/seo\/ -->\n<title>\u00d6zg\u00fcnl\u00fc\u011f\u00fcn ve Gelene\u011fin \u0130zinde Bir Yunan Harikas\u0131: Costa Navarino - JULES VERNE BUSINESS MICE TRAVEL<\/title>\n<meta name=\"robots\" content=\"index, follow, max-snippet:-1, max-image-preview:large, max-video-preview:-1\" \/>\n<link rel=\"canonical\" href=\"https:\/\/julesverne.com.tr\/travel-blog\/ozgunlugun-ve-gelenegin-izinde-bir-yunan-harikasi-costa-navarino\/\" \/>\n<meta property=\"og:locale\" content=\"en_US\" \/>\n<meta property=\"og:type\" content=\"article\" \/>\n<meta property=\"og:title\" content=\"\u00d6zg\u00fcnl\u00fc\u011f\u00fcn ve Gelene\u011fin \u0130zinde Bir Yunan Harikas\u0131: Costa Navarino - JULES VERNE BUSINESS MICE TRAVEL\" \/>\n<meta property=\"og:description\" content=\"L&uuml;ks tatil k&ouml;y&uuml; dendi\u011finde g&ouml;z&uuml;n&uuml;z&uuml;n &ouml;n&uuml;ne gelen basmakal\u0131p devasa otel imaj\u0131n\u0131 rafa kald\u0131r\u0131n &ccedil;&uuml;nk&uuml; \u015fu andan itibaren Costa Navarino s\u0131n\u0131rlar\u0131 i&ccedil;indesiniz. &Ccedil;ocuklu aileler de d&uuml;\u015f&uuml;n&uuml;lerek tasarlanan bu l&uuml;ks resort i&ccedil;erisinde son teknolojiye sahip &ccedil;ocuk tesisleri ise ebeveynler i&ccedil;in bir l&uuml;kse d&ouml;n&uuml;\u015f&uuml;yor.\" \/>\n<meta property=\"og:url\" content=\"https:\/\/julesverne.com.tr\/travel-blog\/ozgunlugun-ve-gelenegin-izinde-bir-yunan-harikasi-costa-navarino\/\" \/>\n<meta property=\"og:site_name\" content=\"JULES VERNE BUSINESS MICE TRAVEL\" \/>\n<meta property=\"article:publisher\" content=\"https:\/\/www.facebook.com\/JulesVerneBusinessMiceTravel\/\" \/>\n<meta property=\"article:published_time\" content=\"2017-06-07T12:20:22+00:00\" \/>\n<meta property=\"article:modified_time\" content=\"2021-03-04T12:28:22+00:00\" \/>\n<meta property=\"og:image\" content=\"https:\/\/julesverne.com.tr\/wp-content\/uploads\/2020\/09\/beach_villa.PNG\" \/>\n\t<meta property=\"og:image:width\" content=\"1547\" \/>\n\t<meta property=\"og:image:height\" content=\"639\" \/>\n\t<meta property=\"og:image:type\" content=\"image\/png\" \/>\n<meta name=\"author\" content=\"fikirman\" \/>\n<meta name=\"twitter:card\" content=\"summary_large_image\" \/>\n<meta name=\"twitter:creator\" content=\"@JV_BusinessMice\" \/>\n<meta name=\"twitter:site\" content=\"@JV_BusinessMice\" \/>\n<meta name=\"twitter:label1\" content=\"Written by\" \/>\n\t<meta name=\"twitter:data1\" content=\"fikirman\" \/>\n\t<meta name=\"twitter:label2\" content=\"Est. reading time\" \/>\n\t<meta name=\"twitter:data2\" content=\"6 minutes\" \/>\n<script type=\"application\/ld+json\" class=\"yoast-schema-graph\">{\"@context\":\"https:\/\/schema.org\",\"@graph\":[{\"@type\":\"Article\",\"@id\":\"https:\/\/julesverne.com.tr\/travel-blog\/ozgunlugun-ve-gelenegin-izinde-bir-yunan-harikasi-costa-navarino\/#article\",\"isPartOf\":{\"@id\":\"https:\/\/julesverne.com.tr\/travel-blog\/ozgunlugun-ve-gelenegin-izinde-bir-yunan-harikasi-costa-navarino\/\"},\"author\":{\"name\":\"fikirman\",\"@id\":\"https:\/\/julesverne.com.tr\/#\/schema\/person\/f4eb0514ae455538644c31b99a466fdb\"},\"headline\":\"\u00d6zg\u00fcnl\u00fc\u011f\u00fcn ve Gelene\u011fin \u0130zinde Bir Yunan Harikas\u0131: Costa Navarino\",\"datePublished\":\"2017-06-07T12:20:22+00:00\",\"dateModified\":\"2021-03-04T12:28:22+00:00\",\"mainEntityOfPage\":{\"@id\":\"https:\/\/julesverne.com.tr\/travel-blog\/ozgunlugun-ve-gelenegin-izinde-bir-yunan-harikasi-costa-navarino\/\"},\"wordCount\":1120,\"publisher\":{\"@id\":\"https:\/\/julesverne.com.tr\/#organization\"},\"image\":{\"@id\":\"https:\/\/julesverne.com.tr\/travel-blog\/ozgunlugun-ve-gelenegin-izinde-bir-yunan-harikasi-costa-navarino\/#primaryimage\"},\"thumbnailUrl\":\"https:\/\/julesverne.com.tr\/wp-content\/uploads\/2020\/09\/beach_villa.PNG\",\"articleSection\":[\"Blog\",\"Nerede Kalsak?\"],\"inLanguage\":\"en-US\"},{\"@type\":\"WebPage\",\"@id\":\"https:\/\/julesverne.com.tr\/travel-blog\/ozgunlugun-ve-gelenegin-izinde-bir-yunan-harikasi-costa-navarino\/\",\"url\":\"https:\/\/julesverne.com.tr\/travel-blog\/ozgunlugun-ve-gelenegin-izinde-bir-yunan-harikasi-costa-navarino\/\",\"name\":\"\u00d6zg\u00fcnl\u00fc\u011f\u00fcn ve Gelene\u011fin \u0130zinde Bir Yunan Harikas\u0131: Costa Navarino - JULES VERNE BUSINESS MICE TRAVEL\",\"isPartOf\":{\"@id\":\"https:\/\/julesverne.com.tr\/#website\"},\"primaryImageOfPage\":{\"@id\":\"https:\/\/julesverne.com.tr\/travel-blog\/ozgunlugun-ve-gelenegin-izinde-bir-yunan-harikasi-costa-navarino\/#primaryimage\"},\"image\":{\"@id\":\"https:\/\/julesverne.com.tr\/travel-blog\/ozgunlugun-ve-gelenegin-izinde-bir-yunan-harikasi-costa-navarino\/#primaryimage\"},\"thumbnailUrl\":\"https:\/\/julesverne.com.tr\/wp-content\/uploads\/2020\/09\/beach_villa.PNG\",\"datePublished\":\"2017-06-07T12:20:22+00:00\",\"dateModified\":\"2021-03-04T12:28:22+00:00\",\"breadcrumb\":{\"@id\":\"https:\/\/julesverne.com.tr\/travel-blog\/ozgunlugun-ve-gelenegin-izinde-bir-yunan-harikasi-costa-navarino\/#breadcrumb\"},\"inLanguage\":\"en-US\",\"potentialAction\":[{\"@type\":\"ReadAction\",\"target\":[\"https:\/\/julesverne.com.tr\/travel-blog\/ozgunlugun-ve-gelenegin-izinde-bir-yunan-harikasi-costa-navarino\/\"]}]},{\"@type\":\"ImageObject\",\"inLanguage\":\"en-US\",\"@id\":\"https:\/\/julesverne.com.tr\/travel-blog\/ozgunlugun-ve-gelenegin-izinde-bir-yunan-harikasi-costa-navarino\/#primaryimage\",\"url\":\"https:\/\/julesverne.com.tr\/wp-content\/uploads\/2020\/09\/beach_villa.PNG\",\"contentUrl\":\"https:\/\/julesverne.com.tr\/wp-content\/uploads\/2020\/09\/beach_villa.PNG\",\"width\":1547,\"height\":639},{\"@type\":\"BreadcrumbList\",\"@id\":\"https:\/\/julesverne.com.tr\/travel-blog\/ozgunlugun-ve-gelenegin-izinde-bir-yunan-harikasi-costa-navarino\/#breadcrumb\",\"itemListElement\":[{\"@type\":\"ListItem\",\"position\":1,\"name\":\"Anasayfa\",\"item\":\"https:\/\/julesverne.com.tr\/\"},{\"@type\":\"ListItem\",\"position\":2,\"name\":\"\u00d6zg\u00fcnl\u00fc\u011f\u00fcn ve Gelene\u011fin \u0130zinde Bir Yunan Harikas\u0131: Costa Navarino\"}]},{\"@type\":\"WebSite\",\"@id\":\"https:\/\/julesverne.com.tr\/#website\",\"url\":\"https:\/\/julesverne.com.tr\/\",\"name\":\"JULES VERNE BUSINESS MICE TRAVEL\",\"description\":\"\",\"publisher\":{\"@id\":\"https:\/\/julesverne.com.tr\/#organization\"},\"potentialAction\":[{\"@type\":\"SearchAction\",\"target\":{\"@type\":\"EntryPoint\",\"urlTemplate\":\"https:\/\/julesverne.com.tr\/?s={search_term_string}\"},\"query-input\":\"required name=search_term_string\"}],\"inLanguage\":\"en-US\"},{\"@type\":\"Organization\",\"@id\":\"https:\/\/julesverne.com.tr\/#organization\",\"name\":\"JULES VERNE BUSINESS MICE TRAVEL\",\"url\":\"https:\/\/julesverne.com.tr\/\",\"logo\":{\"@type\":\"ImageObject\",\"inLanguage\":\"en-US\",\"@id\":\"https:\/\/julesverne.com.tr\/#\/schema\/logo\/image\/\",\"url\":\"https:\/\/julesverne.com.tr\/wp-content\/uploads\/2020\/09\/jv-bmt-logo.png\",\"contentUrl\":\"https:\/\/julesverne.com.tr\/wp-content\/uploads\/2020\/09\/jv-bmt-logo.png\",\"width\":110,\"height\":81,\"caption\":\"JULES VERNE BUSINESS MICE TRAVEL\"},\"image\":{\"@id\":\"https:\/\/julesverne.com.tr\/#\/schema\/logo\/image\/\"},\"sameAs\":[\"https:\/\/www.facebook.com\/JulesVerneBusinessMiceTravel\/\",\"https:\/\/twitter.com\/JV_BusinessMice\",\"https:\/\/www.instagram.com\/julesvernebusinessmicetravel\/\",\"https:\/\/www.linkedin.com\/company\/julesvernebusinessmicetravel\/\",\"https:\/\/www.youtube.com\/channel\/UCAwdsmbZ6tFhu1tea6pkpiw\"]},{\"@type\":\"Person\",\"@id\":\"https:\/\/julesverne.com.tr\/#\/schema\/person\/f4eb0514ae455538644c31b99a466fdb\",\"name\":\"fikirman\",\"sameAs\":[\"http:\/\/advermedya.net\/julesverne\"],\"url\":\"https:\/\/julesverne.com.tr\/en\/author\/fikirman\/\"}]}<\/script>\n<!-- \/ Yoast SEO plugin. -->","yoast_head_json":{"title":"\u00d6zg\u00fcnl\u00fc\u011f\u00fcn ve Gelene\u011fin \u0130zinde Bir Yunan Harikas\u0131: Costa Navarino - JULES VERNE BUSINESS MICE TRAVEL","robots":{"index":"index","follow":"follow","max-snippet":"max-snippet:-1","max-image-preview":"max-image-preview:large","max-video-preview":"max-video-preview:-1"},"canonical":"https:\/\/julesverne.com.tr\/travel-blog\/ozgunlugun-ve-gelenegin-izinde-bir-yunan-harikasi-costa-navarino\/","og_locale":"en_US","og_type":"article","og_title":"\u00d6zg\u00fcnl\u00fc\u011f\u00fcn ve Gelene\u011fin \u0130zinde Bir Yunan Harikas\u0131: Costa Navarino - JULES VERNE BUSINESS MICE TRAVEL","og_description":"L&uuml;ks tatil k&ouml;y&uuml; dendi\u011finde g&ouml;z&uuml;n&uuml;z&uuml;n &ouml;n&uuml;ne gelen basmakal\u0131p devasa otel imaj\u0131n\u0131 rafa kald\u0131r\u0131n &ccedil;&uuml;nk&uuml; \u015fu andan itibaren Costa Navarino s\u0131n\u0131rlar\u0131 i&ccedil;indesiniz. &Ccedil;ocuklu aileler de d&uuml;\u015f&uuml;n&uuml;lerek tasarlanan bu l&uuml;ks resort i&ccedil;erisinde son teknolojiye sahip &ccedil;ocuk tesisleri ise ebeveynler i&ccedil;in bir l&uuml;kse d&ouml;n&uuml;\u015f&uuml;yor.","og_url":"https:\/\/julesverne.com.tr\/travel-blog\/ozgunlugun-ve-gelenegin-izinde-bir-yunan-harikasi-costa-navarino\/","og_site_name":"JULES VERNE BUSINESS MICE TRAVEL","article_publisher":"https:\/\/www.facebook.com\/JulesVerneBusinessMiceTravel\/","article_published_time":"2017-06-07T12:20:22+00:00","article_modified_time":"2021-03-04T12:28:22+00:00","og_image":[{"width":1547,"height":639,"url":"https:\/\/julesverne.com.tr\/wp-content\/uploads\/2020\/09\/beach_villa.PNG","type":"image\/png"}],"author":"fikirman","twitter_card":"summary_large_image","twitter_creator":"@JV_BusinessMice","twitter_site":"@JV_BusinessMice","twitter_misc":{"Written by":"fikirman","Est. reading time":"6 minutes"},"schema":{"@context":"https:\/\/schema.org","@graph":[{"@type":"Article","@id":"https:\/\/julesverne.com.tr\/travel-blog\/ozgunlugun-ve-gelenegin-izinde-bir-yunan-harikasi-costa-navarino\/#article","isPartOf":{"@id":"https:\/\/julesverne.com.tr\/travel-blog\/ozgunlugun-ve-gelenegin-izinde-bir-yunan-harikasi-costa-navarino\/"},"author":{"name":"fikirman","@id":"https:\/\/julesverne.com.tr\/#\/schema\/person\/f4eb0514ae455538644c31b99a466fdb"},"headline":"\u00d6zg\u00fcnl\u00fc\u011f\u00fcn ve Gelene\u011fin \u0130zinde Bir Yunan Harikas\u0131: Costa Navarino","datePublished":"2017-06-07T12:20:22+00:00","dateModified":"2021-03-04T12:28:22+00:00","mainEntityOfPage":{"@id":"https:\/\/julesverne.com.tr\/travel-blog\/ozgunlugun-ve-gelenegin-izinde-bir-yunan-harikasi-costa-navarino\/"},"wordCount":1120,"publisher":{"@id":"https:\/\/julesverne.com.tr\/#organization"},"image":{"@id":"https:\/\/julesverne.com.tr\/travel-blog\/ozgunlugun-ve-gelenegin-izinde-bir-yunan-harikasi-costa-navarino\/#primaryimage"},"thumbnailUrl":"https:\/\/julesverne.com.tr\/wp-content\/uploads\/2020\/09\/beach_villa.PNG","articleSection":["Blog","Nerede Kalsak?"],"inLanguage":"en-US"},{"@type":"WebPage","@id":"https:\/\/julesverne.com.tr\/travel-blog\/ozgunlugun-ve-gelenegin-izinde-bir-yunan-harikasi-costa-navarino\/","url":"https:\/\/julesverne.com.tr\/travel-blog\/ozgunlugun-ve-gelenegin-izinde-bir-yunan-harikasi-costa-navarino\/","name":"\u00d6zg\u00fcnl\u00fc\u011f\u00fcn ve Gelene\u011fin \u0130zinde Bir Yunan Harikas\u0131: Costa Navarino - JULES VERNE BUSINESS MICE TRAVEL","isPartOf":{"@id":"https:\/\/julesverne.com.tr\/#website"},"primaryImageOfPage":{"@id":"https:\/\/julesverne.com.tr\/travel-blog\/ozgunlugun-ve-gelenegin-izinde-bir-yunan-harikasi-costa-navarino\/#primaryimage"},"image":{"@id":"https:\/\/julesverne.com.tr\/travel-blog\/ozgunlugun-ve-gelenegin-izinde-bir-yunan-harikasi-costa-navarino\/#primaryimage"},"thumbnailUrl":"https:\/\/julesverne.com.tr\/wp-content\/uploads\/2020\/09\/beach_villa.PNG","datePublished":"2017-06-07T12:20:22+00:00","dateModified":"2021-03-04T12:28:22+00:00","breadcrumb":{"@id":"https:\/\/julesverne.com.tr\/travel-blog\/ozgunlugun-ve-gelenegin-izinde-bir-yunan-harikasi-costa-navarino\/#breadcrumb"},"inLanguage":"en-US","potentialAction":[{"@type":"ReadAction","target":["https:\/\/julesverne.com.tr\/travel-blog\/ozgunlugun-ve-gelenegin-izinde-bir-yunan-harikasi-costa-navarino\/"]}]},{"@type":"ImageObject","inLanguage":"en-US","@id":"https:\/\/julesverne.com.tr\/travel-blog\/ozgunlugun-ve-gelenegin-izinde-bir-yunan-harikasi-costa-navarino\/#primaryimage","url":"https:\/\/julesverne.com.tr\/wp-content\/uploads\/2020\/09\/beach_villa.PNG","contentUrl":"https:\/\/julesverne.com.tr\/wp-content\/uploads\/2020\/09\/beach_villa.PNG","width":1547,"height":639},{"@type":"BreadcrumbList","@id":"https:\/\/julesverne.com.tr\/travel-blog\/ozgunlugun-ve-gelenegin-izinde-bir-yunan-harikasi-costa-navarino\/#breadcrumb","itemListElement":[{"@type":"ListItem","position":1,"name":"Anasayfa","item":"https:\/\/julesverne.com.tr\/"},{"@type":"ListItem","position":2,"name":"\u00d6zg\u00fcnl\u00fc\u011f\u00fcn ve Gelene\u011fin \u0130zinde Bir Yunan Harikas\u0131: Costa Navarino"}]},{"@type":"WebSite","@id":"https:\/\/julesverne.com.tr\/#website","url":"https:\/\/julesverne.com.tr\/","name":"JULES VERNE BUSINESS MICE TRAVEL","description":"","publisher":{"@id":"https:\/\/julesverne.com.tr\/#organization"},"potentialAction":[{"@type":"SearchAction","target":{"@type":"EntryPoint","urlTemplate":"https:\/\/julesverne.com.tr\/?s={search_term_string}"},"query-input":"required name=search_term_string"}],"inLanguage":"en-US"},{"@type":"Organization","@id":"https:\/\/julesverne.com.tr\/#organization","name":"JULES VERNE BUSINESS MICE TRAVEL","url":"https:\/\/julesverne.com.tr\/","logo":{"@type":"ImageObject","inLanguage":"en-US","@id":"https:\/\/julesverne.com.tr\/#\/schema\/logo\/image\/","url":"https:\/\/julesverne.com.tr\/wp-content\/uploads\/2020\/09\/jv-bmt-logo.png","contentUrl":"https:\/\/julesverne.com.tr\/wp-content\/uploads\/2020\/09\/jv-bmt-logo.png","width":110,"height":81,"caption":"JULES VERNE BUSINESS MICE TRAVEL"},"image":{"@id":"https:\/\/julesverne.com.tr\/#\/schema\/logo\/image\/"},"sameAs":["https:\/\/www.facebook.com\/JulesVerneBusinessMiceTravel\/","https:\/\/twitter.com\/JV_BusinessMice","https:\/\/www.instagram.com\/julesvernebusinessmicetravel\/","https:\/\/www.linkedin.com\/company\/julesvernebusinessmicetravel\/","https:\/\/www.youtube.com\/channel\/UCAwdsmbZ6tFhu1tea6pkpiw"]},{"@type":"Person","@id":"https:\/\/julesverne.com.tr\/#\/schema\/person\/f4eb0514ae455538644c31b99a466fdb","name":"fikirman","sameAs":["http:\/\/advermedya.net\/julesverne"],"url":"https:\/\/julesverne.com.tr\/en\/author\/fikirman\/"}]}},"_links":{"self":[{"href":"https:\/\/julesverne.com.tr\/en\/wp-json\/wp\/v2\/posts\/1748"}],"collection":[{"href":"https:\/\/julesverne.com.tr\/en\/wp-json\/wp\/v2\/posts"}],"about":[{"href":"https:\/\/julesverne.com.tr\/en\/wp-json\/wp\/v2\/types\/post"}],"author":[{"embeddable":true,"href":"https:\/\/julesverne.com.tr\/en\/wp-json\/wp\/v2\/users\/1"}],"replies":[{"embeddable":true,"href":"https:\/\/julesverne.com.tr\/en\/wp-json\/wp\/v2\/comments?post=1748"}],"version-history":[{"count":0,"href":"https:\/\/julesverne.com.tr\/en\/wp-json\/wp\/v2\/posts\/1748\/revisions"}],"wp:featuredmedia":[{"embeddable":true,"href":"https:\/\/julesverne.com.tr\/en\/wp-json\/wp\/v2\/media\/1749"}],"wp:attachment":[{"href":"https:\/\/julesverne.com.tr\/en\/wp-json\/wp\/v2\/media?parent=1748"}],"wp:term":[{"taxonomy":"category","embeddable":true,"href":"https:\/\/julesverne.com.tr\/en\/wp-json\/wp\/v2\/categories?post=1748"},{"taxonomy":"post_tag","embeddable":true,"href":"https:\/\/julesverne.com.tr\/en\/wp-json\/wp\/v2\/tags?post=1748"}],"curies":[{"name":"wp","href":"https:\/\/api.w.org\/{rel}","templated":true}]}}