{"id":1735,"date":"2017-05-25T08:18:52","date_gmt":"2017-05-25T05:18:52","guid":{"rendered":"https:\/\/www.julesverne.com.tr\/\/blog\/ali-canip-olgunlu-ile-anadolunun-derin-nefesi-9-haziran-11-haziran-2017\/"},"modified":"2021-09-13T11:50:47","modified_gmt":"2021-09-13T08:50:47","slug":"ali-canip-olgunlu-ile-anadolunun-derin-nefesi-9-haziran-11-haziran-2017","status":"publish","type":"post","link":"https:\/\/julesverne.com.tr\/en\/travel-blog\/ali-canip-olgunlu-ile-anadolunun-derin-nefesi-9-haziran-11-haziran-2017\/","title":{"rendered":"Ali Canip Olgunlu \u0130le Anadolu&#8217;nun Derin Nefesi (9 Haziran &#8211; 11 Haziran 2017)"},"content":{"rendered":"<p style=\"text-align: justify;\"><strong>Do\u011fan\u0131n kalbine yaz geldi.. Temiz hava, bol oksijen.. Soludu\u011funuz derin nefesin ve do\u011fan\u0131n insan ruhuna \u201cen yak\u0131n geldi\u011fi\u201d, ya\u015fanm\u0131\u015fl\u0131klar\u0131n, tarih ve k\u00fclt\u00fcr\u00fcn i\u00e7 i\u00e7e ge\u00e7ti\u011fi Anadolu\u2019yu ve Do\u011fu Karadeniz\u2019i Erzurum\u2019dan Bayburt\u2019a, Baksi M\u00fczesi\u2019nden Ayder Yaylas\u0131\u2019na, S\u00fcmela Manast\u0131r\u0131\u2019ndan Trabzon Ayasofya M\u00fczesi\u2019ne kadar Ali Canip Olgunlu\u2019nun masals\u0131 anlat\u0131m\u0131yla ya\u015famaya haz\u0131r olun!\u00a0<\/strong><\/p>\n<p style=\"text-align: justify;\"><strong><img loading=\"lazy\" decoding=\"async\" class=\"alignnone size-full wp-image-5795\" src=\"https:\/\/www.julesverne.com.tr\/\/wp-content\/uploads\/2020\/09\/Ayder_Doganin_Kalbinde.jpg\" alt=\"do\u011fu karadeniz\" width=\"940\" height=\"430\" srcset=\"https:\/\/julesverne.com.tr\/wp-content\/uploads\/2020\/09\/Ayder_Doganin_Kalbinde.jpg 940w, https:\/\/julesverne.com.tr\/wp-content\/uploads\/2020\/09\/Ayder_Doganin_Kalbinde-500x229.jpg 500w, https:\/\/julesverne.com.tr\/wp-content\/uploads\/2020\/09\/Ayder_Doganin_Kalbinde-768x351.jpg 768w\" sizes=\"(max-width: 940px) 100vw, 940px\" \/><\/strong><\/p>\n<p class=\"MsoNoSpacing\" style=\"text-align: justify;\"><span style=\"color: #1d2129; background-image: initial; background-position: initial; background-size: initial; background-repeat: initial; background-attachment: initial; background-origin: initial; background-clip: initial;\">Do\u011fan\u0131n en saf ve belki de en g\u00f6rkemli hali Karadeniz\u2019in yaylalar\u0131nda sakl\u0131. Ye\u015filin onlarca tonu oldu\u011funa \u015fahit oldu\u011funuz Karadeniz Da\u011flar\u0131, yaylalar\u0131nda huzuru ve temiz havay\u0131 buldu\u011funuz yayla evleri, olabildi\u011fince iyi kalpli ve misafirperver insanlar\u0131 ile do\u011fal bir mucizeye tan\u0131kl\u0131k ediyor. Her sabah tertemiz havay\u0131 ci\u011ferlerinize alarak ba\u015flad\u0131\u011f\u0131n\u0131z g\u00fcn\u00fcn\u00fcz, yemye\u015fil yaylalar, k\u0131r \u00e7i\u00e7ekleri aras\u0131nda, b\u00f6lgenin tarih ve k\u00fclt\u00fcr\u00fcn\u00fc ke\u015ffederek ge\u00e7iyor. Yemye\u015fil yaylalar, \u015felaleler, berrak bir g\u00f6ky\u00fcz\u00fc ve e\u015fi benzeri bulunmayan b\u00fcy\u00fcleyici manzaralar\u0131 ile <strong>Karadeniz\u2019i Ali Canip Olgunlu<\/strong>\u2019nun masals\u0131 anlat\u0131m\u0131yla ya\u015famaya haz\u0131r m\u0131s\u0131n\u0131z?\u00a0\u00a0<\/span><\/p>\n<p class=\"MsoNoSpacing\" style=\"text-align: justify;\"><span style=\"color: #1d2129; background-image: initial; background-position: initial; background-size: initial; background-repeat: initial; background-attachment: initial; background-origin: initial; background-clip: initial;\"><img loading=\"lazy\" decoding=\"async\" class=\"alignnone size-full wp-image-5796\" src=\"https:\/\/www.julesverne.com.tr\/\/wp-content\/uploads\/2020\/09\/Karadeniz-1.jpg\" alt=\"do\u011fu karadeniz\" width=\"1280\" height=\"512\" srcset=\"https:\/\/julesverne.com.tr\/wp-content\/uploads\/2020\/09\/Karadeniz-1.jpg 1280w, https:\/\/julesverne.com.tr\/wp-content\/uploads\/2020\/09\/Karadeniz-1-500x200.jpg 500w, https:\/\/julesverne.com.tr\/wp-content\/uploads\/2020\/09\/Karadeniz-1-768x307.jpg 768w\" sizes=\"(max-width: 1280px) 100vw, 1280px\" \/><\/span><\/p>\n<p class=\"MsoNoSpacing\"><strong>\u00a0PROGRAM<\/strong><\/p>\n<p class=\"MsoNoSpacing\" style=\"margin-left: 36.0pt; text-indent: -18.0pt; mso-list: l0 level1 lfo1;\"><!-- [if !supportLists]--><strong>1.<span style=\"font-variant-numeric: normal; font-weight: normal; font-stretch: normal; font-size: 7pt; line-height: normal; font-family: 'Times New Roman';\">\u00a0\u00a0\u00a0\u00a0\u00a0\u00a0 <\/span><\/strong><!--[endif]--><strong>G\u00dcN \u0130STANBUL \u2013ERZURUM \u2013 BAYBURT<\/strong><\/p>\n<p class=\"MsoNoSpacing\" style=\"text-align: justify;\">Siz de\u011ferli misafirlerimiz ile Sabiha G\u00f6k\u00e7en Havaalan\u0131\u2019nda 06:00 da bulu\u015fmam\u0131z\u0131n ard\u0131ndan <strong>TK7222 sefer say\u0131l\u0131 u\u00e7u\u015f ile saat 07:30\u2018 da <\/strong>Erzurum\u2019a hareket ediyoruz.Erzurum\u2019a var\u0131\u015f\u0131m\u0131z\u0131n ard\u0131ndan bizi bekleyen \u00f6zel arac\u0131m\u0131z ile \u015fehir gezimize ba\u015fl\u0131yoruz. \u0130lk dura\u011f\u0131m\u0131z hakk\u0131nda rivayetlerin bulundu\u011fu yap\u0131m tarihi kesin olmayan<strong> \u00a0\u00c7ifte Minareli Medrese\u2019<\/strong>dir. Medrese gezimizin ard\u0131ndan \u015fehrin g\u00f6z bebeklerini gezmeye devam ediyoruz. G\u00f6rece\u011fimiz eserler; <strong>\u00dc\u00e7 K\u00fcmbetler, Yakutiye Medresesi ve Erzurum Kongre Binas\u0131<\/strong>\u2019d\u0131r.\u00d6\u011fle yeme\u011fimizi Erzurum\u2019un me\u015fhur Ca\u011f Kebab\u0131<strong> ile Ko\u00e7 Kebap<\/strong>\u2019ta al\u0131yoruz. \u00d6\u011fle yeme\u011fimizin ard\u0131ndan arac\u0131m\u0131z ile Bayburt yolu \u00fczerinden Baks\u0131\u2019ye ula\u015f\u0131yoruz.<strong>Baks\u0131 Konuk Evi\u2019ne<\/strong> yerle\u015fiyoruz. K\u0131sa bir dinlenmenin ard\u0131ndan burada bulunan\u00a0 <strong>Baksi M\u00fczesi\u2019ni<\/strong> ziyaret ediyoruz. Baks\u0131 M\u00fczesi Do\u011fu Karadeniz\u2019de, Bayburt\u2019un 45 km d\u0131\u015f\u0131nda, \u00c7oruh Vadisi\u2019ne bakan bir tepenin \u00fczerinde kuruludur. Eski ad\u0131yla Baks\u0131, bug\u00fcnk\u00fc ad\u0131yla Bayraktar k\u00f6y\u00fcnde y\u00fckselen bu s\u0131ra d\u0131\u015f\u0131 M\u00fcze, \u00e7a\u011fda\u015f sanat ve geleneksel el sanatlar\u0131na ayn\u0131 \u00e7at\u0131 alt\u0131nda yan yana, i\u00e7 i\u00e7e yer vermektedir.Sergi salonlar\u0131, depo m\u00fcze, at\u00f6lyeler, konferans salonu, k\u00fct\u00fcphane ve konukevi ile 40 d\u00f6n\u00fcml\u00fck bir araziye yay\u0131lan Baks\u0131 M\u00fczesi, Bayburt do\u011fumlu sanat\u00e7\u0131 ve akademisyen \u00a0<strong>Prof. Dr. H\u00fcsamettin Ko\u00e7an\u2019\u0131n<\/strong> bireysel d\u00fc\u015f\u00fc olarak 2000 y\u0131l\u0131nda filizlendi. M\u00fcze gezimizin ard\u0131ndan ak\u015fam yeme\u011fimizi al\u0131yoruz.<\/p>\n<p class=\"MsoNoSpacing\" style=\"text-align: justify;\"><img loading=\"lazy\" decoding=\"async\" class=\"alignnone size-full wp-image-5797\" src=\"https:\/\/www.julesverne.com.tr\/\/wp-content\/uploads\/2020\/09\/erzurum_uc_kumbetler.jpg\" alt=\"erzurum \u00fc\u00e7 k\u00fcmbetler\" width=\"500\" height=\"330\" \/><\/p>\n<p class=\"MsoNoSpacing\">Konaklamam\u0131z <strong>Baks\u0131 Konuk Evi\u2019<\/strong>dedir.<\/p>\n<p class=\"MsoNoSpacing\"><strong>BAKSI M\u00dcZES\u0130 | Konuk Evi<\/strong><\/p>\n<p class=\"MsoNoSpacing\" style=\"text-align: justify;\"><strong><img loading=\"lazy\" decoding=\"async\" class=\"alignnone size-full wp-image-5798\" src=\"https:\/\/www.julesverne.com.tr\/\/wp-content\/uploads\/2020\/09\/Baksi_gunbatimi.jpg\" alt=\"Baks\u0131 M\u00fczesi\" width=\"1000\" height=\"624\" srcset=\"https:\/\/julesverne.com.tr\/wp-content\/uploads\/2020\/09\/Baksi_gunbatimi.jpg 1000w, https:\/\/julesverne.com.tr\/wp-content\/uploads\/2020\/09\/Baksi_gunbatimi-500x312.jpg 500w, https:\/\/julesverne.com.tr\/wp-content\/uploads\/2020\/09\/Baksi_gunbatimi-768x479.jpg 768w\" sizes=\"(max-width: 1000px) 100vw, 1000px\" \/><\/strong><strong>Do\u011fu Karadeniz\u2019de yeni ve farkl\u0131 bir cazibe alan\u0131 olu\u015fturan, Anadolu\u2019ya, \u00e7a\u011fda\u015f sanata, geleneksel zanaate, kad\u0131n\u0131n eme\u011fine, T\u00fcrkiye\u2019ye katk\u0131: Baks\u0131 M\u00fczesi<\/strong><\/p>\n<p class=\"MsoNoSpacing\" style=\"text-align: justify;\"><strong><img loading=\"lazy\" decoding=\"async\" class=\"alignnone size-full wp-image-5799\" src=\"https:\/\/www.julesverne.com.tr\/\/wp-content\/uploads\/2020\/09\/Baksi_muzesi.jpg\" alt=\"Baks\u0131 m\u00fcze\" width=\"1280\" height=\"853\" srcset=\"https:\/\/julesverne.com.tr\/wp-content\/uploads\/2020\/09\/Baksi_muzesi.jpg 1280w, https:\/\/julesverne.com.tr\/wp-content\/uploads\/2020\/09\/Baksi_muzesi-500x333.jpg 500w, https:\/\/julesverne.com.tr\/wp-content\/uploads\/2020\/09\/Baksi_muzesi-768x512.jpg 768w\" sizes=\"(max-width: 1280px) 100vw, 1280px\" \/><\/strong><\/p>\n<p class=\"MsoNoSpacing\" style=\"text-align: justify;\">Baks\u0131 M\u00fczesi Do\u011fu Karadeniz&#8217;de, Bayburt&#8217;un 45 km d\u0131\u015f\u0131nda, \u00c7oruh Vadisi&#8217;ne bakan bir tepenin \u00fczerinde<span style=\"background-image: initial; background-position: initial; background-size: initial; background-repeat: initial; background-attachment: initial; background-origin: initial; background-clip: initial;\"> kurulu&#8230; Eski ad\u0131yla Baks\u0131, bug\u00fcnk\u00fc ad\u0131yla Bayraktar k\u00f6y\u00fcnde y\u00fckselen bu s\u0131rad\u0131\u015f\u0131 m\u00fcze \u00e7a\u011fda\u015f sanat ve geleneksel el sanatlar\u0131na ayn\u0131 \u00e7at\u0131 alt\u0131nda yan yana, i\u00e7i\u00e7e yer veriyor.<\/span><br \/>\n<span style=\"background-image: initial; background-position: initial; background-size: initial; background-repeat: initial; background-attachment: initial; background-origin: initial; background-clip: initial;\">Sergi salonlar\u0131, at\u00f6lyeler, konferans salonu, k\u00fct\u00fcphane ve konuk evleri ile 30 d\u00f6n\u00fcml\u00fck bir araziye yay\u0131lan Baks\u0131 M\u00fczesi<\/span><span class=\"apple-converted-space\"><span style=\"color: #1d2129; background-image: initial; background-position: initial; background-size: initial; background-repeat: initial; background-attachment: initial; background-origin: initial; background-clip: initial;\">\u00a0<\/span><\/span><span class=\"textexposedshow\"><span style=\"color: #1d2129; background-image: initial; background-position: initial; background-size: initial; background-repeat: initial; background-attachment: initial; background-origin: initial; background-clip: initial;\">Bayburt do\u011fumlu sanat\u00e7\u0131 ve e\u011fitimci H\u00fcsamettin Ko\u00e7an&#8217;\u0131n bireysel d\u00fc\u015f\u00fc olarak 2000 y\u0131l\u0131nda filizlendi.<\/span><\/span><\/p>\n<p class=\"MsoNoSpacing\" style=\"text-align: justify;\"><span class=\"textexposedshow\"><span style=\"color: #1d2129; background-image: initial; background-position: initial; background-size: initial; background-repeat: initial; background-attachment: initial; background-origin: initial; background-clip: initial;\"><img loading=\"lazy\" decoding=\"async\" class=\"alignnone size-full wp-image-5800\" src=\"https:\/\/www.julesverne.com.tr\/\/wp-content\/uploads\/2020\/09\/Baksi_eser.jpg\" alt=\"baks\u0131 m\u00fcze\" width=\"1280\" height=\"853\" srcset=\"https:\/\/julesverne.com.tr\/wp-content\/uploads\/2020\/09\/Baksi_eser.jpg 1280w, https:\/\/julesverne.com.tr\/wp-content\/uploads\/2020\/09\/Baksi_eser-500x333.jpg 500w, https:\/\/julesverne.com.tr\/wp-content\/uploads\/2020\/09\/Baksi_eser-768x512.jpg 768w\" sizes=\"(max-width: 1280px) 100vw, 1280px\" \/><\/span><\/span><\/p>\n<p class=\"MsoNormal\" style=\"background-image: initial; background-position: initial; background-size: initial; background-repeat: initial; background-attachment: initial; background-origin: initial; background-clip: initial;\"><strong>\u00a0 \u00a0 \u00a02.G\u00dcN BAYBURT- \u0130SP\u0130R- OV\u0130T DA\u011eI- AYDER\u00a0<\/strong><\/p>\n<p class=\"MsoNormal\" style=\"background-image: initial; background-position: initial; background-size: initial; background-repeat: initial; background-attachment: initial; background-origin: initial; background-clip: initial;\">Otelimizde alaca\u011f\u0131m\u0131z kahvalt\u0131m\u0131z\u0131n ard\u0131ndan \u00f6zel arac\u0131m\u0131z ile \u0130spir \u00fczerinden ye\u015fil ile maviye yolculu\u011fumuz ba\u015fl\u0131yor. \u0130lk dura\u011f\u0131m\u0131z 2640 metre rak\u0131mda Erzurum (\u0130spir) ile Rize (\u0130kizdere) aras\u0131nda bir da\u011fd\u0131r. K\u0131\u015f\u0131n ya\u015fanan yo\u011fun kar ya\u011f\u0131\u015f\u0131 nedeni ile kapanan ba\u011flant\u0131ya \u00e7\u00f6z\u00fcm olarak d\u00fcnyan\u0131n 4. B\u00fcy\u00fck t\u00fcneli olacak <strong>Ovit Da\u011f\u0131 T\u00fcneli<\/strong> projesi ba\u015flat\u0131ld\u0131. Bu proje i\u00e7in ilk ad\u0131m ll. Abd\u00fclhamit d\u00f6neminde at\u0131lm\u0131\u015ft\u0131r. \u00d6\u011fle yeme\u011fimiz i\u00e7in Genesis Otel\u2019de mangal\u0131m\u0131z yan\u0131yor ve etlerimiz pi\u015fiyor olacakt\u0131r. \u00d6\u011fle yeme\u011fimizi ald\u0131ktan sonra 1400 m. rak\u0131ma sahip bu Hem\u015fin Yaylas\u0131, sahip oldu\u011fu do\u011fal g\u00fczellikleri ile Do\u011fu Karadeniz\u201fin en b\u00fcy\u00fcleyici b\u00f6lgeleri aras\u0131nda yer almaktad\u0131r. Bol ya\u011f\u0131\u015fl\u0131 ve nemli havas\u0131 nedeniyle \u00e7ok zengin bir bitki \u00f6rt\u00fcs\u00fcne sahiptir. <strong>Ayder Yaylas\u0131<\/strong>, tarif edilemez bir renk c\u00fcmb\u00fc\u015f\u00fc i\u00e7indeki muhte\u015fem ormanlar\u0131, an\u0131t a\u011fa\u00e7lar\u0131 ile misafirlerini binlerce \u00e7e\u015fit k\u0131r \u00e7i\u00e7e\u011fi ile a\u011f\u0131rlar.<\/p>\n<p class=\"MsoNormal\" style=\"background-image: initial; background-position: initial; background-size: initial; background-repeat: initial; background-attachment: initial; background-origin: initial; background-clip: initial;\"><img loading=\"lazy\" decoding=\"async\" class=\"alignnone size-full wp-image-5801\" src=\"https:\/\/www.julesverne.com.tr\/\/wp-content\/uploads\/2020\/09\/ayder-yaylasi-3681-950px.jpg\" alt=\"ayder\" width=\"950\" height=\"556\" srcset=\"https:\/\/julesverne.com.tr\/wp-content\/uploads\/2020\/09\/ayder-yaylasi-3681-950px.jpg 950w, https:\/\/julesverne.com.tr\/wp-content\/uploads\/2020\/09\/ayder-yaylasi-3681-950px-500x293.jpg 500w, https:\/\/julesverne.com.tr\/wp-content\/uploads\/2020\/09\/ayder-yaylasi-3681-950px-768x449.jpg 768w\" sizes=\"(max-width: 950px) 100vw, 950px\" \/><\/p>\n<p class=\"MsoNormal\" style=\"background-image: initial; background-position: initial; background-size: initial; background-repeat: initial; background-attachment: initial; background-origin: initial; background-clip: initial;\">Konaklama ve ak\u015fam yeme\u011fimiz\u00a0<strong>Ka\u00e7kar Resort Otel\u2019de<\/strong><\/p>\n<p class=\"MsoNoSpacing\"><strong>Ka\u00e7kar Resort Otel http:\/\/www.kackarresorthotel.com\/tr\u00a0<\/strong><\/p>\n<p class=\"MsoNoSpacing\"><strong><img loading=\"lazy\" decoding=\"async\" class=\"alignnone size-full wp-image-5802\" src=\"https:\/\/www.julesverne.com.tr\/\/wp-content\/uploads\/2020\/09\/Kackar.jpg\" alt=\"ka\u00e7kar\" width=\"1280\" height=\"512\" srcset=\"https:\/\/julesverne.com.tr\/wp-content\/uploads\/2020\/09\/Kackar.jpg 1280w, https:\/\/julesverne.com.tr\/wp-content\/uploads\/2020\/09\/Kackar-500x200.jpg 500w, https:\/\/julesverne.com.tr\/wp-content\/uploads\/2020\/09\/Kackar-768x307.jpg 768w\" sizes=\"(max-width: 1280px) 100vw, 1280px\" \/><\/strong><\/p>\n<p class=\"MsoNoSpacing\"><strong><img loading=\"lazy\" decoding=\"async\" class=\"alignnone size-full wp-image-5803\" src=\"https:\/\/www.julesverne.com.tr\/\/wp-content\/uploads\/2020\/09\/Kackar_otel.jpg\" alt=\"ka\u00e7kar\" width=\"1280\" height=\"512\" srcset=\"https:\/\/julesverne.com.tr\/wp-content\/uploads\/2020\/09\/Kackar_otel.jpg 1280w, https:\/\/julesverne.com.tr\/wp-content\/uploads\/2020\/09\/Kackar_otel-500x200.jpg 500w, https:\/\/julesverne.com.tr\/wp-content\/uploads\/2020\/09\/Kackar_otel-768x307.jpg 768w\" sizes=\"(max-width: 1280px) 100vw, 1280px\" \/>3.G\u00dcN AYDER- TRABZON-\u0130STANBUL\u00a0<\/strong><\/p>\n<p class=\"MsoNormal\" style=\"background-image: initial; background-position: initial; background-size: initial; background-repeat: initial; background-attachment: initial; background-origin: initial; background-clip: initial; text-align: justify;\">Otelimizde alaca\u011f\u0131m\u0131z kahvalt\u0131m\u0131z\u0131n ard\u0131ndan bir mimari harika olan <strong>S\u00fcmela Manast\u0131r\u0131\u2019na<\/strong> hareket ediyoruz. M.S. 4. YY\u2019da Atina\u2019dan gelen iki ke\u015fi\u015f taraf\u0131ndan temelleri at\u0131lan manast\u0131r deniz seviyesinden 1300m y\u00fcksekte Kara Da\u011f\u2019\u0131n yal\u00e7\u0131n yamac\u0131na in\u015fa edilmi\u015ftir. Tarihi de\u011feri, ihti\u015faml\u0131 mimarisi ve Alt\u0131ndere Milli Park\u0131 do\u011fal g\u00fczelli\u011fi i\u00e7erisinde bulunan manast\u0131ra 300m orman i\u00e7i bir patikadan ula\u015f\u0131yoruz. Ard\u0131ndan \u00c7ayeli\u2019nde \u00fcnl\u00fc <strong>Hac\u0131 H\u00fcsrev Kurufasulyeci\u2019de<\/strong> tad\u0131na doyamayaca\u011f\u0131n\u0131z \u00f6\u011fle yeme\u011fimizi al\u0131yoruz.\u00a0 \u00d6\u011fle yeme\u011fimizi al\u0131yor ve Ali Canip Olgunlu\u2019nun anlat\u0131m\u0131 e\u015fli\u011finde \u00f6zel arac\u0131m\u0131z ile <strong>Atat\u00fcrk K\u00f6\u015fk\u00fc\u2019ne<\/strong> ula\u015f\u0131yoruz. K\u00f6\u015fk gezimizin ard\u0131ndan g\u00fcn\u00fcm\u00fczde camii olarak kullan\u0131lan <strong>Ayasofya M\u00fczesi\u2019ni<\/strong> ziyaret ediyoruz.<\/p>\n<p class=\"MsoNormal\" style=\"background-image: initial; background-position: initial; background-size: initial; background-repeat: initial; background-attachment: initial; background-origin: initial; background-clip: initial; text-align: justify;\"><img loading=\"lazy\" decoding=\"async\" class=\"alignnone size-full wp-image-5804\" src=\"https:\/\/www.julesverne.com.tr\/\/wp-content\/uploads\/2020\/09\/trabzon-ayasofya-muzesi-0.jpg\" alt=\"trabzon ayasofya\" width=\"647\" height=\"485\" srcset=\"https:\/\/julesverne.com.tr\/wp-content\/uploads\/2020\/09\/trabzon-ayasofya-muzesi-0.jpg 647w, https:\/\/julesverne.com.tr\/wp-content\/uploads\/2020\/09\/trabzon-ayasofya-muzesi-0-500x375.jpg 500w\" sizes=\"(max-width: 647px) 100vw, 647px\" \/><\/p>\n<p class=\"MsoNormal\" style=\"background-image: initial; background-position: initial; background-size: initial; background-repeat: initial; background-attachment: initial; background-origin: initial; background-clip: initial; text-align: justify;\"><img loading=\"lazy\" decoding=\"async\" class=\"alignnone size-full wp-image-5805\" src=\"https:\/\/www.julesverne.com.tr\/\/wp-content\/uploads\/2020\/09\/sumela.jpg\" alt=\"s\u00fcmela\" width=\"800\" height=\"316\" srcset=\"https:\/\/julesverne.com.tr\/wp-content\/uploads\/2020\/09\/sumela.jpg 800w, https:\/\/julesverne.com.tr\/wp-content\/uploads\/2020\/09\/sumela-500x198.jpg 500w, https:\/\/julesverne.com.tr\/wp-content\/uploads\/2020\/09\/sumela-768x303.jpg 768w\" sizes=\"(max-width: 800px) 100vw, 800px\" \/>Gezimiz sonras\u0131 havaalan\u0131na transferimizi ger\u00e7ekle\u015ftiriyoruz. \u00a0\u0130\u015flemlerin ard\u0131ndan\u00a0<strong>TK7435<\/strong>\u00a0sefer say\u0131l\u0131 u\u00e7u\u015f ile Sabiha G\u00f6k\u00e7en Havaliman\u0131\u2019na saat\u00a0 <strong>21.20<\/strong>\u2019da\u00a0\u0130stanbul\u201fa hareket ediyoruz.<\/p>\n<p class=\"MsoNormal\" style=\"background-image: initial; background-position: initial; background-size: initial; background-repeat: initial; background-attachment: initial; background-origin: initial; background-clip: initial;\"><img loading=\"lazy\" decoding=\"async\" class=\"alignnone size-full wp-image-5806\" src=\"https:\/\/www.julesverne.com.tr\/\/wp-content\/uploads\/2020\/09\/Baski_muze_gun_batimi_eser.jpg\" alt=\"baks\u0131\" width=\"980\" height=\"286\" srcset=\"https:\/\/julesverne.com.tr\/wp-content\/uploads\/2020\/09\/Baski_muze_gun_batimi_eser.jpg 980w, https:\/\/julesverne.com.tr\/wp-content\/uploads\/2020\/09\/Baski_muze_gun_batimi_eser-500x146.jpg 500w, https:\/\/julesverne.com.tr\/wp-content\/uploads\/2020\/09\/Baski_muze_gun_batimi_eser-768x224.jpg 768w\" sizes=\"(max-width: 980px) 100vw, 980px\" \/><\/p>\n<p class=\"MsoNormal\" style=\"background-image: initial; background-position: initial; background-size: initial; background-repeat: initial; background-attachment: initial; background-origin: initial; background-clip: initial;\"><strong>\u00dccret Bilgileri<\/strong><\/p>\n<p class=\"MsoNormal\" style=\"background-image: initial; background-position: initial; background-size: initial; background-repeat: initial; background-attachment: initial; background-origin: initial; background-clip: initial;\">\u0130ki Ki\u015filik Oda\u2019da Ki\u015fi Ba\u015f\u0131 \u00dccret: <strong>1.350 TL<\/strong><\/p>\n<p class=\"MsoNormal\" style=\"background-image: initial; background-position: initial; background-size: initial; background-repeat: initial; background-attachment: initial; background-origin: initial; background-clip: initial;\">Tek Ki\u015filik Oda\u2019da Konaklama Fark\u0131: <strong>150 TL<\/strong><\/p>\n<p class=\"MsoNormal\" style=\"background-image: initial; background-position: initial; background-size: initial; background-repeat: initial; background-attachment: initial; background-origin: initial; background-clip: initial;\"><strong>\u00dccrete Dahil Olan Hizmetler<\/strong><\/p>\n<ul>\n<li>Baksi Konuk Evi\u2019nde 1 gece konaklama<\/li>\n<li>Ka\u00e7kar Resort Otel\u2019de 1 gece konaklama<\/li>\n<li>3 \u00d6\u011fle yeme\u011fi<\/li>\n<li>2 Ak\u015fam yeme\u011fi<\/li>\n<li>T\u00fcm m\u00fcze ve \u00f6ren giris \u00fccretleri<\/li>\n<li>TURSAB Seyahat Sigortas\u0131<\/li>\n<li>Ali Canip Olgunlu taraf\u0131ndan program boyunca aktar\u0131lacak olan \u00a0\u201cG\u00fcn\u00fcn S\u00f6yle\u015fileri\u201d<\/li>\n<\/ul>\n<p class=\"MsoNormal\" style=\"background-image: initial; background-position: initial; background-size: initial; background-repeat: initial; background-attachment: initial; background-origin: initial; background-clip: initial;\"><strong>\u00dccrete Dahil Olmayan Hizmetler<\/strong><\/p>\n<ul>\n<li>T\u00fcm ki\u015fisel harcamalar<\/li>\n<li>Gidi\u015f-d\u00f6n\u00fc\u015f u\u00e7ak biletleri<\/li>\n<\/ul>\n<p><strong>Ali Canip Olgunlu anlat\u0131mlar\u0131n\u0131n zengin ve benzersiz i\u00e7eri\u011fi ile t\u00fcm seyahatimiz boyunca bizlerle birlikte olacakt\u0131r.<\/strong><\/p>\n<p><strong>Seyahatimiz minimum\u00a0 20 ki\u015fi ile\u00a0 s\u0131n\u0131rland\u0131r\u0131lm\u0131\u015ft\u0131r.<\/strong><\/p>\n<p class=\"MsoNoSpacing\" style=\"margin-left: 18.0pt; text-align: center;\" align=\"center\"><strong>Daha detayl\u0131 bilgi i\u00e7in:<\/strong><\/p>\n<p class=\"MsoNoSpacing\" style=\"margin-left: 18.0pt; text-align: center;\" align=\"center\"><a title=\"\" href=\"mailto:travel@julesverne.com.tr\" target=\"_blank\" rel=\"noopener noreferrer\"><strong>travel@julesverne.com.tr<\/strong><\/a><\/p>\n<p class=\"MsoNoSpacing\" style=\"margin-left: 18.0pt; text-align: center;\" align=\"center\"><strong>0212 266 6363 &#8211; 137<\/strong><\/p>\n<p class=\"MsoNormal\" style=\"background-image: initial; background-position: initial; background-size: initial; background-repeat: initial; background-attachment: initial; background-origin: initial; background-clip: initial;\">\n","protected":false},"excerpt":{"rendered":"<p>Do\u011fan\u0131n kalbinde, ya\u015fanm\u0131\u015fl\u0131klar\u0131n, tarih ve k&uuml;lt&uuml;r&uuml;n i&ccedil; i&ccedil;e ge&ccedil;ti\u011fi bir mozaikte &ldquo;Erzurum&rsquo;dan Trabzon&rsquo;a Derin Bir Nefes&rdquo; almaya ne dersiniz?<\/p>\n","protected":false},"author":1,"featured_media":1736,"comment_status":"closed","ping_status":"closed","sticky":false,"template":"","format":"standard","meta":{"inline_featured_image":false,"footnotes":""},"categories":[1],"tags":[],"acf":[],"yoast_head":"<!-- This site is optimized with the Yoast SEO plugin v22.3 - https:\/\/yoast.com\/wordpress\/plugins\/seo\/ -->\n<title>Ali Canip Olgunlu \u0130le Anadolu&#039;nun Derin Nefesi (9 Haziran - 11 Haziran 2017) - JULES VERNE BUSINESS MICE TRAVEL<\/title>\n<meta name=\"robots\" content=\"index, follow, max-snippet:-1, max-image-preview:large, max-video-preview:-1\" \/>\n<link rel=\"canonical\" href=\"https:\/\/julesverne.com.tr\/travel-blog\/ali-canip-olgunlu-ile-anadolunun-derin-nefesi-9-haziran-11-haziran-2017\/\" \/>\n<meta property=\"og:locale\" content=\"en_US\" \/>\n<meta property=\"og:type\" content=\"article\" \/>\n<meta property=\"og:title\" content=\"Ali Canip Olgunlu \u0130le Anadolu&#039;nun Derin Nefesi (9 Haziran - 11 Haziran 2017) - JULES VERNE BUSINESS MICE TRAVEL\" \/>\n<meta property=\"og:description\" content=\"Do\u011fan\u0131n kalbinde, ya\u015fanm\u0131\u015fl\u0131klar\u0131n, tarih ve k&uuml;lt&uuml;r&uuml;n i&ccedil; i&ccedil;e ge&ccedil;ti\u011fi bir mozaikte &ldquo;Erzurum&rsquo;dan Trabzon&rsquo;a Derin Bir Nefes&rdquo; almaya ne dersiniz?\" \/>\n<meta property=\"og:url\" content=\"https:\/\/julesverne.com.tr\/travel-blog\/ali-canip-olgunlu-ile-anadolunun-derin-nefesi-9-haziran-11-haziran-2017\/\" \/>\n<meta property=\"og:site_name\" content=\"JULES VERNE BUSINESS MICE TRAVEL\" \/>\n<meta property=\"article:publisher\" content=\"https:\/\/www.facebook.com\/JulesVerneBusinessMiceTravel\/\" \/>\n<meta property=\"article:published_time\" content=\"2017-05-25T05:18:52+00:00\" \/>\n<meta property=\"article:modified_time\" content=\"2021-09-13T08:50:47+00:00\" \/>\n<meta property=\"og:image\" content=\"https:\/\/julesverne.com.tr\/wp-content\/uploads\/2020\/09\/ayder_genis.PNG\" \/>\n\t<meta property=\"og:image:width\" content=\"1606\" \/>\n\t<meta property=\"og:image:height\" content=\"362\" \/>\n\t<meta property=\"og:image:type\" content=\"image\/png\" \/>\n<meta name=\"author\" content=\"fikirman\" \/>\n<meta name=\"twitter:card\" content=\"summary_large_image\" \/>\n<meta name=\"twitter:creator\" content=\"@JV_BusinessMice\" \/>\n<meta name=\"twitter:site\" content=\"@JV_BusinessMice\" \/>\n<meta name=\"twitter:label1\" content=\"Written by\" \/>\n\t<meta name=\"twitter:data1\" content=\"fikirman\" \/>\n\t<meta name=\"twitter:label2\" content=\"Est. reading time\" \/>\n\t<meta name=\"twitter:data2\" content=\"6 minutes\" \/>\n<script type=\"application\/ld+json\" class=\"yoast-schema-graph\">{\"@context\":\"https:\/\/schema.org\",\"@graph\":[{\"@type\":\"Article\",\"@id\":\"https:\/\/julesverne.com.tr\/travel-blog\/ali-canip-olgunlu-ile-anadolunun-derin-nefesi-9-haziran-11-haziran-2017\/#article\",\"isPartOf\":{\"@id\":\"https:\/\/julesverne.com.tr\/travel-blog\/ali-canip-olgunlu-ile-anadolunun-derin-nefesi-9-haziran-11-haziran-2017\/\"},\"author\":{\"name\":\"fikirman\",\"@id\":\"https:\/\/julesverne.com.tr\/#\/schema\/person\/f4eb0514ae455538644c31b99a466fdb\"},\"headline\":\"Ali Canip Olgunlu \u0130le Anadolu&#8217;nun Derin Nefesi (9 Haziran &#8211; 11 Haziran 2017)\",\"datePublished\":\"2017-05-25T05:18:52+00:00\",\"dateModified\":\"2021-09-13T08:50:47+00:00\",\"mainEntityOfPage\":{\"@id\":\"https:\/\/julesverne.com.tr\/travel-blog\/ali-canip-olgunlu-ile-anadolunun-derin-nefesi-9-haziran-11-haziran-2017\/\"},\"wordCount\":1169,\"publisher\":{\"@id\":\"https:\/\/julesverne.com.tr\/#organization\"},\"image\":{\"@id\":\"https:\/\/julesverne.com.tr\/travel-blog\/ali-canip-olgunlu-ile-anadolunun-derin-nefesi-9-haziran-11-haziran-2017\/#primaryimage\"},\"thumbnailUrl\":\"https:\/\/julesverne.com.tr\/wp-content\/uploads\/2020\/09\/ayder_genis.PNG\",\"articleSection\":[\"Blog\"],\"inLanguage\":\"en-US\"},{\"@type\":\"WebPage\",\"@id\":\"https:\/\/julesverne.com.tr\/travel-blog\/ali-canip-olgunlu-ile-anadolunun-derin-nefesi-9-haziran-11-haziran-2017\/\",\"url\":\"https:\/\/julesverne.com.tr\/travel-blog\/ali-canip-olgunlu-ile-anadolunun-derin-nefesi-9-haziran-11-haziran-2017\/\",\"name\":\"Ali Canip Olgunlu \u0130le Anadolu'nun Derin Nefesi (9 Haziran - 11 Haziran 2017) - JULES VERNE BUSINESS MICE TRAVEL\",\"isPartOf\":{\"@id\":\"https:\/\/julesverne.com.tr\/#website\"},\"primaryImageOfPage\":{\"@id\":\"https:\/\/julesverne.com.tr\/travel-blog\/ali-canip-olgunlu-ile-anadolunun-derin-nefesi-9-haziran-11-haziran-2017\/#primaryimage\"},\"image\":{\"@id\":\"https:\/\/julesverne.com.tr\/travel-blog\/ali-canip-olgunlu-ile-anadolunun-derin-nefesi-9-haziran-11-haziran-2017\/#primaryimage\"},\"thumbnailUrl\":\"https:\/\/julesverne.com.tr\/wp-content\/uploads\/2020\/09\/ayder_genis.PNG\",\"datePublished\":\"2017-05-25T05:18:52+00:00\",\"dateModified\":\"2021-09-13T08:50:47+00:00\",\"breadcrumb\":{\"@id\":\"https:\/\/julesverne.com.tr\/travel-blog\/ali-canip-olgunlu-ile-anadolunun-derin-nefesi-9-haziran-11-haziran-2017\/#breadcrumb\"},\"inLanguage\":\"en-US\",\"potentialAction\":[{\"@type\":\"ReadAction\",\"target\":[\"https:\/\/julesverne.com.tr\/travel-blog\/ali-canip-olgunlu-ile-anadolunun-derin-nefesi-9-haziran-11-haziran-2017\/\"]}]},{\"@type\":\"ImageObject\",\"inLanguage\":\"en-US\",\"@id\":\"https:\/\/julesverne.com.tr\/travel-blog\/ali-canip-olgunlu-ile-anadolunun-derin-nefesi-9-haziran-11-haziran-2017\/#primaryimage\",\"url\":\"https:\/\/julesverne.com.tr\/wp-content\/uploads\/2020\/09\/ayder_genis.PNG\",\"contentUrl\":\"https:\/\/julesverne.com.tr\/wp-content\/uploads\/2020\/09\/ayder_genis.PNG\",\"width\":1606,\"height\":362},{\"@type\":\"BreadcrumbList\",\"@id\":\"https:\/\/julesverne.com.tr\/travel-blog\/ali-canip-olgunlu-ile-anadolunun-derin-nefesi-9-haziran-11-haziran-2017\/#breadcrumb\",\"itemListElement\":[{\"@type\":\"ListItem\",\"position\":1,\"name\":\"Anasayfa\",\"item\":\"https:\/\/julesverne.com.tr\/\"},{\"@type\":\"ListItem\",\"position\":2,\"name\":\"Ali Canip Olgunlu \u0130le Anadolu&#8217;nun Derin Nefesi (9 Haziran &#8211; 11 Haziran 2017)\"}]},{\"@type\":\"WebSite\",\"@id\":\"https:\/\/julesverne.com.tr\/#website\",\"url\":\"https:\/\/julesverne.com.tr\/\",\"name\":\"JULES VERNE BUSINESS MICE TRAVEL\",\"description\":\"\",\"publisher\":{\"@id\":\"https:\/\/julesverne.com.tr\/#organization\"},\"potentialAction\":[{\"@type\":\"SearchAction\",\"target\":{\"@type\":\"EntryPoint\",\"urlTemplate\":\"https:\/\/julesverne.com.tr\/?s={search_term_string}\"},\"query-input\":\"required name=search_term_string\"}],\"inLanguage\":\"en-US\"},{\"@type\":\"Organization\",\"@id\":\"https:\/\/julesverne.com.tr\/#organization\",\"name\":\"JULES VERNE BUSINESS MICE TRAVEL\",\"url\":\"https:\/\/julesverne.com.tr\/\",\"logo\":{\"@type\":\"ImageObject\",\"inLanguage\":\"en-US\",\"@id\":\"https:\/\/julesverne.com.tr\/#\/schema\/logo\/image\/\",\"url\":\"https:\/\/julesverne.com.tr\/wp-content\/uploads\/2020\/09\/jv-bmt-logo.png\",\"contentUrl\":\"https:\/\/julesverne.com.tr\/wp-content\/uploads\/2020\/09\/jv-bmt-logo.png\",\"width\":110,\"height\":81,\"caption\":\"JULES VERNE BUSINESS MICE TRAVEL\"},\"image\":{\"@id\":\"https:\/\/julesverne.com.tr\/#\/schema\/logo\/image\/\"},\"sameAs\":[\"https:\/\/www.facebook.com\/JulesVerneBusinessMiceTravel\/\",\"https:\/\/twitter.com\/JV_BusinessMice\",\"https:\/\/www.instagram.com\/julesvernebusinessmicetravel\/\",\"https:\/\/www.linkedin.com\/company\/julesvernebusinessmicetravel\/\",\"https:\/\/www.youtube.com\/channel\/UCAwdsmbZ6tFhu1tea6pkpiw\"]},{\"@type\":\"Person\",\"@id\":\"https:\/\/julesverne.com.tr\/#\/schema\/person\/f4eb0514ae455538644c31b99a466fdb\",\"name\":\"fikirman\",\"sameAs\":[\"http:\/\/advermedya.net\/julesverne\"],\"url\":\"https:\/\/julesverne.com.tr\/en\/author\/fikirman\/\"}]}<\/script>\n<!-- \/ Yoast SEO plugin. -->","yoast_head_json":{"title":"Ali Canip Olgunlu \u0130le Anadolu'nun Derin Nefesi (9 Haziran - 11 Haziran 2017) - JULES VERNE BUSINESS MICE TRAVEL","robots":{"index":"index","follow":"follow","max-snippet":"max-snippet:-1","max-image-preview":"max-image-preview:large","max-video-preview":"max-video-preview:-1"},"canonical":"https:\/\/julesverne.com.tr\/travel-blog\/ali-canip-olgunlu-ile-anadolunun-derin-nefesi-9-haziran-11-haziran-2017\/","og_locale":"en_US","og_type":"article","og_title":"Ali Canip Olgunlu \u0130le Anadolu'nun Derin Nefesi (9 Haziran - 11 Haziran 2017) - JULES VERNE BUSINESS MICE TRAVEL","og_description":"Do\u011fan\u0131n kalbinde, ya\u015fanm\u0131\u015fl\u0131klar\u0131n, tarih ve k&uuml;lt&uuml;r&uuml;n i&ccedil; i&ccedil;e ge&ccedil;ti\u011fi bir mozaikte &ldquo;Erzurum&rsquo;dan Trabzon&rsquo;a Derin Bir Nefes&rdquo; almaya ne dersiniz?","og_url":"https:\/\/julesverne.com.tr\/travel-blog\/ali-canip-olgunlu-ile-anadolunun-derin-nefesi-9-haziran-11-haziran-2017\/","og_site_name":"JULES VERNE BUSINESS MICE TRAVEL","article_publisher":"https:\/\/www.facebook.com\/JulesVerneBusinessMiceTravel\/","article_published_time":"2017-05-25T05:18:52+00:00","article_modified_time":"2021-09-13T08:50:47+00:00","og_image":[{"width":1606,"height":362,"url":"https:\/\/julesverne.com.tr\/wp-content\/uploads\/2020\/09\/ayder_genis.PNG","type":"image\/png"}],"author":"fikirman","twitter_card":"summary_large_image","twitter_creator":"@JV_BusinessMice","twitter_site":"@JV_BusinessMice","twitter_misc":{"Written by":"fikirman","Est. reading time":"6 minutes"},"schema":{"@context":"https:\/\/schema.org","@graph":[{"@type":"Article","@id":"https:\/\/julesverne.com.tr\/travel-blog\/ali-canip-olgunlu-ile-anadolunun-derin-nefesi-9-haziran-11-haziran-2017\/#article","isPartOf":{"@id":"https:\/\/julesverne.com.tr\/travel-blog\/ali-canip-olgunlu-ile-anadolunun-derin-nefesi-9-haziran-11-haziran-2017\/"},"author":{"name":"fikirman","@id":"https:\/\/julesverne.com.tr\/#\/schema\/person\/f4eb0514ae455538644c31b99a466fdb"},"headline":"Ali Canip Olgunlu \u0130le Anadolu&#8217;nun Derin Nefesi (9 Haziran &#8211; 11 Haziran 2017)","datePublished":"2017-05-25T05:18:52+00:00","dateModified":"2021-09-13T08:50:47+00:00","mainEntityOfPage":{"@id":"https:\/\/julesverne.com.tr\/travel-blog\/ali-canip-olgunlu-ile-anadolunun-derin-nefesi-9-haziran-11-haziran-2017\/"},"wordCount":1169,"publisher":{"@id":"https:\/\/julesverne.com.tr\/#organization"},"image":{"@id":"https:\/\/julesverne.com.tr\/travel-blog\/ali-canip-olgunlu-ile-anadolunun-derin-nefesi-9-haziran-11-haziran-2017\/#primaryimage"},"thumbnailUrl":"https:\/\/julesverne.com.tr\/wp-content\/uploads\/2020\/09\/ayder_genis.PNG","articleSection":["Blog"],"inLanguage":"en-US"},{"@type":"WebPage","@id":"https:\/\/julesverne.com.tr\/travel-blog\/ali-canip-olgunlu-ile-anadolunun-derin-nefesi-9-haziran-11-haziran-2017\/","url":"https:\/\/julesverne.com.tr\/travel-blog\/ali-canip-olgunlu-ile-anadolunun-derin-nefesi-9-haziran-11-haziran-2017\/","name":"Ali Canip Olgunlu \u0130le Anadolu'nun Derin Nefesi (9 Haziran - 11 Haziran 2017) - JULES VERNE BUSINESS MICE TRAVEL","isPartOf":{"@id":"https:\/\/julesverne.com.tr\/#website"},"primaryImageOfPage":{"@id":"https:\/\/julesverne.com.tr\/travel-blog\/ali-canip-olgunlu-ile-anadolunun-derin-nefesi-9-haziran-11-haziran-2017\/#primaryimage"},"image":{"@id":"https:\/\/julesverne.com.tr\/travel-blog\/ali-canip-olgunlu-ile-anadolunun-derin-nefesi-9-haziran-11-haziran-2017\/#primaryimage"},"thumbnailUrl":"https:\/\/julesverne.com.tr\/wp-content\/uploads\/2020\/09\/ayder_genis.PNG","datePublished":"2017-05-25T05:18:52+00:00","dateModified":"2021-09-13T08:50:47+00:00","breadcrumb":{"@id":"https:\/\/julesverne.com.tr\/travel-blog\/ali-canip-olgunlu-ile-anadolunun-derin-nefesi-9-haziran-11-haziran-2017\/#breadcrumb"},"inLanguage":"en-US","potentialAction":[{"@type":"ReadAction","target":["https:\/\/julesverne.com.tr\/travel-blog\/ali-canip-olgunlu-ile-anadolunun-derin-nefesi-9-haziran-11-haziran-2017\/"]}]},{"@type":"ImageObject","inLanguage":"en-US","@id":"https:\/\/julesverne.com.tr\/travel-blog\/ali-canip-olgunlu-ile-anadolunun-derin-nefesi-9-haziran-11-haziran-2017\/#primaryimage","url":"https:\/\/julesverne.com.tr\/wp-content\/uploads\/2020\/09\/ayder_genis.PNG","contentUrl":"https:\/\/julesverne.com.tr\/wp-content\/uploads\/2020\/09\/ayder_genis.PNG","width":1606,"height":362},{"@type":"BreadcrumbList","@id":"https:\/\/julesverne.com.tr\/travel-blog\/ali-canip-olgunlu-ile-anadolunun-derin-nefesi-9-haziran-11-haziran-2017\/#breadcrumb","itemListElement":[{"@type":"ListItem","position":1,"name":"Anasayfa","item":"https:\/\/julesverne.com.tr\/"},{"@type":"ListItem","position":2,"name":"Ali Canip Olgunlu \u0130le Anadolu&#8217;nun Derin Nefesi (9 Haziran &#8211; 11 Haziran 2017)"}]},{"@type":"WebSite","@id":"https:\/\/julesverne.com.tr\/#website","url":"https:\/\/julesverne.com.tr\/","name":"JULES VERNE BUSINESS MICE TRAVEL","description":"","publisher":{"@id":"https:\/\/julesverne.com.tr\/#organization"},"potentialAction":[{"@type":"SearchAction","target":{"@type":"EntryPoint","urlTemplate":"https:\/\/julesverne.com.tr\/?s={search_term_string}"},"query-input":"required name=search_term_string"}],"inLanguage":"en-US"},{"@type":"Organization","@id":"https:\/\/julesverne.com.tr\/#organization","name":"JULES VERNE BUSINESS MICE TRAVEL","url":"https:\/\/julesverne.com.tr\/","logo":{"@type":"ImageObject","inLanguage":"en-US","@id":"https:\/\/julesverne.com.tr\/#\/schema\/logo\/image\/","url":"https:\/\/julesverne.com.tr\/wp-content\/uploads\/2020\/09\/jv-bmt-logo.png","contentUrl":"https:\/\/julesverne.com.tr\/wp-content\/uploads\/2020\/09\/jv-bmt-logo.png","width":110,"height":81,"caption":"JULES VERNE BUSINESS MICE TRAVEL"},"image":{"@id":"https:\/\/julesverne.com.tr\/#\/schema\/logo\/image\/"},"sameAs":["https:\/\/www.facebook.com\/JulesVerneBusinessMiceTravel\/","https:\/\/twitter.com\/JV_BusinessMice","https:\/\/www.instagram.com\/julesvernebusinessmicetravel\/","https:\/\/www.linkedin.com\/company\/julesvernebusinessmicetravel\/","https:\/\/www.youtube.com\/channel\/UCAwdsmbZ6tFhu1tea6pkpiw"]},{"@type":"Person","@id":"https:\/\/julesverne.com.tr\/#\/schema\/person\/f4eb0514ae455538644c31b99a466fdb","name":"fikirman","sameAs":["http:\/\/advermedya.net\/julesverne"],"url":"https:\/\/julesverne.com.tr\/en\/author\/fikirman\/"}]}},"_links":{"self":[{"href":"https:\/\/julesverne.com.tr\/en\/wp-json\/wp\/v2\/posts\/1735"}],"collection":[{"href":"https:\/\/julesverne.com.tr\/en\/wp-json\/wp\/v2\/posts"}],"about":[{"href":"https:\/\/julesverne.com.tr\/en\/wp-json\/wp\/v2\/types\/post"}],"author":[{"embeddable":true,"href":"https:\/\/julesverne.com.tr\/en\/wp-json\/wp\/v2\/users\/1"}],"replies":[{"embeddable":true,"href":"https:\/\/julesverne.com.tr\/en\/wp-json\/wp\/v2\/comments?post=1735"}],"version-history":[{"count":0,"href":"https:\/\/julesverne.com.tr\/en\/wp-json\/wp\/v2\/posts\/1735\/revisions"}],"wp:featuredmedia":[{"embeddable":true,"href":"https:\/\/julesverne.com.tr\/en\/wp-json\/wp\/v2\/media\/1736"}],"wp:attachment":[{"href":"https:\/\/julesverne.com.tr\/en\/wp-json\/wp\/v2\/media?parent=1735"}],"wp:term":[{"taxonomy":"category","embeddable":true,"href":"https:\/\/julesverne.com.tr\/en\/wp-json\/wp\/v2\/categories?post=1735"},{"taxonomy":"post_tag","embeddable":true,"href":"https:\/\/julesverne.com.tr\/en\/wp-json\/wp\/v2\/tags?post=1735"}],"curies":[{"name":"wp","href":"https:\/\/api.w.org\/{rel}","templated":true}]}}