{"id":1725,"date":"2017-04-28T11:09:17","date_gmt":"2017-04-28T08:09:17","guid":{"rendered":"https:\/\/www.julesverne.com.tr\/\/blog\/ali-canip-olgunlu-ile-osmanli-tarihinin-izinde-edirne-7-8-mayis-2017\/"},"modified":"2021-09-13T11:52:48","modified_gmt":"2021-09-13T08:52:48","slug":"ali-canip-olgunlu-ile-osmanli-tarihinin-izinde-edirne-7-8-mayis-2017","status":"publish","type":"post","link":"https:\/\/julesverne.com.tr\/en\/travel-blog\/ali-canip-olgunlu-ile-osmanli-tarihinin-izinde-edirne-7-8-mayis-2017\/","title":{"rendered":"Ali Canip Olgunlu ile Osmanl\u0131 Tarihi&#8217;nin \u0130zinde Edirne&#8230; (7-8 May\u0131s 2017)"},"content":{"rendered":"<p style=\"text-align: left;\"><strong>Ali Canip Olgunlu ile Osmanl\u0131 Tarihi\u2019ni Ke\u015ffetmeye Ne Dersiniz?<\/strong><\/p>\n<p style=\"text-align: center;\"><img loading=\"lazy\" decoding=\"async\" class=\"alignnone size-full wp-image-5849\" src=\"https:\/\/www.julesverne.com.tr\/\/wp-content\/uploads\/2020\/09\/1-25.jpg\" alt=\"\" width=\"740\" height=\"416\" srcset=\"https:\/\/julesverne.com.tr\/wp-content\/uploads\/2020\/09\/1-25.jpg 740w, https:\/\/julesverne.com.tr\/wp-content\/uploads\/2020\/09\/1-25-500x281.jpg 500w, https:\/\/julesverne.com.tr\/wp-content\/uploads\/2020\/09\/1-25-400x225.jpg 400w\" sizes=\"(max-width: 740px) 100vw, 740px\" \/><\/p>\n<p><strong>Osmanl\u0131 Tarihi\u2019nin izinde Edirne\u2019yi Ali Canip Olgunlu\u2019nun masals\u0131 anlat\u0131m\u0131yla ya\u015famaya haz\u0131r olun!\u00a0<\/strong><\/p>\n<p>Osmanl\u0131 D\u00f6nemi\u2019nde ba\u015fkentlik yapm\u0131\u015f olan Edirne\u2019nin siyasi g\u00fcc\u00fc \u015fehrin mimarisinden sanat\u0131na, caddelerinden mutfa\u011f\u0131na kadar ya\u015fam\u0131n her alan\u0131na b\u00fcy\u00fck etki b\u0131rakm\u0131\u015f. K\u00fclt\u00fcrel miras olarak son derece zengin olan Edirne&#8217;de camilerin, hamamlar\u0131n ve k\u00fclliyelerin mimarisi, k\u00f6pr\u00fclerin ve \u00e7ar\u015f\u0131lar\u0131n zarafeti ger\u00e7ekten ge\u00e7mi\u015f y\u00fczy\u0131llara \u0131\u015f\u0131k tutuyor.<\/p>\n<p style=\"text-align: center;\"><img loading=\"lazy\" decoding=\"async\" class=\"alignnone size-full wp-image-5850\" src=\"https:\/\/www.julesverne.com.tr\/\/wp-content\/uploads\/2020\/09\/2-29.jpg\" alt=\"\" width=\"740\" height=\"493\" srcset=\"https:\/\/julesverne.com.tr\/wp-content\/uploads\/2020\/09\/2-29.jpg 740w, https:\/\/julesverne.com.tr\/wp-content\/uploads\/2020\/09\/2-29-500x333.jpg 500w\" sizes=\"(max-width: 740px) 100vw, 740px\" \/><\/p>\n<p>7-8 May\u0131s tarihlerinde ger\u00e7ekle\u015fecek olan bu keyifli gezide \u015fehri Ali Canip Olgunlu ile bir turist gibi de\u011fil de yerlisi gibi ke\u015ffetme \u015fans\u0131n\u0131 bulacaks\u0131n\u0131z. Osmanl\u0131 mimarisinin b\u00fcy\u00fcleyici yap\u0131lar\u0131n\u0131 gezerken \u015fehrin dokusunu hissedecek; Edirne k\u00fclt\u00fcr\u00fcn\u00fc yak\u0131ndan tan\u0131yacaks\u0131n\u0131z.<\/p>\n<p><em><strong>Edirne\u2019nin\u00a0zengin tarihini ad\u0131m ad\u0131m takip edin&#8230;<\/strong><\/em><\/p>\n<p style=\"text-align: center;\"><em><strong><img loading=\"lazy\" decoding=\"async\" class=\"alignnone size-full wp-image-5851\" src=\"https:\/\/www.julesverne.com.tr\/\/wp-content\/uploads\/2020\/09\/3-20.jpg\" alt=\"\" width=\"740\" height=\"491\" srcset=\"https:\/\/julesverne.com.tr\/wp-content\/uploads\/2020\/09\/3-20.jpg 740w, https:\/\/julesverne.com.tr\/wp-content\/uploads\/2020\/09\/3-20-500x332.jpg 500w\" sizes=\"(max-width: 740px) 100vw, 740px\" \/><\/strong><\/em><\/p>\n<p><strong>1. G\u00fcn (7 May\u0131s Pazar )\u00a0<\/strong><\/p>\n<p>Sabah 07.00\u2019da Kad\u0131k\u00f6y Evlendirme Dairesi ve \u00a007:30 da Conrad Otel \u00f6n\u00fcnde bulu\u015fman\u0131n ard\u0131ndan Edirne\u2019ye do\u011fru yola \u00e7\u0131k\u0131yorsunuz. Saat 10:30 civar\u0131 Edirne\u2019ye var\u0131\u015f. <strong>\u015e\u00fckr\u00fc Pa\u015fa K\u0131\u015flas\u0131 gezisi<\/strong> sonras\u0131 \u00f6\u011fle yeme\u011fi i\u00e7in <strong>Lalezar Lokantas\u0131<\/strong>\u2019na gidiyorsunuz. Yemek sonras\u0131 Balkanlar\u2019\u0131n en b\u00fcy\u00fck nehirlerinden biri olan <strong>Meri\u00e7 Nehri<\/strong> ve <strong>Karaa\u011fa\u00e7<\/strong> b\u00f6lgesini ziyaret ediyorsunuz. Karaa\u011fa\u00e7 kasabas\u0131nda bulunan ve II.Abd\u00fclhamid taraf\u0131ndan yapt\u0131r\u0131lm\u0131\u015f olan tarihi istasyonu ve bah\u00e7esinde bulunan, Lozan antla\u015fmas\u0131 ile Yunanistan\u2019\u0131n Bat\u0131 Trakya\u2019da yapt\u0131\u011f\u0131 tahribat nedeni ile tazminat olarak T\u00fcrkiye\u2019ye verilmesini temsil eden<strong> Lozan An\u0131t\u0131<\/strong>\u2019n\u0131 g\u00f6r\u00fcyorsunuz . Ard\u0131ndan Avrupa&#8217;n\u0131n en b\u00fcy\u00fck ve d\u00fcnyan\u0131n \u00fc\u00e7\u00fcnc\u00fc b\u00fcy\u00fck sinagogu olan ibadethane <strong>Edirne B\u00fcy\u00fck Sinagogu<\/strong>&#8216;nu ziyaret ediyorsunuz. Buradan, \u00a0tarihte \u00f6nemli bir yeri olan <strong>Beyazid Camii ve K\u00fclliyesi<\/strong>\u2019ne gidiyorsunuz. Daha sonra, Sarayi\u00e7i mevkiinde bulunan <strong>Adalet Kulesi<\/strong> ve <strong>K\u0131rkp\u0131nar Meydan\u0131<\/strong>\u2019n\u0131 g\u00f6r\u00fcyorsunuz. Ak\u015fam yeme\u011fi ise Edirne k\u00fclt\u00fcr\u00fcn\u00fcn \u00f6\u011fesi Roman m\u00fczi\u011fi e\u015fli\u011finde oluyor.<\/p>\n<p><strong>Konaklama: Mihran Han\u0131m Butik Otel\u00a0<\/strong><\/p>\n<p><strong>2. G\u00fcn (8 May\u0131s Pazartesi) \u00a0<\/strong><\/p>\n<p>Otelde al\u0131nan sabah kahvalt\u0131s\u0131 g\u00fcne <strong>Selimiye Camii , Eski Camii<\/strong> ve <strong>Yazma Eserler M\u00fczesi<\/strong> ziyaretleriyle ba\u015fl\u0131yorsunuz. Mimar Sinan\u2019\u0131n en iyi eseri olarak kabul edilen Selimiye Camii\u2019nin neden Edirne\u2019ye yap\u0131ld\u0131\u011f\u0131 konusunda bir\u00e7ok rivayet olsa da camiinin burada yap\u0131lmas\u0131n\u0131n o d\u00f6nemde \u0130stanbul\u2019da b\u00fcy\u00fck bir camiye ihtiya\u00e7 olmamas\u0131 olarak a\u00e7\u0131klan\u0131yor. Edirne\u2019nin Rumeli\u2019deki Osmanl\u0131 egemenli\u011finin merkezi konumunda olmas\u0131 ve Selim\u2019in \u015fehre gen\u00e7lik y\u0131llar\u0131ndan beri besledi\u011fi sevgi de bu \u00f6zel caminin burada yap\u0131lmas\u0131n\u0131n ba\u015fl\u0131ca sebeplerinden. Eski Camii ise Emir S\u00fcleyman \u00c7elebi\u2019nin iste\u011fi ile 1403 y\u0131l\u0131nda yap\u0131m\u0131na ba\u015flan\u0131lm\u0131\u015f, II.Murat d\u00f6neminde Hac\u0131 Bayram Veli\u2019nin camiye gelmesi ve vaaz vermesi sebebi ile olduk\u00e7a \u00f6nemli. Hac\u0131 Bayram Veli\u2019ye olan sayg\u0131 nedeniyle g\u00fcn\u00fcm\u00fczde bile halen vaaz k\u00fcrs\u00fcs\u00fc, imamlar taraf\u0131ndan kullan\u0131lm\u0131yor. Yazma Eserleri M\u00fczesi ziyaretimiz sonras\u0131 \u00f6\u011fle yeme\u011fi i\u00e7in Osman Usta\u2019ya gidiyorsunuz. Yemek sonras\u0131 d\u00f6n\u00fc\u015f i\u00e7in \u0130stanbul\u2019a do\u011fru yola \u00e7\u0131k\u0131yorsunuz.<\/p>\n<p><strong>\u00dccret Bilgileri<\/strong><\/p>\n<ul>\n<li>\u0130ki Ki\u015filik Oda\u2019da Ki\u015fi Ba\u015f\u0131 \u00dccret: 800 TL<\/li>\n<li>Tek Ki\u015filik Oda\u2019da Konaklama Fark\u0131: 100 TL<\/li>\n<\/ul>\n<p><strong>\u00dccrete Dahil Olan Hizmetler<\/strong><\/p>\n<ul>\n<li>Mihran Han\u0131m Kona\u011f\u0131\u2019nda kahvalt\u0131 dahil, 1 gece konaklama<\/li>\n<li>1 ak\u015fam yeme\u011fi<\/li>\n<li>2 \u00f6\u011fle yeme\u011fi<\/li>\n<li>Belirlenen yerlerde \u00e7ay\/ kahve ikramlar\u0131<\/li>\n<li>T\u00fcm m\u00fcze ve \u00f6ren yeri giri\u015f \u00fccretleri<\/li>\n<li>Ali Canip Olgunlu taraf\u0131ndan verilecek olan rehberlik ve seminer<\/li>\n<\/ul>\n<p><strong>\u00a0\u00dccrete Dahil Olmayan Hizmetler<\/strong><\/p>\n<ul>\n<li>\u00a0Alkoll\u00fc \u2013 alkols\u00fcz t\u00fcm me\u015frubatlar<\/li>\n<\/ul>\n<p><strong>Mihran Han\u0131m Kona\u011f\u0131<\/strong><\/p>\n<p style=\"text-align: center;\"><strong><img loading=\"lazy\" decoding=\"async\" class=\"alignnone size-full wp-image-5852\" src=\"https:\/\/www.julesverne.com.tr\/\/wp-content\/uploads\/2020\/09\/konak-2.jpg\" alt=\"\" width=\"740\" height=\"465\" srcset=\"https:\/\/julesverne.com.tr\/wp-content\/uploads\/2020\/09\/konak-2.jpg 740w, https:\/\/julesverne.com.tr\/wp-content\/uploads\/2020\/09\/konak-2-500x314.jpg 500w\" sizes=\"(max-width: 740px) 100vw, 740px\" \/><\/strong><\/p>\n<p>Kalei\u00e7i semtinde 20.y\u00fczy\u0131l ba\u015f\u0131nda in\u015fa edilen Mihran Han\u0131m Kona\u011f\u0131, Edirne tarihi mimarisinin en g\u00fczel \u00f6rneklerinden biri. Ba\u015far\u0131l\u0131 restorasyonu ile \u00a0Avrupa&#8217;n\u0131n en prestijli korumac\u0131l\u0131k \u00f6d\u00fcllerinden birine lay\u0131k g\u00f6r\u00fclen konak \u00fc\u00e7 katl\u0131, bah\u00e7eli ve cihann\u00fcmal\u0131 bir mimari yap\u0131. 10 odas\u0131 bulunan otelde Osmanl\u0131 mimarisinden izler g\u00f6receksiniz. Edirne konaklar\u0131na \u00f6zg\u00fc bir \u00f6zellik olan, giri\u015fin solunda konuklar\u0131n a\u011f\u0131rland\u0131\u011f\u0131 \u201chas oda\u201d g\u00f6steri\u015fli tavan s\u00fcslemeleriyle Edirne\u2019de tek \u00f6rnek olan Mihran Han\u0131m Kona\u011f\u0131 \u015fehir ruhunu ya\u015famaki\u00e7in en g\u00fczel otel.<\/p>\n<p>&nbsp;<\/p>\n<p style=\"text-align: center;\"><strong>Daha detayl\u0131 bilgi i\u00e7in:<\/strong><br \/>\n<strong>travel@julesverne.com.tr<\/strong><br \/>\n<strong>0212 266 6363 &#8211; 137<\/strong><\/p>\n<p>&nbsp;<\/p>\n","protected":false},"excerpt":{"rendered":"<p>Osmanl\u0131 Tarihi&rsquo;nin izinde Edirne&rsquo;yi Ali Canip Olgunlu&rsquo;nun masals\u0131 anlat\u0131m\u0131yla ya\u015famaya haz\u0131r olun!&nbsp;7-8 May\u0131s tarihlerinde ger&ccedil;ekle\u015fecek olan bu keyifli gezide \u015fehri Ali Canip Olgunlu ile bir turist gibi de\u011fil de yerlisi gibi ke\u015ffetme \u015fans\u0131n\u0131 bulacaks\u0131n\u0131z. Osmanl\u0131 mimarisinin b&uuml;y&uuml;leyici yap\u0131lar\u0131n\u0131 gezerken \u015fehrin dokusunu hissedecek; Edirne k&uuml;lt&uuml;r&uuml;n&uuml; yak\u0131ndan tan\u0131yacaks\u0131n\u0131z.&nbsp;<\/p>\n","protected":false},"author":1,"featured_media":107,"comment_status":"closed","ping_status":"closed","sticky":false,"template":"","format":"standard","meta":{"inline_featured_image":false,"footnotes":""},"categories":[1],"tags":[],"acf":[],"yoast_head":"<!-- This site is optimized with the Yoast SEO plugin v22.3 - https:\/\/yoast.com\/wordpress\/plugins\/seo\/ -->\n<title>Ali Canip Olgunlu ile Osmanl\u0131 Tarihi&#039;nin \u0130zinde Edirne... (7-8 May\u0131s 2017) - JULES VERNE BUSINESS MICE TRAVEL<\/title>\n<meta name=\"robots\" content=\"index, follow, max-snippet:-1, max-image-preview:large, max-video-preview:-1\" \/>\n<link rel=\"canonical\" href=\"https:\/\/julesverne.com.tr\/travel-blog\/ali-canip-olgunlu-ile-osmanli-tarihinin-izinde-edirne-7-8-mayis-2017\/\" \/>\n<meta property=\"og:locale\" content=\"en_US\" \/>\n<meta property=\"og:type\" content=\"article\" \/>\n<meta property=\"og:title\" content=\"Ali Canip Olgunlu ile Osmanl\u0131 Tarihi&#039;nin \u0130zinde Edirne... (7-8 May\u0131s 2017) - JULES VERNE BUSINESS MICE TRAVEL\" \/>\n<meta property=\"og:description\" content=\"Osmanl\u0131 Tarihi&rsquo;nin izinde Edirne&rsquo;yi Ali Canip Olgunlu&rsquo;nun masals\u0131 anlat\u0131m\u0131yla ya\u015famaya haz\u0131r olun!&nbsp;7-8 May\u0131s tarihlerinde ger&ccedil;ekle\u015fecek olan bu keyifli gezide \u015fehri Ali Canip Olgunlu ile bir turist gibi de\u011fil de yerlisi gibi ke\u015ffetme \u015fans\u0131n\u0131 bulacaks\u0131n\u0131z. Osmanl\u0131 mimarisinin b&uuml;y&uuml;leyici yap\u0131lar\u0131n\u0131 gezerken \u015fehrin dokusunu hissedecek; Edirne k&uuml;lt&uuml;r&uuml;n&uuml; yak\u0131ndan tan\u0131yacaks\u0131n\u0131z.&nbsp;\" \/>\n<meta property=\"og:url\" content=\"https:\/\/julesverne.com.tr\/travel-blog\/ali-canip-olgunlu-ile-osmanli-tarihinin-izinde-edirne-7-8-mayis-2017\/\" \/>\n<meta property=\"og:site_name\" content=\"JULES VERNE BUSINESS MICE TRAVEL\" \/>\n<meta property=\"article:publisher\" content=\"https:\/\/www.facebook.com\/JulesVerneBusinessMiceTravel\/\" \/>\n<meta property=\"article:published_time\" content=\"2017-04-28T08:09:17+00:00\" \/>\n<meta property=\"article:modified_time\" content=\"2021-09-13T08:52:48+00:00\" \/>\n<meta property=\"og:image\" content=\"https:\/\/julesverne.com.tr\/wp-content\/uploads\/2020\/06\/home-news-image-02.jpg\" \/>\n\t<meta property=\"og:image:width\" content=\"520\" \/>\n\t<meta property=\"og:image:height\" content=\"333\" \/>\n\t<meta property=\"og:image:type\" content=\"image\/jpeg\" \/>\n<meta name=\"author\" content=\"fikirman\" \/>\n<meta name=\"twitter:card\" content=\"summary_large_image\" \/>\n<meta name=\"twitter:creator\" content=\"@JV_BusinessMice\" \/>\n<meta name=\"twitter:site\" content=\"@JV_BusinessMice\" \/>\n<meta name=\"twitter:label1\" content=\"Written by\" \/>\n\t<meta name=\"twitter:data1\" content=\"fikirman\" \/>\n\t<meta name=\"twitter:label2\" content=\"Est. reading time\" \/>\n\t<meta name=\"twitter:data2\" content=\"4 minutes\" \/>\n<script type=\"application\/ld+json\" class=\"yoast-schema-graph\">{\"@context\":\"https:\/\/schema.org\",\"@graph\":[{\"@type\":\"Article\",\"@id\":\"https:\/\/julesverne.com.tr\/travel-blog\/ali-canip-olgunlu-ile-osmanli-tarihinin-izinde-edirne-7-8-mayis-2017\/#article\",\"isPartOf\":{\"@id\":\"https:\/\/julesverne.com.tr\/travel-blog\/ali-canip-olgunlu-ile-osmanli-tarihinin-izinde-edirne-7-8-mayis-2017\/\"},\"author\":{\"name\":\"fikirman\",\"@id\":\"https:\/\/julesverne.com.tr\/#\/schema\/person\/f4eb0514ae455538644c31b99a466fdb\"},\"headline\":\"Ali Canip Olgunlu ile Osmanl\u0131 Tarihi&#8217;nin \u0130zinde Edirne&#8230; (7-8 May\u0131s 2017)\",\"datePublished\":\"2017-04-28T08:09:17+00:00\",\"dateModified\":\"2021-09-13T08:52:48+00:00\",\"mainEntityOfPage\":{\"@id\":\"https:\/\/julesverne.com.tr\/travel-blog\/ali-canip-olgunlu-ile-osmanli-tarihinin-izinde-edirne-7-8-mayis-2017\/\"},\"wordCount\":762,\"publisher\":{\"@id\":\"https:\/\/julesverne.com.tr\/#organization\"},\"image\":{\"@id\":\"https:\/\/julesverne.com.tr\/travel-blog\/ali-canip-olgunlu-ile-osmanli-tarihinin-izinde-edirne-7-8-mayis-2017\/#primaryimage\"},\"thumbnailUrl\":\"https:\/\/julesverne.com.tr\/wp-content\/uploads\/2020\/06\/home-news-image-02.jpg\",\"articleSection\":[\"Blog\"],\"inLanguage\":\"en-US\"},{\"@type\":\"WebPage\",\"@id\":\"https:\/\/julesverne.com.tr\/travel-blog\/ali-canip-olgunlu-ile-osmanli-tarihinin-izinde-edirne-7-8-mayis-2017\/\",\"url\":\"https:\/\/julesverne.com.tr\/travel-blog\/ali-canip-olgunlu-ile-osmanli-tarihinin-izinde-edirne-7-8-mayis-2017\/\",\"name\":\"Ali Canip Olgunlu ile Osmanl\u0131 Tarihi'nin \u0130zinde Edirne... (7-8 May\u0131s 2017) - JULES VERNE BUSINESS MICE TRAVEL\",\"isPartOf\":{\"@id\":\"https:\/\/julesverne.com.tr\/#website\"},\"primaryImageOfPage\":{\"@id\":\"https:\/\/julesverne.com.tr\/travel-blog\/ali-canip-olgunlu-ile-osmanli-tarihinin-izinde-edirne-7-8-mayis-2017\/#primaryimage\"},\"image\":{\"@id\":\"https:\/\/julesverne.com.tr\/travel-blog\/ali-canip-olgunlu-ile-osmanli-tarihinin-izinde-edirne-7-8-mayis-2017\/#primaryimage\"},\"thumbnailUrl\":\"https:\/\/julesverne.com.tr\/wp-content\/uploads\/2020\/06\/home-news-image-02.jpg\",\"datePublished\":\"2017-04-28T08:09:17+00:00\",\"dateModified\":\"2021-09-13T08:52:48+00:00\",\"breadcrumb\":{\"@id\":\"https:\/\/julesverne.com.tr\/travel-blog\/ali-canip-olgunlu-ile-osmanli-tarihinin-izinde-edirne-7-8-mayis-2017\/#breadcrumb\"},\"inLanguage\":\"en-US\",\"potentialAction\":[{\"@type\":\"ReadAction\",\"target\":[\"https:\/\/julesverne.com.tr\/travel-blog\/ali-canip-olgunlu-ile-osmanli-tarihinin-izinde-edirne-7-8-mayis-2017\/\"]}]},{\"@type\":\"ImageObject\",\"inLanguage\":\"en-US\",\"@id\":\"https:\/\/julesverne.com.tr\/travel-blog\/ali-canip-olgunlu-ile-osmanli-tarihinin-izinde-edirne-7-8-mayis-2017\/#primaryimage\",\"url\":\"https:\/\/julesverne.com.tr\/wp-content\/uploads\/2020\/06\/home-news-image-02.jpg\",\"contentUrl\":\"https:\/\/julesverne.com.tr\/wp-content\/uploads\/2020\/06\/home-news-image-02.jpg\",\"width\":520,\"height\":333},{\"@type\":\"BreadcrumbList\",\"@id\":\"https:\/\/julesverne.com.tr\/travel-blog\/ali-canip-olgunlu-ile-osmanli-tarihinin-izinde-edirne-7-8-mayis-2017\/#breadcrumb\",\"itemListElement\":[{\"@type\":\"ListItem\",\"position\":1,\"name\":\"Anasayfa\",\"item\":\"https:\/\/julesverne.com.tr\/\"},{\"@type\":\"ListItem\",\"position\":2,\"name\":\"Ali Canip Olgunlu ile Osmanl\u0131 Tarihi&#8217;nin \u0130zinde Edirne&#8230; (7-8 May\u0131s 2017)\"}]},{\"@type\":\"WebSite\",\"@id\":\"https:\/\/julesverne.com.tr\/#website\",\"url\":\"https:\/\/julesverne.com.tr\/\",\"name\":\"JULES VERNE BUSINESS MICE TRAVEL\",\"description\":\"\",\"publisher\":{\"@id\":\"https:\/\/julesverne.com.tr\/#organization\"},\"potentialAction\":[{\"@type\":\"SearchAction\",\"target\":{\"@type\":\"EntryPoint\",\"urlTemplate\":\"https:\/\/julesverne.com.tr\/?s={search_term_string}\"},\"query-input\":\"required name=search_term_string\"}],\"inLanguage\":\"en-US\"},{\"@type\":\"Organization\",\"@id\":\"https:\/\/julesverne.com.tr\/#organization\",\"name\":\"JULES VERNE BUSINESS MICE TRAVEL\",\"url\":\"https:\/\/julesverne.com.tr\/\",\"logo\":{\"@type\":\"ImageObject\",\"inLanguage\":\"en-US\",\"@id\":\"https:\/\/julesverne.com.tr\/#\/schema\/logo\/image\/\",\"url\":\"https:\/\/julesverne.com.tr\/wp-content\/uploads\/2020\/09\/jv-bmt-logo.png\",\"contentUrl\":\"https:\/\/julesverne.com.tr\/wp-content\/uploads\/2020\/09\/jv-bmt-logo.png\",\"width\":110,\"height\":81,\"caption\":\"JULES VERNE BUSINESS MICE TRAVEL\"},\"image\":{\"@id\":\"https:\/\/julesverne.com.tr\/#\/schema\/logo\/image\/\"},\"sameAs\":[\"https:\/\/www.facebook.com\/JulesVerneBusinessMiceTravel\/\",\"https:\/\/twitter.com\/JV_BusinessMice\",\"https:\/\/www.instagram.com\/julesvernebusinessmicetravel\/\",\"https:\/\/www.linkedin.com\/company\/julesvernebusinessmicetravel\/\",\"https:\/\/www.youtube.com\/channel\/UCAwdsmbZ6tFhu1tea6pkpiw\"]},{\"@type\":\"Person\",\"@id\":\"https:\/\/julesverne.com.tr\/#\/schema\/person\/f4eb0514ae455538644c31b99a466fdb\",\"name\":\"fikirman\",\"sameAs\":[\"http:\/\/advermedya.net\/julesverne\"],\"url\":\"https:\/\/julesverne.com.tr\/en\/author\/fikirman\/\"}]}<\/script>\n<!-- \/ Yoast SEO plugin. -->","yoast_head_json":{"title":"Ali Canip Olgunlu ile Osmanl\u0131 Tarihi'nin \u0130zinde Edirne... (7-8 May\u0131s 2017) - JULES VERNE BUSINESS MICE TRAVEL","robots":{"index":"index","follow":"follow","max-snippet":"max-snippet:-1","max-image-preview":"max-image-preview:large","max-video-preview":"max-video-preview:-1"},"canonical":"https:\/\/julesverne.com.tr\/travel-blog\/ali-canip-olgunlu-ile-osmanli-tarihinin-izinde-edirne-7-8-mayis-2017\/","og_locale":"en_US","og_type":"article","og_title":"Ali Canip Olgunlu ile Osmanl\u0131 Tarihi'nin \u0130zinde Edirne... (7-8 May\u0131s 2017) - JULES VERNE BUSINESS MICE TRAVEL","og_description":"Osmanl\u0131 Tarihi&rsquo;nin izinde Edirne&rsquo;yi Ali Canip Olgunlu&rsquo;nun masals\u0131 anlat\u0131m\u0131yla ya\u015famaya haz\u0131r olun!&nbsp;7-8 May\u0131s tarihlerinde ger&ccedil;ekle\u015fecek olan bu keyifli gezide \u015fehri Ali Canip Olgunlu ile bir turist gibi de\u011fil de yerlisi gibi ke\u015ffetme \u015fans\u0131n\u0131 bulacaks\u0131n\u0131z. Osmanl\u0131 mimarisinin b&uuml;y&uuml;leyici yap\u0131lar\u0131n\u0131 gezerken \u015fehrin dokusunu hissedecek; Edirne k&uuml;lt&uuml;r&uuml;n&uuml; yak\u0131ndan tan\u0131yacaks\u0131n\u0131z.&nbsp;","og_url":"https:\/\/julesverne.com.tr\/travel-blog\/ali-canip-olgunlu-ile-osmanli-tarihinin-izinde-edirne-7-8-mayis-2017\/","og_site_name":"JULES VERNE BUSINESS MICE TRAVEL","article_publisher":"https:\/\/www.facebook.com\/JulesVerneBusinessMiceTravel\/","article_published_time":"2017-04-28T08:09:17+00:00","article_modified_time":"2021-09-13T08:52:48+00:00","og_image":[{"width":520,"height":333,"url":"https:\/\/julesverne.com.tr\/wp-content\/uploads\/2020\/06\/home-news-image-02.jpg","type":"image\/jpeg"}],"author":"fikirman","twitter_card":"summary_large_image","twitter_creator":"@JV_BusinessMice","twitter_site":"@JV_BusinessMice","twitter_misc":{"Written by":"fikirman","Est. reading time":"4 minutes"},"schema":{"@context":"https:\/\/schema.org","@graph":[{"@type":"Article","@id":"https:\/\/julesverne.com.tr\/travel-blog\/ali-canip-olgunlu-ile-osmanli-tarihinin-izinde-edirne-7-8-mayis-2017\/#article","isPartOf":{"@id":"https:\/\/julesverne.com.tr\/travel-blog\/ali-canip-olgunlu-ile-osmanli-tarihinin-izinde-edirne-7-8-mayis-2017\/"},"author":{"name":"fikirman","@id":"https:\/\/julesverne.com.tr\/#\/schema\/person\/f4eb0514ae455538644c31b99a466fdb"},"headline":"Ali Canip Olgunlu ile Osmanl\u0131 Tarihi&#8217;nin \u0130zinde Edirne&#8230; (7-8 May\u0131s 2017)","datePublished":"2017-04-28T08:09:17+00:00","dateModified":"2021-09-13T08:52:48+00:00","mainEntityOfPage":{"@id":"https:\/\/julesverne.com.tr\/travel-blog\/ali-canip-olgunlu-ile-osmanli-tarihinin-izinde-edirne-7-8-mayis-2017\/"},"wordCount":762,"publisher":{"@id":"https:\/\/julesverne.com.tr\/#organization"},"image":{"@id":"https:\/\/julesverne.com.tr\/travel-blog\/ali-canip-olgunlu-ile-osmanli-tarihinin-izinde-edirne-7-8-mayis-2017\/#primaryimage"},"thumbnailUrl":"https:\/\/julesverne.com.tr\/wp-content\/uploads\/2020\/06\/home-news-image-02.jpg","articleSection":["Blog"],"inLanguage":"en-US"},{"@type":"WebPage","@id":"https:\/\/julesverne.com.tr\/travel-blog\/ali-canip-olgunlu-ile-osmanli-tarihinin-izinde-edirne-7-8-mayis-2017\/","url":"https:\/\/julesverne.com.tr\/travel-blog\/ali-canip-olgunlu-ile-osmanli-tarihinin-izinde-edirne-7-8-mayis-2017\/","name":"Ali Canip Olgunlu ile Osmanl\u0131 Tarihi'nin \u0130zinde Edirne... (7-8 May\u0131s 2017) - JULES VERNE BUSINESS MICE TRAVEL","isPartOf":{"@id":"https:\/\/julesverne.com.tr\/#website"},"primaryImageOfPage":{"@id":"https:\/\/julesverne.com.tr\/travel-blog\/ali-canip-olgunlu-ile-osmanli-tarihinin-izinde-edirne-7-8-mayis-2017\/#primaryimage"},"image":{"@id":"https:\/\/julesverne.com.tr\/travel-blog\/ali-canip-olgunlu-ile-osmanli-tarihinin-izinde-edirne-7-8-mayis-2017\/#primaryimage"},"thumbnailUrl":"https:\/\/julesverne.com.tr\/wp-content\/uploads\/2020\/06\/home-news-image-02.jpg","datePublished":"2017-04-28T08:09:17+00:00","dateModified":"2021-09-13T08:52:48+00:00","breadcrumb":{"@id":"https:\/\/julesverne.com.tr\/travel-blog\/ali-canip-olgunlu-ile-osmanli-tarihinin-izinde-edirne-7-8-mayis-2017\/#breadcrumb"},"inLanguage":"en-US","potentialAction":[{"@type":"ReadAction","target":["https:\/\/julesverne.com.tr\/travel-blog\/ali-canip-olgunlu-ile-osmanli-tarihinin-izinde-edirne-7-8-mayis-2017\/"]}]},{"@type":"ImageObject","inLanguage":"en-US","@id":"https:\/\/julesverne.com.tr\/travel-blog\/ali-canip-olgunlu-ile-osmanli-tarihinin-izinde-edirne-7-8-mayis-2017\/#primaryimage","url":"https:\/\/julesverne.com.tr\/wp-content\/uploads\/2020\/06\/home-news-image-02.jpg","contentUrl":"https:\/\/julesverne.com.tr\/wp-content\/uploads\/2020\/06\/home-news-image-02.jpg","width":520,"height":333},{"@type":"BreadcrumbList","@id":"https:\/\/julesverne.com.tr\/travel-blog\/ali-canip-olgunlu-ile-osmanli-tarihinin-izinde-edirne-7-8-mayis-2017\/#breadcrumb","itemListElement":[{"@type":"ListItem","position":1,"name":"Anasayfa","item":"https:\/\/julesverne.com.tr\/"},{"@type":"ListItem","position":2,"name":"Ali Canip Olgunlu ile Osmanl\u0131 Tarihi&#8217;nin \u0130zinde Edirne&#8230; (7-8 May\u0131s 2017)"}]},{"@type":"WebSite","@id":"https:\/\/julesverne.com.tr\/#website","url":"https:\/\/julesverne.com.tr\/","name":"JULES VERNE BUSINESS MICE TRAVEL","description":"","publisher":{"@id":"https:\/\/julesverne.com.tr\/#organization"},"potentialAction":[{"@type":"SearchAction","target":{"@type":"EntryPoint","urlTemplate":"https:\/\/julesverne.com.tr\/?s={search_term_string}"},"query-input":"required name=search_term_string"}],"inLanguage":"en-US"},{"@type":"Organization","@id":"https:\/\/julesverne.com.tr\/#organization","name":"JULES VERNE BUSINESS MICE TRAVEL","url":"https:\/\/julesverne.com.tr\/","logo":{"@type":"ImageObject","inLanguage":"en-US","@id":"https:\/\/julesverne.com.tr\/#\/schema\/logo\/image\/","url":"https:\/\/julesverne.com.tr\/wp-content\/uploads\/2020\/09\/jv-bmt-logo.png","contentUrl":"https:\/\/julesverne.com.tr\/wp-content\/uploads\/2020\/09\/jv-bmt-logo.png","width":110,"height":81,"caption":"JULES VERNE BUSINESS MICE TRAVEL"},"image":{"@id":"https:\/\/julesverne.com.tr\/#\/schema\/logo\/image\/"},"sameAs":["https:\/\/www.facebook.com\/JulesVerneBusinessMiceTravel\/","https:\/\/twitter.com\/JV_BusinessMice","https:\/\/www.instagram.com\/julesvernebusinessmicetravel\/","https:\/\/www.linkedin.com\/company\/julesvernebusinessmicetravel\/","https:\/\/www.youtube.com\/channel\/UCAwdsmbZ6tFhu1tea6pkpiw"]},{"@type":"Person","@id":"https:\/\/julesverne.com.tr\/#\/schema\/person\/f4eb0514ae455538644c31b99a466fdb","name":"fikirman","sameAs":["http:\/\/advermedya.net\/julesverne"],"url":"https:\/\/julesverne.com.tr\/en\/author\/fikirman\/"}]}},"_links":{"self":[{"href":"https:\/\/julesverne.com.tr\/en\/wp-json\/wp\/v2\/posts\/1725"}],"collection":[{"href":"https:\/\/julesverne.com.tr\/en\/wp-json\/wp\/v2\/posts"}],"about":[{"href":"https:\/\/julesverne.com.tr\/en\/wp-json\/wp\/v2\/types\/post"}],"author":[{"embeddable":true,"href":"https:\/\/julesverne.com.tr\/en\/wp-json\/wp\/v2\/users\/1"}],"replies":[{"embeddable":true,"href":"https:\/\/julesverne.com.tr\/en\/wp-json\/wp\/v2\/comments?post=1725"}],"version-history":[{"count":0,"href":"https:\/\/julesverne.com.tr\/en\/wp-json\/wp\/v2\/posts\/1725\/revisions"}],"wp:featuredmedia":[{"embeddable":true,"href":"https:\/\/julesverne.com.tr\/en\/wp-json\/wp\/v2\/media\/107"}],"wp:attachment":[{"href":"https:\/\/julesverne.com.tr\/en\/wp-json\/wp\/v2\/media?parent=1725"}],"wp:term":[{"taxonomy":"category","embeddable":true,"href":"https:\/\/julesverne.com.tr\/en\/wp-json\/wp\/v2\/categories?post=1725"},{"taxonomy":"post_tag","embeddable":true,"href":"https:\/\/julesverne.com.tr\/en\/wp-json\/wp\/v2\/tags?post=1725"}],"curies":[{"name":"wp","href":"https:\/\/api.w.org\/{rel}","templated":true}]}}